{"id":8150,"date":"2020-09-17T13:56:50","date_gmt":"2020-09-17T13:56:50","guid":{"rendered":"https:\/\/www.11onze.cat\/news\/natalia-cuguero-es-lescollida-per-portar-la-direccio-general-del-banc-11onze\/"},"modified":"2021-05-19T10:18:44","modified_gmt":"2021-05-19T08:18:44","slug":"natalia-cuguero-directora-general-11onze","status":"publish","type":"post","link":"https:\/\/www.11onze.cat\/es\/magazine\/natalia-cuguero-directora-general-11onze\/","title":{"rendered":"Nat\u00e0lia Cuguer\u00f3 es la escogida para llevar la direcci\u00f3n general del banco 11Onze"},"content":{"rendered":"<div class=\"component text\">\n  <div class=\"container\">\n\n\n    <div class=\"row\">\n      <div class=\"col  col-lg-8  offset-lg-2\">\n        <p><span style=\"font-weight: 400;\"><strong>Nat\u00e0lia Cuguer\u00f3<\/strong> (Terrassa, 1972) es doctora en Management por el IESE, ingeniera industrial por la UPC y licenciada en derecho por la UOC. Fundadora de Getapartner, empresa de asesoramiento empresarial especializada en startups. Tambi\u00e9n es profesora de Econom\u00eda y Empresa en la Universitat Oberta de Catalunya. Hace investigaci\u00f3n en temas de sistemas de control de gesti\u00f3n y \u00e9tica. Actualmente se encuentra en el comit\u00e9 ejecutivo de la C\u00e1mara de Comercio de Terrassa, donde ocupa una de las vicepresidencias. Cuenta con experiencia previa en el \u00e1mbito de las cajas de ahorros catalanas, en el departamento de organizaci\u00f3n de Caixa Terrassa y\u00a0 en el departamento de marketing de Caixa Manresa.<\/span><\/p>\n<p><i><span style=\"font-weight: 400;\">Hemos preguntado a la CRO (Chief Revenue Officer) por qu\u00e9 raz\u00f3n acept\u00f3 este reto, y nos respondi\u00f3:<\/span><\/i><\/p>\n\n      <\/div>\n    <\/div>\n  <\/div>\n<\/div>\n\n\n<div class=\"component quote\">\n  <div class=\"container\">\n    <div class=\"row\">\n      <div class=\"quote__content col col-lg-8 offset-lg-2\">\n        <div class=\"quote__content__img\">\n          <img decoding=\"async\" src=\"https:\/\/www.11onze.cat\/wp-content\/uploads\/2021\/04\/Captura-de-pantalla-2021-04-21-a-las-17.06.26.png\" alt=\"\">\n        <\/div>\n        <div class=\"quote__wrapper\">\n          <div class=\"row\">\n            <div class=\"col col-lg-10 offset-lg-1\">\n              <blockquote>\n                <p><span style=\"font-weight: 400;\">\u00abMi motivaci\u00f3n para participar en este proyecto desde su inicio es por varias razones. Antes que nada, por el hecho que puedo incidir en la contrataci\u00f3n del equipo profesional y trabajar directamente con estas personas en la implementaci\u00f3n y desarrollo del producto. En segundo lugar, porque <\/span><i><span style=\"font-weight: 400;\">onze<\/span><\/i><span style=\"font-weight: 400;\"> est\u00e1 muy enfocado a las peque\u00f1as y medianas empresas, y a ofrecerles servicios innovadores en temas de contabilidad, gesti\u00f3n de la tesorer\u00eda y financiaci\u00f3n. En este sentido, mi experiencia con las pymes hace que pueda aportar mis conocimientos reales para desarrollarlos para que realmente sean efectivos, es decir, funcionen.<\/span><\/p>\n<p><span style=\"font-weight: 400;\">Respecto a las motivaciones generales para el proyecto, una de las principales es que se basa en la \u00e9tica de los hechos. Por ejemplo, la paridad es real, y no basada en imposiciones ni normativas, sino al reconocer que la paridad es algo natural, que cuando no pasa, es debido a que no se ha buscado suficientemente el talento femenino. La estructura organizativa de los fundadores (UXI) se basa en la paridad y la misma estructura del banco, donde existen el CRO (que defiende los intereses de los clientes) y lo CEO (que defiende los intereses de los accionistas), a un mismo nivel, y uno es una mujer y el otro un hombre. En este sentido, esta estructura de doble CEO, al mismo nivel y con total paridad, no la hab\u00eda visto nunca planteada de manera real, y por lo tanto me motiva especialmente\u00bb.<\/span><\/p>\n\n                <span class=\"quote__content__author\">Nat\u00e0lia Cuguer\u00f3, CRO<\/span>\n              <\/blockquote>\n            <\/div>\n          <\/div>\n        <\/div>\n      <\/div>\n    <\/div>\n  <\/div>\n<\/div>\n\n<div class=\"component text\">\n  <div class=\"container\">\n\n\n    <div class=\"row\">\n      <div class=\"col  col-lg-8  offset-lg-2\">\n        <p><img loading=\"lazy\" decoding=\"async\" class=\"alignnone size-medium wp-image-6951\" src=\"https:\/\/comunitat.11onze.cat\/wp-content\/uploads\/2020\/09\/l-organigrama-els-ciments-de-labanca-800x487.jpg\" alt=\"l-organigrama-els-ciments-de-labanca\" width=\"800\" height=\"487\" srcset=\"https:\/\/www.11onze.cat\/wp-content\/uploads\/2020\/09\/l-organigrama-els-ciments-de-labanca-800x487.jpg 800w, https:\/\/www.11onze.cat\/wp-content\/uploads\/2020\/09\/l-organigrama-els-ciments-de-labanca-768x467.jpg 768w, https:\/\/www.11onze.cat\/wp-content\/uploads\/2020\/09\/l-organigrama-els-ciments-de-labanca.jpg 1200w\" sizes=\"auto, (max-width: 800px) 100vw, 800px\" \/><\/p>\n\n      <\/div>\n    <\/div>\n  <\/div>\n<\/div>\n","protected":false},"excerpt":{"rendered":"","protected":false},"author":71,"featured_media":6901,"comment_status":"open","ping_status":"closed","sticky":false,"template":"","format":"standard","meta":{"_acf_changed":false,"content-type":"","footnotes":""},"categories":[28],"tags":[189],"class_list":["post-8150","post","type-post","status-publish","format-standard","has-post-thumbnail","hentry","category-sin-categorizar","tag-11onze-es"],"acf":[],"yoast_head":"<!-- This site is optimized with the Yoast SEO plugin v27.5 - https:\/\/yoast.com\/product\/yoast-seo-wordpress\/ -->\n<title>Nat\u00e0lia Cuger\u00f3, escogida directora general - 11ONZE<\/title>\n<meta name=\"description\" content=\"Nat\u00e0lia Cuger\u00f3, doctora en management, ingeniera industrial y licenciada en derecho, escogida directora general de 11ONZE.\" \/>\n<meta name=\"robots\" content=\"index, follow, max-snippet:-1, max-image-preview:large, max-video-preview:-1\" \/>\n<link rel=\"canonical\" href=\"https:\/\/www.11onze.cat\/es\/magazine\/natalia-cuguero-directora-general-11onze\/\" \/>\n<meta property=\"og:locale\" content=\"es_ES\" \/>\n<meta property=\"og:type\" content=\"article\" \/>\n<meta property=\"og:title\" content=\"Nat\u00e0lia Cuger\u00f3, escogida directora general - 11ONZE\" \/>\n<meta property=\"og:description\" content=\"Nat\u00e0lia Cuger\u00f3, doctora en management, ingeniera industrial y licenciada en derecho, escogida directora general de 11ONZE.\" \/>\n<meta property=\"og:url\" content=\"https:\/\/www.11onze.cat\/es\/magazine\/natalia-cuguero-directora-general-11onze\/\" \/>\n<meta property=\"og:site_name\" content=\"11Onze\" \/>\n<meta property=\"article:publisher\" content=\"https:\/\/www.facebook.com\/11OnzeComunitat\" \/>\n<meta property=\"article:published_time\" content=\"2020-09-17T13:56:50+00:00\" \/>\n<meta property=\"article:modified_time\" content=\"2021-05-19T08:18:44+00:00\" \/>\n<meta property=\"og:image\" content=\"https:\/\/www.11onze.cat\/wp-content\/uploads\/2021\/04\/THUMBNAIL_POST-Onze-pattern_IMAGE_INVERTIR-scaled.jpg\" \/>\n\t<meta property=\"og:image:width\" content=\"2560\" \/>\n\t<meta property=\"og:image:height\" content=\"1720\" \/>\n\t<meta property=\"og:image:type\" content=\"image\/jpeg\" \/>\n<meta name=\"author\" content=\"Equip Editorial\" \/>\n<meta name=\"twitter:card\" content=\"summary_large_image\" \/>\n<meta name=\"twitter:creator\" content=\"@11OnzeFintech\" \/>\n<meta name=\"twitter:site\" content=\"@11OnzeFintech\" \/>\n<meta name=\"twitter:label1\" content=\"Escrito por\" \/>\n\t<meta name=\"twitter:data1\" content=\"Equip Editorial\" \/>\n<script type=\"application\/ld+json\" class=\"yoast-schema-graph\">{\"@context\":\"https:\\\/\\\/schema.org\",\"@graph\":[{\"@type\":\"Article\",\"@id\":\"https:\\\/\\\/www.11onze.cat\\\/es\\\/magazine\\\/natalia-cuguero-directora-general-11onze\\\/#article\",\"isPartOf\":{\"@id\":\"https:\\\/\\\/www.11onze.cat\\\/es\\\/magazine\\\/natalia-cuguero-directora-general-11onze\\\/\"},\"author\":{\"name\":\"Equip Editorial\",\"@id\":\"https:\\\/\\\/www.11onze.cat\\\/es\\\/#\\\/schema\\\/person\\\/636d99b4c82bb7178687ecd43c3a61bd\"},\"headline\":\"Nat\u00e0lia Cuguer\u00f3 es la escogida para llevar la direcci\u00f3n general del banco 11Onze\",\"datePublished\":\"2020-09-17T13:56:50+00:00\",\"dateModified\":\"2021-05-19T08:18:44+00:00\",\"mainEntityOfPage\":{\"@id\":\"https:\\\/\\\/www.11onze.cat\\\/es\\\/magazine\\\/natalia-cuguero-directora-general-11onze\\\/\"},\"wordCount\":15,\"commentCount\":0,\"publisher\":{\"@id\":\"https:\\\/\\\/www.11onze.cat\\\/es\\\/#organization\"},\"image\":{\"@id\":\"https:\\\/\\\/www.11onze.cat\\\/es\\\/magazine\\\/natalia-cuguero-directora-general-11onze\\\/#primaryimage\"},\"thumbnailUrl\":\"https:\\\/\\\/www.11onze.cat\\\/wp-content\\\/uploads\\\/2021\\\/04\\\/THUMBNAIL_POST-Onze-pattern_IMAGE_INVERTIR-scaled.jpg\",\"keywords\":[\"11Onze\"],\"articleSection\":[\"Sin categorizar\"],\"inLanguage\":\"es\",\"potentialAction\":[{\"@type\":\"CommentAction\",\"name\":\"Comment\",\"target\":[\"https:\\\/\\\/www.11onze.cat\\\/es\\\/magazine\\\/natalia-cuguero-directora-general-11onze\\\/#respond\"]}]},{\"@type\":\"WebPage\",\"@id\":\"https:\\\/\\\/www.11onze.cat\\\/es\\\/magazine\\\/natalia-cuguero-directora-general-11onze\\\/\",\"url\":\"https:\\\/\\\/www.11onze.cat\\\/es\\\/magazine\\\/natalia-cuguero-directora-general-11onze\\\/\",\"name\":\"Nat\u00e0lia Cuger\u00f3, escogida directora general - 11ONZE\",\"isPartOf\":{\"@id\":\"https:\\\/\\\/www.11onze.cat\\\/es\\\/#website\"},\"primaryImageOfPage\":{\"@id\":\"https:\\\/\\\/www.11onze.cat\\\/es\\\/magazine\\\/natalia-cuguero-directora-general-11onze\\\/#primaryimage\"},\"image\":{\"@id\":\"https:\\\/\\\/www.11onze.cat\\\/es\\\/magazine\\\/natalia-cuguero-directora-general-11onze\\\/#primaryimage\"},\"thumbnailUrl\":\"https:\\\/\\\/www.11onze.cat\\\/wp-content\\\/uploads\\\/2021\\\/04\\\/THUMBNAIL_POST-Onze-pattern_IMAGE_INVERTIR-scaled.jpg\",\"datePublished\":\"2020-09-17T13:56:50+00:00\",\"dateModified\":\"2021-05-19T08:18:44+00:00\",\"description\":\"Nat\u00e0lia Cuger\u00f3, doctora en management, ingeniera industrial y licenciada en derecho, escogida directora general de 11ONZE.\",\"breadcrumb\":{\"@id\":\"https:\\\/\\\/www.11onze.cat\\\/es\\\/magazine\\\/natalia-cuguero-directora-general-11onze\\\/#breadcrumb\"},\"inLanguage\":\"es\",\"potentialAction\":[{\"@type\":\"ReadAction\",\"target\":[\"https:\\\/\\\/www.11onze.cat\\\/es\\\/magazine\\\/natalia-cuguero-directora-general-11onze\\\/\"]}]},{\"@type\":\"ImageObject\",\"inLanguage\":\"es\",\"@id\":\"https:\\\/\\\/www.11onze.cat\\\/es\\\/magazine\\\/natalia-cuguero-directora-general-11onze\\\/#primaryimage\",\"url\":\"https:\\\/\\\/www.11onze.cat\\\/wp-content\\\/uploads\\\/2021\\\/04\\\/THUMBNAIL_POST-Onze-pattern_IMAGE_INVERTIR-scaled.jpg\",\"contentUrl\":\"https:\\\/\\\/www.11onze.cat\\\/wp-content\\\/uploads\\\/2021\\\/04\\\/THUMBNAIL_POST-Onze-pattern_IMAGE_INVERTIR-scaled.jpg\",\"width\":2560,\"height\":1720,\"caption\":\"Onze11-patr\u00f3-gr\u00e0fic\"},{\"@type\":\"BreadcrumbList\",\"@id\":\"https:\\\/\\\/www.11onze.cat\\\/es\\\/magazine\\\/natalia-cuguero-directora-general-11onze\\\/#breadcrumb\",\"itemListElement\":[{\"@type\":\"ListItem\",\"position\":1,\"name\":\"Home\",\"item\":\"https:\\\/\\\/www.11onze.cat\\\/es\\\/\"},{\"@type\":\"ListItem\",\"position\":2,\"name\":\"Nat\u00e0lia Cuguer\u00f3 es la escogida para llevar la direcci\u00f3n general del banco 11Onze\"}]},{\"@type\":\"WebSite\",\"@id\":\"https:\\\/\\\/www.11onze.cat\\\/es\\\/#website\",\"url\":\"https:\\\/\\\/www.11onze.cat\\\/es\\\/\",\"name\":\"11Onze\",\"description\":\"Primera comunidad fintech digital en Catalu\u00f1a\",\"publisher\":{\"@id\":\"https:\\\/\\\/www.11onze.cat\\\/es\\\/#organization\"},\"potentialAction\":[{\"@type\":\"SearchAction\",\"target\":{\"@type\":\"EntryPoint\",\"urlTemplate\":\"https:\\\/\\\/www.11onze.cat\\\/es\\\/?s={search_term_string}\"},\"query-input\":{\"@type\":\"PropertyValueSpecification\",\"valueRequired\":true,\"valueName\":\"search_term_string\"}}],\"inLanguage\":\"es\"},{\"@type\":\"Organization\",\"@id\":\"https:\\\/\\\/www.11onze.cat\\\/es\\\/#organization\",\"name\":\"11Onze\",\"url\":\"https:\\\/\\\/www.11onze.cat\\\/es\\\/\",\"logo\":{\"@type\":\"ImageObject\",\"inLanguage\":\"es\",\"@id\":\"https:\\\/\\\/www.11onze.cat\\\/es\\\/#\\\/schema\\\/logo\\\/image\\\/\",\"url\":\"https:\\\/\\\/www.11onze.cat\\\/wp-content\\\/uploads\\\/2021\\\/04\\\/512x512-11Onze.jpg\",\"contentUrl\":\"https:\\\/\\\/www.11onze.cat\\\/wp-content\\\/uploads\\\/2021\\\/04\\\/512x512-11Onze.jpg\",\"width\":512,\"height\":512,\"caption\":\"11Onze\"},\"image\":{\"@id\":\"https:\\\/\\\/www.11onze.cat\\\/es\\\/#\\\/schema\\\/logo\\\/image\\\/\"},\"sameAs\":[\"https:\\\/\\\/www.facebook.com\\\/11OnzeComunitat\",\"https:\\\/\\\/x.com\\\/11OnzeFintech\",\"https:\\\/\\\/www.instagram.com\\\/11onzecat\\\/\",\"https:\\\/\\\/www.linkedin.com\\\/company\\\/11onzebanc\",\"https:\\\/\\\/www.youtube.com\\\/channel\\\/UCz63R8Byd_kBKtK2M4Qf_7w\"]},{\"@type\":\"Person\",\"@id\":\"https:\\\/\\\/www.11onze.cat\\\/es\\\/#\\\/schema\\\/person\\\/636d99b4c82bb7178687ecd43c3a61bd\",\"name\":\"Equip Editorial\",\"image\":{\"@type\":\"ImageObject\",\"inLanguage\":\"es\",\"@id\":\"https:\\\/\\\/www.11onze.cat\\\/wp-content\\\/uploads\\\/2022\\\/05\\\/HEADER_AGENTS_DECK-300x300.jpg\",\"url\":\"https:\\\/\\\/www.11onze.cat\\\/wp-content\\\/uploads\\\/2022\\\/05\\\/HEADER_AGENTS_DECK-300x300.jpg\",\"contentUrl\":\"https:\\\/\\\/www.11onze.cat\\\/wp-content\\\/uploads\\\/2022\\\/05\\\/HEADER_AGENTS_DECK-300x300.jpg\",\"caption\":\"Equip Editorial\"},\"url\":\"https:\\\/\\\/www.11onze.cat\\\/es\\\/magazine\\\/author\\\/equip-editorial-11onze\\\/\"}]}<\/script>\n<!-- \/ Yoast SEO plugin. -->","yoast_head_json":{"title":"Nat\u00e0lia Cuger\u00f3, escogida directora general - 11ONZE","description":"Nat\u00e0lia Cuger\u00f3, doctora en management, ingeniera industrial y licenciada en derecho, escogida directora general de 11ONZE.","robots":{"index":"index","follow":"follow","max-snippet":"max-snippet:-1","max-image-preview":"max-image-preview:large","max-video-preview":"max-video-preview:-1"},"canonical":"https:\/\/www.11onze.cat\/es\/magazine\/natalia-cuguero-directora-general-11onze\/","og_locale":"es_ES","og_type":"article","og_title":"Nat\u00e0lia Cuger\u00f3, escogida directora general - 11ONZE","og_description":"Nat\u00e0lia Cuger\u00f3, doctora en management, ingeniera industrial y licenciada en derecho, escogida directora general de 11ONZE.","og_url":"https:\/\/www.11onze.cat\/es\/magazine\/natalia-cuguero-directora-general-11onze\/","og_site_name":"11Onze","article_publisher":"https:\/\/www.facebook.com\/11OnzeComunitat","article_published_time":"2020-09-17T13:56:50+00:00","article_modified_time":"2021-05-19T08:18:44+00:00","og_image":[{"width":2560,"height":1720,"url":"https:\/\/www.11onze.cat\/wp-content\/uploads\/2021\/04\/THUMBNAIL_POST-Onze-pattern_IMAGE_INVERTIR-scaled.jpg","type":"image\/jpeg"}],"author":"Equip Editorial","twitter_card":"summary_large_image","twitter_creator":"@11OnzeFintech","twitter_site":"@11OnzeFintech","twitter_misc":{"Escrito por":"Equip Editorial"},"schema":{"@context":"https:\/\/schema.org","@graph":[{"@type":"Article","@id":"https:\/\/www.11onze.cat\/es\/magazine\/natalia-cuguero-directora-general-11onze\/#article","isPartOf":{"@id":"https:\/\/www.11onze.cat\/es\/magazine\/natalia-cuguero-directora-general-11onze\/"},"author":{"name":"Equip Editorial","@id":"https:\/\/www.11onze.cat\/es\/#\/schema\/person\/636d99b4c82bb7178687ecd43c3a61bd"},"headline":"Nat\u00e0lia Cuguer\u00f3 es la escogida para llevar la direcci\u00f3n general del banco 11Onze","datePublished":"2020-09-17T13:56:50+00:00","dateModified":"2021-05-19T08:18:44+00:00","mainEntityOfPage":{"@id":"https:\/\/www.11onze.cat\/es\/magazine\/natalia-cuguero-directora-general-11onze\/"},"wordCount":15,"commentCount":0,"publisher":{"@id":"https:\/\/www.11onze.cat\/es\/#organization"},"image":{"@id":"https:\/\/www.11onze.cat\/es\/magazine\/natalia-cuguero-directora-general-11onze\/#primaryimage"},"thumbnailUrl":"https:\/\/www.11onze.cat\/wp-content\/uploads\/2021\/04\/THUMBNAIL_POST-Onze-pattern_IMAGE_INVERTIR-scaled.jpg","keywords":["11Onze"],"articleSection":["Sin categorizar"],"inLanguage":"es","potentialAction":[{"@type":"CommentAction","name":"Comment","target":["https:\/\/www.11onze.cat\/es\/magazine\/natalia-cuguero-directora-general-11onze\/#respond"]}]},{"@type":"WebPage","@id":"https:\/\/www.11onze.cat\/es\/magazine\/natalia-cuguero-directora-general-11onze\/","url":"https:\/\/www.11onze.cat\/es\/magazine\/natalia-cuguero-directora-general-11onze\/","name":"Nat\u00e0lia Cuger\u00f3, escogida directora general - 11ONZE","isPartOf":{"@id":"https:\/\/www.11onze.cat\/es\/#website"},"primaryImageOfPage":{"@id":"https:\/\/www.11onze.cat\/es\/magazine\/natalia-cuguero-directora-general-11onze\/#primaryimage"},"image":{"@id":"https:\/\/www.11onze.cat\/es\/magazine\/natalia-cuguero-directora-general-11onze\/#primaryimage"},"thumbnailUrl":"https:\/\/www.11onze.cat\/wp-content\/uploads\/2021\/04\/THUMBNAIL_POST-Onze-pattern_IMAGE_INVERTIR-scaled.jpg","datePublished":"2020-09-17T13:56:50+00:00","dateModified":"2021-05-19T08:18:44+00:00","description":"Nat\u00e0lia Cuger\u00f3, doctora en management, ingeniera industrial y licenciada en derecho, escogida directora general de 11ONZE.","breadcrumb":{"@id":"https:\/\/www.11onze.cat\/es\/magazine\/natalia-cuguero-directora-general-11onze\/#breadcrumb"},"inLanguage":"es","potentialAction":[{"@type":"ReadAction","target":["https:\/\/www.11onze.cat\/es\/magazine\/natalia-cuguero-directora-general-11onze\/"]}]},{"@type":"ImageObject","inLanguage":"es","@id":"https:\/\/www.11onze.cat\/es\/magazine\/natalia-cuguero-directora-general-11onze\/#primaryimage","url":"https:\/\/www.11onze.cat\/wp-content\/uploads\/2021\/04\/THUMBNAIL_POST-Onze-pattern_IMAGE_INVERTIR-scaled.jpg","contentUrl":"https:\/\/www.11onze.cat\/wp-content\/uploads\/2021\/04\/THUMBNAIL_POST-Onze-pattern_IMAGE_INVERTIR-scaled.jpg","width":2560,"height":1720,"caption":"Onze11-patr\u00f3-gr\u00e0fic"},{"@type":"BreadcrumbList","@id":"https:\/\/www.11onze.cat\/es\/magazine\/natalia-cuguero-directora-general-11onze\/#breadcrumb","itemListElement":[{"@type":"ListItem","position":1,"name":"Home","item":"https:\/\/www.11onze.cat\/es\/"},{"@type":"ListItem","position":2,"name":"Nat\u00e0lia Cuguer\u00f3 es la escogida para llevar la direcci\u00f3n general del banco 11Onze"}]},{"@type":"WebSite","@id":"https:\/\/www.11onze.cat\/es\/#website","url":"https:\/\/www.11onze.cat\/es\/","name":"11Onze","description":"Primera comunidad fintech digital en Catalu\u00f1a","publisher":{"@id":"https:\/\/www.11onze.cat\/es\/#organization"},"potentialAction":[{"@type":"SearchAction","target":{"@type":"EntryPoint","urlTemplate":"https:\/\/www.11onze.cat\/es\/?s={search_term_string}"},"query-input":{"@type":"PropertyValueSpecification","valueRequired":true,"valueName":"search_term_string"}}],"inLanguage":"es"},{"@type":"Organization","@id":"https:\/\/www.11onze.cat\/es\/#organization","name":"11Onze","url":"https:\/\/www.11onze.cat\/es\/","logo":{"@type":"ImageObject","inLanguage":"es","@id":"https:\/\/www.11onze.cat\/es\/#\/schema\/logo\/image\/","url":"https:\/\/www.11onze.cat\/wp-content\/uploads\/2021\/04\/512x512-11Onze.jpg","contentUrl":"https:\/\/www.11onze.cat\/wp-content\/uploads\/2021\/04\/512x512-11Onze.jpg","width":512,"height":512,"caption":"11Onze"},"image":{"@id":"https:\/\/www.11onze.cat\/es\/#\/schema\/logo\/image\/"},"sameAs":["https:\/\/www.facebook.com\/11OnzeComunitat","https:\/\/x.com\/11OnzeFintech","https:\/\/www.instagram.com\/11onzecat\/","https:\/\/www.linkedin.com\/company\/11onzebanc","https:\/\/www.youtube.com\/channel\/UCz63R8Byd_kBKtK2M4Qf_7w"]},{"@type":"Person","@id":"https:\/\/www.11onze.cat\/es\/#\/schema\/person\/636d99b4c82bb7178687ecd43c3a61bd","name":"Equip Editorial","image":{"@type":"ImageObject","inLanguage":"es","@id":"https:\/\/www.11onze.cat\/wp-content\/uploads\/2022\/05\/HEADER_AGENTS_DECK-300x300.jpg","url":"https:\/\/www.11onze.cat\/wp-content\/uploads\/2022\/05\/HEADER_AGENTS_DECK-300x300.jpg","contentUrl":"https:\/\/www.11onze.cat\/wp-content\/uploads\/2022\/05\/HEADER_AGENTS_DECK-300x300.jpg","caption":"Equip Editorial"},"url":"https:\/\/www.11onze.cat\/es\/magazine\/author\/equip-editorial-11onze\/"}]}},"_links":{"self":[{"href":"https:\/\/www.11onze.cat\/es\/wp-json\/wp\/v2\/posts\/8150","targetHints":{"allow":["GET"]}}],"collection":[{"href":"https:\/\/www.11onze.cat\/es\/wp-json\/wp\/v2\/posts"}],"about":[{"href":"https:\/\/www.11onze.cat\/es\/wp-json\/wp\/v2\/types\/post"}],"author":[{"embeddable":true,"href":"https:\/\/www.11onze.cat\/es\/wp-json\/wp\/v2\/users\/71"}],"replies":[{"embeddable":true,"href":"https:\/\/www.11onze.cat\/es\/wp-json\/wp\/v2\/comments?post=8150"}],"version-history":[{"count":0,"href":"https:\/\/www.11onze.cat\/es\/wp-json\/wp\/v2\/posts\/8150\/revisions"}],"wp:featuredmedia":[{"embeddable":true,"href":"https:\/\/www.11onze.cat\/es\/wp-json\/wp\/v2\/media\/6901"}],"wp:attachment":[{"href":"https:\/\/www.11onze.cat\/es\/wp-json\/wp\/v2\/media?parent=8150"}],"wp:term":[{"taxonomy":"category","embeddable":true,"href":"https:\/\/www.11onze.cat\/es\/wp-json\/wp\/v2\/categories?post=8150"},{"taxonomy":"post_tag","embeddable":true,"href":"https:\/\/www.11onze.cat\/es\/wp-json\/wp\/v2\/tags?post=8150"}],"curies":[{"name":"wp","href":"https:\/\/api.w.org\/{rel}","templated":true}]}}