{"id":6140,"date":"2025-07-07T09:00:00","date_gmt":"2025-07-07T07:00:00","guid":{"rendered":"https:\/\/www.11onze.cat\/news\/lexit-empresarial-compartir-responsabilitats\/"},"modified":"2025-07-07T09:01:08","modified_gmt":"2025-07-07T07:01:08","slug":"exito-empresarial-compartir-responsabilidades","status":"publish","type":"post","link":"https:\/\/www.11onze.cat\/es\/magazine\/exito-empresarial-compartir-responsabilidades\/","title":{"rendered":"El \u00e9xito empresarial, compartir responsabilidades"},"content":{"rendered":"<div class=\"component text\">\n  <div class=\"container\">\n\n\n    <div class=\"row\">\n      <div class=\"col  col-lg-8  offset-lg-2\">\n        <h3><strong>Hem escoltat moltes vegades que els sous dels directius es troben per damunt del qu\u00e8 seria raonable i just. Que, de fet, les difer\u00e8ncies entre el que cobra m\u00e9s en una empresa i el que cobra menys no poden ser infinites. I de fet haurien de ser molt finites i acotades. No \u00e9s raonable pensar que en una empresa hi hagi d\u2019haver alg\u00fa que tingui una responsabilitat infinitament m\u00e9s alta que la de la resta dels treballadors. Per\u00f2 si mirem la realitat veurem que acceptem que sigui al contrari. I aix\u00f2 \u00e9s bo?<\/strong><\/h3>\n<p>&nbsp;<\/p>\n<p><span style=\"font-weight: 400\">Si mirem les empreses que han fet fallida sobretot per les accions irresponsables d\u2019uns pocs, veurem que en general no se\u2019ls pot fer tornar all\u00f2 que han pres, o reparar all\u00f2 que han espatllat. En alguns casos es poden perseguir certes responsabilitats de manera penal, per\u00f2 s\u00f3n els m\u00ednims, donat que el lucre o l\u2019avar\u00edcia excessius no sembla que estiguin contemplats com a delicte en el Codi Penal. De fet, <strong>ser avarici\u00f3s (per\u00f2 dient-li ambici\u00f3s), \u00e9s una conducta que s\u2019anima de manera bastant general a les empreses<\/strong>.\u00a0<\/span><\/p>\n<p><span style=\"font-weight: 400\">Per\u00f2 no sempre el directiu negligent es mou per avar\u00edcia quan pren conductes que poden portar al desastre. I moltes vegades <strong>aquestes conductes i decisions de persones que es troben al c\u00e0rrec de situacions de molt risc, no poden ser detectades a temps, per evitar les conseq\u00fc\u00e8ncies indesitjables<\/strong>. Podr\u00edem trobar casos recents, com ho serien per exemple aquells on perilla el futur econ\u00f2mic de persones que hi tenen estalvis per a la jubilaci\u00f3 (casos de fallida d&#8217;entitats financeres) o encara m\u00e9s importants, aquells casos en qu\u00e8 es poden perdre vides humanes.<\/span><\/p>\n<p>&nbsp;<\/p>\n<h3><b>M\u00e9s control, menys problemes?<\/b><\/h3>\n<p><span style=\"font-weight: 400\">Ens preguntem com pot ser que es deixi en mans, de vegades, d\u2019una sola persona q\u00fcestions tan importants, i que pugui ser la neglig\u00e8ncia d\u2019una sola persona (per un exc\u00e9s d\u2019avar\u00edcia o per una possible deixadesa), l&#8217;\u00fanica causa d\u2019una desgr\u00e0cia que no s\u2019ha pogut evitar. Aquests casos ens fan pensar en <strong>com es podria resoldre la situaci\u00f3 per a poder evitar tan nefastes conseq\u00fc\u00e8ncies<\/strong>. Es poden posar controls que fessin possible evitar aquestes conseq\u00fc\u00e8ncies? I quins controls haurien de ser aquests? Per\u00f2 encara m\u00e9s rellevant, t\u00e9 sentit que determinades decisions, accions i conductes es troben en mans de pocs directius? \u00c9s aquesta la manera m\u00e9s efica\u00e7 d\u2019exercir el control per tal d\u2019evitar all\u00f2 que no es vulgui de cap manera?<\/span><\/p>\n<p><span style=\"font-weight: 400\">Sembla clar que en un sistema on el que t\u00e9 responsabilitat se\u2019l premia de manera massa generosa, i se\u2019l fa responsable i infal\u00b7lible, no \u00e9s bo per a ning\u00fa. A llarg termini, ni pel directiu mateix, encara que a curt pugui semblar que s\u00ed. <strong>Crea una falsa motivaci\u00f3 amb aspiracions, del tipus pir\u00e0mide, on tothom vol arribar a dalt<\/strong>. Per\u00f2 quan hi arriba ha de ser infal\u00b7lible: zero defectes i cap possibilitat de fallar. En cas que no tingui mala fe pot acabar molt malament, si les conseq\u00fc\u00e8ncies de la seva acci\u00f3 o omissi\u00f3 s\u00f3n desastroses. <\/span><\/p>\n<p><span style=\"font-weight: 400\">I tot i actuar de mala fe, si mesura b\u00e9 les conseq\u00fc\u00e8ncies de l\u2019acci\u00f3, i no s\u00f3n punibles, pot acabar amb el benestar de molta gent i resultar impune. I incorporar controls formals no resulta factible donat que crear controls que puguin preveure-ho tot no \u00e9s possible. Com ho podem fer doncs? <strong>Sembla que una manera seria fomentar la cultura de la corresponsabilitat<\/strong>. Tots podem ser avariciosos, per\u00f2 si entre tots hem d\u2019arribar a un objectiu, i ens hem de donar suport els uns amb els altres, les temptacions s\u00f3n menors. De la mateixa manera, els errors humans es compensen perqu\u00e8 que una persona pugui ser negligent o tenir un exc\u00e9s de confian\u00e7a \u00e9s possible, per\u00f2 que tots el tinguem alhora, ja sembla m\u00e9s complicat. La pressi\u00f3 disminueix, el control dels uns als altres ens fa m\u00e9s cautelosos, i a m\u00e9s, i molt important, hem de compartir el m\u00e8rit quan les coses van b\u00e9. Aix\u00f2 ens <strong>ajuda a ser realistes de qu\u00e8 un de sol arriba molt menys lluny que un equip ben avingut<\/strong>.<\/span><\/p>\n<p>&nbsp;<\/p>\n<h3><b>Compartir per explotar el potencial de les persones<\/b><\/h3>\n<p><span style=\"font-weight: 400\">Les organitzacions funcionen millor quan <strong>les persones donen el m\u00e0xim d\u2019elles mateixes i ho fan motivades m\u00e9s enll\u00e0 del sou percebut o de l\u2019estatus que obtenen a la feina<\/strong>. I fan la seva feina sense seguir la lletra gran i petita del seu contracte laboral, i per tant tenen una implicaci\u00f3 que va m\u00e9s enll\u00e0 de les seves obligacions contractuals.\u00a0\u00a0<\/span><\/p>\n<p><span style=\"font-weight: 400\">En moments de dificultat, <strong>les empreses poden tirar endavant si els treballadors tenen motivacions internes que fan que vagin m\u00e9s enll\u00e0 de les seves obligacions<\/strong>, aportant aquella qualitat que no es pot mesurar, per\u00f2 que \u00e9s clau per crear un clima laboral favorable a la col\u00b7laboraci\u00f3 i on treballar pot aportar satisfacci\u00f3 a tothom. Sembla ut\u00f2pic dir aix\u00f2, per\u00f2 molts empresaris tenen clar que les seves empreses funcionen quan les persones es troben valorades al lloc de treball i poden fer-s\u2019hi professionalment. I, per tant, <strong>fomenten de manera activa aquest ambient de confian\u00e7a on els treballadors tinguin ganes d\u2019aportar aquest plus<\/strong> que no es troba ni remunerat econ\u00f2micament ni especificat en un contracte laboral.<\/span><\/p>\n<p><span style=\"font-weight: 400\"><strong>La solidaritat t\u00e9 una naturalesa espont\u00e0nia i volunt\u00e0ria<\/strong>. Fomentar-la s\u2019ha de fer des del reconeixement que el treballador ho fa perqu\u00e8 vol, i que t\u00e9 m\u00e8rit, precisament, perqu\u00e8 ho fa aix\u00ed. El qu\u00e8 \u00e9s espontani per part del treballador pot ser reconegut. Per\u00f2 ho <strong>ha de ser reconeixent la seva naturalesa espont\u00e0nia, mai a trav\u00e9s d\u2019un incentiu associat al compliment d\u2019un objectiu<\/strong>. Cal tenir-ho present per a no perdre aquella qualitat tan especial que requereix un reconeixement aut\u00e8ntic, sense for\u00e7ar que hi sigui.<\/span><\/p>\n<p>&nbsp;<\/p>\n<p><b>11Onze \u00e9s la comunitat fintech de Catalunya. Obre un compte descarregant l\u2019app El Canut per\u00a0<\/b><a href=\"https:\/\/bit.ly\/2YlbZAf\"><b>Android<\/b><\/a><b>\u00a0i\u00a0<\/b><a href=\"https:\/\/bit.ly\/Onze-IOS\"><b>Apple<\/b><\/a><b>. Uneix-te a la revoluci\u00f3!<\/b><\/p>\n\n      <\/div>\n    <\/div>\n  <\/div>\n<\/div>\n<div class=\"component cards\">\n  <div class=\"container\">\n    <div class=\"row\">\n      <div class=\"col col-xl-8 offset-xl-2\">\n        <h1>Si t&#8217;ha agradat aquesta not\u00edcia, et recomanem:<\/h1>\n        <div class=\"cards__wrapper\">\n          <div class=\"card\">\n            <a href=\"https:\/\/www.11onze.cat\/magazine\/emprenedor-donem-consells-engegar\/\" class=\"card-link\" target=\"_self\"><\/a>\n            <div class=\"card-img\">\n              <img decoding=\"async\" src=\"https:\/\/www.11onze.cat\/wp-content\/uploads\/2021\/10\/THUMBNAIL_AJUDES_EMPRENEDORS-800x533.jpg\" class=\"card-img-top\" alt=\"\">\n                <span class=\"card-category\">Management<\/span>\n            <\/div>\n            <div class=\"card-body\">\n              <p class=\"card-title p2\"><strong>Ets emprenedor?<\/strong><\/p>\n              <span class=\"card-time\">5min lectura<\/span>\n              <p class=\"card-text small\">Les idees innovadores s\u00f3n vitals per a fer evolucionar l\u2019economia d\u2019un pa\u00eds&#8230;<\/p>\n            <\/div>\n          <\/div>\n\n\n          <div class=\"card\">\n            <a href=\"https:\/\/www.11onze.cat\/magazine\/educar-joves-empresaris\/\" class=\"card-link\" target=\"_self\"><\/a>\n            <div class=\"card-img\">\n              <img decoding=\"async\" src=\"https:\/\/www.11onze.cat\/wp-content\/uploads\/2021\/09\/THUMBNAIL_EDUCAR_JOVES_EMPRESARIS-800x533.jpg\" class=\"card-img-top\" alt=\"\">\n                <span class=\"card-category\">Cultura<\/span>\n            <\/div>\n            <div class=\"card-body\">\n              <p class=\"card-title p2\"><strong>Educar els joves a ser empresaris<\/strong><\/p>\n              <span class=\"card-time\">6min lectura<\/span>\n              <p class=\"card-text small\">Els joves tamb\u00e9 han de tenir vocaci\u00f3 empresarial&#8230;<\/p>\n            <\/div>\n          <\/div>\n\n\n          <div class=\"card\">\n            <a href=\"https:\/\/www.11onze.cat\/magazine\/aconseguir-independencia-economica\/\" class=\"card-link\" target=\"_self\"><\/a>\n            <div class=\"card-img\">\n              <img decoding=\"async\" src=\"https:\/\/www.11onze.cat\/wp-content\/uploads\/2021\/09\/THUMBNAIL_INDEPENDENCIA_ECONOMICA-800x558.jpg\" class=\"card-img-top\" alt=\"\">\n                <span class=\"card-category\">Economia<\/span>\n            <\/div>\n            <div class=\"card-body\">\n              <p class=\"card-title p2\"><strong>Com aconseguir la independ\u00e8ncia econ\u00f2mica?<\/strong><\/p>\n              <span class=\"card-time\">6min lectura<\/span>\n              <p class=\"card-text small\">\u201cIndepend\u00e8ncia econ\u00f2mica \u00e9s que no depens de ning\u00fa ni de&#8230;<\/p>\n            <\/div>\n          <\/div>\n\n              <\/div>\n              <br>\n              <br>\n              <div class=\"cards__wrapper\">\n\n        <\/div>\n      <\/div>\n    <\/div>\n  <\/div>\n<\/div>","protected":false},"excerpt":{"rendered":"","protected":false},"author":71,"featured_media":6135,"comment_status":"open","ping_status":"closed","sticky":false,"template":"","format":"standard","meta":{"_acf_changed":true,"content-type":"","footnotes":""},"categories":[28],"tags":[174,169],"class_list":["post-6140","post","type-post","status-publish","format-standard","has-post-thumbnail","hentry","category-sin-categorizar","tag-economia-es","tag-manage-es"],"acf":[],"yoast_head":"<!-- This site is optimized with the Yoast SEO plugin v27.5 - https:\/\/yoast.com\/product\/yoast-seo-wordpress\/ -->\n<title>El \u00e9xito empresarial, compartir responsabilidades -11Onze<\/title>\n<meta name=\"description\" content=\"Compartir responsabilidades y fomentar el trabajo en equipo, entre las claves para un buen \u00e9xito empresarial.\" \/>\n<meta name=\"robots\" content=\"index, follow, max-snippet:-1, max-image-preview:large, max-video-preview:-1\" \/>\n<link rel=\"canonical\" href=\"https:\/\/www.11onze.cat\/es\/magazine\/exito-empresarial-compartir-responsabilidades\/\" \/>\n<meta property=\"og:locale\" content=\"es_ES\" \/>\n<meta property=\"og:type\" content=\"article\" \/>\n<meta property=\"og:title\" content=\"El \u00e9xito empresarial, compartir responsabilidades -11Onze\" \/>\n<meta property=\"og:description\" content=\"Compartir responsabilidades y fomentar el trabajo en equipo, entre las claves para un buen \u00e9xito empresarial.\" \/>\n<meta property=\"og:url\" content=\"https:\/\/www.11onze.cat\/es\/magazine\/exito-empresarial-compartir-responsabilidades\/\" \/>\n<meta property=\"og:site_name\" content=\"11Onze\" \/>\n<meta property=\"article:publisher\" content=\"https:\/\/www.facebook.com\/11OnzeComunitat\" \/>\n<meta property=\"article:published_time\" content=\"2025-07-07T07:00:00+00:00\" \/>\n<meta property=\"article:modified_time\" content=\"2025-07-07T07:01:08+00:00\" \/>\n<meta property=\"og:image\" content=\"https:\/\/www.11onze.cat\/wp-content\/uploads\/2021\/04\/11ONZE_EXIT_EMPRESARIAL_COMPARTIR_RESPONSABILITATS.jpg\" \/>\n\t<meta property=\"og:image:width\" content=\"1200\" \/>\n\t<meta property=\"og:image:height\" content=\"675\" \/>\n\t<meta property=\"og:image:type\" content=\"image\/jpeg\" \/>\n<meta name=\"author\" content=\"Equip Editorial\" \/>\n<meta name=\"twitter:card\" content=\"summary_large_image\" \/>\n<meta name=\"twitter:image\" content=\"https:\/\/www.11onze.cat\/wp-content\/uploads\/2021\/04\/11ONZE_EXIT_EMPRESARIAL_COMPARTIR_RESPONSABILITATS.jpg\" \/>\n<meta name=\"twitter:creator\" content=\"@11OnzeFintech\" \/>\n<meta name=\"twitter:site\" content=\"@11OnzeFintech\" \/>\n<meta name=\"twitter:label1\" content=\"Escrito por\" \/>\n\t<meta name=\"twitter:data1\" content=\"Equip Editorial\" \/>\n\t<meta name=\"twitter:label2\" content=\"Tiempo de lectura\" \/>\n\t<meta name=\"twitter:data2\" content=\"1 minuto\" \/>\n<script type=\"application\/ld+json\" class=\"yoast-schema-graph\">{\"@context\":\"https:\\\/\\\/schema.org\",\"@graph\":[{\"@type\":\"Article\",\"@id\":\"https:\\\/\\\/www.11onze.cat\\\/es\\\/magazine\\\/exito-empresarial-compartir-responsabilidades\\\/#article\",\"isPartOf\":{\"@id\":\"https:\\\/\\\/www.11onze.cat\\\/es\\\/magazine\\\/exito-empresarial-compartir-responsabilidades\\\/\"},\"author\":{\"name\":\"Equip Editorial\",\"@id\":\"https:\\\/\\\/www.11onze.cat\\\/es\\\/#\\\/schema\\\/person\\\/636d99b4c82bb7178687ecd43c3a61bd\"},\"headline\":\"El \u00e9xito empresarial, compartir responsabilidades\",\"datePublished\":\"2025-07-07T07:00:00+00:00\",\"dateModified\":\"2025-07-07T07:01:08+00:00\",\"mainEntityOfPage\":{\"@id\":\"https:\\\/\\\/www.11onze.cat\\\/es\\\/magazine\\\/exito-empresarial-compartir-responsabilidades\\\/\"},\"wordCount\":5,\"commentCount\":0,\"publisher\":{\"@id\":\"https:\\\/\\\/www.11onze.cat\\\/es\\\/#organization\"},\"image\":{\"@id\":\"https:\\\/\\\/www.11onze.cat\\\/es\\\/magazine\\\/exito-empresarial-compartir-responsabilidades\\\/#primaryimage\"},\"thumbnailUrl\":\"https:\\\/\\\/www.11onze.cat\\\/wp-content\\\/uploads\\\/2021\\\/04\\\/THUMBNAIL_POST_46-1.jpg\",\"keywords\":[\"Econom\u00eda\",\"Management\"],\"articleSection\":[\"Sin categorizar\"],\"inLanguage\":\"es\",\"potentialAction\":[{\"@type\":\"CommentAction\",\"name\":\"Comment\",\"target\":[\"https:\\\/\\\/www.11onze.cat\\\/es\\\/magazine\\\/exito-empresarial-compartir-responsabilidades\\\/#respond\"]}]},{\"@type\":\"WebPage\",\"@id\":\"https:\\\/\\\/www.11onze.cat\\\/es\\\/magazine\\\/exito-empresarial-compartir-responsabilidades\\\/\",\"url\":\"https:\\\/\\\/www.11onze.cat\\\/es\\\/magazine\\\/exito-empresarial-compartir-responsabilidades\\\/\",\"name\":\"El \u00e9xito empresarial, compartir responsabilidades -11Onze\",\"isPartOf\":{\"@id\":\"https:\\\/\\\/www.11onze.cat\\\/es\\\/#website\"},\"primaryImageOfPage\":{\"@id\":\"https:\\\/\\\/www.11onze.cat\\\/es\\\/magazine\\\/exito-empresarial-compartir-responsabilidades\\\/#primaryimage\"},\"image\":{\"@id\":\"https:\\\/\\\/www.11onze.cat\\\/es\\\/magazine\\\/exito-empresarial-compartir-responsabilidades\\\/#primaryimage\"},\"thumbnailUrl\":\"https:\\\/\\\/www.11onze.cat\\\/wp-content\\\/uploads\\\/2021\\\/04\\\/THUMBNAIL_POST_46-1.jpg\",\"datePublished\":\"2025-07-07T07:00:00+00:00\",\"dateModified\":\"2025-07-07T07:01:08+00:00\",\"description\":\"Compartir responsabilidades y fomentar el trabajo en equipo, entre las claves para un buen \u00e9xito empresarial.\",\"breadcrumb\":{\"@id\":\"https:\\\/\\\/www.11onze.cat\\\/es\\\/magazine\\\/exito-empresarial-compartir-responsabilidades\\\/#breadcrumb\"},\"inLanguage\":\"es\",\"potentialAction\":[{\"@type\":\"ReadAction\",\"target\":[\"https:\\\/\\\/www.11onze.cat\\\/es\\\/magazine\\\/exito-empresarial-compartir-responsabilidades\\\/\"]}]},{\"@type\":\"ImageObject\",\"inLanguage\":\"es\",\"@id\":\"https:\\\/\\\/www.11onze.cat\\\/es\\\/magazine\\\/exito-empresarial-compartir-responsabilidades\\\/#primaryimage\",\"url\":\"https:\\\/\\\/www.11onze.cat\\\/wp-content\\\/uploads\\\/2021\\\/04\\\/THUMBNAIL_POST_46-1.jpg\",\"contentUrl\":\"https:\\\/\\\/www.11onze.cat\\\/wp-content\\\/uploads\\\/2021\\\/04\\\/THUMBNAIL_POST_46-1.jpg\",\"width\":500,\"height\":400},{\"@type\":\"BreadcrumbList\",\"@id\":\"https:\\\/\\\/www.11onze.cat\\\/es\\\/magazine\\\/exito-empresarial-compartir-responsabilidades\\\/#breadcrumb\",\"itemListElement\":[{\"@type\":\"ListItem\",\"position\":1,\"name\":\"Home\",\"item\":\"https:\\\/\\\/www.11onze.cat\\\/es\\\/\"},{\"@type\":\"ListItem\",\"position\":2,\"name\":\"El \u00e9xito empresarial, compartir responsabilidades\"}]},{\"@type\":\"WebSite\",\"@id\":\"https:\\\/\\\/www.11onze.cat\\\/es\\\/#website\",\"url\":\"https:\\\/\\\/www.11onze.cat\\\/es\\\/\",\"name\":\"11Onze\",\"description\":\"Primera comunidad fintech digital en Catalu\u00f1a\",\"publisher\":{\"@id\":\"https:\\\/\\\/www.11onze.cat\\\/es\\\/#organization\"},\"potentialAction\":[{\"@type\":\"SearchAction\",\"target\":{\"@type\":\"EntryPoint\",\"urlTemplate\":\"https:\\\/\\\/www.11onze.cat\\\/es\\\/?s={search_term_string}\"},\"query-input\":{\"@type\":\"PropertyValueSpecification\",\"valueRequired\":true,\"valueName\":\"search_term_string\"}}],\"inLanguage\":\"es\"},{\"@type\":\"Organization\",\"@id\":\"https:\\\/\\\/www.11onze.cat\\\/es\\\/#organization\",\"name\":\"11Onze\",\"url\":\"https:\\\/\\\/www.11onze.cat\\\/es\\\/\",\"logo\":{\"@type\":\"ImageObject\",\"inLanguage\":\"es\",\"@id\":\"https:\\\/\\\/www.11onze.cat\\\/es\\\/#\\\/schema\\\/logo\\\/image\\\/\",\"url\":\"https:\\\/\\\/www.11onze.cat\\\/wp-content\\\/uploads\\\/2021\\\/04\\\/512x512-11Onze.jpg\",\"contentUrl\":\"https:\\\/\\\/www.11onze.cat\\\/wp-content\\\/uploads\\\/2021\\\/04\\\/512x512-11Onze.jpg\",\"width\":512,\"height\":512,\"caption\":\"11Onze\"},\"image\":{\"@id\":\"https:\\\/\\\/www.11onze.cat\\\/es\\\/#\\\/schema\\\/logo\\\/image\\\/\"},\"sameAs\":[\"https:\\\/\\\/www.facebook.com\\\/11OnzeComunitat\",\"https:\\\/\\\/x.com\\\/11OnzeFintech\",\"https:\\\/\\\/www.instagram.com\\\/11onzecat\\\/\",\"https:\\\/\\\/www.linkedin.com\\\/company\\\/11onzebanc\",\"https:\\\/\\\/www.youtube.com\\\/channel\\\/UCz63R8Byd_kBKtK2M4Qf_7w\"]},{\"@type\":\"Person\",\"@id\":\"https:\\\/\\\/www.11onze.cat\\\/es\\\/#\\\/schema\\\/person\\\/636d99b4c82bb7178687ecd43c3a61bd\",\"name\":\"Equip Editorial\",\"image\":{\"@type\":\"ImageObject\",\"inLanguage\":\"es\",\"@id\":\"https:\\\/\\\/www.11onze.cat\\\/wp-content\\\/uploads\\\/2022\\\/05\\\/HEADER_AGENTS_DECK-300x300.jpg\",\"url\":\"https:\\\/\\\/www.11onze.cat\\\/wp-content\\\/uploads\\\/2022\\\/05\\\/HEADER_AGENTS_DECK-300x300.jpg\",\"contentUrl\":\"https:\\\/\\\/www.11onze.cat\\\/wp-content\\\/uploads\\\/2022\\\/05\\\/HEADER_AGENTS_DECK-300x300.jpg\",\"caption\":\"Equip Editorial\"},\"url\":\"https:\\\/\\\/www.11onze.cat\\\/es\\\/magazine\\\/author\\\/equip-editorial-11onze\\\/\"}]}<\/script>\n<!-- \/ Yoast SEO plugin. -->","yoast_head_json":{"title":"El \u00e9xito empresarial, compartir responsabilidades -11Onze","description":"Compartir responsabilidades y fomentar el trabajo en equipo, entre las claves para un buen \u00e9xito empresarial.","robots":{"index":"index","follow":"follow","max-snippet":"max-snippet:-1","max-image-preview":"max-image-preview:large","max-video-preview":"max-video-preview:-1"},"canonical":"https:\/\/www.11onze.cat\/es\/magazine\/exito-empresarial-compartir-responsabilidades\/","og_locale":"es_ES","og_type":"article","og_title":"El \u00e9xito empresarial, compartir responsabilidades -11Onze","og_description":"Compartir responsabilidades y fomentar el trabajo en equipo, entre las claves para un buen \u00e9xito empresarial.","og_url":"https:\/\/www.11onze.cat\/es\/magazine\/exito-empresarial-compartir-responsabilidades\/","og_site_name":"11Onze","article_publisher":"https:\/\/www.facebook.com\/11OnzeComunitat","article_published_time":"2025-07-07T07:00:00+00:00","article_modified_time":"2025-07-07T07:01:08+00:00","og_image":[{"width":1200,"height":675,"url":"https:\/\/www.11onze.cat\/wp-content\/uploads\/2021\/04\/11ONZE_EXIT_EMPRESARIAL_COMPARTIR_RESPONSABILITATS.jpg","type":"image\/jpeg"}],"author":"Equip Editorial","twitter_card":"summary_large_image","twitter_image":"https:\/\/www.11onze.cat\/wp-content\/uploads\/2021\/04\/11ONZE_EXIT_EMPRESARIAL_COMPARTIR_RESPONSABILITATS.jpg","twitter_creator":"@11OnzeFintech","twitter_site":"@11OnzeFintech","twitter_misc":{"Escrito por":"Equip Editorial","Tiempo de lectura":"1 minuto"},"schema":{"@context":"https:\/\/schema.org","@graph":[{"@type":"Article","@id":"https:\/\/www.11onze.cat\/es\/magazine\/exito-empresarial-compartir-responsabilidades\/#article","isPartOf":{"@id":"https:\/\/www.11onze.cat\/es\/magazine\/exito-empresarial-compartir-responsabilidades\/"},"author":{"name":"Equip Editorial","@id":"https:\/\/www.11onze.cat\/es\/#\/schema\/person\/636d99b4c82bb7178687ecd43c3a61bd"},"headline":"El \u00e9xito empresarial, compartir responsabilidades","datePublished":"2025-07-07T07:00:00+00:00","dateModified":"2025-07-07T07:01:08+00:00","mainEntityOfPage":{"@id":"https:\/\/www.11onze.cat\/es\/magazine\/exito-empresarial-compartir-responsabilidades\/"},"wordCount":5,"commentCount":0,"publisher":{"@id":"https:\/\/www.11onze.cat\/es\/#organization"},"image":{"@id":"https:\/\/www.11onze.cat\/es\/magazine\/exito-empresarial-compartir-responsabilidades\/#primaryimage"},"thumbnailUrl":"https:\/\/www.11onze.cat\/wp-content\/uploads\/2021\/04\/THUMBNAIL_POST_46-1.jpg","keywords":["Econom\u00eda","Management"],"articleSection":["Sin categorizar"],"inLanguage":"es","potentialAction":[{"@type":"CommentAction","name":"Comment","target":["https:\/\/www.11onze.cat\/es\/magazine\/exito-empresarial-compartir-responsabilidades\/#respond"]}]},{"@type":"WebPage","@id":"https:\/\/www.11onze.cat\/es\/magazine\/exito-empresarial-compartir-responsabilidades\/","url":"https:\/\/www.11onze.cat\/es\/magazine\/exito-empresarial-compartir-responsabilidades\/","name":"El \u00e9xito empresarial, compartir responsabilidades -11Onze","isPartOf":{"@id":"https:\/\/www.11onze.cat\/es\/#website"},"primaryImageOfPage":{"@id":"https:\/\/www.11onze.cat\/es\/magazine\/exito-empresarial-compartir-responsabilidades\/#primaryimage"},"image":{"@id":"https:\/\/www.11onze.cat\/es\/magazine\/exito-empresarial-compartir-responsabilidades\/#primaryimage"},"thumbnailUrl":"https:\/\/www.11onze.cat\/wp-content\/uploads\/2021\/04\/THUMBNAIL_POST_46-1.jpg","datePublished":"2025-07-07T07:00:00+00:00","dateModified":"2025-07-07T07:01:08+00:00","description":"Compartir responsabilidades y fomentar el trabajo en equipo, entre las claves para un buen \u00e9xito empresarial.","breadcrumb":{"@id":"https:\/\/www.11onze.cat\/es\/magazine\/exito-empresarial-compartir-responsabilidades\/#breadcrumb"},"inLanguage":"es","potentialAction":[{"@type":"ReadAction","target":["https:\/\/www.11onze.cat\/es\/magazine\/exito-empresarial-compartir-responsabilidades\/"]}]},{"@type":"ImageObject","inLanguage":"es","@id":"https:\/\/www.11onze.cat\/es\/magazine\/exito-empresarial-compartir-responsabilidades\/#primaryimage","url":"https:\/\/www.11onze.cat\/wp-content\/uploads\/2021\/04\/THUMBNAIL_POST_46-1.jpg","contentUrl":"https:\/\/www.11onze.cat\/wp-content\/uploads\/2021\/04\/THUMBNAIL_POST_46-1.jpg","width":500,"height":400},{"@type":"BreadcrumbList","@id":"https:\/\/www.11onze.cat\/es\/magazine\/exito-empresarial-compartir-responsabilidades\/#breadcrumb","itemListElement":[{"@type":"ListItem","position":1,"name":"Home","item":"https:\/\/www.11onze.cat\/es\/"},{"@type":"ListItem","position":2,"name":"El \u00e9xito empresarial, compartir responsabilidades"}]},{"@type":"WebSite","@id":"https:\/\/www.11onze.cat\/es\/#website","url":"https:\/\/www.11onze.cat\/es\/","name":"11Onze","description":"Primera comunidad fintech digital en Catalu\u00f1a","publisher":{"@id":"https:\/\/www.11onze.cat\/es\/#organization"},"potentialAction":[{"@type":"SearchAction","target":{"@type":"EntryPoint","urlTemplate":"https:\/\/www.11onze.cat\/es\/?s={search_term_string}"},"query-input":{"@type":"PropertyValueSpecification","valueRequired":true,"valueName":"search_term_string"}}],"inLanguage":"es"},{"@type":"Organization","@id":"https:\/\/www.11onze.cat\/es\/#organization","name":"11Onze","url":"https:\/\/www.11onze.cat\/es\/","logo":{"@type":"ImageObject","inLanguage":"es","@id":"https:\/\/www.11onze.cat\/es\/#\/schema\/logo\/image\/","url":"https:\/\/www.11onze.cat\/wp-content\/uploads\/2021\/04\/512x512-11Onze.jpg","contentUrl":"https:\/\/www.11onze.cat\/wp-content\/uploads\/2021\/04\/512x512-11Onze.jpg","width":512,"height":512,"caption":"11Onze"},"image":{"@id":"https:\/\/www.11onze.cat\/es\/#\/schema\/logo\/image\/"},"sameAs":["https:\/\/www.facebook.com\/11OnzeComunitat","https:\/\/x.com\/11OnzeFintech","https:\/\/www.instagram.com\/11onzecat\/","https:\/\/www.linkedin.com\/company\/11onzebanc","https:\/\/www.youtube.com\/channel\/UCz63R8Byd_kBKtK2M4Qf_7w"]},{"@type":"Person","@id":"https:\/\/www.11onze.cat\/es\/#\/schema\/person\/636d99b4c82bb7178687ecd43c3a61bd","name":"Equip Editorial","image":{"@type":"ImageObject","inLanguage":"es","@id":"https:\/\/www.11onze.cat\/wp-content\/uploads\/2022\/05\/HEADER_AGENTS_DECK-300x300.jpg","url":"https:\/\/www.11onze.cat\/wp-content\/uploads\/2022\/05\/HEADER_AGENTS_DECK-300x300.jpg","contentUrl":"https:\/\/www.11onze.cat\/wp-content\/uploads\/2022\/05\/HEADER_AGENTS_DECK-300x300.jpg","caption":"Equip Editorial"},"url":"https:\/\/www.11onze.cat\/es\/magazine\/author\/equip-editorial-11onze\/"}]}},"_links":{"self":[{"href":"https:\/\/www.11onze.cat\/es\/wp-json\/wp\/v2\/posts\/6140","targetHints":{"allow":["GET"]}}],"collection":[{"href":"https:\/\/www.11onze.cat\/es\/wp-json\/wp\/v2\/posts"}],"about":[{"href":"https:\/\/www.11onze.cat\/es\/wp-json\/wp\/v2\/types\/post"}],"author":[{"embeddable":true,"href":"https:\/\/www.11onze.cat\/es\/wp-json\/wp\/v2\/users\/71"}],"replies":[{"embeddable":true,"href":"https:\/\/www.11onze.cat\/es\/wp-json\/wp\/v2\/comments?post=6140"}],"version-history":[{"count":0,"href":"https:\/\/www.11onze.cat\/es\/wp-json\/wp\/v2\/posts\/6140\/revisions"}],"wp:featuredmedia":[{"embeddable":true,"href":"https:\/\/www.11onze.cat\/es\/wp-json\/wp\/v2\/media\/6135"}],"wp:attachment":[{"href":"https:\/\/www.11onze.cat\/es\/wp-json\/wp\/v2\/media?parent=6140"}],"wp:term":[{"taxonomy":"category","embeddable":true,"href":"https:\/\/www.11onze.cat\/es\/wp-json\/wp\/v2\/categories?post=6140"},{"taxonomy":"post_tag","embeddable":true,"href":"https:\/\/www.11onze.cat\/es\/wp-json\/wp\/v2\/tags?post=6140"}],"curies":[{"name":"wp","href":"https:\/\/api.w.org\/{rel}","templated":true}]}}