{"id":55591,"date":"2026-03-12T12:11:00","date_gmt":"2026-03-12T11:11:00","guid":{"rendered":"https:\/\/www.11onze.cat\/?p=55591"},"modified":"2026-03-14T09:26:37","modified_gmt":"2026-03-14T08:26:37","slug":"carta-comunidad-11onze-agradecimiento","status":"publish","type":"post","link":"https:\/\/www.11onze.cat\/es\/magazine\/carta-comunidad-11onze-agradecimiento\/","title":{"rendered":"Carta a la comunidad 11Onze: un sincero agradecimiento"},"content":{"rendered":"<div class=\"component text\">\n  <div class=\"container\">\n\n\n    <div class=\"row\">\n      <div class=\"col  col-lg-8  offset-lg-2\">\n        <h3><strong>James S\u00e8ne, presidente de 11Onze, se dirige a la comunidad por la incre\u00edble respuesta al llamamiento realizado hace unos d\u00edas para financiar el sector agroalimentario.<\/strong><\/h3>\n<p>&nbsp;<\/p>\n<p><strong>Estimados miembros de 11Onze,<br \/>\n<\/strong><span style=\"font-weight: 400;\">Cuatro d\u00edas.<\/span><span style=\"font-weight: 400;\"><br \/>\n<\/span><span style=\"font-weight: 400;\">Eso es todo lo que ha hecho falta.<\/span><\/p>\n<p><span style=\"font-weight: 400;\">Hace cuatro d\u00edas compartimos con vosotros un <\/span><a href=\"https:\/\/www.11onze.cat\/magazine\/converteixte-governador-propi-banc-central\/\"><span style=\"font-weight: 400;\"><strong>art\u00edculo<\/strong><\/span><\/a><span style=\"font-weight: 400;\"> que era m\u00e1s que <\/span><b>un simple an\u00e1lisis de Basilea III y del nuevo estatus del oro<\/b><span style=\"font-weight: 400;\">. Era una llamada a la acci\u00f3n \u2014una invitaci\u00f3n a pensar de manera diferente sobre c\u00f3mo protegemos nuestros ahorros, c\u00f3mo apoyamos a nuestra comunidad y c\u00f3mo nos posicionamos para el futuro. Era una propuesta para dejar <\/span><b>de ser observadores pasivos de los cambios que vienen y convertirnos en participantes activos<\/b><span style=\"font-weight: 400;\"> en la construcci\u00f3n de algo mejor.<\/span><\/p>\n<p><span style=\"font-weight: 400;\">Y vosotros, como siempre, hab\u00e9is respondido de una manera que nos hace sentir humildes, inspirados y <\/span><b>profundamente agradecidos<\/b><span style=\"font-weight: 400;\">.<\/span><\/p>\n<h3><\/h3>\n<h3><b>Las cifras que nos han emocionado<\/b><\/h3>\n<p><span style=\"font-weight: 400;\">En solo cuatro d\u00edas, casi <\/span><b>4.000 miembros de esta comunidad hab\u00e9is dedicado tiempo a leer, reflexionar e interactuar con las ideas que os presentamos<\/b><span style=\"font-weight: 400;\">. Pero lo que realmente nos ha emocionado \u2014lo que realmente demuestra el poder de esta comunidad\u2014 es lo que ocurri\u00f3 inmediatamente despu\u00e9s: 109 miembros levantasteis la mano para expresar inter\u00e9s en la propuesta. No una curiosidad pasiva, sino un inter\u00e9s genuino en formar parte de la soluci\u00f3n.<\/span><\/p>\n<p><span style=\"font-weight: 400;\">Y despu\u00e9s lleg\u00f3 el momento que confirm\u00f3 lo que siempre hemos cre\u00eddo sobre esta comunidad: <\/span><b>19 de vosotros disteis expl\u00edcitamente un paso adelante<\/b><span style=\"font-weight: 400;\">, dispuestos a implicaros en la financiaci\u00f3n de proyectos relacionados con la agricultura y el suministro de alimentos. No con promesas vagas, sino con compromisos concretos.<\/span><\/p>\n<p><span style=\"font-weight: 400;\">Cuando hicimos los n\u00fameros, tuvimos que revisarlos dos veces. El compromiso medio de estos 19 miembros supera l<\/span><b>os 6.000 \u20ac cada uno<\/b><span style=\"font-weight: 400;\">.<\/span><\/p>\n<p><span style=\"font-weight: 400;\">Dejemos reposar los n\u00fameros, pensemos en ello. En un mundo en el que la incertidumbre financiera hace que la gente acumule recursos, en el que el miedo suele llevar al repliegue, a cerrarse, esta comunidad ha hecho lo contrario. Hab\u00e9is abierto vuestra cartera. Hab\u00e9is ofrecido vuestro capital. Hab\u00e9is demostrado que <\/span><b>el esp\u00edritu 11Onze no trata solo de proteger la propia riqueza, sino de construir riqueza juntos<\/b><span style=\"font-weight: 400;\">.<\/span><\/p>\n<p><span style=\"font-weight: 400;\">Por eso, no podemos estar m\u00e1s agradecidos. Desde el fondo de nuestro coraz\u00f3n: <\/span><b>gracias<\/b><span style=\"font-weight: 400;\">.<\/span><\/p>\n<h3><\/h3>\n<h3><b>El esp\u00edritu que nos hace diferentes<\/b><\/h3>\n<p><span style=\"font-weight: 400;\">Lo que hace que esta respuesta sea tan extraordinaria no son solo las cifras: es el esp\u00edritu que hay detr\u00e1s. En una \u00e9poca en la que las instituciones financieras extraen valor de las comunidades, vosotros decid\u00eds <\/span><b>inyectar valor en ellas<\/b><span style=\"font-weight: 400;\">.<\/span><\/p>\n<p><span style=\"font-weight: 400;\">Cuando los bancos tradicionales abandonan a agricultores y peque\u00f1os productores, <\/span><b>vosotros dais un paso adelante para llenar el vac\u00edo<\/b><span style=\"font-weight: 400;\">. Cuando la sabidur\u00eda dominante dice \u201ccuida solo de ti mismo\u201d, vosotros demostr\u00e1is que <\/span><b>la mejor manera de protegerse es protegi\u00e9ndonos unos a otros<\/b><span style=\"font-weight: 400;\">. <\/span><span style=\"font-weight: 400;\"><br \/>\n<\/span><span style=\"font-weight: 400;\"><br \/>\n<\/span><span style=\"font-weight: 400;\">Eso es lo que queremos decir cuando hablamos de la necesidad de ser <\/span><b>el gobernador de vuestro propio banco central<\/b><span style=\"font-weight: 400;\">. No se trata solo de tener oro. Se trata de desplegar capital de manera inteligente, estrat\u00e9gica y comunitaria en los sectores que nos sostienen a todos. Hab\u00e9is entendido este mensaje. Lo hab\u00e9is abrazado. <\/span><b>Y ahora, juntos, actuaremos<\/b><span style=\"font-weight: 400;\">.<\/span><b><\/b><\/p>\n<p>&nbsp;<\/p>\n<p><b>Lo que viene a continuaci\u00f3n: un proyecto digno de vuestra confianza<\/b><b><br \/>\n<\/b><\/p>\n<p><span style=\"font-weight: 400;\">Con vuestro apoyo y con vuestro capital preparado, ahora tenemos tanto la responsabilidad como el privilegio de presentaros un primer proyecto que est\u00e9 a la altura de vuestro entusiasmo.<\/span><\/p>\n<p><span style=\"font-weight: 400;\">Nos c<\/span><b>omprometemos a ofrecer<\/b><span style=\"font-weight: 400;\">:<\/span><\/p>\n<ul>\n<li style=\"font-weight: 400;\" aria-level=\"1\"><b>Calidad: <\/b><span style=\"font-weight: 400;\">Evaluaremos cada oportunidad con el rigor y el cuidado que vuestra confianza exige. Sin atajos. Sin concesiones.<\/span><\/li>\n<li style=\"font-weight: 400;\" aria-level=\"1\"><b>Proximidad: <\/b><span style=\"font-weight: 400;\">Ser\u00e1n proyectos locales, arraigados en las comunidades que compartimos. Podr\u00e9is ver, tocar y entender exactamente d\u00f3nde est\u00e1 trabajando vuestro capital.<\/span><\/li>\n<li style=\"font-weight: 400;\" aria-level=\"1\"><b>Excelentes rendimientos:<\/b><span style=\"font-weight: 400;\"> Nuestro objetivo es claro y ambicioso. <\/span><b>Aspiramos a ofrecer rendimientos que dupliquen los que podr\u00edais obtener invirtiendo en bienes inmuebles<\/b><span style=\"font-weight: 400;\"> para generar ingresos por alquiler \u2014y hacerlo en un periodo responsable de 10 a\u00f1os.<\/span><\/li>\n<\/ul>\n<p><span style=\"font-weight: 400;\">Esto no es una promesa hecha a la ligera. Pero creemos \u2014y esperamos que tambi\u00e9n lo cre\u00e1is vosotros\u2014 que cuando el capital se despliega inteligentemente en sectores esenciales como la producci\u00f3n de alimentos, con las estructuras y socios adecuados, <\/span><b>los rendimientos excepcionales no solo son posibles, sino probables.<\/b><\/p>\n<h3><\/h3>\n<h3><b>Cuando lo imposible se vuelve posible<\/b><\/h3>\n<p><span style=\"font-weight: 400;\">Queremos aprovechar esta oportunidad para <\/span><b>hacer otra petici\u00f3n<\/b><span style=\"font-weight: 400;\"> a esta comunidad extraordinaria.<\/span><\/p>\n<p><span style=\"font-weight: 400;\">Mientras preparamos el primer proyecto, tambi\u00e9n queremos invitaros a dar un paso m\u00e1s con nosotros. <\/span><b>Si ten\u00e9is ideas de proyectos en vuestras propias comunidades<\/b><span style=\"font-weight: 400;\"> \u2014iniciativas agr\u00edcolas, proyectos de producci\u00f3n de alimentos, infraestructuras agr\u00edcolas locales\u2014 por favor, <\/span><b>compartidlas con <\/b><a href=\"https:\/\/share-eu1.hsforms.com\/1sm1bOv9xSpOGJNXXtQP3Tweuzof\"><b>nosotros<\/b><\/a><span style=\"font-weight: 400;\">.<\/span><\/p>\n<p><span style=\"font-weight: 400;\">Y a\u00fan m\u00e1s: si conoc\u00e9is iniciativas que podr\u00edan beneficiarse de un pr\u00e9stamo a inter\u00e9s cero, queremos saberlo.<\/span><\/p>\n<p><span style=\"font-weight: 400;\">Sabemos c\u00f3mo suena. Sabemos que parece imposible. En un mundo en el que el capital exige su libra de carne, en el que los prestamistas extraen cada gota de retorno, <\/span><b>la idea de pr\u00e9stamos sin intereses para proyectos comunitarios parece casi absurda<\/b><span style=\"font-weight: 400;\">. Pero aqu\u00ed est\u00e1 lo que hemos aprendido de vosotros, queridos amigos: lo imposible es solo aquello que no se ha intentado.<\/span><\/p>\n<p><b>Hay maneras de generar grandes rendimientos haciendo lo correcto<\/b><span style=\"font-weight: 400;\">. Hay estructuras que permiten que el capital trabaje para la comunidad al mismo tiempo que recompensa a quienes lo proporcionan. Hay caminos que las finanzas tradicionales no pueden ver porque se niegan a mirar m\u00e1s all\u00e1 de sus propias suposiciones.<\/span><\/p>\n<p><span style=\"font-weight: 400;\">Nosotros miramos. Y con vuestra ayuda, <\/span><b>encontraremos esos caminos juntos<\/b><span style=\"font-weight: 400;\">.<\/span><\/p>\n<p>&nbsp;<\/p>\n<p><b>A los 19: sois nuestros pioneros<\/b><\/p>\n<p><span style=\"font-weight: 400;\">A los 19 miembros que ya hab\u00e9is dado un paso adelante con compromisos concretos: no sois solo inversores. <\/span><b>Sois pioneros<\/b><span style=\"font-weight: 400;\">.<\/span><\/p>\n<p><span style=\"font-weight: 400;\">Sois quienes demostrar\u00e1n que <\/span><b>otro camino es posible<\/b><span style=\"font-weight: 400;\">. Sois quienes, dentro de diez a\u00f1os, sabr\u00e9is que vuestro capital ayud\u00f3 a alimentar familias, sostener a agricultores y <\/span><b>construir resiliencia en las comunidades<\/b><span style=\"font-weight: 400;\"> que am\u00e1is.<\/span><\/p>\n<p><span style=\"font-weight: 400;\">Honraremos vuestra confianza present\u00e1ndoos un proyecto que est\u00e9 a la altura de vuestro coraje y vuestra visi\u00f3n.<\/span><b> Trabajaremos incansablemente para asegurarnos de que vuestro compromiso sea recompensado<\/b><span style=\"font-weight: 400;\"> \u2014no solo financieramente, sino tambi\u00e9n emocionalmente, sabiendo que formasteis parte de algo extraordinario.\u00a0<\/span><\/p>\n<p><span style=\"font-weight: 400;\">Pronto compartiremos con vosotros \u2014los 19\u2014 <\/span><b>la primera oportunidad<\/b><span style=\"font-weight: 400;\">. Y esperamos que, cuando lo hagamos, sint\u00e1is el mismo orgullo y emoci\u00f3n que sentimos nosotros al prepararla.<\/span><\/p>\n<h3><\/h3>\n<h3><b>Una invitaci\u00f3n final para todos<\/b><\/h3>\n<p><span style=\"font-weight: 400;\">A los casi 4.000 que le\u00edsteis el art\u00edculo: <\/span><b>gracias por vuestra atenci\u00f3n y compromiso<\/b><span style=\"font-weight: 400;\">. Tal vez esta iniciativa no sea para vosotros. Tal vez no sea el momento. Tal vez simplemente no quer\u00e1is participar \u2014y eso est\u00e1 perfectamente bien. Ning\u00fan problema.<\/span><\/p>\n<p><span style=\"font-weight: 400;\">Lo que realmente importa \u2014mucho m\u00e1s que cualquier compromiso puntual\u2014 <\/span><b>es que sig\u00e1is ah\u00ed, que sig\u00e1is escuchando<\/b><span style=\"font-weight: 400;\">. Eso nos da motivos para continuar luchando. Nos recuerda que no estamos solos. Alimenta la convicci\u00f3n de que otro camino es posible.<\/span><\/p>\n<p><span style=\"font-weight: 400;\">A los 109 que expresasteis inter\u00e9s: <\/span><b>pronto nos pondremos en contacto con m\u00e1s detalles<\/b><span style=\"font-weight: 400;\">. Vuestra curiosidad es la semilla de la acci\u00f3n.<\/span><\/p>\n<p><span style=\"font-weight: 400;\">A los 19 que comprometisteis recursos: <\/span><b>sois nuestro coraz\u00f3n<\/b><span style=\"font-weight: 400;\">. Sois la prueba de que esta comunidad es diferente de cualquier otra.<\/span><\/p>\n<p><span style=\"font-weight: 400;\">Y a todos los miembros de 11Onze: <\/span><b>particip\u00e9is o no en esta iniciativa concreta, sabed que form\u00e1is parte de algo especial<\/b><span style=\"font-weight: 400;\">. Una comunidad que lee, reflexiona y act\u00faa. Una comunidad que se protege construyendo conjuntamente. Una comunidad que rechaza la idea de que la \u00fanica manera de ganar es que alguien m\u00e1s pierda.<\/span><\/p>\n<p><b>Juntos, estamos construyendo un futuro diferente.<\/b><\/p>\n<p><span style=\"font-weight: 400;\">Con una profunda gratitud y nuestro saludo m\u00e1s c\u00e1lido,<\/span><span style=\"font-weight: 400;\"><br \/>\n<\/span><b>El equipo de 11Onze<\/b><\/p>\n<p>&nbsp;<\/p>\n<p><b>P. D. \u2014 Si ten\u00e9is ideas de proyectos, contactos con iniciativas, o conoc\u00e9is agricultores o productores que podr\u00edan beneficiarse de una financiaci\u00f3n respaldada por la comunidad, poneos en contacto <\/b><a href=\"https:\/\/share-eu1.hsforms.com\/1sm1bOv9xSpOGJNXXtQP3Tweuzof\"><b>aqu\u00ed<\/b><\/a><b>. Os escuchamos. Estamos preparados. Y con vuestra ayuda, construiremos.<\/b><\/p>\n\n      <\/div>\n    <\/div>\n  <\/div>\n<\/div>\n\n\n<div class=\"component cards\">\n  <div class=\"container\">\n    <div class=\"row\">\n      <div class=\"col col-xl-8 offset-xl-2\">\n        <h1>Si quieres profundizar en esta iniciativa, te recomendamos:<\/h1>\n        <div class=\"cards__wrapper\">\n          <div class=\"card\">\n            <a href=\"https:\/\/www.11onze.cat\/es\/magazine\/converteixte-governador-propi-banc-central\/\" class=\"card-link\" target=\"_self\"><\/a>\n            <div class=\"card-img\">\n              <img decoding=\"async\" src=\"https:\/\/www.11onze.cat\/wp-content\/uploads\/2026\/03\/THUMBNAIL_Governador_propi_Banc_Central-768x512.jpg\" class=\"card-img-top\" alt=\"\">\n                <span class=\"card-category\">11Onze<\/span>\n            <\/div>\n            <div class=\"card-body\">\n              <p class=\"card-title p2\"><strong>Convi\u00e9rtete en el Gobernador de tu propio Banco Central<\/strong><\/p>\n              <span class=\"card-time\">7min lectura<\/span>\n              <p class=\"card-text small\">En el m\u00f3n estrany de la regulaci\u00f3 banc\u00e0ria global, una&#8230; <\/p>\n            <\/div>\n          <\/div>\n\n\n          <div class=\"card\">\n            <a href=\"https:\/\/www.11onze.cat\/es\/magazine\/campesinado-reserva-estrategic\/\" class=\"card-link\" target=\"_self\"><\/a>\n            <div class=\"card-img\">\n              <img decoding=\"async\" src=\"https:\/\/www.11onze.cat\/wp-content\/uploads\/2026\/03\/THUMBNAIL_Pagesia_Reserva_Estrategica-768x512.jpg\" class=\"card-img-top\" alt=\"\">\n                <span class=\"card-category\">11Onze<\/span>\n            <\/div>\n            <div class=\"card-body\">\n              <p class=\"card-title p2\"><strong>El campesinado: la otra reserva estrat\u00e9gica<\/strong><\/p>\n              <span class=\"card-time\">7min lectura<\/span>\n              <p class=\"card-text small\">Hay una pregunta inc\u00f3moda que Catalu\u00f1a y Europa&#8230;<\/p>\n            <\/div>\n          <\/div>\n\n\n          <div class=\"card\">\n            <a href=\"https:\/\/www.11onze.cat\/es\/magazine\/cataluna-renuncia-soberania-alimentaria\/\" class=\"card-link\" target=\"_self\"><\/a>\n            <div class=\"card-img\">\n              <img decoding=\"async\" src=\"https:\/\/www.11onze.cat\/wp-content\/uploads\/2024\/02\/THUMBNAIL_sobirania_alimentaria-768x512.png\" class=\"card-img-top\" alt=\"\">\n                <span class=\"card-category\">11Onze<\/span>\n            <\/div>\n            <div class=\"card-body\">\n              <p class=\"card-title p2\"><strong>\u00bfCatalu\u00f1a renuncia a la soberan\u00eda alimentaria?<\/strong><\/p>\n              <span class=\"card-time\">7min lectura<\/span>\n              <p class=\"card-text small\">Las reivindicaciones de los campesinos y agricultores,&#8230;<\/p>\n            <\/div>\n          <\/div>\n\n              <\/div>\n              <br>\n              <br>\n              <div class=\"cards__wrapper\">\n\n        <\/div>\n      <\/div>\n    <\/div>\n  <\/div>\n<\/div>","protected":false},"excerpt":{"rendered":"","protected":false},"author":71,"featured_media":55593,"comment_status":"closed","ping_status":"closed","sticky":false,"template":"","format":"standard","meta":{"_acf_changed":true,"content-type":"","footnotes":""},"categories":[28],"tags":[189],"class_list":["post-55591","post","type-post","status-publish","format-standard","has-post-thumbnail","hentry","category-sin-categorizar","tag-11onze-es"],"acf":[],"yoast_head":"<!-- This site is optimized with the Yoast SEO plugin v27.5 - https:\/\/yoast.com\/product\/yoast-seo-wordpress\/ -->\n<title>Carta a la comunidad 11Onze: un sincero agradecimiento -11Onze<\/title>\n<meta name=\"description\" content=\"El presidente de 11Onze se dirige a la comunidad por la incre\u00edble respuesta al llamamiento para financiar el sector agroalimentario.\" \/>\n<meta name=\"robots\" content=\"index, follow, max-snippet:-1, max-image-preview:large, max-video-preview:-1\" \/>\n<link rel=\"canonical\" href=\"https:\/\/www.11onze.cat\/es\/magazine\/carta-comunidad-11onze-agradecimiento\/\" \/>\n<meta property=\"og:locale\" content=\"es_ES\" \/>\n<meta property=\"og:type\" content=\"article\" \/>\n<meta property=\"og:title\" content=\"Carta a la comunidad 11Onze: un sincero agradecimiento -11Onze\" \/>\n<meta property=\"og:description\" content=\"El presidente de 11Onze se dirige a la comunidad por la incre\u00edble respuesta al llamamiento para financiar el sector agroalimentario.\" \/>\n<meta property=\"og:url\" content=\"https:\/\/www.11onze.cat\/es\/magazine\/carta-comunidad-11onze-agradecimiento\/\" \/>\n<meta property=\"og:site_name\" content=\"11Onze\" \/>\n<meta property=\"article:publisher\" content=\"https:\/\/www.facebook.com\/11OnzeComunitat\" \/>\n<meta property=\"article:published_time\" content=\"2026-03-12T11:11:00+00:00\" \/>\n<meta property=\"article:modified_time\" content=\"2026-03-14T08:26:37+00:00\" \/>\n<meta property=\"og:image\" content=\"https:\/\/www.11onze.cat\/wp-content\/uploads\/2026\/03\/THUMBNAIL_Agraiment-800x533.jpg\" \/>\n<meta name=\"author\" content=\"Equip Editorial\" \/>\n<meta name=\"twitter:card\" content=\"summary_large_image\" \/>\n<meta name=\"twitter:creator\" content=\"@11OnzeFintech\" \/>\n<meta name=\"twitter:site\" content=\"@11OnzeFintech\" \/>\n<meta name=\"twitter:label1\" content=\"Escrito por\" \/>\n\t<meta name=\"twitter:data1\" content=\"Equip Editorial\" \/>\n\t<meta name=\"twitter:label2\" content=\"Tiempo de lectura\" \/>\n\t<meta name=\"twitter:data2\" content=\"1 minuto\" \/>\n<script type=\"application\/ld+json\" class=\"yoast-schema-graph\">{\"@context\":\"https:\\\/\\\/schema.org\",\"@graph\":[{\"@type\":\"Article\",\"@id\":\"https:\\\/\\\/www.11onze.cat\\\/es\\\/magazine\\\/carta-comunidad-11onze-agradecimiento\\\/#article\",\"isPartOf\":{\"@id\":\"https:\\\/\\\/www.11onze.cat\\\/es\\\/magazine\\\/carta-comunidad-11onze-agradecimiento\\\/\"},\"author\":{\"name\":\"Equip Editorial\",\"@id\":\"https:\\\/\\\/www.11onze.cat\\\/es\\\/#\\\/schema\\\/person\\\/636d99b4c82bb7178687ecd43c3a61bd\"},\"headline\":\"Carta a la comunidad 11Onze: un sincero agradecimiento\",\"datePublished\":\"2026-03-12T11:11:00+00:00\",\"dateModified\":\"2026-03-14T08:26:37+00:00\",\"mainEntityOfPage\":{\"@id\":\"https:\\\/\\\/www.11onze.cat\\\/es\\\/magazine\\\/carta-comunidad-11onze-agradecimiento\\\/\"},\"wordCount\":8,\"publisher\":{\"@id\":\"https:\\\/\\\/www.11onze.cat\\\/es\\\/#organization\"},\"image\":{\"@id\":\"https:\\\/\\\/www.11onze.cat\\\/es\\\/magazine\\\/carta-comunidad-11onze-agradecimiento\\\/#primaryimage\"},\"thumbnailUrl\":\"https:\\\/\\\/www.11onze.cat\\\/wp-content\\\/uploads\\\/2026\\\/03\\\/THUMBNAIL_Agraiment.jpg\",\"keywords\":[\"11Onze\"],\"articleSection\":[\"Sin categorizar\"],\"inLanguage\":\"es\"},{\"@type\":\"WebPage\",\"@id\":\"https:\\\/\\\/www.11onze.cat\\\/es\\\/magazine\\\/carta-comunidad-11onze-agradecimiento\\\/\",\"url\":\"https:\\\/\\\/www.11onze.cat\\\/es\\\/magazine\\\/carta-comunidad-11onze-agradecimiento\\\/\",\"name\":\"Carta a la comunidad 11Onze: un sincero agradecimiento -11Onze\",\"isPartOf\":{\"@id\":\"https:\\\/\\\/www.11onze.cat\\\/es\\\/#website\"},\"primaryImageOfPage\":{\"@id\":\"https:\\\/\\\/www.11onze.cat\\\/es\\\/magazine\\\/carta-comunidad-11onze-agradecimiento\\\/#primaryimage\"},\"image\":{\"@id\":\"https:\\\/\\\/www.11onze.cat\\\/es\\\/magazine\\\/carta-comunidad-11onze-agradecimiento\\\/#primaryimage\"},\"thumbnailUrl\":\"https:\\\/\\\/www.11onze.cat\\\/wp-content\\\/uploads\\\/2026\\\/03\\\/THUMBNAIL_Agraiment.jpg\",\"datePublished\":\"2026-03-12T11:11:00+00:00\",\"dateModified\":\"2026-03-14T08:26:37+00:00\",\"description\":\"El presidente de 11Onze se dirige a la comunidad por la incre\u00edble respuesta al llamamiento para financiar el sector agroalimentario.\",\"breadcrumb\":{\"@id\":\"https:\\\/\\\/www.11onze.cat\\\/es\\\/magazine\\\/carta-comunidad-11onze-agradecimiento\\\/#breadcrumb\"},\"inLanguage\":\"es\",\"potentialAction\":[{\"@type\":\"ReadAction\",\"target\":[\"https:\\\/\\\/www.11onze.cat\\\/es\\\/magazine\\\/carta-comunidad-11onze-agradecimiento\\\/\"]}]},{\"@type\":\"ImageObject\",\"inLanguage\":\"es\",\"@id\":\"https:\\\/\\\/www.11onze.cat\\\/es\\\/magazine\\\/carta-comunidad-11onze-agradecimiento\\\/#primaryimage\",\"url\":\"https:\\\/\\\/www.11onze.cat\\\/wp-content\\\/uploads\\\/2026\\\/03\\\/THUMBNAIL_Agraiment.jpg\",\"contentUrl\":\"https:\\\/\\\/www.11onze.cat\\\/wp-content\\\/uploads\\\/2026\\\/03\\\/THUMBNAIL_Agraiment.jpg\",\"width\":1200,\"height\":800},{\"@type\":\"BreadcrumbList\",\"@id\":\"https:\\\/\\\/www.11onze.cat\\\/es\\\/magazine\\\/carta-comunidad-11onze-agradecimiento\\\/#breadcrumb\",\"itemListElement\":[{\"@type\":\"ListItem\",\"position\":1,\"name\":\"Home\",\"item\":\"https:\\\/\\\/www.11onze.cat\\\/es\\\/\"},{\"@type\":\"ListItem\",\"position\":2,\"name\":\"Carta a la comunidad 11Onze: un sincero agradecimiento\"}]},{\"@type\":\"WebSite\",\"@id\":\"https:\\\/\\\/www.11onze.cat\\\/es\\\/#website\",\"url\":\"https:\\\/\\\/www.11onze.cat\\\/es\\\/\",\"name\":\"11Onze\",\"description\":\"Primera comunidad fintech digital en Catalu\u00f1a\",\"publisher\":{\"@id\":\"https:\\\/\\\/www.11onze.cat\\\/es\\\/#organization\"},\"potentialAction\":[{\"@type\":\"SearchAction\",\"target\":{\"@type\":\"EntryPoint\",\"urlTemplate\":\"https:\\\/\\\/www.11onze.cat\\\/es\\\/?s={search_term_string}\"},\"query-input\":{\"@type\":\"PropertyValueSpecification\",\"valueRequired\":true,\"valueName\":\"search_term_string\"}}],\"inLanguage\":\"es\"},{\"@type\":\"Organization\",\"@id\":\"https:\\\/\\\/www.11onze.cat\\\/es\\\/#organization\",\"name\":\"11Onze\",\"url\":\"https:\\\/\\\/www.11onze.cat\\\/es\\\/\",\"logo\":{\"@type\":\"ImageObject\",\"inLanguage\":\"es\",\"@id\":\"https:\\\/\\\/www.11onze.cat\\\/es\\\/#\\\/schema\\\/logo\\\/image\\\/\",\"url\":\"https:\\\/\\\/www.11onze.cat\\\/wp-content\\\/uploads\\\/2021\\\/04\\\/512x512-11Onze.jpg\",\"contentUrl\":\"https:\\\/\\\/www.11onze.cat\\\/wp-content\\\/uploads\\\/2021\\\/04\\\/512x512-11Onze.jpg\",\"width\":512,\"height\":512,\"caption\":\"11Onze\"},\"image\":{\"@id\":\"https:\\\/\\\/www.11onze.cat\\\/es\\\/#\\\/schema\\\/logo\\\/image\\\/\"},\"sameAs\":[\"https:\\\/\\\/www.facebook.com\\\/11OnzeComunitat\",\"https:\\\/\\\/x.com\\\/11OnzeFintech\",\"https:\\\/\\\/www.instagram.com\\\/11onzecat\\\/\",\"https:\\\/\\\/www.linkedin.com\\\/company\\\/11onzebanc\",\"https:\\\/\\\/www.youtube.com\\\/channel\\\/UCz63R8Byd_kBKtK2M4Qf_7w\"]},{\"@type\":\"Person\",\"@id\":\"https:\\\/\\\/www.11onze.cat\\\/es\\\/#\\\/schema\\\/person\\\/636d99b4c82bb7178687ecd43c3a61bd\",\"name\":\"Equip Editorial\",\"image\":{\"@type\":\"ImageObject\",\"inLanguage\":\"es\",\"@id\":\"https:\\\/\\\/www.11onze.cat\\\/wp-content\\\/uploads\\\/2022\\\/05\\\/HEADER_AGENTS_DECK-300x300.jpg\",\"url\":\"https:\\\/\\\/www.11onze.cat\\\/wp-content\\\/uploads\\\/2022\\\/05\\\/HEADER_AGENTS_DECK-300x300.jpg\",\"contentUrl\":\"https:\\\/\\\/www.11onze.cat\\\/wp-content\\\/uploads\\\/2022\\\/05\\\/HEADER_AGENTS_DECK-300x300.jpg\",\"caption\":\"Equip Editorial\"},\"url\":\"https:\\\/\\\/www.11onze.cat\\\/es\\\/magazine\\\/author\\\/equip-editorial-11onze\\\/\"}]}<\/script>\n<!-- \/ Yoast SEO plugin. -->","yoast_head_json":{"title":"Carta a la comunidad 11Onze: un sincero agradecimiento -11Onze","description":"El presidente de 11Onze se dirige a la comunidad por la incre\u00edble respuesta al llamamiento para financiar el sector agroalimentario.","robots":{"index":"index","follow":"follow","max-snippet":"max-snippet:-1","max-image-preview":"max-image-preview:large","max-video-preview":"max-video-preview:-1"},"canonical":"https:\/\/www.11onze.cat\/es\/magazine\/carta-comunidad-11onze-agradecimiento\/","og_locale":"es_ES","og_type":"article","og_title":"Carta a la comunidad 11Onze: un sincero agradecimiento -11Onze","og_description":"El presidente de 11Onze se dirige a la comunidad por la incre\u00edble respuesta al llamamiento para financiar el sector agroalimentario.","og_url":"https:\/\/www.11onze.cat\/es\/magazine\/carta-comunidad-11onze-agradecimiento\/","og_site_name":"11Onze","article_publisher":"https:\/\/www.facebook.com\/11OnzeComunitat","article_published_time":"2026-03-12T11:11:00+00:00","article_modified_time":"2026-03-14T08:26:37+00:00","og_image":[{"url":"https:\/\/www.11onze.cat\/wp-content\/uploads\/2026\/03\/THUMBNAIL_Agraiment-800x533.jpg","type":"","width":"","height":""}],"author":"Equip Editorial","twitter_card":"summary_large_image","twitter_creator":"@11OnzeFintech","twitter_site":"@11OnzeFintech","twitter_misc":{"Escrito por":"Equip Editorial","Tiempo de lectura":"1 minuto"},"schema":{"@context":"https:\/\/schema.org","@graph":[{"@type":"Article","@id":"https:\/\/www.11onze.cat\/es\/magazine\/carta-comunidad-11onze-agradecimiento\/#article","isPartOf":{"@id":"https:\/\/www.11onze.cat\/es\/magazine\/carta-comunidad-11onze-agradecimiento\/"},"author":{"name":"Equip Editorial","@id":"https:\/\/www.11onze.cat\/es\/#\/schema\/person\/636d99b4c82bb7178687ecd43c3a61bd"},"headline":"Carta a la comunidad 11Onze: un sincero agradecimiento","datePublished":"2026-03-12T11:11:00+00:00","dateModified":"2026-03-14T08:26:37+00:00","mainEntityOfPage":{"@id":"https:\/\/www.11onze.cat\/es\/magazine\/carta-comunidad-11onze-agradecimiento\/"},"wordCount":8,"publisher":{"@id":"https:\/\/www.11onze.cat\/es\/#organization"},"image":{"@id":"https:\/\/www.11onze.cat\/es\/magazine\/carta-comunidad-11onze-agradecimiento\/#primaryimage"},"thumbnailUrl":"https:\/\/www.11onze.cat\/wp-content\/uploads\/2026\/03\/THUMBNAIL_Agraiment.jpg","keywords":["11Onze"],"articleSection":["Sin categorizar"],"inLanguage":"es"},{"@type":"WebPage","@id":"https:\/\/www.11onze.cat\/es\/magazine\/carta-comunidad-11onze-agradecimiento\/","url":"https:\/\/www.11onze.cat\/es\/magazine\/carta-comunidad-11onze-agradecimiento\/","name":"Carta a la comunidad 11Onze: un sincero agradecimiento -11Onze","isPartOf":{"@id":"https:\/\/www.11onze.cat\/es\/#website"},"primaryImageOfPage":{"@id":"https:\/\/www.11onze.cat\/es\/magazine\/carta-comunidad-11onze-agradecimiento\/#primaryimage"},"image":{"@id":"https:\/\/www.11onze.cat\/es\/magazine\/carta-comunidad-11onze-agradecimiento\/#primaryimage"},"thumbnailUrl":"https:\/\/www.11onze.cat\/wp-content\/uploads\/2026\/03\/THUMBNAIL_Agraiment.jpg","datePublished":"2026-03-12T11:11:00+00:00","dateModified":"2026-03-14T08:26:37+00:00","description":"El presidente de 11Onze se dirige a la comunidad por la incre\u00edble respuesta al llamamiento para financiar el sector agroalimentario.","breadcrumb":{"@id":"https:\/\/www.11onze.cat\/es\/magazine\/carta-comunidad-11onze-agradecimiento\/#breadcrumb"},"inLanguage":"es","potentialAction":[{"@type":"ReadAction","target":["https:\/\/www.11onze.cat\/es\/magazine\/carta-comunidad-11onze-agradecimiento\/"]}]},{"@type":"ImageObject","inLanguage":"es","@id":"https:\/\/www.11onze.cat\/es\/magazine\/carta-comunidad-11onze-agradecimiento\/#primaryimage","url":"https:\/\/www.11onze.cat\/wp-content\/uploads\/2026\/03\/THUMBNAIL_Agraiment.jpg","contentUrl":"https:\/\/www.11onze.cat\/wp-content\/uploads\/2026\/03\/THUMBNAIL_Agraiment.jpg","width":1200,"height":800},{"@type":"BreadcrumbList","@id":"https:\/\/www.11onze.cat\/es\/magazine\/carta-comunidad-11onze-agradecimiento\/#breadcrumb","itemListElement":[{"@type":"ListItem","position":1,"name":"Home","item":"https:\/\/www.11onze.cat\/es\/"},{"@type":"ListItem","position":2,"name":"Carta a la comunidad 11Onze: un sincero agradecimiento"}]},{"@type":"WebSite","@id":"https:\/\/www.11onze.cat\/es\/#website","url":"https:\/\/www.11onze.cat\/es\/","name":"11Onze","description":"Primera comunidad fintech digital en Catalu\u00f1a","publisher":{"@id":"https:\/\/www.11onze.cat\/es\/#organization"},"potentialAction":[{"@type":"SearchAction","target":{"@type":"EntryPoint","urlTemplate":"https:\/\/www.11onze.cat\/es\/?s={search_term_string}"},"query-input":{"@type":"PropertyValueSpecification","valueRequired":true,"valueName":"search_term_string"}}],"inLanguage":"es"},{"@type":"Organization","@id":"https:\/\/www.11onze.cat\/es\/#organization","name":"11Onze","url":"https:\/\/www.11onze.cat\/es\/","logo":{"@type":"ImageObject","inLanguage":"es","@id":"https:\/\/www.11onze.cat\/es\/#\/schema\/logo\/image\/","url":"https:\/\/www.11onze.cat\/wp-content\/uploads\/2021\/04\/512x512-11Onze.jpg","contentUrl":"https:\/\/www.11onze.cat\/wp-content\/uploads\/2021\/04\/512x512-11Onze.jpg","width":512,"height":512,"caption":"11Onze"},"image":{"@id":"https:\/\/www.11onze.cat\/es\/#\/schema\/logo\/image\/"},"sameAs":["https:\/\/www.facebook.com\/11OnzeComunitat","https:\/\/x.com\/11OnzeFintech","https:\/\/www.instagram.com\/11onzecat\/","https:\/\/www.linkedin.com\/company\/11onzebanc","https:\/\/www.youtube.com\/channel\/UCz63R8Byd_kBKtK2M4Qf_7w"]},{"@type":"Person","@id":"https:\/\/www.11onze.cat\/es\/#\/schema\/person\/636d99b4c82bb7178687ecd43c3a61bd","name":"Equip Editorial","image":{"@type":"ImageObject","inLanguage":"es","@id":"https:\/\/www.11onze.cat\/wp-content\/uploads\/2022\/05\/HEADER_AGENTS_DECK-300x300.jpg","url":"https:\/\/www.11onze.cat\/wp-content\/uploads\/2022\/05\/HEADER_AGENTS_DECK-300x300.jpg","contentUrl":"https:\/\/www.11onze.cat\/wp-content\/uploads\/2022\/05\/HEADER_AGENTS_DECK-300x300.jpg","caption":"Equip Editorial"},"url":"https:\/\/www.11onze.cat\/es\/magazine\/author\/equip-editorial-11onze\/"}]}},"_links":{"self":[{"href":"https:\/\/www.11onze.cat\/es\/wp-json\/wp\/v2\/posts\/55591","targetHints":{"allow":["GET"]}}],"collection":[{"href":"https:\/\/www.11onze.cat\/es\/wp-json\/wp\/v2\/posts"}],"about":[{"href":"https:\/\/www.11onze.cat\/es\/wp-json\/wp\/v2\/types\/post"}],"author":[{"embeddable":true,"href":"https:\/\/www.11onze.cat\/es\/wp-json\/wp\/v2\/users\/71"}],"replies":[{"embeddable":true,"href":"https:\/\/www.11onze.cat\/es\/wp-json\/wp\/v2\/comments?post=55591"}],"version-history":[{"count":0,"href":"https:\/\/www.11onze.cat\/es\/wp-json\/wp\/v2\/posts\/55591\/revisions"}],"wp:featuredmedia":[{"embeddable":true,"href":"https:\/\/www.11onze.cat\/es\/wp-json\/wp\/v2\/media\/55593"}],"wp:attachment":[{"href":"https:\/\/www.11onze.cat\/es\/wp-json\/wp\/v2\/media?parent=55591"}],"wp:term":[{"taxonomy":"category","embeddable":true,"href":"https:\/\/www.11onze.cat\/es\/wp-json\/wp\/v2\/categories?post=55591"},{"taxonomy":"post_tag","embeddable":true,"href":"https:\/\/www.11onze.cat\/es\/wp-json\/wp\/v2\/tags?post=55591"}],"curies":[{"name":"wp","href":"https:\/\/api.w.org\/{rel}","templated":true}]}}