{"id":55509,"date":"2026-03-11T17:00:00","date_gmt":"2026-03-11T16:00:00","guid":{"rendered":"https:\/\/www.11onze.cat\/?p=55509"},"modified":"2026-03-06T16:31:23","modified_gmt":"2026-03-06T15:31:23","slug":"futuro-distopico-descentralizado","status":"publish","type":"post","link":"https:\/\/www.11onze.cat\/es\/magazine\/futuro-distopico-descentralizado\/","title":{"rendered":"\u00bfFuturo dist\u00f3pico o descentralizado?"},"content":{"rendered":"<div class=\"component text\">\n  <div class=\"container\">\n\n\n    <div class=\"row\">\n      <div class=\"col  col-lg-8  offset-lg-2\">\n        <h3><b>El siglo XX nos educ\u00f3 en una fe obstinada: el futuro ser\u00eda mejor que el pasado. No era solo optimismo; era arquitectura institucional. Tras la Segunda Guerra Mundial se materializ\u00f3 un nuevo orden econ\u00f3mico internacional que, con matices y tensiones, ha llegado hasta nuestros d\u00edas.<\/b><\/h3>\n<p>&nbsp;<\/p>\n<p><span style=\"font-weight: 400;\">Los vencedores del conflicto entendieron que, para que ese nuevo orden funcionara, <\/span><b>era necesario establecer un sistema pol\u00edtico-econ\u00f3mico<\/b><span style=\"font-weight: 400;\"> capaz de estabilizar las monedas, reconstruir las econom\u00edas devastadas y asegurar mercados estables para una expansi\u00f3n comercial a gran escala, todo ello regulado seg\u00fan sus propias reglas.<\/span><\/p>\n<p><span style=\"font-weight: 400;\">Por este motivo, la creaci\u00f3n de instituciones como el Banco Mundial y el Fondo Monetario Internacional (1945) no fue un simple acuerdo t\u00e9cnico; <\/span><b>m\u00e1s bien representaba la inserci\u00f3n, dentro del imaginario colectivo general, de una idea poderosa<\/b><span style=\"font-weight: 400;\">: el crecimiento pod\u00eda organizarse, la prosperidad pod\u00eda planificarse y el futuro pod\u00eda administrarse. De esa convicci\u00f3n emergieron dos modelos de sociedad \u2014menos antag\u00f3nicos de lo que a menudo se presenta\u2014 que durante d\u00e9cadas disputar\u00edan la hegemon\u00eda global.<\/span><\/p>\n<p><span style=\"font-weight: 400;\">Durante a\u00f1os, <\/span><b>aquella confianza<\/b><span style=\"font-weight: 400;\"> \u2014basada en tensionar ambos modelos\u2014<\/span><b> produjo resultados tangibles<\/b><span style=\"font-weight: 400;\">. La expansi\u00f3n industrial, la consolidaci\u00f3n del estado del bienestar y el aumento sostenido del PIB per c\u00e1pita reforzaron la narrativa de progreso lineal. El ma\u00f1ana no era una amenaza, sino una promesa estructural.<\/span><\/p>\n<p><span style=\"font-weight: 400;\">Entre 1950 y 1973, <\/span><b>el mundo experiment\u00f3 un crecimiento sostenido y generalizado que consolid\u00f3 tres ejes b\u00e1sicos<\/b><span style=\"font-weight: 400;\">: progreso material, ampliaci\u00f3n de los derechos sociales y consolidaci\u00f3n de una clase media confiada. Las democracias occidentales aprovecharon para proyectar la idea de que el futuro ser\u00eda una prolongaci\u00f3n mejorada del presente.<\/span><\/p>\n<p><span style=\"font-weight: 400;\">Pero aquel futuro \u2014que es nuestro presente\u2014 <\/span><b>ya no se percibe igual<\/b><span style=\"font-weight: 400;\">.<\/span><\/p>\n<p><span style=\"font-weight: 400;\">Hoy el futuro es advertencia. El relato dominante habla de <\/span><b>colapso clim\u00e1tico<\/b><span style=\"font-weight: 400;\"> \u2014avalado por los informes del Grupo Intergubernamental de Expertos sobre el Cambio Clim\u00e1tico\u2014, de <\/span><b>endeudamiento estructural y de riesgos sist\u00e9micos asociados a la inteligencia artificial<\/b><span style=\"font-weight: 400;\">, debatidos en foros como la Organizaci\u00f3n para la Cooperaci\u00f3n y el Desarrollo Econ\u00f3micos o el Parlamento Europeo.<\/span><\/p>\n<p><span style=\"font-weight: 400;\">El futuro ya no es una promesa de emancipaci\u00f3n, <\/span><b>sino un escenario de supervisi\u00f3n<\/b><span style=\"font-weight: 400;\">. La cuesti\u00f3n, sin embargo, no es si existen riesgos \u2014la historia nos recuerda que siempre los ha habido\u2014, sino <\/span><b>por qu\u00e9 todas las proyecciones de futuro parecen converger en una misma conclusi\u00f3n impl\u00edcita<\/b><span style=\"font-weight: 400;\">: m\u00e1s centralizaci\u00f3n.<\/span><\/p>\n<p><span style=\"font-weight: 400;\">Cuando imaginamos una crisis financiera, imaginamos bancos centrales con poderes ampliados; cuando imaginamos caos informativo, imaginamos regulaciones masivas; cuando imaginamos emergencia clim\u00e1tica, imaginamos macroinfraestructuras dirigidas desde arriba. Por tanto, <\/span><b>la distop\u00eda, casi siempre, termina en concentraci\u00f3n<\/b><span style=\"font-weight: 400;\">.<\/span><\/p>\n<p>&nbsp;<\/p>\n<h3><b>El miedo como arquitectura del centro<\/b><\/h3>\n<p><span style=\"font-weight: 400;\">La historia del pensamiento econ\u00f3mico \u2014de Karl Marx a Karl Polanyi\u2014 ha se\u00f1alado un patr\u00f3n inc\u00f3modo: <\/span><b>las crisis del capitalismo no son simples interrupciones, sino aceleradores de procesos de concentraci\u00f3n y reordenaci\u00f3n institucional<\/b><span style=\"font-weight: 400;\">. No es un accidente; es una din\u00e1mica recurrente. Tras 1929, el Estado expandi\u00f3 competencias para estabilizar sociedades convulsas. Tras 2008, los bancos centrales inflaron sus balances hasta l\u00edmites desconocidos. Y despu\u00e9s de 2020, la deuda p\u00fablica global registr\u00f3 el mayor incremento desde la Segunda Guerra Mundial. Las crisis no disuelven el poder; lo redistribuyen.<\/span><\/p>\n<p><span style=\"font-weight: 400;\">En paralelo, el capital tiende a reagruparse. En entornos de incertidumbre, no desaparece: busca refugio. <\/span><b>Y el refugio suele ser grande, concentrado y protegido institucionalmente<\/b><span style=\"font-weight: 400;\">. Las crisis no solo redistribuyen riqueza; redefinen jerarqu\u00edas.<\/span><\/p>\n<p><span style=\"font-weight: 400;\">El miedo, en este contexto, se convierte en arquitectura de poder. <\/span><b>Cuando el riesgo se percibe como sist\u00e9mico, la sociedad acepta \u2014y a menudo reclama\u2014 estructuras m\u00e1s verticales<\/b><span style=\"font-weight: 400;\">. En este contexto de inseguridad, tambi\u00e9n se explica el auge de fuerzas pol\u00edticas que ofrecen orden e identidad como respuesta a la incertidumbre global. La centralizaci\u00f3n no aparece como una imposici\u00f3n, sino como una garant\u00eda de orden. Y, por tanto, la seguridad justifica la concentraci\u00f3n.<\/span><\/p>\n<p><span style=\"font-weight: 400;\">Aqu\u00ed opera un mecanismo m\u00e1s sutil. El relato condiciona el flujo del capital. Ya lo advert\u00eda John Maynard Keynes con sus \u201canimal spirits\u201d:<\/span><b> las expectativas modelan la inversi\u00f3n<\/b><span style=\"font-weight: 400;\">. Si el futuro se imagina como escasez energ\u00e9tica, invertiremos en macroinfraestructuras; si se concibe como guerra tecnol\u00f3gica, reforzaremos vigilancia y defensa; si se teme inestabilidad financiera, aceptaremos mecanismos de control m\u00e1s estrictos. Imaginar centralizaci\u00f3n acaba produciendo centralizaci\u00f3n.<\/span><\/p>\n<p><span style=\"font-weight: 400;\">Sin embargo, esta inercia olvida otra tradici\u00f3n hist\u00f3rica: <\/span><b>la del mutualismo y las formas de organizaci\u00f3n basadas en la cooperaci\u00f3n y la distribuci\u00f3n del riesgo<\/b><span style=\"font-weight: 400;\">. Durante el siglo XIX y buena parte del XX, cooperativas, cajas de ahorro y sociedades de socorro mutuo demostraron que era posible articular sistemas financieros sin una concentraci\u00f3n extrema del poder. La descentralizaci\u00f3n no era teor\u00eda; era pr\u00e1ctica institucional.<\/span><\/p>\n<p><span style=\"font-weight: 400;\">Hoy esta l\u00f3gica reaparece bajo nuevas formas. <\/span><b>La embedded finance <\/b><span style=\"font-weight: 400;\">\u2014la integraci\u00f3n de servicios financieros dentro de plataformas digitales\u2014<\/span><b> puede disociar banca e infraestructura tradicional, reduciendo intermediarios y redistribuyendo capacidad operativa<\/b><span style=\"font-weight: 400;\">. As\u00ed como antes la electricidad separ\u00f3 producci\u00f3n y consumo, o internet naci\u00f3 como una red distribuida, las tecnolog\u00edas actuales pueden reforzar grandes plataformas o facilitar ecosistemas m\u00e1s abiertos. La tecnolog\u00eda no concentra ni distribuye poder por s\u00ed sola; lo hace su arquitectura institucional.<\/span><\/p>\n<p><span style=\"font-weight: 400;\">El relato dist\u00f3pico tiende a presentar la concentraci\u00f3n como inevitable. <\/span><b>Pero la inevitabilidad suele ser cultural antes que t\u00e9cnica<\/b><span style=\"font-weight: 400;\">. Cuando asumimos que solo el centro puede protegernos, lo reforzamos. Cuando construimos redes, multiplicamos los centros. Y en esa elecci\u00f3n \u2014m\u00e1s que en la tecnolog\u00eda\u2014 se decide la forma del futuro.<\/span><\/p>\n<p>&nbsp;<\/p>\n<h3><b>La comunidad como centro<\/b><\/h3>\n<p><span style=\"font-weight: 400;\">Descentralizar no significa abolir el Estado ni glorificar el caos. Significa r<\/span><b>educir dependencias cr\u00edticas, diversificar riesgos y distribuir la toma de decisiones<\/b><span style=\"font-weight: 400;\">. Significa evitar que un \u00fanico actor \u2014p\u00fablico o privado\u2014 concentre vulnerabilidades que, cuando fallan, arrastran a todo el sistema. Las sociedades resilientes no son las que acumulan m\u00e1s poder en un centro, sino las que mejor reparten la responsabilidad.<\/span><\/p>\n<p><span style=\"font-weight: 400;\">El debate real, por tanto, <\/span><b>no es tecnol\u00f3gico; es moral y cultural<\/b><span style=\"font-weight: 400;\">. Si asumimos que el mundo es demasiado complejo para que comunidades informadas lo gestionen, aceptaremos una verticalidad creciente como \u00fanica salida posible. Pero si asumimos que la tecnolog\u00eda puede empoderar redes distribuidas, empezaremos a dise\u00f1ar instituciones que reflejen esa confianza, p<\/span><b>orque antes de transformar infraestructuras, hay que transformar imaginarios<\/b><span style=\"font-weight: 400;\">.<\/span><\/p>\n<p><span style=\"font-weight: 400;\">El siglo XXI a\u00fan no est\u00e1 escrito. Las herramientas para descentralizar energ\u00eda, informaci\u00f3n y finanzas ya existen. <\/span><b>Lo que falta no es capacidad t\u00e9cnica, sino voluntad colectiva<\/b><span style=\"font-weight: 400;\">. Cada decisi\u00f3n de ahorro, cada modelo de inversi\u00f3n, cada arquitectura financiera refuerza un determinado tipo de sistema. El futuro no depende solo de los riesgos que afrontamos, sino del marco mental con el que los interpretamos.<\/span><\/p>\n<p><span style=\"font-weight: 400;\">Si imaginamos un futuro inevitablemente dist\u00f3pico, invertiremos en muros, intermediarios y estructuras opacas. <\/span><b>Si imaginamos un futuro descentralizado, invertiremos en redes, transparencia y comunidad<\/b><span style=\"font-weight: 400;\">. En econom\u00eda, el relato es capital anticipado: orienta flujos, condiciona expectativas y consolida hegemon\u00edas. Quien define el relato del futuro condiciona la forma del mercado.<\/span><\/p>\n<p><span style=\"font-weight: 400;\">En este contexto, <\/span><b>la soberan\u00eda financiera no es una proclama ideol\u00f3gica, sino una estrategia de resiliencia<\/b><span style=\"font-weight: 400;\">. Acercar la gesti\u00f3n de los recursos a la comunidad, fomentar la educaci\u00f3n financiera y reducir dependencias estructurales no fragmenta el sistema; lo refuerza. La descentralizaci\u00f3n no divide: diversifica.<\/span><\/p>\n<p><span style=\"font-weight: 400;\">Es aqu\u00ed donde 11Onze cobra sentido como comunidad fintech. No como una alternativa ret\u00f3rica al sistema, sino como <\/span><b>una arquitectura diferente dentro del sistema<\/b><span style=\"font-weight: 400;\">. Una propuesta que apuesta por transparencia, participaci\u00f3n y conciencia financiera en un entorno incierto. Quiz\u00e1 el futuro no sea apocalipsis ni utop\u00eda. Quiz\u00e1 sea, <\/span><b>simplemente, arquitectura<\/b><span style=\"font-weight: 400;\">. Y toda arquitectura comienza con una decisi\u00f3n: concentrar o distribuir.<\/span><\/p>\n<p><b>11Onze es la comunidad fintech de Catalu\u00f1a. Abre una cuenta descargando la app El Canut para <\/b><a href=\"https:\/\/play.google.com\/store\/apps\/details?id=com.e11onze.app&amp;utm_source=emailing&amp;utm_campaign=CANUT+launch\"><b>Android<\/b><\/a><b> o <\/b><a href=\"https:\/\/apps.apple.com\/us\/app\/11onze\/id1566129237?utm_campaign=El+Canut\"><b>iOS<\/b><\/a><b>. \u00a1\u00danete a la revoluci\u00f3n!<\/b><\/p>\n\n      <\/div>\n    <\/div>\n  <\/div>\n<\/div>\n\n\n<div class=\"component cards\">\n  <div class=\"container\">\n    <div class=\"row\">\n      <div class=\"col col-xl-8 offset-xl-2\">\n        <h1>Si quieres profundizar en este tema, te recomendamos:<\/h1>\n        <div class=\"cards__wrapper\">\n          <div class=\"card\">\n            <a href=\"https:\/\/www.11onze.cat\/es\/magazine\/actualidad-sistema-extractivo\/\" class=\"card-link\" target=\"_self\"><\/a>\n            <div class=\"card-img\">\n              <img decoding=\"async\" src=\"https:\/\/www.11onze.cat\/wp-content\/uploads\/2023\/12\/THUMBNAIL_Actualitat_extractiu-768x512.png\" class=\"card-img-top\" alt=\"\">\n            <\/div>\n            <div class=\"card-body\">\n              <p class=\"card-title p2\"><strong>La actualidad del sistema extractivo<\/strong><\/p>\n              <span class=\"card-time\">7min lectura<\/span>\n              <p class=\"card-text small\">Como ya hab\u00eda sucedido con la resoluci\u00f3n de pasados&#8230;<\/p>\n            <\/div>\n          <\/div>\n\n\n          <div class=\"card\">\n            <a href=\"https:\/\/www.11onze.cat\/es\/magazine\/actualidad-sistema-extractivo\/\" class=\"card-link\" target=\"_self\"><\/a>\n            <div class=\"card-img\">\n              <img decoding=\"async\" src=\"https:\/\/www.11onze.cat\/wp-content\/uploads\/2023\/12\/THUMBNAIL_Epileg_extractiu-768x512.png\" class=\"card-img-top\" alt=\"\">\n            <\/div>\n            <div class=\"card-body\">\n              <p class=\"card-title p2\"><strong>\u00bfExiste una alternativa al sistema extractivo?<\/strong><\/p>\n              <span class=\"card-time\">7min lectura<\/span>\n              <p class=\"card-text small\">La teor\u00eda evolutiva es mucho m\u00e1s compleja que una reducci\u00f3n&#8230;<\/p>\n            <\/div>\n          <\/div>\n\n\n          <div class=\"card\">\n            <a href=\"https:\/\/www.11onze.cat\/es\/magazine\/ricos-mas-ricos-pobres-mas-pobres\/\" class=\"card-link\" target=\"_self\"><\/a>\n            <div class=\"card-img\">\n              <img decoding=\"async\" src=\"https:\/\/www.11onze.cat\/wp-content\/uploads\/2024\/01\/THUMBNAIL_Rics_Pobres-768x512.png\" class=\"card-img-top\" alt=\"\">\n            <\/div>\n            <div class=\"card-body\">\n              <p class=\"card-title p2\"><strong>Los ricos m\u00e1s ricos y los pobres m\u00e1s pobres<\/strong><\/p>\n              <span class=\"card-time\">7min lectura<\/span>\n              <p class=\"card-text small\">El \u00faltimo informe sobre la desigualdad publicado por Oxfam&#8230;<\/p>\n            <\/div>\n          <\/div>\n\n              <\/div>\n              <br>\n              <br>\n              <div class=\"cards__wrapper\">\n\n        <\/div>\n      <\/div>\n    <\/div>\n  <\/div>\n<\/div>","protected":false},"excerpt":{"rendered":"","protected":false},"author":57,"featured_media":55511,"comment_status":"closed","ping_status":"closed","sticky":false,"template":"","format":"standard","meta":{"_acf_changed":true,"content-type":"","footnotes":""},"categories":[28],"tags":[],"class_list":["post-55509","post","type-post","status-publish","format-standard","has-post-thumbnail","hentry","category-sin-categorizar"],"acf":[],"yoast_head":"<!-- This site is optimized with the Yoast SEO plugin v27.5 - https:\/\/yoast.com\/product\/yoast-seo-wordpress\/ -->\n<title>\u00bfFuturo dist\u00f3pico o descentralizado? -11Onze<\/title>\n<meta name=\"description\" content=\"El futuro no es inevitablemente dist\u00f3pico, pero uuede ser descentralizado. Una reflexi\u00f3n sobre poder, crisis y soberan\u00eda financiera.\" \/>\n<meta name=\"robots\" content=\"index, follow, max-snippet:-1, max-image-preview:large, max-video-preview:-1\" \/>\n<link rel=\"canonical\" href=\"https:\/\/www.11onze.cat\/es\/magazine\/futuro-distopico-descentralizado\/\" \/>\n<meta property=\"og:locale\" content=\"es_ES\" \/>\n<meta property=\"og:type\" content=\"article\" \/>\n<meta property=\"og:title\" content=\"\u00bfFuturo dist\u00f3pico o descentralizado? -11Onze\" \/>\n<meta property=\"og:description\" content=\"El futuro no es inevitablemente dist\u00f3pico, pero uuede ser descentralizado. Una reflexi\u00f3n sobre poder, crisis y soberan\u00eda financiera.\" \/>\n<meta property=\"og:url\" content=\"https:\/\/www.11onze.cat\/es\/magazine\/futuro-distopico-descentralizado\/\" \/>\n<meta property=\"og:site_name\" content=\"11Onze\" \/>\n<meta property=\"article:publisher\" content=\"https:\/\/www.facebook.com\/11OnzeComunitat\" \/>\n<meta property=\"article:published_time\" content=\"2026-03-11T16:00:00+00:00\" \/>\n<meta property=\"og:image\" content=\"https:\/\/www.11onze.cat\/wp-content\/uploads\/2026\/02\/11ONZE_Futur_Distopic_Descentralitzat-800x450.jpg\" \/>\n<meta name=\"author\" content=\"Oriol Garcia Farr\u00e9\" \/>\n<meta name=\"twitter:card\" content=\"summary_large_image\" \/>\n<meta name=\"twitter:creator\" content=\"@11OnzeFintech\" \/>\n<meta name=\"twitter:site\" content=\"@11OnzeFintech\" \/>\n<meta name=\"twitter:label1\" content=\"Escrito por\" \/>\n\t<meta name=\"twitter:data1\" content=\"Oriol Garcia Farr\u00e9\" \/>\n\t<meta name=\"twitter:label2\" content=\"Tiempo de lectura\" \/>\n\t<meta name=\"twitter:data2\" content=\"1 minuto\" \/>\n<script type=\"application\/ld+json\" class=\"yoast-schema-graph\">{\"@context\":\"https:\\\/\\\/schema.org\",\"@graph\":[{\"@type\":\"Article\",\"@id\":\"https:\\\/\\\/www.11onze.cat\\\/es\\\/magazine\\\/futuro-distopico-descentralizado\\\/#article\",\"isPartOf\":{\"@id\":\"https:\\\/\\\/www.11onze.cat\\\/es\\\/magazine\\\/futuro-distopico-descentralizado\\\/\"},\"author\":{\"name\":\"Oriol Garcia Farr\u00e9\",\"@id\":\"https:\\\/\\\/www.11onze.cat\\\/es\\\/#\\\/schema\\\/person\\\/feeb305690af76e807b5432984ef10cc\"},\"headline\":\"\u00bfFuturo dist\u00f3pico o descentralizado?\",\"datePublished\":\"2026-03-11T16:00:00+00:00\",\"mainEntityOfPage\":{\"@id\":\"https:\\\/\\\/www.11onze.cat\\\/es\\\/magazine\\\/futuro-distopico-descentralizado\\\/\"},\"wordCount\":5,\"publisher\":{\"@id\":\"https:\\\/\\\/www.11onze.cat\\\/es\\\/#organization\"},\"image\":{\"@id\":\"https:\\\/\\\/www.11onze.cat\\\/es\\\/magazine\\\/futuro-distopico-descentralizado\\\/#primaryimage\"},\"thumbnailUrl\":\"https:\\\/\\\/www.11onze.cat\\\/wp-content\\\/uploads\\\/2026\\\/02\\\/THUMBNAIL_Futur_Distopic_Descentralitzat.jpg\",\"articleSection\":[\"Sin categorizar\"],\"inLanguage\":\"es\"},{\"@type\":\"WebPage\",\"@id\":\"https:\\\/\\\/www.11onze.cat\\\/es\\\/magazine\\\/futuro-distopico-descentralizado\\\/\",\"url\":\"https:\\\/\\\/www.11onze.cat\\\/es\\\/magazine\\\/futuro-distopico-descentralizado\\\/\",\"name\":\"\u00bfFuturo dist\u00f3pico o descentralizado? -11Onze\",\"isPartOf\":{\"@id\":\"https:\\\/\\\/www.11onze.cat\\\/es\\\/#website\"},\"primaryImageOfPage\":{\"@id\":\"https:\\\/\\\/www.11onze.cat\\\/es\\\/magazine\\\/futuro-distopico-descentralizado\\\/#primaryimage\"},\"image\":{\"@id\":\"https:\\\/\\\/www.11onze.cat\\\/es\\\/magazine\\\/futuro-distopico-descentralizado\\\/#primaryimage\"},\"thumbnailUrl\":\"https:\\\/\\\/www.11onze.cat\\\/wp-content\\\/uploads\\\/2026\\\/02\\\/THUMBNAIL_Futur_Distopic_Descentralitzat.jpg\",\"datePublished\":\"2026-03-11T16:00:00+00:00\",\"description\":\"El futuro no es inevitablemente dist\u00f3pico, pero uuede ser descentralizado. Una reflexi\u00f3n sobre poder, crisis y soberan\u00eda financiera.\",\"breadcrumb\":{\"@id\":\"https:\\\/\\\/www.11onze.cat\\\/es\\\/magazine\\\/futuro-distopico-descentralizado\\\/#breadcrumb\"},\"inLanguage\":\"es\",\"potentialAction\":[{\"@type\":\"ReadAction\",\"target\":[\"https:\\\/\\\/www.11onze.cat\\\/es\\\/magazine\\\/futuro-distopico-descentralizado\\\/\"]}]},{\"@type\":\"ImageObject\",\"inLanguage\":\"es\",\"@id\":\"https:\\\/\\\/www.11onze.cat\\\/es\\\/magazine\\\/futuro-distopico-descentralizado\\\/#primaryimage\",\"url\":\"https:\\\/\\\/www.11onze.cat\\\/wp-content\\\/uploads\\\/2026\\\/02\\\/THUMBNAIL_Futur_Distopic_Descentralitzat.jpg\",\"contentUrl\":\"https:\\\/\\\/www.11onze.cat\\\/wp-content\\\/uploads\\\/2026\\\/02\\\/THUMBNAIL_Futur_Distopic_Descentralitzat.jpg\",\"width\":1200,\"height\":800},{\"@type\":\"BreadcrumbList\",\"@id\":\"https:\\\/\\\/www.11onze.cat\\\/es\\\/magazine\\\/futuro-distopico-descentralizado\\\/#breadcrumb\",\"itemListElement\":[{\"@type\":\"ListItem\",\"position\":1,\"name\":\"Home\",\"item\":\"https:\\\/\\\/www.11onze.cat\\\/es\\\/\"},{\"@type\":\"ListItem\",\"position\":2,\"name\":\"\u00bfFuturo dist\u00f3pico o descentralizado?\"}]},{\"@type\":\"WebSite\",\"@id\":\"https:\\\/\\\/www.11onze.cat\\\/es\\\/#website\",\"url\":\"https:\\\/\\\/www.11onze.cat\\\/es\\\/\",\"name\":\"11Onze\",\"description\":\"Primera comunidad fintech digital en Catalu\u00f1a\",\"publisher\":{\"@id\":\"https:\\\/\\\/www.11onze.cat\\\/es\\\/#organization\"},\"potentialAction\":[{\"@type\":\"SearchAction\",\"target\":{\"@type\":\"EntryPoint\",\"urlTemplate\":\"https:\\\/\\\/www.11onze.cat\\\/es\\\/?s={search_term_string}\"},\"query-input\":{\"@type\":\"PropertyValueSpecification\",\"valueRequired\":true,\"valueName\":\"search_term_string\"}}],\"inLanguage\":\"es\"},{\"@type\":\"Organization\",\"@id\":\"https:\\\/\\\/www.11onze.cat\\\/es\\\/#organization\",\"name\":\"11Onze\",\"url\":\"https:\\\/\\\/www.11onze.cat\\\/es\\\/\",\"logo\":{\"@type\":\"ImageObject\",\"inLanguage\":\"es\",\"@id\":\"https:\\\/\\\/www.11onze.cat\\\/es\\\/#\\\/schema\\\/logo\\\/image\\\/\",\"url\":\"https:\\\/\\\/www.11onze.cat\\\/wp-content\\\/uploads\\\/2021\\\/04\\\/512x512-11Onze.jpg\",\"contentUrl\":\"https:\\\/\\\/www.11onze.cat\\\/wp-content\\\/uploads\\\/2021\\\/04\\\/512x512-11Onze.jpg\",\"width\":512,\"height\":512,\"caption\":\"11Onze\"},\"image\":{\"@id\":\"https:\\\/\\\/www.11onze.cat\\\/es\\\/#\\\/schema\\\/logo\\\/image\\\/\"},\"sameAs\":[\"https:\\\/\\\/www.facebook.com\\\/11OnzeComunitat\",\"https:\\\/\\\/x.com\\\/11OnzeFintech\",\"https:\\\/\\\/www.instagram.com\\\/11onzecat\\\/\",\"https:\\\/\\\/www.linkedin.com\\\/company\\\/11onzebanc\",\"https:\\\/\\\/www.youtube.com\\\/channel\\\/UCz63R8Byd_kBKtK2M4Qf_7w\"]},{\"@type\":\"Person\",\"@id\":\"https:\\\/\\\/www.11onze.cat\\\/es\\\/#\\\/schema\\\/person\\\/feeb305690af76e807b5432984ef10cc\",\"name\":\"Oriol Garcia Farr\u00e9\",\"image\":{\"@type\":\"ImageObject\",\"inLanguage\":\"es\",\"@id\":\"https:\\\/\\\/secure.gravatar.com\\\/avatar\\\/738c3e19c6e12cfa4f74722807bb280f0d7ca2cf03b265e0524c345dd5917961?s=96&d=mm&r=g\",\"url\":\"https:\\\/\\\/secure.gravatar.com\\\/avatar\\\/738c3e19c6e12cfa4f74722807bb280f0d7ca2cf03b265e0524c345dd5917961?s=96&d=mm&r=g\",\"contentUrl\":\"https:\\\/\\\/secure.gravatar.com\\\/avatar\\\/738c3e19c6e12cfa4f74722807bb280f0d7ca2cf03b265e0524c345dd5917961?s=96&d=mm&r=g\",\"caption\":\"Oriol Garcia Farr\u00e9\"},\"url\":\"https:\\\/\\\/www.11onze.cat\\\/es\\\/magazine\\\/author\\\/oriol-gf11onze-cat\\\/\"}]}<\/script>\n<!-- \/ Yoast SEO plugin. -->","yoast_head_json":{"title":"\u00bfFuturo dist\u00f3pico o descentralizado? -11Onze","description":"El futuro no es inevitablemente dist\u00f3pico, pero uuede ser descentralizado. Una reflexi\u00f3n sobre poder, crisis y soberan\u00eda financiera.","robots":{"index":"index","follow":"follow","max-snippet":"max-snippet:-1","max-image-preview":"max-image-preview:large","max-video-preview":"max-video-preview:-1"},"canonical":"https:\/\/www.11onze.cat\/es\/magazine\/futuro-distopico-descentralizado\/","og_locale":"es_ES","og_type":"article","og_title":"\u00bfFuturo dist\u00f3pico o descentralizado? -11Onze","og_description":"El futuro no es inevitablemente dist\u00f3pico, pero uuede ser descentralizado. Una reflexi\u00f3n sobre poder, crisis y soberan\u00eda financiera.","og_url":"https:\/\/www.11onze.cat\/es\/magazine\/futuro-distopico-descentralizado\/","og_site_name":"11Onze","article_publisher":"https:\/\/www.facebook.com\/11OnzeComunitat","article_published_time":"2026-03-11T16:00:00+00:00","og_image":[{"url":"https:\/\/www.11onze.cat\/wp-content\/uploads\/2026\/02\/11ONZE_Futur_Distopic_Descentralitzat-800x450.jpg","type":"","width":"","height":""}],"author":"Oriol Garcia Farr\u00e9","twitter_card":"summary_large_image","twitter_creator":"@11OnzeFintech","twitter_site":"@11OnzeFintech","twitter_misc":{"Escrito por":"Oriol Garcia Farr\u00e9","Tiempo de lectura":"1 minuto"},"schema":{"@context":"https:\/\/schema.org","@graph":[{"@type":"Article","@id":"https:\/\/www.11onze.cat\/es\/magazine\/futuro-distopico-descentralizado\/#article","isPartOf":{"@id":"https:\/\/www.11onze.cat\/es\/magazine\/futuro-distopico-descentralizado\/"},"author":{"name":"Oriol Garcia Farr\u00e9","@id":"https:\/\/www.11onze.cat\/es\/#\/schema\/person\/feeb305690af76e807b5432984ef10cc"},"headline":"\u00bfFuturo dist\u00f3pico o descentralizado?","datePublished":"2026-03-11T16:00:00+00:00","mainEntityOfPage":{"@id":"https:\/\/www.11onze.cat\/es\/magazine\/futuro-distopico-descentralizado\/"},"wordCount":5,"publisher":{"@id":"https:\/\/www.11onze.cat\/es\/#organization"},"image":{"@id":"https:\/\/www.11onze.cat\/es\/magazine\/futuro-distopico-descentralizado\/#primaryimage"},"thumbnailUrl":"https:\/\/www.11onze.cat\/wp-content\/uploads\/2026\/02\/THUMBNAIL_Futur_Distopic_Descentralitzat.jpg","articleSection":["Sin categorizar"],"inLanguage":"es"},{"@type":"WebPage","@id":"https:\/\/www.11onze.cat\/es\/magazine\/futuro-distopico-descentralizado\/","url":"https:\/\/www.11onze.cat\/es\/magazine\/futuro-distopico-descentralizado\/","name":"\u00bfFuturo dist\u00f3pico o descentralizado? -11Onze","isPartOf":{"@id":"https:\/\/www.11onze.cat\/es\/#website"},"primaryImageOfPage":{"@id":"https:\/\/www.11onze.cat\/es\/magazine\/futuro-distopico-descentralizado\/#primaryimage"},"image":{"@id":"https:\/\/www.11onze.cat\/es\/magazine\/futuro-distopico-descentralizado\/#primaryimage"},"thumbnailUrl":"https:\/\/www.11onze.cat\/wp-content\/uploads\/2026\/02\/THUMBNAIL_Futur_Distopic_Descentralitzat.jpg","datePublished":"2026-03-11T16:00:00+00:00","description":"El futuro no es inevitablemente dist\u00f3pico, pero uuede ser descentralizado. Una reflexi\u00f3n sobre poder, crisis y soberan\u00eda financiera.","breadcrumb":{"@id":"https:\/\/www.11onze.cat\/es\/magazine\/futuro-distopico-descentralizado\/#breadcrumb"},"inLanguage":"es","potentialAction":[{"@type":"ReadAction","target":["https:\/\/www.11onze.cat\/es\/magazine\/futuro-distopico-descentralizado\/"]}]},{"@type":"ImageObject","inLanguage":"es","@id":"https:\/\/www.11onze.cat\/es\/magazine\/futuro-distopico-descentralizado\/#primaryimage","url":"https:\/\/www.11onze.cat\/wp-content\/uploads\/2026\/02\/THUMBNAIL_Futur_Distopic_Descentralitzat.jpg","contentUrl":"https:\/\/www.11onze.cat\/wp-content\/uploads\/2026\/02\/THUMBNAIL_Futur_Distopic_Descentralitzat.jpg","width":1200,"height":800},{"@type":"BreadcrumbList","@id":"https:\/\/www.11onze.cat\/es\/magazine\/futuro-distopico-descentralizado\/#breadcrumb","itemListElement":[{"@type":"ListItem","position":1,"name":"Home","item":"https:\/\/www.11onze.cat\/es\/"},{"@type":"ListItem","position":2,"name":"\u00bfFuturo dist\u00f3pico o descentralizado?"}]},{"@type":"WebSite","@id":"https:\/\/www.11onze.cat\/es\/#website","url":"https:\/\/www.11onze.cat\/es\/","name":"11Onze","description":"Primera comunidad fintech digital en Catalu\u00f1a","publisher":{"@id":"https:\/\/www.11onze.cat\/es\/#organization"},"potentialAction":[{"@type":"SearchAction","target":{"@type":"EntryPoint","urlTemplate":"https:\/\/www.11onze.cat\/es\/?s={search_term_string}"},"query-input":{"@type":"PropertyValueSpecification","valueRequired":true,"valueName":"search_term_string"}}],"inLanguage":"es"},{"@type":"Organization","@id":"https:\/\/www.11onze.cat\/es\/#organization","name":"11Onze","url":"https:\/\/www.11onze.cat\/es\/","logo":{"@type":"ImageObject","inLanguage":"es","@id":"https:\/\/www.11onze.cat\/es\/#\/schema\/logo\/image\/","url":"https:\/\/www.11onze.cat\/wp-content\/uploads\/2021\/04\/512x512-11Onze.jpg","contentUrl":"https:\/\/www.11onze.cat\/wp-content\/uploads\/2021\/04\/512x512-11Onze.jpg","width":512,"height":512,"caption":"11Onze"},"image":{"@id":"https:\/\/www.11onze.cat\/es\/#\/schema\/logo\/image\/"},"sameAs":["https:\/\/www.facebook.com\/11OnzeComunitat","https:\/\/x.com\/11OnzeFintech","https:\/\/www.instagram.com\/11onzecat\/","https:\/\/www.linkedin.com\/company\/11onzebanc","https:\/\/www.youtube.com\/channel\/UCz63R8Byd_kBKtK2M4Qf_7w"]},{"@type":"Person","@id":"https:\/\/www.11onze.cat\/es\/#\/schema\/person\/feeb305690af76e807b5432984ef10cc","name":"Oriol Garcia Farr\u00e9","image":{"@type":"ImageObject","inLanguage":"es","@id":"https:\/\/secure.gravatar.com\/avatar\/738c3e19c6e12cfa4f74722807bb280f0d7ca2cf03b265e0524c345dd5917961?s=96&d=mm&r=g","url":"https:\/\/secure.gravatar.com\/avatar\/738c3e19c6e12cfa4f74722807bb280f0d7ca2cf03b265e0524c345dd5917961?s=96&d=mm&r=g","contentUrl":"https:\/\/secure.gravatar.com\/avatar\/738c3e19c6e12cfa4f74722807bb280f0d7ca2cf03b265e0524c345dd5917961?s=96&d=mm&r=g","caption":"Oriol Garcia Farr\u00e9"},"url":"https:\/\/www.11onze.cat\/es\/magazine\/author\/oriol-gf11onze-cat\/"}]}},"_links":{"self":[{"href":"https:\/\/www.11onze.cat\/es\/wp-json\/wp\/v2\/posts\/55509","targetHints":{"allow":["GET"]}}],"collection":[{"href":"https:\/\/www.11onze.cat\/es\/wp-json\/wp\/v2\/posts"}],"about":[{"href":"https:\/\/www.11onze.cat\/es\/wp-json\/wp\/v2\/types\/post"}],"author":[{"embeddable":true,"href":"https:\/\/www.11onze.cat\/es\/wp-json\/wp\/v2\/users\/57"}],"replies":[{"embeddable":true,"href":"https:\/\/www.11onze.cat\/es\/wp-json\/wp\/v2\/comments?post=55509"}],"version-history":[{"count":0,"href":"https:\/\/www.11onze.cat\/es\/wp-json\/wp\/v2\/posts\/55509\/revisions"}],"wp:featuredmedia":[{"embeddable":true,"href":"https:\/\/www.11onze.cat\/es\/wp-json\/wp\/v2\/media\/55511"}],"wp:attachment":[{"href":"https:\/\/www.11onze.cat\/es\/wp-json\/wp\/v2\/media?parent=55509"}],"wp:term":[{"taxonomy":"category","embeddable":true,"href":"https:\/\/www.11onze.cat\/es\/wp-json\/wp\/v2\/categories?post=55509"},{"taxonomy":"post_tag","embeddable":true,"href":"https:\/\/www.11onze.cat\/es\/wp-json\/wp\/v2\/tags?post=55509"}],"curies":[{"name":"wp","href":"https:\/\/api.w.org\/{rel}","templated":true}]}}