{"id":55470,"date":"2026-03-16T17:00:00","date_gmt":"2026-03-16T16:00:00","guid":{"rendered":"https:\/\/www.11onze.cat\/?p=55470"},"modified":"2026-03-06T16:31:44","modified_gmt":"2026-03-06T15:31:44","slug":"europa-liderar-economia-digital","status":"publish","type":"post","link":"https:\/\/www.11onze.cat\/es\/magazine\/europa-liderar-economia-digital\/","title":{"rendered":"\u00bfPuede Europa liderar la econom\u00eda digital?"},"content":{"rendered":"<div class=\"component text\">\n  <div class=\"container\">\n\n\n    <div class=\"row\">\n      <div class=\"col  col-lg-8  offset-lg-2\">\n        <h3><b>Europa se ha despertado. O eso dice. Despu\u00e9s de a\u00f1os instalada en el confort del mercado \u00fanico, el estado del bienestar y la regulaci\u00f3n como se\u00f1a de identidad, la Uni\u00f3n Europea ha asumido que el mundo ha cambiado. La guerra de Ucrania, la rivalidad entre Estados Unidos y China y la carrera tecnol\u00f3gica global han dejado una evidencia inc\u00f3moda: Europa depende demasiado de los dem\u00e1s.<\/b><\/h3>\n<p>&nbsp;<\/p>\n<p><span style=\"font-weight: 400;\">Ahora los l\u00edderes europeos hablan de \u201csoberan\u00eda estrat\u00e9gica\u201d, de autonom\u00eda industrial y de digitalizaci\u00f3n. Pero la pregunta es inevitable: <\/span><b>\u00bfpuede Europa transformar su modelo econ\u00f3mico o llegar\u00e1 tarde a la nueva partida global?<\/b><\/p>\n<p><span style=\"font-weight: 400;\">Durante d\u00e9cadas, <\/span><b>Europa prosper\u00f3 gracias a un sistema basado<\/b><span style=\"font-weight: 400;\"> en la energ\u00eda barata rusa, la defensa norteamericana y la tecnolog\u00eda desarrollada en Silicon Valley o Shenzhen. Ahora, ese equilibrio se ha roto.<\/span><\/p>\n<p><span style=\"font-weight: 400;\">Seg\u00fan datos de <\/span><a href=\"https:\/\/ec.europa.eu\/eurostat\/statistics-explained\/index.php?title=EU_imports_of_energy_products_-_recent_developments\"><span style=\"font-weight: 400;\">Eurostat<\/span><\/a><span style=\"font-weight: 400;\">, antes de la guerra de Ucrania, m\u00e1s del 40% del gas importado por la UE proced\u00eda de Rusia. De esta manera,<\/span><b> la dependencia energ\u00e9tica era estructural. A escala tecnol\u00f3gica<\/b><span style=\"font-weight: 400;\">, la situaci\u00f3n no era mejor, dado que en 2023, m\u00e1s del 65% del <\/span><a href=\"https:\/\/www.srgresearch.com\/\"><span style=\"font-weight: 400;\">mercado mundial<\/span><\/a><span style=\"font-weight: 400;\"> de \u2018cloud computing\u2019 estaba en manos de empresas norteamericanas como Amazon, Microsoft y Google.<\/span><\/p>\n<p><span style=\"font-weight: 400;\">Mientras tanto, Estados Unidos impulsaba la <\/span><a href=\"https:\/\/www.cbo.gov\/publication\/58366\"><span style=\"font-weight: 400;\">Inflation Reduction Act<\/span><\/a><span style=\"font-weight: 400;\">, con m\u00e1s de 369.000 millones de d\u00f3lares en subsidios verdes, y China consolidaba un modelo de Estado-capitalismo tecnol\u00f3gico con planificaci\u00f3n industrial directa. Por todo ello, Europa ha acabado entendiendo que <\/span><b>la globalizaci\u00f3n ya no es cooperaci\u00f3n, sino m\u00e1s bien una cuesti\u00f3n de competencia geopol\u00edtica<\/b><span style=\"font-weight: 400;\">.<\/span><\/p>\n<p>&nbsp;<\/p>\n<h3><b>\u00bfDe potencia reguladora a potencia productiva?<\/b><\/h3>\n<p><span style=\"font-weight: 400;\">La respuesta europea se ha vestido con un nombre ambicioso:<\/span><a href=\"https:\/\/single-market-economy.ec.europa.eu\/industry\/strategy_en\"><span style=\"font-weight: 400;\"> autonom\u00eda estrat\u00e9gica abierta<\/span><\/a><span style=\"font-weight: 400;\">. Una expresi\u00f3n que suena t\u00e9cnica, pero que esconde una inquietud profunda, como es <\/span><b>el miedo a quedar atrapados en un mundo donde la tecnolog\u00eda, la energ\u00eda<\/b><span style=\"font-weight: 400;\"> y el dinero se deciden fuera de casa.<\/span><\/p>\n<p><span style=\"font-weight: 400;\">Europa ha entendido que <\/span><b>no puede seguir dependiendo de los chips asi\u00e1ticos para fabricar sus coches, ni de los servidores americanos para alojar sus datos<\/b><span style=\"font-weight: 400;\">. Por ello ha puesto sobre la mesa miles de millones para reactivar la industria de los semiconductores y recuperar peso en una cadena de valor que hoy apenas controla. El objetivo es claro: dejar de ser espectador en la gran carrera tecnol\u00f3gica.<\/span><\/p>\n<p><span style=\"font-weight: 400;\">Al mismo tiempo, la Uni\u00f3n Europea ha decidido marcar territorio en otro campo decisivo como es el de la inteligencia artificial, <\/span><b>para no solo utilizarla, sino tambi\u00e9n definir sus reglas<\/b><span style=\"font-weight: 400;\">. Y mientras las grandes plataformas compiten por dominar los algoritmos, el Banco Central Europeo avanza en silencio hacia un euro digital que garantice que, al menos en el \u00e1mbito monetario, la soberan\u00eda no dependa de infraestructuras ajenas.<\/span><\/p>\n<p><span style=\"font-weight: 400;\">De esta manera, <\/span><b>Europa no quiere limitarse a regular el juego de los dem\u00e1s, sino que quiere volver a jugar la partida<\/b><span style=\"font-weight: 400;\">: produciendo tecnolog\u00eda, reteniendo datos y asegurando que su moneda contin\u00fae siendo una herramienta de poder.<\/span><\/p>\n<p><span style=\"font-weight: 400;\">Pero es aqu\u00ed donde aparece la contradicci\u00f3n. <\/span><b>Porque querer competir en un mundo de gigantes exige algo m\u00e1s que buenas intenciones y marcos normativos<\/b><span style=\"font-weight: 400;\">. Exige m\u00fasculo, velocidad y una cohesi\u00f3n que Europa todav\u00eda est\u00e1 intentando construir.<\/span><\/p>\n<p>&nbsp;<\/p>\n<h3><b>El tal\u00f3n de Aquiles europeo<\/b><\/h3>\n<p><span style=\"font-weight: 400;\">El problema no es solo geopol\u00edtico, sino m\u00e1s bien estructural. Europa crece menos porque produce menos. <\/span><b>El crecimiento potencial de la zona euro ha sido inferior al de Estados Unidos durante la \u00faltima d\u00e9cada<\/b><span style=\"font-weight: 400;\">. La productividad laboral europea avanza con mayor lentitud, mientras que la econom\u00eda norteamericana ha capitalizado mejor la revoluci\u00f3n digital.<\/span><\/p>\n<p><span style=\"font-weight: 400;\">A ello se suma un factor silencioso pero determinante: <\/span><b>Europa envejece<\/b><span style=\"font-weight: 400;\">. La tasa de fertilidad se mantiene por debajo del nivel de reemplazo en la mayor\u00eda de los Estados miembros. Menos poblaci\u00f3n activa implica menos dinamismo econ\u00f3mico, m\u00e1s presi\u00f3n sobre el estado del bienestar y m\u00e1s dificultades para sostener el modelo social europeo.<\/span><\/p>\n<p><span style=\"font-weight: 400;\">En este contexto, la digitalizaci\u00f3n no es una opci\u00f3n est\u00e9tica, sino m\u00e1s bien <\/span><b>una necesidad para compensar una fuerza laboral decreciente<\/b><span style=\"font-weight: 400;\">.<\/span><\/p>\n<p>&nbsp;<\/p>\n<h3><b>Energ\u00eda cara, competitividad d\u00e9bil<\/b><\/h3>\n<p><span style=\"font-weight: 400;\">Reindustrializar exige energ\u00eda competitiva y, tras la ruptura con Rusia, Europa ha diversificado proveedores y acelerado la transici\u00f3n energ\u00e9tica. Pero <\/span><b>el coste energ\u00e9tico sigue siendo superior al de Estados Unidos<\/b><span style=\"font-weight: 400;\">, donde el gas natural es mucho m\u00e1s barato gracias a la explotaci\u00f3n dom\u00e9stica.<\/span><\/p>\n<p><span style=\"font-weight: 400;\">Esto sit\u00faa a la industria europea en una posici\u00f3n compleja, ya que <\/span><b>compite con empresas norteamericanas con energ\u00eda m\u00e1s barata y con empresas chinas que reciben apoyo estatal directo<\/b><span style=\"font-weight: 400;\">. Entonces, reindustrializar sin energ\u00eda competitiva puede convertirse en un ejercicio de voluntarismo.<\/span><\/p>\n<p>&nbsp;<\/p>\n<h3><b>La gran decisi\u00f3n europea<\/b><\/h3>\n<p><span style=\"font-weight: 400;\">De esta manera, <\/span><b>Europa afronta un dilema profundo: competir en la nueva econom\u00eda global con unas reglas fiscales e institucionales pensadas para otro tiempo<\/b><span style=\"font-weight: 400;\">. Con una presi\u00f3n fiscal que supera el 40% del PIB y una deuda media elevada, la zona euro aspira a liderar la transici\u00f3n digital manteniendo al mismo tiempo una arquitectura pol\u00edtica fragmentada y una disciplina presupuestaria estricta.<\/span><\/p>\n<p><span style=\"font-weight: 400;\">Pero sin un tesoro europeo fuerte, sin capital riesgo propio a gran escala y con una productividad que crece m\u00e1s lentamente que la de sus competidores, la pregunta es inevitable: <\/span><b>\u00bfpuede existir una pol\u00edtica industrial real sin m\u00fasculo financiero?<\/b><\/p>\n<p><span style=\"font-weight: 400;\">En este contexto, la digitalizaci\u00f3n no es solo una apuesta tecnol\u00f3gica, sino <\/span><b>m\u00e1s bien una cuesti\u00f3n de poder<\/b><span style=\"font-weight: 400;\">. Las infraestructuras de pago globales siguen dominadas por actores norteamericanos. Las plataformas digitales que gestionan datos europeos son mayoritariamente externas. Y, por tanto, la cadena de valor de los semiconductores est\u00e1 fuertemente concentrada en Asia oriental.<\/span><\/p>\n<p><span style=\"font-weight: 400;\">En consecuencia, el debate sobre el euro digital o la soberan\u00eda de los datos refleja una decisi\u00f3n mucho m\u00e1s profunda: <\/span><b>seguir siendo una potencia global o convertirse en una periferia sofisticada en un mundo dominado por Washington y Pek\u00edn<\/b><span style=\"font-weight: 400;\">. La soberan\u00eda, hoy, no se proclama. Se invierte. Por todo ello, es necesario estar preparado para entender \u2014y proteger\u2014 nuestro futuro econ\u00f3mico en un mundo que ya no es el que era.<\/span><\/p>\n<p><b>11Onze es la comunidad fintech de Catalu\u00f1a. Abre una cuenta descargando la app El Canut para <\/b><a href=\"https:\/\/play.google.com\/store\/apps\/details?id=com.e11onze.app&amp;utm_source=emailing&amp;utm_campaign=CANUT+launch\"><b>Android<\/b><\/a><b> o <\/b><a href=\"https:\/\/apps.apple.com\/us\/app\/11onze\/id1566129237?utm_campaign=El+Canut\"><b>iOS<\/b><\/a><b>. \u00a1\u00danete a la revoluci\u00f3n!<\/b><\/p>\n\n      <\/div>\n    <\/div>\n  <\/div>\n<\/div>\n\n\n<div class=\"component cards\">\n  <div class=\"container\">\n    <div class=\"row\">\n      <div class=\"col col-xl-8 offset-xl-2\">\n        <h1>Si quieres profundizar en este tema, te recomendamos:<\/h1>\n        <div class=\"cards__wrapper\">\n          <div class=\"card\">\n            <a href=\"https:\/\/www.11onze.cat\/es\/magazine\/sector-automovil-europeo-no-levanta-cabeza\/\" class=\"card-link\" target=\"_self\"><\/a>\n            <div class=\"card-img\">\n              <img decoding=\"async\" src=\"https:\/\/www.11onze.cat\/wp-content\/uploads\/2025\/01\/THUMBNAIL_Industria_Automocio-768x512.jpg\" class=\"card-img-top\" alt=\"\">\n                <span class=\"card-category\">Econom\u00eda<\/span>\n            <\/div>\n            <div class=\"card-body\">\n              <p class=\"card-title p2\"><strong>El sector del autom\u00f3vil europeo no levanta cabeza<\/strong><\/p>\n              <span class=\"card-time\">6min lectura<\/span>\n              <p class=\"card-text small\">La industria de la automoci\u00f3n europea se encuentra en&#8230;<\/p>\n            <\/div>\n          <\/div>\n\n\n          <div class=\"card\">\n            <a href=\"https:\/\/www.11onze.cat\/es\/magazine\/cbdc-amenazan-libertades-fundamentales\/\" class=\"card-link\" target=\"_self\"><\/a>\n            <div class=\"card-img\">\n              <img decoding=\"async\" src=\"https:\/\/www.11onze.cat\/wp-content\/uploads\/2023\/04\/THUMBNAIL_CBDC_LLIBERTATS-768x605.jpg\" class=\"card-img-top\" alt=\"\">\n                <span class=\"card-category\">Econom\u00eda<\/span>\n            <\/div>\n            <div class=\"card-body\">\n              <p class=\"card-title p2\"><strong>\u201cLas CBDC amenazan las libertades fundamentales\u201d<\/strong><\/p>\n              <span class=\"card-time\">6min lectura<\/span>\n              <p class=\"card-text small\">Los reguladores nos quieren vender la imagen de que las..<\/p>\n            <\/div>\n          <\/div>\n\n\n          <div class=\"card\">\n            <a href=\"https:\/\/www.11onze.cat\/es\/magazine\/hora-reindustrializar-union-europea\/\" class=\"card-link\" target=\"_self\"><\/a>\n            <div class=\"card-img\">\n              <img decoding=\"async\" src=\"https:\/\/www.11onze.cat\/wp-content\/uploads\/2024\/01\/THUMBNAIL_reindustrialitzar_Europa-768x512.png\" class=\"card-img-top\" alt=\"\">\n                <span class=\"card-category\">Econom\u00eda<\/span>\n            <\/div>\n            <div class=\"card-body\">\n              <p class=\"card-title p2\"><strong>Es hora de reindustrializar la Uni\u00f3n Europea<\/strong><\/p>\n              <span class=\"card-time\">6min lectura<\/span>\n              <p class=\"card-text small\">Bruselas quiere asegurar la soberan\u00eda de la Uni\u00f3n Europea&#8230;<\/p>\n            <\/div>\n          <\/div>\n\n              <\/div>\n              <br>\n              <br>\n              <div class=\"cards__wrapper\">\n\n        <\/div>\n      <\/div>\n    <\/div>\n  <\/div>\n<\/div>","protected":false},"excerpt":{"rendered":"","protected":false},"author":71,"featured_media":55472,"comment_status":"closed","ping_status":"closed","sticky":false,"template":"","format":"standard","meta":{"_acf_changed":false,"content-type":"","footnotes":""},"categories":[28],"tags":[174],"class_list":["post-55470","post","type-post","status-publish","format-standard","has-post-thumbnail","hentry","category-sin-categorizar","tag-economia-es"],"acf":[],"yoast_head":"<!-- This site is optimized with the Yoast SEO plugin v27.5 - https:\/\/yoast.com\/product\/yoast-seo-wordpress\/ -->\n<title>\u00bfPuede Europa liderar la econom\u00eda digital? -11Onze<\/title>\n<meta name=\"description\" content=\"Europa intenta ganar soberan\u00eda digital e industrial en un mundo dominado por Estados Unidos y China, tensando sus l\u00edmites estructurales.\" \/>\n<meta name=\"robots\" content=\"index, follow, max-snippet:-1, max-image-preview:large, max-video-preview:-1\" \/>\n<link rel=\"canonical\" href=\"https:\/\/www.11onze.cat\/es\/magazine\/europa-liderar-economia-digital\/\" \/>\n<meta property=\"og:locale\" content=\"es_ES\" \/>\n<meta property=\"og:type\" content=\"article\" \/>\n<meta property=\"og:title\" content=\"\u00bfPuede Europa liderar la econom\u00eda digital? -11Onze\" \/>\n<meta property=\"og:description\" content=\"Europa intenta ganar soberan\u00eda digital e industrial en un mundo dominado por Estados Unidos y China, tensando sus l\u00edmites estructurales.\" \/>\n<meta property=\"og:url\" content=\"https:\/\/www.11onze.cat\/es\/magazine\/europa-liderar-economia-digital\/\" \/>\n<meta property=\"og:site_name\" content=\"11Onze\" \/>\n<meta property=\"article:publisher\" content=\"https:\/\/www.facebook.com\/11OnzeComunitat\" \/>\n<meta property=\"article:published_time\" content=\"2026-03-16T16:00:00+00:00\" \/>\n<meta property=\"og:image\" content=\"https:\/\/www.11onze.cat\/wp-content\/uploads\/2026\/02\/11ONZE_Europa_model_economic_digital-800x450.jpg\" \/>\n<meta name=\"author\" content=\"Equip Editorial\" \/>\n<meta name=\"twitter:card\" content=\"summary_large_image\" \/>\n<meta name=\"twitter:creator\" content=\"@11OnzeFintech\" \/>\n<meta name=\"twitter:site\" content=\"@11OnzeFintech\" \/>\n<meta name=\"twitter:label1\" content=\"Escrito por\" \/>\n\t<meta name=\"twitter:data1\" content=\"Equip Editorial\" \/>\n\t<meta name=\"twitter:label2\" content=\"Tiempo de lectura\" \/>\n\t<meta name=\"twitter:data2\" content=\"1 minuto\" \/>\n<script type=\"application\/ld+json\" class=\"yoast-schema-graph\">{\"@context\":\"https:\\\/\\\/schema.org\",\"@graph\":[{\"@type\":\"Article\",\"@id\":\"https:\\\/\\\/www.11onze.cat\\\/es\\\/magazine\\\/europa-liderar-economia-digital\\\/#article\",\"isPartOf\":{\"@id\":\"https:\\\/\\\/www.11onze.cat\\\/es\\\/magazine\\\/europa-liderar-economia-digital\\\/\"},\"author\":{\"name\":\"Equip Editorial\",\"@id\":\"https:\\\/\\\/www.11onze.cat\\\/es\\\/#\\\/schema\\\/person\\\/636d99b4c82bb7178687ecd43c3a61bd\"},\"headline\":\"\u00bfPuede Europa liderar la econom\u00eda digital?\",\"datePublished\":\"2026-03-16T16:00:00+00:00\",\"mainEntityOfPage\":{\"@id\":\"https:\\\/\\\/www.11onze.cat\\\/es\\\/magazine\\\/europa-liderar-economia-digital\\\/\"},\"wordCount\":7,\"publisher\":{\"@id\":\"https:\\\/\\\/www.11onze.cat\\\/es\\\/#organization\"},\"image\":{\"@id\":\"https:\\\/\\\/www.11onze.cat\\\/es\\\/magazine\\\/europa-liderar-economia-digital\\\/#primaryimage\"},\"thumbnailUrl\":\"https:\\\/\\\/www.11onze.cat\\\/wp-content\\\/uploads\\\/2026\\\/02\\\/THUMBNAIL_Europa_model_economic_digital.jpg\",\"keywords\":[\"Econom\u00eda\"],\"articleSection\":[\"Sin categorizar\"],\"inLanguage\":\"es\"},{\"@type\":\"WebPage\",\"@id\":\"https:\\\/\\\/www.11onze.cat\\\/es\\\/magazine\\\/europa-liderar-economia-digital\\\/\",\"url\":\"https:\\\/\\\/www.11onze.cat\\\/es\\\/magazine\\\/europa-liderar-economia-digital\\\/\",\"name\":\"\u00bfPuede Europa liderar la econom\u00eda digital? -11Onze\",\"isPartOf\":{\"@id\":\"https:\\\/\\\/www.11onze.cat\\\/es\\\/#website\"},\"primaryImageOfPage\":{\"@id\":\"https:\\\/\\\/www.11onze.cat\\\/es\\\/magazine\\\/europa-liderar-economia-digital\\\/#primaryimage\"},\"image\":{\"@id\":\"https:\\\/\\\/www.11onze.cat\\\/es\\\/magazine\\\/europa-liderar-economia-digital\\\/#primaryimage\"},\"thumbnailUrl\":\"https:\\\/\\\/www.11onze.cat\\\/wp-content\\\/uploads\\\/2026\\\/02\\\/THUMBNAIL_Europa_model_economic_digital.jpg\",\"datePublished\":\"2026-03-16T16:00:00+00:00\",\"description\":\"Europa intenta ganar soberan\u00eda digital e industrial en un mundo dominado por Estados Unidos y China, tensando sus l\u00edmites estructurales.\",\"breadcrumb\":{\"@id\":\"https:\\\/\\\/www.11onze.cat\\\/es\\\/magazine\\\/europa-liderar-economia-digital\\\/#breadcrumb\"},\"inLanguage\":\"es\",\"potentialAction\":[{\"@type\":\"ReadAction\",\"target\":[\"https:\\\/\\\/www.11onze.cat\\\/es\\\/magazine\\\/europa-liderar-economia-digital\\\/\"]}]},{\"@type\":\"ImageObject\",\"inLanguage\":\"es\",\"@id\":\"https:\\\/\\\/www.11onze.cat\\\/es\\\/magazine\\\/europa-liderar-economia-digital\\\/#primaryimage\",\"url\":\"https:\\\/\\\/www.11onze.cat\\\/wp-content\\\/uploads\\\/2026\\\/02\\\/THUMBNAIL_Europa_model_economic_digital.jpg\",\"contentUrl\":\"https:\\\/\\\/www.11onze.cat\\\/wp-content\\\/uploads\\\/2026\\\/02\\\/THUMBNAIL_Europa_model_economic_digital.jpg\",\"width\":1200,\"height\":800},{\"@type\":\"BreadcrumbList\",\"@id\":\"https:\\\/\\\/www.11onze.cat\\\/es\\\/magazine\\\/europa-liderar-economia-digital\\\/#breadcrumb\",\"itemListElement\":[{\"@type\":\"ListItem\",\"position\":1,\"name\":\"Home\",\"item\":\"https:\\\/\\\/www.11onze.cat\\\/es\\\/\"},{\"@type\":\"ListItem\",\"position\":2,\"name\":\"\u00bfPuede Europa liderar la econom\u00eda digital?\"}]},{\"@type\":\"WebSite\",\"@id\":\"https:\\\/\\\/www.11onze.cat\\\/es\\\/#website\",\"url\":\"https:\\\/\\\/www.11onze.cat\\\/es\\\/\",\"name\":\"11Onze\",\"description\":\"Primera comunidad fintech digital en Catalu\u00f1a\",\"publisher\":{\"@id\":\"https:\\\/\\\/www.11onze.cat\\\/es\\\/#organization\"},\"potentialAction\":[{\"@type\":\"SearchAction\",\"target\":{\"@type\":\"EntryPoint\",\"urlTemplate\":\"https:\\\/\\\/www.11onze.cat\\\/es\\\/?s={search_term_string}\"},\"query-input\":{\"@type\":\"PropertyValueSpecification\",\"valueRequired\":true,\"valueName\":\"search_term_string\"}}],\"inLanguage\":\"es\"},{\"@type\":\"Organization\",\"@id\":\"https:\\\/\\\/www.11onze.cat\\\/es\\\/#organization\",\"name\":\"11Onze\",\"url\":\"https:\\\/\\\/www.11onze.cat\\\/es\\\/\",\"logo\":{\"@type\":\"ImageObject\",\"inLanguage\":\"es\",\"@id\":\"https:\\\/\\\/www.11onze.cat\\\/es\\\/#\\\/schema\\\/logo\\\/image\\\/\",\"url\":\"https:\\\/\\\/www.11onze.cat\\\/wp-content\\\/uploads\\\/2021\\\/04\\\/512x512-11Onze.jpg\",\"contentUrl\":\"https:\\\/\\\/www.11onze.cat\\\/wp-content\\\/uploads\\\/2021\\\/04\\\/512x512-11Onze.jpg\",\"width\":512,\"height\":512,\"caption\":\"11Onze\"},\"image\":{\"@id\":\"https:\\\/\\\/www.11onze.cat\\\/es\\\/#\\\/schema\\\/logo\\\/image\\\/\"},\"sameAs\":[\"https:\\\/\\\/www.facebook.com\\\/11OnzeComunitat\",\"https:\\\/\\\/x.com\\\/11OnzeFintech\",\"https:\\\/\\\/www.instagram.com\\\/11onzecat\\\/\",\"https:\\\/\\\/www.linkedin.com\\\/company\\\/11onzebanc\",\"https:\\\/\\\/www.youtube.com\\\/channel\\\/UCz63R8Byd_kBKtK2M4Qf_7w\"]},{\"@type\":\"Person\",\"@id\":\"https:\\\/\\\/www.11onze.cat\\\/es\\\/#\\\/schema\\\/person\\\/636d99b4c82bb7178687ecd43c3a61bd\",\"name\":\"Equip Editorial\",\"image\":{\"@type\":\"ImageObject\",\"inLanguage\":\"es\",\"@id\":\"https:\\\/\\\/www.11onze.cat\\\/wp-content\\\/uploads\\\/2022\\\/05\\\/HEADER_AGENTS_DECK-300x300.jpg\",\"url\":\"https:\\\/\\\/www.11onze.cat\\\/wp-content\\\/uploads\\\/2022\\\/05\\\/HEADER_AGENTS_DECK-300x300.jpg\",\"contentUrl\":\"https:\\\/\\\/www.11onze.cat\\\/wp-content\\\/uploads\\\/2022\\\/05\\\/HEADER_AGENTS_DECK-300x300.jpg\",\"caption\":\"Equip Editorial\"},\"url\":\"https:\\\/\\\/www.11onze.cat\\\/es\\\/magazine\\\/author\\\/equip-editorial-11onze\\\/\"}]}<\/script>\n<!-- \/ Yoast SEO plugin. -->","yoast_head_json":{"title":"\u00bfPuede Europa liderar la econom\u00eda digital? -11Onze","description":"Europa intenta ganar soberan\u00eda digital e industrial en un mundo dominado por Estados Unidos y China, tensando sus l\u00edmites estructurales.","robots":{"index":"index","follow":"follow","max-snippet":"max-snippet:-1","max-image-preview":"max-image-preview:large","max-video-preview":"max-video-preview:-1"},"canonical":"https:\/\/www.11onze.cat\/es\/magazine\/europa-liderar-economia-digital\/","og_locale":"es_ES","og_type":"article","og_title":"\u00bfPuede Europa liderar la econom\u00eda digital? -11Onze","og_description":"Europa intenta ganar soberan\u00eda digital e industrial en un mundo dominado por Estados Unidos y China, tensando sus l\u00edmites estructurales.","og_url":"https:\/\/www.11onze.cat\/es\/magazine\/europa-liderar-economia-digital\/","og_site_name":"11Onze","article_publisher":"https:\/\/www.facebook.com\/11OnzeComunitat","article_published_time":"2026-03-16T16:00:00+00:00","og_image":[{"url":"https:\/\/www.11onze.cat\/wp-content\/uploads\/2026\/02\/11ONZE_Europa_model_economic_digital-800x450.jpg","type":"","width":"","height":""}],"author":"Equip Editorial","twitter_card":"summary_large_image","twitter_creator":"@11OnzeFintech","twitter_site":"@11OnzeFintech","twitter_misc":{"Escrito por":"Equip Editorial","Tiempo de lectura":"1 minuto"},"schema":{"@context":"https:\/\/schema.org","@graph":[{"@type":"Article","@id":"https:\/\/www.11onze.cat\/es\/magazine\/europa-liderar-economia-digital\/#article","isPartOf":{"@id":"https:\/\/www.11onze.cat\/es\/magazine\/europa-liderar-economia-digital\/"},"author":{"name":"Equip Editorial","@id":"https:\/\/www.11onze.cat\/es\/#\/schema\/person\/636d99b4c82bb7178687ecd43c3a61bd"},"headline":"\u00bfPuede Europa liderar la econom\u00eda digital?","datePublished":"2026-03-16T16:00:00+00:00","mainEntityOfPage":{"@id":"https:\/\/www.11onze.cat\/es\/magazine\/europa-liderar-economia-digital\/"},"wordCount":7,"publisher":{"@id":"https:\/\/www.11onze.cat\/es\/#organization"},"image":{"@id":"https:\/\/www.11onze.cat\/es\/magazine\/europa-liderar-economia-digital\/#primaryimage"},"thumbnailUrl":"https:\/\/www.11onze.cat\/wp-content\/uploads\/2026\/02\/THUMBNAIL_Europa_model_economic_digital.jpg","keywords":["Econom\u00eda"],"articleSection":["Sin categorizar"],"inLanguage":"es"},{"@type":"WebPage","@id":"https:\/\/www.11onze.cat\/es\/magazine\/europa-liderar-economia-digital\/","url":"https:\/\/www.11onze.cat\/es\/magazine\/europa-liderar-economia-digital\/","name":"\u00bfPuede Europa liderar la econom\u00eda digital? -11Onze","isPartOf":{"@id":"https:\/\/www.11onze.cat\/es\/#website"},"primaryImageOfPage":{"@id":"https:\/\/www.11onze.cat\/es\/magazine\/europa-liderar-economia-digital\/#primaryimage"},"image":{"@id":"https:\/\/www.11onze.cat\/es\/magazine\/europa-liderar-economia-digital\/#primaryimage"},"thumbnailUrl":"https:\/\/www.11onze.cat\/wp-content\/uploads\/2026\/02\/THUMBNAIL_Europa_model_economic_digital.jpg","datePublished":"2026-03-16T16:00:00+00:00","description":"Europa intenta ganar soberan\u00eda digital e industrial en un mundo dominado por Estados Unidos y China, tensando sus l\u00edmites estructurales.","breadcrumb":{"@id":"https:\/\/www.11onze.cat\/es\/magazine\/europa-liderar-economia-digital\/#breadcrumb"},"inLanguage":"es","potentialAction":[{"@type":"ReadAction","target":["https:\/\/www.11onze.cat\/es\/magazine\/europa-liderar-economia-digital\/"]}]},{"@type":"ImageObject","inLanguage":"es","@id":"https:\/\/www.11onze.cat\/es\/magazine\/europa-liderar-economia-digital\/#primaryimage","url":"https:\/\/www.11onze.cat\/wp-content\/uploads\/2026\/02\/THUMBNAIL_Europa_model_economic_digital.jpg","contentUrl":"https:\/\/www.11onze.cat\/wp-content\/uploads\/2026\/02\/THUMBNAIL_Europa_model_economic_digital.jpg","width":1200,"height":800},{"@type":"BreadcrumbList","@id":"https:\/\/www.11onze.cat\/es\/magazine\/europa-liderar-economia-digital\/#breadcrumb","itemListElement":[{"@type":"ListItem","position":1,"name":"Home","item":"https:\/\/www.11onze.cat\/es\/"},{"@type":"ListItem","position":2,"name":"\u00bfPuede Europa liderar la econom\u00eda digital?"}]},{"@type":"WebSite","@id":"https:\/\/www.11onze.cat\/es\/#website","url":"https:\/\/www.11onze.cat\/es\/","name":"11Onze","description":"Primera comunidad fintech digital en Catalu\u00f1a","publisher":{"@id":"https:\/\/www.11onze.cat\/es\/#organization"},"potentialAction":[{"@type":"SearchAction","target":{"@type":"EntryPoint","urlTemplate":"https:\/\/www.11onze.cat\/es\/?s={search_term_string}"},"query-input":{"@type":"PropertyValueSpecification","valueRequired":true,"valueName":"search_term_string"}}],"inLanguage":"es"},{"@type":"Organization","@id":"https:\/\/www.11onze.cat\/es\/#organization","name":"11Onze","url":"https:\/\/www.11onze.cat\/es\/","logo":{"@type":"ImageObject","inLanguage":"es","@id":"https:\/\/www.11onze.cat\/es\/#\/schema\/logo\/image\/","url":"https:\/\/www.11onze.cat\/wp-content\/uploads\/2021\/04\/512x512-11Onze.jpg","contentUrl":"https:\/\/www.11onze.cat\/wp-content\/uploads\/2021\/04\/512x512-11Onze.jpg","width":512,"height":512,"caption":"11Onze"},"image":{"@id":"https:\/\/www.11onze.cat\/es\/#\/schema\/logo\/image\/"},"sameAs":["https:\/\/www.facebook.com\/11OnzeComunitat","https:\/\/x.com\/11OnzeFintech","https:\/\/www.instagram.com\/11onzecat\/","https:\/\/www.linkedin.com\/company\/11onzebanc","https:\/\/www.youtube.com\/channel\/UCz63R8Byd_kBKtK2M4Qf_7w"]},{"@type":"Person","@id":"https:\/\/www.11onze.cat\/es\/#\/schema\/person\/636d99b4c82bb7178687ecd43c3a61bd","name":"Equip Editorial","image":{"@type":"ImageObject","inLanguage":"es","@id":"https:\/\/www.11onze.cat\/wp-content\/uploads\/2022\/05\/HEADER_AGENTS_DECK-300x300.jpg","url":"https:\/\/www.11onze.cat\/wp-content\/uploads\/2022\/05\/HEADER_AGENTS_DECK-300x300.jpg","contentUrl":"https:\/\/www.11onze.cat\/wp-content\/uploads\/2022\/05\/HEADER_AGENTS_DECK-300x300.jpg","caption":"Equip Editorial"},"url":"https:\/\/www.11onze.cat\/es\/magazine\/author\/equip-editorial-11onze\/"}]}},"_links":{"self":[{"href":"https:\/\/www.11onze.cat\/es\/wp-json\/wp\/v2\/posts\/55470","targetHints":{"allow":["GET"]}}],"collection":[{"href":"https:\/\/www.11onze.cat\/es\/wp-json\/wp\/v2\/posts"}],"about":[{"href":"https:\/\/www.11onze.cat\/es\/wp-json\/wp\/v2\/types\/post"}],"author":[{"embeddable":true,"href":"https:\/\/www.11onze.cat\/es\/wp-json\/wp\/v2\/users\/71"}],"replies":[{"embeddable":true,"href":"https:\/\/www.11onze.cat\/es\/wp-json\/wp\/v2\/comments?post=55470"}],"version-history":[{"count":0,"href":"https:\/\/www.11onze.cat\/es\/wp-json\/wp\/v2\/posts\/55470\/revisions"}],"wp:featuredmedia":[{"embeddable":true,"href":"https:\/\/www.11onze.cat\/es\/wp-json\/wp\/v2\/media\/55472"}],"wp:attachment":[{"href":"https:\/\/www.11onze.cat\/es\/wp-json\/wp\/v2\/media?parent=55470"}],"wp:term":[{"taxonomy":"category","embeddable":true,"href":"https:\/\/www.11onze.cat\/es\/wp-json\/wp\/v2\/categories?post=55470"},{"taxonomy":"post_tag","embeddable":true,"href":"https:\/\/www.11onze.cat\/es\/wp-json\/wp\/v2\/tags?post=55470"}],"curies":[{"name":"wp","href":"https:\/\/api.w.org\/{rel}","templated":true}]}}