{"id":54712,"date":"2025-11-24T17:00:00","date_gmt":"2025-11-24T16:00:00","guid":{"rendered":"https:\/\/www.11onze.cat\/?p=54712"},"modified":"2025-11-07T08:45:59","modified_gmt":"2025-11-07T07:45:59","slug":"menos%e2%88%9296-euros-nomina","status":"publish","type":"post","link":"https:\/\/www.11onze.cat\/es\/magazine\/menos%e2%88%9296-euros-nomina\/","title":{"rendered":"\u221296 \u20ac en la n\u00f3mina: qu\u00e9 te retienen y por qu\u00e9"},"content":{"rendered":"<div class=\"component text\">\n  <div class=\"container\">\n\n\n    <div class=\"row\">\n      <div class=\"col  col-lg-8  offset-lg-2\">\n        <h3><b>Cuando recibes la n\u00f3mina y ves que te han recortado casi cien euros cada mes, es normal preguntarse: \u00bfa d\u00f3nde va ese dinero y por qu\u00e9 aumenta si no han subido los impuestos?<\/b><\/h3>\n<p>&nbsp;<\/p>\n<p><span style=\"font-weight: 400;\">La respuesta es menos visible de lo que parece. Se llama \u201cprogresividad en fr\u00edo\u201d, y es l<\/span><b>a subida silenciosa que el Estado<\/b><span style=\"font-weight: 400;\"> aplica cuando no actualiza los tramos del IRPF con la inflaci\u00f3n.<\/span><\/p>\n<p><b>La retenci\u00f3n del IRPF es la parte de tu salario que la empresa paga directamente a Hacienda en tu nombre<\/b><span style=\"font-weight: 400;\">. No es un impuesto nuevo, sino un pago a cuenta de lo que acabar\u00e1s declarando en la renta. Es decir, cada mes adelantas dinero al Estado que despu\u00e9s, seg\u00fan tu situaci\u00f3n personal, te puede devolver o no. <\/span><b>Ese dinero no se destina espec\u00edficamente a las pensiones ni a ning\u00fan servicio concreto: va a la caja general del Estado, desde donde se reparte para financiar todos los gastos p\u00fablicos <\/b><span style=\"font-weight: 400;\">\u2014incluidas, entre muchas otras partidas, las pensiones.<\/span><\/p>\n\n      <\/div>\n    <\/div>\n  <\/div>\n<\/div>\n\n\n<div class=\"component gallery\">\n  <div class=\"container\">\n    <div class=\"row\">\n      <div class=\"col col-lg-10 offset-lg-1\">\n        <div id=\"slider_1\" class=\"carousel slide\" data-wrap=\"false\" data-interval=\"false\">\n          <div class=\"carousel-inner\">\n            <div class=\"carousel-item active\">\n              <img decoding=\"async\" class=\"d-block w-100\" src=\"https:\/\/www.11onze.cat\/wp-content\/uploads\/2025\/11\/HERO_IMAGE_ARTICLE_Menys96E_Nomina_Grafica1_CAST-scaled.jpg\" alt=\"\">\n              <div class=\"carousel-caption\">\n                <p style=\"text-align: center;\">Ejemplo de una n\u00f3mina real que muestra c\u00f3mo las deducciones<br \/>\nreducen el salario bruto en 427 \u20ac mensuales.<\/p>\n\n              <\/div>\n            <\/div>\n          <\/div>\n        <\/div>\n      <\/div>\n    <\/div>\n  <\/div>\n<\/div>\n\n<div class=\"component text\">\n  <div class=\"container\">\n\n\n    <div class=\"row\">\n      <div class=\"col  col-lg-8  offset-lg-2\">\n        <p><span style=\"font-weight: 400;\">Todo correcto hasta aqu\u00ed. El problema llega cuando tu sueldo sube para compensar la inflaci\u00f3n \u2014por ejemplo, un 4 %\u2014 y, de golpe, tu retenci\u00f3n tambi\u00e9n aumenta. No es que seas m\u00e1s rico: <\/span><b>es que el sistema fiscal no est\u00e1 ajustado a la realidad de los precios<\/b><span style=\"font-weight: 400;\">.<\/span><\/p>\n<h3><span style=\"font-weight: 400;\"><br \/>\n<\/span><b>IRPF: un impuesto progresivo\u2026 congelado en el tiempo<\/b><\/h3>\n<p><span style=\"font-weight: 400;\">El IRPF es progresivo, s\u00ed: <\/span><b>cuanto m\u00e1s cobras, mayor porcentaje pagas<\/b><span style=\"font-weight: 400;\">. Pero esa progresividad se distorsiona cuando los tramos no se actualizan con la inflaci\u00f3n. As\u00ed, un aumento nominal del sueldo \u2014sin ganar poder adquisitivo\u2014 te hace saltar de tramo y pagar m\u00e1s por cobrar lo mismo o incluso menos.<\/span><\/p>\n\n      <\/div>\n    <\/div>\n  <\/div>\n<\/div>\n\n\n<div class=\"component gallery\">\n  <div class=\"container\">\n    <div class=\"row\">\n      <div class=\"col col-lg-10 offset-lg-1\">\n        <div id=\"slider_1\" class=\"carousel slide\" data-wrap=\"false\" data-interval=\"false\">\n          <div class=\"carousel-inner\">\n            <div class=\"carousel-item active\">\n              <img decoding=\"async\" class=\"d-block w-100\" src=\"https:\/\/www.11onze.cat\/wp-content\/uploads\/2025\/11\/HERO_IMAGE_ARTICLE_Menys96E_Nomina_Grafica2_CAST_OK_-scaled.jpg\" alt=\"\">\n              <div class=\"carousel-caption\">\n                <p style=\"text-align: center;\"><span style=\"font-weight: 400;\">Un trabajador que pasa de 20.000 \u20ac a 21.000 \u20ac para compensar la inflaci\u00f3n acaba pagando<br \/>\n95 \u20ac m\u00e1s de IRPF anual sin mejorar su poder adquisitivo. (<strong>Fuente.<\/strong> INE)<\/span><\/p>\n\n              <\/div>\n            <\/div>\n          <\/div>\n        <\/div>\n      <\/div>\n    <\/div>\n  <\/div>\n<\/div>\n\n<div class=\"component text\">\n  <div class=\"container\">\n\n\n    <div class=\"row\">\n      <div class=\"col  col-lg-8  offset-lg-2\">\n        <p><span style=\"font-weight: 400;\">Seg\u00fan la <\/span><a href=\"https:\/\/documentos.fedea.net\/pubs\/ap\/2025\/ap2025-19.pdf\"><span style=\"font-weight: 400;\">Fundaci\u00f3n de Estudios de Econom\u00eda Aplicada<\/span><\/a><span style=\"font-weight: 400;\"> (Fedea), no ajustar los tramos del IRPF a la inflaci\u00f3n cuesta <\/span><b>736 \u20ac anuales a una familia media<\/b><span style=\"font-weight: 400;\">. Y la <\/span><a href=\"https:\/\/www.funcas.es\/articulos\/estimacion-de-la-progresividad-en%E2%80%90frio-del-irpf-por-niveles-de-renta-en-el-periodo-2021-2024\/\"><span style=\"font-weight: 400;\">Fundaci\u00f3n de las Cajas de Ahorros<\/span><\/a><span style=\"font-weight: 400;\"> (Funcas) calcula que la mitad del aumento recaudatorio del IRPF entre 2019 y 2023 <\/span><b>proviene de este efecto de la inflaci\u00f3n sobre salarios<\/b><span style=\"font-weight: 400;\"> que, en t\u00e9rminos reales, no han mejorado. En otras palabras: tu sueldo sube un 4 %, los precios un 4 %, pero t\u00fa pagas un 6 % m\u00e1s a Hacienda. La trampa perfecta.<\/span><\/p>\n<p>&nbsp;<\/p>\n<h3><b>La inflaci\u00f3n, la aliada silenciosa de Hacienda<\/b><\/h3>\n<p><span style=\"font-weight: 400;\">Cuando los precios suben, tambi\u00e9n lo hacen los ingresos fiscales. <\/span><b>El IVA, por ejemplo, se aplica sobre precios m\u00e1s altos: si una compra pasa de 100 \u20ac a 110 \u20ac, el IVA del 21 % tambi\u00e9n aumenta<\/b><span style=\"font-weight: 400;\">. Y eso ocurre con millones de transacciones cada d\u00eda.<\/span><\/p>\n<p><span style=\"font-weight: 400;\">Seg\u00fan datos de la <\/span><a href=\"https:\/\/sede.agenciatributaria.gob.es\/Sede\/datosabiertos\/catalogo\/hacienda\/Informes_anuales_de_Recaudacion_Tributaria.shtml?utm_source=chatgpt.com\"><span style=\"font-weight: 400;\">Agencia Tributaria<\/span><\/a><span style=\"font-weight: 400;\">, <\/span><b>en 2022 la recaudaci\u00f3n total bati\u00f3 r\u00e9cords con 255.463 millones de euros, un 14 % m\u00e1s que el a\u00f1o anterior<\/b><span style=\"font-weight: 400;\">. Sin nuevos impuestos, sin subidas de tipos, solo con la inflaci\u00f3n. Es lo que algunos economistas llaman \u201cimpuesto invisible de la inflaci\u00f3n\u201d: un mecanismo que recauda m\u00e1s sin que nadie apruebe nada en el Congreso.<\/span><\/p>\n<p>&nbsp;<\/p>\n<h3><b>Salario real vs. salario nominal: la p\u00e9rdida de poder adquisitivo<\/b><\/h3>\n<p><span style=\"font-weight: 400;\">Muchos trabajadores han visto c\u00f3mo sus sueldos sub\u00edan un 3 % o 4 %, pero <\/span><b>si la inflaci\u00f3n es del 5 %, el resultado real es negativo<\/b><span style=\"font-weight: 400;\">. Cobras m\u00e1s, pero puedes comprar menos.<\/span><\/p>\n<p><span style=\"font-weight: 400;\">Seg\u00fan el INE, <\/span><b>el poder adquisitivo medio en Espa\u00f1a ha ca\u00eddo un 6,7 % desde 2020, mientras que la recaudaci\u00f3n por IRPF ha crecido m\u00e1s de un 20 %<\/b><span style=\"font-weight: 400;\">. En otras palabras: tu sueldo sube un 4 %, los precios un 4 %, pero t\u00fa pagas un 6 % m\u00e1s a Hacienda.<\/span><\/p>\n<p><span style=\"font-weight: 400;\">Esta combinaci\u00f3n es devastadora, porque demuestra que <\/span><b>los espa\u00f1oles tienen menos capacidad de compra, m\u00e1s impuestos y menos ahorro familiar<\/b><span style=\"font-weight: 400;\">. Una f\u00f3rmula que castiga especialmente a las clases medias y trabajadoras.<\/span><\/p>\n<p><span style=\"font-weight: 400;\">En La Pla\u00e7a d\u201911Onze <\/span><a href=\"https:\/\/www.11onze.cat\/magazine\/analisi-salaris-vs-cost-vida\/\"><span style=\"font-weight: 400;\">ya explicamos<\/span><\/a><span style=\"font-weight: 400;\"> que un salario m\u00ednimo digno en el \u00e1rea de Barcelona deber\u00eda ser de unos 1.322 \u20ac mensuales, muy por encima del SMI estatal. <\/span><b>Esta brecha salarial explica por qu\u00e9 la inflaci\u00f3n golpea con m\u00e1s fuerza a los hogares trabajadores<\/b><span style=\"font-weight: 400;\"> y reduce dr\u00e1sticamente su capacidad de ahorro.<\/span><\/p>\n\n      <\/div>\n    <\/div>\n  <\/div>\n<\/div>\n\n\n<div class=\"component gallery\">\n  <div class=\"container\">\n    <div class=\"row\">\n      <div class=\"col col-lg-10 offset-lg-1\">\n        <div id=\"slider_1\" class=\"carousel slide\" data-wrap=\"false\" data-interval=\"false\">\n          <div class=\"carousel-inner\">\n            <div class=\"carousel-item active\">\n              <img decoding=\"async\" class=\"d-block w-100\" src=\"https:\/\/www.11onze.cat\/wp-content\/uploads\/2025\/11\/HERO_IMAGE_ARTICLE_Menys96E_Nomina_Grafica3_CAST-scaled.jpg\" alt=\"\">\n              <div class=\"carousel-caption\">\n                <p style=\"text-align: center;\">Distribuci\u00f3n real de los salarios en Espa\u00f1a: la mayor\u00eda de los trabajadores<br \/>\ncobran muy por debajo del salario medio. (<b>Fuente: <\/b>INE)<\/p>\n\n              <\/div>\n            <\/div>\n            <div class=\"carousel-item \">\n              <img decoding=\"async\" class=\"d-block w-100\" src=\"https:\/\/www.11onze.cat\/wp-content\/uploads\/2025\/11\/HERO_IMAGE_ARTICLE_Menys96E_Nomina_Grafica4_CAST-scaled.jpg\" alt=\"\">\n              <div class=\"carousel-caption\">\n                <p style=\"text-align: center;\"><span style=\"font-weight: 400;\">\u00a0Los salarios no han seguido el ritmo de los precios desde 2020. (<strong>Fuente<\/strong>: INE)<\/span><\/p>\n\n              <\/div>\n            <\/div>\n            <div class=\"carousel-item \">\n              <img decoding=\"async\" class=\"d-block w-100\" src=\"https:\/\/www.11onze.cat\/wp-content\/uploads\/2025\/11\/HERO_IMAGE_ARTICLE_Menys96E_Nomina_Grafica5_CAST-scaled.jpg\" alt=\"\">\n              <div class=\"carousel-caption\">\n                <p style=\"text-align: center;\"><span style=\"font-weight: 400;\">Pico m\u00e1ximo en 2022 y regreso a la normalidad en 2024. (<strong>Fuente<\/strong>: INE)<\/span><\/p>\n\n              <\/div>\n            <\/div>\n          <\/div>\n          <div class=\"nbs\">\n            <span class=\"current\"><\/span> \/ <span class=\"length\"><\/span>\n          <\/div>\n          <a class=\"carousel-control-prev\" href=\"#slider_1\" role=\"button\" data-slide=\"prev\">\n            <svg width=\"7\" height=\"12\" viewBox=\"0 0 7 12\" fill=\"none\" xmlns=\"http:\/\/www.w3.org\/2000\/svg\">\n              <path d=\"M6 11L1 6L6 1\" stroke=\"#314651\" stroke-width=\"2\" stroke-linecap=\"round\" stroke-linejoin=\"round\"><\/path>\n            <\/svg>\n          <\/a>\n          <a class=\"carousel-control-next\" href=\"#slider_1\" role=\"button\" data-slide=\"next\">\n            <svg width=\"7\" height=\"12\" viewBox=\"0 0 7 12\" fill=\"none\" xmlns=\"http:\/\/www.w3.org\/2000\/svg\">\n              <path d=\"M1 1L6 6L1 11\" stroke=\"#314651\" stroke-width=\"2\" stroke-linecap=\"round\" stroke-linejoin=\"round\"><\/path>\n            <\/svg>\n          <\/a>\n        <\/div>\n      <\/div>\n    <\/div>\n  <\/div>\n<\/div>\n\n<div class=\"component text\">\n  <div class=\"container\">\n\n\n    <div class=\"row\">\n      <div class=\"col  col-lg-8  offset-lg-2\">\n        <h3><b>Europa: tres modelos, tres resultados<\/b><\/h3>\n<p><span style=\"font-weight: 400;\">En Europa hay <\/span><b>tres enfoques<\/b><span style=\"font-weight: 400;\"> distintos:\u00a0<\/span><\/p>\n<ul>\n<li style=\"font-weight: 400;\" aria-level=\"1\"><b>Francia y Austria<\/b><span style=\"font-weight: 400;\"> ajustan autom\u00e1ticamente los tramos a la inflaci\u00f3n: los contribuyentes no pierden poder adquisitivo fiscal.\u00a0<\/span><\/li>\n<li style=\"font-weight: 400;\" aria-level=\"1\"><b>Portugal<\/b><span style=\"font-weight: 400;\"> lo hace parcialmente, revisando m\u00ednimos y deducciones cada a\u00f1o.<\/span><\/li>\n<li style=\"font-weight: 400;\" aria-level=\"1\"><b>Espa\u00f1a<\/b><span style=\"font-weight: 400;\"> no lo hace desde 2008, pese a una inflaci\u00f3n acumulada del 26 % en quince a\u00f1os.\u00a0<\/span><span style=\"font-weight: 400;\"><br \/>\n<\/span><\/li>\n<\/ul>\n<p><span style=\"font-weight: 400;\">El resultado, seg\u00fan <\/span><a href=\"https:\/\/www.funcas.es\/prensa\/las-rentas-medias-las-grandes-perjudicadas-por-la-ausencia-de-indexacion-del-irpf-a-la-inflacion\/?utm_source=chatgpt.com\"><span style=\"font-weight: 400;\">Eurostat<\/span><\/a><span style=\"font-weight: 400;\">, es claro: <\/span><b>Espa\u00f1a tiene una presi\u00f3n fiscal del 42,2 % del PIB<\/b><span style=\"font-weight: 400;\">, la m\u00e1s alta de su historia y superior a la media europea (41,4 %). Pero, parad\u00f3jicamente,<\/span><b> los servicios p\u00fablicos no reflejan este incremento<\/b><span style=\"font-weight: 400;\">.<\/span><\/p>\n<p>&nbsp;<\/p>\n<h3><b>\u00bfQui\u00e9n paga m\u00e1s? Siempre la clase media<\/b><\/h3>\n<p><span style=\"font-weight: 400;\">Los grandes patrimonios encuentran v\u00edas legales para optimizar; las rentas m\u00e1s bajas reciben ayudas y bonificaciones. Pero <\/span><b>las rentas entre 20.000 \u20ac y 40.000 \u20ac anuales soportan el grueso de la carga fiscal<\/b><span style=\"font-weight: 400;\">. Es el coraz\u00f3n de la \u201cprogresividad en fr\u00edo\u201d: un sistema que se vuelve regresivo con la inflaci\u00f3n.<\/span><\/p>\n<p><span style=\"font-weight: 400;\">Los expertos coinciden:<\/span><\/p>\n<ul>\n<li style=\"font-weight: 400;\" aria-level=\"1\"><span style=\"font-weight: 400;\">Hay que <\/span><b>indexar tramos y m\u00ednimos<\/b><span style=\"font-weight: 400;\"> del IRPF a la inflaci\u00f3n.\u00a0<\/span><\/li>\n<li style=\"font-weight: 400;\" aria-level=\"1\"><b>Reducir retenciones<\/b><span style=\"font-weight: 400;\"> para rentas inferiores a 30.000 \u20ac.<\/span><\/li>\n<li style=\"font-weight: 400;\" aria-level=\"1\"><b>Revisar deducciones<\/b><span style=\"font-weight: 400;\"> familiares y de dependencia.<\/span><\/li>\n<li style=\"font-weight: 400;\" aria-level=\"1\"><span style=\"font-weight: 400;\">Hacer m\u00e1s <\/span><b>transparente la informaci\u00f3n<\/b><span style=\"font-weight: 400;\"> sobre la retenci\u00f3n real.<\/span><span style=\"font-weight: 400;\"><br \/>\n<\/span><\/li>\n<\/ul>\n<p><span style=\"font-weight: 400;\">Estas medidas <\/span><b>preservar\u00edan la verdadera progresividad<\/b><span style=\"font-weight: 400;\"> sin reducir la recaudaci\u00f3n estructural.\u00a0<\/span><\/p>\n<p><span style=\"font-weight: 400;\">Ning\u00fan gobierno anuncia esta subida. No aparece en los presupuestos ni en las ruedas de prensa, pero <\/span><b>cada a\u00f1o que no se ajustan los tramos fiscales, el Estado recauda m\u00e1s y los trabajadores cobran menos<\/b><span style=\"font-weight: 400;\">. La inflaci\u00f3n es inevitable. El abuso fiscal, no. Entender qu\u00e9 te retienen es el primer paso para defender tu salario real.<\/span><\/p>\n<p><b>Si quieres descubrir la mejor opci\u00f3n para proteger tus ahorros, entra en <\/b><a href=\"https:\/\/serveis.11onze.cat\/es\/preciosos-11onze\"><b>Preciosos 11Onze<\/b><\/a><b>. Te ayudaremos a comprar al mejor precio el valor refugio por excelencia: el oro f\u00edsico.<\/b><\/p>\n\n      <\/div>\n    <\/div>\n  <\/div>\n<\/div>\n\n\n<div class=\"component cards\">\n  <div class=\"container\">\n    <div class=\"row\">\n      <div class=\"col col-xl-8 offset-xl-2\">\n        <h1>Si quieres profundizar en este tema, te recomendamos:<\/h1>\n        <div class=\"cards__wrapper\">\n          <div class=\"card\">\n            <a href=\"https:\/\/www.11onze.cat\/es\/magazine\/catalanes-pagamos-mas-impuestos-que-nunca\/\" class=\"card-link\" target=\"_self\"><\/a>\n            <div class=\"card-img\">\n              <img decoding=\"async\" src=\"https:\/\/www.11onze.cat\/wp-content\/uploads\/2023\/04\/THUMBNAIL_CATALANS_MES_IMPOSTOS-768x512.jpg\" class=\"card-img-top\" alt=\"\">\n                <span class=\"card-category\">Finanzas<\/span>\n            <\/div>\n            <div class=\"card-body\">\n              <p class=\"card-title p2\"><strong>Los catalanes pagamos m\u00e1s impuestos<\/strong><\/p>\n              <span class=\"card-time\">5min lectura<\/span>\n              <p class=\"card-text small\">S\u00ed, el Estado espa\u00f1ol logr\u00f3 una recaudaci\u00f3n r\u00e9cord&#8230;<\/p>\n            <\/div>\n          <\/div>\n\n\n          <div class=\"card\">\n            <a href=\"https:\/\/www.11onze.cat\/es\/magazine\/analisis-salarios-vs-coste-vida\/\" class=\"card-link\" target=\"_self\"><\/a>\n            <div class=\"card-img\">\n              <img decoding=\"async\" src=\"https:\/\/www.11onze.cat\/wp-content\/uploads\/2022\/03\/THUMBNAIL_SALARIS-768x512.jpg\" class=\"card-img-top\" alt=\"\">\n                <span class=\"card-category\">Finanzas<\/span>\n            <\/div>\n            <div class=\"card-body\">\n              <p class=\"card-title p2\"><strong>An\u00e1lisis: salarios vs. coste de la vida<\/strong><\/p>\n              <span class=\"card-time\">5min lectura<\/span>\n              <p class=\"card-text small\">El salario m\u00ednimo de referencia para que un trabajador&#8230;<\/p>\n            <\/div>\n          <\/div>\n\n\n          <div class=\"card\">\n            <a href=\"https:\/\/www.11onze.cat\/es\/magazine\/actualidad-sistema-extractivo\/\" class=\"card-link\" target=\"_self\"><\/a>\n            <div class=\"card-img\">\n              <img decoding=\"async\" src=\"https:\/\/www.11onze.cat\/wp-content\/uploads\/2023\/12\/THUMBNAIL_Actualitat_extractiu-768x512.png\" class=\"card-img-top\" alt=\"\">\n                <span class=\"card-category\">Finanzas<\/span>\n            <\/div>\n            <div class=\"card-body\">\n              <p class=\"card-title p2\"><strong>La actualidad del sistema extractivo<\/strong><\/p>\n              <span class=\"card-time\">5min lectura<\/span>\n              <p class=\"card-text small\">Como ya hab\u00eda sucedido con la resoluci\u00f3n de pasados&#8230;<\/p>\n            <\/div>\n          <\/div>\n\n              <\/div>\n              <br>\n              <br>\n              <div class=\"cards__wrapper\">\n\n        <\/div>\n      <\/div>\n    <\/div>\n  <\/div>\n<\/div>","protected":false},"excerpt":{"rendered":"","protected":false},"author":71,"featured_media":54653,"comment_status":"open","ping_status":"closed","sticky":false,"template":"","format":"standard","meta":{"_acf_changed":true,"content-type":"","footnotes":""},"categories":[28],"tags":[167],"class_list":["post-54712","post","type-post","status-publish","format-standard","has-post-thumbnail","hentry","category-sin-categorizar","tag-finanzas"],"acf":[],"yoast_head":"<!-- This site is optimized with the Yoast SEO plugin v27.5 - https:\/\/yoast.com\/product\/yoast-seo-wordpress\/ -->\n<title>\u221296 \u20ac en la n\u00f3mina: qu\u00e9 te retienen y por qu\u00e9 -11Onze<\/title>\n<meta name=\"description\" content=\"Descubre por qu\u00e9 te retienen m\u00e1s en la n\u00f3mina sin subirte los impuestos: la \u201cprogresividad en fr\u00edo\u201d, el impuesto invisible de la inflaci\u00f3n.\" \/>\n<meta name=\"robots\" content=\"index, follow, max-snippet:-1, max-image-preview:large, max-video-preview:-1\" \/>\n<link rel=\"canonical\" href=\"https:\/\/www.11onze.cat\/es\/magazine\/menos%e2%88%9296-euros-nomina\/\" \/>\n<meta property=\"og:locale\" content=\"es_ES\" \/>\n<meta property=\"og:type\" content=\"article\" \/>\n<meta property=\"og:title\" content=\"\u221296 \u20ac en la n\u00f3mina: qu\u00e9 te retienen y por qu\u00e9 -11Onze\" \/>\n<meta property=\"og:description\" content=\"Descubre por qu\u00e9 te retienen m\u00e1s en la n\u00f3mina sin subirte los impuestos: la \u201cprogresividad en fr\u00edo\u201d, el impuesto invisible de la inflaci\u00f3n.\" \/>\n<meta property=\"og:url\" content=\"https:\/\/www.11onze.cat\/es\/magazine\/menos%e2%88%9296-euros-nomina\/\" \/>\n<meta property=\"og:site_name\" content=\"11Onze\" \/>\n<meta property=\"article:publisher\" content=\"https:\/\/www.facebook.com\/11OnzeComunitat\" \/>\n<meta property=\"article:published_time\" content=\"2025-11-24T16:00:00+00:00\" \/>\n<meta property=\"og:image\" content=\"https:\/\/www.11onze.cat\/wp-content\/uploads\/2025\/10\/11ONZE_Menys_96E_Nomina-800x450.jpg\" \/>\n<meta name=\"author\" content=\"Equip Editorial\" \/>\n<meta name=\"twitter:card\" content=\"summary_large_image\" \/>\n<meta name=\"twitter:creator\" content=\"@11OnzeFintech\" \/>\n<meta name=\"twitter:site\" content=\"@11OnzeFintech\" \/>\n<meta name=\"twitter:label1\" content=\"Escrito por\" \/>\n\t<meta name=\"twitter:data1\" content=\"Equip Editorial\" \/>\n\t<meta name=\"twitter:label2\" content=\"Tiempo de lectura\" \/>\n\t<meta name=\"twitter:data2\" content=\"1 minuto\" \/>\n<script type=\"application\/ld+json\" class=\"yoast-schema-graph\">{\"@context\":\"https:\\\/\\\/schema.org\",\"@graph\":[{\"@type\":\"Article\",\"@id\":\"https:\\\/\\\/www.11onze.cat\\\/es\\\/magazine\\\/menos%e2%88%9296-euros-nomina\\\/#article\",\"isPartOf\":{\"@id\":\"https:\\\/\\\/www.11onze.cat\\\/es\\\/magazine\\\/menos%e2%88%9296-euros-nomina\\\/\"},\"author\":{\"name\":\"Equip Editorial\",\"@id\":\"https:\\\/\\\/www.11onze.cat\\\/es\\\/#\\\/schema\\\/person\\\/636d99b4c82bb7178687ecd43c3a61bd\"},\"headline\":\"\u221296 \u20ac en la n\u00f3mina: qu\u00e9 te retienen y por qu\u00e9\",\"datePublished\":\"2025-11-24T16:00:00+00:00\",\"mainEntityOfPage\":{\"@id\":\"https:\\\/\\\/www.11onze.cat\\\/es\\\/magazine\\\/menos%e2%88%9296-euros-nomina\\\/\"},\"wordCount\":10,\"commentCount\":0,\"publisher\":{\"@id\":\"https:\\\/\\\/www.11onze.cat\\\/es\\\/#organization\"},\"image\":{\"@id\":\"https:\\\/\\\/www.11onze.cat\\\/es\\\/magazine\\\/menos%e2%88%9296-euros-nomina\\\/#primaryimage\"},\"thumbnailUrl\":\"https:\\\/\\\/www.11onze.cat\\\/wp-content\\\/uploads\\\/2025\\\/10\\\/THUMBNAIL_Menys_96E_Nomina.jpg\",\"keywords\":[\"Finanzas\"],\"articleSection\":[\"Sin categorizar\"],\"inLanguage\":\"es\",\"potentialAction\":[{\"@type\":\"CommentAction\",\"name\":\"Comment\",\"target\":[\"https:\\\/\\\/www.11onze.cat\\\/es\\\/magazine\\\/menos%e2%88%9296-euros-nomina\\\/#respond\"]}]},{\"@type\":\"WebPage\",\"@id\":\"https:\\\/\\\/www.11onze.cat\\\/es\\\/magazine\\\/menos%e2%88%9296-euros-nomina\\\/\",\"url\":\"https:\\\/\\\/www.11onze.cat\\\/es\\\/magazine\\\/menos%e2%88%9296-euros-nomina\\\/\",\"name\":\"\u221296 \u20ac en la n\u00f3mina: qu\u00e9 te retienen y por qu\u00e9 -11Onze\",\"isPartOf\":{\"@id\":\"https:\\\/\\\/www.11onze.cat\\\/es\\\/#website\"},\"primaryImageOfPage\":{\"@id\":\"https:\\\/\\\/www.11onze.cat\\\/es\\\/magazine\\\/menos%e2%88%9296-euros-nomina\\\/#primaryimage\"},\"image\":{\"@id\":\"https:\\\/\\\/www.11onze.cat\\\/es\\\/magazine\\\/menos%e2%88%9296-euros-nomina\\\/#primaryimage\"},\"thumbnailUrl\":\"https:\\\/\\\/www.11onze.cat\\\/wp-content\\\/uploads\\\/2025\\\/10\\\/THUMBNAIL_Menys_96E_Nomina.jpg\",\"datePublished\":\"2025-11-24T16:00:00+00:00\",\"description\":\"Descubre por qu\u00e9 te retienen m\u00e1s en la n\u00f3mina sin subirte los impuestos: la \u201cprogresividad en fr\u00edo\u201d, el impuesto invisible de la inflaci\u00f3n.\",\"breadcrumb\":{\"@id\":\"https:\\\/\\\/www.11onze.cat\\\/es\\\/magazine\\\/menos%e2%88%9296-euros-nomina\\\/#breadcrumb\"},\"inLanguage\":\"es\",\"potentialAction\":[{\"@type\":\"ReadAction\",\"target\":[\"https:\\\/\\\/www.11onze.cat\\\/es\\\/magazine\\\/menos%e2%88%9296-euros-nomina\\\/\"]}]},{\"@type\":\"ImageObject\",\"inLanguage\":\"es\",\"@id\":\"https:\\\/\\\/www.11onze.cat\\\/es\\\/magazine\\\/menos%e2%88%9296-euros-nomina\\\/#primaryimage\",\"url\":\"https:\\\/\\\/www.11onze.cat\\\/wp-content\\\/uploads\\\/2025\\\/10\\\/THUMBNAIL_Menys_96E_Nomina.jpg\",\"contentUrl\":\"https:\\\/\\\/www.11onze.cat\\\/wp-content\\\/uploads\\\/2025\\\/10\\\/THUMBNAIL_Menys_96E_Nomina.jpg\",\"width\":1200,\"height\":800},{\"@type\":\"BreadcrumbList\",\"@id\":\"https:\\\/\\\/www.11onze.cat\\\/es\\\/magazine\\\/menos%e2%88%9296-euros-nomina\\\/#breadcrumb\",\"itemListElement\":[{\"@type\":\"ListItem\",\"position\":1,\"name\":\"Home\",\"item\":\"https:\\\/\\\/www.11onze.cat\\\/es\\\/\"},{\"@type\":\"ListItem\",\"position\":2,\"name\":\"\u221296 \u20ac en la n\u00f3mina: qu\u00e9 te retienen y por qu\u00e9\"}]},{\"@type\":\"WebSite\",\"@id\":\"https:\\\/\\\/www.11onze.cat\\\/es\\\/#website\",\"url\":\"https:\\\/\\\/www.11onze.cat\\\/es\\\/\",\"name\":\"11Onze\",\"description\":\"Primera comunidad fintech digital en Catalu\u00f1a\",\"publisher\":{\"@id\":\"https:\\\/\\\/www.11onze.cat\\\/es\\\/#organization\"},\"potentialAction\":[{\"@type\":\"SearchAction\",\"target\":{\"@type\":\"EntryPoint\",\"urlTemplate\":\"https:\\\/\\\/www.11onze.cat\\\/es\\\/?s={search_term_string}\"},\"query-input\":{\"@type\":\"PropertyValueSpecification\",\"valueRequired\":true,\"valueName\":\"search_term_string\"}}],\"inLanguage\":\"es\"},{\"@type\":\"Organization\",\"@id\":\"https:\\\/\\\/www.11onze.cat\\\/es\\\/#organization\",\"name\":\"11Onze\",\"url\":\"https:\\\/\\\/www.11onze.cat\\\/es\\\/\",\"logo\":{\"@type\":\"ImageObject\",\"inLanguage\":\"es\",\"@id\":\"https:\\\/\\\/www.11onze.cat\\\/es\\\/#\\\/schema\\\/logo\\\/image\\\/\",\"url\":\"https:\\\/\\\/www.11onze.cat\\\/wp-content\\\/uploads\\\/2021\\\/04\\\/512x512-11Onze.jpg\",\"contentUrl\":\"https:\\\/\\\/www.11onze.cat\\\/wp-content\\\/uploads\\\/2021\\\/04\\\/512x512-11Onze.jpg\",\"width\":512,\"height\":512,\"caption\":\"11Onze\"},\"image\":{\"@id\":\"https:\\\/\\\/www.11onze.cat\\\/es\\\/#\\\/schema\\\/logo\\\/image\\\/\"},\"sameAs\":[\"https:\\\/\\\/www.facebook.com\\\/11OnzeComunitat\",\"https:\\\/\\\/x.com\\\/11OnzeFintech\",\"https:\\\/\\\/www.instagram.com\\\/11onzecat\\\/\",\"https:\\\/\\\/www.linkedin.com\\\/company\\\/11onzebanc\",\"https:\\\/\\\/www.youtube.com\\\/channel\\\/UCz63R8Byd_kBKtK2M4Qf_7w\"]},{\"@type\":\"Person\",\"@id\":\"https:\\\/\\\/www.11onze.cat\\\/es\\\/#\\\/schema\\\/person\\\/636d99b4c82bb7178687ecd43c3a61bd\",\"name\":\"Equip Editorial\",\"image\":{\"@type\":\"ImageObject\",\"inLanguage\":\"es\",\"@id\":\"https:\\\/\\\/www.11onze.cat\\\/wp-content\\\/uploads\\\/2022\\\/05\\\/HEADER_AGENTS_DECK-300x300.jpg\",\"url\":\"https:\\\/\\\/www.11onze.cat\\\/wp-content\\\/uploads\\\/2022\\\/05\\\/HEADER_AGENTS_DECK-300x300.jpg\",\"contentUrl\":\"https:\\\/\\\/www.11onze.cat\\\/wp-content\\\/uploads\\\/2022\\\/05\\\/HEADER_AGENTS_DECK-300x300.jpg\",\"caption\":\"Equip Editorial\"},\"url\":\"https:\\\/\\\/www.11onze.cat\\\/es\\\/magazine\\\/author\\\/equip-editorial-11onze\\\/\"}]}<\/script>\n<!-- \/ Yoast SEO plugin. -->","yoast_head_json":{"title":"\u221296 \u20ac en la n\u00f3mina: qu\u00e9 te retienen y por qu\u00e9 -11Onze","description":"Descubre por qu\u00e9 te retienen m\u00e1s en la n\u00f3mina sin subirte los impuestos: la \u201cprogresividad en fr\u00edo\u201d, el impuesto invisible de la inflaci\u00f3n.","robots":{"index":"index","follow":"follow","max-snippet":"max-snippet:-1","max-image-preview":"max-image-preview:large","max-video-preview":"max-video-preview:-1"},"canonical":"https:\/\/www.11onze.cat\/es\/magazine\/menos%e2%88%9296-euros-nomina\/","og_locale":"es_ES","og_type":"article","og_title":"\u221296 \u20ac en la n\u00f3mina: qu\u00e9 te retienen y por qu\u00e9 -11Onze","og_description":"Descubre por qu\u00e9 te retienen m\u00e1s en la n\u00f3mina sin subirte los impuestos: la \u201cprogresividad en fr\u00edo\u201d, el impuesto invisible de la inflaci\u00f3n.","og_url":"https:\/\/www.11onze.cat\/es\/magazine\/menos%e2%88%9296-euros-nomina\/","og_site_name":"11Onze","article_publisher":"https:\/\/www.facebook.com\/11OnzeComunitat","article_published_time":"2025-11-24T16:00:00+00:00","og_image":[{"url":"https:\/\/www.11onze.cat\/wp-content\/uploads\/2025\/10\/11ONZE_Menys_96E_Nomina-800x450.jpg","type":"","width":"","height":""}],"author":"Equip Editorial","twitter_card":"summary_large_image","twitter_creator":"@11OnzeFintech","twitter_site":"@11OnzeFintech","twitter_misc":{"Escrito por":"Equip Editorial","Tiempo de lectura":"1 minuto"},"schema":{"@context":"https:\/\/schema.org","@graph":[{"@type":"Article","@id":"https:\/\/www.11onze.cat\/es\/magazine\/menos%e2%88%9296-euros-nomina\/#article","isPartOf":{"@id":"https:\/\/www.11onze.cat\/es\/magazine\/menos%e2%88%9296-euros-nomina\/"},"author":{"name":"Equip Editorial","@id":"https:\/\/www.11onze.cat\/es\/#\/schema\/person\/636d99b4c82bb7178687ecd43c3a61bd"},"headline":"\u221296 \u20ac en la n\u00f3mina: qu\u00e9 te retienen y por qu\u00e9","datePublished":"2025-11-24T16:00:00+00:00","mainEntityOfPage":{"@id":"https:\/\/www.11onze.cat\/es\/magazine\/menos%e2%88%9296-euros-nomina\/"},"wordCount":10,"commentCount":0,"publisher":{"@id":"https:\/\/www.11onze.cat\/es\/#organization"},"image":{"@id":"https:\/\/www.11onze.cat\/es\/magazine\/menos%e2%88%9296-euros-nomina\/#primaryimage"},"thumbnailUrl":"https:\/\/www.11onze.cat\/wp-content\/uploads\/2025\/10\/THUMBNAIL_Menys_96E_Nomina.jpg","keywords":["Finanzas"],"articleSection":["Sin categorizar"],"inLanguage":"es","potentialAction":[{"@type":"CommentAction","name":"Comment","target":["https:\/\/www.11onze.cat\/es\/magazine\/menos%e2%88%9296-euros-nomina\/#respond"]}]},{"@type":"WebPage","@id":"https:\/\/www.11onze.cat\/es\/magazine\/menos%e2%88%9296-euros-nomina\/","url":"https:\/\/www.11onze.cat\/es\/magazine\/menos%e2%88%9296-euros-nomina\/","name":"\u221296 \u20ac en la n\u00f3mina: qu\u00e9 te retienen y por qu\u00e9 -11Onze","isPartOf":{"@id":"https:\/\/www.11onze.cat\/es\/#website"},"primaryImageOfPage":{"@id":"https:\/\/www.11onze.cat\/es\/magazine\/menos%e2%88%9296-euros-nomina\/#primaryimage"},"image":{"@id":"https:\/\/www.11onze.cat\/es\/magazine\/menos%e2%88%9296-euros-nomina\/#primaryimage"},"thumbnailUrl":"https:\/\/www.11onze.cat\/wp-content\/uploads\/2025\/10\/THUMBNAIL_Menys_96E_Nomina.jpg","datePublished":"2025-11-24T16:00:00+00:00","description":"Descubre por qu\u00e9 te retienen m\u00e1s en la n\u00f3mina sin subirte los impuestos: la \u201cprogresividad en fr\u00edo\u201d, el impuesto invisible de la inflaci\u00f3n.","breadcrumb":{"@id":"https:\/\/www.11onze.cat\/es\/magazine\/menos%e2%88%9296-euros-nomina\/#breadcrumb"},"inLanguage":"es","potentialAction":[{"@type":"ReadAction","target":["https:\/\/www.11onze.cat\/es\/magazine\/menos%e2%88%9296-euros-nomina\/"]}]},{"@type":"ImageObject","inLanguage":"es","@id":"https:\/\/www.11onze.cat\/es\/magazine\/menos%e2%88%9296-euros-nomina\/#primaryimage","url":"https:\/\/www.11onze.cat\/wp-content\/uploads\/2025\/10\/THUMBNAIL_Menys_96E_Nomina.jpg","contentUrl":"https:\/\/www.11onze.cat\/wp-content\/uploads\/2025\/10\/THUMBNAIL_Menys_96E_Nomina.jpg","width":1200,"height":800},{"@type":"BreadcrumbList","@id":"https:\/\/www.11onze.cat\/es\/magazine\/menos%e2%88%9296-euros-nomina\/#breadcrumb","itemListElement":[{"@type":"ListItem","position":1,"name":"Home","item":"https:\/\/www.11onze.cat\/es\/"},{"@type":"ListItem","position":2,"name":"\u221296 \u20ac en la n\u00f3mina: qu\u00e9 te retienen y por qu\u00e9"}]},{"@type":"WebSite","@id":"https:\/\/www.11onze.cat\/es\/#website","url":"https:\/\/www.11onze.cat\/es\/","name":"11Onze","description":"Primera comunidad fintech digital en Catalu\u00f1a","publisher":{"@id":"https:\/\/www.11onze.cat\/es\/#organization"},"potentialAction":[{"@type":"SearchAction","target":{"@type":"EntryPoint","urlTemplate":"https:\/\/www.11onze.cat\/es\/?s={search_term_string}"},"query-input":{"@type":"PropertyValueSpecification","valueRequired":true,"valueName":"search_term_string"}}],"inLanguage":"es"},{"@type":"Organization","@id":"https:\/\/www.11onze.cat\/es\/#organization","name":"11Onze","url":"https:\/\/www.11onze.cat\/es\/","logo":{"@type":"ImageObject","inLanguage":"es","@id":"https:\/\/www.11onze.cat\/es\/#\/schema\/logo\/image\/","url":"https:\/\/www.11onze.cat\/wp-content\/uploads\/2021\/04\/512x512-11Onze.jpg","contentUrl":"https:\/\/www.11onze.cat\/wp-content\/uploads\/2021\/04\/512x512-11Onze.jpg","width":512,"height":512,"caption":"11Onze"},"image":{"@id":"https:\/\/www.11onze.cat\/es\/#\/schema\/logo\/image\/"},"sameAs":["https:\/\/www.facebook.com\/11OnzeComunitat","https:\/\/x.com\/11OnzeFintech","https:\/\/www.instagram.com\/11onzecat\/","https:\/\/www.linkedin.com\/company\/11onzebanc","https:\/\/www.youtube.com\/channel\/UCz63R8Byd_kBKtK2M4Qf_7w"]},{"@type":"Person","@id":"https:\/\/www.11onze.cat\/es\/#\/schema\/person\/636d99b4c82bb7178687ecd43c3a61bd","name":"Equip Editorial","image":{"@type":"ImageObject","inLanguage":"es","@id":"https:\/\/www.11onze.cat\/wp-content\/uploads\/2022\/05\/HEADER_AGENTS_DECK-300x300.jpg","url":"https:\/\/www.11onze.cat\/wp-content\/uploads\/2022\/05\/HEADER_AGENTS_DECK-300x300.jpg","contentUrl":"https:\/\/www.11onze.cat\/wp-content\/uploads\/2022\/05\/HEADER_AGENTS_DECK-300x300.jpg","caption":"Equip Editorial"},"url":"https:\/\/www.11onze.cat\/es\/magazine\/author\/equip-editorial-11onze\/"}]}},"_links":{"self":[{"href":"https:\/\/www.11onze.cat\/es\/wp-json\/wp\/v2\/posts\/54712","targetHints":{"allow":["GET"]}}],"collection":[{"href":"https:\/\/www.11onze.cat\/es\/wp-json\/wp\/v2\/posts"}],"about":[{"href":"https:\/\/www.11onze.cat\/es\/wp-json\/wp\/v2\/types\/post"}],"author":[{"embeddable":true,"href":"https:\/\/www.11onze.cat\/es\/wp-json\/wp\/v2\/users\/71"}],"replies":[{"embeddable":true,"href":"https:\/\/www.11onze.cat\/es\/wp-json\/wp\/v2\/comments?post=54712"}],"version-history":[{"count":0,"href":"https:\/\/www.11onze.cat\/es\/wp-json\/wp\/v2\/posts\/54712\/revisions"}],"wp:featuredmedia":[{"embeddable":true,"href":"https:\/\/www.11onze.cat\/es\/wp-json\/wp\/v2\/media\/54653"}],"wp:attachment":[{"href":"https:\/\/www.11onze.cat\/es\/wp-json\/wp\/v2\/media?parent=54712"}],"wp:term":[{"taxonomy":"category","embeddable":true,"href":"https:\/\/www.11onze.cat\/es\/wp-json\/wp\/v2\/categories?post=54712"},{"taxonomy":"post_tag","embeddable":true,"href":"https:\/\/www.11onze.cat\/es\/wp-json\/wp\/v2\/tags?post=54712"}],"curies":[{"name":"wp","href":"https:\/\/api.w.org\/{rel}","templated":true}]}}