{"id":54109,"date":"2025-10-02T17:00:00","date_gmt":"2025-10-02T15:00:00","guid":{"rendered":"https:\/\/www.11onze.cat\/?p=54109"},"modified":"2025-09-26T12:08:36","modified_gmt":"2025-09-26T10:08:36","slug":"ia-trabajaremos-menos-viviremos-mejor","status":"publish","type":"post","link":"https:\/\/www.11onze.cat\/es\/magazine\/ia-trabajaremos-menos-viviremos-mejor\/","title":{"rendered":"\u00bfCon la IA trabajaremos menos y viviremos mejor?"},"content":{"rendered":"<div class=\"component text\">\n  <div class=\"container\">\n\n\n    <div class=\"row\">\n      <div class=\"col  col-lg-8  offset-lg-2\">\n        <h3><b>La idea de que las nuevas tecnolog\u00edas nos liberar\u00e1n de los trabajos m\u00e1s pesados \u200b\u200by nos permitir\u00e1n dedicar m\u00e1s tiempo a la familia, al ocio y al desarrollo personal no es nueva. Desde la mecanizaci\u00f3n agr\u00edcola hasta la revoluci\u00f3n industrial, cada gran transformaci\u00f3n ha venido acompa\u00f1ada de la promesa de una mejor vida.<\/b><\/h3>\n<p>&nbsp;<\/p>\n<p><span style=\"font-weight: 400;\">La llegada de la inteligencia artificial (IA) ha reactivado este viejo sue\u00f1o: \u00bfpodr\u00eda ser el inicio de una nueva era de prosperidad compartida? O, por el contrario, <\/span><b>\u00bfestamos ante una nueva fase de precarizaci\u00f3n y concentraci\u00f3n de poder?<\/b><\/p>\n<p><span style=\"font-weight: 400;\">La historia nos muestra una paradoja del progreso. La tecnolog\u00eda <\/span><b>siempre ha aumentado la productividad, pero esto no se ha traducido autom\u00e1ticamente en mayor bienestar<\/b><span style=\"font-weight: 400;\">. El ejemplo m\u00e1s claro es la jornada laboral: fueron necesarias d\u00e9cadas de lucha sindical para que se reconociera la jornada de ocho horas, aunque las m\u00e1quinas ya permit\u00edan trabajar mucho m\u00e1s eficientemente.<\/span><\/p>\n<p><span style=\"font-weight: 400;\">Hoy, la misma tensi\u00f3n se repite. <\/span><b>Un estudio del <\/b><a href=\"https:\/\/www.amb.cat\/web\/desenvolupament-socioeconomic\/estudis-socioeconomics\/detall\/-\/estuditerritorial\/salari-de-referencia-metropolita\/6885912\/11708\"><b>AMB<\/b><\/a><b> cifra en 1.516,73 euros mensuales el salario m\u00ednimo necesario para vivir dignamente<\/b><span style=\"font-weight: 400;\">, una cantidad muy superior al salario m\u00ednimo interprofesional vigente. La productividad ha crecido, pero los salarios y condiciones de vida no siempre han seguido el mismo ritmo.<\/span><\/p>\n<p>&nbsp;<\/p>\n<h3><b>Plena presencia de la IA<\/b><\/h3>\n<p><span style=\"font-weight: 400;\">La IA ya est\u00e1 presente en todos los sectores: <\/span><b>optimiza procesos industriales, sustituye tareas administrativas e incluso toma decisiones en el mundo financiero<\/b><span style=\"font-weight: 400;\">. Seg\u00fan la OCDE, m\u00e1s de una cuarta parte de los puestos de trabajo en Europa podr\u00edan verse afectados por la automatizaci\u00f3n. Esto podr\u00eda significar menos carga laboral para las personas, pero tambi\u00e9n la p\u00e9rdida masiva de trabajos repetitivos y la creaci\u00f3n de una brecha entre quien controla la tecnolog\u00eda y quien sufre sus efectos. Las oportunidades existen \u2014eficiencia, reducci\u00f3n de errores, liberaci\u00f3n de tiempo\u2014 pero tambi\u00e9n los riesgos: desigualdad, desempleo y concentraci\u00f3n de poder.<\/span><\/p>\n<p><b>El debate no \u00fanicamente es econ\u00f3mico, sino tambi\u00e9n pol\u00edtico<\/b><span style=\"font-weight: 400;\">. Las tecnolog\u00edas digitales, como las monedas digitales de los bancos centrales (CBDC), muestran c\u00f3mo la innovaci\u00f3n puede tener dos caras: por un lado, prometen mayor eficiencia y seguridad en las transacciones; por otro, pueden limitar la privacidad y aumentar el control gubernamental sobre la ciudadan\u00eda. La IA, al igual que las CBDC, no es neutra: su impacto depender\u00e1 de qui\u00e9n la dise\u00f1e y con qu\u00e9 objetivos. En un contexto marcado por el capitalismo clientelar,<\/span><b> el peligro es que los beneficios de la tecnolog\u00eda sirvan sobre todo para enriquecer a una minor\u00eda <\/b><span style=\"font-weight: 400;\">en detrimento del conjunto de la poblaci\u00f3n.<\/span><\/p>\n<p>&nbsp;<\/p>\n<h3><b>Alternativas que equilibran la balanza<\/b><\/h3>\n<p><span style=\"font-weight: 400;\">Sin embargo, existen alternativas que apuntan hacia un futuro m\u00e1s equilibrado. Varios pa\u00edses han experimentado con la semana laboral de cuatro d\u00edas, con resultados positivos en productividad y bienestar. En Islandia, por ejemplo, <\/span><b>un <\/b><a href=\"http:\/\/efaidnbmnnnibpcajpcglclefindmkaj\/https:\/\/autonomy.work\/wp-content\/uploads\/2021\/06\/ICELAND_4DW.pdf\"><b>estudio<\/b><\/a><b> que involucr\u00f3 a m\u00e1s del 1% de la poblaci\u00f3n demostr\u00f3 mejoras en la salud y el equilibrio entre vida personal y laboral<\/b><span style=\"font-weight: 400;\">.<\/span><\/p>\n<p><span style=\"font-weight: 400;\">Tambi\u00e9n se ha puesto sobre la mesa la idea de una <\/span><b>renta b\u00e1sica universal como mecanismo para garantizar seguridad en un mundo con menos trabajos estables<\/b><span style=\"font-weight: 400;\">. Estas medidas, combinadas con la automatizaci\u00f3n, podr\u00edan hacer realidad el sue\u00f1o de una sociedad que trabaje menos y viva mejor. De hecho, <\/span><a href=\"https:\/\/www.oecd.org\/en\/publications\/society-at-a-glance-2024_918d8db3-en\/full-report\/life-satisfaction_6cbc39c3.html?utm_source=chatgpt.com\"><b>informes de la OCDE<\/b><\/a><b> muestran que los pa\u00edses con menos horas laborales suelen registrar mayores \u00edndices de felicidad<\/b><span style=\"font-weight: 400;\"> y mayores niveles de satisfacci\u00f3n vital.<\/span><\/p>\n<p>&nbsp;<\/p>\n<h3><b>\u00bfQu\u00e9 hacer con la IA?<\/b><\/h3>\n<p><span style=\"font-weight: 400;\">Al final, la respuesta a la pregunta inicial no ser\u00e1 definida por la IA en s\u00ed misma, <\/span><b>sino por las decisiones colectivas que tomemos<\/b><span style=\"font-weight: 400;\">. Si las ganancias derivadas de la automatizaci\u00f3n se redistribuyen en forma de salarios dignos, reducci\u00f3n de jornada y mejora de los servicios p\u00fablicos, la IA podr\u00eda convertirse en una herramienta de liberaci\u00f3n. Pero si, como ya ha ocurrido con otros avances, los beneficios quedan concentrados en unas pocas grandes corporaciones y se mantienen din\u00e1micas extractivas, la promesa de una vida mejor podr\u00eda convertirse en una distop\u00eda de mayor desigualdad y control.<\/span><\/p>\n<p><span style=\"font-weight: 400;\">La verdadera cuesti\u00f3n, pues, <\/span><b>no es qu\u00e9 va a hacer la IA con nosotros, sino qu\u00e9 vamos a decidir hacer nosotros con la IA<\/b><span style=\"font-weight: 400;\">. El futuro no est\u00e1 escrito: depende de si la sociedad es capaz de transformar el progreso tecnol\u00f3gico en el progreso social. En La Pla\u00e7a de 11Onze continuaremos siguiendo de cerca este debate para entender c\u00f3mo la tecnolog\u00eda afecta a nuestras vidas y finanzas, y para prepararnos para un futuro que, si lo construimos colectivamente, podr\u00eda ser mucho mejor.<\/span><\/p>\n<p><b>11Onze es la comunidad fintech de Catalu\u00f1a. Abre una cuenta descargando la app El Canut para <\/b><a href=\"https:\/\/play.google.com\/store\/apps\/details?id=com.e11onze.app&amp;utm_source=emailing&amp;utm_campaign=CANUT+launch\"><b>Android<\/b><\/a><b> o <\/b><a href=\"https:\/\/apps.apple.com\/us\/app\/11onze\/id1566129237?utm_campaign=El+Canut\"><b>iOS<\/b><\/a><b>. \u00a1\u00danete a la revoluci\u00f3n!<\/b><\/p>\n\n      <\/div>\n    <\/div>\n  <\/div>\n<\/div>\n\n\n<div class=\"component cards\">\n  <div class=\"container\">\n    <div class=\"row\">\n      <div class=\"col col-xl-8 offset-xl-2\">\n        <h1>Si te ha gustado este art\u00edculo, te recomendamos:<\/h1>\n        <div class=\"cards__wrapper\">\n          <div class=\"card\">\n            <a href=\"https:\/\/www.11onze.cat\/es\/magazine\/algoritmos-economistas\/\" class=\"card-link\" target=\"_self\"><\/a>\n            <div class=\"card-img\">\n              <img decoding=\"async\" src=\"https:\/\/www.11onze.cat\/wp-content\/uploads\/2021\/12\/THUMBNAIL_ALGORITMES_PREDICCIO_ECONOMICA-768x512.jpg\" class=\"card-img-top\" alt=\"\">\n                <span class=\"card-category\">Tecnolog\u00eda<\/span>\n            <\/div>\n            <div class=\"card-body\">\n              <p class=\"card-title p2\"><strong>Los algoritmos ahora tambi\u00e9n hacen de economistas<\/strong><\/p>\n              <span class=\"card-time\">5min lectura<\/span>\n              <p class=\"card-text small\">La automatizaci\u00f3n del trabajo est\u00e1 creando una&#8230; <\/p>\n            <\/div>\n          <\/div>\n\n\n          <div class=\"card\">\n            <a href=\"https:\/\/www.11onze.cat\/es\/magazine\/despedido-algoritmo\/\" class=\"card-link\" target=\"_self\"><\/a>\n            <div class=\"card-img\">\n              <img decoding=\"async\" src=\"https:\/\/www.11onze.cat\/wp-content\/uploads\/2021\/10\/THUMBNAIL_MONITORATGE_ACOMIADAT_ALGORITME-768x432.jpg\" class=\"card-img-top\" alt=\"\">\n                <span class=\"card-category\">Tecnolog\u00eda<\/span>\n            <\/div>\n            <div class=\"card-body\">\n              <p class=\"card-title p2\"><strong>\u00bfPuedo ser despedido por un algoritmo?<\/strong><\/p>\n              <span class=\"card-time\">5min lectura<\/span>\n              <p class=\"card-text small\">Los sistemas digitales que usan la inteligencia&#8230;<\/p>\n            <\/div>\n          <\/div>\n\n\n          <div class=\"card\">\n            <a href=\"https:\/\/www.11onze.cat\/es\/magazine\/evolucion-inteligencia-artificial\/\" class=\"card-link\" target=\"_self\"><\/a>\n            <div class=\"card-img\">\n              <img decoding=\"async\" src=\"https:\/\/www.11onze.cat\/wp-content\/uploads\/2023\/06\/VISUALS_PODCAST_RADIO_THUMBNAIL_PSN_PRESS-1.jpg\" class=\"card-img-top\" alt=\"\">\n                <span class=\"card-category\">Tecnolog\u00eda<\/span>\n            <\/div>\n            <div class=\"card-body\">\n              <p class=\"card-title p2\"><strong>La evoluci\u00f3n de la inteligencia artificial<\/strong><\/p>\n              <span class=\"card-time\">5min lectura<\/span>\n              <p class=\"card-text small\">La inteligencia artificial (IA) es una tecnolog\u00eda cada&#8230;<\/p>\n            <\/div>\n          <\/div>\n\n              <\/div>\n              <br>\n              <br>\n              <div class=\"cards__wrapper\">\n\n        <\/div>\n      <\/div>\n    <\/div>\n  <\/div>\n<\/div>","protected":false},"excerpt":{"rendered":"","protected":false},"author":71,"featured_media":54102,"comment_status":"open","ping_status":"closed","sticky":false,"template":"","format":"standard","meta":{"_acf_changed":true,"content-type":"","footnotes":""},"categories":[28],"tags":[177],"class_list":["post-54109","post","type-post","status-publish","format-standard","has-post-thumbnail","hentry","category-sin-categorizar","tag-tecnologia-es"],"acf":[],"yoast_head":"<!-- This site is optimized with the Yoast SEO plugin v27.5 - https:\/\/yoast.com\/product\/yoast-seo-wordpress\/ -->\n<title>\u00bfCon la IA trabajaremos menos y viviremos mejor? -11Onze<\/title>\n<meta name=\"description\" content=\"La inteligencia artificial puede liberarnos de trabajos repetitivos o acentuar la desigualdad. Te lo explicamos en La Pla\u00e7a.\" \/>\n<meta name=\"robots\" content=\"index, follow, max-snippet:-1, max-image-preview:large, max-video-preview:-1\" \/>\n<link rel=\"canonical\" href=\"https:\/\/www.11onze.cat\/es\/magazine\/ia-trabajaremos-menos-viviremos-mejor\/\" \/>\n<meta property=\"og:locale\" content=\"es_ES\" \/>\n<meta property=\"og:type\" content=\"article\" \/>\n<meta property=\"og:title\" content=\"\u00bfCon la IA trabajaremos menos y viviremos mejor? -11Onze\" \/>\n<meta property=\"og:description\" content=\"La inteligencia artificial puede liberarnos de trabajos repetitivos o acentuar la desigualdad. Te lo explicamos en La Pla\u00e7a.\" \/>\n<meta property=\"og:url\" content=\"https:\/\/www.11onze.cat\/es\/magazine\/ia-trabajaremos-menos-viviremos-mejor\/\" \/>\n<meta property=\"og:site_name\" content=\"11Onze\" \/>\n<meta property=\"article:publisher\" content=\"https:\/\/www.facebook.com\/11OnzeComunitat\" \/>\n<meta property=\"article:published_time\" content=\"2025-10-02T15:00:00+00:00\" \/>\n<meta property=\"og:image\" content=\"https:\/\/www.11onze.cat\/wp-content\/uploads\/2025\/09\/11ONZE_IA_treballarem_menys-800x450.jpg\" \/>\n<meta name=\"author\" content=\"Equip Editorial\" \/>\n<meta name=\"twitter:card\" content=\"summary_large_image\" \/>\n<meta name=\"twitter:creator\" content=\"@11OnzeFintech\" \/>\n<meta name=\"twitter:site\" content=\"@11OnzeFintech\" \/>\n<meta name=\"twitter:label1\" content=\"Escrito por\" \/>\n\t<meta name=\"twitter:data1\" content=\"Equip Editorial\" \/>\n\t<meta name=\"twitter:label2\" content=\"Tiempo de lectura\" \/>\n\t<meta name=\"twitter:data2\" content=\"1 minuto\" \/>\n<script type=\"application\/ld+json\" class=\"yoast-schema-graph\">{\"@context\":\"https:\\\/\\\/schema.org\",\"@graph\":[{\"@type\":\"Article\",\"@id\":\"https:\\\/\\\/www.11onze.cat\\\/es\\\/magazine\\\/ia-trabajaremos-menos-viviremos-mejor\\\/#article\",\"isPartOf\":{\"@id\":\"https:\\\/\\\/www.11onze.cat\\\/es\\\/magazine\\\/ia-trabajaremos-menos-viviremos-mejor\\\/\"},\"author\":{\"name\":\"Equip Editorial\",\"@id\":\"https:\\\/\\\/www.11onze.cat\\\/es\\\/#\\\/schema\\\/person\\\/636d99b4c82bb7178687ecd43c3a61bd\"},\"headline\":\"\u00bfCon la IA trabajaremos menos y viviremos mejor?\",\"datePublished\":\"2025-10-02T15:00:00+00:00\",\"mainEntityOfPage\":{\"@id\":\"https:\\\/\\\/www.11onze.cat\\\/es\\\/magazine\\\/ia-trabajaremos-menos-viviremos-mejor\\\/\"},\"wordCount\":8,\"commentCount\":0,\"publisher\":{\"@id\":\"https:\\\/\\\/www.11onze.cat\\\/es\\\/#organization\"},\"image\":{\"@id\":\"https:\\\/\\\/www.11onze.cat\\\/es\\\/magazine\\\/ia-trabajaremos-menos-viviremos-mejor\\\/#primaryimage\"},\"thumbnailUrl\":\"https:\\\/\\\/www.11onze.cat\\\/wp-content\\\/uploads\\\/2025\\\/09\\\/THUMBNAIL_IA_treballarem_menys.jpg\",\"keywords\":[\"Tecnolog\u00eda\"],\"articleSection\":[\"Sin categorizar\"],\"inLanguage\":\"es\",\"potentialAction\":[{\"@type\":\"CommentAction\",\"name\":\"Comment\",\"target\":[\"https:\\\/\\\/www.11onze.cat\\\/es\\\/magazine\\\/ia-trabajaremos-menos-viviremos-mejor\\\/#respond\"]}]},{\"@type\":\"WebPage\",\"@id\":\"https:\\\/\\\/www.11onze.cat\\\/es\\\/magazine\\\/ia-trabajaremos-menos-viviremos-mejor\\\/\",\"url\":\"https:\\\/\\\/www.11onze.cat\\\/es\\\/magazine\\\/ia-trabajaremos-menos-viviremos-mejor\\\/\",\"name\":\"\u00bfCon la IA trabajaremos menos y viviremos mejor? -11Onze\",\"isPartOf\":{\"@id\":\"https:\\\/\\\/www.11onze.cat\\\/es\\\/#website\"},\"primaryImageOfPage\":{\"@id\":\"https:\\\/\\\/www.11onze.cat\\\/es\\\/magazine\\\/ia-trabajaremos-menos-viviremos-mejor\\\/#primaryimage\"},\"image\":{\"@id\":\"https:\\\/\\\/www.11onze.cat\\\/es\\\/magazine\\\/ia-trabajaremos-menos-viviremos-mejor\\\/#primaryimage\"},\"thumbnailUrl\":\"https:\\\/\\\/www.11onze.cat\\\/wp-content\\\/uploads\\\/2025\\\/09\\\/THUMBNAIL_IA_treballarem_menys.jpg\",\"datePublished\":\"2025-10-02T15:00:00+00:00\",\"description\":\"La inteligencia artificial puede liberarnos de trabajos repetitivos o acentuar la desigualdad. Te lo explicamos en La Pla\u00e7a.\",\"breadcrumb\":{\"@id\":\"https:\\\/\\\/www.11onze.cat\\\/es\\\/magazine\\\/ia-trabajaremos-menos-viviremos-mejor\\\/#breadcrumb\"},\"inLanguage\":\"es\",\"potentialAction\":[{\"@type\":\"ReadAction\",\"target\":[\"https:\\\/\\\/www.11onze.cat\\\/es\\\/magazine\\\/ia-trabajaremos-menos-viviremos-mejor\\\/\"]}]},{\"@type\":\"ImageObject\",\"inLanguage\":\"es\",\"@id\":\"https:\\\/\\\/www.11onze.cat\\\/es\\\/magazine\\\/ia-trabajaremos-menos-viviremos-mejor\\\/#primaryimage\",\"url\":\"https:\\\/\\\/www.11onze.cat\\\/wp-content\\\/uploads\\\/2025\\\/09\\\/THUMBNAIL_IA_treballarem_menys.jpg\",\"contentUrl\":\"https:\\\/\\\/www.11onze.cat\\\/wp-content\\\/uploads\\\/2025\\\/09\\\/THUMBNAIL_IA_treballarem_menys.jpg\",\"width\":1200,\"height\":800},{\"@type\":\"BreadcrumbList\",\"@id\":\"https:\\\/\\\/www.11onze.cat\\\/es\\\/magazine\\\/ia-trabajaremos-menos-viviremos-mejor\\\/#breadcrumb\",\"itemListElement\":[{\"@type\":\"ListItem\",\"position\":1,\"name\":\"Home\",\"item\":\"https:\\\/\\\/www.11onze.cat\\\/es\\\/\"},{\"@type\":\"ListItem\",\"position\":2,\"name\":\"\u00bfCon la IA trabajaremos menos y viviremos mejor?\"}]},{\"@type\":\"WebSite\",\"@id\":\"https:\\\/\\\/www.11onze.cat\\\/es\\\/#website\",\"url\":\"https:\\\/\\\/www.11onze.cat\\\/es\\\/\",\"name\":\"11Onze\",\"description\":\"Primera comunidad fintech digital en Catalu\u00f1a\",\"publisher\":{\"@id\":\"https:\\\/\\\/www.11onze.cat\\\/es\\\/#organization\"},\"potentialAction\":[{\"@type\":\"SearchAction\",\"target\":{\"@type\":\"EntryPoint\",\"urlTemplate\":\"https:\\\/\\\/www.11onze.cat\\\/es\\\/?s={search_term_string}\"},\"query-input\":{\"@type\":\"PropertyValueSpecification\",\"valueRequired\":true,\"valueName\":\"search_term_string\"}}],\"inLanguage\":\"es\"},{\"@type\":\"Organization\",\"@id\":\"https:\\\/\\\/www.11onze.cat\\\/es\\\/#organization\",\"name\":\"11Onze\",\"url\":\"https:\\\/\\\/www.11onze.cat\\\/es\\\/\",\"logo\":{\"@type\":\"ImageObject\",\"inLanguage\":\"es\",\"@id\":\"https:\\\/\\\/www.11onze.cat\\\/es\\\/#\\\/schema\\\/logo\\\/image\\\/\",\"url\":\"https:\\\/\\\/www.11onze.cat\\\/wp-content\\\/uploads\\\/2021\\\/04\\\/512x512-11Onze.jpg\",\"contentUrl\":\"https:\\\/\\\/www.11onze.cat\\\/wp-content\\\/uploads\\\/2021\\\/04\\\/512x512-11Onze.jpg\",\"width\":512,\"height\":512,\"caption\":\"11Onze\"},\"image\":{\"@id\":\"https:\\\/\\\/www.11onze.cat\\\/es\\\/#\\\/schema\\\/logo\\\/image\\\/\"},\"sameAs\":[\"https:\\\/\\\/www.facebook.com\\\/11OnzeComunitat\",\"https:\\\/\\\/x.com\\\/11OnzeFintech\",\"https:\\\/\\\/www.instagram.com\\\/11onzecat\\\/\",\"https:\\\/\\\/www.linkedin.com\\\/company\\\/11onzebanc\",\"https:\\\/\\\/www.youtube.com\\\/channel\\\/UCz63R8Byd_kBKtK2M4Qf_7w\"]},{\"@type\":\"Person\",\"@id\":\"https:\\\/\\\/www.11onze.cat\\\/es\\\/#\\\/schema\\\/person\\\/636d99b4c82bb7178687ecd43c3a61bd\",\"name\":\"Equip Editorial\",\"image\":{\"@type\":\"ImageObject\",\"inLanguage\":\"es\",\"@id\":\"https:\\\/\\\/www.11onze.cat\\\/wp-content\\\/uploads\\\/2022\\\/05\\\/HEADER_AGENTS_DECK-300x300.jpg\",\"url\":\"https:\\\/\\\/www.11onze.cat\\\/wp-content\\\/uploads\\\/2022\\\/05\\\/HEADER_AGENTS_DECK-300x300.jpg\",\"contentUrl\":\"https:\\\/\\\/www.11onze.cat\\\/wp-content\\\/uploads\\\/2022\\\/05\\\/HEADER_AGENTS_DECK-300x300.jpg\",\"caption\":\"Equip Editorial\"},\"url\":\"https:\\\/\\\/www.11onze.cat\\\/es\\\/magazine\\\/author\\\/equip-editorial-11onze\\\/\"}]}<\/script>\n<!-- \/ Yoast SEO plugin. -->","yoast_head_json":{"title":"\u00bfCon la IA trabajaremos menos y viviremos mejor? -11Onze","description":"La inteligencia artificial puede liberarnos de trabajos repetitivos o acentuar la desigualdad. Te lo explicamos en La Pla\u00e7a.","robots":{"index":"index","follow":"follow","max-snippet":"max-snippet:-1","max-image-preview":"max-image-preview:large","max-video-preview":"max-video-preview:-1"},"canonical":"https:\/\/www.11onze.cat\/es\/magazine\/ia-trabajaremos-menos-viviremos-mejor\/","og_locale":"es_ES","og_type":"article","og_title":"\u00bfCon la IA trabajaremos menos y viviremos mejor? -11Onze","og_description":"La inteligencia artificial puede liberarnos de trabajos repetitivos o acentuar la desigualdad. Te lo explicamos en La Pla\u00e7a.","og_url":"https:\/\/www.11onze.cat\/es\/magazine\/ia-trabajaremos-menos-viviremos-mejor\/","og_site_name":"11Onze","article_publisher":"https:\/\/www.facebook.com\/11OnzeComunitat","article_published_time":"2025-10-02T15:00:00+00:00","og_image":[{"url":"https:\/\/www.11onze.cat\/wp-content\/uploads\/2025\/09\/11ONZE_IA_treballarem_menys-800x450.jpg","type":"","width":"","height":""}],"author":"Equip Editorial","twitter_card":"summary_large_image","twitter_creator":"@11OnzeFintech","twitter_site":"@11OnzeFintech","twitter_misc":{"Escrito por":"Equip Editorial","Tiempo de lectura":"1 minuto"},"schema":{"@context":"https:\/\/schema.org","@graph":[{"@type":"Article","@id":"https:\/\/www.11onze.cat\/es\/magazine\/ia-trabajaremos-menos-viviremos-mejor\/#article","isPartOf":{"@id":"https:\/\/www.11onze.cat\/es\/magazine\/ia-trabajaremos-menos-viviremos-mejor\/"},"author":{"name":"Equip Editorial","@id":"https:\/\/www.11onze.cat\/es\/#\/schema\/person\/636d99b4c82bb7178687ecd43c3a61bd"},"headline":"\u00bfCon la IA trabajaremos menos y viviremos mejor?","datePublished":"2025-10-02T15:00:00+00:00","mainEntityOfPage":{"@id":"https:\/\/www.11onze.cat\/es\/magazine\/ia-trabajaremos-menos-viviremos-mejor\/"},"wordCount":8,"commentCount":0,"publisher":{"@id":"https:\/\/www.11onze.cat\/es\/#organization"},"image":{"@id":"https:\/\/www.11onze.cat\/es\/magazine\/ia-trabajaremos-menos-viviremos-mejor\/#primaryimage"},"thumbnailUrl":"https:\/\/www.11onze.cat\/wp-content\/uploads\/2025\/09\/THUMBNAIL_IA_treballarem_menys.jpg","keywords":["Tecnolog\u00eda"],"articleSection":["Sin categorizar"],"inLanguage":"es","potentialAction":[{"@type":"CommentAction","name":"Comment","target":["https:\/\/www.11onze.cat\/es\/magazine\/ia-trabajaremos-menos-viviremos-mejor\/#respond"]}]},{"@type":"WebPage","@id":"https:\/\/www.11onze.cat\/es\/magazine\/ia-trabajaremos-menos-viviremos-mejor\/","url":"https:\/\/www.11onze.cat\/es\/magazine\/ia-trabajaremos-menos-viviremos-mejor\/","name":"\u00bfCon la IA trabajaremos menos y viviremos mejor? -11Onze","isPartOf":{"@id":"https:\/\/www.11onze.cat\/es\/#website"},"primaryImageOfPage":{"@id":"https:\/\/www.11onze.cat\/es\/magazine\/ia-trabajaremos-menos-viviremos-mejor\/#primaryimage"},"image":{"@id":"https:\/\/www.11onze.cat\/es\/magazine\/ia-trabajaremos-menos-viviremos-mejor\/#primaryimage"},"thumbnailUrl":"https:\/\/www.11onze.cat\/wp-content\/uploads\/2025\/09\/THUMBNAIL_IA_treballarem_menys.jpg","datePublished":"2025-10-02T15:00:00+00:00","description":"La inteligencia artificial puede liberarnos de trabajos repetitivos o acentuar la desigualdad. Te lo explicamos en La Pla\u00e7a.","breadcrumb":{"@id":"https:\/\/www.11onze.cat\/es\/magazine\/ia-trabajaremos-menos-viviremos-mejor\/#breadcrumb"},"inLanguage":"es","potentialAction":[{"@type":"ReadAction","target":["https:\/\/www.11onze.cat\/es\/magazine\/ia-trabajaremos-menos-viviremos-mejor\/"]}]},{"@type":"ImageObject","inLanguage":"es","@id":"https:\/\/www.11onze.cat\/es\/magazine\/ia-trabajaremos-menos-viviremos-mejor\/#primaryimage","url":"https:\/\/www.11onze.cat\/wp-content\/uploads\/2025\/09\/THUMBNAIL_IA_treballarem_menys.jpg","contentUrl":"https:\/\/www.11onze.cat\/wp-content\/uploads\/2025\/09\/THUMBNAIL_IA_treballarem_menys.jpg","width":1200,"height":800},{"@type":"BreadcrumbList","@id":"https:\/\/www.11onze.cat\/es\/magazine\/ia-trabajaremos-menos-viviremos-mejor\/#breadcrumb","itemListElement":[{"@type":"ListItem","position":1,"name":"Home","item":"https:\/\/www.11onze.cat\/es\/"},{"@type":"ListItem","position":2,"name":"\u00bfCon la IA trabajaremos menos y viviremos mejor?"}]},{"@type":"WebSite","@id":"https:\/\/www.11onze.cat\/es\/#website","url":"https:\/\/www.11onze.cat\/es\/","name":"11Onze","description":"Primera comunidad fintech digital en Catalu\u00f1a","publisher":{"@id":"https:\/\/www.11onze.cat\/es\/#organization"},"potentialAction":[{"@type":"SearchAction","target":{"@type":"EntryPoint","urlTemplate":"https:\/\/www.11onze.cat\/es\/?s={search_term_string}"},"query-input":{"@type":"PropertyValueSpecification","valueRequired":true,"valueName":"search_term_string"}}],"inLanguage":"es"},{"@type":"Organization","@id":"https:\/\/www.11onze.cat\/es\/#organization","name":"11Onze","url":"https:\/\/www.11onze.cat\/es\/","logo":{"@type":"ImageObject","inLanguage":"es","@id":"https:\/\/www.11onze.cat\/es\/#\/schema\/logo\/image\/","url":"https:\/\/www.11onze.cat\/wp-content\/uploads\/2021\/04\/512x512-11Onze.jpg","contentUrl":"https:\/\/www.11onze.cat\/wp-content\/uploads\/2021\/04\/512x512-11Onze.jpg","width":512,"height":512,"caption":"11Onze"},"image":{"@id":"https:\/\/www.11onze.cat\/es\/#\/schema\/logo\/image\/"},"sameAs":["https:\/\/www.facebook.com\/11OnzeComunitat","https:\/\/x.com\/11OnzeFintech","https:\/\/www.instagram.com\/11onzecat\/","https:\/\/www.linkedin.com\/company\/11onzebanc","https:\/\/www.youtube.com\/channel\/UCz63R8Byd_kBKtK2M4Qf_7w"]},{"@type":"Person","@id":"https:\/\/www.11onze.cat\/es\/#\/schema\/person\/636d99b4c82bb7178687ecd43c3a61bd","name":"Equip Editorial","image":{"@type":"ImageObject","inLanguage":"es","@id":"https:\/\/www.11onze.cat\/wp-content\/uploads\/2022\/05\/HEADER_AGENTS_DECK-300x300.jpg","url":"https:\/\/www.11onze.cat\/wp-content\/uploads\/2022\/05\/HEADER_AGENTS_DECK-300x300.jpg","contentUrl":"https:\/\/www.11onze.cat\/wp-content\/uploads\/2022\/05\/HEADER_AGENTS_DECK-300x300.jpg","caption":"Equip Editorial"},"url":"https:\/\/www.11onze.cat\/es\/magazine\/author\/equip-editorial-11onze\/"}]}},"_links":{"self":[{"href":"https:\/\/www.11onze.cat\/es\/wp-json\/wp\/v2\/posts\/54109","targetHints":{"allow":["GET"]}}],"collection":[{"href":"https:\/\/www.11onze.cat\/es\/wp-json\/wp\/v2\/posts"}],"about":[{"href":"https:\/\/www.11onze.cat\/es\/wp-json\/wp\/v2\/types\/post"}],"author":[{"embeddable":true,"href":"https:\/\/www.11onze.cat\/es\/wp-json\/wp\/v2\/users\/71"}],"replies":[{"embeddable":true,"href":"https:\/\/www.11onze.cat\/es\/wp-json\/wp\/v2\/comments?post=54109"}],"version-history":[{"count":0,"href":"https:\/\/www.11onze.cat\/es\/wp-json\/wp\/v2\/posts\/54109\/revisions"}],"wp:featuredmedia":[{"embeddable":true,"href":"https:\/\/www.11onze.cat\/es\/wp-json\/wp\/v2\/media\/54102"}],"wp:attachment":[{"href":"https:\/\/www.11onze.cat\/es\/wp-json\/wp\/v2\/media?parent=54109"}],"wp:term":[{"taxonomy":"category","embeddable":true,"href":"https:\/\/www.11onze.cat\/es\/wp-json\/wp\/v2\/categories?post=54109"},{"taxonomy":"post_tag","embeddable":true,"href":"https:\/\/www.11onze.cat\/es\/wp-json\/wp\/v2\/tags?post=54109"}],"curies":[{"name":"wp","href":"https:\/\/api.w.org\/{rel}","templated":true}]}}