{"id":52632,"date":"2025-01-30T09:00:00","date_gmt":"2025-01-30T08:00:00","guid":{"rendered":"https:\/\/www.11onze.cat\/?p=52632"},"modified":"2025-01-13T12:58:03","modified_gmt":"2025-01-13T11:58:03","slug":"reto-descarbonizar-aviacion-comercial","status":"publish","type":"post","link":"https:\/\/www.11onze.cat\/es\/magazine\/reto-descarbonizar-aviacion-comercial\/","title":{"rendered":"El reto de descarbonizar la aviaci\u00f3n comercial"},"content":{"rendered":"<div class=\"component text\">\n  <div class=\"container\">\n\n\n    <div class=\"row\">\n      <div class=\"col  col-lg-8  offset-lg-2\">\n        <h3><b>Ante la creciente presi\u00f3n para reducir las emisiones de CO\u2082, el sector de la aviaci\u00f3n comercial est\u00e1 explorando la viabilidad de utilizar combustibles m\u00e1s sostenibles. A pesar de que todav\u00eda quedan algunos retos para superar, el SAF (Sustainable Aviation Fuel) y el hidr\u00f3geno verde se presentan como posibles soluciones para descarbonizar el transporte a\u00e9reo.<\/b><\/h3>\n<p>&nbsp;<\/p>\n<p><span style=\"font-weight: 400;\">Si bien en los \u00faltimos 30 a\u00f1os el sector de la aviaci\u00f3n ha conseguido reducir su huella de carbono en un 50%, todav\u00eda <\/span><b>representa el 2,5% de las emisiones globales de CO\u2082<\/b><span style=\"font-weight: 400;\">, el 13,9% de las emisiones del transporte de mercanc\u00edas, y depende predominantemente de los combustibles de aviaci\u00f3n convencionales.<\/span><\/p>\n<p><span style=\"font-weight: 400;\">En el marco europeo de <\/span><b>conseguir ser el primer continente clim\u00e1ticamente neutro para 2050<\/b><span style=\"font-weight: 400;\">, lograr este hito pasar\u00e1 necesariamente por un sector industrial que avance en el desarrollo de tecnolog\u00edas punteras para disponer de combustibles m\u00e1s limpios, impulsando la propulsi\u00f3n de motores de aviaci\u00f3n h\u00edbridos y gestionando eficientemente el tr\u00e1fico a\u00e9reo.<\/span><\/p>\n<p><span style=\"font-weight: 400;\">A diferencia de lo que se ha visto en la industria del autom\u00f3vil, el sector de la aviaci\u00f3n no se puede electrificar tan f\u00e1cilmente. <\/span><b>La propulsi\u00f3n el\u00e9ctrica con bater\u00edas solo es factible aplicarla en peque\u00f1as aeronaves o aviones regionales<\/b><span style=\"font-weight: 400;\"> que realizan recorridos cortos y llevan cargas de menor envergadura, al menos en un futuro pr\u00f3ximo.<\/span><\/p>\n<p><span style=\"font-weight: 400;\">En este sentido, Abel Jim\u00e9nez, ingeniero jefe del fabricante de motores ITP Aero, <\/span><a href=\"https:\/\/www.eleconomista.es\/branded-content\/noticias\/12543134\/11\/23\/combustible-renovable-para-reducir-emisiones-en-la-aviacion.html\"><span style=\"font-weight: 400;\">apunta<\/span><\/a><span style=\"font-weight: 400;\"> que \u201ccomo m\u00ednimo durante las pr\u00f3ximas dos d\u00e9cadas, <\/span><b>la principal forma de propulsi\u00f3n de los aviones seguir\u00e1 siendo el motor de combusti\u00f3n<\/b><span style=\"font-weight: 400;\">\u201d. Por lo tanto, la transici\u00f3n hacia una aeron\u00e1utica neutra en carbono requerir\u00e1 la adopci\u00f3n de alternativas m\u00e1s viables e inmediatas basadas en la capacidad tecnol\u00f3gica actual.<\/span><\/p>\n<p>&nbsp;<\/p>\n<h3><b>Combustible de aviaci\u00f3n sostenible (SAF)<\/b><\/h3>\n<p><span style=\"font-weight: 400;\">El SAF (Sustainable Aviation Fuel) puede ser utilizado en los motores de aviones convencionales sin necesitar grandes modificaciones t\u00e9cnicas. Se trata de <\/span><b>un combustible producido a partir de residuos org\u00e1nicos<\/b><span style=\"font-weight: 400;\">, como por ejemplo aceite de cocina usado, residuos agr\u00edcolas o restos de la industria agroalimentaria. Sus defensores argumentan que puede reducir las emisiones de CO\u2082 hasta un 80% en comparaci\u00f3n con el queroseno tradicional.<\/span><\/p>\n<p><span style=\"font-weight: 400;\">Sin embargo, <\/span><b>producir y distribuir SAF no es una tarea sencilla<\/b><span style=\"font-weight: 400;\">. Por un lado, la oferta de la materia prima necesaria es cada vez m\u00e1s escasa, por el otro, recolectar aceite de miles de cocinas y transportar el combustible desde las refiner\u00edas a miles de aeropuertos es caro, laborioso y requiere mucho tiempo.<\/span><\/p>\n<p><span style=\"font-weight: 400;\">Adem\u00e1s, con el objetivo de mantener la sostenibilidad de este combustible, <\/span><b>los fabricantes de SAF no pueden competir con la producci\u00f3n normal de alimentos<\/b><span style=\"font-weight: 400;\"> mediante el uso de tierras agr\u00edcolas de primera necesidad, el uso de agua o de materias primeras que no sean residuos.<\/span><\/p>\n<p><span style=\"font-weight: 400;\">Esto encarece el producto final, que actualmente es <\/span><b>de dos a dos veces y media m\u00e1s caro que el combustible de aviaci\u00f3n convencional<\/b><span style=\"font-weight: 400;\">. Ampliar este proceso para abaratar costes implica la creaci\u00f3n de nuevas cadenas de suministro y hacerlo de manera sostenible tampoco es f\u00e1cil.<\/span><\/p>\n<p><span style=\"font-weight: 400;\">As\u00ed pues, <\/span><b>estamos lejos de tener la capacidad de producir y distribuir SAF de manera sostenible en grandes cantidades<\/b><span style=\"font-weight: 400;\">. Actualmente, este combustible solo representa una \u00ednfima parte de las necesidades totales del sector a\u00e9reo y, aunque, seg\u00fan la Asociaci\u00f3n de Transporte A\u00e9reo Internacional, este a\u00f1o su producci\u00f3n se triplicar\u00e1 respecto a los niveles de 2023, tan solo cubrir\u00e1 un 0,53% de la demanda de combustible de aviaci\u00f3n.<\/span><\/p>\n<p>&nbsp;<\/p>\n<h3><b>Hidr\u00f3geno, una tecnolog\u00eda prometedora<\/b><\/h3>\n<p><span style=\"font-weight: 400;\">Muchos analistas de la industria de la aviaci\u00f3n creen que el uso del hidr\u00f3geno verde o hidr\u00f3geno producido con energ\u00edas renovables es el camino a seguir. <\/span><b>La ventaja principal del hidr\u00f3geno es que no emite CO\u2082 durante su combusti\u00f3n<\/b><span style=\"font-weight: 400;\">; el producto final es agua. Esto lo convierte en una tecnolog\u00eda ideal para lograr la neutralidad clim\u00e1tica.<\/span><\/p>\n<p><span style=\"font-weight: 400;\">Puede ser utilizado como combustible <\/span><b>en motores de combusti\u00f3n o en c\u00e9lulas de combustible que generan electricidad para alimentar motores el\u00e9ctricos<\/b><span style=\"font-weight: 400;\">. Empresas como Airbus, Rolls-Royce, Safran y MTU han anunciado planes para desarrollar aviones comerciales impulsados por hidr\u00f3geno que podr\u00edan estar en operaci\u00f3n hacia el 2035.<\/span><\/p>\n<p><span style=\"font-weight: 400;\">David \u00c1lvaro Granero, Engineering Senior Site Rep (ESSR) en Airbus, indic\u00f3 que est\u00e1n trabajando para ofrecer un 100% de capacidad SAF en sus aviones antes del 2030 y, en cuanto al hidr\u00f3geno, est\u00e1n valorando tres opciones: la <\/span><b>combusti\u00f3n directa<\/b><span style=\"font-weight: 400;\"> del hidr\u00f3geno l\u00edquido con turboh\u00e9lice o turbof\u00e1n, las <\/span><b>pilas de combustible<\/b><span style=\"font-weight: 400;\"> de hidr\u00f3geno para conseguir una propulsi\u00f3n el\u00e9ctrica y <\/span><b>una arquitectura h\u00edbrida<\/b><span style=\"font-weight: 400;\"> combinando las dos opciones.<\/span><\/p>\n<p><span style=\"font-weight: 400;\">El hidr\u00f3geno producido con energ\u00edas renovables no es tan asequible como el queroseno, pero <\/span><b>no es tan caro como lo SAF y ser\u00eda mucho m\u00e1s f\u00e1cil escalar su producci\u00f3n<\/b><span style=\"font-weight: 400;\">. No obstante, como combustible de aviaci\u00f3n, tambi\u00e9n presenta algunas desventajas, como su baja densidad aparente y la dificultad de almacenarlo y transportarlo a causa de su inflamabilidad y riesgo de explosi\u00f3n. Lo cual requerir\u00e1 que los aeropuertos efect\u00faen grandes inversiones para construir toda una nueva infraestructura para su almacenamiento y distribuci\u00f3n.<\/span><\/p>\n<p><span style=\"font-weight: 400;\">En \u00faltima instancia, queda claro que, para ser efectivas,<\/span><b> el conjunto de soluciones que se adopten para descarbonizar la industria de la aviaci\u00f3n requerir\u00e1n la colaboraci\u00f3n de todos los actores del sector <\/b><span style=\"font-weight: 400;\">a nivel global.<\/span><\/p>\n<p>&nbsp;<\/p>\n<p><b>11Onze es la fintech comunitaria de Catalu\u00f1a. Abre una cuenta descargando l\u2019app El Canut para <\/b><a href=\"https:\/\/play.google.com\/store\/apps\/details?id=com.e11onze.app&amp;utm_source=emailing&amp;utm_campaign=CANUT+launch\"><b>Android<\/b><\/a><b> o <\/b><a href=\"https:\/\/apps.apple.com\/us\/app\/11onze\/id1566129237?utm_campaign=El+Canut\"><b>iOS<\/b><\/a><b>. \u00a1\u00danete a la revoluci\u00f3n!<\/b><\/p>\n\n      <\/div>\n    <\/div>\n  <\/div>\n<\/div>\n\n\n<div class=\"component cards\">\n  <div class=\"container\">\n    <div class=\"row\">\n      <div class=\"col col-xl-8 offset-xl-2\">\n        <h1>Si te ha gustado este art\u00edculo, te recomendamos:<\/h1>\n        <div class=\"cards__wrapper\">\n          <div class=\"card\">\n            <a href=\"https:\/\/www.11onze.cat\/es\/magazine\/cuanto-contamina-transporte-mercancias\/\" class=\"card-link\" target=\"_self\"><\/a>\n            <div class=\"card-img\">\n              <img decoding=\"async\" src=\"https:\/\/www.11onze.cat\/wp-content\/uploads\/2022\/05\/THUMBNAIL_TRANSPORT_MERCADERIES.jpg\" class=\"card-img-top\" alt=\"\">\n                <span class=\"card-category\">Sostenibilidad<\/span>\n            <\/div>\n            <div class=\"card-body\">\n              <p class=\"card-title p2\"><strong>\u00bfCu\u00e1nto contamina el transporte de mercanc\u00edas?<\/strong><\/p>\n              <span class=\"card-time\">5min lectura<\/span>\n              <p class=\"card-text small\">El transporte de mercanc\u00edas sigue en auge, impulsado&#8230;<\/p>\n            <\/div>\n          <\/div>\n\n\n          <div class=\"card\">\n            <a href=\"https:\/\/www.11onze.cat\/es\/magazine\/proviene-energia-mueve-mundo\/\" class=\"card-link\" target=\"_self\"><\/a>\n            <div class=\"card-img\">\n              <img decoding=\"async\" src=\"https:\/\/www.11onze.cat\/wp-content\/uploads\/2024\/08\/THUMBNAIL_Energia_mou_Mon-768x512.jpg\" class=\"card-img-top\" alt=\"\">\n                <span class=\"card-category\">Sostenibilidad<\/span>\n            <\/div>\n            <div class=\"card-body\">\n              <p class=\"card-title p2\"><strong>\u00bfDe d\u00f3nde proviene la energ\u00eda que mueve el mundo?<\/strong><\/p>\n              <span class=\"card-time\">5min lectura<\/span>\n              <p class=\"card-text small\">La \u00faltima edici\u00f3n de Statistical Review of World Energy&#8230;<\/p>\n            <\/div>\n          <\/div>\n\n\n          <div class=\"card\">\n            <a href=\"https:\/\/www.11onze.cat\/es\/magazine\/posible-modelo-energetico-renovable\/\" class=\"card-link\" target=\"_self\"><\/a>\n            <div class=\"card-img\">\n              <img decoding=\"async\" src=\"https:\/\/www.11onze.cat\/wp-content\/uploads\/2024\/03\/THUMBNAIL_energia_renovable-768x512.png\" class=\"card-img-top\" alt=\"\">\n                <span class=\"card-category\">Sostenibilidad<\/span>\n            <\/div>\n            <div class=\"card-body\">\n              <p class=\"card-title p2\"><strong>\u00bfEs posible un modelo energ\u00e9tico 100% renovable?<\/strong><\/p>\n              <span class=\"card-time\">5min lectura<\/span>\n              <p class=\"card-text small\">El cambio clim\u00e1tico es el reto m\u00e1s grande al cual se&#8230;<\/p>\n            <\/div>\n          <\/div>\n\n              <\/div>\n              <br>\n              <br>\n              <div class=\"cards__wrapper\">\n\n        <\/div>\n      <\/div>\n    <\/div>\n  <\/div>\n<\/div>","protected":false},"excerpt":{"rendered":"","protected":false},"author":71,"featured_media":52623,"comment_status":"open","ping_status":"closed","sticky":false,"template":"","format":"standard","meta":{"_acf_changed":true,"content-type":"","footnotes":""},"categories":[28],"tags":[171],"class_list":["post-52632","post","type-post","status-publish","format-standard","has-post-thumbnail","hentry","category-sin-categorizar","tag-sostenibilidad"],"acf":[],"yoast_head":"<!-- This site is optimized with the Yoast SEO plugin v27.5 - https:\/\/yoast.com\/product\/yoast-seo-wordpress\/ -->\n<title>El reto de descarbonizar la aviaci\u00f3n comercial -11Onze<\/title>\n<meta name=\"description\" content=\"Ante la creciente presi\u00f3n por reducir las emisiones de CO\u2082, el sector de la aviaci\u00f3n comercial est\u00e1 explorando la viabilidad de utilizar combustibles m\u00e1s sostenibles.\" \/>\n<meta name=\"robots\" content=\"index, follow, max-snippet:-1, max-image-preview:large, max-video-preview:-1\" \/>\n<link rel=\"canonical\" href=\"https:\/\/www.11onze.cat\/es\/magazine\/reto-descarbonizar-aviacion-comercial\/\" \/>\n<meta property=\"og:locale\" content=\"es_ES\" \/>\n<meta property=\"og:type\" content=\"article\" \/>\n<meta property=\"og:title\" content=\"El reto de descarbonizar la aviaci\u00f3n comercial -11Onze\" \/>\n<meta property=\"og:description\" content=\"Ante la creciente presi\u00f3n por reducir las emisiones de CO\u2082, el sector de la aviaci\u00f3n comercial est\u00e1 explorando la viabilidad de utilizar combustibles m\u00e1s sostenibles.\" \/>\n<meta property=\"og:url\" content=\"https:\/\/www.11onze.cat\/es\/magazine\/reto-descarbonizar-aviacion-comercial\/\" \/>\n<meta property=\"og:site_name\" content=\"11Onze\" \/>\n<meta property=\"article:publisher\" content=\"https:\/\/www.facebook.com\/11OnzeComunitat\" \/>\n<meta property=\"article:published_time\" content=\"2025-01-30T08:00:00+00:00\" \/>\n<meta property=\"og:image\" content=\"https:\/\/www.11onze.cat\/wp-content\/uploads\/2024\/10\/11ONZE_Aviacio_Comercial-800x450.jpg\" \/>\n<meta name=\"author\" content=\"Equip Editorial\" \/>\n<meta name=\"twitter:card\" content=\"summary_large_image\" \/>\n<meta name=\"twitter:creator\" content=\"@11OnzeFintech\" \/>\n<meta name=\"twitter:site\" content=\"@11OnzeFintech\" \/>\n<meta name=\"twitter:label1\" content=\"Escrito por\" \/>\n\t<meta name=\"twitter:data1\" content=\"Equip Editorial\" \/>\n\t<meta name=\"twitter:label2\" content=\"Tiempo de lectura\" \/>\n\t<meta name=\"twitter:data2\" content=\"1 minuto\" \/>\n<script type=\"application\/ld+json\" class=\"yoast-schema-graph\">{\"@context\":\"https:\\\/\\\/schema.org\",\"@graph\":[{\"@type\":\"Article\",\"@id\":\"https:\\\/\\\/www.11onze.cat\\\/es\\\/magazine\\\/reto-descarbonizar-aviacion-comercial\\\/#article\",\"isPartOf\":{\"@id\":\"https:\\\/\\\/www.11onze.cat\\\/es\\\/magazine\\\/reto-descarbonizar-aviacion-comercial\\\/\"},\"author\":{\"name\":\"Equip Editorial\",\"@id\":\"https:\\\/\\\/www.11onze.cat\\\/es\\\/#\\\/schema\\\/person\\\/636d99b4c82bb7178687ecd43c3a61bd\"},\"headline\":\"El reto de descarbonizar la aviaci\u00f3n comercial\",\"datePublished\":\"2025-01-30T08:00:00+00:00\",\"mainEntityOfPage\":{\"@id\":\"https:\\\/\\\/www.11onze.cat\\\/es\\\/magazine\\\/reto-descarbonizar-aviacion-comercial\\\/\"},\"wordCount\":8,\"commentCount\":0,\"publisher\":{\"@id\":\"https:\\\/\\\/www.11onze.cat\\\/es\\\/#organization\"},\"image\":{\"@id\":\"https:\\\/\\\/www.11onze.cat\\\/es\\\/magazine\\\/reto-descarbonizar-aviacion-comercial\\\/#primaryimage\"},\"thumbnailUrl\":\"https:\\\/\\\/www.11onze.cat\\\/wp-content\\\/uploads\\\/2024\\\/10\\\/THUMBNAIL_Aviacio_Comercial.jpg\",\"keywords\":[\"Sostenibilidad\"],\"articleSection\":[\"Sin categorizar\"],\"inLanguage\":\"es\",\"potentialAction\":[{\"@type\":\"CommentAction\",\"name\":\"Comment\",\"target\":[\"https:\\\/\\\/www.11onze.cat\\\/es\\\/magazine\\\/reto-descarbonizar-aviacion-comercial\\\/#respond\"]}]},{\"@type\":\"WebPage\",\"@id\":\"https:\\\/\\\/www.11onze.cat\\\/es\\\/magazine\\\/reto-descarbonizar-aviacion-comercial\\\/\",\"url\":\"https:\\\/\\\/www.11onze.cat\\\/es\\\/magazine\\\/reto-descarbonizar-aviacion-comercial\\\/\",\"name\":\"El reto de descarbonizar la aviaci\u00f3n comercial -11Onze\",\"isPartOf\":{\"@id\":\"https:\\\/\\\/www.11onze.cat\\\/es\\\/#website\"},\"primaryImageOfPage\":{\"@id\":\"https:\\\/\\\/www.11onze.cat\\\/es\\\/magazine\\\/reto-descarbonizar-aviacion-comercial\\\/#primaryimage\"},\"image\":{\"@id\":\"https:\\\/\\\/www.11onze.cat\\\/es\\\/magazine\\\/reto-descarbonizar-aviacion-comercial\\\/#primaryimage\"},\"thumbnailUrl\":\"https:\\\/\\\/www.11onze.cat\\\/wp-content\\\/uploads\\\/2024\\\/10\\\/THUMBNAIL_Aviacio_Comercial.jpg\",\"datePublished\":\"2025-01-30T08:00:00+00:00\",\"description\":\"Ante la creciente presi\u00f3n por reducir las emisiones de CO\u2082, el sector de la aviaci\u00f3n comercial est\u00e1 explorando la viabilidad de utilizar combustibles m\u00e1s sostenibles.\",\"breadcrumb\":{\"@id\":\"https:\\\/\\\/www.11onze.cat\\\/es\\\/magazine\\\/reto-descarbonizar-aviacion-comercial\\\/#breadcrumb\"},\"inLanguage\":\"es\",\"potentialAction\":[{\"@type\":\"ReadAction\",\"target\":[\"https:\\\/\\\/www.11onze.cat\\\/es\\\/magazine\\\/reto-descarbonizar-aviacion-comercial\\\/\"]}]},{\"@type\":\"ImageObject\",\"inLanguage\":\"es\",\"@id\":\"https:\\\/\\\/www.11onze.cat\\\/es\\\/magazine\\\/reto-descarbonizar-aviacion-comercial\\\/#primaryimage\",\"url\":\"https:\\\/\\\/www.11onze.cat\\\/wp-content\\\/uploads\\\/2024\\\/10\\\/THUMBNAIL_Aviacio_Comercial.jpg\",\"contentUrl\":\"https:\\\/\\\/www.11onze.cat\\\/wp-content\\\/uploads\\\/2024\\\/10\\\/THUMBNAIL_Aviacio_Comercial.jpg\",\"width\":1200,\"height\":800},{\"@type\":\"BreadcrumbList\",\"@id\":\"https:\\\/\\\/www.11onze.cat\\\/es\\\/magazine\\\/reto-descarbonizar-aviacion-comercial\\\/#breadcrumb\",\"itemListElement\":[{\"@type\":\"ListItem\",\"position\":1,\"name\":\"Home\",\"item\":\"https:\\\/\\\/www.11onze.cat\\\/es\\\/\"},{\"@type\":\"ListItem\",\"position\":2,\"name\":\"El reto de descarbonizar la aviaci\u00f3n comercial\"}]},{\"@type\":\"WebSite\",\"@id\":\"https:\\\/\\\/www.11onze.cat\\\/es\\\/#website\",\"url\":\"https:\\\/\\\/www.11onze.cat\\\/es\\\/\",\"name\":\"11Onze\",\"description\":\"Primera comunidad fintech digital en Catalu\u00f1a\",\"publisher\":{\"@id\":\"https:\\\/\\\/www.11onze.cat\\\/es\\\/#organization\"},\"potentialAction\":[{\"@type\":\"SearchAction\",\"target\":{\"@type\":\"EntryPoint\",\"urlTemplate\":\"https:\\\/\\\/www.11onze.cat\\\/es\\\/?s={search_term_string}\"},\"query-input\":{\"@type\":\"PropertyValueSpecification\",\"valueRequired\":true,\"valueName\":\"search_term_string\"}}],\"inLanguage\":\"es\"},{\"@type\":\"Organization\",\"@id\":\"https:\\\/\\\/www.11onze.cat\\\/es\\\/#organization\",\"name\":\"11Onze\",\"url\":\"https:\\\/\\\/www.11onze.cat\\\/es\\\/\",\"logo\":{\"@type\":\"ImageObject\",\"inLanguage\":\"es\",\"@id\":\"https:\\\/\\\/www.11onze.cat\\\/es\\\/#\\\/schema\\\/logo\\\/image\\\/\",\"url\":\"https:\\\/\\\/www.11onze.cat\\\/wp-content\\\/uploads\\\/2021\\\/04\\\/512x512-11Onze.jpg\",\"contentUrl\":\"https:\\\/\\\/www.11onze.cat\\\/wp-content\\\/uploads\\\/2021\\\/04\\\/512x512-11Onze.jpg\",\"width\":512,\"height\":512,\"caption\":\"11Onze\"},\"image\":{\"@id\":\"https:\\\/\\\/www.11onze.cat\\\/es\\\/#\\\/schema\\\/logo\\\/image\\\/\"},\"sameAs\":[\"https:\\\/\\\/www.facebook.com\\\/11OnzeComunitat\",\"https:\\\/\\\/x.com\\\/11OnzeFintech\",\"https:\\\/\\\/www.instagram.com\\\/11onzecat\\\/\",\"https:\\\/\\\/www.linkedin.com\\\/company\\\/11onzebanc\",\"https:\\\/\\\/www.youtube.com\\\/channel\\\/UCz63R8Byd_kBKtK2M4Qf_7w\"]},{\"@type\":\"Person\",\"@id\":\"https:\\\/\\\/www.11onze.cat\\\/es\\\/#\\\/schema\\\/person\\\/636d99b4c82bb7178687ecd43c3a61bd\",\"name\":\"Equip Editorial\",\"image\":{\"@type\":\"ImageObject\",\"inLanguage\":\"es\",\"@id\":\"https:\\\/\\\/www.11onze.cat\\\/wp-content\\\/uploads\\\/2022\\\/05\\\/HEADER_AGENTS_DECK-300x300.jpg\",\"url\":\"https:\\\/\\\/www.11onze.cat\\\/wp-content\\\/uploads\\\/2022\\\/05\\\/HEADER_AGENTS_DECK-300x300.jpg\",\"contentUrl\":\"https:\\\/\\\/www.11onze.cat\\\/wp-content\\\/uploads\\\/2022\\\/05\\\/HEADER_AGENTS_DECK-300x300.jpg\",\"caption\":\"Equip Editorial\"},\"url\":\"https:\\\/\\\/www.11onze.cat\\\/es\\\/magazine\\\/author\\\/equip-editorial-11onze\\\/\"}]}<\/script>\n<!-- \/ Yoast SEO plugin. -->","yoast_head_json":{"title":"El reto de descarbonizar la aviaci\u00f3n comercial -11Onze","description":"Ante la creciente presi\u00f3n por reducir las emisiones de CO\u2082, el sector de la aviaci\u00f3n comercial est\u00e1 explorando la viabilidad de utilizar combustibles m\u00e1s sostenibles.","robots":{"index":"index","follow":"follow","max-snippet":"max-snippet:-1","max-image-preview":"max-image-preview:large","max-video-preview":"max-video-preview:-1"},"canonical":"https:\/\/www.11onze.cat\/es\/magazine\/reto-descarbonizar-aviacion-comercial\/","og_locale":"es_ES","og_type":"article","og_title":"El reto de descarbonizar la aviaci\u00f3n comercial -11Onze","og_description":"Ante la creciente presi\u00f3n por reducir las emisiones de CO\u2082, el sector de la aviaci\u00f3n comercial est\u00e1 explorando la viabilidad de utilizar combustibles m\u00e1s sostenibles.","og_url":"https:\/\/www.11onze.cat\/es\/magazine\/reto-descarbonizar-aviacion-comercial\/","og_site_name":"11Onze","article_publisher":"https:\/\/www.facebook.com\/11OnzeComunitat","article_published_time":"2025-01-30T08:00:00+00:00","og_image":[{"url":"https:\/\/www.11onze.cat\/wp-content\/uploads\/2024\/10\/11ONZE_Aviacio_Comercial-800x450.jpg","type":"","width":"","height":""}],"author":"Equip Editorial","twitter_card":"summary_large_image","twitter_creator":"@11OnzeFintech","twitter_site":"@11OnzeFintech","twitter_misc":{"Escrito por":"Equip Editorial","Tiempo de lectura":"1 minuto"},"schema":{"@context":"https:\/\/schema.org","@graph":[{"@type":"Article","@id":"https:\/\/www.11onze.cat\/es\/magazine\/reto-descarbonizar-aviacion-comercial\/#article","isPartOf":{"@id":"https:\/\/www.11onze.cat\/es\/magazine\/reto-descarbonizar-aviacion-comercial\/"},"author":{"name":"Equip Editorial","@id":"https:\/\/www.11onze.cat\/es\/#\/schema\/person\/636d99b4c82bb7178687ecd43c3a61bd"},"headline":"El reto de descarbonizar la aviaci\u00f3n comercial","datePublished":"2025-01-30T08:00:00+00:00","mainEntityOfPage":{"@id":"https:\/\/www.11onze.cat\/es\/magazine\/reto-descarbonizar-aviacion-comercial\/"},"wordCount":8,"commentCount":0,"publisher":{"@id":"https:\/\/www.11onze.cat\/es\/#organization"},"image":{"@id":"https:\/\/www.11onze.cat\/es\/magazine\/reto-descarbonizar-aviacion-comercial\/#primaryimage"},"thumbnailUrl":"https:\/\/www.11onze.cat\/wp-content\/uploads\/2024\/10\/THUMBNAIL_Aviacio_Comercial.jpg","keywords":["Sostenibilidad"],"articleSection":["Sin categorizar"],"inLanguage":"es","potentialAction":[{"@type":"CommentAction","name":"Comment","target":["https:\/\/www.11onze.cat\/es\/magazine\/reto-descarbonizar-aviacion-comercial\/#respond"]}]},{"@type":"WebPage","@id":"https:\/\/www.11onze.cat\/es\/magazine\/reto-descarbonizar-aviacion-comercial\/","url":"https:\/\/www.11onze.cat\/es\/magazine\/reto-descarbonizar-aviacion-comercial\/","name":"El reto de descarbonizar la aviaci\u00f3n comercial -11Onze","isPartOf":{"@id":"https:\/\/www.11onze.cat\/es\/#website"},"primaryImageOfPage":{"@id":"https:\/\/www.11onze.cat\/es\/magazine\/reto-descarbonizar-aviacion-comercial\/#primaryimage"},"image":{"@id":"https:\/\/www.11onze.cat\/es\/magazine\/reto-descarbonizar-aviacion-comercial\/#primaryimage"},"thumbnailUrl":"https:\/\/www.11onze.cat\/wp-content\/uploads\/2024\/10\/THUMBNAIL_Aviacio_Comercial.jpg","datePublished":"2025-01-30T08:00:00+00:00","description":"Ante la creciente presi\u00f3n por reducir las emisiones de CO\u2082, el sector de la aviaci\u00f3n comercial est\u00e1 explorando la viabilidad de utilizar combustibles m\u00e1s sostenibles.","breadcrumb":{"@id":"https:\/\/www.11onze.cat\/es\/magazine\/reto-descarbonizar-aviacion-comercial\/#breadcrumb"},"inLanguage":"es","potentialAction":[{"@type":"ReadAction","target":["https:\/\/www.11onze.cat\/es\/magazine\/reto-descarbonizar-aviacion-comercial\/"]}]},{"@type":"ImageObject","inLanguage":"es","@id":"https:\/\/www.11onze.cat\/es\/magazine\/reto-descarbonizar-aviacion-comercial\/#primaryimage","url":"https:\/\/www.11onze.cat\/wp-content\/uploads\/2024\/10\/THUMBNAIL_Aviacio_Comercial.jpg","contentUrl":"https:\/\/www.11onze.cat\/wp-content\/uploads\/2024\/10\/THUMBNAIL_Aviacio_Comercial.jpg","width":1200,"height":800},{"@type":"BreadcrumbList","@id":"https:\/\/www.11onze.cat\/es\/magazine\/reto-descarbonizar-aviacion-comercial\/#breadcrumb","itemListElement":[{"@type":"ListItem","position":1,"name":"Home","item":"https:\/\/www.11onze.cat\/es\/"},{"@type":"ListItem","position":2,"name":"El reto de descarbonizar la aviaci\u00f3n comercial"}]},{"@type":"WebSite","@id":"https:\/\/www.11onze.cat\/es\/#website","url":"https:\/\/www.11onze.cat\/es\/","name":"11Onze","description":"Primera comunidad fintech digital en Catalu\u00f1a","publisher":{"@id":"https:\/\/www.11onze.cat\/es\/#organization"},"potentialAction":[{"@type":"SearchAction","target":{"@type":"EntryPoint","urlTemplate":"https:\/\/www.11onze.cat\/es\/?s={search_term_string}"},"query-input":{"@type":"PropertyValueSpecification","valueRequired":true,"valueName":"search_term_string"}}],"inLanguage":"es"},{"@type":"Organization","@id":"https:\/\/www.11onze.cat\/es\/#organization","name":"11Onze","url":"https:\/\/www.11onze.cat\/es\/","logo":{"@type":"ImageObject","inLanguage":"es","@id":"https:\/\/www.11onze.cat\/es\/#\/schema\/logo\/image\/","url":"https:\/\/www.11onze.cat\/wp-content\/uploads\/2021\/04\/512x512-11Onze.jpg","contentUrl":"https:\/\/www.11onze.cat\/wp-content\/uploads\/2021\/04\/512x512-11Onze.jpg","width":512,"height":512,"caption":"11Onze"},"image":{"@id":"https:\/\/www.11onze.cat\/es\/#\/schema\/logo\/image\/"},"sameAs":["https:\/\/www.facebook.com\/11OnzeComunitat","https:\/\/x.com\/11OnzeFintech","https:\/\/www.instagram.com\/11onzecat\/","https:\/\/www.linkedin.com\/company\/11onzebanc","https:\/\/www.youtube.com\/channel\/UCz63R8Byd_kBKtK2M4Qf_7w"]},{"@type":"Person","@id":"https:\/\/www.11onze.cat\/es\/#\/schema\/person\/636d99b4c82bb7178687ecd43c3a61bd","name":"Equip Editorial","image":{"@type":"ImageObject","inLanguage":"es","@id":"https:\/\/www.11onze.cat\/wp-content\/uploads\/2022\/05\/HEADER_AGENTS_DECK-300x300.jpg","url":"https:\/\/www.11onze.cat\/wp-content\/uploads\/2022\/05\/HEADER_AGENTS_DECK-300x300.jpg","contentUrl":"https:\/\/www.11onze.cat\/wp-content\/uploads\/2022\/05\/HEADER_AGENTS_DECK-300x300.jpg","caption":"Equip Editorial"},"url":"https:\/\/www.11onze.cat\/es\/magazine\/author\/equip-editorial-11onze\/"}]}},"_links":{"self":[{"href":"https:\/\/www.11onze.cat\/es\/wp-json\/wp\/v2\/posts\/52632","targetHints":{"allow":["GET"]}}],"collection":[{"href":"https:\/\/www.11onze.cat\/es\/wp-json\/wp\/v2\/posts"}],"about":[{"href":"https:\/\/www.11onze.cat\/es\/wp-json\/wp\/v2\/types\/post"}],"author":[{"embeddable":true,"href":"https:\/\/www.11onze.cat\/es\/wp-json\/wp\/v2\/users\/71"}],"replies":[{"embeddable":true,"href":"https:\/\/www.11onze.cat\/es\/wp-json\/wp\/v2\/comments?post=52632"}],"version-history":[{"count":0,"href":"https:\/\/www.11onze.cat\/es\/wp-json\/wp\/v2\/posts\/52632\/revisions"}],"wp:featuredmedia":[{"embeddable":true,"href":"https:\/\/www.11onze.cat\/es\/wp-json\/wp\/v2\/media\/52623"}],"wp:attachment":[{"href":"https:\/\/www.11onze.cat\/es\/wp-json\/wp\/v2\/media?parent=52632"}],"wp:term":[{"taxonomy":"category","embeddable":true,"href":"https:\/\/www.11onze.cat\/es\/wp-json\/wp\/v2\/categories?post=52632"},{"taxonomy":"post_tag","embeddable":true,"href":"https:\/\/www.11onze.cat\/es\/wp-json\/wp\/v2\/tags?post=52632"}],"curies":[{"name":"wp","href":"https:\/\/api.w.org\/{rel}","templated":true}]}}