{"id":51889,"date":"2024-09-06T17:21:57","date_gmt":"2024-09-06T15:21:57","guid":{"rendered":"https:\/\/www.11onze.cat\/magazine\/preu-llum-podria-caure\/"},"modified":"2024-09-06T17:37:18","modified_gmt":"2024-09-06T15:37:18","slug":"precio-luz-podria-caer","status":"publish","type":"post","link":"https:\/\/www.11onze.cat\/es\/magazine\/precio-luz-podria-caer\/","title":{"rendered":"El precio de la luz podr\u00eda caer a la mitad en 2030"},"content":{"rendered":"<div class=\"component text\">\n  <div class=\"container\">\n\n\n    <div class=\"row\">\n      <div class=\"col  col-lg-8  offset-lg-2\">\n        <h3><b>Un informe del Banco de Espa\u00f1a pronostica que las energ\u00edas renovables podr\u00edan hacer caer el precio de la luz en un 50% de aqu\u00ed al 2030. Adem\u00e1s, prev\u00e9 que la presencia de las energ\u00edas renovables sobre el uso final de energ\u00eda represente el 42% del total del mercado.<\/b><\/h3>\n<p>&nbsp;<\/p>\n<p><span style=\"font-weight: 400;\">En un <\/span><a href=\"https:\/\/www.bde.es\/f\/webbe\/SES\/Secciones\/Publicaciones\/InformesBoletinesRevistas\/BoletinEconomico\/24\/T3\/Fich\/be2403-art09.pdf\"><span style=\"font-weight: 400;\">estudio<\/span><\/a><span style=\"font-weight: 400;\"> titulado \u201cEl impacto de las energ\u00edas renovables sobre el precio mayorista de la electricidad\u201d, el Banco de Espa\u00f1a pronostica que <\/span><b>las energ\u00edas renovables podr\u00edan hacer caer el precio de la electricidad en un 50% adicional de aqu\u00ed a 2030 <\/b><span style=\"font-weight: 400;\">si se cumple el despliegue previsto en el Plan Nacional Integrado de Energ\u00eda y Clima (PNIEC).<\/span><\/p>\n<p><span style=\"font-weight: 400;\">\u201cAdem\u00e1s de contribuir a la transici\u00f3n clim\u00e1tica, <\/span><b>las energ\u00edas renovables tienen un papel muy relevante en la reducci\u00f3n de los precios al por mayor de la electricidad<\/b><span style=\"font-weight: 400;\"> y esta relevancia previsiblemente se incrementar\u00e1 en el futuro\u201d, se\u00f1ala informe.<\/span><\/p>\n<p><span style=\"font-weight: 400;\">Las energ\u00edas e\u00f3lica y solar pasaron de sumar el 26% del total de generaci\u00f3n el\u00e9ctrica durante el 2019, a m\u00e1s del 40% en los primeros seis meses de este a\u00f1o. <\/span><b>El porcentaje de demanda el\u00e9ctrica cubierto por renovables logr\u00f3 m\u00e1ximos del 47%<\/b><span style=\"font-weight: 400;\"> en el segundo trimestre de 2024.<\/span><\/p>\n<p><span style=\"font-weight: 400;\">Adem\u00e1s, el estudio muestra que <\/span><b>el precio al por mayor de la electricidad fue m\u00e1s de un 40% inferior durante la primera mitad de este a\u00f1o<\/b><span style=\"font-weight: 400;\"> respecto al cual se habr\u00eda observado de mantenerse la capacidad de generaci\u00f3n e\u00f3lica y solar en los niveles del 2019.<\/span><\/p>\n<p>&nbsp;<\/p>\n<h3><b>La importancia de los factores externos<\/b><\/h3>\n<p><span style=\"font-weight: 400;\">El BdE reconoce que, en cualquier caso, el comportamiento futuro de estos precios est\u00e1 sujeto a una considerable incertidumbre, al estar <\/span><b>condicionado por la evoluci\u00f3n de diferentes factores de oferta o de la adaptaci\u00f3n de la demanda a los nuevos niveles de generaci\u00f3n renovable<\/b><span style=\"font-weight: 400;\">. En este contexto, precisa que los precios del gas natural todav\u00eda tienen un efecto importante en los precios del mercado, como se ha visto con la subida de precios a ra\u00edz de las sanciones impuestas a Rusia.<\/span><\/p>\n<p><span style=\"font-weight: 400;\">No obstante, el informe apunta que <\/span><b>la predicci\u00f3n de la rebaja del precio de la luz se ha elaborado est\u00e1n con un intervalo de confianza de entre el 45% y el 60%<\/b><span style=\"font-weight: 400;\">, en el supuesto que el precio del gas natural se mantenga en los niveles actuales y que no se reduzca el ritmo de ejecuci\u00f3n de los ambiciosos proyectos de inversi\u00f3n previstos para aumentar la capacidad de generaci\u00f3n el\u00e9ctrica renovable.<\/span><\/p>\n<p><span style=\"font-weight: 400;\">Por otro lado, los objetivos clim\u00e1ticos marcados por la Uni\u00f3n Europea de <\/span><b>reducir un 55% las emisiones de CO\u2082 para 2030 respecto al nivel de 1990<\/b><span style=\"font-weight: 400;\">, as\u00ed como de lograr la neutralidad clim\u00e1tica en 2050, seguir\u00e1n teniendo un efecto sustancial en el precio a los mercados al por mayor.<\/span><\/p>\n<p><span style=\"font-weight: 400;\">El BdE hace la reflexi\u00f3n que \u201cbajo el sistema marginalista vigente a los mercados europeos, los precios de la electricidad se fijan a partir de las ofertas de la tecnolog\u00eda m\u00e1s cara necesaria para cubrir la demanda de cada tramo horario\u201d. Por lo tanto, \u201c<\/span><b>un aumento de la generaci\u00f3n de energ\u00edas renovables afectar\u00eda los precios al por mayor en la medida que desplace en otras tecnolog\u00edas de m\u00e1s coste marginal<\/b> <b>del mix energ\u00e9tico <\/b><span style=\"font-weight: 400;\">necesario para satisfacer la demanda en determinados tramos horarios\u201d.<\/span><\/p>\n<p>&nbsp;<\/p>\n<p><b>11Onze es la fintech comunitaria de Catalu\u00f1a. Abre una cuenta descargando la app El Canut para <\/b><a href=\"https:\/\/play.google.com\/store\/apps\/details?id=com.e11onze.app&amp;utm_source=emailing&amp;utm_campaign=CANUT+launch\"><b>Android<\/b><\/a><b> o <\/b><a href=\"https:\/\/apps.apple.com\/us\/app\/11onze\/id1566129237?utm_campaign=El+Canut\"><b>iOS<\/b><\/a><b>. \u00a1\u00danete a la revoluci\u00f3n!<\/b><\/p>\n\n      <\/div>\n    <\/div>\n  <\/div>\n<\/div>\n\n\n<div class=\"component cards\">\n  <div class=\"container\">\n    <div class=\"row\">\n      <div class=\"col col-xl-8 offset-xl-2\">\n        <h1>Si te ha gustado este art\u00edculo, te recomendamos:<\/h1>\n        <div class=\"cards__wrapper\">\n          <div class=\"card\">\n            <a href=\"https:\/\/www.11onze.cat\/es\/magazine\/proviene-energia-mueve-mundo\/\" class=\"card-link\" target=\"_self\"><\/a>\n            <div class=\"card-img\">\n              <img decoding=\"async\" src=\"https:\/\/www.11onze.cat\/wp-content\/uploads\/2024\/08\/THUMBNAIL_Energia_mou_Mon-768x512.jpg\" class=\"card-img-top\" alt=\"\">\n                <span class=\"card-category\">Sostenibilidad<\/span>\n            <\/div>\n            <div class=\"card-body\">\n              <p class=\"card-title p2\"><strong>\u00bfDe d\u00f3nde proviene la energ\u00eda que mueve el mundo?<\/strong><\/p>\n              <span class=\"card-time\">3min lectura<\/span>\n              <p class=\"card-text small\">La \u00faltima edici\u00f3n de Statistical Review of World Energy&#8230;<\/p>\n            <\/div>\n          <\/div>\n\n\n          <div class=\"card\">\n            <a href=\"https:\/\/www.11onze.cat\/es\/magazine\/posible-modelo-energetico-renovable\/\" class=\"card-link\" target=\"_self\"><\/a>\n            <div class=\"card-img\">\n              <img decoding=\"async\" src=\"https:\/\/www.11onze.cat\/wp-content\/uploads\/2024\/03\/THUMBNAIL_energia_renovable-768x512.png\" class=\"card-img-top\" alt=\"\">\n                <span class=\"card-category\">Sostenibilidad<\/span>\n            <\/div>\n            <div class=\"card-body\">\n              <p class=\"card-title p2\"><strong>\u00bfEs posible un modelo energ\u00e9tico 100% renovable?<\/strong><\/p>\n              <span class=\"card-time\">3min lectura<\/span>\n              <p class=\"card-text small\">El cambio clim\u00e1tico es el reto m\u00e1s grande al cual se&#8230;<\/p>\n            <\/div>\n          <\/div>\n\n\n          <div class=\"card\">\n            <a href=\"https:\/\/www.11onze.cat\/es\/magazine\/energia-demora-transicion-energetica\/\" class=\"card-link\" target=\"_self\"><\/a>\n            <div class=\"card-img\">\n              <img decoding=\"async\" src=\"https:\/\/www.11onze.cat\/wp-content\/uploads\/2023\/01\/THUMBNAIL_ENERGIA_9.jpg\" class=\"card-img-top\" alt=\"\">\n                <span class=\"card-category\">Sostenibilidad<\/span>\n            <\/div>\n            <div class=\"card-body\">\n              <p class=\"card-title p2\"><strong>\u00bfQui\u00e9n demora la transici\u00f3n energ\u00e9tica?<\/strong><\/p>\n              <span class=\"card-time\">3min lectura<\/span>\n              <p class=\"card-text small\">La transici\u00f3n energ\u00e9tica hacia fuentes de energ\u00eda&#8230;<\/p>\n            <\/div>\n          <\/div>\n\n              <\/div>\n              <br>\n              <br>\n              <div class=\"cards__wrapper\">\n\n        <\/div>\n      <\/div>\n    <\/div>\n  <\/div>\n<\/div>","protected":false},"excerpt":{"rendered":"","protected":false},"author":71,"featured_media":51887,"comment_status":"open","ping_status":"closed","sticky":false,"template":"","format":"standard","meta":{"_acf_changed":true,"content-type":"","footnotes":""},"categories":[28],"tags":[171],"class_list":["post-51889","post","type-post","status-publish","format-standard","has-post-thumbnail","hentry","category-sin-categorizar","tag-sostenibilidad"],"acf":[],"yoast_head":"<!-- This site is optimized with the Yoast SEO plugin v27.5 - https:\/\/yoast.com\/product\/yoast-seo-wordpress\/ -->\n<title>El precio de la luz podr\u00eda caer a la mitad en 2030 -11Onze<\/title>\n<meta name=\"description\" content=\"El Banco de Espa\u00f1a pronostica que las energ\u00edas renovables podr\u00edan hacer caer el precio de la luz un 50% de aqu\u00ed al 2030.\" \/>\n<meta name=\"robots\" content=\"index, follow, max-snippet:-1, max-image-preview:large, max-video-preview:-1\" \/>\n<link rel=\"canonical\" href=\"https:\/\/www.11onze.cat\/es\/magazine\/precio-luz-podria-caer\/\" \/>\n<meta property=\"og:locale\" content=\"es_ES\" \/>\n<meta property=\"og:type\" content=\"article\" \/>\n<meta property=\"og:title\" content=\"El precio de la luz podr\u00eda caer a la mitad en 2030 -11Onze\" \/>\n<meta property=\"og:description\" content=\"El Banco de Espa\u00f1a pronostica que las energ\u00edas renovables podr\u00edan hacer caer el precio de la luz un 50% de aqu\u00ed al 2030.\" \/>\n<meta property=\"og:url\" content=\"https:\/\/www.11onze.cat\/es\/magazine\/precio-luz-podria-caer\/\" \/>\n<meta property=\"og:site_name\" content=\"11Onze\" \/>\n<meta property=\"article:publisher\" content=\"https:\/\/www.facebook.com\/11OnzeComunitat\" \/>\n<meta property=\"article:published_time\" content=\"2024-09-06T15:21:57+00:00\" \/>\n<meta property=\"article:modified_time\" content=\"2024-09-06T15:37:18+00:00\" \/>\n<meta property=\"og:image\" content=\"https:\/\/www.11onze.cat\/wp-content\/uploads\/2024\/09\/11ONZE_Preu_Llum-800x450.jpg\" \/>\n<meta name=\"author\" content=\"Equip Editorial\" \/>\n<meta name=\"twitter:card\" content=\"summary_large_image\" \/>\n<meta name=\"twitter:creator\" content=\"@11OnzeFintech\" \/>\n<meta name=\"twitter:site\" content=\"@11OnzeFintech\" \/>\n<meta name=\"twitter:label1\" content=\"Escrito por\" \/>\n\t<meta name=\"twitter:data1\" content=\"Equip Editorial\" \/>\n\t<meta name=\"twitter:label2\" content=\"Tiempo de lectura\" \/>\n\t<meta name=\"twitter:data2\" content=\"1 minuto\" \/>\n<script type=\"application\/ld+json\" class=\"yoast-schema-graph\">{\"@context\":\"https:\\\/\\\/schema.org\",\"@graph\":[{\"@type\":\"Article\",\"@id\":\"https:\\\/\\\/www.11onze.cat\\\/es\\\/magazine\\\/precio-luz-podria-caer\\\/#article\",\"isPartOf\":{\"@id\":\"https:\\\/\\\/www.11onze.cat\\\/es\\\/magazine\\\/precio-luz-podria-caer\\\/\"},\"author\":{\"name\":\"Equip Editorial\",\"@id\":\"https:\\\/\\\/www.11onze.cat\\\/es\\\/#\\\/schema\\\/person\\\/636d99b4c82bb7178687ecd43c3a61bd\"},\"headline\":\"El precio de la luz podr\u00eda caer a la mitad en 2030\",\"datePublished\":\"2024-09-06T15:21:57+00:00\",\"dateModified\":\"2024-09-06T15:37:18+00:00\",\"mainEntityOfPage\":{\"@id\":\"https:\\\/\\\/www.11onze.cat\\\/es\\\/magazine\\\/precio-luz-podria-caer\\\/\"},\"wordCount\":12,\"commentCount\":0,\"publisher\":{\"@id\":\"https:\\\/\\\/www.11onze.cat\\\/es\\\/#organization\"},\"image\":{\"@id\":\"https:\\\/\\\/www.11onze.cat\\\/es\\\/magazine\\\/precio-luz-podria-caer\\\/#primaryimage\"},\"thumbnailUrl\":\"https:\\\/\\\/www.11onze.cat\\\/wp-content\\\/uploads\\\/2024\\\/09\\\/THUMBNAIL_IMAGE_Preu_Llum.jpg\",\"keywords\":[\"Sostenibilidad\"],\"articleSection\":[\"Sin categorizar\"],\"inLanguage\":\"es\",\"potentialAction\":[{\"@type\":\"CommentAction\",\"name\":\"Comment\",\"target\":[\"https:\\\/\\\/www.11onze.cat\\\/es\\\/magazine\\\/precio-luz-podria-caer\\\/#respond\"]}]},{\"@type\":\"WebPage\",\"@id\":\"https:\\\/\\\/www.11onze.cat\\\/es\\\/magazine\\\/precio-luz-podria-caer\\\/\",\"url\":\"https:\\\/\\\/www.11onze.cat\\\/es\\\/magazine\\\/precio-luz-podria-caer\\\/\",\"name\":\"El precio de la luz podr\u00eda caer a la mitad en 2030 -11Onze\",\"isPartOf\":{\"@id\":\"https:\\\/\\\/www.11onze.cat\\\/es\\\/#website\"},\"primaryImageOfPage\":{\"@id\":\"https:\\\/\\\/www.11onze.cat\\\/es\\\/magazine\\\/precio-luz-podria-caer\\\/#primaryimage\"},\"image\":{\"@id\":\"https:\\\/\\\/www.11onze.cat\\\/es\\\/magazine\\\/precio-luz-podria-caer\\\/#primaryimage\"},\"thumbnailUrl\":\"https:\\\/\\\/www.11onze.cat\\\/wp-content\\\/uploads\\\/2024\\\/09\\\/THUMBNAIL_IMAGE_Preu_Llum.jpg\",\"datePublished\":\"2024-09-06T15:21:57+00:00\",\"dateModified\":\"2024-09-06T15:37:18+00:00\",\"description\":\"El Banco de Espa\u00f1a pronostica que las energ\u00edas renovables podr\u00edan hacer caer el precio de la luz un 50% de aqu\u00ed al 2030.\",\"breadcrumb\":{\"@id\":\"https:\\\/\\\/www.11onze.cat\\\/es\\\/magazine\\\/precio-luz-podria-caer\\\/#breadcrumb\"},\"inLanguage\":\"es\",\"potentialAction\":[{\"@type\":\"ReadAction\",\"target\":[\"https:\\\/\\\/www.11onze.cat\\\/es\\\/magazine\\\/precio-luz-podria-caer\\\/\"]}]},{\"@type\":\"ImageObject\",\"inLanguage\":\"es\",\"@id\":\"https:\\\/\\\/www.11onze.cat\\\/es\\\/magazine\\\/precio-luz-podria-caer\\\/#primaryimage\",\"url\":\"https:\\\/\\\/www.11onze.cat\\\/wp-content\\\/uploads\\\/2024\\\/09\\\/THUMBNAIL_IMAGE_Preu_Llum.jpg\",\"contentUrl\":\"https:\\\/\\\/www.11onze.cat\\\/wp-content\\\/uploads\\\/2024\\\/09\\\/THUMBNAIL_IMAGE_Preu_Llum.jpg\",\"width\":1200,\"height\":800},{\"@type\":\"BreadcrumbList\",\"@id\":\"https:\\\/\\\/www.11onze.cat\\\/es\\\/magazine\\\/precio-luz-podria-caer\\\/#breadcrumb\",\"itemListElement\":[{\"@type\":\"ListItem\",\"position\":1,\"name\":\"Home\",\"item\":\"https:\\\/\\\/www.11onze.cat\\\/es\\\/\"},{\"@type\":\"ListItem\",\"position\":2,\"name\":\"El precio de la luz podr\u00eda caer a la mitad en 2030\"}]},{\"@type\":\"WebSite\",\"@id\":\"https:\\\/\\\/www.11onze.cat\\\/es\\\/#website\",\"url\":\"https:\\\/\\\/www.11onze.cat\\\/es\\\/\",\"name\":\"11Onze\",\"description\":\"Primera comunidad fintech digital en Catalu\u00f1a\",\"publisher\":{\"@id\":\"https:\\\/\\\/www.11onze.cat\\\/es\\\/#organization\"},\"potentialAction\":[{\"@type\":\"SearchAction\",\"target\":{\"@type\":\"EntryPoint\",\"urlTemplate\":\"https:\\\/\\\/www.11onze.cat\\\/es\\\/?s={search_term_string}\"},\"query-input\":{\"@type\":\"PropertyValueSpecification\",\"valueRequired\":true,\"valueName\":\"search_term_string\"}}],\"inLanguage\":\"es\"},{\"@type\":\"Organization\",\"@id\":\"https:\\\/\\\/www.11onze.cat\\\/es\\\/#organization\",\"name\":\"11Onze\",\"url\":\"https:\\\/\\\/www.11onze.cat\\\/es\\\/\",\"logo\":{\"@type\":\"ImageObject\",\"inLanguage\":\"es\",\"@id\":\"https:\\\/\\\/www.11onze.cat\\\/es\\\/#\\\/schema\\\/logo\\\/image\\\/\",\"url\":\"https:\\\/\\\/www.11onze.cat\\\/wp-content\\\/uploads\\\/2021\\\/04\\\/512x512-11Onze.jpg\",\"contentUrl\":\"https:\\\/\\\/www.11onze.cat\\\/wp-content\\\/uploads\\\/2021\\\/04\\\/512x512-11Onze.jpg\",\"width\":512,\"height\":512,\"caption\":\"11Onze\"},\"image\":{\"@id\":\"https:\\\/\\\/www.11onze.cat\\\/es\\\/#\\\/schema\\\/logo\\\/image\\\/\"},\"sameAs\":[\"https:\\\/\\\/www.facebook.com\\\/11OnzeComunitat\",\"https:\\\/\\\/x.com\\\/11OnzeFintech\",\"https:\\\/\\\/www.instagram.com\\\/11onzecat\\\/\",\"https:\\\/\\\/www.linkedin.com\\\/company\\\/11onzebanc\",\"https:\\\/\\\/www.youtube.com\\\/channel\\\/UCz63R8Byd_kBKtK2M4Qf_7w\"]},{\"@type\":\"Person\",\"@id\":\"https:\\\/\\\/www.11onze.cat\\\/es\\\/#\\\/schema\\\/person\\\/636d99b4c82bb7178687ecd43c3a61bd\",\"name\":\"Equip Editorial\",\"image\":{\"@type\":\"ImageObject\",\"inLanguage\":\"es\",\"@id\":\"https:\\\/\\\/www.11onze.cat\\\/wp-content\\\/uploads\\\/2022\\\/05\\\/HEADER_AGENTS_DECK-300x300.jpg\",\"url\":\"https:\\\/\\\/www.11onze.cat\\\/wp-content\\\/uploads\\\/2022\\\/05\\\/HEADER_AGENTS_DECK-300x300.jpg\",\"contentUrl\":\"https:\\\/\\\/www.11onze.cat\\\/wp-content\\\/uploads\\\/2022\\\/05\\\/HEADER_AGENTS_DECK-300x300.jpg\",\"caption\":\"Equip Editorial\"},\"url\":\"https:\\\/\\\/www.11onze.cat\\\/es\\\/magazine\\\/author\\\/equip-editorial-11onze\\\/\"}]}<\/script>\n<!-- \/ Yoast SEO plugin. -->","yoast_head_json":{"title":"El precio de la luz podr\u00eda caer a la mitad en 2030 -11Onze","description":"El Banco de Espa\u00f1a pronostica que las energ\u00edas renovables podr\u00edan hacer caer el precio de la luz un 50% de aqu\u00ed al 2030.","robots":{"index":"index","follow":"follow","max-snippet":"max-snippet:-1","max-image-preview":"max-image-preview:large","max-video-preview":"max-video-preview:-1"},"canonical":"https:\/\/www.11onze.cat\/es\/magazine\/precio-luz-podria-caer\/","og_locale":"es_ES","og_type":"article","og_title":"El precio de la luz podr\u00eda caer a la mitad en 2030 -11Onze","og_description":"El Banco de Espa\u00f1a pronostica que las energ\u00edas renovables podr\u00edan hacer caer el precio de la luz un 50% de aqu\u00ed al 2030.","og_url":"https:\/\/www.11onze.cat\/es\/magazine\/precio-luz-podria-caer\/","og_site_name":"11Onze","article_publisher":"https:\/\/www.facebook.com\/11OnzeComunitat","article_published_time":"2024-09-06T15:21:57+00:00","article_modified_time":"2024-09-06T15:37:18+00:00","og_image":[{"url":"https:\/\/www.11onze.cat\/wp-content\/uploads\/2024\/09\/11ONZE_Preu_Llum-800x450.jpg","type":"","width":"","height":""}],"author":"Equip Editorial","twitter_card":"summary_large_image","twitter_creator":"@11OnzeFintech","twitter_site":"@11OnzeFintech","twitter_misc":{"Escrito por":"Equip Editorial","Tiempo de lectura":"1 minuto"},"schema":{"@context":"https:\/\/schema.org","@graph":[{"@type":"Article","@id":"https:\/\/www.11onze.cat\/es\/magazine\/precio-luz-podria-caer\/#article","isPartOf":{"@id":"https:\/\/www.11onze.cat\/es\/magazine\/precio-luz-podria-caer\/"},"author":{"name":"Equip Editorial","@id":"https:\/\/www.11onze.cat\/es\/#\/schema\/person\/636d99b4c82bb7178687ecd43c3a61bd"},"headline":"El precio de la luz podr\u00eda caer a la mitad en 2030","datePublished":"2024-09-06T15:21:57+00:00","dateModified":"2024-09-06T15:37:18+00:00","mainEntityOfPage":{"@id":"https:\/\/www.11onze.cat\/es\/magazine\/precio-luz-podria-caer\/"},"wordCount":12,"commentCount":0,"publisher":{"@id":"https:\/\/www.11onze.cat\/es\/#organization"},"image":{"@id":"https:\/\/www.11onze.cat\/es\/magazine\/precio-luz-podria-caer\/#primaryimage"},"thumbnailUrl":"https:\/\/www.11onze.cat\/wp-content\/uploads\/2024\/09\/THUMBNAIL_IMAGE_Preu_Llum.jpg","keywords":["Sostenibilidad"],"articleSection":["Sin categorizar"],"inLanguage":"es","potentialAction":[{"@type":"CommentAction","name":"Comment","target":["https:\/\/www.11onze.cat\/es\/magazine\/precio-luz-podria-caer\/#respond"]}]},{"@type":"WebPage","@id":"https:\/\/www.11onze.cat\/es\/magazine\/precio-luz-podria-caer\/","url":"https:\/\/www.11onze.cat\/es\/magazine\/precio-luz-podria-caer\/","name":"El precio de la luz podr\u00eda caer a la mitad en 2030 -11Onze","isPartOf":{"@id":"https:\/\/www.11onze.cat\/es\/#website"},"primaryImageOfPage":{"@id":"https:\/\/www.11onze.cat\/es\/magazine\/precio-luz-podria-caer\/#primaryimage"},"image":{"@id":"https:\/\/www.11onze.cat\/es\/magazine\/precio-luz-podria-caer\/#primaryimage"},"thumbnailUrl":"https:\/\/www.11onze.cat\/wp-content\/uploads\/2024\/09\/THUMBNAIL_IMAGE_Preu_Llum.jpg","datePublished":"2024-09-06T15:21:57+00:00","dateModified":"2024-09-06T15:37:18+00:00","description":"El Banco de Espa\u00f1a pronostica que las energ\u00edas renovables podr\u00edan hacer caer el precio de la luz un 50% de aqu\u00ed al 2030.","breadcrumb":{"@id":"https:\/\/www.11onze.cat\/es\/magazine\/precio-luz-podria-caer\/#breadcrumb"},"inLanguage":"es","potentialAction":[{"@type":"ReadAction","target":["https:\/\/www.11onze.cat\/es\/magazine\/precio-luz-podria-caer\/"]}]},{"@type":"ImageObject","inLanguage":"es","@id":"https:\/\/www.11onze.cat\/es\/magazine\/precio-luz-podria-caer\/#primaryimage","url":"https:\/\/www.11onze.cat\/wp-content\/uploads\/2024\/09\/THUMBNAIL_IMAGE_Preu_Llum.jpg","contentUrl":"https:\/\/www.11onze.cat\/wp-content\/uploads\/2024\/09\/THUMBNAIL_IMAGE_Preu_Llum.jpg","width":1200,"height":800},{"@type":"BreadcrumbList","@id":"https:\/\/www.11onze.cat\/es\/magazine\/precio-luz-podria-caer\/#breadcrumb","itemListElement":[{"@type":"ListItem","position":1,"name":"Home","item":"https:\/\/www.11onze.cat\/es\/"},{"@type":"ListItem","position":2,"name":"El precio de la luz podr\u00eda caer a la mitad en 2030"}]},{"@type":"WebSite","@id":"https:\/\/www.11onze.cat\/es\/#website","url":"https:\/\/www.11onze.cat\/es\/","name":"11Onze","description":"Primera comunidad fintech digital en Catalu\u00f1a","publisher":{"@id":"https:\/\/www.11onze.cat\/es\/#organization"},"potentialAction":[{"@type":"SearchAction","target":{"@type":"EntryPoint","urlTemplate":"https:\/\/www.11onze.cat\/es\/?s={search_term_string}"},"query-input":{"@type":"PropertyValueSpecification","valueRequired":true,"valueName":"search_term_string"}}],"inLanguage":"es"},{"@type":"Organization","@id":"https:\/\/www.11onze.cat\/es\/#organization","name":"11Onze","url":"https:\/\/www.11onze.cat\/es\/","logo":{"@type":"ImageObject","inLanguage":"es","@id":"https:\/\/www.11onze.cat\/es\/#\/schema\/logo\/image\/","url":"https:\/\/www.11onze.cat\/wp-content\/uploads\/2021\/04\/512x512-11Onze.jpg","contentUrl":"https:\/\/www.11onze.cat\/wp-content\/uploads\/2021\/04\/512x512-11Onze.jpg","width":512,"height":512,"caption":"11Onze"},"image":{"@id":"https:\/\/www.11onze.cat\/es\/#\/schema\/logo\/image\/"},"sameAs":["https:\/\/www.facebook.com\/11OnzeComunitat","https:\/\/x.com\/11OnzeFintech","https:\/\/www.instagram.com\/11onzecat\/","https:\/\/www.linkedin.com\/company\/11onzebanc","https:\/\/www.youtube.com\/channel\/UCz63R8Byd_kBKtK2M4Qf_7w"]},{"@type":"Person","@id":"https:\/\/www.11onze.cat\/es\/#\/schema\/person\/636d99b4c82bb7178687ecd43c3a61bd","name":"Equip Editorial","image":{"@type":"ImageObject","inLanguage":"es","@id":"https:\/\/www.11onze.cat\/wp-content\/uploads\/2022\/05\/HEADER_AGENTS_DECK-300x300.jpg","url":"https:\/\/www.11onze.cat\/wp-content\/uploads\/2022\/05\/HEADER_AGENTS_DECK-300x300.jpg","contentUrl":"https:\/\/www.11onze.cat\/wp-content\/uploads\/2022\/05\/HEADER_AGENTS_DECK-300x300.jpg","caption":"Equip Editorial"},"url":"https:\/\/www.11onze.cat\/es\/magazine\/author\/equip-editorial-11onze\/"}]}},"_links":{"self":[{"href":"https:\/\/www.11onze.cat\/es\/wp-json\/wp\/v2\/posts\/51889","targetHints":{"allow":["GET"]}}],"collection":[{"href":"https:\/\/www.11onze.cat\/es\/wp-json\/wp\/v2\/posts"}],"about":[{"href":"https:\/\/www.11onze.cat\/es\/wp-json\/wp\/v2\/types\/post"}],"author":[{"embeddable":true,"href":"https:\/\/www.11onze.cat\/es\/wp-json\/wp\/v2\/users\/71"}],"replies":[{"embeddable":true,"href":"https:\/\/www.11onze.cat\/es\/wp-json\/wp\/v2\/comments?post=51889"}],"version-history":[{"count":0,"href":"https:\/\/www.11onze.cat\/es\/wp-json\/wp\/v2\/posts\/51889\/revisions"}],"wp:featuredmedia":[{"embeddable":true,"href":"https:\/\/www.11onze.cat\/es\/wp-json\/wp\/v2\/media\/51887"}],"wp:attachment":[{"href":"https:\/\/www.11onze.cat\/es\/wp-json\/wp\/v2\/media?parent=51889"}],"wp:term":[{"taxonomy":"category","embeddable":true,"href":"https:\/\/www.11onze.cat\/es\/wp-json\/wp\/v2\/categories?post=51889"},{"taxonomy":"post_tag","embeddable":true,"href":"https:\/\/www.11onze.cat\/es\/wp-json\/wp\/v2\/tags?post=51889"}],"curies":[{"name":"wp","href":"https:\/\/api.w.org\/{rel}","templated":true}]}}