{"id":51475,"date":"2026-03-13T20:00:00","date_gmt":"2026-03-13T19:00:00","guid":{"rendered":"https:\/\/www.11onze.cat\/magazine\/ue-vol-controlar-bens-seus-ciutadans\/"},"modified":"2026-03-09T11:19:43","modified_gmt":"2026-03-09T10:19:43","slug":"ue-quiere-controlar-tus-bienes","status":"publish","type":"post","link":"https:\/\/www.11onze.cat\/es\/magazine\/ue-quiere-controlar-tus-bienes\/","title":{"rendered":"\u00bfLa UE quiere controlar tus bienes?"},"content":{"rendered":"<div class=\"component text\">\n  <div class=\"container\">\n\n\n    <div class=\"row\">\n      <div class=\"col  col-lg-8  offset-lg-2\">\n        <h3><b>Desde que el 2021 la Comisi\u00f3n Europea pidiera un estudio de viabilidad a prop\u00f3sito de crear un registro patrimonial de todos los ciudadanos, se repiten peri\u00f3dicamente los mensajes alarmistas en la prensa alternativa y en las redes sociales sobre la inevitable aplicaci\u00f3n de este registro de activos para tener un control absoluto sobre la poblaci\u00f3n. \u00bfCu\u00e1les son los hechos, m\u00e1s all\u00e1 del sensacionalismo medi\u00e1tico?<\/b><\/h3>\n<p>&nbsp;<\/p>\n<p><span style=\"font-weight: 400;\">En el contexto de la <\/span><b>lucha contra el blanqueo de capitales y la evasi\u00f3n fiscal<\/b><span style=\"font-weight: 400;\">, en julio de 2021, la Comisi\u00f3n Europea hizo una <\/span><a href=\"https:\/\/ted.europa.eu\/es\/notice\/-\/detail\/358265-2021\"><span style=\"font-weight: 400;\">licitaci\u00f3n<\/span><\/a><span style=\"font-weight: 400;\"> sobre un estudio de viabilidad para un registro europeo centralizado de los activos de todos sus ciudadanos.<\/span><\/p>\n<p><span style=\"font-weight: 400;\">Este proyecto ten\u00eda como finalidad analizar <\/span><b>la viabilidad de establecer un registro patrimonial que m\u00e1s tarde se pudiera debatir como una futura iniciativa pol\u00edtica<\/b><span style=\"font-weight: 400;\">. Su objetivo era estudiar como recopilar y vincular la informaci\u00f3n disponible de varias fuentes y Estados miembros sobre la propiedad de activos y analizar el dise\u00f1o, el alcance y los retos de este registro de activos de la UE.<\/span><\/p>\n<p><span style=\"font-weight: 400;\">Adem\u00e1s, la Comisi\u00f3n ped\u00eda que el estudio tuviera en cuenta \u201c<\/span><b>la posibilidad de incluir en el registro, datos relativos a la propiedad de otros activos, como por ejemplo criptomonedas, obras de arte, bienes inmuebles y oro<\/b><span style=\"font-weight: 400;\">.\u201d La intenci\u00f3n era obtener una visi\u00f3n general de los posibles recursos que ser\u00edan necesarios para llevar a cabo un registro de este tipo, as\u00ed como los retos operativos e inform\u00e1ticos, y la viabilidad pol\u00edtica y jur\u00eddica de la propuesta.<\/span><\/p>\n<p>&nbsp;<\/p>\n<h3><b>El llamamiento a la resistencia civil<\/b><\/h3>\n<p><span style=\"font-weight: 400;\">Tan pronto como se hizo p\u00fablica la licitaci\u00f3n surgieron duras cr\u00edticas en contra de la propuesta, argumentando que representaba <\/span><b>un peligro por la libertad y los derechos civiles de la ciudadan\u00eda europea<\/b><span style=\"font-weight: 400;\">. Que estas nuevas medidas se prescribieron sin sentido ni comprensi\u00f3n y por pura codicia de poder de la casta pol\u00edtica.<\/span><\/p>\n<p><span style=\"font-weight: 400;\">Este hecho espole\u00f3 una avalancha de <\/span><a href=\"https:\/\/www.europarl.europa.eu\/doceo\/document\/E-9-2021-003985_EN.html\"><span style=\"font-weight: 400;\">preguntas<\/span><\/a><span style=\"font-weight: 400;\"> en el Parlamento Europeo: \u00bfSobre qu\u00e9 base jur\u00eddica tiene previsto la Comisi\u00f3n crear este registro central de activos? \u00bfPuede excluir la Comisi\u00f3n <\/span><b>la posibilidad que en el futuro se introduzcan impuestos adicionales sobre los ciudadanos<\/b><span style=\"font-weight: 400;\"> de la UE a trav\u00e9s de este registro? \u00bfSe plantea la Comisi\u00f3n adaptar el registro a la legislaci\u00f3n sobre protecci\u00f3n de datos?<\/span><\/p>\n<p><span style=\"font-weight: 400;\">Rolf von Hohenhau, presidente de la Asociaci\u00f3n de Contribuyentes Europeos (TAE), <\/span><a href=\"https:\/\/www.taxpayers-europe.org\/information\/press\/121-taxpayers-association-of-europe-tae-is-appalled-by-the-plans-for-the-eu-asset-register.html\"><span style=\"font-weight: 400;\">avisaba<\/span><\/a><span style=\"font-weight: 400;\"> que \u201cSi los ciudadanos dan su apoyo, perder\u00e1n todos sus derechos personales por una puerta trasera burocr\u00e1tica. <\/span><b>Con el pretexto de impedir el blanqueo de dinero, todos seremos investigados<\/b><span style=\"font-weight: 400;\">.\u201d E instigaba en la poblaci\u00f3n a \u201ctomar las calles como los chalecos amarillos en Francia.\u201d<\/span><\/p>\n<p><span style=\"font-weight: 400;\">La abogada holandesa Ellen Timmer hac\u00eda un <\/span><a href=\"https:\/\/ellentimmer.com\/2021\/08\/02\/wwft-548\/\"><span style=\"font-weight: 400;\">an\u00e1lisis<\/span><\/a><span style=\"font-weight: 400;\"> de la iniciativa y apuntaba que \u201c<\/span><b>No se explica por qu\u00e9 los registros de activos en poder de las autoridades fiscales no son suficientes<\/b><span style=\"font-weight: 400;\"> y qu\u00e9 valor adicional hay que esperar del nuevo registro de activos.\u201d Al mismo tiempo, las redes sociales explotaban con contenidos que se hac\u00edan virales alertando sobre el plan de la Comisi\u00f3n Europea.<\/span><\/p>\n<p><span style=\"font-weight: 400;\">Por otro lado, un portavoz de la Comisi\u00f3n afirmaba que \u201c<\/span><b>El estudio de viabilidad no es de ninguna forma indicativo de ning\u00fan plan para establecer un registro de la propiedad a escala de la UE<\/b><span style=\"font-weight: 400;\">\u201d, en declaraciones a EURACTIV, a\u00f1adiendo que este registro no figuraba en el paquete de propuestas legislativas de la Comisi\u00f3n para luchar contra el blanqueo de capitales.<\/span><\/p>\n<p>&nbsp;<\/p>\n<h3><b>Las sanciones contra Rusia<\/b><\/h3>\n<p><span style=\"font-weight: 400;\">El 17 de marzo de 2022, la Comisi\u00f3n Europea puso en marcha la \u201c<\/span><a href=\"https:\/\/ec.europa.eu\/commission\/presscorner\/detail\/en\/ip_22_1828\"><b>Freeze and Seize Taskforce<\/b><\/a><span style=\"font-weight: 400;\">\u201d, que viene a ser un grupo operativo para facilitar la coordinaci\u00f3n entre las autoridades de los Estados miembros a la hora de implementar las sanciones contra los oligarcas rusos y bielorrusos.<\/span><\/p>\n<p><span style=\"font-weight: 400;\">En este contexto, Theresa Neef, Gabriel Zucman y Thomas Piketty, del Observatorio Fiscal de la UE y del Laboratorio Mundial de Desigualdad, presentaron <\/span><b>una <\/b><a href=\"https:\/\/www.taxobservatory.eu\/publication\/effective-sanctions-against-oligarchs-and-the-role-of-a-european-asset-registry\/\"><b>propuesta<\/b><\/a><b> de Registro Europeo de Activos que conectar\u00eda la informaci\u00f3n sobre la propiedad de los activos europeos en toda la UE<\/b><span style=\"font-weight: 400;\">. Es decir, apoyando al proyecto de la Comisi\u00f3n Europea bajo la justificaci\u00f3n de reforzar las sanciones contra Rusia.<\/span><\/p>\n<p><span style=\"font-weight: 400;\">Por otro lado, el partido de los Verdes\/Alianza Libre Europea (Los Verdes\/ALE), se posicionaba claramente a favor de esta nueva normativa: \u201c<\/span><b>Todos los pa\u00edses de la UE tendr\u00edan que crear registros con informaci\u00f3n sobre la titularidad real que incluya todos estos tipos de activos.<\/b><span style=\"font-weight: 400;\"> Estos registros tendr\u00edan que estar interconexionados y ser de libre acceso a trav\u00e9s de un punto de acceso \u00fanico europeo.\u201d<\/span><\/p>\n<p>&nbsp;<\/p>\n<h3><b>Las conclusiones del estudio<\/b><\/h3>\n<p><span style=\"font-weight: 400;\">El marzo del 2024 se presentaban las <\/span><a href=\"https:\/\/op.europa.eu\/en\/publication-detail\/-\/publication\/050b047e-3ff5-11ef-865a-01aa75ed71a1\/language-en\"><span style=\"font-weight: 400;\">conclusiones<\/span><\/a><span style=\"font-weight: 400;\"> del estudio solicitado por la Comisi\u00f3n Europea: \u201cLa creaci\u00f3n de registros completos que denoten la propiedad y el valor de los activos, que sean exhaustivos y completos, <\/span><b>result\u00f3 en su mayor\u00eda inviable desde el punto de vista operativo<\/b><span style=\"font-weight: 400;\"> para este grupo de activos.\u201d<\/span><\/p>\n<p><span style=\"font-weight: 400;\">Previamente, el portavoz de la Comisi\u00f3n Europea, Eric Mamer, ya hab\u00eda aclarado que: \u00ab<\/span><b>La Comisi\u00f3n Europea no tiene ninguna intenci\u00f3n de establecer una base de datos central sobre los activos de los ciudadanos de la UE. <\/b><span style=\"font-weight: 400;\">Es cierto que actualmente la Comisi\u00f3n est\u00e1 llevando a cabo un estudio a petici\u00f3n del Parlamento Europeo en orden a la practicidad de registrar patrimonios a los Estados miembros de la UE. Este estudio general solo muestra qu\u00e9 mecanismos hay en los 27 Estados miembros. La Comisi\u00f3n no est\u00e1 planificando ninguna actividad basada en los resultados de este estudio.\u201d<\/span><\/p>\n<p>&nbsp;<\/p>\n<p><b>Si quieres descubrir la mejor opci\u00f3n para proteger tus ahorros, entra en <\/b><a href=\"https:\/\/serveis.11onze.cat\/es\/preciosos-11onze\"><b>Preciosos 11Onze<\/b><\/a><b>. Te ayudaremos a comprar al mejor precio el valor refugio por excelencia: el oro f\u00edsico.<\/b><\/p>\n\n      <\/div>\n    <\/div>\n  <\/div>\n<\/div>\n\n\n<div class=\"component cards\">\n  <div class=\"container\">\n    <div class=\"row\">\n      <div class=\"col col-xl-8 offset-xl-2\">\n        <h1>Si te ha gustado este art\u00edculo, te recomendamos:<\/h1>\n        <div class=\"cards__wrapper\">\n          <div class=\"card\">\n            <a href=\"https:\/\/www.11onze.cat\/es\/magazine\/cbdc-utopia-distopia-monetaria\/\" class=\"card-link\" target=\"_self\"><\/a>\n            <div class=\"card-img\">\n              <img decoding=\"async\" src=\"https:\/\/www.11onze.cat\/wp-content\/uploads\/2023\/03\/THUMBNAIL_CBDC.jpg\" class=\"card-img-top\" alt=\"\">\n                <span class=\"card-category\">Tecnolog\u00eda<\/span>\n            <\/div>\n            <div class=\"card-body\">\n              <p class=\"card-title p2\"><strong>CBDC: \u00bfutop\u00eda o distop\u00eda monetaria?<\/strong><\/p>\n              <span class=\"card-time\">5min lectura<\/span>\n              <p class=\"card-text small\">Sea cual sea el futuro del dinero, parece que las&#8230;<\/p>\n            <\/div>\n          <\/div>\n\n\n          <div class=\"card\">\n            <a href=\"https:\/\/www.11onze.cat\/es\/magazine\/gobierno-embargar-ahorros\/\" class=\"card-link\" target=\"_self\"><\/a>\n            <div class=\"card-img\">\n              <img decoding=\"async\" src=\"https:\/\/www.11onze.cat\/wp-content\/uploads\/2021\/09\/THUMBNAIL_CALERS_SEMPRE_NOSTRES-768x512.jpg\" class=\"card-img-top\" alt=\"\">\n                <span class=\"card-category\">Tecnolog\u00eda<\/span>\n            <\/div>\n            <div class=\"card-body\">\n              <p class=\"card-title p2\"><strong>\u00bfEl gobierno me puede embargar los ahorros?<\/strong><\/p>\n              <span class=\"card-time\">5min lectura<\/span>\n              <p class=\"card-text small\">El nuevo proyecto de Ley de Seguridad Nacional abre&#8230;<\/p>\n            <\/div>\n          <\/div>\n\n\n          <div class=\"card\">\n            <a href=\"https:\/\/www.11onze.cat\/es\/magazine\/fracassado-sanciones-rusia\/\" class=\"card-link\" target=\"_self\"><\/a>\n            <div class=\"card-img\">\n              <img decoding=\"async\" src=\"https:\/\/www.11onze.cat\/wp-content\/uploads\/2024\/04\/THUMBNAIL_sancions_russia-768x512.png\" class=\"card-img-top\" alt=\"\">\n                <span class=\"card-category\">Tecnolog\u00eda<\/span>\n            <\/div>\n            <div class=\"card-body\">\n              <p class=\"card-title p2\"><strong>Por qu\u00e9 han fracasado las sanciones contra Rusia<\/strong><\/p>\n              <span class=\"card-time\">5min lectura<\/span>\n              <p class=\"card-text small\">La clase pol\u00edtica occidental y sus medios de comunicaci\u00f3n&#8230;<\/p>\n            <\/div>\n          <\/div>\n\n              <\/div>\n              <br>\n              <br>\n              <div class=\"cards__wrapper\">\n\n        <\/div>\n      <\/div>\n    <\/div>\n  <\/div>\n<\/div>","protected":false},"excerpt":{"rendered":"","protected":false},"author":71,"featured_media":51466,"comment_status":"open","ping_status":"closed","sticky":false,"template":"","format":"standard","meta":{"_acf_changed":true,"content-type":"","footnotes":""},"categories":[28],"tags":[177,337],"class_list":["post-51475","post","type-post","status-publish","format-standard","has-post-thumbnail","hentry","category-sin-categorizar","tag-tecnologia-es","tag-tecnologia"],"acf":[],"yoast_head":"<!-- This site is optimized with the Yoast SEO plugin v27.5 - https:\/\/yoast.com\/product\/yoast-seo-wordpress\/ -->\n<title>\u00bfLa UE quiere controlar tus bienes? -11Onze<\/title>\n<meta name=\"description\" content=\"\u00bfEs verdad que la UE est\u00e1 proyectando una base de datos centralizada sobre los activos de sus ciudadanos?\" \/>\n<meta name=\"robots\" content=\"index, follow, max-snippet:-1, max-image-preview:large, max-video-preview:-1\" \/>\n<link rel=\"canonical\" href=\"https:\/\/www.11onze.cat\/es\/magazine\/ue-quiere-controlar-tus-bienes\/\" \/>\n<meta property=\"og:locale\" content=\"es_ES\" \/>\n<meta property=\"og:type\" content=\"article\" \/>\n<meta property=\"og:title\" content=\"\u00bfLa UE quiere controlar tus bienes? -11Onze\" \/>\n<meta property=\"og:description\" content=\"\u00bfEs verdad que la UE est\u00e1 proyectando una base de datos centralizada sobre los activos de sus ciudadanos?\" \/>\n<meta property=\"og:url\" content=\"https:\/\/www.11onze.cat\/es\/magazine\/ue-quiere-controlar-tus-bienes\/\" \/>\n<meta property=\"og:site_name\" content=\"11Onze\" \/>\n<meta property=\"article:publisher\" content=\"https:\/\/www.facebook.com\/11OnzeComunitat\" \/>\n<meta property=\"article:published_time\" content=\"2026-03-13T19:00:00+00:00\" \/>\n<meta property=\"og:image\" content=\"https:\/\/www.11onze.cat\/wp-content\/uploads\/2024\/08\/11ONZE_Control_Bens-800x450.jpg\" \/>\n<meta name=\"author\" content=\"Equip Editorial\" \/>\n<meta name=\"twitter:card\" content=\"summary_large_image\" \/>\n<meta name=\"twitter:creator\" content=\"@11OnzeFintech\" \/>\n<meta name=\"twitter:site\" content=\"@11OnzeFintech\" \/>\n<meta name=\"twitter:label1\" content=\"Escrito por\" \/>\n\t<meta name=\"twitter:data1\" content=\"Equip Editorial\" \/>\n\t<meta name=\"twitter:label2\" content=\"Tiempo de lectura\" \/>\n\t<meta name=\"twitter:data2\" content=\"1 minuto\" \/>\n<script type=\"application\/ld+json\" class=\"yoast-schema-graph\">{\"@context\":\"https:\\\/\\\/schema.org\",\"@graph\":[{\"@type\":\"Article\",\"@id\":\"https:\\\/\\\/www.11onze.cat\\\/es\\\/magazine\\\/ue-quiere-controlar-tus-bienes\\\/#article\",\"isPartOf\":{\"@id\":\"https:\\\/\\\/www.11onze.cat\\\/es\\\/magazine\\\/ue-quiere-controlar-tus-bienes\\\/\"},\"author\":{\"name\":\"Equip Editorial\",\"@id\":\"https:\\\/\\\/www.11onze.cat\\\/es\\\/#\\\/schema\\\/person\\\/636d99b4c82bb7178687ecd43c3a61bd\"},\"headline\":\"\u00bfLa UE quiere controlar tus bienes?\",\"datePublished\":\"2026-03-13T19:00:00+00:00\",\"mainEntityOfPage\":{\"@id\":\"https:\\\/\\\/www.11onze.cat\\\/es\\\/magazine\\\/ue-quiere-controlar-tus-bienes\\\/\"},\"wordCount\":6,\"commentCount\":0,\"publisher\":{\"@id\":\"https:\\\/\\\/www.11onze.cat\\\/es\\\/#organization\"},\"image\":{\"@id\":\"https:\\\/\\\/www.11onze.cat\\\/es\\\/magazine\\\/ue-quiere-controlar-tus-bienes\\\/#primaryimage\"},\"thumbnailUrl\":\"https:\\\/\\\/www.11onze.cat\\\/wp-content\\\/uploads\\\/2024\\\/08\\\/THUMBNAIL_Control_Bens.jpg\",\"keywords\":[\"Tecnolog\u00eda\",\"Tecnologia\"],\"articleSection\":[\"Sin categorizar\"],\"inLanguage\":\"es\",\"potentialAction\":[{\"@type\":\"CommentAction\",\"name\":\"Comment\",\"target\":[\"https:\\\/\\\/www.11onze.cat\\\/es\\\/magazine\\\/ue-quiere-controlar-tus-bienes\\\/#respond\"]}]},{\"@type\":\"WebPage\",\"@id\":\"https:\\\/\\\/www.11onze.cat\\\/es\\\/magazine\\\/ue-quiere-controlar-tus-bienes\\\/\",\"url\":\"https:\\\/\\\/www.11onze.cat\\\/es\\\/magazine\\\/ue-quiere-controlar-tus-bienes\\\/\",\"name\":\"\u00bfLa UE quiere controlar tus bienes? -11Onze\",\"isPartOf\":{\"@id\":\"https:\\\/\\\/www.11onze.cat\\\/es\\\/#website\"},\"primaryImageOfPage\":{\"@id\":\"https:\\\/\\\/www.11onze.cat\\\/es\\\/magazine\\\/ue-quiere-controlar-tus-bienes\\\/#primaryimage\"},\"image\":{\"@id\":\"https:\\\/\\\/www.11onze.cat\\\/es\\\/magazine\\\/ue-quiere-controlar-tus-bienes\\\/#primaryimage\"},\"thumbnailUrl\":\"https:\\\/\\\/www.11onze.cat\\\/wp-content\\\/uploads\\\/2024\\\/08\\\/THUMBNAIL_Control_Bens.jpg\",\"datePublished\":\"2026-03-13T19:00:00+00:00\",\"description\":\"\u00bfEs verdad que la UE est\u00e1 proyectando una base de datos centralizada sobre los activos de sus ciudadanos?\",\"breadcrumb\":{\"@id\":\"https:\\\/\\\/www.11onze.cat\\\/es\\\/magazine\\\/ue-quiere-controlar-tus-bienes\\\/#breadcrumb\"},\"inLanguage\":\"es\",\"potentialAction\":[{\"@type\":\"ReadAction\",\"target\":[\"https:\\\/\\\/www.11onze.cat\\\/es\\\/magazine\\\/ue-quiere-controlar-tus-bienes\\\/\"]}]},{\"@type\":\"ImageObject\",\"inLanguage\":\"es\",\"@id\":\"https:\\\/\\\/www.11onze.cat\\\/es\\\/magazine\\\/ue-quiere-controlar-tus-bienes\\\/#primaryimage\",\"url\":\"https:\\\/\\\/www.11onze.cat\\\/wp-content\\\/uploads\\\/2024\\\/08\\\/THUMBNAIL_Control_Bens.jpg\",\"contentUrl\":\"https:\\\/\\\/www.11onze.cat\\\/wp-content\\\/uploads\\\/2024\\\/08\\\/THUMBNAIL_Control_Bens.jpg\",\"width\":1200,\"height\":800},{\"@type\":\"BreadcrumbList\",\"@id\":\"https:\\\/\\\/www.11onze.cat\\\/es\\\/magazine\\\/ue-quiere-controlar-tus-bienes\\\/#breadcrumb\",\"itemListElement\":[{\"@type\":\"ListItem\",\"position\":1,\"name\":\"Home\",\"item\":\"https:\\\/\\\/www.11onze.cat\\\/es\\\/\"},{\"@type\":\"ListItem\",\"position\":2,\"name\":\"\u00bfLa UE quiere controlar tus bienes?\"}]},{\"@type\":\"WebSite\",\"@id\":\"https:\\\/\\\/www.11onze.cat\\\/es\\\/#website\",\"url\":\"https:\\\/\\\/www.11onze.cat\\\/es\\\/\",\"name\":\"11Onze\",\"description\":\"Primera comunidad fintech digital en Catalu\u00f1a\",\"publisher\":{\"@id\":\"https:\\\/\\\/www.11onze.cat\\\/es\\\/#organization\"},\"potentialAction\":[{\"@type\":\"SearchAction\",\"target\":{\"@type\":\"EntryPoint\",\"urlTemplate\":\"https:\\\/\\\/www.11onze.cat\\\/es\\\/?s={search_term_string}\"},\"query-input\":{\"@type\":\"PropertyValueSpecification\",\"valueRequired\":true,\"valueName\":\"search_term_string\"}}],\"inLanguage\":\"es\"},{\"@type\":\"Organization\",\"@id\":\"https:\\\/\\\/www.11onze.cat\\\/es\\\/#organization\",\"name\":\"11Onze\",\"url\":\"https:\\\/\\\/www.11onze.cat\\\/es\\\/\",\"logo\":{\"@type\":\"ImageObject\",\"inLanguage\":\"es\",\"@id\":\"https:\\\/\\\/www.11onze.cat\\\/es\\\/#\\\/schema\\\/logo\\\/image\\\/\",\"url\":\"https:\\\/\\\/www.11onze.cat\\\/wp-content\\\/uploads\\\/2021\\\/04\\\/512x512-11Onze.jpg\",\"contentUrl\":\"https:\\\/\\\/www.11onze.cat\\\/wp-content\\\/uploads\\\/2021\\\/04\\\/512x512-11Onze.jpg\",\"width\":512,\"height\":512,\"caption\":\"11Onze\"},\"image\":{\"@id\":\"https:\\\/\\\/www.11onze.cat\\\/es\\\/#\\\/schema\\\/logo\\\/image\\\/\"},\"sameAs\":[\"https:\\\/\\\/www.facebook.com\\\/11OnzeComunitat\",\"https:\\\/\\\/x.com\\\/11OnzeFintech\",\"https:\\\/\\\/www.instagram.com\\\/11onzecat\\\/\",\"https:\\\/\\\/www.linkedin.com\\\/company\\\/11onzebanc\",\"https:\\\/\\\/www.youtube.com\\\/channel\\\/UCz63R8Byd_kBKtK2M4Qf_7w\"]},{\"@type\":\"Person\",\"@id\":\"https:\\\/\\\/www.11onze.cat\\\/es\\\/#\\\/schema\\\/person\\\/636d99b4c82bb7178687ecd43c3a61bd\",\"name\":\"Equip Editorial\",\"image\":{\"@type\":\"ImageObject\",\"inLanguage\":\"es\",\"@id\":\"https:\\\/\\\/www.11onze.cat\\\/wp-content\\\/uploads\\\/2022\\\/05\\\/HEADER_AGENTS_DECK-300x300.jpg\",\"url\":\"https:\\\/\\\/www.11onze.cat\\\/wp-content\\\/uploads\\\/2022\\\/05\\\/HEADER_AGENTS_DECK-300x300.jpg\",\"contentUrl\":\"https:\\\/\\\/www.11onze.cat\\\/wp-content\\\/uploads\\\/2022\\\/05\\\/HEADER_AGENTS_DECK-300x300.jpg\",\"caption\":\"Equip Editorial\"},\"url\":\"https:\\\/\\\/www.11onze.cat\\\/es\\\/magazine\\\/author\\\/equip-editorial-11onze\\\/\"}]}<\/script>\n<!-- \/ Yoast SEO plugin. -->","yoast_head_json":{"title":"\u00bfLa UE quiere controlar tus bienes? -11Onze","description":"\u00bfEs verdad que la UE est\u00e1 proyectando una base de datos centralizada sobre los activos de sus ciudadanos?","robots":{"index":"index","follow":"follow","max-snippet":"max-snippet:-1","max-image-preview":"max-image-preview:large","max-video-preview":"max-video-preview:-1"},"canonical":"https:\/\/www.11onze.cat\/es\/magazine\/ue-quiere-controlar-tus-bienes\/","og_locale":"es_ES","og_type":"article","og_title":"\u00bfLa UE quiere controlar tus bienes? -11Onze","og_description":"\u00bfEs verdad que la UE est\u00e1 proyectando una base de datos centralizada sobre los activos de sus ciudadanos?","og_url":"https:\/\/www.11onze.cat\/es\/magazine\/ue-quiere-controlar-tus-bienes\/","og_site_name":"11Onze","article_publisher":"https:\/\/www.facebook.com\/11OnzeComunitat","article_published_time":"2026-03-13T19:00:00+00:00","og_image":[{"url":"https:\/\/www.11onze.cat\/wp-content\/uploads\/2024\/08\/11ONZE_Control_Bens-800x450.jpg","type":"","width":"","height":""}],"author":"Equip Editorial","twitter_card":"summary_large_image","twitter_creator":"@11OnzeFintech","twitter_site":"@11OnzeFintech","twitter_misc":{"Escrito por":"Equip Editorial","Tiempo de lectura":"1 minuto"},"schema":{"@context":"https:\/\/schema.org","@graph":[{"@type":"Article","@id":"https:\/\/www.11onze.cat\/es\/magazine\/ue-quiere-controlar-tus-bienes\/#article","isPartOf":{"@id":"https:\/\/www.11onze.cat\/es\/magazine\/ue-quiere-controlar-tus-bienes\/"},"author":{"name":"Equip Editorial","@id":"https:\/\/www.11onze.cat\/es\/#\/schema\/person\/636d99b4c82bb7178687ecd43c3a61bd"},"headline":"\u00bfLa UE quiere controlar tus bienes?","datePublished":"2026-03-13T19:00:00+00:00","mainEntityOfPage":{"@id":"https:\/\/www.11onze.cat\/es\/magazine\/ue-quiere-controlar-tus-bienes\/"},"wordCount":6,"commentCount":0,"publisher":{"@id":"https:\/\/www.11onze.cat\/es\/#organization"},"image":{"@id":"https:\/\/www.11onze.cat\/es\/magazine\/ue-quiere-controlar-tus-bienes\/#primaryimage"},"thumbnailUrl":"https:\/\/www.11onze.cat\/wp-content\/uploads\/2024\/08\/THUMBNAIL_Control_Bens.jpg","keywords":["Tecnolog\u00eda","Tecnologia"],"articleSection":["Sin categorizar"],"inLanguage":"es","potentialAction":[{"@type":"CommentAction","name":"Comment","target":["https:\/\/www.11onze.cat\/es\/magazine\/ue-quiere-controlar-tus-bienes\/#respond"]}]},{"@type":"WebPage","@id":"https:\/\/www.11onze.cat\/es\/magazine\/ue-quiere-controlar-tus-bienes\/","url":"https:\/\/www.11onze.cat\/es\/magazine\/ue-quiere-controlar-tus-bienes\/","name":"\u00bfLa UE quiere controlar tus bienes? -11Onze","isPartOf":{"@id":"https:\/\/www.11onze.cat\/es\/#website"},"primaryImageOfPage":{"@id":"https:\/\/www.11onze.cat\/es\/magazine\/ue-quiere-controlar-tus-bienes\/#primaryimage"},"image":{"@id":"https:\/\/www.11onze.cat\/es\/magazine\/ue-quiere-controlar-tus-bienes\/#primaryimage"},"thumbnailUrl":"https:\/\/www.11onze.cat\/wp-content\/uploads\/2024\/08\/THUMBNAIL_Control_Bens.jpg","datePublished":"2026-03-13T19:00:00+00:00","description":"\u00bfEs verdad que la UE est\u00e1 proyectando una base de datos centralizada sobre los activos de sus ciudadanos?","breadcrumb":{"@id":"https:\/\/www.11onze.cat\/es\/magazine\/ue-quiere-controlar-tus-bienes\/#breadcrumb"},"inLanguage":"es","potentialAction":[{"@type":"ReadAction","target":["https:\/\/www.11onze.cat\/es\/magazine\/ue-quiere-controlar-tus-bienes\/"]}]},{"@type":"ImageObject","inLanguage":"es","@id":"https:\/\/www.11onze.cat\/es\/magazine\/ue-quiere-controlar-tus-bienes\/#primaryimage","url":"https:\/\/www.11onze.cat\/wp-content\/uploads\/2024\/08\/THUMBNAIL_Control_Bens.jpg","contentUrl":"https:\/\/www.11onze.cat\/wp-content\/uploads\/2024\/08\/THUMBNAIL_Control_Bens.jpg","width":1200,"height":800},{"@type":"BreadcrumbList","@id":"https:\/\/www.11onze.cat\/es\/magazine\/ue-quiere-controlar-tus-bienes\/#breadcrumb","itemListElement":[{"@type":"ListItem","position":1,"name":"Home","item":"https:\/\/www.11onze.cat\/es\/"},{"@type":"ListItem","position":2,"name":"\u00bfLa UE quiere controlar tus bienes?"}]},{"@type":"WebSite","@id":"https:\/\/www.11onze.cat\/es\/#website","url":"https:\/\/www.11onze.cat\/es\/","name":"11Onze","description":"Primera comunidad fintech digital en Catalu\u00f1a","publisher":{"@id":"https:\/\/www.11onze.cat\/es\/#organization"},"potentialAction":[{"@type":"SearchAction","target":{"@type":"EntryPoint","urlTemplate":"https:\/\/www.11onze.cat\/es\/?s={search_term_string}"},"query-input":{"@type":"PropertyValueSpecification","valueRequired":true,"valueName":"search_term_string"}}],"inLanguage":"es"},{"@type":"Organization","@id":"https:\/\/www.11onze.cat\/es\/#organization","name":"11Onze","url":"https:\/\/www.11onze.cat\/es\/","logo":{"@type":"ImageObject","inLanguage":"es","@id":"https:\/\/www.11onze.cat\/es\/#\/schema\/logo\/image\/","url":"https:\/\/www.11onze.cat\/wp-content\/uploads\/2021\/04\/512x512-11Onze.jpg","contentUrl":"https:\/\/www.11onze.cat\/wp-content\/uploads\/2021\/04\/512x512-11Onze.jpg","width":512,"height":512,"caption":"11Onze"},"image":{"@id":"https:\/\/www.11onze.cat\/es\/#\/schema\/logo\/image\/"},"sameAs":["https:\/\/www.facebook.com\/11OnzeComunitat","https:\/\/x.com\/11OnzeFintech","https:\/\/www.instagram.com\/11onzecat\/","https:\/\/www.linkedin.com\/company\/11onzebanc","https:\/\/www.youtube.com\/channel\/UCz63R8Byd_kBKtK2M4Qf_7w"]},{"@type":"Person","@id":"https:\/\/www.11onze.cat\/es\/#\/schema\/person\/636d99b4c82bb7178687ecd43c3a61bd","name":"Equip Editorial","image":{"@type":"ImageObject","inLanguage":"es","@id":"https:\/\/www.11onze.cat\/wp-content\/uploads\/2022\/05\/HEADER_AGENTS_DECK-300x300.jpg","url":"https:\/\/www.11onze.cat\/wp-content\/uploads\/2022\/05\/HEADER_AGENTS_DECK-300x300.jpg","contentUrl":"https:\/\/www.11onze.cat\/wp-content\/uploads\/2022\/05\/HEADER_AGENTS_DECK-300x300.jpg","caption":"Equip Editorial"},"url":"https:\/\/www.11onze.cat\/es\/magazine\/author\/equip-editorial-11onze\/"}]}},"_links":{"self":[{"href":"https:\/\/www.11onze.cat\/es\/wp-json\/wp\/v2\/posts\/51475","targetHints":{"allow":["GET"]}}],"collection":[{"href":"https:\/\/www.11onze.cat\/es\/wp-json\/wp\/v2\/posts"}],"about":[{"href":"https:\/\/www.11onze.cat\/es\/wp-json\/wp\/v2\/types\/post"}],"author":[{"embeddable":true,"href":"https:\/\/www.11onze.cat\/es\/wp-json\/wp\/v2\/users\/71"}],"replies":[{"embeddable":true,"href":"https:\/\/www.11onze.cat\/es\/wp-json\/wp\/v2\/comments?post=51475"}],"version-history":[{"count":0,"href":"https:\/\/www.11onze.cat\/es\/wp-json\/wp\/v2\/posts\/51475\/revisions"}],"wp:featuredmedia":[{"embeddable":true,"href":"https:\/\/www.11onze.cat\/es\/wp-json\/wp\/v2\/media\/51466"}],"wp:attachment":[{"href":"https:\/\/www.11onze.cat\/es\/wp-json\/wp\/v2\/media?parent=51475"}],"wp:term":[{"taxonomy":"category","embeddable":true,"href":"https:\/\/www.11onze.cat\/es\/wp-json\/wp\/v2\/categories?post=51475"},{"taxonomy":"post_tag","embeddable":true,"href":"https:\/\/www.11onze.cat\/es\/wp-json\/wp\/v2\/tags?post=51475"}],"curies":[{"name":"wp","href":"https:\/\/api.w.org\/{rel}","templated":true}]}}