{"id":51410,"date":"2024-07-31T17:00:00","date_gmt":"2024-07-31T15:00:00","guid":{"rendered":"https:\/\/www.11onze.cat\/?p=51410"},"modified":"2024-07-31T16:54:26","modified_gmt":"2024-07-31T14:54:26","slug":"ecosistema-vinicola-catalan-viento-popa","status":"publish","type":"post","link":"https:\/\/www.11onze.cat\/es\/magazine\/ecosistema-vinicola-catalan-viento-popa\/","title":{"rendered":"El ecosistema vin\u00edcola catal\u00e1n va viento en popa"},"content":{"rendered":"<div class=\"component text\">\n  <div class=\"container\">\n\n\n    <div class=\"row\">\n      <div class=\"col  col-lg-8  offset-lg-2\">\n        <h3><b>El sector vin\u00edcola de Catalu\u00f1a factura m\u00e1s de 3.200 millones de euros y da trabajo a casi 10.500 personas. El volumen de negocio de esta cadena de valor se ha duplicado desde el a\u00f1o 2016, erigi\u00e9ndose en un referente global en cuanto a calidad vitivin\u00edcola, cultivo, elaboraci\u00f3n y distribuci\u00f3n.<\/b><\/h3>\n<p>&nbsp;<\/p>\n<p><span style=\"font-weight: 400;\">Catalu\u00f1a cuenta con una rica tradici\u00f3n vitivin\u00edcola que se refleja en sus doce denominaciones de origen (DO): <\/span><b>Alella, Catalu\u00f1a, Cava, Conca de Barber\u00e0, Costers del Segre, Empord\u00e0, Montsant, Pened\u00e8s, Plan de Bages, Priorat, Tarragona y Terra Alta<\/b><span style=\"font-weight: 400;\">. Estos territorios son reconocidos tanto en el \u00e1mbito nacional como internacional por la producci\u00f3n de vinos de calidad y forman parte de un ecosistema vin\u00edcola que sigue creciendo en todas sus especialidades.<\/span><\/p>\n<p><span style=\"font-weight: 400;\">Esto es el que se desprende del \u00faltimo <\/span><a href=\"https:\/\/www.accio.gencat.cat\/web\/.content\/bancconeixement\/documents\/pindoles\/ACCIO-pindola-sector-vitivinicola-a-catalunya.pdf\"><b>estudio<\/b><\/a><b> sobre la cadena de valor vitivin\u00edcola en Catalu\u00f1a, elaborado por el Departamento de Empresa y Trabajo de la Generalitat a trav\u00e9s de ACCI\u00d3<\/b><span style=\"font-weight: 400;\">, la Agencia para la Competitividad de la Empresa, que analiza el estado de salud del sector de los vinos y cavas de Catalu\u00f1a.<\/span><\/p>\n<p><span style=\"font-weight: 400;\">Seg\u00fan este informe, el volumen de negocio de este sector se ha duplicado desde el a\u00f1o 2016, cuando se analiz\u00f3 este \u00e1mbito por \u00faltima vez, con<\/span><b> un 62% m\u00e1s de empresas que facturan 3.267 millones de euros anuales<\/b><span style=\"font-weight: 400;\"> (un incremento del 104%), equivalente al 1,2% del PIB, y que dan trabajo a 10.460 personas.<\/span><\/p>\n<p><span style=\"font-weight: 400;\">Se trata de un tejido empresarial plenamente consolidado, donde la mayor\u00eda de las empresas, el 81,2%, tienen m\u00e1s de 10 a\u00f1os de vida. El documento tambi\u00e9n apunta que <\/span><b>el 95,7% de las empresas catalanas de este sector son pymes <\/b><span style=\"font-weight: 400;\">con menos de 50 M\u20ac de facturaci\u00f3n. El Alt Pened\u00e8s, Priorat, Barcelon\u00e8s, Vall\u00e8s Occidental y Baix Llobregat son las comarcas que concentran m\u00e1s empresas relacionadas con la cadena de valor vitivin\u00edcola, destacando la zona de Barcelona, con el 55,6% del total.<\/span><\/p>\n<h3><\/h3>\n<h3><b>Catalu\u00f1a, un referente exportador<\/b><\/h3>\n<p><span style=\"font-weight: 400;\">El informe apunta que <\/span><b>casi la mitad (49,5%) de las empresas del sector vitivin\u00edcola son exportadoras y m\u00e1s de un tercio (35,4%) son exportadoras regulares<\/b><span style=\"font-weight: 400;\">, haciendo de Catalu\u00f1a la regi\u00f3n con m\u00e1s exportadores regulares de productos vitivin\u00edcolas. Solo el a\u00f1o pasado, las exportaciones de vinos y cavas desde el Principado sumaron 615 millones de euros, cinco veces m\u00e1s que el volumen de importaci\u00f3n de estos productos.<\/span><\/p>\n<p><span style=\"font-weight: 400;\">A lo largo de los \u00faltimos 10 a\u00f1os, <\/span><b>las empresas catalanas han concentrado el 21,1% del total de ventas de vino y cava del Estado espa\u00f1ol al exterior,<\/b><span style=\"font-weight: 400;\"> consolid\u00e1ndose como territorio l\u00edder tanto en n\u00famero de empresas que hacen negocio internacional como por volumen de negocio generado. As\u00ed mismo, es la regi\u00f3n l\u00edder en exportadores regulares de productos vitivin\u00edcolas, equivaliendo al 30,6% del total de Espa\u00f1a.<\/span><\/p>\n<p><span style=\"font-weight: 400;\">El documento tambi\u00e9n destaca que <\/span><b>el sector vitivin\u00edcola catal\u00e1n es un referente global en cuanto a calidad vitivin\u00edcola, cultivo, elaboraci\u00f3n y distribuci\u00f3n<\/b><span style=\"font-weight: 400;\">. En este sentido, recalca la importancia de la distinci\u00f3n de Vi de Finca Qualificada (VFQ), que es el m\u00e1ximo reconocimiento que puede recibir un vino catal\u00e1n por parte del Gobierno de la Generalitat y una herramienta de gran utilidad para mejorar el posicionamiento de estos productores en mercados clave de todo el mundo.<\/span><\/p>\n<p><b>11Onze es la fintech comunitaria de Catalu\u00f1a. Abre una cuenta descargando la app El Canut para <\/b><a href=\"https:\/\/play.google.com\/store\/apps\/details?id=com.e11onze.app&amp;utm_source=emailing&amp;utm_campaign=CANUT+launch\"><b>Android<\/b><\/a><b> o <\/b><a href=\"https:\/\/apps.apple.com\/us\/app\/11onze\/id1566129237?utm_campaign=El+Canut\"><b>iOS<\/b><\/a><b>. \u00a1\u00danete a la revoluci\u00f3n!<\/b><\/p>\n\n      <\/div>\n    <\/div>\n  <\/div>\n<\/div>\n\n\n<div class=\"component cards\">\n  <div class=\"container\">\n    <div class=\"row\">\n      <div class=\"col col-xl-8 offset-xl-2\">\n        <h1>Si te ha gustado este art\u00edculo, te recomendamos:<\/h1>\n        <div class=\"cards__wrapper\">\n          <div class=\"card\">\n            <a href=\"https:\/\/www.11onze.cat\/es\/magazine\/recaredo-trabajar-conciencia\/\" class=\"card-link\" target=\"_self\"><\/a>\n            <div class=\"card-img\">\n              <img decoding=\"async\" src=\"https:\/\/www.11onze.cat\/wp-content\/uploads\/2021\/11\/THUMBNAIL_LR_RECAREDO_DESGORJAT_JM_03-768x512.jpg\" class=\"card-img-top\" alt=\"\">\n                <span class=\"card-category\">Econom\u00eda<\/span>\n            <\/div>\n            <div class=\"card-body\">\n              <p class=\"card-title p2\"><strong>Recaredo, trabajar desde la conciencia<\/strong><\/p>\n              <span class=\"card-time\">3min lectura<\/span>\n              <p class=\"card-text small\">La bodega Recaredo, Corpinnat, se encuentra en el&#8230;<\/p>\n            <\/div>\n          <\/div>\n\n\n          <div class=\"card\">\n            <a href=\"https:\/\/www.11onze.cat\/es\/magazine\/bodega-montrubi-vinos-monovarietales\/\" class=\"card-link\" target=\"_self\"><\/a>\n            <div class=\"card-img\">\n              <img decoding=\"async\" src=\"https:\/\/www.11onze.cat\/wp-content\/uploads\/2021\/09\/THUMBNAIL_DO_PENEDES-768x505.jpg\" class=\"card-img-top\" alt=\"\">\n                <span class=\"card-category\">Econom\u00eda<\/span>\n            <\/div>\n            <div class=\"card-body\">\n              <p class=\"card-title p2\"><strong>Bodega MontRub\u00ed: vinos 100% monovarietales<\/strong><\/p>\n              <span class=\"card-time\">3min lectura<\/span>\n              <p class=\"card-text small\">La bodega MontRub\u00ed se encuentra en l\u2019Avell\u00e0, un&#8230;<\/p>\n            <\/div>\n          <\/div>\n\n\n          <div class=\"card\">\n            <a href=\"https:\/\/www.11onze.cat\/es\/magazine\/premis-vinari-mirant-cel-purgatori\/\" class=\"card-link\" target=\"_self\"><\/a>\n            <div class=\"card-img\">\n              <img decoding=\"async\" src=\"https:\/\/www.11onze.cat\/wp-content\/uploads\/2021\/10\/PREMIS_VINARI_GALA_1-768x316.jpeg\" class=\"card-img-top\" alt=\"\">\n                <span class=\"card-category\">Econom\u00eda<\/span>\n            <\/div>\n            <div class=\"card-body\">\n              <p class=\"card-title p2\"><strong>Premis Vinari: mirando al cielo y al Purgatorio<\/strong><\/p>\n              <span class=\"card-time\">3min lectura<\/span>\n              <p class=\"card-text small\">Purgatori 2017 de la DO Costers del Segre es proclamado&#8230;<\/p>\n            <\/div>\n          <\/div>\n\n              <\/div>\n              <br>\n              <br>\n              <div class=\"cards__wrapper\">\n\n        <\/div>\n      <\/div>\n    <\/div>\n  <\/div>\n<\/div>","protected":false},"excerpt":{"rendered":"","protected":false},"author":71,"featured_media":51399,"comment_status":"open","ping_status":"closed","sticky":false,"template":"","format":"standard","meta":{"_acf_changed":true,"content-type":"","footnotes":""},"categories":[28],"tags":[174],"class_list":["post-51410","post","type-post","status-publish","format-standard","has-post-thumbnail","hentry","category-sin-categorizar","tag-economia-es"],"acf":[],"yoast_head":"<!-- This site is optimized with the Yoast SEO plugin v27.5 - https:\/\/yoast.com\/product\/yoast-seo-wordpress\/ -->\n<title>El ecosistema vin\u00edcola catal\u00e1n va viento en popa -11Onze<\/title>\n<meta name=\"description\" content=\"El sector vin\u00edcola de Catalu\u00f1a factura m\u00e1s de 3.200 millones de euros y da trabajo a casi 10.500 personas.\" \/>\n<meta name=\"robots\" content=\"index, follow, max-snippet:-1, max-image-preview:large, max-video-preview:-1\" \/>\n<link rel=\"canonical\" href=\"https:\/\/www.11onze.cat\/es\/magazine\/ecosistema-vinicola-catalan-viento-popa\/\" \/>\n<meta property=\"og:locale\" content=\"es_ES\" \/>\n<meta property=\"og:type\" content=\"article\" \/>\n<meta property=\"og:title\" content=\"El ecosistema vin\u00edcola catal\u00e1n va viento en popa -11Onze\" \/>\n<meta property=\"og:description\" content=\"El sector vin\u00edcola de Catalu\u00f1a factura m\u00e1s de 3.200 millones de euros y da trabajo a casi 10.500 personas.\" \/>\n<meta property=\"og:url\" content=\"https:\/\/www.11onze.cat\/es\/magazine\/ecosistema-vinicola-catalan-viento-popa\/\" \/>\n<meta property=\"og:site_name\" content=\"11Onze\" \/>\n<meta property=\"article:publisher\" content=\"https:\/\/www.facebook.com\/11OnzeComunitat\" \/>\n<meta property=\"article:published_time\" content=\"2024-07-31T15:00:00+00:00\" \/>\n<meta property=\"og:image\" content=\"https:\/\/www.11onze.cat\/wp-content\/uploads\/2024\/07\/11ONZE_Ecosistema_Vinicola_Catala-800x450.jpg\" \/>\n<meta name=\"author\" content=\"Equip Editorial\" \/>\n<meta name=\"twitter:card\" content=\"summary_large_image\" \/>\n<meta name=\"twitter:creator\" content=\"@11OnzeFintech\" \/>\n<meta name=\"twitter:site\" content=\"@11OnzeFintech\" \/>\n<meta name=\"twitter:label1\" content=\"Escrito por\" \/>\n\t<meta name=\"twitter:data1\" content=\"Equip Editorial\" \/>\n\t<meta name=\"twitter:label2\" content=\"Tiempo de lectura\" \/>\n\t<meta name=\"twitter:data2\" content=\"1 minuto\" \/>\n<script type=\"application\/ld+json\" class=\"yoast-schema-graph\">{\"@context\":\"https:\\\/\\\/schema.org\",\"@graph\":[{\"@type\":\"Article\",\"@id\":\"https:\\\/\\\/www.11onze.cat\\\/es\\\/magazine\\\/ecosistema-vinicola-catalan-viento-popa\\\/#article\",\"isPartOf\":{\"@id\":\"https:\\\/\\\/www.11onze.cat\\\/es\\\/magazine\\\/ecosistema-vinicola-catalan-viento-popa\\\/\"},\"author\":{\"name\":\"Equip Editorial\",\"@id\":\"https:\\\/\\\/www.11onze.cat\\\/es\\\/#\\\/schema\\\/person\\\/636d99b4c82bb7178687ecd43c3a61bd\"},\"headline\":\"El ecosistema vin\u00edcola catal\u00e1n va viento en popa\",\"datePublished\":\"2024-07-31T15:00:00+00:00\",\"mainEntityOfPage\":{\"@id\":\"https:\\\/\\\/www.11onze.cat\\\/es\\\/magazine\\\/ecosistema-vinicola-catalan-viento-popa\\\/\"},\"wordCount\":10,\"commentCount\":0,\"publisher\":{\"@id\":\"https:\\\/\\\/www.11onze.cat\\\/es\\\/#organization\"},\"image\":{\"@id\":\"https:\\\/\\\/www.11onze.cat\\\/es\\\/magazine\\\/ecosistema-vinicola-catalan-viento-popa\\\/#primaryimage\"},\"thumbnailUrl\":\"https:\\\/\\\/www.11onze.cat\\\/wp-content\\\/uploads\\\/2024\\\/07\\\/THUMBNAIL_Ecosistema_Vinicola_Catala.jpg\",\"keywords\":[\"Econom\u00eda\"],\"articleSection\":[\"Sin categorizar\"],\"inLanguage\":\"es\",\"potentialAction\":[{\"@type\":\"CommentAction\",\"name\":\"Comment\",\"target\":[\"https:\\\/\\\/www.11onze.cat\\\/es\\\/magazine\\\/ecosistema-vinicola-catalan-viento-popa\\\/#respond\"]}]},{\"@type\":\"WebPage\",\"@id\":\"https:\\\/\\\/www.11onze.cat\\\/es\\\/magazine\\\/ecosistema-vinicola-catalan-viento-popa\\\/\",\"url\":\"https:\\\/\\\/www.11onze.cat\\\/es\\\/magazine\\\/ecosistema-vinicola-catalan-viento-popa\\\/\",\"name\":\"El ecosistema vin\u00edcola catal\u00e1n va viento en popa -11Onze\",\"isPartOf\":{\"@id\":\"https:\\\/\\\/www.11onze.cat\\\/es\\\/#website\"},\"primaryImageOfPage\":{\"@id\":\"https:\\\/\\\/www.11onze.cat\\\/es\\\/magazine\\\/ecosistema-vinicola-catalan-viento-popa\\\/#primaryimage\"},\"image\":{\"@id\":\"https:\\\/\\\/www.11onze.cat\\\/es\\\/magazine\\\/ecosistema-vinicola-catalan-viento-popa\\\/#primaryimage\"},\"thumbnailUrl\":\"https:\\\/\\\/www.11onze.cat\\\/wp-content\\\/uploads\\\/2024\\\/07\\\/THUMBNAIL_Ecosistema_Vinicola_Catala.jpg\",\"datePublished\":\"2024-07-31T15:00:00+00:00\",\"description\":\"El sector vin\u00edcola de Catalu\u00f1a factura m\u00e1s de 3.200 millones de euros y da trabajo a casi 10.500 personas.\",\"breadcrumb\":{\"@id\":\"https:\\\/\\\/www.11onze.cat\\\/es\\\/magazine\\\/ecosistema-vinicola-catalan-viento-popa\\\/#breadcrumb\"},\"inLanguage\":\"es\",\"potentialAction\":[{\"@type\":\"ReadAction\",\"target\":[\"https:\\\/\\\/www.11onze.cat\\\/es\\\/magazine\\\/ecosistema-vinicola-catalan-viento-popa\\\/\"]}]},{\"@type\":\"ImageObject\",\"inLanguage\":\"es\",\"@id\":\"https:\\\/\\\/www.11onze.cat\\\/es\\\/magazine\\\/ecosistema-vinicola-catalan-viento-popa\\\/#primaryimage\",\"url\":\"https:\\\/\\\/www.11onze.cat\\\/wp-content\\\/uploads\\\/2024\\\/07\\\/THUMBNAIL_Ecosistema_Vinicola_Catala.jpg\",\"contentUrl\":\"https:\\\/\\\/www.11onze.cat\\\/wp-content\\\/uploads\\\/2024\\\/07\\\/THUMBNAIL_Ecosistema_Vinicola_Catala.jpg\",\"width\":1200,\"height\":800},{\"@type\":\"BreadcrumbList\",\"@id\":\"https:\\\/\\\/www.11onze.cat\\\/es\\\/magazine\\\/ecosistema-vinicola-catalan-viento-popa\\\/#breadcrumb\",\"itemListElement\":[{\"@type\":\"ListItem\",\"position\":1,\"name\":\"Home\",\"item\":\"https:\\\/\\\/www.11onze.cat\\\/es\\\/\"},{\"@type\":\"ListItem\",\"position\":2,\"name\":\"El ecosistema vin\u00edcola catal\u00e1n va viento en popa\"}]},{\"@type\":\"WebSite\",\"@id\":\"https:\\\/\\\/www.11onze.cat\\\/es\\\/#website\",\"url\":\"https:\\\/\\\/www.11onze.cat\\\/es\\\/\",\"name\":\"11Onze\",\"description\":\"Primera comunidad fintech digital en Catalu\u00f1a\",\"publisher\":{\"@id\":\"https:\\\/\\\/www.11onze.cat\\\/es\\\/#organization\"},\"potentialAction\":[{\"@type\":\"SearchAction\",\"target\":{\"@type\":\"EntryPoint\",\"urlTemplate\":\"https:\\\/\\\/www.11onze.cat\\\/es\\\/?s={search_term_string}\"},\"query-input\":{\"@type\":\"PropertyValueSpecification\",\"valueRequired\":true,\"valueName\":\"search_term_string\"}}],\"inLanguage\":\"es\"},{\"@type\":\"Organization\",\"@id\":\"https:\\\/\\\/www.11onze.cat\\\/es\\\/#organization\",\"name\":\"11Onze\",\"url\":\"https:\\\/\\\/www.11onze.cat\\\/es\\\/\",\"logo\":{\"@type\":\"ImageObject\",\"inLanguage\":\"es\",\"@id\":\"https:\\\/\\\/www.11onze.cat\\\/es\\\/#\\\/schema\\\/logo\\\/image\\\/\",\"url\":\"https:\\\/\\\/www.11onze.cat\\\/wp-content\\\/uploads\\\/2021\\\/04\\\/512x512-11Onze.jpg\",\"contentUrl\":\"https:\\\/\\\/www.11onze.cat\\\/wp-content\\\/uploads\\\/2021\\\/04\\\/512x512-11Onze.jpg\",\"width\":512,\"height\":512,\"caption\":\"11Onze\"},\"image\":{\"@id\":\"https:\\\/\\\/www.11onze.cat\\\/es\\\/#\\\/schema\\\/logo\\\/image\\\/\"},\"sameAs\":[\"https:\\\/\\\/www.facebook.com\\\/11OnzeComunitat\",\"https:\\\/\\\/x.com\\\/11OnzeFintech\",\"https:\\\/\\\/www.instagram.com\\\/11onzecat\\\/\",\"https:\\\/\\\/www.linkedin.com\\\/company\\\/11onzebanc\",\"https:\\\/\\\/www.youtube.com\\\/channel\\\/UCz63R8Byd_kBKtK2M4Qf_7w\"]},{\"@type\":\"Person\",\"@id\":\"https:\\\/\\\/www.11onze.cat\\\/es\\\/#\\\/schema\\\/person\\\/636d99b4c82bb7178687ecd43c3a61bd\",\"name\":\"Equip Editorial\",\"image\":{\"@type\":\"ImageObject\",\"inLanguage\":\"es\",\"@id\":\"https:\\\/\\\/www.11onze.cat\\\/wp-content\\\/uploads\\\/2022\\\/05\\\/HEADER_AGENTS_DECK-300x300.jpg\",\"url\":\"https:\\\/\\\/www.11onze.cat\\\/wp-content\\\/uploads\\\/2022\\\/05\\\/HEADER_AGENTS_DECK-300x300.jpg\",\"contentUrl\":\"https:\\\/\\\/www.11onze.cat\\\/wp-content\\\/uploads\\\/2022\\\/05\\\/HEADER_AGENTS_DECK-300x300.jpg\",\"caption\":\"Equip Editorial\"},\"url\":\"https:\\\/\\\/www.11onze.cat\\\/es\\\/magazine\\\/author\\\/equip-editorial-11onze\\\/\"}]}<\/script>\n<!-- \/ Yoast SEO plugin. -->","yoast_head_json":{"title":"El ecosistema vin\u00edcola catal\u00e1n va viento en popa -11Onze","description":"El sector vin\u00edcola de Catalu\u00f1a factura m\u00e1s de 3.200 millones de euros y da trabajo a casi 10.500 personas.","robots":{"index":"index","follow":"follow","max-snippet":"max-snippet:-1","max-image-preview":"max-image-preview:large","max-video-preview":"max-video-preview:-1"},"canonical":"https:\/\/www.11onze.cat\/es\/magazine\/ecosistema-vinicola-catalan-viento-popa\/","og_locale":"es_ES","og_type":"article","og_title":"El ecosistema vin\u00edcola catal\u00e1n va viento en popa -11Onze","og_description":"El sector vin\u00edcola de Catalu\u00f1a factura m\u00e1s de 3.200 millones de euros y da trabajo a casi 10.500 personas.","og_url":"https:\/\/www.11onze.cat\/es\/magazine\/ecosistema-vinicola-catalan-viento-popa\/","og_site_name":"11Onze","article_publisher":"https:\/\/www.facebook.com\/11OnzeComunitat","article_published_time":"2024-07-31T15:00:00+00:00","og_image":[{"url":"https:\/\/www.11onze.cat\/wp-content\/uploads\/2024\/07\/11ONZE_Ecosistema_Vinicola_Catala-800x450.jpg","type":"","width":"","height":""}],"author":"Equip Editorial","twitter_card":"summary_large_image","twitter_creator":"@11OnzeFintech","twitter_site":"@11OnzeFintech","twitter_misc":{"Escrito por":"Equip Editorial","Tiempo de lectura":"1 minuto"},"schema":{"@context":"https:\/\/schema.org","@graph":[{"@type":"Article","@id":"https:\/\/www.11onze.cat\/es\/magazine\/ecosistema-vinicola-catalan-viento-popa\/#article","isPartOf":{"@id":"https:\/\/www.11onze.cat\/es\/magazine\/ecosistema-vinicola-catalan-viento-popa\/"},"author":{"name":"Equip Editorial","@id":"https:\/\/www.11onze.cat\/es\/#\/schema\/person\/636d99b4c82bb7178687ecd43c3a61bd"},"headline":"El ecosistema vin\u00edcola catal\u00e1n va viento en popa","datePublished":"2024-07-31T15:00:00+00:00","mainEntityOfPage":{"@id":"https:\/\/www.11onze.cat\/es\/magazine\/ecosistema-vinicola-catalan-viento-popa\/"},"wordCount":10,"commentCount":0,"publisher":{"@id":"https:\/\/www.11onze.cat\/es\/#organization"},"image":{"@id":"https:\/\/www.11onze.cat\/es\/magazine\/ecosistema-vinicola-catalan-viento-popa\/#primaryimage"},"thumbnailUrl":"https:\/\/www.11onze.cat\/wp-content\/uploads\/2024\/07\/THUMBNAIL_Ecosistema_Vinicola_Catala.jpg","keywords":["Econom\u00eda"],"articleSection":["Sin categorizar"],"inLanguage":"es","potentialAction":[{"@type":"CommentAction","name":"Comment","target":["https:\/\/www.11onze.cat\/es\/magazine\/ecosistema-vinicola-catalan-viento-popa\/#respond"]}]},{"@type":"WebPage","@id":"https:\/\/www.11onze.cat\/es\/magazine\/ecosistema-vinicola-catalan-viento-popa\/","url":"https:\/\/www.11onze.cat\/es\/magazine\/ecosistema-vinicola-catalan-viento-popa\/","name":"El ecosistema vin\u00edcola catal\u00e1n va viento en popa -11Onze","isPartOf":{"@id":"https:\/\/www.11onze.cat\/es\/#website"},"primaryImageOfPage":{"@id":"https:\/\/www.11onze.cat\/es\/magazine\/ecosistema-vinicola-catalan-viento-popa\/#primaryimage"},"image":{"@id":"https:\/\/www.11onze.cat\/es\/magazine\/ecosistema-vinicola-catalan-viento-popa\/#primaryimage"},"thumbnailUrl":"https:\/\/www.11onze.cat\/wp-content\/uploads\/2024\/07\/THUMBNAIL_Ecosistema_Vinicola_Catala.jpg","datePublished":"2024-07-31T15:00:00+00:00","description":"El sector vin\u00edcola de Catalu\u00f1a factura m\u00e1s de 3.200 millones de euros y da trabajo a casi 10.500 personas.","breadcrumb":{"@id":"https:\/\/www.11onze.cat\/es\/magazine\/ecosistema-vinicola-catalan-viento-popa\/#breadcrumb"},"inLanguage":"es","potentialAction":[{"@type":"ReadAction","target":["https:\/\/www.11onze.cat\/es\/magazine\/ecosistema-vinicola-catalan-viento-popa\/"]}]},{"@type":"ImageObject","inLanguage":"es","@id":"https:\/\/www.11onze.cat\/es\/magazine\/ecosistema-vinicola-catalan-viento-popa\/#primaryimage","url":"https:\/\/www.11onze.cat\/wp-content\/uploads\/2024\/07\/THUMBNAIL_Ecosistema_Vinicola_Catala.jpg","contentUrl":"https:\/\/www.11onze.cat\/wp-content\/uploads\/2024\/07\/THUMBNAIL_Ecosistema_Vinicola_Catala.jpg","width":1200,"height":800},{"@type":"BreadcrumbList","@id":"https:\/\/www.11onze.cat\/es\/magazine\/ecosistema-vinicola-catalan-viento-popa\/#breadcrumb","itemListElement":[{"@type":"ListItem","position":1,"name":"Home","item":"https:\/\/www.11onze.cat\/es\/"},{"@type":"ListItem","position":2,"name":"El ecosistema vin\u00edcola catal\u00e1n va viento en popa"}]},{"@type":"WebSite","@id":"https:\/\/www.11onze.cat\/es\/#website","url":"https:\/\/www.11onze.cat\/es\/","name":"11Onze","description":"Primera comunidad fintech digital en Catalu\u00f1a","publisher":{"@id":"https:\/\/www.11onze.cat\/es\/#organization"},"potentialAction":[{"@type":"SearchAction","target":{"@type":"EntryPoint","urlTemplate":"https:\/\/www.11onze.cat\/es\/?s={search_term_string}"},"query-input":{"@type":"PropertyValueSpecification","valueRequired":true,"valueName":"search_term_string"}}],"inLanguage":"es"},{"@type":"Organization","@id":"https:\/\/www.11onze.cat\/es\/#organization","name":"11Onze","url":"https:\/\/www.11onze.cat\/es\/","logo":{"@type":"ImageObject","inLanguage":"es","@id":"https:\/\/www.11onze.cat\/es\/#\/schema\/logo\/image\/","url":"https:\/\/www.11onze.cat\/wp-content\/uploads\/2021\/04\/512x512-11Onze.jpg","contentUrl":"https:\/\/www.11onze.cat\/wp-content\/uploads\/2021\/04\/512x512-11Onze.jpg","width":512,"height":512,"caption":"11Onze"},"image":{"@id":"https:\/\/www.11onze.cat\/es\/#\/schema\/logo\/image\/"},"sameAs":["https:\/\/www.facebook.com\/11OnzeComunitat","https:\/\/x.com\/11OnzeFintech","https:\/\/www.instagram.com\/11onzecat\/","https:\/\/www.linkedin.com\/company\/11onzebanc","https:\/\/www.youtube.com\/channel\/UCz63R8Byd_kBKtK2M4Qf_7w"]},{"@type":"Person","@id":"https:\/\/www.11onze.cat\/es\/#\/schema\/person\/636d99b4c82bb7178687ecd43c3a61bd","name":"Equip Editorial","image":{"@type":"ImageObject","inLanguage":"es","@id":"https:\/\/www.11onze.cat\/wp-content\/uploads\/2022\/05\/HEADER_AGENTS_DECK-300x300.jpg","url":"https:\/\/www.11onze.cat\/wp-content\/uploads\/2022\/05\/HEADER_AGENTS_DECK-300x300.jpg","contentUrl":"https:\/\/www.11onze.cat\/wp-content\/uploads\/2022\/05\/HEADER_AGENTS_DECK-300x300.jpg","caption":"Equip Editorial"},"url":"https:\/\/www.11onze.cat\/es\/magazine\/author\/equip-editorial-11onze\/"}]}},"_links":{"self":[{"href":"https:\/\/www.11onze.cat\/es\/wp-json\/wp\/v2\/posts\/51410","targetHints":{"allow":["GET"]}}],"collection":[{"href":"https:\/\/www.11onze.cat\/es\/wp-json\/wp\/v2\/posts"}],"about":[{"href":"https:\/\/www.11onze.cat\/es\/wp-json\/wp\/v2\/types\/post"}],"author":[{"embeddable":true,"href":"https:\/\/www.11onze.cat\/es\/wp-json\/wp\/v2\/users\/71"}],"replies":[{"embeddable":true,"href":"https:\/\/www.11onze.cat\/es\/wp-json\/wp\/v2\/comments?post=51410"}],"version-history":[{"count":0,"href":"https:\/\/www.11onze.cat\/es\/wp-json\/wp\/v2\/posts\/51410\/revisions"}],"wp:featuredmedia":[{"embeddable":true,"href":"https:\/\/www.11onze.cat\/es\/wp-json\/wp\/v2\/media\/51399"}],"wp:attachment":[{"href":"https:\/\/www.11onze.cat\/es\/wp-json\/wp\/v2\/media?parent=51410"}],"wp:term":[{"taxonomy":"category","embeddable":true,"href":"https:\/\/www.11onze.cat\/es\/wp-json\/wp\/v2\/categories?post=51410"},{"taxonomy":"post_tag","embeddable":true,"href":"https:\/\/www.11onze.cat\/es\/wp-json\/wp\/v2\/tags?post=51410"}],"curies":[{"name":"wp","href":"https:\/\/api.w.org\/{rel}","templated":true}]}}