{"id":50670,"date":"2025-09-08T09:00:00","date_gmt":"2025-09-08T07:00:00","guid":{"rendered":"https:\/\/www.11onze.cat\/?p=50670"},"modified":"2025-07-31T16:12:32","modified_gmt":"2025-07-31T14:12:32","slug":"coche-habla-aseguradora","status":"publish","type":"post","link":"https:\/\/www.11onze.cat\/es\/magazine\/coche-habla-aseguradora\/","title":{"rendered":"Cuando tu coche habla con tu aseguradora"},"content":{"rendered":"<div class=\"component text\">\n  <div class=\"container\">\n\n\n    <div class=\"row\">\n      <div class=\"col  col-lg-8  offset-lg-2\">\n        <h3><b>El monitoratge de la nostra conducci\u00f3 ja \u00e9s ineludible, els cotxes connectats s&#8217;han convertit en tel\u00e8fons intel\u00b7ligents amb rodes i s\u00f3n una oportunitat de negoci addicional per a totes les marques, des de poder oferir equipament opcional via subscripcions fins a la venda a tercers de les dades generades per milions de clients. Ens ha de preocupar aquesta nova p\u00e8rdua de privacitat?<\/b><\/h3>\n<p>&nbsp;<\/p>\n<p><span style=\"font-weight: 400;\">Amb l&#8217;avan\u00e7 de la tecnologia, els cotxes connectats a internet s&#8217;estan convertint en una realitat cada vegada m\u00e9s present en les nostres vides. Els fabricants de cotxes argumenten que aquests vehicles sense botons f\u00edsics, amb pantalles gegants i farcits de c\u00e0meres i sensors que monitoritzen el nostre comportament ofereixen <\/span><b>una experi\u00e8ncia de conducci\u00f3 m\u00e9s \u201csegura\u201d<\/b><span style=\"font-weight: 400;\"> i c\u00f2moda.\u00a0\u00a0<\/span><\/p>\n<p><span style=\"font-weight: 400;\">Aquesta capacitat per comunicar-se amb altres vehicles, dispositius i serveis a trav\u00e9s d\u2019internet tamb\u00e9 obre<\/span><b> noves oportunitats de negoci per a les marques<\/b><span style=\"font-weight: 400;\">. <\/span><a href=\"https:\/\/www.motorpasion.com\/bmw\/no-ha-colado-bmw-recula-su-intento-cobrar-suscripcion-asientos-calefactados\"><span style=\"font-weight: 400;\">Alguns<\/span><\/a><span style=\"font-weight: 400;\"> fabricants de cotxes ja han posat a prova la paci\u00e8ncia dels seus clients amb models de subscripci\u00f3 mensual per seients calefactables, mentre d\u2019altres ofereixen m\u00e9s potencia a canvi d\u2019una <\/span><a href=\"https:\/\/www.motorpasion.com\/mercedes\/quieres-potencia-pagas-todos-meses-mercedes-electricos-convierten-suscripcion-viejo-truco\"><span style=\"font-weight: 400;\">subscripci\u00f3<\/span><\/a><span style=\"font-weight: 400;\"> anual o es pantaixen cobrar una subscripci\u00f3 per les opcions m\u00e9s <\/span><a href=\"https:\/\/www.elheraldodelhenares.com\/economia\/hyundai-introducira-suscripciones-para-opciones-populares\/\"><span style=\"font-weight: 400;\">populars<\/span><\/a><span style=\"font-weight: 400;\">.<\/span><\/p>\n<p><span style=\"font-weight: 400;\">A m\u00e9s, gr\u00e0cies a aquesta interconnexi\u00f3 els vehicles poden <\/span><b>recopilar i transmetre dades en temps real sobre els h\u00e0bits de conducci\u00f3,<\/b><span style=\"font-weight: 400;\"> la ubicaci\u00f3 i l&#8217;estat del vehicle, que ofereixen un potencial d\u2019ingressos addicionals per a les marques disposades a vendre aquesta informaci\u00f3, la qual cosa pot suposar una amena\u00e7a per al dret a la privacitat dels usuaris.\u00a0<\/span><\/p>\n<p>&nbsp;<\/p>\n<h3><b>De la teoria a la realitat<\/b><\/h3>\n<p><span style=\"font-weight: 400;\">Un <\/span><a href=\"https:\/\/foundation.mozilla.org\/en\/privacynotincluded\/articles\/its-official-cars-are-the-worst-product-category-we-have-ever-reviewed-for-privacy\/\"><span style=\"font-weight: 400;\">informe<\/span><\/a><span style=\"font-weight: 400;\"> elaborat per la fundaci\u00f3 Mozilla alertava que <\/span><b>els cotxes connectats s\u00f3n \u201cterribles en concepte de privacitat i seguretat\u201d<\/b><span style=\"font-weight: 400;\"> i destacava que 25 de les marques de cotxes m\u00e9s conegudes recopilen sense consentiment un gran nombre de dades dels seus usuaris, no sols relacionades estrictament amb la conducci\u00f3, com el seu lloc de resid\u00e8ncia o les seves destinacions habituals, sin\u00f3 tamb\u00e9 d\u2019altres molt m\u00e9s sensibles, com a expressions facials, estat de salut i informaci\u00f3 gen\u00e8tica o sobre la seva vida sexual, tot aix\u00f2 mitjan\u00e7ant dispositius connectats, micr\u00f2fons i c\u00e0meres.<\/span><\/p>\n<p><span style=\"font-weight: 400;\">Segons l\u2019estudi, <\/span><b>un 84% de les marques analitzades comparteixen o venen les dades dels propietaris <\/b><span style=\"font-weight: 400;\">i un 92% atorga als conductors poc o cap control sobre les seves dades personals. Tot i que totes les marques suspenen en el tractament de dades, Tesla obt\u00e9 el pitjor resultat, mentre que Renault, Dacia i BMW, respectivament, tenen menys mala puntuaci\u00f3.<\/span><\/p>\n<p><span style=\"font-weight: 400;\">Alguns van qualificar aquest informe d\u2019alarmista, tanmateix, pocs mesos despr\u00e9s, el <\/span><a href=\"https:\/\/www.nytimes.com\/2024\/03\/11\/technology\/carmakers-driver-tracking-insurance.html?ref=oembed\"><span style=\"font-weight: 400;\">New York Times<\/span><\/a><span style=\"font-weight: 400;\"> informava que <\/span><b>algunes marques ja estan compartint dades dels h\u00e0bits de conducci\u00f3 dels seus clients amb les asseguradores <\/b><span style=\"font-weight: 400;\">i que als \u201cmals conductors\u201d ja els havien apujat les p\u00f2lisses fins a un 21%, sense haver tingut cap accident.<\/span><\/p>\n<p><span style=\"font-weight: 400;\">Kenn Dahl, un inform\u00e0tic de Seattle, als Estats Units, que condueix un Chevrolet Bolt el\u00e8ctric, va aconseguir un informe de LexisNexis, una ag\u00e8ncia de dades amb seu a Nova York que treballa amb asseguradores, on <\/span><b>s\u2019havien registrat les 640 vegades que ell o la seva dona havien agafat el cotxe en els \u00faltims sis mesos<\/b><span style=\"font-weight: 400;\">, amb tot luxe de detalls, com l&#8217;hora d&#8217;inici i fi del trajecte, les dist\u00e0ncies recorregudes, i totes les vegades que va passar de 130 km\/h, o quan va fer frenades brusques o fortes acceleracions.<\/span><\/p>\n<p><span style=\"font-weight: 400;\">Totes aquestes dades <\/span><b>es van recopilar i, sobretot, es van vendre sense que el Sr. Dahl ho sab\u00e9s<\/b><span style=\"font-weight: 400;\">. En aquest cas es van vendre a companyies d&#8217;assegurances, per\u00f2 de la mateixa manera es podien haver venut a altres empreses de qualsevol \u00e0mbit.<\/span><\/p>\n<p>&nbsp;<\/p>\n<h3><b>Estem protegits per la legislaci\u00f3 europea?<\/b><\/h3>\n<p><span style=\"font-weight: 400;\">La normativa europea sobre el tractament de les dades personals aplicada als cotxes connectats es basa en el <\/span><b>Reglament General de Protecci\u00f3 de Dades (RGPD) i en la Directiva ePrivacy<\/b><span style=\"font-weight: 400;\">, que estableixen els principis i drets que han de respectar-se en el tractament de les dades personals.\u00a0<\/span><\/p>\n<p><span style=\"font-weight: 400;\">Entre altres obligacions, les empreses responsables del tractament de dades <\/span><b>han d&#8217;informar els interessats sobre l&#8217;\u00fas de les seves dades, obtenir el seu consentiment quan sigui necessari<\/b><span style=\"font-weight: 400;\">, garantir la seguretat i confidencialitat de les dades, minimitzar la quantitat i el temps de conservaci\u00f3 de les dades i permetre l&#8217;exercici dels drets d&#8217;acc\u00e9s, rectificaci\u00f3, supressi\u00f3, limitaci\u00f3, oposici\u00f3 i portabilitat.<\/span><\/p>\n<p><span style=\"font-weight: 400;\">B\u00e0sicament, la mateixa normativa que ja s\u2019aplica quant al tractament de dades i privacitat dels dispositius m\u00f2bils com ara els tel\u00e8fons intel\u00b7ligents. Dit aix\u00f2, <\/span><b>no \u00e9s cap secret que feta la norma, feta la trampa<\/b><span style=\"font-weight: 400;\">, per la qual cosa els experts sempre recomanen revisar minuciosament els termes i condicions i nom\u00e9s facilitar les dades o acceptar funcionalitats que realment aportin un valor real, cosa a la qual estem acostumats quan fem servir el m\u00f2bil, per\u00f2 que fins fa poc era impensable haver de tenir en compte cada vegada que engeguem el \u201cnostre\u201d cotxe.<\/span><\/p>\n<p>&nbsp;<\/p>\n<p><b>11Onze \u00e9s la fintech comunit\u00e0ria de Catalunya. Obre un compte descarregant l\u2019app El Canut per <\/b><a href=\"https:\/\/play.google.com\/store\/apps\/details?id=com.e11onze.app&amp;utm_source=emailing&amp;utm_campaign=CANUT+launch\"><b>Android<\/b><\/a><b> o <\/b><a href=\"https:\/\/apps.apple.com\/us\/app\/11onze\/id1566129237?utm_campaign=El+Canut\"><b>iOS<\/b><\/a><b>. Uneix-te a la revoluci\u00f3!<\/b><\/p>\n\n      <\/div>\n    <\/div>\n  <\/div>\n<\/div>\n<div class=\"component cards\">\n  <div class=\"container\">\n    <div class=\"row\">\n      <div class=\"col col-xl-8 offset-xl-2\">\n        <h1>Si t&#8217;ha agradat aquest article, et recomanem:<\/h1>\n        <div class=\"cards__wrapper\">\n          <div class=\"card\">\n            <a href=\"https:\/\/www.11onze.cat\/magazine\/transformacio-industria-automobilistica\/\" class=\"card-link\" target=\"_self\"><\/a>\n            <div class=\"card-img\">\n              <img decoding=\"async\" src=\"https:\/\/www.11onze.cat\/wp-content\/uploads\/2023\/07\/THUMBNAIL_COTXE_ELECTRIC-800x533.jpg\" class=\"card-img-top\" alt=\"\">\n                <span class=\"card-category\">Tecnologia<\/span>\n            <\/div>\n            <div class=\"card-body\">\n              <p class=\"card-title p2\"><strong>La transformaci\u00f3 de la ind\u00fastria automobil\u00edstica<\/strong><\/p>\n              <span class=\"card-time\">2min lectura<\/span>\n              <p class=\"card-text small\">En un nou episodi de La Pla\u00e7a a Territori 17 analitzem com&#8230;<\/p>\n            <\/div>\n          <\/div>\n\n\n          <div class=\"card\">\n            <a href=\"https:\/\/www.11onze.cat\/magazine\/cotxes-hidrogen-alternativa-definitiva\/\" class=\"card-link\" target=\"_self\"><\/a>\n            <div class=\"card-img\">\n              <img decoding=\"async\" src=\"https:\/\/www.11onze.cat\/wp-content\/uploads\/2021\/09\/THUMBNAIL_AVANTATGES_DESAVANTATGES_COTXES_HIDROGEN-800x533.jpg\" class=\"card-img-top\" alt=\"\">\n                <span class=\"card-category\">Sostenibilitat<\/span>\n            <\/div>\n            <div class=\"card-body\">\n              <p class=\"card-title p2\"><strong>Cotxes d\u2019hidrogen, l\u2019alternativa definitiva?<\/strong><\/p>\n              <span class=\"card-time\">6min lectura<\/span>\n              <p class=\"card-text small\">\u00c9s possible que un cotxe no nom\u00e9s no contamini, sin\u00f3&#8230;<\/p>\n            <\/div>\n          <\/div>\n\n\n          <div class=\"card\">\n            <a href=\"https:\/\/www.11onze.cat\/magazine\/automobile-barcelona-impulsa-electrificacio\/\" class=\"card-link\" target=\"_self\"><\/a>\n            <div class=\"card-img\">\n              <img decoding=\"async\" src=\"https:\/\/www.11onze.cat\/wp-content\/uploads\/2021\/10\/THUMBNAIL_AUTOMOBILE-800x600.jpg\" class=\"card-img-top\" alt=\"\">\n                <span class=\"card-category\">Cultura<\/span>\n            <\/div>\n            <div class=\"card-body\">\n              <p class=\"card-title p2\"><strong>L\u2019Automobile Barcelona impulsa l\u2019electrificaci\u00f3<\/strong><\/p>\n              <span class=\"card-time\">4min lectura<\/span>\n              <p class=\"card-text small\">El Sal\u00f3 Internacional de l\u2019Autom\u00f2bil de Barcelona acull&#8230; <\/p>\n            <\/div>\n          <\/div>\n\n              <\/div>\n              <br>\n              <br>\n              <div class=\"cards__wrapper\">\n\n        <\/div>\n      <\/div>\n    <\/div>\n  <\/div>\n<\/div>","protected":false},"excerpt":{"rendered":"","protected":false},"author":71,"featured_media":50667,"comment_status":"open","ping_status":"closed","sticky":false,"template":"","format":"standard","meta":{"_acf_changed":true,"content-type":"","footnotes":""},"categories":[28],"tags":[174],"class_list":["post-50670","post","type-post","status-publish","format-standard","has-post-thumbnail","hentry","category-sin-categorizar","tag-economia-es"],"acf":[],"yoast_head":"<!-- This site is optimized with the Yoast SEO plugin v27.5 - https:\/\/yoast.com\/product\/yoast-seo-wordpress\/ -->\n<title>Cuando tu coche habla con tu aseguradora -11Onze<\/title>\n<meta name=\"description\" content=\"Los coches conectados son una oportunidad de negocio adicional para las marcas, pero suponen un reto para el derecho a nuestra privacidad. \u00bfDebemos preocuparnos?\" \/>\n<meta name=\"robots\" content=\"index, follow, max-snippet:-1, max-image-preview:large, max-video-preview:-1\" \/>\n<link rel=\"canonical\" href=\"https:\/\/www.11onze.cat\/es\/magazine\/coche-habla-aseguradora\/\" \/>\n<meta property=\"og:locale\" content=\"es_ES\" \/>\n<meta property=\"og:type\" content=\"article\" \/>\n<meta property=\"og:title\" content=\"Cuando tu coche habla con tu aseguradora -11Onze\" \/>\n<meta property=\"og:description\" content=\"Los coches conectados son una oportunidad de negocio adicional para las marcas, pero suponen un reto para el derecho a nuestra privacidad. \u00bfDebemos preocuparnos?\" \/>\n<meta property=\"og:url\" content=\"https:\/\/www.11onze.cat\/es\/magazine\/coche-habla-aseguradora\/\" \/>\n<meta property=\"og:site_name\" content=\"11Onze\" \/>\n<meta property=\"article:publisher\" content=\"https:\/\/www.facebook.com\/11OnzeComunitat\" \/>\n<meta property=\"article:published_time\" content=\"2025-09-08T07:00:00+00:00\" \/>\n<meta property=\"og:image\" content=\"https:\/\/www.11onze.cat\/wp-content\/uploads\/2024\/06\/11ONZE_cotxe_asseguradora-800x450.jpg\" \/>\n<meta name=\"author\" content=\"Equip Editorial\" \/>\n<meta name=\"twitter:card\" content=\"summary_large_image\" \/>\n<meta name=\"twitter:creator\" content=\"@11OnzeFintech\" \/>\n<meta name=\"twitter:site\" content=\"@11OnzeFintech\" \/>\n<meta name=\"twitter:label1\" content=\"Escrito por\" \/>\n\t<meta name=\"twitter:data1\" content=\"Equip Editorial\" \/>\n\t<meta name=\"twitter:label2\" content=\"Tiempo de lectura\" \/>\n\t<meta name=\"twitter:data2\" content=\"1 minuto\" \/>\n<script type=\"application\/ld+json\" class=\"yoast-schema-graph\">{\"@context\":\"https:\\\/\\\/schema.org\",\"@graph\":[{\"@type\":\"Article\",\"@id\":\"https:\\\/\\\/www.11onze.cat\\\/es\\\/magazine\\\/coche-habla-aseguradora\\\/#article\",\"isPartOf\":{\"@id\":\"https:\\\/\\\/www.11onze.cat\\\/es\\\/magazine\\\/coche-habla-aseguradora\\\/\"},\"author\":{\"name\":\"Equip Editorial\",\"@id\":\"https:\\\/\\\/www.11onze.cat\\\/es\\\/#\\\/schema\\\/person\\\/636d99b4c82bb7178687ecd43c3a61bd\"},\"headline\":\"Cuando tu coche habla con tu aseguradora\",\"datePublished\":\"2025-09-08T07:00:00+00:00\",\"mainEntityOfPage\":{\"@id\":\"https:\\\/\\\/www.11onze.cat\\\/es\\\/magazine\\\/coche-habla-aseguradora\\\/\"},\"wordCount\":7,\"commentCount\":0,\"publisher\":{\"@id\":\"https:\\\/\\\/www.11onze.cat\\\/es\\\/#organization\"},\"image\":{\"@id\":\"https:\\\/\\\/www.11onze.cat\\\/es\\\/magazine\\\/coche-habla-aseguradora\\\/#primaryimage\"},\"thumbnailUrl\":\"https:\\\/\\\/www.11onze.cat\\\/wp-content\\\/uploads\\\/2024\\\/06\\\/THUMBNAIL_cotxe_asseguradora.jpg\",\"keywords\":[\"Econom\u00eda\"],\"articleSection\":[\"Sin categorizar\"],\"inLanguage\":\"es\",\"potentialAction\":[{\"@type\":\"CommentAction\",\"name\":\"Comment\",\"target\":[\"https:\\\/\\\/www.11onze.cat\\\/es\\\/magazine\\\/coche-habla-aseguradora\\\/#respond\"]}]},{\"@type\":\"WebPage\",\"@id\":\"https:\\\/\\\/www.11onze.cat\\\/es\\\/magazine\\\/coche-habla-aseguradora\\\/\",\"url\":\"https:\\\/\\\/www.11onze.cat\\\/es\\\/magazine\\\/coche-habla-aseguradora\\\/\",\"name\":\"Cuando tu coche habla con tu aseguradora -11Onze\",\"isPartOf\":{\"@id\":\"https:\\\/\\\/www.11onze.cat\\\/es\\\/#website\"},\"primaryImageOfPage\":{\"@id\":\"https:\\\/\\\/www.11onze.cat\\\/es\\\/magazine\\\/coche-habla-aseguradora\\\/#primaryimage\"},\"image\":{\"@id\":\"https:\\\/\\\/www.11onze.cat\\\/es\\\/magazine\\\/coche-habla-aseguradora\\\/#primaryimage\"},\"thumbnailUrl\":\"https:\\\/\\\/www.11onze.cat\\\/wp-content\\\/uploads\\\/2024\\\/06\\\/THUMBNAIL_cotxe_asseguradora.jpg\",\"datePublished\":\"2025-09-08T07:00:00+00:00\",\"description\":\"Los coches conectados son una oportunidad de negocio adicional para las marcas, pero suponen un reto para el derecho a nuestra privacidad. \u00bfDebemos preocuparnos?\",\"breadcrumb\":{\"@id\":\"https:\\\/\\\/www.11onze.cat\\\/es\\\/magazine\\\/coche-habla-aseguradora\\\/#breadcrumb\"},\"inLanguage\":\"es\",\"potentialAction\":[{\"@type\":\"ReadAction\",\"target\":[\"https:\\\/\\\/www.11onze.cat\\\/es\\\/magazine\\\/coche-habla-aseguradora\\\/\"]}]},{\"@type\":\"ImageObject\",\"inLanguage\":\"es\",\"@id\":\"https:\\\/\\\/www.11onze.cat\\\/es\\\/magazine\\\/coche-habla-aseguradora\\\/#primaryimage\",\"url\":\"https:\\\/\\\/www.11onze.cat\\\/wp-content\\\/uploads\\\/2024\\\/06\\\/THUMBNAIL_cotxe_asseguradora.jpg\",\"contentUrl\":\"https:\\\/\\\/www.11onze.cat\\\/wp-content\\\/uploads\\\/2024\\\/06\\\/THUMBNAIL_cotxe_asseguradora.jpg\",\"width\":1200,\"height\":800},{\"@type\":\"BreadcrumbList\",\"@id\":\"https:\\\/\\\/www.11onze.cat\\\/es\\\/magazine\\\/coche-habla-aseguradora\\\/#breadcrumb\",\"itemListElement\":[{\"@type\":\"ListItem\",\"position\":1,\"name\":\"Home\",\"item\":\"https:\\\/\\\/www.11onze.cat\\\/es\\\/\"},{\"@type\":\"ListItem\",\"position\":2,\"name\":\"Cuando tu coche habla con tu aseguradora\"}]},{\"@type\":\"WebSite\",\"@id\":\"https:\\\/\\\/www.11onze.cat\\\/es\\\/#website\",\"url\":\"https:\\\/\\\/www.11onze.cat\\\/es\\\/\",\"name\":\"11Onze\",\"description\":\"Primera comunidad fintech digital en Catalu\u00f1a\",\"publisher\":{\"@id\":\"https:\\\/\\\/www.11onze.cat\\\/es\\\/#organization\"},\"potentialAction\":[{\"@type\":\"SearchAction\",\"target\":{\"@type\":\"EntryPoint\",\"urlTemplate\":\"https:\\\/\\\/www.11onze.cat\\\/es\\\/?s={search_term_string}\"},\"query-input\":{\"@type\":\"PropertyValueSpecification\",\"valueRequired\":true,\"valueName\":\"search_term_string\"}}],\"inLanguage\":\"es\"},{\"@type\":\"Organization\",\"@id\":\"https:\\\/\\\/www.11onze.cat\\\/es\\\/#organization\",\"name\":\"11Onze\",\"url\":\"https:\\\/\\\/www.11onze.cat\\\/es\\\/\",\"logo\":{\"@type\":\"ImageObject\",\"inLanguage\":\"es\",\"@id\":\"https:\\\/\\\/www.11onze.cat\\\/es\\\/#\\\/schema\\\/logo\\\/image\\\/\",\"url\":\"https:\\\/\\\/www.11onze.cat\\\/wp-content\\\/uploads\\\/2021\\\/04\\\/512x512-11Onze.jpg\",\"contentUrl\":\"https:\\\/\\\/www.11onze.cat\\\/wp-content\\\/uploads\\\/2021\\\/04\\\/512x512-11Onze.jpg\",\"width\":512,\"height\":512,\"caption\":\"11Onze\"},\"image\":{\"@id\":\"https:\\\/\\\/www.11onze.cat\\\/es\\\/#\\\/schema\\\/logo\\\/image\\\/\"},\"sameAs\":[\"https:\\\/\\\/www.facebook.com\\\/11OnzeComunitat\",\"https:\\\/\\\/x.com\\\/11OnzeFintech\",\"https:\\\/\\\/www.instagram.com\\\/11onzecat\\\/\",\"https:\\\/\\\/www.linkedin.com\\\/company\\\/11onzebanc\",\"https:\\\/\\\/www.youtube.com\\\/channel\\\/UCz63R8Byd_kBKtK2M4Qf_7w\"]},{\"@type\":\"Person\",\"@id\":\"https:\\\/\\\/www.11onze.cat\\\/es\\\/#\\\/schema\\\/person\\\/636d99b4c82bb7178687ecd43c3a61bd\",\"name\":\"Equip Editorial\",\"image\":{\"@type\":\"ImageObject\",\"inLanguage\":\"es\",\"@id\":\"https:\\\/\\\/www.11onze.cat\\\/wp-content\\\/uploads\\\/2022\\\/05\\\/HEADER_AGENTS_DECK-300x300.jpg\",\"url\":\"https:\\\/\\\/www.11onze.cat\\\/wp-content\\\/uploads\\\/2022\\\/05\\\/HEADER_AGENTS_DECK-300x300.jpg\",\"contentUrl\":\"https:\\\/\\\/www.11onze.cat\\\/wp-content\\\/uploads\\\/2022\\\/05\\\/HEADER_AGENTS_DECK-300x300.jpg\",\"caption\":\"Equip Editorial\"},\"url\":\"https:\\\/\\\/www.11onze.cat\\\/es\\\/magazine\\\/author\\\/equip-editorial-11onze\\\/\"}]}<\/script>\n<!-- \/ Yoast SEO plugin. -->","yoast_head_json":{"title":"Cuando tu coche habla con tu aseguradora -11Onze","description":"Los coches conectados son una oportunidad de negocio adicional para las marcas, pero suponen un reto para el derecho a nuestra privacidad. \u00bfDebemos preocuparnos?","robots":{"index":"index","follow":"follow","max-snippet":"max-snippet:-1","max-image-preview":"max-image-preview:large","max-video-preview":"max-video-preview:-1"},"canonical":"https:\/\/www.11onze.cat\/es\/magazine\/coche-habla-aseguradora\/","og_locale":"es_ES","og_type":"article","og_title":"Cuando tu coche habla con tu aseguradora -11Onze","og_description":"Los coches conectados son una oportunidad de negocio adicional para las marcas, pero suponen un reto para el derecho a nuestra privacidad. \u00bfDebemos preocuparnos?","og_url":"https:\/\/www.11onze.cat\/es\/magazine\/coche-habla-aseguradora\/","og_site_name":"11Onze","article_publisher":"https:\/\/www.facebook.com\/11OnzeComunitat","article_published_time":"2025-09-08T07:00:00+00:00","og_image":[{"url":"https:\/\/www.11onze.cat\/wp-content\/uploads\/2024\/06\/11ONZE_cotxe_asseguradora-800x450.jpg","type":"","width":"","height":""}],"author":"Equip Editorial","twitter_card":"summary_large_image","twitter_creator":"@11OnzeFintech","twitter_site":"@11OnzeFintech","twitter_misc":{"Escrito por":"Equip Editorial","Tiempo de lectura":"1 minuto"},"schema":{"@context":"https:\/\/schema.org","@graph":[{"@type":"Article","@id":"https:\/\/www.11onze.cat\/es\/magazine\/coche-habla-aseguradora\/#article","isPartOf":{"@id":"https:\/\/www.11onze.cat\/es\/magazine\/coche-habla-aseguradora\/"},"author":{"name":"Equip Editorial","@id":"https:\/\/www.11onze.cat\/es\/#\/schema\/person\/636d99b4c82bb7178687ecd43c3a61bd"},"headline":"Cuando tu coche habla con tu aseguradora","datePublished":"2025-09-08T07:00:00+00:00","mainEntityOfPage":{"@id":"https:\/\/www.11onze.cat\/es\/magazine\/coche-habla-aseguradora\/"},"wordCount":7,"commentCount":0,"publisher":{"@id":"https:\/\/www.11onze.cat\/es\/#organization"},"image":{"@id":"https:\/\/www.11onze.cat\/es\/magazine\/coche-habla-aseguradora\/#primaryimage"},"thumbnailUrl":"https:\/\/www.11onze.cat\/wp-content\/uploads\/2024\/06\/THUMBNAIL_cotxe_asseguradora.jpg","keywords":["Econom\u00eda"],"articleSection":["Sin categorizar"],"inLanguage":"es","potentialAction":[{"@type":"CommentAction","name":"Comment","target":["https:\/\/www.11onze.cat\/es\/magazine\/coche-habla-aseguradora\/#respond"]}]},{"@type":"WebPage","@id":"https:\/\/www.11onze.cat\/es\/magazine\/coche-habla-aseguradora\/","url":"https:\/\/www.11onze.cat\/es\/magazine\/coche-habla-aseguradora\/","name":"Cuando tu coche habla con tu aseguradora -11Onze","isPartOf":{"@id":"https:\/\/www.11onze.cat\/es\/#website"},"primaryImageOfPage":{"@id":"https:\/\/www.11onze.cat\/es\/magazine\/coche-habla-aseguradora\/#primaryimage"},"image":{"@id":"https:\/\/www.11onze.cat\/es\/magazine\/coche-habla-aseguradora\/#primaryimage"},"thumbnailUrl":"https:\/\/www.11onze.cat\/wp-content\/uploads\/2024\/06\/THUMBNAIL_cotxe_asseguradora.jpg","datePublished":"2025-09-08T07:00:00+00:00","description":"Los coches conectados son una oportunidad de negocio adicional para las marcas, pero suponen un reto para el derecho a nuestra privacidad. \u00bfDebemos preocuparnos?","breadcrumb":{"@id":"https:\/\/www.11onze.cat\/es\/magazine\/coche-habla-aseguradora\/#breadcrumb"},"inLanguage":"es","potentialAction":[{"@type":"ReadAction","target":["https:\/\/www.11onze.cat\/es\/magazine\/coche-habla-aseguradora\/"]}]},{"@type":"ImageObject","inLanguage":"es","@id":"https:\/\/www.11onze.cat\/es\/magazine\/coche-habla-aseguradora\/#primaryimage","url":"https:\/\/www.11onze.cat\/wp-content\/uploads\/2024\/06\/THUMBNAIL_cotxe_asseguradora.jpg","contentUrl":"https:\/\/www.11onze.cat\/wp-content\/uploads\/2024\/06\/THUMBNAIL_cotxe_asseguradora.jpg","width":1200,"height":800},{"@type":"BreadcrumbList","@id":"https:\/\/www.11onze.cat\/es\/magazine\/coche-habla-aseguradora\/#breadcrumb","itemListElement":[{"@type":"ListItem","position":1,"name":"Home","item":"https:\/\/www.11onze.cat\/es\/"},{"@type":"ListItem","position":2,"name":"Cuando tu coche habla con tu aseguradora"}]},{"@type":"WebSite","@id":"https:\/\/www.11onze.cat\/es\/#website","url":"https:\/\/www.11onze.cat\/es\/","name":"11Onze","description":"Primera comunidad fintech digital en Catalu\u00f1a","publisher":{"@id":"https:\/\/www.11onze.cat\/es\/#organization"},"potentialAction":[{"@type":"SearchAction","target":{"@type":"EntryPoint","urlTemplate":"https:\/\/www.11onze.cat\/es\/?s={search_term_string}"},"query-input":{"@type":"PropertyValueSpecification","valueRequired":true,"valueName":"search_term_string"}}],"inLanguage":"es"},{"@type":"Organization","@id":"https:\/\/www.11onze.cat\/es\/#organization","name":"11Onze","url":"https:\/\/www.11onze.cat\/es\/","logo":{"@type":"ImageObject","inLanguage":"es","@id":"https:\/\/www.11onze.cat\/es\/#\/schema\/logo\/image\/","url":"https:\/\/www.11onze.cat\/wp-content\/uploads\/2021\/04\/512x512-11Onze.jpg","contentUrl":"https:\/\/www.11onze.cat\/wp-content\/uploads\/2021\/04\/512x512-11Onze.jpg","width":512,"height":512,"caption":"11Onze"},"image":{"@id":"https:\/\/www.11onze.cat\/es\/#\/schema\/logo\/image\/"},"sameAs":["https:\/\/www.facebook.com\/11OnzeComunitat","https:\/\/x.com\/11OnzeFintech","https:\/\/www.instagram.com\/11onzecat\/","https:\/\/www.linkedin.com\/company\/11onzebanc","https:\/\/www.youtube.com\/channel\/UCz63R8Byd_kBKtK2M4Qf_7w"]},{"@type":"Person","@id":"https:\/\/www.11onze.cat\/es\/#\/schema\/person\/636d99b4c82bb7178687ecd43c3a61bd","name":"Equip Editorial","image":{"@type":"ImageObject","inLanguage":"es","@id":"https:\/\/www.11onze.cat\/wp-content\/uploads\/2022\/05\/HEADER_AGENTS_DECK-300x300.jpg","url":"https:\/\/www.11onze.cat\/wp-content\/uploads\/2022\/05\/HEADER_AGENTS_DECK-300x300.jpg","contentUrl":"https:\/\/www.11onze.cat\/wp-content\/uploads\/2022\/05\/HEADER_AGENTS_DECK-300x300.jpg","caption":"Equip Editorial"},"url":"https:\/\/www.11onze.cat\/es\/magazine\/author\/equip-editorial-11onze\/"}]}},"_links":{"self":[{"href":"https:\/\/www.11onze.cat\/es\/wp-json\/wp\/v2\/posts\/50670","targetHints":{"allow":["GET"]}}],"collection":[{"href":"https:\/\/www.11onze.cat\/es\/wp-json\/wp\/v2\/posts"}],"about":[{"href":"https:\/\/www.11onze.cat\/es\/wp-json\/wp\/v2\/types\/post"}],"author":[{"embeddable":true,"href":"https:\/\/www.11onze.cat\/es\/wp-json\/wp\/v2\/users\/71"}],"replies":[{"embeddable":true,"href":"https:\/\/www.11onze.cat\/es\/wp-json\/wp\/v2\/comments?post=50670"}],"version-history":[{"count":0,"href":"https:\/\/www.11onze.cat\/es\/wp-json\/wp\/v2\/posts\/50670\/revisions"}],"wp:featuredmedia":[{"embeddable":true,"href":"https:\/\/www.11onze.cat\/es\/wp-json\/wp\/v2\/media\/50667"}],"wp:attachment":[{"href":"https:\/\/www.11onze.cat\/es\/wp-json\/wp\/v2\/media?parent=50670"}],"wp:term":[{"taxonomy":"category","embeddable":true,"href":"https:\/\/www.11onze.cat\/es\/wp-json\/wp\/v2\/categories?post=50670"},{"taxonomy":"post_tag","embeddable":true,"href":"https:\/\/www.11onze.cat\/es\/wp-json\/wp\/v2\/tags?post=50670"}],"curies":[{"name":"wp","href":"https:\/\/api.w.org\/{rel}","templated":true}]}}