{"id":48632,"date":"2024-06-09T20:00:00","date_gmt":"2024-06-09T18:00:00","guid":{"rendered":"https:\/\/www.11onze.cat\/?p=48632"},"modified":"2024-06-09T20:56:38","modified_gmt":"2024-06-09T18:56:38","slug":"cataluna-renuncia-soberania-alimentaria","status":"publish","type":"post","link":"https:\/\/www.11onze.cat\/es\/magazine\/cataluna-renuncia-soberania-alimentaria\/","title":{"rendered":"\u00bfCatalu\u00f1a renuncia a la soberan\u00eda alimentaria?"},"content":{"rendered":"<div class=\"component text\">\n  <div class=\"container\">\n\n\n    <div class=\"row\">\n      <div class=\"col  col-lg-8  offset-lg-2\">\n        <h3><b>Las reivindicaciones de los campesinos y agricultores, que se enmarcan en un malestar a nivel europeo, ponen al pa\u00eds ante un reto colosal. El de decidir si Catalu\u00f1a debe ser soberana alimentariamente o debe renegar de su propia tierra. En 11Onze lo tenemos claro: con la comida no se juega.<\/b><\/h3>\n<p>&nbsp;<\/p>\n<p><span style=\"font-weight: 400;\">Que el sector primario es esencial lo sabe todo el mundo, pero parece que a veces se nos olvida. Por eso los <\/span><a href=\"https:\/\/www.11onze.cat\/es\/magazine\/union-europea-no-puede-comer-tanques\/\"><span style=\"font-weight: 400;\">agricultores catalanes<\/span><\/a><span style=\"font-weight: 400;\">, al igual que los europeos, est\u00e1n en pie de guerra. Las demandas son simples y podr\u00edan resumirse en una: tener algo de respeto por <\/span><b>un sector que pone el plato en la mesa para la Catalu\u00f1a de los 8 millones<\/b><span style=\"font-weight: 400;\">.<\/span><\/p>\n<p><span style=\"font-weight: 400;\">El exceso de burocracia, la asfixia econ\u00f3mica y la presi\u00f3n regulatoria son los caballos de batalla de unos campesinos que ven que las malas condiciones de su sector desincentivan el posible relevo generacional. Actualmente, el campesino es un rom\u00e1ntico con tractor. <\/span><b>Gente que ama la tierra y la trabaja aunque no se gana la vida<\/b><span style=\"font-weight: 400;\">. Las quejas de tener que vender por debajo del coste de producci\u00f3n son end\u00e9micas, y desde hace tiempo se a\u00f1aden la desprotecci\u00f3n de los agricultores frente a los intermediarios, <\/span><b>las grandes cadenas y la importaci\u00f3n de productos de otros pa\u00edses, que muy a menudo no cumplen la exigent\u00edsima normativa<\/b><span style=\"font-weight: 400;\"> que se pide a los agricultores y ganaderos europeos.<\/span><\/p>\n<p>&nbsp;<\/p>\n<h3><b>El gris europeo<\/b><\/h3>\n<p><span style=\"font-weight: 400;\">La soberan\u00eda alimentaria catalana est\u00e1 en cuesti\u00f3n, en parte, por la lacra regulatoria europea. La UE, gobernada desde <\/span><b>la gris Bruselas, empuja su enrevesada normativa hacia abajo<\/b><span style=\"font-weight: 400;\">. El laberinto burocr\u00e1tico se lanza hacia el escal\u00f3n inmediatamente inferior de la cadena y va bajando por las administraciones hasta que cae de bruces ante unos campesinos incapaces de gestionar la absurda retah\u00edla de dimes y diretes. <\/span><b>Se pide a las personas m\u00e1s sabias del mundo, las que saben crear comida, que adem\u00e1s sean oficinistas y recopilen datos y llenen formularios<\/b><span style=\"font-weight: 400;\"> sin fin para que suban de nuevo la cadena y satisfagan la sed de papeleo de un bur\u00f3crata de Bruselas.<\/span><\/p>\n<p><span style=\"font-weight: 400;\">En diciembre de <\/span><b>2022, el agricultor y diputado de Junts, Salvador Verg\u00e9s, le\u00eda en el Parlament una lista de las gestiones que se exigen a los campesinos<\/b><span style=\"font-weight: 400;\">. La retah\u00edla se ha vuelto a hacer viral estos d\u00edas a ra\u00edz de las protestas y, si no fuera que trata un tema tan serio, har\u00eda re\u00edr.<\/span><\/p>\n<blockquote class=\"twitter-tweet\" data-width=\"500\" data-dnt=\"true\">\n<p lang=\"ca\" dir=\"ltr\">\ud83c\udf99 Ahir, al Parlament, vaig fer una llarga interpel\u00b7laci\u00f3 a la Consellera reclamant-li q redueixi la paperassa i la burocr\u00e0cia q ofega la pagesia. Aqu\u00ed en teniu un 1r v\u00eddeo, on recomano als diputats q s\u2019agafin fort a l\u2019esc\u00f3 x aguantar el ruixat d tr\u00e0mits d l\u2019exemple q hi explico: <a href=\"https:\/\/t.co\/2flJLENVa8\">pic.twitter.com\/2flJLENVa8<\/a><\/p>\n<p>&mdash; Salvador Verg\u00e9s i\u2026 Tejero! (@vadorverges) <a href=\"https:\/\/twitter.com\/vadorverges\/status\/1605969577514450945?ref_src=twsrc%5Etfw\">December 22, 2022<\/a><\/p><\/blockquote>\n<p><script async src=\"https:\/\/platform.twitter.com\/widgets.js\" charset=\"utf-8\"><\/script><\/p>\n\n      <\/div>\n    <\/div>\n  <\/div>\n<\/div>\n\n\n<div class=\"component text\">\n  <div class=\"container\">\n\n\n    <div class=\"row\">\n      <div class=\"col  col-lg-8  offset-lg-2\">\n        <h3><b>La sequ\u00eda y las prioridades<\/b><\/h3>\n<p><span style=\"font-weight: 400;\">A todos los problemas habituales del campesinado, este a\u00f1o adem\u00e1s se a\u00f1ade el de la sequ\u00eda que vive todo el pa\u00eds. Los agricultores, por decisi\u00f3n del gobierno catal\u00e1n,<\/span><b> fueron de los primeros en recibir las estocadas de los recortes en el consumo de agua<\/b><span style=\"font-weight: 400;\">. Mientras deb\u00edan asistir, asombrados, a una campa\u00f1a tur\u00edstica de verano sin limitaciones. Y deben continuar bien sorprendidos, a\u00fan, viendo el verdor de los campos de golf, observando las ingentes f<\/span><a href=\"https:\/\/www.rac1.cat\/societat\/20240111\/117633\/ajuntaments-no-poden-reparar-fuites-aigua-no-arriben-ajuts.html\"><span style=\"font-weight: 400;\">ugas de agua declaradas por la ACA<\/span><\/a><span style=\"font-weight: 400;\"> y d\u00e1ndose cuenta de que las empresas envasadoras de agua siguen extrayendo agua de los r\u00edos. Los <\/span><b>supermercados siguen llenos de botellas de pl\u00e1stico llenas de agua<\/b><span style=\"font-weight: 400;\">, aunque producir botellas de pl\u00e1stico contamina y obliga a un consumo extra de agua. Todo para comercializar un bien esencial que a otros les es negado. \u00bfEs normal, pues, que los campesinos se pregunten hasta cu\u00e1ndo va a durar la broma?<\/span><\/p>\n<h3><\/h3>\n<h3><b>Soberan\u00eda desoladora<\/b><\/h3>\n<p><span style=\"font-weight: 400;\">Todo ello deja un panorama desalentador: el de <\/span><b>un pa\u00eds incapaz de establecer y gestionar sus prioridades b\u00e1sicas<\/b><span style=\"font-weight: 400;\">. Si no somos capaces de garantizar la producci\u00f3n alimentaria y el agua, \u00bfqu\u00e9 aspiramos a ser? Por este motivo, los agricultores redoblan su presi\u00f3n, aunque ya los recibiera el presidente de la Generalitat, Pere Aragon\u00e8s. El presidente a menudo cuelga en sus redes v\u00eddeos donde se le ve haciendo recetas de cocina. Es una forma distendida de mostrarse delante del p\u00fablico, pero \u00bfde d\u00f3nde salen los huevos que el Muy Honorable utiliza para hacer el bizcocho? \u00bfDe d\u00f3nde vienen la harina, la mantequilla, la leche, la carne, las manzanas o las alcachofas? La respuesta de un pol\u00edtico urbanita ser\u00eda simple: del supermercado.<\/span><\/p>\n<p><span style=\"font-weight: 400;\">En una \u00e9poca en que parece que <\/span><b>Europa haya dado la espalda al sector primario para obsesionarse con la econom\u00eda de guerra, <\/b><a href=\"https:\/\/www.11onze.cat\/es\/magazine\/retorno-hombre-saco-comunista\/\"><b>mirando a Rusia<\/b><\/a><span style=\"font-weight: 400;\">, desde 11Onze queremos ponernos al lado del campesinado recordando, una vez m\u00e1s, el riesgo de crisis alimentaria al que nos enfrentamos.<\/span><\/p>\n<p><b>11Onze es la fintech comunitaria de Catalu\u00f1a. Abre una cuenta descargando la app El Canut para <\/b><a href=\"https:\/\/play.google.com\/store\/apps\/details?id=com.e11onze.app&amp;utm_source=emailing&amp;utm_campaign=CANUT+launch\"><b>Android<\/b><\/a><b> o <\/b><a href=\"https:\/\/apps.apple.com\/us\/app\/11onze\/id1566129237?utm_campaign=El+Canut\"><b>iOS<\/b><\/a><b>. \u00a1\u00danete a la revoluci\u00f3n!<\/b><\/p>\n\n      <\/div>\n    <\/div>\n  <\/div>\n<\/div>\n\n\n<div class=\"component cards\">\n  <div class=\"container\">\n    <div class=\"row\">\n      <div class=\"col col-xl-8 offset-xl-2\">\n        <h1>Si te ha gustado esta noticia, te recomendamos:<\/h1>\n        <div class=\"cards__wrapper\">\n          <div class=\"card\">\n            <a href=\"https:\/\/www.11onze.cat\/es\/magazine\/cambiar-sistema-agroalimentario\/\" class=\"card-link\" target=\"_self\"><\/a>\n            <div class=\"card-img\">\n              <img decoding=\"async\" src=\"https:\/\/www.11onze.cat\/wp-content\/uploads\/2024\/02\/THUMBNAIL_sistema-agroalimentari-800x533.png\" class=\"card-img-top\" alt=\"\">\n                <span class=\"card-category\">Bienestar<\/span>\n            <\/div>\n            <div class=\"card-body\">\n              <p class=\"card-title p2\"><strong>\u00bfCambiar el sistema agroalimentario?<\/strong><\/p>\n              <span class=\"card-time\">4min lectura<\/span>\n              <p class=\"card-text small\">La producci\u00f3n de alimentos genera un tercio de las&#8230;<\/p>\n            <\/div>\n          <\/div>\n\n\n          <div class=\"card\">\n            <a href=\"https:\/\/www.11onze.cat\/es\/magazine\/retorno-hombre-saco-comunista\/\" class=\"card-link\" target=\"_self\"><\/a>\n            <div class=\"card-img\">\n              <img decoding=\"async\" src=\"https:\/\/www.11onze.cat\/wp-content\/uploads\/2024\/02\/THUMBNAIL_Retorn_Comunista-800x533.png\" class=\"card-img-top\" alt=\"\">\n                <span class=\"card-category\">Econom\u00eda<\/span>\n            <\/div>\n            <div class=\"card-body\">\n              <p class=\"card-title p2\"><strong>El retorno del hombre del saco comunista<\/strong><\/p>\n              <span class=\"card-time\">4min lectura<\/span>\n              <p class=\"card-text small\">Altos mandos de la OTAN avisan que los gobiernos y&#8230;<\/p>\n            <\/div>\n          <\/div>\n\n\n          <div class=\"card\">\n            <a href=\"https:\/\/www.11onze.cat\/es\/magazine\/es-posible-sobirania-alimentaria-cataluna\/\" class=\"card-link\" target=\"_self\"><\/a>\n            <div class=\"card-img\">\n              <img decoding=\"async\" src=\"https:\/\/www.11onze.cat\/wp-content\/uploads\/2023\/06\/THUMBNAIL_SOBIRANIA_ALIMENTARIA_CAT-800x533.jpg\" class=\"card-img-top\" alt=\"\">\n                <span class=\"card-category\">Cultura<\/span>\n            <\/div>\n            <div class=\"card-body\">\n              <p class=\"card-title p2\"><strong>\u00bfSoberan\u00eda alimentaria de Catalu\u00f1a?<\/strong><\/p>\n              <span class=\"card-time\">6min lectura<\/span>\n              <p class=\"card-text small\">El cambio clim\u00e1tico, la guerra en Ucrania y el embudo&#8230;<\/p>\n            <\/div>\n          <\/div>\n\n              <\/div>\n              <br>\n              <br>\n              <div class=\"cards__wrapper\">\n\n        <\/div>\n      <\/div>\n    <\/div>\n  <\/div>\n<\/div>","protected":false},"excerpt":{"rendered":"","protected":false},"author":71,"featured_media":48623,"comment_status":"open","ping_status":"closed","sticky":false,"template":"","format":"standard","meta":{"_acf_changed":true,"content-type":"","footnotes":""},"categories":[28],"tags":[171],"class_list":["post-48632","post","type-post","status-publish","format-standard","has-post-thumbnail","hentry","category-sin-categorizar","tag-sostenibilidad"],"acf":[],"yoast_head":"<!-- This site is optimized with the Yoast SEO plugin v27.4 - https:\/\/yoast.com\/product\/yoast-seo-wordpress\/ -->\n<title>\u00bfCatalu\u00f1a renuncia a la soberan\u00eda alimentaria?a -11Onze<\/title>\n<meta name=\"description\" content=\"\u00bfCatalu\u00f1a renuncia a su soberan\u00eda alimentaria? En 11Onze decimos no: pong\u00e1monos junto a los campesinos.\" \/>\n<meta name=\"robots\" content=\"index, follow, max-snippet:-1, max-image-preview:large, max-video-preview:-1\" \/>\n<link rel=\"canonical\" href=\"https:\/\/www.11onze.cat\/es\/magazine\/cataluna-renuncia-soberania-alimentaria\/\" \/>\n<meta property=\"og:locale\" content=\"es_ES\" \/>\n<meta property=\"og:type\" content=\"article\" \/>\n<meta property=\"og:title\" content=\"\u00bfCatalu\u00f1a renuncia a la soberan\u00eda alimentaria?a -11Onze\" \/>\n<meta property=\"og:description\" content=\"\u00bfCatalu\u00f1a renuncia a su soberan\u00eda alimentaria? En 11Onze decimos no: pong\u00e1monos junto a los campesinos.\" \/>\n<meta property=\"og:url\" content=\"https:\/\/www.11onze.cat\/es\/magazine\/cataluna-renuncia-soberania-alimentaria\/\" \/>\n<meta property=\"og:site_name\" content=\"11Onze\" \/>\n<meta property=\"article:publisher\" content=\"https:\/\/www.facebook.com\/11OnzeComunitat\" \/>\n<meta property=\"article:published_time\" content=\"2024-06-09T18:00:00+00:00\" \/>\n<meta property=\"article:modified_time\" content=\"2024-06-09T18:56:38+00:00\" \/>\n<meta property=\"og:image\" content=\"https:\/\/www.11onze.cat\/wp-content\/uploads\/2024\/02\/11ONZE_SHARE0_sobirania_alimentaria-800x450.png\" \/>\n<meta name=\"author\" content=\"Equip Editorial\" \/>\n<meta name=\"twitter:card\" content=\"summary_large_image\" \/>\n<meta name=\"twitter:creator\" content=\"@11OnzeFintech\" \/>\n<meta name=\"twitter:site\" content=\"@11OnzeFintech\" \/>\n<meta name=\"twitter:label1\" content=\"Escrito por\" \/>\n\t<meta name=\"twitter:data1\" content=\"Equip Editorial\" \/>\n\t<meta name=\"twitter:label2\" content=\"Tiempo de lectura\" \/>\n\t<meta name=\"twitter:data2\" content=\"1 minuto\" \/>\n<script type=\"application\/ld+json\" class=\"yoast-schema-graph\">{\"@context\":\"https:\\\/\\\/schema.org\",\"@graph\":[{\"@type\":\"Article\",\"@id\":\"https:\\\/\\\/www.11onze.cat\\\/es\\\/magazine\\\/cataluna-renuncia-soberania-alimentaria\\\/#article\",\"isPartOf\":{\"@id\":\"https:\\\/\\\/www.11onze.cat\\\/es\\\/magazine\\\/cataluna-renuncia-soberania-alimentaria\\\/\"},\"author\":{\"name\":\"Equip Editorial\",\"@id\":\"https:\\\/\\\/www.11onze.cat\\\/es\\\/#\\\/schema\\\/person\\\/636d99b4c82bb7178687ecd43c3a61bd\"},\"headline\":\"\u00bfCatalu\u00f1a renuncia a la soberan\u00eda alimentaria?\",\"datePublished\":\"2024-06-09T18:00:00+00:00\",\"dateModified\":\"2024-06-09T18:56:38+00:00\",\"mainEntityOfPage\":{\"@id\":\"https:\\\/\\\/www.11onze.cat\\\/es\\\/magazine\\\/cataluna-renuncia-soberania-alimentaria\\\/\"},\"wordCount\":8,\"commentCount\":0,\"publisher\":{\"@id\":\"https:\\\/\\\/www.11onze.cat\\\/es\\\/#organization\"},\"image\":{\"@id\":\"https:\\\/\\\/www.11onze.cat\\\/es\\\/magazine\\\/cataluna-renuncia-soberania-alimentaria\\\/#primaryimage\"},\"thumbnailUrl\":\"https:\\\/\\\/www.11onze.cat\\\/wp-content\\\/uploads\\\/2024\\\/02\\\/THUMBNAIL_sobirania_alimentaria.png\",\"keywords\":[\"Sostenibilidad\"],\"articleSection\":[\"Sin categorizar\"],\"inLanguage\":\"es\",\"potentialAction\":[{\"@type\":\"CommentAction\",\"name\":\"Comment\",\"target\":[\"https:\\\/\\\/www.11onze.cat\\\/es\\\/magazine\\\/cataluna-renuncia-soberania-alimentaria\\\/#respond\"]}]},{\"@type\":\"WebPage\",\"@id\":\"https:\\\/\\\/www.11onze.cat\\\/es\\\/magazine\\\/cataluna-renuncia-soberania-alimentaria\\\/\",\"url\":\"https:\\\/\\\/www.11onze.cat\\\/es\\\/magazine\\\/cataluna-renuncia-soberania-alimentaria\\\/\",\"name\":\"\u00bfCatalu\u00f1a renuncia a la soberan\u00eda alimentaria?a -11Onze\",\"isPartOf\":{\"@id\":\"https:\\\/\\\/www.11onze.cat\\\/es\\\/#website\"},\"primaryImageOfPage\":{\"@id\":\"https:\\\/\\\/www.11onze.cat\\\/es\\\/magazine\\\/cataluna-renuncia-soberania-alimentaria\\\/#primaryimage\"},\"image\":{\"@id\":\"https:\\\/\\\/www.11onze.cat\\\/es\\\/magazine\\\/cataluna-renuncia-soberania-alimentaria\\\/#primaryimage\"},\"thumbnailUrl\":\"https:\\\/\\\/www.11onze.cat\\\/wp-content\\\/uploads\\\/2024\\\/02\\\/THUMBNAIL_sobirania_alimentaria.png\",\"datePublished\":\"2024-06-09T18:00:00+00:00\",\"dateModified\":\"2024-06-09T18:56:38+00:00\",\"description\":\"\u00bfCatalu\u00f1a renuncia a su soberan\u00eda alimentaria? En 11Onze decimos no: pong\u00e1monos junto a los campesinos.\",\"breadcrumb\":{\"@id\":\"https:\\\/\\\/www.11onze.cat\\\/es\\\/magazine\\\/cataluna-renuncia-soberania-alimentaria\\\/#breadcrumb\"},\"inLanguage\":\"es\",\"potentialAction\":[{\"@type\":\"ReadAction\",\"target\":[\"https:\\\/\\\/www.11onze.cat\\\/es\\\/magazine\\\/cataluna-renuncia-soberania-alimentaria\\\/\"]}]},{\"@type\":\"ImageObject\",\"inLanguage\":\"es\",\"@id\":\"https:\\\/\\\/www.11onze.cat\\\/es\\\/magazine\\\/cataluna-renuncia-soberania-alimentaria\\\/#primaryimage\",\"url\":\"https:\\\/\\\/www.11onze.cat\\\/wp-content\\\/uploads\\\/2024\\\/02\\\/THUMBNAIL_sobirania_alimentaria.png\",\"contentUrl\":\"https:\\\/\\\/www.11onze.cat\\\/wp-content\\\/uploads\\\/2024\\\/02\\\/THUMBNAIL_sobirania_alimentaria.png\",\"width\":1200,\"height\":800},{\"@type\":\"BreadcrumbList\",\"@id\":\"https:\\\/\\\/www.11onze.cat\\\/es\\\/magazine\\\/cataluna-renuncia-soberania-alimentaria\\\/#breadcrumb\",\"itemListElement\":[{\"@type\":\"ListItem\",\"position\":1,\"name\":\"Home\",\"item\":\"https:\\\/\\\/www.11onze.cat\\\/es\\\/\"},{\"@type\":\"ListItem\",\"position\":2,\"name\":\"\u00bfCatalu\u00f1a renuncia a la soberan\u00eda alimentaria?\"}]},{\"@type\":\"WebSite\",\"@id\":\"https:\\\/\\\/www.11onze.cat\\\/es\\\/#website\",\"url\":\"https:\\\/\\\/www.11onze.cat\\\/es\\\/\",\"name\":\"11Onze\",\"description\":\"Primera comunidad fintech digital en Catalu\u00f1a\",\"publisher\":{\"@id\":\"https:\\\/\\\/www.11onze.cat\\\/es\\\/#organization\"},\"potentialAction\":[{\"@type\":\"SearchAction\",\"target\":{\"@type\":\"EntryPoint\",\"urlTemplate\":\"https:\\\/\\\/www.11onze.cat\\\/es\\\/?s={search_term_string}\"},\"query-input\":{\"@type\":\"PropertyValueSpecification\",\"valueRequired\":true,\"valueName\":\"search_term_string\"}}],\"inLanguage\":\"es\"},{\"@type\":\"Organization\",\"@id\":\"https:\\\/\\\/www.11onze.cat\\\/es\\\/#organization\",\"name\":\"11Onze\",\"url\":\"https:\\\/\\\/www.11onze.cat\\\/es\\\/\",\"logo\":{\"@type\":\"ImageObject\",\"inLanguage\":\"es\",\"@id\":\"https:\\\/\\\/www.11onze.cat\\\/es\\\/#\\\/schema\\\/logo\\\/image\\\/\",\"url\":\"https:\\\/\\\/www.11onze.cat\\\/wp-content\\\/uploads\\\/2021\\\/04\\\/512x512-11Onze.jpg\",\"contentUrl\":\"https:\\\/\\\/www.11onze.cat\\\/wp-content\\\/uploads\\\/2021\\\/04\\\/512x512-11Onze.jpg\",\"width\":512,\"height\":512,\"caption\":\"11Onze\"},\"image\":{\"@id\":\"https:\\\/\\\/www.11onze.cat\\\/es\\\/#\\\/schema\\\/logo\\\/image\\\/\"},\"sameAs\":[\"https:\\\/\\\/www.facebook.com\\\/11OnzeComunitat\",\"https:\\\/\\\/x.com\\\/11OnzeFintech\",\"https:\\\/\\\/www.instagram.com\\\/11onzecat\\\/\",\"https:\\\/\\\/www.linkedin.com\\\/company\\\/11onzebanc\",\"https:\\\/\\\/www.youtube.com\\\/channel\\\/UCz63R8Byd_kBKtK2M4Qf_7w\"]},{\"@type\":\"Person\",\"@id\":\"https:\\\/\\\/www.11onze.cat\\\/es\\\/#\\\/schema\\\/person\\\/636d99b4c82bb7178687ecd43c3a61bd\",\"name\":\"Equip Editorial\",\"image\":{\"@type\":\"ImageObject\",\"inLanguage\":\"es\",\"@id\":\"https:\\\/\\\/www.11onze.cat\\\/wp-content\\\/uploads\\\/2022\\\/05\\\/HEADER_AGENTS_DECK-300x300.jpg\",\"url\":\"https:\\\/\\\/www.11onze.cat\\\/wp-content\\\/uploads\\\/2022\\\/05\\\/HEADER_AGENTS_DECK-300x300.jpg\",\"contentUrl\":\"https:\\\/\\\/www.11onze.cat\\\/wp-content\\\/uploads\\\/2022\\\/05\\\/HEADER_AGENTS_DECK-300x300.jpg\",\"caption\":\"Equip Editorial\"},\"url\":\"https:\\\/\\\/www.11onze.cat\\\/es\\\/magazine\\\/author\\\/equip-editorial-11onze\\\/\"}]}<\/script>\n<!-- \/ Yoast SEO plugin. -->","yoast_head_json":{"title":"\u00bfCatalu\u00f1a renuncia a la soberan\u00eda alimentaria?a -11Onze","description":"\u00bfCatalu\u00f1a renuncia a su soberan\u00eda alimentaria? En 11Onze decimos no: pong\u00e1monos junto a los campesinos.","robots":{"index":"index","follow":"follow","max-snippet":"max-snippet:-1","max-image-preview":"max-image-preview:large","max-video-preview":"max-video-preview:-1"},"canonical":"https:\/\/www.11onze.cat\/es\/magazine\/cataluna-renuncia-soberania-alimentaria\/","og_locale":"es_ES","og_type":"article","og_title":"\u00bfCatalu\u00f1a renuncia a la soberan\u00eda alimentaria?a -11Onze","og_description":"\u00bfCatalu\u00f1a renuncia a su soberan\u00eda alimentaria? En 11Onze decimos no: pong\u00e1monos junto a los campesinos.","og_url":"https:\/\/www.11onze.cat\/es\/magazine\/cataluna-renuncia-soberania-alimentaria\/","og_site_name":"11Onze","article_publisher":"https:\/\/www.facebook.com\/11OnzeComunitat","article_published_time":"2024-06-09T18:00:00+00:00","article_modified_time":"2024-06-09T18:56:38+00:00","og_image":[{"url":"https:\/\/www.11onze.cat\/wp-content\/uploads\/2024\/02\/11ONZE_SHARE0_sobirania_alimentaria-800x450.png","type":"","width":"","height":""}],"author":"Equip Editorial","twitter_card":"summary_large_image","twitter_creator":"@11OnzeFintech","twitter_site":"@11OnzeFintech","twitter_misc":{"Escrito por":"Equip Editorial","Tiempo de lectura":"1 minuto"},"schema":{"@context":"https:\/\/schema.org","@graph":[{"@type":"Article","@id":"https:\/\/www.11onze.cat\/es\/magazine\/cataluna-renuncia-soberania-alimentaria\/#article","isPartOf":{"@id":"https:\/\/www.11onze.cat\/es\/magazine\/cataluna-renuncia-soberania-alimentaria\/"},"author":{"name":"Equip Editorial","@id":"https:\/\/www.11onze.cat\/es\/#\/schema\/person\/636d99b4c82bb7178687ecd43c3a61bd"},"headline":"\u00bfCatalu\u00f1a renuncia a la soberan\u00eda alimentaria?","datePublished":"2024-06-09T18:00:00+00:00","dateModified":"2024-06-09T18:56:38+00:00","mainEntityOfPage":{"@id":"https:\/\/www.11onze.cat\/es\/magazine\/cataluna-renuncia-soberania-alimentaria\/"},"wordCount":8,"commentCount":0,"publisher":{"@id":"https:\/\/www.11onze.cat\/es\/#organization"},"image":{"@id":"https:\/\/www.11onze.cat\/es\/magazine\/cataluna-renuncia-soberania-alimentaria\/#primaryimage"},"thumbnailUrl":"https:\/\/www.11onze.cat\/wp-content\/uploads\/2024\/02\/THUMBNAIL_sobirania_alimentaria.png","keywords":["Sostenibilidad"],"articleSection":["Sin categorizar"],"inLanguage":"es","potentialAction":[{"@type":"CommentAction","name":"Comment","target":["https:\/\/www.11onze.cat\/es\/magazine\/cataluna-renuncia-soberania-alimentaria\/#respond"]}]},{"@type":"WebPage","@id":"https:\/\/www.11onze.cat\/es\/magazine\/cataluna-renuncia-soberania-alimentaria\/","url":"https:\/\/www.11onze.cat\/es\/magazine\/cataluna-renuncia-soberania-alimentaria\/","name":"\u00bfCatalu\u00f1a renuncia a la soberan\u00eda alimentaria?a -11Onze","isPartOf":{"@id":"https:\/\/www.11onze.cat\/es\/#website"},"primaryImageOfPage":{"@id":"https:\/\/www.11onze.cat\/es\/magazine\/cataluna-renuncia-soberania-alimentaria\/#primaryimage"},"image":{"@id":"https:\/\/www.11onze.cat\/es\/magazine\/cataluna-renuncia-soberania-alimentaria\/#primaryimage"},"thumbnailUrl":"https:\/\/www.11onze.cat\/wp-content\/uploads\/2024\/02\/THUMBNAIL_sobirania_alimentaria.png","datePublished":"2024-06-09T18:00:00+00:00","dateModified":"2024-06-09T18:56:38+00:00","description":"\u00bfCatalu\u00f1a renuncia a su soberan\u00eda alimentaria? En 11Onze decimos no: pong\u00e1monos junto a los campesinos.","breadcrumb":{"@id":"https:\/\/www.11onze.cat\/es\/magazine\/cataluna-renuncia-soberania-alimentaria\/#breadcrumb"},"inLanguage":"es","potentialAction":[{"@type":"ReadAction","target":["https:\/\/www.11onze.cat\/es\/magazine\/cataluna-renuncia-soberania-alimentaria\/"]}]},{"@type":"ImageObject","inLanguage":"es","@id":"https:\/\/www.11onze.cat\/es\/magazine\/cataluna-renuncia-soberania-alimentaria\/#primaryimage","url":"https:\/\/www.11onze.cat\/wp-content\/uploads\/2024\/02\/THUMBNAIL_sobirania_alimentaria.png","contentUrl":"https:\/\/www.11onze.cat\/wp-content\/uploads\/2024\/02\/THUMBNAIL_sobirania_alimentaria.png","width":1200,"height":800},{"@type":"BreadcrumbList","@id":"https:\/\/www.11onze.cat\/es\/magazine\/cataluna-renuncia-soberania-alimentaria\/#breadcrumb","itemListElement":[{"@type":"ListItem","position":1,"name":"Home","item":"https:\/\/www.11onze.cat\/es\/"},{"@type":"ListItem","position":2,"name":"\u00bfCatalu\u00f1a renuncia a la soberan\u00eda alimentaria?"}]},{"@type":"WebSite","@id":"https:\/\/www.11onze.cat\/es\/#website","url":"https:\/\/www.11onze.cat\/es\/","name":"11Onze","description":"Primera comunidad fintech digital en Catalu\u00f1a","publisher":{"@id":"https:\/\/www.11onze.cat\/es\/#organization"},"potentialAction":[{"@type":"SearchAction","target":{"@type":"EntryPoint","urlTemplate":"https:\/\/www.11onze.cat\/es\/?s={search_term_string}"},"query-input":{"@type":"PropertyValueSpecification","valueRequired":true,"valueName":"search_term_string"}}],"inLanguage":"es"},{"@type":"Organization","@id":"https:\/\/www.11onze.cat\/es\/#organization","name":"11Onze","url":"https:\/\/www.11onze.cat\/es\/","logo":{"@type":"ImageObject","inLanguage":"es","@id":"https:\/\/www.11onze.cat\/es\/#\/schema\/logo\/image\/","url":"https:\/\/www.11onze.cat\/wp-content\/uploads\/2021\/04\/512x512-11Onze.jpg","contentUrl":"https:\/\/www.11onze.cat\/wp-content\/uploads\/2021\/04\/512x512-11Onze.jpg","width":512,"height":512,"caption":"11Onze"},"image":{"@id":"https:\/\/www.11onze.cat\/es\/#\/schema\/logo\/image\/"},"sameAs":["https:\/\/www.facebook.com\/11OnzeComunitat","https:\/\/x.com\/11OnzeFintech","https:\/\/www.instagram.com\/11onzecat\/","https:\/\/www.linkedin.com\/company\/11onzebanc","https:\/\/www.youtube.com\/channel\/UCz63R8Byd_kBKtK2M4Qf_7w"]},{"@type":"Person","@id":"https:\/\/www.11onze.cat\/es\/#\/schema\/person\/636d99b4c82bb7178687ecd43c3a61bd","name":"Equip Editorial","image":{"@type":"ImageObject","inLanguage":"es","@id":"https:\/\/www.11onze.cat\/wp-content\/uploads\/2022\/05\/HEADER_AGENTS_DECK-300x300.jpg","url":"https:\/\/www.11onze.cat\/wp-content\/uploads\/2022\/05\/HEADER_AGENTS_DECK-300x300.jpg","contentUrl":"https:\/\/www.11onze.cat\/wp-content\/uploads\/2022\/05\/HEADER_AGENTS_DECK-300x300.jpg","caption":"Equip Editorial"},"url":"https:\/\/www.11onze.cat\/es\/magazine\/author\/equip-editorial-11onze\/"}]}},"_links":{"self":[{"href":"https:\/\/www.11onze.cat\/es\/wp-json\/wp\/v2\/posts\/48632","targetHints":{"allow":["GET"]}}],"collection":[{"href":"https:\/\/www.11onze.cat\/es\/wp-json\/wp\/v2\/posts"}],"about":[{"href":"https:\/\/www.11onze.cat\/es\/wp-json\/wp\/v2\/types\/post"}],"author":[{"embeddable":true,"href":"https:\/\/www.11onze.cat\/es\/wp-json\/wp\/v2\/users\/71"}],"replies":[{"embeddable":true,"href":"https:\/\/www.11onze.cat\/es\/wp-json\/wp\/v2\/comments?post=48632"}],"version-history":[{"count":0,"href":"https:\/\/www.11onze.cat\/es\/wp-json\/wp\/v2\/posts\/48632\/revisions"}],"wp:featuredmedia":[{"embeddable":true,"href":"https:\/\/www.11onze.cat\/es\/wp-json\/wp\/v2\/media\/48623"}],"wp:attachment":[{"href":"https:\/\/www.11onze.cat\/es\/wp-json\/wp\/v2\/media?parent=48632"}],"wp:term":[{"taxonomy":"category","embeddable":true,"href":"https:\/\/www.11onze.cat\/es\/wp-json\/wp\/v2\/categories?post=48632"},{"taxonomy":"post_tag","embeddable":true,"href":"https:\/\/www.11onze.cat\/es\/wp-json\/wp\/v2\/tags?post=48632"}],"curies":[{"name":"wp","href":"https:\/\/api.w.org\/{rel}","templated":true}]}}