{"id":48043,"date":"2025-11-12T05:00:00","date_gmt":"2025-11-12T04:00:00","guid":{"rendered":"https:\/\/www.11onze.cat\/?p=48043"},"modified":"2025-11-10T08:19:04","modified_gmt":"2025-11-10T07:19:04","slug":"union-europea-no-puede-comer-tanques","status":"publish","type":"post","link":"https:\/\/www.11onze.cat\/es\/magazine\/union-europea-no-puede-comer-tanques\/","title":{"rendered":"La Uni\u00f3n Europea no puede comer tanques"},"content":{"rendered":"<div class=\"component text\">\n  <div class=\"container\">\n\n\n    <div class=\"row\">\n      <div class=\"col  col-lg-8  offset-lg-2\">\n        <h3><b>Los agricultores europeos est\u00e1n en pie de guerra. El aumento de costes, la supresi\u00f3n de subsidios, las nuevas medidas medioambientales y los recortes para financiar la guerra en Ucrania, estrangulan a un sector esencial para la soberan\u00eda alimentaria del continente que se ha convertido en la cabeza de turco de los eur\u00f3cratas.<\/b><\/h3>\n<p>&nbsp;<\/p>\n<p><span style=\"font-weight: 400;\">Despu\u00e9s de ver las im\u00e1genes de media Alemania bloqueada por la avalancha de tractores dirigi\u00e9ndose hacia la puerta de Brandeburgo, alguien podr\u00eda pensar que quien siembra vientos, recoge tempestades. Y es que<\/span><b> la clase pol\u00edtica europea hace tiempo que fomenta la discordia contra el sector agrario<\/b><span style=\"font-weight: 400;\"> y solo era una cuesti\u00f3n de tiempo que un d\u00eda u otro pagara las consecuencias.<\/span><\/p>\n<p><span style=\"font-weight: 400;\">Estas protestas<\/span><b> son las \u00faltimas de una serie de manifestaciones de agricultores que se han producido en todo Europa<\/b><span style=\"font-weight: 400;\">. Anteriormente, se han podido ver manifestaciones similares en los Pa\u00edses Bajos, B\u00e9lgica, Francia, Espa\u00f1a y otros estados europeos, donde los agricultores tambi\u00e9n han salido a la calle para expresar su malestar por los efectos de las reformas medioambientales previstas y los elevados costes de producci\u00f3n.<\/span><\/p>\n<p>&nbsp;<\/p>\n<h3><b>El casus belli de la revuelta agraria alemana<\/b><\/h3>\n<p><span style=\"font-weight: 400;\">Aunque es tentador agrupar todas las manifestaciones bajo un denominador com\u00fan, estas se han desencadenado principalmente por situaciones nacionales espec\u00edficas. <\/span><b>El sector agrario alem\u00e1n se opone a los recortes propuestos en las subvenciones a los combustibles utilizados en la agricultura. <\/b><span style=\"font-weight: 400;\">Una pol\u00edtica de austeridad que el Gobierno alem\u00e1n argumenta que se hizo necesaria despu\u00e9s de que un veredicto del Tribunal Constitucional prohibiera a la coalici\u00f3n de gobierno el traspaso de 60.000 millones de euros de cr\u00e9dito para paliar los efectos de la pandemia en la lucha contra el cambio clim\u00e1tico.<\/span><\/p>\n<p><span style=\"font-weight: 400;\">Con los recortes se quer\u00edan eliminar las ventajas fiscales existentes para el di\u00e9sel y la exenci\u00f3n del impuesto de circulaci\u00f3n para los veh\u00edculos agr\u00edcolas y forestales. Esto <\/span><b>habr\u00eda permitido en el Gobierno federal registrar casi 1.000 millones de euros en ingresos adicionales<\/b><span style=\"font-weight: 400;\"> a restar del montante oficial que tiene que ahorrar durante el ejercicio del 2024 -pendiente todav\u00eda de aprobaci\u00f3n parlamentaria- de unos 17.000 millones de euros sobre un presupuesto de 450.000 millones.<\/span><\/p>\n<p><span style=\"font-weight: 400;\">Esto pasa en el contexto de la guerra en Ucrania y las sanciones a Rusia. Un conflicto b\u00e9lico instigado y perpetuado por los Estados Unidos y sus estados clientelares en Europa, que ha sido devastador para la econom\u00eda y el sector industrial alem\u00e1n. Aun as\u00ed, <\/span><b>Berl\u00edn se ha comprometido aportar m\u00e1s de 17.100 millones de euros en ayuda militar a Ucrania<\/b><span style=\"font-weight: 400;\"> desde el 24 de enero de 2022, la misma cantidad que tendr\u00eda que ahorrar con recortes durante el 2024.<\/span><\/p>\n<p><span style=\"font-weight: 400;\">Pero est\u00e1 claro, estos miles de millones de euros en \u00abayuda\u00bb militar se reciclan hacia <\/span><b>la industria armament\u00edstica alemana que, como la de los Estados Unidos, est\u00e1 haciendo el agosto con esta guerra<\/b><span style=\"font-weight: 400;\">, cortes\u00eda de los contribuyentes y campesinos que sufren los recortes porque no hay dinero y de los ucranianos que sirven de carne de ca\u00f1\u00f3n de los intereses corporativos que hay detr\u00e1s de estos conflictos. Como no se cansa de repetir el presidente Biden para evitar que se cierre el grifo, el dinero que se destina a \u201cUcrania\u201d es una buena inversi\u00f3n.<\/span><\/p>\n<p>&nbsp;<\/p>\n<h3><b>Objetivos clim\u00e1ticos vs. soberan\u00eda alimentaria<\/b><\/h3>\n<p><span style=\"font-weight: 400;\">A pesar de que se han <\/span><a href=\"https:\/\/ec.europa.eu\/eurostat\/web\/products-eurostat-news\/-\/ddn-20230403-2\"><span style=\"font-weight: 400;\">perdido<\/span><\/a><span style=\"font-weight: 400;\"> m\u00e1s de 5 millones de explotaciones agrarias desde el 2005, un descenso del 37%, Europa es en general autosuficiente en la mayor\u00eda de alimentos. No obstante, <\/span><b>las ayudas a los agricultores que proporciona la Pol\u00edtica Agr\u00edcola Com\u00fan son esenciales al asegurar la continuidad de granjas y cultivos en la UE<\/b><span style=\"font-weight: 400;\">. Especialmente, desde el incremento de costes causado por la crisis sanitaria, el embudo log\u00edstico y la guerra en Ucrania.<\/span><\/p>\n<p><span style=\"font-weight: 400;\">Los eur\u00f3cratas de Bruselas ven con nerviosismo la revuelta agraria en el continente. La Uni\u00f3n Europea se ha fijado el objetivo global de conseguir emisiones cero en 2050 y a sus funcionarios<\/span><b> les preocupa el retroceso que esta avalancha de protestas puede provocar en los ambiciosos objetivos clim\u00e1ticos<\/b><span style=\"font-weight: 400;\"> plasmados por la Comisi\u00f3n Europea.<\/span><\/p>\n<p><span style=\"font-weight: 400;\">Seg\u00fan Greenpeace, el sistema actual, que <\/span><b>empuja a los agricultores a gestionar grandes explotaciones intensivamente industrializadas<\/b><span style=\"font-weight: 400;\">, est\u00e1 roto y protestar para que las cosas sigan igual no servir\u00e1 de nada. En cualquier caso, la situaci\u00f3n de abandono pol\u00edtico en que se encuentra el mundo rural es claramente insostenible y la transici\u00f3n hacia un modelo m\u00e1s sostenible tiene que garantizar mucho m\u00e1s que la mera supervivencia del sector.<\/span><\/p>\n<p>&nbsp;<\/p>\n<p><b>11Onze es la fintech comunitaria de Catalu\u00f1a. Abre una cuenta descargando la app El Canut para <\/b><a href=\"https:\/\/play.google.com\/store\/apps\/details?id=com.e11onze.app&amp;utm_source=emailing&amp;utm_campaign=CANUT+launch\"><b>Android<\/b><\/a><b> o <\/b><a href=\"https:\/\/apps.apple.com\/us\/app\/11onze\/id1566129237?utm_campaign=El+Canut\"><b>iOS<\/b><\/a><b>. \u00a1\u00danete a la revoluci\u00f3n!<\/b><\/p>\n\n      <\/div>\n    <\/div>\n  <\/div>\n<\/div>\n\n\n<div class=\"component cards\">\n  <div class=\"container\">\n    <div class=\"row\">\n      <div class=\"col col-xl-8 offset-xl-2\">\n        <h1>Si te ha gustado esta noticia, te recomendamos:<\/h1>\n        <div class=\"cards__wrapper\">\n          <div class=\"card\">\n            <a href=\"https:\/\/www.11onze.cat\/es\/magazine\/cooperativas-agrarias-pilar-mundo-rural\/\" class=\"card-link\" target=\"_self\"><\/a>\n            <div class=\"card-img\">\n              <img decoding=\"async\" src=\"https:\/\/www.11onze.cat\/wp-content\/uploads\/2021\/11\/VISUALS_PODCAST_PERSONES_THUMBNAIL_PSN-2-800x538.jpg\" class=\"card-img-top\" alt=\"\">\n                <span class=\"card-category\">Sostenibilidad<\/span>\n            <\/div>\n            <div class=\"card-body\">\n              <p class=\"card-title p2\"><strong>Cooperativas agrarias, el pilar del mundo rural<\/strong><\/p>\n              <span class=\"card-time\">4min lectura<\/span>\n              <p class=\"card-text small\">El presidente de la Federaci\u00f3 de Cooperatives Agr\u00e0ries de&#8230;<\/p>\n            <\/div>\n          <\/div>\n\n\n          <div class=\"card\">\n            <a href=\"https:\/\/www.11onze.cat\/es\/magazine\/sanciones-perjudican-enormemente-europa\/\" class=\"card-link\" target=\"_self\"><\/a>\n            <div class=\"card-img\">\n              <img decoding=\"async\" src=\"https:\/\/www.11onze.cat\/wp-content\/uploads\/2022\/05\/THUMBNAIL_ESTAT_NACIO_64.jpg\" class=\"card-img-top\" alt=\"\">\n                <span class=\"card-category\">11Onze<\/span>\n            <\/div>\n            <div class=\"card-body\">\n              <p class=\"card-title p2\"><strong>\u201cLas sanciones perjudican enormemente a Europa\u201d<\/strong><\/p>\n              <span class=\"card-time\">3min lectura<\/span>\n              <p class=\"card-text small\">Las consecuencias negativas del tira y afloja geopol\u00edtico&#8230;<\/p>\n            <\/div>\n          <\/div>\n\n\n          <div class=\"card\">\n            <a href=\"https:\/\/www.11onze.cat\/es\/magazine\/necesitamos-desastres-cambiar\/\" class=\"card-link\" target=\"_self\"><\/a>\n            <div class=\"card-img\">\n              <img decoding=\"async\" src=\"https:\/\/www.11onze.cat\/wp-content\/uploads\/2021\/09\/THUMBNAIL_CALEN_DESASTRES_CANVIAR-800x534.jpg\" class=\"card-img-top\" alt=\"\">\n                <span class=\"card-category\">Sostenibilidad<\/span>\n            <\/div>\n            <div class=\"card-body\">\n              <p class=\"card-title p2\"><strong>\u00bfNecesitamos desastres para cambiar?<\/strong><\/p>\n              <span class=\"card-time\">4min lectura<\/span>\n              <p class=\"card-text small\">Ante desastres naturales (o pand\u00e9micos) la sociedad&#8230;<\/p>\n            <\/div>\n          <\/div>\n\n              <\/div>\n              <br>\n              <br>\n              <div class=\"cards__wrapper\">\n\n        <\/div>\n      <\/div>\n    <\/div>\n  <\/div>\n<\/div>","protected":false},"excerpt":{"rendered":"","protected":false},"author":71,"featured_media":48031,"comment_status":"open","ping_status":"closed","sticky":false,"template":"","format":"standard","meta":{"_acf_changed":false,"content-type":"","footnotes":""},"categories":[28],"tags":[171],"class_list":["post-48043","post","type-post","status-publish","format-standard","has-post-thumbnail","hentry","category-sin-categorizar","tag-sostenibilidad"],"acf":[],"yoast_head":"<!-- This site is optimized with the Yoast SEO plugin v27.5 - https:\/\/yoast.com\/product\/yoast-seo-wordpress\/ -->\n<title>La Uni\u00f3n Europea no puede comer tanques -11Onze<\/title>\n<meta name=\"description\" content=\"Los campesinos europeos est\u00e1n en pie de guerra. \u00bfCu\u00e1les son las quejas del sector agrario?\" \/>\n<meta name=\"robots\" content=\"index, follow, max-snippet:-1, max-image-preview:large, max-video-preview:-1\" \/>\n<link rel=\"canonical\" href=\"https:\/\/www.11onze.cat\/es\/magazine\/union-europea-no-puede-comer-tanques\/\" \/>\n<meta property=\"og:locale\" content=\"es_ES\" \/>\n<meta property=\"og:type\" content=\"article\" \/>\n<meta property=\"og:title\" content=\"La Uni\u00f3n Europea no puede comer tanques -11Onze\" \/>\n<meta property=\"og:description\" content=\"Los campesinos europeos est\u00e1n en pie de guerra. \u00bfCu\u00e1les son las quejas del sector agrario?\" \/>\n<meta property=\"og:url\" content=\"https:\/\/www.11onze.cat\/es\/magazine\/union-europea-no-puede-comer-tanques\/\" \/>\n<meta property=\"og:site_name\" content=\"11Onze\" \/>\n<meta property=\"article:publisher\" content=\"https:\/\/www.facebook.com\/11OnzeComunitat\" \/>\n<meta property=\"article:published_time\" content=\"2025-11-12T04:00:00+00:00\" \/>\n<meta property=\"og:image\" content=\"https:\/\/www.11onze.cat\/wp-content\/uploads\/2024\/01\/11ONZE_SHARE0_Revolta-agraria-800x450.png\" \/>\n<meta name=\"author\" content=\"Equip Editorial\" \/>\n<meta name=\"twitter:card\" content=\"summary_large_image\" \/>\n<meta name=\"twitter:creator\" content=\"@11OnzeFintech\" \/>\n<meta name=\"twitter:site\" content=\"@11OnzeFintech\" \/>\n<meta name=\"twitter:label1\" content=\"Escrito por\" \/>\n\t<meta name=\"twitter:data1\" content=\"Equip Editorial\" \/>\n\t<meta name=\"twitter:label2\" content=\"Tiempo de lectura\" \/>\n\t<meta name=\"twitter:data2\" content=\"1 minuto\" \/>\n<script type=\"application\/ld+json\" class=\"yoast-schema-graph\">{\"@context\":\"https:\\\/\\\/schema.org\",\"@graph\":[{\"@type\":\"Article\",\"@id\":\"https:\\\/\\\/www.11onze.cat\\\/es\\\/magazine\\\/union-europea-no-puede-comer-tanques\\\/#article\",\"isPartOf\":{\"@id\":\"https:\\\/\\\/www.11onze.cat\\\/es\\\/magazine\\\/union-europea-no-puede-comer-tanques\\\/\"},\"author\":{\"name\":\"Equip Editorial\",\"@id\":\"https:\\\/\\\/www.11onze.cat\\\/es\\\/#\\\/schema\\\/person\\\/636d99b4c82bb7178687ecd43c3a61bd\"},\"headline\":\"La Uni\u00f3n Europea no puede comer tanques\",\"datePublished\":\"2025-11-12T04:00:00+00:00\",\"mainEntityOfPage\":{\"@id\":\"https:\\\/\\\/www.11onze.cat\\\/es\\\/magazine\\\/union-europea-no-puede-comer-tanques\\\/\"},\"wordCount\":8,\"commentCount\":0,\"publisher\":{\"@id\":\"https:\\\/\\\/www.11onze.cat\\\/es\\\/#organization\"},\"image\":{\"@id\":\"https:\\\/\\\/www.11onze.cat\\\/es\\\/magazine\\\/union-europea-no-puede-comer-tanques\\\/#primaryimage\"},\"thumbnailUrl\":\"https:\\\/\\\/www.11onze.cat\\\/wp-content\\\/uploads\\\/2024\\\/01\\\/THUMBNAIL_Revolta-agraria.png\",\"keywords\":[\"Sostenibilidad\"],\"articleSection\":[\"Sin categorizar\"],\"inLanguage\":\"es\",\"potentialAction\":[{\"@type\":\"CommentAction\",\"name\":\"Comment\",\"target\":[\"https:\\\/\\\/www.11onze.cat\\\/es\\\/magazine\\\/union-europea-no-puede-comer-tanques\\\/#respond\"]}]},{\"@type\":\"WebPage\",\"@id\":\"https:\\\/\\\/www.11onze.cat\\\/es\\\/magazine\\\/union-europea-no-puede-comer-tanques\\\/\",\"url\":\"https:\\\/\\\/www.11onze.cat\\\/es\\\/magazine\\\/union-europea-no-puede-comer-tanques\\\/\",\"name\":\"La Uni\u00f3n Europea no puede comer tanques -11Onze\",\"isPartOf\":{\"@id\":\"https:\\\/\\\/www.11onze.cat\\\/es\\\/#website\"},\"primaryImageOfPage\":{\"@id\":\"https:\\\/\\\/www.11onze.cat\\\/es\\\/magazine\\\/union-europea-no-puede-comer-tanques\\\/#primaryimage\"},\"image\":{\"@id\":\"https:\\\/\\\/www.11onze.cat\\\/es\\\/magazine\\\/union-europea-no-puede-comer-tanques\\\/#primaryimage\"},\"thumbnailUrl\":\"https:\\\/\\\/www.11onze.cat\\\/wp-content\\\/uploads\\\/2024\\\/01\\\/THUMBNAIL_Revolta-agraria.png\",\"datePublished\":\"2025-11-12T04:00:00+00:00\",\"description\":\"Los campesinos europeos est\u00e1n en pie de guerra. \u00bfCu\u00e1les son las quejas del sector agrario?\",\"breadcrumb\":{\"@id\":\"https:\\\/\\\/www.11onze.cat\\\/es\\\/magazine\\\/union-europea-no-puede-comer-tanques\\\/#breadcrumb\"},\"inLanguage\":\"es\",\"potentialAction\":[{\"@type\":\"ReadAction\",\"target\":[\"https:\\\/\\\/www.11onze.cat\\\/es\\\/magazine\\\/union-europea-no-puede-comer-tanques\\\/\"]}]},{\"@type\":\"ImageObject\",\"inLanguage\":\"es\",\"@id\":\"https:\\\/\\\/www.11onze.cat\\\/es\\\/magazine\\\/union-europea-no-puede-comer-tanques\\\/#primaryimage\",\"url\":\"https:\\\/\\\/www.11onze.cat\\\/wp-content\\\/uploads\\\/2024\\\/01\\\/THUMBNAIL_Revolta-agraria.png\",\"contentUrl\":\"https:\\\/\\\/www.11onze.cat\\\/wp-content\\\/uploads\\\/2024\\\/01\\\/THUMBNAIL_Revolta-agraria.png\",\"width\":1200,\"height\":800},{\"@type\":\"BreadcrumbList\",\"@id\":\"https:\\\/\\\/www.11onze.cat\\\/es\\\/magazine\\\/union-europea-no-puede-comer-tanques\\\/#breadcrumb\",\"itemListElement\":[{\"@type\":\"ListItem\",\"position\":1,\"name\":\"Home\",\"item\":\"https:\\\/\\\/www.11onze.cat\\\/es\\\/\"},{\"@type\":\"ListItem\",\"position\":2,\"name\":\"La Uni\u00f3n Europea no puede comer tanques\"}]},{\"@type\":\"WebSite\",\"@id\":\"https:\\\/\\\/www.11onze.cat\\\/es\\\/#website\",\"url\":\"https:\\\/\\\/www.11onze.cat\\\/es\\\/\",\"name\":\"11Onze\",\"description\":\"Primera comunidad fintech digital en Catalu\u00f1a\",\"publisher\":{\"@id\":\"https:\\\/\\\/www.11onze.cat\\\/es\\\/#organization\"},\"potentialAction\":[{\"@type\":\"SearchAction\",\"target\":{\"@type\":\"EntryPoint\",\"urlTemplate\":\"https:\\\/\\\/www.11onze.cat\\\/es\\\/?s={search_term_string}\"},\"query-input\":{\"@type\":\"PropertyValueSpecification\",\"valueRequired\":true,\"valueName\":\"search_term_string\"}}],\"inLanguage\":\"es\"},{\"@type\":\"Organization\",\"@id\":\"https:\\\/\\\/www.11onze.cat\\\/es\\\/#organization\",\"name\":\"11Onze\",\"url\":\"https:\\\/\\\/www.11onze.cat\\\/es\\\/\",\"logo\":{\"@type\":\"ImageObject\",\"inLanguage\":\"es\",\"@id\":\"https:\\\/\\\/www.11onze.cat\\\/es\\\/#\\\/schema\\\/logo\\\/image\\\/\",\"url\":\"https:\\\/\\\/www.11onze.cat\\\/wp-content\\\/uploads\\\/2021\\\/04\\\/512x512-11Onze.jpg\",\"contentUrl\":\"https:\\\/\\\/www.11onze.cat\\\/wp-content\\\/uploads\\\/2021\\\/04\\\/512x512-11Onze.jpg\",\"width\":512,\"height\":512,\"caption\":\"11Onze\"},\"image\":{\"@id\":\"https:\\\/\\\/www.11onze.cat\\\/es\\\/#\\\/schema\\\/logo\\\/image\\\/\"},\"sameAs\":[\"https:\\\/\\\/www.facebook.com\\\/11OnzeComunitat\",\"https:\\\/\\\/x.com\\\/11OnzeFintech\",\"https:\\\/\\\/www.instagram.com\\\/11onzecat\\\/\",\"https:\\\/\\\/www.linkedin.com\\\/company\\\/11onzebanc\",\"https:\\\/\\\/www.youtube.com\\\/channel\\\/UCz63R8Byd_kBKtK2M4Qf_7w\"]},{\"@type\":\"Person\",\"@id\":\"https:\\\/\\\/www.11onze.cat\\\/es\\\/#\\\/schema\\\/person\\\/636d99b4c82bb7178687ecd43c3a61bd\",\"name\":\"Equip Editorial\",\"image\":{\"@type\":\"ImageObject\",\"inLanguage\":\"es\",\"@id\":\"https:\\\/\\\/www.11onze.cat\\\/wp-content\\\/uploads\\\/2022\\\/05\\\/HEADER_AGENTS_DECK-300x300.jpg\",\"url\":\"https:\\\/\\\/www.11onze.cat\\\/wp-content\\\/uploads\\\/2022\\\/05\\\/HEADER_AGENTS_DECK-300x300.jpg\",\"contentUrl\":\"https:\\\/\\\/www.11onze.cat\\\/wp-content\\\/uploads\\\/2022\\\/05\\\/HEADER_AGENTS_DECK-300x300.jpg\",\"caption\":\"Equip Editorial\"},\"url\":\"https:\\\/\\\/www.11onze.cat\\\/es\\\/magazine\\\/author\\\/equip-editorial-11onze\\\/\"}]}<\/script>\n<!-- \/ Yoast SEO plugin. -->","yoast_head_json":{"title":"La Uni\u00f3n Europea no puede comer tanques -11Onze","description":"Los campesinos europeos est\u00e1n en pie de guerra. \u00bfCu\u00e1les son las quejas del sector agrario?","robots":{"index":"index","follow":"follow","max-snippet":"max-snippet:-1","max-image-preview":"max-image-preview:large","max-video-preview":"max-video-preview:-1"},"canonical":"https:\/\/www.11onze.cat\/es\/magazine\/union-europea-no-puede-comer-tanques\/","og_locale":"es_ES","og_type":"article","og_title":"La Uni\u00f3n Europea no puede comer tanques -11Onze","og_description":"Los campesinos europeos est\u00e1n en pie de guerra. \u00bfCu\u00e1les son las quejas del sector agrario?","og_url":"https:\/\/www.11onze.cat\/es\/magazine\/union-europea-no-puede-comer-tanques\/","og_site_name":"11Onze","article_publisher":"https:\/\/www.facebook.com\/11OnzeComunitat","article_published_time":"2025-11-12T04:00:00+00:00","og_image":[{"url":"https:\/\/www.11onze.cat\/wp-content\/uploads\/2024\/01\/11ONZE_SHARE0_Revolta-agraria-800x450.png","type":"","width":"","height":""}],"author":"Equip Editorial","twitter_card":"summary_large_image","twitter_creator":"@11OnzeFintech","twitter_site":"@11OnzeFintech","twitter_misc":{"Escrito por":"Equip Editorial","Tiempo de lectura":"1 minuto"},"schema":{"@context":"https:\/\/schema.org","@graph":[{"@type":"Article","@id":"https:\/\/www.11onze.cat\/es\/magazine\/union-europea-no-puede-comer-tanques\/#article","isPartOf":{"@id":"https:\/\/www.11onze.cat\/es\/magazine\/union-europea-no-puede-comer-tanques\/"},"author":{"name":"Equip Editorial","@id":"https:\/\/www.11onze.cat\/es\/#\/schema\/person\/636d99b4c82bb7178687ecd43c3a61bd"},"headline":"La Uni\u00f3n Europea no puede comer tanques","datePublished":"2025-11-12T04:00:00+00:00","mainEntityOfPage":{"@id":"https:\/\/www.11onze.cat\/es\/magazine\/union-europea-no-puede-comer-tanques\/"},"wordCount":8,"commentCount":0,"publisher":{"@id":"https:\/\/www.11onze.cat\/es\/#organization"},"image":{"@id":"https:\/\/www.11onze.cat\/es\/magazine\/union-europea-no-puede-comer-tanques\/#primaryimage"},"thumbnailUrl":"https:\/\/www.11onze.cat\/wp-content\/uploads\/2024\/01\/THUMBNAIL_Revolta-agraria.png","keywords":["Sostenibilidad"],"articleSection":["Sin categorizar"],"inLanguage":"es","potentialAction":[{"@type":"CommentAction","name":"Comment","target":["https:\/\/www.11onze.cat\/es\/magazine\/union-europea-no-puede-comer-tanques\/#respond"]}]},{"@type":"WebPage","@id":"https:\/\/www.11onze.cat\/es\/magazine\/union-europea-no-puede-comer-tanques\/","url":"https:\/\/www.11onze.cat\/es\/magazine\/union-europea-no-puede-comer-tanques\/","name":"La Uni\u00f3n Europea no puede comer tanques -11Onze","isPartOf":{"@id":"https:\/\/www.11onze.cat\/es\/#website"},"primaryImageOfPage":{"@id":"https:\/\/www.11onze.cat\/es\/magazine\/union-europea-no-puede-comer-tanques\/#primaryimage"},"image":{"@id":"https:\/\/www.11onze.cat\/es\/magazine\/union-europea-no-puede-comer-tanques\/#primaryimage"},"thumbnailUrl":"https:\/\/www.11onze.cat\/wp-content\/uploads\/2024\/01\/THUMBNAIL_Revolta-agraria.png","datePublished":"2025-11-12T04:00:00+00:00","description":"Los campesinos europeos est\u00e1n en pie de guerra. \u00bfCu\u00e1les son las quejas del sector agrario?","breadcrumb":{"@id":"https:\/\/www.11onze.cat\/es\/magazine\/union-europea-no-puede-comer-tanques\/#breadcrumb"},"inLanguage":"es","potentialAction":[{"@type":"ReadAction","target":["https:\/\/www.11onze.cat\/es\/magazine\/union-europea-no-puede-comer-tanques\/"]}]},{"@type":"ImageObject","inLanguage":"es","@id":"https:\/\/www.11onze.cat\/es\/magazine\/union-europea-no-puede-comer-tanques\/#primaryimage","url":"https:\/\/www.11onze.cat\/wp-content\/uploads\/2024\/01\/THUMBNAIL_Revolta-agraria.png","contentUrl":"https:\/\/www.11onze.cat\/wp-content\/uploads\/2024\/01\/THUMBNAIL_Revolta-agraria.png","width":1200,"height":800},{"@type":"BreadcrumbList","@id":"https:\/\/www.11onze.cat\/es\/magazine\/union-europea-no-puede-comer-tanques\/#breadcrumb","itemListElement":[{"@type":"ListItem","position":1,"name":"Home","item":"https:\/\/www.11onze.cat\/es\/"},{"@type":"ListItem","position":2,"name":"La Uni\u00f3n Europea no puede comer tanques"}]},{"@type":"WebSite","@id":"https:\/\/www.11onze.cat\/es\/#website","url":"https:\/\/www.11onze.cat\/es\/","name":"11Onze","description":"Primera comunidad fintech digital en Catalu\u00f1a","publisher":{"@id":"https:\/\/www.11onze.cat\/es\/#organization"},"potentialAction":[{"@type":"SearchAction","target":{"@type":"EntryPoint","urlTemplate":"https:\/\/www.11onze.cat\/es\/?s={search_term_string}"},"query-input":{"@type":"PropertyValueSpecification","valueRequired":true,"valueName":"search_term_string"}}],"inLanguage":"es"},{"@type":"Organization","@id":"https:\/\/www.11onze.cat\/es\/#organization","name":"11Onze","url":"https:\/\/www.11onze.cat\/es\/","logo":{"@type":"ImageObject","inLanguage":"es","@id":"https:\/\/www.11onze.cat\/es\/#\/schema\/logo\/image\/","url":"https:\/\/www.11onze.cat\/wp-content\/uploads\/2021\/04\/512x512-11Onze.jpg","contentUrl":"https:\/\/www.11onze.cat\/wp-content\/uploads\/2021\/04\/512x512-11Onze.jpg","width":512,"height":512,"caption":"11Onze"},"image":{"@id":"https:\/\/www.11onze.cat\/es\/#\/schema\/logo\/image\/"},"sameAs":["https:\/\/www.facebook.com\/11OnzeComunitat","https:\/\/x.com\/11OnzeFintech","https:\/\/www.instagram.com\/11onzecat\/","https:\/\/www.linkedin.com\/company\/11onzebanc","https:\/\/www.youtube.com\/channel\/UCz63R8Byd_kBKtK2M4Qf_7w"]},{"@type":"Person","@id":"https:\/\/www.11onze.cat\/es\/#\/schema\/person\/636d99b4c82bb7178687ecd43c3a61bd","name":"Equip Editorial","image":{"@type":"ImageObject","inLanguage":"es","@id":"https:\/\/www.11onze.cat\/wp-content\/uploads\/2022\/05\/HEADER_AGENTS_DECK-300x300.jpg","url":"https:\/\/www.11onze.cat\/wp-content\/uploads\/2022\/05\/HEADER_AGENTS_DECK-300x300.jpg","contentUrl":"https:\/\/www.11onze.cat\/wp-content\/uploads\/2022\/05\/HEADER_AGENTS_DECK-300x300.jpg","caption":"Equip Editorial"},"url":"https:\/\/www.11onze.cat\/es\/magazine\/author\/equip-editorial-11onze\/"}]}},"_links":{"self":[{"href":"https:\/\/www.11onze.cat\/es\/wp-json\/wp\/v2\/posts\/48043","targetHints":{"allow":["GET"]}}],"collection":[{"href":"https:\/\/www.11onze.cat\/es\/wp-json\/wp\/v2\/posts"}],"about":[{"href":"https:\/\/www.11onze.cat\/es\/wp-json\/wp\/v2\/types\/post"}],"author":[{"embeddable":true,"href":"https:\/\/www.11onze.cat\/es\/wp-json\/wp\/v2\/users\/71"}],"replies":[{"embeddable":true,"href":"https:\/\/www.11onze.cat\/es\/wp-json\/wp\/v2\/comments?post=48043"}],"version-history":[{"count":0,"href":"https:\/\/www.11onze.cat\/es\/wp-json\/wp\/v2\/posts\/48043\/revisions"}],"wp:featuredmedia":[{"embeddable":true,"href":"https:\/\/www.11onze.cat\/es\/wp-json\/wp\/v2\/media\/48031"}],"wp:attachment":[{"href":"https:\/\/www.11onze.cat\/es\/wp-json\/wp\/v2\/media?parent=48043"}],"wp:term":[{"taxonomy":"category","embeddable":true,"href":"https:\/\/www.11onze.cat\/es\/wp-json\/wp\/v2\/categories?post=48043"},{"taxonomy":"post_tag","embeddable":true,"href":"https:\/\/www.11onze.cat\/es\/wp-json\/wp\/v2\/tags?post=48043"}],"curies":[{"name":"wp","href":"https:\/\/api.w.org\/{rel}","templated":true}]}}