{"id":45477,"date":"2024-02-26T09:00:00","date_gmt":"2024-02-26T08:00:00","guid":{"rendered":"https:\/\/www.11onze.cat\/magazine\/dret-educacio-infants-refugiats-tenen\/"},"modified":"2024-02-26T09:01:53","modified_gmt":"2024-02-26T08:01:53","slug":"derecho-educacion-ninos-refugiados","status":"publish","type":"post","link":"https:\/\/www.11onze.cat\/es\/magazine\/derecho-educacion-ninos-refugiados\/","title":{"rendered":"Derecho a la educaci\u00f3n de los ni\u00f1os refugiados"},"content":{"rendered":"<div class=\"component text\">\n  <div class=\"container\">\n\n\n    <div class=\"row\">\n      <div class=\"col  col-lg-8  offset-lg-2\">\n        <h3><b>El 50% de los ni\u00f1os refugiados no pueden hacer la primaria y el 22% de los j\u00f3venes no pueden hacer la secundaria, seg\u00fan datos de <\/b><a href=\"https:\/\/www.unhcr.org\/starting-out-why-education-refugees-matters\"><b>ACNUR<\/b><\/a><b>. Se vulnera, por lo tanto, uno de los derechos m\u00e1s importantes de la infancia, el de la educaci\u00f3n. <\/b><a href=\"https:\/\/www.11onze.cat\/es\/11onze-se-remanga\/\"><b>11Onze se Remanga<\/b><\/a><b> colabora con Better Shelter para construir Escuelas Refugio para los ni\u00f1os y ni\u00f1as del norte de Siria afectados por los terremotos del \u00faltimo mes de febrero.<\/b><\/h3>\n<p>&nbsp;<\/p>\n<p><span style=\"font-weight: 400;\">Siria lleva m\u00e1s de 12 a\u00f1os de crisis, encadenando una guerra con unos terremotos devastadores. Todo ello ha provocado que haya unos <strong>7 millones de personas desplazadas internamente<\/strong>. Uno de los colectivos m\u00e1s vulnerables son los ni\u00f1os y ni\u00f1as que, no solo han perdido la casa o la familia, sino tambi\u00e9n la posibilidad de seguir siendo criaturas y formarse.<\/span><\/p>\n<p>&nbsp;<\/p>\n<h3><b>El papel de la educaci\u00f3n<\/b><\/h3>\n<p><span style=\"font-weight: 400;\">Un informe de la <\/span><a href=\"https:\/\/gem-report-2016.unesco.org\/en\/gem-report-2016\/\"><span style=\"font-weight: 400;\">UNESCO<\/span><\/a><span style=\"font-weight: 400;\"> poner de relevo el <strong>papel clave de la educaci\u00f3n para crear un futuro mejor para todo el mundo<\/strong>. Y es que, cuando hay bajos niveles de acceso a la educaci\u00f3n y altos niveles de desigualdad en la educaci\u00f3n, aumenta el riesgo de violencia y conflicto. Todo ello es un pez que se muerde la cola. Observadas durante 21 a\u00f1os, las zonas con tasas de educaci\u00f3n muy bajas ten\u00edan un 50% m\u00e1s de probabilidades de experimentar conflictos.<\/span><\/p>\n<p>&nbsp;<\/p>\n<h3><b>Qu\u00e9 alumnos hay en las aulas<\/b><\/h3>\n<p><a href=\"https:\/\/www.unhcr.org\/starting-out-why-education-refugees-matters\"><span style=\"font-weight: 400;\">ACNUR<\/span><\/a><span style=\"font-weight: 400;\"> calcula que, cuando hay una cat\u00e1strofe, <strong>los alumnos refugiados acaban perdiendo una media de entre 3 y 4 cursos lectivos<\/strong>. Adem\u00e1s, evidentemente, no son clases normales. Se pueden encontrar ni\u00f1os que han perdido la familia, que han sufrido abusos, que han perdido sus casas y que pueden sufrir discapacidades.<\/span><\/p>\n<p><span style=\"font-weight: 400;\">Todo y las dificultades, estas aulas pueden transformar a los ni\u00f1os. Pueden aprender a leer, a escribir y matem\u00e1ticas. Si les va bien, seguir\u00e1n con materias espec\u00edficas como ciencias, geograf\u00eda e historia. Pero, adem\u00e1s, tambi\u00e9n aprender\u00e1n atenci\u00f3n m\u00e9dica, b\u00e1sica e higiene. <strong>Estudiar\u00e1n los derechos humanos y como y de qui\u00e9n obtener ayuda<\/strong>. Se les prepara, por lo tanto, para un mundo duro que, de muy peque\u00f1os, ya les ha dado fuertes varapalos.<\/span><\/p>\n<p><span style=\"font-weight: 400;\">Pero la funci\u00f3n de los maestros no es solo educar los ni\u00f1os, sino tenerlos en un espacio seguro. Esto es lo que son, tambi\u00e9n, las Escuelas Refugio que <strong>11Onze se Remanga impulsa con Better Shelter<\/strong>: lugares donde no te puede pasar nada malo.<\/span><\/p>\n<p>&nbsp;<\/p>\n<h3><b>\u00bfC\u00f3mo son las Escuelas Refugio de Better Shelter?<\/b><\/h3>\n<p><iframe loading=\"lazy\" title=\"Ruba in Syria goes to school in a Better Shelter RHU\" width=\"500\" height=\"281\" src=\"https:\/\/www.youtube.com\/embed\/GzsJn5ebGcY?feature=oembed\" frameborder=\"0\" allow=\"accelerometer; autoplay; clipboard-write; encrypted-media; gyroscope; picture-in-picture; web-share\" referrerpolicy=\"strict-origin-when-cross-origin\" allowfullscreen><\/iframe><\/p>\n<p>&nbsp;<\/p>\n<p>&nbsp;<\/p>\n<h3><b>11Onze se Remanga<\/b><\/h3>\n<p><span style=\"font-weight: 400;\">Desde 11Onze <strong>hemos decidido remangarnos y queremos construir 50 Escuelas Refugio para las criaturas del norte de Siria<\/strong>. As\u00ed podremos ayudar a 1.750 ni\u00f1os y ni\u00f1as. Para hacerlo posible, hacen falta 100.000 euros que 11Onze se Remanga har\u00e1 llegar a Better Shelter para que lleve a cabo la acci\u00f3n sobre el terreno. <strong>\u00bfContamos contigo?<\/strong><\/span><\/p>\n\n      <\/div>\n    <\/div>\n  <\/div>\n<\/div>\n\n\n<div class=\"component cross-sell left\">\n  <div class=\"container\">\n    <div class=\"row\">\n      <div class=\"col col-lg-8 offset-lg-2\">\n        <div class=\"cross-sell__wrapper\">\n            <a href=\"https:\/\/www.11onze.cat\/es\/11onze-se-remanga\/\" class=\"cross-sell__link\" target=\"\"><\/a>\n            <div class=\"cross-sell__image\">\n                <img decoding=\"async\" src=\"https:\/\/www.11onze.cat\/wp-content\/uploads\/2023\/06\/THUMBNAIL_ARTICLE_ARREMANGA.jpg\" alt=\"\">\n            <\/div>\n            <div class=\"cross-sell__text\">\n                <h3><strong>Quiero participar!<\/strong><\/h3>\n            <\/div>\n          <\/div>\n      <\/div>\n    <\/div>\n  <\/div>\n<\/div>\n\n\n<div class=\"component gallery\">\n  <div class=\"container\">\n    <div class=\"row\">\n      <div class=\"col col-lg-10 offset-lg-1\">\n        <div id=\"slider\" class=\"carousel slide\">\n          <div class=\"carousel-inner\">\n            <div class=\"carousel-item active video-player inline-player\" data-video-id=\"6329776683112\">\n              <img decoding=\"async\" class=\"d-block w-100\" src=\"https:\/\/www.11onze.cat\/wp-content\/uploads\/2023\/06\/2.jpg\" alt=\"\">\n              <button type=\"button\" class=\"play\"><\/button>\n              <div class=\"carousel-caption\">\n                <p><\/p>\n              <\/div>\n            <\/div>\n          <\/div>\n        <\/div>\n      <\/div>\n    <\/div>\n  <\/div>\n<\/div>\n\n<div class=\"component cards\">\n  <div class=\"container\">\n    <div class=\"row\">\n      <div class=\"col col-xl-8 offset-xl-2\">\n        <h1>Si te ha gustado esta not\u00edcia, te recomendamos:<\/h1>\n        <div class=\"cards__wrapper\">\n          <div class=\"card\">\n            <a href=\"https:\/\/www.11onze.cat\/es\/magazine\/escuelas-refugio-espacios-seguros-para-menores\/\" class=\"card-link\" target=\"_self\"><\/a>\n            <div class=\"card-img\">\n              <img decoding=\"async\" src=\"https:\/\/www.11onze.cat\/wp-content\/uploads\/2023\/06\/THUMBNAIL_ARTICLE_ARREMANGA-800x533.jpg\" class=\"card-img-top\" alt=\"\">\n                <span class=\"card-category\">Comunidad<\/span>\n            <\/div>\n            <div class=\"card-body\">\n              <p class=\"card-title p2\"><strong>Escuelas refugio: espacios seguros para menores<\/strong><\/p>\n              <span class=\"card-time\">4min lectura<\/span>\n              <p class=\"card-text small\">Los conflictos armados y las cat\u00e1strofes naturales tienen&#8230;<\/p>\n            <\/div>\n          <\/div>\n\n\n          <div class=\"card\">\n            <a href=\"https:\/\/www.11onze.cat\/es\/magazine\/escuelas-refugio-ninos-11onze-se-remanga\/\" class=\"card-link\" target=\"_self\"><\/a>\n            <div class=\"card-img\">\n              <img decoding=\"async\" src=\"https:\/\/www.11onze.cat\/wp-content\/uploads\/2023\/05\/UN0835819-800x533.jpg\" class=\"card-img-top\" alt=\"\">\n                <span class=\"card-category\">11Onze<\/span>\n            <\/div>\n            <div class=\"card-body\">\n              <p class=\"card-title p2\"><strong>11Onze se Remanga: escuelas refugio para ni\u00f1os<\/strong><\/p>\n              <span class=\"card-time\">4min lectura<\/span>\n              <p class=\"card-text small\">La colaboraci\u00f3n entre la comunidad de 11Onze y la&#8230;<\/p>\n            <\/div>\n          <\/div>\n\n\n          <div class=\"card\">\n            <a href=\"https:\/\/www.11onze.cat\/es\/magazine\/final-curso-llamamiento-solidaridad\/\" class=\"card-link\" target=\"_self\"><\/a>\n            <div class=\"card-img\">\n              <img decoding=\"async\" src=\"https:\/\/www.11onze.cat\/wp-content\/uploads\/2023\/06\/THUMBNAIL__ARTICLE_SARREMANGA-800x533.jpg\" class=\"card-img-top\" alt=\"\">\n                <span class=\"card-category\">Comunidad<\/span>\n            <\/div>\n            <div class=\"card-body\">\n              <p class=\"card-title p2\"><strong>Final de curso: un llamamiento a la solidaridad<\/strong><\/p>\n              <span class=\"card-time\">3min lectura<\/span>\n              <p class=\"card-text small\">Se acaba el curso escolar y empiezan las vacaciones, en&#8230;<\/p>\n            <\/div>\n          <\/div>\n\n              <\/div>\n              <br>\n              <br>\n              <div class=\"cards__wrapper\">\n\n        <\/div>\n      <\/div>\n    <\/div>\n  <\/div>\n<\/div>","protected":false},"excerpt":{"rendered":"","protected":false},"author":71,"featured_media":45472,"comment_status":"open","ping_status":"closed","sticky":false,"template":"","format":"standard","meta":{"_acf_changed":true,"content-type":"","footnotes":""},"categories":[28],"tags":[180],"class_list":["post-45477","post","type-post","status-publish","format-standard","has-post-thumbnail","hentry","category-sin-categorizar","tag-cultura-es"],"acf":[],"yoast_head":"<!-- This site is optimized with the Yoast SEO plugin v27.5 - https:\/\/yoast.com\/product\/yoast-seo-wordpress\/ -->\n<title>Derecho a la educaci\u00f3n de los ni\u00f1os refugiados - 11Onze<\/title>\n<meta name=\"description\" content=\"\u00bfLos ni\u00f1os y ni\u00f1as refugiados merecen tener acceso en la educaci\u00f3n? Nosotros creemos que s\u00ed, por eso 11Onze se Remanga por los afectados por los terremotos del norte de Siria.\" \/>\n<meta name=\"robots\" content=\"index, follow, max-snippet:-1, max-image-preview:large, max-video-preview:-1\" \/>\n<link rel=\"canonical\" href=\"https:\/\/www.11onze.cat\/es\/magazine\/derecho-educacion-ninos-refugiados\/\" \/>\n<meta property=\"og:locale\" content=\"es_ES\" \/>\n<meta property=\"og:type\" content=\"article\" \/>\n<meta property=\"og:title\" content=\"Derecho a la educaci\u00f3n de los ni\u00f1os refugiados - 11Onze\" \/>\n<meta property=\"og:description\" content=\"\u00bfLos ni\u00f1os y ni\u00f1as refugiados merecen tener acceso en la educaci\u00f3n? Nosotros creemos que s\u00ed, por eso 11Onze se Remanga por los afectados por los terremotos del norte de Siria.\" \/>\n<meta property=\"og:url\" content=\"https:\/\/www.11onze.cat\/es\/magazine\/derecho-educacion-ninos-refugiados\/\" \/>\n<meta property=\"og:site_name\" content=\"11Onze\" \/>\n<meta property=\"article:publisher\" content=\"https:\/\/www.facebook.com\/11OnzeComunitat\" \/>\n<meta property=\"article:published_time\" content=\"2024-02-26T08:00:00+00:00\" \/>\n<meta property=\"article:modified_time\" content=\"2024-02-26T08:01:53+00:00\" \/>\n<meta property=\"og:image\" content=\"https:\/\/www.11onze.cat\/wp-content\/uploads\/2023\/07\/11ONZE_SHARE_DRET_EDUCACIO_INFANTS-800x450.jpg\" \/>\n<meta name=\"author\" content=\"Equip Editorial\" \/>\n<meta name=\"twitter:card\" content=\"summary_large_image\" \/>\n<meta name=\"twitter:image\" content=\"https:\/\/www.11onze.cat\/wp-content\/uploads\/2023\/07\/11ONZE_SHARE_DRET_EDUCACIO_INFANTS-800x450.jpg\" \/>\n<meta name=\"twitter:creator\" content=\"@11OnzeFintech\" \/>\n<meta name=\"twitter:site\" content=\"@11OnzeFintech\" \/>\n<meta name=\"twitter:label1\" content=\"Escrito por\" \/>\n\t<meta name=\"twitter:data1\" content=\"Equip Editorial\" \/>\n\t<meta name=\"twitter:label2\" content=\"Tiempo de lectura\" \/>\n\t<meta name=\"twitter:data2\" content=\"1 minuto\" \/>\n<script type=\"application\/ld+json\" class=\"yoast-schema-graph\">{\"@context\":\"https:\\\/\\\/schema.org\",\"@graph\":[{\"@type\":\"Article\",\"@id\":\"https:\\\/\\\/www.11onze.cat\\\/es\\\/magazine\\\/derecho-educacion-ninos-refugiados\\\/#article\",\"isPartOf\":{\"@id\":\"https:\\\/\\\/www.11onze.cat\\\/es\\\/magazine\\\/derecho-educacion-ninos-refugiados\\\/\"},\"author\":{\"name\":\"Equip Editorial\",\"@id\":\"https:\\\/\\\/www.11onze.cat\\\/es\\\/#\\\/schema\\\/person\\\/636d99b4c82bb7178687ecd43c3a61bd\"},\"headline\":\"Derecho a la educaci\u00f3n de los ni\u00f1os refugiados\",\"datePublished\":\"2024-02-26T08:00:00+00:00\",\"dateModified\":\"2024-02-26T08:01:53+00:00\",\"mainEntityOfPage\":{\"@id\":\"https:\\\/\\\/www.11onze.cat\\\/es\\\/magazine\\\/derecho-educacion-ninos-refugiados\\\/\"},\"wordCount\":10,\"commentCount\":0,\"publisher\":{\"@id\":\"https:\\\/\\\/www.11onze.cat\\\/es\\\/#organization\"},\"image\":{\"@id\":\"https:\\\/\\\/www.11onze.cat\\\/es\\\/magazine\\\/derecho-educacion-ninos-refugiados\\\/#primaryimage\"},\"thumbnailUrl\":\"https:\\\/\\\/www.11onze.cat\\\/wp-content\\\/uploads\\\/2023\\\/07\\\/THUMBNAIL_DRET_EDUCACIO_INFANTS.jpg\",\"keywords\":[\"Cultura\"],\"articleSection\":[\"Sin categorizar\"],\"inLanguage\":\"es\",\"potentialAction\":[{\"@type\":\"CommentAction\",\"name\":\"Comment\",\"target\":[\"https:\\\/\\\/www.11onze.cat\\\/es\\\/magazine\\\/derecho-educacion-ninos-refugiados\\\/#respond\"]}]},{\"@type\":\"WebPage\",\"@id\":\"https:\\\/\\\/www.11onze.cat\\\/es\\\/magazine\\\/derecho-educacion-ninos-refugiados\\\/\",\"url\":\"https:\\\/\\\/www.11onze.cat\\\/es\\\/magazine\\\/derecho-educacion-ninos-refugiados\\\/\",\"name\":\"Derecho a la educaci\u00f3n de los ni\u00f1os refugiados - 11Onze\",\"isPartOf\":{\"@id\":\"https:\\\/\\\/www.11onze.cat\\\/es\\\/#website\"},\"primaryImageOfPage\":{\"@id\":\"https:\\\/\\\/www.11onze.cat\\\/es\\\/magazine\\\/derecho-educacion-ninos-refugiados\\\/#primaryimage\"},\"image\":{\"@id\":\"https:\\\/\\\/www.11onze.cat\\\/es\\\/magazine\\\/derecho-educacion-ninos-refugiados\\\/#primaryimage\"},\"thumbnailUrl\":\"https:\\\/\\\/www.11onze.cat\\\/wp-content\\\/uploads\\\/2023\\\/07\\\/THUMBNAIL_DRET_EDUCACIO_INFANTS.jpg\",\"datePublished\":\"2024-02-26T08:00:00+00:00\",\"dateModified\":\"2024-02-26T08:01:53+00:00\",\"description\":\"\u00bfLos ni\u00f1os y ni\u00f1as refugiados merecen tener acceso en la educaci\u00f3n? Nosotros creemos que s\u00ed, por eso 11Onze se Remanga por los afectados por los terremotos del norte de Siria.\",\"breadcrumb\":{\"@id\":\"https:\\\/\\\/www.11onze.cat\\\/es\\\/magazine\\\/derecho-educacion-ninos-refugiados\\\/#breadcrumb\"},\"inLanguage\":\"es\",\"potentialAction\":[{\"@type\":\"ReadAction\",\"target\":[\"https:\\\/\\\/www.11onze.cat\\\/es\\\/magazine\\\/derecho-educacion-ninos-refugiados\\\/\"]}]},{\"@type\":\"ImageObject\",\"inLanguage\":\"es\",\"@id\":\"https:\\\/\\\/www.11onze.cat\\\/es\\\/magazine\\\/derecho-educacion-ninos-refugiados\\\/#primaryimage\",\"url\":\"https:\\\/\\\/www.11onze.cat\\\/wp-content\\\/uploads\\\/2023\\\/07\\\/THUMBNAIL_DRET_EDUCACIO_INFANTS.jpg\",\"contentUrl\":\"https:\\\/\\\/www.11onze.cat\\\/wp-content\\\/uploads\\\/2023\\\/07\\\/THUMBNAIL_DRET_EDUCACIO_INFANTS.jpg\",\"width\":1200,\"height\":800},{\"@type\":\"BreadcrumbList\",\"@id\":\"https:\\\/\\\/www.11onze.cat\\\/es\\\/magazine\\\/derecho-educacion-ninos-refugiados\\\/#breadcrumb\",\"itemListElement\":[{\"@type\":\"ListItem\",\"position\":1,\"name\":\"Home\",\"item\":\"https:\\\/\\\/www.11onze.cat\\\/es\\\/\"},{\"@type\":\"ListItem\",\"position\":2,\"name\":\"Derecho a la educaci\u00f3n de los ni\u00f1os refugiados\"}]},{\"@type\":\"WebSite\",\"@id\":\"https:\\\/\\\/www.11onze.cat\\\/es\\\/#website\",\"url\":\"https:\\\/\\\/www.11onze.cat\\\/es\\\/\",\"name\":\"11Onze\",\"description\":\"Primera comunidad fintech digital en Catalu\u00f1a\",\"publisher\":{\"@id\":\"https:\\\/\\\/www.11onze.cat\\\/es\\\/#organization\"},\"potentialAction\":[{\"@type\":\"SearchAction\",\"target\":{\"@type\":\"EntryPoint\",\"urlTemplate\":\"https:\\\/\\\/www.11onze.cat\\\/es\\\/?s={search_term_string}\"},\"query-input\":{\"@type\":\"PropertyValueSpecification\",\"valueRequired\":true,\"valueName\":\"search_term_string\"}}],\"inLanguage\":\"es\"},{\"@type\":\"Organization\",\"@id\":\"https:\\\/\\\/www.11onze.cat\\\/es\\\/#organization\",\"name\":\"11Onze\",\"url\":\"https:\\\/\\\/www.11onze.cat\\\/es\\\/\",\"logo\":{\"@type\":\"ImageObject\",\"inLanguage\":\"es\",\"@id\":\"https:\\\/\\\/www.11onze.cat\\\/es\\\/#\\\/schema\\\/logo\\\/image\\\/\",\"url\":\"https:\\\/\\\/www.11onze.cat\\\/wp-content\\\/uploads\\\/2021\\\/04\\\/512x512-11Onze.jpg\",\"contentUrl\":\"https:\\\/\\\/www.11onze.cat\\\/wp-content\\\/uploads\\\/2021\\\/04\\\/512x512-11Onze.jpg\",\"width\":512,\"height\":512,\"caption\":\"11Onze\"},\"image\":{\"@id\":\"https:\\\/\\\/www.11onze.cat\\\/es\\\/#\\\/schema\\\/logo\\\/image\\\/\"},\"sameAs\":[\"https:\\\/\\\/www.facebook.com\\\/11OnzeComunitat\",\"https:\\\/\\\/x.com\\\/11OnzeFintech\",\"https:\\\/\\\/www.instagram.com\\\/11onzecat\\\/\",\"https:\\\/\\\/www.linkedin.com\\\/company\\\/11onzebanc\",\"https:\\\/\\\/www.youtube.com\\\/channel\\\/UCz63R8Byd_kBKtK2M4Qf_7w\"]},{\"@type\":\"Person\",\"@id\":\"https:\\\/\\\/www.11onze.cat\\\/es\\\/#\\\/schema\\\/person\\\/636d99b4c82bb7178687ecd43c3a61bd\",\"name\":\"Equip Editorial\",\"image\":{\"@type\":\"ImageObject\",\"inLanguage\":\"es\",\"@id\":\"https:\\\/\\\/www.11onze.cat\\\/wp-content\\\/uploads\\\/2022\\\/05\\\/HEADER_AGENTS_DECK-300x300.jpg\",\"url\":\"https:\\\/\\\/www.11onze.cat\\\/wp-content\\\/uploads\\\/2022\\\/05\\\/HEADER_AGENTS_DECK-300x300.jpg\",\"contentUrl\":\"https:\\\/\\\/www.11onze.cat\\\/wp-content\\\/uploads\\\/2022\\\/05\\\/HEADER_AGENTS_DECK-300x300.jpg\",\"caption\":\"Equip Editorial\"},\"url\":\"https:\\\/\\\/www.11onze.cat\\\/es\\\/magazine\\\/author\\\/equip-editorial-11onze\\\/\"}]}<\/script>\n<!-- \/ Yoast SEO plugin. -->","yoast_head_json":{"title":"Derecho a la educaci\u00f3n de los ni\u00f1os refugiados - 11Onze","description":"\u00bfLos ni\u00f1os y ni\u00f1as refugiados merecen tener acceso en la educaci\u00f3n? Nosotros creemos que s\u00ed, por eso 11Onze se Remanga por los afectados por los terremotos del norte de Siria.","robots":{"index":"index","follow":"follow","max-snippet":"max-snippet:-1","max-image-preview":"max-image-preview:large","max-video-preview":"max-video-preview:-1"},"canonical":"https:\/\/www.11onze.cat\/es\/magazine\/derecho-educacion-ninos-refugiados\/","og_locale":"es_ES","og_type":"article","og_title":"Derecho a la educaci\u00f3n de los ni\u00f1os refugiados - 11Onze","og_description":"\u00bfLos ni\u00f1os y ni\u00f1as refugiados merecen tener acceso en la educaci\u00f3n? Nosotros creemos que s\u00ed, por eso 11Onze se Remanga por los afectados por los terremotos del norte de Siria.","og_url":"https:\/\/www.11onze.cat\/es\/magazine\/derecho-educacion-ninos-refugiados\/","og_site_name":"11Onze","article_publisher":"https:\/\/www.facebook.com\/11OnzeComunitat","article_published_time":"2024-02-26T08:00:00+00:00","article_modified_time":"2024-02-26T08:01:53+00:00","og_image":[{"url":"https:\/\/www.11onze.cat\/wp-content\/uploads\/2023\/07\/11ONZE_SHARE_DRET_EDUCACIO_INFANTS-800x450.jpg","type":"","width":"","height":""}],"author":"Equip Editorial","twitter_card":"summary_large_image","twitter_image":"https:\/\/www.11onze.cat\/wp-content\/uploads\/2023\/07\/11ONZE_SHARE_DRET_EDUCACIO_INFANTS-800x450.jpg","twitter_creator":"@11OnzeFintech","twitter_site":"@11OnzeFintech","twitter_misc":{"Escrito por":"Equip Editorial","Tiempo de lectura":"1 minuto"},"schema":{"@context":"https:\/\/schema.org","@graph":[{"@type":"Article","@id":"https:\/\/www.11onze.cat\/es\/magazine\/derecho-educacion-ninos-refugiados\/#article","isPartOf":{"@id":"https:\/\/www.11onze.cat\/es\/magazine\/derecho-educacion-ninos-refugiados\/"},"author":{"name":"Equip Editorial","@id":"https:\/\/www.11onze.cat\/es\/#\/schema\/person\/636d99b4c82bb7178687ecd43c3a61bd"},"headline":"Derecho a la educaci\u00f3n de los ni\u00f1os refugiados","datePublished":"2024-02-26T08:00:00+00:00","dateModified":"2024-02-26T08:01:53+00:00","mainEntityOfPage":{"@id":"https:\/\/www.11onze.cat\/es\/magazine\/derecho-educacion-ninos-refugiados\/"},"wordCount":10,"commentCount":0,"publisher":{"@id":"https:\/\/www.11onze.cat\/es\/#organization"},"image":{"@id":"https:\/\/www.11onze.cat\/es\/magazine\/derecho-educacion-ninos-refugiados\/#primaryimage"},"thumbnailUrl":"https:\/\/www.11onze.cat\/wp-content\/uploads\/2023\/07\/THUMBNAIL_DRET_EDUCACIO_INFANTS.jpg","keywords":["Cultura"],"articleSection":["Sin categorizar"],"inLanguage":"es","potentialAction":[{"@type":"CommentAction","name":"Comment","target":["https:\/\/www.11onze.cat\/es\/magazine\/derecho-educacion-ninos-refugiados\/#respond"]}]},{"@type":"WebPage","@id":"https:\/\/www.11onze.cat\/es\/magazine\/derecho-educacion-ninos-refugiados\/","url":"https:\/\/www.11onze.cat\/es\/magazine\/derecho-educacion-ninos-refugiados\/","name":"Derecho a la educaci\u00f3n de los ni\u00f1os refugiados - 11Onze","isPartOf":{"@id":"https:\/\/www.11onze.cat\/es\/#website"},"primaryImageOfPage":{"@id":"https:\/\/www.11onze.cat\/es\/magazine\/derecho-educacion-ninos-refugiados\/#primaryimage"},"image":{"@id":"https:\/\/www.11onze.cat\/es\/magazine\/derecho-educacion-ninos-refugiados\/#primaryimage"},"thumbnailUrl":"https:\/\/www.11onze.cat\/wp-content\/uploads\/2023\/07\/THUMBNAIL_DRET_EDUCACIO_INFANTS.jpg","datePublished":"2024-02-26T08:00:00+00:00","dateModified":"2024-02-26T08:01:53+00:00","description":"\u00bfLos ni\u00f1os y ni\u00f1as refugiados merecen tener acceso en la educaci\u00f3n? Nosotros creemos que s\u00ed, por eso 11Onze se Remanga por los afectados por los terremotos del norte de Siria.","breadcrumb":{"@id":"https:\/\/www.11onze.cat\/es\/magazine\/derecho-educacion-ninos-refugiados\/#breadcrumb"},"inLanguage":"es","potentialAction":[{"@type":"ReadAction","target":["https:\/\/www.11onze.cat\/es\/magazine\/derecho-educacion-ninos-refugiados\/"]}]},{"@type":"ImageObject","inLanguage":"es","@id":"https:\/\/www.11onze.cat\/es\/magazine\/derecho-educacion-ninos-refugiados\/#primaryimage","url":"https:\/\/www.11onze.cat\/wp-content\/uploads\/2023\/07\/THUMBNAIL_DRET_EDUCACIO_INFANTS.jpg","contentUrl":"https:\/\/www.11onze.cat\/wp-content\/uploads\/2023\/07\/THUMBNAIL_DRET_EDUCACIO_INFANTS.jpg","width":1200,"height":800},{"@type":"BreadcrumbList","@id":"https:\/\/www.11onze.cat\/es\/magazine\/derecho-educacion-ninos-refugiados\/#breadcrumb","itemListElement":[{"@type":"ListItem","position":1,"name":"Home","item":"https:\/\/www.11onze.cat\/es\/"},{"@type":"ListItem","position":2,"name":"Derecho a la educaci\u00f3n de los ni\u00f1os refugiados"}]},{"@type":"WebSite","@id":"https:\/\/www.11onze.cat\/es\/#website","url":"https:\/\/www.11onze.cat\/es\/","name":"11Onze","description":"Primera comunidad fintech digital en Catalu\u00f1a","publisher":{"@id":"https:\/\/www.11onze.cat\/es\/#organization"},"potentialAction":[{"@type":"SearchAction","target":{"@type":"EntryPoint","urlTemplate":"https:\/\/www.11onze.cat\/es\/?s={search_term_string}"},"query-input":{"@type":"PropertyValueSpecification","valueRequired":true,"valueName":"search_term_string"}}],"inLanguage":"es"},{"@type":"Organization","@id":"https:\/\/www.11onze.cat\/es\/#organization","name":"11Onze","url":"https:\/\/www.11onze.cat\/es\/","logo":{"@type":"ImageObject","inLanguage":"es","@id":"https:\/\/www.11onze.cat\/es\/#\/schema\/logo\/image\/","url":"https:\/\/www.11onze.cat\/wp-content\/uploads\/2021\/04\/512x512-11Onze.jpg","contentUrl":"https:\/\/www.11onze.cat\/wp-content\/uploads\/2021\/04\/512x512-11Onze.jpg","width":512,"height":512,"caption":"11Onze"},"image":{"@id":"https:\/\/www.11onze.cat\/es\/#\/schema\/logo\/image\/"},"sameAs":["https:\/\/www.facebook.com\/11OnzeComunitat","https:\/\/x.com\/11OnzeFintech","https:\/\/www.instagram.com\/11onzecat\/","https:\/\/www.linkedin.com\/company\/11onzebanc","https:\/\/www.youtube.com\/channel\/UCz63R8Byd_kBKtK2M4Qf_7w"]},{"@type":"Person","@id":"https:\/\/www.11onze.cat\/es\/#\/schema\/person\/636d99b4c82bb7178687ecd43c3a61bd","name":"Equip Editorial","image":{"@type":"ImageObject","inLanguage":"es","@id":"https:\/\/www.11onze.cat\/wp-content\/uploads\/2022\/05\/HEADER_AGENTS_DECK-300x300.jpg","url":"https:\/\/www.11onze.cat\/wp-content\/uploads\/2022\/05\/HEADER_AGENTS_DECK-300x300.jpg","contentUrl":"https:\/\/www.11onze.cat\/wp-content\/uploads\/2022\/05\/HEADER_AGENTS_DECK-300x300.jpg","caption":"Equip Editorial"},"url":"https:\/\/www.11onze.cat\/es\/magazine\/author\/equip-editorial-11onze\/"}]}},"_links":{"self":[{"href":"https:\/\/www.11onze.cat\/es\/wp-json\/wp\/v2\/posts\/45477","targetHints":{"allow":["GET"]}}],"collection":[{"href":"https:\/\/www.11onze.cat\/es\/wp-json\/wp\/v2\/posts"}],"about":[{"href":"https:\/\/www.11onze.cat\/es\/wp-json\/wp\/v2\/types\/post"}],"author":[{"embeddable":true,"href":"https:\/\/www.11onze.cat\/es\/wp-json\/wp\/v2\/users\/71"}],"replies":[{"embeddable":true,"href":"https:\/\/www.11onze.cat\/es\/wp-json\/wp\/v2\/comments?post=45477"}],"version-history":[{"count":0,"href":"https:\/\/www.11onze.cat\/es\/wp-json\/wp\/v2\/posts\/45477\/revisions"}],"wp:featuredmedia":[{"embeddable":true,"href":"https:\/\/www.11onze.cat\/es\/wp-json\/wp\/v2\/media\/45472"}],"wp:attachment":[{"href":"https:\/\/www.11onze.cat\/es\/wp-json\/wp\/v2\/media?parent=45477"}],"wp:term":[{"taxonomy":"category","embeddable":true,"href":"https:\/\/www.11onze.cat\/es\/wp-json\/wp\/v2\/categories?post=45477"},{"taxonomy":"post_tag","embeddable":true,"href":"https:\/\/www.11onze.cat\/es\/wp-json\/wp\/v2\/tags?post=45477"}],"curies":[{"name":"wp","href":"https:\/\/api.w.org\/{rel}","templated":true}]}}