{"id":45300,"date":"2026-03-29T20:00:00","date_gmt":"2026-03-29T18:00:00","guid":{"rendered":"https:\/\/www.11onze.cat\/magazine\/euro-digital-i-privacitat-que-diu-la-ue\/"},"modified":"2026-03-22T20:28:16","modified_gmt":"2026-03-22T19:28:16","slug":"euro-digital-privacidad-ue","status":"publish","type":"post","link":"https:\/\/www.11onze.cat\/es\/magazine\/euro-digital-privacidad-ue\/","title":{"rendered":"Euro digital y privacidad: \u00bfqu\u00e9 dice la UE?"},"content":{"rendered":"<div class=\"component text\">\n  <div class=\"container\">\n\n\n    <div class=\"row\">\n      <div class=\"col  col-lg-8  offset-lg-2\">\n        <h3><b>Brussel\u00b7les proposa els pilars legals per garantir l\u2019acceptaci\u00f3 de l\u2019euro digital i la seva coexist\u00e8ncia amb els diners en efectiu. Els bancs comercials seran els encarregats de distribuir i limitar les quantitats d\u2019aquesta divisa digital. Per\u00f2 respectaran la privacitat i l\u2019anonimat dels ciutadans?<\/b><\/h3>\n<p>&nbsp;<\/p>\n<p><span style=\"font-weight: 400;\">La Comissi\u00f3 Europea i el Banc Central Europeu han presentat <\/span><b>un <\/b><a href=\"https:\/\/ec.europa.eu\/commission\/presscorner\/detail\/es\/ip_23_3501\"><b>paquet<\/b><\/a><b> de propostes legislatives per conv\u00e8ncer al Parlament Europeu i al Consell de la UE de donar suport al llan\u00e7ament de l\u2019euro digital<\/b><span style=\"font-weight: 400;\">. Les autoritats europees justifiquen la necessitat d\u2019una <\/span><a href=\"https:\/\/www.11onze.cat\/magazine\/cbdc-utopia-distopia-monetaria\/\"><span style=\"font-weight: 400;\">CBDC<\/span><\/a><span style=\"font-weight: 400;\">\u00a0 perqu\u00e8 cada vegada hi ha m\u00e9s ciutadans -un 55% segons les seves enquestes- que prefereixen pagar a trav\u00e9s de m\u00e8todes electr\u00f2nics.<\/span><\/p>\n<p><span style=\"font-weight: 400;\">Es tracta d\u2019un conjunt de mesures que busquen oferir <\/span><b>un m\u00e8tode de pagament alternatiu i complementari als diners en efectiu per als ciutadans i les empreses<\/b><span style=\"font-weight: 400;\">. El Banc Central Europeu decidiria qui podr\u00e0 fer servir l&#8217;euro digital, com es far\u00e0 servir internacionalment, i els bancs comercials s\u2019encarregarien de distribuir i limitar les quantitats d\u2019aquesta nova divisa digital.\u00a0<\/span><\/p>\n<p><span style=\"font-weight: 400;\">Per una banda, <\/span><b>es vol garantir que els euros en efectiu continu\u00efn sent accessibles i \u00e0mpliament acceptats per totes les persones i negocis de tota la zona euro<\/b><span style=\"font-weight: 400;\"> i, per l\u2019altra, s\u2019estableix el marc legal per a un possible euro digital com a complement dels bitllets i monedes en euros<\/span><span style=\"font-weight: 400;\">, <\/span><span style=\"font-weight: 400;\">que ser\u00e0 d&#8217;acceptaci\u00f3 obligat\u00f2ria en els comer\u00e7os de l\u2019eurozona, \u201cexcepte entre comerciants molt petits que optin per no acceptar pagaments digitals\u201d.<\/span><\/p>\n<p>&nbsp;<\/p>\n<h3><b>Tranquil\u00b7litzar als bancs i als ciutadans<\/b><\/h3>\n<p>&nbsp;<\/p>\n<p><span style=\"font-weight: 400;\">Segons les autoritats europees, les propostes presentades permetrien als ciutadans emmagatzemar fins a 3.000 euros digitals en moneders segurs que garantiran la privacitat. \u00abTenir un moneder digital en euros recarregat en el tel\u00e8fon -o un altre dispositiu- ser\u00e0 el mateix que tenir monedes i bitllets en la butxaca. <\/span><b>Podr\u00e0s pagar amb la mateixa facilitat. Ni tan sols ser\u00e0 necessari tenir connexi\u00f3 a Internet<\/b><span style=\"font-weight: 400;\">\u00ab, apuntava durant la roda de premsa Valdis Dombrovskis, vicepresident executiu de la Comissi\u00f3, per\u00f2 afegia que \u201cla quantitat estaria subjecta a un l\u00edmit m\u00e0xim com a manera de protegir l&#8217;estabilitat financera i evitar sortides substancials de diners dels bancs\u00bb.<\/span><\/p>\n<p><span style=\"font-weight: 400;\">En aquest context, <\/span><b>la protecci\u00f3 de la privacitat \u00e9s una de les q\u00fcestions que m\u00e9s preocupen a l&#8217;Eurocambra, a les associacions de consumidors i als ciutadans <\/b><span style=\"font-weight: 400;\">que van deixar comentaris durant el per\u00edode de consulta p\u00fablica del projecte. El vicepresident de la Comissi\u00f3 afirma que no hem de patir per la nostra privacitat i protecci\u00f3 de dades que \u201cles dades personals estarien totalment protegides. Els bancs, ni tan sols el BCE, no veurien ni podrien rastrejar les dades o detalls personals de la gent. Els pagaments sense connexi\u00f3 oferirien un nivell de privacitat similar al que ofereix avui els diners en efectiu\u00bb.<\/span><\/p>\n<p><span style=\"font-weight: 400;\">Aix\u00f2, per\u00f2, \u00e9s un punt contenci\u00f3s entre els proponents i cr\u00edtics d\u2019aquestes mesures legislatives. Mentre que possibilitar pagaments fora de l\u00ednia per a petits imports, en els quals no quedin registrats les dades del pagador i el beneficiari, pot garantir un cert nivell de privacitat, <\/span><b>la tecnologia permet reconstruir aquestes transaccions si les autoritats pertinents ho requereixen<\/b><span style=\"font-weight: 400;\">.\u00a0<\/span><\/p>\n<p><span style=\"font-weight: 400;\">De la mateixa manera, no es pot garantir l\u2019anonimat que ofereixen les transaccions en efectiu. Com <\/span><a href=\"https:\/\/twitter.com\/crismartinj\/status\/1600043912495759361?ref_src=twsrc%5Etfw%7Ctwcamp%5Etweetembed%7Ctwterm%5E1600043912495759361%7Ctwgr%5E749c712f077f60bd109d557582a0c9c250e725b8%7Ctwcon%5Es1_&amp;ref_url=https%3A%2F%2Fwww.xataka.com%2Fcriptomonedas%2Fllegada-euro-digital-inevitable-vayamos-diciendo-adios-al-anonimato\"><span style=\"font-weight: 400;\">admetia<\/span><\/a><span style=\"font-weight: 400;\"> Christine Lagarde, presidenta del Banc Central Europeu, \u00ab<\/span><b>L&#8217;anonimat total -com el que ofereix els diners en efectiu- no sembla una opci\u00f3 viable.<\/b><span style=\"font-weight: 400;\"> Contravindria altres objectius de pol\u00edtica p\u00fablica, com garantir el compliment de les normes contra el blanqueig de capitals i lluitar contra el finan\u00e7ament del terrorisme. I tamb\u00e9 faria pr\u00e0cticament impossible limitar l&#8217;\u00fas de l&#8217;euro digital com a vehicle d&#8217;inversi\u00f3\u00bb.<\/span><\/p>\n<p>&nbsp;<\/p>\n<h3><b>Centralitzaci\u00f3 vs. descentralitzaci\u00f3<\/b><\/h3>\n<p>&nbsp;<\/p>\n<p><span style=\"font-weight: 400;\">Tot i que l\u2019euro digital podria ajudar a reduir l\u2019economia submergida i el risc de frau gr\u00e0cies a la completa tra\u00e7abilitat sobre la major part de les transaccions, <\/span><b>els governs tindrien un control sobre els nostres diners sense precedents<\/b><span style=\"font-weight: 400;\">. La qual cosa els permetria saber exactament com els gastem i els atorgaria la capacitat de parar pagaments o confiscar-los, com va passar amb les protestes dels camioners contra el govern canadenc.\u00a0<\/span><\/p>\n<p><span style=\"font-weight: 400;\">En aquest context, <\/span><b>les criptomonedes ofereixen una alternativa a la banca centralitzada controlada per l\u2019Estat, democratitzant la creaci\u00f3 de moneda mentre dilueixen el monopoli bancari tradicional<\/b><span style=\"font-weight: 400;\">. A m\u00e9s, en termes pr\u00e0ctics, la introducci\u00f3 de les CBDC no acaba de ser entesa del tot per una ciutadania que, de fet, ja fa transaccions digitals banc\u00e0ries i en el comer\u00e7 di\u00e0riament a trav\u00e9s dels m\u00e8todes de pagament existents.<\/span><\/p>\n<p><span style=\"font-weight: 400;\">I \u00e9s precisament en aquest punt, on la suposada necessitat d\u2019introduir un nou m\u00e8tode de pagament, o encara m\u00e9s important, on <\/span><b>els conceptes de privacitat, anonimat i llibertat que ara tenim amb els diners f\u00edsics i les criptodivises <\/b><span style=\"font-weight: 400;\">poden ser decisius en determinar si la proposta d\u2019un euro digital no \u00e9s res m\u00e9s que una soluci\u00f3 a la recerca d&#8217;un problema -almenys pel que pertoca als interessos dels ciutadans- que est\u00e0 destinada al frac\u00e0s a no ser que sigui imposada per la for\u00e7a.<\/span><\/p>\n<p>&nbsp;<\/p>\n<p><a href=\"https:\/\/www.11onze.cat\/criptomonedes-11onze-recomana-bitvavo\/\"><b>11Onze Recomana Bitvavo<\/b><\/a><b>, les criptomonedes de manera f\u00e0cil, segura i a baix preu.<\/b><\/p>\n\n      <\/div>\n    <\/div>\n  <\/div>\n<\/div>\n<div class=\"component cards\">\n  <div class=\"container\">\n    <div class=\"row\">\n      <div class=\"col col-xl-8 offset-xl-2\">\n        <div class=\"cards__wrapper\">\n          <div class=\"card\">\n            <a href=\"https:\/\/www.11onze.cat\/magazine\/11-preguntes-resposta-euro-digital\/\" class=\"card-link\" target=\"_self\"><\/a>\n            <div class=\"card-img\">\n              <img decoding=\"async\" src=\"https:\/\/www.11onze.cat\/wp-content\/uploads\/2023\/01\/THUMBNAIL_EURO_DIGITAL.jpg\" class=\"card-img-top\" alt=\"\">\n                <span class=\"card-category\">Finances<\/span>\n            <\/div>\n            <div class=\"card-body\">\n              <p class=\"card-title p2\"><strong>11 preguntes amb resposta sobre l\u2019euro digital<\/strong><\/p>\n              <span class=\"card-time\">8min lectura<\/span>\n              <p class=\"card-text small\">L\u2019arribada de l\u2019euro digital significar\u00e0 la desaparici\u00f3 dels&#8230;<\/p>\n            <\/div>\n          <\/div>\n\n\n          <div class=\"card\">\n            <a href=\"https:\/\/www.11onze.cat\/magazine\/euro-digital-final-diner-fisic\/\" class=\"card-link\" target=\"_self\"><\/a>\n            <div class=\"card-img\">\n              <img decoding=\"async\" src=\"https:\/\/www.11onze.cat\/wp-content\/uploads\/2021\/04\/THUMBNAIL_POST_13.jpg\" class=\"card-img-top\" alt=\"\">\n                <span class=\"card-category\">Economia<\/span>\n            <\/div>\n            <div class=\"card-body\">\n              <p class=\"card-title p2\"><strong>L\u2019euro digital, el final dels diners f\u00edsics?<\/strong><\/p>\n              <span class=\"card-time\">4min lectura<\/span>\n              <p class=\"card-text small\">Els diners digitals han arribat per quedar-se encara&#8230;<\/p>\n            <\/div>\n          <\/div>\n\n\n          <div class=\"card\">\n            <a href=\"https:\/\/www.11onze.cat\/magazine\/nigeria-forcar-us-moneda-digital\/\" class=\"card-link\" target=\"_self\"><\/a>\n            <div class=\"card-img\">\n              <img decoding=\"async\" src=\"https:\/\/www.11onze.cat\/wp-content\/uploads\/2022\/12\/THUMBNAIL_NIGERIA_MONEDA_DIGITAL.jpg\" class=\"card-img-top\" alt=\"\">\n                <span class=\"card-category\">Finances<\/span>\n            <\/div>\n            <div class=\"card-body\">\n              <p class=\"card-title p2\"><strong>Nig\u00e8ria vol for\u00e7ar l\u2019\u00fas de la seva moneda digital<\/strong><\/p>\n              <span class=\"card-time\">4min lectura<\/span>\n              <p class=\"card-text small\">El Banc Central de Nig\u00e8ria limita les retirades d\u2019efectiu&#8230;<\/p>\n            <\/div>\n          <\/div>\n\n              <\/div>\n              <br>\n              <br>\n              <div class=\"cards__wrapper\">\n\n        <\/div>\n      <\/div>\n    <\/div>\n  <\/div>\n<\/div>","protected":false},"excerpt":{"rendered":"","protected":false},"author":71,"featured_media":45298,"comment_status":"open","ping_status":"closed","sticky":false,"template":"","format":"standard","meta":{"_acf_changed":false,"content-type":"","footnotes":""},"categories":[28],"tags":[174,177,337],"class_list":["post-45300","post","type-post","status-publish","format-standard","has-post-thumbnail","hentry","category-sin-categorizar","tag-economia-es","tag-tecnologia-es","tag-tecnologia"],"acf":[],"yoast_head":"<!-- This site is optimized with the Yoast SEO plugin v27.5 - https:\/\/yoast.com\/product\/yoast-seo-wordpress\/ -->\n<title>Euro digital y privacidad: \u00bfqu\u00e9 dice la UE? - 11Onze<\/title>\n<meta name=\"robots\" content=\"index, follow, max-snippet:-1, max-image-preview:large, max-video-preview:-1\" \/>\n<link rel=\"canonical\" href=\"https:\/\/www.11onze.cat\/es\/magazine\/euro-digital-privacidad-ue\/\" \/>\n<meta property=\"og:locale\" content=\"es_ES\" \/>\n<meta property=\"og:type\" content=\"article\" \/>\n<meta property=\"og:title\" content=\"Euro digital y privacidad: \u00bfqu\u00e9 dice la UE? - 11Onze\" \/>\n<meta property=\"og:url\" content=\"https:\/\/www.11onze.cat\/es\/magazine\/euro-digital-privacidad-ue\/\" \/>\n<meta property=\"og:site_name\" content=\"11Onze\" \/>\n<meta property=\"article:publisher\" content=\"https:\/\/www.facebook.com\/11OnzeComunitat\" \/>\n<meta property=\"article:published_time\" content=\"2026-03-29T18:00:00+00:00\" \/>\n<meta property=\"og:image\" content=\"https:\/\/www.11onze.cat\/wp-content\/uploads\/2023\/07\/11ONZE_EURO_DIGITAL-800x450.jpg\" \/>\n<meta name=\"author\" content=\"Equip Editorial\" \/>\n<meta name=\"twitter:card\" content=\"summary_large_image\" \/>\n<meta name=\"twitter:image\" content=\"https:\/\/www.11onze.cat\/wp-content\/uploads\/2023\/07\/11ONZE_EURO_DIGITAL-800x450.jpg\" \/>\n<meta name=\"twitter:creator\" content=\"@11OnzeFintech\" \/>\n<meta name=\"twitter:site\" content=\"@11OnzeFintech\" \/>\n<meta name=\"twitter:label1\" content=\"Escrito por\" \/>\n\t<meta name=\"twitter:data1\" content=\"Equip Editorial\" \/>\n\t<meta name=\"twitter:label2\" content=\"Tiempo de lectura\" \/>\n\t<meta name=\"twitter:data2\" content=\"1 minuto\" \/>\n<script type=\"application\/ld+json\" class=\"yoast-schema-graph\">{\"@context\":\"https:\\\/\\\/schema.org\",\"@graph\":[{\"@type\":\"Article\",\"@id\":\"https:\\\/\\\/www.11onze.cat\\\/es\\\/magazine\\\/euro-digital-privacidad-ue\\\/#article\",\"isPartOf\":{\"@id\":\"https:\\\/\\\/www.11onze.cat\\\/es\\\/magazine\\\/euro-digital-privacidad-ue\\\/\"},\"author\":{\"name\":\"Equip Editorial\",\"@id\":\"https:\\\/\\\/www.11onze.cat\\\/es\\\/#\\\/schema\\\/person\\\/636d99b4c82bb7178687ecd43c3a61bd\"},\"headline\":\"Euro digital y privacidad: \u00bfqu\u00e9 dice la UE?\",\"datePublished\":\"2026-03-29T18:00:00+00:00\",\"mainEntityOfPage\":{\"@id\":\"https:\\\/\\\/www.11onze.cat\\\/es\\\/magazine\\\/euro-digital-privacidad-ue\\\/\"},\"wordCount\":8,\"commentCount\":0,\"publisher\":{\"@id\":\"https:\\\/\\\/www.11onze.cat\\\/es\\\/#organization\"},\"image\":{\"@id\":\"https:\\\/\\\/www.11onze.cat\\\/es\\\/magazine\\\/euro-digital-privacidad-ue\\\/#primaryimage\"},\"thumbnailUrl\":\"https:\\\/\\\/www.11onze.cat\\\/wp-content\\\/uploads\\\/2023\\\/07\\\/THUMBNAIL_EURO_DIGITAL.jpg\",\"keywords\":[\"Econom\u00eda\",\"Tecnolog\u00eda\",\"Tecnologia\"],\"articleSection\":[\"Sin categorizar\"],\"inLanguage\":\"es\",\"potentialAction\":[{\"@type\":\"CommentAction\",\"name\":\"Comment\",\"target\":[\"https:\\\/\\\/www.11onze.cat\\\/es\\\/magazine\\\/euro-digital-privacidad-ue\\\/#respond\"]}]},{\"@type\":\"WebPage\",\"@id\":\"https:\\\/\\\/www.11onze.cat\\\/es\\\/magazine\\\/euro-digital-privacidad-ue\\\/\",\"url\":\"https:\\\/\\\/www.11onze.cat\\\/es\\\/magazine\\\/euro-digital-privacidad-ue\\\/\",\"name\":\"Euro digital y privacidad: \u00bfqu\u00e9 dice la UE? - 11Onze\",\"isPartOf\":{\"@id\":\"https:\\\/\\\/www.11onze.cat\\\/es\\\/#website\"},\"primaryImageOfPage\":{\"@id\":\"https:\\\/\\\/www.11onze.cat\\\/es\\\/magazine\\\/euro-digital-privacidad-ue\\\/#primaryimage\"},\"image\":{\"@id\":\"https:\\\/\\\/www.11onze.cat\\\/es\\\/magazine\\\/euro-digital-privacidad-ue\\\/#primaryimage\"},\"thumbnailUrl\":\"https:\\\/\\\/www.11onze.cat\\\/wp-content\\\/uploads\\\/2023\\\/07\\\/THUMBNAIL_EURO_DIGITAL.jpg\",\"datePublished\":\"2026-03-29T18:00:00+00:00\",\"breadcrumb\":{\"@id\":\"https:\\\/\\\/www.11onze.cat\\\/es\\\/magazine\\\/euro-digital-privacidad-ue\\\/#breadcrumb\"},\"inLanguage\":\"es\",\"potentialAction\":[{\"@type\":\"ReadAction\",\"target\":[\"https:\\\/\\\/www.11onze.cat\\\/es\\\/magazine\\\/euro-digital-privacidad-ue\\\/\"]}]},{\"@type\":\"ImageObject\",\"inLanguage\":\"es\",\"@id\":\"https:\\\/\\\/www.11onze.cat\\\/es\\\/magazine\\\/euro-digital-privacidad-ue\\\/#primaryimage\",\"url\":\"https:\\\/\\\/www.11onze.cat\\\/wp-content\\\/uploads\\\/2023\\\/07\\\/THUMBNAIL_EURO_DIGITAL.jpg\",\"contentUrl\":\"https:\\\/\\\/www.11onze.cat\\\/wp-content\\\/uploads\\\/2023\\\/07\\\/THUMBNAIL_EURO_DIGITAL.jpg\",\"width\":1200,\"height\":800},{\"@type\":\"BreadcrumbList\",\"@id\":\"https:\\\/\\\/www.11onze.cat\\\/es\\\/magazine\\\/euro-digital-privacidad-ue\\\/#breadcrumb\",\"itemListElement\":[{\"@type\":\"ListItem\",\"position\":1,\"name\":\"Home\",\"item\":\"https:\\\/\\\/www.11onze.cat\\\/es\\\/\"},{\"@type\":\"ListItem\",\"position\":2,\"name\":\"Euro digital y privacidad: \u00bfqu\u00e9 dice la UE?\"}]},{\"@type\":\"WebSite\",\"@id\":\"https:\\\/\\\/www.11onze.cat\\\/es\\\/#website\",\"url\":\"https:\\\/\\\/www.11onze.cat\\\/es\\\/\",\"name\":\"11Onze\",\"description\":\"Primera comunidad fintech digital en Catalu\u00f1a\",\"publisher\":{\"@id\":\"https:\\\/\\\/www.11onze.cat\\\/es\\\/#organization\"},\"potentialAction\":[{\"@type\":\"SearchAction\",\"target\":{\"@type\":\"EntryPoint\",\"urlTemplate\":\"https:\\\/\\\/www.11onze.cat\\\/es\\\/?s={search_term_string}\"},\"query-input\":{\"@type\":\"PropertyValueSpecification\",\"valueRequired\":true,\"valueName\":\"search_term_string\"}}],\"inLanguage\":\"es\"},{\"@type\":\"Organization\",\"@id\":\"https:\\\/\\\/www.11onze.cat\\\/es\\\/#organization\",\"name\":\"11Onze\",\"url\":\"https:\\\/\\\/www.11onze.cat\\\/es\\\/\",\"logo\":{\"@type\":\"ImageObject\",\"inLanguage\":\"es\",\"@id\":\"https:\\\/\\\/www.11onze.cat\\\/es\\\/#\\\/schema\\\/logo\\\/image\\\/\",\"url\":\"https:\\\/\\\/www.11onze.cat\\\/wp-content\\\/uploads\\\/2021\\\/04\\\/512x512-11Onze.jpg\",\"contentUrl\":\"https:\\\/\\\/www.11onze.cat\\\/wp-content\\\/uploads\\\/2021\\\/04\\\/512x512-11Onze.jpg\",\"width\":512,\"height\":512,\"caption\":\"11Onze\"},\"image\":{\"@id\":\"https:\\\/\\\/www.11onze.cat\\\/es\\\/#\\\/schema\\\/logo\\\/image\\\/\"},\"sameAs\":[\"https:\\\/\\\/www.facebook.com\\\/11OnzeComunitat\",\"https:\\\/\\\/x.com\\\/11OnzeFintech\",\"https:\\\/\\\/www.instagram.com\\\/11onzecat\\\/\",\"https:\\\/\\\/www.linkedin.com\\\/company\\\/11onzebanc\",\"https:\\\/\\\/www.youtube.com\\\/channel\\\/UCz63R8Byd_kBKtK2M4Qf_7w\"]},{\"@type\":\"Person\",\"@id\":\"https:\\\/\\\/www.11onze.cat\\\/es\\\/#\\\/schema\\\/person\\\/636d99b4c82bb7178687ecd43c3a61bd\",\"name\":\"Equip Editorial\",\"image\":{\"@type\":\"ImageObject\",\"inLanguage\":\"es\",\"@id\":\"https:\\\/\\\/www.11onze.cat\\\/wp-content\\\/uploads\\\/2022\\\/05\\\/HEADER_AGENTS_DECK-300x300.jpg\",\"url\":\"https:\\\/\\\/www.11onze.cat\\\/wp-content\\\/uploads\\\/2022\\\/05\\\/HEADER_AGENTS_DECK-300x300.jpg\",\"contentUrl\":\"https:\\\/\\\/www.11onze.cat\\\/wp-content\\\/uploads\\\/2022\\\/05\\\/HEADER_AGENTS_DECK-300x300.jpg\",\"caption\":\"Equip Editorial\"},\"url\":\"https:\\\/\\\/www.11onze.cat\\\/es\\\/magazine\\\/author\\\/equip-editorial-11onze\\\/\"}]}<\/script>\n<!-- \/ Yoast SEO plugin. -->","yoast_head_json":{"title":"Euro digital y privacidad: \u00bfqu\u00e9 dice la UE? - 11Onze","robots":{"index":"index","follow":"follow","max-snippet":"max-snippet:-1","max-image-preview":"max-image-preview:large","max-video-preview":"max-video-preview:-1"},"canonical":"https:\/\/www.11onze.cat\/es\/magazine\/euro-digital-privacidad-ue\/","og_locale":"es_ES","og_type":"article","og_title":"Euro digital y privacidad: \u00bfqu\u00e9 dice la UE? - 11Onze","og_url":"https:\/\/www.11onze.cat\/es\/magazine\/euro-digital-privacidad-ue\/","og_site_name":"11Onze","article_publisher":"https:\/\/www.facebook.com\/11OnzeComunitat","article_published_time":"2026-03-29T18:00:00+00:00","og_image":[{"url":"https:\/\/www.11onze.cat\/wp-content\/uploads\/2023\/07\/11ONZE_EURO_DIGITAL-800x450.jpg","type":"","width":"","height":""}],"author":"Equip Editorial","twitter_card":"summary_large_image","twitter_image":"https:\/\/www.11onze.cat\/wp-content\/uploads\/2023\/07\/11ONZE_EURO_DIGITAL-800x450.jpg","twitter_creator":"@11OnzeFintech","twitter_site":"@11OnzeFintech","twitter_misc":{"Escrito por":"Equip Editorial","Tiempo de lectura":"1 minuto"},"schema":{"@context":"https:\/\/schema.org","@graph":[{"@type":"Article","@id":"https:\/\/www.11onze.cat\/es\/magazine\/euro-digital-privacidad-ue\/#article","isPartOf":{"@id":"https:\/\/www.11onze.cat\/es\/magazine\/euro-digital-privacidad-ue\/"},"author":{"name":"Equip Editorial","@id":"https:\/\/www.11onze.cat\/es\/#\/schema\/person\/636d99b4c82bb7178687ecd43c3a61bd"},"headline":"Euro digital y privacidad: \u00bfqu\u00e9 dice la UE?","datePublished":"2026-03-29T18:00:00+00:00","mainEntityOfPage":{"@id":"https:\/\/www.11onze.cat\/es\/magazine\/euro-digital-privacidad-ue\/"},"wordCount":8,"commentCount":0,"publisher":{"@id":"https:\/\/www.11onze.cat\/es\/#organization"},"image":{"@id":"https:\/\/www.11onze.cat\/es\/magazine\/euro-digital-privacidad-ue\/#primaryimage"},"thumbnailUrl":"https:\/\/www.11onze.cat\/wp-content\/uploads\/2023\/07\/THUMBNAIL_EURO_DIGITAL.jpg","keywords":["Econom\u00eda","Tecnolog\u00eda","Tecnologia"],"articleSection":["Sin categorizar"],"inLanguage":"es","potentialAction":[{"@type":"CommentAction","name":"Comment","target":["https:\/\/www.11onze.cat\/es\/magazine\/euro-digital-privacidad-ue\/#respond"]}]},{"@type":"WebPage","@id":"https:\/\/www.11onze.cat\/es\/magazine\/euro-digital-privacidad-ue\/","url":"https:\/\/www.11onze.cat\/es\/magazine\/euro-digital-privacidad-ue\/","name":"Euro digital y privacidad: \u00bfqu\u00e9 dice la UE? - 11Onze","isPartOf":{"@id":"https:\/\/www.11onze.cat\/es\/#website"},"primaryImageOfPage":{"@id":"https:\/\/www.11onze.cat\/es\/magazine\/euro-digital-privacidad-ue\/#primaryimage"},"image":{"@id":"https:\/\/www.11onze.cat\/es\/magazine\/euro-digital-privacidad-ue\/#primaryimage"},"thumbnailUrl":"https:\/\/www.11onze.cat\/wp-content\/uploads\/2023\/07\/THUMBNAIL_EURO_DIGITAL.jpg","datePublished":"2026-03-29T18:00:00+00:00","breadcrumb":{"@id":"https:\/\/www.11onze.cat\/es\/magazine\/euro-digital-privacidad-ue\/#breadcrumb"},"inLanguage":"es","potentialAction":[{"@type":"ReadAction","target":["https:\/\/www.11onze.cat\/es\/magazine\/euro-digital-privacidad-ue\/"]}]},{"@type":"ImageObject","inLanguage":"es","@id":"https:\/\/www.11onze.cat\/es\/magazine\/euro-digital-privacidad-ue\/#primaryimage","url":"https:\/\/www.11onze.cat\/wp-content\/uploads\/2023\/07\/THUMBNAIL_EURO_DIGITAL.jpg","contentUrl":"https:\/\/www.11onze.cat\/wp-content\/uploads\/2023\/07\/THUMBNAIL_EURO_DIGITAL.jpg","width":1200,"height":800},{"@type":"BreadcrumbList","@id":"https:\/\/www.11onze.cat\/es\/magazine\/euro-digital-privacidad-ue\/#breadcrumb","itemListElement":[{"@type":"ListItem","position":1,"name":"Home","item":"https:\/\/www.11onze.cat\/es\/"},{"@type":"ListItem","position":2,"name":"Euro digital y privacidad: \u00bfqu\u00e9 dice la UE?"}]},{"@type":"WebSite","@id":"https:\/\/www.11onze.cat\/es\/#website","url":"https:\/\/www.11onze.cat\/es\/","name":"11Onze","description":"Primera comunidad fintech digital en Catalu\u00f1a","publisher":{"@id":"https:\/\/www.11onze.cat\/es\/#organization"},"potentialAction":[{"@type":"SearchAction","target":{"@type":"EntryPoint","urlTemplate":"https:\/\/www.11onze.cat\/es\/?s={search_term_string}"},"query-input":{"@type":"PropertyValueSpecification","valueRequired":true,"valueName":"search_term_string"}}],"inLanguage":"es"},{"@type":"Organization","@id":"https:\/\/www.11onze.cat\/es\/#organization","name":"11Onze","url":"https:\/\/www.11onze.cat\/es\/","logo":{"@type":"ImageObject","inLanguage":"es","@id":"https:\/\/www.11onze.cat\/es\/#\/schema\/logo\/image\/","url":"https:\/\/www.11onze.cat\/wp-content\/uploads\/2021\/04\/512x512-11Onze.jpg","contentUrl":"https:\/\/www.11onze.cat\/wp-content\/uploads\/2021\/04\/512x512-11Onze.jpg","width":512,"height":512,"caption":"11Onze"},"image":{"@id":"https:\/\/www.11onze.cat\/es\/#\/schema\/logo\/image\/"},"sameAs":["https:\/\/www.facebook.com\/11OnzeComunitat","https:\/\/x.com\/11OnzeFintech","https:\/\/www.instagram.com\/11onzecat\/","https:\/\/www.linkedin.com\/company\/11onzebanc","https:\/\/www.youtube.com\/channel\/UCz63R8Byd_kBKtK2M4Qf_7w"]},{"@type":"Person","@id":"https:\/\/www.11onze.cat\/es\/#\/schema\/person\/636d99b4c82bb7178687ecd43c3a61bd","name":"Equip Editorial","image":{"@type":"ImageObject","inLanguage":"es","@id":"https:\/\/www.11onze.cat\/wp-content\/uploads\/2022\/05\/HEADER_AGENTS_DECK-300x300.jpg","url":"https:\/\/www.11onze.cat\/wp-content\/uploads\/2022\/05\/HEADER_AGENTS_DECK-300x300.jpg","contentUrl":"https:\/\/www.11onze.cat\/wp-content\/uploads\/2022\/05\/HEADER_AGENTS_DECK-300x300.jpg","caption":"Equip Editorial"},"url":"https:\/\/www.11onze.cat\/es\/magazine\/author\/equip-editorial-11onze\/"}]}},"_links":{"self":[{"href":"https:\/\/www.11onze.cat\/es\/wp-json\/wp\/v2\/posts\/45300","targetHints":{"allow":["GET"]}}],"collection":[{"href":"https:\/\/www.11onze.cat\/es\/wp-json\/wp\/v2\/posts"}],"about":[{"href":"https:\/\/www.11onze.cat\/es\/wp-json\/wp\/v2\/types\/post"}],"author":[{"embeddable":true,"href":"https:\/\/www.11onze.cat\/es\/wp-json\/wp\/v2\/users\/71"}],"replies":[{"embeddable":true,"href":"https:\/\/www.11onze.cat\/es\/wp-json\/wp\/v2\/comments?post=45300"}],"version-history":[{"count":0,"href":"https:\/\/www.11onze.cat\/es\/wp-json\/wp\/v2\/posts\/45300\/revisions"}],"wp:featuredmedia":[{"embeddable":true,"href":"https:\/\/www.11onze.cat\/es\/wp-json\/wp\/v2\/media\/45298"}],"wp:attachment":[{"href":"https:\/\/www.11onze.cat\/es\/wp-json\/wp\/v2\/media?parent=45300"}],"wp:term":[{"taxonomy":"category","embeddable":true,"href":"https:\/\/www.11onze.cat\/es\/wp-json\/wp\/v2\/categories?post=45300"},{"taxonomy":"post_tag","embeddable":true,"href":"https:\/\/www.11onze.cat\/es\/wp-json\/wp\/v2\/tags?post=45300"}],"curies":[{"name":"wp","href":"https:\/\/api.w.org\/{rel}","templated":true}]}}