{"id":44918,"date":"2023-06-13T09:46:31","date_gmt":"2023-06-13T07:46:31","guid":{"rendered":"https:\/\/www.11onze.cat\/magazine\/com-ens-afectara-recessio-zona-euro\/"},"modified":"2023-06-13T09:52:56","modified_gmt":"2023-06-13T07:52:56","slug":"como-nos-afectara-la-recesion-zona-euro","status":"publish","type":"post","link":"https:\/\/www.11onze.cat\/es\/magazine\/como-nos-afectara-la-recesion-zona-euro\/","title":{"rendered":"\u00bfC\u00f3mo nos afectar\u00e1 la recesi\u00f3n de la zona euro?"},"content":{"rendered":"<div class=\"component text\">\n  <div class=\"container\">\n\n\n    <div class=\"row\">\n      <div class=\"col  col-lg-8  offset-lg-2\">\n        <h3><b>La econom\u00eda de la eurozona se contrae por segundo trimestre consecutivo y entra en recesi\u00f3n t\u00e9cnica arrastrada por la ca\u00edda del PIB alem\u00e1n. De este modo, el estancamiento del principal motor industrial de Europa puede tener consecuencias directas en la actividad econ\u00f3mica del conjunto de los pa\u00edses que comparten la moneda \u00fanica europea.<\/b><\/h3>\n<p>&nbsp;<\/p>\n<p><span style=\"font-weight: 400;\">No hace muchos d\u00edas que las autoridades europeas todav\u00eda presum\u00edan de haber conseguido esquivar una recesi\u00f3n a pesar de las turbulencias econ\u00f3micas y geopol\u00edticas que ha sufrido Europa durante los \u00faltimos meses. Pues ahora resulta que no era verdad del todo. Eurostat ha confirmado que despu\u00e9s de revisar los n\u00fameros provisionales <\/span><b>el producto interior bruto (PIB) de la zona euro registr\u00f3 una contracci\u00f3n del 0.1%<\/b><span style=\"font-weight: 400;\"> durante el cuarto trimestre de 2022 y el primer trimestre de 2023, entrando en una recesi\u00f3n t\u00e9cnica.<\/span><\/p>\n<p><span style=\"font-weight: 400;\">El pasado mes de mayo, la agencia europea de estad\u00edsticas todav\u00eda apuntaba a un crecimiento positivo de la econom\u00eda de la eurozona por el primer trimestre de este a\u00f1o. Aun as\u00ed, las \u00faltimas revisiones de los datos confirmaban la contracci\u00f3n de la econom\u00eda del conjunto de los 20 estados miembros de la zona euro. Esto es <\/span><b>debido en gran parte gracias a la actualizaci\u00f3n de los n\u00fameros de Alemania<\/b><span style=\"font-weight: 400;\">, que cerr\u00f3 el \u00faltimo trimestre de 2022 con un descenso del 0.5% y una contracci\u00f3n del 0.3% durante el primer trimestre de este a\u00f1o.<\/span><\/p>\n<p><span style=\"font-weight: 400;\">As\u00ed pues, nos encontramos ante <\/span><b>la primera recesi\u00f3n de la eurozona desde que sufriera una contracci\u00f3n consecutiva de su PIB durante el primer y el segundo trimestre de 2020<\/b><span style=\"font-weight: 400;\"> a consecuencia del impacto de la pandemia de la Covid-19. Dicho esto, el conjunto de la Uni\u00f3n Europea evita la recesi\u00f3n con un crecimiento positivo de un 0,1%, todo y la contracci\u00f3n del 0,2% experimentada entre octubre y el diciembre pasados.<\/span><\/p>\n<p>&nbsp;<\/p>\n<h3><b>Interdependencia econ\u00f3mica<\/b><\/h3>\n<p>&nbsp;<\/p>\n<p><span style=\"font-weight: 400;\">La recesi\u00f3n econ\u00f3mica no se limita a Alemania, las econom\u00edas de Irlanda, Lituania, Estonia y Hungr\u00eda muestran peores resultados, pero <\/span><b>el pa\u00eds teut\u00f3nico es la locomotora de la regi\u00f3n y la dependencia comercial de muchos pa\u00edses europeos con Alemania es considerablemente m\u00e1s importante<\/b><span style=\"font-weight: 400;\">. Concretamente, es el segundo mayor mercado de las exportaciones espa\u00f1olas, por detr\u00e1s de Francia, y el principal suministrador exterior de mercanc\u00edas para Espa\u00f1a.<\/span><\/p>\n<p><span style=\"font-weight: 400;\">Como segundo productor de coches de la Uni\u00f3n Europea &#8211; por detr\u00e1s de Alemania &#8211; <\/span><b>el sector automovil\u00edstico espa\u00f1ol tiene una fuerte dependencia de su socio alem\u00e1n<\/b><span style=\"font-weight: 400;\">. A la inversi\u00f3n directa se le a\u00f1ade toda la cadena de valor de la industria del autom\u00f3vil, desde la producci\u00f3n de veh\u00edculos hasta la importaci\u00f3n y exportaci\u00f3n de componentes de automoci\u00f3n. Por lo tanto, cualquier disrupci\u00f3n en la econom\u00eda alemana y primer mercado automovil\u00edstico europeo puede tener consecuencias inmediatas sobre este sector de la producci\u00f3n industrial espa\u00f1ola.<\/span><\/p>\n<p><span style=\"font-weight: 400;\">Por otro lado, una recesi\u00f3n generalizada en los pa\u00edses de la eurozona, espoleada por la persistente inflaci\u00f3n y una disminuci\u00f3n del consumo de los hogares, <\/span><b>puede tener un impacto negativo significativo en una econom\u00eda como la espa\u00f1ola, especialmente cuando tenemos en cuenta la importancia del sector tur\u00edstico en el PIB del pa\u00eds<\/b><span style=\"font-weight: 400;\">.<\/span><\/p>\n<p><span style=\"font-weight: 400;\">Frente a este escenario econ\u00f3mico tan poco esperanzador, <\/span><b>queda para ver<\/b> <b>cu\u00e1l ser\u00e1 la respuesta de Bruselas y del Banco Central Europeo (BCE)<\/b><span style=\"font-weight: 400;\"> en la reuni\u00f3n de pol\u00edtica monetaria que se celebrar\u00e1 el 15 de junio: \u00bfseguiremos torpedeando nuestras econom\u00edas con sanciones econ\u00f3micas que solo benefician a los Estados Unidos? \u00bfParar\u00e1 las subidas de tipos de inter\u00e9s o seguir\u00e1 esperando a recibir m\u00e1s resultados \u201cinesperados\u201d de la evoluci\u00f3n de la econom\u00eda?<\/span><\/p>\n<p>&nbsp;<\/p>\n<p><b>Si quieres descubrir la mejor opci\u00f3n para proteger tus ahorros, entra en <\/b><a href=\"https:\/\/serveis.11onze.cat\/es\/preciosos-11onze\"><b>Preciosos 11Onze<\/b><\/a><b>. Te ayudaremos a comprar al mejor precio el valor refugio por excelencia: el oro f\u00edsico.<\/b><\/p>\n\n      <\/div>\n    <\/div>\n  <\/div>\n<\/div>\n\n\n<div class=\"component cards\">\n  <div class=\"container\">\n    <div class=\"row\">\n      <div class=\"col col-xl-8 offset-xl-2\">\n        <div class=\"cards__wrapper\">\n          <div class=\"card\">\n            <a href=\"https:\/\/www.11onze.cat\/es\/magazine\/deficit-publico-ue-vacas-flacas-2024\/\" class=\"card-link\" target=\"_self\"><\/a>\n            <div class=\"card-img\">\n              <img decoding=\"async\" src=\"https:\/\/www.11onze.cat\/wp-content\/uploads\/2023\/06\/THUMBNAIL_DEFICIT_PUBLIC-800x533.jpg\" class=\"card-img-top\" alt=\"\">\n                <span class=\"card-category\">Econom\u00eda<\/span>\n            <\/div>\n            <div class=\"card-body\">\n              <p class=\"card-title p2\"><strong>D\u00e9ficit p\u00fablico UE: \u00bfvacas flacas para el 2024?<\/strong><\/p>\n              <span class=\"card-time\">4min lectura<\/span>\n              <p class=\"card-text small\">Las nuevas directrices de la Uni\u00f3n Europea dejan&#8230;<\/p>\n            <\/div>\n          <\/div>\n\n\n          <div class=\"card\">\n            <a href=\"https:\/\/www.11onze.cat\/es\/magazine\/sirve-algo-supervision-bancaria\/\" class=\"card-link\" target=\"_self\"><\/a>\n            <div class=\"card-img\">\n              <img decoding=\"async\" src=\"https:\/\/www.11onze.cat\/wp-content\/uploads\/2023\/05\/THUMBNAIL_SUPERVISIO_BANCARIA-800x533.jpg\" class=\"card-img-top\" alt=\"\">\n                <span class=\"card-category\">Finanzas<\/span>\n            <\/div>\n            <div class=\"card-body\">\n              <p class=\"card-title p2\"><strong>\u00bfSirve de algo la supervisi\u00f3n bancaria?<\/strong><\/p>\n              <span class=\"card-time\">5min lectura<\/span>\n              <p class=\"card-text small\">El ciclo de crisis financieras de las \u00faltimas d\u00e9cadas&#8230;<\/p>\n            <\/div>\n          <\/div>\n\n\n          <div class=\"card\">\n            <a href=\"https:\/\/www.11onze.cat\/es\/magazine\/activos-depositos-valor\/\" class=\"card-link\" target=\"_self\"><\/a>\n            <div class=\"card-img\">\n              <img decoding=\"async\" src=\"https:\/\/www.11onze.cat\/wp-content\/uploads\/2023\/02\/THUMBNAIL_DIPOSIT_VALOR.jpg\" class=\"card-img-top\" alt=\"\">\n                <span class=\"card-category\">Ahorros<\/span>\n            <\/div>\n            <div class=\"card-body\">\n              <p class=\"card-title p2\"><strong>\u00bfQu\u00e9 activos se consideran dep\u00f3sitos de valor?<\/strong><\/p>\n              <span class=\"card-time\">5min lectura<\/span>\n              <p class=\"card-text small\">Se consideran dep\u00f3sitos de valor aquellos activos&#8230;<\/p>\n            <\/div>\n          <\/div>\n\n              <\/div>\n              <br>\n              <br>\n              <div class=\"cards__wrapper\">\n\n        <\/div>\n      <\/div>\n    <\/div>\n  <\/div>\n<\/div>","protected":false},"excerpt":{"rendered":"","protected":false},"author":71,"featured_media":44916,"comment_status":"open","ping_status":"closed","sticky":false,"template":"","format":"standard","meta":{"_acf_changed":false,"content-type":"","footnotes":""},"categories":[28],"tags":[174],"class_list":["post-44918","post","type-post","status-publish","format-standard","has-post-thumbnail","hentry","category-sin-categorizar","tag-economia-es"],"acf":[],"yoast_head":"<!-- This site is optimized with the Yoast SEO plugin v27.4 - https:\/\/yoast.com\/product\/yoast-seo-wordpress\/ -->\n<title>\u00bfC\u00f3mo nos afectar\u00e1 la recesi\u00f3n de la zona euro? - 11Onze<\/title>\n<meta name=\"robots\" content=\"index, follow, max-snippet:-1, max-image-preview:large, max-video-preview:-1\" \/>\n<link rel=\"canonical\" href=\"https:\/\/www.11onze.cat\/es\/magazine\/como-nos-afectara-la-recesion-zona-euro\/\" \/>\n<meta property=\"og:locale\" content=\"es_ES\" \/>\n<meta property=\"og:type\" content=\"article\" \/>\n<meta property=\"og:title\" content=\"\u00bfC\u00f3mo nos afectar\u00e1 la recesi\u00f3n de la zona euro? - 11Onze\" \/>\n<meta property=\"og:url\" content=\"https:\/\/www.11onze.cat\/es\/magazine\/como-nos-afectara-la-recesion-zona-euro\/\" \/>\n<meta property=\"og:site_name\" content=\"11Onze\" \/>\n<meta property=\"article:publisher\" content=\"https:\/\/www.facebook.com\/11OnzeComunitat\" \/>\n<meta property=\"article:published_time\" content=\"2023-06-13T07:46:31+00:00\" \/>\n<meta property=\"article:modified_time\" content=\"2023-06-13T07:52:56+00:00\" \/>\n<meta property=\"og:image\" content=\"https:\/\/www.11onze.cat\/wp-content\/uploads\/2023\/06\/11ONZE_RECESSIO_ZONA_EURO-800x450.jpg\" \/>\n<meta name=\"author\" content=\"Equip Editorial\" \/>\n<meta name=\"twitter:card\" content=\"summary_large_image\" \/>\n<meta name=\"twitter:image\" content=\"https:\/\/www.11onze.cat\/wp-content\/uploads\/2023\/06\/11ONZE_RECESSIO_ZONA_EURO-800x450.jpg\" \/>\n<meta name=\"twitter:creator\" content=\"@11OnzeFintech\" \/>\n<meta name=\"twitter:site\" content=\"@11OnzeFintech\" \/>\n<meta name=\"twitter:label1\" content=\"Escrito por\" \/>\n\t<meta name=\"twitter:data1\" content=\"Equip Editorial\" \/>\n<script type=\"application\/ld+json\" class=\"yoast-schema-graph\">{\"@context\":\"https:\\\/\\\/schema.org\",\"@graph\":[{\"@type\":\"Article\",\"@id\":\"https:\\\/\\\/www.11onze.cat\\\/es\\\/magazine\\\/como-nos-afectara-la-recesion-zona-euro\\\/#article\",\"isPartOf\":{\"@id\":\"https:\\\/\\\/www.11onze.cat\\\/es\\\/magazine\\\/como-nos-afectara-la-recesion-zona-euro\\\/\"},\"author\":{\"name\":\"Equip Editorial\",\"@id\":\"https:\\\/\\\/www.11onze.cat\\\/es\\\/#\\\/schema\\\/person\\\/636d99b4c82bb7178687ecd43c3a61bd\"},\"headline\":\"\u00bfC\u00f3mo nos afectar\u00e1 la recesi\u00f3n de la zona euro?\",\"datePublished\":\"2023-06-13T07:46:31+00:00\",\"dateModified\":\"2023-06-13T07:52:56+00:00\",\"mainEntityOfPage\":{\"@id\":\"https:\\\/\\\/www.11onze.cat\\\/es\\\/magazine\\\/como-nos-afectara-la-recesion-zona-euro\\\/\"},\"wordCount\":11,\"commentCount\":0,\"publisher\":{\"@id\":\"https:\\\/\\\/www.11onze.cat\\\/es\\\/#organization\"},\"image\":{\"@id\":\"https:\\\/\\\/www.11onze.cat\\\/es\\\/magazine\\\/como-nos-afectara-la-recesion-zona-euro\\\/#primaryimage\"},\"thumbnailUrl\":\"https:\\\/\\\/www.11onze.cat\\\/wp-content\\\/uploads\\\/2023\\\/06\\\/THUMBNAIL_RECESSIO_ZONA_EURO.jpg\",\"keywords\":[\"Econom\u00eda\"],\"articleSection\":[\"Sin categorizar\"],\"inLanguage\":\"es\",\"potentialAction\":[{\"@type\":\"CommentAction\",\"name\":\"Comment\",\"target\":[\"https:\\\/\\\/www.11onze.cat\\\/es\\\/magazine\\\/como-nos-afectara-la-recesion-zona-euro\\\/#respond\"]}]},{\"@type\":\"WebPage\",\"@id\":\"https:\\\/\\\/www.11onze.cat\\\/es\\\/magazine\\\/como-nos-afectara-la-recesion-zona-euro\\\/\",\"url\":\"https:\\\/\\\/www.11onze.cat\\\/es\\\/magazine\\\/como-nos-afectara-la-recesion-zona-euro\\\/\",\"name\":\"\u00bfC\u00f3mo nos afectar\u00e1 la recesi\u00f3n de la zona euro? - 11Onze\",\"isPartOf\":{\"@id\":\"https:\\\/\\\/www.11onze.cat\\\/es\\\/#website\"},\"primaryImageOfPage\":{\"@id\":\"https:\\\/\\\/www.11onze.cat\\\/es\\\/magazine\\\/como-nos-afectara-la-recesion-zona-euro\\\/#primaryimage\"},\"image\":{\"@id\":\"https:\\\/\\\/www.11onze.cat\\\/es\\\/magazine\\\/como-nos-afectara-la-recesion-zona-euro\\\/#primaryimage\"},\"thumbnailUrl\":\"https:\\\/\\\/www.11onze.cat\\\/wp-content\\\/uploads\\\/2023\\\/06\\\/THUMBNAIL_RECESSIO_ZONA_EURO.jpg\",\"datePublished\":\"2023-06-13T07:46:31+00:00\",\"dateModified\":\"2023-06-13T07:52:56+00:00\",\"breadcrumb\":{\"@id\":\"https:\\\/\\\/www.11onze.cat\\\/es\\\/magazine\\\/como-nos-afectara-la-recesion-zona-euro\\\/#breadcrumb\"},\"inLanguage\":\"es\",\"potentialAction\":[{\"@type\":\"ReadAction\",\"target\":[\"https:\\\/\\\/www.11onze.cat\\\/es\\\/magazine\\\/como-nos-afectara-la-recesion-zona-euro\\\/\"]}]},{\"@type\":\"ImageObject\",\"inLanguage\":\"es\",\"@id\":\"https:\\\/\\\/www.11onze.cat\\\/es\\\/magazine\\\/como-nos-afectara-la-recesion-zona-euro\\\/#primaryimage\",\"url\":\"https:\\\/\\\/www.11onze.cat\\\/wp-content\\\/uploads\\\/2023\\\/06\\\/THUMBNAIL_RECESSIO_ZONA_EURO.jpg\",\"contentUrl\":\"https:\\\/\\\/www.11onze.cat\\\/wp-content\\\/uploads\\\/2023\\\/06\\\/THUMBNAIL_RECESSIO_ZONA_EURO.jpg\",\"width\":1200,\"height\":800},{\"@type\":\"BreadcrumbList\",\"@id\":\"https:\\\/\\\/www.11onze.cat\\\/es\\\/magazine\\\/como-nos-afectara-la-recesion-zona-euro\\\/#breadcrumb\",\"itemListElement\":[{\"@type\":\"ListItem\",\"position\":1,\"name\":\"Home\",\"item\":\"https:\\\/\\\/www.11onze.cat\\\/es\\\/\"},{\"@type\":\"ListItem\",\"position\":2,\"name\":\"\u00bfC\u00f3mo nos afectar\u00e1 la recesi\u00f3n de la zona euro?\"}]},{\"@type\":\"WebSite\",\"@id\":\"https:\\\/\\\/www.11onze.cat\\\/es\\\/#website\",\"url\":\"https:\\\/\\\/www.11onze.cat\\\/es\\\/\",\"name\":\"11Onze\",\"description\":\"Primera comunidad fintech digital en Catalu\u00f1a\",\"publisher\":{\"@id\":\"https:\\\/\\\/www.11onze.cat\\\/es\\\/#organization\"},\"potentialAction\":[{\"@type\":\"SearchAction\",\"target\":{\"@type\":\"EntryPoint\",\"urlTemplate\":\"https:\\\/\\\/www.11onze.cat\\\/es\\\/?s={search_term_string}\"},\"query-input\":{\"@type\":\"PropertyValueSpecification\",\"valueRequired\":true,\"valueName\":\"search_term_string\"}}],\"inLanguage\":\"es\"},{\"@type\":\"Organization\",\"@id\":\"https:\\\/\\\/www.11onze.cat\\\/es\\\/#organization\",\"name\":\"11Onze\",\"url\":\"https:\\\/\\\/www.11onze.cat\\\/es\\\/\",\"logo\":{\"@type\":\"ImageObject\",\"inLanguage\":\"es\",\"@id\":\"https:\\\/\\\/www.11onze.cat\\\/es\\\/#\\\/schema\\\/logo\\\/image\\\/\",\"url\":\"https:\\\/\\\/www.11onze.cat\\\/wp-content\\\/uploads\\\/2021\\\/04\\\/512x512-11Onze.jpg\",\"contentUrl\":\"https:\\\/\\\/www.11onze.cat\\\/wp-content\\\/uploads\\\/2021\\\/04\\\/512x512-11Onze.jpg\",\"width\":512,\"height\":512,\"caption\":\"11Onze\"},\"image\":{\"@id\":\"https:\\\/\\\/www.11onze.cat\\\/es\\\/#\\\/schema\\\/logo\\\/image\\\/\"},\"sameAs\":[\"https:\\\/\\\/www.facebook.com\\\/11OnzeComunitat\",\"https:\\\/\\\/x.com\\\/11OnzeFintech\",\"https:\\\/\\\/www.instagram.com\\\/11onzecat\\\/\",\"https:\\\/\\\/www.linkedin.com\\\/company\\\/11onzebanc\",\"https:\\\/\\\/www.youtube.com\\\/channel\\\/UCz63R8Byd_kBKtK2M4Qf_7w\"]},{\"@type\":\"Person\",\"@id\":\"https:\\\/\\\/www.11onze.cat\\\/es\\\/#\\\/schema\\\/person\\\/636d99b4c82bb7178687ecd43c3a61bd\",\"name\":\"Equip Editorial\",\"image\":{\"@type\":\"ImageObject\",\"inLanguage\":\"es\",\"@id\":\"https:\\\/\\\/www.11onze.cat\\\/wp-content\\\/uploads\\\/2022\\\/05\\\/HEADER_AGENTS_DECK-300x300.jpg\",\"url\":\"https:\\\/\\\/www.11onze.cat\\\/wp-content\\\/uploads\\\/2022\\\/05\\\/HEADER_AGENTS_DECK-300x300.jpg\",\"contentUrl\":\"https:\\\/\\\/www.11onze.cat\\\/wp-content\\\/uploads\\\/2022\\\/05\\\/HEADER_AGENTS_DECK-300x300.jpg\",\"caption\":\"Equip Editorial\"},\"url\":\"https:\\\/\\\/www.11onze.cat\\\/es\\\/magazine\\\/author\\\/equip-editorial-11onze\\\/\"}]}<\/script>\n<!-- \/ Yoast SEO plugin. -->","yoast_head_json":{"title":"\u00bfC\u00f3mo nos afectar\u00e1 la recesi\u00f3n de la zona euro? - 11Onze","robots":{"index":"index","follow":"follow","max-snippet":"max-snippet:-1","max-image-preview":"max-image-preview:large","max-video-preview":"max-video-preview:-1"},"canonical":"https:\/\/www.11onze.cat\/es\/magazine\/como-nos-afectara-la-recesion-zona-euro\/","og_locale":"es_ES","og_type":"article","og_title":"\u00bfC\u00f3mo nos afectar\u00e1 la recesi\u00f3n de la zona euro? - 11Onze","og_url":"https:\/\/www.11onze.cat\/es\/magazine\/como-nos-afectara-la-recesion-zona-euro\/","og_site_name":"11Onze","article_publisher":"https:\/\/www.facebook.com\/11OnzeComunitat","article_published_time":"2023-06-13T07:46:31+00:00","article_modified_time":"2023-06-13T07:52:56+00:00","og_image":[{"url":"https:\/\/www.11onze.cat\/wp-content\/uploads\/2023\/06\/11ONZE_RECESSIO_ZONA_EURO-800x450.jpg","type":"","width":"","height":""}],"author":"Equip Editorial","twitter_card":"summary_large_image","twitter_image":"https:\/\/www.11onze.cat\/wp-content\/uploads\/2023\/06\/11ONZE_RECESSIO_ZONA_EURO-800x450.jpg","twitter_creator":"@11OnzeFintech","twitter_site":"@11OnzeFintech","twitter_misc":{"Escrito por":"Equip Editorial"},"schema":{"@context":"https:\/\/schema.org","@graph":[{"@type":"Article","@id":"https:\/\/www.11onze.cat\/es\/magazine\/como-nos-afectara-la-recesion-zona-euro\/#article","isPartOf":{"@id":"https:\/\/www.11onze.cat\/es\/magazine\/como-nos-afectara-la-recesion-zona-euro\/"},"author":{"name":"Equip Editorial","@id":"https:\/\/www.11onze.cat\/es\/#\/schema\/person\/636d99b4c82bb7178687ecd43c3a61bd"},"headline":"\u00bfC\u00f3mo nos afectar\u00e1 la recesi\u00f3n de la zona euro?","datePublished":"2023-06-13T07:46:31+00:00","dateModified":"2023-06-13T07:52:56+00:00","mainEntityOfPage":{"@id":"https:\/\/www.11onze.cat\/es\/magazine\/como-nos-afectara-la-recesion-zona-euro\/"},"wordCount":11,"commentCount":0,"publisher":{"@id":"https:\/\/www.11onze.cat\/es\/#organization"},"image":{"@id":"https:\/\/www.11onze.cat\/es\/magazine\/como-nos-afectara-la-recesion-zona-euro\/#primaryimage"},"thumbnailUrl":"https:\/\/www.11onze.cat\/wp-content\/uploads\/2023\/06\/THUMBNAIL_RECESSIO_ZONA_EURO.jpg","keywords":["Econom\u00eda"],"articleSection":["Sin categorizar"],"inLanguage":"es","potentialAction":[{"@type":"CommentAction","name":"Comment","target":["https:\/\/www.11onze.cat\/es\/magazine\/como-nos-afectara-la-recesion-zona-euro\/#respond"]}]},{"@type":"WebPage","@id":"https:\/\/www.11onze.cat\/es\/magazine\/como-nos-afectara-la-recesion-zona-euro\/","url":"https:\/\/www.11onze.cat\/es\/magazine\/como-nos-afectara-la-recesion-zona-euro\/","name":"\u00bfC\u00f3mo nos afectar\u00e1 la recesi\u00f3n de la zona euro? - 11Onze","isPartOf":{"@id":"https:\/\/www.11onze.cat\/es\/#website"},"primaryImageOfPage":{"@id":"https:\/\/www.11onze.cat\/es\/magazine\/como-nos-afectara-la-recesion-zona-euro\/#primaryimage"},"image":{"@id":"https:\/\/www.11onze.cat\/es\/magazine\/como-nos-afectara-la-recesion-zona-euro\/#primaryimage"},"thumbnailUrl":"https:\/\/www.11onze.cat\/wp-content\/uploads\/2023\/06\/THUMBNAIL_RECESSIO_ZONA_EURO.jpg","datePublished":"2023-06-13T07:46:31+00:00","dateModified":"2023-06-13T07:52:56+00:00","breadcrumb":{"@id":"https:\/\/www.11onze.cat\/es\/magazine\/como-nos-afectara-la-recesion-zona-euro\/#breadcrumb"},"inLanguage":"es","potentialAction":[{"@type":"ReadAction","target":["https:\/\/www.11onze.cat\/es\/magazine\/como-nos-afectara-la-recesion-zona-euro\/"]}]},{"@type":"ImageObject","inLanguage":"es","@id":"https:\/\/www.11onze.cat\/es\/magazine\/como-nos-afectara-la-recesion-zona-euro\/#primaryimage","url":"https:\/\/www.11onze.cat\/wp-content\/uploads\/2023\/06\/THUMBNAIL_RECESSIO_ZONA_EURO.jpg","contentUrl":"https:\/\/www.11onze.cat\/wp-content\/uploads\/2023\/06\/THUMBNAIL_RECESSIO_ZONA_EURO.jpg","width":1200,"height":800},{"@type":"BreadcrumbList","@id":"https:\/\/www.11onze.cat\/es\/magazine\/como-nos-afectara-la-recesion-zona-euro\/#breadcrumb","itemListElement":[{"@type":"ListItem","position":1,"name":"Home","item":"https:\/\/www.11onze.cat\/es\/"},{"@type":"ListItem","position":2,"name":"\u00bfC\u00f3mo nos afectar\u00e1 la recesi\u00f3n de la zona euro?"}]},{"@type":"WebSite","@id":"https:\/\/www.11onze.cat\/es\/#website","url":"https:\/\/www.11onze.cat\/es\/","name":"11Onze","description":"Primera comunidad fintech digital en Catalu\u00f1a","publisher":{"@id":"https:\/\/www.11onze.cat\/es\/#organization"},"potentialAction":[{"@type":"SearchAction","target":{"@type":"EntryPoint","urlTemplate":"https:\/\/www.11onze.cat\/es\/?s={search_term_string}"},"query-input":{"@type":"PropertyValueSpecification","valueRequired":true,"valueName":"search_term_string"}}],"inLanguage":"es"},{"@type":"Organization","@id":"https:\/\/www.11onze.cat\/es\/#organization","name":"11Onze","url":"https:\/\/www.11onze.cat\/es\/","logo":{"@type":"ImageObject","inLanguage":"es","@id":"https:\/\/www.11onze.cat\/es\/#\/schema\/logo\/image\/","url":"https:\/\/www.11onze.cat\/wp-content\/uploads\/2021\/04\/512x512-11Onze.jpg","contentUrl":"https:\/\/www.11onze.cat\/wp-content\/uploads\/2021\/04\/512x512-11Onze.jpg","width":512,"height":512,"caption":"11Onze"},"image":{"@id":"https:\/\/www.11onze.cat\/es\/#\/schema\/logo\/image\/"},"sameAs":["https:\/\/www.facebook.com\/11OnzeComunitat","https:\/\/x.com\/11OnzeFintech","https:\/\/www.instagram.com\/11onzecat\/","https:\/\/www.linkedin.com\/company\/11onzebanc","https:\/\/www.youtube.com\/channel\/UCz63R8Byd_kBKtK2M4Qf_7w"]},{"@type":"Person","@id":"https:\/\/www.11onze.cat\/es\/#\/schema\/person\/636d99b4c82bb7178687ecd43c3a61bd","name":"Equip Editorial","image":{"@type":"ImageObject","inLanguage":"es","@id":"https:\/\/www.11onze.cat\/wp-content\/uploads\/2022\/05\/HEADER_AGENTS_DECK-300x300.jpg","url":"https:\/\/www.11onze.cat\/wp-content\/uploads\/2022\/05\/HEADER_AGENTS_DECK-300x300.jpg","contentUrl":"https:\/\/www.11onze.cat\/wp-content\/uploads\/2022\/05\/HEADER_AGENTS_DECK-300x300.jpg","caption":"Equip Editorial"},"url":"https:\/\/www.11onze.cat\/es\/magazine\/author\/equip-editorial-11onze\/"}]}},"_links":{"self":[{"href":"https:\/\/www.11onze.cat\/es\/wp-json\/wp\/v2\/posts\/44918","targetHints":{"allow":["GET"]}}],"collection":[{"href":"https:\/\/www.11onze.cat\/es\/wp-json\/wp\/v2\/posts"}],"about":[{"href":"https:\/\/www.11onze.cat\/es\/wp-json\/wp\/v2\/types\/post"}],"author":[{"embeddable":true,"href":"https:\/\/www.11onze.cat\/es\/wp-json\/wp\/v2\/users\/71"}],"replies":[{"embeddable":true,"href":"https:\/\/www.11onze.cat\/es\/wp-json\/wp\/v2\/comments?post=44918"}],"version-history":[{"count":0,"href":"https:\/\/www.11onze.cat\/es\/wp-json\/wp\/v2\/posts\/44918\/revisions"}],"wp:featuredmedia":[{"embeddable":true,"href":"https:\/\/www.11onze.cat\/es\/wp-json\/wp\/v2\/media\/44916"}],"wp:attachment":[{"href":"https:\/\/www.11onze.cat\/es\/wp-json\/wp\/v2\/media?parent=44918"}],"wp:term":[{"taxonomy":"category","embeddable":true,"href":"https:\/\/www.11onze.cat\/es\/wp-json\/wp\/v2\/categories?post=44918"},{"taxonomy":"post_tag","embeddable":true,"href":"https:\/\/www.11onze.cat\/es\/wp-json\/wp\/v2\/tags?post=44918"}],"curies":[{"name":"wp","href":"https:\/\/api.w.org\/{rel}","templated":true}]}}