{"id":44811,"date":"2023-11-20T09:00:00","date_gmt":"2023-11-20T08:00:00","guid":{"rendered":"https:\/\/www.11onze.cat\/?p=44811"},"modified":"2023-11-20T08:31:51","modified_gmt":"2023-11-20T07:31:51","slug":"deficit-publico-ue-vacas-flacas-2024","status":"publish","type":"post","link":"https:\/\/www.11onze.cat\/es\/magazine\/deficit-publico-ue-vacas-flacas-2024\/","title":{"rendered":"D\u00e9ficit p\u00fablico UE: \u00bfvacas flacas para el 2024?"},"content":{"rendered":"<div class=\"component text\">\n  <div class=\"container\">\n\n\n    <div class=\"row\">\n      <div class=\"col  col-lg-8  offset-lg-2\">\n        <h3><b>Las nuevas directrices de la Uni\u00f3n Europea dejan atr\u00e1s la relajaci\u00f3n fiscal aprobada durante la pandemia y hacen resurgir el fantasma de las pol\u00edticas de austeridad.<\/b><\/h3>\n<p>&nbsp;<\/p>\n<p><span style=\"font-weight: 400;\">En marzo del 2020 la Uni\u00f3n Europea suspendi\u00f3 temporalmente las reglas fiscales recogidas en el Pacto de Estabilidad y Crecimiento, <\/span><b>para que los pa\u00edses pudieran aumentar su gasto p\u00fablico para hacer frente al impacto de la pandemia<\/b><span style=\"font-weight: 400;\">. Esto supuso congelar los l\u00edmites del 3% y del 60% del PIB para el d\u00e9ficit y la deuda, respectivamente.<\/span><\/p>\n<p><span style=\"font-weight: 400;\">La Comisi\u00f3n Europea ha decidido <\/span><b>alargar la suspensi\u00f3n de estas reglas fiscales hasta finales del 2023 a causa del impacto del conflicto en Ucrania:<\/b><span style=\"font-weight: 400;\"> \u00abLa pr\u00f3rroga de la cl\u00e1usula general de escape hasta 2023 reconoce el alta incertidumbre y grandes riesgos en una situaci\u00f3n en la cual el estado de la econom\u00eda europea no se ha normalizado\u00bb, explicaba el comisario europeo de asuntos econ\u00f3micos, Paolo Gentiloni.<\/span><\/p>\n<p><span style=\"font-weight: 400;\">Aun as\u00ed, quiere <\/span><b>que se vuelvan a reactivar a partir del 2024<\/b><span style=\"font-weight: 400;\"> y ya tiene redactadas las nuevas normas fiscales, incorporando algunos elementos de un nuevo marco en el cual la Comisi\u00f3n Europea est\u00e1 trabajando y que est\u00e1 previsto que entre en vigor el 2025.<\/span><\/p>\n<p>&nbsp;<\/p>\n<h3><b>Bruselas dar\u00e1 m\u00e1s margen a los estados<\/b><\/h3>\n<p>&nbsp;<\/p>\n<p><span style=\"font-weight: 400;\">La UE relaja las reglas del juego para facilitar que los estados puedan cuadrar sus cuentas evitando los recortes indiscriminados a consecuencia de <\/span><b>las agresivas pol\u00edticas de austeridad adoptadas despu\u00e9s de la crisis de 2008<\/b><span style=\"font-weight: 400;\">, que comportaron miseria para la poblaci\u00f3n y as\u00ed como provocar una ruptura entre los pa\u00edses endeudados del sur y sus socios del norte.<\/span><\/p>\n<p><span style=\"font-weight: 400;\">No obstante, Bruselas ha tenido en cuenta las sensibilidades de pa\u00edses como Alemania que quieren <\/span><b>asegurar el cumplimiento de las reglas y delimitar claramente los l\u00edmites de d\u00e9ficit<\/b><span style=\"font-weight: 400;\">. En este sentido, incluir\u00e1 sanciones en caso de incumplimientos y propone una reducci\u00f3n anual del 0,5% de la deuda p\u00fablica para los estados que la superen el l\u00edmite acordado.<\/span><\/p>\n<p><span style=\"font-weight: 400;\">Del mismo modo, la Comisi\u00f3n se cura en salud y <\/span><b>pasa la responsabilidad de asumir los compromisos fiscales en los Estados<\/b><span style=\"font-weight: 400;\">, que tendr\u00e1n que presentar sus planes a cuatro a\u00f1os vista y responsabilizarse de futuros recortes sin poder se\u00f1alar en Bruselas. \u00abLas nuevas propuestas dan m\u00e1s flexibilidad a los Estados miembros para dise\u00f1ar sus trayectorias fiscales, pero, como contrapartida, tendr\u00e1n que rendir cuentas de manera m\u00e1s cre\u00edble\u00bb, apuntaba Gentiloni.<\/span><\/p>\n<p>&nbsp;<\/p>\n<h3><b>Sindicatos europeos critican la propuesta<\/b><\/h3>\n<p>&nbsp;<\/p>\n<p><span style=\"font-weight: 400;\">La Confederaci\u00f3n Europea de Sindicatos (ETUC, por sus siglas en ingl\u00e9s) argumenta que <\/span><b>estas medidas significar\u00e1n: \u201cm\u00e1s pobreza, menos trabajo y salarios m\u00e1s bajos\u00bb<\/b><span style=\"font-weight: 400;\">, alertaba Esther Lynch, secretar\u00eda general de la ETUC. La organizaci\u00f3n avisa que 10 estados miembros, entre ellos Espa\u00f1a, tienen un d\u00e9ficit superior al 3%, y tendr\u00e1n que adoptar recortes de gastos el pr\u00f3ximo a\u00f1o, corriendo el riesgo de abrir el camino de retorno a la austeridad.<\/span><\/p>\n<p><span style=\"font-weight: 400;\">El organismo ha calculado que la propuesta legislativa de Bruselas obligar\u00eda a los Estados miembros con un d\u00e9ficit superior al l\u00edmite del 3% a <\/span><b>recortar el gasto p\u00fablico en 45.000 millones de euros durante el 2024<\/b><span style=\"font-weight: 400;\"> o a subir los impuestos en una misma cantidad. Adem\u00e1s, afirma que esto provocar\u00eda que estos estados no puedan cumplir con los objetivos de la UE para la inversi\u00f3n en la econom\u00eda verde y digital.<\/span><\/p>\n<p><span style=\"font-weight: 400;\">En este contexto, la organizaci\u00f3n pide que se mantenga los fondos europeos para la recuperaci\u00f3n, introducidos durante la pandemia como mecanismo de solidaridad para garantizar la igualdad de condiciones en el \u00e1mbito de las inversiones entre los Estados miembros. Del mismo modo, proponen <\/span><b>\u201cun r\u00e9gimen justo de fiscalidad empresarial que pueda financiar un nivel m\u00ednimo de inversiones estatales en los presupuestos nacionales\u201d<\/b><span style=\"font-weight: 400;\">, evitando la concesi\u00f3n de fondos p\u00fablicos a empresas que practiquen la evasi\u00f3n fiscal.<\/span><\/p>\n<p><span style=\"font-weight: 400;\">La desconfianza de los sindicatos y de algunos pa\u00edses sobre las decisiones el Ejecutivo europeo no son nuevas, pero <\/span><b>plenamente justificadas teniendo en cuenta las actuaciones anteriores ante las crisis de deuda<\/b><span style=\"font-weight: 400;\">. Queda por ver c\u00f3mo ser\u00e1 la aplicaci\u00f3n de las nuevas reglas fiscales, por el momento, Bruselas ya ha pedido a Espa\u00f1a que limite sus planes de gasto p\u00fablico por el 2024 a fin de ce\u00f1irse a los pr\u00f3ximos ajustes fiscales.<\/span><\/p>\n<p>&nbsp;<\/p>\n<p><b>Si quieres descubrir la mejor opci\u00f3n para proteger tus ahorros, entra en <\/b><a href=\"https:\/\/serveis.11onze.cat\/es\/preciosos-11onze\"><b>Preciosos 11Onze<\/b><\/a><b>. Te ayudaremos a comprar al mejor precio el valor refugio por excelencia: el oro f\u00edsico.<\/b><\/p>\n\n      <\/div>\n    <\/div>\n  <\/div>\n<\/div>\n\n\n<div class=\"component cards\">\n  <div class=\"container\">\n    <div class=\"row\">\n      <div class=\"col col-xl-8 offset-xl-2\">\n        <div class=\"cards__wrapper\">\n          <div class=\"card\">\n            <a href=\"https:\/\/www.11onze.cat\/es\/magazine\/espana-cuadruplica-deuda-15-anos\/\" class=\"card-link\" target=\"_self\"><\/a>\n            <div class=\"card-img\">\n              <img decoding=\"async\" src=\"https:\/\/www.11onze.cat\/wp-content\/uploads\/2022\/06\/THUMBNAIL_DEUTE_ESPANYA.jpg\" class=\"card-img-top\" alt=\"\">\n                <span class=\"card-category\">Econom\u00eda<\/span>\n            <\/div>\n            <div class=\"card-body\">\n              <p class=\"card-title p2\"><strong>Espa\u00f1a casi cuadruplica su deuda en 15 a\u00f1os<\/strong><\/p>\n              <span class=\"card-time\">4min lectura<\/span>\n              <p class=\"card-text small\">Espa\u00f1a ha pasado de una deuda p\u00fablica de 384.662 millones&#8230;<\/p>\n            <\/div>\n          <\/div>\n\n\n          <div class=\"card\">\n            <a href=\"https:\/\/www.11onze.cat\/es\/magazine\/marcha-atras-bce-encarece-deuda-publica\/\" class=\"card-link\" target=\"_self\"><\/a>\n            <div class=\"card-img\">\n              <img decoding=\"async\" src=\"https:\/\/www.11onze.cat\/wp-content\/uploads\/2023\/03\/THUMBNAIL_MARXA_BCE.jpg\" class=\"card-img-top\" alt=\"\">\n                <span class=\"card-category\">Econom\u00eda<\/span>\n            <\/div>\n            <div class=\"card-body\">\n              <p class=\"card-title p2\"><strong>La marcha atr\u00e1s del BCE encarece la deuda p\u00fablica<\/strong><\/p>\n              <span class=\"card-time\">5min lectura<\/span>\n              <p class=\"card-text small\">El Banco Central Europeo ya ha empezado a reducir&#8230;<\/p>\n            <\/div>\n          <\/div>\n\n\n          <div class=\"card\">\n            <a href=\"https:\/\/www.11onze.cat\/es\/magazine\/deuda-publica-importante\/\" class=\"card-link\" target=\"_self\"><\/a>\n            <div class=\"card-img\">\n              <img decoding=\"async\" src=\"https:\/\/www.11onze.cat\/wp-content\/uploads\/2022\/10\/THUMBNAIL_DEUTE_PUBLIC_IMPORTANT.jpg\" class=\"card-img-top\" alt=\"\">\n                <span class=\"card-category\">Econom\u00eda<\/span>\n            <\/div>\n            <div class=\"card-body\">\n              <p class=\"card-title p2\"><strong>\u00bfQu\u00e9 es la deuda p\u00fablica y por qu\u00e9 es importante?<\/strong><\/p>\n              <span class=\"card-time\">5min lectura<\/span>\n              <p class=\"card-text small\">Del mismo modo que solicitamos cr\u00e9ditos y otros mecanismos&#8230;<\/p>\n            <\/div>\n          <\/div>\n\n              <\/div>\n              <br>\n              <br>\n              <div class=\"cards__wrapper\">\n\n        <\/div>\n      <\/div>\n    <\/div>\n  <\/div>\n<\/div>","protected":false},"excerpt":{"rendered":"","protected":false},"author":71,"featured_media":44805,"comment_status":"open","ping_status":"closed","sticky":false,"template":"","format":"standard","meta":{"_acf_changed":false,"content-type":"","footnotes":""},"categories":[28],"tags":[174],"class_list":["post-44811","post","type-post","status-publish","format-standard","has-post-thumbnail","hentry","category-sin-categorizar","tag-economia-es"],"acf":[],"yoast_head":"<!-- This site is optimized with the Yoast SEO plugin v27.4 - https:\/\/yoast.com\/product\/yoast-seo-wordpress\/ -->\n<title>D\u00e9ficit p\u00fablico UE: \u00bfvacas flacas para el 2024? - 11Onze<\/title>\n<meta name=\"robots\" content=\"index, follow, max-snippet:-1, max-image-preview:large, max-video-preview:-1\" \/>\n<link rel=\"canonical\" href=\"https:\/\/www.11onze.cat\/es\/magazine\/deficit-publico-ue-vacas-flacas-2024\/\" \/>\n<meta property=\"og:locale\" content=\"es_ES\" \/>\n<meta property=\"og:type\" content=\"article\" \/>\n<meta property=\"og:title\" content=\"D\u00e9ficit p\u00fablico UE: \u00bfvacas flacas para el 2024? - 11Onze\" \/>\n<meta property=\"og:url\" content=\"https:\/\/www.11onze.cat\/es\/magazine\/deficit-publico-ue-vacas-flacas-2024\/\" \/>\n<meta property=\"og:site_name\" content=\"11Onze\" \/>\n<meta property=\"article:publisher\" content=\"https:\/\/www.facebook.com\/11OnzeComunitat\" \/>\n<meta property=\"article:published_time\" content=\"2023-11-20T08:00:00+00:00\" \/>\n<meta property=\"og:image\" content=\"https:\/\/www.11onze.cat\/wp-content\/uploads\/2023\/06\/11ONZE_DEFICIT_PUBLIC-800x450.jpg\" \/>\n<meta name=\"author\" content=\"Equip Editorial\" \/>\n<meta name=\"twitter:card\" content=\"summary_large_image\" \/>\n<meta name=\"twitter:image\" content=\"https:\/\/www.11onze.cat\/wp-content\/uploads\/2023\/06\/11ONZE_DEFICIT_PUBLIC-800x450.jpg\" \/>\n<meta name=\"twitter:creator\" content=\"@11OnzeFintech\" \/>\n<meta name=\"twitter:site\" content=\"@11OnzeFintech\" \/>\n<meta name=\"twitter:label1\" content=\"Escrito por\" \/>\n\t<meta name=\"twitter:data1\" content=\"Equip Editorial\" \/>\n<script type=\"application\/ld+json\" class=\"yoast-schema-graph\">{\"@context\":\"https:\\\/\\\/schema.org\",\"@graph\":[{\"@type\":\"Article\",\"@id\":\"https:\\\/\\\/www.11onze.cat\\\/es\\\/magazine\\\/deficit-publico-ue-vacas-flacas-2024\\\/#article\",\"isPartOf\":{\"@id\":\"https:\\\/\\\/www.11onze.cat\\\/es\\\/magazine\\\/deficit-publico-ue-vacas-flacas-2024\\\/\"},\"author\":{\"name\":\"Equip Editorial\",\"@id\":\"https:\\\/\\\/www.11onze.cat\\\/es\\\/#\\\/schema\\\/person\\\/636d99b4c82bb7178687ecd43c3a61bd\"},\"headline\":\"D\u00e9ficit p\u00fablico UE: \u00bfvacas flacas para el 2024?\",\"datePublished\":\"2023-11-20T08:00:00+00:00\",\"mainEntityOfPage\":{\"@id\":\"https:\\\/\\\/www.11onze.cat\\\/es\\\/magazine\\\/deficit-publico-ue-vacas-flacas-2024\\\/\"},\"wordCount\":9,\"commentCount\":0,\"publisher\":{\"@id\":\"https:\\\/\\\/www.11onze.cat\\\/es\\\/#organization\"},\"image\":{\"@id\":\"https:\\\/\\\/www.11onze.cat\\\/es\\\/magazine\\\/deficit-publico-ue-vacas-flacas-2024\\\/#primaryimage\"},\"thumbnailUrl\":\"https:\\\/\\\/www.11onze.cat\\\/wp-content\\\/uploads\\\/2023\\\/06\\\/THUMBNAIL_DEFICIT_PUBLIC.jpg\",\"keywords\":[\"Econom\u00eda\"],\"articleSection\":[\"Sin categorizar\"],\"inLanguage\":\"es\",\"potentialAction\":[{\"@type\":\"CommentAction\",\"name\":\"Comment\",\"target\":[\"https:\\\/\\\/www.11onze.cat\\\/es\\\/magazine\\\/deficit-publico-ue-vacas-flacas-2024\\\/#respond\"]}]},{\"@type\":\"WebPage\",\"@id\":\"https:\\\/\\\/www.11onze.cat\\\/es\\\/magazine\\\/deficit-publico-ue-vacas-flacas-2024\\\/\",\"url\":\"https:\\\/\\\/www.11onze.cat\\\/es\\\/magazine\\\/deficit-publico-ue-vacas-flacas-2024\\\/\",\"name\":\"D\u00e9ficit p\u00fablico UE: \u00bfvacas flacas para el 2024? - 11Onze\",\"isPartOf\":{\"@id\":\"https:\\\/\\\/www.11onze.cat\\\/es\\\/#website\"},\"primaryImageOfPage\":{\"@id\":\"https:\\\/\\\/www.11onze.cat\\\/es\\\/magazine\\\/deficit-publico-ue-vacas-flacas-2024\\\/#primaryimage\"},\"image\":{\"@id\":\"https:\\\/\\\/www.11onze.cat\\\/es\\\/magazine\\\/deficit-publico-ue-vacas-flacas-2024\\\/#primaryimage\"},\"thumbnailUrl\":\"https:\\\/\\\/www.11onze.cat\\\/wp-content\\\/uploads\\\/2023\\\/06\\\/THUMBNAIL_DEFICIT_PUBLIC.jpg\",\"datePublished\":\"2023-11-20T08:00:00+00:00\",\"breadcrumb\":{\"@id\":\"https:\\\/\\\/www.11onze.cat\\\/es\\\/magazine\\\/deficit-publico-ue-vacas-flacas-2024\\\/#breadcrumb\"},\"inLanguage\":\"es\",\"potentialAction\":[{\"@type\":\"ReadAction\",\"target\":[\"https:\\\/\\\/www.11onze.cat\\\/es\\\/magazine\\\/deficit-publico-ue-vacas-flacas-2024\\\/\"]}]},{\"@type\":\"ImageObject\",\"inLanguage\":\"es\",\"@id\":\"https:\\\/\\\/www.11onze.cat\\\/es\\\/magazine\\\/deficit-publico-ue-vacas-flacas-2024\\\/#primaryimage\",\"url\":\"https:\\\/\\\/www.11onze.cat\\\/wp-content\\\/uploads\\\/2023\\\/06\\\/THUMBNAIL_DEFICIT_PUBLIC.jpg\",\"contentUrl\":\"https:\\\/\\\/www.11onze.cat\\\/wp-content\\\/uploads\\\/2023\\\/06\\\/THUMBNAIL_DEFICIT_PUBLIC.jpg\",\"width\":1200,\"height\":800},{\"@type\":\"BreadcrumbList\",\"@id\":\"https:\\\/\\\/www.11onze.cat\\\/es\\\/magazine\\\/deficit-publico-ue-vacas-flacas-2024\\\/#breadcrumb\",\"itemListElement\":[{\"@type\":\"ListItem\",\"position\":1,\"name\":\"Home\",\"item\":\"https:\\\/\\\/www.11onze.cat\\\/es\\\/\"},{\"@type\":\"ListItem\",\"position\":2,\"name\":\"D\u00e9ficit p\u00fablico UE: \u00bfvacas flacas para el 2024?\"}]},{\"@type\":\"WebSite\",\"@id\":\"https:\\\/\\\/www.11onze.cat\\\/es\\\/#website\",\"url\":\"https:\\\/\\\/www.11onze.cat\\\/es\\\/\",\"name\":\"11Onze\",\"description\":\"Primera comunidad fintech digital en Catalu\u00f1a\",\"publisher\":{\"@id\":\"https:\\\/\\\/www.11onze.cat\\\/es\\\/#organization\"},\"potentialAction\":[{\"@type\":\"SearchAction\",\"target\":{\"@type\":\"EntryPoint\",\"urlTemplate\":\"https:\\\/\\\/www.11onze.cat\\\/es\\\/?s={search_term_string}\"},\"query-input\":{\"@type\":\"PropertyValueSpecification\",\"valueRequired\":true,\"valueName\":\"search_term_string\"}}],\"inLanguage\":\"es\"},{\"@type\":\"Organization\",\"@id\":\"https:\\\/\\\/www.11onze.cat\\\/es\\\/#organization\",\"name\":\"11Onze\",\"url\":\"https:\\\/\\\/www.11onze.cat\\\/es\\\/\",\"logo\":{\"@type\":\"ImageObject\",\"inLanguage\":\"es\",\"@id\":\"https:\\\/\\\/www.11onze.cat\\\/es\\\/#\\\/schema\\\/logo\\\/image\\\/\",\"url\":\"https:\\\/\\\/www.11onze.cat\\\/wp-content\\\/uploads\\\/2021\\\/04\\\/512x512-11Onze.jpg\",\"contentUrl\":\"https:\\\/\\\/www.11onze.cat\\\/wp-content\\\/uploads\\\/2021\\\/04\\\/512x512-11Onze.jpg\",\"width\":512,\"height\":512,\"caption\":\"11Onze\"},\"image\":{\"@id\":\"https:\\\/\\\/www.11onze.cat\\\/es\\\/#\\\/schema\\\/logo\\\/image\\\/\"},\"sameAs\":[\"https:\\\/\\\/www.facebook.com\\\/11OnzeComunitat\",\"https:\\\/\\\/x.com\\\/11OnzeFintech\",\"https:\\\/\\\/www.instagram.com\\\/11onzecat\\\/\",\"https:\\\/\\\/www.linkedin.com\\\/company\\\/11onzebanc\",\"https:\\\/\\\/www.youtube.com\\\/channel\\\/UCz63R8Byd_kBKtK2M4Qf_7w\"]},{\"@type\":\"Person\",\"@id\":\"https:\\\/\\\/www.11onze.cat\\\/es\\\/#\\\/schema\\\/person\\\/636d99b4c82bb7178687ecd43c3a61bd\",\"name\":\"Equip Editorial\",\"image\":{\"@type\":\"ImageObject\",\"inLanguage\":\"es\",\"@id\":\"https:\\\/\\\/www.11onze.cat\\\/wp-content\\\/uploads\\\/2022\\\/05\\\/HEADER_AGENTS_DECK-300x300.jpg\",\"url\":\"https:\\\/\\\/www.11onze.cat\\\/wp-content\\\/uploads\\\/2022\\\/05\\\/HEADER_AGENTS_DECK-300x300.jpg\",\"contentUrl\":\"https:\\\/\\\/www.11onze.cat\\\/wp-content\\\/uploads\\\/2022\\\/05\\\/HEADER_AGENTS_DECK-300x300.jpg\",\"caption\":\"Equip Editorial\"},\"url\":\"https:\\\/\\\/www.11onze.cat\\\/es\\\/magazine\\\/author\\\/equip-editorial-11onze\\\/\"}]}<\/script>\n<!-- \/ Yoast SEO plugin. -->","yoast_head_json":{"title":"D\u00e9ficit p\u00fablico UE: \u00bfvacas flacas para el 2024? - 11Onze","robots":{"index":"index","follow":"follow","max-snippet":"max-snippet:-1","max-image-preview":"max-image-preview:large","max-video-preview":"max-video-preview:-1"},"canonical":"https:\/\/www.11onze.cat\/es\/magazine\/deficit-publico-ue-vacas-flacas-2024\/","og_locale":"es_ES","og_type":"article","og_title":"D\u00e9ficit p\u00fablico UE: \u00bfvacas flacas para el 2024? - 11Onze","og_url":"https:\/\/www.11onze.cat\/es\/magazine\/deficit-publico-ue-vacas-flacas-2024\/","og_site_name":"11Onze","article_publisher":"https:\/\/www.facebook.com\/11OnzeComunitat","article_published_time":"2023-11-20T08:00:00+00:00","og_image":[{"url":"https:\/\/www.11onze.cat\/wp-content\/uploads\/2023\/06\/11ONZE_DEFICIT_PUBLIC-800x450.jpg","type":"","width":"","height":""}],"author":"Equip Editorial","twitter_card":"summary_large_image","twitter_image":"https:\/\/www.11onze.cat\/wp-content\/uploads\/2023\/06\/11ONZE_DEFICIT_PUBLIC-800x450.jpg","twitter_creator":"@11OnzeFintech","twitter_site":"@11OnzeFintech","twitter_misc":{"Escrito por":"Equip Editorial"},"schema":{"@context":"https:\/\/schema.org","@graph":[{"@type":"Article","@id":"https:\/\/www.11onze.cat\/es\/magazine\/deficit-publico-ue-vacas-flacas-2024\/#article","isPartOf":{"@id":"https:\/\/www.11onze.cat\/es\/magazine\/deficit-publico-ue-vacas-flacas-2024\/"},"author":{"name":"Equip Editorial","@id":"https:\/\/www.11onze.cat\/es\/#\/schema\/person\/636d99b4c82bb7178687ecd43c3a61bd"},"headline":"D\u00e9ficit p\u00fablico UE: \u00bfvacas flacas para el 2024?","datePublished":"2023-11-20T08:00:00+00:00","mainEntityOfPage":{"@id":"https:\/\/www.11onze.cat\/es\/magazine\/deficit-publico-ue-vacas-flacas-2024\/"},"wordCount":9,"commentCount":0,"publisher":{"@id":"https:\/\/www.11onze.cat\/es\/#organization"},"image":{"@id":"https:\/\/www.11onze.cat\/es\/magazine\/deficit-publico-ue-vacas-flacas-2024\/#primaryimage"},"thumbnailUrl":"https:\/\/www.11onze.cat\/wp-content\/uploads\/2023\/06\/THUMBNAIL_DEFICIT_PUBLIC.jpg","keywords":["Econom\u00eda"],"articleSection":["Sin categorizar"],"inLanguage":"es","potentialAction":[{"@type":"CommentAction","name":"Comment","target":["https:\/\/www.11onze.cat\/es\/magazine\/deficit-publico-ue-vacas-flacas-2024\/#respond"]}]},{"@type":"WebPage","@id":"https:\/\/www.11onze.cat\/es\/magazine\/deficit-publico-ue-vacas-flacas-2024\/","url":"https:\/\/www.11onze.cat\/es\/magazine\/deficit-publico-ue-vacas-flacas-2024\/","name":"D\u00e9ficit p\u00fablico UE: \u00bfvacas flacas para el 2024? - 11Onze","isPartOf":{"@id":"https:\/\/www.11onze.cat\/es\/#website"},"primaryImageOfPage":{"@id":"https:\/\/www.11onze.cat\/es\/magazine\/deficit-publico-ue-vacas-flacas-2024\/#primaryimage"},"image":{"@id":"https:\/\/www.11onze.cat\/es\/magazine\/deficit-publico-ue-vacas-flacas-2024\/#primaryimage"},"thumbnailUrl":"https:\/\/www.11onze.cat\/wp-content\/uploads\/2023\/06\/THUMBNAIL_DEFICIT_PUBLIC.jpg","datePublished":"2023-11-20T08:00:00+00:00","breadcrumb":{"@id":"https:\/\/www.11onze.cat\/es\/magazine\/deficit-publico-ue-vacas-flacas-2024\/#breadcrumb"},"inLanguage":"es","potentialAction":[{"@type":"ReadAction","target":["https:\/\/www.11onze.cat\/es\/magazine\/deficit-publico-ue-vacas-flacas-2024\/"]}]},{"@type":"ImageObject","inLanguage":"es","@id":"https:\/\/www.11onze.cat\/es\/magazine\/deficit-publico-ue-vacas-flacas-2024\/#primaryimage","url":"https:\/\/www.11onze.cat\/wp-content\/uploads\/2023\/06\/THUMBNAIL_DEFICIT_PUBLIC.jpg","contentUrl":"https:\/\/www.11onze.cat\/wp-content\/uploads\/2023\/06\/THUMBNAIL_DEFICIT_PUBLIC.jpg","width":1200,"height":800},{"@type":"BreadcrumbList","@id":"https:\/\/www.11onze.cat\/es\/magazine\/deficit-publico-ue-vacas-flacas-2024\/#breadcrumb","itemListElement":[{"@type":"ListItem","position":1,"name":"Home","item":"https:\/\/www.11onze.cat\/es\/"},{"@type":"ListItem","position":2,"name":"D\u00e9ficit p\u00fablico UE: \u00bfvacas flacas para el 2024?"}]},{"@type":"WebSite","@id":"https:\/\/www.11onze.cat\/es\/#website","url":"https:\/\/www.11onze.cat\/es\/","name":"11Onze","description":"Primera comunidad fintech digital en Catalu\u00f1a","publisher":{"@id":"https:\/\/www.11onze.cat\/es\/#organization"},"potentialAction":[{"@type":"SearchAction","target":{"@type":"EntryPoint","urlTemplate":"https:\/\/www.11onze.cat\/es\/?s={search_term_string}"},"query-input":{"@type":"PropertyValueSpecification","valueRequired":true,"valueName":"search_term_string"}}],"inLanguage":"es"},{"@type":"Organization","@id":"https:\/\/www.11onze.cat\/es\/#organization","name":"11Onze","url":"https:\/\/www.11onze.cat\/es\/","logo":{"@type":"ImageObject","inLanguage":"es","@id":"https:\/\/www.11onze.cat\/es\/#\/schema\/logo\/image\/","url":"https:\/\/www.11onze.cat\/wp-content\/uploads\/2021\/04\/512x512-11Onze.jpg","contentUrl":"https:\/\/www.11onze.cat\/wp-content\/uploads\/2021\/04\/512x512-11Onze.jpg","width":512,"height":512,"caption":"11Onze"},"image":{"@id":"https:\/\/www.11onze.cat\/es\/#\/schema\/logo\/image\/"},"sameAs":["https:\/\/www.facebook.com\/11OnzeComunitat","https:\/\/x.com\/11OnzeFintech","https:\/\/www.instagram.com\/11onzecat\/","https:\/\/www.linkedin.com\/company\/11onzebanc","https:\/\/www.youtube.com\/channel\/UCz63R8Byd_kBKtK2M4Qf_7w"]},{"@type":"Person","@id":"https:\/\/www.11onze.cat\/es\/#\/schema\/person\/636d99b4c82bb7178687ecd43c3a61bd","name":"Equip Editorial","image":{"@type":"ImageObject","inLanguage":"es","@id":"https:\/\/www.11onze.cat\/wp-content\/uploads\/2022\/05\/HEADER_AGENTS_DECK-300x300.jpg","url":"https:\/\/www.11onze.cat\/wp-content\/uploads\/2022\/05\/HEADER_AGENTS_DECK-300x300.jpg","contentUrl":"https:\/\/www.11onze.cat\/wp-content\/uploads\/2022\/05\/HEADER_AGENTS_DECK-300x300.jpg","caption":"Equip Editorial"},"url":"https:\/\/www.11onze.cat\/es\/magazine\/author\/equip-editorial-11onze\/"}]}},"_links":{"self":[{"href":"https:\/\/www.11onze.cat\/es\/wp-json\/wp\/v2\/posts\/44811","targetHints":{"allow":["GET"]}}],"collection":[{"href":"https:\/\/www.11onze.cat\/es\/wp-json\/wp\/v2\/posts"}],"about":[{"href":"https:\/\/www.11onze.cat\/es\/wp-json\/wp\/v2\/types\/post"}],"author":[{"embeddable":true,"href":"https:\/\/www.11onze.cat\/es\/wp-json\/wp\/v2\/users\/71"}],"replies":[{"embeddable":true,"href":"https:\/\/www.11onze.cat\/es\/wp-json\/wp\/v2\/comments?post=44811"}],"version-history":[{"count":0,"href":"https:\/\/www.11onze.cat\/es\/wp-json\/wp\/v2\/posts\/44811\/revisions"}],"wp:featuredmedia":[{"embeddable":true,"href":"https:\/\/www.11onze.cat\/es\/wp-json\/wp\/v2\/media\/44805"}],"wp:attachment":[{"href":"https:\/\/www.11onze.cat\/es\/wp-json\/wp\/v2\/media?parent=44811"}],"wp:term":[{"taxonomy":"category","embeddable":true,"href":"https:\/\/www.11onze.cat\/es\/wp-json\/wp\/v2\/categories?post=44811"},{"taxonomy":"post_tag","embeddable":true,"href":"https:\/\/www.11onze.cat\/es\/wp-json\/wp\/v2\/tags?post=44811"}],"curies":[{"name":"wp","href":"https:\/\/api.w.org\/{rel}","templated":true}]}}