{"id":43193,"date":"2024-03-05T09:00:00","date_gmt":"2024-03-05T08:00:00","guid":{"rendered":"https:\/\/www.11onze.cat\/?p=43193"},"modified":"2024-03-12T10:37:26","modified_gmt":"2024-03-12T09:37:26","slug":"blackrock-principal-accionista-banca","status":"publish","type":"post","link":"https:\/\/www.11onze.cat\/es\/magazine\/blackrock-principal-accionista-banca\/","title":{"rendered":"BlackRock: principal accionista de la banca"},"content":{"rendered":"<div class=\"component text\">\n  <div class=\"container\">\n\n\n    <div class=\"row\">\n      <div class=\"col  col-lg-8  offset-lg-2\">\n        <h3><b>La gestora de fondos de inversi\u00f3n norteamericana se consolida como la mayor accionista del Banco Sabadell, Banco Santander y BBVA, mientras aumenta o mantiene su posici\u00f3n como una de las principales inversoras de CaixaBank, Bankinter y Unicaja.<\/b><\/h3>\n<p>&nbsp;<\/p>\n<p><span style=\"font-weight: 400;\">BlackRock, con sede en Nueva York, es <\/span><b>la gestora de activos m\u00e1s grande del mundo.<\/b><span style=\"font-weight: 400;\"> Con m\u00e1s de 9 billones de d\u00f3lares en activos bajo gesti\u00f3n, 70 oficinas en 30 pa\u00edses y con clientes en m\u00e1s de 100, su capacidad de influencia se extiende mucho m\u00e1s all\u00e1 de Wall Street, gestionando inversiones para clientes que van desde inversores particulares hasta grandes empresas y gobiernos.<\/span><\/p>\n<p><span style=\"font-weight: 400;\">La lista de corporaciones con activos bajo su tutela es casi interminable: desde tecnol\u00f3gicas como <\/span><b>Apple, Meta y Microsoft<\/b><span style=\"font-weight: 400;\">, pasando por petroleras como <\/span><b>ExxonMobil, Chevron y Shell<\/b><span style=\"font-weight: 400;\">, hasta bancos como <\/span><b>Goldman Sachs, JPMorgan y Bank of America.<\/b><span style=\"font-weight: 400;\"> De hecho, ser\u00eda m\u00e1s f\u00e1cil enumerar \u2018las pocas\u2019 grandes empresas globales que no son parte de la cartera burs\u00e1til de BlackRock.<\/span><\/p>\n<p><span style=\"font-weight: 400;\">En el Estado espa\u00f1ol, la presencia del gigante de inversiones estadounidense est\u00e1 muy consolidada. <\/span><b>BlackRock es el principal accionista del Ibex-35<\/b><span style=\"font-weight: 400;\">, duplicando su plantilla en los \u00faltimos cinco a\u00f1os y controlando 42.000 millones de euros en activos de inversi\u00f3n. Iberdrola, Red El\u00e9ctrica, Repsol, Enag\u00e1s, Telef\u00f3nica\u2026 y, seg\u00fan datos de la Comisi\u00f3n Nacional del Mercado de Valores (CNMV), tambi\u00e9n amo y se\u00f1or de la banca espa\u00f1ola.<\/span><\/p>\n<p>&nbsp;<\/p>\n<h3><b>M\u00e1s del 25% del accionariado con una inversi\u00f3n que supera los 6.000 millones<\/b><\/h3>\n<p><span style=\"font-weight: 400;\">La presencia de BlackRock al accionariado de la banca espa\u00f1ola ha ido <\/span><b>aumentando progresivamente durante los \u00faltimos a\u00f1os,<\/b><span style=\"font-weight: 400;\"> afianzando su posici\u00f3n como principal accionista de referencia del sector bancario del Estado.<\/span><\/p>\n<p><span style=\"font-weight: 400;\">En el caso del <\/span><b>BBVA, el Banco Santander y el Banco Sabadell<\/b><span style=\"font-weight: 400;\">, BlackRock se posiciona como su mayor accionista con una participaci\u00f3n del 7,4%, 6,2% y 4.46% respectivamente. Por otro lado, pasa a ser el tercer accionista m\u00e1s importante de <\/span><b>CaixaBank,<\/b><span style=\"font-weight: 400;\"> el quinto de <\/span><b>Bankinter<\/b><span style=\"font-weight: 400;\">, y mantiene una peque\u00f1a participaci\u00f3n en Unicaja.<\/span><\/p>\n<p><span style=\"font-weight: 400;\">Una tendencia al alza que implica una mayor influencia en la gesti\u00f3n y direcci\u00f3n de estas entidades bancarias, pero que no est\u00e1 exenta de pol\u00e9mica a causa del <\/span><b>posible conflicto de intereses <\/b><span style=\"font-weight: 400;\">que podr\u00eda suponer. C\u00f3mo avisaba, <\/span><a href=\"https:\/\/www.nytimes.com\/2013\/05\/19\/business\/blackrock-a-shareholding-giant-is-quietly-stirring.html\"><span style=\"font-weight: 400;\">Gerald Davis<\/span><\/a><span style=\"font-weight: 400;\">, <\/span><b>BlackRock es un gigante silencioso, pero tremendamente poderoso<\/b><span style=\"font-weight: 400;\">.<\/span><\/p>\n<p><b>Si quieres descubrir la mejor opci\u00f3n para proteger tus ahorros, entra en <\/b><a href=\"https:\/\/serveis.11onze.cat\/es\/preciosos-11onze\"><b>Preciosos 11Onze<\/b><\/a><b>. Te ayudaremos a comprar al mejor precio el valor refugio por excelencia: el oro f\u00edsico.<\/b><\/p>\n\n      <\/div>\n    <\/div>\n  <\/div>\n<\/div>\n\n\n<div class=\"component cards\">\n  <div class=\"container\">\n    <div class=\"row\">\n      <div class=\"col col-xl-8 offset-xl-2\">\n        <h1>Si te ha gustado esta noticia, te recomendamos:<\/h1>\n        <div class=\"cards__wrapper\">\n          <div class=\"card\">\n            <a href=\"https:\/\/www.11onze.cat\/es\/magazine\/crisis-beneficios-historicos-banca\/\" class=\"card-link\" target=\"_self\"><\/a>\n            <div class=\"card-img\">\n              <img decoding=\"async\" src=\"https:\/\/www.11onze.cat\/wp-content\/uploads\/2023\/01\/THUMBNAIL_BENEFICIS_BANCA.jpg\" class=\"card-img-top\" alt=\"\">\n                <span class=\"card-category\">Econom\u00eda<\/span>\n            <\/div>\n            <div class=\"card-body\">\n              <p class=\"card-title p2\"><strong>Las crisis y los beneficios hist\u00f3ricos de la banca<\/strong><\/p>\n              <span class=\"card-time\">3min lectura<\/span>\n              <p class=\"card-text small\">En \u2018Rebeli\u00f3n en la granja\u2019, George Orwell escrib\u00eda que&#8230;<\/p>\n            <\/div>\n          <\/div>\n\n\n          <div class=\"card\">\n            <a href=\"https:\/\/www.11onze.cat\/es\/magazine\/lacra-capitalismo-clientelista\/\" class=\"card-link\" target=\"_self\"><\/a>\n            <div class=\"card-img\">\n              <img decoding=\"async\" src=\"https:\/\/www.11onze.cat\/wp-content\/uploads\/2023\/01\/THUMBNAIL_CRONY_CAPITALISME.jpg\" class=\"card-img-top\" alt=\"\">\n                <span class=\"card-category\">Econom\u00eda<\/span>\n            <\/div>\n            <div class=\"card-body\">\n              <p class=\"card-title p2\"><strong>La lacra del capitalismo clientelista<\/strong><\/p>\n              <span class=\"card-time\">4min lectura<\/span>\n              <p class=\"card-text small\">El modelo econ\u00f3mico occidental se caracteriza, desde&#8230;<\/p>\n            <\/div>\n          <\/div>\n\n\n          <div class=\"card\">\n            <a href=\"https:\/\/www.11onze.cat\/es\/magazine\/banca-energeticas-estrecha-relacion\/\" class=\"card-link\" target=\"_self\"><\/a>\n            <div class=\"card-img\">\n              <img decoding=\"async\" src=\"https:\/\/www.11onze.cat\/wp-content\/uploads\/2023\/02\/THUMBNAIL_BANCA_ENERGETIQUES.jpg\" class=\"card-img-top\" alt=\"\">\n                <span class=\"card-category\">Finanzas<\/span>\n            <\/div>\n            <div class=\"card-body\">\n              <p class=\"card-title p2\"><strong>Banca y energ\u00e9ticas: una estrecha relaci\u00f3n<\/strong><\/p>\n              <span class=\"card-time\">3min lectura<\/span>\n              <p class=\"card-text small\">Seg\u00fan datos de la Comisi\u00f3n Nacional del Mercado de&#8230;<\/p>\n            <\/div>\n          <\/div>\n\n              <\/div>\n              <br>\n              <br>\n              <div class=\"cards__wrapper\">\n\n        <\/div>\n      <\/div>\n    <\/div>\n  <\/div>\n<\/div>","protected":false},"excerpt":{"rendered":"","protected":false},"author":71,"featured_media":43188,"comment_status":"open","ping_status":"closed","sticky":false,"template":"","format":"standard","meta":{"_acf_changed":true,"content-type":"","footnotes":""},"categories":[28],"tags":[167],"class_list":["post-43193","post","type-post","status-publish","format-standard","has-post-thumbnail","hentry","category-sin-categorizar","tag-finanzas"],"acf":[],"yoast_head":"<!-- This site is optimized with the Yoast SEO plugin v27.5 - https:\/\/yoast.com\/product\/yoast-seo-wordpress\/ -->\n<title>BlackRock: principal accionista de la banca - 11Onze<\/title>\n<meta name=\"description\" content=\"Un gigante imparable. BlackRock, amo y se\u00f1or del Ibex-35 y de la gran banca espa\u00f1ola.\" \/>\n<meta name=\"robots\" content=\"index, follow, max-snippet:-1, max-image-preview:large, max-video-preview:-1\" \/>\n<link rel=\"canonical\" href=\"https:\/\/www.11onze.cat\/es\/magazine\/blackrock-principal-accionista-banca\/\" \/>\n<meta property=\"og:locale\" content=\"es_ES\" \/>\n<meta property=\"og:type\" content=\"article\" \/>\n<meta property=\"og:title\" content=\"BlackRock: principal accionista de la banca - 11Onze\" \/>\n<meta property=\"og:description\" content=\"Un gigante imparable. BlackRock, amo y se\u00f1or del Ibex-35 y de la gran banca espa\u00f1ola.\" \/>\n<meta property=\"og:url\" content=\"https:\/\/www.11onze.cat\/es\/magazine\/blackrock-principal-accionista-banca\/\" \/>\n<meta property=\"og:site_name\" content=\"11Onze\" \/>\n<meta property=\"article:publisher\" content=\"https:\/\/www.facebook.com\/11OnzeComunitat\" \/>\n<meta property=\"article:published_time\" content=\"2024-03-05T08:00:00+00:00\" \/>\n<meta property=\"article:modified_time\" content=\"2024-03-12T09:37:26+00:00\" \/>\n<meta property=\"og:image\" content=\"https:\/\/www.11onze.cat\/wp-content\/uploads\/2023\/03\/11ONZE_BLACKROCK-800x450.jpg\" \/>\n<meta name=\"author\" content=\"Equip Editorial\" \/>\n<meta name=\"twitter:card\" content=\"summary_large_image\" \/>\n<meta name=\"twitter:title\" content=\"BlackRock: principal accionista de la banca - 11Onze\" \/>\n<meta name=\"twitter:description\" content=\"Un gigante imparable. BlackRock, amo y se\u00f1or del Ibex-35 y de la gran banca espa\u00f1ola.\" \/>\n<meta name=\"twitter:image\" content=\"https:\/\/www.11onze.cat\/wp-content\/uploads\/2023\/03\/11ONZE_BLACKROCK-800x450.jpg\" \/>\n<meta name=\"twitter:creator\" content=\"@11OnzeFintech\" \/>\n<meta name=\"twitter:site\" content=\"@11OnzeFintech\" \/>\n<meta name=\"twitter:label1\" content=\"Escrito por\" \/>\n\t<meta name=\"twitter:data1\" content=\"Equip Editorial\" \/>\n\t<meta name=\"twitter:label2\" content=\"Tiempo de lectura\" \/>\n\t<meta name=\"twitter:data2\" content=\"1 minuto\" \/>\n<script type=\"application\/ld+json\" class=\"yoast-schema-graph\">{\"@context\":\"https:\\\/\\\/schema.org\",\"@graph\":[{\"@type\":\"Article\",\"@id\":\"https:\\\/\\\/www.11onze.cat\\\/es\\\/magazine\\\/blackrock-principal-accionista-banca\\\/#article\",\"isPartOf\":{\"@id\":\"https:\\\/\\\/www.11onze.cat\\\/es\\\/magazine\\\/blackrock-principal-accionista-banca\\\/\"},\"author\":{\"name\":\"Equip Editorial\",\"@id\":\"https:\\\/\\\/www.11onze.cat\\\/es\\\/#\\\/schema\\\/person\\\/636d99b4c82bb7178687ecd43c3a61bd\"},\"headline\":\"BlackRock: principal accionista de la banca\",\"datePublished\":\"2024-03-05T08:00:00+00:00\",\"dateModified\":\"2024-03-12T09:37:26+00:00\",\"mainEntityOfPage\":{\"@id\":\"https:\\\/\\\/www.11onze.cat\\\/es\\\/magazine\\\/blackrock-principal-accionista-banca\\\/\"},\"wordCount\":6,\"commentCount\":0,\"publisher\":{\"@id\":\"https:\\\/\\\/www.11onze.cat\\\/es\\\/#organization\"},\"image\":{\"@id\":\"https:\\\/\\\/www.11onze.cat\\\/es\\\/magazine\\\/blackrock-principal-accionista-banca\\\/#primaryimage\"},\"thumbnailUrl\":\"https:\\\/\\\/www.11onze.cat\\\/wp-content\\\/uploads\\\/2023\\\/03\\\/THUMBNAIL_BLACKROCK.jpg\",\"keywords\":[\"Finanzas\"],\"articleSection\":[\"Sin categorizar\"],\"inLanguage\":\"es\",\"potentialAction\":[{\"@type\":\"CommentAction\",\"name\":\"Comment\",\"target\":[\"https:\\\/\\\/www.11onze.cat\\\/es\\\/magazine\\\/blackrock-principal-accionista-banca\\\/#respond\"]}]},{\"@type\":\"WebPage\",\"@id\":\"https:\\\/\\\/www.11onze.cat\\\/es\\\/magazine\\\/blackrock-principal-accionista-banca\\\/\",\"url\":\"https:\\\/\\\/www.11onze.cat\\\/es\\\/magazine\\\/blackrock-principal-accionista-banca\\\/\",\"name\":\"BlackRock: principal accionista de la banca - 11Onze\",\"isPartOf\":{\"@id\":\"https:\\\/\\\/www.11onze.cat\\\/es\\\/#website\"},\"primaryImageOfPage\":{\"@id\":\"https:\\\/\\\/www.11onze.cat\\\/es\\\/magazine\\\/blackrock-principal-accionista-banca\\\/#primaryimage\"},\"image\":{\"@id\":\"https:\\\/\\\/www.11onze.cat\\\/es\\\/magazine\\\/blackrock-principal-accionista-banca\\\/#primaryimage\"},\"thumbnailUrl\":\"https:\\\/\\\/www.11onze.cat\\\/wp-content\\\/uploads\\\/2023\\\/03\\\/THUMBNAIL_BLACKROCK.jpg\",\"datePublished\":\"2024-03-05T08:00:00+00:00\",\"dateModified\":\"2024-03-12T09:37:26+00:00\",\"description\":\"Un gigante imparable. BlackRock, amo y se\u00f1or del Ibex-35 y de la gran banca espa\u00f1ola.\",\"breadcrumb\":{\"@id\":\"https:\\\/\\\/www.11onze.cat\\\/es\\\/magazine\\\/blackrock-principal-accionista-banca\\\/#breadcrumb\"},\"inLanguage\":\"es\",\"potentialAction\":[{\"@type\":\"ReadAction\",\"target\":[\"https:\\\/\\\/www.11onze.cat\\\/es\\\/magazine\\\/blackrock-principal-accionista-banca\\\/\"]}]},{\"@type\":\"ImageObject\",\"inLanguage\":\"es\",\"@id\":\"https:\\\/\\\/www.11onze.cat\\\/es\\\/magazine\\\/blackrock-principal-accionista-banca\\\/#primaryimage\",\"url\":\"https:\\\/\\\/www.11onze.cat\\\/wp-content\\\/uploads\\\/2023\\\/03\\\/THUMBNAIL_BLACKROCK.jpg\",\"contentUrl\":\"https:\\\/\\\/www.11onze.cat\\\/wp-content\\\/uploads\\\/2023\\\/03\\\/THUMBNAIL_BLACKROCK.jpg\",\"width\":750,\"height\":504},{\"@type\":\"BreadcrumbList\",\"@id\":\"https:\\\/\\\/www.11onze.cat\\\/es\\\/magazine\\\/blackrock-principal-accionista-banca\\\/#breadcrumb\",\"itemListElement\":[{\"@type\":\"ListItem\",\"position\":1,\"name\":\"Home\",\"item\":\"https:\\\/\\\/www.11onze.cat\\\/es\\\/\"},{\"@type\":\"ListItem\",\"position\":2,\"name\":\"BlackRock: principal accionista de la banca\"}]},{\"@type\":\"WebSite\",\"@id\":\"https:\\\/\\\/www.11onze.cat\\\/es\\\/#website\",\"url\":\"https:\\\/\\\/www.11onze.cat\\\/es\\\/\",\"name\":\"11Onze\",\"description\":\"Primera comunidad fintech digital en Catalu\u00f1a\",\"publisher\":{\"@id\":\"https:\\\/\\\/www.11onze.cat\\\/es\\\/#organization\"},\"potentialAction\":[{\"@type\":\"SearchAction\",\"target\":{\"@type\":\"EntryPoint\",\"urlTemplate\":\"https:\\\/\\\/www.11onze.cat\\\/es\\\/?s={search_term_string}\"},\"query-input\":{\"@type\":\"PropertyValueSpecification\",\"valueRequired\":true,\"valueName\":\"search_term_string\"}}],\"inLanguage\":\"es\"},{\"@type\":\"Organization\",\"@id\":\"https:\\\/\\\/www.11onze.cat\\\/es\\\/#organization\",\"name\":\"11Onze\",\"url\":\"https:\\\/\\\/www.11onze.cat\\\/es\\\/\",\"logo\":{\"@type\":\"ImageObject\",\"inLanguage\":\"es\",\"@id\":\"https:\\\/\\\/www.11onze.cat\\\/es\\\/#\\\/schema\\\/logo\\\/image\\\/\",\"url\":\"https:\\\/\\\/www.11onze.cat\\\/wp-content\\\/uploads\\\/2021\\\/04\\\/512x512-11Onze.jpg\",\"contentUrl\":\"https:\\\/\\\/www.11onze.cat\\\/wp-content\\\/uploads\\\/2021\\\/04\\\/512x512-11Onze.jpg\",\"width\":512,\"height\":512,\"caption\":\"11Onze\"},\"image\":{\"@id\":\"https:\\\/\\\/www.11onze.cat\\\/es\\\/#\\\/schema\\\/logo\\\/image\\\/\"},\"sameAs\":[\"https:\\\/\\\/www.facebook.com\\\/11OnzeComunitat\",\"https:\\\/\\\/x.com\\\/11OnzeFintech\",\"https:\\\/\\\/www.instagram.com\\\/11onzecat\\\/\",\"https:\\\/\\\/www.linkedin.com\\\/company\\\/11onzebanc\",\"https:\\\/\\\/www.youtube.com\\\/channel\\\/UCz63R8Byd_kBKtK2M4Qf_7w\"]},{\"@type\":\"Person\",\"@id\":\"https:\\\/\\\/www.11onze.cat\\\/es\\\/#\\\/schema\\\/person\\\/636d99b4c82bb7178687ecd43c3a61bd\",\"name\":\"Equip Editorial\",\"image\":{\"@type\":\"ImageObject\",\"inLanguage\":\"es\",\"@id\":\"https:\\\/\\\/www.11onze.cat\\\/wp-content\\\/uploads\\\/2022\\\/05\\\/HEADER_AGENTS_DECK-300x300.jpg\",\"url\":\"https:\\\/\\\/www.11onze.cat\\\/wp-content\\\/uploads\\\/2022\\\/05\\\/HEADER_AGENTS_DECK-300x300.jpg\",\"contentUrl\":\"https:\\\/\\\/www.11onze.cat\\\/wp-content\\\/uploads\\\/2022\\\/05\\\/HEADER_AGENTS_DECK-300x300.jpg\",\"caption\":\"Equip Editorial\"},\"url\":\"https:\\\/\\\/www.11onze.cat\\\/es\\\/magazine\\\/author\\\/equip-editorial-11onze\\\/\"}]}<\/script>\n<!-- \/ Yoast SEO plugin. -->","yoast_head_json":{"title":"BlackRock: principal accionista de la banca - 11Onze","description":"Un gigante imparable. BlackRock, amo y se\u00f1or del Ibex-35 y de la gran banca espa\u00f1ola.","robots":{"index":"index","follow":"follow","max-snippet":"max-snippet:-1","max-image-preview":"max-image-preview:large","max-video-preview":"max-video-preview:-1"},"canonical":"https:\/\/www.11onze.cat\/es\/magazine\/blackrock-principal-accionista-banca\/","og_locale":"es_ES","og_type":"article","og_title":"BlackRock: principal accionista de la banca - 11Onze","og_description":"Un gigante imparable. BlackRock, amo y se\u00f1or del Ibex-35 y de la gran banca espa\u00f1ola.","og_url":"https:\/\/www.11onze.cat\/es\/magazine\/blackrock-principal-accionista-banca\/","og_site_name":"11Onze","article_publisher":"https:\/\/www.facebook.com\/11OnzeComunitat","article_published_time":"2024-03-05T08:00:00+00:00","article_modified_time":"2024-03-12T09:37:26+00:00","og_image":[{"url":"https:\/\/www.11onze.cat\/wp-content\/uploads\/2023\/03\/11ONZE_BLACKROCK-800x450.jpg","type":"","width":"","height":""}],"author":"Equip Editorial","twitter_card":"summary_large_image","twitter_title":"BlackRock: principal accionista de la banca - 11Onze","twitter_description":"Un gigante imparable. BlackRock, amo y se\u00f1or del Ibex-35 y de la gran banca espa\u00f1ola.","twitter_image":"https:\/\/www.11onze.cat\/wp-content\/uploads\/2023\/03\/11ONZE_BLACKROCK-800x450.jpg","twitter_creator":"@11OnzeFintech","twitter_site":"@11OnzeFintech","twitter_misc":{"Escrito por":"Equip Editorial","Tiempo de lectura":"1 minuto"},"schema":{"@context":"https:\/\/schema.org","@graph":[{"@type":"Article","@id":"https:\/\/www.11onze.cat\/es\/magazine\/blackrock-principal-accionista-banca\/#article","isPartOf":{"@id":"https:\/\/www.11onze.cat\/es\/magazine\/blackrock-principal-accionista-banca\/"},"author":{"name":"Equip Editorial","@id":"https:\/\/www.11onze.cat\/es\/#\/schema\/person\/636d99b4c82bb7178687ecd43c3a61bd"},"headline":"BlackRock: principal accionista de la banca","datePublished":"2024-03-05T08:00:00+00:00","dateModified":"2024-03-12T09:37:26+00:00","mainEntityOfPage":{"@id":"https:\/\/www.11onze.cat\/es\/magazine\/blackrock-principal-accionista-banca\/"},"wordCount":6,"commentCount":0,"publisher":{"@id":"https:\/\/www.11onze.cat\/es\/#organization"},"image":{"@id":"https:\/\/www.11onze.cat\/es\/magazine\/blackrock-principal-accionista-banca\/#primaryimage"},"thumbnailUrl":"https:\/\/www.11onze.cat\/wp-content\/uploads\/2023\/03\/THUMBNAIL_BLACKROCK.jpg","keywords":["Finanzas"],"articleSection":["Sin categorizar"],"inLanguage":"es","potentialAction":[{"@type":"CommentAction","name":"Comment","target":["https:\/\/www.11onze.cat\/es\/magazine\/blackrock-principal-accionista-banca\/#respond"]}]},{"@type":"WebPage","@id":"https:\/\/www.11onze.cat\/es\/magazine\/blackrock-principal-accionista-banca\/","url":"https:\/\/www.11onze.cat\/es\/magazine\/blackrock-principal-accionista-banca\/","name":"BlackRock: principal accionista de la banca - 11Onze","isPartOf":{"@id":"https:\/\/www.11onze.cat\/es\/#website"},"primaryImageOfPage":{"@id":"https:\/\/www.11onze.cat\/es\/magazine\/blackrock-principal-accionista-banca\/#primaryimage"},"image":{"@id":"https:\/\/www.11onze.cat\/es\/magazine\/blackrock-principal-accionista-banca\/#primaryimage"},"thumbnailUrl":"https:\/\/www.11onze.cat\/wp-content\/uploads\/2023\/03\/THUMBNAIL_BLACKROCK.jpg","datePublished":"2024-03-05T08:00:00+00:00","dateModified":"2024-03-12T09:37:26+00:00","description":"Un gigante imparable. BlackRock, amo y se\u00f1or del Ibex-35 y de la gran banca espa\u00f1ola.","breadcrumb":{"@id":"https:\/\/www.11onze.cat\/es\/magazine\/blackrock-principal-accionista-banca\/#breadcrumb"},"inLanguage":"es","potentialAction":[{"@type":"ReadAction","target":["https:\/\/www.11onze.cat\/es\/magazine\/blackrock-principal-accionista-banca\/"]}]},{"@type":"ImageObject","inLanguage":"es","@id":"https:\/\/www.11onze.cat\/es\/magazine\/blackrock-principal-accionista-banca\/#primaryimage","url":"https:\/\/www.11onze.cat\/wp-content\/uploads\/2023\/03\/THUMBNAIL_BLACKROCK.jpg","contentUrl":"https:\/\/www.11onze.cat\/wp-content\/uploads\/2023\/03\/THUMBNAIL_BLACKROCK.jpg","width":750,"height":504},{"@type":"BreadcrumbList","@id":"https:\/\/www.11onze.cat\/es\/magazine\/blackrock-principal-accionista-banca\/#breadcrumb","itemListElement":[{"@type":"ListItem","position":1,"name":"Home","item":"https:\/\/www.11onze.cat\/es\/"},{"@type":"ListItem","position":2,"name":"BlackRock: principal accionista de la banca"}]},{"@type":"WebSite","@id":"https:\/\/www.11onze.cat\/es\/#website","url":"https:\/\/www.11onze.cat\/es\/","name":"11Onze","description":"Primera comunidad fintech digital en Catalu\u00f1a","publisher":{"@id":"https:\/\/www.11onze.cat\/es\/#organization"},"potentialAction":[{"@type":"SearchAction","target":{"@type":"EntryPoint","urlTemplate":"https:\/\/www.11onze.cat\/es\/?s={search_term_string}"},"query-input":{"@type":"PropertyValueSpecification","valueRequired":true,"valueName":"search_term_string"}}],"inLanguage":"es"},{"@type":"Organization","@id":"https:\/\/www.11onze.cat\/es\/#organization","name":"11Onze","url":"https:\/\/www.11onze.cat\/es\/","logo":{"@type":"ImageObject","inLanguage":"es","@id":"https:\/\/www.11onze.cat\/es\/#\/schema\/logo\/image\/","url":"https:\/\/www.11onze.cat\/wp-content\/uploads\/2021\/04\/512x512-11Onze.jpg","contentUrl":"https:\/\/www.11onze.cat\/wp-content\/uploads\/2021\/04\/512x512-11Onze.jpg","width":512,"height":512,"caption":"11Onze"},"image":{"@id":"https:\/\/www.11onze.cat\/es\/#\/schema\/logo\/image\/"},"sameAs":["https:\/\/www.facebook.com\/11OnzeComunitat","https:\/\/x.com\/11OnzeFintech","https:\/\/www.instagram.com\/11onzecat\/","https:\/\/www.linkedin.com\/company\/11onzebanc","https:\/\/www.youtube.com\/channel\/UCz63R8Byd_kBKtK2M4Qf_7w"]},{"@type":"Person","@id":"https:\/\/www.11onze.cat\/es\/#\/schema\/person\/636d99b4c82bb7178687ecd43c3a61bd","name":"Equip Editorial","image":{"@type":"ImageObject","inLanguage":"es","@id":"https:\/\/www.11onze.cat\/wp-content\/uploads\/2022\/05\/HEADER_AGENTS_DECK-300x300.jpg","url":"https:\/\/www.11onze.cat\/wp-content\/uploads\/2022\/05\/HEADER_AGENTS_DECK-300x300.jpg","contentUrl":"https:\/\/www.11onze.cat\/wp-content\/uploads\/2022\/05\/HEADER_AGENTS_DECK-300x300.jpg","caption":"Equip Editorial"},"url":"https:\/\/www.11onze.cat\/es\/magazine\/author\/equip-editorial-11onze\/"}]}},"_links":{"self":[{"href":"https:\/\/www.11onze.cat\/es\/wp-json\/wp\/v2\/posts\/43193","targetHints":{"allow":["GET"]}}],"collection":[{"href":"https:\/\/www.11onze.cat\/es\/wp-json\/wp\/v2\/posts"}],"about":[{"href":"https:\/\/www.11onze.cat\/es\/wp-json\/wp\/v2\/types\/post"}],"author":[{"embeddable":true,"href":"https:\/\/www.11onze.cat\/es\/wp-json\/wp\/v2\/users\/71"}],"replies":[{"embeddable":true,"href":"https:\/\/www.11onze.cat\/es\/wp-json\/wp\/v2\/comments?post=43193"}],"version-history":[{"count":0,"href":"https:\/\/www.11onze.cat\/es\/wp-json\/wp\/v2\/posts\/43193\/revisions"}],"wp:featuredmedia":[{"embeddable":true,"href":"https:\/\/www.11onze.cat\/es\/wp-json\/wp\/v2\/media\/43188"}],"wp:attachment":[{"href":"https:\/\/www.11onze.cat\/es\/wp-json\/wp\/v2\/media?parent=43193"}],"wp:term":[{"taxonomy":"category","embeddable":true,"href":"https:\/\/www.11onze.cat\/es\/wp-json\/wp\/v2\/categories?post=43193"},{"taxonomy":"post_tag","embeddable":true,"href":"https:\/\/www.11onze.cat\/es\/wp-json\/wp\/v2\/tags?post=43193"}],"curies":[{"name":"wp","href":"https:\/\/api.w.org\/{rel}","templated":true}]}}