{"id":43080,"date":"2023-03-09T21:00:00","date_gmt":"2023-03-09T20:00:00","guid":{"rendered":"https:\/\/www.11onze.cat\/?p=43080"},"modified":"2023-03-09T16:40:46","modified_gmt":"2023-03-09T15:40:46","slug":"ue-veto-motor-combustion-punto-muerto","status":"publish","type":"post","link":"https:\/\/www.11onze.cat\/es\/magazine\/ue-veto-motor-combustion-punto-muerto\/","title":{"rendered":"UE: el veto al motor de combusti\u00f3n en punto muerto"},"content":{"rendered":"<div class=\"component text\">\n  <div class=\"container\">\n\n\n    <div class=\"row\">\n      <div class=\"col  col-lg-8  offset-lg-2\">\n        <h3><b>El plan de la Uni\u00f3n Europea de prohibir la venta de coches nuevos de gasolina y di\u00e9sel para 2035 se enfrenta a la resistencia de varios frentes. Estados miembros, fabricantes de autom\u00f3viles, consumidores y expertos del sector cuestionan la viabilidad y el impacto de tal medida.<\/b><\/h3>\n<p>&nbsp;<\/p>\n<p><span style=\"font-weight: 400;\">La Uni\u00f3n Europea ten\u00eda previsto aprobar formalmente el acuerdo hist\u00f3rico el martes 7 de marzo. Despu\u00e9s de la ratificaci\u00f3n de la normativa por parte del Parlamento Europeo, quedaba pendiente su aprobaci\u00f3n por parte de todos los Estados miembros de la UE, pero<\/span><b> en contra de los pron\u00f3sticos, la unanimidad inicial ahora queda lejos de estar asegurada<\/b><span style=\"font-weight: 400;\">. Para que se haga efectiva nueva legislaci\u00f3n, al menos 15 de los 27 pa\u00edses -que representen como m\u00ednimo el 65% de la poblaci\u00f3n de la UE- tienen que votar a favor de la normativa.<\/span><\/p>\n<p><span style=\"font-weight: 400;\">Alemania es el \u00faltimo pa\u00eds al mostrar su oposici\u00f3n a las medidas para prohibir la venta de coches que utilicen combustibles f\u00f3siles a partir del 1 de enero de 2035. <\/span><b>Berl\u00edn reclama la neutralidad tecnol\u00f3gica para que la industria pueda encontrar soluciones de cero emisiones que no est\u00e9n limitadas a la electrificaci\u00f3n<\/b><span style=\"font-weight: 400;\">, por ejemplo, insistiendo que Bruselas garantice que los combustibles sint\u00e9ticos podr\u00e1n continuar utiliz\u00e1ndose despu\u00e9s de 2035.<\/span><\/p>\n<p><span style=\"font-weight: 400;\">El voto del pa\u00eds teut\u00f3n es clave, pero Bulgaria, Eslovaquia, Hungr\u00eda, Italia, Polonia, Portugal y Ruman\u00eda tambi\u00e9n hab\u00edan pedido una renegociaci\u00f3n del acuerdo. <\/span><b>Italia manifest\u00f3 su disconformidad y propuso reducir las emisiones de CO\u2082 en un 90% en 2035, en vez de un 100%<\/b><span style=\"font-weight: 400;\">, para que los fabricantes tuvieran m\u00e1s tiempo de adaptarse a la transici\u00f3n el\u00e9ctrica. As\u00ed mismo, se mostraba cr\u00edtica al eliminar totalmente los motores de combusti\u00f3n, ya que pondr\u00eda en entredicho la viabilidad de marcas m\u00edticas como Ferrari y Lamborghini.<\/span><\/p>\n<p><span style=\"font-weight: 400;\">El grupo parlamentario italiano en la Euroc\u00e1mara consigui\u00f3 acordar una excepci\u00f3n hasta finales de 2035 para los <\/span><b>fabricantes con peque\u00f1os vol\u00famenes de producci\u00f3n anual -hasta 10.000 turismos o 22.000 furgonetas- <\/b><span style=\"font-weight: 400;\">y la excepci\u00f3n total para aquellas marcas que matriculen menos de mil veh\u00edculos en el a\u00f1o. Aun as\u00ed, estas cifras no ser\u00edan suficientes para satisfacer el volumen de ventas de las marcas mencionadas anteriormente y otras, como por ejemplo Porsche, donde su motor de combusti\u00f3n es una parte intr\u00ednseca del ADN que las hace deseables para los consumidores.<\/span><\/p>\n<p>&nbsp;<\/p>\n<h3><b>La electrificaci\u00f3n no puede ser y no tiene por qu\u00e9 ser la \u00fanica soluci\u00f3n<\/b><\/h3>\n<p><span style=\"font-weight: 400;\">El ministro de Finanzas alem\u00e1n, Christian Lindner, fue contundente afirmando que la supresi\u00f3n total del motor de combusti\u00f3n a Europa era \u201cun error y que el gobierno de su pa\u00eds no estar\u00eda de acuerdo con la prohibici\u00f3n\u201d y a\u00f1ad\u00eda que <\/span><b>\u00abcontinuar\u00e1 habiendo nichos para los motores de combusti\u00f3n\u00bb<\/b><span style=\"font-weight: 400;\">. Quiz\u00e1s aqu\u00ed, en la diversidad, est\u00e1 la clave de la soluci\u00f3n.<\/span><\/p>\n<p><span style=\"font-weight: 400;\">Mientras que la electrificaci\u00f3n es un objetivo loable, ante el incremento masivo de ventas de coches el\u00e9ctricos y dados los vol\u00famenes de producci\u00f3n previstos, se tienen que considerar otros factores que quedan pendientes de resolver. Seg\u00fan un <\/span><a href=\"https:\/\/www.volvocars.com\/images\/v\/-\/media\/market-assets\/intl\/applications\/dotcom\/pdf\/c40\/volvo-c40-recharge-lca-report.pdf\" target=\"_blank\" rel=\"noopener\"><span style=\"font-weight: 400;\">estudio<\/span><\/a><span style=\"font-weight: 400;\"> hecho por Volvo, <\/span><b>la fabricaci\u00f3n de un coche el\u00e9ctrico genera un 70% m\u00e1s de emisiones que su equivalente con motor de combusti\u00f3n interna<\/b><span style=\"font-weight: 400;\">. Teniendo en cuenta las fuentes de la producci\u00f3n energ\u00e9tica mundial actual, un coche el\u00e9ctrico necesitar\u00eda hacer m\u00e1s de 100.000 kil\u00f3metros para conseguir la paridad con el de gasolina.<\/span><\/p>\n<p><span style=\"font-weight: 400;\">Desde la fabricaci\u00f3n de bater\u00edas hasta su reciclaje, desde las t\u00e9cnicas de extracci\u00f3n de los metales raros que se utilizan -altamente perjudiciales para el medio ambiente- hasta <\/span><b>la infraestructura de los puntos de recarga, insuficiente e impracticable para la mayor\u00eda de la poblaci\u00f3n<\/b><span style=\"font-weight: 400;\"> que no vive en una casa con garaje. Si se quiere energ\u00eda limpia hay que preguntarse c\u00f3mo se produce esta energ\u00eda y si tiene un coste asumible para el consumidor.<\/span><\/p>\n<p><span style=\"font-weight: 400;\">As\u00ed mismo, a los altos precios de los veh\u00edculos el\u00e9ctricos se suma una fiscalidad que en algunos pa\u00edses ya ha equiparado el precio de cargar un veh\u00edculo el\u00e9ctrico al precio de poner gasolina o di\u00e9sel, torpedeando la amortizaci\u00f3n, a la larga, del elevado precio de compra de los veh\u00edculos el\u00e9ctricos en comparaci\u00f3n a los veh\u00edculos de combusti\u00f3n interna. Un conjunto de retos a los cuales se pueden encontrar soluciones, siempre que, <\/span><b>no asumamos que la electrificaci\u00f3n es la \u00fanica opci\u00f3n, en detrimento de la innovaci\u00f3n en otros sectores que pueden asegurar que la transici\u00f3n energ\u00e9tica,<\/b><span style=\"font-weight: 400;\"> indudablemente necesaria, sea incluyente y accesible en vez de excluyente e inasequible.<\/span><\/p>\n<p>&nbsp;<\/p>\n<p><b>11Onze es la fintech comunitaria de Catalu\u00f1a. Abre una cuenta descargando la super app El Canut para <\/b><a href=\"https:\/\/play.google.com\/store\/apps\/details?id=com.e11onze.app&amp;utm_source=emailing&amp;utm_campaign=CANUT+launch\" target=\"_blank\" rel=\"noopener\"><b>Android<\/b><\/a><b> o <\/b><a href=\"https:\/\/apps.apple.com\/us\/app\/11onze\/id1566129237?utm_campaign=El+Canut\" target=\"_blank\" rel=\"noopener\"><b>iOS<\/b><\/a><b>. \u00a1\u00danete a la revoluci\u00f3n!<\/b><\/p>\n\n      <\/div>\n    <\/div>\n  <\/div>\n<\/div>\n\n\n<div class=\"component cards\">\n  <div class=\"container\">\n    <div class=\"row\">\n      <div class=\"col col-xl-8 offset-xl-2\">\n        <h1>Si te ha gustado este art\u00edculo, te recomendamos:<\/h1>\n        <div class=\"cards__wrapper\">\n          <div class=\"card\">\n            <a href=\"https:\/\/www.11onze.cat\/es\/magazine\/transicion-energetica-greenflation\/\" class=\"card-link\" target=\"_self\"><\/a>\n            <div class=\"card-img\">\n              <img decoding=\"async\" src=\"https:\/\/www.11onze.cat\/wp-content\/uploads\/2022\/11\/THUMBNAIL_ENERGIA_2.jpg\" class=\"card-img-top\" alt=\"\">\n                <span class=\"card-category\">Sostenibilidad<\/span>\n            <\/div>\n            <div class=\"card-body\">\n              <p class=\"card-title p2\"><strong>Energy transition and greenflation<\/strong><\/p>\n              <span class=\"card-time\">3min lectura<\/span>\n              <p class=\"card-text small\">Hace referencia al aumento de precios.<\/p>\n            <\/div>\n          <\/div>\n\n\n          <div class=\"card\">\n            <a href=\"https:\/\/www.11onze.cat\/es\/magazine\/coches-hidrogeno-alternativa-definitiva\/\" class=\"card-link\" target=\"_self\"><\/a>\n            <div class=\"card-img\">\n              <img decoding=\"async\" src=\"https:\/\/www.11onze.cat\/wp-content\/uploads\/2021\/09\/THUMBNAIL_AVANTATGES_DESAVANTATGES_COTXES_HIDROGEN-800x533.jpg\" class=\"card-img-top\" alt=\"\">\n                <span class=\"card-category\">Sostenibilidad<\/span>\n            <\/div>\n            <div class=\"card-body\">\n              <p class=\"card-title p2\"><strong>Coches de hidr\u00f3geno<\/strong><\/p>\n              <span class=\"card-time\">6min lectura<\/span>\n              <p class=\"card-text small\">\u00bfEs posible que un coche no solo no contamine, sino que purifique el ambiente?<\/p>\n            <\/div>\n          <\/div>\n\n\n          <div class=\"card\">\n            <a href=\"https:\/\/www.11onze.cat\/es\/magazine\/micromovilidad-nueva-movilidad-urbana\/\" class=\"card-link\" target=\"_self\"><\/a>\n            <div class=\"card-img\">\n              <img decoding=\"async\" src=\"https:\/\/www.11onze.cat\/wp-content\/uploads\/2021\/06\/THUMBNAIL_MICROMOBILITAT-800x600.jpg\" class=\"card-img-top\" alt=\"\">\n                <span class=\"card-category\">Sostenibilidad<\/span>\n            <\/div>\n            <div class=\"card-body\">\n              <p class=\"card-title p2\"><strong>Micromovilidad<\/strong><\/p>\n              <span class=\"card-time\">5min lectura<\/span>\n              <p class=\"card-text small\">Desplazarse por la ciudad con un veh\u00edculo es, desde hace tiempo, un dolor de cabeza.<\/p>\n            <\/div>\n          <\/div>\n\n              <\/div>\n              <br>\n              <br>\n              <div class=\"cards__wrapper\">\n\n        <\/div>\n      <\/div>\n    <\/div>\n  <\/div>\n<\/div>","protected":false},"excerpt":{"rendered":"","protected":false},"author":71,"featured_media":43075,"comment_status":"open","ping_status":"closed","sticky":false,"template":"","format":"standard","meta":{"_acf_changed":false,"content-type":"","footnotes":""},"categories":[28],"tags":[171],"class_list":["post-43080","post","type-post","status-publish","format-standard","has-post-thumbnail","hentry","category-sin-categorizar","tag-sostenibilidad"],"acf":[],"yoast_head":"<!-- This site is optimized with the Yoast SEO plugin v27.5 - https:\/\/yoast.com\/product\/yoast-seo-wordpress\/ -->\n<title>UE: el veto al motor de combusti\u00f3n en punto muerto - 11Onze<\/title>\n<meta name=\"description\" content=\"La UE pospone la votaci\u00f3n definitiva al veto total de los motores de combusti\u00f3n interna despu\u00e9s de la oposici\u00f3n de cinco estados miembros.\" \/>\n<meta name=\"robots\" content=\"index, follow, max-snippet:-1, max-image-preview:large, max-video-preview:-1\" \/>\n<link rel=\"canonical\" href=\"https:\/\/www.11onze.cat\/es\/magazine\/ue-veto-motor-combustion-punto-muerto\/\" \/>\n<meta property=\"og:locale\" content=\"es_ES\" \/>\n<meta property=\"og:type\" content=\"article\" \/>\n<meta property=\"og:title\" content=\"UE: el veto al motor de combusti\u00f3n en punto muerto - 11Onze\" \/>\n<meta property=\"og:description\" content=\"La UE pospone la votaci\u00f3n definitiva al veto total de los motores de combusti\u00f3n interna despu\u00e9s de la oposici\u00f3n de cinco estados miembros.\" \/>\n<meta property=\"og:url\" content=\"https:\/\/www.11onze.cat\/es\/magazine\/ue-veto-motor-combustion-punto-muerto\/\" \/>\n<meta property=\"og:site_name\" content=\"11Onze\" \/>\n<meta property=\"article:publisher\" content=\"https:\/\/www.facebook.com\/11OnzeComunitat\" \/>\n<meta property=\"article:published_time\" content=\"2023-03-09T20:00:00+00:00\" \/>\n<meta property=\"og:image\" content=\"https:\/\/www.11onze.cat\/wp-content\/uploads\/2023\/03\/11ONZE_MOTOR_COMBUSTIO-800x450.png\" \/>\n<meta name=\"author\" content=\"Equip Editorial\" \/>\n<meta name=\"twitter:card\" content=\"summary_large_image\" \/>\n<meta name=\"twitter:title\" content=\"UE: el veto al motor de combusti\u00f3n en punto muerto - 11Onze\" \/>\n<meta name=\"twitter:description\" content=\"La UE pospone la votaci\u00f3n definitiva al veto total de los motores de combusti\u00f3n interna despu\u00e9s de la oposici\u00f3n de cinco estados miembros.\" \/>\n<meta name=\"twitter:image\" content=\"https:\/\/www.11onze.cat\/wp-content\/uploads\/2023\/03\/11ONZE_MOTOR_COMBUSTIO-800x450.png\" \/>\n<meta name=\"twitter:creator\" content=\"@11OnzeFintech\" \/>\n<meta name=\"twitter:site\" content=\"@11OnzeFintech\" \/>\n<meta name=\"twitter:label1\" content=\"Escrito por\" \/>\n\t<meta name=\"twitter:data1\" content=\"Equip Editorial\" \/>\n<script type=\"application\/ld+json\" class=\"yoast-schema-graph\">{\"@context\":\"https:\\\/\\\/schema.org\",\"@graph\":[{\"@type\":\"Article\",\"@id\":\"https:\\\/\\\/www.11onze.cat\\\/es\\\/magazine\\\/ue-veto-motor-combustion-punto-muerto\\\/#article\",\"isPartOf\":{\"@id\":\"https:\\\/\\\/www.11onze.cat\\\/es\\\/magazine\\\/ue-veto-motor-combustion-punto-muerto\\\/\"},\"author\":{\"name\":\"Equip Editorial\",\"@id\":\"https:\\\/\\\/www.11onze.cat\\\/es\\\/#\\\/schema\\\/person\\\/636d99b4c82bb7178687ecd43c3a61bd\"},\"headline\":\"UE: el veto al motor de combusti\u00f3n en punto muerto\",\"datePublished\":\"2023-03-09T20:00:00+00:00\",\"mainEntityOfPage\":{\"@id\":\"https:\\\/\\\/www.11onze.cat\\\/es\\\/magazine\\\/ue-veto-motor-combustion-punto-muerto\\\/\"},\"wordCount\":11,\"commentCount\":0,\"publisher\":{\"@id\":\"https:\\\/\\\/www.11onze.cat\\\/es\\\/#organization\"},\"image\":{\"@id\":\"https:\\\/\\\/www.11onze.cat\\\/es\\\/magazine\\\/ue-veto-motor-combustion-punto-muerto\\\/#primaryimage\"},\"thumbnailUrl\":\"https:\\\/\\\/www.11onze.cat\\\/wp-content\\\/uploads\\\/2023\\\/03\\\/THUMBNAIL_MOTOR_COMBUSTIO.jpg\",\"keywords\":[\"Sostenibilidad\"],\"articleSection\":[\"Sin categorizar\"],\"inLanguage\":\"es\",\"potentialAction\":[{\"@type\":\"CommentAction\",\"name\":\"Comment\",\"target\":[\"https:\\\/\\\/www.11onze.cat\\\/es\\\/magazine\\\/ue-veto-motor-combustion-punto-muerto\\\/#respond\"]}]},{\"@type\":\"WebPage\",\"@id\":\"https:\\\/\\\/www.11onze.cat\\\/es\\\/magazine\\\/ue-veto-motor-combustion-punto-muerto\\\/\",\"url\":\"https:\\\/\\\/www.11onze.cat\\\/es\\\/magazine\\\/ue-veto-motor-combustion-punto-muerto\\\/\",\"name\":\"UE: el veto al motor de combusti\u00f3n en punto muerto - 11Onze\",\"isPartOf\":{\"@id\":\"https:\\\/\\\/www.11onze.cat\\\/es\\\/#website\"},\"primaryImageOfPage\":{\"@id\":\"https:\\\/\\\/www.11onze.cat\\\/es\\\/magazine\\\/ue-veto-motor-combustion-punto-muerto\\\/#primaryimage\"},\"image\":{\"@id\":\"https:\\\/\\\/www.11onze.cat\\\/es\\\/magazine\\\/ue-veto-motor-combustion-punto-muerto\\\/#primaryimage\"},\"thumbnailUrl\":\"https:\\\/\\\/www.11onze.cat\\\/wp-content\\\/uploads\\\/2023\\\/03\\\/THUMBNAIL_MOTOR_COMBUSTIO.jpg\",\"datePublished\":\"2023-03-09T20:00:00+00:00\",\"description\":\"La UE pospone la votaci\u00f3n definitiva al veto total de los motores de combusti\u00f3n interna despu\u00e9s de la oposici\u00f3n de cinco estados miembros.\",\"breadcrumb\":{\"@id\":\"https:\\\/\\\/www.11onze.cat\\\/es\\\/magazine\\\/ue-veto-motor-combustion-punto-muerto\\\/#breadcrumb\"},\"inLanguage\":\"es\",\"potentialAction\":[{\"@type\":\"ReadAction\",\"target\":[\"https:\\\/\\\/www.11onze.cat\\\/es\\\/magazine\\\/ue-veto-motor-combustion-punto-muerto\\\/\"]}]},{\"@type\":\"ImageObject\",\"inLanguage\":\"es\",\"@id\":\"https:\\\/\\\/www.11onze.cat\\\/es\\\/magazine\\\/ue-veto-motor-combustion-punto-muerto\\\/#primaryimage\",\"url\":\"https:\\\/\\\/www.11onze.cat\\\/wp-content\\\/uploads\\\/2023\\\/03\\\/THUMBNAIL_MOTOR_COMBUSTIO.jpg\",\"contentUrl\":\"https:\\\/\\\/www.11onze.cat\\\/wp-content\\\/uploads\\\/2023\\\/03\\\/THUMBNAIL_MOTOR_COMBUSTIO.jpg\",\"width\":750,\"height\":504},{\"@type\":\"BreadcrumbList\",\"@id\":\"https:\\\/\\\/www.11onze.cat\\\/es\\\/magazine\\\/ue-veto-motor-combustion-punto-muerto\\\/#breadcrumb\",\"itemListElement\":[{\"@type\":\"ListItem\",\"position\":1,\"name\":\"Home\",\"item\":\"https:\\\/\\\/www.11onze.cat\\\/es\\\/\"},{\"@type\":\"ListItem\",\"position\":2,\"name\":\"UE: el veto al motor de combusti\u00f3n en punto muerto\"}]},{\"@type\":\"WebSite\",\"@id\":\"https:\\\/\\\/www.11onze.cat\\\/es\\\/#website\",\"url\":\"https:\\\/\\\/www.11onze.cat\\\/es\\\/\",\"name\":\"11Onze\",\"description\":\"Primera comunidad fintech digital en Catalu\u00f1a\",\"publisher\":{\"@id\":\"https:\\\/\\\/www.11onze.cat\\\/es\\\/#organization\"},\"potentialAction\":[{\"@type\":\"SearchAction\",\"target\":{\"@type\":\"EntryPoint\",\"urlTemplate\":\"https:\\\/\\\/www.11onze.cat\\\/es\\\/?s={search_term_string}\"},\"query-input\":{\"@type\":\"PropertyValueSpecification\",\"valueRequired\":true,\"valueName\":\"search_term_string\"}}],\"inLanguage\":\"es\"},{\"@type\":\"Organization\",\"@id\":\"https:\\\/\\\/www.11onze.cat\\\/es\\\/#organization\",\"name\":\"11Onze\",\"url\":\"https:\\\/\\\/www.11onze.cat\\\/es\\\/\",\"logo\":{\"@type\":\"ImageObject\",\"inLanguage\":\"es\",\"@id\":\"https:\\\/\\\/www.11onze.cat\\\/es\\\/#\\\/schema\\\/logo\\\/image\\\/\",\"url\":\"https:\\\/\\\/www.11onze.cat\\\/wp-content\\\/uploads\\\/2021\\\/04\\\/512x512-11Onze.jpg\",\"contentUrl\":\"https:\\\/\\\/www.11onze.cat\\\/wp-content\\\/uploads\\\/2021\\\/04\\\/512x512-11Onze.jpg\",\"width\":512,\"height\":512,\"caption\":\"11Onze\"},\"image\":{\"@id\":\"https:\\\/\\\/www.11onze.cat\\\/es\\\/#\\\/schema\\\/logo\\\/image\\\/\"},\"sameAs\":[\"https:\\\/\\\/www.facebook.com\\\/11OnzeComunitat\",\"https:\\\/\\\/x.com\\\/11OnzeFintech\",\"https:\\\/\\\/www.instagram.com\\\/11onzecat\\\/\",\"https:\\\/\\\/www.linkedin.com\\\/company\\\/11onzebanc\",\"https:\\\/\\\/www.youtube.com\\\/channel\\\/UCz63R8Byd_kBKtK2M4Qf_7w\"]},{\"@type\":\"Person\",\"@id\":\"https:\\\/\\\/www.11onze.cat\\\/es\\\/#\\\/schema\\\/person\\\/636d99b4c82bb7178687ecd43c3a61bd\",\"name\":\"Equip Editorial\",\"image\":{\"@type\":\"ImageObject\",\"inLanguage\":\"es\",\"@id\":\"https:\\\/\\\/www.11onze.cat\\\/wp-content\\\/uploads\\\/2022\\\/05\\\/HEADER_AGENTS_DECK-300x300.jpg\",\"url\":\"https:\\\/\\\/www.11onze.cat\\\/wp-content\\\/uploads\\\/2022\\\/05\\\/HEADER_AGENTS_DECK-300x300.jpg\",\"contentUrl\":\"https:\\\/\\\/www.11onze.cat\\\/wp-content\\\/uploads\\\/2022\\\/05\\\/HEADER_AGENTS_DECK-300x300.jpg\",\"caption\":\"Equip Editorial\"},\"url\":\"https:\\\/\\\/www.11onze.cat\\\/es\\\/magazine\\\/author\\\/equip-editorial-11onze\\\/\"}]}<\/script>\n<!-- \/ Yoast SEO plugin. -->","yoast_head_json":{"title":"UE: el veto al motor de combusti\u00f3n en punto muerto - 11Onze","description":"La UE pospone la votaci\u00f3n definitiva al veto total de los motores de combusti\u00f3n interna despu\u00e9s de la oposici\u00f3n de cinco estados miembros.","robots":{"index":"index","follow":"follow","max-snippet":"max-snippet:-1","max-image-preview":"max-image-preview:large","max-video-preview":"max-video-preview:-1"},"canonical":"https:\/\/www.11onze.cat\/es\/magazine\/ue-veto-motor-combustion-punto-muerto\/","og_locale":"es_ES","og_type":"article","og_title":"UE: el veto al motor de combusti\u00f3n en punto muerto - 11Onze","og_description":"La UE pospone la votaci\u00f3n definitiva al veto total de los motores de combusti\u00f3n interna despu\u00e9s de la oposici\u00f3n de cinco estados miembros.","og_url":"https:\/\/www.11onze.cat\/es\/magazine\/ue-veto-motor-combustion-punto-muerto\/","og_site_name":"11Onze","article_publisher":"https:\/\/www.facebook.com\/11OnzeComunitat","article_published_time":"2023-03-09T20:00:00+00:00","og_image":[{"url":"https:\/\/www.11onze.cat\/wp-content\/uploads\/2023\/03\/11ONZE_MOTOR_COMBUSTIO-800x450.png","type":"","width":"","height":""}],"author":"Equip Editorial","twitter_card":"summary_large_image","twitter_title":"UE: el veto al motor de combusti\u00f3n en punto muerto - 11Onze","twitter_description":"La UE pospone la votaci\u00f3n definitiva al veto total de los motores de combusti\u00f3n interna despu\u00e9s de la oposici\u00f3n de cinco estados miembros.","twitter_image":"https:\/\/www.11onze.cat\/wp-content\/uploads\/2023\/03\/11ONZE_MOTOR_COMBUSTIO-800x450.png","twitter_creator":"@11OnzeFintech","twitter_site":"@11OnzeFintech","twitter_misc":{"Escrito por":"Equip Editorial"},"schema":{"@context":"https:\/\/schema.org","@graph":[{"@type":"Article","@id":"https:\/\/www.11onze.cat\/es\/magazine\/ue-veto-motor-combustion-punto-muerto\/#article","isPartOf":{"@id":"https:\/\/www.11onze.cat\/es\/magazine\/ue-veto-motor-combustion-punto-muerto\/"},"author":{"name":"Equip Editorial","@id":"https:\/\/www.11onze.cat\/es\/#\/schema\/person\/636d99b4c82bb7178687ecd43c3a61bd"},"headline":"UE: el veto al motor de combusti\u00f3n en punto muerto","datePublished":"2023-03-09T20:00:00+00:00","mainEntityOfPage":{"@id":"https:\/\/www.11onze.cat\/es\/magazine\/ue-veto-motor-combustion-punto-muerto\/"},"wordCount":11,"commentCount":0,"publisher":{"@id":"https:\/\/www.11onze.cat\/es\/#organization"},"image":{"@id":"https:\/\/www.11onze.cat\/es\/magazine\/ue-veto-motor-combustion-punto-muerto\/#primaryimage"},"thumbnailUrl":"https:\/\/www.11onze.cat\/wp-content\/uploads\/2023\/03\/THUMBNAIL_MOTOR_COMBUSTIO.jpg","keywords":["Sostenibilidad"],"articleSection":["Sin categorizar"],"inLanguage":"es","potentialAction":[{"@type":"CommentAction","name":"Comment","target":["https:\/\/www.11onze.cat\/es\/magazine\/ue-veto-motor-combustion-punto-muerto\/#respond"]}]},{"@type":"WebPage","@id":"https:\/\/www.11onze.cat\/es\/magazine\/ue-veto-motor-combustion-punto-muerto\/","url":"https:\/\/www.11onze.cat\/es\/magazine\/ue-veto-motor-combustion-punto-muerto\/","name":"UE: el veto al motor de combusti\u00f3n en punto muerto - 11Onze","isPartOf":{"@id":"https:\/\/www.11onze.cat\/es\/#website"},"primaryImageOfPage":{"@id":"https:\/\/www.11onze.cat\/es\/magazine\/ue-veto-motor-combustion-punto-muerto\/#primaryimage"},"image":{"@id":"https:\/\/www.11onze.cat\/es\/magazine\/ue-veto-motor-combustion-punto-muerto\/#primaryimage"},"thumbnailUrl":"https:\/\/www.11onze.cat\/wp-content\/uploads\/2023\/03\/THUMBNAIL_MOTOR_COMBUSTIO.jpg","datePublished":"2023-03-09T20:00:00+00:00","description":"La UE pospone la votaci\u00f3n definitiva al veto total de los motores de combusti\u00f3n interna despu\u00e9s de la oposici\u00f3n de cinco estados miembros.","breadcrumb":{"@id":"https:\/\/www.11onze.cat\/es\/magazine\/ue-veto-motor-combustion-punto-muerto\/#breadcrumb"},"inLanguage":"es","potentialAction":[{"@type":"ReadAction","target":["https:\/\/www.11onze.cat\/es\/magazine\/ue-veto-motor-combustion-punto-muerto\/"]}]},{"@type":"ImageObject","inLanguage":"es","@id":"https:\/\/www.11onze.cat\/es\/magazine\/ue-veto-motor-combustion-punto-muerto\/#primaryimage","url":"https:\/\/www.11onze.cat\/wp-content\/uploads\/2023\/03\/THUMBNAIL_MOTOR_COMBUSTIO.jpg","contentUrl":"https:\/\/www.11onze.cat\/wp-content\/uploads\/2023\/03\/THUMBNAIL_MOTOR_COMBUSTIO.jpg","width":750,"height":504},{"@type":"BreadcrumbList","@id":"https:\/\/www.11onze.cat\/es\/magazine\/ue-veto-motor-combustion-punto-muerto\/#breadcrumb","itemListElement":[{"@type":"ListItem","position":1,"name":"Home","item":"https:\/\/www.11onze.cat\/es\/"},{"@type":"ListItem","position":2,"name":"UE: el veto al motor de combusti\u00f3n en punto muerto"}]},{"@type":"WebSite","@id":"https:\/\/www.11onze.cat\/es\/#website","url":"https:\/\/www.11onze.cat\/es\/","name":"11Onze","description":"Primera comunidad fintech digital en Catalu\u00f1a","publisher":{"@id":"https:\/\/www.11onze.cat\/es\/#organization"},"potentialAction":[{"@type":"SearchAction","target":{"@type":"EntryPoint","urlTemplate":"https:\/\/www.11onze.cat\/es\/?s={search_term_string}"},"query-input":{"@type":"PropertyValueSpecification","valueRequired":true,"valueName":"search_term_string"}}],"inLanguage":"es"},{"@type":"Organization","@id":"https:\/\/www.11onze.cat\/es\/#organization","name":"11Onze","url":"https:\/\/www.11onze.cat\/es\/","logo":{"@type":"ImageObject","inLanguage":"es","@id":"https:\/\/www.11onze.cat\/es\/#\/schema\/logo\/image\/","url":"https:\/\/www.11onze.cat\/wp-content\/uploads\/2021\/04\/512x512-11Onze.jpg","contentUrl":"https:\/\/www.11onze.cat\/wp-content\/uploads\/2021\/04\/512x512-11Onze.jpg","width":512,"height":512,"caption":"11Onze"},"image":{"@id":"https:\/\/www.11onze.cat\/es\/#\/schema\/logo\/image\/"},"sameAs":["https:\/\/www.facebook.com\/11OnzeComunitat","https:\/\/x.com\/11OnzeFintech","https:\/\/www.instagram.com\/11onzecat\/","https:\/\/www.linkedin.com\/company\/11onzebanc","https:\/\/www.youtube.com\/channel\/UCz63R8Byd_kBKtK2M4Qf_7w"]},{"@type":"Person","@id":"https:\/\/www.11onze.cat\/es\/#\/schema\/person\/636d99b4c82bb7178687ecd43c3a61bd","name":"Equip Editorial","image":{"@type":"ImageObject","inLanguage":"es","@id":"https:\/\/www.11onze.cat\/wp-content\/uploads\/2022\/05\/HEADER_AGENTS_DECK-300x300.jpg","url":"https:\/\/www.11onze.cat\/wp-content\/uploads\/2022\/05\/HEADER_AGENTS_DECK-300x300.jpg","contentUrl":"https:\/\/www.11onze.cat\/wp-content\/uploads\/2022\/05\/HEADER_AGENTS_DECK-300x300.jpg","caption":"Equip Editorial"},"url":"https:\/\/www.11onze.cat\/es\/magazine\/author\/equip-editorial-11onze\/"}]}},"_links":{"self":[{"href":"https:\/\/www.11onze.cat\/es\/wp-json\/wp\/v2\/posts\/43080","targetHints":{"allow":["GET"]}}],"collection":[{"href":"https:\/\/www.11onze.cat\/es\/wp-json\/wp\/v2\/posts"}],"about":[{"href":"https:\/\/www.11onze.cat\/es\/wp-json\/wp\/v2\/types\/post"}],"author":[{"embeddable":true,"href":"https:\/\/www.11onze.cat\/es\/wp-json\/wp\/v2\/users\/71"}],"replies":[{"embeddable":true,"href":"https:\/\/www.11onze.cat\/es\/wp-json\/wp\/v2\/comments?post=43080"}],"version-history":[{"count":0,"href":"https:\/\/www.11onze.cat\/es\/wp-json\/wp\/v2\/posts\/43080\/revisions"}],"wp:featuredmedia":[{"embeddable":true,"href":"https:\/\/www.11onze.cat\/es\/wp-json\/wp\/v2\/media\/43075"}],"wp:attachment":[{"href":"https:\/\/www.11onze.cat\/es\/wp-json\/wp\/v2\/media?parent=43080"}],"wp:term":[{"taxonomy":"category","embeddable":true,"href":"https:\/\/www.11onze.cat\/es\/wp-json\/wp\/v2\/categories?post=43080"},{"taxonomy":"post_tag","embeddable":true,"href":"https:\/\/www.11onze.cat\/es\/wp-json\/wp\/v2\/tags?post=43080"}],"curies":[{"name":"wp","href":"https:\/\/api.w.org\/{rel}","templated":true}]}}