{"id":43061,"date":"2025-03-10T09:00:00","date_gmt":"2025-03-10T08:00:00","guid":{"rendered":"https:\/\/www.11onze.cat\/?p=43061"},"modified":"2025-03-03T09:52:03","modified_gmt":"2025-03-03T08:52:03","slug":"diez-claves-lograr-equilibrio-climatico","status":"publish","type":"post","link":"https:\/\/www.11onze.cat\/es\/magazine\/diez-claves-lograr-equilibrio-climatico\/","title":{"rendered":"Diez claves para lograr el equilibrio clim\u00e1tico"},"content":{"rendered":"<div class=\"component text\">\n  <div class=\"container\">\n\n\n    <div class=\"row\">\n      <div class=\"col  col-lg-8  offset-lg-2\">\n        <h3><b>\u00bfEs posible detener el calentamiento global? Durante casi una d\u00e9cada la organizaci\u00f3n Project Drawdown ha insistido en que no se trata de una utop\u00eda si se toman las medidas adecuadas para detener la acumulaci\u00f3n de gases de efecto invernadero en la atm\u00f3sfera.<\/b><\/h3>\n<p><span style=\"font-weight: 400;\">\u00a0<\/span><\/p>\n<p><span style=\"font-weight: 400;\">Las emisiones de gases de efecto invernadero alcanzaron en la d\u00e9cada pasada m\u00e1ximos hist\u00f3ricos, por lo que <\/span><b>el ritmo del calentamiento global se ha intensificado<\/b><span style=\"font-weight: 400;\">. La temperatura est\u00e1 aumentando a un ritmo de casi 0,2 \u00b0C por d\u00e9cada. Y lo peor es que podr\u00eda subir 1,5 \u00b0C m\u00e1s entre 2030 y 2052, seg\u00fan un <\/span><a href=\"https:\/\/www.ipcc.ch\/sr15\/\"><span style=\"font-weight: 400;\">informe<\/span><\/a><span style=\"font-weight: 400;\"> de la ONU.<\/span><\/p>\n<p><span style=\"font-weight: 400;\">En este contexto, la publicaci\u00f3n en 2017 del libro <\/span><a href=\"https:\/\/drawdown.org\/the-book\"><span style=\"font-weight: 400;\">\u2018Drawdown\u2019<\/span><\/a><span style=\"font-weight: 400;\"> gener\u00f3 un enorme eco medi\u00e1tico. Con cerca de un centenar de propuestas, se trataba del<\/span><b> plan m\u00e1s completo hasta aquel momento para revertir el calentamiento global<\/b><span style=\"font-weight: 400;\">. El t\u00edtulo hac\u00eda referencia a ese deseado momento futuro en el que los niveles de gases de efecto invernadero en la atm\u00f3sfera dejen de aumentar e inicien un descenso paulatino que evite consecuencias catastr\u00f3ficas.\u00a0<\/span><\/p>\n<p><span style=\"font-weight: 400;\">El equipo editorial del libro sigui\u00f3 avanzando en sus propuestas para alcanzar ese \u201cpunto crucial para la vida en la Tierra; un punto que debemos alcanzar de forma tan r\u00e1pida, segura y equitativa como sea posible\u201d, seg\u00fan detallan en su web. En 2020 publicaron <\/span><a href=\"https:\/\/drawdown.org\/sites\/default\/files\/pdfs\/ProjectDrawdown_SPANISH-7.2.pdf\"><span style=\"font-weight: 400;\">\u201cEl informe Drawdown\u201d<\/span><\/a><span style=\"font-weight: 400;\">, que actualiza sus propuestas y plantea una serie de reflexiones fundamentales sobre el equilibrio clim\u00e1tico.<\/span><\/p>\n<p>&nbsp;<\/p>\n<h3><b>Un informe de referencia<\/b><\/h3>\n<p><span style=\"font-weight: 400;\">Sus soluciones hacen especial hincapi\u00e9 en los \u00e1mbitos energ\u00e9tico, industrial, alimentario, del transporte y de la construcci\u00f3n, al sumar el 90% de las emisiones de gases de efecto invernadero. Las propuestas, que pretenden servir de punto de partida para legisladores, instituciones e individuos, se basan en <\/span><b>diez ideas clave<\/b><span style=\"font-weight: 400;\"> que deber\u00edan guiar los esfuerzos de la humanidad para evitar el desastre medioambiental.\u00a0<\/span><\/p>\n<ol>\n<li><b> Es posible alcancar el punto \u201cdrawdown\u201d a mitad de siglo.<\/b><span style=\"font-weight: 400;\"> S\u00ed, a pesar de las dificultades, es posible detener el incremento de las emisiones, pero para ello es necesario maximizar las soluciones clim\u00e1ticas disponibles en la actualidad. Como advierte el informe, \u201cdisponible es mejor que nuevo, y la sociedad est\u00e1 preparada para empezar dicha transformaci\u00f3n a d\u00eda de hoy\u201d.\u00a0<\/span><\/li>\n<li><b> Se precisa un sistema completo de soluciones.<\/b><span style=\"font-weight: 400;\"> No existe un remedio \u00fanico y milagroso para un problema tan complejo como la crisis clim\u00e1tica. Muchas de las soluciones pueden combinarse y hacer que se retroalimenten para obtener el mayor impacto posible. Por ejemplo, los edificios eficientes hacen que la generaci\u00f3n de electricidad renovable sea m\u00e1s viable.\u00a0<\/span><\/li>\n<li><b> Las soluciones raramente tienen solo un impacto clim\u00e1tico. <\/b><span style=\"font-weight: 400;\">Muchas de ellas pueden generar empleo, mejorar la resiliencia ante impactos clim\u00e1ticos como tormentas y sequ\u00edas, y proporcionar otros beneficios medioambientales como la preservaci\u00f3n de recursos h\u00eddricos.\u00a0<\/span><\/li>\n<li><b> El ahorro que suponen las soluciones clim\u00e1ticas supera de forma significativa a los costes.<\/b><span style=\"font-weight: 400;\"> Los argumentos acerca de la falta de viabilidad econ\u00f3mica de la acci\u00f3n clim\u00e1tica son falsos. El informe calcula que los ahorros operativos netos multiplican por entre cuatro y cinco los costes de implementaci\u00f3n netos. Y si tenemos en cuenta el valor financiero de los beneficios asociados, como el ahorro en servicios sanitarios gracias a la reducci\u00f3n de la poluci\u00f3n, y los da\u00f1os clim\u00e1ticos evitados, como la reducci\u00f3n de las p\u00e9rdidas en agricultura, el argumento econ\u00f3mico es todav\u00eda m\u00e1s s\u00f3lido.<\/span><\/li>\n<li><b> Es fundamental impulsar las soluciones que reducen o sustituyen el uso de combustibles f\u00f3siles. <\/b><span style=\"font-weight: 400;\">El uso de combustibles f\u00f3siles para electricidad, transporte y calefacci\u00f3n genera dos tercios de las emisiones de gases que atrapan calor en el mundo. De ah\u00ed la importancia de este apartado. Aproximadamente el 30% de las soluciones propuestas en el informe plantean una reducci\u00f3n de su utilizaci\u00f3n a trav\u00e9s de una mayor eficiencia y casi otro 30% plantea alternativas. Estas medidas, que abarcan desde el impulso de las energ\u00edas solar y e\u00f3lica a la readaptaci\u00f3n de edificios, pueden proporcionar casi dos tercios de las reducciones de emisiones necesarias para llegar al punto \u201cdrawdown\u201d.\u00a0<\/span><\/li>\n<li><b> Hay que favorecer los sumideros de carbono de la naturaleza.<\/b><span style=\"font-weight: 400;\"> Si queremos evitar que se desborde el agua de una ba\u00f1era, podemos cerrar el grifo, pero tambi\u00e9n quitar el tap\u00f3n para que el l\u00edquido se vaya por el sumidero. Algo similar sucede con el carbono en la naturaleza. Las actividades humanas pueden favorecer los sumideros de carbono naturales, y muchas soluciones clim\u00e1ticas basadas en ecosistemas o relacionados con la agricultura tienen el doble beneficio de reducir emisiones y absorber el carbono.\u00a0<\/span><\/li>\n<li><b> No se presta la suficiente atenci\u00f3n a algunas de las soluciones clim\u00e1ticas de mayor impacto.<\/b><span style=\"font-weight: 400;\"> El informe advierte que, m\u00e1s all\u00e1 de las turbinas e\u00f3licas terrestres y las plantas fotovoltaicas a escala industrial, es imprescindible avanzar en aspectos como la reducci\u00f3n de los desperdicios alimentarios o mejorar los procesos de desecho de refrigerantes qu\u00edmicos, que son potentes gases de efecto invernadero.\u00a0<\/span><\/li>\n<li><b> Se precisan aceleradores para impulsar soluciones a la escala, velocidad y alcance necesarios.<\/b><span style=\"font-weight: 400;\"> Algunos aceleradores, como el cambio de pol\u00edticas y el desplazamiento de capitales, est\u00e1n m\u00e1s cercanos y tienen impactos m\u00e1s directos. Otros, como los cambios culturales y la generaci\u00f3n de poder pol\u00edtico, est\u00e1n m\u00e1s alejados y son m\u00e1s indirectos en sus efectos.\u00a0<\/span><\/li>\n<li><b> Los cambios se deben dar a todos los niveles, desde el individual hasta el global.<\/b><span style=\"font-weight: 400;\"> La crisis clim\u00e1tica requiere cambios sist\u00e9micos y estructurales en nuestra sociedad. Son necesarias intervenciones a escala individual, de comunidad, organizativa, regionales, nacional y global para maximizar los beneficios y lograr la transformaci\u00f3n.\u00a0<\/span><\/li>\n<li><b> Ser\u00e1n necesarios mucho compromiso, colaboraci\u00f3n e ingenio para revertir la actual situaci\u00f3n. <\/b><span style=\"font-weight: 400;\">El informe advierte que \u201cla senda en la que nos encontramos es mucho m\u00e1s que arriesgada, y es f\u00e1cil sentirse paralizado por ese peligro\u201d. Sin embargo, tambi\u00e9n recalca que el cambio es posible: \u201cjuntos podemos construir un puente desde donde estamos ahora hacia el mundo que queremos\u201d para las generaciones venideras.<\/span><\/li>\n<\/ol>\n<p><b>Si quieres lavar la ropa sin ensuciar el planeta, 11Onze Recomienda <\/b><a href=\"https:\/\/www.11onze.cat\/es\/?page_id=31745\"><b>Natulim<\/b><\/a><\/p>\n\n      <\/div>\n    <\/div>\n  <\/div>\n<\/div>\n\n\n<div class=\"component cards\">\n  <div class=\"container\">\n    <div class=\"row\">\n      <div class=\"col col-xl-8 offset-xl-2\">\n        <h1>Si te ha gustado esta noticia, te recomendamos:<\/h1>\n        <div class=\"cards__wrapper\">\n          <div class=\"card\">\n            <a href=\"https:\/\/www.11onze.cat\/es\/magazine\/calentamiento-global-acelera\/\" class=\"card-link\" target=\"_self\"><\/a>\n            <div class=\"card-img\">\n              <img decoding=\"async\" src=\"https:\/\/www.11onze.cat\/wp-content\/uploads\/2022\/10\/THUMBNAIL_ESCALFAMENT_GLOBAL.jpg\" class=\"card-img-top\" alt=\"\">\n                <span class=\"card-category\">Sostenibilidad<\/span>\n            <\/div>\n            <div class=\"card-body\">\n              <p class=\"card-title p2\"><strong>El calentamiento global se acelera<\/strong><\/p>\n              <span class=\"card-time\">5min lectura<\/span>\n              <p class=\"card-text small\">El 24 de octubre se conmemora el D\u00eda Internacional&#8230;<\/p>\n            <\/div>\n          <\/div>\n\n\n          <div class=\"card\">\n            <a href=\"https:\/\/www.11onze.cat\/es\/magazine\/pagar-cambio-climatico\/\" class=\"card-link\" target=\"_self\"><\/a>\n            <div class=\"card-img\">\n              <img decoding=\"async\" src=\"https:\/\/www.11onze.cat\/wp-content\/uploads\/2022\/11\/THUMBNAIL_COP27.jpg\" class=\"card-img-top\" alt=\"\">\n                <span class=\"card-category\">Sostenibilidad<\/span>\n            <\/div>\n            <div class=\"card-body\">\n              <p class=\"card-title p2\"><strong>\u00bfQui\u00e9n va a pagar el cambio clim\u00e1tico?<\/strong><\/p>\n              <span class=\"card-time\">5min lectura<\/span>\n              <p class=\"card-text small\">Los pa\u00edses m\u00e1s industrializados del mundo han mantenido&#8230;<\/p>\n            <\/div>\n          <\/div>\n\n\n          <div class=\"card\">\n            <a href=\"https:\/\/www.11onze.cat\/es\/magazine\/sin-tiempo-frenar-cambio-climatico\/\" class=\"card-link\" target=\"_self\"><\/a>\n            <div class=\"card-img\">\n              <img decoding=\"async\" src=\"https:\/\/www.11onze.cat\/wp-content\/uploads\/2022\/04\/THUMBNAIL_SENSE_TEMPS_CANVI_CLIMATIC.jpg\" class=\"card-img-top\" alt=\"\">\n                <span class=\"card-category\">Sostenibilidad<\/span>\n            <\/div>\n            <div class=\"card-body\">\n              <p class=\"card-title p2\"><strong>Sin tiempo para frenar el cambio clim\u00e1tico<\/strong><\/p>\n              <span class=\"card-time\">4min lectura<\/span>\n              <p class=\"card-text small\">Los datos son claros: el momento de actuar si&#8230;<\/p>\n            <\/div>\n          <\/div>\n\n              <\/div>\n              <br>\n              <br>\n              <div class=\"cards__wrapper\">\n\n        <\/div>\n      <\/div>\n    <\/div>\n  <\/div>\n<\/div>","protected":false},"excerpt":{"rendered":"","protected":false},"author":71,"featured_media":43056,"comment_status":"open","ping_status":"closed","sticky":false,"template":"","format":"standard","meta":{"_acf_changed":true,"content-type":"","footnotes":""},"categories":[28],"tags":[171],"class_list":["post-43061","post","type-post","status-publish","format-standard","has-post-thumbnail","hentry","category-sin-categorizar","tag-sostenibilidad"],"acf":[],"yoast_head":"<!-- This site is optimized with the Yoast SEO plugin v27.5 - https:\/\/yoast.com\/product\/yoast-seo-wordpress\/ -->\n<title>Diez claves para lograr el equilibrio clim\u00e1tico - 11Onze<\/title>\n<meta name=\"description\" content=\"\u00bfEs posible detener el calentamiento global? S\u00ed, si se toman las medidas adecuadas para reducir la acumulaci\u00f3n de gases.\" \/>\n<meta name=\"robots\" content=\"index, follow, max-snippet:-1, max-image-preview:large, max-video-preview:-1\" \/>\n<link rel=\"canonical\" href=\"https:\/\/www.11onze.cat\/es\/magazine\/diez-claves-lograr-equilibrio-climatico\/\" \/>\n<meta property=\"og:locale\" content=\"es_ES\" \/>\n<meta property=\"og:type\" content=\"article\" \/>\n<meta property=\"og:title\" content=\"Diez claves para lograr el equilibrio clim\u00e1tico - 11Onze\" \/>\n<meta property=\"og:description\" content=\"\u00bfEs posible detener el calentamiento global? S\u00ed, si se toman las medidas adecuadas para reducir la acumulaci\u00f3n de gases de efecto invernadero.\" \/>\n<meta property=\"og:url\" content=\"https:\/\/www.11onze.cat\/es\/magazine\/diez-claves-lograr-equilibrio-climatico\/\" \/>\n<meta property=\"og:site_name\" content=\"11Onze\" \/>\n<meta property=\"article:publisher\" content=\"https:\/\/www.facebook.com\/11OnzeComunitat\" \/>\n<meta property=\"article:published_time\" content=\"2025-03-10T08:00:00+00:00\" \/>\n<meta property=\"og:image\" content=\"https:\/\/www.11onze.cat\/wp-content\/uploads\/2023\/03\/11ONZE_EQUILIBRI_CLIMATIC-800x450.jpg\" \/>\n<meta name=\"author\" content=\"Equip Editorial\" \/>\n<meta name=\"twitter:card\" content=\"summary_large_image\" \/>\n<meta name=\"twitter:title\" content=\"Diez claves para lograr el equilibrio clim\u00e1tico - 11Onze\" \/>\n<meta name=\"twitter:description\" content=\"\u00bfEs posible detener el calentamiento global? S\u00ed, si se toman las medidas adecuadas para reducir la acumulaci\u00f3n de gases de efecto invernadero.\" \/>\n<meta name=\"twitter:image\" content=\"https:\/\/www.11onze.cat\/wp-content\/uploads\/2023\/03\/11ONZE_EQUILIBRI_CLIMATIC-800x450.jpg\" \/>\n<meta name=\"twitter:creator\" content=\"@11OnzeFintech\" \/>\n<meta name=\"twitter:site\" content=\"@11OnzeFintech\" \/>\n<meta name=\"twitter:label1\" content=\"Escrito por\" \/>\n\t<meta name=\"twitter:data1\" content=\"Equip Editorial\" \/>\n\t<meta name=\"twitter:label2\" content=\"Tiempo de lectura\" \/>\n\t<meta name=\"twitter:data2\" content=\"1 minuto\" \/>\n<script type=\"application\/ld+json\" class=\"yoast-schema-graph\">{\"@context\":\"https:\\\/\\\/schema.org\",\"@graph\":[{\"@type\":\"Article\",\"@id\":\"https:\\\/\\\/www.11onze.cat\\\/es\\\/magazine\\\/diez-claves-lograr-equilibrio-climatico\\\/#article\",\"isPartOf\":{\"@id\":\"https:\\\/\\\/www.11onze.cat\\\/es\\\/magazine\\\/diez-claves-lograr-equilibrio-climatico\\\/\"},\"author\":{\"name\":\"Equip Editorial\",\"@id\":\"https:\\\/\\\/www.11onze.cat\\\/es\\\/#\\\/schema\\\/person\\\/636d99b4c82bb7178687ecd43c3a61bd\"},\"headline\":\"Diez claves para lograr el equilibrio clim\u00e1tico\",\"datePublished\":\"2025-03-10T08:00:00+00:00\",\"mainEntityOfPage\":{\"@id\":\"https:\\\/\\\/www.11onze.cat\\\/es\\\/magazine\\\/diez-claves-lograr-equilibrio-climatico\\\/\"},\"wordCount\":8,\"commentCount\":0,\"publisher\":{\"@id\":\"https:\\\/\\\/www.11onze.cat\\\/es\\\/#organization\"},\"image\":{\"@id\":\"https:\\\/\\\/www.11onze.cat\\\/es\\\/magazine\\\/diez-claves-lograr-equilibrio-climatico\\\/#primaryimage\"},\"thumbnailUrl\":\"https:\\\/\\\/www.11onze.cat\\\/wp-content\\\/uploads\\\/2023\\\/03\\\/THUMBNAIL_EQUILIBRI_CLIMATIC.jpg\",\"keywords\":[\"Sostenibilidad\"],\"articleSection\":[\"Sin categorizar\"],\"inLanguage\":\"es\",\"potentialAction\":[{\"@type\":\"CommentAction\",\"name\":\"Comment\",\"target\":[\"https:\\\/\\\/www.11onze.cat\\\/es\\\/magazine\\\/diez-claves-lograr-equilibrio-climatico\\\/#respond\"]}]},{\"@type\":\"WebPage\",\"@id\":\"https:\\\/\\\/www.11onze.cat\\\/es\\\/magazine\\\/diez-claves-lograr-equilibrio-climatico\\\/\",\"url\":\"https:\\\/\\\/www.11onze.cat\\\/es\\\/magazine\\\/diez-claves-lograr-equilibrio-climatico\\\/\",\"name\":\"Diez claves para lograr el equilibrio clim\u00e1tico - 11Onze\",\"isPartOf\":{\"@id\":\"https:\\\/\\\/www.11onze.cat\\\/es\\\/#website\"},\"primaryImageOfPage\":{\"@id\":\"https:\\\/\\\/www.11onze.cat\\\/es\\\/magazine\\\/diez-claves-lograr-equilibrio-climatico\\\/#primaryimage\"},\"image\":{\"@id\":\"https:\\\/\\\/www.11onze.cat\\\/es\\\/magazine\\\/diez-claves-lograr-equilibrio-climatico\\\/#primaryimage\"},\"thumbnailUrl\":\"https:\\\/\\\/www.11onze.cat\\\/wp-content\\\/uploads\\\/2023\\\/03\\\/THUMBNAIL_EQUILIBRI_CLIMATIC.jpg\",\"datePublished\":\"2025-03-10T08:00:00+00:00\",\"description\":\"\u00bfEs posible detener el calentamiento global? S\u00ed, si se toman las medidas adecuadas para reducir la acumulaci\u00f3n de gases.\",\"breadcrumb\":{\"@id\":\"https:\\\/\\\/www.11onze.cat\\\/es\\\/magazine\\\/diez-claves-lograr-equilibrio-climatico\\\/#breadcrumb\"},\"inLanguage\":\"es\",\"potentialAction\":[{\"@type\":\"ReadAction\",\"target\":[\"https:\\\/\\\/www.11onze.cat\\\/es\\\/magazine\\\/diez-claves-lograr-equilibrio-climatico\\\/\"]}]},{\"@type\":\"ImageObject\",\"inLanguage\":\"es\",\"@id\":\"https:\\\/\\\/www.11onze.cat\\\/es\\\/magazine\\\/diez-claves-lograr-equilibrio-climatico\\\/#primaryimage\",\"url\":\"https:\\\/\\\/www.11onze.cat\\\/wp-content\\\/uploads\\\/2023\\\/03\\\/THUMBNAIL_EQUILIBRI_CLIMATIC.jpg\",\"contentUrl\":\"https:\\\/\\\/www.11onze.cat\\\/wp-content\\\/uploads\\\/2023\\\/03\\\/THUMBNAIL_EQUILIBRI_CLIMATIC.jpg\",\"width\":750,\"height\":504},{\"@type\":\"BreadcrumbList\",\"@id\":\"https:\\\/\\\/www.11onze.cat\\\/es\\\/magazine\\\/diez-claves-lograr-equilibrio-climatico\\\/#breadcrumb\",\"itemListElement\":[{\"@type\":\"ListItem\",\"position\":1,\"name\":\"Home\",\"item\":\"https:\\\/\\\/www.11onze.cat\\\/es\\\/\"},{\"@type\":\"ListItem\",\"position\":2,\"name\":\"Diez claves para lograr el equilibrio clim\u00e1tico\"}]},{\"@type\":\"WebSite\",\"@id\":\"https:\\\/\\\/www.11onze.cat\\\/es\\\/#website\",\"url\":\"https:\\\/\\\/www.11onze.cat\\\/es\\\/\",\"name\":\"11Onze\",\"description\":\"Primera comunidad fintech digital en Catalu\u00f1a\",\"publisher\":{\"@id\":\"https:\\\/\\\/www.11onze.cat\\\/es\\\/#organization\"},\"potentialAction\":[{\"@type\":\"SearchAction\",\"target\":{\"@type\":\"EntryPoint\",\"urlTemplate\":\"https:\\\/\\\/www.11onze.cat\\\/es\\\/?s={search_term_string}\"},\"query-input\":{\"@type\":\"PropertyValueSpecification\",\"valueRequired\":true,\"valueName\":\"search_term_string\"}}],\"inLanguage\":\"es\"},{\"@type\":\"Organization\",\"@id\":\"https:\\\/\\\/www.11onze.cat\\\/es\\\/#organization\",\"name\":\"11Onze\",\"url\":\"https:\\\/\\\/www.11onze.cat\\\/es\\\/\",\"logo\":{\"@type\":\"ImageObject\",\"inLanguage\":\"es\",\"@id\":\"https:\\\/\\\/www.11onze.cat\\\/es\\\/#\\\/schema\\\/logo\\\/image\\\/\",\"url\":\"https:\\\/\\\/www.11onze.cat\\\/wp-content\\\/uploads\\\/2021\\\/04\\\/512x512-11Onze.jpg\",\"contentUrl\":\"https:\\\/\\\/www.11onze.cat\\\/wp-content\\\/uploads\\\/2021\\\/04\\\/512x512-11Onze.jpg\",\"width\":512,\"height\":512,\"caption\":\"11Onze\"},\"image\":{\"@id\":\"https:\\\/\\\/www.11onze.cat\\\/es\\\/#\\\/schema\\\/logo\\\/image\\\/\"},\"sameAs\":[\"https:\\\/\\\/www.facebook.com\\\/11OnzeComunitat\",\"https:\\\/\\\/x.com\\\/11OnzeFintech\",\"https:\\\/\\\/www.instagram.com\\\/11onzecat\\\/\",\"https:\\\/\\\/www.linkedin.com\\\/company\\\/11onzebanc\",\"https:\\\/\\\/www.youtube.com\\\/channel\\\/UCz63R8Byd_kBKtK2M4Qf_7w\"]},{\"@type\":\"Person\",\"@id\":\"https:\\\/\\\/www.11onze.cat\\\/es\\\/#\\\/schema\\\/person\\\/636d99b4c82bb7178687ecd43c3a61bd\",\"name\":\"Equip Editorial\",\"image\":{\"@type\":\"ImageObject\",\"inLanguage\":\"es\",\"@id\":\"https:\\\/\\\/www.11onze.cat\\\/wp-content\\\/uploads\\\/2022\\\/05\\\/HEADER_AGENTS_DECK-300x300.jpg\",\"url\":\"https:\\\/\\\/www.11onze.cat\\\/wp-content\\\/uploads\\\/2022\\\/05\\\/HEADER_AGENTS_DECK-300x300.jpg\",\"contentUrl\":\"https:\\\/\\\/www.11onze.cat\\\/wp-content\\\/uploads\\\/2022\\\/05\\\/HEADER_AGENTS_DECK-300x300.jpg\",\"caption\":\"Equip Editorial\"},\"url\":\"https:\\\/\\\/www.11onze.cat\\\/es\\\/magazine\\\/author\\\/equip-editorial-11onze\\\/\"}]}<\/script>\n<!-- \/ Yoast SEO plugin. -->","yoast_head_json":{"title":"Diez claves para lograr el equilibrio clim\u00e1tico - 11Onze","description":"\u00bfEs posible detener el calentamiento global? S\u00ed, si se toman las medidas adecuadas para reducir la acumulaci\u00f3n de gases.","robots":{"index":"index","follow":"follow","max-snippet":"max-snippet:-1","max-image-preview":"max-image-preview:large","max-video-preview":"max-video-preview:-1"},"canonical":"https:\/\/www.11onze.cat\/es\/magazine\/diez-claves-lograr-equilibrio-climatico\/","og_locale":"es_ES","og_type":"article","og_title":"Diez claves para lograr el equilibrio clim\u00e1tico - 11Onze","og_description":"\u00bfEs posible detener el calentamiento global? S\u00ed, si se toman las medidas adecuadas para reducir la acumulaci\u00f3n de gases de efecto invernadero.","og_url":"https:\/\/www.11onze.cat\/es\/magazine\/diez-claves-lograr-equilibrio-climatico\/","og_site_name":"11Onze","article_publisher":"https:\/\/www.facebook.com\/11OnzeComunitat","article_published_time":"2025-03-10T08:00:00+00:00","og_image":[{"url":"https:\/\/www.11onze.cat\/wp-content\/uploads\/2023\/03\/11ONZE_EQUILIBRI_CLIMATIC-800x450.jpg","type":"","width":"","height":""}],"author":"Equip Editorial","twitter_card":"summary_large_image","twitter_title":"Diez claves para lograr el equilibrio clim\u00e1tico - 11Onze","twitter_description":"\u00bfEs posible detener el calentamiento global? S\u00ed, si se toman las medidas adecuadas para reducir la acumulaci\u00f3n de gases de efecto invernadero.","twitter_image":"https:\/\/www.11onze.cat\/wp-content\/uploads\/2023\/03\/11ONZE_EQUILIBRI_CLIMATIC-800x450.jpg","twitter_creator":"@11OnzeFintech","twitter_site":"@11OnzeFintech","twitter_misc":{"Escrito por":"Equip Editorial","Tiempo de lectura":"1 minuto"},"schema":{"@context":"https:\/\/schema.org","@graph":[{"@type":"Article","@id":"https:\/\/www.11onze.cat\/es\/magazine\/diez-claves-lograr-equilibrio-climatico\/#article","isPartOf":{"@id":"https:\/\/www.11onze.cat\/es\/magazine\/diez-claves-lograr-equilibrio-climatico\/"},"author":{"name":"Equip Editorial","@id":"https:\/\/www.11onze.cat\/es\/#\/schema\/person\/636d99b4c82bb7178687ecd43c3a61bd"},"headline":"Diez claves para lograr el equilibrio clim\u00e1tico","datePublished":"2025-03-10T08:00:00+00:00","mainEntityOfPage":{"@id":"https:\/\/www.11onze.cat\/es\/magazine\/diez-claves-lograr-equilibrio-climatico\/"},"wordCount":8,"commentCount":0,"publisher":{"@id":"https:\/\/www.11onze.cat\/es\/#organization"},"image":{"@id":"https:\/\/www.11onze.cat\/es\/magazine\/diez-claves-lograr-equilibrio-climatico\/#primaryimage"},"thumbnailUrl":"https:\/\/www.11onze.cat\/wp-content\/uploads\/2023\/03\/THUMBNAIL_EQUILIBRI_CLIMATIC.jpg","keywords":["Sostenibilidad"],"articleSection":["Sin categorizar"],"inLanguage":"es","potentialAction":[{"@type":"CommentAction","name":"Comment","target":["https:\/\/www.11onze.cat\/es\/magazine\/diez-claves-lograr-equilibrio-climatico\/#respond"]}]},{"@type":"WebPage","@id":"https:\/\/www.11onze.cat\/es\/magazine\/diez-claves-lograr-equilibrio-climatico\/","url":"https:\/\/www.11onze.cat\/es\/magazine\/diez-claves-lograr-equilibrio-climatico\/","name":"Diez claves para lograr el equilibrio clim\u00e1tico - 11Onze","isPartOf":{"@id":"https:\/\/www.11onze.cat\/es\/#website"},"primaryImageOfPage":{"@id":"https:\/\/www.11onze.cat\/es\/magazine\/diez-claves-lograr-equilibrio-climatico\/#primaryimage"},"image":{"@id":"https:\/\/www.11onze.cat\/es\/magazine\/diez-claves-lograr-equilibrio-climatico\/#primaryimage"},"thumbnailUrl":"https:\/\/www.11onze.cat\/wp-content\/uploads\/2023\/03\/THUMBNAIL_EQUILIBRI_CLIMATIC.jpg","datePublished":"2025-03-10T08:00:00+00:00","description":"\u00bfEs posible detener el calentamiento global? S\u00ed, si se toman las medidas adecuadas para reducir la acumulaci\u00f3n de gases.","breadcrumb":{"@id":"https:\/\/www.11onze.cat\/es\/magazine\/diez-claves-lograr-equilibrio-climatico\/#breadcrumb"},"inLanguage":"es","potentialAction":[{"@type":"ReadAction","target":["https:\/\/www.11onze.cat\/es\/magazine\/diez-claves-lograr-equilibrio-climatico\/"]}]},{"@type":"ImageObject","inLanguage":"es","@id":"https:\/\/www.11onze.cat\/es\/magazine\/diez-claves-lograr-equilibrio-climatico\/#primaryimage","url":"https:\/\/www.11onze.cat\/wp-content\/uploads\/2023\/03\/THUMBNAIL_EQUILIBRI_CLIMATIC.jpg","contentUrl":"https:\/\/www.11onze.cat\/wp-content\/uploads\/2023\/03\/THUMBNAIL_EQUILIBRI_CLIMATIC.jpg","width":750,"height":504},{"@type":"BreadcrumbList","@id":"https:\/\/www.11onze.cat\/es\/magazine\/diez-claves-lograr-equilibrio-climatico\/#breadcrumb","itemListElement":[{"@type":"ListItem","position":1,"name":"Home","item":"https:\/\/www.11onze.cat\/es\/"},{"@type":"ListItem","position":2,"name":"Diez claves para lograr el equilibrio clim\u00e1tico"}]},{"@type":"WebSite","@id":"https:\/\/www.11onze.cat\/es\/#website","url":"https:\/\/www.11onze.cat\/es\/","name":"11Onze","description":"Primera comunidad fintech digital en Catalu\u00f1a","publisher":{"@id":"https:\/\/www.11onze.cat\/es\/#organization"},"potentialAction":[{"@type":"SearchAction","target":{"@type":"EntryPoint","urlTemplate":"https:\/\/www.11onze.cat\/es\/?s={search_term_string}"},"query-input":{"@type":"PropertyValueSpecification","valueRequired":true,"valueName":"search_term_string"}}],"inLanguage":"es"},{"@type":"Organization","@id":"https:\/\/www.11onze.cat\/es\/#organization","name":"11Onze","url":"https:\/\/www.11onze.cat\/es\/","logo":{"@type":"ImageObject","inLanguage":"es","@id":"https:\/\/www.11onze.cat\/es\/#\/schema\/logo\/image\/","url":"https:\/\/www.11onze.cat\/wp-content\/uploads\/2021\/04\/512x512-11Onze.jpg","contentUrl":"https:\/\/www.11onze.cat\/wp-content\/uploads\/2021\/04\/512x512-11Onze.jpg","width":512,"height":512,"caption":"11Onze"},"image":{"@id":"https:\/\/www.11onze.cat\/es\/#\/schema\/logo\/image\/"},"sameAs":["https:\/\/www.facebook.com\/11OnzeComunitat","https:\/\/x.com\/11OnzeFintech","https:\/\/www.instagram.com\/11onzecat\/","https:\/\/www.linkedin.com\/company\/11onzebanc","https:\/\/www.youtube.com\/channel\/UCz63R8Byd_kBKtK2M4Qf_7w"]},{"@type":"Person","@id":"https:\/\/www.11onze.cat\/es\/#\/schema\/person\/636d99b4c82bb7178687ecd43c3a61bd","name":"Equip Editorial","image":{"@type":"ImageObject","inLanguage":"es","@id":"https:\/\/www.11onze.cat\/wp-content\/uploads\/2022\/05\/HEADER_AGENTS_DECK-300x300.jpg","url":"https:\/\/www.11onze.cat\/wp-content\/uploads\/2022\/05\/HEADER_AGENTS_DECK-300x300.jpg","contentUrl":"https:\/\/www.11onze.cat\/wp-content\/uploads\/2022\/05\/HEADER_AGENTS_DECK-300x300.jpg","caption":"Equip Editorial"},"url":"https:\/\/www.11onze.cat\/es\/magazine\/author\/equip-editorial-11onze\/"}]}},"_links":{"self":[{"href":"https:\/\/www.11onze.cat\/es\/wp-json\/wp\/v2\/posts\/43061","targetHints":{"allow":["GET"]}}],"collection":[{"href":"https:\/\/www.11onze.cat\/es\/wp-json\/wp\/v2\/posts"}],"about":[{"href":"https:\/\/www.11onze.cat\/es\/wp-json\/wp\/v2\/types\/post"}],"author":[{"embeddable":true,"href":"https:\/\/www.11onze.cat\/es\/wp-json\/wp\/v2\/users\/71"}],"replies":[{"embeddable":true,"href":"https:\/\/www.11onze.cat\/es\/wp-json\/wp\/v2\/comments?post=43061"}],"version-history":[{"count":0,"href":"https:\/\/www.11onze.cat\/es\/wp-json\/wp\/v2\/posts\/43061\/revisions"}],"wp:featuredmedia":[{"embeddable":true,"href":"https:\/\/www.11onze.cat\/es\/wp-json\/wp\/v2\/media\/43056"}],"wp:attachment":[{"href":"https:\/\/www.11onze.cat\/es\/wp-json\/wp\/v2\/media?parent=43061"}],"wp:term":[{"taxonomy":"category","embeddable":true,"href":"https:\/\/www.11onze.cat\/es\/wp-json\/wp\/v2\/categories?post=43061"},{"taxonomy":"post_tag","embeddable":true,"href":"https:\/\/www.11onze.cat\/es\/wp-json\/wp\/v2\/tags?post=43061"}],"curies":[{"name":"wp","href":"https:\/\/api.w.org\/{rel}","templated":true}]}}