{"id":41850,"date":"2026-01-09T09:00:00","date_gmt":"2026-01-09T08:00:00","guid":{"rendered":"https:\/\/www.11onze.cat\/?p=41850"},"modified":"2026-01-07T19:10:12","modified_gmt":"2026-01-07T18:10:12","slug":"territori-17-auge-autoconsumo-fotovoltaico","status":"publish","type":"post","link":"https:\/\/www.11onze.cat\/es\/magazine\/territori-17-auge-autoconsumo-fotovoltaico\/","title":{"rendered":"Territori 17: el auge del autoconsumo fotovoltaico"},"content":{"rendered":"<div class=\"component text\">\n  <div class=\"container\">\n\n\n    <div class=\"row\">\n      <div class=\"col  col-lg-8  offset-lg-2\">\n        <h3><b>La subida del precio de la luz ha disparado el inter\u00e9s por el autoconsumo fotovoltaico, que se establece como la mejor opci\u00f3n para esquivar los elevados costes energ\u00e9ticos. En este episodio de La Pla\u00e7a, hablamos del aumento de la demanda en la instalaci\u00f3n de paneles solares con Ra\u00fal Rodr\u00edguez, director general de la Federaci\u00f3n de Gremios de Instaladores de Catalu\u00f1a (FEGICAT).<\/b><\/h3>\n<p>&nbsp;<\/p>\n<p><span style=\"font-weight: 400;\">La creciente tendencia de particulares y empresas en generar su propia electricidad mediante paneles solares ha hecho que <\/span><b>la potencia instalada se duplicara en los \u00faltimos 12 meses.<\/b><span style=\"font-weight: 400;\"> Este incremento de la demanda ha sido impulsado principalmente por dos factores: por un lado, el descenso de los costes de las tecnolog\u00edas fotovoltaicas y, por la otra, la inflaci\u00f3n que ha afectado especialmente los precios de la energ\u00eda.<\/span><\/p>\n<p><span style=\"font-weight: 400;\">El gran inter\u00e9s para instalar paneles solares, reduciendo la dependencia en el sistema de <\/span><span style=\"font-weight: 400;\">suministro el\u00e9ctrico tradicional, ha provocado que <\/span><b>las empresas del sector no puedan hacer frente a toda la demanda.<\/b><span style=\"font-weight: 400;\"> La falta de personal cualificado agravia la situaci\u00f3n, como explica Rodr\u00edguez, \u201cel colectivo de empresas instaladoras est\u00e1 en disposici\u00f3n de incorporar, de forma inmediata, a 18.000 trabajadores\u201d.<\/span><\/p>\n\n      <\/div>\n    <\/div>\n  <\/div>\n<\/div>\n\n\n<div class=\"component gallery\">\n  <div class=\"container\">\n    <div class=\"row\">\n      <div class=\"col col-lg-10 offset-lg-1\">\n        <div id=\"slider\" class=\"carousel slide\">\n          <div class=\"carousel-inner\">\n            <div class=\"carousel-item active video-player inline-player\" data-video-id=\"6319161624112\">\n              <img decoding=\"async\" class=\"d-block w-100\" src=\"https:\/\/www.11onze.cat\/wp-content\/uploads\/2023\/01\/VISUALS_PODCAST_RADIO_IMAGE_VIDEO_BLOCK_PSN_PRESS-5.jpg\" alt=\"\">\n              <button type=\"button\" class=\"play\"><\/button>\n              <div class=\"carousel-caption\">\n                <p>La Pla\u00e7a \u2013 Territori 17: Placas solares<\/p>\n              <\/div>\n            <\/div>\n          <\/div>\n        <\/div>\n      <\/div>\n    <\/div>\n  <\/div>\n<\/div>\n\n<div class=\"component text\">\n  <div class=\"container\">\n\n\n    <div class=\"row\">\n      <div class=\"col  col-lg-8  offset-lg-2\">\n        <h3><b>Encajar la oferta con la demanda laboral<\/b><\/h3>\n<p><span style=\"font-weight: 400;\">El reto de la transici\u00f3n energ\u00e9tica y de lograr la neutralidad de carbono en 2050, como pide la Uni\u00f3n Europea, significa que <\/span><b>en Catalu\u00f1a \u201cnecesitaremos 170.000 trabajadores en el sector\u201d,<\/b><span style=\"font-weight: 400;\"> apunta Rodr\u00edguez, y contin\u00faa, \u201cestamos hablando de salarios m\u00ednimos de 1.500 euros al mes en 14 pagas, y con una proyecci\u00f3n de futuro impresionante\u201d.<\/span><\/p>\n<p><span style=\"font-weight: 400;\">\u201cSe trata de una oportunidad competitiva de pa\u00eds, siempre que la sepamos aprovechar\u201d, el director general de FEGICAT advierte de <\/span><b>la necesidad de equilibrar el mercado con mano de obra cualificada, impulsando la formaci\u00f3n de nuevos profesionales<\/b><span style=\"font-weight: 400;\">. Una oportunidad de pa\u00eds en la que la administraci\u00f3n p\u00fablica ha de jugar un papel fundamental, evitando las trabas administrativas, fomentando la formaci\u00f3n, e incrementando los incentivos fiscales.<\/span><\/p>\n<p>&nbsp;<\/p>\n<p><b>11Onze es la fintech comunitaria de Catalu\u00f1a. Abre una cuenta descargando la super app El Canut para <\/b><a href=\"https:\/\/play.google.com\/store\/apps\/details?id=com.e11onze.app&amp;utm_source=emailing&amp;utm_campaign=CANUT+launch\" target=\"_blank\" rel=\"noopener\"><b>Android<\/b><\/a><b> o <\/b><a href=\"https:\/\/apps.apple.com\/us\/app\/11onze\/id1566129237?utm_campaign=El+Canut\" target=\"_blank\" rel=\"noopener\"><b>iOS<\/b><\/a><b>. \u00a1\u00danete a la revoluci\u00f3n!<\/b><\/p>\n\n      <\/div>\n    <\/div>\n  <\/div>\n<\/div>\n\n\n<div class=\"component cards\">\n  <div class=\"container\">\n    <div class=\"row\">\n      <div class=\"col col-xl-8 offset-xl-2\">\n        <h1>Si te ha gustado este art\u00edculo, te recomendamos:<\/h1>\n        <div class=\"cards__wrapper\">\n          <div class=\"card\">\n            <a href=\"https:\/\/www.11onze.cat\/es\/magazine\/autoconsumo-fotovoltaico\/\" class=\"card-link\" target=\"_self\"><\/a>\n            <div class=\"card-img\">\n              <img decoding=\"async\" src=\"https:\/\/www.11onze.cat\/wp-content\/uploads\/2021\/05\/THUMBNAIL_POST_PLAQUES_SOLARS_LLAR-800x535.jpg\" class=\"card-img-top\" alt=\"\">\n                <span class=\"card-category\">Sostenibilidad<\/span>\n            <\/div>\n            <div class=\"card-body\">\n              <p class=\"card-title p2\"><strong>Autoconsumo fotovoltaico<\/strong><\/p>\n              <span class=\"card-time\">4min lectura<\/span>\n              <p class=\"card-text small\">El impuesto al sol era una tasa obligatoria para los usuarios.<\/p>\n            <\/div>\n          <\/div>\n\n\n          <div class=\"card\">\n            <a href=\"https:\/\/www.11onze.cat\/es\/magazine\/economia-sostenible\/\" class=\"card-link\" target=\"_self\"><\/a>\n            <div class=\"card-img\">\n              <img decoding=\"async\" src=\"https:\/\/www.11onze.cat\/wp-content\/uploads\/2021\/04\/THUMBNAIL_POST_21.jpg\" class=\"card-img-top\" alt=\"\">\n                <span class=\"card-category\">Econom\u00eda<\/span>\n            <\/div>\n            <div class=\"card-body\">\n              <p class=\"card-title p2\"><strong>Econom\u00eda sostenible, \u00bfqu\u00e9 es?<\/strong><\/p>\n              <span class=\"card-time\">6min lectura<\/span>\n              <p class=\"card-text small\">La econom\u00eda sostenible busca aumentar el bienestar social.<\/p>\n            <\/div>\n          <\/div>\n\n\n          <div class=\"card\">\n            <a href=\"https:\/\/www.11onze.cat\/es\/magazine\/5-trucos-ahorrar-calefaccion\/\" class=\"card-link\" target=\"_self\"><\/a>\n            <div class=\"card-img\">\n              <img decoding=\"async\" src=\"https:\/\/www.11onze.cat\/wp-content\/uploads\/2023\/01\/THUMBNAIL_ESTALVIA_HIVERN.jpg\" class=\"card-img-top\" alt=\"\">\n                <span class=\"card-category\">Ahorros<\/span>\n            <\/div>\n            <div class=\"card-body\">\n              <p class=\"card-title p2\"><strong>5 trucos para ahorrar en calefacci\u00f3n<\/strong><\/p>\n              <span class=\"card-time\">3min lectura<\/span>\n              <p class=\"card-text small\">La limitaci\u00f3n del gas ha hecho bajar el precio de la electricidad.<\/p>\n            <\/div>\n          <\/div>\n\n              <\/div>\n              <br>\n              <br>\n              <div class=\"cards__wrapper\">\n\n        <\/div>\n      <\/div>\n    <\/div>\n  <\/div>\n<\/div>","protected":false},"excerpt":{"rendered":"","protected":false},"author":71,"featured_media":41839,"comment_status":"closed","ping_status":"closed","sticky":false,"template":"","format":"standard","meta":{"_acf_changed":false,"content-type":"","footnotes":""},"categories":[28],"tags":[171],"class_list":["post-41850","post","type-post","status-publish","format-standard","has-post-thumbnail","hentry","category-sin-categorizar","tag-sostenibilidad"],"acf":[],"yoast_head":"<!-- This site is optimized with the Yoast SEO plugin v27.5 - https:\/\/yoast.com\/product\/yoast-seo-wordpress\/ -->\n<title>Territori 17: el auge del autoconsumo fotovoltaico - 11Onze<\/title>\n<meta name=\"description\" content=\"La inflaci\u00f3n dispara el autoconsumo fotovoltaico. Analizamos el estado actual del mercado fotovoltaico con Ra\u00fal Rodr\u00edguez de FEGICAT.\" \/>\n<meta name=\"robots\" content=\"index, follow, max-snippet:-1, max-image-preview:large, max-video-preview:-1\" \/>\n<link rel=\"canonical\" href=\"https:\/\/www.11onze.cat\/es\/magazine\/territori-17-auge-autoconsumo-fotovoltaico\/\" \/>\n<meta property=\"og:locale\" content=\"es_ES\" \/>\n<meta property=\"og:type\" content=\"article\" \/>\n<meta property=\"og:title\" content=\"Territori 17: el auge del autoconsumo fotovoltaico - 11Onze\" \/>\n<meta property=\"og:description\" content=\"La inflaci\u00f3n dispara el autoconsumo fotovoltaico. Analizamos el estado actual del mercado fotovoltaico con Ra\u00fal Rodr\u00edguez de FEGICAT.\" \/>\n<meta property=\"og:url\" content=\"https:\/\/www.11onze.cat\/es\/magazine\/territori-17-auge-autoconsumo-fotovoltaico\/\" \/>\n<meta property=\"og:site_name\" content=\"11Onze\" \/>\n<meta property=\"article:publisher\" content=\"https:\/\/www.facebook.com\/11OnzeComunitat\" \/>\n<meta property=\"article:published_time\" content=\"2026-01-09T08:00:00+00:00\" \/>\n<meta property=\"og:image\" content=\"https:\/\/www.11onze.cat\/wp-content\/uploads\/2023\/01\/VISUALS_PODCAST_RADIO_SHARE_IMAGE_PRESS-5-800x450.jpg\" \/>\n<meta name=\"author\" content=\"Equip Editorial\" \/>\n<meta name=\"twitter:card\" content=\"summary_large_image\" \/>\n<meta name=\"twitter:title\" content=\"Territori 17: el auge del autoconsumo fotovoltaico - 11Onze\" \/>\n<meta name=\"twitter:description\" content=\"La inflaci\u00f3n dispara el autoconsumo fotovoltaico. Analizamos el estado actual del mercado fotovoltaico con Ra\u00fal Rodr\u00edguez de FEGICAT.\" \/>\n<meta name=\"twitter:image\" content=\"https:\/\/www.11onze.cat\/wp-content\/uploads\/2023\/01\/VISUALS_PODCAST_RADIO_SHARE_IMAGE_PRESS-5-800x450.jpg\" \/>\n<meta name=\"twitter:creator\" content=\"@11OnzeFintech\" \/>\n<meta name=\"twitter:site\" content=\"@11OnzeFintech\" \/>\n<meta name=\"twitter:label1\" content=\"Escrito por\" \/>\n\t<meta name=\"twitter:data1\" content=\"Equip Editorial\" \/>\n\t<meta name=\"twitter:label2\" content=\"Tiempo de lectura\" \/>\n\t<meta name=\"twitter:data2\" content=\"1 minuto\" \/>\n<script type=\"application\/ld+json\" class=\"yoast-schema-graph\">{\"@context\":\"https:\\\/\\\/schema.org\",\"@graph\":[{\"@type\":\"Article\",\"@id\":\"https:\\\/\\\/www.11onze.cat\\\/es\\\/magazine\\\/territori-17-auge-autoconsumo-fotovoltaico\\\/#article\",\"isPartOf\":{\"@id\":\"https:\\\/\\\/www.11onze.cat\\\/es\\\/magazine\\\/territori-17-auge-autoconsumo-fotovoltaico\\\/\"},\"author\":{\"name\":\"Equip Editorial\",\"@id\":\"https:\\\/\\\/www.11onze.cat\\\/es\\\/#\\\/schema\\\/person\\\/636d99b4c82bb7178687ecd43c3a61bd\"},\"headline\":\"Territori 17: el auge del autoconsumo fotovoltaico\",\"datePublished\":\"2026-01-09T08:00:00+00:00\",\"mainEntityOfPage\":{\"@id\":\"https:\\\/\\\/www.11onze.cat\\\/es\\\/magazine\\\/territori-17-auge-autoconsumo-fotovoltaico\\\/\"},\"wordCount\":6,\"publisher\":{\"@id\":\"https:\\\/\\\/www.11onze.cat\\\/es\\\/#organization\"},\"image\":{\"@id\":\"https:\\\/\\\/www.11onze.cat\\\/es\\\/magazine\\\/territori-17-auge-autoconsumo-fotovoltaico\\\/#primaryimage\"},\"thumbnailUrl\":\"https:\\\/\\\/www.11onze.cat\\\/wp-content\\\/uploads\\\/2023\\\/01\\\/VISUALS_PODCAST_RADIO_THUMBNAIL_PSN_PRESS-3.jpg\",\"keywords\":[\"Sostenibilidad\"],\"articleSection\":[\"Sin categorizar\"],\"inLanguage\":\"es\"},{\"@type\":\"WebPage\",\"@id\":\"https:\\\/\\\/www.11onze.cat\\\/es\\\/magazine\\\/territori-17-auge-autoconsumo-fotovoltaico\\\/\",\"url\":\"https:\\\/\\\/www.11onze.cat\\\/es\\\/magazine\\\/territori-17-auge-autoconsumo-fotovoltaico\\\/\",\"name\":\"Territori 17: el auge del autoconsumo fotovoltaico - 11Onze\",\"isPartOf\":{\"@id\":\"https:\\\/\\\/www.11onze.cat\\\/es\\\/#website\"},\"primaryImageOfPage\":{\"@id\":\"https:\\\/\\\/www.11onze.cat\\\/es\\\/magazine\\\/territori-17-auge-autoconsumo-fotovoltaico\\\/#primaryimage\"},\"image\":{\"@id\":\"https:\\\/\\\/www.11onze.cat\\\/es\\\/magazine\\\/territori-17-auge-autoconsumo-fotovoltaico\\\/#primaryimage\"},\"thumbnailUrl\":\"https:\\\/\\\/www.11onze.cat\\\/wp-content\\\/uploads\\\/2023\\\/01\\\/VISUALS_PODCAST_RADIO_THUMBNAIL_PSN_PRESS-3.jpg\",\"datePublished\":\"2026-01-09T08:00:00+00:00\",\"description\":\"La inflaci\u00f3n dispara el autoconsumo fotovoltaico. Analizamos el estado actual del mercado fotovoltaico con Ra\u00fal Rodr\u00edguez de FEGICAT.\",\"breadcrumb\":{\"@id\":\"https:\\\/\\\/www.11onze.cat\\\/es\\\/magazine\\\/territori-17-auge-autoconsumo-fotovoltaico\\\/#breadcrumb\"},\"inLanguage\":\"es\",\"potentialAction\":[{\"@type\":\"ReadAction\",\"target\":[\"https:\\\/\\\/www.11onze.cat\\\/es\\\/magazine\\\/territori-17-auge-autoconsumo-fotovoltaico\\\/\"]}]},{\"@type\":\"ImageObject\",\"inLanguage\":\"es\",\"@id\":\"https:\\\/\\\/www.11onze.cat\\\/es\\\/magazine\\\/territori-17-auge-autoconsumo-fotovoltaico\\\/#primaryimage\",\"url\":\"https:\\\/\\\/www.11onze.cat\\\/wp-content\\\/uploads\\\/2023\\\/01\\\/VISUALS_PODCAST_RADIO_THUMBNAIL_PSN_PRESS-3.jpg\",\"contentUrl\":\"https:\\\/\\\/www.11onze.cat\\\/wp-content\\\/uploads\\\/2023\\\/01\\\/VISUALS_PODCAST_RADIO_THUMBNAIL_PSN_PRESS-3.jpg\",\"width\":751,\"height\":505},{\"@type\":\"BreadcrumbList\",\"@id\":\"https:\\\/\\\/www.11onze.cat\\\/es\\\/magazine\\\/territori-17-auge-autoconsumo-fotovoltaico\\\/#breadcrumb\",\"itemListElement\":[{\"@type\":\"ListItem\",\"position\":1,\"name\":\"Home\",\"item\":\"https:\\\/\\\/www.11onze.cat\\\/es\\\/\"},{\"@type\":\"ListItem\",\"position\":2,\"name\":\"Territori 17: el auge del autoconsumo fotovoltaico\"}]},{\"@type\":\"WebSite\",\"@id\":\"https:\\\/\\\/www.11onze.cat\\\/es\\\/#website\",\"url\":\"https:\\\/\\\/www.11onze.cat\\\/es\\\/\",\"name\":\"11Onze\",\"description\":\"Primera comunidad fintech digital en Catalu\u00f1a\",\"publisher\":{\"@id\":\"https:\\\/\\\/www.11onze.cat\\\/es\\\/#organization\"},\"potentialAction\":[{\"@type\":\"SearchAction\",\"target\":{\"@type\":\"EntryPoint\",\"urlTemplate\":\"https:\\\/\\\/www.11onze.cat\\\/es\\\/?s={search_term_string}\"},\"query-input\":{\"@type\":\"PropertyValueSpecification\",\"valueRequired\":true,\"valueName\":\"search_term_string\"}}],\"inLanguage\":\"es\"},{\"@type\":\"Organization\",\"@id\":\"https:\\\/\\\/www.11onze.cat\\\/es\\\/#organization\",\"name\":\"11Onze\",\"url\":\"https:\\\/\\\/www.11onze.cat\\\/es\\\/\",\"logo\":{\"@type\":\"ImageObject\",\"inLanguage\":\"es\",\"@id\":\"https:\\\/\\\/www.11onze.cat\\\/es\\\/#\\\/schema\\\/logo\\\/image\\\/\",\"url\":\"https:\\\/\\\/www.11onze.cat\\\/wp-content\\\/uploads\\\/2021\\\/04\\\/512x512-11Onze.jpg\",\"contentUrl\":\"https:\\\/\\\/www.11onze.cat\\\/wp-content\\\/uploads\\\/2021\\\/04\\\/512x512-11Onze.jpg\",\"width\":512,\"height\":512,\"caption\":\"11Onze\"},\"image\":{\"@id\":\"https:\\\/\\\/www.11onze.cat\\\/es\\\/#\\\/schema\\\/logo\\\/image\\\/\"},\"sameAs\":[\"https:\\\/\\\/www.facebook.com\\\/11OnzeComunitat\",\"https:\\\/\\\/x.com\\\/11OnzeFintech\",\"https:\\\/\\\/www.instagram.com\\\/11onzecat\\\/\",\"https:\\\/\\\/www.linkedin.com\\\/company\\\/11onzebanc\",\"https:\\\/\\\/www.youtube.com\\\/channel\\\/UCz63R8Byd_kBKtK2M4Qf_7w\"]},{\"@type\":\"Person\",\"@id\":\"https:\\\/\\\/www.11onze.cat\\\/es\\\/#\\\/schema\\\/person\\\/636d99b4c82bb7178687ecd43c3a61bd\",\"name\":\"Equip Editorial\",\"image\":{\"@type\":\"ImageObject\",\"inLanguage\":\"es\",\"@id\":\"https:\\\/\\\/www.11onze.cat\\\/wp-content\\\/uploads\\\/2022\\\/05\\\/HEADER_AGENTS_DECK-300x300.jpg\",\"url\":\"https:\\\/\\\/www.11onze.cat\\\/wp-content\\\/uploads\\\/2022\\\/05\\\/HEADER_AGENTS_DECK-300x300.jpg\",\"contentUrl\":\"https:\\\/\\\/www.11onze.cat\\\/wp-content\\\/uploads\\\/2022\\\/05\\\/HEADER_AGENTS_DECK-300x300.jpg\",\"caption\":\"Equip Editorial\"},\"url\":\"https:\\\/\\\/www.11onze.cat\\\/es\\\/magazine\\\/author\\\/equip-editorial-11onze\\\/\"}]}<\/script>\n<!-- \/ Yoast SEO plugin. -->","yoast_head_json":{"title":"Territori 17: el auge del autoconsumo fotovoltaico - 11Onze","description":"La inflaci\u00f3n dispara el autoconsumo fotovoltaico. Analizamos el estado actual del mercado fotovoltaico con Ra\u00fal Rodr\u00edguez de FEGICAT.","robots":{"index":"index","follow":"follow","max-snippet":"max-snippet:-1","max-image-preview":"max-image-preview:large","max-video-preview":"max-video-preview:-1"},"canonical":"https:\/\/www.11onze.cat\/es\/magazine\/territori-17-auge-autoconsumo-fotovoltaico\/","og_locale":"es_ES","og_type":"article","og_title":"Territori 17: el auge del autoconsumo fotovoltaico - 11Onze","og_description":"La inflaci\u00f3n dispara el autoconsumo fotovoltaico. Analizamos el estado actual del mercado fotovoltaico con Ra\u00fal Rodr\u00edguez de FEGICAT.","og_url":"https:\/\/www.11onze.cat\/es\/magazine\/territori-17-auge-autoconsumo-fotovoltaico\/","og_site_name":"11Onze","article_publisher":"https:\/\/www.facebook.com\/11OnzeComunitat","article_published_time":"2026-01-09T08:00:00+00:00","og_image":[{"url":"https:\/\/www.11onze.cat\/wp-content\/uploads\/2023\/01\/VISUALS_PODCAST_RADIO_SHARE_IMAGE_PRESS-5-800x450.jpg","type":"","width":"","height":""}],"author":"Equip Editorial","twitter_card":"summary_large_image","twitter_title":"Territori 17: el auge del autoconsumo fotovoltaico - 11Onze","twitter_description":"La inflaci\u00f3n dispara el autoconsumo fotovoltaico. Analizamos el estado actual del mercado fotovoltaico con Ra\u00fal Rodr\u00edguez de FEGICAT.","twitter_image":"https:\/\/www.11onze.cat\/wp-content\/uploads\/2023\/01\/VISUALS_PODCAST_RADIO_SHARE_IMAGE_PRESS-5-800x450.jpg","twitter_creator":"@11OnzeFintech","twitter_site":"@11OnzeFintech","twitter_misc":{"Escrito por":"Equip Editorial","Tiempo de lectura":"1 minuto"},"schema":{"@context":"https:\/\/schema.org","@graph":[{"@type":"Article","@id":"https:\/\/www.11onze.cat\/es\/magazine\/territori-17-auge-autoconsumo-fotovoltaico\/#article","isPartOf":{"@id":"https:\/\/www.11onze.cat\/es\/magazine\/territori-17-auge-autoconsumo-fotovoltaico\/"},"author":{"name":"Equip Editorial","@id":"https:\/\/www.11onze.cat\/es\/#\/schema\/person\/636d99b4c82bb7178687ecd43c3a61bd"},"headline":"Territori 17: el auge del autoconsumo fotovoltaico","datePublished":"2026-01-09T08:00:00+00:00","mainEntityOfPage":{"@id":"https:\/\/www.11onze.cat\/es\/magazine\/territori-17-auge-autoconsumo-fotovoltaico\/"},"wordCount":6,"publisher":{"@id":"https:\/\/www.11onze.cat\/es\/#organization"},"image":{"@id":"https:\/\/www.11onze.cat\/es\/magazine\/territori-17-auge-autoconsumo-fotovoltaico\/#primaryimage"},"thumbnailUrl":"https:\/\/www.11onze.cat\/wp-content\/uploads\/2023\/01\/VISUALS_PODCAST_RADIO_THUMBNAIL_PSN_PRESS-3.jpg","keywords":["Sostenibilidad"],"articleSection":["Sin categorizar"],"inLanguage":"es"},{"@type":"WebPage","@id":"https:\/\/www.11onze.cat\/es\/magazine\/territori-17-auge-autoconsumo-fotovoltaico\/","url":"https:\/\/www.11onze.cat\/es\/magazine\/territori-17-auge-autoconsumo-fotovoltaico\/","name":"Territori 17: el auge del autoconsumo fotovoltaico - 11Onze","isPartOf":{"@id":"https:\/\/www.11onze.cat\/es\/#website"},"primaryImageOfPage":{"@id":"https:\/\/www.11onze.cat\/es\/magazine\/territori-17-auge-autoconsumo-fotovoltaico\/#primaryimage"},"image":{"@id":"https:\/\/www.11onze.cat\/es\/magazine\/territori-17-auge-autoconsumo-fotovoltaico\/#primaryimage"},"thumbnailUrl":"https:\/\/www.11onze.cat\/wp-content\/uploads\/2023\/01\/VISUALS_PODCAST_RADIO_THUMBNAIL_PSN_PRESS-3.jpg","datePublished":"2026-01-09T08:00:00+00:00","description":"La inflaci\u00f3n dispara el autoconsumo fotovoltaico. Analizamos el estado actual del mercado fotovoltaico con Ra\u00fal Rodr\u00edguez de FEGICAT.","breadcrumb":{"@id":"https:\/\/www.11onze.cat\/es\/magazine\/territori-17-auge-autoconsumo-fotovoltaico\/#breadcrumb"},"inLanguage":"es","potentialAction":[{"@type":"ReadAction","target":["https:\/\/www.11onze.cat\/es\/magazine\/territori-17-auge-autoconsumo-fotovoltaico\/"]}]},{"@type":"ImageObject","inLanguage":"es","@id":"https:\/\/www.11onze.cat\/es\/magazine\/territori-17-auge-autoconsumo-fotovoltaico\/#primaryimage","url":"https:\/\/www.11onze.cat\/wp-content\/uploads\/2023\/01\/VISUALS_PODCAST_RADIO_THUMBNAIL_PSN_PRESS-3.jpg","contentUrl":"https:\/\/www.11onze.cat\/wp-content\/uploads\/2023\/01\/VISUALS_PODCAST_RADIO_THUMBNAIL_PSN_PRESS-3.jpg","width":751,"height":505},{"@type":"BreadcrumbList","@id":"https:\/\/www.11onze.cat\/es\/magazine\/territori-17-auge-autoconsumo-fotovoltaico\/#breadcrumb","itemListElement":[{"@type":"ListItem","position":1,"name":"Home","item":"https:\/\/www.11onze.cat\/es\/"},{"@type":"ListItem","position":2,"name":"Territori 17: el auge del autoconsumo fotovoltaico"}]},{"@type":"WebSite","@id":"https:\/\/www.11onze.cat\/es\/#website","url":"https:\/\/www.11onze.cat\/es\/","name":"11Onze","description":"Primera comunidad fintech digital en Catalu\u00f1a","publisher":{"@id":"https:\/\/www.11onze.cat\/es\/#organization"},"potentialAction":[{"@type":"SearchAction","target":{"@type":"EntryPoint","urlTemplate":"https:\/\/www.11onze.cat\/es\/?s={search_term_string}"},"query-input":{"@type":"PropertyValueSpecification","valueRequired":true,"valueName":"search_term_string"}}],"inLanguage":"es"},{"@type":"Organization","@id":"https:\/\/www.11onze.cat\/es\/#organization","name":"11Onze","url":"https:\/\/www.11onze.cat\/es\/","logo":{"@type":"ImageObject","inLanguage":"es","@id":"https:\/\/www.11onze.cat\/es\/#\/schema\/logo\/image\/","url":"https:\/\/www.11onze.cat\/wp-content\/uploads\/2021\/04\/512x512-11Onze.jpg","contentUrl":"https:\/\/www.11onze.cat\/wp-content\/uploads\/2021\/04\/512x512-11Onze.jpg","width":512,"height":512,"caption":"11Onze"},"image":{"@id":"https:\/\/www.11onze.cat\/es\/#\/schema\/logo\/image\/"},"sameAs":["https:\/\/www.facebook.com\/11OnzeComunitat","https:\/\/x.com\/11OnzeFintech","https:\/\/www.instagram.com\/11onzecat\/","https:\/\/www.linkedin.com\/company\/11onzebanc","https:\/\/www.youtube.com\/channel\/UCz63R8Byd_kBKtK2M4Qf_7w"]},{"@type":"Person","@id":"https:\/\/www.11onze.cat\/es\/#\/schema\/person\/636d99b4c82bb7178687ecd43c3a61bd","name":"Equip Editorial","image":{"@type":"ImageObject","inLanguage":"es","@id":"https:\/\/www.11onze.cat\/wp-content\/uploads\/2022\/05\/HEADER_AGENTS_DECK-300x300.jpg","url":"https:\/\/www.11onze.cat\/wp-content\/uploads\/2022\/05\/HEADER_AGENTS_DECK-300x300.jpg","contentUrl":"https:\/\/www.11onze.cat\/wp-content\/uploads\/2022\/05\/HEADER_AGENTS_DECK-300x300.jpg","caption":"Equip Editorial"},"url":"https:\/\/www.11onze.cat\/es\/magazine\/author\/equip-editorial-11onze\/"}]}},"_links":{"self":[{"href":"https:\/\/www.11onze.cat\/es\/wp-json\/wp\/v2\/posts\/41850","targetHints":{"allow":["GET"]}}],"collection":[{"href":"https:\/\/www.11onze.cat\/es\/wp-json\/wp\/v2\/posts"}],"about":[{"href":"https:\/\/www.11onze.cat\/es\/wp-json\/wp\/v2\/types\/post"}],"author":[{"embeddable":true,"href":"https:\/\/www.11onze.cat\/es\/wp-json\/wp\/v2\/users\/71"}],"replies":[{"embeddable":true,"href":"https:\/\/www.11onze.cat\/es\/wp-json\/wp\/v2\/comments?post=41850"}],"version-history":[{"count":0,"href":"https:\/\/www.11onze.cat\/es\/wp-json\/wp\/v2\/posts\/41850\/revisions"}],"wp:featuredmedia":[{"embeddable":true,"href":"https:\/\/www.11onze.cat\/es\/wp-json\/wp\/v2\/media\/41839"}],"wp:attachment":[{"href":"https:\/\/www.11onze.cat\/es\/wp-json\/wp\/v2\/media?parent=41850"}],"wp:term":[{"taxonomy":"category","embeddable":true,"href":"https:\/\/www.11onze.cat\/es\/wp-json\/wp\/v2\/categories?post=41850"},{"taxonomy":"post_tag","embeddable":true,"href":"https:\/\/www.11onze.cat\/es\/wp-json\/wp\/v2\/tags?post=41850"}],"curies":[{"name":"wp","href":"https:\/\/api.w.org\/{rel}","templated":true}]}}