{"id":40877,"date":"2022-12-23T09:17:16","date_gmt":"2022-12-23T08:17:16","guid":{"rendered":"https:\/\/www.11onze.cat\/magazine\/david-garrofe-analitza-mercat-laboral-futur\/"},"modified":"2023-01-02T16:55:06","modified_gmt":"2023-01-02T15:55:06","slug":"david-garrofe-analiza-mercado-laboral-futuro","status":"publish","type":"post","link":"https:\/\/www.11onze.cat\/es\/magazine\/david-garrofe-analiza-mercado-laboral-futuro\/","title":{"rendered":"<strong>David Garrof\u00e9 analiza el futuro mercado laboral<\/strong>"},"content":{"rendered":"<div class=\"component text\">\n  <div class=\"container\">\n\n\n    <div class=\"row\">\n      <div class=\"col  col-lg-8  offset-lg-2\">\n        <h3><b>La falta de mano de obra y la escasez de personal cualificado son algunas de las quejas habituales del mundo empresarial. Por otro lado, las altas cifras de paro y los sueldos bajos son un mal end\u00e9mico de nuestro pa\u00eds que perpet\u00faan la precariedad laboral. \u00bfTiene soluci\u00f3n todo esto? \u00bfQu\u00e9 futuro espera a nuestros j\u00f3venes? En el \u00faltimo \u2018Que no faltin!\u2019 de este a\u00f1o, David Garrof\u00e9, ha dado respuesta a estas preguntas con la participaci\u00f3n del p\u00fablico de La Pla\u00e7a de 11Onze.<\/b><\/h3>\n<p><b>\u00a0<\/b><\/p>\n<p><span style=\"font-weight: 400;\">El buen comportamiento del mercado laboral de nuestro pa\u00eds es uno de los pocos aspectos positivos ante el actual contexto de incertidumbre econ\u00f3mica. Todo y el leve incremento de la cifra de paro en Catalu\u00f1a el pasado mes de noviembre, <\/span><b>el mercado laboral catal\u00e1n mantiene la recuperaci\u00f3n <\/b><span style=\"font-weight: 400;\">respecto al a\u00f1o anterior.<\/span><\/p>\n<p><span style=\"font-weight: 400;\">Aun as\u00ed, <\/span><b>el Estado espa\u00f1ol sigue duplicando la tasa de paro de la Uni\u00f3n Europea,<\/b><span style=\"font-weight: 400;\"> a pesar de que ha acortado diferencias gracias al fuerte crecimiento. Dicho esto, las comparaciones de tasas de paro con otros pa\u00edses solo son relativamente \u00fatiles, puesto que, como explica el empresario y ex-secretario del Cecot, \u201cel sistema de cuantificaci\u00f3n de parados que tenemos es muy poco preciso, hay mucha gente que est\u00e1 trabajando que se cuenta como parada, y tambi\u00e9n hay muchos j\u00f3venes que no se apuntan a los servicios de ocupaci\u00f3n\u201d.<\/span><\/p>\n<p><span style=\"font-weight: 400;\">Independientemente de la exactitud de las cifras oficiales, no se puede negar que la tasa de paro en nuestro pa\u00eds es excesivamente elevada. As\u00ed mismo, tenemos \u201c<\/span><b>un modelo econ\u00f3mico muy centrado en sector servicios de bajo valor a\u00f1adido y con un elevado peso del turismo <\/b><span style=\"font-weight: 400;\">que condiciona un perfil de puestos de trabajo con unos sueldos bajos\u201d, apunta Garrof\u00e9.<\/span><\/p>\n\n      <\/div>\n    <\/div>\n  <\/div>\n<\/div>\n\n\n<div class=\"component gallery\">\n  <div class=\"container\">\n    <div class=\"row\">\n      <div class=\"col col-lg-10 offset-lg-1\">\n        <div id=\"slider\" class=\"carousel slide\">\n          <div class=\"carousel-inner\">\n            <div class=\"carousel-item active video-player inline-player\" data-video-id=\"6317597596112\">\n              <img decoding=\"async\" class=\"d-block w-100\" src=\"https:\/\/www.11onze.cat\/wp-content\/uploads\/2022\/12\/HERO_IMAGE_GARROFE_QUENOFALTIN_3.jpg\" alt=\"\">\n              <button type=\"button\" class=\"play\"><\/button>\n              <div class=\"carousel-caption\">\n                <p>Que no faltin! | Episodio 3<\/p>\n              <\/div>\n            <\/div>\n          <\/div>\n        <\/div>\n      <\/div>\n    <\/div>\n  <\/div>\n<\/div>\n\n<div class=\"component text\">\n  <div class=\"container\">\n\n\n    <div class=\"row\">\n      <div class=\"col  col-lg-8  offset-lg-2\">\n        <h3><b>El paro juvenil, una asignatura pendiente<\/b><\/h3>\n<p><span style=\"font-weight: 400;\">Con la cifra de paro juvenil m\u00e1s alta de Europa &#8211; <\/span><b>uno de cada cinco parados es menor de 25 a\u00f1os<\/b><span style=\"font-weight: 400;\"> &#8211; la precariedad laboral de los j\u00f3venes en nuestro pa\u00eds es un problema real que hay que afrontar urgentemente. \u00bfDe qu\u00e9 trabajar\u00e1n nuestros hijos e hijas? \u00bfQu\u00e9 competencias y habilidades tendr\u00edan que adquirir? \u00bfTendr\u00e1n que irse del pa\u00eds para encontrar trabajo?<\/span><\/p>\n<p><span style=\"font-weight: 400;\">Estas cifras de paro tan altas parecen una incongruencia ante los empresarios que no encuentran la mano de obra cualificada que necesitan, pero como explica Garrof\u00e9, hay dos factores a considerar, \u201cuna gran parte de esta juventud cualificada todav\u00eda no ha nacido\u201d, y lo que es peor, \u201c<\/span><b>hay cierta percepci\u00f3n que formarse no sirve de nada<\/b><span style=\"font-weight: 400;\">\u201d, y contin\u00faa, \u201cel que no se forme lo tendr\u00e1 muy mal, y estar\u00e1 arrastrado en bolsas de subsidio permanentemente\u201d<\/span><\/p>\n<p><span style=\"font-weight: 400;\">Por otro lado, ha habido <\/span><b>una evoluci\u00f3n de los valores en las nuevas generaciones, que no se tiene que confundir con una carencia de valores<\/b><span style=\"font-weight: 400;\">, por la cual la flexibilidad en el trabajo y la realizaci\u00f3n personal que permitan un mejor equilibrio entre trabajo y vida personal toman m\u00e1s importancia.<\/span><\/p>\n<p><span style=\"font-weight: 400;\">As\u00ed mismo, los sueldos bajos no ayudan, puesto que son poco estimulantes y hacen perder fidelidad, \u201c<\/span><b>hemos creado una burbuja financiera econ\u00f3mica en la cual es mucho m\u00e1s rentable jugar con el dinero, que no invertir en personas<\/b><span style=\"font-weight: 400;\">\u201d, de forma que, mientras que \u201clas rentas del capital han ido subiendo, las rentas del trabajo han ido bajando\u201d, afirma Garrof\u00e9.<\/span><\/p>\n<h3><\/h3>\n<p>&nbsp;<\/p>\n<p><b>11Onze es la comunidad fintech de Catalu\u00f1a. Abre una cuenta descargando la super app El Canut para <\/b><a href=\"https:\/\/play.google.com\/store\/apps\/details?id=com.e11onze.app&amp;utm_source=emailing&amp;utm_campaign=CANUT+launch\" target=\"_blank\" rel=\"noopener\"><b>Android<\/b><\/a><b> o <\/b><a href=\"https:\/\/apps.apple.com\/us\/app\/11onze\/id1566129237?utm_campaign=El+Canut\" target=\"_blank\" rel=\"noopener\"><b>iOS<\/b><\/a><b>. \u00a1\u00danete a la revoluci\u00f3n!<\/b><\/p>\n\n      <\/div>\n    <\/div>\n  <\/div>\n<\/div>\n\n\n<div class=\"component cards\">\n  <div class=\"container\">\n    <div class=\"row\">\n      <div class=\"col col-xl-8 offset-xl-2\">\n        <h1>Si te ha gustado este art\u00edculo, te recomendamos:<\/h1>\n        <div class=\"cards__wrapper\">\n          <div class=\"card\">\n            <a href=\"https:\/\/www.11onze.cat\/es\/magazine\/david-garrofe-11-ideas-cambiar-economia\/\" class=\"card-link\" target=\"_self\"><\/a>\n            <div class=\"card-img\">\n              <img decoding=\"async\" src=\"https:\/\/www.11onze.cat\/wp-content\/uploads\/2022\/02\/THUMBNAIL_11_IDEES_CLAU-800x500.png\" class=\"card-img-top\" alt=\"\">\n                <span class=\"card-category\">11Onze<\/span>\n            <\/div>\n            <div class=\"card-body\">\n              <p class=\"card-title p2\"><strong>11 ideas para cambiar la econom\u00eda<\/strong><\/p>\n              <span class=\"card-time\">4min lectura<\/span>\n              <p class=\"card-text small\">\u00bfC\u00f3mo podemos transformar la econom\u00eda?<\/p>\n            <\/div>\n          <\/div>\n\n\n          <div class=\"card\">\n            <a href=\"https:\/\/www.11onze.cat\/es\/magazine\/debate-criptoeconomia-que-no-faltin\/\" class=\"card-link\" target=\"_self\"><\/a>\n            <div class=\"card-img\">\n              <img decoding=\"async\" src=\"https:\/\/www.11onze.cat\/wp-content\/uploads\/2022\/11\/THUMBNAIL_QUE_NO_FALTIN_CRYPTOS.jpg\" class=\"card-img-top\" alt=\"\">\n                <span class=\"card-category\">Comunidad<\/span>\n            <\/div>\n            <div class=\"card-body\">\n              <p class=\"card-title p2\"><strong>Debate sobre criptoeconom\u00eda<\/strong><\/p>\n              <span class=\"card-time\">2min lectura<\/span>\n              <p class=\"card-text small\">En la segunda edici\u00f3n del \u201cQue no faltin!\u201d, Susana Rodr\u00edguez<\/p>\n            <\/div>\n          <\/div>\n\n\n          <div class=\"card\">\n            <a href=\"https:\/\/www.11onze.cat\/es\/magazine\/necesitamos-revolucion-funcion-publica\/\" class=\"card-link\" target=\"_self\"><\/a>\n            <div class=\"card-img\">\n              <img decoding=\"async\" src=\"https:\/\/www.11onze.cat\/wp-content\/uploads\/2022\/02\/VISUALS_PODCAST_THUMBNAIL_PSN_DAVID_GARROFE-800x538.jpg\" class=\"card-img-top\" alt=\"\">\n                <span class=\"card-category\">Econom\u00eda<\/span>\n            <\/div>\n            <div class=\"card-body\">\n              <p class=\"card-title p2\"><strong>\u201cRevoluci\u00f3n de la funci\u00f3n p\u00fablica\u201d<\/strong><\/p>\n              <span class=\"card-time\">6min lectura<\/span>\n              <p class=\"card-text small\">David Garrof\u00e9 tiene un conocimiento profundo de las<\/p>\n            <\/div>\n          <\/div>\n\n              <\/div>\n              <br>\n              <br>\n              <div class=\"cards__wrapper\">\n\n        <\/div>\n      <\/div>\n    <\/div>\n  <\/div>\n<\/div>","protected":false},"excerpt":{"rendered":"","protected":false},"author":71,"featured_media":40386,"comment_status":"open","ping_status":"closed","sticky":false,"template":"","format":"standard","meta":{"_acf_changed":false,"content-type":"","footnotes":""},"categories":[28],"tags":[189,174],"class_list":["post-40877","post","type-post","status-publish","format-standard","has-post-thumbnail","hentry","category-sin-categorizar","tag-11onze-es","tag-economia-es"],"acf":[],"yoast_head":"<!-- This site is optimized with the Yoast SEO plugin v27.4 - https:\/\/yoast.com\/product\/yoast-seo-wordpress\/ -->\n<title>David Garrof\u00e9 analiza el futuro mercado laboral - 11Onze<\/title>\n<meta name=\"description\" content=\"En este cap\u00edtulo de \u2018Que no faltin!\u2019, David Garrof\u00e9, empresario y exsecretario de Cecot, nos ha hablado de las carencias del mercado laboral de nuestro pa\u00eds y de c\u00f3mo corregirlas.\" \/>\n<meta name=\"robots\" content=\"index, follow, max-snippet:-1, max-image-preview:large, max-video-preview:-1\" \/>\n<link rel=\"canonical\" href=\"https:\/\/www.11onze.cat\/es\/magazine\/david-garrofe-analiza-mercado-laboral-futuro\/\" \/>\n<meta property=\"og:locale\" content=\"es_ES\" \/>\n<meta property=\"og:type\" content=\"article\" \/>\n<meta property=\"og:title\" content=\"David Garrof\u00e9 analiza el futuro mercado laboral - 11Onze\" \/>\n<meta property=\"og:description\" content=\"En este cap\u00edtulo de \u2018Que no faltin!\u2019, David Garrof\u00e9, empresario y exsecretario de Cecot, nos ha hablado de las carencias del mercado laboral de nuestro pa\u00eds y de c\u00f3mo corregirlas.\" \/>\n<meta property=\"og:url\" content=\"https:\/\/www.11onze.cat\/es\/magazine\/david-garrofe-analiza-mercado-laboral-futuro\/\" \/>\n<meta property=\"og:site_name\" content=\"11Onze\" \/>\n<meta property=\"article:publisher\" content=\"https:\/\/www.facebook.com\/11OnzeComunitat\" \/>\n<meta property=\"article:published_time\" content=\"2022-12-23T08:17:16+00:00\" \/>\n<meta property=\"article:modified_time\" content=\"2023-01-02T15:55:06+00:00\" \/>\n<meta property=\"og:image\" content=\"https:\/\/www.11onze.cat\/wp-content\/uploads\/2022\/12\/11ONZE_QUE_NO_FALTIN_3.jpg\" \/>\n\t<meta property=\"og:image:width\" content=\"1200\" \/>\n\t<meta property=\"og:image:height\" content=\"675\" \/>\n\t<meta property=\"og:image:type\" content=\"image\/jpeg\" \/>\n<meta name=\"author\" content=\"Equip Editorial\" \/>\n<meta name=\"twitter:card\" content=\"summary_large_image\" \/>\n<meta name=\"twitter:title\" content=\"David Garrof\u00e9 analiza el futuro mercado laboral - 11Onze\" \/>\n<meta name=\"twitter:description\" content=\"En este cap\u00edtulo de \u2018Que no faltin!\u2019, David Garrof\u00e9, empresario y exsecretario de Cecot, nos ha hablado de las carencias del mercado laboral de nuestro pa\u00eds y de c\u00f3mo corregirlas.\" \/>\n<meta name=\"twitter:image\" content=\"https:\/\/www.11onze.cat\/wp-content\/uploads\/2022\/12\/11ONZE_QUE_NO_FALTIN_3.jpg\" \/>\n<meta name=\"twitter:creator\" content=\"@11OnzeFintech\" \/>\n<meta name=\"twitter:site\" content=\"@11OnzeFintech\" \/>\n<meta name=\"twitter:label1\" content=\"Escrito por\" \/>\n\t<meta name=\"twitter:data1\" content=\"Equip Editorial\" \/>\n<script type=\"application\/ld+json\" class=\"yoast-schema-graph\">{\"@context\":\"https:\\\/\\\/schema.org\",\"@graph\":[{\"@type\":\"Article\",\"@id\":\"https:\\\/\\\/www.11onze.cat\\\/es\\\/magazine\\\/david-garrofe-analiza-mercado-laboral-futuro\\\/#article\",\"isPartOf\":{\"@id\":\"https:\\\/\\\/www.11onze.cat\\\/es\\\/magazine\\\/david-garrofe-analiza-mercado-laboral-futuro\\\/\"},\"author\":{\"name\":\"Equip Editorial\",\"@id\":\"https:\\\/\\\/www.11onze.cat\\\/es\\\/#\\\/schema\\\/person\\\/636d99b4c82bb7178687ecd43c3a61bd\"},\"headline\":\"David Garrof\u00e9 analiza el futuro mercado laboral\",\"datePublished\":\"2022-12-23T08:17:16+00:00\",\"dateModified\":\"2023-01-02T15:55:06+00:00\",\"mainEntityOfPage\":{\"@id\":\"https:\\\/\\\/www.11onze.cat\\\/es\\\/magazine\\\/david-garrofe-analiza-mercado-laboral-futuro\\\/\"},\"wordCount\":7,\"commentCount\":0,\"publisher\":{\"@id\":\"https:\\\/\\\/www.11onze.cat\\\/es\\\/#organization\"},\"image\":{\"@id\":\"https:\\\/\\\/www.11onze.cat\\\/es\\\/magazine\\\/david-garrofe-analiza-mercado-laboral-futuro\\\/#primaryimage\"},\"thumbnailUrl\":\"https:\\\/\\\/www.11onze.cat\\\/wp-content\\\/uploads\\\/2022\\\/12\\\/THUMBNAIL_QUE_NO_FALTIN_3.jpg\",\"keywords\":[\"11Onze\",\"Econom\u00eda\"],\"articleSection\":[\"Sin categorizar\"],\"inLanguage\":\"es\",\"potentialAction\":[{\"@type\":\"CommentAction\",\"name\":\"Comment\",\"target\":[\"https:\\\/\\\/www.11onze.cat\\\/es\\\/magazine\\\/david-garrofe-analiza-mercado-laboral-futuro\\\/#respond\"]}]},{\"@type\":\"WebPage\",\"@id\":\"https:\\\/\\\/www.11onze.cat\\\/es\\\/magazine\\\/david-garrofe-analiza-mercado-laboral-futuro\\\/\",\"url\":\"https:\\\/\\\/www.11onze.cat\\\/es\\\/magazine\\\/david-garrofe-analiza-mercado-laboral-futuro\\\/\",\"name\":\"David Garrof\u00e9 analiza el futuro mercado laboral - 11Onze\",\"isPartOf\":{\"@id\":\"https:\\\/\\\/www.11onze.cat\\\/es\\\/#website\"},\"primaryImageOfPage\":{\"@id\":\"https:\\\/\\\/www.11onze.cat\\\/es\\\/magazine\\\/david-garrofe-analiza-mercado-laboral-futuro\\\/#primaryimage\"},\"image\":{\"@id\":\"https:\\\/\\\/www.11onze.cat\\\/es\\\/magazine\\\/david-garrofe-analiza-mercado-laboral-futuro\\\/#primaryimage\"},\"thumbnailUrl\":\"https:\\\/\\\/www.11onze.cat\\\/wp-content\\\/uploads\\\/2022\\\/12\\\/THUMBNAIL_QUE_NO_FALTIN_3.jpg\",\"datePublished\":\"2022-12-23T08:17:16+00:00\",\"dateModified\":\"2023-01-02T15:55:06+00:00\",\"description\":\"En este cap\u00edtulo de \u2018Que no faltin!\u2019, David Garrof\u00e9, empresario y exsecretario de Cecot, nos ha hablado de las carencias del mercado laboral de nuestro pa\u00eds y de c\u00f3mo corregirlas.\",\"breadcrumb\":{\"@id\":\"https:\\\/\\\/www.11onze.cat\\\/es\\\/magazine\\\/david-garrofe-analiza-mercado-laboral-futuro\\\/#breadcrumb\"},\"inLanguage\":\"es\",\"potentialAction\":[{\"@type\":\"ReadAction\",\"target\":[\"https:\\\/\\\/www.11onze.cat\\\/es\\\/magazine\\\/david-garrofe-analiza-mercado-laboral-futuro\\\/\"]}]},{\"@type\":\"ImageObject\",\"inLanguage\":\"es\",\"@id\":\"https:\\\/\\\/www.11onze.cat\\\/es\\\/magazine\\\/david-garrofe-analiza-mercado-laboral-futuro\\\/#primaryimage\",\"url\":\"https:\\\/\\\/www.11onze.cat\\\/wp-content\\\/uploads\\\/2022\\\/12\\\/THUMBNAIL_QUE_NO_FALTIN_3.jpg\",\"contentUrl\":\"https:\\\/\\\/www.11onze.cat\\\/wp-content\\\/uploads\\\/2022\\\/12\\\/THUMBNAIL_QUE_NO_FALTIN_3.jpg\",\"width\":750,\"height\":485},{\"@type\":\"BreadcrumbList\",\"@id\":\"https:\\\/\\\/www.11onze.cat\\\/es\\\/magazine\\\/david-garrofe-analiza-mercado-laboral-futuro\\\/#breadcrumb\",\"itemListElement\":[{\"@type\":\"ListItem\",\"position\":1,\"name\":\"Home\",\"item\":\"https:\\\/\\\/www.11onze.cat\\\/es\\\/\"},{\"@type\":\"ListItem\",\"position\":2,\"name\":\"David Garrof\u00e9 analiza el futuro mercado laboral\"}]},{\"@type\":\"WebSite\",\"@id\":\"https:\\\/\\\/www.11onze.cat\\\/es\\\/#website\",\"url\":\"https:\\\/\\\/www.11onze.cat\\\/es\\\/\",\"name\":\"11Onze\",\"description\":\"Primera comunidad fintech digital en Catalu\u00f1a\",\"publisher\":{\"@id\":\"https:\\\/\\\/www.11onze.cat\\\/es\\\/#organization\"},\"potentialAction\":[{\"@type\":\"SearchAction\",\"target\":{\"@type\":\"EntryPoint\",\"urlTemplate\":\"https:\\\/\\\/www.11onze.cat\\\/es\\\/?s={search_term_string}\"},\"query-input\":{\"@type\":\"PropertyValueSpecification\",\"valueRequired\":true,\"valueName\":\"search_term_string\"}}],\"inLanguage\":\"es\"},{\"@type\":\"Organization\",\"@id\":\"https:\\\/\\\/www.11onze.cat\\\/es\\\/#organization\",\"name\":\"11Onze\",\"url\":\"https:\\\/\\\/www.11onze.cat\\\/es\\\/\",\"logo\":{\"@type\":\"ImageObject\",\"inLanguage\":\"es\",\"@id\":\"https:\\\/\\\/www.11onze.cat\\\/es\\\/#\\\/schema\\\/logo\\\/image\\\/\",\"url\":\"https:\\\/\\\/www.11onze.cat\\\/wp-content\\\/uploads\\\/2021\\\/04\\\/512x512-11Onze.jpg\",\"contentUrl\":\"https:\\\/\\\/www.11onze.cat\\\/wp-content\\\/uploads\\\/2021\\\/04\\\/512x512-11Onze.jpg\",\"width\":512,\"height\":512,\"caption\":\"11Onze\"},\"image\":{\"@id\":\"https:\\\/\\\/www.11onze.cat\\\/es\\\/#\\\/schema\\\/logo\\\/image\\\/\"},\"sameAs\":[\"https:\\\/\\\/www.facebook.com\\\/11OnzeComunitat\",\"https:\\\/\\\/x.com\\\/11OnzeFintech\",\"https:\\\/\\\/www.instagram.com\\\/11onzecat\\\/\",\"https:\\\/\\\/www.linkedin.com\\\/company\\\/11onzebanc\",\"https:\\\/\\\/www.youtube.com\\\/channel\\\/UCz63R8Byd_kBKtK2M4Qf_7w\"]},{\"@type\":\"Person\",\"@id\":\"https:\\\/\\\/www.11onze.cat\\\/es\\\/#\\\/schema\\\/person\\\/636d99b4c82bb7178687ecd43c3a61bd\",\"name\":\"Equip Editorial\",\"image\":{\"@type\":\"ImageObject\",\"inLanguage\":\"es\",\"@id\":\"https:\\\/\\\/www.11onze.cat\\\/wp-content\\\/uploads\\\/2022\\\/05\\\/HEADER_AGENTS_DECK-300x300.jpg\",\"url\":\"https:\\\/\\\/www.11onze.cat\\\/wp-content\\\/uploads\\\/2022\\\/05\\\/HEADER_AGENTS_DECK-300x300.jpg\",\"contentUrl\":\"https:\\\/\\\/www.11onze.cat\\\/wp-content\\\/uploads\\\/2022\\\/05\\\/HEADER_AGENTS_DECK-300x300.jpg\",\"caption\":\"Equip Editorial\"},\"url\":\"https:\\\/\\\/www.11onze.cat\\\/es\\\/magazine\\\/author\\\/equip-editorial-11onze\\\/\"}]}<\/script>\n<!-- \/ Yoast SEO plugin. -->","yoast_head_json":{"title":"David Garrof\u00e9 analiza el futuro mercado laboral - 11Onze","description":"En este cap\u00edtulo de \u2018Que no faltin!\u2019, David Garrof\u00e9, empresario y exsecretario de Cecot, nos ha hablado de las carencias del mercado laboral de nuestro pa\u00eds y de c\u00f3mo corregirlas.","robots":{"index":"index","follow":"follow","max-snippet":"max-snippet:-1","max-image-preview":"max-image-preview:large","max-video-preview":"max-video-preview:-1"},"canonical":"https:\/\/www.11onze.cat\/es\/magazine\/david-garrofe-analiza-mercado-laboral-futuro\/","og_locale":"es_ES","og_type":"article","og_title":"David Garrof\u00e9 analiza el futuro mercado laboral - 11Onze","og_description":"En este cap\u00edtulo de \u2018Que no faltin!\u2019, David Garrof\u00e9, empresario y exsecretario de Cecot, nos ha hablado de las carencias del mercado laboral de nuestro pa\u00eds y de c\u00f3mo corregirlas.","og_url":"https:\/\/www.11onze.cat\/es\/magazine\/david-garrofe-analiza-mercado-laboral-futuro\/","og_site_name":"11Onze","article_publisher":"https:\/\/www.facebook.com\/11OnzeComunitat","article_published_time":"2022-12-23T08:17:16+00:00","article_modified_time":"2023-01-02T15:55:06+00:00","og_image":[{"width":1200,"height":675,"url":"https:\/\/www.11onze.cat\/wp-content\/uploads\/2022\/12\/11ONZE_QUE_NO_FALTIN_3.jpg","type":"image\/jpeg"}],"author":"Equip Editorial","twitter_card":"summary_large_image","twitter_title":"David Garrof\u00e9 analiza el futuro mercado laboral - 11Onze","twitter_description":"En este cap\u00edtulo de \u2018Que no faltin!\u2019, David Garrof\u00e9, empresario y exsecretario de Cecot, nos ha hablado de las carencias del mercado laboral de nuestro pa\u00eds y de c\u00f3mo corregirlas.","twitter_image":"https:\/\/www.11onze.cat\/wp-content\/uploads\/2022\/12\/11ONZE_QUE_NO_FALTIN_3.jpg","twitter_creator":"@11OnzeFintech","twitter_site":"@11OnzeFintech","twitter_misc":{"Escrito por":"Equip Editorial"},"schema":{"@context":"https:\/\/schema.org","@graph":[{"@type":"Article","@id":"https:\/\/www.11onze.cat\/es\/magazine\/david-garrofe-analiza-mercado-laboral-futuro\/#article","isPartOf":{"@id":"https:\/\/www.11onze.cat\/es\/magazine\/david-garrofe-analiza-mercado-laboral-futuro\/"},"author":{"name":"Equip Editorial","@id":"https:\/\/www.11onze.cat\/es\/#\/schema\/person\/636d99b4c82bb7178687ecd43c3a61bd"},"headline":"David Garrof\u00e9 analiza el futuro mercado laboral","datePublished":"2022-12-23T08:17:16+00:00","dateModified":"2023-01-02T15:55:06+00:00","mainEntityOfPage":{"@id":"https:\/\/www.11onze.cat\/es\/magazine\/david-garrofe-analiza-mercado-laboral-futuro\/"},"wordCount":7,"commentCount":0,"publisher":{"@id":"https:\/\/www.11onze.cat\/es\/#organization"},"image":{"@id":"https:\/\/www.11onze.cat\/es\/magazine\/david-garrofe-analiza-mercado-laboral-futuro\/#primaryimage"},"thumbnailUrl":"https:\/\/www.11onze.cat\/wp-content\/uploads\/2022\/12\/THUMBNAIL_QUE_NO_FALTIN_3.jpg","keywords":["11Onze","Econom\u00eda"],"articleSection":["Sin categorizar"],"inLanguage":"es","potentialAction":[{"@type":"CommentAction","name":"Comment","target":["https:\/\/www.11onze.cat\/es\/magazine\/david-garrofe-analiza-mercado-laboral-futuro\/#respond"]}]},{"@type":"WebPage","@id":"https:\/\/www.11onze.cat\/es\/magazine\/david-garrofe-analiza-mercado-laboral-futuro\/","url":"https:\/\/www.11onze.cat\/es\/magazine\/david-garrofe-analiza-mercado-laboral-futuro\/","name":"David Garrof\u00e9 analiza el futuro mercado laboral - 11Onze","isPartOf":{"@id":"https:\/\/www.11onze.cat\/es\/#website"},"primaryImageOfPage":{"@id":"https:\/\/www.11onze.cat\/es\/magazine\/david-garrofe-analiza-mercado-laboral-futuro\/#primaryimage"},"image":{"@id":"https:\/\/www.11onze.cat\/es\/magazine\/david-garrofe-analiza-mercado-laboral-futuro\/#primaryimage"},"thumbnailUrl":"https:\/\/www.11onze.cat\/wp-content\/uploads\/2022\/12\/THUMBNAIL_QUE_NO_FALTIN_3.jpg","datePublished":"2022-12-23T08:17:16+00:00","dateModified":"2023-01-02T15:55:06+00:00","description":"En este cap\u00edtulo de \u2018Que no faltin!\u2019, David Garrof\u00e9, empresario y exsecretario de Cecot, nos ha hablado de las carencias del mercado laboral de nuestro pa\u00eds y de c\u00f3mo corregirlas.","breadcrumb":{"@id":"https:\/\/www.11onze.cat\/es\/magazine\/david-garrofe-analiza-mercado-laboral-futuro\/#breadcrumb"},"inLanguage":"es","potentialAction":[{"@type":"ReadAction","target":["https:\/\/www.11onze.cat\/es\/magazine\/david-garrofe-analiza-mercado-laboral-futuro\/"]}]},{"@type":"ImageObject","inLanguage":"es","@id":"https:\/\/www.11onze.cat\/es\/magazine\/david-garrofe-analiza-mercado-laboral-futuro\/#primaryimage","url":"https:\/\/www.11onze.cat\/wp-content\/uploads\/2022\/12\/THUMBNAIL_QUE_NO_FALTIN_3.jpg","contentUrl":"https:\/\/www.11onze.cat\/wp-content\/uploads\/2022\/12\/THUMBNAIL_QUE_NO_FALTIN_3.jpg","width":750,"height":485},{"@type":"BreadcrumbList","@id":"https:\/\/www.11onze.cat\/es\/magazine\/david-garrofe-analiza-mercado-laboral-futuro\/#breadcrumb","itemListElement":[{"@type":"ListItem","position":1,"name":"Home","item":"https:\/\/www.11onze.cat\/es\/"},{"@type":"ListItem","position":2,"name":"David Garrof\u00e9 analiza el futuro mercado laboral"}]},{"@type":"WebSite","@id":"https:\/\/www.11onze.cat\/es\/#website","url":"https:\/\/www.11onze.cat\/es\/","name":"11Onze","description":"Primera comunidad fintech digital en Catalu\u00f1a","publisher":{"@id":"https:\/\/www.11onze.cat\/es\/#organization"},"potentialAction":[{"@type":"SearchAction","target":{"@type":"EntryPoint","urlTemplate":"https:\/\/www.11onze.cat\/es\/?s={search_term_string}"},"query-input":{"@type":"PropertyValueSpecification","valueRequired":true,"valueName":"search_term_string"}}],"inLanguage":"es"},{"@type":"Organization","@id":"https:\/\/www.11onze.cat\/es\/#organization","name":"11Onze","url":"https:\/\/www.11onze.cat\/es\/","logo":{"@type":"ImageObject","inLanguage":"es","@id":"https:\/\/www.11onze.cat\/es\/#\/schema\/logo\/image\/","url":"https:\/\/www.11onze.cat\/wp-content\/uploads\/2021\/04\/512x512-11Onze.jpg","contentUrl":"https:\/\/www.11onze.cat\/wp-content\/uploads\/2021\/04\/512x512-11Onze.jpg","width":512,"height":512,"caption":"11Onze"},"image":{"@id":"https:\/\/www.11onze.cat\/es\/#\/schema\/logo\/image\/"},"sameAs":["https:\/\/www.facebook.com\/11OnzeComunitat","https:\/\/x.com\/11OnzeFintech","https:\/\/www.instagram.com\/11onzecat\/","https:\/\/www.linkedin.com\/company\/11onzebanc","https:\/\/www.youtube.com\/channel\/UCz63R8Byd_kBKtK2M4Qf_7w"]},{"@type":"Person","@id":"https:\/\/www.11onze.cat\/es\/#\/schema\/person\/636d99b4c82bb7178687ecd43c3a61bd","name":"Equip Editorial","image":{"@type":"ImageObject","inLanguage":"es","@id":"https:\/\/www.11onze.cat\/wp-content\/uploads\/2022\/05\/HEADER_AGENTS_DECK-300x300.jpg","url":"https:\/\/www.11onze.cat\/wp-content\/uploads\/2022\/05\/HEADER_AGENTS_DECK-300x300.jpg","contentUrl":"https:\/\/www.11onze.cat\/wp-content\/uploads\/2022\/05\/HEADER_AGENTS_DECK-300x300.jpg","caption":"Equip Editorial"},"url":"https:\/\/www.11onze.cat\/es\/magazine\/author\/equip-editorial-11onze\/"}]}},"_links":{"self":[{"href":"https:\/\/www.11onze.cat\/es\/wp-json\/wp\/v2\/posts\/40877","targetHints":{"allow":["GET"]}}],"collection":[{"href":"https:\/\/www.11onze.cat\/es\/wp-json\/wp\/v2\/posts"}],"about":[{"href":"https:\/\/www.11onze.cat\/es\/wp-json\/wp\/v2\/types\/post"}],"author":[{"embeddable":true,"href":"https:\/\/www.11onze.cat\/es\/wp-json\/wp\/v2\/users\/71"}],"replies":[{"embeddable":true,"href":"https:\/\/www.11onze.cat\/es\/wp-json\/wp\/v2\/comments?post=40877"}],"version-history":[{"count":0,"href":"https:\/\/www.11onze.cat\/es\/wp-json\/wp\/v2\/posts\/40877\/revisions"}],"wp:featuredmedia":[{"embeddable":true,"href":"https:\/\/www.11onze.cat\/es\/wp-json\/wp\/v2\/media\/40386"}],"wp:attachment":[{"href":"https:\/\/www.11onze.cat\/es\/wp-json\/wp\/v2\/media?parent=40877"}],"wp:term":[{"taxonomy":"category","embeddable":true,"href":"https:\/\/www.11onze.cat\/es\/wp-json\/wp\/v2\/categories?post=40877"},{"taxonomy":"post_tag","embeddable":true,"href":"https:\/\/www.11onze.cat\/es\/wp-json\/wp\/v2\/tags?post=40877"}],"curies":[{"name":"wp","href":"https:\/\/api.w.org\/{rel}","templated":true}]}}