{"id":40796,"date":"2022-12-20T21:00:00","date_gmt":"2022-12-20T20:00:00","guid":{"rendered":"https:\/\/www.11onze.cat\/?p=40796"},"modified":"2022-12-20T15:58:14","modified_gmt":"2022-12-20T14:58:14","slug":"energia-navidad-consciente","status":"publish","type":"post","link":"https:\/\/www.11onze.cat\/es\/magazine\/energia-navidad-consciente\/","title":{"rendered":"Energia: por una Navidad consciente"},"content":{"rendered":"<div class=\"component text\">\n  <div class=\"container\">\n\n\n    <div class=\"row\">\n      <div class=\"col  col-lg-8  offset-lg-2\">\n        <h3><b>En estas fechas, la desmesura consumista del Black Friday se junta con las compras propias de Navidad y Reyes. Gemma Vallet, directora de 11Onze District, visita el programa Energia y nos hace reflexionar sobre c\u00f3mo podemos adaptar nuestros h\u00e1bitos de consumo para disfrutar de las fiestas navide\u00f1as de una manera m\u00e1s sostenible y consciente con el medio ambiente.<\/b><\/h3>\n<p>&nbsp;<\/p>\n<p><span style=\"font-weight: 400;\">Comida, regalos, viajes\u2026 forman parte de nuestros h\u00e1bitos de consumo durante todo el a\u00f1o, pero estas fiestas se prestan al consumismo desmesurado. Aun as\u00ed, <\/span><b>disfrutar de las tradiciones navide\u00f1as no tiene por qu\u00e9 estar re\u00f1ido con un consumo consciente<\/b><span style=\"font-weight: 400;\"> que se avenga con nuestros principios.<\/span><\/p>\n<p><span style=\"font-weight: 400;\">C\u00f3mo explica Vallet, tenemos que hacer el esfuerzo para \u201c<\/span><b>ir hacia un consumo m\u00e1s responsable por el impacto que tiene a nivel de sostenibilidad<\/b><span style=\"font-weight: 400;\">\u201d. El dinero es una simple herramienta de intercambio para adquirir aquello que deseamos y\/o necesitamos. Ahora bien, como consumidores, \u00bflos productos o servicios que compramos con este dinero, est\u00e1n en concordancia con el mundo en el cual deseamos vivir?<\/span><\/p>\n\n      <\/div>\n    <\/div>\n  <\/div>\n<\/div>\n\n\n<div class=\"component gallery\">\n  <div class=\"container\">\n    <div class=\"row\">\n      <div class=\"col col-lg-10 offset-lg-1\">\n        <div id=\"slider\" class=\"carousel slide\">\n          <div class=\"carousel-inner\">\n            <div class=\"carousel-item active video-player inline-player\" data-video-id=\"6317492360112\">\n              <img decoding=\"async\" class=\"d-block w-100\" src=\"https:\/\/www.11onze.cat\/wp-content\/uploads\/2022\/12\/THUMBNAIL_ENERGIA_7.jpg\" alt=\"\">\n              <button type=\"button\" class=\"play\"><\/button>\n              <div class=\"carousel-caption\">\n                <p>Consumo responsable<\/p>\n              <\/div>\n            <\/div>\n          <\/div>\n        <\/div>\n      <\/div>\n    <\/div>\n  <\/div>\n<\/div>\n\n<div class=\"component text\">\n  <div class=\"container\">\n\n\n    <div class=\"row\">\n      <div class=\"col  col-lg-8  offset-lg-2\">\n        <h3><b>Un equilibrio f\u00e1cilmente alcanzable<\/b><\/h3>\n<p><span style=\"font-weight: 400;\">El consumismo derivado de los regalos se puede convertir en nuestro aliado a la hora de contribuir a un consumo consciente. Regalos puramente materialistas pueden ser f\u00e1cilmente sustituidos por <\/span><b>regalos \u00fatiles o, incluso, no materiales<\/b><span style=\"font-weight: 400;\">, como pueden ser las experiencias. Juguetes con valor a\u00f1adido, de proximidad, artesanos y hechos de materiales naturales no son habituales a los anuncios de televisi\u00f3n, pero se avienen m\u00e1s a una compra hecha con criterio sostenible.<\/span><\/p>\n<p><span style=\"font-weight: 400;\">Por otro lado, ante la crisis inflacionista que nos asedia, regalar un valor seguro como el oro, no es solo una compra responsable, sino que \u201ces <\/span><b>un regalo exquisito, de lujo, y, a la vez, altamente sostenible<\/b><span style=\"font-weight: 400;\">\u201d a lo largo del tiempo, apunta Vallet. As\u00ed mismo, si decidimos viajar durante estas fechas, \u00bfpor qu\u00e9 no hacerlo pensando en el <\/span><a href=\"https:\/\/www.11onze.cat\/es\/magazine\/escapadas-disfrutar-ecoturismo-europa\/\" target=\"_blank\" rel=\"noopener\"><b>ecoturismo<\/b><\/a><b>?<\/b><\/p>\n<p>&nbsp;<\/p>\n<h3><b>Un regalo de 11Onze<\/b><\/h3>\n<p><span style=\"font-weight: 400;\">El <\/span><b>jueves 22 de diciembre, de 10 a 11:30 h de la ma\u00f1ana,<\/b><span style=\"font-weight: 400;\"> 11Onze te invita a asistir a la \u00faltima sesi\u00f3n de Fintech Talks de este a\u00f1o. En esta charla protagonizada por Celia Galera, directora general de Habitat Futura, podr\u00e1s descubrir <\/span><b>como aplicar la eficiencia energ\u00e9tica a tu hogar, puesto de trabajo o comunidad<\/b><span style=\"font-weight: 400;\">.<\/span><\/p>\n<p><span style=\"font-weight: 400;\">Adem\u00e1s, esta edici\u00f3n de Fintech Talks tiene lugar en un espacio muy especial que te encantar\u00e1: la <\/span><b>biblioteca del club privado para mujeres Juno House,<\/b><span style=\"font-weight: 400;\"> en el n\u00famero 226 de la calle Aribau de Barcelona. La asistencia es gratuita, y puedes reservar tu plaza <\/span><a href=\"https:\/\/www.eventbrite.com\/e\/fintech-talks-eficiencia-energetica-celia-galera-ceo-habitat-futura-tickets-482509196997\" target=\"_blank\" rel=\"noopener\"><b>aqu\u00ed<\/b><\/a><b>.<\/b><\/p>\n<p>&nbsp;<\/p>\n<p><b>11Onze es la fintech comunitaria de Catalu\u00f1a. Abre una cuenta descargando la super app El Canut para <\/b><a href=\"https:\/\/play.google.com\/store\/apps\/details?id=com.e11onze.app&amp;utm_source=emailing&amp;utm_campaign=CANUT+launch\" target=\"_blank\" rel=\"noopener\"><b>Android<\/b><\/a><b> o <\/b><a href=\"https:\/\/apps.apple.com\/us\/app\/11onze\/id1566129237?utm_campaign=El+Canut\" target=\"_blank\" rel=\"noopener\"><b>iOS<\/b><\/a><b>. \u00a1\u00danete a la revoluci\u00f3n!<\/b><\/p>\n\n      <\/div>\n    <\/div>\n  <\/div>\n<\/div>\n\n\n<div class=\"component cards\">\n  <div class=\"container\">\n    <div class=\"row\">\n      <div class=\"col col-xl-8 offset-xl-2\">\n        <h1>Si te ha gustado este art\u00edculo, te recomendamos:<\/h1>\n        <div class=\"cards__wrapper\">\n          <div class=\"card\">\n            <a href=\"https:\/\/www.11onze.cat\/es\/magazine\/energia-11onze-sostenibles\/\" class=\"card-link\" target=\"_self\"><\/a>\n            <div class=\"card-img\">\n              <img decoding=\"async\" src=\"https:\/\/www.11onze.cat\/wp-content\/uploads\/2022\/11\/THUMBNAIL_ENERGIA_3.jpg\" class=\"card-img-top\" alt=\"\">\n                <span class=\"card-category\">11Onze<\/span>\n            <\/div>\n            <div class=\"card-body\">\n              <p class=\"card-title p2\"><strong>\u201cEn 11Onze queremos ser sostenibles\u201d<\/strong><\/p>\n              <span class=\"card-time\">2min lectura<\/span>\n              <p class=\"card-text small\">La cumbre del COP27 ha puesto de manifiesto la importancia de<\/p>\n            <\/div>\n          <\/div>\n\n\n          <div class=\"card\">\n            <a href=\"https:\/\/www.11onze.cat\/es\/magazine\/fintech-talks-eficiencia-energetica\/\" class=\"card-link\" target=\"_self\"><\/a>\n            <div class=\"card-img\">\n              <img decoding=\"async\" src=\"https:\/\/www.11onze.cat\/wp-content\/uploads\/2022\/12\/THUMBNAIL_EFICIENCIA_ENERGETICA.jpg\" class=\"card-img-top\" alt=\"\">\n                <span class=\"card-category\">11Onze<\/span>\n            <\/div>\n            <div class=\"card-body\">\n              <p class=\"card-title p2\"><strong>La eficiencia energ\u00e9tica<\/strong><\/p>\n              <span class=\"card-time\">2min lectura<\/span>\n              <p class=\"card-text small\">La \u00faltima sesi\u00f3n de Fintech Talks del a\u00f1o la protagonizar\u00e1 la directora general de Habitat<\/p>\n            <\/div>\n          <\/div>\n\n\n          <div class=\"card\">\n            <a href=\"https:\/\/www.11onze.cat\/es\/magazine\/escapadas-disfrutar-ecoturismo-europa\/\" class=\"card-link\" target=\"_self\"><\/a>\n            <div class=\"card-img\">\n              <img decoding=\"async\" src=\"https:\/\/www.11onze.cat\/wp-content\/uploads\/2022\/12\/THUMBNAIL_EUROPA_ECOTURISME.jpg\" class=\"card-img-top\" alt=\"\">\n                <span class=\"card-category\">Cultura<\/span>\n            <\/div>\n            <div class=\"card-body\">\n              <p class=\"card-title p2\"><strong>Escapadas para disfrutar del ecoturismo<\/strong><\/p>\n              <span class=\"card-time\">6min lectura<\/span>\n              <p class=\"card-text small\">La concienciaci\u00f3n de la sociedad en la importancia de<\/p>\n            <\/div>\n          <\/div>\n\n              <\/div>\n              <br>\n              <br>\n              <div class=\"cards__wrapper\">\n\n        <\/div>\n      <\/div>\n    <\/div>\n  <\/div>\n<\/div>","protected":false},"excerpt":{"rendered":"","protected":false},"author":71,"featured_media":40727,"comment_status":"open","ping_status":"closed","sticky":false,"template":"","format":"standard","meta":{"_acf_changed":false,"content-type":"","footnotes":""},"categories":[28],"tags":[171],"class_list":["post-40796","post","type-post","status-publish","format-standard","has-post-thumbnail","hentry","category-sin-categorizar","tag-sostenibilidad"],"acf":[],"yoast_head":"<!-- This site is optimized with the Yoast SEO plugin v27.4 - https:\/\/yoast.com\/product\/yoast-seo-wordpress\/ -->\n<title>Energia: por una Navidad consciente - 11Onze<\/title>\n<meta name=\"description\" content=\"Gemma Vallet, directora de 11Onze District, visita Energia, el programa de televisi\u00f3n presentado por Eduard Berraondo, y nos hace reflexionar sobre el impacto medioambiental de nuestros h\u00e1bitos de consumo durante las fiestas navide\u00f1as.\" \/>\n<meta name=\"robots\" content=\"index, follow, max-snippet:-1, max-image-preview:large, max-video-preview:-1\" \/>\n<link rel=\"canonical\" href=\"https:\/\/www.11onze.cat\/es\/magazine\/energia-navidad-consciente\/\" \/>\n<meta property=\"og:locale\" content=\"es_ES\" \/>\n<meta property=\"og:type\" content=\"article\" \/>\n<meta property=\"og:title\" content=\"Energia: por una Navidad consciente - 11Onze\" \/>\n<meta property=\"og:description\" content=\"Gemma Vallet, directora de 11Onze District, visita Energia, el programa de televisi\u00f3n presentado por Eduard Berraondo, y nos hace reflexionar sobre el impacto medioambiental de nuestros h\u00e1bitos de consumo durante las fiestas navide\u00f1as.\" \/>\n<meta property=\"og:url\" content=\"https:\/\/www.11onze.cat\/es\/magazine\/energia-navidad-consciente\/\" \/>\n<meta property=\"og:site_name\" content=\"11Onze\" \/>\n<meta property=\"article:publisher\" content=\"https:\/\/www.facebook.com\/11OnzeComunitat\" \/>\n<meta property=\"article:published_time\" content=\"2022-12-20T20:00:00+00:00\" \/>\n<meta property=\"og:image\" content=\"https:\/\/www.11onze.cat\/wp-content\/uploads\/2022\/12\/11ONZE_ENERGIA_7-800x450.jpg\" \/>\n<meta name=\"author\" content=\"Equip Editorial\" \/>\n<meta name=\"twitter:card\" content=\"summary_large_image\" \/>\n<meta name=\"twitter:title\" content=\"Energia: por una Navidad consciente - 11Onze\" \/>\n<meta name=\"twitter:description\" content=\"Gemma Vallet, directora de 11Onze District, visita Energia, el programa de televisi\u00f3n presentado por Eduard Berraondo, y nos hace reflexionar sobre el impacto medioambiental de nuestros h\u00e1bitos de consumo durante las fiestas navide\u00f1as.\" \/>\n<meta name=\"twitter:image\" content=\"https:\/\/www.11onze.cat\/wp-content\/uploads\/2022\/12\/11ONZE_ENERGIA_7-800x450.jpg\" \/>\n<meta name=\"twitter:creator\" content=\"@11OnzeFintech\" \/>\n<meta name=\"twitter:site\" content=\"@11OnzeFintech\" \/>\n<meta name=\"twitter:label1\" content=\"Escrito por\" \/>\n\t<meta name=\"twitter:data1\" content=\"Equip Editorial\" \/>\n<script type=\"application\/ld+json\" class=\"yoast-schema-graph\">{\"@context\":\"https:\\\/\\\/schema.org\",\"@graph\":[{\"@type\":\"Article\",\"@id\":\"https:\\\/\\\/www.11onze.cat\\\/es\\\/magazine\\\/energia-navidad-consciente\\\/#article\",\"isPartOf\":{\"@id\":\"https:\\\/\\\/www.11onze.cat\\\/es\\\/magazine\\\/energia-navidad-consciente\\\/\"},\"author\":{\"name\":\"Equip Editorial\",\"@id\":\"https:\\\/\\\/www.11onze.cat\\\/es\\\/#\\\/schema\\\/person\\\/636d99b4c82bb7178687ecd43c3a61bd\"},\"headline\":\"Energia: por una Navidad consciente\",\"datePublished\":\"2022-12-20T20:00:00+00:00\",\"mainEntityOfPage\":{\"@id\":\"https:\\\/\\\/www.11onze.cat\\\/es\\\/magazine\\\/energia-navidad-consciente\\\/\"},\"wordCount\":5,\"commentCount\":0,\"publisher\":{\"@id\":\"https:\\\/\\\/www.11onze.cat\\\/es\\\/#organization\"},\"image\":{\"@id\":\"https:\\\/\\\/www.11onze.cat\\\/es\\\/magazine\\\/energia-navidad-consciente\\\/#primaryimage\"},\"thumbnailUrl\":\"https:\\\/\\\/www.11onze.cat\\\/wp-content\\\/uploads\\\/2022\\\/12\\\/THUMBNAIL_ENERGIA_7.jpg\",\"keywords\":[\"Sostenibilidad\"],\"articleSection\":[\"Sin categorizar\"],\"inLanguage\":\"es\",\"potentialAction\":[{\"@type\":\"CommentAction\",\"name\":\"Comment\",\"target\":[\"https:\\\/\\\/www.11onze.cat\\\/es\\\/magazine\\\/energia-navidad-consciente\\\/#respond\"]}]},{\"@type\":\"WebPage\",\"@id\":\"https:\\\/\\\/www.11onze.cat\\\/es\\\/magazine\\\/energia-navidad-consciente\\\/\",\"url\":\"https:\\\/\\\/www.11onze.cat\\\/es\\\/magazine\\\/energia-navidad-consciente\\\/\",\"name\":\"Energia: por una Navidad consciente - 11Onze\",\"isPartOf\":{\"@id\":\"https:\\\/\\\/www.11onze.cat\\\/es\\\/#website\"},\"primaryImageOfPage\":{\"@id\":\"https:\\\/\\\/www.11onze.cat\\\/es\\\/magazine\\\/energia-navidad-consciente\\\/#primaryimage\"},\"image\":{\"@id\":\"https:\\\/\\\/www.11onze.cat\\\/es\\\/magazine\\\/energia-navidad-consciente\\\/#primaryimage\"},\"thumbnailUrl\":\"https:\\\/\\\/www.11onze.cat\\\/wp-content\\\/uploads\\\/2022\\\/12\\\/THUMBNAIL_ENERGIA_7.jpg\",\"datePublished\":\"2022-12-20T20:00:00+00:00\",\"description\":\"Gemma Vallet, directora de 11Onze District, visita Energia, el programa de televisi\u00f3n presentado por Eduard Berraondo, y nos hace reflexionar sobre el impacto medioambiental de nuestros h\u00e1bitos de consumo durante las fiestas navide\u00f1as.\",\"breadcrumb\":{\"@id\":\"https:\\\/\\\/www.11onze.cat\\\/es\\\/magazine\\\/energia-navidad-consciente\\\/#breadcrumb\"},\"inLanguage\":\"es\",\"potentialAction\":[{\"@type\":\"ReadAction\",\"target\":[\"https:\\\/\\\/www.11onze.cat\\\/es\\\/magazine\\\/energia-navidad-consciente\\\/\"]}]},{\"@type\":\"ImageObject\",\"inLanguage\":\"es\",\"@id\":\"https:\\\/\\\/www.11onze.cat\\\/es\\\/magazine\\\/energia-navidad-consciente\\\/#primaryimage\",\"url\":\"https:\\\/\\\/www.11onze.cat\\\/wp-content\\\/uploads\\\/2022\\\/12\\\/THUMBNAIL_ENERGIA_7.jpg\",\"contentUrl\":\"https:\\\/\\\/www.11onze.cat\\\/wp-content\\\/uploads\\\/2022\\\/12\\\/THUMBNAIL_ENERGIA_7.jpg\",\"width\":750,\"height\":504},{\"@type\":\"BreadcrumbList\",\"@id\":\"https:\\\/\\\/www.11onze.cat\\\/es\\\/magazine\\\/energia-navidad-consciente\\\/#breadcrumb\",\"itemListElement\":[{\"@type\":\"ListItem\",\"position\":1,\"name\":\"Home\",\"item\":\"https:\\\/\\\/www.11onze.cat\\\/es\\\/\"},{\"@type\":\"ListItem\",\"position\":2,\"name\":\"Energia: por una Navidad consciente\"}]},{\"@type\":\"WebSite\",\"@id\":\"https:\\\/\\\/www.11onze.cat\\\/es\\\/#website\",\"url\":\"https:\\\/\\\/www.11onze.cat\\\/es\\\/\",\"name\":\"11Onze\",\"description\":\"Primera comunidad fintech digital en Catalu\u00f1a\",\"publisher\":{\"@id\":\"https:\\\/\\\/www.11onze.cat\\\/es\\\/#organization\"},\"potentialAction\":[{\"@type\":\"SearchAction\",\"target\":{\"@type\":\"EntryPoint\",\"urlTemplate\":\"https:\\\/\\\/www.11onze.cat\\\/es\\\/?s={search_term_string}\"},\"query-input\":{\"@type\":\"PropertyValueSpecification\",\"valueRequired\":true,\"valueName\":\"search_term_string\"}}],\"inLanguage\":\"es\"},{\"@type\":\"Organization\",\"@id\":\"https:\\\/\\\/www.11onze.cat\\\/es\\\/#organization\",\"name\":\"11Onze\",\"url\":\"https:\\\/\\\/www.11onze.cat\\\/es\\\/\",\"logo\":{\"@type\":\"ImageObject\",\"inLanguage\":\"es\",\"@id\":\"https:\\\/\\\/www.11onze.cat\\\/es\\\/#\\\/schema\\\/logo\\\/image\\\/\",\"url\":\"https:\\\/\\\/www.11onze.cat\\\/wp-content\\\/uploads\\\/2021\\\/04\\\/512x512-11Onze.jpg\",\"contentUrl\":\"https:\\\/\\\/www.11onze.cat\\\/wp-content\\\/uploads\\\/2021\\\/04\\\/512x512-11Onze.jpg\",\"width\":512,\"height\":512,\"caption\":\"11Onze\"},\"image\":{\"@id\":\"https:\\\/\\\/www.11onze.cat\\\/es\\\/#\\\/schema\\\/logo\\\/image\\\/\"},\"sameAs\":[\"https:\\\/\\\/www.facebook.com\\\/11OnzeComunitat\",\"https:\\\/\\\/x.com\\\/11OnzeFintech\",\"https:\\\/\\\/www.instagram.com\\\/11onzecat\\\/\",\"https:\\\/\\\/www.linkedin.com\\\/company\\\/11onzebanc\",\"https:\\\/\\\/www.youtube.com\\\/channel\\\/UCz63R8Byd_kBKtK2M4Qf_7w\"]},{\"@type\":\"Person\",\"@id\":\"https:\\\/\\\/www.11onze.cat\\\/es\\\/#\\\/schema\\\/person\\\/636d99b4c82bb7178687ecd43c3a61bd\",\"name\":\"Equip Editorial\",\"image\":{\"@type\":\"ImageObject\",\"inLanguage\":\"es\",\"@id\":\"https:\\\/\\\/www.11onze.cat\\\/wp-content\\\/uploads\\\/2022\\\/05\\\/HEADER_AGENTS_DECK-300x300.jpg\",\"url\":\"https:\\\/\\\/www.11onze.cat\\\/wp-content\\\/uploads\\\/2022\\\/05\\\/HEADER_AGENTS_DECK-300x300.jpg\",\"contentUrl\":\"https:\\\/\\\/www.11onze.cat\\\/wp-content\\\/uploads\\\/2022\\\/05\\\/HEADER_AGENTS_DECK-300x300.jpg\",\"caption\":\"Equip Editorial\"},\"url\":\"https:\\\/\\\/www.11onze.cat\\\/es\\\/magazine\\\/author\\\/equip-editorial-11onze\\\/\"}]}<\/script>\n<!-- \/ Yoast SEO plugin. -->","yoast_head_json":{"title":"Energia: por una Navidad consciente - 11Onze","description":"Gemma Vallet, directora de 11Onze District, visita Energia, el programa de televisi\u00f3n presentado por Eduard Berraondo, y nos hace reflexionar sobre el impacto medioambiental de nuestros h\u00e1bitos de consumo durante las fiestas navide\u00f1as.","robots":{"index":"index","follow":"follow","max-snippet":"max-snippet:-1","max-image-preview":"max-image-preview:large","max-video-preview":"max-video-preview:-1"},"canonical":"https:\/\/www.11onze.cat\/es\/magazine\/energia-navidad-consciente\/","og_locale":"es_ES","og_type":"article","og_title":"Energia: por una Navidad consciente - 11Onze","og_description":"Gemma Vallet, directora de 11Onze District, visita Energia, el programa de televisi\u00f3n presentado por Eduard Berraondo, y nos hace reflexionar sobre el impacto medioambiental de nuestros h\u00e1bitos de consumo durante las fiestas navide\u00f1as.","og_url":"https:\/\/www.11onze.cat\/es\/magazine\/energia-navidad-consciente\/","og_site_name":"11Onze","article_publisher":"https:\/\/www.facebook.com\/11OnzeComunitat","article_published_time":"2022-12-20T20:00:00+00:00","og_image":[{"url":"https:\/\/www.11onze.cat\/wp-content\/uploads\/2022\/12\/11ONZE_ENERGIA_7-800x450.jpg","type":"","width":"","height":""}],"author":"Equip Editorial","twitter_card":"summary_large_image","twitter_title":"Energia: por una Navidad consciente - 11Onze","twitter_description":"Gemma Vallet, directora de 11Onze District, visita Energia, el programa de televisi\u00f3n presentado por Eduard Berraondo, y nos hace reflexionar sobre el impacto medioambiental de nuestros h\u00e1bitos de consumo durante las fiestas navide\u00f1as.","twitter_image":"https:\/\/www.11onze.cat\/wp-content\/uploads\/2022\/12\/11ONZE_ENERGIA_7-800x450.jpg","twitter_creator":"@11OnzeFintech","twitter_site":"@11OnzeFintech","twitter_misc":{"Escrito por":"Equip Editorial"},"schema":{"@context":"https:\/\/schema.org","@graph":[{"@type":"Article","@id":"https:\/\/www.11onze.cat\/es\/magazine\/energia-navidad-consciente\/#article","isPartOf":{"@id":"https:\/\/www.11onze.cat\/es\/magazine\/energia-navidad-consciente\/"},"author":{"name":"Equip Editorial","@id":"https:\/\/www.11onze.cat\/es\/#\/schema\/person\/636d99b4c82bb7178687ecd43c3a61bd"},"headline":"Energia: por una Navidad consciente","datePublished":"2022-12-20T20:00:00+00:00","mainEntityOfPage":{"@id":"https:\/\/www.11onze.cat\/es\/magazine\/energia-navidad-consciente\/"},"wordCount":5,"commentCount":0,"publisher":{"@id":"https:\/\/www.11onze.cat\/es\/#organization"},"image":{"@id":"https:\/\/www.11onze.cat\/es\/magazine\/energia-navidad-consciente\/#primaryimage"},"thumbnailUrl":"https:\/\/www.11onze.cat\/wp-content\/uploads\/2022\/12\/THUMBNAIL_ENERGIA_7.jpg","keywords":["Sostenibilidad"],"articleSection":["Sin categorizar"],"inLanguage":"es","potentialAction":[{"@type":"CommentAction","name":"Comment","target":["https:\/\/www.11onze.cat\/es\/magazine\/energia-navidad-consciente\/#respond"]}]},{"@type":"WebPage","@id":"https:\/\/www.11onze.cat\/es\/magazine\/energia-navidad-consciente\/","url":"https:\/\/www.11onze.cat\/es\/magazine\/energia-navidad-consciente\/","name":"Energia: por una Navidad consciente - 11Onze","isPartOf":{"@id":"https:\/\/www.11onze.cat\/es\/#website"},"primaryImageOfPage":{"@id":"https:\/\/www.11onze.cat\/es\/magazine\/energia-navidad-consciente\/#primaryimage"},"image":{"@id":"https:\/\/www.11onze.cat\/es\/magazine\/energia-navidad-consciente\/#primaryimage"},"thumbnailUrl":"https:\/\/www.11onze.cat\/wp-content\/uploads\/2022\/12\/THUMBNAIL_ENERGIA_7.jpg","datePublished":"2022-12-20T20:00:00+00:00","description":"Gemma Vallet, directora de 11Onze District, visita Energia, el programa de televisi\u00f3n presentado por Eduard Berraondo, y nos hace reflexionar sobre el impacto medioambiental de nuestros h\u00e1bitos de consumo durante las fiestas navide\u00f1as.","breadcrumb":{"@id":"https:\/\/www.11onze.cat\/es\/magazine\/energia-navidad-consciente\/#breadcrumb"},"inLanguage":"es","potentialAction":[{"@type":"ReadAction","target":["https:\/\/www.11onze.cat\/es\/magazine\/energia-navidad-consciente\/"]}]},{"@type":"ImageObject","inLanguage":"es","@id":"https:\/\/www.11onze.cat\/es\/magazine\/energia-navidad-consciente\/#primaryimage","url":"https:\/\/www.11onze.cat\/wp-content\/uploads\/2022\/12\/THUMBNAIL_ENERGIA_7.jpg","contentUrl":"https:\/\/www.11onze.cat\/wp-content\/uploads\/2022\/12\/THUMBNAIL_ENERGIA_7.jpg","width":750,"height":504},{"@type":"BreadcrumbList","@id":"https:\/\/www.11onze.cat\/es\/magazine\/energia-navidad-consciente\/#breadcrumb","itemListElement":[{"@type":"ListItem","position":1,"name":"Home","item":"https:\/\/www.11onze.cat\/es\/"},{"@type":"ListItem","position":2,"name":"Energia: por una Navidad consciente"}]},{"@type":"WebSite","@id":"https:\/\/www.11onze.cat\/es\/#website","url":"https:\/\/www.11onze.cat\/es\/","name":"11Onze","description":"Primera comunidad fintech digital en Catalu\u00f1a","publisher":{"@id":"https:\/\/www.11onze.cat\/es\/#organization"},"potentialAction":[{"@type":"SearchAction","target":{"@type":"EntryPoint","urlTemplate":"https:\/\/www.11onze.cat\/es\/?s={search_term_string}"},"query-input":{"@type":"PropertyValueSpecification","valueRequired":true,"valueName":"search_term_string"}}],"inLanguage":"es"},{"@type":"Organization","@id":"https:\/\/www.11onze.cat\/es\/#organization","name":"11Onze","url":"https:\/\/www.11onze.cat\/es\/","logo":{"@type":"ImageObject","inLanguage":"es","@id":"https:\/\/www.11onze.cat\/es\/#\/schema\/logo\/image\/","url":"https:\/\/www.11onze.cat\/wp-content\/uploads\/2021\/04\/512x512-11Onze.jpg","contentUrl":"https:\/\/www.11onze.cat\/wp-content\/uploads\/2021\/04\/512x512-11Onze.jpg","width":512,"height":512,"caption":"11Onze"},"image":{"@id":"https:\/\/www.11onze.cat\/es\/#\/schema\/logo\/image\/"},"sameAs":["https:\/\/www.facebook.com\/11OnzeComunitat","https:\/\/x.com\/11OnzeFintech","https:\/\/www.instagram.com\/11onzecat\/","https:\/\/www.linkedin.com\/company\/11onzebanc","https:\/\/www.youtube.com\/channel\/UCz63R8Byd_kBKtK2M4Qf_7w"]},{"@type":"Person","@id":"https:\/\/www.11onze.cat\/es\/#\/schema\/person\/636d99b4c82bb7178687ecd43c3a61bd","name":"Equip Editorial","image":{"@type":"ImageObject","inLanguage":"es","@id":"https:\/\/www.11onze.cat\/wp-content\/uploads\/2022\/05\/HEADER_AGENTS_DECK-300x300.jpg","url":"https:\/\/www.11onze.cat\/wp-content\/uploads\/2022\/05\/HEADER_AGENTS_DECK-300x300.jpg","contentUrl":"https:\/\/www.11onze.cat\/wp-content\/uploads\/2022\/05\/HEADER_AGENTS_DECK-300x300.jpg","caption":"Equip Editorial"},"url":"https:\/\/www.11onze.cat\/es\/magazine\/author\/equip-editorial-11onze\/"}]}},"_links":{"self":[{"href":"https:\/\/www.11onze.cat\/es\/wp-json\/wp\/v2\/posts\/40796","targetHints":{"allow":["GET"]}}],"collection":[{"href":"https:\/\/www.11onze.cat\/es\/wp-json\/wp\/v2\/posts"}],"about":[{"href":"https:\/\/www.11onze.cat\/es\/wp-json\/wp\/v2\/types\/post"}],"author":[{"embeddable":true,"href":"https:\/\/www.11onze.cat\/es\/wp-json\/wp\/v2\/users\/71"}],"replies":[{"embeddable":true,"href":"https:\/\/www.11onze.cat\/es\/wp-json\/wp\/v2\/comments?post=40796"}],"version-history":[{"count":0,"href":"https:\/\/www.11onze.cat\/es\/wp-json\/wp\/v2\/posts\/40796\/revisions"}],"wp:featuredmedia":[{"embeddable":true,"href":"https:\/\/www.11onze.cat\/es\/wp-json\/wp\/v2\/media\/40727"}],"wp:attachment":[{"href":"https:\/\/www.11onze.cat\/es\/wp-json\/wp\/v2\/media?parent=40796"}],"wp:term":[{"taxonomy":"category","embeddable":true,"href":"https:\/\/www.11onze.cat\/es\/wp-json\/wp\/v2\/categories?post=40796"},{"taxonomy":"post_tag","embeddable":true,"href":"https:\/\/www.11onze.cat\/es\/wp-json\/wp\/v2\/tags?post=40796"}],"curies":[{"name":"wp","href":"https:\/\/api.w.org\/{rel}","templated":true}]}}