{"id":38196,"date":"2023-11-23T09:00:00","date_gmt":"2023-11-23T08:00:00","guid":{"rendered":"https:\/\/www.11onze.cat\/?p=38196"},"modified":"2023-11-22T20:17:59","modified_gmt":"2023-11-22T19:17:59","slug":"encaje-generacion-z-mercado-laboral","status":"publish","type":"post","link":"https:\/\/www.11onze.cat\/es\/magazine\/encaje-generacion-z-mercado-laboral\/","title":{"rendered":"El encaje de la generaci\u00f3n Z en el mercado laboral"},"content":{"rendered":"<div class=\"component text\">\n  <div class=\"container\">\n\n\n    <div class=\"row\">\n      <div class=\"col  col-lg-8  offset-lg-2\">\n        <h3><b>La generaci\u00f3n Z ha sufrido especialmente las consecuencias econ\u00f3micas de la pandemia, con un nivel de desempleo que lleg\u00f3 a rozar el 40 %. Aunque la situaci\u00f3n ha mejorado respecto al a\u00f1o 2020, encontrar un trabajo digno y alcanzar la independencia econ\u00f3mica sigue siendo una misi\u00f3n casi imposible para una generaci\u00f3n que aspira a dar el salto digital.<\/b><\/h3>\n<p>&nbsp;<\/p>\n<p><b>El mercado laboral est\u00e1 plagado de espinas para la generaci\u00f3n Z<\/b><span style=\"font-weight: 400;\">, a la que pertenecen aquellos j\u00f3venes nacidos a caballo de los siglos XX y XXI. Aunque no hay consenso sobre los a\u00f1os exactos de inicio y finalizaci\u00f3n, se suele aceptar que incluye a quienes nacieron entre mediados de los 90 y finales de la primera d\u00e9cada de este siglo. Son m\u00e1s de 2.000 millones de personas en todo el mundo y en pocos a\u00f1os supondr\u00e1n m\u00e1s de un cuarto de la fuerza laboral total.<\/span><\/p>\n<p><span style=\"font-weight: 400;\">Precedida de los \u2018millenials\u2019 y seguida por los alfa, se trata de una generaci\u00f3n que <\/span><b>ya ha empezado a incorporarse al mercado laboral<\/b><span style=\"font-weight: 400;\">. Y en muchos casos lo ha hecho en el peor momento, cuando el mundo sufr\u00eda las consecuencias econ\u00f3micas de la COVID-19.\u00a0<\/span><\/p>\n<p>&nbsp;<\/p>\n<h3><b>V\u00edctimas de la pandemia<\/b><\/h3>\n<p><b>La pandemia mundial castig\u00f3 especialmente a la generaci\u00f3n Z<\/b><span style=\"font-weight: 400;\">, cuya tasa de desempleo lleg\u00f3 a rozar en Espa\u00f1a el 40 % en el a\u00f1o 2020, frente a un 14 % del resto de generaciones. Aquel a\u00f1o en casi todos los pa\u00edses de la OCDE la tasa de desempleo de este grupo demogr\u00e1fico doblaba o triplicaba los niveles de otros grupos de mayor edad.\u00a0<\/span><\/p>\n<p><span style=\"font-weight: 400;\">La generaci\u00f3n Z est\u00e1 sobrerrepresentada en sectores como la hosteler\u00eda, el turismo y el ocio, muy afectados por las medidas para frenar pandemia, as\u00ed que la destrucci\u00f3n de empleo fue particularmente dura para ellos.<\/span><\/p>\n<p><span style=\"font-weight: 400;\">Lo peor es que sus largos periodos de desempleo al abandonar el instituto o la universidad suponen la p\u00e9rdida de a\u00f1os de experiencia y capacitaci\u00f3n, lo cual reducir\u00e1 sus opciones de progresar m\u00e1s adelante en la escala profesional. Un estudio se\u00f1ala que <\/span><b>estos periodos de desempleo pueden traducirse en una reducci\u00f3n del 2 % de los ingresos <\/b><span style=\"font-weight: 400;\">a lo largo de la vida laboral.<\/span><\/p>\n<p>&nbsp;<\/p>\n<h3><b>Mayor precariedad<\/b><\/h3>\n<p><span style=\"font-weight: 400;\">Aunque la situaci\u00f3n econ\u00f3mica ha mejorado desde las \u00e9pocas m\u00e1s duras de la pandemia, <\/span><b>encontrar un trabajo digno y alcanzar la independencia econ\u00f3mica sigue siendo una misi\u00f3n casi imposible<\/b><span style=\"font-weight: 400;\"> para los integrantes de la generaci\u00f3n Z. De hecho, en Catalu\u00f1a la tasa de paro entre los j\u00f3venes de 16 y 24 a\u00f1os en el segundo trimestre de este a\u00f1o <\/span><a href=\"https:\/\/www.idescat.cat\/indicadors\/?id=conj&amp;n=10218\"><span style=\"font-weight: 400;\">segu\u00eda <\/span><\/a><span style=\"font-weight: 400;\">por encima del 25 %, m\u00e1s del triple que el del resto de franjas de edad.\u00a0<\/span><\/p>\n<p><span style=\"font-weight: 400;\">M\u00faltiples factores condicionan este elevado paro entre los m\u00e1s j\u00f3venes. <\/span><b>Uno de los elementos que influyen en su precariedad es la temporalidad<\/b><span style=\"font-weight: 400;\">. El <\/span><a href=\"https:\/\/www.mites.gob.es\/ficheros\/ministerio\/sec_trabajo\/analisis_mercado_trabajo\/jovenes\/2022\/Marzo_2022.pdf\"><span style=\"font-weight: 400;\">informe<\/span><\/a><span style=\"font-weight: 400;\"> \u201cJ\u00f3venes y mercado de trabajo\u201d, publicado en marzo, se\u00f1ala que los j\u00f3venes presentan \u201cunos niveles de temporalidad sensiblemente m\u00e1s elevados, de forma que su acceso al empleo se produce mayoritariamente mediante modalidades de contrataci\u00f3n temporal\u201d.\u00a0<\/span><\/p>\n<p>&nbsp;<\/p>\n<h3><b>La primera generaci\u00f3n digital<\/b><\/h3>\n<p><span style=\"font-weight: 400;\">La generaci\u00f3n Z destaca por su flexibilidad y autonom\u00eda, as\u00ed como por su dominio de las herramientas digitales. De ah\u00ed su <\/span><b>atractivo para muchas empresas que todav\u00eda deben dar el salto de la digitalizaci\u00f3n<\/b><span style=\"font-weight: 400;\">. Adem\u00e1s, tienen m\u00e1s aversi\u00f3n al riesgo y m\u00e1s conciencia financiera que otras generaciones, ya que vivieron de ni\u00f1os la crisis de 2007-2008.\u00a0<\/span><\/p>\n<p><span style=\"font-weight: 400;\">Sin embargo, se trata de una generaci\u00f3n que <\/span><b>no est\u00e1 dispuesta a aceptar un empleo a cualquier precio<\/b><span style=\"font-weight: 400;\">, ya que en muchos casos valoran otros aspectos por encima del apartado econ\u00f3mico. A diferencia de sus padres, que aspiraban a un empleo para toda la vida, ellos buscan m\u00e1s la realizaci\u00f3n personal. Por eso en bastantes casos recurren al autoempleo para hacer realidad sus propios proyectos.<\/span><\/p>\n<p><span style=\"font-weight: 400;\">Es significativo que, seg\u00fan el <\/span><a href=\"https:\/\/workforceinsights.randstad.com\/download-workmonitor-2022\"><span style=\"font-weight: 400;\">informe<\/span><\/a><span style=\"font-weight: 400;\"> \u201cRandstad Workmonitor 2022\u201d, m\u00e1s de la mitad de los empleados (56%) de entre 18 y 24 a\u00f1os abandonar\u00edan un trabajo que les impidiera disfrutar de sus vidas. Y es que muchos de los miembros de la generaci\u00f3n Z preferir\u00edan estar desempleados que ser infelices en un trabajo que no le gusta, seg\u00fan este informe.\u00a0<\/span><\/p>\n<p>&nbsp;<\/p>\n<p><b>11Onze es la fintech comunitaria de Catalu\u00f1a. Abre una cuenta descargando la super app El Canut para <\/b><a href=\"https:\/\/play.google.com\/store\/apps\/details?id=com.e11onze.app&amp;utm_source=emailing&amp;utm_campaign=CANUT+launch\"><b>Android<\/b><\/a><b> o <\/b><a href=\"https:\/\/apps.apple.com\/us\/app\/11onze\/id1566129237?utm_campaign=El+Canut\"><b>iOS<\/b><\/a><b>. \u00a1\u00danete a la revoluci\u00f3n!<\/b><\/p>\n\n      <\/div>\n    <\/div>\n  <\/div>\n<\/div>\n\n\n<div class=\"component cards\">\n  <div class=\"container\">\n    <div class=\"row\">\n      <div class=\"col col-xl-8 offset-xl-2\">\n        <div class=\"cards__wrapper\">\n          <div class=\"card\">\n            <a href=\"https:\/\/www.11onze.cat\/es\/magazine\/gen-z-encontrara-trabajo-gracias-tiktok\/\" class=\"card-link\" target=\"_self\"><\/a>\n            <div class=\"card-img\">\n              <img decoding=\"async\" src=\"https:\/\/www.11onze.cat\/wp-content\/uploads\/2021\/12\/THUMBNAIL_TIKTOK_CARTA_PRESENTACIO-800x533.jpg\" class=\"card-img-top\" alt=\"\">\n                <span class=\"card-category\">Tecnolog\u00eda<\/span>\n            <\/div>\n            <div class=\"card-body\">\n              <p class=\"card-title p2\"><strong>La Gen Z encontrar\u00e1 trabajo gracias a TikTok<\/strong><\/p>\n              <span class=\"card-time\">3min lectura<\/span>\n              <p class=\"card-text small\">La famosa aplicaci\u00f3n de videos est\u00e1 probando de&#8230;<\/p>\n            <\/div>\n          <\/div>\n\n\n          <div class=\"card\">\n            <a href=\"https:\/\/www.11onze.cat\/es\/magazine\/pasta-z-podcast-gen-z-habla-dinero\/\" class=\"card-link\" target=\"_self\"><\/a>\n            <div class=\"card-img\">\n              <img decoding=\"async\" src=\"https:\/\/www.11onze.cat\/wp-content\/uploads\/2021\/11\/VISUALS_PASTA_Z_THUMBNAIL_PSN_PASTAZ-800x538.jpg\" class=\"card-img-top\" alt=\"\">\n                <span class=\"card-category\">Econom\u00eda<\/span>\n            <\/div>\n            <div class=\"card-body\">\n              <p class=\"card-title p2\"><strong>Pasta Z: el podcast donde la Gen Z habla de dinero<\/strong><\/p>\n              <span class=\"card-time\">5min lectura<\/span>\n              <p class=\"card-text small\">11Onze estrena un podcast donde los j\u00f3venes alzan la voz&#8230;<\/p>\n            <\/div>\n          <\/div>\n\n\n          <div class=\"card\">\n            <a href=\"https:\/\/www.11onze.cat\/es\/magazine\/literatura-gen-z-politizar-malestar\/\" class=\"card-link\" target=\"_self\"><\/a>\n            <div class=\"card-img\">\n              <img decoding=\"async\" src=\"https:\/\/www.11onze.cat\/wp-content\/uploads\/2021\/11\/VISUALS_PODCAST_PERSONES_THUMBNAIL_PSN-1-800x538.jpg\" class=\"card-img-top\" alt=\"\">\n                <span class=\"card-category\">Cultura<\/span>\n            <\/div>\n            <div class=\"card-body\">\n              <p class=\"card-title p2\"><strong>La literatura de la Gen Z: politizar el malestar<\/strong><\/p>\n              <span class=\"card-time\">4min lectura<\/span>\n              <p class=\"card-text small\">La Carbonera es una librer\u00eda situada en el barrio de El Poble&#8230;<\/p>\n            <\/div>\n          <\/div>\n\n              <\/div>\n              <br>\n              <br>\n              <div class=\"cards__wrapper\">\n\n        <\/div>\n      <\/div>\n    <\/div>\n  <\/div>\n<\/div>","protected":false},"excerpt":{"rendered":"","protected":false},"author":71,"featured_media":38194,"comment_status":"open","ping_status":"closed","sticky":false,"template":"","format":"standard","meta":{"_acf_changed":false,"content-type":"","footnotes":""},"categories":[28],"tags":[166,174],"class_list":["post-38196","post","type-post","status-publish","format-standard","has-post-thumbnail","hentry","category-sin-categorizar","tag-comunidad","tag-economia-es"],"acf":[],"yoast_head":"<!-- This site is optimized with the Yoast SEO plugin v27.4 - https:\/\/yoast.com\/product\/yoast-seo-wordpress\/ -->\n<title>El encaje de la generaci\u00f3n Z en el mercado laboral - 11Onze<\/title>\n<meta name=\"description\" content=\"Encontrar un trabajo digno y alcanzar la independencia econ\u00f3mica sigue siendo una misi\u00f3n casi imposible para la generaci\u00f3n Z.\" \/>\n<meta name=\"robots\" content=\"index, follow, max-snippet:-1, max-image-preview:large, max-video-preview:-1\" \/>\n<link rel=\"canonical\" href=\"https:\/\/www.11onze.cat\/es\/magazine\/encaje-generacion-z-mercado-laboral\/\" \/>\n<meta property=\"og:locale\" content=\"es_ES\" \/>\n<meta property=\"og:type\" content=\"article\" \/>\n<meta property=\"og:title\" content=\"El encaje de la generaci\u00f3n Z en el mercado laboral - 11Onze\" \/>\n<meta property=\"og:description\" content=\"Encontrar un trabajo digno y alcanzar la independencia econ\u00f3mica sigue siendo una misi\u00f3n casi imposible para la generaci\u00f3n Z.\" \/>\n<meta property=\"og:url\" content=\"https:\/\/www.11onze.cat\/es\/magazine\/encaje-generacion-z-mercado-laboral\/\" \/>\n<meta property=\"og:site_name\" content=\"11Onze\" \/>\n<meta property=\"article:publisher\" content=\"https:\/\/www.facebook.com\/11OnzeComunitat\" \/>\n<meta property=\"article:published_time\" content=\"2023-11-23T08:00:00+00:00\" \/>\n<meta property=\"og:image\" content=\"https:\/\/www.11onze.cat\/wp-content\/uploads\/2022\/10\/11ONZE_ATUR_Z-800x450.jpg\" \/>\n<meta name=\"author\" content=\"Equip Editorial\" \/>\n<meta name=\"twitter:card\" content=\"summary_large_image\" \/>\n<meta name=\"twitter:title\" content=\"El encaje de la generaci\u00f3n Z en el mercado laboral - 11Onze\" \/>\n<meta name=\"twitter:description\" content=\"Encontrar un trabajo digno y alcanzar la independencia econ\u00f3mica sigue siendo una misi\u00f3n casi imposible para la generaci\u00f3n Z.\" \/>\n<meta name=\"twitter:image\" content=\"https:\/\/www.11onze.cat\/wp-content\/uploads\/2022\/10\/11ONZE_ATUR_Z-800x450.jpg\" \/>\n<meta name=\"twitter:creator\" content=\"@11OnzeFintech\" \/>\n<meta name=\"twitter:site\" content=\"@11OnzeFintech\" \/>\n<meta name=\"twitter:label1\" content=\"Escrito por\" \/>\n\t<meta name=\"twitter:data1\" content=\"Equip Editorial\" \/>\n<script type=\"application\/ld+json\" class=\"yoast-schema-graph\">{\"@context\":\"https:\\\/\\\/schema.org\",\"@graph\":[{\"@type\":\"Article\",\"@id\":\"https:\\\/\\\/www.11onze.cat\\\/es\\\/magazine\\\/encaje-generacion-z-mercado-laboral\\\/#article\",\"isPartOf\":{\"@id\":\"https:\\\/\\\/www.11onze.cat\\\/es\\\/magazine\\\/encaje-generacion-z-mercado-laboral\\\/\"},\"author\":{\"name\":\"Equip Editorial\",\"@id\":\"https:\\\/\\\/www.11onze.cat\\\/es\\\/#\\\/schema\\\/person\\\/636d99b4c82bb7178687ecd43c3a61bd\"},\"headline\":\"El encaje de la generaci\u00f3n Z en el mercado laboral\",\"datePublished\":\"2023-11-23T08:00:00+00:00\",\"mainEntityOfPage\":{\"@id\":\"https:\\\/\\\/www.11onze.cat\\\/es\\\/magazine\\\/encaje-generacion-z-mercado-laboral\\\/\"},\"wordCount\":11,\"commentCount\":0,\"publisher\":{\"@id\":\"https:\\\/\\\/www.11onze.cat\\\/es\\\/#organization\"},\"image\":{\"@id\":\"https:\\\/\\\/www.11onze.cat\\\/es\\\/magazine\\\/encaje-generacion-z-mercado-laboral\\\/#primaryimage\"},\"thumbnailUrl\":\"https:\\\/\\\/www.11onze.cat\\\/wp-content\\\/uploads\\\/2022\\\/10\\\/THUMBNAIL_ATUR_Z.jpg\",\"keywords\":[\"Comunidad\",\"Econom\u00eda\"],\"articleSection\":[\"Sin categorizar\"],\"inLanguage\":\"es\",\"potentialAction\":[{\"@type\":\"CommentAction\",\"name\":\"Comment\",\"target\":[\"https:\\\/\\\/www.11onze.cat\\\/es\\\/magazine\\\/encaje-generacion-z-mercado-laboral\\\/#respond\"]}]},{\"@type\":\"WebPage\",\"@id\":\"https:\\\/\\\/www.11onze.cat\\\/es\\\/magazine\\\/encaje-generacion-z-mercado-laboral\\\/\",\"url\":\"https:\\\/\\\/www.11onze.cat\\\/es\\\/magazine\\\/encaje-generacion-z-mercado-laboral\\\/\",\"name\":\"El encaje de la generaci\u00f3n Z en el mercado laboral - 11Onze\",\"isPartOf\":{\"@id\":\"https:\\\/\\\/www.11onze.cat\\\/es\\\/#website\"},\"primaryImageOfPage\":{\"@id\":\"https:\\\/\\\/www.11onze.cat\\\/es\\\/magazine\\\/encaje-generacion-z-mercado-laboral\\\/#primaryimage\"},\"image\":{\"@id\":\"https:\\\/\\\/www.11onze.cat\\\/es\\\/magazine\\\/encaje-generacion-z-mercado-laboral\\\/#primaryimage\"},\"thumbnailUrl\":\"https:\\\/\\\/www.11onze.cat\\\/wp-content\\\/uploads\\\/2022\\\/10\\\/THUMBNAIL_ATUR_Z.jpg\",\"datePublished\":\"2023-11-23T08:00:00+00:00\",\"description\":\"Encontrar un trabajo digno y alcanzar la independencia econ\u00f3mica sigue siendo una misi\u00f3n casi imposible para la generaci\u00f3n Z.\",\"breadcrumb\":{\"@id\":\"https:\\\/\\\/www.11onze.cat\\\/es\\\/magazine\\\/encaje-generacion-z-mercado-laboral\\\/#breadcrumb\"},\"inLanguage\":\"es\",\"potentialAction\":[{\"@type\":\"ReadAction\",\"target\":[\"https:\\\/\\\/www.11onze.cat\\\/es\\\/magazine\\\/encaje-generacion-z-mercado-laboral\\\/\"]}]},{\"@type\":\"ImageObject\",\"inLanguage\":\"es\",\"@id\":\"https:\\\/\\\/www.11onze.cat\\\/es\\\/magazine\\\/encaje-generacion-z-mercado-laboral\\\/#primaryimage\",\"url\":\"https:\\\/\\\/www.11onze.cat\\\/wp-content\\\/uploads\\\/2022\\\/10\\\/THUMBNAIL_ATUR_Z.jpg\",\"contentUrl\":\"https:\\\/\\\/www.11onze.cat\\\/wp-content\\\/uploads\\\/2022\\\/10\\\/THUMBNAIL_ATUR_Z.jpg\",\"width\":750,\"height\":504},{\"@type\":\"BreadcrumbList\",\"@id\":\"https:\\\/\\\/www.11onze.cat\\\/es\\\/magazine\\\/encaje-generacion-z-mercado-laboral\\\/#breadcrumb\",\"itemListElement\":[{\"@type\":\"ListItem\",\"position\":1,\"name\":\"Home\",\"item\":\"https:\\\/\\\/www.11onze.cat\\\/es\\\/\"},{\"@type\":\"ListItem\",\"position\":2,\"name\":\"El encaje de la generaci\u00f3n Z en el mercado laboral\"}]},{\"@type\":\"WebSite\",\"@id\":\"https:\\\/\\\/www.11onze.cat\\\/es\\\/#website\",\"url\":\"https:\\\/\\\/www.11onze.cat\\\/es\\\/\",\"name\":\"11Onze\",\"description\":\"Primera comunidad fintech digital en Catalu\u00f1a\",\"publisher\":{\"@id\":\"https:\\\/\\\/www.11onze.cat\\\/es\\\/#organization\"},\"potentialAction\":[{\"@type\":\"SearchAction\",\"target\":{\"@type\":\"EntryPoint\",\"urlTemplate\":\"https:\\\/\\\/www.11onze.cat\\\/es\\\/?s={search_term_string}\"},\"query-input\":{\"@type\":\"PropertyValueSpecification\",\"valueRequired\":true,\"valueName\":\"search_term_string\"}}],\"inLanguage\":\"es\"},{\"@type\":\"Organization\",\"@id\":\"https:\\\/\\\/www.11onze.cat\\\/es\\\/#organization\",\"name\":\"11Onze\",\"url\":\"https:\\\/\\\/www.11onze.cat\\\/es\\\/\",\"logo\":{\"@type\":\"ImageObject\",\"inLanguage\":\"es\",\"@id\":\"https:\\\/\\\/www.11onze.cat\\\/es\\\/#\\\/schema\\\/logo\\\/image\\\/\",\"url\":\"https:\\\/\\\/www.11onze.cat\\\/wp-content\\\/uploads\\\/2021\\\/04\\\/512x512-11Onze.jpg\",\"contentUrl\":\"https:\\\/\\\/www.11onze.cat\\\/wp-content\\\/uploads\\\/2021\\\/04\\\/512x512-11Onze.jpg\",\"width\":512,\"height\":512,\"caption\":\"11Onze\"},\"image\":{\"@id\":\"https:\\\/\\\/www.11onze.cat\\\/es\\\/#\\\/schema\\\/logo\\\/image\\\/\"},\"sameAs\":[\"https:\\\/\\\/www.facebook.com\\\/11OnzeComunitat\",\"https:\\\/\\\/x.com\\\/11OnzeFintech\",\"https:\\\/\\\/www.instagram.com\\\/11onzecat\\\/\",\"https:\\\/\\\/www.linkedin.com\\\/company\\\/11onzebanc\",\"https:\\\/\\\/www.youtube.com\\\/channel\\\/UCz63R8Byd_kBKtK2M4Qf_7w\"]},{\"@type\":\"Person\",\"@id\":\"https:\\\/\\\/www.11onze.cat\\\/es\\\/#\\\/schema\\\/person\\\/636d99b4c82bb7178687ecd43c3a61bd\",\"name\":\"Equip Editorial\",\"image\":{\"@type\":\"ImageObject\",\"inLanguage\":\"es\",\"@id\":\"https:\\\/\\\/www.11onze.cat\\\/wp-content\\\/uploads\\\/2022\\\/05\\\/HEADER_AGENTS_DECK-300x300.jpg\",\"url\":\"https:\\\/\\\/www.11onze.cat\\\/wp-content\\\/uploads\\\/2022\\\/05\\\/HEADER_AGENTS_DECK-300x300.jpg\",\"contentUrl\":\"https:\\\/\\\/www.11onze.cat\\\/wp-content\\\/uploads\\\/2022\\\/05\\\/HEADER_AGENTS_DECK-300x300.jpg\",\"caption\":\"Equip Editorial\"},\"url\":\"https:\\\/\\\/www.11onze.cat\\\/es\\\/magazine\\\/author\\\/equip-editorial-11onze\\\/\"}]}<\/script>\n<!-- \/ Yoast SEO plugin. -->","yoast_head_json":{"title":"El encaje de la generaci\u00f3n Z en el mercado laboral - 11Onze","description":"Encontrar un trabajo digno y alcanzar la independencia econ\u00f3mica sigue siendo una misi\u00f3n casi imposible para la generaci\u00f3n Z.","robots":{"index":"index","follow":"follow","max-snippet":"max-snippet:-1","max-image-preview":"max-image-preview:large","max-video-preview":"max-video-preview:-1"},"canonical":"https:\/\/www.11onze.cat\/es\/magazine\/encaje-generacion-z-mercado-laboral\/","og_locale":"es_ES","og_type":"article","og_title":"El encaje de la generaci\u00f3n Z en el mercado laboral - 11Onze","og_description":"Encontrar un trabajo digno y alcanzar la independencia econ\u00f3mica sigue siendo una misi\u00f3n casi imposible para la generaci\u00f3n Z.","og_url":"https:\/\/www.11onze.cat\/es\/magazine\/encaje-generacion-z-mercado-laboral\/","og_site_name":"11Onze","article_publisher":"https:\/\/www.facebook.com\/11OnzeComunitat","article_published_time":"2023-11-23T08:00:00+00:00","og_image":[{"url":"https:\/\/www.11onze.cat\/wp-content\/uploads\/2022\/10\/11ONZE_ATUR_Z-800x450.jpg","type":"","width":"","height":""}],"author":"Equip Editorial","twitter_card":"summary_large_image","twitter_title":"El encaje de la generaci\u00f3n Z en el mercado laboral - 11Onze","twitter_description":"Encontrar un trabajo digno y alcanzar la independencia econ\u00f3mica sigue siendo una misi\u00f3n casi imposible para la generaci\u00f3n Z.","twitter_image":"https:\/\/www.11onze.cat\/wp-content\/uploads\/2022\/10\/11ONZE_ATUR_Z-800x450.jpg","twitter_creator":"@11OnzeFintech","twitter_site":"@11OnzeFintech","twitter_misc":{"Escrito por":"Equip Editorial"},"schema":{"@context":"https:\/\/schema.org","@graph":[{"@type":"Article","@id":"https:\/\/www.11onze.cat\/es\/magazine\/encaje-generacion-z-mercado-laboral\/#article","isPartOf":{"@id":"https:\/\/www.11onze.cat\/es\/magazine\/encaje-generacion-z-mercado-laboral\/"},"author":{"name":"Equip Editorial","@id":"https:\/\/www.11onze.cat\/es\/#\/schema\/person\/636d99b4c82bb7178687ecd43c3a61bd"},"headline":"El encaje de la generaci\u00f3n Z en el mercado laboral","datePublished":"2023-11-23T08:00:00+00:00","mainEntityOfPage":{"@id":"https:\/\/www.11onze.cat\/es\/magazine\/encaje-generacion-z-mercado-laboral\/"},"wordCount":11,"commentCount":0,"publisher":{"@id":"https:\/\/www.11onze.cat\/es\/#organization"},"image":{"@id":"https:\/\/www.11onze.cat\/es\/magazine\/encaje-generacion-z-mercado-laboral\/#primaryimage"},"thumbnailUrl":"https:\/\/www.11onze.cat\/wp-content\/uploads\/2022\/10\/THUMBNAIL_ATUR_Z.jpg","keywords":["Comunidad","Econom\u00eda"],"articleSection":["Sin categorizar"],"inLanguage":"es","potentialAction":[{"@type":"CommentAction","name":"Comment","target":["https:\/\/www.11onze.cat\/es\/magazine\/encaje-generacion-z-mercado-laboral\/#respond"]}]},{"@type":"WebPage","@id":"https:\/\/www.11onze.cat\/es\/magazine\/encaje-generacion-z-mercado-laboral\/","url":"https:\/\/www.11onze.cat\/es\/magazine\/encaje-generacion-z-mercado-laboral\/","name":"El encaje de la generaci\u00f3n Z en el mercado laboral - 11Onze","isPartOf":{"@id":"https:\/\/www.11onze.cat\/es\/#website"},"primaryImageOfPage":{"@id":"https:\/\/www.11onze.cat\/es\/magazine\/encaje-generacion-z-mercado-laboral\/#primaryimage"},"image":{"@id":"https:\/\/www.11onze.cat\/es\/magazine\/encaje-generacion-z-mercado-laboral\/#primaryimage"},"thumbnailUrl":"https:\/\/www.11onze.cat\/wp-content\/uploads\/2022\/10\/THUMBNAIL_ATUR_Z.jpg","datePublished":"2023-11-23T08:00:00+00:00","description":"Encontrar un trabajo digno y alcanzar la independencia econ\u00f3mica sigue siendo una misi\u00f3n casi imposible para la generaci\u00f3n Z.","breadcrumb":{"@id":"https:\/\/www.11onze.cat\/es\/magazine\/encaje-generacion-z-mercado-laboral\/#breadcrumb"},"inLanguage":"es","potentialAction":[{"@type":"ReadAction","target":["https:\/\/www.11onze.cat\/es\/magazine\/encaje-generacion-z-mercado-laboral\/"]}]},{"@type":"ImageObject","inLanguage":"es","@id":"https:\/\/www.11onze.cat\/es\/magazine\/encaje-generacion-z-mercado-laboral\/#primaryimage","url":"https:\/\/www.11onze.cat\/wp-content\/uploads\/2022\/10\/THUMBNAIL_ATUR_Z.jpg","contentUrl":"https:\/\/www.11onze.cat\/wp-content\/uploads\/2022\/10\/THUMBNAIL_ATUR_Z.jpg","width":750,"height":504},{"@type":"BreadcrumbList","@id":"https:\/\/www.11onze.cat\/es\/magazine\/encaje-generacion-z-mercado-laboral\/#breadcrumb","itemListElement":[{"@type":"ListItem","position":1,"name":"Home","item":"https:\/\/www.11onze.cat\/es\/"},{"@type":"ListItem","position":2,"name":"El encaje de la generaci\u00f3n Z en el mercado laboral"}]},{"@type":"WebSite","@id":"https:\/\/www.11onze.cat\/es\/#website","url":"https:\/\/www.11onze.cat\/es\/","name":"11Onze","description":"Primera comunidad fintech digital en Catalu\u00f1a","publisher":{"@id":"https:\/\/www.11onze.cat\/es\/#organization"},"potentialAction":[{"@type":"SearchAction","target":{"@type":"EntryPoint","urlTemplate":"https:\/\/www.11onze.cat\/es\/?s={search_term_string}"},"query-input":{"@type":"PropertyValueSpecification","valueRequired":true,"valueName":"search_term_string"}}],"inLanguage":"es"},{"@type":"Organization","@id":"https:\/\/www.11onze.cat\/es\/#organization","name":"11Onze","url":"https:\/\/www.11onze.cat\/es\/","logo":{"@type":"ImageObject","inLanguage":"es","@id":"https:\/\/www.11onze.cat\/es\/#\/schema\/logo\/image\/","url":"https:\/\/www.11onze.cat\/wp-content\/uploads\/2021\/04\/512x512-11Onze.jpg","contentUrl":"https:\/\/www.11onze.cat\/wp-content\/uploads\/2021\/04\/512x512-11Onze.jpg","width":512,"height":512,"caption":"11Onze"},"image":{"@id":"https:\/\/www.11onze.cat\/es\/#\/schema\/logo\/image\/"},"sameAs":["https:\/\/www.facebook.com\/11OnzeComunitat","https:\/\/x.com\/11OnzeFintech","https:\/\/www.instagram.com\/11onzecat\/","https:\/\/www.linkedin.com\/company\/11onzebanc","https:\/\/www.youtube.com\/channel\/UCz63R8Byd_kBKtK2M4Qf_7w"]},{"@type":"Person","@id":"https:\/\/www.11onze.cat\/es\/#\/schema\/person\/636d99b4c82bb7178687ecd43c3a61bd","name":"Equip Editorial","image":{"@type":"ImageObject","inLanguage":"es","@id":"https:\/\/www.11onze.cat\/wp-content\/uploads\/2022\/05\/HEADER_AGENTS_DECK-300x300.jpg","url":"https:\/\/www.11onze.cat\/wp-content\/uploads\/2022\/05\/HEADER_AGENTS_DECK-300x300.jpg","contentUrl":"https:\/\/www.11onze.cat\/wp-content\/uploads\/2022\/05\/HEADER_AGENTS_DECK-300x300.jpg","caption":"Equip Editorial"},"url":"https:\/\/www.11onze.cat\/es\/magazine\/author\/equip-editorial-11onze\/"}]}},"_links":{"self":[{"href":"https:\/\/www.11onze.cat\/es\/wp-json\/wp\/v2\/posts\/38196","targetHints":{"allow":["GET"]}}],"collection":[{"href":"https:\/\/www.11onze.cat\/es\/wp-json\/wp\/v2\/posts"}],"about":[{"href":"https:\/\/www.11onze.cat\/es\/wp-json\/wp\/v2\/types\/post"}],"author":[{"embeddable":true,"href":"https:\/\/www.11onze.cat\/es\/wp-json\/wp\/v2\/users\/71"}],"replies":[{"embeddable":true,"href":"https:\/\/www.11onze.cat\/es\/wp-json\/wp\/v2\/comments?post=38196"}],"version-history":[{"count":0,"href":"https:\/\/www.11onze.cat\/es\/wp-json\/wp\/v2\/posts\/38196\/revisions"}],"wp:featuredmedia":[{"embeddable":true,"href":"https:\/\/www.11onze.cat\/es\/wp-json\/wp\/v2\/media\/38194"}],"wp:attachment":[{"href":"https:\/\/www.11onze.cat\/es\/wp-json\/wp\/v2\/media?parent=38196"}],"wp:term":[{"taxonomy":"category","embeddable":true,"href":"https:\/\/www.11onze.cat\/es\/wp-json\/wp\/v2\/categories?post=38196"},{"taxonomy":"post_tag","embeddable":true,"href":"https:\/\/www.11onze.cat\/es\/wp-json\/wp\/v2\/tags?post=38196"}],"curies":[{"name":"wp","href":"https:\/\/api.w.org\/{rel}","templated":true}]}}