{"id":37873,"date":"2022-10-02T21:00:00","date_gmt":"2022-10-02T19:00:00","guid":{"rendered":"https:\/\/www.11onze.cat\/?p=37873"},"modified":"2022-10-03T12:41:50","modified_gmt":"2022-10-03T10:41:50","slug":"riesgo-recesion-larga-fea","status":"publish","type":"post","link":"https:\/\/www.11onze.cat\/es\/magazine\/riesgo-recesion-larga-fea\/","title":{"rendered":"El riesgo de una recesi\u00f3n \u201clarga y fea\u201d"},"content":{"rendered":"<div class=\"component text\">\n  <div class=\"container\">\n\n\n    <div class=\"row\">\n      <div class=\"col  col-lg-8  offset-lg-2\">\n        <h3><b>Aunque el exvicepresidente de Estados Unidos, Dick Cheney, lleg\u00f3 a afirmar que nadie vio venir la gran crisis financiera de 2007-2008, lo cierto es que el economista Nouriel Roubini hab\u00eda advertido en 2006 que nos encamin\u00e1bamos hacia una \u201cprofunda recesi\u00f3n\u201d. Ahora prev\u00e9 otra recesi\u00f3n \u201clarga y fea\u201d, que puede convertirse en la peor cat\u00e1strofe econ\u00f3mica de nuestra vida si no tomamos las medidas adecuadas.<\/b><\/h3>\n<h3><\/h3>\n<p>&nbsp;<\/p>\n<p><span style=\"font-weight: 400;\">Recuperar una tasa de inflaci\u00f3n del 2 % sin un aterrizaje brusco de la econom\u00eda va a ser una \u201cmisi\u00f3n imposible\u201d, seg\u00fan el economista Nouriel Roubini. Por ello, advierte que <\/span><b>no nos enfrentamos a \u201cuna recesi\u00f3n corta y superficial, sino que va a ser severa, larga y fea\u201d<\/b><span style=\"font-weight: 400;\">, y podr\u00eda implicar un desplome de hasta el 40 % en los valores burs\u00e1tiles.<\/span><\/p>\n<p><span style=\"font-weight: 400;\">Roubini, que se gan\u00f3 el apelativo de Dr. Doom (Dr. Cat\u00e1strofe) por predecir el estallido de la burbuja inmobiliaria y la consiguiente recesi\u00f3n en la primera d\u00e9cada de este siglo, lleva tiempo alertando sobre los <\/span><b>elevados ratios de endeudamiento de particulares, empresas y gobiernos<\/b><span style=\"font-weight: 400;\">, algo que imposibilitar\u00eda un aterrizaje suave de la econom\u00eda.\u00a0<\/span><\/p>\n<p><span style=\"font-weight: 400;\">Seg\u00fan \u00e9l,<\/span><b> a medida que los tipos de inter\u00e9s suban, cada vez m\u00e1s hogares, empresas, bancos y pa\u00edses zombis \u201cvan a caer\u201d<\/b><span style=\"font-weight: 400;\">. En econom\u00eda, se ha popularizado el t\u00e9rmino \u201czombi\u201d para referirse sobre todo a instituciones y empresas que sobreviven de forma artificial a base de la inyecci\u00f3n de pr\u00e9stamos, sin los cuales se tendrian que declarar en quiebra.<\/span><\/p>\n<h3><\/h3>\n<p>&nbsp;<\/p>\n<h3><b>La inevitable subida de tipos\u00a0<\/b><\/h3>\n<p><span style=\"font-weight: 400;\">Este economista daba por hecha la subida de 75 puntos b\u00e1sicos que se <\/span><span style=\"font-weight: 400;\"><a href=\"https:\/\/www.federalreserve.gov\/monetarypolicy\/fomcpresconf20220921.htm\" target=\"_blank\" rel=\"noopener\">acord\u00f3<\/a> <\/span><span style=\"font-weight: 400;\">en la reuni\u00f3n de septiembre de la Reserva Federal de Estados Unidos. Y prev\u00e9 subidas de como m\u00ednimo 50 puntos b\u00e1sicos para las reuniones que se celebrar\u00e1n en noviembre y en diciembre, lo que situar\u00eda los tipos de inter\u00e9s de Estados Unidos a finales de a\u00f1o como m\u00ednimo entre el 4 % y el 4,25 %. <\/span><b>Si la fuerte inflaci\u00f3n persiste, los tipos podr\u00edan llegar incluso a rozar el 5 %<\/b><span style=\"font-weight: 400;\">.<\/span><\/p>\n<p><span style=\"font-weight: 400;\">Con estas tasas de inter\u00e9s, <\/span><b>cada vez m\u00e1s empresas ser\u00e1n incapaces de financiarse o hacer frente a los cr\u00e9ditos ya contra\u00eddos<\/b><span style=\"font-weight: 400;\">. Ser\u00e1 la puntilla para muchas compa\u00f1\u00edas que en la actualidad se enfrentan a un aumento considerable de los costes de producci\u00f3n, perturbaciones en la cadena de suministro y un descenso acusado de la demanda.<\/span><\/p>\n<p><span style=\"font-weight: 400;\">De hecho, <\/span><b>el Dr. Doom identifica en el libro <\/b><b>\u2018<a href=\"https:\/\/www.littlebrown.com\/titles\/nouriel-roubini\/megathreats\/9780316284530\/\" target=\"_blank\" rel=\"noopener\">Megathreats<\/a>\u2019 <\/b><b>una serie de amenazas para las empresas y la econom\u00eda en la actualidad<\/b><span style=\"font-weight: 400;\">. Entre ellas, se encuentran el envejecimiento de la poblaci\u00f3n, el proteccionismo, las restricciones migratorias, la deslocalizaci\u00f3n de f\u00e1bricas de Asia a Europa y Estados Unidos, la rivalidad entre Estados Unidos y China, el cambio clim\u00e1tico y las pandemias recurrentes.\u00a0<\/span><\/p>\n<h3><\/h3>\n<p>&nbsp;<\/p>\n<h3><b>Sin margen de maniobra<\/b><\/h3>\n<p><span style=\"font-weight: 400;\">En este contexto, Nouriel Roubini considera que <\/span><b>muchos pa\u00edses ser\u00e1n incapaces de aplicar medidas de est\u00edmulo fiscal para contrarrestar la recesi\u00f3n<\/b><span style=\"font-weight: 400;\">. Por una parte, el exceso de deuda hace que muchos gobiernos se est\u00e9n quedando \u201csin balas fiscales\u201d. Y, por otra, se corre el riesgo que los est\u00edmulos sobrecalienten la demanda agregada, lo cual ser\u00eda contraproducente para el control de la inflaci\u00f3n.<\/span><\/p>\n<p><span style=\"font-weight: 400;\">En definitiva, este profesor de Econom\u00eda en la Universidad de Nueva York pronostica que <\/span><b>entre finales de 2022 y finales de 2023 confluir\u00e1 lo peor de las dos \u00faltimas grandes crisis<\/b><span style=\"font-weight: 400;\">: tendremos que hacer frente a una estanflaci\u00f3n como la vivida en la d\u00e9cada de 1970 y sufrir las consecuencia de los impagos de una deuda masiva, como sucedi\u00f3 en la crisis de 2007-2008.<\/span><\/p>\n<p><span style=\"font-weight: 400;\">Asi como en esta \u00faltima crisis las hipotecas y los bancos fueron los m\u00e1s afectados, Roubini considera que en la recesi\u00f3n que se nos echa encima <\/span><b>el eslab\u00f3n m\u00e1s d\u00e9bil ser\u00e1n las empresas y la banca en la sombra<\/b><span style=\"font-weight: 400;\">, que en muchos casos \u201cvan a implosionar\u201d. Ante esta posible crisis empresarial, el economista recomienda \u201cser ligero en acciones y tener m\u00e1s efectivo\u201d.<\/span><\/p>\n<p>&nbsp;<\/p>\n<p><b>Si quieres descubrir la mejor opci\u00f3n para proteger tus ahorros, entra en <\/b><a href=\"https:\/\/serveis.11onze.cat\/es\/preciosos-11onze\" target=\"_blank\" rel=\"noopener\"><b>Preciosos 11Onze<\/b><\/a><b>. Te ayudaremos a comprar al mejor precio el valor refugio por excelencia: el oro f\u00edsico.<\/b><\/p>\n\n      <\/div>\n    <\/div>\n  <\/div>\n<\/div>\n\n\n<div class=\"component cards\">\n  <div class=\"container\">\n    <div class=\"row\">\n      <div class=\"col col-xl-8 offset-xl-2\">\n        <h1>Si te ha gustado este art\u00edculo, te recomendamos:<\/h1>\n        <div class=\"cards__wrapper\">\n          <div class=\"card\">\n            <a href=\"https:\/\/www.11onze.cat\/es\/magazine\/estados-unidos-ya-esta-recession\/\" class=\"card-link\" target=\"_self\"><\/a>\n            <div class=\"card-img\">\n              <img decoding=\"async\" src=\"https:\/\/www.11onze.cat\/wp-content\/uploads\/2022\/09\/THUMBNAIL_RECESSIO-631x600.jpg\" class=\"card-img-top\" alt=\"\">\n                <span class=\"card-category\">Econom\u00eda<\/span>\n            <\/div>\n            <div class=\"card-body\">\n              <p class=\"card-title p2\"><strong>Estados Unidos ya est\u00e1 en recesi\u00f3n<\/strong><\/p>\n              <span class=\"card-time\">6min lectura<\/span>\n              <p class=\"card-text small\">Numerosas econom\u00edas avanzan inexorablemente hacia la<\/p>\n            <\/div>\n          <\/div>\n\n\n          <div class=\"card\">\n            <a href=\"https:\/\/www.11onze.cat\/es\/magazine\/11-consejos-afrontar-recesion-economica\/\" class=\"card-link\" target=\"_self\"><\/a>\n            <div class=\"card-img\">\n              <img decoding=\"async\" src=\"https:\/\/www.11onze.cat\/wp-content\/uploads\/2021\/06\/IMAGE_RECESSIO_SARA_CASALS-800x447.jpg\" class=\"card-img-top\" alt=\"\">\n                <span class=\"card-category\">Econom\u00eda<\/span>\n            <\/div>\n            <div class=\"card-body\">\n              <p class=\"card-title p2\"><strong>11 consejos para afrontar una recesi\u00f3n econ\u00f3mica<\/strong><\/p>\n              <span class=\"card-time\">5min lectura<\/span>\n              <p class=\"card-text small\">Cada vez m\u00e1s expertos vaticinan una recesi\u00f3n, que<\/p>\n            <\/div>\n          <\/div>\n\n\n          <div class=\"card\">\n            <a href=\"https:\/\/www.11onze.cat\/es\/magazine\/europa-borde-colapso\/\" class=\"card-link\" target=\"_self\"><\/a>\n            <div class=\"card-img\">\n              <img decoding=\"async\" src=\"https:\/\/www.11onze.cat\/wp-content\/uploads\/2022\/09\/HEROIMAGE_EUROPA_COLLAPSE-800x538.jpg\" class=\"card-img-top\" alt=\"\">\n                <span class=\"card-category\">Econom\u00eda<\/span>\n            <\/div>\n            <div class=\"card-body\">\n              <p class=\"card-title p2\"><strong>\u00bfEst\u00e1 Europa al borde del colapso?<\/strong><\/p>\n              <span class=\"card-time\">5min lectura<\/span>\n              <p class=\"card-text small\">La elevada inflaci\u00f3n, la crisis energ\u00e9tica y la subida de tipos<\/p>\n            <\/div>\n          <\/div>\n\n              <\/div>\n              <br>\n              <br>\n              <div class=\"cards__wrapper\">\n\n        <\/div>\n      <\/div>\n    <\/div>\n  <\/div>\n<\/div>","protected":false},"excerpt":{"rendered":"","protected":false},"author":71,"featured_media":37868,"comment_status":"open","ping_status":"closed","sticky":false,"template":"","format":"standard","meta":{"_acf_changed":false,"content-type":"","footnotes":""},"categories":[28],"tags":[174],"class_list":["post-37873","post","type-post","status-publish","format-standard","has-post-thumbnail","hentry","category-sin-categorizar","tag-economia-es"],"acf":[],"yoast_head":"<!-- This site is optimized with the Yoast SEO plugin v27.4 - https:\/\/yoast.com\/product\/yoast-seo-wordpress\/ -->\n<title>El riesgo de una recesi\u00f3n \u201clarga y fea\u201d - 11Onze<\/title>\n<meta name=\"description\" content=\"Nouriel Roubini, uno de los primeros economistas que predijo la recesi\u00f3n de 2008, advierte que se avecina una recesi\u00f3n mucho peor.\" \/>\n<meta name=\"robots\" content=\"index, follow, max-snippet:-1, max-image-preview:large, max-video-preview:-1\" \/>\n<link rel=\"canonical\" href=\"https:\/\/www.11onze.cat\/es\/magazine\/riesgo-recesion-larga-fea\/\" \/>\n<meta property=\"og:locale\" content=\"es_ES\" \/>\n<meta property=\"og:type\" content=\"article\" \/>\n<meta property=\"og:title\" content=\"El riesgo de una recesi\u00f3n \u201clarga y fea\u201d - 11Onze\" \/>\n<meta property=\"og:description\" content=\"Nouriel Roubini, uno de los primeros economistas que predijo la recesi\u00f3n de 2008, advierte que se avecina una recesi\u00f3n mucho peor.\" \/>\n<meta property=\"og:url\" content=\"https:\/\/www.11onze.cat\/es\/magazine\/riesgo-recesion-larga-fea\/\" \/>\n<meta property=\"og:site_name\" content=\"11Onze\" \/>\n<meta property=\"article:publisher\" content=\"https:\/\/www.facebook.com\/11OnzeComunitat\" \/>\n<meta property=\"article:published_time\" content=\"2022-10-02T19:00:00+00:00\" \/>\n<meta property=\"article:modified_time\" content=\"2022-10-03T10:41:50+00:00\" \/>\n<meta property=\"og:image\" content=\"https:\/\/www.11onze.cat\/wp-content\/uploads\/2022\/09\/11ONZE_RECESSIO_CARA_LLETJA-800x450.jpg\" \/>\n<meta name=\"author\" content=\"Equip Editorial\" \/>\n<meta name=\"twitter:card\" content=\"summary_large_image\" \/>\n<meta name=\"twitter:title\" content=\"El riesgo de una recesi\u00f3n \u201clarga y fea\u201d - 11Onze\" \/>\n<meta name=\"twitter:description\" content=\"Nouriel Roubini, uno de los primeros economistas que predijo la recesi\u00f3n de 2008, advierte que se avecina una recesi\u00f3n mucho peor.\" \/>\n<meta name=\"twitter:image\" content=\"https:\/\/www.11onze.cat\/wp-content\/uploads\/2022\/09\/11ONZE_RECESSIO_CARA_LLETJA-800x450.jpg\" \/>\n<meta name=\"twitter:creator\" content=\"@11OnzeFintech\" \/>\n<meta name=\"twitter:site\" content=\"@11OnzeFintech\" \/>\n<meta name=\"twitter:label1\" content=\"Escrito por\" \/>\n\t<meta name=\"twitter:data1\" content=\"Equip Editorial\" \/>\n<script type=\"application\/ld+json\" class=\"yoast-schema-graph\">{\"@context\":\"https:\\\/\\\/schema.org\",\"@graph\":[{\"@type\":\"Article\",\"@id\":\"https:\\\/\\\/www.11onze.cat\\\/es\\\/magazine\\\/riesgo-recesion-larga-fea\\\/#article\",\"isPartOf\":{\"@id\":\"https:\\\/\\\/www.11onze.cat\\\/es\\\/magazine\\\/riesgo-recesion-larga-fea\\\/\"},\"author\":{\"name\":\"Equip Editorial\",\"@id\":\"https:\\\/\\\/www.11onze.cat\\\/es\\\/#\\\/schema\\\/person\\\/636d99b4c82bb7178687ecd43c3a61bd\"},\"headline\":\"El riesgo de una recesi\u00f3n \u201clarga y fea\u201d\",\"datePublished\":\"2022-10-02T19:00:00+00:00\",\"dateModified\":\"2022-10-03T10:41:50+00:00\",\"mainEntityOfPage\":{\"@id\":\"https:\\\/\\\/www.11onze.cat\\\/es\\\/magazine\\\/riesgo-recesion-larga-fea\\\/\"},\"wordCount\":9,\"commentCount\":0,\"publisher\":{\"@id\":\"https:\\\/\\\/www.11onze.cat\\\/es\\\/#organization\"},\"image\":{\"@id\":\"https:\\\/\\\/www.11onze.cat\\\/es\\\/magazine\\\/riesgo-recesion-larga-fea\\\/#primaryimage\"},\"thumbnailUrl\":\"https:\\\/\\\/www.11onze.cat\\\/wp-content\\\/uploads\\\/2022\\\/09\\\/THUMBNAIL_RECESSIO_CARA_LLETJA.jpg\",\"keywords\":[\"Econom\u00eda\"],\"articleSection\":[\"Sin categorizar\"],\"inLanguage\":\"es\",\"potentialAction\":[{\"@type\":\"CommentAction\",\"name\":\"Comment\",\"target\":[\"https:\\\/\\\/www.11onze.cat\\\/es\\\/magazine\\\/riesgo-recesion-larga-fea\\\/#respond\"]}]},{\"@type\":\"WebPage\",\"@id\":\"https:\\\/\\\/www.11onze.cat\\\/es\\\/magazine\\\/riesgo-recesion-larga-fea\\\/\",\"url\":\"https:\\\/\\\/www.11onze.cat\\\/es\\\/magazine\\\/riesgo-recesion-larga-fea\\\/\",\"name\":\"El riesgo de una recesi\u00f3n \u201clarga y fea\u201d - 11Onze\",\"isPartOf\":{\"@id\":\"https:\\\/\\\/www.11onze.cat\\\/es\\\/#website\"},\"primaryImageOfPage\":{\"@id\":\"https:\\\/\\\/www.11onze.cat\\\/es\\\/magazine\\\/riesgo-recesion-larga-fea\\\/#primaryimage\"},\"image\":{\"@id\":\"https:\\\/\\\/www.11onze.cat\\\/es\\\/magazine\\\/riesgo-recesion-larga-fea\\\/#primaryimage\"},\"thumbnailUrl\":\"https:\\\/\\\/www.11onze.cat\\\/wp-content\\\/uploads\\\/2022\\\/09\\\/THUMBNAIL_RECESSIO_CARA_LLETJA.jpg\",\"datePublished\":\"2022-10-02T19:00:00+00:00\",\"dateModified\":\"2022-10-03T10:41:50+00:00\",\"description\":\"Nouriel Roubini, uno de los primeros economistas que predijo la recesi\u00f3n de 2008, advierte que se avecina una recesi\u00f3n mucho peor.\",\"breadcrumb\":{\"@id\":\"https:\\\/\\\/www.11onze.cat\\\/es\\\/magazine\\\/riesgo-recesion-larga-fea\\\/#breadcrumb\"},\"inLanguage\":\"es\",\"potentialAction\":[{\"@type\":\"ReadAction\",\"target\":[\"https:\\\/\\\/www.11onze.cat\\\/es\\\/magazine\\\/riesgo-recesion-larga-fea\\\/\"]}]},{\"@type\":\"ImageObject\",\"inLanguage\":\"es\",\"@id\":\"https:\\\/\\\/www.11onze.cat\\\/es\\\/magazine\\\/riesgo-recesion-larga-fea\\\/#primaryimage\",\"url\":\"https:\\\/\\\/www.11onze.cat\\\/wp-content\\\/uploads\\\/2022\\\/09\\\/THUMBNAIL_RECESSIO_CARA_LLETJA.jpg\",\"contentUrl\":\"https:\\\/\\\/www.11onze.cat\\\/wp-content\\\/uploads\\\/2022\\\/09\\\/THUMBNAIL_RECESSIO_CARA_LLETJA.jpg\",\"width\":1344,\"height\":1046},{\"@type\":\"BreadcrumbList\",\"@id\":\"https:\\\/\\\/www.11onze.cat\\\/es\\\/magazine\\\/riesgo-recesion-larga-fea\\\/#breadcrumb\",\"itemListElement\":[{\"@type\":\"ListItem\",\"position\":1,\"name\":\"Home\",\"item\":\"https:\\\/\\\/www.11onze.cat\\\/es\\\/\"},{\"@type\":\"ListItem\",\"position\":2,\"name\":\"El riesgo de una recesi\u00f3n \u201clarga y fea\u201d\"}]},{\"@type\":\"WebSite\",\"@id\":\"https:\\\/\\\/www.11onze.cat\\\/es\\\/#website\",\"url\":\"https:\\\/\\\/www.11onze.cat\\\/es\\\/\",\"name\":\"11Onze\",\"description\":\"Primera comunidad fintech digital en Catalu\u00f1a\",\"publisher\":{\"@id\":\"https:\\\/\\\/www.11onze.cat\\\/es\\\/#organization\"},\"potentialAction\":[{\"@type\":\"SearchAction\",\"target\":{\"@type\":\"EntryPoint\",\"urlTemplate\":\"https:\\\/\\\/www.11onze.cat\\\/es\\\/?s={search_term_string}\"},\"query-input\":{\"@type\":\"PropertyValueSpecification\",\"valueRequired\":true,\"valueName\":\"search_term_string\"}}],\"inLanguage\":\"es\"},{\"@type\":\"Organization\",\"@id\":\"https:\\\/\\\/www.11onze.cat\\\/es\\\/#organization\",\"name\":\"11Onze\",\"url\":\"https:\\\/\\\/www.11onze.cat\\\/es\\\/\",\"logo\":{\"@type\":\"ImageObject\",\"inLanguage\":\"es\",\"@id\":\"https:\\\/\\\/www.11onze.cat\\\/es\\\/#\\\/schema\\\/logo\\\/image\\\/\",\"url\":\"https:\\\/\\\/www.11onze.cat\\\/wp-content\\\/uploads\\\/2021\\\/04\\\/512x512-11Onze.jpg\",\"contentUrl\":\"https:\\\/\\\/www.11onze.cat\\\/wp-content\\\/uploads\\\/2021\\\/04\\\/512x512-11Onze.jpg\",\"width\":512,\"height\":512,\"caption\":\"11Onze\"},\"image\":{\"@id\":\"https:\\\/\\\/www.11onze.cat\\\/es\\\/#\\\/schema\\\/logo\\\/image\\\/\"},\"sameAs\":[\"https:\\\/\\\/www.facebook.com\\\/11OnzeComunitat\",\"https:\\\/\\\/x.com\\\/11OnzeFintech\",\"https:\\\/\\\/www.instagram.com\\\/11onzecat\\\/\",\"https:\\\/\\\/www.linkedin.com\\\/company\\\/11onzebanc\",\"https:\\\/\\\/www.youtube.com\\\/channel\\\/UCz63R8Byd_kBKtK2M4Qf_7w\"]},{\"@type\":\"Person\",\"@id\":\"https:\\\/\\\/www.11onze.cat\\\/es\\\/#\\\/schema\\\/person\\\/636d99b4c82bb7178687ecd43c3a61bd\",\"name\":\"Equip Editorial\",\"image\":{\"@type\":\"ImageObject\",\"inLanguage\":\"es\",\"@id\":\"https:\\\/\\\/www.11onze.cat\\\/wp-content\\\/uploads\\\/2022\\\/05\\\/HEADER_AGENTS_DECK-300x300.jpg\",\"url\":\"https:\\\/\\\/www.11onze.cat\\\/wp-content\\\/uploads\\\/2022\\\/05\\\/HEADER_AGENTS_DECK-300x300.jpg\",\"contentUrl\":\"https:\\\/\\\/www.11onze.cat\\\/wp-content\\\/uploads\\\/2022\\\/05\\\/HEADER_AGENTS_DECK-300x300.jpg\",\"caption\":\"Equip Editorial\"},\"url\":\"https:\\\/\\\/www.11onze.cat\\\/es\\\/magazine\\\/author\\\/equip-editorial-11onze\\\/\"}]}<\/script>\n<!-- \/ Yoast SEO plugin. -->","yoast_head_json":{"title":"El riesgo de una recesi\u00f3n \u201clarga y fea\u201d - 11Onze","description":"Nouriel Roubini, uno de los primeros economistas que predijo la recesi\u00f3n de 2008, advierte que se avecina una recesi\u00f3n mucho peor.","robots":{"index":"index","follow":"follow","max-snippet":"max-snippet:-1","max-image-preview":"max-image-preview:large","max-video-preview":"max-video-preview:-1"},"canonical":"https:\/\/www.11onze.cat\/es\/magazine\/riesgo-recesion-larga-fea\/","og_locale":"es_ES","og_type":"article","og_title":"El riesgo de una recesi\u00f3n \u201clarga y fea\u201d - 11Onze","og_description":"Nouriel Roubini, uno de los primeros economistas que predijo la recesi\u00f3n de 2008, advierte que se avecina una recesi\u00f3n mucho peor.","og_url":"https:\/\/www.11onze.cat\/es\/magazine\/riesgo-recesion-larga-fea\/","og_site_name":"11Onze","article_publisher":"https:\/\/www.facebook.com\/11OnzeComunitat","article_published_time":"2022-10-02T19:00:00+00:00","article_modified_time":"2022-10-03T10:41:50+00:00","og_image":[{"url":"https:\/\/www.11onze.cat\/wp-content\/uploads\/2022\/09\/11ONZE_RECESSIO_CARA_LLETJA-800x450.jpg","type":"","width":"","height":""}],"author":"Equip Editorial","twitter_card":"summary_large_image","twitter_title":"El riesgo de una recesi\u00f3n \u201clarga y fea\u201d - 11Onze","twitter_description":"Nouriel Roubini, uno de los primeros economistas que predijo la recesi\u00f3n de 2008, advierte que se avecina una recesi\u00f3n mucho peor.","twitter_image":"https:\/\/www.11onze.cat\/wp-content\/uploads\/2022\/09\/11ONZE_RECESSIO_CARA_LLETJA-800x450.jpg","twitter_creator":"@11OnzeFintech","twitter_site":"@11OnzeFintech","twitter_misc":{"Escrito por":"Equip Editorial"},"schema":{"@context":"https:\/\/schema.org","@graph":[{"@type":"Article","@id":"https:\/\/www.11onze.cat\/es\/magazine\/riesgo-recesion-larga-fea\/#article","isPartOf":{"@id":"https:\/\/www.11onze.cat\/es\/magazine\/riesgo-recesion-larga-fea\/"},"author":{"name":"Equip Editorial","@id":"https:\/\/www.11onze.cat\/es\/#\/schema\/person\/636d99b4c82bb7178687ecd43c3a61bd"},"headline":"El riesgo de una recesi\u00f3n \u201clarga y fea\u201d","datePublished":"2022-10-02T19:00:00+00:00","dateModified":"2022-10-03T10:41:50+00:00","mainEntityOfPage":{"@id":"https:\/\/www.11onze.cat\/es\/magazine\/riesgo-recesion-larga-fea\/"},"wordCount":9,"commentCount":0,"publisher":{"@id":"https:\/\/www.11onze.cat\/es\/#organization"},"image":{"@id":"https:\/\/www.11onze.cat\/es\/magazine\/riesgo-recesion-larga-fea\/#primaryimage"},"thumbnailUrl":"https:\/\/www.11onze.cat\/wp-content\/uploads\/2022\/09\/THUMBNAIL_RECESSIO_CARA_LLETJA.jpg","keywords":["Econom\u00eda"],"articleSection":["Sin categorizar"],"inLanguage":"es","potentialAction":[{"@type":"CommentAction","name":"Comment","target":["https:\/\/www.11onze.cat\/es\/magazine\/riesgo-recesion-larga-fea\/#respond"]}]},{"@type":"WebPage","@id":"https:\/\/www.11onze.cat\/es\/magazine\/riesgo-recesion-larga-fea\/","url":"https:\/\/www.11onze.cat\/es\/magazine\/riesgo-recesion-larga-fea\/","name":"El riesgo de una recesi\u00f3n \u201clarga y fea\u201d - 11Onze","isPartOf":{"@id":"https:\/\/www.11onze.cat\/es\/#website"},"primaryImageOfPage":{"@id":"https:\/\/www.11onze.cat\/es\/magazine\/riesgo-recesion-larga-fea\/#primaryimage"},"image":{"@id":"https:\/\/www.11onze.cat\/es\/magazine\/riesgo-recesion-larga-fea\/#primaryimage"},"thumbnailUrl":"https:\/\/www.11onze.cat\/wp-content\/uploads\/2022\/09\/THUMBNAIL_RECESSIO_CARA_LLETJA.jpg","datePublished":"2022-10-02T19:00:00+00:00","dateModified":"2022-10-03T10:41:50+00:00","description":"Nouriel Roubini, uno de los primeros economistas que predijo la recesi\u00f3n de 2008, advierte que se avecina una recesi\u00f3n mucho peor.","breadcrumb":{"@id":"https:\/\/www.11onze.cat\/es\/magazine\/riesgo-recesion-larga-fea\/#breadcrumb"},"inLanguage":"es","potentialAction":[{"@type":"ReadAction","target":["https:\/\/www.11onze.cat\/es\/magazine\/riesgo-recesion-larga-fea\/"]}]},{"@type":"ImageObject","inLanguage":"es","@id":"https:\/\/www.11onze.cat\/es\/magazine\/riesgo-recesion-larga-fea\/#primaryimage","url":"https:\/\/www.11onze.cat\/wp-content\/uploads\/2022\/09\/THUMBNAIL_RECESSIO_CARA_LLETJA.jpg","contentUrl":"https:\/\/www.11onze.cat\/wp-content\/uploads\/2022\/09\/THUMBNAIL_RECESSIO_CARA_LLETJA.jpg","width":1344,"height":1046},{"@type":"BreadcrumbList","@id":"https:\/\/www.11onze.cat\/es\/magazine\/riesgo-recesion-larga-fea\/#breadcrumb","itemListElement":[{"@type":"ListItem","position":1,"name":"Home","item":"https:\/\/www.11onze.cat\/es\/"},{"@type":"ListItem","position":2,"name":"El riesgo de una recesi\u00f3n \u201clarga y fea\u201d"}]},{"@type":"WebSite","@id":"https:\/\/www.11onze.cat\/es\/#website","url":"https:\/\/www.11onze.cat\/es\/","name":"11Onze","description":"Primera comunidad fintech digital en Catalu\u00f1a","publisher":{"@id":"https:\/\/www.11onze.cat\/es\/#organization"},"potentialAction":[{"@type":"SearchAction","target":{"@type":"EntryPoint","urlTemplate":"https:\/\/www.11onze.cat\/es\/?s={search_term_string}"},"query-input":{"@type":"PropertyValueSpecification","valueRequired":true,"valueName":"search_term_string"}}],"inLanguage":"es"},{"@type":"Organization","@id":"https:\/\/www.11onze.cat\/es\/#organization","name":"11Onze","url":"https:\/\/www.11onze.cat\/es\/","logo":{"@type":"ImageObject","inLanguage":"es","@id":"https:\/\/www.11onze.cat\/es\/#\/schema\/logo\/image\/","url":"https:\/\/www.11onze.cat\/wp-content\/uploads\/2021\/04\/512x512-11Onze.jpg","contentUrl":"https:\/\/www.11onze.cat\/wp-content\/uploads\/2021\/04\/512x512-11Onze.jpg","width":512,"height":512,"caption":"11Onze"},"image":{"@id":"https:\/\/www.11onze.cat\/es\/#\/schema\/logo\/image\/"},"sameAs":["https:\/\/www.facebook.com\/11OnzeComunitat","https:\/\/x.com\/11OnzeFintech","https:\/\/www.instagram.com\/11onzecat\/","https:\/\/www.linkedin.com\/company\/11onzebanc","https:\/\/www.youtube.com\/channel\/UCz63R8Byd_kBKtK2M4Qf_7w"]},{"@type":"Person","@id":"https:\/\/www.11onze.cat\/es\/#\/schema\/person\/636d99b4c82bb7178687ecd43c3a61bd","name":"Equip Editorial","image":{"@type":"ImageObject","inLanguage":"es","@id":"https:\/\/www.11onze.cat\/wp-content\/uploads\/2022\/05\/HEADER_AGENTS_DECK-300x300.jpg","url":"https:\/\/www.11onze.cat\/wp-content\/uploads\/2022\/05\/HEADER_AGENTS_DECK-300x300.jpg","contentUrl":"https:\/\/www.11onze.cat\/wp-content\/uploads\/2022\/05\/HEADER_AGENTS_DECK-300x300.jpg","caption":"Equip Editorial"},"url":"https:\/\/www.11onze.cat\/es\/magazine\/author\/equip-editorial-11onze\/"}]}},"_links":{"self":[{"href":"https:\/\/www.11onze.cat\/es\/wp-json\/wp\/v2\/posts\/37873","targetHints":{"allow":["GET"]}}],"collection":[{"href":"https:\/\/www.11onze.cat\/es\/wp-json\/wp\/v2\/posts"}],"about":[{"href":"https:\/\/www.11onze.cat\/es\/wp-json\/wp\/v2\/types\/post"}],"author":[{"embeddable":true,"href":"https:\/\/www.11onze.cat\/es\/wp-json\/wp\/v2\/users\/71"}],"replies":[{"embeddable":true,"href":"https:\/\/www.11onze.cat\/es\/wp-json\/wp\/v2\/comments?post=37873"}],"version-history":[{"count":0,"href":"https:\/\/www.11onze.cat\/es\/wp-json\/wp\/v2\/posts\/37873\/revisions"}],"wp:featuredmedia":[{"embeddable":true,"href":"https:\/\/www.11onze.cat\/es\/wp-json\/wp\/v2\/media\/37868"}],"wp:attachment":[{"href":"https:\/\/www.11onze.cat\/es\/wp-json\/wp\/v2\/media?parent=37873"}],"wp:term":[{"taxonomy":"category","embeddable":true,"href":"https:\/\/www.11onze.cat\/es\/wp-json\/wp\/v2\/categories?post=37873"},{"taxonomy":"post_tag","embeddable":true,"href":"https:\/\/www.11onze.cat\/es\/wp-json\/wp\/v2\/tags?post=37873"}],"curies":[{"name":"wp","href":"https:\/\/api.w.org\/{rel}","templated":true}]}}