{"id":36666,"date":"2025-09-05T09:00:00","date_gmt":"2025-09-05T07:00:00","guid":{"rendered":"https:\/\/www.11onze.cat\/magazine\/arrels-fundacio-ajudar-sensibilitzar-denunciar\/"},"modified":"2025-09-05T09:01:11","modified_gmt":"2025-09-05T07:01:11","slug":"arrels-fundacio-ayudar-sensibilizar-denunciar","status":"publish","type":"post","link":"https:\/\/www.11onze.cat\/es\/magazine\/arrels-fundacio-ayudar-sensibilizar-denunciar\/","title":{"rendered":"Arrels Fundaci\u00f3: ayudar, sensibilizar y denuncia"},"content":{"rendered":"<div class=\"component text\">\n  <div class=\"container\">\n\n\n    <div class=\"row\">\n      <div class=\"col  col-lg-8  offset-lg-2\">\n        <h3><b>Cobrir les necessitats b\u00e0siques de les persones sense llar que viuen als carrers de Barcelona, sensibilitzar a la ciutadania i denunciar situacions injustes s\u00f3n els tres pilars d\u2019actuaci\u00f3 i ra\u00f3 de ser d\u2019Arrels Fundaci\u00f3 en la seva lluita contra el sensellarisme. Parlem amb el director d\u2019Arrels, Ferran Busquets, per saber qu\u00e8 fa i com afronta l\u2019entitat la situaci\u00f3 econ\u00f2mica actual.<\/b><\/h3>\n<p>&nbsp;<\/p>\n<p><span style=\"font-weight: 400\">En un context econ\u00f2mic marcat per la pujada de la inflaci\u00f3 i quan ens trobem a les portes d\u2019una nova recessi\u00f3,<\/span><b> la problem\u00e0tica social de l\u2019exclusi\u00f3 residencial t\u00e9 el seu m\u00e0xim exponent en el fenomen del sensellarisme<\/b><span style=\"font-weight: 400\">. Entitats com Arrels ajuden i fan visibles als invisibles d\u2019una societat que no sempre prioritza el benestar social de les persones.<\/span><\/p>\n<p><span style=\"font-weight: 400\">Per\u00f2 qu\u00e8 fa exactament la fundaci\u00f3 Arrels? La seva missi\u00f3 es divideix en tres parts: <\/span><b>atenci\u00f3 a les persones, sensibilitzaci\u00f3 i den\u00fancia<\/b><span style=\"font-weight: 400\">. Com explica Busquets, \u201cnosaltres atenem a unes 230 persones, que estan allotjades amb els nostres diferents serveis, i arribem a m\u00e9s de 500 persones que estan dormint al carrer\u201d.\u00a0<\/span><\/p>\n<p><span style=\"font-weight: 400\">Tanmateix, s\u2019ha de <\/span><b>conscienciar a la societat i canviar la visi\u00f3 que t\u00e9 de les persones sense llar<\/b><span style=\"font-weight: 400\">, \u201cexplicar a la ciutadania la realitat de les persones que dormen al carrer i posar sobre la taula, i p\u00fablicament, situacions molt injustes\u201d, apunta el director d\u2019Arrels.<\/span><\/p>\n\n      <\/div>\n    <\/div>\n  <\/div>\n<\/div>\n<div class=\"component gallery\">\n  <div class=\"container\">\n    <div class=\"row\">\n      <div class=\"col col-lg-10 offset-lg-1\">\n        <div id=\"slider\" class=\"carousel slide\">\n          <div class=\"carousel-inner\">\n            <div class=\"carousel-item active video-player inline-player\" data-video-id=\"6311585075112\">\n              <img decoding=\"async\" class=\"d-block w-100\" src=\"https:\/\/www.11onze.cat\/wp-content\/uploads\/2022\/08\/VISUALS_PODCAST_IMAGE_VIDEO_BLOCK_PSN-scaled.jpg\" alt=\"\">\n              <button type=\"button\" class=\"play\"><\/button>\n              <div class=\"carousel-caption\">\n                <p>Episodi 18 | Arrels Fundaci\u00f3<\/p>\n              <\/div>\n            <\/div>\n          <\/div>\n        <\/div>\n      <\/div>\n    <\/div>\n  <\/div>\n<\/div><div class=\"component text\">\n  <div class=\"container\">\n\n\n    <div class=\"row\">\n      <div class=\"col  col-lg-8  offset-lg-2\">\n        <h3><b>La import\u00e0ncia del capital hum\u00e0 de la fundaci\u00f3<\/b><\/h3>\n<p><span style=\"font-weight: 400\">L\u2019estigma social i els prejudicis que culpen o fan responsables de la seva situaci\u00f3 a les persones sense llar sovint no reflecteixen la complexitat de les m\u00faltiples causes que porten a l\u2019exclusi\u00f3 residencial. Com puntualitza Busquets, \u201cles persones que dormen al carrer tenen una gran estigmatitzaci\u00f3: \u2018s\u00f3n al carrer perqu\u00e8 volen, s\u00f3n uns borratxos\u2026\u2019, per\u00f2 <\/span><b>hi ha molt\u00edssimes persones que arriben al carrer perqu\u00e8 no tenen les mateixes opcions que tenim la resta de la gent<\/b><span style=\"font-weight: 400\">\u201d.<\/span><\/p>\n<p><span style=\"font-weight: 400\">La sensaci\u00f3 de frac\u00e0s en acabar dormint al carrer t\u00e9 un impacte psicol\u00f2gic important que\u00a0<\/span><\/p>\n<p><span style=\"font-weight: 400\">constitueix <\/span><b>un factor de risc de patir problemes de salut mental<\/b><span style=\"font-weight: 400\">. \u00c9s aqu\u00ed, on la import\u00e0ncia del capital hum\u00e0 i professionals socials s\u00f3n clau per donar suport a aquestes persones en situaci\u00f3 de vulnerabilitat.\u00a0<\/span><\/p>\n<p><span style=\"font-weight: 400\">\u201cLa decisi\u00f3 m\u00e9s important que prenem a la fundaci\u00f3 \u00e9s la contractaci\u00f3 de persones o entrada de voluntaris, perqu\u00e8 s\u2019ha d\u2019establir un vincle amb aquesta <\/span><b>gent que ens situa en el mateix pla que nosaltres situem a la nostra fam\u00edlia<\/b><span style=\"font-weight: 400\">\u201d, afirma Busquets.<\/span><\/p>\n<p>&nbsp;<\/p>\n<p><b>11Onze \u00e9s la fintech comunit\u00e0ria de Catalunya. Obre un compte descarregant la super app El Canut per <\/b><a href=\"https:\/\/play.google.com\/store\/apps\/details?id=com.e11onze.app&amp;utm_source=emailing&amp;utm_campaign=CANUT+launch\" target=\"_blank\" rel=\"noopener\"><b>Android<\/b><\/a><b> o <\/b><a href=\"https:\/\/apps.apple.com\/us\/app\/11onze\/id1566129237?utm_campaign=El+Canut\" target=\"_blank\" rel=\"noopener\"><b>iOS<\/b><\/a><b>. Uneix-te a la revoluci\u00f3!<\/b><\/p>\n\n      <\/div>\n    <\/div>\n  <\/div>\n<\/div>\n<div class=\"component cards\">\n  <div class=\"container\">\n    <div class=\"row\">\n      <div class=\"col col-xl-8 offset-xl-2\">\n        <h1>Si t&#8217;ha agradat aquesta not\u00edcia, et recomanem:<\/h1>\n        <div class=\"cards__wrapper\">\n          <div class=\"card\">\n            <a href=\"https:\/\/www.11onze.cat\/magazine\/tres-basics-gestionar-diners\/\" class=\"card-link\" target=\"_self\"><\/a>\n            <div class=\"card-img\">\n              <img decoding=\"async\" src=\"https:\/\/www.11onze.cat\/wp-content\/uploads\/2021\/04\/THUMBNAIL_POST_3.jpg\" class=\"card-img-top\" alt=\"\">\n                <span class=\"card-category\">Finances<\/span>\n            <\/div>\n            <div class=\"card-body\">\n              <p class=\"card-title p2\"><strong>B\u00e0sics per gestionar els nostres diners<\/strong><\/p>\n              <span class=\"card-time\">4min lectura<\/span>\n              <p class=\"card-text small\">Sembla obvi, per\u00f2, per aprendre a administrar els nostres diners<\/p>\n            <\/div>\n          <\/div>\n\n\n          <div class=\"card\">\n            <a href=\"https:\/\/www.11onze.cat\/magazine\/gestio-emocional-temps-crisi-economica\/\" class=\"card-link\" target=\"_self\"><\/a>\n            <div class=\"card-img\">\n              <img decoding=\"async\" src=\"https:\/\/www.11onze.cat\/wp-content\/uploads\/2022\/08\/THUMBNAIL_GESTIO_EMOCIONAL_CRISIS-800x533.jpg\" class=\"card-img-top\" alt=\"\">\n                <span class=\"card-category\">Management<\/span>\n            <\/div>\n            <div class=\"card-body\">\n              <p class=\"card-title p2\"><strong>Gesti\u00f3 emocional en temps de crisi econ\u00f2mica<\/strong><\/p>\n              <span class=\"card-time\">2min lectura<\/span>\n              <p class=\"card-text small\">La incertesa que acompanya les crisis econ\u00f2miques pot tenir<\/p>\n            <\/div>\n          <\/div>\n\n\n          <div class=\"card\">\n            <a href=\"https:\/\/www.11onze.cat\/magazine\/huraca-calamitats\/\" class=\"card-link\" target=\"_self\"><\/a>\n            <div class=\"card-img\">\n              <img decoding=\"async\" src=\"https:\/\/www.11onze.cat\/wp-content\/uploads\/2022\/08\/THUMBNAIL_HURACA_CALAMITATS.jpg\" class=\"card-img-top\" alt=\"\">\n                <span class=\"card-category\">Economia<\/span>\n            <\/div>\n            <div class=\"card-body\">\n              <p class=\"card-title p2\"><strong>L\u2019hurac\u00e0 de les calamitats<\/strong><\/p>\n              <span class=\"card-time\">3min lectura<\/span>\n              <p class=\"card-text small\">La crisi energ\u00e8tica, una inflaci\u00f3 desbocada, un deute p\u00fablic de<\/p>\n            <\/div>\n          <\/div>\n\n              <\/div>\n              <br>\n              <br>\n              <div class=\"cards__wrapper\">\n\n        <\/div>\n      <\/div>\n    <\/div>\n  <\/div>\n<\/div>","protected":false},"excerpt":{"rendered":"","protected":false},"author":71,"featured_media":36609,"comment_status":"open","ping_status":"closed","sticky":false,"template":"","format":"standard","meta":{"_acf_changed":false,"content-type":"","footnotes":""},"categories":[28],"tags":[166],"class_list":["post-36666","post","type-post","status-publish","format-standard","has-post-thumbnail","hentry","category-sin-categorizar","tag-comunidad"],"acf":[],"yoast_head":"<!-- This site is optimized with the Yoast SEO plugin v27.5 - https:\/\/yoast.com\/product\/yoast-seo-wordpress\/ -->\n<title>Arrels Fundaci\u00f3: ayudar, sensibilizar y denuncia - 11Onze<\/title>\n<meta name=\"description\" content=\"Hasta 1.231 personas sin hogar duermen en la calle en Barcelona. Hablamos con Ferran Busquets, director de Arrels Fundaci\u00f3, para saber el impacto de la crisis econ\u00f3mica en la lucha contra el sinhogarismo.\" \/>\n<meta name=\"robots\" content=\"index, follow, max-snippet:-1, max-image-preview:large, max-video-preview:-1\" \/>\n<link rel=\"canonical\" href=\"https:\/\/www.11onze.cat\/es\/magazine\/arrels-fundacio-ayudar-sensibilizar-denunciar\/\" \/>\n<meta property=\"og:locale\" content=\"es_ES\" \/>\n<meta property=\"og:type\" content=\"article\" \/>\n<meta property=\"og:title\" content=\"Arrels Fundaci\u00f3: ayudar, sensibilizar y denuncia - 11Onze\" \/>\n<meta property=\"og:description\" content=\"Hasta 1.231 personas sin hogar duermen en la calle en Barcelona. Hablamos con Ferran Busquets, director de Arrels Fundaci\u00f3, para saber el impacto de la crisis econ\u00f3mica en la lucha contra el sinhogarismo.\" \/>\n<meta property=\"og:url\" content=\"https:\/\/www.11onze.cat\/es\/magazine\/arrels-fundacio-ayudar-sensibilizar-denunciar\/\" \/>\n<meta property=\"og:site_name\" content=\"11Onze\" \/>\n<meta property=\"article:publisher\" content=\"https:\/\/www.facebook.com\/11OnzeComunitat\" \/>\n<meta property=\"article:published_time\" content=\"2025-09-05T07:00:00+00:00\" \/>\n<meta property=\"article:modified_time\" content=\"2025-09-05T07:01:11+00:00\" \/>\n<meta property=\"og:image\" content=\"https:\/\/www.11onze.cat\/wp-content\/uploads\/2022\/08\/VISUALS_PODCAST_SHARE_IMAGE-800x450.jpg\" \/>\n<meta name=\"author\" content=\"Equip Editorial\" \/>\n<meta name=\"twitter:card\" content=\"summary_large_image\" \/>\n<meta name=\"twitter:title\" content=\"Arrels Fundaci\u00f3: ayudar, sensibilizar y denuncia - 11Onze\" \/>\n<meta name=\"twitter:description\" content=\"Hasta 1.231 personas sin hogar duermen en la calle en Barcelona. Hablamos con Ferran Busquets, director de Arrels Fundaci\u00f3, para saber el impacto de la crisis econ\u00f3mica en la lucha contra el sinhogarismo.\" \/>\n<meta name=\"twitter:image\" content=\"https:\/\/www.11onze.cat\/wp-content\/uploads\/2022\/08\/VISUALS_PODCAST_SHARE_IMAGE-800x450.jpg\" \/>\n<meta name=\"twitter:creator\" content=\"@11OnzeFintech\" \/>\n<meta name=\"twitter:site\" content=\"@11OnzeFintech\" \/>\n<meta name=\"twitter:label1\" content=\"Escrito por\" \/>\n\t<meta name=\"twitter:data1\" content=\"Equip Editorial\" \/>\n\t<meta name=\"twitter:label2\" content=\"Tiempo de lectura\" \/>\n\t<meta name=\"twitter:data2\" content=\"1 minuto\" \/>\n<script type=\"application\/ld+json\" class=\"yoast-schema-graph\">{\"@context\":\"https:\\\/\\\/schema.org\",\"@graph\":[{\"@type\":\"Article\",\"@id\":\"https:\\\/\\\/www.11onze.cat\\\/es\\\/magazine\\\/arrels-fundacio-ayudar-sensibilizar-denunciar\\\/#article\",\"isPartOf\":{\"@id\":\"https:\\\/\\\/www.11onze.cat\\\/es\\\/magazine\\\/arrels-fundacio-ayudar-sensibilizar-denunciar\\\/\"},\"author\":{\"name\":\"Equip Editorial\",\"@id\":\"https:\\\/\\\/www.11onze.cat\\\/es\\\/#\\\/schema\\\/person\\\/636d99b4c82bb7178687ecd43c3a61bd\"},\"headline\":\"Arrels Fundaci\u00f3: ayudar, sensibilizar y denuncia\",\"datePublished\":\"2025-09-05T07:00:00+00:00\",\"dateModified\":\"2025-09-05T07:01:11+00:00\",\"mainEntityOfPage\":{\"@id\":\"https:\\\/\\\/www.11onze.cat\\\/es\\\/magazine\\\/arrels-fundacio-ayudar-sensibilizar-denunciar\\\/\"},\"wordCount\":6,\"commentCount\":0,\"publisher\":{\"@id\":\"https:\\\/\\\/www.11onze.cat\\\/es\\\/#organization\"},\"image\":{\"@id\":\"https:\\\/\\\/www.11onze.cat\\\/es\\\/magazine\\\/arrels-fundacio-ayudar-sensibilizar-denunciar\\\/#primaryimage\"},\"thumbnailUrl\":\"https:\\\/\\\/www.11onze.cat\\\/wp-content\\\/uploads\\\/2022\\\/08\\\/VISUALS_PODCAST_THUMBNAIL_PSN.jpg\",\"keywords\":[\"Comunidad\"],\"articleSection\":[\"Sin categorizar\"],\"inLanguage\":\"es\",\"potentialAction\":[{\"@type\":\"CommentAction\",\"name\":\"Comment\",\"target\":[\"https:\\\/\\\/www.11onze.cat\\\/es\\\/magazine\\\/arrels-fundacio-ayudar-sensibilizar-denunciar\\\/#respond\"]}]},{\"@type\":\"WebPage\",\"@id\":\"https:\\\/\\\/www.11onze.cat\\\/es\\\/magazine\\\/arrels-fundacio-ayudar-sensibilizar-denunciar\\\/\",\"url\":\"https:\\\/\\\/www.11onze.cat\\\/es\\\/magazine\\\/arrels-fundacio-ayudar-sensibilizar-denunciar\\\/\",\"name\":\"Arrels Fundaci\u00f3: ayudar, sensibilizar y denuncia - 11Onze\",\"isPartOf\":{\"@id\":\"https:\\\/\\\/www.11onze.cat\\\/es\\\/#website\"},\"primaryImageOfPage\":{\"@id\":\"https:\\\/\\\/www.11onze.cat\\\/es\\\/magazine\\\/arrels-fundacio-ayudar-sensibilizar-denunciar\\\/#primaryimage\"},\"image\":{\"@id\":\"https:\\\/\\\/www.11onze.cat\\\/es\\\/magazine\\\/arrels-fundacio-ayudar-sensibilizar-denunciar\\\/#primaryimage\"},\"thumbnailUrl\":\"https:\\\/\\\/www.11onze.cat\\\/wp-content\\\/uploads\\\/2022\\\/08\\\/VISUALS_PODCAST_THUMBNAIL_PSN.jpg\",\"datePublished\":\"2025-09-05T07:00:00+00:00\",\"dateModified\":\"2025-09-05T07:01:11+00:00\",\"description\":\"Hasta 1.231 personas sin hogar duermen en la calle en Barcelona. Hablamos con Ferran Busquets, director de Arrels Fundaci\u00f3, para saber el impacto de la crisis econ\u00f3mica en la lucha contra el sinhogarismo.\",\"breadcrumb\":{\"@id\":\"https:\\\/\\\/www.11onze.cat\\\/es\\\/magazine\\\/arrels-fundacio-ayudar-sensibilizar-denunciar\\\/#breadcrumb\"},\"inLanguage\":\"es\",\"potentialAction\":[{\"@type\":\"ReadAction\",\"target\":[\"https:\\\/\\\/www.11onze.cat\\\/es\\\/magazine\\\/arrels-fundacio-ayudar-sensibilizar-denunciar\\\/\"]}]},{\"@type\":\"ImageObject\",\"inLanguage\":\"es\",\"@id\":\"https:\\\/\\\/www.11onze.cat\\\/es\\\/magazine\\\/arrels-fundacio-ayudar-sensibilizar-denunciar\\\/#primaryimage\",\"url\":\"https:\\\/\\\/www.11onze.cat\\\/wp-content\\\/uploads\\\/2022\\\/08\\\/VISUALS_PODCAST_THUMBNAIL_PSN.jpg\",\"contentUrl\":\"https:\\\/\\\/www.11onze.cat\\\/wp-content\\\/uploads\\\/2022\\\/08\\\/VISUALS_PODCAST_THUMBNAIL_PSN.jpg\",\"width\":1563,\"height\":1051},{\"@type\":\"BreadcrumbList\",\"@id\":\"https:\\\/\\\/www.11onze.cat\\\/es\\\/magazine\\\/arrels-fundacio-ayudar-sensibilizar-denunciar\\\/#breadcrumb\",\"itemListElement\":[{\"@type\":\"ListItem\",\"position\":1,\"name\":\"Home\",\"item\":\"https:\\\/\\\/www.11onze.cat\\\/es\\\/\"},{\"@type\":\"ListItem\",\"position\":2,\"name\":\"Arrels Fundaci\u00f3: ayudar, sensibilizar y denuncia\"}]},{\"@type\":\"WebSite\",\"@id\":\"https:\\\/\\\/www.11onze.cat\\\/es\\\/#website\",\"url\":\"https:\\\/\\\/www.11onze.cat\\\/es\\\/\",\"name\":\"11Onze\",\"description\":\"Primera comunidad fintech digital en Catalu\u00f1a\",\"publisher\":{\"@id\":\"https:\\\/\\\/www.11onze.cat\\\/es\\\/#organization\"},\"potentialAction\":[{\"@type\":\"SearchAction\",\"target\":{\"@type\":\"EntryPoint\",\"urlTemplate\":\"https:\\\/\\\/www.11onze.cat\\\/es\\\/?s={search_term_string}\"},\"query-input\":{\"@type\":\"PropertyValueSpecification\",\"valueRequired\":true,\"valueName\":\"search_term_string\"}}],\"inLanguage\":\"es\"},{\"@type\":\"Organization\",\"@id\":\"https:\\\/\\\/www.11onze.cat\\\/es\\\/#organization\",\"name\":\"11Onze\",\"url\":\"https:\\\/\\\/www.11onze.cat\\\/es\\\/\",\"logo\":{\"@type\":\"ImageObject\",\"inLanguage\":\"es\",\"@id\":\"https:\\\/\\\/www.11onze.cat\\\/es\\\/#\\\/schema\\\/logo\\\/image\\\/\",\"url\":\"https:\\\/\\\/www.11onze.cat\\\/wp-content\\\/uploads\\\/2021\\\/04\\\/512x512-11Onze.jpg\",\"contentUrl\":\"https:\\\/\\\/www.11onze.cat\\\/wp-content\\\/uploads\\\/2021\\\/04\\\/512x512-11Onze.jpg\",\"width\":512,\"height\":512,\"caption\":\"11Onze\"},\"image\":{\"@id\":\"https:\\\/\\\/www.11onze.cat\\\/es\\\/#\\\/schema\\\/logo\\\/image\\\/\"},\"sameAs\":[\"https:\\\/\\\/www.facebook.com\\\/11OnzeComunitat\",\"https:\\\/\\\/x.com\\\/11OnzeFintech\",\"https:\\\/\\\/www.instagram.com\\\/11onzecat\\\/\",\"https:\\\/\\\/www.linkedin.com\\\/company\\\/11onzebanc\",\"https:\\\/\\\/www.youtube.com\\\/channel\\\/UCz63R8Byd_kBKtK2M4Qf_7w\"]},{\"@type\":\"Person\",\"@id\":\"https:\\\/\\\/www.11onze.cat\\\/es\\\/#\\\/schema\\\/person\\\/636d99b4c82bb7178687ecd43c3a61bd\",\"name\":\"Equip Editorial\",\"image\":{\"@type\":\"ImageObject\",\"inLanguage\":\"es\",\"@id\":\"https:\\\/\\\/www.11onze.cat\\\/wp-content\\\/uploads\\\/2022\\\/05\\\/HEADER_AGENTS_DECK-300x300.jpg\",\"url\":\"https:\\\/\\\/www.11onze.cat\\\/wp-content\\\/uploads\\\/2022\\\/05\\\/HEADER_AGENTS_DECK-300x300.jpg\",\"contentUrl\":\"https:\\\/\\\/www.11onze.cat\\\/wp-content\\\/uploads\\\/2022\\\/05\\\/HEADER_AGENTS_DECK-300x300.jpg\",\"caption\":\"Equip Editorial\"},\"url\":\"https:\\\/\\\/www.11onze.cat\\\/es\\\/magazine\\\/author\\\/equip-editorial-11onze\\\/\"}]}<\/script>\n<!-- \/ Yoast SEO plugin. -->","yoast_head_json":{"title":"Arrels Fundaci\u00f3: ayudar, sensibilizar y denuncia - 11Onze","description":"Hasta 1.231 personas sin hogar duermen en la calle en Barcelona. Hablamos con Ferran Busquets, director de Arrels Fundaci\u00f3, para saber el impacto de la crisis econ\u00f3mica en la lucha contra el sinhogarismo.","robots":{"index":"index","follow":"follow","max-snippet":"max-snippet:-1","max-image-preview":"max-image-preview:large","max-video-preview":"max-video-preview:-1"},"canonical":"https:\/\/www.11onze.cat\/es\/magazine\/arrels-fundacio-ayudar-sensibilizar-denunciar\/","og_locale":"es_ES","og_type":"article","og_title":"Arrels Fundaci\u00f3: ayudar, sensibilizar y denuncia - 11Onze","og_description":"Hasta 1.231 personas sin hogar duermen en la calle en Barcelona. Hablamos con Ferran Busquets, director de Arrels Fundaci\u00f3, para saber el impacto de la crisis econ\u00f3mica en la lucha contra el sinhogarismo.","og_url":"https:\/\/www.11onze.cat\/es\/magazine\/arrels-fundacio-ayudar-sensibilizar-denunciar\/","og_site_name":"11Onze","article_publisher":"https:\/\/www.facebook.com\/11OnzeComunitat","article_published_time":"2025-09-05T07:00:00+00:00","article_modified_time":"2025-09-05T07:01:11+00:00","og_image":[{"url":"https:\/\/www.11onze.cat\/wp-content\/uploads\/2022\/08\/VISUALS_PODCAST_SHARE_IMAGE-800x450.jpg","type":"","width":"","height":""}],"author":"Equip Editorial","twitter_card":"summary_large_image","twitter_title":"Arrels Fundaci\u00f3: ayudar, sensibilizar y denuncia - 11Onze","twitter_description":"Hasta 1.231 personas sin hogar duermen en la calle en Barcelona. Hablamos con Ferran Busquets, director de Arrels Fundaci\u00f3, para saber el impacto de la crisis econ\u00f3mica en la lucha contra el sinhogarismo.","twitter_image":"https:\/\/www.11onze.cat\/wp-content\/uploads\/2022\/08\/VISUALS_PODCAST_SHARE_IMAGE-800x450.jpg","twitter_creator":"@11OnzeFintech","twitter_site":"@11OnzeFintech","twitter_misc":{"Escrito por":"Equip Editorial","Tiempo de lectura":"1 minuto"},"schema":{"@context":"https:\/\/schema.org","@graph":[{"@type":"Article","@id":"https:\/\/www.11onze.cat\/es\/magazine\/arrels-fundacio-ayudar-sensibilizar-denunciar\/#article","isPartOf":{"@id":"https:\/\/www.11onze.cat\/es\/magazine\/arrels-fundacio-ayudar-sensibilizar-denunciar\/"},"author":{"name":"Equip Editorial","@id":"https:\/\/www.11onze.cat\/es\/#\/schema\/person\/636d99b4c82bb7178687ecd43c3a61bd"},"headline":"Arrels Fundaci\u00f3: ayudar, sensibilizar y denuncia","datePublished":"2025-09-05T07:00:00+00:00","dateModified":"2025-09-05T07:01:11+00:00","mainEntityOfPage":{"@id":"https:\/\/www.11onze.cat\/es\/magazine\/arrels-fundacio-ayudar-sensibilizar-denunciar\/"},"wordCount":6,"commentCount":0,"publisher":{"@id":"https:\/\/www.11onze.cat\/es\/#organization"},"image":{"@id":"https:\/\/www.11onze.cat\/es\/magazine\/arrels-fundacio-ayudar-sensibilizar-denunciar\/#primaryimage"},"thumbnailUrl":"https:\/\/www.11onze.cat\/wp-content\/uploads\/2022\/08\/VISUALS_PODCAST_THUMBNAIL_PSN.jpg","keywords":["Comunidad"],"articleSection":["Sin categorizar"],"inLanguage":"es","potentialAction":[{"@type":"CommentAction","name":"Comment","target":["https:\/\/www.11onze.cat\/es\/magazine\/arrels-fundacio-ayudar-sensibilizar-denunciar\/#respond"]}]},{"@type":"WebPage","@id":"https:\/\/www.11onze.cat\/es\/magazine\/arrels-fundacio-ayudar-sensibilizar-denunciar\/","url":"https:\/\/www.11onze.cat\/es\/magazine\/arrels-fundacio-ayudar-sensibilizar-denunciar\/","name":"Arrels Fundaci\u00f3: ayudar, sensibilizar y denuncia - 11Onze","isPartOf":{"@id":"https:\/\/www.11onze.cat\/es\/#website"},"primaryImageOfPage":{"@id":"https:\/\/www.11onze.cat\/es\/magazine\/arrels-fundacio-ayudar-sensibilizar-denunciar\/#primaryimage"},"image":{"@id":"https:\/\/www.11onze.cat\/es\/magazine\/arrels-fundacio-ayudar-sensibilizar-denunciar\/#primaryimage"},"thumbnailUrl":"https:\/\/www.11onze.cat\/wp-content\/uploads\/2022\/08\/VISUALS_PODCAST_THUMBNAIL_PSN.jpg","datePublished":"2025-09-05T07:00:00+00:00","dateModified":"2025-09-05T07:01:11+00:00","description":"Hasta 1.231 personas sin hogar duermen en la calle en Barcelona. Hablamos con Ferran Busquets, director de Arrels Fundaci\u00f3, para saber el impacto de la crisis econ\u00f3mica en la lucha contra el sinhogarismo.","breadcrumb":{"@id":"https:\/\/www.11onze.cat\/es\/magazine\/arrels-fundacio-ayudar-sensibilizar-denunciar\/#breadcrumb"},"inLanguage":"es","potentialAction":[{"@type":"ReadAction","target":["https:\/\/www.11onze.cat\/es\/magazine\/arrels-fundacio-ayudar-sensibilizar-denunciar\/"]}]},{"@type":"ImageObject","inLanguage":"es","@id":"https:\/\/www.11onze.cat\/es\/magazine\/arrels-fundacio-ayudar-sensibilizar-denunciar\/#primaryimage","url":"https:\/\/www.11onze.cat\/wp-content\/uploads\/2022\/08\/VISUALS_PODCAST_THUMBNAIL_PSN.jpg","contentUrl":"https:\/\/www.11onze.cat\/wp-content\/uploads\/2022\/08\/VISUALS_PODCAST_THUMBNAIL_PSN.jpg","width":1563,"height":1051},{"@type":"BreadcrumbList","@id":"https:\/\/www.11onze.cat\/es\/magazine\/arrels-fundacio-ayudar-sensibilizar-denunciar\/#breadcrumb","itemListElement":[{"@type":"ListItem","position":1,"name":"Home","item":"https:\/\/www.11onze.cat\/es\/"},{"@type":"ListItem","position":2,"name":"Arrels Fundaci\u00f3: ayudar, sensibilizar y denuncia"}]},{"@type":"WebSite","@id":"https:\/\/www.11onze.cat\/es\/#website","url":"https:\/\/www.11onze.cat\/es\/","name":"11Onze","description":"Primera comunidad fintech digital en Catalu\u00f1a","publisher":{"@id":"https:\/\/www.11onze.cat\/es\/#organization"},"potentialAction":[{"@type":"SearchAction","target":{"@type":"EntryPoint","urlTemplate":"https:\/\/www.11onze.cat\/es\/?s={search_term_string}"},"query-input":{"@type":"PropertyValueSpecification","valueRequired":true,"valueName":"search_term_string"}}],"inLanguage":"es"},{"@type":"Organization","@id":"https:\/\/www.11onze.cat\/es\/#organization","name":"11Onze","url":"https:\/\/www.11onze.cat\/es\/","logo":{"@type":"ImageObject","inLanguage":"es","@id":"https:\/\/www.11onze.cat\/es\/#\/schema\/logo\/image\/","url":"https:\/\/www.11onze.cat\/wp-content\/uploads\/2021\/04\/512x512-11Onze.jpg","contentUrl":"https:\/\/www.11onze.cat\/wp-content\/uploads\/2021\/04\/512x512-11Onze.jpg","width":512,"height":512,"caption":"11Onze"},"image":{"@id":"https:\/\/www.11onze.cat\/es\/#\/schema\/logo\/image\/"},"sameAs":["https:\/\/www.facebook.com\/11OnzeComunitat","https:\/\/x.com\/11OnzeFintech","https:\/\/www.instagram.com\/11onzecat\/","https:\/\/www.linkedin.com\/company\/11onzebanc","https:\/\/www.youtube.com\/channel\/UCz63R8Byd_kBKtK2M4Qf_7w"]},{"@type":"Person","@id":"https:\/\/www.11onze.cat\/es\/#\/schema\/person\/636d99b4c82bb7178687ecd43c3a61bd","name":"Equip Editorial","image":{"@type":"ImageObject","inLanguage":"es","@id":"https:\/\/www.11onze.cat\/wp-content\/uploads\/2022\/05\/HEADER_AGENTS_DECK-300x300.jpg","url":"https:\/\/www.11onze.cat\/wp-content\/uploads\/2022\/05\/HEADER_AGENTS_DECK-300x300.jpg","contentUrl":"https:\/\/www.11onze.cat\/wp-content\/uploads\/2022\/05\/HEADER_AGENTS_DECK-300x300.jpg","caption":"Equip Editorial"},"url":"https:\/\/www.11onze.cat\/es\/magazine\/author\/equip-editorial-11onze\/"}]}},"_links":{"self":[{"href":"https:\/\/www.11onze.cat\/es\/wp-json\/wp\/v2\/posts\/36666","targetHints":{"allow":["GET"]}}],"collection":[{"href":"https:\/\/www.11onze.cat\/es\/wp-json\/wp\/v2\/posts"}],"about":[{"href":"https:\/\/www.11onze.cat\/es\/wp-json\/wp\/v2\/types\/post"}],"author":[{"embeddable":true,"href":"https:\/\/www.11onze.cat\/es\/wp-json\/wp\/v2\/users\/71"}],"replies":[{"embeddable":true,"href":"https:\/\/www.11onze.cat\/es\/wp-json\/wp\/v2\/comments?post=36666"}],"version-history":[{"count":0,"href":"https:\/\/www.11onze.cat\/es\/wp-json\/wp\/v2\/posts\/36666\/revisions"}],"wp:featuredmedia":[{"embeddable":true,"href":"https:\/\/www.11onze.cat\/es\/wp-json\/wp\/v2\/media\/36609"}],"wp:attachment":[{"href":"https:\/\/www.11onze.cat\/es\/wp-json\/wp\/v2\/media?parent=36666"}],"wp:term":[{"taxonomy":"category","embeddable":true,"href":"https:\/\/www.11onze.cat\/es\/wp-json\/wp\/v2\/categories?post=36666"},{"taxonomy":"post_tag","embeddable":true,"href":"https:\/\/www.11onze.cat\/es\/wp-json\/wp\/v2\/tags?post=36666"}],"curies":[{"name":"wp","href":"https:\/\/api.w.org\/{rel}","templated":true}]}}