{"id":36596,"date":"2022-08-29T21:00:00","date_gmt":"2022-08-29T19:00:00","guid":{"rendered":"https:\/\/www.11onze.cat\/?p=36596"},"modified":"2022-09-13T12:07:51","modified_gmt":"2022-09-13T10:07:51","slug":"inflacion-dispara-coste-nuevo-curso-escolar","status":"publish","type":"post","link":"https:\/\/www.11onze.cat\/es\/magazine\/inflacion-dispara-coste-nuevo-curso-escolar\/","title":{"rendered":"La inflaci\u00f3n dispara el coste de la vuelta al cole"},"content":{"rendered":"<div class=\"component text\">\n  <div class=\"container\">\n\n\n    <div class=\"row\">\n      <div class=\"col  col-lg-8  offset-lg-2\">\n        <h3><b>El inicio del curso escolar el 5 de septiembre viene acompa\u00f1ado de un incremento de hasta el 23% en el precio de los art\u00edculos b\u00e1sicos y material escolar respecto al \u00faltimo a\u00f1o. El abaratamiento del transporte p\u00fablico siendo el \u00fanico factor que puede compensar la espiral inflacionaria.<\/b><\/h3>\n<p>&nbsp;<\/p>\n<p><span style=\"font-weight: 400;\">La subida de precios que notar\u00e1n las familias se suma al estr\u00e9s financiero habitual de la vuelta al cole durante periodo entre agosto y septiembre, que concentra <\/span><b>el 60% del gasto total de un alumno a lo largo del curso escolar<\/b><span style=\"font-weight: 400;\">. Una vuelta a la rutina marcada por una inflaci\u00f3n desbocada que implica un gasto extraordinario para muchas familias que poco se pueden permitir.<\/span><\/p>\n<p><span style=\"font-weight: 400;\">La pandemia y los problemas de log\u00edstica han hecho aumentar hasta en un 45% el precio del papel, que, aun as\u00ed, seg\u00fan datos del Instituto Nacional de Estad\u00edstica (<\/span><a href=\"https:\/\/www.ine.es\/dyngs\/INEbase\/listaoperaciones.htm\" target=\"_blank\" rel=\"noopener\"><span style=\"font-weight: 400;\">INE<\/span><\/a><span style=\"font-weight: 400;\">), solo se ha traducido en <\/span><b>un incremento relativo del\u00a0 23% en los precios de art\u00edculos de papeler\u00eda<\/b><span style=\"font-weight: 400;\">, como cuadernos y folios, en buena parte gracias al hecho que la mayor\u00eda de los pedidos ya hace meses que estaban cerradas. Aun as\u00ed, los libros de texto est\u00e1n entre el material escolar que m\u00e1s ha subido (entre un 5% y un 20%) en comparaci\u00f3n con el curso pasado.<\/span><\/p>\n<p><span style=\"font-weight: 400;\">El gasto en libros y otros art\u00edculos de papeler\u00eda no es lo \u00fanico que quita el sue\u00f1o a los padres, los ni\u00f1os crecen y tienen que cambiar de vestuario a menudo. Un gasto especialmente significativo para los padres que llevan los ni\u00f1os en un centro que requiere uniforme. <\/span><b>El precio de la ropa y el calzado ha aumentado de manera considerable<\/b><span style=\"font-weight: 400;\"> y sigue la tendencia marcada por la inflaci\u00f3n generalizada, a pesar de que se mantiene por debajo del 10%.<\/span><\/p>\n<p>&nbsp;<\/p>\n<h3><b>Comedores escolares y escuelas concertadas<\/b><\/h3>\n<p><span style=\"font-weight: 400;\">El mes de mayo pasado, el Gobierno confirm\u00f3 que establec\u00eda<\/span><b> un tope m\u00e1ximo de 6,54 euros diarios, 21 c\u00e9ntimos m\u00e1s que hasta ahora<\/b><span style=\"font-weight: 400;\">, por el servicio de comedor en aquellos centros p\u00fablicos en que el espacio del mediod\u00eda dura dos horas y media, o hasta 7,19 euros si los alumnos son comensales espor\u00e1dicos.<\/span><\/p>\n<p><span style=\"font-weight: 400;\">El Ministerio de Educaci\u00f3n justificaba la subida de precios con la inflaci\u00f3n y las revisiones de los convenios colectivos que hac\u00edan crecer los costes de personal. Un argumento que tambi\u00e9n usan las escuelas concertadas, donde se calcula que se aplicar\u00e1 <\/span><b>un incremento general de hasta un 3% en las cuotas que cobran estas escuelas<\/b><span style=\"font-weight: 400;\">. Especialmente significativo en Catalu\u00f1a, que junto con Madrid, es la comunidad aut\u00f3noma que cuenta con la red m\u00e1s amplia, y proporcionalmente m\u00e1s grande, de escuelas concertadas.<\/span><\/p>\n<p><span style=\"font-weight: 400;\">La <\/span><a href=\"https:\/\/web.gencat.cat\/ca\/actualitat\/detall\/Reduccio-de-tarifes-del-transport-public\" target=\"_blank\" rel=\"noopener\"><span style=\"font-weight: 400;\">reducci\u00f3n<\/span><\/a><span style=\"font-weight: 400;\"> de las tarifas del transporte p\u00fablico, <\/span><b>la econom\u00eda circular de los bancos de libros<\/b><span style=\"font-weight: 400;\"> que tienen algunos centros escolares para contribuir a la reducci\u00f3n de gastos, y las ayudas que se pueden solicitar en los mismos centros educativos, en los ayuntamientos y consejos comarcales, son opciones a tener en cuenta por las familias que no puedan asumir esta situaci\u00f3n in\u00e9dita de inicio del curso escolar.<\/span><\/p>\n<p>&nbsp;<\/p>\n<p><b>11Onze es la fintech comunitaria de Catalu\u00f1a. Abre una cuenta descargando la super app El Canut para <\/b><a href=\"https:\/\/play.google.com\/store\/apps\/details?id=com.e11onze.app&amp;utm_source=emailing&amp;utm_campaign=CANUT+launch\" target=\"_blank\" rel=\"noopener\"><b>Android<\/b><\/a><b> o <\/b><a href=\"https:\/\/apps.apple.com\/us\/app\/11onze\/id1566129237?utm_campaign=El+Canut\" target=\"_blank\" rel=\"noopener\"><b>iOS<\/b><\/a><b>. \u00a1\u00danete a la revoluci\u00f3n!<\/b><\/p>\n\n      <\/div>\n    <\/div>\n  <\/div>\n<\/div>\n\n\n<div class=\"component cards\">\n  <div class=\"container\">\n    <div class=\"row\">\n      <div class=\"col col-xl-8 offset-xl-2\">\n        <h1>Si te ha gustado este art\u00edculo, te recomendamos:<\/h1>\n        <div class=\"cards__wrapper\">\n          <div class=\"card\">\n            <a href=\"https:\/\/www.11onze.cat\/es\/magazine\/valor-dinero-hijos\/\" class=\"card-link\" target=\"_self\"><\/a>\n            <div class=\"card-img\">\n              <img decoding=\"async\" src=\"https:\/\/www.11onze.cat\/wp-content\/uploads\/2021\/04\/THUMBNAIL_POST_18.jpg\" class=\"card-img-top\" alt=\"\">\n                <span class=\"card-category\">Comunidad<\/span>\n            <\/div>\n            <div class=\"card-body\">\n              <p class=\"card-title p2\"><strong>C\u00f3mo ense\u00f1ar el valor del dinero a tus hijos<\/strong><\/p>\n              <span class=\"card-time\">8min lectura<\/span>\n              <p class=\"card-text small\">Aprender el valor del dinero puede ser mucho m\u00e1s que un<\/p>\n            <\/div>\n          <\/div>\n\n\n          <div class=\"card\">\n            <a href=\"https:\/\/www.11onze.cat\/es\/magazine\/educacion-financiera-lanzamos-11onze-escuela\/\" class=\"card-link\" target=\"_self\"><\/a>\n            <div class=\"card-img\">\n              <img decoding=\"async\" src=\"https:\/\/www.11onze.cat\/wp-content\/uploads\/2022\/01\/THUMBNAIL_11ONZE_ESCOLA-1-800x600.jpg\" class=\"card-img-top\" alt=\"\">\n                <span class=\"card-category\">11Onze<\/span>\n            <\/div>\n            <div class=\"card-body\">\n              <p class=\"card-title p2\"><strong>\u201811Onze Escuela\u2019<\/strong><\/p>\n              <span class=\"card-time\">3min lectura<\/span>\n              <p class=\"card-text small\">En 11Onze nos hemos marcado como objetivo ense\u00f1ar c\u00f3mo funcionan las finanzas.<\/p>\n            <\/div>\n          <\/div>\n\n\n          <div class=\"card\">\n            <a href=\"https:\/\/www.11onze.cat\/es\/magazine\/economia-estudiantes-como-gestionar-dinero\/\" class=\"card-link\" target=\"_self\"><\/a>\n            <div class=\"card-img\">\n              <img decoding=\"async\" src=\"https:\/\/www.11onze.cat\/wp-content\/uploads\/2021\/04\/THUMBNAIL_POST_16-1.jpg\" class=\"card-img-top\" alt=\"\">\n                <span class=\"card-category\">Finanzas<\/span>\n            <\/div>\n            <div class=\"card-body\">\n              <p class=\"card-title p2\"><strong>Econom\u00eda de estudiantes<\/strong><\/p>\n              <span class=\"card-time\">7min lectura<\/span>\n              <p class=\"card-text small\">El dinero forma parte de nuestra vida desde peque\u00f1os.<\/p>\n            <\/div>\n          <\/div>\n\n              <\/div>\n              <br>\n              <br>\n              <div class=\"cards__wrapper\">\n\n        <\/div>\n      <\/div>\n    <\/div>\n  <\/div>\n<\/div>","protected":false},"excerpt":{"rendered":"","protected":false},"author":71,"featured_media":36591,"comment_status":"open","ping_status":"closed","sticky":false,"template":"","format":"standard","meta":{"_acf_changed":false,"content-type":"","footnotes":""},"categories":[28],"tags":[174],"class_list":["post-36596","post","type-post","status-publish","format-standard","has-post-thumbnail","hentry","category-sin-categorizar","tag-economia-es"],"acf":[],"yoast_head":"<!-- This site is optimized with the Yoast SEO plugin v27.4 - https:\/\/yoast.com\/product\/yoast-seo-wordpress\/ -->\n<title>La inflaci\u00f3n dispara el coste de la vuelta al cole - 11Onze<\/title>\n<meta name=\"description\" content=\"La espiral inflacionaria que estamos viviendo tambi\u00e9n encarece la vuelta en la escuela con un incremento de hasta el 23% del precio de los art\u00edculos b\u00e1sicos y material escolar respecto al \u00faltimo a\u00f1o.\" \/>\n<meta name=\"robots\" content=\"index, follow, max-snippet:-1, max-image-preview:large, max-video-preview:-1\" \/>\n<link rel=\"canonical\" href=\"https:\/\/www.11onze.cat\/es\/magazine\/inflacion-dispara-coste-nuevo-curso-escolar\/\" \/>\n<meta property=\"og:locale\" content=\"es_ES\" \/>\n<meta property=\"og:type\" content=\"article\" \/>\n<meta property=\"og:title\" content=\"La inflaci\u00f3n dispara el coste de la vuelta al cole - 11Onze\" \/>\n<meta property=\"og:description\" content=\"La espiral inflacionaria que estamos viviendo tambi\u00e9n encarece la vuelta en la escuela con un incremento de hasta el 23% del precio de los art\u00edculos b\u00e1sicos y material escolar respecto al \u00faltimo a\u00f1o.\" \/>\n<meta property=\"og:url\" content=\"https:\/\/www.11onze.cat\/es\/magazine\/inflacion-dispara-coste-nuevo-curso-escolar\/\" \/>\n<meta property=\"og:site_name\" content=\"11Onze\" \/>\n<meta property=\"article:publisher\" content=\"https:\/\/www.facebook.com\/11OnzeComunitat\" \/>\n<meta property=\"article:published_time\" content=\"2022-08-29T19:00:00+00:00\" \/>\n<meta property=\"article:modified_time\" content=\"2022-09-13T10:07:51+00:00\" \/>\n<meta property=\"og:image\" content=\"https:\/\/www.11onze.cat\/wp-content\/uploads\/2022\/08\/11ONZE_GESTIO_EMOCIONAL_CRISIS-1-800x450.jpg\" \/>\n<meta name=\"author\" content=\"Equip Editorial\" \/>\n<meta name=\"twitter:card\" content=\"summary_large_image\" \/>\n<meta name=\"twitter:title\" content=\"La inflaci\u00f3n dispara el coste de la vuelta al cole - 11Onze\" \/>\n<meta name=\"twitter:description\" content=\"La espiral inflacionaria que estamos viviendo tambi\u00e9n encarece la vuelta en la escuela con un incremento de hasta el 23% del precio de los art\u00edculos b\u00e1sicos y material escolar respecto al \u00faltimo a\u00f1o.\" \/>\n<meta name=\"twitter:image\" content=\"https:\/\/www.11onze.cat\/wp-content\/uploads\/2022\/08\/11ONZE_GESTIO_EMOCIONAL_CRISIS-1-800x450.jpg\" \/>\n<meta name=\"twitter:creator\" content=\"@11OnzeFintech\" \/>\n<meta name=\"twitter:site\" content=\"@11OnzeFintech\" \/>\n<meta name=\"twitter:label1\" content=\"Escrito por\" \/>\n\t<meta name=\"twitter:data1\" content=\"Equip Editorial\" \/>\n<script type=\"application\/ld+json\" class=\"yoast-schema-graph\">{\"@context\":\"https:\\\/\\\/schema.org\",\"@graph\":[{\"@type\":\"Article\",\"@id\":\"https:\\\/\\\/www.11onze.cat\\\/es\\\/magazine\\\/inflacion-dispara-coste-nuevo-curso-escolar\\\/#article\",\"isPartOf\":{\"@id\":\"https:\\\/\\\/www.11onze.cat\\\/es\\\/magazine\\\/inflacion-dispara-coste-nuevo-curso-escolar\\\/\"},\"author\":{\"name\":\"Equip Editorial\",\"@id\":\"https:\\\/\\\/www.11onze.cat\\\/es\\\/#\\\/schema\\\/person\\\/636d99b4c82bb7178687ecd43c3a61bd\"},\"headline\":\"La inflaci\u00f3n dispara el coste de la vuelta al cole\",\"datePublished\":\"2022-08-29T19:00:00+00:00\",\"dateModified\":\"2022-09-13T10:07:51+00:00\",\"mainEntityOfPage\":{\"@id\":\"https:\\\/\\\/www.11onze.cat\\\/es\\\/magazine\\\/inflacion-dispara-coste-nuevo-curso-escolar\\\/\"},\"wordCount\":11,\"commentCount\":0,\"publisher\":{\"@id\":\"https:\\\/\\\/www.11onze.cat\\\/es\\\/#organization\"},\"image\":{\"@id\":\"https:\\\/\\\/www.11onze.cat\\\/es\\\/magazine\\\/inflacion-dispara-coste-nuevo-curso-escolar\\\/#primaryimage\"},\"thumbnailUrl\":\"https:\\\/\\\/www.11onze.cat\\\/wp-content\\\/uploads\\\/2022\\\/08\\\/THUMBNAIL_BACK_TO_SCHOOL.jpg\",\"keywords\":[\"Econom\u00eda\"],\"articleSection\":[\"Sin categorizar\"],\"inLanguage\":\"es\",\"potentialAction\":[{\"@type\":\"CommentAction\",\"name\":\"Comment\",\"target\":[\"https:\\\/\\\/www.11onze.cat\\\/es\\\/magazine\\\/inflacion-dispara-coste-nuevo-curso-escolar\\\/#respond\"]}]},{\"@type\":\"WebPage\",\"@id\":\"https:\\\/\\\/www.11onze.cat\\\/es\\\/magazine\\\/inflacion-dispara-coste-nuevo-curso-escolar\\\/\",\"url\":\"https:\\\/\\\/www.11onze.cat\\\/es\\\/magazine\\\/inflacion-dispara-coste-nuevo-curso-escolar\\\/\",\"name\":\"La inflaci\u00f3n dispara el coste de la vuelta al cole - 11Onze\",\"isPartOf\":{\"@id\":\"https:\\\/\\\/www.11onze.cat\\\/es\\\/#website\"},\"primaryImageOfPage\":{\"@id\":\"https:\\\/\\\/www.11onze.cat\\\/es\\\/magazine\\\/inflacion-dispara-coste-nuevo-curso-escolar\\\/#primaryimage\"},\"image\":{\"@id\":\"https:\\\/\\\/www.11onze.cat\\\/es\\\/magazine\\\/inflacion-dispara-coste-nuevo-curso-escolar\\\/#primaryimage\"},\"thumbnailUrl\":\"https:\\\/\\\/www.11onze.cat\\\/wp-content\\\/uploads\\\/2022\\\/08\\\/THUMBNAIL_BACK_TO_SCHOOL.jpg\",\"datePublished\":\"2022-08-29T19:00:00+00:00\",\"dateModified\":\"2022-09-13T10:07:51+00:00\",\"description\":\"La espiral inflacionaria que estamos viviendo tambi\u00e9n encarece la vuelta en la escuela con un incremento de hasta el 23% del precio de los art\u00edculos b\u00e1sicos y material escolar respecto al \u00faltimo a\u00f1o.\",\"breadcrumb\":{\"@id\":\"https:\\\/\\\/www.11onze.cat\\\/es\\\/magazine\\\/inflacion-dispara-coste-nuevo-curso-escolar\\\/#breadcrumb\"},\"inLanguage\":\"es\",\"potentialAction\":[{\"@type\":\"ReadAction\",\"target\":[\"https:\\\/\\\/www.11onze.cat\\\/es\\\/magazine\\\/inflacion-dispara-coste-nuevo-curso-escolar\\\/\"]}]},{\"@type\":\"ImageObject\",\"inLanguage\":\"es\",\"@id\":\"https:\\\/\\\/www.11onze.cat\\\/es\\\/magazine\\\/inflacion-dispara-coste-nuevo-curso-escolar\\\/#primaryimage\",\"url\":\"https:\\\/\\\/www.11onze.cat\\\/wp-content\\\/uploads\\\/2022\\\/08\\\/THUMBNAIL_BACK_TO_SCHOOL.jpg\",\"contentUrl\":\"https:\\\/\\\/www.11onze.cat\\\/wp-content\\\/uploads\\\/2022\\\/08\\\/THUMBNAIL_BACK_TO_SCHOOL.jpg\",\"width\":1500,\"height\":1599},{\"@type\":\"BreadcrumbList\",\"@id\":\"https:\\\/\\\/www.11onze.cat\\\/es\\\/magazine\\\/inflacion-dispara-coste-nuevo-curso-escolar\\\/#breadcrumb\",\"itemListElement\":[{\"@type\":\"ListItem\",\"position\":1,\"name\":\"Home\",\"item\":\"https:\\\/\\\/www.11onze.cat\\\/es\\\/\"},{\"@type\":\"ListItem\",\"position\":2,\"name\":\"La inflaci\u00f3n dispara el coste de la vuelta al cole\"}]},{\"@type\":\"WebSite\",\"@id\":\"https:\\\/\\\/www.11onze.cat\\\/es\\\/#website\",\"url\":\"https:\\\/\\\/www.11onze.cat\\\/es\\\/\",\"name\":\"11Onze\",\"description\":\"Primera comunidad fintech digital en Catalu\u00f1a\",\"publisher\":{\"@id\":\"https:\\\/\\\/www.11onze.cat\\\/es\\\/#organization\"},\"potentialAction\":[{\"@type\":\"SearchAction\",\"target\":{\"@type\":\"EntryPoint\",\"urlTemplate\":\"https:\\\/\\\/www.11onze.cat\\\/es\\\/?s={search_term_string}\"},\"query-input\":{\"@type\":\"PropertyValueSpecification\",\"valueRequired\":true,\"valueName\":\"search_term_string\"}}],\"inLanguage\":\"es\"},{\"@type\":\"Organization\",\"@id\":\"https:\\\/\\\/www.11onze.cat\\\/es\\\/#organization\",\"name\":\"11Onze\",\"url\":\"https:\\\/\\\/www.11onze.cat\\\/es\\\/\",\"logo\":{\"@type\":\"ImageObject\",\"inLanguage\":\"es\",\"@id\":\"https:\\\/\\\/www.11onze.cat\\\/es\\\/#\\\/schema\\\/logo\\\/image\\\/\",\"url\":\"https:\\\/\\\/www.11onze.cat\\\/wp-content\\\/uploads\\\/2021\\\/04\\\/512x512-11Onze.jpg\",\"contentUrl\":\"https:\\\/\\\/www.11onze.cat\\\/wp-content\\\/uploads\\\/2021\\\/04\\\/512x512-11Onze.jpg\",\"width\":512,\"height\":512,\"caption\":\"11Onze\"},\"image\":{\"@id\":\"https:\\\/\\\/www.11onze.cat\\\/es\\\/#\\\/schema\\\/logo\\\/image\\\/\"},\"sameAs\":[\"https:\\\/\\\/www.facebook.com\\\/11OnzeComunitat\",\"https:\\\/\\\/x.com\\\/11OnzeFintech\",\"https:\\\/\\\/www.instagram.com\\\/11onzecat\\\/\",\"https:\\\/\\\/www.linkedin.com\\\/company\\\/11onzebanc\",\"https:\\\/\\\/www.youtube.com\\\/channel\\\/UCz63R8Byd_kBKtK2M4Qf_7w\"]},{\"@type\":\"Person\",\"@id\":\"https:\\\/\\\/www.11onze.cat\\\/es\\\/#\\\/schema\\\/person\\\/636d99b4c82bb7178687ecd43c3a61bd\",\"name\":\"Equip Editorial\",\"image\":{\"@type\":\"ImageObject\",\"inLanguage\":\"es\",\"@id\":\"https:\\\/\\\/www.11onze.cat\\\/wp-content\\\/uploads\\\/2022\\\/05\\\/HEADER_AGENTS_DECK-300x300.jpg\",\"url\":\"https:\\\/\\\/www.11onze.cat\\\/wp-content\\\/uploads\\\/2022\\\/05\\\/HEADER_AGENTS_DECK-300x300.jpg\",\"contentUrl\":\"https:\\\/\\\/www.11onze.cat\\\/wp-content\\\/uploads\\\/2022\\\/05\\\/HEADER_AGENTS_DECK-300x300.jpg\",\"caption\":\"Equip Editorial\"},\"url\":\"https:\\\/\\\/www.11onze.cat\\\/es\\\/magazine\\\/author\\\/equip-editorial-11onze\\\/\"}]}<\/script>\n<!-- \/ Yoast SEO plugin. -->","yoast_head_json":{"title":"La inflaci\u00f3n dispara el coste de la vuelta al cole - 11Onze","description":"La espiral inflacionaria que estamos viviendo tambi\u00e9n encarece la vuelta en la escuela con un incremento de hasta el 23% del precio de los art\u00edculos b\u00e1sicos y material escolar respecto al \u00faltimo a\u00f1o.","robots":{"index":"index","follow":"follow","max-snippet":"max-snippet:-1","max-image-preview":"max-image-preview:large","max-video-preview":"max-video-preview:-1"},"canonical":"https:\/\/www.11onze.cat\/es\/magazine\/inflacion-dispara-coste-nuevo-curso-escolar\/","og_locale":"es_ES","og_type":"article","og_title":"La inflaci\u00f3n dispara el coste de la vuelta al cole - 11Onze","og_description":"La espiral inflacionaria que estamos viviendo tambi\u00e9n encarece la vuelta en la escuela con un incremento de hasta el 23% del precio de los art\u00edculos b\u00e1sicos y material escolar respecto al \u00faltimo a\u00f1o.","og_url":"https:\/\/www.11onze.cat\/es\/magazine\/inflacion-dispara-coste-nuevo-curso-escolar\/","og_site_name":"11Onze","article_publisher":"https:\/\/www.facebook.com\/11OnzeComunitat","article_published_time":"2022-08-29T19:00:00+00:00","article_modified_time":"2022-09-13T10:07:51+00:00","og_image":[{"url":"https:\/\/www.11onze.cat\/wp-content\/uploads\/2022\/08\/11ONZE_GESTIO_EMOCIONAL_CRISIS-1-800x450.jpg","type":"","width":"","height":""}],"author":"Equip Editorial","twitter_card":"summary_large_image","twitter_title":"La inflaci\u00f3n dispara el coste de la vuelta al cole - 11Onze","twitter_description":"La espiral inflacionaria que estamos viviendo tambi\u00e9n encarece la vuelta en la escuela con un incremento de hasta el 23% del precio de los art\u00edculos b\u00e1sicos y material escolar respecto al \u00faltimo a\u00f1o.","twitter_image":"https:\/\/www.11onze.cat\/wp-content\/uploads\/2022\/08\/11ONZE_GESTIO_EMOCIONAL_CRISIS-1-800x450.jpg","twitter_creator":"@11OnzeFintech","twitter_site":"@11OnzeFintech","twitter_misc":{"Escrito por":"Equip Editorial"},"schema":{"@context":"https:\/\/schema.org","@graph":[{"@type":"Article","@id":"https:\/\/www.11onze.cat\/es\/magazine\/inflacion-dispara-coste-nuevo-curso-escolar\/#article","isPartOf":{"@id":"https:\/\/www.11onze.cat\/es\/magazine\/inflacion-dispara-coste-nuevo-curso-escolar\/"},"author":{"name":"Equip Editorial","@id":"https:\/\/www.11onze.cat\/es\/#\/schema\/person\/636d99b4c82bb7178687ecd43c3a61bd"},"headline":"La inflaci\u00f3n dispara el coste de la vuelta al cole","datePublished":"2022-08-29T19:00:00+00:00","dateModified":"2022-09-13T10:07:51+00:00","mainEntityOfPage":{"@id":"https:\/\/www.11onze.cat\/es\/magazine\/inflacion-dispara-coste-nuevo-curso-escolar\/"},"wordCount":11,"commentCount":0,"publisher":{"@id":"https:\/\/www.11onze.cat\/es\/#organization"},"image":{"@id":"https:\/\/www.11onze.cat\/es\/magazine\/inflacion-dispara-coste-nuevo-curso-escolar\/#primaryimage"},"thumbnailUrl":"https:\/\/www.11onze.cat\/wp-content\/uploads\/2022\/08\/THUMBNAIL_BACK_TO_SCHOOL.jpg","keywords":["Econom\u00eda"],"articleSection":["Sin categorizar"],"inLanguage":"es","potentialAction":[{"@type":"CommentAction","name":"Comment","target":["https:\/\/www.11onze.cat\/es\/magazine\/inflacion-dispara-coste-nuevo-curso-escolar\/#respond"]}]},{"@type":"WebPage","@id":"https:\/\/www.11onze.cat\/es\/magazine\/inflacion-dispara-coste-nuevo-curso-escolar\/","url":"https:\/\/www.11onze.cat\/es\/magazine\/inflacion-dispara-coste-nuevo-curso-escolar\/","name":"La inflaci\u00f3n dispara el coste de la vuelta al cole - 11Onze","isPartOf":{"@id":"https:\/\/www.11onze.cat\/es\/#website"},"primaryImageOfPage":{"@id":"https:\/\/www.11onze.cat\/es\/magazine\/inflacion-dispara-coste-nuevo-curso-escolar\/#primaryimage"},"image":{"@id":"https:\/\/www.11onze.cat\/es\/magazine\/inflacion-dispara-coste-nuevo-curso-escolar\/#primaryimage"},"thumbnailUrl":"https:\/\/www.11onze.cat\/wp-content\/uploads\/2022\/08\/THUMBNAIL_BACK_TO_SCHOOL.jpg","datePublished":"2022-08-29T19:00:00+00:00","dateModified":"2022-09-13T10:07:51+00:00","description":"La espiral inflacionaria que estamos viviendo tambi\u00e9n encarece la vuelta en la escuela con un incremento de hasta el 23% del precio de los art\u00edculos b\u00e1sicos y material escolar respecto al \u00faltimo a\u00f1o.","breadcrumb":{"@id":"https:\/\/www.11onze.cat\/es\/magazine\/inflacion-dispara-coste-nuevo-curso-escolar\/#breadcrumb"},"inLanguage":"es","potentialAction":[{"@type":"ReadAction","target":["https:\/\/www.11onze.cat\/es\/magazine\/inflacion-dispara-coste-nuevo-curso-escolar\/"]}]},{"@type":"ImageObject","inLanguage":"es","@id":"https:\/\/www.11onze.cat\/es\/magazine\/inflacion-dispara-coste-nuevo-curso-escolar\/#primaryimage","url":"https:\/\/www.11onze.cat\/wp-content\/uploads\/2022\/08\/THUMBNAIL_BACK_TO_SCHOOL.jpg","contentUrl":"https:\/\/www.11onze.cat\/wp-content\/uploads\/2022\/08\/THUMBNAIL_BACK_TO_SCHOOL.jpg","width":1500,"height":1599},{"@type":"BreadcrumbList","@id":"https:\/\/www.11onze.cat\/es\/magazine\/inflacion-dispara-coste-nuevo-curso-escolar\/#breadcrumb","itemListElement":[{"@type":"ListItem","position":1,"name":"Home","item":"https:\/\/www.11onze.cat\/es\/"},{"@type":"ListItem","position":2,"name":"La inflaci\u00f3n dispara el coste de la vuelta al cole"}]},{"@type":"WebSite","@id":"https:\/\/www.11onze.cat\/es\/#website","url":"https:\/\/www.11onze.cat\/es\/","name":"11Onze","description":"Primera comunidad fintech digital en Catalu\u00f1a","publisher":{"@id":"https:\/\/www.11onze.cat\/es\/#organization"},"potentialAction":[{"@type":"SearchAction","target":{"@type":"EntryPoint","urlTemplate":"https:\/\/www.11onze.cat\/es\/?s={search_term_string}"},"query-input":{"@type":"PropertyValueSpecification","valueRequired":true,"valueName":"search_term_string"}}],"inLanguage":"es"},{"@type":"Organization","@id":"https:\/\/www.11onze.cat\/es\/#organization","name":"11Onze","url":"https:\/\/www.11onze.cat\/es\/","logo":{"@type":"ImageObject","inLanguage":"es","@id":"https:\/\/www.11onze.cat\/es\/#\/schema\/logo\/image\/","url":"https:\/\/www.11onze.cat\/wp-content\/uploads\/2021\/04\/512x512-11Onze.jpg","contentUrl":"https:\/\/www.11onze.cat\/wp-content\/uploads\/2021\/04\/512x512-11Onze.jpg","width":512,"height":512,"caption":"11Onze"},"image":{"@id":"https:\/\/www.11onze.cat\/es\/#\/schema\/logo\/image\/"},"sameAs":["https:\/\/www.facebook.com\/11OnzeComunitat","https:\/\/x.com\/11OnzeFintech","https:\/\/www.instagram.com\/11onzecat\/","https:\/\/www.linkedin.com\/company\/11onzebanc","https:\/\/www.youtube.com\/channel\/UCz63R8Byd_kBKtK2M4Qf_7w"]},{"@type":"Person","@id":"https:\/\/www.11onze.cat\/es\/#\/schema\/person\/636d99b4c82bb7178687ecd43c3a61bd","name":"Equip Editorial","image":{"@type":"ImageObject","inLanguage":"es","@id":"https:\/\/www.11onze.cat\/wp-content\/uploads\/2022\/05\/HEADER_AGENTS_DECK-300x300.jpg","url":"https:\/\/www.11onze.cat\/wp-content\/uploads\/2022\/05\/HEADER_AGENTS_DECK-300x300.jpg","contentUrl":"https:\/\/www.11onze.cat\/wp-content\/uploads\/2022\/05\/HEADER_AGENTS_DECK-300x300.jpg","caption":"Equip Editorial"},"url":"https:\/\/www.11onze.cat\/es\/magazine\/author\/equip-editorial-11onze\/"}]}},"_links":{"self":[{"href":"https:\/\/www.11onze.cat\/es\/wp-json\/wp\/v2\/posts\/36596","targetHints":{"allow":["GET"]}}],"collection":[{"href":"https:\/\/www.11onze.cat\/es\/wp-json\/wp\/v2\/posts"}],"about":[{"href":"https:\/\/www.11onze.cat\/es\/wp-json\/wp\/v2\/types\/post"}],"author":[{"embeddable":true,"href":"https:\/\/www.11onze.cat\/es\/wp-json\/wp\/v2\/users\/71"}],"replies":[{"embeddable":true,"href":"https:\/\/www.11onze.cat\/es\/wp-json\/wp\/v2\/comments?post=36596"}],"version-history":[{"count":0,"href":"https:\/\/www.11onze.cat\/es\/wp-json\/wp\/v2\/posts\/36596\/revisions"}],"wp:featuredmedia":[{"embeddable":true,"href":"https:\/\/www.11onze.cat\/es\/wp-json\/wp\/v2\/media\/36591"}],"wp:attachment":[{"href":"https:\/\/www.11onze.cat\/es\/wp-json\/wp\/v2\/media?parent=36596"}],"wp:term":[{"taxonomy":"category","embeddable":true,"href":"https:\/\/www.11onze.cat\/es\/wp-json\/wp\/v2\/categories?post=36596"},{"taxonomy":"post_tag","embeddable":true,"href":"https:\/\/www.11onze.cat\/es\/wp-json\/wp\/v2\/tags?post=36596"}],"curies":[{"name":"wp","href":"https:\/\/api.w.org\/{rel}","templated":true}]}}