{"id":36201,"date":"2025-06-14T20:00:00","date_gmt":"2025-06-14T18:00:00","guid":{"rendered":"https:\/\/www.11onze.cat\/?p=36201"},"modified":"2025-06-14T20:01:08","modified_gmt":"2025-06-14T18:01:08","slug":"preparados-cambiar-era-digital","status":"publish","type":"post","link":"https:\/\/www.11onze.cat\/es\/magazine\/preparados-cambiar-era-digital\/","title":{"rendered":"\u00bfEstamos preparados para cambiar a la era digital?"},"content":{"rendered":"<div class=\"component text\">\n  <div class=\"container\">\n\n\n    <div class=\"row\">\n      <div class=\"col  col-lg-8  offset-lg-2\">\n        <h3><b>L\u2019acceleraci\u00f3 de la digitalitzaci\u00f3, precipitada per la pand\u00e8mia, no ha fet m\u00e9s que confirmar la inevitabilitat de la transformaci\u00f3 digital de la nostra societat. Una revoluci\u00f3 tecnol\u00f2gica que ha canviat la nostra manera de treballar, comprar, estudiar i comunicar-nos, per\u00f2 que posa en q\u00fcesti\u00f3 aspectes vinculats amb les relacions personals.<\/b><\/h3>\n<p>&nbsp;<\/p>\n<p><span style=\"font-weight: 400\">En un m\u00f3n interconnectat on Internet, les xarxes socials i les eines telem\u00e0tiques han <\/span><b>canviat radicalment la manera de comunicar-nos<\/b><span style=\"font-weight: 400\">, ens hem acostumat a parlar davant d\u2019una pantalla, a resoldre els assumptes m\u00e9s trivials del nostre dia a dia asseguts al sof\u00e0, a fer les compres des del llit i a treballar en pijama.<\/span><\/p>\n<p><span style=\"font-weight: 400\">La comunicaci\u00f3 electr\u00f2nica ha augmentat la capacitat d\u2019interacci\u00f3 entre les persones, i ens permet aconseguir <\/span><b>una productivitat i efici\u00e8ncia sense precedents<\/b><span style=\"font-weight: 400\">, tant en l&#8217;\u00e0mbit corporatiu com individual. L\u2019auge del teletreball ha significat un canvi en positiu per molta gent, especialment pels que han experimentat una millora en la conciliaci\u00f3 de la vida personal i laboral. Tanmateix, pels nadius digitals que s\u2019han convertit en n\u00f2mades digitals que han fet del m\u00f3n la seva oficina.<\/span><\/p>\n<p><span style=\"font-weight: 400\">La <\/span><b>normalitzaci\u00f3 de la conviv\u00e8ncia entre persones i intel\u00b7lig\u00e8ncia artificial <\/b><span style=\"font-weight: 400\">ens ha perm\u00e8s agilitzar les interaccions amb l\u2019administraci\u00f3, establiments de comer\u00e7 digital i entitats financeres. Ja no \u00e9s necessari fer cua a una oficina f\u00edsica d\u2019un banc, d\u2019una asseguradora, o a la del SOC, podem fer pr\u00e0cticament totes les gestions des del m\u00f2bil. Aix\u00ed mateix, han sorgit moltes noves feines basades en les tecnologies digitals, impensables nom\u00e9s fa uns anys.<\/span><\/p>\n<p>&nbsp;<\/p>\n<h3><b>La import\u00e0ncia de la interacci\u00f3 f\u00edsica<\/b><\/h3>\n<p><span style=\"font-weight: 400\">Tot i l\u2019innegable progr\u00e9s que ha suposat la transformaci\u00f3 digital de la nostra societat, la realitat d\u2019aquesta revoluci\u00f3 no \u00e9s tan id\u00edl\u00b7lica com alguns volen dibuixar. <\/span><b>L\u2019abs\u00e8ncia f\u00edsica, intr\u00ednseca del m\u00f3n digital, presenta reptes <\/b><span style=\"font-weight: 400\">pel que fa a l\u2019empatia entre persones acostumades a l\u2019anonimat dels espais virtuals, les interaccions personals entre treballadors, o la bretxa digital entre la gent m\u00e9s vulnerable i la resta de la societat.<\/span><\/p>\n<p><span style=\"font-weight: 400\">La transformaci\u00f3 digital ha propiciat que <\/span><b>les fronteres entre el m\u00f3n f\u00edsic i el digital siguin cada vegada m\u00e9s borroses<\/b><span style=\"font-weight: 400\">. I, si ja tenim dificultats en adaptar-nos a aquest canvi de paradigma, pensem que el boom del metavers, l\u2019Internet de les Coses, els NFT i la intel\u00b7lig\u00e8ncia artificial encara ens acostaran m\u00e9s a una realitat virtual semi immersiva, que deixar\u00e0 \u2018fora de joc\u2019 a una part significant de la poblaci\u00f3.<\/span><\/p>\n<p><span style=\"font-weight: 400\">En aquest context, es fa evident la necessitat d&#8217;abordar de manera integral els canvis socio-tecnol\u00f2gics que estan definint i assentant les bases de la societat del futur. No nom\u00e9s per assegurar-nos que la tecnologia segueixi sent una for\u00e7a positiva de progr\u00e9s, sin\u00f3 tamb\u00e9, per <\/span><b>evitar que part de la societat es quedi enrere<\/b><span style=\"font-weight: 400\">, o que la immersi\u00f3 en el m\u00f3n digital castri l\u2019ess\u00e8ncia del que ens defineix com a persones.<\/span><\/p>\n<p>&nbsp;<\/p>\n<p><b>11Onze \u00e9s la fintech comunit\u00e0ria de Catalunya. Obre un compte descarregant la super app El Canut per <\/b><a href=\"https:\/\/play.google.com\/store\/apps\/details?id=com.e11onze.app&amp;utm_source=emailing&amp;utm_campaign=CANUT+launch\" target=\"_blank\" rel=\"noopener\"><b>Android<\/b><\/a><b> o <\/b><a href=\"https:\/\/apps.apple.com\/us\/app\/11onze\/id1566129237?utm_campaign=El+Canut\" target=\"_blank\" rel=\"noopener\"><b>iOS<\/b><\/a><b>. Uneix-te a la revoluci\u00f3!<\/b><\/p>\n\n      <\/div>\n    <\/div>\n  <\/div>\n<\/div>\n<div class=\"component cards\">\n  <div class=\"container\">\n    <div class=\"row\">\n      <div class=\"col col-xl-8 offset-xl-2\">\n        <h1>Si t&#8217;ha agradat aquesta not\u00edcia, et recomanem:<\/h1>\n        <div class=\"cards__wrapper\">\n          <div class=\"card\">\n            <a href=\"https:\/\/www.11onze.cat\/magazine\/teletreball-vist-empreses\/\" class=\"card-link\" target=\"_self\"><\/a>\n            <div class=\"card-img\">\n              <img decoding=\"async\" src=\"https:\/\/www.11onze.cat\/wp-content\/uploads\/2021\/07\/THUMBNAIL_TELETREBALL-800x543.jpg\" class=\"card-img-top\" alt=\"\">\n                <span class=\"card-category\">Management<\/span>\n            <\/div>\n            <div class=\"card-body\">\n              <p class=\"card-title p2\"><strong>Teletreball<\/strong><\/p>\n              <span class=\"card-time\">6min lectura<\/span>\n              <p class=\"card-text small\">El terme teletreball el va crear en 1973 el f\u00edsic Jack Nilles i la pand\u00e8mia l\u2019ha tornat a<\/p>\n            <\/div>\n          <\/div>\n\n\n          <div class=\"card\">\n            <a href=\"https:\/\/www.11onze.cat\/magazine\/digitalitzacio-repte-pimes\/\" class=\"card-link\" target=\"_self\"><\/a>\n            <div class=\"card-img\">\n              <img decoding=\"async\" src=\"https:\/\/www.11onze.cat\/wp-content\/uploads\/2021\/06\/THUMBNAIL_DIGITALITZACIO_PIMES-800x533.jpg\" class=\"card-img-top\" alt=\"\">\n                <span class=\"card-category\">Finances<\/span>\n            <\/div>\n            <div class=\"card-body\">\n              <p class=\"card-title p2\"><strong>La digitalitzaci\u00f3<\/strong><\/p>\n              <span class=\"card-time\">5min lectura<\/span>\n              <p class=\"card-text small\">L\u2019acceleraci\u00f3 de la digitalitzaci\u00f3 ha estat un dels reptes m\u00e9s importants per les pimes<\/p>\n            <\/div>\n          <\/div>\n\n\n          <div class=\"card\">\n            <a href=\"https:\/\/www.11onze.cat\/magazine\/acomiadat-algoritme\/\" class=\"card-link\" target=\"_self\"><\/a>\n            <div class=\"card-img\">\n              <img decoding=\"async\" src=\"https:\/\/www.11onze.cat\/wp-content\/uploads\/2021\/10\/THUMBNAIL_MONITORATGE_ACOMIADAT_ALGORITME-800x450.jpg\" class=\"card-img-top\" alt=\"\">\n                <span class=\"card-category\">Tecnologia<\/span>\n            <\/div>\n            <div class=\"card-body\">\n              <p class=\"card-title p2\"><strong>Monitoratge<\/strong><\/p>\n              <span class=\"card-time\">5min lectura<\/span>\n              <p class=\"card-text small\">Els sistemes digitals que fan \u00fas de la intel\u00b7lig\u00e8ncia artificial s\u2019estan implantant de mica<\/p>\n            <\/div>\n          <\/div>\n\n              <\/div>\n              <br>\n              <br>\n              <div class=\"cards__wrapper\">\n\n        <\/div>\n      <\/div>\n    <\/div>\n  <\/div>\n<\/div>","protected":false},"excerpt":{"rendered":"","protected":false},"author":71,"featured_media":36199,"comment_status":"open","ping_status":"closed","sticky":false,"template":"","format":"standard","meta":{"_acf_changed":false,"content-type":"","footnotes":""},"categories":[28],"tags":[177],"class_list":["post-36201","post","type-post","status-publish","format-standard","has-post-thumbnail","hentry","category-sin-categorizar","tag-tecnologia-es"],"acf":[],"yoast_head":"<!-- This site is optimized with the Yoast SEO plugin v27.5 - https:\/\/yoast.com\/product\/yoast-seo-wordpress\/ -->\n<title>\u00bfEstamos preparados para cambiar a la era digital? - 11Onze<\/title>\n<meta name=\"description\" content=\"\u00bfC\u00f3mo nos afecta la digitalizaci\u00f3n de la vida? \u00bfEstamos preparados para la inevitable transformaci\u00f3n digital de nuestra sociedad?\" \/>\n<meta name=\"robots\" content=\"index, follow, max-snippet:-1, max-image-preview:large, max-video-preview:-1\" \/>\n<link rel=\"canonical\" href=\"https:\/\/www.11onze.cat\/es\/magazine\/preparados-cambiar-era-digital\/\" \/>\n<meta property=\"og:locale\" content=\"es_ES\" \/>\n<meta property=\"og:type\" content=\"article\" \/>\n<meta property=\"og:title\" content=\"\u00bfEstamos preparados para cambiar a la era digital? - 11Onze\" \/>\n<meta property=\"og:description\" content=\"\u00bfC\u00f3mo nos afecta la digitalizaci\u00f3n de la vida? \u00bfEstamos preparados para la inevitable transformaci\u00f3n digital de nuestra sociedad?\" \/>\n<meta property=\"og:url\" content=\"https:\/\/www.11onze.cat\/es\/magazine\/preparados-cambiar-era-digital\/\" \/>\n<meta property=\"og:site_name\" content=\"11Onze\" \/>\n<meta property=\"article:publisher\" content=\"https:\/\/www.facebook.com\/11OnzeComunitat\" \/>\n<meta property=\"article:published_time\" content=\"2025-06-14T18:00:00+00:00\" \/>\n<meta property=\"article:modified_time\" content=\"2025-06-14T18:01:08+00:00\" \/>\n<meta property=\"og:image\" content=\"https:\/\/www.11onze.cat\/wp-content\/uploads\/2022\/08\/11ONZE_DIGITALITZACIO_VIDA-800x450.jpg\" \/>\n<meta name=\"author\" content=\"Equip Editorial\" \/>\n<meta name=\"twitter:card\" content=\"summary_large_image\" \/>\n<meta name=\"twitter:title\" content=\"\u00bfEstamos preparados para cambiar a la era digital? - 11Onze\" \/>\n<meta name=\"twitter:description\" content=\"\u00bfC\u00f3mo nos afecta la digitalizaci\u00f3n de la vida? \u00bfEstamos preparados para la inevitable transformaci\u00f3n digital de nuestra sociedad?\" \/>\n<meta name=\"twitter:image\" content=\"https:\/\/www.11onze.cat\/wp-content\/uploads\/2022\/08\/11ONZE_DIGITALITZACIO_VIDA-800x450.jpg\" \/>\n<meta name=\"twitter:creator\" content=\"@11OnzeFintech\" \/>\n<meta name=\"twitter:site\" content=\"@11OnzeFintech\" \/>\n<meta name=\"twitter:label1\" content=\"Escrito por\" \/>\n\t<meta name=\"twitter:data1\" content=\"Equip Editorial\" \/>\n\t<meta name=\"twitter:label2\" content=\"Tiempo de lectura\" \/>\n\t<meta name=\"twitter:data2\" content=\"1 minuto\" \/>\n<script type=\"application\/ld+json\" class=\"yoast-schema-graph\">{\"@context\":\"https:\\\/\\\/schema.org\",\"@graph\":[{\"@type\":\"Article\",\"@id\":\"https:\\\/\\\/www.11onze.cat\\\/es\\\/magazine\\\/preparados-cambiar-era-digital\\\/#article\",\"isPartOf\":{\"@id\":\"https:\\\/\\\/www.11onze.cat\\\/es\\\/magazine\\\/preparados-cambiar-era-digital\\\/\"},\"author\":{\"name\":\"Equip Editorial\",\"@id\":\"https:\\\/\\\/www.11onze.cat\\\/es\\\/#\\\/schema\\\/person\\\/636d99b4c82bb7178687ecd43c3a61bd\"},\"headline\":\"\u00bfEstamos preparados para cambiar a la era digital?\",\"datePublished\":\"2025-06-14T18:00:00+00:00\",\"dateModified\":\"2025-06-14T18:01:08+00:00\",\"mainEntityOfPage\":{\"@id\":\"https:\\\/\\\/www.11onze.cat\\\/es\\\/magazine\\\/preparados-cambiar-era-digital\\\/\"},\"wordCount\":8,\"commentCount\":0,\"publisher\":{\"@id\":\"https:\\\/\\\/www.11onze.cat\\\/es\\\/#organization\"},\"image\":{\"@id\":\"https:\\\/\\\/www.11onze.cat\\\/es\\\/magazine\\\/preparados-cambiar-era-digital\\\/#primaryimage\"},\"thumbnailUrl\":\"https:\\\/\\\/www.11onze.cat\\\/wp-content\\\/uploads\\\/2022\\\/08\\\/THUMBNAIL_DIGITALITZACIO_VIDA.jpg\",\"keywords\":[\"Tecnolog\u00eda\"],\"articleSection\":[\"Sin categorizar\"],\"inLanguage\":\"es\",\"potentialAction\":[{\"@type\":\"CommentAction\",\"name\":\"Comment\",\"target\":[\"https:\\\/\\\/www.11onze.cat\\\/es\\\/magazine\\\/preparados-cambiar-era-digital\\\/#respond\"]}]},{\"@type\":\"WebPage\",\"@id\":\"https:\\\/\\\/www.11onze.cat\\\/es\\\/magazine\\\/preparados-cambiar-era-digital\\\/\",\"url\":\"https:\\\/\\\/www.11onze.cat\\\/es\\\/magazine\\\/preparados-cambiar-era-digital\\\/\",\"name\":\"\u00bfEstamos preparados para cambiar a la era digital? - 11Onze\",\"isPartOf\":{\"@id\":\"https:\\\/\\\/www.11onze.cat\\\/es\\\/#website\"},\"primaryImageOfPage\":{\"@id\":\"https:\\\/\\\/www.11onze.cat\\\/es\\\/magazine\\\/preparados-cambiar-era-digital\\\/#primaryimage\"},\"image\":{\"@id\":\"https:\\\/\\\/www.11onze.cat\\\/es\\\/magazine\\\/preparados-cambiar-era-digital\\\/#primaryimage\"},\"thumbnailUrl\":\"https:\\\/\\\/www.11onze.cat\\\/wp-content\\\/uploads\\\/2022\\\/08\\\/THUMBNAIL_DIGITALITZACIO_VIDA.jpg\",\"datePublished\":\"2025-06-14T18:00:00+00:00\",\"dateModified\":\"2025-06-14T18:01:08+00:00\",\"description\":\"\u00bfC\u00f3mo nos afecta la digitalizaci\u00f3n de la vida? \u00bfEstamos preparados para la inevitable transformaci\u00f3n digital de nuestra sociedad?\",\"breadcrumb\":{\"@id\":\"https:\\\/\\\/www.11onze.cat\\\/es\\\/magazine\\\/preparados-cambiar-era-digital\\\/#breadcrumb\"},\"inLanguage\":\"es\",\"potentialAction\":[{\"@type\":\"ReadAction\",\"target\":[\"https:\\\/\\\/www.11onze.cat\\\/es\\\/magazine\\\/preparados-cambiar-era-digital\\\/\"]}]},{\"@type\":\"ImageObject\",\"inLanguage\":\"es\",\"@id\":\"https:\\\/\\\/www.11onze.cat\\\/es\\\/magazine\\\/preparados-cambiar-era-digital\\\/#primaryimage\",\"url\":\"https:\\\/\\\/www.11onze.cat\\\/wp-content\\\/uploads\\\/2022\\\/08\\\/THUMBNAIL_DIGITALITZACIO_VIDA.jpg\",\"contentUrl\":\"https:\\\/\\\/www.11onze.cat\\\/wp-content\\\/uploads\\\/2022\\\/08\\\/THUMBNAIL_DIGITALITZACIO_VIDA.jpg\",\"width\":750,\"height\":504},{\"@type\":\"BreadcrumbList\",\"@id\":\"https:\\\/\\\/www.11onze.cat\\\/es\\\/magazine\\\/preparados-cambiar-era-digital\\\/#breadcrumb\",\"itemListElement\":[{\"@type\":\"ListItem\",\"position\":1,\"name\":\"Home\",\"item\":\"https:\\\/\\\/www.11onze.cat\\\/es\\\/\"},{\"@type\":\"ListItem\",\"position\":2,\"name\":\"\u00bfEstamos preparados para cambiar a la era digital?\"}]},{\"@type\":\"WebSite\",\"@id\":\"https:\\\/\\\/www.11onze.cat\\\/es\\\/#website\",\"url\":\"https:\\\/\\\/www.11onze.cat\\\/es\\\/\",\"name\":\"11Onze\",\"description\":\"Primera comunidad fintech digital en Catalu\u00f1a\",\"publisher\":{\"@id\":\"https:\\\/\\\/www.11onze.cat\\\/es\\\/#organization\"},\"potentialAction\":[{\"@type\":\"SearchAction\",\"target\":{\"@type\":\"EntryPoint\",\"urlTemplate\":\"https:\\\/\\\/www.11onze.cat\\\/es\\\/?s={search_term_string}\"},\"query-input\":{\"@type\":\"PropertyValueSpecification\",\"valueRequired\":true,\"valueName\":\"search_term_string\"}}],\"inLanguage\":\"es\"},{\"@type\":\"Organization\",\"@id\":\"https:\\\/\\\/www.11onze.cat\\\/es\\\/#organization\",\"name\":\"11Onze\",\"url\":\"https:\\\/\\\/www.11onze.cat\\\/es\\\/\",\"logo\":{\"@type\":\"ImageObject\",\"inLanguage\":\"es\",\"@id\":\"https:\\\/\\\/www.11onze.cat\\\/es\\\/#\\\/schema\\\/logo\\\/image\\\/\",\"url\":\"https:\\\/\\\/www.11onze.cat\\\/wp-content\\\/uploads\\\/2021\\\/04\\\/512x512-11Onze.jpg\",\"contentUrl\":\"https:\\\/\\\/www.11onze.cat\\\/wp-content\\\/uploads\\\/2021\\\/04\\\/512x512-11Onze.jpg\",\"width\":512,\"height\":512,\"caption\":\"11Onze\"},\"image\":{\"@id\":\"https:\\\/\\\/www.11onze.cat\\\/es\\\/#\\\/schema\\\/logo\\\/image\\\/\"},\"sameAs\":[\"https:\\\/\\\/www.facebook.com\\\/11OnzeComunitat\",\"https:\\\/\\\/x.com\\\/11OnzeFintech\",\"https:\\\/\\\/www.instagram.com\\\/11onzecat\\\/\",\"https:\\\/\\\/www.linkedin.com\\\/company\\\/11onzebanc\",\"https:\\\/\\\/www.youtube.com\\\/channel\\\/UCz63R8Byd_kBKtK2M4Qf_7w\"]},{\"@type\":\"Person\",\"@id\":\"https:\\\/\\\/www.11onze.cat\\\/es\\\/#\\\/schema\\\/person\\\/636d99b4c82bb7178687ecd43c3a61bd\",\"name\":\"Equip Editorial\",\"image\":{\"@type\":\"ImageObject\",\"inLanguage\":\"es\",\"@id\":\"https:\\\/\\\/www.11onze.cat\\\/wp-content\\\/uploads\\\/2022\\\/05\\\/HEADER_AGENTS_DECK-300x300.jpg\",\"url\":\"https:\\\/\\\/www.11onze.cat\\\/wp-content\\\/uploads\\\/2022\\\/05\\\/HEADER_AGENTS_DECK-300x300.jpg\",\"contentUrl\":\"https:\\\/\\\/www.11onze.cat\\\/wp-content\\\/uploads\\\/2022\\\/05\\\/HEADER_AGENTS_DECK-300x300.jpg\",\"caption\":\"Equip Editorial\"},\"url\":\"https:\\\/\\\/www.11onze.cat\\\/es\\\/magazine\\\/author\\\/equip-editorial-11onze\\\/\"}]}<\/script>\n<!-- \/ Yoast SEO plugin. -->","yoast_head_json":{"title":"\u00bfEstamos preparados para cambiar a la era digital? - 11Onze","description":"\u00bfC\u00f3mo nos afecta la digitalizaci\u00f3n de la vida? \u00bfEstamos preparados para la inevitable transformaci\u00f3n digital de nuestra sociedad?","robots":{"index":"index","follow":"follow","max-snippet":"max-snippet:-1","max-image-preview":"max-image-preview:large","max-video-preview":"max-video-preview:-1"},"canonical":"https:\/\/www.11onze.cat\/es\/magazine\/preparados-cambiar-era-digital\/","og_locale":"es_ES","og_type":"article","og_title":"\u00bfEstamos preparados para cambiar a la era digital? - 11Onze","og_description":"\u00bfC\u00f3mo nos afecta la digitalizaci\u00f3n de la vida? \u00bfEstamos preparados para la inevitable transformaci\u00f3n digital de nuestra sociedad?","og_url":"https:\/\/www.11onze.cat\/es\/magazine\/preparados-cambiar-era-digital\/","og_site_name":"11Onze","article_publisher":"https:\/\/www.facebook.com\/11OnzeComunitat","article_published_time":"2025-06-14T18:00:00+00:00","article_modified_time":"2025-06-14T18:01:08+00:00","og_image":[{"url":"https:\/\/www.11onze.cat\/wp-content\/uploads\/2022\/08\/11ONZE_DIGITALITZACIO_VIDA-800x450.jpg","type":"","width":"","height":""}],"author":"Equip Editorial","twitter_card":"summary_large_image","twitter_title":"\u00bfEstamos preparados para cambiar a la era digital? - 11Onze","twitter_description":"\u00bfC\u00f3mo nos afecta la digitalizaci\u00f3n de la vida? \u00bfEstamos preparados para la inevitable transformaci\u00f3n digital de nuestra sociedad?","twitter_image":"https:\/\/www.11onze.cat\/wp-content\/uploads\/2022\/08\/11ONZE_DIGITALITZACIO_VIDA-800x450.jpg","twitter_creator":"@11OnzeFintech","twitter_site":"@11OnzeFintech","twitter_misc":{"Escrito por":"Equip Editorial","Tiempo de lectura":"1 minuto"},"schema":{"@context":"https:\/\/schema.org","@graph":[{"@type":"Article","@id":"https:\/\/www.11onze.cat\/es\/magazine\/preparados-cambiar-era-digital\/#article","isPartOf":{"@id":"https:\/\/www.11onze.cat\/es\/magazine\/preparados-cambiar-era-digital\/"},"author":{"name":"Equip Editorial","@id":"https:\/\/www.11onze.cat\/es\/#\/schema\/person\/636d99b4c82bb7178687ecd43c3a61bd"},"headline":"\u00bfEstamos preparados para cambiar a la era digital?","datePublished":"2025-06-14T18:00:00+00:00","dateModified":"2025-06-14T18:01:08+00:00","mainEntityOfPage":{"@id":"https:\/\/www.11onze.cat\/es\/magazine\/preparados-cambiar-era-digital\/"},"wordCount":8,"commentCount":0,"publisher":{"@id":"https:\/\/www.11onze.cat\/es\/#organization"},"image":{"@id":"https:\/\/www.11onze.cat\/es\/magazine\/preparados-cambiar-era-digital\/#primaryimage"},"thumbnailUrl":"https:\/\/www.11onze.cat\/wp-content\/uploads\/2022\/08\/THUMBNAIL_DIGITALITZACIO_VIDA.jpg","keywords":["Tecnolog\u00eda"],"articleSection":["Sin categorizar"],"inLanguage":"es","potentialAction":[{"@type":"CommentAction","name":"Comment","target":["https:\/\/www.11onze.cat\/es\/magazine\/preparados-cambiar-era-digital\/#respond"]}]},{"@type":"WebPage","@id":"https:\/\/www.11onze.cat\/es\/magazine\/preparados-cambiar-era-digital\/","url":"https:\/\/www.11onze.cat\/es\/magazine\/preparados-cambiar-era-digital\/","name":"\u00bfEstamos preparados para cambiar a la era digital? - 11Onze","isPartOf":{"@id":"https:\/\/www.11onze.cat\/es\/#website"},"primaryImageOfPage":{"@id":"https:\/\/www.11onze.cat\/es\/magazine\/preparados-cambiar-era-digital\/#primaryimage"},"image":{"@id":"https:\/\/www.11onze.cat\/es\/magazine\/preparados-cambiar-era-digital\/#primaryimage"},"thumbnailUrl":"https:\/\/www.11onze.cat\/wp-content\/uploads\/2022\/08\/THUMBNAIL_DIGITALITZACIO_VIDA.jpg","datePublished":"2025-06-14T18:00:00+00:00","dateModified":"2025-06-14T18:01:08+00:00","description":"\u00bfC\u00f3mo nos afecta la digitalizaci\u00f3n de la vida? \u00bfEstamos preparados para la inevitable transformaci\u00f3n digital de nuestra sociedad?","breadcrumb":{"@id":"https:\/\/www.11onze.cat\/es\/magazine\/preparados-cambiar-era-digital\/#breadcrumb"},"inLanguage":"es","potentialAction":[{"@type":"ReadAction","target":["https:\/\/www.11onze.cat\/es\/magazine\/preparados-cambiar-era-digital\/"]}]},{"@type":"ImageObject","inLanguage":"es","@id":"https:\/\/www.11onze.cat\/es\/magazine\/preparados-cambiar-era-digital\/#primaryimage","url":"https:\/\/www.11onze.cat\/wp-content\/uploads\/2022\/08\/THUMBNAIL_DIGITALITZACIO_VIDA.jpg","contentUrl":"https:\/\/www.11onze.cat\/wp-content\/uploads\/2022\/08\/THUMBNAIL_DIGITALITZACIO_VIDA.jpg","width":750,"height":504},{"@type":"BreadcrumbList","@id":"https:\/\/www.11onze.cat\/es\/magazine\/preparados-cambiar-era-digital\/#breadcrumb","itemListElement":[{"@type":"ListItem","position":1,"name":"Home","item":"https:\/\/www.11onze.cat\/es\/"},{"@type":"ListItem","position":2,"name":"\u00bfEstamos preparados para cambiar a la era digital?"}]},{"@type":"WebSite","@id":"https:\/\/www.11onze.cat\/es\/#website","url":"https:\/\/www.11onze.cat\/es\/","name":"11Onze","description":"Primera comunidad fintech digital en Catalu\u00f1a","publisher":{"@id":"https:\/\/www.11onze.cat\/es\/#organization"},"potentialAction":[{"@type":"SearchAction","target":{"@type":"EntryPoint","urlTemplate":"https:\/\/www.11onze.cat\/es\/?s={search_term_string}"},"query-input":{"@type":"PropertyValueSpecification","valueRequired":true,"valueName":"search_term_string"}}],"inLanguage":"es"},{"@type":"Organization","@id":"https:\/\/www.11onze.cat\/es\/#organization","name":"11Onze","url":"https:\/\/www.11onze.cat\/es\/","logo":{"@type":"ImageObject","inLanguage":"es","@id":"https:\/\/www.11onze.cat\/es\/#\/schema\/logo\/image\/","url":"https:\/\/www.11onze.cat\/wp-content\/uploads\/2021\/04\/512x512-11Onze.jpg","contentUrl":"https:\/\/www.11onze.cat\/wp-content\/uploads\/2021\/04\/512x512-11Onze.jpg","width":512,"height":512,"caption":"11Onze"},"image":{"@id":"https:\/\/www.11onze.cat\/es\/#\/schema\/logo\/image\/"},"sameAs":["https:\/\/www.facebook.com\/11OnzeComunitat","https:\/\/x.com\/11OnzeFintech","https:\/\/www.instagram.com\/11onzecat\/","https:\/\/www.linkedin.com\/company\/11onzebanc","https:\/\/www.youtube.com\/channel\/UCz63R8Byd_kBKtK2M4Qf_7w"]},{"@type":"Person","@id":"https:\/\/www.11onze.cat\/es\/#\/schema\/person\/636d99b4c82bb7178687ecd43c3a61bd","name":"Equip Editorial","image":{"@type":"ImageObject","inLanguage":"es","@id":"https:\/\/www.11onze.cat\/wp-content\/uploads\/2022\/05\/HEADER_AGENTS_DECK-300x300.jpg","url":"https:\/\/www.11onze.cat\/wp-content\/uploads\/2022\/05\/HEADER_AGENTS_DECK-300x300.jpg","contentUrl":"https:\/\/www.11onze.cat\/wp-content\/uploads\/2022\/05\/HEADER_AGENTS_DECK-300x300.jpg","caption":"Equip Editorial"},"url":"https:\/\/www.11onze.cat\/es\/magazine\/author\/equip-editorial-11onze\/"}]}},"_links":{"self":[{"href":"https:\/\/www.11onze.cat\/es\/wp-json\/wp\/v2\/posts\/36201","targetHints":{"allow":["GET"]}}],"collection":[{"href":"https:\/\/www.11onze.cat\/es\/wp-json\/wp\/v2\/posts"}],"about":[{"href":"https:\/\/www.11onze.cat\/es\/wp-json\/wp\/v2\/types\/post"}],"author":[{"embeddable":true,"href":"https:\/\/www.11onze.cat\/es\/wp-json\/wp\/v2\/users\/71"}],"replies":[{"embeddable":true,"href":"https:\/\/www.11onze.cat\/es\/wp-json\/wp\/v2\/comments?post=36201"}],"version-history":[{"count":0,"href":"https:\/\/www.11onze.cat\/es\/wp-json\/wp\/v2\/posts\/36201\/revisions"}],"wp:featuredmedia":[{"embeddable":true,"href":"https:\/\/www.11onze.cat\/es\/wp-json\/wp\/v2\/media\/36199"}],"wp:attachment":[{"href":"https:\/\/www.11onze.cat\/es\/wp-json\/wp\/v2\/media?parent=36201"}],"wp:term":[{"taxonomy":"category","embeddable":true,"href":"https:\/\/www.11onze.cat\/es\/wp-json\/wp\/v2\/categories?post=36201"},{"taxonomy":"post_tag","embeddable":true,"href":"https:\/\/www.11onze.cat\/es\/wp-json\/wp\/v2\/tags?post=36201"}],"curies":[{"name":"wp","href":"https:\/\/api.w.org\/{rel}","templated":true}]}}