{"id":36020,"date":"2022-12-31T21:00:00","date_gmt":"2022-12-31T20:00:00","guid":{"rendered":"https:\/\/www.11onze.cat\/?p=36020"},"modified":"2022-12-27T15:28:01","modified_gmt":"2022-12-27T14:28:01","slug":"hueco-gran-jubilacion","status":"publish","type":"post","link":"https:\/\/www.11onze.cat\/es\/magazine\/hueco-gran-jubilacion\/","title":{"rendered":"El hueco de la Gran Jubilaci\u00f3n"},"content":{"rendered":"<div class=\"component text\">\n  <div class=\"container\">\n\n\n    <div class=\"row\">\n      <div class=\"col  col-lg-8  offset-lg-2\">\n        <h3><b>La inflaci\u00f3n no cesa y el Gobierno del estado mantiene su compromiso de actualizar las pensiones de acuerdo con el IPC, un hecho que choca directamente con la demanda de control del presupuesto de la Comisi\u00f3n Europea, situado en un m\u00e1ximo del 3,3% actualmente, y con un nuevo factor que puede ser decisivo: la jubilaci\u00f3n prevista del 50% del funcionariado en 2023.<\/b><\/h3>\n<p>&nbsp;<\/p>\n<p><span style=\"font-weight: 400;\">El escenario inflacionario que vivimos desde hace meses sit\u00faa la econom\u00eda de la mayor parte de pa\u00edses de la UE en <\/span><b>una posible fase de estanflaci\u00f3n que inevitablemente puede conducir a una inminente recesi\u00f3n<\/b><span style=\"font-weight: 400;\"> que, hasta el momento, se ha conseguido contener. La Comisi\u00f3n Europea plantea que la soluci\u00f3n pasa por el control del presupuesto: mantener el d\u00e9ficit p\u00fablico por debajo del 5% el 2023, y del 3,9% en el 2024, y lograr que el gasto no aumente m\u00e1s del 3,3%, entre otras medidas.<\/span><\/p>\n<p><span style=\"font-weight: 400;\">Nos situamos en Espa\u00f1a, donde este control del <\/span><b>gasto p\u00fablico no puede superar el 3,3%, y deja el pa\u00eds con un margen de unos 20.000 millones para el gasto de la Administraci\u00f3n P\u00fablica<\/b><span style=\"font-weight: 400;\">. Una cifra insuficiente que ir\u00e1 orientada a cubrir las pensiones casi de forma \u00edntegra. A la alta cifra de gasto que suponen, por si, las pensiones, se suman dos factores clave: la intenci\u00f3n del Gobierno de actualizar las pensiones de acuerdo con el IPC y el aumento previsto de personas jubiladas de cara en el pr\u00f3ximo a\u00f1o.<\/span><\/p>\n<p>&nbsp;<\/p>\n<h3><b>Las pensiones crecen al ritmo del IPC<\/b><\/h3>\n<p><span style=\"font-weight: 400;\">Este es el escenario que contempla el Gobierno de Espa\u00f1a, con <\/span><b>un aumento previsto de las pensiones equiparable al crecimiento de la inflaci\u00f3n, y as\u00ed no caer en el empobrecimiento de este gran parte de la sociedad<\/b><span style=\"font-weight: 400;\">. Una acci\u00f3n que supone todo un reto, teniendo en cuenta que en caso de finalizar el a\u00f1o con un porcentaje del 10,8%, como el del mes de julio, la partida destinada a las pensiones tambi\u00e9n tendr\u00eda que crecer con este margen. Con esta medida, el desembolso previsto para las pensiones, que suponen un tercio del gasto total de la administraci\u00f3n, podr\u00eda ascender a 17.000 millones de euros.<\/span><\/p>\n<p><span style=\"font-weight: 400;\">Un coste elevado que se puede disparar si crece el n\u00famero de <\/span><b>pensionistas, que hoy en d\u00eda se sit\u00faa en unos 8,99 millones de personas<\/b><span style=\"font-weight: 400;\">, seg\u00fan datos del Ministerio de Trabajo y Seguridad Social del diciembre de 2021. Espa\u00f1a ya sufri\u00f3 una situaci\u00f3n similar en el 2020, durante la pandemia, cuando m\u00e1s de 10.500 funcionarios pidieron la prejubilaci\u00f3n voluntaria ante la incertidumbre que provoc\u00f3 el traspaso de la gesti\u00f3n de jubilaciones de Hacienda a la Seguridad Social. Esto hizo incrementar las peticiones un 22% respecto a los a\u00f1os anteriores.<\/span><\/p>\n<p>&nbsp;<\/p>\n<h3><b>El 50% del funcionariado prev\u00e9 jubilarse en el 2023<\/b><\/h3>\n<p><span style=\"font-weight: 400;\">La situaci\u00f3n actual prev\u00e9 que en el 2023 podemos situarnos de nuevo en un escenario con un alto porcentaje de funcionariado que prev\u00e9 jubilarse de forma anticipada. <\/span><b>La edad de jubilaci\u00f3n por el funcionariado es de 65 a\u00f1os para los que son anteriores al 2011 y de 66 para los que entraron posteriormente<\/b><span style=\"font-weight: 400;\">. Igual que el resto de asalariados, estos tienen que haber cotizado 15 a\u00f1os para recibir una prestaci\u00f3n. Existe otro caso, m\u00e1s preocupante para el Estado, como es la jubilaci\u00f3n anticipada, a la cual se pueden acoger las clases pasivas, y que permite a los funcionarios una jubilaci\u00f3n anticipada a partir de los 60 a\u00f1os, siempre que hayan cotizado un m\u00ednimo de 30 a\u00f1os.<\/span><\/p>\n<p><b>La prestaci\u00f3n mediana para los funcionarios se suele situar en 2.300 euros<\/b><span style=\"font-weight: 400;\">, seg\u00fan la estad\u00edstica de pensiones que elabora mensualmente el Ministerio de Inclusi\u00f3n, Seguridad Social y Migraciones, un 64% m\u00e1s alta que la que reciben los jubilados del R\u00e9gimen General de la Seguridad Social, situado en 1.400 euros de media, tambi\u00e9n en este primer trimestre del a\u00f1o.<\/span><\/p>\n<p><span style=\"font-weight: 400;\">Actualmente, la plantilla de funcionariado asciende a unos 2,6 millones de personas, de las cuales m\u00e1s de un mill\u00f3n tienen entre 50 y 59 a\u00f1os, hecho que prev\u00e9 un aumento en el flujo de jubilaciones puede precipitarse en los pr\u00f3ximos a\u00f1os. En un intento de frenar este escenario, el Ministerio de Seguridad Social estudiar\u00e1 <\/span><b>implementar incentivos para que los funcionarios de clases pasivas alarguen su vida laboral m\u00e1s all\u00e1 de los 60 a\u00f1os<\/b><span style=\"font-weight: 400;\">. La propuesta del CSIF, lo mayor sindicato del colectivo de trabajadores p\u00fablicos, pasa por un incentivo del 5% anual acumulable.<\/span><\/p>\n<p>&nbsp;<\/p>\n<p><b>Si quieres descubrir la mejor opci\u00f3n para proteger tus ahorros, entra en <\/b><a href=\"https:\/\/serveis.11onze.cat\/es\/preciosos-11onze\" target=\"_blank\" rel=\"noopener\"><b>Preciosos 11Onze<\/b><\/a><b>. Te ayudaremos a comprar al mejor precio el valor refugio por excelencia: el oro f\u00edsico.<\/b><\/p>\n\n      <\/div>\n    <\/div>\n  <\/div>\n<\/div>\n\n\n<div class=\"component cards\">\n  <div class=\"container\">\n    <div class=\"row\">\n      <div class=\"col col-xl-8 offset-xl-2\">\n        <h1>Si te ha gustado este art\u00edculo, te recomendamos:<\/h1>\n        <div class=\"cards__wrapper\">\n          <div class=\"card\">\n            <a href=\"https:\/\/www.11onze.cat\/es\/magazine\/verdad-sobre-sistema-pensiones\/\" class=\"card-link\" target=\"_self\"><\/a>\n            <div class=\"card-img\">\n              <img decoding=\"async\" src=\"https:\/\/www.11onze.cat\/wp-content\/uploads\/2021\/11\/THUMBNAIL_SISTEMA_PENSIONS-800x450.jpg\" class=\"card-img-top\" alt=\"\">\n                <span class=\"card-category\">Comunidad<\/span>\n            <\/div>\n            <div class=\"card-body\">\n              <p class=\"card-title p2\"><strong>La verdad sobre el sistema de pensiones<\/strong><\/p>\n              <span class=\"card-time\">4min lectura<\/span>\n              <p class=\"card-text small\">\u00bfEs sostenible el sistema de pensiones?<\/p>\n            <\/div>\n          <\/div>\n\n\n          <div class=\"card\">\n            <a href=\"https:\/\/www.11onze.cat\/es\/magazine\/deuda-publica-estimulo-losa-economia\/\" class=\"card-link\" target=\"_self\"><\/a>\n            <div class=\"card-img\">\n              <img decoding=\"async\" src=\"https:\/\/www.11onze.cat\/wp-content\/uploads\/2022\/07\/THUMBNAIL_DEUTE_PUBLIC.jpg\" class=\"card-img-top\" alt=\"\">\n                <span class=\"card-category\">Econom\u00eda<\/span>\n            <\/div>\n            <div class=\"card-body\">\n              <p class=\"card-title p2\"><strong>Deuda p\u00fablica<\/strong><\/p>\n              <span class=\"card-time\">6min lectura<\/span>\n              <p class=\"card-text small\">La deuda p\u00fablica en el mundo se ha disparado en los \u00faltimos a\u00f1os y sus cifras ya son<\/p>\n            <\/div>\n          <\/div>\n\n\n          <div class=\"card\">\n            <a href=\"https:\/\/www.11onze.cat\/es\/magazine\/recortes-reformas-peaje-rescate-espana\/\" class=\"card-link\" target=\"_self\"><\/a>\n            <div class=\"card-img\">\n              <img decoding=\"async\" src=\"https:\/\/www.11onze.cat\/wp-content\/uploads\/2022\/07\/THUMBNAIL_RETALLADES_REFORMES.jpg\" class=\"card-img-top\" alt=\"\">\n                <span class=\"card-category\">Econom\u00eda<\/span>\n            <\/div>\n            <div class=\"card-body\">\n              <p class=\"card-title p2\"><strong>Recortes y reformas<\/strong><\/p>\n              <span class=\"card-time\">5min lectura<\/span>\n              <p class=\"card-text small\">\u00bfQu\u00e9 precio tendr\u00e1 el rescate del Banco Central Europeo para evitar que se dispare la prima<\/p>\n            <\/div>\n          <\/div>\n\n              <\/div>\n              <br>\n              <br>\n              <div class=\"cards__wrapper\">\n\n        <\/div>\n      <\/div>\n    <\/div>\n  <\/div>\n<\/div>","protected":false},"excerpt":{"rendered":"","protected":false},"author":71,"featured_media":36012,"comment_status":"open","ping_status":"closed","sticky":false,"template":"","format":"standard","meta":{"_acf_changed":false,"content-type":"","footnotes":""},"categories":[28],"tags":[180],"class_list":["post-36020","post","type-post","status-publish","format-standard","has-post-thumbnail","hentry","category-sin-categorizar","tag-cultura-es"],"acf":[],"yoast_head":"<!-- This site is optimized with the Yoast SEO plugin v27.5 - https:\/\/yoast.com\/product\/yoast-seo-wordpress\/ -->\n<title>El hueco de la Gran Jubilaci\u00f3n - 11Onze<\/title>\n<meta name=\"description\" content=\"El gasto p\u00fablico espa\u00f1ol no puede superar el 3,3%. Un margen insuficiente que deja un agujero a la hora de cubrir las pensiones de forma \u00edntegra.\" \/>\n<meta name=\"robots\" content=\"index, follow, max-snippet:-1, max-image-preview:large, max-video-preview:-1\" \/>\n<link rel=\"canonical\" href=\"https:\/\/www.11onze.cat\/es\/magazine\/hueco-gran-jubilacion\/\" \/>\n<meta property=\"og:locale\" content=\"es_ES\" \/>\n<meta property=\"og:type\" content=\"article\" \/>\n<meta property=\"og:title\" content=\"El hueco de la Gran Jubilaci\u00f3n - 11Onze\" \/>\n<meta property=\"og:description\" content=\"El gasto p\u00fablico espa\u00f1ol no puede superar el 3,3%. Un margen insuficiente que deja un agujero a la hora de cubrir las pensiones de forma \u00edntegra.\" \/>\n<meta property=\"og:url\" content=\"https:\/\/www.11onze.cat\/es\/magazine\/hueco-gran-jubilacion\/\" \/>\n<meta property=\"og:site_name\" content=\"11Onze\" \/>\n<meta property=\"article:publisher\" content=\"https:\/\/www.facebook.com\/11OnzeComunitat\" \/>\n<meta property=\"article:published_time\" content=\"2022-12-31T20:00:00+00:00\" \/>\n<meta property=\"og:image\" content=\"https:\/\/www.11onze.cat\/wp-content\/uploads\/2022\/08\/11ONZE_GRAN_JUBILACIO-800x450.jpg\" \/>\n<meta name=\"author\" content=\"Equip Editorial\" \/>\n<meta name=\"twitter:card\" content=\"summary_large_image\" \/>\n<meta name=\"twitter:title\" content=\"El hueco de la Gran Jubilaci\u00f3n - 11Onze\" \/>\n<meta name=\"twitter:description\" content=\"El gasto p\u00fablico espa\u00f1ol no puede superar el 3,3%. Un margen insuficiente que deja un agujero a la hora de cubrir las pensiones de forma \u00edntegra.\" \/>\n<meta name=\"twitter:image\" content=\"https:\/\/www.11onze.cat\/wp-content\/uploads\/2022\/08\/11ONZE_GRAN_JUBILACIO-800x450.jpg\" \/>\n<meta name=\"twitter:creator\" content=\"@11OnzeFintech\" \/>\n<meta name=\"twitter:site\" content=\"@11OnzeFintech\" \/>\n<meta name=\"twitter:label1\" content=\"Escrito por\" \/>\n\t<meta name=\"twitter:data1\" content=\"Equip Editorial\" \/>\n<script type=\"application\/ld+json\" class=\"yoast-schema-graph\">{\"@context\":\"https:\\\/\\\/schema.org\",\"@graph\":[{\"@type\":\"Article\",\"@id\":\"https:\\\/\\\/www.11onze.cat\\\/es\\\/magazine\\\/hueco-gran-jubilacion\\\/#article\",\"isPartOf\":{\"@id\":\"https:\\\/\\\/www.11onze.cat\\\/es\\\/magazine\\\/hueco-gran-jubilacion\\\/\"},\"author\":{\"name\":\"Equip Editorial\",\"@id\":\"https:\\\/\\\/www.11onze.cat\\\/es\\\/#\\\/schema\\\/person\\\/636d99b4c82bb7178687ecd43c3a61bd\"},\"headline\":\"El hueco de la Gran Jubilaci\u00f3n\",\"datePublished\":\"2022-12-31T20:00:00+00:00\",\"mainEntityOfPage\":{\"@id\":\"https:\\\/\\\/www.11onze.cat\\\/es\\\/magazine\\\/hueco-gran-jubilacion\\\/\"},\"wordCount\":7,\"commentCount\":0,\"publisher\":{\"@id\":\"https:\\\/\\\/www.11onze.cat\\\/es\\\/#organization\"},\"image\":{\"@id\":\"https:\\\/\\\/www.11onze.cat\\\/es\\\/magazine\\\/hueco-gran-jubilacion\\\/#primaryimage\"},\"thumbnailUrl\":\"https:\\\/\\\/www.11onze.cat\\\/wp-content\\\/uploads\\\/2022\\\/08\\\/THUMBNAIL_GRAN_JUBILACIO.jpg\",\"keywords\":[\"Cultura\"],\"articleSection\":[\"Sin categorizar\"],\"inLanguage\":\"es\",\"potentialAction\":[{\"@type\":\"CommentAction\",\"name\":\"Comment\",\"target\":[\"https:\\\/\\\/www.11onze.cat\\\/es\\\/magazine\\\/hueco-gran-jubilacion\\\/#respond\"]}]},{\"@type\":\"WebPage\",\"@id\":\"https:\\\/\\\/www.11onze.cat\\\/es\\\/magazine\\\/hueco-gran-jubilacion\\\/\",\"url\":\"https:\\\/\\\/www.11onze.cat\\\/es\\\/magazine\\\/hueco-gran-jubilacion\\\/\",\"name\":\"El hueco de la Gran Jubilaci\u00f3n - 11Onze\",\"isPartOf\":{\"@id\":\"https:\\\/\\\/www.11onze.cat\\\/es\\\/#website\"},\"primaryImageOfPage\":{\"@id\":\"https:\\\/\\\/www.11onze.cat\\\/es\\\/magazine\\\/hueco-gran-jubilacion\\\/#primaryimage\"},\"image\":{\"@id\":\"https:\\\/\\\/www.11onze.cat\\\/es\\\/magazine\\\/hueco-gran-jubilacion\\\/#primaryimage\"},\"thumbnailUrl\":\"https:\\\/\\\/www.11onze.cat\\\/wp-content\\\/uploads\\\/2022\\\/08\\\/THUMBNAIL_GRAN_JUBILACIO.jpg\",\"datePublished\":\"2022-12-31T20:00:00+00:00\",\"description\":\"El gasto p\u00fablico espa\u00f1ol no puede superar el 3,3%. Un margen insuficiente que deja un agujero a la hora de cubrir las pensiones de forma \u00edntegra.\",\"breadcrumb\":{\"@id\":\"https:\\\/\\\/www.11onze.cat\\\/es\\\/magazine\\\/hueco-gran-jubilacion\\\/#breadcrumb\"},\"inLanguage\":\"es\",\"potentialAction\":[{\"@type\":\"ReadAction\",\"target\":[\"https:\\\/\\\/www.11onze.cat\\\/es\\\/magazine\\\/hueco-gran-jubilacion\\\/\"]}]},{\"@type\":\"ImageObject\",\"inLanguage\":\"es\",\"@id\":\"https:\\\/\\\/www.11onze.cat\\\/es\\\/magazine\\\/hueco-gran-jubilacion\\\/#primaryimage\",\"url\":\"https:\\\/\\\/www.11onze.cat\\\/wp-content\\\/uploads\\\/2022\\\/08\\\/THUMBNAIL_GRAN_JUBILACIO.jpg\",\"contentUrl\":\"https:\\\/\\\/www.11onze.cat\\\/wp-content\\\/uploads\\\/2022\\\/08\\\/THUMBNAIL_GRAN_JUBILACIO.jpg\",\"width\":750,\"height\":504},{\"@type\":\"BreadcrumbList\",\"@id\":\"https:\\\/\\\/www.11onze.cat\\\/es\\\/magazine\\\/hueco-gran-jubilacion\\\/#breadcrumb\",\"itemListElement\":[{\"@type\":\"ListItem\",\"position\":1,\"name\":\"Home\",\"item\":\"https:\\\/\\\/www.11onze.cat\\\/es\\\/\"},{\"@type\":\"ListItem\",\"position\":2,\"name\":\"El hueco de la Gran Jubilaci\u00f3n\"}]},{\"@type\":\"WebSite\",\"@id\":\"https:\\\/\\\/www.11onze.cat\\\/es\\\/#website\",\"url\":\"https:\\\/\\\/www.11onze.cat\\\/es\\\/\",\"name\":\"11Onze\",\"description\":\"Primera comunidad fintech digital en Catalu\u00f1a\",\"publisher\":{\"@id\":\"https:\\\/\\\/www.11onze.cat\\\/es\\\/#organization\"},\"potentialAction\":[{\"@type\":\"SearchAction\",\"target\":{\"@type\":\"EntryPoint\",\"urlTemplate\":\"https:\\\/\\\/www.11onze.cat\\\/es\\\/?s={search_term_string}\"},\"query-input\":{\"@type\":\"PropertyValueSpecification\",\"valueRequired\":true,\"valueName\":\"search_term_string\"}}],\"inLanguage\":\"es\"},{\"@type\":\"Organization\",\"@id\":\"https:\\\/\\\/www.11onze.cat\\\/es\\\/#organization\",\"name\":\"11Onze\",\"url\":\"https:\\\/\\\/www.11onze.cat\\\/es\\\/\",\"logo\":{\"@type\":\"ImageObject\",\"inLanguage\":\"es\",\"@id\":\"https:\\\/\\\/www.11onze.cat\\\/es\\\/#\\\/schema\\\/logo\\\/image\\\/\",\"url\":\"https:\\\/\\\/www.11onze.cat\\\/wp-content\\\/uploads\\\/2021\\\/04\\\/512x512-11Onze.jpg\",\"contentUrl\":\"https:\\\/\\\/www.11onze.cat\\\/wp-content\\\/uploads\\\/2021\\\/04\\\/512x512-11Onze.jpg\",\"width\":512,\"height\":512,\"caption\":\"11Onze\"},\"image\":{\"@id\":\"https:\\\/\\\/www.11onze.cat\\\/es\\\/#\\\/schema\\\/logo\\\/image\\\/\"},\"sameAs\":[\"https:\\\/\\\/www.facebook.com\\\/11OnzeComunitat\",\"https:\\\/\\\/x.com\\\/11OnzeFintech\",\"https:\\\/\\\/www.instagram.com\\\/11onzecat\\\/\",\"https:\\\/\\\/www.linkedin.com\\\/company\\\/11onzebanc\",\"https:\\\/\\\/www.youtube.com\\\/channel\\\/UCz63R8Byd_kBKtK2M4Qf_7w\"]},{\"@type\":\"Person\",\"@id\":\"https:\\\/\\\/www.11onze.cat\\\/es\\\/#\\\/schema\\\/person\\\/636d99b4c82bb7178687ecd43c3a61bd\",\"name\":\"Equip Editorial\",\"image\":{\"@type\":\"ImageObject\",\"inLanguage\":\"es\",\"@id\":\"https:\\\/\\\/www.11onze.cat\\\/wp-content\\\/uploads\\\/2022\\\/05\\\/HEADER_AGENTS_DECK-300x300.jpg\",\"url\":\"https:\\\/\\\/www.11onze.cat\\\/wp-content\\\/uploads\\\/2022\\\/05\\\/HEADER_AGENTS_DECK-300x300.jpg\",\"contentUrl\":\"https:\\\/\\\/www.11onze.cat\\\/wp-content\\\/uploads\\\/2022\\\/05\\\/HEADER_AGENTS_DECK-300x300.jpg\",\"caption\":\"Equip Editorial\"},\"url\":\"https:\\\/\\\/www.11onze.cat\\\/es\\\/magazine\\\/author\\\/equip-editorial-11onze\\\/\"}]}<\/script>\n<!-- \/ Yoast SEO plugin. -->","yoast_head_json":{"title":"El hueco de la Gran Jubilaci\u00f3n - 11Onze","description":"El gasto p\u00fablico espa\u00f1ol no puede superar el 3,3%. Un margen insuficiente que deja un agujero a la hora de cubrir las pensiones de forma \u00edntegra.","robots":{"index":"index","follow":"follow","max-snippet":"max-snippet:-1","max-image-preview":"max-image-preview:large","max-video-preview":"max-video-preview:-1"},"canonical":"https:\/\/www.11onze.cat\/es\/magazine\/hueco-gran-jubilacion\/","og_locale":"es_ES","og_type":"article","og_title":"El hueco de la Gran Jubilaci\u00f3n - 11Onze","og_description":"El gasto p\u00fablico espa\u00f1ol no puede superar el 3,3%. Un margen insuficiente que deja un agujero a la hora de cubrir las pensiones de forma \u00edntegra.","og_url":"https:\/\/www.11onze.cat\/es\/magazine\/hueco-gran-jubilacion\/","og_site_name":"11Onze","article_publisher":"https:\/\/www.facebook.com\/11OnzeComunitat","article_published_time":"2022-12-31T20:00:00+00:00","og_image":[{"url":"https:\/\/www.11onze.cat\/wp-content\/uploads\/2022\/08\/11ONZE_GRAN_JUBILACIO-800x450.jpg","type":"","width":"","height":""}],"author":"Equip Editorial","twitter_card":"summary_large_image","twitter_title":"El hueco de la Gran Jubilaci\u00f3n - 11Onze","twitter_description":"El gasto p\u00fablico espa\u00f1ol no puede superar el 3,3%. Un margen insuficiente que deja un agujero a la hora de cubrir las pensiones de forma \u00edntegra.","twitter_image":"https:\/\/www.11onze.cat\/wp-content\/uploads\/2022\/08\/11ONZE_GRAN_JUBILACIO-800x450.jpg","twitter_creator":"@11OnzeFintech","twitter_site":"@11OnzeFintech","twitter_misc":{"Escrito por":"Equip Editorial"},"schema":{"@context":"https:\/\/schema.org","@graph":[{"@type":"Article","@id":"https:\/\/www.11onze.cat\/es\/magazine\/hueco-gran-jubilacion\/#article","isPartOf":{"@id":"https:\/\/www.11onze.cat\/es\/magazine\/hueco-gran-jubilacion\/"},"author":{"name":"Equip Editorial","@id":"https:\/\/www.11onze.cat\/es\/#\/schema\/person\/636d99b4c82bb7178687ecd43c3a61bd"},"headline":"El hueco de la Gran Jubilaci\u00f3n","datePublished":"2022-12-31T20:00:00+00:00","mainEntityOfPage":{"@id":"https:\/\/www.11onze.cat\/es\/magazine\/hueco-gran-jubilacion\/"},"wordCount":7,"commentCount":0,"publisher":{"@id":"https:\/\/www.11onze.cat\/es\/#organization"},"image":{"@id":"https:\/\/www.11onze.cat\/es\/magazine\/hueco-gran-jubilacion\/#primaryimage"},"thumbnailUrl":"https:\/\/www.11onze.cat\/wp-content\/uploads\/2022\/08\/THUMBNAIL_GRAN_JUBILACIO.jpg","keywords":["Cultura"],"articleSection":["Sin categorizar"],"inLanguage":"es","potentialAction":[{"@type":"CommentAction","name":"Comment","target":["https:\/\/www.11onze.cat\/es\/magazine\/hueco-gran-jubilacion\/#respond"]}]},{"@type":"WebPage","@id":"https:\/\/www.11onze.cat\/es\/magazine\/hueco-gran-jubilacion\/","url":"https:\/\/www.11onze.cat\/es\/magazine\/hueco-gran-jubilacion\/","name":"El hueco de la Gran Jubilaci\u00f3n - 11Onze","isPartOf":{"@id":"https:\/\/www.11onze.cat\/es\/#website"},"primaryImageOfPage":{"@id":"https:\/\/www.11onze.cat\/es\/magazine\/hueco-gran-jubilacion\/#primaryimage"},"image":{"@id":"https:\/\/www.11onze.cat\/es\/magazine\/hueco-gran-jubilacion\/#primaryimage"},"thumbnailUrl":"https:\/\/www.11onze.cat\/wp-content\/uploads\/2022\/08\/THUMBNAIL_GRAN_JUBILACIO.jpg","datePublished":"2022-12-31T20:00:00+00:00","description":"El gasto p\u00fablico espa\u00f1ol no puede superar el 3,3%. Un margen insuficiente que deja un agujero a la hora de cubrir las pensiones de forma \u00edntegra.","breadcrumb":{"@id":"https:\/\/www.11onze.cat\/es\/magazine\/hueco-gran-jubilacion\/#breadcrumb"},"inLanguage":"es","potentialAction":[{"@type":"ReadAction","target":["https:\/\/www.11onze.cat\/es\/magazine\/hueco-gran-jubilacion\/"]}]},{"@type":"ImageObject","inLanguage":"es","@id":"https:\/\/www.11onze.cat\/es\/magazine\/hueco-gran-jubilacion\/#primaryimage","url":"https:\/\/www.11onze.cat\/wp-content\/uploads\/2022\/08\/THUMBNAIL_GRAN_JUBILACIO.jpg","contentUrl":"https:\/\/www.11onze.cat\/wp-content\/uploads\/2022\/08\/THUMBNAIL_GRAN_JUBILACIO.jpg","width":750,"height":504},{"@type":"BreadcrumbList","@id":"https:\/\/www.11onze.cat\/es\/magazine\/hueco-gran-jubilacion\/#breadcrumb","itemListElement":[{"@type":"ListItem","position":1,"name":"Home","item":"https:\/\/www.11onze.cat\/es\/"},{"@type":"ListItem","position":2,"name":"El hueco de la Gran Jubilaci\u00f3n"}]},{"@type":"WebSite","@id":"https:\/\/www.11onze.cat\/es\/#website","url":"https:\/\/www.11onze.cat\/es\/","name":"11Onze","description":"Primera comunidad fintech digital en Catalu\u00f1a","publisher":{"@id":"https:\/\/www.11onze.cat\/es\/#organization"},"potentialAction":[{"@type":"SearchAction","target":{"@type":"EntryPoint","urlTemplate":"https:\/\/www.11onze.cat\/es\/?s={search_term_string}"},"query-input":{"@type":"PropertyValueSpecification","valueRequired":true,"valueName":"search_term_string"}}],"inLanguage":"es"},{"@type":"Organization","@id":"https:\/\/www.11onze.cat\/es\/#organization","name":"11Onze","url":"https:\/\/www.11onze.cat\/es\/","logo":{"@type":"ImageObject","inLanguage":"es","@id":"https:\/\/www.11onze.cat\/es\/#\/schema\/logo\/image\/","url":"https:\/\/www.11onze.cat\/wp-content\/uploads\/2021\/04\/512x512-11Onze.jpg","contentUrl":"https:\/\/www.11onze.cat\/wp-content\/uploads\/2021\/04\/512x512-11Onze.jpg","width":512,"height":512,"caption":"11Onze"},"image":{"@id":"https:\/\/www.11onze.cat\/es\/#\/schema\/logo\/image\/"},"sameAs":["https:\/\/www.facebook.com\/11OnzeComunitat","https:\/\/x.com\/11OnzeFintech","https:\/\/www.instagram.com\/11onzecat\/","https:\/\/www.linkedin.com\/company\/11onzebanc","https:\/\/www.youtube.com\/channel\/UCz63R8Byd_kBKtK2M4Qf_7w"]},{"@type":"Person","@id":"https:\/\/www.11onze.cat\/es\/#\/schema\/person\/636d99b4c82bb7178687ecd43c3a61bd","name":"Equip Editorial","image":{"@type":"ImageObject","inLanguage":"es","@id":"https:\/\/www.11onze.cat\/wp-content\/uploads\/2022\/05\/HEADER_AGENTS_DECK-300x300.jpg","url":"https:\/\/www.11onze.cat\/wp-content\/uploads\/2022\/05\/HEADER_AGENTS_DECK-300x300.jpg","contentUrl":"https:\/\/www.11onze.cat\/wp-content\/uploads\/2022\/05\/HEADER_AGENTS_DECK-300x300.jpg","caption":"Equip Editorial"},"url":"https:\/\/www.11onze.cat\/es\/magazine\/author\/equip-editorial-11onze\/"}]}},"_links":{"self":[{"href":"https:\/\/www.11onze.cat\/es\/wp-json\/wp\/v2\/posts\/36020","targetHints":{"allow":["GET"]}}],"collection":[{"href":"https:\/\/www.11onze.cat\/es\/wp-json\/wp\/v2\/posts"}],"about":[{"href":"https:\/\/www.11onze.cat\/es\/wp-json\/wp\/v2\/types\/post"}],"author":[{"embeddable":true,"href":"https:\/\/www.11onze.cat\/es\/wp-json\/wp\/v2\/users\/71"}],"replies":[{"embeddable":true,"href":"https:\/\/www.11onze.cat\/es\/wp-json\/wp\/v2\/comments?post=36020"}],"version-history":[{"count":0,"href":"https:\/\/www.11onze.cat\/es\/wp-json\/wp\/v2\/posts\/36020\/revisions"}],"wp:featuredmedia":[{"embeddable":true,"href":"https:\/\/www.11onze.cat\/es\/wp-json\/wp\/v2\/media\/36012"}],"wp:attachment":[{"href":"https:\/\/www.11onze.cat\/es\/wp-json\/wp\/v2\/media?parent=36020"}],"wp:term":[{"taxonomy":"category","embeddable":true,"href":"https:\/\/www.11onze.cat\/es\/wp-json\/wp\/v2\/categories?post=36020"},{"taxonomy":"post_tag","embeddable":true,"href":"https:\/\/www.11onze.cat\/es\/wp-json\/wp\/v2\/tags?post=36020"}],"curies":[{"name":"wp","href":"https:\/\/api.w.org\/{rel}","templated":true}]}}