{"id":35146,"date":"2022-07-21T21:00:00","date_gmt":"2022-07-21T19:00:00","guid":{"rendered":"https:\/\/www.11onze.cat\/?p=35146"},"modified":"2022-08-11T09:58:36","modified_gmt":"2022-08-11T07:58:36","slug":"recortes-reformas-peaje-rescate-espana","status":"publish","type":"post","link":"https:\/\/www.11onze.cat\/es\/magazine\/recortes-reformas-peaje-rescate-espana\/","title":{"rendered":"Recortes y reformas, el peaje del rescate a Espa\u00f1a"},"content":{"rendered":"<div class=\"component text\">\n  <div class=\"container\">\n\n\n    <div class=\"row\">\n      <div class=\"col  col-lg-8  offset-lg-2\">\n        <h3><b>\u00bfQu\u00e9 precio tendr\u00e1 el rescate del Banco Central Europeo para evitar que se dispare la prima de riesgo de la deuda espa\u00f1ola? Durante la \u00faltima d\u00e9cada, la Uni\u00f3n Europea ha sido muy tolerante a la hora de exigir a Espa\u00f1a el cumplimiento de sus compromisos. Pero el volumen de deuda se hace cada vez m\u00e1s insostenible, as\u00ed que los recortes y las reformas parecen inevitables en un futuro pr\u00f3ximo.<\/b><\/h3>\n<p>&nbsp;<\/p>\n<p><span style=\"font-weight: 400;\">El Banco Central Europeo (BCE) <\/span><a href=\"https:\/\/www.ecb.europa.eu\/press\/pr\/date\/2022\/html\/ecb.pr220615~2aa3900e0a.en.html\" target=\"_blank\" rel=\"noopener\"><span style=\"font-weight: 400;\">anunci\u00f3<\/span><\/a><span style=\"font-weight: 400;\"> a mediados de junio su<\/span><b> intervenci\u00f3n para evitar que se disparen las primas de riesgo de Grecia, Italia, Espa\u00f1a y Portugal<\/b><span style=\"font-weight: 400;\">. En el fondo, se trata de nuevos rescates ante la desconfianza de los mercados hacia unas econom\u00edas con una deuda disparada y un claro desequilibrio en sus cuentas.<\/span><\/p>\n<p><b>La ayuda no supone un cheque en blanco<\/b><span style=\"font-weight: 400;\">, como no lo fue ninguno de los rescates anteriores. Todo indica que la manga ancha que se ha concedido a Espa\u00f1a en la \u00faltima d\u00e9cada a la hora de cumplir sus compromisos de reformas podr\u00eda acabarse en 2024. De momento, las reglas fiscales que limitan el d\u00e9ficit p\u00fablico al 3 % anual y la deuda al 60 % del PIB seguir\u00e1n congeladas en 2023.<\/span><\/p>\n<p><span style=\"font-weight: 400;\">Un informe de la Comisi\u00f3n Europea publicado en mayo recalcaba que <\/span><b>el endeudamiento espa\u00f1ol supera los \u201cniveles de prudencia\u201d<\/b><span style=\"font-weight: 400;\">, por lo que podr\u00eda desestabilizar al conjunto de la UE a causa de los \u201cdesequilibrios macroecon\u00f3micos\u201d. Los t\u00e9cnicos comunitarios ya han pedido la introducci\u00f3n de medidas para mitigar el riesgo a largo plazo de la sostenibilidad fiscal, que deber\u00edan ser adoptadas este mismo a\u00f1o.<\/span><\/p>\n<p>&nbsp;<\/p>\n<h3><b>Pensiones y mercado laboral<\/b><\/h3>\n<p><span style=\"font-weight: 400;\">Ante esta situaci\u00f3n,<\/span><b> los jubilados podr\u00edan ser los grandes damnificados<\/b><span style=\"font-weight: 400;\">. Las pensiones suponen pr\u00e1cticamente un tercio del presupuesto del Estado espa\u00f1ol, as\u00ed que resulta la partida con m\u00e1s margen para el recorte. De hecho, el Gobierno ya se plantea la ampliaci\u00f3n del periodo de referencia para el c\u00e1lculo de las pensiones.<\/span><\/p>\n<p><span style=\"font-weight: 400;\">El otro gran caballo de batalla de la Comisi\u00f3n Europea es la <\/span><b>flexibilizaci\u00f3n del mercado laboral <\/b><span style=\"font-weight: 400;\">para reducir el porcentaje de parados, que es el doble en Espa\u00f1a que en el conjunto de la UE. Obviamente, esta reducci\u00f3n del desempleo para mejorar las cuentas estatales llevar\u00e1 aparejada cierta precarizaci\u00f3n.<\/span><\/p>\n<p><span style=\"font-weight: 400;\">Sea como sea, el objetivo de Bruselas es que la deuda espa\u00f1ola se sit\u00fae el a\u00f1o que viene por debajo del 114 % del PIB. Y est\u00e1n por concretar las exigencias que realizar\u00e1 al Gobierno espa\u00f1ol en cuanto al alcance de los recortes y reformas. En cualquier caso, lo que s\u00ed est\u00e1 claro es que <\/span><b>el grado de exigencia en el cumplimiento de los compromisos aumentar\u00e1<\/b><span style=\"font-weight: 400;\">. El gran crecimiento de la deuda durante la \u00faltima d\u00e9cada no permiten otra opci\u00f3n.<\/span><\/p>\n<p>&nbsp;<\/p>\n<h3><b>No hay dos sin tres<\/b><\/h3>\n<p><span style=\"font-weight: 400;\">Este es el <\/span><b>tercer \u201crescate\u201d de Espa\u00f1a<\/b><span style=\"font-weight: 400;\">, tras el de 2012 al Gobierno de Mariano Rajoy para salvar a la banca y el concedido hace dos a\u00f1os al Ejecutivo de Pedro S\u00e1nchez para afrontar los estragos de la pandemia.<\/span><\/p>\n<p><span style=\"font-weight: 400;\">El primero supuso la inyecci\u00f3n de 100.000 millones de euros a cambio de la <\/span><span style=\"font-weight: 400;\"><a href=\"https:\/\/www.boe.es\/diario_boe\/txt.php?id=BOE-A-2012-14946\" target=\"_blank\" rel=\"noopener\">firma<\/a>\u00a0<\/span><span style=\"font-weight: 400;\">de un \u201cmemorando de entendimiento\u201d. Aunque este documento se centraba sobre todo en la reforma del sector financiero, tambi\u00e9n abordaba aspectos macroecon\u00f3micos. <\/span><b>El acuerdo exig\u00eda rebajar el d\u00e9ficit anual<\/b><span style=\"font-weight: 400;\"> del 6,3 % en 2012 al 2,8 % en 2014, con los consecuentes recortes y subidas de impuestos que ello implic\u00f3. Adem\u00e1s, el documento establec\u00eda que se vigilar\u00edan \u201cestrecha y regularmente\u201d los progresos en la reducci\u00f3n del d\u00e9ficit y la aplicaci\u00f3n de reformas estructurales para\u201dcorregir los desequilibrios macroecon\u00f3micos\u201d.<\/span><\/p>\n<p><span style=\"font-weight: 400;\">Tambi\u00e9n los 140.000 millones de euros que prometi\u00f3 la UE hace ahora dos a\u00f1os a Espa\u00f1a entre subvenciones y pr\u00e9stamos implicaban condiciones muy similares a las de un rescate completo. Las ayudas se est\u00e1n entregando por tramos y <\/span><b>el desembolso se supedita a la aplicaci\u00f3n de las reformas prometidas por el Gobierno espa\u00f1ol<\/b><span style=\"font-weight: 400;\">. De nuevo, estas acabar\u00e1n afectando en un momento u otro sobre todo al sistema de pensiones y al mercado laboral.<\/span><\/p>\n<p><span style=\"font-weight: 400;\">El Gobierno espa\u00f1ol debe enviar cada a\u00f1o a la Comisi\u00f3n Europea <\/span><b>un plan de estabilidad que examinan con lupa en Bruselas<\/b><span style=\"font-weight: 400;\">. Y, aunque no hay \u201chombres de negro\u201d en Madrid, cualquier Gobierno europeo puede paralizar los pagos de los fondos Next Generation si considera que Espa\u00f1a no cumple lo prometido.\u00a0<\/span><\/p>\n<p>&nbsp;<\/p>\n<h3><b>Las experiencias griega e italiana<\/b><\/h3>\n<p><span style=\"font-weight: 400;\">\u00bfHasta d\u00f3nde podr\u00eda llegar el plan de ajustes que exija la UE a Espa\u00f1a? Los casos de Grecia e Italia demuestran que <\/span><b>a los tecn\u00f3cratas europeos no les tiembla el pulso<\/b><span style=\"font-weight: 400;\"> a la hora de tomar medidas para equilibrar las cuentas.\u00a0<\/span><\/p>\n<p><span style=\"font-weight: 400;\">Entre 2010 y 2018, el pa\u00eds heleno vivi\u00f3 un \u201ccorralito\u201d, aplic\u00f3 m\u00faltiples recortes, vendi\u00f3 empresas p\u00fablicas y redujo las pensiones m\u00e1s de un tercio, adem\u00e1s de pasar m\u00faltiples crisis pol\u00edticas. Se calcula que <\/span><b>m\u00e1s de 400.000 griegos tuvieron que abandonar el pa\u00eds<\/b><span style=\"font-weight: 400;\"> durante ese periodo. Y, en el caso de Italia, se lleg\u00f3 a forzar en 2011 el cambio de primer ministro y el nombramiento de un Gobierno t\u00e9cnico casi dise\u00f1ado por Bruselas.<\/span><\/p>\n<p>&nbsp;<\/p>\n<p><b>11Onze es la fintech comunitaria de Catalu\u00f1a. Abre una cuenta descargando la super app El Canut para <\/b><a href=\"https:\/\/play.google.com\/store\/apps\/details?id=com.e11onze.app&amp;utm_source=emailing&amp;utm_campaign=CANUT+launch\" target=\"_blank\" rel=\"noopener\"><b>Android<\/b><\/a><b> o <\/b><a href=\"https:\/\/apps.apple.com\/us\/app\/11onze\/id1566129237?utm_campaign=El+Canut\" target=\"_blank\" rel=\"noopener\"><b>iOS<\/b><\/a><b>. \u00a1\u00danete a la revoluci\u00f3n!<\/b><\/p>\n\n      <\/div>\n    <\/div>\n  <\/div>\n<\/div>\n\n\n<div class=\"component cards\">\n  <div class=\"container\">\n    <div class=\"row\">\n      <div class=\"col col-xl-8 offset-xl-2\">\n        <h1>Si te ha gustado este art\u00edculo, te recomendamos:<\/h1>\n        <div class=\"cards__wrapper\">\n          <div class=\"card\">\n            <a href=\"https:\/\/www.11onze.cat\/es\/magazine\/claves-inevitable-crisis-deuda\/\" class=\"card-link\" target=\"_self\"><\/a>\n            <div class=\"card-img\">\n              <img decoding=\"async\" src=\"https:\/\/www.11onze.cat\/wp-content\/uploads\/2022\/02\/THUMBNAIL_INDICATIUS_CRISIS_GLOBAL-800x533.jpg\" class=\"card-img-top\" alt=\"\">\n                <span class=\"card-category\">Econom\u00eda<\/span>\n            <\/div>\n            <div class=\"card-body\">\n              <p class=\"card-title p2\"><strong>La inevitable crisis de deuda<\/strong><\/p>\n              <span class=\"card-time\">6min lectura<\/span>\n              <p class=\"card-text small\">Todos los \u00edndices de previsi\u00f3n econ\u00f3mica indican que nos<\/p>\n            <\/div>\n          <\/div>\n\n\n          <div class=\"card\">\n            <a href=\"https:\/\/www.11onze.cat\/es\/magazine\/espana-cuadruplica-deuda-15-anos\/\" class=\"card-link\" target=\"_self\"><\/a>\n            <div class=\"card-img\">\n              <img decoding=\"async\" src=\"https:\/\/www.11onze.cat\/wp-content\/uploads\/2022\/06\/THUMBNAIL_DEUTE_ESPANYA.jpg\" class=\"card-img-top\" alt=\"\">\n                <span class=\"card-category\">Econom\u00eda<\/span>\n            <\/div>\n            <div class=\"card-body\">\n              <p class=\"card-title p2\"><strong>Espa\u00f1a casi cuadruplica su deuda en 15 a\u00f1os<\/strong><\/p>\n              <span class=\"card-time\">4min lectura<\/span>\n              <p class=\"card-text small\">Espa\u00f1a ha pasado de una deuda p\u00fablica de 384.662<\/p>\n            <\/div>\n          <\/div>\n\n\n          <div class=\"card\">\n            <a href=\"https:\/\/www.11onze.cat\/es\/magazine\/espana-cuerda-floja-apoyo-bce\/\" class=\"card-link\" target=\"_self\"><\/a>\n            <div class=\"card-img\">\n              <img decoding=\"async\" src=\"https:\/\/www.11onze.cat\/wp-content\/uploads\/2022\/06\/THUMBNAIL_PIGS.jpg\" class=\"card-img-top\" alt=\"\">\n                <span class=\"card-category\">Econom\u00eda<\/span>\n            <\/div>\n            <div class=\"card-body\">\n              <p class=\"card-title p2\"><strong>Espa\u00f1a, en la cuerda floja<\/strong><\/p>\n              <span class=\"card-time\">5min lectura<\/span>\n              <p class=\"card-text small\">Tras la escalada en la prima de riesgo que pagan Grecia, Italia<\/p>\n            <\/div>\n          <\/div>\n\n              <\/div>\n              <br>\n              <br>\n              <div class=\"cards__wrapper\">\n\n        <\/div>\n      <\/div>\n    <\/div>\n  <\/div>\n<\/div>","protected":false},"excerpt":{"rendered":"","protected":false},"author":71,"featured_media":35144,"comment_status":"open","ping_status":"closed","sticky":false,"template":"","format":"standard","meta":{"_acf_changed":false,"content-type":"","footnotes":""},"categories":[28],"tags":[174],"class_list":["post-35146","post","type-post","status-publish","format-standard","has-post-thumbnail","hentry","category-sin-categorizar","tag-economia-es"],"acf":[],"yoast_head":"<!-- This site is optimized with the Yoast SEO plugin v27.5 - https:\/\/yoast.com\/product\/yoast-seo-wordpress\/ -->\n<title>Recortes y reformas, el peaje del rescate a Espa\u00f1a - 11Onze<\/title>\n<meta name=\"description\" content=\"\u00bfQu\u00e9 precio tendr\u00e1 el rescate del Banco Central Europeo para evitar que se dispare la prima de riesgo de la deuda espa\u00f1ola? Todo indica que se avecinan recortes y reformas.\" \/>\n<meta name=\"robots\" content=\"index, follow, max-snippet:-1, max-image-preview:large, max-video-preview:-1\" \/>\n<link rel=\"canonical\" href=\"https:\/\/www.11onze.cat\/es\/magazine\/recortes-reformas-peaje-rescate-espana\/\" \/>\n<meta property=\"og:locale\" content=\"es_ES\" \/>\n<meta property=\"og:type\" content=\"article\" \/>\n<meta property=\"og:title\" content=\"Recortes y reformas, el peaje del rescate a Espa\u00f1a - 11Onze\" \/>\n<meta property=\"og:description\" content=\"\u00bfQu\u00e9 precio tendr\u00e1 el rescate del Banco Central Europeo para evitar que se dispare la prima de riesgo de la deuda espa\u00f1ola? Todo indica que se avecinan recortes y reformas.\" \/>\n<meta property=\"og:url\" content=\"https:\/\/www.11onze.cat\/es\/magazine\/recortes-reformas-peaje-rescate-espana\/\" \/>\n<meta property=\"og:site_name\" content=\"11Onze\" \/>\n<meta property=\"article:publisher\" content=\"https:\/\/www.facebook.com\/11OnzeComunitat\" \/>\n<meta property=\"article:published_time\" content=\"2022-07-21T19:00:00+00:00\" \/>\n<meta property=\"article:modified_time\" content=\"2022-08-11T07:58:36+00:00\" \/>\n<meta property=\"og:image\" content=\"https:\/\/www.11onze.cat\/wp-content\/uploads\/2022\/07\/11ONZE_RETALLADES_REFORMES-800x450.jpg\" \/>\n<meta name=\"author\" content=\"Equip Editorial\" \/>\n<meta name=\"twitter:card\" content=\"summary_large_image\" \/>\n<meta name=\"twitter:title\" content=\"Recortes y reformas, el peaje del rescate a Espa\u00f1a - 11Onze\" \/>\n<meta name=\"twitter:description\" content=\"\u00bfQu\u00e9 precio tendr\u00e1 el rescate del Banco Central Europeo para evitar que se dispare la prima de riesgo de la deuda espa\u00f1ola? Todo indica que se avecinan recortes y reformas.\" \/>\n<meta name=\"twitter:image\" content=\"https:\/\/www.11onze.cat\/wp-content\/uploads\/2022\/07\/11ONZE_RETALLADES_REFORMES-800x450.jpg\" \/>\n<meta name=\"twitter:creator\" content=\"@11OnzeFintech\" \/>\n<meta name=\"twitter:site\" content=\"@11OnzeFintech\" \/>\n<meta name=\"twitter:label1\" content=\"Escrito por\" \/>\n\t<meta name=\"twitter:data1\" content=\"Equip Editorial\" \/>\n<script type=\"application\/ld+json\" class=\"yoast-schema-graph\">{\"@context\":\"https:\\\/\\\/schema.org\",\"@graph\":[{\"@type\":\"Article\",\"@id\":\"https:\\\/\\\/www.11onze.cat\\\/es\\\/magazine\\\/recortes-reformas-peaje-rescate-espana\\\/#article\",\"isPartOf\":{\"@id\":\"https:\\\/\\\/www.11onze.cat\\\/es\\\/magazine\\\/recortes-reformas-peaje-rescate-espana\\\/\"},\"author\":{\"name\":\"Equip Editorial\",\"@id\":\"https:\\\/\\\/www.11onze.cat\\\/es\\\/#\\\/schema\\\/person\\\/636d99b4c82bb7178687ecd43c3a61bd\"},\"headline\":\"Recortes y reformas, el peaje del rescate a Espa\u00f1a\",\"datePublished\":\"2022-07-21T19:00:00+00:00\",\"dateModified\":\"2022-08-11T07:58:36+00:00\",\"mainEntityOfPage\":{\"@id\":\"https:\\\/\\\/www.11onze.cat\\\/es\\\/magazine\\\/recortes-reformas-peaje-rescate-espana\\\/\"},\"wordCount\":10,\"commentCount\":0,\"publisher\":{\"@id\":\"https:\\\/\\\/www.11onze.cat\\\/es\\\/#organization\"},\"image\":{\"@id\":\"https:\\\/\\\/www.11onze.cat\\\/es\\\/magazine\\\/recortes-reformas-peaje-rescate-espana\\\/#primaryimage\"},\"thumbnailUrl\":\"https:\\\/\\\/www.11onze.cat\\\/wp-content\\\/uploads\\\/2022\\\/07\\\/THUMBNAIL_RETALLADES_REFORMES.jpg\",\"keywords\":[\"Econom\u00eda\"],\"articleSection\":[\"Sin categorizar\"],\"inLanguage\":\"es\",\"potentialAction\":[{\"@type\":\"CommentAction\",\"name\":\"Comment\",\"target\":[\"https:\\\/\\\/www.11onze.cat\\\/es\\\/magazine\\\/recortes-reformas-peaje-rescate-espana\\\/#respond\"]}]},{\"@type\":\"WebPage\",\"@id\":\"https:\\\/\\\/www.11onze.cat\\\/es\\\/magazine\\\/recortes-reformas-peaje-rescate-espana\\\/\",\"url\":\"https:\\\/\\\/www.11onze.cat\\\/es\\\/magazine\\\/recortes-reformas-peaje-rescate-espana\\\/\",\"name\":\"Recortes y reformas, el peaje del rescate a Espa\u00f1a - 11Onze\",\"isPartOf\":{\"@id\":\"https:\\\/\\\/www.11onze.cat\\\/es\\\/#website\"},\"primaryImageOfPage\":{\"@id\":\"https:\\\/\\\/www.11onze.cat\\\/es\\\/magazine\\\/recortes-reformas-peaje-rescate-espana\\\/#primaryimage\"},\"image\":{\"@id\":\"https:\\\/\\\/www.11onze.cat\\\/es\\\/magazine\\\/recortes-reformas-peaje-rescate-espana\\\/#primaryimage\"},\"thumbnailUrl\":\"https:\\\/\\\/www.11onze.cat\\\/wp-content\\\/uploads\\\/2022\\\/07\\\/THUMBNAIL_RETALLADES_REFORMES.jpg\",\"datePublished\":\"2022-07-21T19:00:00+00:00\",\"dateModified\":\"2022-08-11T07:58:36+00:00\",\"description\":\"\u00bfQu\u00e9 precio tendr\u00e1 el rescate del Banco Central Europeo para evitar que se dispare la prima de riesgo de la deuda espa\u00f1ola? Todo indica que se avecinan recortes y reformas.\",\"breadcrumb\":{\"@id\":\"https:\\\/\\\/www.11onze.cat\\\/es\\\/magazine\\\/recortes-reformas-peaje-rescate-espana\\\/#breadcrumb\"},\"inLanguage\":\"es\",\"potentialAction\":[{\"@type\":\"ReadAction\",\"target\":[\"https:\\\/\\\/www.11onze.cat\\\/es\\\/magazine\\\/recortes-reformas-peaje-rescate-espana\\\/\"]}]},{\"@type\":\"ImageObject\",\"inLanguage\":\"es\",\"@id\":\"https:\\\/\\\/www.11onze.cat\\\/es\\\/magazine\\\/recortes-reformas-peaje-rescate-espana\\\/#primaryimage\",\"url\":\"https:\\\/\\\/www.11onze.cat\\\/wp-content\\\/uploads\\\/2022\\\/07\\\/THUMBNAIL_RETALLADES_REFORMES.jpg\",\"contentUrl\":\"https:\\\/\\\/www.11onze.cat\\\/wp-content\\\/uploads\\\/2022\\\/07\\\/THUMBNAIL_RETALLADES_REFORMES.jpg\",\"width\":750,\"height\":504},{\"@type\":\"BreadcrumbList\",\"@id\":\"https:\\\/\\\/www.11onze.cat\\\/es\\\/magazine\\\/recortes-reformas-peaje-rescate-espana\\\/#breadcrumb\",\"itemListElement\":[{\"@type\":\"ListItem\",\"position\":1,\"name\":\"Home\",\"item\":\"https:\\\/\\\/www.11onze.cat\\\/es\\\/\"},{\"@type\":\"ListItem\",\"position\":2,\"name\":\"Recortes y reformas, el peaje del rescate a Espa\u00f1a\"}]},{\"@type\":\"WebSite\",\"@id\":\"https:\\\/\\\/www.11onze.cat\\\/es\\\/#website\",\"url\":\"https:\\\/\\\/www.11onze.cat\\\/es\\\/\",\"name\":\"11Onze\",\"description\":\"Primera comunidad fintech digital en Catalu\u00f1a\",\"publisher\":{\"@id\":\"https:\\\/\\\/www.11onze.cat\\\/es\\\/#organization\"},\"potentialAction\":[{\"@type\":\"SearchAction\",\"target\":{\"@type\":\"EntryPoint\",\"urlTemplate\":\"https:\\\/\\\/www.11onze.cat\\\/es\\\/?s={search_term_string}\"},\"query-input\":{\"@type\":\"PropertyValueSpecification\",\"valueRequired\":true,\"valueName\":\"search_term_string\"}}],\"inLanguage\":\"es\"},{\"@type\":\"Organization\",\"@id\":\"https:\\\/\\\/www.11onze.cat\\\/es\\\/#organization\",\"name\":\"11Onze\",\"url\":\"https:\\\/\\\/www.11onze.cat\\\/es\\\/\",\"logo\":{\"@type\":\"ImageObject\",\"inLanguage\":\"es\",\"@id\":\"https:\\\/\\\/www.11onze.cat\\\/es\\\/#\\\/schema\\\/logo\\\/image\\\/\",\"url\":\"https:\\\/\\\/www.11onze.cat\\\/wp-content\\\/uploads\\\/2021\\\/04\\\/512x512-11Onze.jpg\",\"contentUrl\":\"https:\\\/\\\/www.11onze.cat\\\/wp-content\\\/uploads\\\/2021\\\/04\\\/512x512-11Onze.jpg\",\"width\":512,\"height\":512,\"caption\":\"11Onze\"},\"image\":{\"@id\":\"https:\\\/\\\/www.11onze.cat\\\/es\\\/#\\\/schema\\\/logo\\\/image\\\/\"},\"sameAs\":[\"https:\\\/\\\/www.facebook.com\\\/11OnzeComunitat\",\"https:\\\/\\\/x.com\\\/11OnzeFintech\",\"https:\\\/\\\/www.instagram.com\\\/11onzecat\\\/\",\"https:\\\/\\\/www.linkedin.com\\\/company\\\/11onzebanc\",\"https:\\\/\\\/www.youtube.com\\\/channel\\\/UCz63R8Byd_kBKtK2M4Qf_7w\"]},{\"@type\":\"Person\",\"@id\":\"https:\\\/\\\/www.11onze.cat\\\/es\\\/#\\\/schema\\\/person\\\/636d99b4c82bb7178687ecd43c3a61bd\",\"name\":\"Equip Editorial\",\"image\":{\"@type\":\"ImageObject\",\"inLanguage\":\"es\",\"@id\":\"https:\\\/\\\/www.11onze.cat\\\/wp-content\\\/uploads\\\/2022\\\/05\\\/HEADER_AGENTS_DECK-300x300.jpg\",\"url\":\"https:\\\/\\\/www.11onze.cat\\\/wp-content\\\/uploads\\\/2022\\\/05\\\/HEADER_AGENTS_DECK-300x300.jpg\",\"contentUrl\":\"https:\\\/\\\/www.11onze.cat\\\/wp-content\\\/uploads\\\/2022\\\/05\\\/HEADER_AGENTS_DECK-300x300.jpg\",\"caption\":\"Equip Editorial\"},\"url\":\"https:\\\/\\\/www.11onze.cat\\\/es\\\/magazine\\\/author\\\/equip-editorial-11onze\\\/\"}]}<\/script>\n<!-- \/ Yoast SEO plugin. -->","yoast_head_json":{"title":"Recortes y reformas, el peaje del rescate a Espa\u00f1a - 11Onze","description":"\u00bfQu\u00e9 precio tendr\u00e1 el rescate del Banco Central Europeo para evitar que se dispare la prima de riesgo de la deuda espa\u00f1ola? Todo indica que se avecinan recortes y reformas.","robots":{"index":"index","follow":"follow","max-snippet":"max-snippet:-1","max-image-preview":"max-image-preview:large","max-video-preview":"max-video-preview:-1"},"canonical":"https:\/\/www.11onze.cat\/es\/magazine\/recortes-reformas-peaje-rescate-espana\/","og_locale":"es_ES","og_type":"article","og_title":"Recortes y reformas, el peaje del rescate a Espa\u00f1a - 11Onze","og_description":"\u00bfQu\u00e9 precio tendr\u00e1 el rescate del Banco Central Europeo para evitar que se dispare la prima de riesgo de la deuda espa\u00f1ola? Todo indica que se avecinan recortes y reformas.","og_url":"https:\/\/www.11onze.cat\/es\/magazine\/recortes-reformas-peaje-rescate-espana\/","og_site_name":"11Onze","article_publisher":"https:\/\/www.facebook.com\/11OnzeComunitat","article_published_time":"2022-07-21T19:00:00+00:00","article_modified_time":"2022-08-11T07:58:36+00:00","og_image":[{"url":"https:\/\/www.11onze.cat\/wp-content\/uploads\/2022\/07\/11ONZE_RETALLADES_REFORMES-800x450.jpg","type":"","width":"","height":""}],"author":"Equip Editorial","twitter_card":"summary_large_image","twitter_title":"Recortes y reformas, el peaje del rescate a Espa\u00f1a - 11Onze","twitter_description":"\u00bfQu\u00e9 precio tendr\u00e1 el rescate del Banco Central Europeo para evitar que se dispare la prima de riesgo de la deuda espa\u00f1ola? Todo indica que se avecinan recortes y reformas.","twitter_image":"https:\/\/www.11onze.cat\/wp-content\/uploads\/2022\/07\/11ONZE_RETALLADES_REFORMES-800x450.jpg","twitter_creator":"@11OnzeFintech","twitter_site":"@11OnzeFintech","twitter_misc":{"Escrito por":"Equip Editorial"},"schema":{"@context":"https:\/\/schema.org","@graph":[{"@type":"Article","@id":"https:\/\/www.11onze.cat\/es\/magazine\/recortes-reformas-peaje-rescate-espana\/#article","isPartOf":{"@id":"https:\/\/www.11onze.cat\/es\/magazine\/recortes-reformas-peaje-rescate-espana\/"},"author":{"name":"Equip Editorial","@id":"https:\/\/www.11onze.cat\/es\/#\/schema\/person\/636d99b4c82bb7178687ecd43c3a61bd"},"headline":"Recortes y reformas, el peaje del rescate a Espa\u00f1a","datePublished":"2022-07-21T19:00:00+00:00","dateModified":"2022-08-11T07:58:36+00:00","mainEntityOfPage":{"@id":"https:\/\/www.11onze.cat\/es\/magazine\/recortes-reformas-peaje-rescate-espana\/"},"wordCount":10,"commentCount":0,"publisher":{"@id":"https:\/\/www.11onze.cat\/es\/#organization"},"image":{"@id":"https:\/\/www.11onze.cat\/es\/magazine\/recortes-reformas-peaje-rescate-espana\/#primaryimage"},"thumbnailUrl":"https:\/\/www.11onze.cat\/wp-content\/uploads\/2022\/07\/THUMBNAIL_RETALLADES_REFORMES.jpg","keywords":["Econom\u00eda"],"articleSection":["Sin categorizar"],"inLanguage":"es","potentialAction":[{"@type":"CommentAction","name":"Comment","target":["https:\/\/www.11onze.cat\/es\/magazine\/recortes-reformas-peaje-rescate-espana\/#respond"]}]},{"@type":"WebPage","@id":"https:\/\/www.11onze.cat\/es\/magazine\/recortes-reformas-peaje-rescate-espana\/","url":"https:\/\/www.11onze.cat\/es\/magazine\/recortes-reformas-peaje-rescate-espana\/","name":"Recortes y reformas, el peaje del rescate a Espa\u00f1a - 11Onze","isPartOf":{"@id":"https:\/\/www.11onze.cat\/es\/#website"},"primaryImageOfPage":{"@id":"https:\/\/www.11onze.cat\/es\/magazine\/recortes-reformas-peaje-rescate-espana\/#primaryimage"},"image":{"@id":"https:\/\/www.11onze.cat\/es\/magazine\/recortes-reformas-peaje-rescate-espana\/#primaryimage"},"thumbnailUrl":"https:\/\/www.11onze.cat\/wp-content\/uploads\/2022\/07\/THUMBNAIL_RETALLADES_REFORMES.jpg","datePublished":"2022-07-21T19:00:00+00:00","dateModified":"2022-08-11T07:58:36+00:00","description":"\u00bfQu\u00e9 precio tendr\u00e1 el rescate del Banco Central Europeo para evitar que se dispare la prima de riesgo de la deuda espa\u00f1ola? Todo indica que se avecinan recortes y reformas.","breadcrumb":{"@id":"https:\/\/www.11onze.cat\/es\/magazine\/recortes-reformas-peaje-rescate-espana\/#breadcrumb"},"inLanguage":"es","potentialAction":[{"@type":"ReadAction","target":["https:\/\/www.11onze.cat\/es\/magazine\/recortes-reformas-peaje-rescate-espana\/"]}]},{"@type":"ImageObject","inLanguage":"es","@id":"https:\/\/www.11onze.cat\/es\/magazine\/recortes-reformas-peaje-rescate-espana\/#primaryimage","url":"https:\/\/www.11onze.cat\/wp-content\/uploads\/2022\/07\/THUMBNAIL_RETALLADES_REFORMES.jpg","contentUrl":"https:\/\/www.11onze.cat\/wp-content\/uploads\/2022\/07\/THUMBNAIL_RETALLADES_REFORMES.jpg","width":750,"height":504},{"@type":"BreadcrumbList","@id":"https:\/\/www.11onze.cat\/es\/magazine\/recortes-reformas-peaje-rescate-espana\/#breadcrumb","itemListElement":[{"@type":"ListItem","position":1,"name":"Home","item":"https:\/\/www.11onze.cat\/es\/"},{"@type":"ListItem","position":2,"name":"Recortes y reformas, el peaje del rescate a Espa\u00f1a"}]},{"@type":"WebSite","@id":"https:\/\/www.11onze.cat\/es\/#website","url":"https:\/\/www.11onze.cat\/es\/","name":"11Onze","description":"Primera comunidad fintech digital en Catalu\u00f1a","publisher":{"@id":"https:\/\/www.11onze.cat\/es\/#organization"},"potentialAction":[{"@type":"SearchAction","target":{"@type":"EntryPoint","urlTemplate":"https:\/\/www.11onze.cat\/es\/?s={search_term_string}"},"query-input":{"@type":"PropertyValueSpecification","valueRequired":true,"valueName":"search_term_string"}}],"inLanguage":"es"},{"@type":"Organization","@id":"https:\/\/www.11onze.cat\/es\/#organization","name":"11Onze","url":"https:\/\/www.11onze.cat\/es\/","logo":{"@type":"ImageObject","inLanguage":"es","@id":"https:\/\/www.11onze.cat\/es\/#\/schema\/logo\/image\/","url":"https:\/\/www.11onze.cat\/wp-content\/uploads\/2021\/04\/512x512-11Onze.jpg","contentUrl":"https:\/\/www.11onze.cat\/wp-content\/uploads\/2021\/04\/512x512-11Onze.jpg","width":512,"height":512,"caption":"11Onze"},"image":{"@id":"https:\/\/www.11onze.cat\/es\/#\/schema\/logo\/image\/"},"sameAs":["https:\/\/www.facebook.com\/11OnzeComunitat","https:\/\/x.com\/11OnzeFintech","https:\/\/www.instagram.com\/11onzecat\/","https:\/\/www.linkedin.com\/company\/11onzebanc","https:\/\/www.youtube.com\/channel\/UCz63R8Byd_kBKtK2M4Qf_7w"]},{"@type":"Person","@id":"https:\/\/www.11onze.cat\/es\/#\/schema\/person\/636d99b4c82bb7178687ecd43c3a61bd","name":"Equip Editorial","image":{"@type":"ImageObject","inLanguage":"es","@id":"https:\/\/www.11onze.cat\/wp-content\/uploads\/2022\/05\/HEADER_AGENTS_DECK-300x300.jpg","url":"https:\/\/www.11onze.cat\/wp-content\/uploads\/2022\/05\/HEADER_AGENTS_DECK-300x300.jpg","contentUrl":"https:\/\/www.11onze.cat\/wp-content\/uploads\/2022\/05\/HEADER_AGENTS_DECK-300x300.jpg","caption":"Equip Editorial"},"url":"https:\/\/www.11onze.cat\/es\/magazine\/author\/equip-editorial-11onze\/"}]}},"_links":{"self":[{"href":"https:\/\/www.11onze.cat\/es\/wp-json\/wp\/v2\/posts\/35146","targetHints":{"allow":["GET"]}}],"collection":[{"href":"https:\/\/www.11onze.cat\/es\/wp-json\/wp\/v2\/posts"}],"about":[{"href":"https:\/\/www.11onze.cat\/es\/wp-json\/wp\/v2\/types\/post"}],"author":[{"embeddable":true,"href":"https:\/\/www.11onze.cat\/es\/wp-json\/wp\/v2\/users\/71"}],"replies":[{"embeddable":true,"href":"https:\/\/www.11onze.cat\/es\/wp-json\/wp\/v2\/comments?post=35146"}],"version-history":[{"count":0,"href":"https:\/\/www.11onze.cat\/es\/wp-json\/wp\/v2\/posts\/35146\/revisions"}],"wp:featuredmedia":[{"embeddable":true,"href":"https:\/\/www.11onze.cat\/es\/wp-json\/wp\/v2\/media\/35144"}],"wp:attachment":[{"href":"https:\/\/www.11onze.cat\/es\/wp-json\/wp\/v2\/media?parent=35146"}],"wp:term":[{"taxonomy":"category","embeddable":true,"href":"https:\/\/www.11onze.cat\/es\/wp-json\/wp\/v2\/categories?post=35146"},{"taxonomy":"post_tag","embeddable":true,"href":"https:\/\/www.11onze.cat\/es\/wp-json\/wp\/v2\/tags?post=35146"}],"curies":[{"name":"wp","href":"https:\/\/api.w.org\/{rel}","templated":true}]}}