{"id":35130,"date":"2025-06-10T09:00:00","date_gmt":"2025-06-10T07:00:00","guid":{"rendered":"https:\/\/www.11onze.cat\/?p=35130"},"modified":"2025-10-08T15:30:59","modified_gmt":"2025-10-08T13:30:59","slug":"deuda-publica-estimulo-losa-economia","status":"publish","type":"post","link":"https:\/\/www.11onze.cat\/es\/magazine\/deuda-publica-estimulo-losa-economia\/","title":{"rendered":"Deuda p\u00fablica: \u00bfest\u00edmulo o losa para la econom\u00eda?"},"content":{"rendered":"<div class=\"component text\">\n  <div class=\"container\">\n\n\n    <div class=\"row\">\n      <div class=\"col  col-lg-8  offset-lg-2\">\n        <h3><b>El deute p\u00fablic en el m\u00f3n s&#8217;ha disparat en els \u00faltims anys i les seves xifres ja s\u00f3n similars a les del PIB global. Tot i que pot ser un recurs molt \u00fatil per estimular l&#8217;economia en moments d&#8217;estancament o per millorar la competitivitat d&#8217;un pa\u00eds, els actuals nivells de deute generen molta inquietud per com pot llastrar el creixement.<\/b><\/h3>\n<p>&nbsp;<\/p>\n<p><span style=\"font-weight: 400\">En macroeconomia,<\/span><b> el deute p\u00fablic no es considera necess\u00e0riament una cosa dolenta<\/b><span style=\"font-weight: 400\">. De fet, pot ser molt positiva. Tot i que costi digerir aquesta afirmaci\u00f3 contraintu\u00eftiva, la veritat \u00e9s que els Estats l&#8217;han utilitzat des de fa segles per finan\u00e7ar-se sense que, en la majoria dels casos, hagi condu\u00eft a la ru\u00efna dels pa\u00efsos.<\/span><\/p>\n<p><span style=\"font-weight: 400\">Qu\u00e8 determina llavors la seva incid\u00e8ncia positiva o negativa en l&#8217;evoluci\u00f3 de l&#8217;economia? Per qu\u00e8 el que hauria de ser un recurs pot convertir-se en una llosa? Hi ha tres factors clau: com s&#8217;utilitzen aquests diners, el context competitiu global i el volum de deute.<\/span><\/p>\n<p>&nbsp;<\/p>\n<h3><b>Oli per al motor econ\u00f2mic<\/b><\/h3>\n<p><span style=\"font-weight: 400\">L&#8217;economia \u00e9s un complex engranatge que peri\u00f2dicament passa per alts i baixos, en cicles que es van encadenant. Quan aquest engranatge s&#8217;encalla, el deute p\u00fablic pot servir com a lubrificant per a millorar el seu funcionament. D&#8217;aqu\u00ed ve que els Estats tendeixin a aplicar <\/span><b>pol\u00edtiques d&#8217;inversi\u00f3 p\u00fablica expansives quan l&#8217;economia s&#8217;estanca<\/b><span style=\"font-weight: 400\"> i hagin d&#8217;aprofitar els cicles de creixement econ\u00f2mic, en els quals augmenten els seus ingressos gr\u00e0cies a la major recaptaci\u00f3, per a equilibrar els seus comptes.<\/span><\/p>\n<p><span style=\"font-weight: 400\">El deute p\u00fablic t\u00e9 <\/span><b>conseq\u00fc\u00e8ncies tant en el present com en el futur<\/b><span style=\"font-weight: 400\">. L&#8217;objectiu m\u00e9s immediat \u00e9s facilitar recursos per a evitar el col\u00b7lapse econ\u00f2mic. Si en un context de crisi una empresa normalment rendible veu redu\u00efdes les seves vendes i entra en n\u00fameros vermells, podria arribar a tancar. Com a conseq\u00fc\u00e8ncia, augmentaria l&#8217;atur i el que fins llavors eren ingressos per a l&#8217;Estat gr\u00e0cies als impostos sobre les seves vendes passarien a ser despeses en forma de prestacions per desocupaci\u00f3. Al seu torn, els menors ingressos dels treballadors reduirien la seva capacitat adquisitiva, amb la qual cosa cada vegada m\u00e9s empreses es veurien en una situaci\u00f3 prec\u00e0ria per la reducci\u00f3 de la demanda.<\/span><\/p>\n<p><span style=\"font-weight: 400\">Per aix\u00f2 el deute p\u00fablic s&#8217;utilitza en un primer nivell per a frenar la sagnia en situacions excepcionals a trav\u00e9s d&#8217;ajudes i est\u00edmuls fiscals que evitin la destrucci\u00f3 de teixit productiu. Aix\u00f2 explica, per exemple, que ara es plantegi una rebaixa en la quota d&#8217;aut\u00f2noms per evitar el tancament de moltes microempreses. I fins i tot el subsidi per desocupaci\u00f3 i altres despeses corrents es podrien considerar instruments per evitar que la demanda s\u2019enfonsi en un context d&#8217;estancament o recessi\u00f3.<\/span><\/p>\n<p><span style=\"font-weight: 400\">Si l&#8217;endeutament conjuntural fa possible que el sistema prengui aire i torni a ser competitiu sense els est\u00edmuls p\u00fablics, l&#8217;economia podria sortir refor\u00e7ada. Per\u00f2 si aquest endeutament tan sols serveix per mantenir viu el teixit productiu de manera artificial, estar\u00edem davant una economia zombi, incapa\u00e7 de sobreviure sense els est\u00edmuls p\u00fablics, aix\u00ed que <\/span><b>el deute podria fer-se cr\u00f2nic<\/b><span style=\"font-weight: 400\">. D&#8217;aqu\u00ed la import\u00e0ncia de com s&#8217;utilitza el deute p\u00fablic i d&#8217;acompanyar aquesta inversi\u00f3 de les necess\u00e0ries reformes estructurals.<\/span><\/p>\n<p>&nbsp;<\/p>\n<h3><b>Competitivitat, la paraula m\u00e0gica<\/b><\/h3>\n<p><span style=\"font-weight: 400\">M\u00e9s enll\u00e0 de parar el cop en una crisi, el deute p\u00fablic tamb\u00e9 <\/span><b>pot servir per augmentar el potencial de creixement d&#8217;una economia<\/b><span style=\"font-weight: 400\">. La inversi\u00f3 p\u00fablica en infraestructures, educaci\u00f3, sanitat o pol\u00edtiques actives d&#8217;ocupaci\u00f3 pot enfortir les bases per al futur desenvolupament.<\/span><\/p>\n<p><span style=\"font-weight: 400\">Tot i que en un primer moment poden incrementar-se el d\u00e8ficit i el deute, com a contrapartida tindrem una economia m\u00e9s forta. I aix\u00f2 suposar\u00e0 una major capacitat per fer front al pagament d&#8217;interessos i l&#8217;amortitzaci\u00f3 del deute gr\u00e0cies a la major recaptaci\u00f3.<\/span><\/p>\n<p><span style=\"font-weight: 400\">Un exemple de bona praxi bastant acceptat \u00e9s la inversi\u00f3 que va suposar la American Recovery and Reinvestment <\/span><span style=\"font-weight: 400\"><a href=\"https:\/\/www.congress.gov\/bill\/111th-congress\/house-bill\/1\/text\" target=\"_blank\" rel=\"noopener\">Act<\/a> <\/span><span style=\"font-weight: 400\">despr\u00e9s de la crisi financera de 2007-2008. Els m\u00e9s de tres quarts de bili\u00f3 de d\u00f2lars de despesa aprovats pel Congr\u00e9s nord-americ\u00e0 van permetre modernitzar les infraestructures i xarxes tecnol\u00f2giques als Estats Units. A m\u00e9s, la reforma sanit\u00e0ria i del sistema de desocupaci\u00f3 va millorar la cohesi\u00f3 social. Tot aix\u00f2 ha contribu\u00eft al fet que <\/span><b>l&#8217;economia nord-americana es trobi avui dia en una situaci\u00f3 una mica menys compromesa que l&#8217;europea<\/b><span style=\"font-weight: 400\">.<\/span><\/p>\n<p><span style=\"font-weight: 400\">De tota manera, des de fa bastants anys els pa\u00efsos desenvolupats s&#8217;enfronten a una <\/span><b>inquietant p\u00e8rdua de competitivitat<\/b><span style=\"font-weight: 400\">, la qual cosa complica el seu creixement econ\u00f2mic i limita la seva capacitat per equilibrar els seus nivells de deute.<\/span><\/p>\n<p>&nbsp;<\/p>\n<h3><b>Els riscos d&#8217;un deute excessiu<\/b><\/h3>\n<p><span style=\"font-weight: 400\">\u00c9s necessari tenir present que, encara que el deute no sigui dolent en si mateix, suposa un comprom\u00eds de devoluci\u00f3 amb interessos en el futur. I aix\u00f2<\/span><b> pot arribar a restringir el marge financer i pressupostari de l&#8217;Estat<\/b><span style=\"font-weight: 400\"> si no es produeix un augment d&#8217;ingressos que el compensi. A m\u00e9s, l&#8217;emissi\u00f3 de deute p\u00fablic pot atreure capital que d&#8217;una altra manera es destinaria al finan\u00e7ament del sector privat.<\/span><\/p>\n<p><span style=\"font-weight: 400\">Tot i que el l\u00edmit de deute p\u00fablic que estableix el <\/span><a href=\"https:\/\/www.europarl.europa.eu\/about-parliament\/es\/in-the-past\/the-parliament-and-the-treaties\/maastricht-treaty\" target=\"_blank\" rel=\"noopener\"><span style=\"font-weight: 400\">Tractat<\/span><\/a><span style=\"font-weight: 400\"> de Maastricht per als Estats \u00e9s del 60 % del seu PIB, el conjunt de pa\u00efsos de la zona euro ja porta un any per sobre del 100 %, segons dades d&#8217;Eurostat. La situaci\u00f3 fora d&#8217;Europa no \u00e9s millor, ja que el Fons Monetari Internacional estima que, a finals de 2021, <\/span><b>el deute p\u00fablic global representava el 100 % del PIB mundial<\/b><span style=\"font-weight: 400\">. I la situaci\u00f3 podria empitjorar si la crisi s&#8217;accentua.<\/span><\/p>\n<p><span style=\"font-weight: 400\">Espanya ja porta m\u00e9s d&#8217;una d\u00e8cada per sobre de la recomanaci\u00f3 del 60%. De fet, el Fons Monetari Internacional va fer una s\u00e8rie d&#8217;advert\u00e8ncies a Espanya al mar\u00e7 pel <\/span><b>risc que el deute s\u2019estanqui en cotes superiors al 115 % del PIB<\/b><span style=\"font-weight: 400\">. Per\u00f2, en vista de l&#8217;evoluci\u00f3 actual, ser\u00e0 dif\u00edcil que aquesta r\u00e0tio es redueixi en el futur pr\u00f2xim. I m\u00e9s si tenim en compte l&#8217;estructura demogr\u00e0fica, que en els pr\u00f2xims anys disparar\u00e0 la despesa en pensions.<\/span><\/p>\n<p><b>La majoria d&#8217;economistes adverteixen contra aquest exc\u00e9s de deute p\u00fablic<\/b><span style=\"font-weight: 400\">. \u00c9s significatiu que una <a href=\"https:\/\/www.cato.org\/cato-journal\/fall-2021\/impact-public-debt-economic-growth\" target=\"_blank\" rel=\"noopener\">revisi\u00f3<\/a> de 40 estudis publicats durant la d\u00e8cada passada indiqui que 36 d&#8217;ells conclouen que el deute t\u00e9 una influ\u00e8ncia negativa en el creixement econ\u00f2mic.<\/span><\/p>\n<p>&nbsp;<\/p>\n<p><b>11Onze \u00e9s la fintech comunit\u00e0ria de Catalunya. Obre un compte descarregant la super app El Canut per <\/b><a href=\"https:\/\/play.google.com\/store\/apps\/details?id=com.e11onze.app&amp;utm_source=emailing&amp;utm_campaign=CANUT+launch\" target=\"_blank\" rel=\"noopener\"><b>Android<\/b><\/a><b> o <\/b><a href=\"https:\/\/apps.apple.com\/us\/app\/11onze\/id1566129237?utm_campaign=El+Canut\" target=\"_blank\" rel=\"noopener\"><b>iOS<\/b><\/a><b>. Uneix-te a la revoluci\u00f3!<\/b><\/p>\n\n      <\/div>\n    <\/div>\n  <\/div>\n<\/div>\n<div class=\"component cards\">\n  <div class=\"container\">\n    <div class=\"row\">\n      <div class=\"col col-xl-8 offset-xl-2\">\n        <h1>Si t&#8217;ha agradat aquesta not\u00edcia, et recomanem:<\/h1>\n        <div class=\"cards__wrapper\">\n          <div class=\"card\">\n            <a href=\"https:\/\/www.11onze.cat\/magazine\/espanya-gairebe-quadruplica-deute-15-anys\/\" class=\"card-link\" target=\"_self\"><\/a>\n            <div class=\"card-img\">\n              <img decoding=\"async\" src=\"https:\/\/www.11onze.cat\/wp-content\/uploads\/2022\/06\/THUMBNAIL_DEUTE_ESPANYA.jpg\" class=\"card-img-top\" alt=\"\">\n                <span class=\"card-category\">Economia<\/span>\n            <\/div>\n            <div class=\"card-body\">\n              <p class=\"card-title p2\"><strong>Espanya quadruplica el deute<\/strong><\/p>\n              <span class=\"card-time\">4min lectura<\/span>\n              <p class=\"card-text small\">En un any el deute ha pujat 55.760 milions d\u2019euros&#8230;<\/p>\n            <\/div>\n          <\/div>\n\n\n          <div class=\"card\">\n            <a href=\"https:\/\/www.11onze.cat\/magazine\/interes-deute-maxims-2015\/\" class=\"card-link\" target=\"_self\"><\/a>\n            <div class=\"card-img\">\n              <img decoding=\"async\" src=\"https:\/\/www.11onze.cat\/wp-content\/uploads\/2022\/05\/THUMBNAIL_BONS_ALEMANYS.jpg\" class=\"card-img-top\" alt=\"\">\n                <span class=\"card-category\">Economia<\/span>\n            <\/div>\n            <div class=\"card-body\">\n              <p class=\"card-title p2\"><strong>L\u2019inter\u00e8s del deute<\/strong><\/p>\n              <span class=\"card-time\">5min lectura<\/span>\n              <p class=\"card-text small\">El deute p\u00fablic a Europa est\u00e0 en m\u00e0xims hist\u00f2rics i els interessos que han de pagar&#8230;<\/p>\n            <\/div>\n          <\/div>\n\n\n          <div class=\"card\">\n            <a href=\"https:\/\/www.11onze.cat\/magazine\/claus-inevitable-crisi-deute\/\" class=\"card-link\" target=\"_self\"><\/a>\n            <div class=\"card-img\">\n              <img decoding=\"async\" src=\"https:\/\/www.11onze.cat\/wp-content\/uploads\/2022\/02\/THUMBNAIL_INDICATIUS_CRISIS_GLOBAL-800x533.jpg\" class=\"card-img-top\" alt=\"\">\n                <span class=\"card-category\">Economia<\/span>\n            <\/div>\n            <div class=\"card-body\">\n              <p class=\"card-title p2\"><strong>La inevitable crisi de deute<\/strong><\/p>\n              <span class=\"card-time\">6min lectura<\/span>\n              <p class=\"card-text small\">Resumim les claus per entendre la crisi global de deute&#8230;<\/p>\n            <\/div>\n          <\/div>\n\n              <\/div>\n              <br>\n              <br>\n              <div class=\"cards__wrapper\">\n\n        <\/div>\n      <\/div>\n    <\/div>\n  <\/div>\n<\/div>","protected":false},"excerpt":{"rendered":"","protected":false},"author":71,"featured_media":35124,"comment_status":"open","ping_status":"closed","sticky":false,"template":"","format":"standard","meta":{"_acf_changed":false,"content-type":"","footnotes":""},"categories":[28],"tags":[174],"class_list":["post-35130","post","type-post","status-publish","format-standard","has-post-thumbnail","hentry","category-sin-categorizar","tag-economia-es"],"acf":[],"yoast_head":"<!-- This site is optimized with the Yoast SEO plugin v27.5 - https:\/\/yoast.com\/product\/yoast-seo-wordpress\/ -->\n<title>Deuda p\u00fablica: \u00bfest\u00edmulo o losa para la econom\u00eda? - 11Onze<\/title>\n<meta name=\"description\" content=\"Aunque la deuda p\u00fablica puede ser un recurso muy \u00fatil para estimular la econom\u00eda y aumentar la competitividad, los actuales niveles generan muchas inquietudes.\" \/>\n<meta name=\"robots\" content=\"index, follow, max-snippet:-1, max-image-preview:large, max-video-preview:-1\" \/>\n<link rel=\"canonical\" href=\"https:\/\/www.11onze.cat\/es\/magazine\/deuda-publica-estimulo-losa-economia\/\" \/>\n<meta property=\"og:locale\" content=\"es_ES\" \/>\n<meta property=\"og:type\" content=\"article\" \/>\n<meta property=\"og:title\" content=\"Deuda p\u00fablica: \u00bfest\u00edmulo o losa para la econom\u00eda? - 11Onze\" \/>\n<meta property=\"og:description\" content=\"Aunque la deuda p\u00fablica puede ser un recurso muy \u00fatil para estimular la econom\u00eda y aumentar la competitividad, los actuales niveles generan muchas inquietudes.\" \/>\n<meta property=\"og:url\" content=\"https:\/\/www.11onze.cat\/es\/magazine\/deuda-publica-estimulo-losa-economia\/\" \/>\n<meta property=\"og:site_name\" content=\"11Onze\" \/>\n<meta property=\"article:publisher\" content=\"https:\/\/www.facebook.com\/11OnzeComunitat\" \/>\n<meta property=\"article:published_time\" content=\"2025-06-10T07:00:00+00:00\" \/>\n<meta property=\"article:modified_time\" content=\"2025-10-08T13:30:59+00:00\" \/>\n<meta property=\"og:image\" content=\"https:\/\/www.11onze.cat\/wp-content\/uploads\/2022\/07\/11ONZE_DEUTE_PUBLIC-800x450.jpg\" \/>\n<meta name=\"author\" content=\"Equip Editorial\" \/>\n<meta name=\"twitter:card\" content=\"summary_large_image\" \/>\n<meta name=\"twitter:title\" content=\"Deuda p\u00fablica: \u00bfest\u00edmulo o losa para la econom\u00eda? - 11Onze\" \/>\n<meta name=\"twitter:description\" content=\"Aunque la deuda p\u00fablica puede ser un recurso muy \u00fatil para estimular la econom\u00eda y aumentar la competitividad, los actuales niveles generan muchas inquietudes.\" \/>\n<meta name=\"twitter:image\" content=\"https:\/\/www.11onze.cat\/wp-content\/uploads\/2022\/07\/11ONZE_DEUTE_PUBLIC-800x450.jpg\" \/>\n<meta name=\"twitter:creator\" content=\"@11OnzeFintech\" \/>\n<meta name=\"twitter:site\" content=\"@11OnzeFintech\" \/>\n<meta name=\"twitter:label1\" content=\"Escrito por\" \/>\n\t<meta name=\"twitter:data1\" content=\"Equip Editorial\" \/>\n\t<meta name=\"twitter:label2\" content=\"Tiempo de lectura\" \/>\n\t<meta name=\"twitter:data2\" content=\"1 minuto\" \/>\n<script type=\"application\/ld+json\" class=\"yoast-schema-graph\">{\"@context\":\"https:\\\/\\\/schema.org\",\"@graph\":[{\"@type\":\"Article\",\"@id\":\"https:\\\/\\\/www.11onze.cat\\\/es\\\/magazine\\\/deuda-publica-estimulo-losa-economia\\\/#article\",\"isPartOf\":{\"@id\":\"https:\\\/\\\/www.11onze.cat\\\/es\\\/magazine\\\/deuda-publica-estimulo-losa-economia\\\/\"},\"author\":{\"name\":\"Equip Editorial\",\"@id\":\"https:\\\/\\\/www.11onze.cat\\\/es\\\/#\\\/schema\\\/person\\\/636d99b4c82bb7178687ecd43c3a61bd\"},\"headline\":\"Deuda p\u00fablica: \u00bfest\u00edmulo o losa para la econom\u00eda?\",\"datePublished\":\"2025-06-10T07:00:00+00:00\",\"dateModified\":\"2025-10-08T13:30:59+00:00\",\"mainEntityOfPage\":{\"@id\":\"https:\\\/\\\/www.11onze.cat\\\/es\\\/magazine\\\/deuda-publica-estimulo-losa-economia\\\/\"},\"wordCount\":11,\"commentCount\":0,\"publisher\":{\"@id\":\"https:\\\/\\\/www.11onze.cat\\\/es\\\/#organization\"},\"image\":{\"@id\":\"https:\\\/\\\/www.11onze.cat\\\/es\\\/magazine\\\/deuda-publica-estimulo-losa-economia\\\/#primaryimage\"},\"thumbnailUrl\":\"https:\\\/\\\/www.11onze.cat\\\/wp-content\\\/uploads\\\/2022\\\/07\\\/THUMBNAIL_DEUTE_PUBLIC.jpg\",\"keywords\":[\"Econom\u00eda\"],\"articleSection\":[\"Sin categorizar\"],\"inLanguage\":\"es\",\"potentialAction\":[{\"@type\":\"CommentAction\",\"name\":\"Comment\",\"target\":[\"https:\\\/\\\/www.11onze.cat\\\/es\\\/magazine\\\/deuda-publica-estimulo-losa-economia\\\/#respond\"]}]},{\"@type\":\"WebPage\",\"@id\":\"https:\\\/\\\/www.11onze.cat\\\/es\\\/magazine\\\/deuda-publica-estimulo-losa-economia\\\/\",\"url\":\"https:\\\/\\\/www.11onze.cat\\\/es\\\/magazine\\\/deuda-publica-estimulo-losa-economia\\\/\",\"name\":\"Deuda p\u00fablica: \u00bfest\u00edmulo o losa para la econom\u00eda? - 11Onze\",\"isPartOf\":{\"@id\":\"https:\\\/\\\/www.11onze.cat\\\/es\\\/#website\"},\"primaryImageOfPage\":{\"@id\":\"https:\\\/\\\/www.11onze.cat\\\/es\\\/magazine\\\/deuda-publica-estimulo-losa-economia\\\/#primaryimage\"},\"image\":{\"@id\":\"https:\\\/\\\/www.11onze.cat\\\/es\\\/magazine\\\/deuda-publica-estimulo-losa-economia\\\/#primaryimage\"},\"thumbnailUrl\":\"https:\\\/\\\/www.11onze.cat\\\/wp-content\\\/uploads\\\/2022\\\/07\\\/THUMBNAIL_DEUTE_PUBLIC.jpg\",\"datePublished\":\"2025-06-10T07:00:00+00:00\",\"dateModified\":\"2025-10-08T13:30:59+00:00\",\"description\":\"Aunque la deuda p\u00fablica puede ser un recurso muy \u00fatil para estimular la econom\u00eda y aumentar la competitividad, los actuales niveles generan muchas inquietudes.\",\"breadcrumb\":{\"@id\":\"https:\\\/\\\/www.11onze.cat\\\/es\\\/magazine\\\/deuda-publica-estimulo-losa-economia\\\/#breadcrumb\"},\"inLanguage\":\"es\",\"potentialAction\":[{\"@type\":\"ReadAction\",\"target\":[\"https:\\\/\\\/www.11onze.cat\\\/es\\\/magazine\\\/deuda-publica-estimulo-losa-economia\\\/\"]}]},{\"@type\":\"ImageObject\",\"inLanguage\":\"es\",\"@id\":\"https:\\\/\\\/www.11onze.cat\\\/es\\\/magazine\\\/deuda-publica-estimulo-losa-economia\\\/#primaryimage\",\"url\":\"https:\\\/\\\/www.11onze.cat\\\/wp-content\\\/uploads\\\/2022\\\/07\\\/THUMBNAIL_DEUTE_PUBLIC.jpg\",\"contentUrl\":\"https:\\\/\\\/www.11onze.cat\\\/wp-content\\\/uploads\\\/2022\\\/07\\\/THUMBNAIL_DEUTE_PUBLIC.jpg\",\"width\":750,\"height\":504},{\"@type\":\"BreadcrumbList\",\"@id\":\"https:\\\/\\\/www.11onze.cat\\\/es\\\/magazine\\\/deuda-publica-estimulo-losa-economia\\\/#breadcrumb\",\"itemListElement\":[{\"@type\":\"ListItem\",\"position\":1,\"name\":\"Home\",\"item\":\"https:\\\/\\\/www.11onze.cat\\\/es\\\/\"},{\"@type\":\"ListItem\",\"position\":2,\"name\":\"Deuda p\u00fablica: \u00bfest\u00edmulo o losa para la econom\u00eda?\"}]},{\"@type\":\"WebSite\",\"@id\":\"https:\\\/\\\/www.11onze.cat\\\/es\\\/#website\",\"url\":\"https:\\\/\\\/www.11onze.cat\\\/es\\\/\",\"name\":\"11Onze\",\"description\":\"Primera comunidad fintech digital en Catalu\u00f1a\",\"publisher\":{\"@id\":\"https:\\\/\\\/www.11onze.cat\\\/es\\\/#organization\"},\"potentialAction\":[{\"@type\":\"SearchAction\",\"target\":{\"@type\":\"EntryPoint\",\"urlTemplate\":\"https:\\\/\\\/www.11onze.cat\\\/es\\\/?s={search_term_string}\"},\"query-input\":{\"@type\":\"PropertyValueSpecification\",\"valueRequired\":true,\"valueName\":\"search_term_string\"}}],\"inLanguage\":\"es\"},{\"@type\":\"Organization\",\"@id\":\"https:\\\/\\\/www.11onze.cat\\\/es\\\/#organization\",\"name\":\"11Onze\",\"url\":\"https:\\\/\\\/www.11onze.cat\\\/es\\\/\",\"logo\":{\"@type\":\"ImageObject\",\"inLanguage\":\"es\",\"@id\":\"https:\\\/\\\/www.11onze.cat\\\/es\\\/#\\\/schema\\\/logo\\\/image\\\/\",\"url\":\"https:\\\/\\\/www.11onze.cat\\\/wp-content\\\/uploads\\\/2021\\\/04\\\/512x512-11Onze.jpg\",\"contentUrl\":\"https:\\\/\\\/www.11onze.cat\\\/wp-content\\\/uploads\\\/2021\\\/04\\\/512x512-11Onze.jpg\",\"width\":512,\"height\":512,\"caption\":\"11Onze\"},\"image\":{\"@id\":\"https:\\\/\\\/www.11onze.cat\\\/es\\\/#\\\/schema\\\/logo\\\/image\\\/\"},\"sameAs\":[\"https:\\\/\\\/www.facebook.com\\\/11OnzeComunitat\",\"https:\\\/\\\/x.com\\\/11OnzeFintech\",\"https:\\\/\\\/www.instagram.com\\\/11onzecat\\\/\",\"https:\\\/\\\/www.linkedin.com\\\/company\\\/11onzebanc\",\"https:\\\/\\\/www.youtube.com\\\/channel\\\/UCz63R8Byd_kBKtK2M4Qf_7w\"]},{\"@type\":\"Person\",\"@id\":\"https:\\\/\\\/www.11onze.cat\\\/es\\\/#\\\/schema\\\/person\\\/636d99b4c82bb7178687ecd43c3a61bd\",\"name\":\"Equip Editorial\",\"image\":{\"@type\":\"ImageObject\",\"inLanguage\":\"es\",\"@id\":\"https:\\\/\\\/www.11onze.cat\\\/wp-content\\\/uploads\\\/2022\\\/05\\\/HEADER_AGENTS_DECK-300x300.jpg\",\"url\":\"https:\\\/\\\/www.11onze.cat\\\/wp-content\\\/uploads\\\/2022\\\/05\\\/HEADER_AGENTS_DECK-300x300.jpg\",\"contentUrl\":\"https:\\\/\\\/www.11onze.cat\\\/wp-content\\\/uploads\\\/2022\\\/05\\\/HEADER_AGENTS_DECK-300x300.jpg\",\"caption\":\"Equip Editorial\"},\"url\":\"https:\\\/\\\/www.11onze.cat\\\/es\\\/magazine\\\/author\\\/equip-editorial-11onze\\\/\"}]}<\/script>\n<!-- \/ Yoast SEO plugin. -->","yoast_head_json":{"title":"Deuda p\u00fablica: \u00bfest\u00edmulo o losa para la econom\u00eda? - 11Onze","description":"Aunque la deuda p\u00fablica puede ser un recurso muy \u00fatil para estimular la econom\u00eda y aumentar la competitividad, los actuales niveles generan muchas inquietudes.","robots":{"index":"index","follow":"follow","max-snippet":"max-snippet:-1","max-image-preview":"max-image-preview:large","max-video-preview":"max-video-preview:-1"},"canonical":"https:\/\/www.11onze.cat\/es\/magazine\/deuda-publica-estimulo-losa-economia\/","og_locale":"es_ES","og_type":"article","og_title":"Deuda p\u00fablica: \u00bfest\u00edmulo o losa para la econom\u00eda? - 11Onze","og_description":"Aunque la deuda p\u00fablica puede ser un recurso muy \u00fatil para estimular la econom\u00eda y aumentar la competitividad, los actuales niveles generan muchas inquietudes.","og_url":"https:\/\/www.11onze.cat\/es\/magazine\/deuda-publica-estimulo-losa-economia\/","og_site_name":"11Onze","article_publisher":"https:\/\/www.facebook.com\/11OnzeComunitat","article_published_time":"2025-06-10T07:00:00+00:00","article_modified_time":"2025-10-08T13:30:59+00:00","og_image":[{"url":"https:\/\/www.11onze.cat\/wp-content\/uploads\/2022\/07\/11ONZE_DEUTE_PUBLIC-800x450.jpg","type":"","width":"","height":""}],"author":"Equip Editorial","twitter_card":"summary_large_image","twitter_title":"Deuda p\u00fablica: \u00bfest\u00edmulo o losa para la econom\u00eda? - 11Onze","twitter_description":"Aunque la deuda p\u00fablica puede ser un recurso muy \u00fatil para estimular la econom\u00eda y aumentar la competitividad, los actuales niveles generan muchas inquietudes.","twitter_image":"https:\/\/www.11onze.cat\/wp-content\/uploads\/2022\/07\/11ONZE_DEUTE_PUBLIC-800x450.jpg","twitter_creator":"@11OnzeFintech","twitter_site":"@11OnzeFintech","twitter_misc":{"Escrito por":"Equip Editorial","Tiempo de lectura":"1 minuto"},"schema":{"@context":"https:\/\/schema.org","@graph":[{"@type":"Article","@id":"https:\/\/www.11onze.cat\/es\/magazine\/deuda-publica-estimulo-losa-economia\/#article","isPartOf":{"@id":"https:\/\/www.11onze.cat\/es\/magazine\/deuda-publica-estimulo-losa-economia\/"},"author":{"name":"Equip Editorial","@id":"https:\/\/www.11onze.cat\/es\/#\/schema\/person\/636d99b4c82bb7178687ecd43c3a61bd"},"headline":"Deuda p\u00fablica: \u00bfest\u00edmulo o losa para la econom\u00eda?","datePublished":"2025-06-10T07:00:00+00:00","dateModified":"2025-10-08T13:30:59+00:00","mainEntityOfPage":{"@id":"https:\/\/www.11onze.cat\/es\/magazine\/deuda-publica-estimulo-losa-economia\/"},"wordCount":11,"commentCount":0,"publisher":{"@id":"https:\/\/www.11onze.cat\/es\/#organization"},"image":{"@id":"https:\/\/www.11onze.cat\/es\/magazine\/deuda-publica-estimulo-losa-economia\/#primaryimage"},"thumbnailUrl":"https:\/\/www.11onze.cat\/wp-content\/uploads\/2022\/07\/THUMBNAIL_DEUTE_PUBLIC.jpg","keywords":["Econom\u00eda"],"articleSection":["Sin categorizar"],"inLanguage":"es","potentialAction":[{"@type":"CommentAction","name":"Comment","target":["https:\/\/www.11onze.cat\/es\/magazine\/deuda-publica-estimulo-losa-economia\/#respond"]}]},{"@type":"WebPage","@id":"https:\/\/www.11onze.cat\/es\/magazine\/deuda-publica-estimulo-losa-economia\/","url":"https:\/\/www.11onze.cat\/es\/magazine\/deuda-publica-estimulo-losa-economia\/","name":"Deuda p\u00fablica: \u00bfest\u00edmulo o losa para la econom\u00eda? - 11Onze","isPartOf":{"@id":"https:\/\/www.11onze.cat\/es\/#website"},"primaryImageOfPage":{"@id":"https:\/\/www.11onze.cat\/es\/magazine\/deuda-publica-estimulo-losa-economia\/#primaryimage"},"image":{"@id":"https:\/\/www.11onze.cat\/es\/magazine\/deuda-publica-estimulo-losa-economia\/#primaryimage"},"thumbnailUrl":"https:\/\/www.11onze.cat\/wp-content\/uploads\/2022\/07\/THUMBNAIL_DEUTE_PUBLIC.jpg","datePublished":"2025-06-10T07:00:00+00:00","dateModified":"2025-10-08T13:30:59+00:00","description":"Aunque la deuda p\u00fablica puede ser un recurso muy \u00fatil para estimular la econom\u00eda y aumentar la competitividad, los actuales niveles generan muchas inquietudes.","breadcrumb":{"@id":"https:\/\/www.11onze.cat\/es\/magazine\/deuda-publica-estimulo-losa-economia\/#breadcrumb"},"inLanguage":"es","potentialAction":[{"@type":"ReadAction","target":["https:\/\/www.11onze.cat\/es\/magazine\/deuda-publica-estimulo-losa-economia\/"]}]},{"@type":"ImageObject","inLanguage":"es","@id":"https:\/\/www.11onze.cat\/es\/magazine\/deuda-publica-estimulo-losa-economia\/#primaryimage","url":"https:\/\/www.11onze.cat\/wp-content\/uploads\/2022\/07\/THUMBNAIL_DEUTE_PUBLIC.jpg","contentUrl":"https:\/\/www.11onze.cat\/wp-content\/uploads\/2022\/07\/THUMBNAIL_DEUTE_PUBLIC.jpg","width":750,"height":504},{"@type":"BreadcrumbList","@id":"https:\/\/www.11onze.cat\/es\/magazine\/deuda-publica-estimulo-losa-economia\/#breadcrumb","itemListElement":[{"@type":"ListItem","position":1,"name":"Home","item":"https:\/\/www.11onze.cat\/es\/"},{"@type":"ListItem","position":2,"name":"Deuda p\u00fablica: \u00bfest\u00edmulo o losa para la econom\u00eda?"}]},{"@type":"WebSite","@id":"https:\/\/www.11onze.cat\/es\/#website","url":"https:\/\/www.11onze.cat\/es\/","name":"11Onze","description":"Primera comunidad fintech digital en Catalu\u00f1a","publisher":{"@id":"https:\/\/www.11onze.cat\/es\/#organization"},"potentialAction":[{"@type":"SearchAction","target":{"@type":"EntryPoint","urlTemplate":"https:\/\/www.11onze.cat\/es\/?s={search_term_string}"},"query-input":{"@type":"PropertyValueSpecification","valueRequired":true,"valueName":"search_term_string"}}],"inLanguage":"es"},{"@type":"Organization","@id":"https:\/\/www.11onze.cat\/es\/#organization","name":"11Onze","url":"https:\/\/www.11onze.cat\/es\/","logo":{"@type":"ImageObject","inLanguage":"es","@id":"https:\/\/www.11onze.cat\/es\/#\/schema\/logo\/image\/","url":"https:\/\/www.11onze.cat\/wp-content\/uploads\/2021\/04\/512x512-11Onze.jpg","contentUrl":"https:\/\/www.11onze.cat\/wp-content\/uploads\/2021\/04\/512x512-11Onze.jpg","width":512,"height":512,"caption":"11Onze"},"image":{"@id":"https:\/\/www.11onze.cat\/es\/#\/schema\/logo\/image\/"},"sameAs":["https:\/\/www.facebook.com\/11OnzeComunitat","https:\/\/x.com\/11OnzeFintech","https:\/\/www.instagram.com\/11onzecat\/","https:\/\/www.linkedin.com\/company\/11onzebanc","https:\/\/www.youtube.com\/channel\/UCz63R8Byd_kBKtK2M4Qf_7w"]},{"@type":"Person","@id":"https:\/\/www.11onze.cat\/es\/#\/schema\/person\/636d99b4c82bb7178687ecd43c3a61bd","name":"Equip Editorial","image":{"@type":"ImageObject","inLanguage":"es","@id":"https:\/\/www.11onze.cat\/wp-content\/uploads\/2022\/05\/HEADER_AGENTS_DECK-300x300.jpg","url":"https:\/\/www.11onze.cat\/wp-content\/uploads\/2022\/05\/HEADER_AGENTS_DECK-300x300.jpg","contentUrl":"https:\/\/www.11onze.cat\/wp-content\/uploads\/2022\/05\/HEADER_AGENTS_DECK-300x300.jpg","caption":"Equip Editorial"},"url":"https:\/\/www.11onze.cat\/es\/magazine\/author\/equip-editorial-11onze\/"}]}},"_links":{"self":[{"href":"https:\/\/www.11onze.cat\/es\/wp-json\/wp\/v2\/posts\/35130","targetHints":{"allow":["GET"]}}],"collection":[{"href":"https:\/\/www.11onze.cat\/es\/wp-json\/wp\/v2\/posts"}],"about":[{"href":"https:\/\/www.11onze.cat\/es\/wp-json\/wp\/v2\/types\/post"}],"author":[{"embeddable":true,"href":"https:\/\/www.11onze.cat\/es\/wp-json\/wp\/v2\/users\/71"}],"replies":[{"embeddable":true,"href":"https:\/\/www.11onze.cat\/es\/wp-json\/wp\/v2\/comments?post=35130"}],"version-history":[{"count":0,"href":"https:\/\/www.11onze.cat\/es\/wp-json\/wp\/v2\/posts\/35130\/revisions"}],"wp:featuredmedia":[{"embeddable":true,"href":"https:\/\/www.11onze.cat\/es\/wp-json\/wp\/v2\/media\/35124"}],"wp:attachment":[{"href":"https:\/\/www.11onze.cat\/es\/wp-json\/wp\/v2\/media?parent=35130"}],"wp:term":[{"taxonomy":"category","embeddable":true,"href":"https:\/\/www.11onze.cat\/es\/wp-json\/wp\/v2\/categories?post=35130"},{"taxonomy":"post_tag","embeddable":true,"href":"https:\/\/www.11onze.cat\/es\/wp-json\/wp\/v2\/tags?post=35130"}],"curies":[{"name":"wp","href":"https:\/\/api.w.org\/{rel}","templated":true}]}}