{"id":34453,"date":"2025-08-05T09:00:00","date_gmt":"2025-08-05T07:00:00","guid":{"rendered":"https:\/\/www.11onze.cat\/?p=34453"},"modified":"2025-08-05T09:01:14","modified_gmt":"2025-08-05T07:01:14","slug":"hablar-salvar-catalan","status":"publish","type":"post","link":"https:\/\/www.11onze.cat\/es\/magazine\/hablar-salvar-catalan\/","title":{"rendered":"Hablar en catal\u00e1n para salvar el catal\u00e1n"},"content":{"rendered":"<div class=\"component text\">\n  <div class=\"container\">\n\n\n    <div class=\"row\">\n      <div class=\"col  col-lg-8  offset-lg-2\">\n        <h3><b>Aida Roca, fil\u00f2loga i creadora de contingut digital, \u00e9s la responsable de La Fil\u00f2loga de Gu\u00e0rdia, un canal per a difondre continguts en catal\u00e0 i sobre el catal\u00e0. M\u00e9s de 30.000 seguidors segueixen els seus trucs, amens i f\u00e0cilment aplicables, per aprendre a parlar un catal\u00e0 genu\u00ed en qualsevol context i a qualsevol edat.<\/b><\/h3>\n<p>&nbsp;<\/p>\n<p><span style=\"font-weight: 400\">Tot just havia acabat la quarantena quan l\u2019Aida Roca es va llen\u00e7ar a crear un canal de YouTube que va batejar com a La Fil\u00f2loga de Gu\u00e0rdia. Explica que va comen\u00e7ar a <\/span><b>crear el tipus de contingut que ella trobava a faltar a les xarxes: contingut d\u2019entreteniment, en catal\u00e0 i amb la llengua catalana com a tem\u00e0tica<\/b><span style=\"font-weight: 400\">. Aix\u00ed naixia <\/span><a href=\"https:\/\/www.youtube.com\/channel\/UCRI-pRTVEw03MrlaqjKMSgA\" target=\"_blank\" rel=\"noopener\"><span style=\"font-weight: 400\">La Fil\u00f2loga de Gu\u00e0rdia<\/span><\/a><span style=\"font-weight: 400\">, el canal de YouTube, amb pres\u00e8ncia tamb\u00e9 en altres xarxes socials com Instagram, Twitter o TikTok, que ja acumulen m\u00e9s de 30.000 seguidors.\u00a0<\/span><\/p>\n<p><span style=\"font-weight: 400\">El catal\u00e0 pateix, des de fa d\u00e8cades, una influ\u00e8ncia de la llengua castellana que es fa palesa en gaireb\u00e9 tots els \u00e0mbits: en els mitjans de comunicaci\u00f3, en la producci\u00f3 audiovisual, en l\u2019oci i fins i tot a l\u2019hora del pati, on<\/span><b> els nens i nenes sovint aposten pel castell\u00e0, en lloc del catal\u00e0,<\/b> <b>per a relacionar-se amb altres infants<\/b><span style=\"font-weight: 400\">. L\u2019Aida, des del seu canal, i tal com ens explica en aquest nou episodi de Persones, defensa que el catal\u00e0 \u00e9s prou ric per a parlar-lo en qualsevol \u00e0mbit, nom\u00e9s ens falta utilitzar-lo.<\/span><\/p>\n\n      <\/div>\n    <\/div>\n  <\/div>\n<\/div>\n<div class=\"component gallery\">\n  <div class=\"container\">\n    <div class=\"row\">\n      <div class=\"col col-lg-10 offset-lg-1\">\n        <div id=\"slider\" class=\"carousel slide\">\n          <div class=\"carousel-inner\">\n            <div class=\"carousel-item active video-player inline-player\" data-video-id=\"6309282048112\">\n              <img decoding=\"async\" class=\"d-block w-100\" src=\"https:\/\/www.11onze.cat\/wp-content\/uploads\/2022\/07\/VISUALS_PODCAST_PERSONES_IMAGE_VIDEO_BLOCK_PSN-1-scaled.jpg\" alt=\"\">\n              <button type=\"button\" class=\"play\"><\/button>\n              <div class=\"carousel-caption\">\n                <p>Episodi 26 | Persones: La Fil\u00f2loga de Gu\u00e0rdia<\/p>\n              <\/div>\n            <\/div>\n          <\/div>\n        <\/div>\n      <\/div>\n    <\/div>\n  <\/div>\n<\/div><div class=\"component text\">\n  <div class=\"container\">\n\n\n    <div class=\"row\">\n      <div class=\"col  col-lg-8  offset-lg-2\">\n        <h3><b>A la (falsa) recerca del catal\u00e0 correcte<\/b><\/h3>\n<p><span style=\"font-weight: 400\">Roca remarca que no podem parlar de catal\u00e0 correcte o incorrecte, perqu\u00e8 aquesta diferenciaci\u00f3 rau en el context en el qual ens trobem. Aix\u00ed doncs, una expressi\u00f3 com \u201cnatros\u201d, que es fa servir en moltes comarques de Catalunya, <\/span><b>seria correcta en un context col\u00b7loquial, per\u00f2 deixaria de ser-ho si la fem servir per a un discurs institucional<\/b><span style=\"font-weight: 400\">, per exemple. En aquest cas, com en tants d\u2019altres, ens hem de referir a aquest tipus de paraules o expressions com a catal\u00e0 genu\u00ed, aut\u00e8ntic, i segons el context ser\u00e0 correcte o no.<\/span><\/p>\n<p><span style=\"font-weight: 400\">Per\u00f2, m\u00e9s enll\u00e0 del dialecte que parlem o el context on ens trobem, la jove Aida Roca planteja que la principal preocupaci\u00f3 \u00e9s si realment es fa servir el catal\u00e0 entre els joves com a principal llengua, i ens apropa la clau per a capgirar aquesta situaci\u00f3. Roca tamb\u00e9 ens comparteix el seu punt de vista sobre la pol\u00e8mica aplicaci\u00f3 del 25% d\u2019hores en castell\u00e0 a les aules i l\u2019estat de salut de la nostra llengua. Escolta la conversa sencera per apropar-te, una mica m\u00e9s, al catal\u00e0 genu\u00ed.<\/span><\/p>\n<p>&nbsp;<\/p>\n<p><b>11Onze \u00e9s la comunitat fintech de Catalunya. Obre un compte descarregant la super app El Canut per <\/b><a href=\"https:\/\/play.google.com\/store\/apps\/details?id=com.e11onze.app&amp;utm_source=emailing&amp;utm_campaign=CANUT+launch\" target=\"_blank\" rel=\"noopener\"><b>Android<\/b><\/a><b> o <\/b><a href=\"https:\/\/apps.apple.com\/us\/app\/11onze\/id1566129237?utm_campaign=El+Canut\" target=\"_blank\" rel=\"noopener\"><b>iOS<\/b><\/a><b>. Uneix-te a la revoluci\u00f3!<\/b><\/p>\n\n      <\/div>\n    <\/div>\n  <\/div>\n<\/div>\n<div class=\"component cards\">\n  <div class=\"container\">\n    <div class=\"row\">\n      <div class=\"col col-xl-8 offset-xl-2\">\n        <h1>Si t&#8217;ha agradat aquesta not\u00edcia, et recomanem:<\/h1>\n        <div class=\"cards__wrapper\">\n          <div class=\"card\">\n            <a href=\"https:\/\/www.11onze.cat\/magazine\/tindercat-ultima-eina-lligar-catala\/\" class=\"card-link\" target=\"_self\"><\/a>\n            <div class=\"card-img\">\n              <img decoding=\"async\" src=\"https:\/\/www.11onze.cat\/wp-content\/uploads\/2022\/05\/VISUALS_PODCAST_PERSONES_THUMBNAIL_PSN-800x538.jpg\" class=\"card-img-top\" alt=\"\">\n                <span class=\"card-category\">Cultura<\/span>\n            <\/div>\n            <div class=\"card-body\">\n              <p class=\"card-title p2\"><strong>Tindercat<\/strong><\/p>\n              <span class=\"card-time\">5min lectura<\/span>\n              <p class=\"card-text small\">En un nou episodi de \u2018Persones\u2019, conversem amb Gerard Querol, un jove que des de Twitter va<\/p>\n            <\/div>\n          <\/div>\n\n\n          <div class=\"card\">\n            <a href=\"https:\/\/www.11onze.cat\/magazine\/25-empresaris-mes-rics-paisos-catalans\/\" class=\"card-link\" target=\"_self\"><\/a>\n            <div class=\"card-img\">\n              <img decoding=\"async\" src=\"https:\/\/www.11onze.cat\/wp-content\/uploads\/2021\/11\/THUMBNAIL_25_EMPRESARIS_RICS_CATALUNYA-800x492.jpg\" class=\"card-img-top\" alt=\"\">\n                <span class=\"card-category\">Economia<\/span>\n            <\/div>\n            <div class=\"card-body\">\n              <p class=\"card-title p2\"><strong>Els 25 empresaris m\u00e9s rics dels Pa\u00efsos Catalans<\/strong><\/p>\n              <span class=\"card-time\">9min lectura<\/span>\n              <p class=\"card-text small\">Com cada any, la revista \u2018Forbes\u2019 ha publicat la llista dels<\/p>\n            <\/div>\n          <\/div>\n\n\n          <div class=\"card\">\n            <a href=\"https:\/\/www.11onze.cat\/magazine\/audiovisual-catala-no-creu-talent-jove\/\" class=\"card-link\" target=\"_self\"><\/a>\n            <div class=\"card-img\">\n              <img decoding=\"async\" src=\"https:\/\/www.11onze.cat\/wp-content\/uploads\/2021\/10\/VISUALS_PODCAST_THUMBNAIL_PSN_PERSONES.jpg\" class=\"card-img-top\" alt=\"\">\n                <span class=\"card-category\">Cultura<\/span>\n            <\/div>\n            <div class=\"card-body\">\n              <p class=\"card-title p2\"><strong>\u201cL\u2019audiovisual catal\u00e0 no creu en el talent jove\u201d<\/strong><\/p>\n              <span class=\"card-time\">4min lectura<\/span>\n              <p class=\"card-text small\">Es diu Pol Gise i t\u00e9 centenars de milers de seguidors.<\/p>\n            <\/div>\n          <\/div>\n\n              <\/div>\n              <br>\n              <br>\n              <div class=\"cards__wrapper\">\n\n        <\/div>\n      <\/div>\n    <\/div>\n  <\/div>\n<\/div>","protected":false},"excerpt":{"rendered":"","protected":false},"author":71,"featured_media":34593,"comment_status":"open","ping_status":"closed","sticky":false,"template":"","format":"standard","meta":{"_acf_changed":false,"content-type":"","footnotes":""},"categories":[28],"tags":[180],"class_list":["post-34453","post","type-post","status-publish","format-standard","has-post-thumbnail","hentry","category-sin-categorizar","tag-cultura-es"],"acf":[],"yoast_head":"<!-- This site is optimized with the Yoast SEO plugin v27.5 - https:\/\/yoast.com\/product\/yoast-seo-wordpress\/ -->\n<title>Hablar en catal\u00e1n para salvar el catal\u00e1n - 11Onze<\/title>\n<meta name=\"description\" content=\"Aida Roca es fil\u00f3loga y creadora del canal \u2018La Fil\u00f2loga de Gu\u00e0rdia\u2019, una plataforma de entretenimiento para aprender catal\u00e1n pasando un buen rato.\" \/>\n<meta name=\"robots\" content=\"index, follow, max-snippet:-1, max-image-preview:large, max-video-preview:-1\" \/>\n<link rel=\"canonical\" href=\"https:\/\/www.11onze.cat\/es\/magazine\/hablar-salvar-catalan\/\" \/>\n<meta property=\"og:locale\" content=\"es_ES\" \/>\n<meta property=\"og:type\" content=\"article\" \/>\n<meta property=\"og:title\" content=\"Hablar en catal\u00e1n para salvar el catal\u00e1n - 11Onze\" \/>\n<meta property=\"og:description\" content=\"Aida Roca es fil\u00f3loga y creadora del canal \u2018La Fil\u00f2loga de Gu\u00e0rdia\u2019, una plataforma de entretenimiento para aprender catal\u00e1n pasando un buen rato.\" \/>\n<meta property=\"og:url\" content=\"https:\/\/www.11onze.cat\/es\/magazine\/hablar-salvar-catalan\/\" \/>\n<meta property=\"og:site_name\" content=\"11Onze\" \/>\n<meta property=\"article:publisher\" content=\"https:\/\/www.facebook.com\/11OnzeComunitat\" \/>\n<meta property=\"article:published_time\" content=\"2025-08-05T07:00:00+00:00\" \/>\n<meta property=\"article:modified_time\" content=\"2025-08-05T07:01:14+00:00\" \/>\n<meta property=\"og:image\" content=\"https:\/\/www.11onze.cat\/wp-content\/uploads\/2022\/07\/VISUALS_PODCAST_PERSONES_SHARE_IMAGE-1-scaled.jpg\" \/>\n\t<meta property=\"og:image:width\" content=\"2560\" \/>\n\t<meta property=\"og:image:height\" content=\"1440\" \/>\n\t<meta property=\"og:image:type\" content=\"image\/jpeg\" \/>\n<meta name=\"author\" content=\"Equip Editorial\" \/>\n<meta name=\"twitter:card\" content=\"summary_large_image\" \/>\n<meta name=\"twitter:title\" content=\"Hablar en catal\u00e1n para salvar el catal\u00e1n - 11Onze\" \/>\n<meta name=\"twitter:description\" content=\"Aida Roca es fil\u00f3loga y creadora del canal \u2018La Fil\u00f2loga de Gu\u00e0rdia\u2019, una plataforma de entretenimiento para aprender catal\u00e1n pasando un buen rato.\" \/>\n<meta name=\"twitter:image\" content=\"https:\/\/www.11onze.cat\/wp-content\/uploads\/2022\/07\/VISUALS_PODCAST_PERSONES_SHARE_IMAGE-1-scaled.jpg\" \/>\n<meta name=\"twitter:creator\" content=\"@11OnzeFintech\" \/>\n<meta name=\"twitter:site\" content=\"@11OnzeFintech\" \/>\n<meta name=\"twitter:label1\" content=\"Escrito por\" \/>\n\t<meta name=\"twitter:data1\" content=\"Equip Editorial\" \/>\n\t<meta name=\"twitter:label2\" content=\"Tiempo de lectura\" \/>\n\t<meta name=\"twitter:data2\" content=\"1 minuto\" \/>\n<script type=\"application\/ld+json\" class=\"yoast-schema-graph\">{\"@context\":\"https:\\\/\\\/schema.org\",\"@graph\":[{\"@type\":\"Article\",\"@id\":\"https:\\\/\\\/www.11onze.cat\\\/es\\\/magazine\\\/hablar-salvar-catalan\\\/#article\",\"isPartOf\":{\"@id\":\"https:\\\/\\\/www.11onze.cat\\\/es\\\/magazine\\\/hablar-salvar-catalan\\\/\"},\"author\":{\"name\":\"Equip Editorial\",\"@id\":\"https:\\\/\\\/www.11onze.cat\\\/es\\\/#\\\/schema\\\/person\\\/636d99b4c82bb7178687ecd43c3a61bd\"},\"headline\":\"Hablar en catal\u00e1n para salvar el catal\u00e1n\",\"datePublished\":\"2025-08-05T07:00:00+00:00\",\"dateModified\":\"2025-08-05T07:01:14+00:00\",\"mainEntityOfPage\":{\"@id\":\"https:\\\/\\\/www.11onze.cat\\\/es\\\/magazine\\\/hablar-salvar-catalan\\\/\"},\"wordCount\":9,\"commentCount\":0,\"publisher\":{\"@id\":\"https:\\\/\\\/www.11onze.cat\\\/es\\\/#organization\"},\"image\":{\"@id\":\"https:\\\/\\\/www.11onze.cat\\\/es\\\/magazine\\\/hablar-salvar-catalan\\\/#primaryimage\"},\"thumbnailUrl\":\"https:\\\/\\\/www.11onze.cat\\\/wp-content\\\/uploads\\\/2022\\\/07\\\/VISUALS_PODCAST_PERSONES_THUMBNAIL_PSN-1.jpg\",\"keywords\":[\"Cultura\"],\"articleSection\":[\"Sin categorizar\"],\"inLanguage\":\"es\",\"potentialAction\":[{\"@type\":\"CommentAction\",\"name\":\"Comment\",\"target\":[\"https:\\\/\\\/www.11onze.cat\\\/es\\\/magazine\\\/hablar-salvar-catalan\\\/#respond\"]}]},{\"@type\":\"WebPage\",\"@id\":\"https:\\\/\\\/www.11onze.cat\\\/es\\\/magazine\\\/hablar-salvar-catalan\\\/\",\"url\":\"https:\\\/\\\/www.11onze.cat\\\/es\\\/magazine\\\/hablar-salvar-catalan\\\/\",\"name\":\"Hablar en catal\u00e1n para salvar el catal\u00e1n - 11Onze\",\"isPartOf\":{\"@id\":\"https:\\\/\\\/www.11onze.cat\\\/es\\\/#website\"},\"primaryImageOfPage\":{\"@id\":\"https:\\\/\\\/www.11onze.cat\\\/es\\\/magazine\\\/hablar-salvar-catalan\\\/#primaryimage\"},\"image\":{\"@id\":\"https:\\\/\\\/www.11onze.cat\\\/es\\\/magazine\\\/hablar-salvar-catalan\\\/#primaryimage\"},\"thumbnailUrl\":\"https:\\\/\\\/www.11onze.cat\\\/wp-content\\\/uploads\\\/2022\\\/07\\\/VISUALS_PODCAST_PERSONES_THUMBNAIL_PSN-1.jpg\",\"datePublished\":\"2025-08-05T07:00:00+00:00\",\"dateModified\":\"2025-08-05T07:01:14+00:00\",\"description\":\"Aida Roca es fil\u00f3loga y creadora del canal \u2018La Fil\u00f2loga de Gu\u00e0rdia\u2019, una plataforma de entretenimiento para aprender catal\u00e1n pasando un buen rato.\",\"breadcrumb\":{\"@id\":\"https:\\\/\\\/www.11onze.cat\\\/es\\\/magazine\\\/hablar-salvar-catalan\\\/#breadcrumb\"},\"inLanguage\":\"es\",\"potentialAction\":[{\"@type\":\"ReadAction\",\"target\":[\"https:\\\/\\\/www.11onze.cat\\\/es\\\/magazine\\\/hablar-salvar-catalan\\\/\"]}]},{\"@type\":\"ImageObject\",\"inLanguage\":\"es\",\"@id\":\"https:\\\/\\\/www.11onze.cat\\\/es\\\/magazine\\\/hablar-salvar-catalan\\\/#primaryimage\",\"url\":\"https:\\\/\\\/www.11onze.cat\\\/wp-content\\\/uploads\\\/2022\\\/07\\\/VISUALS_PODCAST_PERSONES_THUMBNAIL_PSN-1.jpg\",\"contentUrl\":\"https:\\\/\\\/www.11onze.cat\\\/wp-content\\\/uploads\\\/2022\\\/07\\\/VISUALS_PODCAST_PERSONES_THUMBNAIL_PSN-1.jpg\",\"width\":1564,\"height\":1051},{\"@type\":\"BreadcrumbList\",\"@id\":\"https:\\\/\\\/www.11onze.cat\\\/es\\\/magazine\\\/hablar-salvar-catalan\\\/#breadcrumb\",\"itemListElement\":[{\"@type\":\"ListItem\",\"position\":1,\"name\":\"Home\",\"item\":\"https:\\\/\\\/www.11onze.cat\\\/es\\\/\"},{\"@type\":\"ListItem\",\"position\":2,\"name\":\"Hablar en catal\u00e1n para salvar el catal\u00e1n\"}]},{\"@type\":\"WebSite\",\"@id\":\"https:\\\/\\\/www.11onze.cat\\\/es\\\/#website\",\"url\":\"https:\\\/\\\/www.11onze.cat\\\/es\\\/\",\"name\":\"11Onze\",\"description\":\"Primera comunidad fintech digital en Catalu\u00f1a\",\"publisher\":{\"@id\":\"https:\\\/\\\/www.11onze.cat\\\/es\\\/#organization\"},\"potentialAction\":[{\"@type\":\"SearchAction\",\"target\":{\"@type\":\"EntryPoint\",\"urlTemplate\":\"https:\\\/\\\/www.11onze.cat\\\/es\\\/?s={search_term_string}\"},\"query-input\":{\"@type\":\"PropertyValueSpecification\",\"valueRequired\":true,\"valueName\":\"search_term_string\"}}],\"inLanguage\":\"es\"},{\"@type\":\"Organization\",\"@id\":\"https:\\\/\\\/www.11onze.cat\\\/es\\\/#organization\",\"name\":\"11Onze\",\"url\":\"https:\\\/\\\/www.11onze.cat\\\/es\\\/\",\"logo\":{\"@type\":\"ImageObject\",\"inLanguage\":\"es\",\"@id\":\"https:\\\/\\\/www.11onze.cat\\\/es\\\/#\\\/schema\\\/logo\\\/image\\\/\",\"url\":\"https:\\\/\\\/www.11onze.cat\\\/wp-content\\\/uploads\\\/2021\\\/04\\\/512x512-11Onze.jpg\",\"contentUrl\":\"https:\\\/\\\/www.11onze.cat\\\/wp-content\\\/uploads\\\/2021\\\/04\\\/512x512-11Onze.jpg\",\"width\":512,\"height\":512,\"caption\":\"11Onze\"},\"image\":{\"@id\":\"https:\\\/\\\/www.11onze.cat\\\/es\\\/#\\\/schema\\\/logo\\\/image\\\/\"},\"sameAs\":[\"https:\\\/\\\/www.facebook.com\\\/11OnzeComunitat\",\"https:\\\/\\\/x.com\\\/11OnzeFintech\",\"https:\\\/\\\/www.instagram.com\\\/11onzecat\\\/\",\"https:\\\/\\\/www.linkedin.com\\\/company\\\/11onzebanc\",\"https:\\\/\\\/www.youtube.com\\\/channel\\\/UCz63R8Byd_kBKtK2M4Qf_7w\"]},{\"@type\":\"Person\",\"@id\":\"https:\\\/\\\/www.11onze.cat\\\/es\\\/#\\\/schema\\\/person\\\/636d99b4c82bb7178687ecd43c3a61bd\",\"name\":\"Equip Editorial\",\"image\":{\"@type\":\"ImageObject\",\"inLanguage\":\"es\",\"@id\":\"https:\\\/\\\/www.11onze.cat\\\/wp-content\\\/uploads\\\/2022\\\/05\\\/HEADER_AGENTS_DECK-300x300.jpg\",\"url\":\"https:\\\/\\\/www.11onze.cat\\\/wp-content\\\/uploads\\\/2022\\\/05\\\/HEADER_AGENTS_DECK-300x300.jpg\",\"contentUrl\":\"https:\\\/\\\/www.11onze.cat\\\/wp-content\\\/uploads\\\/2022\\\/05\\\/HEADER_AGENTS_DECK-300x300.jpg\",\"caption\":\"Equip Editorial\"},\"url\":\"https:\\\/\\\/www.11onze.cat\\\/es\\\/magazine\\\/author\\\/equip-editorial-11onze\\\/\"}]}<\/script>\n<!-- \/ Yoast SEO plugin. -->","yoast_head_json":{"title":"Hablar en catal\u00e1n para salvar el catal\u00e1n - 11Onze","description":"Aida Roca es fil\u00f3loga y creadora del canal \u2018La Fil\u00f2loga de Gu\u00e0rdia\u2019, una plataforma de entretenimiento para aprender catal\u00e1n pasando un buen rato.","robots":{"index":"index","follow":"follow","max-snippet":"max-snippet:-1","max-image-preview":"max-image-preview:large","max-video-preview":"max-video-preview:-1"},"canonical":"https:\/\/www.11onze.cat\/es\/magazine\/hablar-salvar-catalan\/","og_locale":"es_ES","og_type":"article","og_title":"Hablar en catal\u00e1n para salvar el catal\u00e1n - 11Onze","og_description":"Aida Roca es fil\u00f3loga y creadora del canal \u2018La Fil\u00f2loga de Gu\u00e0rdia\u2019, una plataforma de entretenimiento para aprender catal\u00e1n pasando un buen rato.","og_url":"https:\/\/www.11onze.cat\/es\/magazine\/hablar-salvar-catalan\/","og_site_name":"11Onze","article_publisher":"https:\/\/www.facebook.com\/11OnzeComunitat","article_published_time":"2025-08-05T07:00:00+00:00","article_modified_time":"2025-08-05T07:01:14+00:00","og_image":[{"width":2560,"height":1440,"url":"https:\/\/www.11onze.cat\/wp-content\/uploads\/2022\/07\/VISUALS_PODCAST_PERSONES_SHARE_IMAGE-1-scaled.jpg","type":"image\/jpeg"}],"author":"Equip Editorial","twitter_card":"summary_large_image","twitter_title":"Hablar en catal\u00e1n para salvar el catal\u00e1n - 11Onze","twitter_description":"Aida Roca es fil\u00f3loga y creadora del canal \u2018La Fil\u00f2loga de Gu\u00e0rdia\u2019, una plataforma de entretenimiento para aprender catal\u00e1n pasando un buen rato.","twitter_image":"https:\/\/www.11onze.cat\/wp-content\/uploads\/2022\/07\/VISUALS_PODCAST_PERSONES_SHARE_IMAGE-1-scaled.jpg","twitter_creator":"@11OnzeFintech","twitter_site":"@11OnzeFintech","twitter_misc":{"Escrito por":"Equip Editorial","Tiempo de lectura":"1 minuto"},"schema":{"@context":"https:\/\/schema.org","@graph":[{"@type":"Article","@id":"https:\/\/www.11onze.cat\/es\/magazine\/hablar-salvar-catalan\/#article","isPartOf":{"@id":"https:\/\/www.11onze.cat\/es\/magazine\/hablar-salvar-catalan\/"},"author":{"name":"Equip Editorial","@id":"https:\/\/www.11onze.cat\/es\/#\/schema\/person\/636d99b4c82bb7178687ecd43c3a61bd"},"headline":"Hablar en catal\u00e1n para salvar el catal\u00e1n","datePublished":"2025-08-05T07:00:00+00:00","dateModified":"2025-08-05T07:01:14+00:00","mainEntityOfPage":{"@id":"https:\/\/www.11onze.cat\/es\/magazine\/hablar-salvar-catalan\/"},"wordCount":9,"commentCount":0,"publisher":{"@id":"https:\/\/www.11onze.cat\/es\/#organization"},"image":{"@id":"https:\/\/www.11onze.cat\/es\/magazine\/hablar-salvar-catalan\/#primaryimage"},"thumbnailUrl":"https:\/\/www.11onze.cat\/wp-content\/uploads\/2022\/07\/VISUALS_PODCAST_PERSONES_THUMBNAIL_PSN-1.jpg","keywords":["Cultura"],"articleSection":["Sin categorizar"],"inLanguage":"es","potentialAction":[{"@type":"CommentAction","name":"Comment","target":["https:\/\/www.11onze.cat\/es\/magazine\/hablar-salvar-catalan\/#respond"]}]},{"@type":"WebPage","@id":"https:\/\/www.11onze.cat\/es\/magazine\/hablar-salvar-catalan\/","url":"https:\/\/www.11onze.cat\/es\/magazine\/hablar-salvar-catalan\/","name":"Hablar en catal\u00e1n para salvar el catal\u00e1n - 11Onze","isPartOf":{"@id":"https:\/\/www.11onze.cat\/es\/#website"},"primaryImageOfPage":{"@id":"https:\/\/www.11onze.cat\/es\/magazine\/hablar-salvar-catalan\/#primaryimage"},"image":{"@id":"https:\/\/www.11onze.cat\/es\/magazine\/hablar-salvar-catalan\/#primaryimage"},"thumbnailUrl":"https:\/\/www.11onze.cat\/wp-content\/uploads\/2022\/07\/VISUALS_PODCAST_PERSONES_THUMBNAIL_PSN-1.jpg","datePublished":"2025-08-05T07:00:00+00:00","dateModified":"2025-08-05T07:01:14+00:00","description":"Aida Roca es fil\u00f3loga y creadora del canal \u2018La Fil\u00f2loga de Gu\u00e0rdia\u2019, una plataforma de entretenimiento para aprender catal\u00e1n pasando un buen rato.","breadcrumb":{"@id":"https:\/\/www.11onze.cat\/es\/magazine\/hablar-salvar-catalan\/#breadcrumb"},"inLanguage":"es","potentialAction":[{"@type":"ReadAction","target":["https:\/\/www.11onze.cat\/es\/magazine\/hablar-salvar-catalan\/"]}]},{"@type":"ImageObject","inLanguage":"es","@id":"https:\/\/www.11onze.cat\/es\/magazine\/hablar-salvar-catalan\/#primaryimage","url":"https:\/\/www.11onze.cat\/wp-content\/uploads\/2022\/07\/VISUALS_PODCAST_PERSONES_THUMBNAIL_PSN-1.jpg","contentUrl":"https:\/\/www.11onze.cat\/wp-content\/uploads\/2022\/07\/VISUALS_PODCAST_PERSONES_THUMBNAIL_PSN-1.jpg","width":1564,"height":1051},{"@type":"BreadcrumbList","@id":"https:\/\/www.11onze.cat\/es\/magazine\/hablar-salvar-catalan\/#breadcrumb","itemListElement":[{"@type":"ListItem","position":1,"name":"Home","item":"https:\/\/www.11onze.cat\/es\/"},{"@type":"ListItem","position":2,"name":"Hablar en catal\u00e1n para salvar el catal\u00e1n"}]},{"@type":"WebSite","@id":"https:\/\/www.11onze.cat\/es\/#website","url":"https:\/\/www.11onze.cat\/es\/","name":"11Onze","description":"Primera comunidad fintech digital en Catalu\u00f1a","publisher":{"@id":"https:\/\/www.11onze.cat\/es\/#organization"},"potentialAction":[{"@type":"SearchAction","target":{"@type":"EntryPoint","urlTemplate":"https:\/\/www.11onze.cat\/es\/?s={search_term_string}"},"query-input":{"@type":"PropertyValueSpecification","valueRequired":true,"valueName":"search_term_string"}}],"inLanguage":"es"},{"@type":"Organization","@id":"https:\/\/www.11onze.cat\/es\/#organization","name":"11Onze","url":"https:\/\/www.11onze.cat\/es\/","logo":{"@type":"ImageObject","inLanguage":"es","@id":"https:\/\/www.11onze.cat\/es\/#\/schema\/logo\/image\/","url":"https:\/\/www.11onze.cat\/wp-content\/uploads\/2021\/04\/512x512-11Onze.jpg","contentUrl":"https:\/\/www.11onze.cat\/wp-content\/uploads\/2021\/04\/512x512-11Onze.jpg","width":512,"height":512,"caption":"11Onze"},"image":{"@id":"https:\/\/www.11onze.cat\/es\/#\/schema\/logo\/image\/"},"sameAs":["https:\/\/www.facebook.com\/11OnzeComunitat","https:\/\/x.com\/11OnzeFintech","https:\/\/www.instagram.com\/11onzecat\/","https:\/\/www.linkedin.com\/company\/11onzebanc","https:\/\/www.youtube.com\/channel\/UCz63R8Byd_kBKtK2M4Qf_7w"]},{"@type":"Person","@id":"https:\/\/www.11onze.cat\/es\/#\/schema\/person\/636d99b4c82bb7178687ecd43c3a61bd","name":"Equip Editorial","image":{"@type":"ImageObject","inLanguage":"es","@id":"https:\/\/www.11onze.cat\/wp-content\/uploads\/2022\/05\/HEADER_AGENTS_DECK-300x300.jpg","url":"https:\/\/www.11onze.cat\/wp-content\/uploads\/2022\/05\/HEADER_AGENTS_DECK-300x300.jpg","contentUrl":"https:\/\/www.11onze.cat\/wp-content\/uploads\/2022\/05\/HEADER_AGENTS_DECK-300x300.jpg","caption":"Equip Editorial"},"url":"https:\/\/www.11onze.cat\/es\/magazine\/author\/equip-editorial-11onze\/"}]}},"_links":{"self":[{"href":"https:\/\/www.11onze.cat\/es\/wp-json\/wp\/v2\/posts\/34453","targetHints":{"allow":["GET"]}}],"collection":[{"href":"https:\/\/www.11onze.cat\/es\/wp-json\/wp\/v2\/posts"}],"about":[{"href":"https:\/\/www.11onze.cat\/es\/wp-json\/wp\/v2\/types\/post"}],"author":[{"embeddable":true,"href":"https:\/\/www.11onze.cat\/es\/wp-json\/wp\/v2\/users\/71"}],"replies":[{"embeddable":true,"href":"https:\/\/www.11onze.cat\/es\/wp-json\/wp\/v2\/comments?post=34453"}],"version-history":[{"count":0,"href":"https:\/\/www.11onze.cat\/es\/wp-json\/wp\/v2\/posts\/34453\/revisions"}],"wp:featuredmedia":[{"embeddable":true,"href":"https:\/\/www.11onze.cat\/es\/wp-json\/wp\/v2\/media\/34593"}],"wp:attachment":[{"href":"https:\/\/www.11onze.cat\/es\/wp-json\/wp\/v2\/media?parent=34453"}],"wp:term":[{"taxonomy":"category","embeddable":true,"href":"https:\/\/www.11onze.cat\/es\/wp-json\/wp\/v2\/categories?post=34453"},{"taxonomy":"post_tag","embeddable":true,"href":"https:\/\/www.11onze.cat\/es\/wp-json\/wp\/v2\/tags?post=34453"}],"curies":[{"name":"wp","href":"https:\/\/api.w.org\/{rel}","templated":true}]}}