{"id":33653,"date":"2022-06-21T21:00:00","date_gmt":"2022-06-21T19:00:00","guid":{"rendered":"https:\/\/www.11onze.cat\/?p=33653"},"modified":"2022-07-21T10:25:48","modified_gmt":"2022-07-21T08:25:48","slug":"fondos-next-generation-economia-circular","status":"publish","type":"post","link":"https:\/\/www.11onze.cat\/es\/magazine\/fondos-next-generation-economia-circular\/","title":{"rendered":"Fondos Next Generation para una econom\u00eda circular"},"content":{"rendered":"<div class=\"component text\">\n  <div class=\"container\">\n\n\n    <div class=\"row\">\n      <div class=\"col  col-lg-8  offset-lg-2\">\n        <h3><b>Poco a poco, las convocatorias para conseguir ayudas Next Generation se van sucediendo. Este verano llegar\u00e1 una para financiar proyectos que impulsen la econom\u00eda circular, con un presupuesto de 192 millones de euros.<\/b><\/h3>\n<p>&nbsp;<\/p>\n<p><span style=\"font-weight: 400;\">Este verano se abrir\u00e1 una convocatoria de las <\/span><a href=\"https:\/\/nexteugeneration.com\/\" target=\"_blank\" rel=\"noopener\"><span style=\"font-weight: 400;\">ayudas<\/span><\/a><span style=\"font-weight: 400;\"> Next Generation de la Uni\u00f3n Europea para financiar proyectos empresariales que impulsen la econom\u00eda circular. Se trata de una <\/span><b>convocatoria multisectorial con un presupuesto de 192 millones de euros para fomentar la sostenibilidad y la circularidad de los procesos productivos<\/b><span style=\"font-weight: 400;\"> y para crear un tejido industrial m\u00e1s innovador y competitivo.<\/span><\/p>\n<p><span style=\"font-weight: 400;\">A estas ayudas podr\u00e1n optar proyectos centrados en <\/span><b>cuatro grandes objetivos<\/b><span style=\"font-weight: 400;\">:<\/span><\/p>\n<ul>\n<li style=\"font-weight: 400;\" aria-level=\"1\"><b>Reducci\u00f3n del consumo de materias primas<\/b><span style=\"font-weight: 400;\"> a trav\u00e9s del uso de subproductos o de materiales procedentes de residuos o remanufacturados.<\/span><\/li>\n<li style=\"font-weight: 400;\" aria-level=\"1\"><b>Comercializaci\u00f3n de productos con un dise\u00f1o ecol\u00f3gico<\/b><span style=\"font-weight: 400;\">, que aumente la vida \u00fatil del producto y lo mejore en t\u00e9rminos de reparaci\u00f3n y reciclabilitat.<\/span><\/li>\n<li style=\"font-weight: 400;\" aria-level=\"1\"><b>Mejora de la gesti\u00f3n de los residuos<\/b><span style=\"font-weight: 400;\"> a trav\u00e9s de nuevos sistemas de tratamiento que permitan el reciclaje de las materias primas.<\/span><\/li>\n<li style=\"font-weight: 400;\" aria-level=\"1\"><b>Digitalizaci\u00f3n de procesos<\/b><span style=\"font-weight: 400;\">, con el desarrollo de infraestructuras y sistemas para mejorar la trazabilidad de los productos o servicios basados en el retorno de residuos o en tecnolog\u00edas 3D, entre otros.<\/span><\/li>\n<\/ul>\n<p><span style=\"font-weight: 400;\">Se pueden presentar empresas de cualquier tama\u00f1o, de forma individual o como parte de un consorcio. Aun as\u00ed, <\/span><b>tendr\u00e1n prioridad los proyectos en los que participen empresas peque\u00f1as<\/b><span style=\"font-weight: 400;\">.<\/span><\/p>\n<p>&nbsp;<\/p>\n<h3><b>Un plan ambicioso<\/b><\/h3>\n<p><span style=\"font-weight: 400;\">Se espera que el <\/span><a href=\"https:\/\/planderecuperacion.gob.es\/como-acceder-a-los-fondos\/pertes\/perte-de-economia-circular\" target=\"_blank\" rel=\"noopener\"><b>Plan<\/b><\/a><b> Estrat\u00e9gico de Recuperaci\u00f3n y Transformaci\u00f3n Econ\u00f3mica (PERTE) en econom\u00eda circular<\/b><span style=\"font-weight: 400;\">, en el cual se enmarca esta convocatoria, movilice m\u00e1s de 1.200 millones de euros en ayudas hasta el a\u00f1o 2026. De cara a 2023, se prev\u00e9 que se abran nuevas convocatorias espec\u00edficas para <\/span><b>tres sectores clave: textil, pl\u00e1sticos y bienes de equipo para energ\u00edas renovables<\/b><span style=\"font-weight: 400;\">.<\/span><\/p>\n<p><span style=\"font-weight: 400;\">Este PERTE es uno de los m\u00e1s ambiciosos a la hora de canalizar fondos Next Generation y tiene tres objetivos b\u00e1sicos: reducir la generaci\u00f3n de residuos, impulsar las plantas de tratamiento y fomentar la digitalizaci\u00f3n de empresas e instituciones.<\/span><\/p>\n<p><span style=\"font-weight: 400;\">Los PERTE engloban proyectos tractores con un gran impacto transformador sobre sectores estrat\u00e9gicos. <\/span><b>El de econom\u00eda circular pretende impulsar la transici\u00f3n del actual modelo econ\u00f3mico, basado en el engranaje lineal de producir-consumir-tirar, hacia un nuevo modelo que reduzca la huella ecol\u00f3gica<\/b><span style=\"font-weight: 400;\">. En este sentido, se alinea con los objetivos de la <\/span><a href=\"https:\/\/www.miteco.gob.es\/images\/es\/180206economiacircular_tcm30-440922.pdf\" target=\"_blank\" rel=\"noopener\"><span style=\"font-weight: 400;\">Estrategia<\/span><\/a><span style=\"font-weight: 400;\"> Espa\u00f1ola de Econom\u00eda Circular para 2030.<\/span><\/p>\n<p><span style=\"font-weight: 400;\">En concreto, el PERTE de econom\u00eda circular identifica los tres sectores mencionados anteriormente, en los que se considera especialmente necesario desarrollar medidas espec\u00edficas para conseguir un modelo de econom\u00eda circular. Pero la econom\u00eda circular se ha introducido tambi\u00e9n como elemento transversal en \u00e1mbitos como <\/span><b>la construcci\u00f3n, la agricultura, la ganader\u00eda o la formaci\u00f3n profesional<\/b><span style=\"font-weight: 400;\">.<\/span><\/p>\n<p>&nbsp;<\/p>\n<h3><b>Con la ayuda de Acci\u00f3<\/b><\/h3>\n<p><b>Acci\u00f3, la agencia catalana para la competitividad de la empresa, dispone de un apartado espec\u00edfico en su web sobre las ayudas Next Generation<\/b><span style=\"font-weight: 400;\">, que incluye un servicio de alerta de convocatorias y asesoramiento sobre los pasos que se deben seguir.<\/span><\/p>\n<p><span style=\"font-weight: 400;\">En este sentido, el director de estrategia empresarial de Acci\u00f3, Joan Mart\u00ed, indic\u00f3 en una <\/span><a href=\"https:\/\/accio.watchity.com\/player\/actesprotocol-accio\/95cfc6db-c36c-4f93-8bd5-a3981f7a82a9\/20042\" target=\"_blank\" rel=\"noopener\"><span style=\"font-weight: 400;\">sesi\u00f3n<\/span><\/a><span style=\"font-weight: 400;\"> celebrada recientemente sobre los fondos Next Generation que este organismo ha contratado \u201conce personas\u201d en los \u00faltimos dos meses para \u201cfomentar la participaci\u00f3n de empresas catalanas en proyectos estrat\u00e9gicos\u201d que tengan un \u201calto componente de transformaci\u00f3n digital y de compromiso ambiental a trav\u00e9s de unas ayudas excepcionales\u201d. Joan Mart\u00ed tambi\u00e9n destac\u00f3 que se ha abierto una \u201cdelegaci\u00f3n en Madrid para ayudar a las empresas catalanas a dirigirse a los ministerios\u201d.<\/span><\/p>\n<p><span style=\"font-weight: 400;\">Por su parte, Juanjo Escobar, jefe de la divisi\u00f3n de gesti\u00f3n energ\u00e9tica del Instituto Catal\u00e1n de Energ\u00eda (ICAEN), critic\u00f3 en la misma sesi\u00f3n \u201cla <\/span><b>complejidad de las tramitaciones<\/b><span style=\"font-weight: 400;\">\u201d y la falta de una \u201cfotograf\u00eda de las convocatorias que habr\u00e1 en el plazo de seis meses\u201d, lo cual dificulta que las empresas tengan claro en cu\u00e1les les interesa m\u00e1s participar.<\/span><\/p>\n<p>&nbsp;<\/p>\n<p><b>Si quieres conocer opciones superiores para rentabilizar tu dinero entra en <\/b><a href=\"https:\/\/www.11onze.cat\/es\/?page_id=26829\" target=\"_blank\" rel=\"noopener\"><b>Fondos Garantizados<\/b><\/a><b>. Desde 11Onze Recomana te proponemos las mejores opciones del mercado.<\/b><\/p>\n\n      <\/div>\n    <\/div>\n  <\/div>\n<\/div>\n\n\n<div class=\"component cards\">\n  <div class=\"container\">\n    <div class=\"row\">\n      <div class=\"col col-xl-8 offset-xl-2\">\n        <h1>Si te ha gustado este art\u00edculo, te recomendamos:<\/h1>\n        <div class=\"cards__wrapper\">\n          <div class=\"card\">\n            <a href=\"https:\/\/www.11onze.cat\/es\/magazine\/emprendedor-tres-consejos-arrancar\/\" class=\"card-link\" target=\"_self\"><\/a>\n            <div class=\"card-img\">\n              <img decoding=\"async\" src=\"https:\/\/www.11onze.cat\/wp-content\/uploads\/2021\/10\/THUMBNAIL_AJUDES_EMPRENEDORS-800x533.jpg\" class=\"card-img-top\" alt=\"\">\n                <span class=\"card-category\">Management<\/span>\n            <\/div>\n            <div class=\"card-body\">\n              <p class=\"card-title p2\"><strong>\u00bfEres emprendedor?<\/strong><\/p>\n              <span class=\"card-time\">5min lectura<\/span>\n              <p class=\"card-text small\">Las ideas innovadoras son vitales para hacer evolucionar la econom\u00eda de un pa\u00eds.<\/p>\n            <\/div>\n          <\/div>\n\n\n          <div class=\"card\">\n            <a href=\"https:\/\/www.11onze.cat\/es\/11onze-tv\/recomienda\/grandes-empresas-ayudas-europeas\/\" class=\"card-link\" target=\"_self\"><\/a>\n            <div class=\"card-img\">\n              <img decoding=\"async\" src=\"https:\/\/www.11onze.cat\/wp-content\/uploads\/2021\/07\/THUMBNAIL_AJUTS_EUROPEUS-800x453.jpg\" class=\"card-img-top\" alt=\"\">\n            <\/div>\n            <div class=\"card-body\">\n              <p class=\"card-title p2\"><strong>Las grandes empresas y las ayudas europeas<\/strong><\/p>\n              <span class=\"card-time\">1min lectura<\/span>\n              <p class=\"card-text small\">La UE enviar\u00e1 140.000 millones de euros en Espa\u00f1a en el marco<\/p>\n            <\/div>\n          <\/div>\n\n\n          <div class=\"card\">\n            <a href=\"https:\/\/www.11onze.cat\/es\/magazine\/david-garrofe-11-ideas-cambiar-economia\/\" class=\"card-link\" target=\"_self\"><\/a>\n            <div class=\"card-img\">\n              <img decoding=\"async\" src=\"https:\/\/www.11onze.cat\/wp-content\/uploads\/2022\/02\/THUMBNAIL_11_IDEES_CLAU-800x500.png\" class=\"card-img-top\" alt=\"\">\n                <span class=\"card-category\">11Onze<\/span>\n            <\/div>\n            <div class=\"card-body\">\n              <p class=\"card-title p2\"><strong>11 ideas para cambiar la econom\u00eda<\/strong><\/p>\n              <span class=\"card-time\">4min lectura<\/span>\n              <p class=\"card-text small\">\u00bfC\u00f3mo podemos transformar la econom\u00eda?<\/p>\n            <\/div>\n          <\/div>\n\n              <\/div>\n              <br>\n              <br>\n              <div class=\"cards__wrapper\">\n\n        <\/div>\n      <\/div>\n    <\/div>\n  <\/div>\n<\/div>","protected":false},"excerpt":{"rendered":"","protected":false},"author":71,"featured_media":33651,"comment_status":"open","ping_status":"closed","sticky":false,"template":"","format":"standard","meta":{"_acf_changed":false,"content-type":"","footnotes":""},"categories":[28],"tags":[171],"class_list":["post-33653","post","type-post","status-publish","format-standard","has-post-thumbnail","hentry","category-sin-categorizar","tag-sostenibilidad"],"acf":[],"yoast_head":"<!-- This site is optimized with the Yoast SEO plugin v27.5 - https:\/\/yoast.com\/product\/yoast-seo-wordpress\/ -->\n<title>Fondos Next Generation para una econom\u00eda circular - 11Onze<\/title>\n<meta name=\"description\" content=\"Este verano se adjudicar\u00e1n 192 millones de euros de los fondos Next Generation para proyectos empresariales que fomenten la econom\u00eda circular.\" \/>\n<meta name=\"robots\" content=\"index, follow, max-snippet:-1, max-image-preview:large, max-video-preview:-1\" \/>\n<link rel=\"canonical\" href=\"https:\/\/www.11onze.cat\/es\/magazine\/fondos-next-generation-economia-circular\/\" \/>\n<meta property=\"og:locale\" content=\"es_ES\" \/>\n<meta property=\"og:type\" content=\"article\" \/>\n<meta property=\"og:title\" content=\"Fondos Next Generation para una econom\u00eda circular - 11Onze\" \/>\n<meta property=\"og:description\" content=\"Este verano se adjudicar\u00e1n 192 millones de euros de los fondos Next Generation para proyectos empresariales que fomenten la econom\u00eda circular.\" \/>\n<meta property=\"og:url\" content=\"https:\/\/www.11onze.cat\/es\/magazine\/fondos-next-generation-economia-circular\/\" \/>\n<meta property=\"og:site_name\" content=\"11Onze\" \/>\n<meta property=\"article:publisher\" content=\"https:\/\/www.facebook.com\/11OnzeComunitat\" \/>\n<meta property=\"article:published_time\" content=\"2022-06-21T19:00:00+00:00\" \/>\n<meta property=\"article:modified_time\" content=\"2022-07-21T08:25:48+00:00\" \/>\n<meta property=\"og:image\" content=\"https:\/\/www.11onze.cat\/wp-content\/uploads\/2022\/06\/11ONZE_NEXT_GENERATION-800x450.jpg\" \/>\n<meta name=\"author\" content=\"Equip Editorial\" \/>\n<meta name=\"twitter:card\" content=\"summary_large_image\" \/>\n<meta name=\"twitter:title\" content=\"Fondos Next Generation para una econom\u00eda circular - 11Onze\" \/>\n<meta name=\"twitter:description\" content=\"Este verano se adjudicar\u00e1n 192 millones de euros de los fondos Next Generation para proyectos empresariales que fomenten la econom\u00eda circular.\" \/>\n<meta name=\"twitter:image\" content=\"https:\/\/www.11onze.cat\/wp-content\/uploads\/2022\/06\/11ONZE_NEXT_GENERATION-800x450.jpg\" \/>\n<meta name=\"twitter:creator\" content=\"@11OnzeFintech\" \/>\n<meta name=\"twitter:site\" content=\"@11OnzeFintech\" \/>\n<meta name=\"twitter:label1\" content=\"Escrito por\" \/>\n\t<meta name=\"twitter:data1\" content=\"Equip Editorial\" \/>\n<script type=\"application\/ld+json\" class=\"yoast-schema-graph\">{\"@context\":\"https:\\\/\\\/schema.org\",\"@graph\":[{\"@type\":\"Article\",\"@id\":\"https:\\\/\\\/www.11onze.cat\\\/es\\\/magazine\\\/fondos-next-generation-economia-circular\\\/#article\",\"isPartOf\":{\"@id\":\"https:\\\/\\\/www.11onze.cat\\\/es\\\/magazine\\\/fondos-next-generation-economia-circular\\\/\"},\"author\":{\"name\":\"Equip Editorial\",\"@id\":\"https:\\\/\\\/www.11onze.cat\\\/es\\\/#\\\/schema\\\/person\\\/636d99b4c82bb7178687ecd43c3a61bd\"},\"headline\":\"Fondos Next Generation para una econom\u00eda circular\",\"datePublished\":\"2022-06-21T19:00:00+00:00\",\"dateModified\":\"2022-07-21T08:25:48+00:00\",\"mainEntityOfPage\":{\"@id\":\"https:\\\/\\\/www.11onze.cat\\\/es\\\/magazine\\\/fondos-next-generation-economia-circular\\\/\"},\"wordCount\":8,\"commentCount\":0,\"publisher\":{\"@id\":\"https:\\\/\\\/www.11onze.cat\\\/es\\\/#organization\"},\"image\":{\"@id\":\"https:\\\/\\\/www.11onze.cat\\\/es\\\/magazine\\\/fondos-next-generation-economia-circular\\\/#primaryimage\"},\"thumbnailUrl\":\"https:\\\/\\\/www.11onze.cat\\\/wp-content\\\/uploads\\\/2022\\\/06\\\/THUMBNAIL_NEXT_GENERATION.jpg\",\"keywords\":[\"Sostenibilidad\"],\"articleSection\":[\"Sin categorizar\"],\"inLanguage\":\"es\",\"potentialAction\":[{\"@type\":\"CommentAction\",\"name\":\"Comment\",\"target\":[\"https:\\\/\\\/www.11onze.cat\\\/es\\\/magazine\\\/fondos-next-generation-economia-circular\\\/#respond\"]}]},{\"@type\":\"WebPage\",\"@id\":\"https:\\\/\\\/www.11onze.cat\\\/es\\\/magazine\\\/fondos-next-generation-economia-circular\\\/\",\"url\":\"https:\\\/\\\/www.11onze.cat\\\/es\\\/magazine\\\/fondos-next-generation-economia-circular\\\/\",\"name\":\"Fondos Next Generation para una econom\u00eda circular - 11Onze\",\"isPartOf\":{\"@id\":\"https:\\\/\\\/www.11onze.cat\\\/es\\\/#website\"},\"primaryImageOfPage\":{\"@id\":\"https:\\\/\\\/www.11onze.cat\\\/es\\\/magazine\\\/fondos-next-generation-economia-circular\\\/#primaryimage\"},\"image\":{\"@id\":\"https:\\\/\\\/www.11onze.cat\\\/es\\\/magazine\\\/fondos-next-generation-economia-circular\\\/#primaryimage\"},\"thumbnailUrl\":\"https:\\\/\\\/www.11onze.cat\\\/wp-content\\\/uploads\\\/2022\\\/06\\\/THUMBNAIL_NEXT_GENERATION.jpg\",\"datePublished\":\"2022-06-21T19:00:00+00:00\",\"dateModified\":\"2022-07-21T08:25:48+00:00\",\"description\":\"Este verano se adjudicar\u00e1n 192 millones de euros de los fondos Next Generation para proyectos empresariales que fomenten la econom\u00eda circular.\",\"breadcrumb\":{\"@id\":\"https:\\\/\\\/www.11onze.cat\\\/es\\\/magazine\\\/fondos-next-generation-economia-circular\\\/#breadcrumb\"},\"inLanguage\":\"es\",\"potentialAction\":[{\"@type\":\"ReadAction\",\"target\":[\"https:\\\/\\\/www.11onze.cat\\\/es\\\/magazine\\\/fondos-next-generation-economia-circular\\\/\"]}]},{\"@type\":\"ImageObject\",\"inLanguage\":\"es\",\"@id\":\"https:\\\/\\\/www.11onze.cat\\\/es\\\/magazine\\\/fondos-next-generation-economia-circular\\\/#primaryimage\",\"url\":\"https:\\\/\\\/www.11onze.cat\\\/wp-content\\\/uploads\\\/2022\\\/06\\\/THUMBNAIL_NEXT_GENERATION.jpg\",\"contentUrl\":\"https:\\\/\\\/www.11onze.cat\\\/wp-content\\\/uploads\\\/2022\\\/06\\\/THUMBNAIL_NEXT_GENERATION.jpg\",\"width\":750,\"height\":504},{\"@type\":\"BreadcrumbList\",\"@id\":\"https:\\\/\\\/www.11onze.cat\\\/es\\\/magazine\\\/fondos-next-generation-economia-circular\\\/#breadcrumb\",\"itemListElement\":[{\"@type\":\"ListItem\",\"position\":1,\"name\":\"Home\",\"item\":\"https:\\\/\\\/www.11onze.cat\\\/es\\\/\"},{\"@type\":\"ListItem\",\"position\":2,\"name\":\"Fondos Next Generation para una econom\u00eda circular\"}]},{\"@type\":\"WebSite\",\"@id\":\"https:\\\/\\\/www.11onze.cat\\\/es\\\/#website\",\"url\":\"https:\\\/\\\/www.11onze.cat\\\/es\\\/\",\"name\":\"11Onze\",\"description\":\"Primera comunidad fintech digital en Catalu\u00f1a\",\"publisher\":{\"@id\":\"https:\\\/\\\/www.11onze.cat\\\/es\\\/#organization\"},\"potentialAction\":[{\"@type\":\"SearchAction\",\"target\":{\"@type\":\"EntryPoint\",\"urlTemplate\":\"https:\\\/\\\/www.11onze.cat\\\/es\\\/?s={search_term_string}\"},\"query-input\":{\"@type\":\"PropertyValueSpecification\",\"valueRequired\":true,\"valueName\":\"search_term_string\"}}],\"inLanguage\":\"es\"},{\"@type\":\"Organization\",\"@id\":\"https:\\\/\\\/www.11onze.cat\\\/es\\\/#organization\",\"name\":\"11Onze\",\"url\":\"https:\\\/\\\/www.11onze.cat\\\/es\\\/\",\"logo\":{\"@type\":\"ImageObject\",\"inLanguage\":\"es\",\"@id\":\"https:\\\/\\\/www.11onze.cat\\\/es\\\/#\\\/schema\\\/logo\\\/image\\\/\",\"url\":\"https:\\\/\\\/www.11onze.cat\\\/wp-content\\\/uploads\\\/2021\\\/04\\\/512x512-11Onze.jpg\",\"contentUrl\":\"https:\\\/\\\/www.11onze.cat\\\/wp-content\\\/uploads\\\/2021\\\/04\\\/512x512-11Onze.jpg\",\"width\":512,\"height\":512,\"caption\":\"11Onze\"},\"image\":{\"@id\":\"https:\\\/\\\/www.11onze.cat\\\/es\\\/#\\\/schema\\\/logo\\\/image\\\/\"},\"sameAs\":[\"https:\\\/\\\/www.facebook.com\\\/11OnzeComunitat\",\"https:\\\/\\\/x.com\\\/11OnzeFintech\",\"https:\\\/\\\/www.instagram.com\\\/11onzecat\\\/\",\"https:\\\/\\\/www.linkedin.com\\\/company\\\/11onzebanc\",\"https:\\\/\\\/www.youtube.com\\\/channel\\\/UCz63R8Byd_kBKtK2M4Qf_7w\"]},{\"@type\":\"Person\",\"@id\":\"https:\\\/\\\/www.11onze.cat\\\/es\\\/#\\\/schema\\\/person\\\/636d99b4c82bb7178687ecd43c3a61bd\",\"name\":\"Equip Editorial\",\"image\":{\"@type\":\"ImageObject\",\"inLanguage\":\"es\",\"@id\":\"https:\\\/\\\/www.11onze.cat\\\/wp-content\\\/uploads\\\/2022\\\/05\\\/HEADER_AGENTS_DECK-300x300.jpg\",\"url\":\"https:\\\/\\\/www.11onze.cat\\\/wp-content\\\/uploads\\\/2022\\\/05\\\/HEADER_AGENTS_DECK-300x300.jpg\",\"contentUrl\":\"https:\\\/\\\/www.11onze.cat\\\/wp-content\\\/uploads\\\/2022\\\/05\\\/HEADER_AGENTS_DECK-300x300.jpg\",\"caption\":\"Equip Editorial\"},\"url\":\"https:\\\/\\\/www.11onze.cat\\\/es\\\/magazine\\\/author\\\/equip-editorial-11onze\\\/\"}]}<\/script>\n<!-- \/ Yoast SEO plugin. -->","yoast_head_json":{"title":"Fondos Next Generation para una econom\u00eda circular - 11Onze","description":"Este verano se adjudicar\u00e1n 192 millones de euros de los fondos Next Generation para proyectos empresariales que fomenten la econom\u00eda circular.","robots":{"index":"index","follow":"follow","max-snippet":"max-snippet:-1","max-image-preview":"max-image-preview:large","max-video-preview":"max-video-preview:-1"},"canonical":"https:\/\/www.11onze.cat\/es\/magazine\/fondos-next-generation-economia-circular\/","og_locale":"es_ES","og_type":"article","og_title":"Fondos Next Generation para una econom\u00eda circular - 11Onze","og_description":"Este verano se adjudicar\u00e1n 192 millones de euros de los fondos Next Generation para proyectos empresariales que fomenten la econom\u00eda circular.","og_url":"https:\/\/www.11onze.cat\/es\/magazine\/fondos-next-generation-economia-circular\/","og_site_name":"11Onze","article_publisher":"https:\/\/www.facebook.com\/11OnzeComunitat","article_published_time":"2022-06-21T19:00:00+00:00","article_modified_time":"2022-07-21T08:25:48+00:00","og_image":[{"url":"https:\/\/www.11onze.cat\/wp-content\/uploads\/2022\/06\/11ONZE_NEXT_GENERATION-800x450.jpg","type":"","width":"","height":""}],"author":"Equip Editorial","twitter_card":"summary_large_image","twitter_title":"Fondos Next Generation para una econom\u00eda circular - 11Onze","twitter_description":"Este verano se adjudicar\u00e1n 192 millones de euros de los fondos Next Generation para proyectos empresariales que fomenten la econom\u00eda circular.","twitter_image":"https:\/\/www.11onze.cat\/wp-content\/uploads\/2022\/06\/11ONZE_NEXT_GENERATION-800x450.jpg","twitter_creator":"@11OnzeFintech","twitter_site":"@11OnzeFintech","twitter_misc":{"Escrito por":"Equip Editorial"},"schema":{"@context":"https:\/\/schema.org","@graph":[{"@type":"Article","@id":"https:\/\/www.11onze.cat\/es\/magazine\/fondos-next-generation-economia-circular\/#article","isPartOf":{"@id":"https:\/\/www.11onze.cat\/es\/magazine\/fondos-next-generation-economia-circular\/"},"author":{"name":"Equip Editorial","@id":"https:\/\/www.11onze.cat\/es\/#\/schema\/person\/636d99b4c82bb7178687ecd43c3a61bd"},"headline":"Fondos Next Generation para una econom\u00eda circular","datePublished":"2022-06-21T19:00:00+00:00","dateModified":"2022-07-21T08:25:48+00:00","mainEntityOfPage":{"@id":"https:\/\/www.11onze.cat\/es\/magazine\/fondos-next-generation-economia-circular\/"},"wordCount":8,"commentCount":0,"publisher":{"@id":"https:\/\/www.11onze.cat\/es\/#organization"},"image":{"@id":"https:\/\/www.11onze.cat\/es\/magazine\/fondos-next-generation-economia-circular\/#primaryimage"},"thumbnailUrl":"https:\/\/www.11onze.cat\/wp-content\/uploads\/2022\/06\/THUMBNAIL_NEXT_GENERATION.jpg","keywords":["Sostenibilidad"],"articleSection":["Sin categorizar"],"inLanguage":"es","potentialAction":[{"@type":"CommentAction","name":"Comment","target":["https:\/\/www.11onze.cat\/es\/magazine\/fondos-next-generation-economia-circular\/#respond"]}]},{"@type":"WebPage","@id":"https:\/\/www.11onze.cat\/es\/magazine\/fondos-next-generation-economia-circular\/","url":"https:\/\/www.11onze.cat\/es\/magazine\/fondos-next-generation-economia-circular\/","name":"Fondos Next Generation para una econom\u00eda circular - 11Onze","isPartOf":{"@id":"https:\/\/www.11onze.cat\/es\/#website"},"primaryImageOfPage":{"@id":"https:\/\/www.11onze.cat\/es\/magazine\/fondos-next-generation-economia-circular\/#primaryimage"},"image":{"@id":"https:\/\/www.11onze.cat\/es\/magazine\/fondos-next-generation-economia-circular\/#primaryimage"},"thumbnailUrl":"https:\/\/www.11onze.cat\/wp-content\/uploads\/2022\/06\/THUMBNAIL_NEXT_GENERATION.jpg","datePublished":"2022-06-21T19:00:00+00:00","dateModified":"2022-07-21T08:25:48+00:00","description":"Este verano se adjudicar\u00e1n 192 millones de euros de los fondos Next Generation para proyectos empresariales que fomenten la econom\u00eda circular.","breadcrumb":{"@id":"https:\/\/www.11onze.cat\/es\/magazine\/fondos-next-generation-economia-circular\/#breadcrumb"},"inLanguage":"es","potentialAction":[{"@type":"ReadAction","target":["https:\/\/www.11onze.cat\/es\/magazine\/fondos-next-generation-economia-circular\/"]}]},{"@type":"ImageObject","inLanguage":"es","@id":"https:\/\/www.11onze.cat\/es\/magazine\/fondos-next-generation-economia-circular\/#primaryimage","url":"https:\/\/www.11onze.cat\/wp-content\/uploads\/2022\/06\/THUMBNAIL_NEXT_GENERATION.jpg","contentUrl":"https:\/\/www.11onze.cat\/wp-content\/uploads\/2022\/06\/THUMBNAIL_NEXT_GENERATION.jpg","width":750,"height":504},{"@type":"BreadcrumbList","@id":"https:\/\/www.11onze.cat\/es\/magazine\/fondos-next-generation-economia-circular\/#breadcrumb","itemListElement":[{"@type":"ListItem","position":1,"name":"Home","item":"https:\/\/www.11onze.cat\/es\/"},{"@type":"ListItem","position":2,"name":"Fondos Next Generation para una econom\u00eda circular"}]},{"@type":"WebSite","@id":"https:\/\/www.11onze.cat\/es\/#website","url":"https:\/\/www.11onze.cat\/es\/","name":"11Onze","description":"Primera comunidad fintech digital en Catalu\u00f1a","publisher":{"@id":"https:\/\/www.11onze.cat\/es\/#organization"},"potentialAction":[{"@type":"SearchAction","target":{"@type":"EntryPoint","urlTemplate":"https:\/\/www.11onze.cat\/es\/?s={search_term_string}"},"query-input":{"@type":"PropertyValueSpecification","valueRequired":true,"valueName":"search_term_string"}}],"inLanguage":"es"},{"@type":"Organization","@id":"https:\/\/www.11onze.cat\/es\/#organization","name":"11Onze","url":"https:\/\/www.11onze.cat\/es\/","logo":{"@type":"ImageObject","inLanguage":"es","@id":"https:\/\/www.11onze.cat\/es\/#\/schema\/logo\/image\/","url":"https:\/\/www.11onze.cat\/wp-content\/uploads\/2021\/04\/512x512-11Onze.jpg","contentUrl":"https:\/\/www.11onze.cat\/wp-content\/uploads\/2021\/04\/512x512-11Onze.jpg","width":512,"height":512,"caption":"11Onze"},"image":{"@id":"https:\/\/www.11onze.cat\/es\/#\/schema\/logo\/image\/"},"sameAs":["https:\/\/www.facebook.com\/11OnzeComunitat","https:\/\/x.com\/11OnzeFintech","https:\/\/www.instagram.com\/11onzecat\/","https:\/\/www.linkedin.com\/company\/11onzebanc","https:\/\/www.youtube.com\/channel\/UCz63R8Byd_kBKtK2M4Qf_7w"]},{"@type":"Person","@id":"https:\/\/www.11onze.cat\/es\/#\/schema\/person\/636d99b4c82bb7178687ecd43c3a61bd","name":"Equip Editorial","image":{"@type":"ImageObject","inLanguage":"es","@id":"https:\/\/www.11onze.cat\/wp-content\/uploads\/2022\/05\/HEADER_AGENTS_DECK-300x300.jpg","url":"https:\/\/www.11onze.cat\/wp-content\/uploads\/2022\/05\/HEADER_AGENTS_DECK-300x300.jpg","contentUrl":"https:\/\/www.11onze.cat\/wp-content\/uploads\/2022\/05\/HEADER_AGENTS_DECK-300x300.jpg","caption":"Equip Editorial"},"url":"https:\/\/www.11onze.cat\/es\/magazine\/author\/equip-editorial-11onze\/"}]}},"_links":{"self":[{"href":"https:\/\/www.11onze.cat\/es\/wp-json\/wp\/v2\/posts\/33653","targetHints":{"allow":["GET"]}}],"collection":[{"href":"https:\/\/www.11onze.cat\/es\/wp-json\/wp\/v2\/posts"}],"about":[{"href":"https:\/\/www.11onze.cat\/es\/wp-json\/wp\/v2\/types\/post"}],"author":[{"embeddable":true,"href":"https:\/\/www.11onze.cat\/es\/wp-json\/wp\/v2\/users\/71"}],"replies":[{"embeddable":true,"href":"https:\/\/www.11onze.cat\/es\/wp-json\/wp\/v2\/comments?post=33653"}],"version-history":[{"count":0,"href":"https:\/\/www.11onze.cat\/es\/wp-json\/wp\/v2\/posts\/33653\/revisions"}],"wp:featuredmedia":[{"embeddable":true,"href":"https:\/\/www.11onze.cat\/es\/wp-json\/wp\/v2\/media\/33651"}],"wp:attachment":[{"href":"https:\/\/www.11onze.cat\/es\/wp-json\/wp\/v2\/media?parent=33653"}],"wp:term":[{"taxonomy":"category","embeddable":true,"href":"https:\/\/www.11onze.cat\/es\/wp-json\/wp\/v2\/categories?post=33653"},{"taxonomy":"post_tag","embeddable":true,"href":"https:\/\/www.11onze.cat\/es\/wp-json\/wp\/v2\/tags?post=33653"}],"curies":[{"name":"wp","href":"https:\/\/api.w.org\/{rel}","templated":true}]}}