{"id":32891,"date":"2022-06-06T21:00:00","date_gmt":"2022-06-06T19:00:00","guid":{"rendered":"https:\/\/www.11onze.cat\/?p=32891"},"modified":"2022-06-08T11:55:06","modified_gmt":"2022-06-08T09:55:06","slug":"cuidar-sector-primario","status":"publish","type":"post","link":"https:\/\/www.11onze.cat\/es\/magazine\/cuidar-sector-primario\/","title":{"rendered":"\u201cTenemos que cuidar el sector primario\u201d"},"content":{"rendered":"<div class=\"component text\">\n  <div class=\"container\">\n\n\n    <div class=\"row\">\n      <div class=\"col  col-lg-8  offset-lg-2\">\n        <h3><b>Con la crisis agroalimentaria y la subida de precios generalizada, muchos consumidores se han refugiado en las marcas blancas para ahorrar en la cesta de la compra. Pero, \u00bfqu\u00e9 consecuencias tiene este cambio de tendencia en nuestros h\u00e1bitos de consumo para la econom\u00eda local y el medio ambiente? \u00bfC\u00f3mo podemos ahorrar practicando un consumo consciente? N\u00faria Rambla, asistente ejecutiva de 11Onze, nos lo explica en un nuevo episodio del Estat de la Naci\u00f3.<\/b><\/h3>\n<p>&nbsp;<\/p>\n<p><span style=\"font-weight: 400;\">La crisis sanitaria cambi\u00f3 los h\u00e1bitos de compra de muchos consumidores, que mostraban una creciente preferencia por los productos de proximidad y comercios locales. Aun as\u00ed, el aumento de la inflaci\u00f3n, la crisis agroalimentaria y la bajada del poder adquisitivo de muchas familias est\u00e1n provocando <\/span><b>un nuevo cambio de prioridades hacia compras centradas en el precio<\/b><span style=\"font-weight: 400;\">, sustituyendo productos de primeras marcas por otros de marca blanca.<\/span><\/p>\n<p><span style=\"font-weight: 400;\">Desde el punto de vista del consumidor, el ahorro que comporta adquirir art\u00edculos de distribuidor a un precio inferior es la clara ventaja de las marcas blancas. Por otro lado, el bajo precio de algunos de estos productos puede venir dado por los menores costes de producci\u00f3n en el pa\u00eds de origen, pero tambi\u00e9n por la rebaja en lo que se paga al productor. C\u00f3mo apunta Rambla, \u201c<\/span><b>la marca blanca es la que asfixia m\u00e1s al campesino y al productor.<\/b><span style=\"font-weight: 400;\">\u201d<\/span><\/p>\n\n      <\/div>\n    <\/div>\n  <\/div>\n<\/div>\n\n\n<div class=\"component gallery\">\n  <div class=\"container\">\n    <div class=\"row\">\n      <div class=\"col col-lg-10 offset-lg-1\">\n        <div id=\"slider\" class=\"carousel slide\">\n          <div class=\"carousel-inner\">\n            <div class=\"carousel-item active video-player inline-player\" data-video-id=\"6307402232112\">\n              <img decoding=\"async\" class=\"d-block w-100\" src=\"https:\/\/www.11onze.cat\/wp-content\/uploads\/2022\/06\/THUMBNAIL_ESTAT_NACIO_68.jpg\" alt=\"\">\n              <button type=\"button\" class=\"play\"><\/button>\n              <div class=\"carousel-caption\">\n                <p>\u201cLa marca blanca asfixia al campesino\u201d<\/p>\n              <\/div>\n            <\/div>\n          <\/div>\n        <\/div>\n      <\/div>\n    <\/div>\n  <\/div>\n<\/div>\n\n<div class=\"component text\">\n  <div class=\"container\">\n\n\n    <div class=\"row\">\n      <div class=\"col  col-lg-8  offset-lg-2\">\n        <h3><b>El consumo consciente y el futuro del sector primario<\/b><\/h3>\n<p><span style=\"font-weight: 400;\">El conflicto en Ucrania ha puesto de manifiesto el valor estrat\u00e9gico del sector primario. <\/span><b>Dif\u00edcilmente se puede hacer frente a una crisis agroalimentaria si no tenemos una producci\u00f3n local<\/b><span style=\"font-weight: 400;\"> que cubra las necesidades del territorio o, cuando menos, nos sirva para negociar mejores condiciones a la hora de comprar productos de importaci\u00f3n que han asumido precios desorbitados.<\/span><\/p>\n<p><span style=\"font-weight: 400;\">C\u00f3mo detalla Rambla, \u201cel sector primario es un 20% de nuestra producci\u00f3n\u201d. De aqu\u00ed la importancia de cuidarlo e \u201cintentar que no desaparezca\u201d. Y a\u00f1ade: \u201c<\/span><b>Si todo lo estamos consumiendo de fuera, seremos totalmente dependientes del exterior y mucho m\u00e1s vulnerables.<\/b><span style=\"font-weight: 400;\"> Gente de fuera decidir\u00e1 los cambios de precios\u201d.<\/span><\/p>\n<p><span style=\"font-weight: 400;\">La decisi\u00f3n final de si nos decantamos por marcas blancas, productos de proximidad o el comercio local depende de la situaci\u00f3n de cada familia, pero desde 11Onze queremos poner nuestro granito de arena ofreciendo los consejos, las herramientas y productos para <\/span><b>empoderar a los miembros de nuestra comunidad a tomar el control de sus finanzas<\/b><span style=\"font-weight: 400;\">.<\/span><\/p>\n<p>&nbsp;<\/p>\n<p><b>11Onze es la comunidad fintech de Catalu\u00f1a. Abre una cuenta descargando la super app El Canut para <\/b><a href=\"https:\/\/play.google.com\/store\/apps\/details?id=com.e11onze.app&amp;utm_source=emailing&amp;utm_campaign=CANUT+launch\" target=\"_blank\" rel=\"noopener\"><b>Android<\/b><\/a><b> o <\/b><a href=\"https:\/\/apps.apple.com\/us\/app\/11onze\/id1566129237?utm_campaign=El+Canut\" target=\"_blank\" rel=\"noopener\"><b>iOS<\/b><\/a><b>. \u00a1\u00danete a la revoluci\u00f3n!<\/b><\/p>\n\n      <\/div>\n    <\/div>\n  <\/div>\n<\/div>\n\n\n<div class=\"component cards\">\n  <div class=\"container\">\n    <div class=\"row\">\n      <div class=\"col col-xl-8 offset-xl-2\">\n        <h1>Si te ha gustado este art\u00edculo, te recomendamos:<\/h1>\n        <div class=\"cards__wrapper\">\n          <div class=\"card\">\n            <a href=\"https:\/\/www.11onze.cat\/es\/magazine\/productos-proximidad-opcion-preferente-catalanes\/\" class=\"card-link\" target=\"_self\"><\/a>\n            <div class=\"card-img\">\n              <img decoding=\"async\" src=\"https:\/\/www.11onze.cat\/wp-content\/uploads\/2021\/04\/THUMBNAIL_POST_54.png\" class=\"card-img-top\" alt=\"\">\n                <span class=\"card-category\">Econom\u00eda<\/span>\n            <\/div>\n            <div class=\"card-body\">\n              <p class=\"card-title p2\"><strong>Productos de proximidad<\/strong><\/p>\n              <span class=\"card-time\">7min lectura<\/span>\n              <p class=\"card-text small\">La apuesta por la compra de proximidad es la primera pieza<\/p>\n            <\/div>\n          <\/div>\n\n\n          <div class=\"card\">\n            <a href=\"https:\/\/www.11onze.cat\/es\/magazine\/campo-reclama-regulacion-sobrevivir\/\" class=\"card-link\" target=\"_self\"><\/a>\n            <div class=\"card-img\">\n              <img decoding=\"async\" src=\"https:\/\/www.11onze.cat\/wp-content\/uploads\/2021\/08\/THUMBNAIL_PAGESIA-800x532.jpg\" class=\"card-img-top\" alt=\"\">\n                <span class=\"card-category\">Econom\u00eda<\/span>\n            <\/div>\n            <div class=\"card-body\">\n              <p class=\"card-title p2\"><strong>El campo reclama m\u00e1s regulaci\u00f3n<\/strong><\/p>\n              <span class=\"card-time\">5min lectura<\/span>\n              <p class=\"card-text small\">Denuncian las malas pr\u00e1cticas de las grandes distribuidoras del<\/p>\n            <\/div>\n          <\/div>\n\n\n          <div class=\"card\">\n            <a href=\"https:\/\/www.11onze.cat\/es\/magazine\/11onze-expande-europa\/\" class=\"card-link\" target=\"_self\"><\/a>\n            <div class=\"card-img\">\n              <img decoding=\"async\" src=\"https:\/\/www.11onze.cat\/wp-content\/uploads\/2022\/06\/THUMBNAIL_11ONZE_EUROPA.jpg\" class=\"card-img-top\" alt=\"\">\n                <span class=\"card-category\">11Onze<\/span>\n            <\/div>\n            <div class=\"card-body\">\n              <p class=\"card-title p2\"><strong>11Onze se expande por Europa<\/strong><\/p>\n              <span class=\"card-time\">3min lectura<\/span>\n              <p class=\"card-text small\">Ahora cualquier persona de la Uni\u00f3n Europea o del Reino<\/p>\n            <\/div>\n          <\/div>\n\n              <\/div>\n              <br>\n              <br>\n              <div class=\"cards__wrapper\">\n\n        <\/div>\n      <\/div>\n    <\/div>\n  <\/div>\n<\/div>","protected":false},"excerpt":{"rendered":"","protected":false},"author":71,"featured_media":32853,"comment_status":"open","ping_status":"closed","sticky":false,"template":"","format":"standard","meta":{"_acf_changed":false,"content-type":"","footnotes":""},"categories":[28],"tags":[189],"class_list":["post-32891","post","type-post","status-publish","format-standard","has-post-thumbnail","hentry","category-sin-categorizar","tag-11onze-es"],"acf":[],"yoast_head":"<!-- This site is optimized with the Yoast SEO plugin v27.5 - https:\/\/yoast.com\/product\/yoast-seo-wordpress\/ -->\n<title>\u201cTenemos que cuidar el sector primario\u201d - 11Onze<\/title>\n<meta name=\"description\" content=\"N\u00faria Rambla, asistente ejecutiva de 11Onze, explica en Estat de la Naci\u00f3 por qu\u00e9 es esencial que cuidemos el sector primario de nuestro pa\u00eds.\" \/>\n<meta name=\"robots\" content=\"index, follow, max-snippet:-1, max-image-preview:large, max-video-preview:-1\" \/>\n<link rel=\"canonical\" href=\"https:\/\/www.11onze.cat\/es\/magazine\/cuidar-sector-primario\/\" \/>\n<meta property=\"og:locale\" content=\"es_ES\" \/>\n<meta property=\"og:type\" content=\"article\" \/>\n<meta property=\"og:title\" content=\"\u201cTenemos que cuidar el sector primario\u201d - 11Onze\" \/>\n<meta property=\"og:description\" content=\"N\u00faria Rambla, asistente ejecutiva de 11Onze, explica en Estat de la Naci\u00f3 por qu\u00e9 es esencial que cuidemos el sector primario de nuestro pa\u00eds.\" \/>\n<meta property=\"og:url\" content=\"https:\/\/www.11onze.cat\/es\/magazine\/cuidar-sector-primario\/\" \/>\n<meta property=\"og:site_name\" content=\"11Onze\" \/>\n<meta property=\"article:publisher\" content=\"https:\/\/www.facebook.com\/11OnzeComunitat\" \/>\n<meta property=\"article:published_time\" content=\"2022-06-06T19:00:00+00:00\" \/>\n<meta property=\"article:modified_time\" content=\"2022-06-08T09:55:06+00:00\" \/>\n<meta property=\"og:image\" content=\"https:\/\/www.11onze.cat\/wp-content\/uploads\/2022\/06\/11ONZE_ESTAT_NACIO_68-800x450.jpg\" \/>\n<meta name=\"author\" content=\"Equip Editorial\" \/>\n<meta name=\"twitter:card\" content=\"summary_large_image\" \/>\n<meta name=\"twitter:title\" content=\"\u201cTenemos que cuidar el sector primario\u201d - 11Onze\" \/>\n<meta name=\"twitter:description\" content=\"N\u00faria Rambla, asistente ejecutiva de 11Onze, explica en Estat de la Naci\u00f3 por qu\u00e9 es esencial que cuidemos el sector primario de nuestro pa\u00eds.\" \/>\n<meta name=\"twitter:image\" content=\"https:\/\/www.11onze.cat\/wp-content\/uploads\/2022\/06\/11ONZE_ESTAT_NACIO_68-800x450.jpg\" \/>\n<meta name=\"twitter:creator\" content=\"@11OnzeFintech\" \/>\n<meta name=\"twitter:site\" content=\"@11OnzeFintech\" \/>\n<meta name=\"twitter:label1\" content=\"Escrito por\" \/>\n\t<meta name=\"twitter:data1\" content=\"Equip Editorial\" \/>\n<script type=\"application\/ld+json\" class=\"yoast-schema-graph\">{\"@context\":\"https:\\\/\\\/schema.org\",\"@graph\":[{\"@type\":\"Article\",\"@id\":\"https:\\\/\\\/www.11onze.cat\\\/es\\\/magazine\\\/cuidar-sector-primario\\\/#article\",\"isPartOf\":{\"@id\":\"https:\\\/\\\/www.11onze.cat\\\/es\\\/magazine\\\/cuidar-sector-primario\\\/\"},\"author\":{\"name\":\"Equip Editorial\",\"@id\":\"https:\\\/\\\/www.11onze.cat\\\/es\\\/#\\\/schema\\\/person\\\/636d99b4c82bb7178687ecd43c3a61bd\"},\"headline\":\"\u201cTenemos que cuidar el sector primario\u201d\",\"datePublished\":\"2022-06-06T19:00:00+00:00\",\"dateModified\":\"2022-06-08T09:55:06+00:00\",\"mainEntityOfPage\":{\"@id\":\"https:\\\/\\\/www.11onze.cat\\\/es\\\/magazine\\\/cuidar-sector-primario\\\/\"},\"wordCount\":6,\"commentCount\":0,\"publisher\":{\"@id\":\"https:\\\/\\\/www.11onze.cat\\\/es\\\/#organization\"},\"image\":{\"@id\":\"https:\\\/\\\/www.11onze.cat\\\/es\\\/magazine\\\/cuidar-sector-primario\\\/#primaryimage\"},\"thumbnailUrl\":\"https:\\\/\\\/www.11onze.cat\\\/wp-content\\\/uploads\\\/2022\\\/06\\\/THUMBNAIL_ESTAT_NACIO_68.jpg\",\"keywords\":[\"11Onze\"],\"articleSection\":[\"Sin categorizar\"],\"inLanguage\":\"es\",\"potentialAction\":[{\"@type\":\"CommentAction\",\"name\":\"Comment\",\"target\":[\"https:\\\/\\\/www.11onze.cat\\\/es\\\/magazine\\\/cuidar-sector-primario\\\/#respond\"]}]},{\"@type\":\"WebPage\",\"@id\":\"https:\\\/\\\/www.11onze.cat\\\/es\\\/magazine\\\/cuidar-sector-primario\\\/\",\"url\":\"https:\\\/\\\/www.11onze.cat\\\/es\\\/magazine\\\/cuidar-sector-primario\\\/\",\"name\":\"\u201cTenemos que cuidar el sector primario\u201d - 11Onze\",\"isPartOf\":{\"@id\":\"https:\\\/\\\/www.11onze.cat\\\/es\\\/#website\"},\"primaryImageOfPage\":{\"@id\":\"https:\\\/\\\/www.11onze.cat\\\/es\\\/magazine\\\/cuidar-sector-primario\\\/#primaryimage\"},\"image\":{\"@id\":\"https:\\\/\\\/www.11onze.cat\\\/es\\\/magazine\\\/cuidar-sector-primario\\\/#primaryimage\"},\"thumbnailUrl\":\"https:\\\/\\\/www.11onze.cat\\\/wp-content\\\/uploads\\\/2022\\\/06\\\/THUMBNAIL_ESTAT_NACIO_68.jpg\",\"datePublished\":\"2022-06-06T19:00:00+00:00\",\"dateModified\":\"2022-06-08T09:55:06+00:00\",\"description\":\"N\u00faria Rambla, asistente ejecutiva de 11Onze, explica en Estat de la Naci\u00f3 por qu\u00e9 es esencial que cuidemos el sector primario de nuestro pa\u00eds.\",\"breadcrumb\":{\"@id\":\"https:\\\/\\\/www.11onze.cat\\\/es\\\/magazine\\\/cuidar-sector-primario\\\/#breadcrumb\"},\"inLanguage\":\"es\",\"potentialAction\":[{\"@type\":\"ReadAction\",\"target\":[\"https:\\\/\\\/www.11onze.cat\\\/es\\\/magazine\\\/cuidar-sector-primario\\\/\"]}]},{\"@type\":\"ImageObject\",\"inLanguage\":\"es\",\"@id\":\"https:\\\/\\\/www.11onze.cat\\\/es\\\/magazine\\\/cuidar-sector-primario\\\/#primaryimage\",\"url\":\"https:\\\/\\\/www.11onze.cat\\\/wp-content\\\/uploads\\\/2022\\\/06\\\/THUMBNAIL_ESTAT_NACIO_68.jpg\",\"contentUrl\":\"https:\\\/\\\/www.11onze.cat\\\/wp-content\\\/uploads\\\/2022\\\/06\\\/THUMBNAIL_ESTAT_NACIO_68.jpg\",\"width\":750,\"height\":420},{\"@type\":\"BreadcrumbList\",\"@id\":\"https:\\\/\\\/www.11onze.cat\\\/es\\\/magazine\\\/cuidar-sector-primario\\\/#breadcrumb\",\"itemListElement\":[{\"@type\":\"ListItem\",\"position\":1,\"name\":\"Home\",\"item\":\"https:\\\/\\\/www.11onze.cat\\\/es\\\/\"},{\"@type\":\"ListItem\",\"position\":2,\"name\":\"\u201cTenemos que cuidar el sector primario\u201d\"}]},{\"@type\":\"WebSite\",\"@id\":\"https:\\\/\\\/www.11onze.cat\\\/es\\\/#website\",\"url\":\"https:\\\/\\\/www.11onze.cat\\\/es\\\/\",\"name\":\"11Onze\",\"description\":\"Primera comunidad fintech digital en Catalu\u00f1a\",\"publisher\":{\"@id\":\"https:\\\/\\\/www.11onze.cat\\\/es\\\/#organization\"},\"potentialAction\":[{\"@type\":\"SearchAction\",\"target\":{\"@type\":\"EntryPoint\",\"urlTemplate\":\"https:\\\/\\\/www.11onze.cat\\\/es\\\/?s={search_term_string}\"},\"query-input\":{\"@type\":\"PropertyValueSpecification\",\"valueRequired\":true,\"valueName\":\"search_term_string\"}}],\"inLanguage\":\"es\"},{\"@type\":\"Organization\",\"@id\":\"https:\\\/\\\/www.11onze.cat\\\/es\\\/#organization\",\"name\":\"11Onze\",\"url\":\"https:\\\/\\\/www.11onze.cat\\\/es\\\/\",\"logo\":{\"@type\":\"ImageObject\",\"inLanguage\":\"es\",\"@id\":\"https:\\\/\\\/www.11onze.cat\\\/es\\\/#\\\/schema\\\/logo\\\/image\\\/\",\"url\":\"https:\\\/\\\/www.11onze.cat\\\/wp-content\\\/uploads\\\/2021\\\/04\\\/512x512-11Onze.jpg\",\"contentUrl\":\"https:\\\/\\\/www.11onze.cat\\\/wp-content\\\/uploads\\\/2021\\\/04\\\/512x512-11Onze.jpg\",\"width\":512,\"height\":512,\"caption\":\"11Onze\"},\"image\":{\"@id\":\"https:\\\/\\\/www.11onze.cat\\\/es\\\/#\\\/schema\\\/logo\\\/image\\\/\"},\"sameAs\":[\"https:\\\/\\\/www.facebook.com\\\/11OnzeComunitat\",\"https:\\\/\\\/x.com\\\/11OnzeFintech\",\"https:\\\/\\\/www.instagram.com\\\/11onzecat\\\/\",\"https:\\\/\\\/www.linkedin.com\\\/company\\\/11onzebanc\",\"https:\\\/\\\/www.youtube.com\\\/channel\\\/UCz63R8Byd_kBKtK2M4Qf_7w\"]},{\"@type\":\"Person\",\"@id\":\"https:\\\/\\\/www.11onze.cat\\\/es\\\/#\\\/schema\\\/person\\\/636d99b4c82bb7178687ecd43c3a61bd\",\"name\":\"Equip Editorial\",\"image\":{\"@type\":\"ImageObject\",\"inLanguage\":\"es\",\"@id\":\"https:\\\/\\\/www.11onze.cat\\\/wp-content\\\/uploads\\\/2022\\\/05\\\/HEADER_AGENTS_DECK-300x300.jpg\",\"url\":\"https:\\\/\\\/www.11onze.cat\\\/wp-content\\\/uploads\\\/2022\\\/05\\\/HEADER_AGENTS_DECK-300x300.jpg\",\"contentUrl\":\"https:\\\/\\\/www.11onze.cat\\\/wp-content\\\/uploads\\\/2022\\\/05\\\/HEADER_AGENTS_DECK-300x300.jpg\",\"caption\":\"Equip Editorial\"},\"url\":\"https:\\\/\\\/www.11onze.cat\\\/es\\\/magazine\\\/author\\\/equip-editorial-11onze\\\/\"}]}<\/script>\n<!-- \/ Yoast SEO plugin. -->","yoast_head_json":{"title":"\u201cTenemos que cuidar el sector primario\u201d - 11Onze","description":"N\u00faria Rambla, asistente ejecutiva de 11Onze, explica en Estat de la Naci\u00f3 por qu\u00e9 es esencial que cuidemos el sector primario de nuestro pa\u00eds.","robots":{"index":"index","follow":"follow","max-snippet":"max-snippet:-1","max-image-preview":"max-image-preview:large","max-video-preview":"max-video-preview:-1"},"canonical":"https:\/\/www.11onze.cat\/es\/magazine\/cuidar-sector-primario\/","og_locale":"es_ES","og_type":"article","og_title":"\u201cTenemos que cuidar el sector primario\u201d - 11Onze","og_description":"N\u00faria Rambla, asistente ejecutiva de 11Onze, explica en Estat de la Naci\u00f3 por qu\u00e9 es esencial que cuidemos el sector primario de nuestro pa\u00eds.","og_url":"https:\/\/www.11onze.cat\/es\/magazine\/cuidar-sector-primario\/","og_site_name":"11Onze","article_publisher":"https:\/\/www.facebook.com\/11OnzeComunitat","article_published_time":"2022-06-06T19:00:00+00:00","article_modified_time":"2022-06-08T09:55:06+00:00","og_image":[{"url":"https:\/\/www.11onze.cat\/wp-content\/uploads\/2022\/06\/11ONZE_ESTAT_NACIO_68-800x450.jpg","type":"","width":"","height":""}],"author":"Equip Editorial","twitter_card":"summary_large_image","twitter_title":"\u201cTenemos que cuidar el sector primario\u201d - 11Onze","twitter_description":"N\u00faria Rambla, asistente ejecutiva de 11Onze, explica en Estat de la Naci\u00f3 por qu\u00e9 es esencial que cuidemos el sector primario de nuestro pa\u00eds.","twitter_image":"https:\/\/www.11onze.cat\/wp-content\/uploads\/2022\/06\/11ONZE_ESTAT_NACIO_68-800x450.jpg","twitter_creator":"@11OnzeFintech","twitter_site":"@11OnzeFintech","twitter_misc":{"Escrito por":"Equip Editorial"},"schema":{"@context":"https:\/\/schema.org","@graph":[{"@type":"Article","@id":"https:\/\/www.11onze.cat\/es\/magazine\/cuidar-sector-primario\/#article","isPartOf":{"@id":"https:\/\/www.11onze.cat\/es\/magazine\/cuidar-sector-primario\/"},"author":{"name":"Equip Editorial","@id":"https:\/\/www.11onze.cat\/es\/#\/schema\/person\/636d99b4c82bb7178687ecd43c3a61bd"},"headline":"\u201cTenemos que cuidar el sector primario\u201d","datePublished":"2022-06-06T19:00:00+00:00","dateModified":"2022-06-08T09:55:06+00:00","mainEntityOfPage":{"@id":"https:\/\/www.11onze.cat\/es\/magazine\/cuidar-sector-primario\/"},"wordCount":6,"commentCount":0,"publisher":{"@id":"https:\/\/www.11onze.cat\/es\/#organization"},"image":{"@id":"https:\/\/www.11onze.cat\/es\/magazine\/cuidar-sector-primario\/#primaryimage"},"thumbnailUrl":"https:\/\/www.11onze.cat\/wp-content\/uploads\/2022\/06\/THUMBNAIL_ESTAT_NACIO_68.jpg","keywords":["11Onze"],"articleSection":["Sin categorizar"],"inLanguage":"es","potentialAction":[{"@type":"CommentAction","name":"Comment","target":["https:\/\/www.11onze.cat\/es\/magazine\/cuidar-sector-primario\/#respond"]}]},{"@type":"WebPage","@id":"https:\/\/www.11onze.cat\/es\/magazine\/cuidar-sector-primario\/","url":"https:\/\/www.11onze.cat\/es\/magazine\/cuidar-sector-primario\/","name":"\u201cTenemos que cuidar el sector primario\u201d - 11Onze","isPartOf":{"@id":"https:\/\/www.11onze.cat\/es\/#website"},"primaryImageOfPage":{"@id":"https:\/\/www.11onze.cat\/es\/magazine\/cuidar-sector-primario\/#primaryimage"},"image":{"@id":"https:\/\/www.11onze.cat\/es\/magazine\/cuidar-sector-primario\/#primaryimage"},"thumbnailUrl":"https:\/\/www.11onze.cat\/wp-content\/uploads\/2022\/06\/THUMBNAIL_ESTAT_NACIO_68.jpg","datePublished":"2022-06-06T19:00:00+00:00","dateModified":"2022-06-08T09:55:06+00:00","description":"N\u00faria Rambla, asistente ejecutiva de 11Onze, explica en Estat de la Naci\u00f3 por qu\u00e9 es esencial que cuidemos el sector primario de nuestro pa\u00eds.","breadcrumb":{"@id":"https:\/\/www.11onze.cat\/es\/magazine\/cuidar-sector-primario\/#breadcrumb"},"inLanguage":"es","potentialAction":[{"@type":"ReadAction","target":["https:\/\/www.11onze.cat\/es\/magazine\/cuidar-sector-primario\/"]}]},{"@type":"ImageObject","inLanguage":"es","@id":"https:\/\/www.11onze.cat\/es\/magazine\/cuidar-sector-primario\/#primaryimage","url":"https:\/\/www.11onze.cat\/wp-content\/uploads\/2022\/06\/THUMBNAIL_ESTAT_NACIO_68.jpg","contentUrl":"https:\/\/www.11onze.cat\/wp-content\/uploads\/2022\/06\/THUMBNAIL_ESTAT_NACIO_68.jpg","width":750,"height":420},{"@type":"BreadcrumbList","@id":"https:\/\/www.11onze.cat\/es\/magazine\/cuidar-sector-primario\/#breadcrumb","itemListElement":[{"@type":"ListItem","position":1,"name":"Home","item":"https:\/\/www.11onze.cat\/es\/"},{"@type":"ListItem","position":2,"name":"\u201cTenemos que cuidar el sector primario\u201d"}]},{"@type":"WebSite","@id":"https:\/\/www.11onze.cat\/es\/#website","url":"https:\/\/www.11onze.cat\/es\/","name":"11Onze","description":"Primera comunidad fintech digital en Catalu\u00f1a","publisher":{"@id":"https:\/\/www.11onze.cat\/es\/#organization"},"potentialAction":[{"@type":"SearchAction","target":{"@type":"EntryPoint","urlTemplate":"https:\/\/www.11onze.cat\/es\/?s={search_term_string}"},"query-input":{"@type":"PropertyValueSpecification","valueRequired":true,"valueName":"search_term_string"}}],"inLanguage":"es"},{"@type":"Organization","@id":"https:\/\/www.11onze.cat\/es\/#organization","name":"11Onze","url":"https:\/\/www.11onze.cat\/es\/","logo":{"@type":"ImageObject","inLanguage":"es","@id":"https:\/\/www.11onze.cat\/es\/#\/schema\/logo\/image\/","url":"https:\/\/www.11onze.cat\/wp-content\/uploads\/2021\/04\/512x512-11Onze.jpg","contentUrl":"https:\/\/www.11onze.cat\/wp-content\/uploads\/2021\/04\/512x512-11Onze.jpg","width":512,"height":512,"caption":"11Onze"},"image":{"@id":"https:\/\/www.11onze.cat\/es\/#\/schema\/logo\/image\/"},"sameAs":["https:\/\/www.facebook.com\/11OnzeComunitat","https:\/\/x.com\/11OnzeFintech","https:\/\/www.instagram.com\/11onzecat\/","https:\/\/www.linkedin.com\/company\/11onzebanc","https:\/\/www.youtube.com\/channel\/UCz63R8Byd_kBKtK2M4Qf_7w"]},{"@type":"Person","@id":"https:\/\/www.11onze.cat\/es\/#\/schema\/person\/636d99b4c82bb7178687ecd43c3a61bd","name":"Equip Editorial","image":{"@type":"ImageObject","inLanguage":"es","@id":"https:\/\/www.11onze.cat\/wp-content\/uploads\/2022\/05\/HEADER_AGENTS_DECK-300x300.jpg","url":"https:\/\/www.11onze.cat\/wp-content\/uploads\/2022\/05\/HEADER_AGENTS_DECK-300x300.jpg","contentUrl":"https:\/\/www.11onze.cat\/wp-content\/uploads\/2022\/05\/HEADER_AGENTS_DECK-300x300.jpg","caption":"Equip Editorial"},"url":"https:\/\/www.11onze.cat\/es\/magazine\/author\/equip-editorial-11onze\/"}]}},"_links":{"self":[{"href":"https:\/\/www.11onze.cat\/es\/wp-json\/wp\/v2\/posts\/32891","targetHints":{"allow":["GET"]}}],"collection":[{"href":"https:\/\/www.11onze.cat\/es\/wp-json\/wp\/v2\/posts"}],"about":[{"href":"https:\/\/www.11onze.cat\/es\/wp-json\/wp\/v2\/types\/post"}],"author":[{"embeddable":true,"href":"https:\/\/www.11onze.cat\/es\/wp-json\/wp\/v2\/users\/71"}],"replies":[{"embeddable":true,"href":"https:\/\/www.11onze.cat\/es\/wp-json\/wp\/v2\/comments?post=32891"}],"version-history":[{"count":0,"href":"https:\/\/www.11onze.cat\/es\/wp-json\/wp\/v2\/posts\/32891\/revisions"}],"wp:featuredmedia":[{"embeddable":true,"href":"https:\/\/www.11onze.cat\/es\/wp-json\/wp\/v2\/media\/32853"}],"wp:attachment":[{"href":"https:\/\/www.11onze.cat\/es\/wp-json\/wp\/v2\/media?parent=32891"}],"wp:term":[{"taxonomy":"category","embeddable":true,"href":"https:\/\/www.11onze.cat\/es\/wp-json\/wp\/v2\/categories?post=32891"},{"taxonomy":"post_tag","embeddable":true,"href":"https:\/\/www.11onze.cat\/es\/wp-json\/wp\/v2\/tags?post=32891"}],"curies":[{"name":"wp","href":"https:\/\/api.w.org\/{rel}","templated":true}]}}