{"id":32563,"date":"2024-10-28T09:00:00","date_gmt":"2024-10-28T08:00:00","guid":{"rendered":"https:\/\/www.11onze.cat\/?p=32563"},"modified":"2024-10-21T15:37:48","modified_gmt":"2024-10-21T13:37:48","slug":"sector-agroalimentario-catalan-crisis","status":"publish","type":"post","link":"https:\/\/www.11onze.cat\/es\/magazine\/sector-agroalimentario-catalan-crisis\/","title":{"rendered":"El sector agroalimentario catal\u00e1n ante la crisis"},"content":{"rendered":"<div class=\"component text\">\n  <div class=\"container\">\n\n\n    <div class=\"row\">\n      <div class=\"col  col-lg-8  offset-lg-2\">\n        <h3><b>El mundo afronta una crisis alimentaria. Los precios de los alimentos se est\u00e1n disparando y los consumidores est\u00e1n cambiando sus h\u00e1bitos. La nueva situaci\u00f3n supone a la vez un reto y una oportunidad para la industria agroalimentaria catalana.<\/b><\/h3>\n<p>&nbsp;<\/p>\n<p><span style=\"font-weight: 400;\">El IPC anticipado de <\/span><a href=\"https:\/\/www.ine.es\/daco\/daco42\/daco421\/ipc0922.pdf\" target=\"_blank\" rel=\"noopener\"><span style=\"font-weight: 400;\">septiembre<\/span><\/a><span style=\"font-weight: 400;\"> se ha situado en el 8,9%, sobre todo por el encarecimiento de los carburantes y alimentos, seg\u00fan el INE. Y llueve sobre mojado si analizamos la evoluci\u00f3n de los precios de la cesta de la compra, a pesar de que la inflaci\u00f3n interanual de alimentos y bebidas no alcoh\u00f3licas fue del 6,2%, disminuyendo dos d\u00e9cimas en comparaci\u00f3n al mes anterior. Hay que destacar los elevados precios especialmente las de productos b\u00e1sicos como la carne, el pan, los cereales, las legumbres, las hortalizas, la leche, el queso y los huevos.<\/span><\/p>\n<p><span style=\"font-weight: 400;\">La mayor\u00eda de consumidores en Espa\u00f1a han percibido estos cambios y un 75 % ya han modificado sus h\u00e1bitos de compra, como indica una encuesta de la consultora <\/span><a href=\"https:\/\/www.europapress.es\/economia\/noticia-siete-cada-diez-consumidores-espanoles-muestran-pesimistas-actual-situacion-economica-20220524115120.html\" target=\"_blank\" rel=\"noopener\"><span style=\"font-weight: 400;\">McKinsey<\/span><\/a><span style=\"font-weight: 400;\">. Entre abril y mayo, la mitad han probado alguna marca blanca, el 30 % han cambiado de marca y el 26% afirman haber cambiado de tienda o distribuidor. Sin duda, la principal causa es la <\/span><b>b\u00fasqueda de mejores precios<\/b><span style=\"font-weight: 400;\">.<\/span><\/p>\n<p><span style=\"font-weight: 400;\">Adem\u00e1s, seg\u00fan un <\/span><a href=\"https:\/\/www.allianz-trade.com\/en_global\/news-insights\/economic-insights\/european-food-inflation.html\" target=\"_blank\" rel=\"noopener\"><span style=\"font-weight: 400;\">informe<\/span><\/a><span style=\"font-weight: 400;\"> de la aseguradora Allianz, si los productores acaban trasladando al precio final de los alimentos el incremento que han experimentado en sus costes, sobre todo por la subida de carburantes, electricidad y fertilizantes, <\/span><b>la cesta de la compra se encarecer\u00e1 este a\u00f1o un 13 % en Espa\u00f1a<\/b><span style=\"font-weight: 400;\">. Hay que tener en cuenta que actualmente los hogares europeos ya dedican de media entre el 12 % y el 25 % de sus ingresos, seg\u00fan el pa\u00eds, a alimentaci\u00f3n y bebidas. Por tanto, muchas econom\u00edas familiares podr\u00edan verse estranguladas.<\/span><\/p>\n<p>&nbsp;<\/p>\n<h3><b>Un est\u00edmulo para el comercio de proximidad<\/b><\/h3>\n<p><span style=\"font-weight: 400;\">El gran impacto del precio de los carburantes en las cadenas de distribuci\u00f3n puede suponer un impulso para el comercio de proximidad, como refleja el <\/span><a href=\"https:\/\/www.accio.gencat.cat\/ca\/serveis\/banc-coneixement\/cercador\/BancConeixement\/eic-sector-agroalimentari-catalunya\" target=\"_blank\" rel=\"noopener\"><span style=\"font-weight: 400;\">informe<\/span><\/a><span style=\"font-weight: 400;\"> \u201cEl sector agroalimentario en Catalu\u00f1a\u201d, elaborado por Acci\u00f3 i Prodeca. En este sentido, <\/span><b>tanto productores como distribuidores deber\u00e1n ajustar sus estrategias <\/b><span style=\"font-weight: 400;\">para ganar competitividad.<\/span><\/p>\n<p><b>La crisis alimentaria supone una oportunidad para el sector en Catalu\u00f1a<\/b><span style=\"font-weight: 400;\">, aunque no est\u00e1 exento de riesgos. Liderado por las industrias c\u00e1rnicas, el sector agroalimentario es uno de los claros referentes de la econom\u00eda catalana, ya que genera el 19,2 % del PIB, con una facturaci\u00f3n global de 43.088 millones de euros. El sector primario supone casi el 11 % del total; la industria de alimentaci\u00f3n y bebidas, el 70 %; y la industria auxiliar, m\u00e1s del 19 %.<\/span><\/p>\n<p><span style=\"font-weight: 400;\">En el nuevo contexto, parte de los productores y distribuidores locales, sobre todo los del sector primario, podr\u00e1n ampliar su cuota de mercado en Catalu\u00f1a, ya que sus productos ganar\u00e1n competitividad frente a los importados. De todas formas, nadie puede pasar por alto las grandes tendencias y retos del sector que apunta el informe de Acci\u00f3 y Prodeca.\u00a0<\/span><\/p>\n<p>&nbsp;<\/p>\n<h3><b>Tres \u00e1mbitos de actuaci\u00f3n<\/b><\/h3>\n<p><span style=\"font-weight: 400;\">Para empezar, en el <\/span><b>terreno medioambiental<\/b><span style=\"font-weight: 400;\"> ser\u00e1 necesario tener muy en cuenta la importancia de la producci\u00f3n sostenible, basada en la bioeconom\u00eda circular y la agricultura de precisi\u00f3n, o aspectos como la reducci\u00f3n del pl\u00e1stico. La trazabilidad de los alimentos permitir\u00e1 identificar su sostenibilidad y asegurar su autenticidad.<\/span><\/p>\n<p><span style=\"font-weight: 400;\">Tambi\u00e9n destacan las oportunidades para nuevos productos en el \u00e1mbito de la <\/span><b>alimentaci\u00f3n saludable<\/b><span style=\"font-weight: 400;\">. Esto incluye productos que contribuyan a reducir la incidencia de determinadas enfermedades (diabetes, patolog\u00edas cardiovasculares\u2026), productos funcionales y el \u00e1rea de la nutrigen\u00e9tica, que tiende a personalizar cada vez m\u00e1s la alimentaci\u00f3n en funci\u00f3n de las caracter\u00edsticas gen\u00e9ticas del consumidor.<\/span><\/p>\n<p><span style=\"font-weight: 400;\">Un tercer campo de acci\u00f3n es el de la <\/span><b>innovaci\u00f3n<\/b><span style=\"font-weight: 400;\">. La tecnolog\u00eda debe facilitar el lanzamiento de nuevos ingredientes, aditivos y suplementos alimentarios. Por otra parte, la implantaci\u00f3n de la Industria 4.0 en el sector deber\u00eda llevarla a sacar partido del \u2018big data\u2019 o el Internet de las cosas.<\/span><\/p>\n<p>&nbsp;<\/p>\n<h3><b>M\u00e1s dificultades para las empresas exportadoras<\/b><\/h3>\n<p><span style=\"font-weight: 400;\">En general, las empresas con mayor dependencia de las exportaciones ser\u00e1n las que m\u00e1s sufrir\u00e1n para digerir los cambios en el mercado. Se podr\u00eda decir que el sector agroalimentario catal\u00e1n se ha comido el mundo en los \u00faltimos a\u00f1os, ya que sus ventas en el exterior rozan los 13.000 millones y suponen el 16 % de las exportaciones catalanas.\u00a0<\/span><\/p>\n<p><span style=\"font-weight: 400;\">Por eso, <\/span><b>en algunos casos ser\u00e1 dif\u00edcil que el crecimiento en el mercado interior pueda equilibrar la p\u00e9rdida de presencia en el exterior<\/b><span style=\"font-weight: 400;\">. Un claro ejemplo es el de la carne y los embutidos, cuyas exportaciones equivalen a casi 4.600 millones de euros (36 % del total) y que est\u00e1 muy concentrado en el porcino.<\/span><\/p>\n<p>&nbsp;<\/p>\n<p><b>11Onze es la comunidad fintech de Catalu\u00f1a. Abre una cuenta descargando la super app El Canut para <\/b><a href=\"https:\/\/play.google.com\/store\/apps\/details?id=com.e11onze.app&amp;utm_source=emailing&amp;utm_campaign=CANUT+launch\" target=\"_blank\" rel=\"noopener\"><b>Android<\/b><\/a><b> o <\/b><a href=\"https:\/\/apps.apple.com\/us\/app\/11onze\/id1566129237?utm_campaign=El+Canut\" target=\"_blank\" rel=\"noopener\"><b>iOS<\/b><\/a><b>. \u00a1\u00danete a la revoluci\u00f3n!<\/b><\/p>\n\n      <\/div>\n    <\/div>\n  <\/div>\n<\/div>\n\n\n<div class=\"component cards\">\n  <div class=\"container\">\n    <div class=\"row\">\n      <div class=\"col col-xl-8 offset-xl-2\">\n        <h1>Si te ha gustado este art\u00edculo, te recomendamos:<\/h1>\n        <div class=\"cards__wrapper\">\n          <div class=\"card\">\n            <a href=\"https:\/\/www.11onze.cat\/es\/magazine\/comemos-afecta-planeta\/\" class=\"card-link\" target=\"_self\"><\/a>\n            <div class=\"card-img\">\n              <img decoding=\"async\" src=\"https:\/\/www.11onze.cat\/wp-content\/uploads\/2022\/03\/THUMBNAIL_ALIMENTACIO_SALUT_MEDI_AMBIENT.jpg\" class=\"card-img-top\" alt=\"\">\n                <span class=\"card-category\">Bienestar<\/span>\n            <\/div>\n            <div class=\"card-body\">\n              <p class=\"card-title p2\"><strong>\u201cLo que comemos afecta al planeta\u201d<\/strong><\/p>\n              <span class=\"card-time\">2min lectura<\/span>\n              <p class=\"card-text small\">La relaci\u00f3n entre lo que comemos y nuestra salud est\u00e1<\/p>\n            <\/div>\n          <\/div>\n\n\n          <div class=\"card\">\n            <a href=\"https:\/\/www.11onze.cat\/es\/magazine\/campo-reclama-regulacion-sobrevivir\/\" class=\"card-link\" target=\"_self\"><\/a>\n            <div class=\"card-img\">\n              <img decoding=\"async\" src=\"https:\/\/www.11onze.cat\/wp-content\/uploads\/2021\/08\/THUMBNAIL_PAGESIA-800x532.jpg\" class=\"card-img-top\" alt=\"\">\n                <span class=\"card-category\">Econom\u00eda<\/span>\n            <\/div>\n            <div class=\"card-body\">\n              <p class=\"card-title p2\"><strong>El campo reclama m\u00e1s regulaci\u00f3n<\/strong><\/p>\n              <span class=\"card-time\">5min lectura<\/span>\n              <p class=\"card-text small\">Denuncian las malas pr\u00e1cticas de las grandes distribuidoras del<\/p>\n            <\/div>\n          <\/div>\n\n\n          <div class=\"card\">\n            <a href=\"https:\/\/www.11onze.cat\/es\/magazine\/llegara-dia-todos-comeremos-carne-sintetica\/\" class=\"card-link\" target=\"_self\"><\/a>\n            <div class=\"card-img\">\n              <img decoding=\"async\" src=\"https:\/\/www.11onze.cat\/wp-content\/uploads\/2021\/10\/THUMBNAIL_CARN_SINTETICA-800x532.jpg\" class=\"card-img-top\" alt=\"\">\n                <span class=\"card-category\">Cultura<\/span>\n            <\/div>\n            <div class=\"card-body\">\n              <p class=\"card-title p2\"><strong>Carne sint\u00e9tica<\/strong><\/p>\n              <span class=\"card-time\">5min lectura<\/span>\n              <p class=\"card-text small\">Los expertos calculan que en 2050 seremos 9.500 millones de personas en la Tierra.<\/p>\n            <\/div>\n          <\/div>\n\n              <\/div>\n              <br>\n              <br>\n              <div class=\"cards__wrapper\">\n\n        <\/div>\n      <\/div>\n    <\/div>\n  <\/div>\n<\/div>","protected":false},"excerpt":{"rendered":"","protected":false},"author":71,"featured_media":32556,"comment_status":"open","ping_status":"closed","sticky":false,"template":"","format":"standard","meta":{"_acf_changed":false,"content-type":"","footnotes":""},"categories":[28],"tags":[171],"class_list":["post-32563","post","type-post","status-publish","format-standard","has-post-thumbnail","hentry","category-sin-categorizar","tag-sostenibilidad"],"acf":[],"yoast_head":"<!-- This site is optimized with the Yoast SEO plugin v27.4 - https:\/\/yoast.com\/product\/yoast-seo-wordpress\/ -->\n<title>El sector agroalimentario catal\u00e1n ante la crisis - 11Onze<\/title>\n<meta name=\"description\" content=\"La crisis alimentaria supone a la vez un reto y una oportunidad para la industria agroalimentaria catalana, la m\u00e1s exportadora del Estado espa\u00f1ol.\" \/>\n<meta name=\"robots\" content=\"index, follow, max-snippet:-1, max-image-preview:large, max-video-preview:-1\" \/>\n<link rel=\"canonical\" href=\"https:\/\/www.11onze.cat\/es\/magazine\/sector-agroalimentario-catalan-crisis\/\" \/>\n<meta property=\"og:locale\" content=\"es_ES\" \/>\n<meta property=\"og:type\" content=\"article\" \/>\n<meta property=\"og:title\" content=\"El sector agroalimentario catal\u00e1n ante la crisis - 11Onze\" \/>\n<meta property=\"og:description\" content=\"La crisis alimentaria supone a la vez un reto y una oportunidad para la industria agroalimentaria catalana, la m\u00e1s exportadora del Estado espa\u00f1ol.\" \/>\n<meta property=\"og:url\" content=\"https:\/\/www.11onze.cat\/es\/magazine\/sector-agroalimentario-catalan-crisis\/\" \/>\n<meta property=\"og:site_name\" content=\"11Onze\" \/>\n<meta property=\"article:publisher\" content=\"https:\/\/www.facebook.com\/11OnzeComunitat\" \/>\n<meta property=\"article:published_time\" content=\"2024-10-28T08:00:00+00:00\" \/>\n<meta property=\"og:image\" content=\"https:\/\/www.11onze.cat\/wp-content\/uploads\/2022\/05\/11ONZE_CRISI_ALIMENTARIA-800x450.jpg\" \/>\n<meta name=\"author\" content=\"Equip Editorial\" \/>\n<meta name=\"twitter:card\" content=\"summary_large_image\" \/>\n<meta name=\"twitter:title\" content=\"El sector agroalimentario catal\u00e1n ante la crisis - 11Onze\" \/>\n<meta name=\"twitter:description\" content=\"La crisis alimentaria supone a la vez un reto y una oportunidad para la industria agroalimentaria catalana, la m\u00e1s exportadora del Estado espa\u00f1ol.\" \/>\n<meta name=\"twitter:image\" content=\"https:\/\/www.11onze.cat\/wp-content\/uploads\/2022\/05\/11ONZE_CRISI_ALIMENTARIA-800x450.jpg\" \/>\n<meta name=\"twitter:creator\" content=\"@11OnzeFintech\" \/>\n<meta name=\"twitter:site\" content=\"@11OnzeFintech\" \/>\n<meta name=\"twitter:label1\" content=\"Escrito por\" \/>\n\t<meta name=\"twitter:data1\" content=\"Equip Editorial\" \/>\n<script type=\"application\/ld+json\" class=\"yoast-schema-graph\">{\"@context\":\"https:\\\/\\\/schema.org\",\"@graph\":[{\"@type\":\"Article\",\"@id\":\"https:\\\/\\\/www.11onze.cat\\\/es\\\/magazine\\\/sector-agroalimentario-catalan-crisis\\\/#article\",\"isPartOf\":{\"@id\":\"https:\\\/\\\/www.11onze.cat\\\/es\\\/magazine\\\/sector-agroalimentario-catalan-crisis\\\/\"},\"author\":{\"name\":\"Equip Editorial\",\"@id\":\"https:\\\/\\\/www.11onze.cat\\\/es\\\/#\\\/schema\\\/person\\\/636d99b4c82bb7178687ecd43c3a61bd\"},\"headline\":\"El sector agroalimentario catal\u00e1n ante la crisis\",\"datePublished\":\"2024-10-28T08:00:00+00:00\",\"mainEntityOfPage\":{\"@id\":\"https:\\\/\\\/www.11onze.cat\\\/es\\\/magazine\\\/sector-agroalimentario-catalan-crisis\\\/\"},\"wordCount\":8,\"commentCount\":0,\"publisher\":{\"@id\":\"https:\\\/\\\/www.11onze.cat\\\/es\\\/#organization\"},\"image\":{\"@id\":\"https:\\\/\\\/www.11onze.cat\\\/es\\\/magazine\\\/sector-agroalimentario-catalan-crisis\\\/#primaryimage\"},\"thumbnailUrl\":\"https:\\\/\\\/www.11onze.cat\\\/wp-content\\\/uploads\\\/2022\\\/05\\\/THUMBNAIL_CRISI_ALIMENTARIA.jpg\",\"keywords\":[\"Sostenibilidad\"],\"articleSection\":[\"Sin categorizar\"],\"inLanguage\":\"es\",\"potentialAction\":[{\"@type\":\"CommentAction\",\"name\":\"Comment\",\"target\":[\"https:\\\/\\\/www.11onze.cat\\\/es\\\/magazine\\\/sector-agroalimentario-catalan-crisis\\\/#respond\"]}]},{\"@type\":\"WebPage\",\"@id\":\"https:\\\/\\\/www.11onze.cat\\\/es\\\/magazine\\\/sector-agroalimentario-catalan-crisis\\\/\",\"url\":\"https:\\\/\\\/www.11onze.cat\\\/es\\\/magazine\\\/sector-agroalimentario-catalan-crisis\\\/\",\"name\":\"El sector agroalimentario catal\u00e1n ante la crisis - 11Onze\",\"isPartOf\":{\"@id\":\"https:\\\/\\\/www.11onze.cat\\\/es\\\/#website\"},\"primaryImageOfPage\":{\"@id\":\"https:\\\/\\\/www.11onze.cat\\\/es\\\/magazine\\\/sector-agroalimentario-catalan-crisis\\\/#primaryimage\"},\"image\":{\"@id\":\"https:\\\/\\\/www.11onze.cat\\\/es\\\/magazine\\\/sector-agroalimentario-catalan-crisis\\\/#primaryimage\"},\"thumbnailUrl\":\"https:\\\/\\\/www.11onze.cat\\\/wp-content\\\/uploads\\\/2022\\\/05\\\/THUMBNAIL_CRISI_ALIMENTARIA.jpg\",\"datePublished\":\"2024-10-28T08:00:00+00:00\",\"description\":\"La crisis alimentaria supone a la vez un reto y una oportunidad para la industria agroalimentaria catalana, la m\u00e1s exportadora del Estado espa\u00f1ol.\",\"breadcrumb\":{\"@id\":\"https:\\\/\\\/www.11onze.cat\\\/es\\\/magazine\\\/sector-agroalimentario-catalan-crisis\\\/#breadcrumb\"},\"inLanguage\":\"es\",\"potentialAction\":[{\"@type\":\"ReadAction\",\"target\":[\"https:\\\/\\\/www.11onze.cat\\\/es\\\/magazine\\\/sector-agroalimentario-catalan-crisis\\\/\"]}]},{\"@type\":\"ImageObject\",\"inLanguage\":\"es\",\"@id\":\"https:\\\/\\\/www.11onze.cat\\\/es\\\/magazine\\\/sector-agroalimentario-catalan-crisis\\\/#primaryimage\",\"url\":\"https:\\\/\\\/www.11onze.cat\\\/wp-content\\\/uploads\\\/2022\\\/05\\\/THUMBNAIL_CRISI_ALIMENTARIA.jpg\",\"contentUrl\":\"https:\\\/\\\/www.11onze.cat\\\/wp-content\\\/uploads\\\/2022\\\/05\\\/THUMBNAIL_CRISI_ALIMENTARIA.jpg\",\"width\":750,\"height\":504},{\"@type\":\"BreadcrumbList\",\"@id\":\"https:\\\/\\\/www.11onze.cat\\\/es\\\/magazine\\\/sector-agroalimentario-catalan-crisis\\\/#breadcrumb\",\"itemListElement\":[{\"@type\":\"ListItem\",\"position\":1,\"name\":\"Home\",\"item\":\"https:\\\/\\\/www.11onze.cat\\\/es\\\/\"},{\"@type\":\"ListItem\",\"position\":2,\"name\":\"El sector agroalimentario catal\u00e1n ante la crisis\"}]},{\"@type\":\"WebSite\",\"@id\":\"https:\\\/\\\/www.11onze.cat\\\/es\\\/#website\",\"url\":\"https:\\\/\\\/www.11onze.cat\\\/es\\\/\",\"name\":\"11Onze\",\"description\":\"Primera comunidad fintech digital en Catalu\u00f1a\",\"publisher\":{\"@id\":\"https:\\\/\\\/www.11onze.cat\\\/es\\\/#organization\"},\"potentialAction\":[{\"@type\":\"SearchAction\",\"target\":{\"@type\":\"EntryPoint\",\"urlTemplate\":\"https:\\\/\\\/www.11onze.cat\\\/es\\\/?s={search_term_string}\"},\"query-input\":{\"@type\":\"PropertyValueSpecification\",\"valueRequired\":true,\"valueName\":\"search_term_string\"}}],\"inLanguage\":\"es\"},{\"@type\":\"Organization\",\"@id\":\"https:\\\/\\\/www.11onze.cat\\\/es\\\/#organization\",\"name\":\"11Onze\",\"url\":\"https:\\\/\\\/www.11onze.cat\\\/es\\\/\",\"logo\":{\"@type\":\"ImageObject\",\"inLanguage\":\"es\",\"@id\":\"https:\\\/\\\/www.11onze.cat\\\/es\\\/#\\\/schema\\\/logo\\\/image\\\/\",\"url\":\"https:\\\/\\\/www.11onze.cat\\\/wp-content\\\/uploads\\\/2021\\\/04\\\/512x512-11Onze.jpg\",\"contentUrl\":\"https:\\\/\\\/www.11onze.cat\\\/wp-content\\\/uploads\\\/2021\\\/04\\\/512x512-11Onze.jpg\",\"width\":512,\"height\":512,\"caption\":\"11Onze\"},\"image\":{\"@id\":\"https:\\\/\\\/www.11onze.cat\\\/es\\\/#\\\/schema\\\/logo\\\/image\\\/\"},\"sameAs\":[\"https:\\\/\\\/www.facebook.com\\\/11OnzeComunitat\",\"https:\\\/\\\/x.com\\\/11OnzeFintech\",\"https:\\\/\\\/www.instagram.com\\\/11onzecat\\\/\",\"https:\\\/\\\/www.linkedin.com\\\/company\\\/11onzebanc\",\"https:\\\/\\\/www.youtube.com\\\/channel\\\/UCz63R8Byd_kBKtK2M4Qf_7w\"]},{\"@type\":\"Person\",\"@id\":\"https:\\\/\\\/www.11onze.cat\\\/es\\\/#\\\/schema\\\/person\\\/636d99b4c82bb7178687ecd43c3a61bd\",\"name\":\"Equip Editorial\",\"image\":{\"@type\":\"ImageObject\",\"inLanguage\":\"es\",\"@id\":\"https:\\\/\\\/www.11onze.cat\\\/wp-content\\\/uploads\\\/2022\\\/05\\\/HEADER_AGENTS_DECK-300x300.jpg\",\"url\":\"https:\\\/\\\/www.11onze.cat\\\/wp-content\\\/uploads\\\/2022\\\/05\\\/HEADER_AGENTS_DECK-300x300.jpg\",\"contentUrl\":\"https:\\\/\\\/www.11onze.cat\\\/wp-content\\\/uploads\\\/2022\\\/05\\\/HEADER_AGENTS_DECK-300x300.jpg\",\"caption\":\"Equip Editorial\"},\"url\":\"https:\\\/\\\/www.11onze.cat\\\/es\\\/magazine\\\/author\\\/equip-editorial-11onze\\\/\"}]}<\/script>\n<!-- \/ Yoast SEO plugin. -->","yoast_head_json":{"title":"El sector agroalimentario catal\u00e1n ante la crisis - 11Onze","description":"La crisis alimentaria supone a la vez un reto y una oportunidad para la industria agroalimentaria catalana, la m\u00e1s exportadora del Estado espa\u00f1ol.","robots":{"index":"index","follow":"follow","max-snippet":"max-snippet:-1","max-image-preview":"max-image-preview:large","max-video-preview":"max-video-preview:-1"},"canonical":"https:\/\/www.11onze.cat\/es\/magazine\/sector-agroalimentario-catalan-crisis\/","og_locale":"es_ES","og_type":"article","og_title":"El sector agroalimentario catal\u00e1n ante la crisis - 11Onze","og_description":"La crisis alimentaria supone a la vez un reto y una oportunidad para la industria agroalimentaria catalana, la m\u00e1s exportadora del Estado espa\u00f1ol.","og_url":"https:\/\/www.11onze.cat\/es\/magazine\/sector-agroalimentario-catalan-crisis\/","og_site_name":"11Onze","article_publisher":"https:\/\/www.facebook.com\/11OnzeComunitat","article_published_time":"2024-10-28T08:00:00+00:00","og_image":[{"url":"https:\/\/www.11onze.cat\/wp-content\/uploads\/2022\/05\/11ONZE_CRISI_ALIMENTARIA-800x450.jpg","type":"","width":"","height":""}],"author":"Equip Editorial","twitter_card":"summary_large_image","twitter_title":"El sector agroalimentario catal\u00e1n ante la crisis - 11Onze","twitter_description":"La crisis alimentaria supone a la vez un reto y una oportunidad para la industria agroalimentaria catalana, la m\u00e1s exportadora del Estado espa\u00f1ol.","twitter_image":"https:\/\/www.11onze.cat\/wp-content\/uploads\/2022\/05\/11ONZE_CRISI_ALIMENTARIA-800x450.jpg","twitter_creator":"@11OnzeFintech","twitter_site":"@11OnzeFintech","twitter_misc":{"Escrito por":"Equip Editorial"},"schema":{"@context":"https:\/\/schema.org","@graph":[{"@type":"Article","@id":"https:\/\/www.11onze.cat\/es\/magazine\/sector-agroalimentario-catalan-crisis\/#article","isPartOf":{"@id":"https:\/\/www.11onze.cat\/es\/magazine\/sector-agroalimentario-catalan-crisis\/"},"author":{"name":"Equip Editorial","@id":"https:\/\/www.11onze.cat\/es\/#\/schema\/person\/636d99b4c82bb7178687ecd43c3a61bd"},"headline":"El sector agroalimentario catal\u00e1n ante la crisis","datePublished":"2024-10-28T08:00:00+00:00","mainEntityOfPage":{"@id":"https:\/\/www.11onze.cat\/es\/magazine\/sector-agroalimentario-catalan-crisis\/"},"wordCount":8,"commentCount":0,"publisher":{"@id":"https:\/\/www.11onze.cat\/es\/#organization"},"image":{"@id":"https:\/\/www.11onze.cat\/es\/magazine\/sector-agroalimentario-catalan-crisis\/#primaryimage"},"thumbnailUrl":"https:\/\/www.11onze.cat\/wp-content\/uploads\/2022\/05\/THUMBNAIL_CRISI_ALIMENTARIA.jpg","keywords":["Sostenibilidad"],"articleSection":["Sin categorizar"],"inLanguage":"es","potentialAction":[{"@type":"CommentAction","name":"Comment","target":["https:\/\/www.11onze.cat\/es\/magazine\/sector-agroalimentario-catalan-crisis\/#respond"]}]},{"@type":"WebPage","@id":"https:\/\/www.11onze.cat\/es\/magazine\/sector-agroalimentario-catalan-crisis\/","url":"https:\/\/www.11onze.cat\/es\/magazine\/sector-agroalimentario-catalan-crisis\/","name":"El sector agroalimentario catal\u00e1n ante la crisis - 11Onze","isPartOf":{"@id":"https:\/\/www.11onze.cat\/es\/#website"},"primaryImageOfPage":{"@id":"https:\/\/www.11onze.cat\/es\/magazine\/sector-agroalimentario-catalan-crisis\/#primaryimage"},"image":{"@id":"https:\/\/www.11onze.cat\/es\/magazine\/sector-agroalimentario-catalan-crisis\/#primaryimage"},"thumbnailUrl":"https:\/\/www.11onze.cat\/wp-content\/uploads\/2022\/05\/THUMBNAIL_CRISI_ALIMENTARIA.jpg","datePublished":"2024-10-28T08:00:00+00:00","description":"La crisis alimentaria supone a la vez un reto y una oportunidad para la industria agroalimentaria catalana, la m\u00e1s exportadora del Estado espa\u00f1ol.","breadcrumb":{"@id":"https:\/\/www.11onze.cat\/es\/magazine\/sector-agroalimentario-catalan-crisis\/#breadcrumb"},"inLanguage":"es","potentialAction":[{"@type":"ReadAction","target":["https:\/\/www.11onze.cat\/es\/magazine\/sector-agroalimentario-catalan-crisis\/"]}]},{"@type":"ImageObject","inLanguage":"es","@id":"https:\/\/www.11onze.cat\/es\/magazine\/sector-agroalimentario-catalan-crisis\/#primaryimage","url":"https:\/\/www.11onze.cat\/wp-content\/uploads\/2022\/05\/THUMBNAIL_CRISI_ALIMENTARIA.jpg","contentUrl":"https:\/\/www.11onze.cat\/wp-content\/uploads\/2022\/05\/THUMBNAIL_CRISI_ALIMENTARIA.jpg","width":750,"height":504},{"@type":"BreadcrumbList","@id":"https:\/\/www.11onze.cat\/es\/magazine\/sector-agroalimentario-catalan-crisis\/#breadcrumb","itemListElement":[{"@type":"ListItem","position":1,"name":"Home","item":"https:\/\/www.11onze.cat\/es\/"},{"@type":"ListItem","position":2,"name":"El sector agroalimentario catal\u00e1n ante la crisis"}]},{"@type":"WebSite","@id":"https:\/\/www.11onze.cat\/es\/#website","url":"https:\/\/www.11onze.cat\/es\/","name":"11Onze","description":"Primera comunidad fintech digital en Catalu\u00f1a","publisher":{"@id":"https:\/\/www.11onze.cat\/es\/#organization"},"potentialAction":[{"@type":"SearchAction","target":{"@type":"EntryPoint","urlTemplate":"https:\/\/www.11onze.cat\/es\/?s={search_term_string}"},"query-input":{"@type":"PropertyValueSpecification","valueRequired":true,"valueName":"search_term_string"}}],"inLanguage":"es"},{"@type":"Organization","@id":"https:\/\/www.11onze.cat\/es\/#organization","name":"11Onze","url":"https:\/\/www.11onze.cat\/es\/","logo":{"@type":"ImageObject","inLanguage":"es","@id":"https:\/\/www.11onze.cat\/es\/#\/schema\/logo\/image\/","url":"https:\/\/www.11onze.cat\/wp-content\/uploads\/2021\/04\/512x512-11Onze.jpg","contentUrl":"https:\/\/www.11onze.cat\/wp-content\/uploads\/2021\/04\/512x512-11Onze.jpg","width":512,"height":512,"caption":"11Onze"},"image":{"@id":"https:\/\/www.11onze.cat\/es\/#\/schema\/logo\/image\/"},"sameAs":["https:\/\/www.facebook.com\/11OnzeComunitat","https:\/\/x.com\/11OnzeFintech","https:\/\/www.instagram.com\/11onzecat\/","https:\/\/www.linkedin.com\/company\/11onzebanc","https:\/\/www.youtube.com\/channel\/UCz63R8Byd_kBKtK2M4Qf_7w"]},{"@type":"Person","@id":"https:\/\/www.11onze.cat\/es\/#\/schema\/person\/636d99b4c82bb7178687ecd43c3a61bd","name":"Equip Editorial","image":{"@type":"ImageObject","inLanguage":"es","@id":"https:\/\/www.11onze.cat\/wp-content\/uploads\/2022\/05\/HEADER_AGENTS_DECK-300x300.jpg","url":"https:\/\/www.11onze.cat\/wp-content\/uploads\/2022\/05\/HEADER_AGENTS_DECK-300x300.jpg","contentUrl":"https:\/\/www.11onze.cat\/wp-content\/uploads\/2022\/05\/HEADER_AGENTS_DECK-300x300.jpg","caption":"Equip Editorial"},"url":"https:\/\/www.11onze.cat\/es\/magazine\/author\/equip-editorial-11onze\/"}]}},"_links":{"self":[{"href":"https:\/\/www.11onze.cat\/es\/wp-json\/wp\/v2\/posts\/32563","targetHints":{"allow":["GET"]}}],"collection":[{"href":"https:\/\/www.11onze.cat\/es\/wp-json\/wp\/v2\/posts"}],"about":[{"href":"https:\/\/www.11onze.cat\/es\/wp-json\/wp\/v2\/types\/post"}],"author":[{"embeddable":true,"href":"https:\/\/www.11onze.cat\/es\/wp-json\/wp\/v2\/users\/71"}],"replies":[{"embeddable":true,"href":"https:\/\/www.11onze.cat\/es\/wp-json\/wp\/v2\/comments?post=32563"}],"version-history":[{"count":0,"href":"https:\/\/www.11onze.cat\/es\/wp-json\/wp\/v2\/posts\/32563\/revisions"}],"wp:featuredmedia":[{"embeddable":true,"href":"https:\/\/www.11onze.cat\/es\/wp-json\/wp\/v2\/media\/32556"}],"wp:attachment":[{"href":"https:\/\/www.11onze.cat\/es\/wp-json\/wp\/v2\/media?parent=32563"}],"wp:term":[{"taxonomy":"category","embeddable":true,"href":"https:\/\/www.11onze.cat\/es\/wp-json\/wp\/v2\/categories?post=32563"},{"taxonomy":"post_tag","embeddable":true,"href":"https:\/\/www.11onze.cat\/es\/wp-json\/wp\/v2\/tags?post=32563"}],"curies":[{"name":"wp","href":"https:\/\/api.w.org\/{rel}","templated":true}]}}