{"id":32297,"date":"2022-05-25T21:00:00","date_gmt":"2022-05-25T19:00:00","guid":{"rendered":"https:\/\/www.11onze.cat\/?p=32297"},"modified":"2022-07-01T08:37:42","modified_gmt":"2022-07-01T06:37:42","slug":"miedo-recesion-planea-davos","status":"publish","type":"post","link":"https:\/\/www.11onze.cat\/es\/magazine\/miedo-recesion-planea-davos\/","title":{"rendered":"El miedo a la recesi\u00f3n planea sobre Davos"},"content":{"rendered":"<div class=\"component text\">\n  <div class=\"container\">\n\n\n    <div class=\"row\">\n      <div class=\"col  col-lg-8  offset-lg-2\">\n        <h3><b>La \u00e9lite econ\u00f3mica mundial se ha congregado esta semana en la localidad suiza de Davos. El temor a una posible recesi\u00f3n ha marcado el encuentro anual del World Economic Forum, que sigue lastrado por la escasa presencia de mujeres.<\/b><\/h3>\n<p>&nbsp;<\/p>\n<p><b>\u201cUna reuni\u00f3n familiar para las personas que rompieron el mundo moderno\u201d<\/b><span style=\"font-weight: 400;\">. As\u00ed <\/span><a href=\"https:\/\/edition.cnn.com\/videos\/tv\/2019\/01\/21\/anand-giridharadas-amanpour.cnn\" target=\"_blank\" rel=\"noopener\"><span style=\"font-weight: 400;\">defini\u00f3<\/span><\/a><span style=\"font-weight: 400;\"> el encuentro anual del Foro de Davos Anand Giridharadas, excolumnista de \u2018The New York Times\u2019 y editor de \u2018The Ink\u2019. \u201c<\/span><b>Un entorno de colaboraci\u00f3n \u00fanico<\/b><span style=\"font-weight: 400;\"> en el que reconectar, compartir ideas, obtener nuevas perspectivas y crear comunidades e iniciativas de resoluci\u00f3n de problemas\u201d. As\u00ed lo cataloga el World Economic Forum en su <\/span><a href=\"https:\/\/www.weforum.org\/events\/world-economic-forum-annual-meeting-2022\/about\" target=\"_blank\" rel=\"noopener\"><span style=\"font-weight: 400;\">web<\/span><\/a><span style=\"font-weight: 400;\">.<\/span><\/p>\n<p><span style=\"font-weight: 400;\">Este encuentro, que en 2021 se cancel\u00f3 por la pandemia, congrega cada a\u00f1o a <\/span><b>pol\u00edticos, empresarios, acad\u00e9micos, l\u00edderes sociales y celebridades<\/b><span style=\"font-weight: 400;\"> en Davos para abordar la agenda global. Aunque normalmente se celebra en enero, entre monta\u00f1as nevadas, la variante \u00f3micron de la covid-19 oblig\u00f3 a retrasarlo y finalmente se ha desarrollado entre el 22 y el 26 de mayo.<\/span><\/p>\n<p><span style=\"font-weight: 400;\">Unos consideran que <\/span><b>sirve para que la \u00e9lite mundial se d\u00e9 palmadas en la espalda<\/b><span style=\"font-weight: 400;\"> y se intercambie favores. Otros opinan que <\/span><b>se trata de una plataforma para buscar soluciones<\/b><span style=\"font-weight: 400;\"> a los principales problemas y conflictos globales. Probablemente, tanto unos como otros tengan parte de raz\u00f3n.<\/span><\/p>\n<p>&nbsp;<\/p>\n<h3><b>Una cita elitista<\/b><\/h3>\n<p><span style=\"font-weight: 400;\">Lo que est\u00e1 claro es que participar en este evento <\/span><b>no est\u00e1 al alcance de cualquiera<\/b><span style=\"font-weight: 400;\">. Para hacerlo, hay que ser uno de los aproximadamente mil miembros del World Economic Forum, lo cual puede salir por m\u00e1s de medio mill\u00f3n de euros, o ser invitado. Sea por una v\u00eda o por la otra, <\/span><b>la presencia en el evento supone una oportunidad de influir en la agenda mundial<\/b><span style=\"font-weight: 400;\">.<\/span><\/p>\n<p><span style=\"font-weight: 400;\">La lista de participantes de este a\u00f1o ha incluido unos 1.250 l\u00edderes empresariales, m\u00e1s de 300 pol\u00edticos de todo el mundo y unos 200 representantes de ONG, adem\u00e1s de emprendedores, acad\u00e9micos y otros miembros de la sociedad civil.<\/span><\/p>\n<p><b>El World Economic Forum naci\u00f3 en 1971<\/b><span style=\"font-weight: 400;\"> de la mano de Klaus M. Schwab, un profesor de la Universidad de Ginebra que invit\u00f3 a cerca de medio millar de ejecutivos europeos a un encuentro sobre gesti\u00f3n empresarial. En 1987 esta organizaci\u00f3n sin \u00e1nimo de lucro adopt\u00f3 su nombre actual y adquiri\u00f3 un enfoque m\u00e1s amplio para dar cabida a los grandes temas que afectan al futuro de la humanidad.<\/span><\/p>\n<p>&nbsp;<\/p>\n<h3><b>De la polarizaci\u00f3n a la guerra de Ucrania<\/b><\/h3>\n<p><span style=\"font-weight: 400;\">La edici\u00f3n de 2020, que super\u00f3 los 3.000 asistentes, puso de manifiesto la <\/span><b>polarizaci\u00f3n en el mundo<\/b><span style=\"font-weight: 400;\">, con dos grandes protagonistas antag\u00f3nicos. Por un lado, el entonces presidente de Estados Unidos, Donald Trump, y, por el otro, la activista Greta Thunberg, que echaba en cara a los grandes l\u00edderes mundiales su inacci\u00f3n ante el cambio clim\u00e1tico.<\/span><\/p>\n<p><span style=\"font-weight: 400;\">Este a\u00f1o han pasado por Davos desde la directora ejecutiva del Fondo Monetario Internacional (FMI), Kristalina Georgieva, o la presidenta de la Comisi\u00f3n Europea, Ursula von der Leyen, hasta figuras empresariales como Bill Gates o George Soros. Y en la apertura intervino por videoconferencia el presidente de Ucrania, Volod\u00edmir Zelenski, quien reclam\u00f3 mayores sanciones para Rusia. En cualquier caso, <\/span><b>la abrumadora mayor\u00eda de hombres demuestra que<\/b> <b>las \u00e9lites del poder todav\u00eda est\u00e1n lejos de la paridad de g\u00e9nero<\/b><span style=\"font-weight: 400;\">.<\/span><\/p>\n<p><span style=\"font-weight: 400;\">Las m\u00e1s de 150 sesiones de esta edici\u00f3n se han articulado en torno a <\/span><b>ocho <\/b><b><a href=\"https:\/\/es.weforum.org\/events\/world-economic-forum-annual-meeting-2022\" target=\"_blank\" rel=\"noopener\">\u00e1reas<\/a> <\/b><b>tem\u00e1ticas<\/b><span style=\"font-weight: 400;\">, que incluyen medio ambiente, econom\u00eda, tecnolog\u00eda e innovaci\u00f3n, trabajo, negocio, salud, cooperaci\u00f3n y equidad social. La guerra en Ucrania, la crisis energ\u00e9tica y alimentaria, as\u00ed como su impacto en la ya de por s\u00ed compleja situaci\u00f3n econ\u00f3mica, han acaparado los focos.<\/span><\/p>\n<p>&nbsp;<\/p>\n<h3><b>El temor a la recesi\u00f3n<\/b><\/h3>\n<p><span style=\"font-weight: 400;\">Las malas noticias no son buenas para los negocios y en Davos se tiende a ofrecer una visi\u00f3n algo edulcorada del futuro. Sin embargo, <\/span><b>este a\u00f1o era dif\u00edcil obviar el riesgo de recesi\u00f3n<\/b><span style=\"font-weight: 400;\">.<\/span><\/p>\n<p><span style=\"font-weight: 400;\">La directora del FMI reconoci\u00f3 con la boca peque\u00f1a que <\/span><b>no se puede descartar una contracci\u00f3n econ\u00f3mica<\/b><span style=\"font-weight: 400;\"> y advirti\u00f3 que 2022 ser\u00e1 un \u201ca\u00f1o duro\u201d. Por su parte, Jos\u00e9 Vi\u00f1als, presidente de Standard Chartered, reconoci\u00f3 que <\/span><b>las amenazas que se ciernen sobre la econom\u00eda global pueden convertirse en \u201cuna tormenta perfecta\u201d<\/b><span style=\"font-weight: 400;\">.<\/span><\/p>\n<p><span style=\"font-weight: 400;\">Aunque se produjera una nueva recesi\u00f3n, esa circunstancia no impedir\u00eda que siga ampli\u00e1ndose <\/span><b>la lista de nuevos ricos que aspiran a participar en el Foro de Davos<\/b><span style=\"font-weight: 400;\">. Un <\/span><a href=\"https:\/\/www.oxfam.org\/en\/press-releases\/pandemic-creates-new-billionaire-every-30-hours-now-million-people-could-fall#:~:text=The%20brief%20shows%20that%20573,million%20people%20every%2033%20hours.\" target=\"_blank\" rel=\"noopener\"><span style=\"font-weight: 400;\">informe<\/span><\/a><span style=\"font-weight: 400;\"> de Oxfam indica que, a pesar del desplome global de la econom\u00eda, durante la pandemia surgi\u00f3 un nuevo milmillonario cada 30 horas.<\/span><\/p>\n<p>&nbsp;<\/p>\n<p><b>Si quieres descubrir la mejor opci\u00f3n para proteger tus ahorros, entra en <\/b><a href=\"https:\/\/serveis.11onze.cat\/es\/preciosos-11onze\" target=\"_blank\" rel=\"noopener\"><b>Preciosos 11Onze<\/b><\/a><b>. Te ayudaremos a comprar al mejor precio el valor refugio por excelencia: el oro f\u00edsico.<\/b><\/p>\n\n      <\/div>\n    <\/div>\n  <\/div>\n<\/div>\n\n\n<div class=\"component cards\">\n  <div class=\"container\">\n    <div class=\"row\">\n      <div class=\"col col-xl-8 offset-xl-2\">\n        <h1>Si te ha gustado este art\u00edculo, te recomendamos:<\/h1>\n        <div class=\"cards__wrapper\">\n          <div class=\"card\">\n            <a href=\"https:\/\/www.11onze.cat\/es\/magazine\/geopolitica-hegemonia-multi-polaridad\/\" class=\"card-link\" target=\"_self\"><\/a>\n            <div class=\"card-img\">\n              <img decoding=\"async\" src=\"https:\/\/www.11onze.cat\/wp-content\/uploads\/2022\/04\/THUMBNAIL_MON_MULTIPOLAR.jpg\" class=\"card-img-top\" alt=\"\">\n                <span class=\"card-category\">Cultura<\/span>\n            <\/div>\n            <div class=\"card-body\">\n              <p class=\"card-title p2\"><strong>De la hegemon\u00eda a la multi-polaridad<\/strong><\/p>\n              <span class=\"card-time\">4min lectura<\/span>\n              <p class=\"card-text small\">El tira y afloja geopol\u00edtico de los \u00faltimos a\u00f1os entre Oriente y<\/p>\n            <\/div>\n          <\/div>\n\n\n          <div class=\"card\">\n            <a href=\"https:\/\/www.11onze.cat\/es\/magazine\/china-eeuu-rivales-crisis-global\/\" class=\"card-link\" target=\"_self\"><\/a>\n            <div class=\"card-img\">\n              <img decoding=\"async\" src=\"https:\/\/www.11onze.cat\/wp-content\/uploads\/2022\/02\/THUMBNAIL_EUA_XINA_CRISI_GLOBAL-800x534.jpg\" class=\"card-img-top\" alt=\"\">\n                <span class=\"card-category\">Cultura<\/span>\n            <\/div>\n            <div class=\"card-body\">\n              <p class=\"card-title p2\"><strong>China y EE.UU, rivales ante la crisis global<\/strong><\/p>\n              <span class=\"card-time\">7min lectura<\/span>\n              <p class=\"card-text small\">Las dos grandes potencias mundiales, China y Estados<\/p>\n            <\/div>\n          <\/div>\n\n\n          <div class=\"card\">\n            <a href=\"https:\/\/www.11onze.cat\/es\/magazine\/oro-ruso-juego-ajedrez-geopolitico\/\" class=\"card-link\" target=\"_self\"><\/a>\n            <div class=\"card-img\">\n              <img decoding=\"async\" src=\"https:\/\/www.11onze.cat\/wp-content\/uploads\/2022\/04\/THUMBNAIL_OR_RUS.jpg\" class=\"card-img-top\" alt=\"\">\n                <span class=\"card-category\">Cultura<\/span>\n            <\/div>\n            <div class=\"card-body\">\n              <p class=\"card-title p2\"><strong>El oro ruso y el juego de ajedrez geopol\u00edtico<\/strong><\/p>\n              <span class=\"card-time\">6min lectura<\/span>\n              <p class=\"card-text small\">La nueva guerra fr\u00eda entre los Estados Unidos y Rusia se ha<\/p>\n            <\/div>\n          <\/div>\n\n              <\/div>\n              <br>\n              <br>\n              <div class=\"cards__wrapper\">\n\n        <\/div>\n      <\/div>\n    <\/div>\n  <\/div>\n<\/div>","protected":false},"excerpt":{"rendered":"","protected":false},"author":71,"featured_media":32292,"comment_status":"open","ping_status":"closed","sticky":false,"template":"","format":"standard","meta":{"_acf_changed":false,"content-type":"","footnotes":""},"categories":[28],"tags":[174],"class_list":["post-32297","post","type-post","status-publish","format-standard","has-post-thumbnail","hentry","category-sin-categorizar","tag-economia-es"],"acf":[],"yoast_head":"<!-- This site is optimized with the Yoast SEO plugin v27.5 - https:\/\/yoast.com\/product\/yoast-seo-wordpress\/ -->\n<title>El miedo a la recesi\u00f3n planea sobre Davos - 11Onze<\/title>\n<meta name=\"description\" content=\"El miedo a la recesi\u00f3n ha marcado la reuni\u00f3n anual del World Economic Forum, un lugar de encuentro para las \u00e9lites econ\u00f3micas poco propicio para las mujeres.\" \/>\n<meta name=\"robots\" content=\"index, follow, max-snippet:-1, max-image-preview:large, max-video-preview:-1\" \/>\n<link rel=\"canonical\" href=\"https:\/\/www.11onze.cat\/es\/magazine\/miedo-recesion-planea-davos\/\" \/>\n<meta property=\"og:locale\" content=\"es_ES\" \/>\n<meta property=\"og:type\" content=\"article\" \/>\n<meta property=\"og:title\" content=\"El miedo a la recesi\u00f3n planea sobre Davos - 11Onze\" \/>\n<meta property=\"og:description\" content=\"El miedo a la recesi\u00f3n ha marcado la reuni\u00f3n anual del World Economic Forum, un lugar de encuentro para las \u00e9lites econ\u00f3micas poco propicio para las mujeres.\" \/>\n<meta property=\"og:url\" content=\"https:\/\/www.11onze.cat\/es\/magazine\/miedo-recesion-planea-davos\/\" \/>\n<meta property=\"og:site_name\" content=\"11Onze\" \/>\n<meta property=\"article:publisher\" content=\"https:\/\/www.facebook.com\/11OnzeComunitat\" \/>\n<meta property=\"article:published_time\" content=\"2022-05-25T19:00:00+00:00\" \/>\n<meta property=\"article:modified_time\" content=\"2022-07-01T06:37:42+00:00\" \/>\n<meta property=\"og:image\" content=\"https:\/\/www.11onze.cat\/wp-content\/uploads\/2022\/05\/11ONZE_WORLD_ECONOMIC_FORUM-800x450.jpg\" \/>\n<meta name=\"author\" content=\"Equip Editorial\" \/>\n<meta name=\"twitter:card\" content=\"summary_large_image\" \/>\n<meta name=\"twitter:title\" content=\"El miedo a la recesi\u00f3n planea sobre Davos - 11Onze\" \/>\n<meta name=\"twitter:description\" content=\"El miedo a la recesi\u00f3n ha marcado la reuni\u00f3n anual del World Economic Forum, un lugar de encuentro para las \u00e9lites econ\u00f3micas poco propicio para las mujeres.\" \/>\n<meta name=\"twitter:image\" content=\"https:\/\/www.11onze.cat\/wp-content\/uploads\/2022\/05\/11ONZE_WORLD_ECONOMIC_FORUM-800x450.jpg\" \/>\n<meta name=\"twitter:creator\" content=\"@11OnzeFintech\" \/>\n<meta name=\"twitter:site\" content=\"@11OnzeFintech\" \/>\n<meta name=\"twitter:label1\" content=\"Escrito por\" \/>\n\t<meta name=\"twitter:data1\" content=\"Equip Editorial\" \/>\n<script type=\"application\/ld+json\" class=\"yoast-schema-graph\">{\"@context\":\"https:\\\/\\\/schema.org\",\"@graph\":[{\"@type\":\"Article\",\"@id\":\"https:\\\/\\\/www.11onze.cat\\\/es\\\/magazine\\\/miedo-recesion-planea-davos\\\/#article\",\"isPartOf\":{\"@id\":\"https:\\\/\\\/www.11onze.cat\\\/es\\\/magazine\\\/miedo-recesion-planea-davos\\\/\"},\"author\":{\"name\":\"Equip Editorial\",\"@id\":\"https:\\\/\\\/www.11onze.cat\\\/es\\\/#\\\/schema\\\/person\\\/636d99b4c82bb7178687ecd43c3a61bd\"},\"headline\":\"El miedo a la recesi\u00f3n planea sobre Davos\",\"datePublished\":\"2022-05-25T19:00:00+00:00\",\"dateModified\":\"2022-07-01T06:37:42+00:00\",\"mainEntityOfPage\":{\"@id\":\"https:\\\/\\\/www.11onze.cat\\\/es\\\/magazine\\\/miedo-recesion-planea-davos\\\/\"},\"wordCount\":9,\"commentCount\":0,\"publisher\":{\"@id\":\"https:\\\/\\\/www.11onze.cat\\\/es\\\/#organization\"},\"image\":{\"@id\":\"https:\\\/\\\/www.11onze.cat\\\/es\\\/magazine\\\/miedo-recesion-planea-davos\\\/#primaryimage\"},\"thumbnailUrl\":\"https:\\\/\\\/www.11onze.cat\\\/wp-content\\\/uploads\\\/2022\\\/05\\\/THUMBNAIL_WORLD_ECONOMIC_FORUM.jpg\",\"keywords\":[\"Econom\u00eda\"],\"articleSection\":[\"Sin categorizar\"],\"inLanguage\":\"es\",\"potentialAction\":[{\"@type\":\"CommentAction\",\"name\":\"Comment\",\"target\":[\"https:\\\/\\\/www.11onze.cat\\\/es\\\/magazine\\\/miedo-recesion-planea-davos\\\/#respond\"]}]},{\"@type\":\"WebPage\",\"@id\":\"https:\\\/\\\/www.11onze.cat\\\/es\\\/magazine\\\/miedo-recesion-planea-davos\\\/\",\"url\":\"https:\\\/\\\/www.11onze.cat\\\/es\\\/magazine\\\/miedo-recesion-planea-davos\\\/\",\"name\":\"El miedo a la recesi\u00f3n planea sobre Davos - 11Onze\",\"isPartOf\":{\"@id\":\"https:\\\/\\\/www.11onze.cat\\\/es\\\/#website\"},\"primaryImageOfPage\":{\"@id\":\"https:\\\/\\\/www.11onze.cat\\\/es\\\/magazine\\\/miedo-recesion-planea-davos\\\/#primaryimage\"},\"image\":{\"@id\":\"https:\\\/\\\/www.11onze.cat\\\/es\\\/magazine\\\/miedo-recesion-planea-davos\\\/#primaryimage\"},\"thumbnailUrl\":\"https:\\\/\\\/www.11onze.cat\\\/wp-content\\\/uploads\\\/2022\\\/05\\\/THUMBNAIL_WORLD_ECONOMIC_FORUM.jpg\",\"datePublished\":\"2022-05-25T19:00:00+00:00\",\"dateModified\":\"2022-07-01T06:37:42+00:00\",\"description\":\"El miedo a la recesi\u00f3n ha marcado la reuni\u00f3n anual del World Economic Forum, un lugar de encuentro para las \u00e9lites econ\u00f3micas poco propicio para las mujeres.\",\"breadcrumb\":{\"@id\":\"https:\\\/\\\/www.11onze.cat\\\/es\\\/magazine\\\/miedo-recesion-planea-davos\\\/#breadcrumb\"},\"inLanguage\":\"es\",\"potentialAction\":[{\"@type\":\"ReadAction\",\"target\":[\"https:\\\/\\\/www.11onze.cat\\\/es\\\/magazine\\\/miedo-recesion-planea-davos\\\/\"]}]},{\"@type\":\"ImageObject\",\"inLanguage\":\"es\",\"@id\":\"https:\\\/\\\/www.11onze.cat\\\/es\\\/magazine\\\/miedo-recesion-planea-davos\\\/#primaryimage\",\"url\":\"https:\\\/\\\/www.11onze.cat\\\/wp-content\\\/uploads\\\/2022\\\/05\\\/THUMBNAIL_WORLD_ECONOMIC_FORUM.jpg\",\"contentUrl\":\"https:\\\/\\\/www.11onze.cat\\\/wp-content\\\/uploads\\\/2022\\\/05\\\/THUMBNAIL_WORLD_ECONOMIC_FORUM.jpg\",\"width\":750,\"height\":504},{\"@type\":\"BreadcrumbList\",\"@id\":\"https:\\\/\\\/www.11onze.cat\\\/es\\\/magazine\\\/miedo-recesion-planea-davos\\\/#breadcrumb\",\"itemListElement\":[{\"@type\":\"ListItem\",\"position\":1,\"name\":\"Home\",\"item\":\"https:\\\/\\\/www.11onze.cat\\\/es\\\/\"},{\"@type\":\"ListItem\",\"position\":2,\"name\":\"El miedo a la recesi\u00f3n planea sobre Davos\"}]},{\"@type\":\"WebSite\",\"@id\":\"https:\\\/\\\/www.11onze.cat\\\/es\\\/#website\",\"url\":\"https:\\\/\\\/www.11onze.cat\\\/es\\\/\",\"name\":\"11Onze\",\"description\":\"Primera comunidad fintech digital en Catalu\u00f1a\",\"publisher\":{\"@id\":\"https:\\\/\\\/www.11onze.cat\\\/es\\\/#organization\"},\"potentialAction\":[{\"@type\":\"SearchAction\",\"target\":{\"@type\":\"EntryPoint\",\"urlTemplate\":\"https:\\\/\\\/www.11onze.cat\\\/es\\\/?s={search_term_string}\"},\"query-input\":{\"@type\":\"PropertyValueSpecification\",\"valueRequired\":true,\"valueName\":\"search_term_string\"}}],\"inLanguage\":\"es\"},{\"@type\":\"Organization\",\"@id\":\"https:\\\/\\\/www.11onze.cat\\\/es\\\/#organization\",\"name\":\"11Onze\",\"url\":\"https:\\\/\\\/www.11onze.cat\\\/es\\\/\",\"logo\":{\"@type\":\"ImageObject\",\"inLanguage\":\"es\",\"@id\":\"https:\\\/\\\/www.11onze.cat\\\/es\\\/#\\\/schema\\\/logo\\\/image\\\/\",\"url\":\"https:\\\/\\\/www.11onze.cat\\\/wp-content\\\/uploads\\\/2021\\\/04\\\/512x512-11Onze.jpg\",\"contentUrl\":\"https:\\\/\\\/www.11onze.cat\\\/wp-content\\\/uploads\\\/2021\\\/04\\\/512x512-11Onze.jpg\",\"width\":512,\"height\":512,\"caption\":\"11Onze\"},\"image\":{\"@id\":\"https:\\\/\\\/www.11onze.cat\\\/es\\\/#\\\/schema\\\/logo\\\/image\\\/\"},\"sameAs\":[\"https:\\\/\\\/www.facebook.com\\\/11OnzeComunitat\",\"https:\\\/\\\/x.com\\\/11OnzeFintech\",\"https:\\\/\\\/www.instagram.com\\\/11onzecat\\\/\",\"https:\\\/\\\/www.linkedin.com\\\/company\\\/11onzebanc\",\"https:\\\/\\\/www.youtube.com\\\/channel\\\/UCz63R8Byd_kBKtK2M4Qf_7w\"]},{\"@type\":\"Person\",\"@id\":\"https:\\\/\\\/www.11onze.cat\\\/es\\\/#\\\/schema\\\/person\\\/636d99b4c82bb7178687ecd43c3a61bd\",\"name\":\"Equip Editorial\",\"image\":{\"@type\":\"ImageObject\",\"inLanguage\":\"es\",\"@id\":\"https:\\\/\\\/www.11onze.cat\\\/wp-content\\\/uploads\\\/2022\\\/05\\\/HEADER_AGENTS_DECK-300x300.jpg\",\"url\":\"https:\\\/\\\/www.11onze.cat\\\/wp-content\\\/uploads\\\/2022\\\/05\\\/HEADER_AGENTS_DECK-300x300.jpg\",\"contentUrl\":\"https:\\\/\\\/www.11onze.cat\\\/wp-content\\\/uploads\\\/2022\\\/05\\\/HEADER_AGENTS_DECK-300x300.jpg\",\"caption\":\"Equip Editorial\"},\"url\":\"https:\\\/\\\/www.11onze.cat\\\/es\\\/magazine\\\/author\\\/equip-editorial-11onze\\\/\"}]}<\/script>\n<!-- \/ Yoast SEO plugin. -->","yoast_head_json":{"title":"El miedo a la recesi\u00f3n planea sobre Davos - 11Onze","description":"El miedo a la recesi\u00f3n ha marcado la reuni\u00f3n anual del World Economic Forum, un lugar de encuentro para las \u00e9lites econ\u00f3micas poco propicio para las mujeres.","robots":{"index":"index","follow":"follow","max-snippet":"max-snippet:-1","max-image-preview":"max-image-preview:large","max-video-preview":"max-video-preview:-1"},"canonical":"https:\/\/www.11onze.cat\/es\/magazine\/miedo-recesion-planea-davos\/","og_locale":"es_ES","og_type":"article","og_title":"El miedo a la recesi\u00f3n planea sobre Davos - 11Onze","og_description":"El miedo a la recesi\u00f3n ha marcado la reuni\u00f3n anual del World Economic Forum, un lugar de encuentro para las \u00e9lites econ\u00f3micas poco propicio para las mujeres.","og_url":"https:\/\/www.11onze.cat\/es\/magazine\/miedo-recesion-planea-davos\/","og_site_name":"11Onze","article_publisher":"https:\/\/www.facebook.com\/11OnzeComunitat","article_published_time":"2022-05-25T19:00:00+00:00","article_modified_time":"2022-07-01T06:37:42+00:00","og_image":[{"url":"https:\/\/www.11onze.cat\/wp-content\/uploads\/2022\/05\/11ONZE_WORLD_ECONOMIC_FORUM-800x450.jpg","type":"","width":"","height":""}],"author":"Equip Editorial","twitter_card":"summary_large_image","twitter_title":"El miedo a la recesi\u00f3n planea sobre Davos - 11Onze","twitter_description":"El miedo a la recesi\u00f3n ha marcado la reuni\u00f3n anual del World Economic Forum, un lugar de encuentro para las \u00e9lites econ\u00f3micas poco propicio para las mujeres.","twitter_image":"https:\/\/www.11onze.cat\/wp-content\/uploads\/2022\/05\/11ONZE_WORLD_ECONOMIC_FORUM-800x450.jpg","twitter_creator":"@11OnzeFintech","twitter_site":"@11OnzeFintech","twitter_misc":{"Escrito por":"Equip Editorial"},"schema":{"@context":"https:\/\/schema.org","@graph":[{"@type":"Article","@id":"https:\/\/www.11onze.cat\/es\/magazine\/miedo-recesion-planea-davos\/#article","isPartOf":{"@id":"https:\/\/www.11onze.cat\/es\/magazine\/miedo-recesion-planea-davos\/"},"author":{"name":"Equip Editorial","@id":"https:\/\/www.11onze.cat\/es\/#\/schema\/person\/636d99b4c82bb7178687ecd43c3a61bd"},"headline":"El miedo a la recesi\u00f3n planea sobre Davos","datePublished":"2022-05-25T19:00:00+00:00","dateModified":"2022-07-01T06:37:42+00:00","mainEntityOfPage":{"@id":"https:\/\/www.11onze.cat\/es\/magazine\/miedo-recesion-planea-davos\/"},"wordCount":9,"commentCount":0,"publisher":{"@id":"https:\/\/www.11onze.cat\/es\/#organization"},"image":{"@id":"https:\/\/www.11onze.cat\/es\/magazine\/miedo-recesion-planea-davos\/#primaryimage"},"thumbnailUrl":"https:\/\/www.11onze.cat\/wp-content\/uploads\/2022\/05\/THUMBNAIL_WORLD_ECONOMIC_FORUM.jpg","keywords":["Econom\u00eda"],"articleSection":["Sin categorizar"],"inLanguage":"es","potentialAction":[{"@type":"CommentAction","name":"Comment","target":["https:\/\/www.11onze.cat\/es\/magazine\/miedo-recesion-planea-davos\/#respond"]}]},{"@type":"WebPage","@id":"https:\/\/www.11onze.cat\/es\/magazine\/miedo-recesion-planea-davos\/","url":"https:\/\/www.11onze.cat\/es\/magazine\/miedo-recesion-planea-davos\/","name":"El miedo a la recesi\u00f3n planea sobre Davos - 11Onze","isPartOf":{"@id":"https:\/\/www.11onze.cat\/es\/#website"},"primaryImageOfPage":{"@id":"https:\/\/www.11onze.cat\/es\/magazine\/miedo-recesion-planea-davos\/#primaryimage"},"image":{"@id":"https:\/\/www.11onze.cat\/es\/magazine\/miedo-recesion-planea-davos\/#primaryimage"},"thumbnailUrl":"https:\/\/www.11onze.cat\/wp-content\/uploads\/2022\/05\/THUMBNAIL_WORLD_ECONOMIC_FORUM.jpg","datePublished":"2022-05-25T19:00:00+00:00","dateModified":"2022-07-01T06:37:42+00:00","description":"El miedo a la recesi\u00f3n ha marcado la reuni\u00f3n anual del World Economic Forum, un lugar de encuentro para las \u00e9lites econ\u00f3micas poco propicio para las mujeres.","breadcrumb":{"@id":"https:\/\/www.11onze.cat\/es\/magazine\/miedo-recesion-planea-davos\/#breadcrumb"},"inLanguage":"es","potentialAction":[{"@type":"ReadAction","target":["https:\/\/www.11onze.cat\/es\/magazine\/miedo-recesion-planea-davos\/"]}]},{"@type":"ImageObject","inLanguage":"es","@id":"https:\/\/www.11onze.cat\/es\/magazine\/miedo-recesion-planea-davos\/#primaryimage","url":"https:\/\/www.11onze.cat\/wp-content\/uploads\/2022\/05\/THUMBNAIL_WORLD_ECONOMIC_FORUM.jpg","contentUrl":"https:\/\/www.11onze.cat\/wp-content\/uploads\/2022\/05\/THUMBNAIL_WORLD_ECONOMIC_FORUM.jpg","width":750,"height":504},{"@type":"BreadcrumbList","@id":"https:\/\/www.11onze.cat\/es\/magazine\/miedo-recesion-planea-davos\/#breadcrumb","itemListElement":[{"@type":"ListItem","position":1,"name":"Home","item":"https:\/\/www.11onze.cat\/es\/"},{"@type":"ListItem","position":2,"name":"El miedo a la recesi\u00f3n planea sobre Davos"}]},{"@type":"WebSite","@id":"https:\/\/www.11onze.cat\/es\/#website","url":"https:\/\/www.11onze.cat\/es\/","name":"11Onze","description":"Primera comunidad fintech digital en Catalu\u00f1a","publisher":{"@id":"https:\/\/www.11onze.cat\/es\/#organization"},"potentialAction":[{"@type":"SearchAction","target":{"@type":"EntryPoint","urlTemplate":"https:\/\/www.11onze.cat\/es\/?s={search_term_string}"},"query-input":{"@type":"PropertyValueSpecification","valueRequired":true,"valueName":"search_term_string"}}],"inLanguage":"es"},{"@type":"Organization","@id":"https:\/\/www.11onze.cat\/es\/#organization","name":"11Onze","url":"https:\/\/www.11onze.cat\/es\/","logo":{"@type":"ImageObject","inLanguage":"es","@id":"https:\/\/www.11onze.cat\/es\/#\/schema\/logo\/image\/","url":"https:\/\/www.11onze.cat\/wp-content\/uploads\/2021\/04\/512x512-11Onze.jpg","contentUrl":"https:\/\/www.11onze.cat\/wp-content\/uploads\/2021\/04\/512x512-11Onze.jpg","width":512,"height":512,"caption":"11Onze"},"image":{"@id":"https:\/\/www.11onze.cat\/es\/#\/schema\/logo\/image\/"},"sameAs":["https:\/\/www.facebook.com\/11OnzeComunitat","https:\/\/x.com\/11OnzeFintech","https:\/\/www.instagram.com\/11onzecat\/","https:\/\/www.linkedin.com\/company\/11onzebanc","https:\/\/www.youtube.com\/channel\/UCz63R8Byd_kBKtK2M4Qf_7w"]},{"@type":"Person","@id":"https:\/\/www.11onze.cat\/es\/#\/schema\/person\/636d99b4c82bb7178687ecd43c3a61bd","name":"Equip Editorial","image":{"@type":"ImageObject","inLanguage":"es","@id":"https:\/\/www.11onze.cat\/wp-content\/uploads\/2022\/05\/HEADER_AGENTS_DECK-300x300.jpg","url":"https:\/\/www.11onze.cat\/wp-content\/uploads\/2022\/05\/HEADER_AGENTS_DECK-300x300.jpg","contentUrl":"https:\/\/www.11onze.cat\/wp-content\/uploads\/2022\/05\/HEADER_AGENTS_DECK-300x300.jpg","caption":"Equip Editorial"},"url":"https:\/\/www.11onze.cat\/es\/magazine\/author\/equip-editorial-11onze\/"}]}},"_links":{"self":[{"href":"https:\/\/www.11onze.cat\/es\/wp-json\/wp\/v2\/posts\/32297","targetHints":{"allow":["GET"]}}],"collection":[{"href":"https:\/\/www.11onze.cat\/es\/wp-json\/wp\/v2\/posts"}],"about":[{"href":"https:\/\/www.11onze.cat\/es\/wp-json\/wp\/v2\/types\/post"}],"author":[{"embeddable":true,"href":"https:\/\/www.11onze.cat\/es\/wp-json\/wp\/v2\/users\/71"}],"replies":[{"embeddable":true,"href":"https:\/\/www.11onze.cat\/es\/wp-json\/wp\/v2\/comments?post=32297"}],"version-history":[{"count":0,"href":"https:\/\/www.11onze.cat\/es\/wp-json\/wp\/v2\/posts\/32297\/revisions"}],"wp:featuredmedia":[{"embeddable":true,"href":"https:\/\/www.11onze.cat\/es\/wp-json\/wp\/v2\/media\/32292"}],"wp:attachment":[{"href":"https:\/\/www.11onze.cat\/es\/wp-json\/wp\/v2\/media?parent=32297"}],"wp:term":[{"taxonomy":"category","embeddable":true,"href":"https:\/\/www.11onze.cat\/es\/wp-json\/wp\/v2\/categories?post=32297"},{"taxonomy":"post_tag","embeddable":true,"href":"https:\/\/www.11onze.cat\/es\/wp-json\/wp\/v2\/tags?post=32297"}],"curies":[{"name":"wp","href":"https:\/\/api.w.org\/{rel}","templated":true}]}}