{"id":28609,"date":"2025-11-01T20:00:00","date_gmt":"2025-11-01T19:00:00","guid":{"rendered":"https:\/\/www.11onze.cat\/?p=28609"},"modified":"2025-10-10T10:28:30","modified_gmt":"2025-10-10T08:28:30","slug":"calcular-huella-carbono-reducirla","status":"publish","type":"post","link":"https:\/\/www.11onze.cat\/es\/magazine\/calcular-huella-carbono-reducirla\/","title":{"rendered":"C\u00f3mo calcular y reducir tu huella de carbono"},"content":{"rendered":"<div class=\"component text\">\n  <div class=\"container\">\n\n\n    <div class=\"row\">\n      <div class=\"col  col-lg-8  offset-lg-2\">\n        <h3><b>Despr\u00e9s d&#8217;una reducci\u00f3 temporal provocada per la pand\u00e8mia, la petjada de carboni torna a cr\u00e9ixer i el canvi clim\u00e0tic s&#8217;accelera. Individus, empreses i reguladors poden contribuir a minorar l&#8217;emissi\u00f3 de gasos d&#8217;efecte d&#8217;hivernacle. Vegem com est\u00e0 evolucionant i quines mesures contribuirien a mitigar-la.<\/b><\/h3>\n<p><span style=\"font-weight: 400;\">\u00a0<\/span><\/p>\n<p><b>Nom\u00e9s les necessitats energ\u00e8tiques de l&#8217;activitat humana van generar 36.000 milions de tones de di\u00f2xid de carboni (CO\u2082) el 2021<\/b><span style=\"font-weight: 400;\">, segons l&#8217;<\/span><strong><a href=\"https:\/\/www.iea.org\/news\/global-co2-emissions-rebounded-to-their-highest-level-in-history-in-2021\">Ag\u00e8ncia<\/a><\/strong><span style=\"font-weight: 400;\"><strong> Internacional de l&#8217;Energia<\/strong>. Una refer\u00e8ncia per a assimilar la magnitud d&#8217;aquesta xifra? Pensa que tota la poblaci\u00f3 mundial posada en una balan\u00e7a no arribaria als 400 milions de tones. \u00c9s a dir, el CO\u2082 que emetem en nom\u00e9s un any multiplica per cent el pes de tota la humanitat.<\/span><\/p>\n<p><b>El di\u00f2xid de carboni \u00e9s el gas d&#8217;efecte hivernacle m\u00e9s abundant i que m\u00e9s ha contribu\u00eft a l&#8217;escalfament global en les \u00faltimes d\u00e8cades<\/b><span style=\"font-weight: 400;\">. Les emissions directes i indirectes d&#8217;aquest gas, juntament amb el met\u00e0, l&#8217;\u00f2xid de nitrogen, l&#8217;hexafluorur de sofre, els hidrofluorocarburs i els perfluorocarburs, conformen el que es coneix com a \u201cpetjada de carboni\u201d. Es tracta d&#8217;un indicador ambiental encunyat als anys noranta per a mesurar la contribuci\u00f3 de l&#8217;activitat humana a l&#8217;escalfament del planeta.<\/span><\/p>\n<p><span style=\"font-weight: 400;\">La realitat \u00e9s que estem molt lluny dels objectius marcats per a aturar el canvi clim\u00e0tic. <\/span><b>Els cient\u00edfics adverteixen que les emissions netes de CO\u2082 haurien de reduir-se a zero d\u2019ara el 2050<\/b><span style=\"font-weight: 400;\"> si volem evitar les seves conseq\u00fc\u00e8ncies catastr\u00f2fiques. L&#8217;augment de temperatura global porta aparellats fen\u00f2mens meteorol\u00f2gics extrems i una pujada del nivell del mar a causa del desgla\u00e7.<\/span><\/p>\n<h3><b>Emerg\u00e8ncia clim\u00e0tica<\/b><\/h3>\n<p><span style=\"font-weight: 400;\">L&#8217;ONU estima que <\/span><b>des de 1990 les emissions de di\u00f2xid de carboni s&#8217;han incrementat gaireb\u00e9 un 50 %<\/b><span style=\"font-weight: 400;\">. De fet, l&#8217;Organitzaci\u00f3 Meteorol\u00f2gica Mundial apunta que els nivells actuals de CO\u2082 a l&#8217;atmosfera s\u00f3n similars als de fa tres milions d&#8217;anys, quan la temperatura mitjana de la Terra era 3 \u00b0C m\u00e9s elevada i el nivell del mar se situava molt per sobre de l&#8217;actual.<\/span><\/p>\n<p><span style=\"font-weight: 400;\">Per aix\u00f2, \u00e9s l\u00f2gic que un dels <\/span><a href=\"https:\/\/www.pactomundial.org\/ods\/13-accion-por-el-clima\/\"><strong>Objectius<\/strong><\/a> <span style=\"font-weight: 400;\"><strong>de Desenvolupament Sostenible<\/strong> establerts per l&#8217;ONU incideixi en la necessitat d\u2019aturar el canvi clim\u00e0tic. La f\u00f3rmula demana prendre mesures que en els pr\u00f2xims anys ens portin a una economia baixa en di\u00f2xid de carboni.<\/span><\/p>\n<p><span style=\"font-weight: 400;\">De fet, la immensa majoria de pa\u00efsos del m\u00f3n van signar el 2015 l&#8217;<\/span><a href=\"https:\/\/unfccc.int\/es\/process-and-meetings\/the-paris-agreement\/el-acuerdo-de-paris\"><span style=\"font-weight: 400;\">Acord<\/span><\/a><span style=\"font-weight: 400;\"> de Par\u00eds, un tractat internacional que pret\u00e9n limitar l&#8217;escalfament global. Aix\u00ed i tot, <\/span><b>la nostra petjada de carboni ha continuat creixent. Les emissions de gasos d&#8217;efecte hivernacle nom\u00e9s es van reduir el 2020.<\/b><span style=\"font-weight: 400;\"> I la ra\u00f3 va ser l&#8217;aturada econ\u00f2mica que va provocar la pand\u00e8mia.<\/span><\/p>\n<p><span style=\"font-weight: 400;\">L&#8217;<\/span><a href=\"https:\/\/www.climate-transparency.org\/wp-content\/uploads\/2022\/10\/CT2022-Summary-report.pdf\"><b>informe<\/b><\/a><b> Climate Transparecy Report<\/b><span style=\"font-weight: 400;\"> calcula que <\/span><b>les emissions dels pa\u00efsos del G-20, responsables del 75% dels gasos d&#8217;efecte hivernacle, van tornar a cr\u00e9ixer un quatre per cent el <\/b><b>2022<\/b><span style=\"font-weight: 400;\">. La Xina, l&#8217;\u00cdndia, Indon\u00e8sia i l&#8217;Argentina ja estan en nivells superiors als de 2019.<\/span><\/p>\n<p><span style=\"font-weight: 400;\">Per zones geogr\u00e0fiques, <\/span><b>la Xina, els Estats Units, la Uni\u00f3 Europea i l&#8217;\u00cdndia sumen m\u00e9s de la meitat dels gasos emesos a l&#8217;\u00faltima d\u00e8cada<\/b><span style=\"font-weight: 400;\">. Quant a activitats, les que produeixen m\u00e9s CO\u2082 s\u00f3n la generaci\u00f3 d&#8217;energia i calor (40%), el transport de b\u00e9ns i persones (20%) i l&#8217;activitat industrial (20%).<\/span><\/p>\n<h3><b>Calcula la teva petjada de carboni personal<\/b><\/h3>\n<p><span style=\"font-weight: 400;\">La quantitat de gasos d&#8217;efecte hivernacle que genera cada individu a la seva vida quotidiana en despla\u00e7ar-se, alimentar-se i consumir recursos es coneix com a petjada de carboni personal. Per a evitar un augment de temperatura global superior als 2 \u00b0C, The Nature Conservancy, una ONG mediambiental, calcula que haur\u00edem de reduir-la a la meitat abans de 2050.<\/span><\/p>\n<p><b>Existeixen nombroses eines per a calcular la petjada de carboni personal.<\/b><span style=\"font-weight: 400;\"> En concret, la <\/span><a href=\"https:\/\/offset.climateneutralnow.org\/footprintcalc\"><span style=\"font-weight: 400;\">calculadora<\/span><\/a> <span style=\"font-weight: 400;\">de l&#8217;ONU t\u00e9 en compte aspectes com les caracter\u00edstiques de la nostra llar, el consum d&#8217;energia, el tipus de transport que utilitzem di\u00e0riament, la quantitat de vols que realitzem, els nostres h\u00e0bits alimentaris i quant reciclem.<\/span><\/p>\n<p><span style=\"font-weight: 400;\">Algunes mesures per a reduir la nostra petjada de carboni personal s\u00f3n apostar per un consum responsable, moure&#8217;s de forma m\u00e9s sostenible, moderar la despesa energ\u00e8tica i rebaixar la quantitat de residus que generem.<\/span><\/p>\n\n      <\/div>\n    <\/div>\n  <\/div>\n<\/div>\n<div class=\"component gallery\">\n  <div class=\"container\">\n    <div class=\"row\">\n      <div class=\"col col-lg-10 offset-lg-1\">\n        <div id=\"slider\" class=\"carousel slide\">\n          <div class=\"carousel-inner\">\n            <div class=\"carousel-item active video-player inline-player\" data-video-id=\"6249161516001\">\n              <img decoding=\"async\" class=\"d-block w-100\" src=\"https:\/\/www.11onze.cat\/wp-content\/uploads\/2021\/04\/THUMBNAIL_TOPIC1_CORAL.png\" alt=\"\">\n              <button type=\"button\" class=\"play\"><\/button>\n              <div class=\"carousel-caption\">\n                <p>Qu\u00e8 \u00e9s la \u00abCarbon Footprint\u00bb?<\/p>\n              <\/div>\n            <\/div>\n          <\/div>\n        <\/div>\n      <\/div>\n    <\/div>\n  <\/div>\n<\/div><div class=\"component text\">\n  <div class=\"container\">\n\n\n    <div class=\"row\">\n      <div class=\"col  col-lg-8  offset-lg-2\">\n        <h3><b>El pes de les empreses<\/b><\/h3>\n<p><b>Bastant superior a la petjada de carboni personal \u00e9s la que deixen les empreses<\/b><span style=\"font-weight: 400;\"> en processos com la fabricaci\u00f3 o el transport de mercaderies. \u00c9s el que es coneix com a petjada de carboni corporativa. D&#8217;aqu\u00ed la import\u00e0ncia d&#8217;incidir en aquest apartat per a reduir l&#8217;escalfament global.<\/span><\/p>\n<p><b>Les companyies poden reduir el seu impacte mediambiental millorant la seva efici\u00e8ncia energ\u00e8tica<\/b><span style=\"font-weight: 400;\"> o incrementant el percentatge d&#8217;energia renovable que consumeixen. Tamb\u00e9 poden rec\u00f3rrer a eines de compensaci\u00f3, com la inversi\u00f3 en projectes mediambientals, el pagament d&#8217;impostos verds o la compra de drets d&#8217;emissi\u00f3 de CO\u2082.<\/span><\/p>\n<h3><b>Una tend\u00e8ncia a l\u2019al\u00e7a<\/b><\/h3>\n<p><span style=\"font-weight: 400;\">Milers d&#8217;empreses ja publiquen la seva petjada de carboni, per\u00f2 no totes la calculen igual. <\/span><b>La major part de les grans multinacionals obvien les emissions indirectes<\/b><span style=\"font-weight: 400;\">, aquelles que formen part de la seva cadena de valor, per\u00f2 que no depenen directament d&#8217;elles.<\/span><\/p>\n<p><b>Un exemple paradigm\u00e0tic \u00e9s el d\u2019Amazon<\/b><span style=\"font-weight: 400;\">. La pressi\u00f3 d&#8217;activistes i inversors va portar a aquest gegant del comer\u00e7 en l\u00ednia a fer p\u00fablica la seva petjada de carboni per primera vegada l&#8217;any passat. No obstant aix\u00f2, s&#8217;acaba de con\u00e8ixer que en el seu informe nom\u00e9s comptabilitzava una petita part de les emissions generades amb les seves vendes.<\/span><\/p>\n<p><span style=\"font-weight: 400;\">\u00a0<\/span><span style=\"font-weight: 400;\">A difer\u00e8ncia d&#8217;altres comer\u00e7os, Amazon nom\u00e9s comptabilitzava l&#8217;impacte mediambiental total dels productes propis, que suposen \u00fanicament l&#8217;1<\/span><span style=\"font-weight: 400;\">%<\/span> <span style=\"font-weight: 400;\">de les seves vendes. La companyia no assumeix les emissions generades per l&#8217;\u00fas d&#8217;un producte d&#8217;una altra marca una vegada que els seus repartidors el lliuren al client.<\/span><\/p>\n<h3><b>Un incentiu per a la sostenibilitat<\/b><\/h3>\n<p><span style=\"font-weight: 400;\">El gran impacte de l&#8217;activitat empresarial en el medi ambient ha fet que <\/span><b>cada vegada m\u00e9s veus reclamin l&#8217;obligatorietat per a les companyies de publicar la seva petjada de carboni<\/b><span style=\"font-weight: 400;\"> als informes anuals.<\/span><\/p>\n<p><span style=\"font-weight: 400;\">Tant \u00e9s aix\u00ed que la<\/span><b> Securities and Exchange Commission<\/b><span style=\"font-weight: 400;\">, el regulador borsari dels Estats Units, acaba de proposar que les empreses cotitzades en aquest pa\u00eds hagin de revelar les seves emissions de gasos d&#8217;efecte d&#8217;hivernacle. I, molt important tamb\u00e9, que ho facin seguint uns mateixos criteris.<\/span><\/p>\n<p><span style=\"font-weight: 400;\">\u00a0<\/span><span style=\"font-weight: 400;\">Segons molts experts, <\/span><b>obligar les empreses a publicar la seva petjada de carboni pot contribuir decisivament a escur\u00e7ar el cam\u00ed cap a una economia lliure d&#8217;emissions contaminants<\/b><span style=\"font-weight: 400;\">. Cada cop m\u00e9s inversors valoren les q\u00fcestions mediambientals en les seves decisions d&#8217;inversi\u00f3.<\/span><\/p>\n<p>&nbsp;<\/p>\n<p><b>11Onze \u00e9s la fintech comunit\u00e0ria de Catalunya. Obre un compte descarregant l\u2019app El Canut per <\/b><a href=\"https:\/\/play.google.com\/store\/apps\/details?id=com.e11onze.app&amp;utm_source=emailing&amp;utm_campaign=CANUT+launch\"><b>Android<\/b><\/a><b> o <\/b><a href=\"https:\/\/apps.apple.com\/us\/app\/11onze\/id1566129237?utm_campaign=El+Canut\"><b>iOS<\/b><\/a><b>. Uneix-te a la revoluci\u00f3!<\/b><\/p>\n\n      <\/div>\n    <\/div>\n  <\/div>\n<\/div>\n<div class=\"component cards\">\n  <div class=\"container\">\n    <div class=\"row\">\n      <div class=\"col col-xl-8 offset-xl-2\">\n        <h1>Si t&#8217;ha agradat aquesta not\u00edcia, et recomanem:<\/h1>\n        <div class=\"cards__wrapper\">\n          <div class=\"card\">\n            <a href=\"https:\/\/www.11onze.cat\/magazine\/mercats-carboni-combaten-pollucio\/\" class=\"card-link\" target=\"_self\"><\/a>\n            <div class=\"card-img\">\n              <img decoding=\"async\" src=\"https:\/\/www.11onze.cat\/wp-content\/uploads\/2021\/10\/THUMBNAIL_MERCAT_DEL_CARBONI-800x367.jpg\" class=\"card-img-top\" alt=\"\">\n                <span class=\"card-category\">Sostenibilitat<\/span>\n            <\/div>\n            <div class=\"card-body\">\n              <p class=\"card-title p2\"><strong>Els mercats de carboni combaten la pol\u00b7luci\u00f3<\/strong><\/p>\n              <span class=\"card-time\">4min lectura<\/span>\n              <p class=\"card-text small\">Segons Greenpeace, el canvi clim\u00e0tic \u00e9s el mal del nostre&#8230;<\/p>\n            <\/div>\n          <\/div>\n\n\n          <div class=\"card\">\n            <a href=\"https:\/\/www.11onze.cat\/magazine\/funcionen-credits-carboni\/\" class=\"card-link\" target=\"_self\"><\/a>\n            <div class=\"card-img\">\n              <img decoding=\"async\" src=\"https:\/\/www.11onze.cat\/wp-content\/uploads\/2022\/12\/THUMBNAIL_ENERGIA_5.jpg\" class=\"card-img-top\" alt=\"\">\n                <span class=\"card-category\">Sostenibilitat<\/span>\n            <\/div>\n            <div class=\"card-body\">\n              <p class=\"card-title p2\"><strong>Qu\u00e8 s\u00f3n i com funcionen els cr\u00e8dits de carboni<\/strong><\/p>\n              <span class=\"card-time\">2min lectura<\/span>\n              <p class=\"card-text small\">El Protocol de Kyoto va assentar les bases per a les&#8230;<\/p>\n            <\/div>\n          <\/div>\n\n\n          <div class=\"card\">\n            <a href=\"https:\/\/www.11onze.cat\/11onze-tv\/descobreix\/impacte-petjada-carboni-en-ecosistemes-marins\/\" class=\"card-link\" target=\"_self\"><\/a>\n            <div class=\"card-img\">\n              <img decoding=\"async\" src=\"https:\/\/www.11onze.cat\/wp-content\/uploads\/2021\/05\/THUMBNAIL_TOPIC2_SARA-800x488.jpg\" class=\"card-img-top\" alt=\"\">\n            <\/div>\n            <div class=\"card-body\">\n              <p class=\"card-title p2\"><strong>L\u2019impacte de la petjada de carboni<\/strong><\/p>\n              <span class=\"card-time\">1min lectura<\/span>\n              <p class=\"card-text small\">La intenci\u00f3 d\u2019aquest v\u00eddeo \u00e9s mostrar, amb un parell&#8230;<\/p>\n            <\/div>\n          <\/div>\n\n              <\/div>\n              <br>\n              <br>\n              <div class=\"cards__wrapper\">\n\n        <\/div>\n      <\/div>\n    <\/div>\n  <\/div>\n<\/div>","protected":false},"excerpt":{"rendered":"","protected":false},"author":71,"featured_media":28606,"comment_status":"open","ping_status":"closed","sticky":false,"template":"","format":"standard","meta":{"_acf_changed":false,"content-type":"","footnotes":""},"categories":[28],"tags":[171],"class_list":["post-28609","post","type-post","status-publish","format-standard","has-post-thumbnail","hentry","category-sin-categorizar","tag-sostenibilidad"],"acf":[],"yoast_head":"<!-- This site is optimized with the Yoast SEO plugin v27.5 - https:\/\/yoast.com\/product\/yoast-seo-wordpress\/ -->\n<title>C\u00f3mo calcular y reducir tu huella de carbono - 11Onze<\/title>\n<meta name=\"description\" content=\"\u00bfC\u00f3mo podemos contribuir individuos, empresas y reguladores a reducir nuestra huella de carbono en el medio ambiente?\" \/>\n<meta name=\"robots\" content=\"index, follow, max-snippet:-1, max-image-preview:large, max-video-preview:-1\" \/>\n<link rel=\"canonical\" href=\"https:\/\/www.11onze.cat\/es\/magazine\/calcular-huella-carbono-reducirla\/\" \/>\n<meta property=\"og:locale\" content=\"es_ES\" \/>\n<meta property=\"og:type\" content=\"article\" \/>\n<meta property=\"og:title\" content=\"Qu\u00e9 es la huella de carbono y c\u00f3mo reducirla - 11Onze\" \/>\n<meta property=\"og:description\" content=\"C\u00f3mo podemos contribuir individuos, empresas y reguladores a reducir nuestra huella de carbono en el medio ambiente, que cada vez es mayor.\" \/>\n<meta property=\"og:url\" content=\"https:\/\/www.11onze.cat\/es\/magazine\/calcular-huella-carbono-reducirla\/\" \/>\n<meta property=\"og:site_name\" content=\"11Onze\" \/>\n<meta property=\"article:publisher\" content=\"https:\/\/www.facebook.com\/11OnzeComunitat\" \/>\n<meta property=\"article:published_time\" content=\"2025-11-01T19:00:00+00:00\" \/>\n<meta property=\"og:image\" content=\"https:\/\/www.11onze.cat\/wp-content\/uploads\/2022\/03\/11ONZE_CARBON_FOOTPRINT-800x450.jpg\" \/>\n<meta name=\"author\" content=\"Equip Editorial\" \/>\n<meta name=\"twitter:card\" content=\"summary_large_image\" \/>\n<meta name=\"twitter:title\" content=\"Qu\u00e9 es la huella de carbono y c\u00f3mo reducirla - 11Onze\" \/>\n<meta name=\"twitter:description\" content=\"C\u00f3mo podemos contribuir individuos, empresas y reguladores a reducir nuestra huella de carbono en el medio ambiente, que cada vez es mayor.\" \/>\n<meta name=\"twitter:image\" content=\"https:\/\/www.11onze.cat\/wp-content\/uploads\/2022\/03\/11ONZE_CARBON_FOOTPRINT-800x450.jpg\" \/>\n<meta name=\"twitter:creator\" content=\"@11OnzeFintech\" \/>\n<meta name=\"twitter:site\" content=\"@11OnzeFintech\" \/>\n<meta name=\"twitter:label1\" content=\"Escrito por\" \/>\n\t<meta name=\"twitter:data1\" content=\"Equip Editorial\" \/>\n\t<meta name=\"twitter:label2\" content=\"Tiempo de lectura\" \/>\n\t<meta name=\"twitter:data2\" content=\"1 minuto\" \/>\n<script type=\"application\/ld+json\" class=\"yoast-schema-graph\">{\"@context\":\"https:\\\/\\\/schema.org\",\"@graph\":[{\"@type\":\"Article\",\"@id\":\"https:\\\/\\\/www.11onze.cat\\\/es\\\/magazine\\\/calcular-huella-carbono-reducirla\\\/#article\",\"isPartOf\":{\"@id\":\"https:\\\/\\\/www.11onze.cat\\\/es\\\/magazine\\\/calcular-huella-carbono-reducirla\\\/\"},\"author\":{\"name\":\"Equip Editorial\",\"@id\":\"https:\\\/\\\/www.11onze.cat\\\/es\\\/#\\\/schema\\\/person\\\/636d99b4c82bb7178687ecd43c3a61bd\"},\"headline\":\"C\u00f3mo calcular y reducir tu huella de carbono\",\"datePublished\":\"2025-11-01T19:00:00+00:00\",\"mainEntityOfPage\":{\"@id\":\"https:\\\/\\\/www.11onze.cat\\\/es\\\/magazine\\\/calcular-huella-carbono-reducirla\\\/\"},\"wordCount\":9,\"commentCount\":0,\"publisher\":{\"@id\":\"https:\\\/\\\/www.11onze.cat\\\/es\\\/#organization\"},\"image\":{\"@id\":\"https:\\\/\\\/www.11onze.cat\\\/es\\\/magazine\\\/calcular-huella-carbono-reducirla\\\/#primaryimage\"},\"thumbnailUrl\":\"https:\\\/\\\/www.11onze.cat\\\/wp-content\\\/uploads\\\/2022\\\/03\\\/THUMBNAIL_CARBON_FOOTPRINT.jpg\",\"keywords\":[\"Sostenibilidad\"],\"articleSection\":[\"Sin categorizar\"],\"inLanguage\":\"es\",\"potentialAction\":[{\"@type\":\"CommentAction\",\"name\":\"Comment\",\"target\":[\"https:\\\/\\\/www.11onze.cat\\\/es\\\/magazine\\\/calcular-huella-carbono-reducirla\\\/#respond\"]}]},{\"@type\":\"WebPage\",\"@id\":\"https:\\\/\\\/www.11onze.cat\\\/es\\\/magazine\\\/calcular-huella-carbono-reducirla\\\/\",\"url\":\"https:\\\/\\\/www.11onze.cat\\\/es\\\/magazine\\\/calcular-huella-carbono-reducirla\\\/\",\"name\":\"C\u00f3mo calcular y reducir tu huella de carbono - 11Onze\",\"isPartOf\":{\"@id\":\"https:\\\/\\\/www.11onze.cat\\\/es\\\/#website\"},\"primaryImageOfPage\":{\"@id\":\"https:\\\/\\\/www.11onze.cat\\\/es\\\/magazine\\\/calcular-huella-carbono-reducirla\\\/#primaryimage\"},\"image\":{\"@id\":\"https:\\\/\\\/www.11onze.cat\\\/es\\\/magazine\\\/calcular-huella-carbono-reducirla\\\/#primaryimage\"},\"thumbnailUrl\":\"https:\\\/\\\/www.11onze.cat\\\/wp-content\\\/uploads\\\/2022\\\/03\\\/THUMBNAIL_CARBON_FOOTPRINT.jpg\",\"datePublished\":\"2025-11-01T19:00:00+00:00\",\"description\":\"\u00bfC\u00f3mo podemos contribuir individuos, empresas y reguladores a reducir nuestra huella de carbono en el medio ambiente?\",\"breadcrumb\":{\"@id\":\"https:\\\/\\\/www.11onze.cat\\\/es\\\/magazine\\\/calcular-huella-carbono-reducirla\\\/#breadcrumb\"},\"inLanguage\":\"es\",\"potentialAction\":[{\"@type\":\"ReadAction\",\"target\":[\"https:\\\/\\\/www.11onze.cat\\\/es\\\/magazine\\\/calcular-huella-carbono-reducirla\\\/\"]}]},{\"@type\":\"ImageObject\",\"inLanguage\":\"es\",\"@id\":\"https:\\\/\\\/www.11onze.cat\\\/es\\\/magazine\\\/calcular-huella-carbono-reducirla\\\/#primaryimage\",\"url\":\"https:\\\/\\\/www.11onze.cat\\\/wp-content\\\/uploads\\\/2022\\\/03\\\/THUMBNAIL_CARBON_FOOTPRINT.jpg\",\"contentUrl\":\"https:\\\/\\\/www.11onze.cat\\\/wp-content\\\/uploads\\\/2022\\\/03\\\/THUMBNAIL_CARBON_FOOTPRINT.jpg\",\"width\":750,\"height\":504},{\"@type\":\"BreadcrumbList\",\"@id\":\"https:\\\/\\\/www.11onze.cat\\\/es\\\/magazine\\\/calcular-huella-carbono-reducirla\\\/#breadcrumb\",\"itemListElement\":[{\"@type\":\"ListItem\",\"position\":1,\"name\":\"Home\",\"item\":\"https:\\\/\\\/www.11onze.cat\\\/es\\\/\"},{\"@type\":\"ListItem\",\"position\":2,\"name\":\"C\u00f3mo calcular y reducir tu huella de carbono\"}]},{\"@type\":\"WebSite\",\"@id\":\"https:\\\/\\\/www.11onze.cat\\\/es\\\/#website\",\"url\":\"https:\\\/\\\/www.11onze.cat\\\/es\\\/\",\"name\":\"11Onze\",\"description\":\"Primera comunidad fintech digital en Catalu\u00f1a\",\"publisher\":{\"@id\":\"https:\\\/\\\/www.11onze.cat\\\/es\\\/#organization\"},\"potentialAction\":[{\"@type\":\"SearchAction\",\"target\":{\"@type\":\"EntryPoint\",\"urlTemplate\":\"https:\\\/\\\/www.11onze.cat\\\/es\\\/?s={search_term_string}\"},\"query-input\":{\"@type\":\"PropertyValueSpecification\",\"valueRequired\":true,\"valueName\":\"search_term_string\"}}],\"inLanguage\":\"es\"},{\"@type\":\"Organization\",\"@id\":\"https:\\\/\\\/www.11onze.cat\\\/es\\\/#organization\",\"name\":\"11Onze\",\"url\":\"https:\\\/\\\/www.11onze.cat\\\/es\\\/\",\"logo\":{\"@type\":\"ImageObject\",\"inLanguage\":\"es\",\"@id\":\"https:\\\/\\\/www.11onze.cat\\\/es\\\/#\\\/schema\\\/logo\\\/image\\\/\",\"url\":\"https:\\\/\\\/www.11onze.cat\\\/wp-content\\\/uploads\\\/2021\\\/04\\\/512x512-11Onze.jpg\",\"contentUrl\":\"https:\\\/\\\/www.11onze.cat\\\/wp-content\\\/uploads\\\/2021\\\/04\\\/512x512-11Onze.jpg\",\"width\":512,\"height\":512,\"caption\":\"11Onze\"},\"image\":{\"@id\":\"https:\\\/\\\/www.11onze.cat\\\/es\\\/#\\\/schema\\\/logo\\\/image\\\/\"},\"sameAs\":[\"https:\\\/\\\/www.facebook.com\\\/11OnzeComunitat\",\"https:\\\/\\\/x.com\\\/11OnzeFintech\",\"https:\\\/\\\/www.instagram.com\\\/11onzecat\\\/\",\"https:\\\/\\\/www.linkedin.com\\\/company\\\/11onzebanc\",\"https:\\\/\\\/www.youtube.com\\\/channel\\\/UCz63R8Byd_kBKtK2M4Qf_7w\"]},{\"@type\":\"Person\",\"@id\":\"https:\\\/\\\/www.11onze.cat\\\/es\\\/#\\\/schema\\\/person\\\/636d99b4c82bb7178687ecd43c3a61bd\",\"name\":\"Equip Editorial\",\"image\":{\"@type\":\"ImageObject\",\"inLanguage\":\"es\",\"@id\":\"https:\\\/\\\/www.11onze.cat\\\/wp-content\\\/uploads\\\/2022\\\/05\\\/HEADER_AGENTS_DECK-300x300.jpg\",\"url\":\"https:\\\/\\\/www.11onze.cat\\\/wp-content\\\/uploads\\\/2022\\\/05\\\/HEADER_AGENTS_DECK-300x300.jpg\",\"contentUrl\":\"https:\\\/\\\/www.11onze.cat\\\/wp-content\\\/uploads\\\/2022\\\/05\\\/HEADER_AGENTS_DECK-300x300.jpg\",\"caption\":\"Equip Editorial\"},\"url\":\"https:\\\/\\\/www.11onze.cat\\\/es\\\/magazine\\\/author\\\/equip-editorial-11onze\\\/\"}]}<\/script>\n<!-- \/ Yoast SEO plugin. -->","yoast_head_json":{"title":"C\u00f3mo calcular y reducir tu huella de carbono - 11Onze","description":"\u00bfC\u00f3mo podemos contribuir individuos, empresas y reguladores a reducir nuestra huella de carbono en el medio ambiente?","robots":{"index":"index","follow":"follow","max-snippet":"max-snippet:-1","max-image-preview":"max-image-preview:large","max-video-preview":"max-video-preview:-1"},"canonical":"https:\/\/www.11onze.cat\/es\/magazine\/calcular-huella-carbono-reducirla\/","og_locale":"es_ES","og_type":"article","og_title":"Qu\u00e9 es la huella de carbono y c\u00f3mo reducirla - 11Onze","og_description":"C\u00f3mo podemos contribuir individuos, empresas y reguladores a reducir nuestra huella de carbono en el medio ambiente, que cada vez es mayor.","og_url":"https:\/\/www.11onze.cat\/es\/magazine\/calcular-huella-carbono-reducirla\/","og_site_name":"11Onze","article_publisher":"https:\/\/www.facebook.com\/11OnzeComunitat","article_published_time":"2025-11-01T19:00:00+00:00","og_image":[{"url":"https:\/\/www.11onze.cat\/wp-content\/uploads\/2022\/03\/11ONZE_CARBON_FOOTPRINT-800x450.jpg","type":"","width":"","height":""}],"author":"Equip Editorial","twitter_card":"summary_large_image","twitter_title":"Qu\u00e9 es la huella de carbono y c\u00f3mo reducirla - 11Onze","twitter_description":"C\u00f3mo podemos contribuir individuos, empresas y reguladores a reducir nuestra huella de carbono en el medio ambiente, que cada vez es mayor.","twitter_image":"https:\/\/www.11onze.cat\/wp-content\/uploads\/2022\/03\/11ONZE_CARBON_FOOTPRINT-800x450.jpg","twitter_creator":"@11OnzeFintech","twitter_site":"@11OnzeFintech","twitter_misc":{"Escrito por":"Equip Editorial","Tiempo de lectura":"1 minuto"},"schema":{"@context":"https:\/\/schema.org","@graph":[{"@type":"Article","@id":"https:\/\/www.11onze.cat\/es\/magazine\/calcular-huella-carbono-reducirla\/#article","isPartOf":{"@id":"https:\/\/www.11onze.cat\/es\/magazine\/calcular-huella-carbono-reducirla\/"},"author":{"name":"Equip Editorial","@id":"https:\/\/www.11onze.cat\/es\/#\/schema\/person\/636d99b4c82bb7178687ecd43c3a61bd"},"headline":"C\u00f3mo calcular y reducir tu huella de carbono","datePublished":"2025-11-01T19:00:00+00:00","mainEntityOfPage":{"@id":"https:\/\/www.11onze.cat\/es\/magazine\/calcular-huella-carbono-reducirla\/"},"wordCount":9,"commentCount":0,"publisher":{"@id":"https:\/\/www.11onze.cat\/es\/#organization"},"image":{"@id":"https:\/\/www.11onze.cat\/es\/magazine\/calcular-huella-carbono-reducirla\/#primaryimage"},"thumbnailUrl":"https:\/\/www.11onze.cat\/wp-content\/uploads\/2022\/03\/THUMBNAIL_CARBON_FOOTPRINT.jpg","keywords":["Sostenibilidad"],"articleSection":["Sin categorizar"],"inLanguage":"es","potentialAction":[{"@type":"CommentAction","name":"Comment","target":["https:\/\/www.11onze.cat\/es\/magazine\/calcular-huella-carbono-reducirla\/#respond"]}]},{"@type":"WebPage","@id":"https:\/\/www.11onze.cat\/es\/magazine\/calcular-huella-carbono-reducirla\/","url":"https:\/\/www.11onze.cat\/es\/magazine\/calcular-huella-carbono-reducirla\/","name":"C\u00f3mo calcular y reducir tu huella de carbono - 11Onze","isPartOf":{"@id":"https:\/\/www.11onze.cat\/es\/#website"},"primaryImageOfPage":{"@id":"https:\/\/www.11onze.cat\/es\/magazine\/calcular-huella-carbono-reducirla\/#primaryimage"},"image":{"@id":"https:\/\/www.11onze.cat\/es\/magazine\/calcular-huella-carbono-reducirla\/#primaryimage"},"thumbnailUrl":"https:\/\/www.11onze.cat\/wp-content\/uploads\/2022\/03\/THUMBNAIL_CARBON_FOOTPRINT.jpg","datePublished":"2025-11-01T19:00:00+00:00","description":"\u00bfC\u00f3mo podemos contribuir individuos, empresas y reguladores a reducir nuestra huella de carbono en el medio ambiente?","breadcrumb":{"@id":"https:\/\/www.11onze.cat\/es\/magazine\/calcular-huella-carbono-reducirla\/#breadcrumb"},"inLanguage":"es","potentialAction":[{"@type":"ReadAction","target":["https:\/\/www.11onze.cat\/es\/magazine\/calcular-huella-carbono-reducirla\/"]}]},{"@type":"ImageObject","inLanguage":"es","@id":"https:\/\/www.11onze.cat\/es\/magazine\/calcular-huella-carbono-reducirla\/#primaryimage","url":"https:\/\/www.11onze.cat\/wp-content\/uploads\/2022\/03\/THUMBNAIL_CARBON_FOOTPRINT.jpg","contentUrl":"https:\/\/www.11onze.cat\/wp-content\/uploads\/2022\/03\/THUMBNAIL_CARBON_FOOTPRINT.jpg","width":750,"height":504},{"@type":"BreadcrumbList","@id":"https:\/\/www.11onze.cat\/es\/magazine\/calcular-huella-carbono-reducirla\/#breadcrumb","itemListElement":[{"@type":"ListItem","position":1,"name":"Home","item":"https:\/\/www.11onze.cat\/es\/"},{"@type":"ListItem","position":2,"name":"C\u00f3mo calcular y reducir tu huella de carbono"}]},{"@type":"WebSite","@id":"https:\/\/www.11onze.cat\/es\/#website","url":"https:\/\/www.11onze.cat\/es\/","name":"11Onze","description":"Primera comunidad fintech digital en Catalu\u00f1a","publisher":{"@id":"https:\/\/www.11onze.cat\/es\/#organization"},"potentialAction":[{"@type":"SearchAction","target":{"@type":"EntryPoint","urlTemplate":"https:\/\/www.11onze.cat\/es\/?s={search_term_string}"},"query-input":{"@type":"PropertyValueSpecification","valueRequired":true,"valueName":"search_term_string"}}],"inLanguage":"es"},{"@type":"Organization","@id":"https:\/\/www.11onze.cat\/es\/#organization","name":"11Onze","url":"https:\/\/www.11onze.cat\/es\/","logo":{"@type":"ImageObject","inLanguage":"es","@id":"https:\/\/www.11onze.cat\/es\/#\/schema\/logo\/image\/","url":"https:\/\/www.11onze.cat\/wp-content\/uploads\/2021\/04\/512x512-11Onze.jpg","contentUrl":"https:\/\/www.11onze.cat\/wp-content\/uploads\/2021\/04\/512x512-11Onze.jpg","width":512,"height":512,"caption":"11Onze"},"image":{"@id":"https:\/\/www.11onze.cat\/es\/#\/schema\/logo\/image\/"},"sameAs":["https:\/\/www.facebook.com\/11OnzeComunitat","https:\/\/x.com\/11OnzeFintech","https:\/\/www.instagram.com\/11onzecat\/","https:\/\/www.linkedin.com\/company\/11onzebanc","https:\/\/www.youtube.com\/channel\/UCz63R8Byd_kBKtK2M4Qf_7w"]},{"@type":"Person","@id":"https:\/\/www.11onze.cat\/es\/#\/schema\/person\/636d99b4c82bb7178687ecd43c3a61bd","name":"Equip Editorial","image":{"@type":"ImageObject","inLanguage":"es","@id":"https:\/\/www.11onze.cat\/wp-content\/uploads\/2022\/05\/HEADER_AGENTS_DECK-300x300.jpg","url":"https:\/\/www.11onze.cat\/wp-content\/uploads\/2022\/05\/HEADER_AGENTS_DECK-300x300.jpg","contentUrl":"https:\/\/www.11onze.cat\/wp-content\/uploads\/2022\/05\/HEADER_AGENTS_DECK-300x300.jpg","caption":"Equip Editorial"},"url":"https:\/\/www.11onze.cat\/es\/magazine\/author\/equip-editorial-11onze\/"}]}},"_links":{"self":[{"href":"https:\/\/www.11onze.cat\/es\/wp-json\/wp\/v2\/posts\/28609","targetHints":{"allow":["GET"]}}],"collection":[{"href":"https:\/\/www.11onze.cat\/es\/wp-json\/wp\/v2\/posts"}],"about":[{"href":"https:\/\/www.11onze.cat\/es\/wp-json\/wp\/v2\/types\/post"}],"author":[{"embeddable":true,"href":"https:\/\/www.11onze.cat\/es\/wp-json\/wp\/v2\/users\/71"}],"replies":[{"embeddable":true,"href":"https:\/\/www.11onze.cat\/es\/wp-json\/wp\/v2\/comments?post=28609"}],"version-history":[{"count":0,"href":"https:\/\/www.11onze.cat\/es\/wp-json\/wp\/v2\/posts\/28609\/revisions"}],"wp:featuredmedia":[{"embeddable":true,"href":"https:\/\/www.11onze.cat\/es\/wp-json\/wp\/v2\/media\/28606"}],"wp:attachment":[{"href":"https:\/\/www.11onze.cat\/es\/wp-json\/wp\/v2\/media?parent=28609"}],"wp:term":[{"taxonomy":"category","embeddable":true,"href":"https:\/\/www.11onze.cat\/es\/wp-json\/wp\/v2\/categories?post=28609"},{"taxonomy":"post_tag","embeddable":true,"href":"https:\/\/www.11onze.cat\/es\/wp-json\/wp\/v2\/tags?post=28609"}],"curies":[{"name":"wp","href":"https:\/\/api.w.org\/{rel}","templated":true}]}}