{"id":28494,"date":"2022-03-23T21:00:00","date_gmt":"2022-03-23T20:00:00","guid":{"rendered":"https:\/\/www.11onze.cat\/?p=28494"},"modified":"2022-03-24T09:28:29","modified_gmt":"2022-03-24T08:28:29","slug":"jaque-bce-economias-fragiles","status":"publish","type":"post","link":"https:\/\/www.11onze.cat\/es\/magazine\/jaque-bce-economias-fragiles\/","title":{"rendered":"Jaque del BCE a las econom\u00edas m\u00e1s fr\u00e1giles"},"content":{"rendered":"<div class=\"component text\">\n  <div class=\"container\">\n\n\n    <div class=\"row\">\n      <div class=\"col  col-lg-8  offset-lg-2\">\n        <h3><b>Con la anunciada rebaja de los fondos destinados a la compra de deuda y un aumento de los tipos de inter\u00e9s en el horizonte, el Banco Central Europeo pone en riesgo la recuperaci\u00f3n de los pa\u00edses m\u00e1s endeudados. Estos pueden ser las v\u00edctimas colaterales de la guerra contra la inflaci\u00f3n.<\/b><\/h3>\n<p>&nbsp;<\/p>\n<p><span style=\"font-weight: 400;\">\u00a0<\/span><b>\u00bfCrecimiento o estabilidad de precios?<\/b><span style=\"font-weight: 400;\"> Este es el dilema que afronta el Banco Central Europeo (BCE) a trav\u00e9s de su pol\u00edtica de compra de deuda y tipos de inter\u00e9s. Y la apuesta a d\u00eda de hoy es clara: su presidenta, Christine Lagarde, quiere evitar a toda costa una inflaci\u00f3n desbocada a pesar de la incertidumbre econ\u00f3mica provocada por la guerra en Ucrania.<\/span><\/p>\n<p><span style=\"font-weight: 400;\">\u00a0La previsi\u00f3n del BCE es que la subida de precios en la Uni\u00f3n Europea alcance el 5,1% de media este a\u00f1o, casi dos puntos m\u00e1s de lo que preve\u00edan en diciembre. Por ello, <\/span><b>Lagarde anunci\u00f3 recientemente un endurecimiento de la pol\u00edtica monetaria para contener la inflaci\u00f3n<\/b><span style=\"font-weight: 400;\">: las <\/span><span style=\"font-weight: 400;\"><a href=\"https:\/\/www.ecb.europa.eu\/press\/pr\/date\/2022\/html\/ecb.mp220310~2d19f8ba60.es.html\" target=\"_blank\" rel=\"noopener\">compras<\/a> <\/span><span style=\"font-weight: 400;\">mensuales de deuda del BCE pasar\u00e1n de 40.000 millones de euros en abril a 30.000 millones en mayo y 20.000 millones a partir de junio.<\/span><\/p>\n<p>&nbsp;<\/p>\n<h3><b>Compra de bonos durante la pandemia<\/b><\/h3>\n<p><span style=\"font-weight: 400;\">Hasta ahora, <\/span><b>el BCE adquir\u00eda unos 80.000 millones de deuda al mes<\/b><span style=\"font-weight: 400;\">, tres cuartas partes de ellos al amparo de un <\/span><a href=\"https:\/\/www.ecb.europa.eu\/mopo\/implement\/pepp\/html\/index.en.html\" target=\"_blank\" rel=\"noopener\"><span style=\"font-weight: 400;\">programa<\/span><\/a><span style=\"font-weight: 400;\"> especial creado para afrontar la crisis provocada por la covid-19.<\/span><\/p>\n<p><span style=\"font-weight: 400;\">La entidad incluso se plantea acabar con la compra neta de deuda si las medidas no son suficientes para atajar la inflaci\u00f3n. Hay que tener en cuenta que durante la pandemia el BCE ha comprado cerca de dos billones de euros en deuda. <\/span><b>Desde enero de 2020 hasta mediados de 2021, el volumen de deuda de la Eurozona pas\u00f3 de suponer el 86% al 100% del PIB<\/b><span style=\"font-weight: 400;\">.<\/span><\/p>\n<p>&nbsp;<\/p>\n<h3><b>Tipos de inter\u00e9s al alza<\/b><\/h3>\n<p><span style=\"font-weight: 400;\">Adem\u00e1s, <\/span><b>el BCE anunci\u00f3 que se producir\u00e1 una subida de tipos \u201cgradual\u201d transcurrido alg\u00fan tiempo<\/b><span style=\"font-weight: 400;\">. Los analistas estiman que este cambio de pol\u00edtica podr\u00eda empezar en el \u00faltimo tramo de este a\u00f1o o principios de 2023. De todas formas, la evoluci\u00f3n de la inflaci\u00f3n marcar\u00e1 el calendario y la intensidad.<\/span><\/p>\n<p><span style=\"font-weight: 400;\">Estas decisiones afectar\u00e1n especialmente a las econom\u00edas espa\u00f1ola, italiana, portuguesa y griega, ya que el BCE est\u00e1 comprando gran parte de la deuda emitida por estos pa\u00edses. <\/span><b>La deuda en Espa\u00f1a ya supone el 125% del PIB, en Portugal el 140%, en Italia el 160% y en Grecia el 210%<\/b><span style=\"font-weight: 400;\">.<\/span><\/p>\n<p><span style=\"font-weight: 400;\">En el caso de Espa\u00f1a, la necesidad de financiaci\u00f3n neta para 2022 se estima en unos 75.000 millones de euros. A la convalecencia de la pandemia que viven sus econom\u00edas, se suma ahora la incertidumbre econ\u00f3mica y la crisis energ\u00e9tica provocadas por la guerra de Ucrania.<\/span><\/p>\n<p>&nbsp;<\/p>\n<h3><b>Menos margen de maniobra para los m\u00e1s endeudados<\/b><\/h3>\n<p><span style=\"font-weight: 400;\">El anuncio del BCE de reducir la compra de deuda <\/span><b>reducir\u00e1 considerablemente la capacidad de los pa\u00edses m\u00e1s endeudados, entre los que se encuentra Espa\u00f1a, para financiar medidas de pol\u00edtica fiscal<\/b><span style=\"font-weight: 400;\"> que estimulen la recuperaci\u00f3n, ya sea a trav\u00e9s de subvenciones o una bajada de la presi\u00f3n fiscal a particulares o empresas. Otra consecuencia indeseada podr\u00eda ser que empezaran a subir las primas de riesgo de la deuda de estos pa\u00edses.<\/span><\/p>\n<p><span style=\"font-weight: 400;\">Todo ello se produce en un <\/span><b>entorno de gran incertidumbre por la situaci\u00f3n internacional y la evoluci\u00f3n de los precios de la energ\u00eda<\/b><span style=\"font-weight: 400;\">, que repercuten directamente en el precio de la mayor\u00eda de productos.<\/span><\/p>\n<p>&nbsp;<\/p>\n<p><b>11Onze es la comunidad fintech de Catalu\u00f1a. Abre una cuenta descargando la super app El Canut en <\/b><a href=\"https:\/\/bit.ly\/2YlbZAf\" target=\"_blank\" rel=\"noopener\"><b>Android<\/b><\/a><b> y <\/b><a href=\"https:\/\/bit.ly\/Onze-IOS\" target=\"_blank\" rel=\"noopener\"><b>Apple<\/b><\/a><b>. \u00a1\u00danete a la revoluci\u00f3n!<\/b><\/p>\n\n      <\/div>\n    <\/div>\n  <\/div>\n<\/div>\n\n\n<div class=\"component cards\">\n  <div class=\"container\">\n    <div class=\"row\">\n      <div class=\"col col-xl-8 offset-xl-2\">\n        <h1>Si te ha gustado este art\u00edculo, te recomendamos:<\/h1>\n        <div class=\"cards__wrapper\">\n          <div class=\"card\">\n            <a href=\"https:\/\/www.11onze.cat\/es\/magazine\/claves-inevitable-crisis-deuda\/\" class=\"card-link\" target=\"_self\"><\/a>\n            <div class=\"card-img\">\n              <img decoding=\"async\" src=\"https:\/\/www.11onze.cat\/wp-content\/uploads\/2022\/02\/THUMBNAIL_INDICATIUS_CRISIS_GLOBAL-800x533.jpg\" class=\"card-img-top\" alt=\"\">\n                <span class=\"card-category\">Econom\u00eda<\/span>\n            <\/div>\n            <div class=\"card-body\">\n              <p class=\"card-title p2\"><strong>Las claves de la crisis de deuda<\/strong><\/p>\n              <span class=\"card-time\">6min lectura<\/span>\n              <p class=\"card-text small\">Todos los \u00edndices de previsi\u00f3n econ\u00f3mica indican que nos<\/p>\n            <\/div>\n          <\/div>\n\n\n          <div class=\"card\">\n            <a href=\"https:\/\/www.11onze.cat\/es\/magazine\/2022-ano-gran-crisis\/\" class=\"card-link\" target=\"_self\"><\/a>\n            <div class=\"card-img\">\n              <img decoding=\"async\" src=\"https:\/\/www.11onze.cat\/wp-content\/uploads\/2022\/01\/VISUALS_PODCAST_THUMBNAIL_PSN_JAMES.jpg\" class=\"card-img-top\" alt=\"\">\n                <span class=\"card-category\">Econom\u00eda<\/span>\n            <\/div>\n            <div class=\"card-body\">\n              <p class=\"card-title p2\"><strong>2022: el a\u00f1o de la gran crisis<\/strong><\/p>\n              <span class=\"card-time\">6min lectura<\/span>\n              <p class=\"card-text small\">El escenario con el que nos encontraremos en 2022 puede<\/p>\n            <\/div>\n          <\/div>\n\n\n          <div class=\"card\">\n            <a href=\"https:\/\/www.11onze.cat\/es\/magazine\/serpiente-monetaria-dar-estabilidad-europa\/\" class=\"card-link\" target=\"_self\"><\/a>\n            <div class=\"card-img\">\n              <img decoding=\"async\" src=\"https:\/\/www.11onze.cat\/wp-content\/uploads\/2022\/02\/THUMBNAIL_SERP_MONETARIA-800x450.jpg\" class=\"card-img-top\" alt=\"\">\n                <span class=\"card-category\">Cultura<\/span>\n            <\/div>\n            <div class=\"card-body\">\n              <p class=\"card-title p2\"><strong>La serpiente monetaria<\/strong><\/p>\n              <span class=\"card-time\">2min lectura<\/span>\n              <p class=\"card-text small\">La serpiente monetaria quebr\u00f3 pronto, durante los a\u00f1os 70 del siglo XX, pero permiti\u00f3 a<\/p>\n            <\/div>\n          <\/div>\n\n              <\/div>\n              <br>\n              <br>\n              <div class=\"cards__wrapper\">\n\n        <\/div>\n      <\/div>\n    <\/div>\n  <\/div>\n<\/div>","protected":false},"excerpt":{"rendered":"","protected":false},"author":71,"featured_media":28475,"comment_status":"open","ping_status":"closed","sticky":false,"template":"","format":"standard","meta":{"_acf_changed":false,"content-type":"","footnotes":""},"categories":[28],"tags":[174],"class_list":["post-28494","post","type-post","status-publish","format-standard","has-post-thumbnail","hentry","category-sin-categorizar","tag-economia-es"],"acf":[],"yoast_head":"<!-- This site is optimized with the Yoast SEO plugin v27.5 - https:\/\/yoast.com\/product\/yoast-seo-wordpress\/ -->\n<title>Jaque del BCE a las econom\u00edas m\u00e1s fr\u00e1giles - 11Onze<\/title>\n<meta name=\"description\" content=\"Las econom\u00edas m\u00e1s endeudadas de la Uni\u00f3n Europea pueden ser v\u00edctimas colaterales de la lucha del Banco Central Europeo contra la inflaci\u00f3n.\" \/>\n<meta name=\"robots\" content=\"index, follow, max-snippet:-1, max-image-preview:large, max-video-preview:-1\" \/>\n<link rel=\"canonical\" href=\"https:\/\/www.11onze.cat\/es\/magazine\/jaque-bce-economias-fragiles\/\" \/>\n<meta property=\"og:locale\" content=\"es_ES\" \/>\n<meta property=\"og:type\" content=\"article\" \/>\n<meta property=\"og:title\" content=\"Jaque del BCE a las econom\u00edas m\u00e1s fr\u00e1giles - 11Onze\" \/>\n<meta property=\"og:description\" content=\"Las econom\u00edas m\u00e1s endeudadas de la Uni\u00f3n Europea pueden ser v\u00edctimas colaterales de la lucha del Banco Central Europeo contra la inflaci\u00f3n.\" \/>\n<meta property=\"og:url\" content=\"https:\/\/www.11onze.cat\/es\/magazine\/jaque-bce-economias-fragiles\/\" \/>\n<meta property=\"og:site_name\" content=\"11Onze\" \/>\n<meta property=\"article:publisher\" content=\"https:\/\/www.facebook.com\/11OnzeComunitat\" \/>\n<meta property=\"article:published_time\" content=\"2022-03-23T20:00:00+00:00\" \/>\n<meta property=\"article:modified_time\" content=\"2022-03-24T08:28:29+00:00\" \/>\n<meta property=\"og:image\" content=\"https:\/\/www.11onze.cat\/wp-content\/uploads\/2022\/03\/11ONZE_FINAL_ESTIMULS_BCE-800x450.png\" \/>\n<meta name=\"author\" content=\"Equip Editorial\" \/>\n<meta name=\"twitter:card\" content=\"summary_large_image\" \/>\n<meta name=\"twitter:title\" content=\"Jaque del BCE a las econom\u00edas m\u00e1s fr\u00e1giles - 11Onze\" \/>\n<meta name=\"twitter:description\" content=\"Las econom\u00edas m\u00e1s endeudadas de la Uni\u00f3n Europea pueden ser v\u00edctimas colaterales de la lucha del Banco Central Europeo contra la inflaci\u00f3n.\" \/>\n<meta name=\"twitter:image\" content=\"https:\/\/www.11onze.cat\/wp-content\/uploads\/2022\/03\/11ONZE_FINAL_ESTIMULS_BCE-800x450.png\" \/>\n<meta name=\"twitter:creator\" content=\"@11OnzeFintech\" \/>\n<meta name=\"twitter:site\" content=\"@11OnzeFintech\" \/>\n<meta name=\"twitter:label1\" content=\"Escrito por\" \/>\n\t<meta name=\"twitter:data1\" content=\"Equip Editorial\" \/>\n<script type=\"application\/ld+json\" class=\"yoast-schema-graph\">{\"@context\":\"https:\\\/\\\/schema.org\",\"@graph\":[{\"@type\":\"Article\",\"@id\":\"https:\\\/\\\/www.11onze.cat\\\/es\\\/magazine\\\/jaque-bce-economias-fragiles\\\/#article\",\"isPartOf\":{\"@id\":\"https:\\\/\\\/www.11onze.cat\\\/es\\\/magazine\\\/jaque-bce-economias-fragiles\\\/\"},\"author\":{\"name\":\"Equip Editorial\",\"@id\":\"https:\\\/\\\/www.11onze.cat\\\/es\\\/#\\\/schema\\\/person\\\/636d99b4c82bb7178687ecd43c3a61bd\"},\"headline\":\"Jaque del BCE a las econom\u00edas m\u00e1s fr\u00e1giles\",\"datePublished\":\"2022-03-23T20:00:00+00:00\",\"dateModified\":\"2022-03-24T08:28:29+00:00\",\"mainEntityOfPage\":{\"@id\":\"https:\\\/\\\/www.11onze.cat\\\/es\\\/magazine\\\/jaque-bce-economias-fragiles\\\/\"},\"wordCount\":11,\"commentCount\":0,\"publisher\":{\"@id\":\"https:\\\/\\\/www.11onze.cat\\\/es\\\/#organization\"},\"image\":{\"@id\":\"https:\\\/\\\/www.11onze.cat\\\/es\\\/magazine\\\/jaque-bce-economias-fragiles\\\/#primaryimage\"},\"thumbnailUrl\":\"https:\\\/\\\/www.11onze.cat\\\/wp-content\\\/uploads\\\/2022\\\/03\\\/THUMBNAIL_FINAL_ESTIMULS_BCE.jpg\",\"keywords\":[\"Econom\u00eda\"],\"articleSection\":[\"Sin categorizar\"],\"inLanguage\":\"es\",\"potentialAction\":[{\"@type\":\"CommentAction\",\"name\":\"Comment\",\"target\":[\"https:\\\/\\\/www.11onze.cat\\\/es\\\/magazine\\\/jaque-bce-economias-fragiles\\\/#respond\"]}]},{\"@type\":\"WebPage\",\"@id\":\"https:\\\/\\\/www.11onze.cat\\\/es\\\/magazine\\\/jaque-bce-economias-fragiles\\\/\",\"url\":\"https:\\\/\\\/www.11onze.cat\\\/es\\\/magazine\\\/jaque-bce-economias-fragiles\\\/\",\"name\":\"Jaque del BCE a las econom\u00edas m\u00e1s fr\u00e1giles - 11Onze\",\"isPartOf\":{\"@id\":\"https:\\\/\\\/www.11onze.cat\\\/es\\\/#website\"},\"primaryImageOfPage\":{\"@id\":\"https:\\\/\\\/www.11onze.cat\\\/es\\\/magazine\\\/jaque-bce-economias-fragiles\\\/#primaryimage\"},\"image\":{\"@id\":\"https:\\\/\\\/www.11onze.cat\\\/es\\\/magazine\\\/jaque-bce-economias-fragiles\\\/#primaryimage\"},\"thumbnailUrl\":\"https:\\\/\\\/www.11onze.cat\\\/wp-content\\\/uploads\\\/2022\\\/03\\\/THUMBNAIL_FINAL_ESTIMULS_BCE.jpg\",\"datePublished\":\"2022-03-23T20:00:00+00:00\",\"dateModified\":\"2022-03-24T08:28:29+00:00\",\"description\":\"Las econom\u00edas m\u00e1s endeudadas de la Uni\u00f3n Europea pueden ser v\u00edctimas colaterales de la lucha del Banco Central Europeo contra la inflaci\u00f3n.\",\"breadcrumb\":{\"@id\":\"https:\\\/\\\/www.11onze.cat\\\/es\\\/magazine\\\/jaque-bce-economias-fragiles\\\/#breadcrumb\"},\"inLanguage\":\"es\",\"potentialAction\":[{\"@type\":\"ReadAction\",\"target\":[\"https:\\\/\\\/www.11onze.cat\\\/es\\\/magazine\\\/jaque-bce-economias-fragiles\\\/\"]}]},{\"@type\":\"ImageObject\",\"inLanguage\":\"es\",\"@id\":\"https:\\\/\\\/www.11onze.cat\\\/es\\\/magazine\\\/jaque-bce-economias-fragiles\\\/#primaryimage\",\"url\":\"https:\\\/\\\/www.11onze.cat\\\/wp-content\\\/uploads\\\/2022\\\/03\\\/THUMBNAIL_FINAL_ESTIMULS_BCE.jpg\",\"contentUrl\":\"https:\\\/\\\/www.11onze.cat\\\/wp-content\\\/uploads\\\/2022\\\/03\\\/THUMBNAIL_FINAL_ESTIMULS_BCE.jpg\",\"width\":750,\"height\":562},{\"@type\":\"BreadcrumbList\",\"@id\":\"https:\\\/\\\/www.11onze.cat\\\/es\\\/magazine\\\/jaque-bce-economias-fragiles\\\/#breadcrumb\",\"itemListElement\":[{\"@type\":\"ListItem\",\"position\":1,\"name\":\"Home\",\"item\":\"https:\\\/\\\/www.11onze.cat\\\/es\\\/\"},{\"@type\":\"ListItem\",\"position\":2,\"name\":\"Jaque del BCE a las econom\u00edas m\u00e1s fr\u00e1giles\"}]},{\"@type\":\"WebSite\",\"@id\":\"https:\\\/\\\/www.11onze.cat\\\/es\\\/#website\",\"url\":\"https:\\\/\\\/www.11onze.cat\\\/es\\\/\",\"name\":\"11Onze\",\"description\":\"Primera comunidad fintech digital en Catalu\u00f1a\",\"publisher\":{\"@id\":\"https:\\\/\\\/www.11onze.cat\\\/es\\\/#organization\"},\"potentialAction\":[{\"@type\":\"SearchAction\",\"target\":{\"@type\":\"EntryPoint\",\"urlTemplate\":\"https:\\\/\\\/www.11onze.cat\\\/es\\\/?s={search_term_string}\"},\"query-input\":{\"@type\":\"PropertyValueSpecification\",\"valueRequired\":true,\"valueName\":\"search_term_string\"}}],\"inLanguage\":\"es\"},{\"@type\":\"Organization\",\"@id\":\"https:\\\/\\\/www.11onze.cat\\\/es\\\/#organization\",\"name\":\"11Onze\",\"url\":\"https:\\\/\\\/www.11onze.cat\\\/es\\\/\",\"logo\":{\"@type\":\"ImageObject\",\"inLanguage\":\"es\",\"@id\":\"https:\\\/\\\/www.11onze.cat\\\/es\\\/#\\\/schema\\\/logo\\\/image\\\/\",\"url\":\"https:\\\/\\\/www.11onze.cat\\\/wp-content\\\/uploads\\\/2021\\\/04\\\/512x512-11Onze.jpg\",\"contentUrl\":\"https:\\\/\\\/www.11onze.cat\\\/wp-content\\\/uploads\\\/2021\\\/04\\\/512x512-11Onze.jpg\",\"width\":512,\"height\":512,\"caption\":\"11Onze\"},\"image\":{\"@id\":\"https:\\\/\\\/www.11onze.cat\\\/es\\\/#\\\/schema\\\/logo\\\/image\\\/\"},\"sameAs\":[\"https:\\\/\\\/www.facebook.com\\\/11OnzeComunitat\",\"https:\\\/\\\/x.com\\\/11OnzeFintech\",\"https:\\\/\\\/www.instagram.com\\\/11onzecat\\\/\",\"https:\\\/\\\/www.linkedin.com\\\/company\\\/11onzebanc\",\"https:\\\/\\\/www.youtube.com\\\/channel\\\/UCz63R8Byd_kBKtK2M4Qf_7w\"]},{\"@type\":\"Person\",\"@id\":\"https:\\\/\\\/www.11onze.cat\\\/es\\\/#\\\/schema\\\/person\\\/636d99b4c82bb7178687ecd43c3a61bd\",\"name\":\"Equip Editorial\",\"image\":{\"@type\":\"ImageObject\",\"inLanguage\":\"es\",\"@id\":\"https:\\\/\\\/www.11onze.cat\\\/wp-content\\\/uploads\\\/2022\\\/05\\\/HEADER_AGENTS_DECK-300x300.jpg\",\"url\":\"https:\\\/\\\/www.11onze.cat\\\/wp-content\\\/uploads\\\/2022\\\/05\\\/HEADER_AGENTS_DECK-300x300.jpg\",\"contentUrl\":\"https:\\\/\\\/www.11onze.cat\\\/wp-content\\\/uploads\\\/2022\\\/05\\\/HEADER_AGENTS_DECK-300x300.jpg\",\"caption\":\"Equip Editorial\"},\"url\":\"https:\\\/\\\/www.11onze.cat\\\/es\\\/magazine\\\/author\\\/equip-editorial-11onze\\\/\"}]}<\/script>\n<!-- \/ Yoast SEO plugin. -->","yoast_head_json":{"title":"Jaque del BCE a las econom\u00edas m\u00e1s fr\u00e1giles - 11Onze","description":"Las econom\u00edas m\u00e1s endeudadas de la Uni\u00f3n Europea pueden ser v\u00edctimas colaterales de la lucha del Banco Central Europeo contra la inflaci\u00f3n.","robots":{"index":"index","follow":"follow","max-snippet":"max-snippet:-1","max-image-preview":"max-image-preview:large","max-video-preview":"max-video-preview:-1"},"canonical":"https:\/\/www.11onze.cat\/es\/magazine\/jaque-bce-economias-fragiles\/","og_locale":"es_ES","og_type":"article","og_title":"Jaque del BCE a las econom\u00edas m\u00e1s fr\u00e1giles - 11Onze","og_description":"Las econom\u00edas m\u00e1s endeudadas de la Uni\u00f3n Europea pueden ser v\u00edctimas colaterales de la lucha del Banco Central Europeo contra la inflaci\u00f3n.","og_url":"https:\/\/www.11onze.cat\/es\/magazine\/jaque-bce-economias-fragiles\/","og_site_name":"11Onze","article_publisher":"https:\/\/www.facebook.com\/11OnzeComunitat","article_published_time":"2022-03-23T20:00:00+00:00","article_modified_time":"2022-03-24T08:28:29+00:00","og_image":[{"url":"https:\/\/www.11onze.cat\/wp-content\/uploads\/2022\/03\/11ONZE_FINAL_ESTIMULS_BCE-800x450.png","type":"","width":"","height":""}],"author":"Equip Editorial","twitter_card":"summary_large_image","twitter_title":"Jaque del BCE a las econom\u00edas m\u00e1s fr\u00e1giles - 11Onze","twitter_description":"Las econom\u00edas m\u00e1s endeudadas de la Uni\u00f3n Europea pueden ser v\u00edctimas colaterales de la lucha del Banco Central Europeo contra la inflaci\u00f3n.","twitter_image":"https:\/\/www.11onze.cat\/wp-content\/uploads\/2022\/03\/11ONZE_FINAL_ESTIMULS_BCE-800x450.png","twitter_creator":"@11OnzeFintech","twitter_site":"@11OnzeFintech","twitter_misc":{"Escrito por":"Equip Editorial"},"schema":{"@context":"https:\/\/schema.org","@graph":[{"@type":"Article","@id":"https:\/\/www.11onze.cat\/es\/magazine\/jaque-bce-economias-fragiles\/#article","isPartOf":{"@id":"https:\/\/www.11onze.cat\/es\/magazine\/jaque-bce-economias-fragiles\/"},"author":{"name":"Equip Editorial","@id":"https:\/\/www.11onze.cat\/es\/#\/schema\/person\/636d99b4c82bb7178687ecd43c3a61bd"},"headline":"Jaque del BCE a las econom\u00edas m\u00e1s fr\u00e1giles","datePublished":"2022-03-23T20:00:00+00:00","dateModified":"2022-03-24T08:28:29+00:00","mainEntityOfPage":{"@id":"https:\/\/www.11onze.cat\/es\/magazine\/jaque-bce-economias-fragiles\/"},"wordCount":11,"commentCount":0,"publisher":{"@id":"https:\/\/www.11onze.cat\/es\/#organization"},"image":{"@id":"https:\/\/www.11onze.cat\/es\/magazine\/jaque-bce-economias-fragiles\/#primaryimage"},"thumbnailUrl":"https:\/\/www.11onze.cat\/wp-content\/uploads\/2022\/03\/THUMBNAIL_FINAL_ESTIMULS_BCE.jpg","keywords":["Econom\u00eda"],"articleSection":["Sin categorizar"],"inLanguage":"es","potentialAction":[{"@type":"CommentAction","name":"Comment","target":["https:\/\/www.11onze.cat\/es\/magazine\/jaque-bce-economias-fragiles\/#respond"]}]},{"@type":"WebPage","@id":"https:\/\/www.11onze.cat\/es\/magazine\/jaque-bce-economias-fragiles\/","url":"https:\/\/www.11onze.cat\/es\/magazine\/jaque-bce-economias-fragiles\/","name":"Jaque del BCE a las econom\u00edas m\u00e1s fr\u00e1giles - 11Onze","isPartOf":{"@id":"https:\/\/www.11onze.cat\/es\/#website"},"primaryImageOfPage":{"@id":"https:\/\/www.11onze.cat\/es\/magazine\/jaque-bce-economias-fragiles\/#primaryimage"},"image":{"@id":"https:\/\/www.11onze.cat\/es\/magazine\/jaque-bce-economias-fragiles\/#primaryimage"},"thumbnailUrl":"https:\/\/www.11onze.cat\/wp-content\/uploads\/2022\/03\/THUMBNAIL_FINAL_ESTIMULS_BCE.jpg","datePublished":"2022-03-23T20:00:00+00:00","dateModified":"2022-03-24T08:28:29+00:00","description":"Las econom\u00edas m\u00e1s endeudadas de la Uni\u00f3n Europea pueden ser v\u00edctimas colaterales de la lucha del Banco Central Europeo contra la inflaci\u00f3n.","breadcrumb":{"@id":"https:\/\/www.11onze.cat\/es\/magazine\/jaque-bce-economias-fragiles\/#breadcrumb"},"inLanguage":"es","potentialAction":[{"@type":"ReadAction","target":["https:\/\/www.11onze.cat\/es\/magazine\/jaque-bce-economias-fragiles\/"]}]},{"@type":"ImageObject","inLanguage":"es","@id":"https:\/\/www.11onze.cat\/es\/magazine\/jaque-bce-economias-fragiles\/#primaryimage","url":"https:\/\/www.11onze.cat\/wp-content\/uploads\/2022\/03\/THUMBNAIL_FINAL_ESTIMULS_BCE.jpg","contentUrl":"https:\/\/www.11onze.cat\/wp-content\/uploads\/2022\/03\/THUMBNAIL_FINAL_ESTIMULS_BCE.jpg","width":750,"height":562},{"@type":"BreadcrumbList","@id":"https:\/\/www.11onze.cat\/es\/magazine\/jaque-bce-economias-fragiles\/#breadcrumb","itemListElement":[{"@type":"ListItem","position":1,"name":"Home","item":"https:\/\/www.11onze.cat\/es\/"},{"@type":"ListItem","position":2,"name":"Jaque del BCE a las econom\u00edas m\u00e1s fr\u00e1giles"}]},{"@type":"WebSite","@id":"https:\/\/www.11onze.cat\/es\/#website","url":"https:\/\/www.11onze.cat\/es\/","name":"11Onze","description":"Primera comunidad fintech digital en Catalu\u00f1a","publisher":{"@id":"https:\/\/www.11onze.cat\/es\/#organization"},"potentialAction":[{"@type":"SearchAction","target":{"@type":"EntryPoint","urlTemplate":"https:\/\/www.11onze.cat\/es\/?s={search_term_string}"},"query-input":{"@type":"PropertyValueSpecification","valueRequired":true,"valueName":"search_term_string"}}],"inLanguage":"es"},{"@type":"Organization","@id":"https:\/\/www.11onze.cat\/es\/#organization","name":"11Onze","url":"https:\/\/www.11onze.cat\/es\/","logo":{"@type":"ImageObject","inLanguage":"es","@id":"https:\/\/www.11onze.cat\/es\/#\/schema\/logo\/image\/","url":"https:\/\/www.11onze.cat\/wp-content\/uploads\/2021\/04\/512x512-11Onze.jpg","contentUrl":"https:\/\/www.11onze.cat\/wp-content\/uploads\/2021\/04\/512x512-11Onze.jpg","width":512,"height":512,"caption":"11Onze"},"image":{"@id":"https:\/\/www.11onze.cat\/es\/#\/schema\/logo\/image\/"},"sameAs":["https:\/\/www.facebook.com\/11OnzeComunitat","https:\/\/x.com\/11OnzeFintech","https:\/\/www.instagram.com\/11onzecat\/","https:\/\/www.linkedin.com\/company\/11onzebanc","https:\/\/www.youtube.com\/channel\/UCz63R8Byd_kBKtK2M4Qf_7w"]},{"@type":"Person","@id":"https:\/\/www.11onze.cat\/es\/#\/schema\/person\/636d99b4c82bb7178687ecd43c3a61bd","name":"Equip Editorial","image":{"@type":"ImageObject","inLanguage":"es","@id":"https:\/\/www.11onze.cat\/wp-content\/uploads\/2022\/05\/HEADER_AGENTS_DECK-300x300.jpg","url":"https:\/\/www.11onze.cat\/wp-content\/uploads\/2022\/05\/HEADER_AGENTS_DECK-300x300.jpg","contentUrl":"https:\/\/www.11onze.cat\/wp-content\/uploads\/2022\/05\/HEADER_AGENTS_DECK-300x300.jpg","caption":"Equip Editorial"},"url":"https:\/\/www.11onze.cat\/es\/magazine\/author\/equip-editorial-11onze\/"}]}},"_links":{"self":[{"href":"https:\/\/www.11onze.cat\/es\/wp-json\/wp\/v2\/posts\/28494","targetHints":{"allow":["GET"]}}],"collection":[{"href":"https:\/\/www.11onze.cat\/es\/wp-json\/wp\/v2\/posts"}],"about":[{"href":"https:\/\/www.11onze.cat\/es\/wp-json\/wp\/v2\/types\/post"}],"author":[{"embeddable":true,"href":"https:\/\/www.11onze.cat\/es\/wp-json\/wp\/v2\/users\/71"}],"replies":[{"embeddable":true,"href":"https:\/\/www.11onze.cat\/es\/wp-json\/wp\/v2\/comments?post=28494"}],"version-history":[{"count":0,"href":"https:\/\/www.11onze.cat\/es\/wp-json\/wp\/v2\/posts\/28494\/revisions"}],"wp:featuredmedia":[{"embeddable":true,"href":"https:\/\/www.11onze.cat\/es\/wp-json\/wp\/v2\/media\/28475"}],"wp:attachment":[{"href":"https:\/\/www.11onze.cat\/es\/wp-json\/wp\/v2\/media?parent=28494"}],"wp:term":[{"taxonomy":"category","embeddable":true,"href":"https:\/\/www.11onze.cat\/es\/wp-json\/wp\/v2\/categories?post=28494"},{"taxonomy":"post_tag","embeddable":true,"href":"https:\/\/www.11onze.cat\/es\/wp-json\/wp\/v2\/tags?post=28494"}],"curies":[{"name":"wp","href":"https:\/\/api.w.org\/{rel}","templated":true}]}}