{"id":27575,"date":"2022-03-06T21:00:00","date_gmt":"2022-03-06T20:00:00","guid":{"rendered":"https:\/\/www.11onze.cat\/?p=27575"},"modified":"2022-03-07T16:36:30","modified_gmt":"2022-03-07T15:36:30","slug":"tenemos-inflacion-mas-alta-30-anos","status":"publish","type":"post","link":"https:\/\/www.11onze.cat\/es\/magazine\/tenemos-inflacion-mas-alta-30-anos\/","title":{"rendered":"\u201cTenemos la inflaci\u00f3n m\u00e1s alta en 30 a\u00f1os\u201d"},"content":{"rendered":"<div class=\"component text\">\n  <div class=\"container\">\n\n\n    <div class=\"row\">\n      <div class=\"col  col-lg-8  offset-lg-2\">\n        <h3><b>La inflaci\u00f3n ya nos est\u00e1 afectando en nuestro d\u00eda a d\u00eda, pero el escenario empeorar\u00e1 todav\u00eda m\u00e1s por el conflicto en Ucrania. \u201cLa tasa del IPC de febrero se ha cerrado con un 7,4%, y todas las previsiones alertan que la cifra ir\u00e1 \u2018in crescendo\u2019\u201d, avisa Sandra Molas, responsable de alianzas estrategias de 11Onze, en un nuevo episodio de L\u2019Estat de la Naci\u00f3. En este contexto, \u00bfqu\u00e9 puede hacer la ciudadan\u00eda corriente?<\/b><\/h3>\n<p>&nbsp;<\/p>\n<p><span style=\"font-weight: 400;\">\u201c<\/span><b>Este 10 de marzo veremos qu\u00e9 decide el Banco Central Europeo sobre los tipos de inter\u00e9s, y cu\u00e1nto prev\u00e9 que subir\u00e1 la inflaci\u00f3n<\/b><span style=\"font-weight: 400;\">\u201d, explica la responsable de alianzas estrat\u00e9gicas. La tasa del 7,4% es la cifra m\u00e1s alta en 30 a\u00f1os en el Estado espa\u00f1ol, concretamente desde el a\u00f1o 1989. \u201cEn Europa la cifra no es que est\u00e9 mucho mejor, es de un 5,8%, el \u00edndice m\u00e1s alto desde la creaci\u00f3n del euro\u201d, denuncia.<\/span><\/p>\n<p><span style=\"font-weight: 400;\">Para afrontar este contexto, Molas explica que <\/span><b>en 11Onze se est\u00e1n dando muchas herramientas para una mejor gesti\u00f3n de los ahorros<\/b><span style=\"font-weight: 400;\">. \u201cEst\u00e1 claro que, con una inflaci\u00f3n como la que tenemos, si no mueves los ahorros de la una cuenta corriente, pierden valor\u201d, resume. Por eso, unas de las opciones que la fincom est\u00e1 ofreciendo a su comunidad es <\/span><b>la compra de oro como valor refugio con <\/b><a href=\"https:\/\/www.11onze.cat\/es\/preciosos-11onze\/\" target=\"_blank\" rel=\"noopener\"><b>Preciosos 11Onze<\/b><\/a><span style=\"font-weight: 400;\">.\u00a0<\/span><\/p>\n<p>&nbsp;<\/p>\n<h3><b>Afrontar la subida de precios sin ahorros<\/b><\/h3>\n<p><span style=\"font-weight: 400;\">Pero, <\/span><b>\u00bfqu\u00e9 pasa con toda aquella ciudadan\u00eda que no tiene ni siquiera ahorros y que debe afrontar una subida de precios sin precedentes? <\/b><span style=\"font-weight: 400;\">\u201cEntonces nos tenemos que plantear maneras de reducir el gasto. Y nosotros recomendamos empezar a analizar el gasto fijo\u201d, avisa la responsable de alianzas estrat\u00e9gicas.<\/span><\/p>\n<p><span style=\"font-weight: 400;\">\u201c<\/span><b>El gasto fijo re\u00fane el contrato de la luz, el gas, el agua, la vivienda\u2026 Puedes empezar a estudiar si otra compa\u00f1\u00eda te permite gastar menos dinero<\/b><span style=\"font-weight: 400;\">. Y esto es una cosa que se puede hacer en un plazo medio. A corto, tambi\u00e9n puedes mirar de controlar el gasto familiar con las compras diarias. Quiz\u00e1s ahorrar 20 c\u00e9ntimos puede parecer una tonter\u00eda, pero en el contexto actual s\u00ed nos viene de aqu\u00ed\u201d, explica Molas.<\/span><\/p>\n<p><b>Otra clave para controlar el gasto es aliarse con una comunidad. <\/b><span style=\"font-weight: 400;\">\u201cTal y como hemos hecho con Preciosos 11Onze, que, por el hecho de ser una comunidad, podemos negociar un mejor precio, tambi\u00e9n esperamos ofrecer en La Pla\u00e7a otros servicios y productos que permitan a nuestra comunidad ahorrar\u201d, detalla la responsable de alianzas estrat\u00e9gicas.\u00a0<\/span><\/p>\n<p>&nbsp;<\/p>\n<h3><b>La presencia de las mujeres en las finanzas<\/b><\/h3>\n<p><span style=\"font-weight: 400;\">A las puertas del 8-M, el D\u00eda de la Mujer, <\/span><b>Molas ha aprovechado para reclamar que haya m\u00e1s presencia de mujeres en el mundo financiero<\/b><span style=\"font-weight: 400;\">. \u201cLo primero que te encuentras cuando buscas la palabra \u2018dinero\u2019 en Google son hombres con chaqueta y corbata. Son ellos quienes gestionan, quienes ostentan el poder\u201d, alerta Molas. La responsable de alianzas estrat\u00e9gicas considera que, en un contexto geopol\u00edtico y econ\u00f3mico de crisis como el que estamos viviendo, debemos apostar de una vez por todas por los liderazgos en femenino.<\/span><\/p>\n\n      <\/div>\n    <\/div>\n  <\/div>\n<\/div>\n\n\n<div class=\"component gallery\">\n  <div class=\"container\">\n    <div class=\"row\">\n      <div class=\"col col-lg-10 offset-lg-1\">\n        <div id=\"slider\" class=\"carousel slide\">\n          <div class=\"carousel-inner\">\n            <div class=\"carousel-item active video-player inline-player\" data-video-id=\"6299864259001\">\n              <img decoding=\"async\" class=\"d-block w-100\" src=\"https:\/\/www.11onze.cat\/wp-content\/uploads\/2022\/03\/THUMBNAIL_ESTAT_NACIO_SANDRA_2.jpg\" alt=\"\">\n              <button type=\"button\" class=\"play\"><\/button>\n              <div class=\"carousel-caption\">\n                <p>\u00abTenemos que aprender a reducir gastos\u00bb<\/p>\n              <\/div>\n            <\/div>\n          <\/div>\n        <\/div>\n      <\/div>\n    <\/div>\n  <\/div>\n<\/div>\n\n<div class=\"component text\">\n  <div class=\"container\">\n\n\n    <div class=\"row\">\n      <div class=\"col  col-lg-8  offset-lg-2\">\n        <p><b>11Onze es la comunidad fintech de Catalu\u00f1a. Abre una cuenta descargando la super app El Canut en <\/b><a href=\"https:\/\/bit.ly\/2YlbZAf\" target=\"_blank\" rel=\"noopener\"><b>Android<\/b><\/a><b> y <\/b><a href=\"https:\/\/bit.ly\/Onze-IOS\" target=\"_blank\" rel=\"noopener\"><b>Apple<\/b><\/a><b>. \u00a1\u00danete a la revoluci\u00f3n!<\/b><\/p>\n\n      <\/div>\n    <\/div>\n  <\/div>\n<\/div>\n\n\n<div class=\"component cards\">\n  <div class=\"container\">\n    <div class=\"row\">\n      <div class=\"col col-xl-8 offset-xl-2\">\n        <h1>Si te ha gustado este art\u00edculo, te recomendamos:<\/h1>\n        <div class=\"cards__wrapper\">\n          <div class=\"card\">\n            <a href=\"https:\/\/www.11onze.cat\/es\/magazine\/reacciona-oro-grandes-crisis\/\" class=\"card-link\" target=\"_self\"><\/a>\n            <div class=\"card-img\">\n              <img decoding=\"async\" src=\"https:\/\/www.11onze.cat\/wp-content\/uploads\/2022\/03\/THUMBNAIL_APRENDRE_TUTORIAL_OR-800x500.png\" class=\"card-img-top\" alt=\"\">\n                <span class=\"card-category\">Ahorros<\/span>\n            <\/div>\n            <div class=\"card-body\">\n              <p class=\"card-title p2\"><strong>\u00bfC\u00f3mo reacciona el oro en las grandes crisis?<\/strong><\/p>\n              <span class=\"card-time\">2min lectura<\/span>\n              <p class=\"card-text small\">El oro f\u00edsico es considerado un valor refugio no porque lo<\/p>\n            <\/div>\n          <\/div>\n\n\n          <div class=\"card\">\n            <a href=\"https:\/\/www.11onze.cat\/es\/magazine\/proteger-nuestros-ahorros-oro\/\" class=\"card-link\" target=\"_self\"><\/a>\n            <div class=\"card-img\">\n              <img decoding=\"async\" src=\"https:\/\/www.11onze.cat\/wp-content\/uploads\/2022\/02\/THUMBNAIL_ESTAT_NACIO_JORDI_SANCHEZ-800x445.jpg\" class=\"card-img-top\" alt=\"\">\n                <span class=\"card-category\">11Onze<\/span>\n            <\/div>\n            <div class=\"card-body\">\n              <p class=\"card-title p2\"><strong>Proteger nuestros ahorros con oro<\/strong><\/p>\n              <span class=\"card-time\">2min lectura<\/span>\n              <p class=\"card-text small\">Nos encontramos en un momento de incertidumbre<\/p>\n            <\/div>\n          <\/div>\n\n\n          <div class=\"card\">\n            <a href=\"https:\/\/www.11onze.cat\/es\/magazine\/inflacion-atenaza-como-definirla\/\" class=\"card-link\" target=\"_self\"><\/a>\n            <div class=\"card-img\">\n              <img decoding=\"async\" src=\"https:\/\/www.11onze.cat\/wp-content\/uploads\/2022\/02\/THUMBNAIL_INFLACIO_ENEMIGA_NOSTRES_ESTALVIS-800x533.jpg\" class=\"card-img-top\" alt=\"\">\n                <span class=\"card-category\">Ahorros<\/span>\n            <\/div>\n            <div class=\"card-body\">\n              <p class=\"card-title p2\"><strong>La inflaci\u00f3n que nos atenaza<\/strong><\/p>\n              <span class=\"card-time\">2min lectura<\/span>\n              <p class=\"card-text small\">La inflaci\u00f3n es una palabra que se ha colado en nuestro d\u00eda a<\/p>\n            <\/div>\n          <\/div>\n\n              <\/div>\n              <br>\n              <br>\n              <div class=\"cards__wrapper\">\n\n        <\/div>\n      <\/div>\n    <\/div>\n  <\/div>\n<\/div>","protected":false},"excerpt":{"rendered":"","protected":false},"author":71,"featured_media":27545,"comment_status":"open","ping_status":"closed","sticky":false,"template":"","format":"standard","meta":{"_acf_changed":false,"content-type":"","footnotes":""},"categories":[28],"tags":[189],"class_list":["post-27575","post","type-post","status-publish","format-standard","has-post-thumbnail","hentry","category-sin-categorizar","tag-11onze-es"],"acf":[],"yoast_head":"<!-- This site is optimized with the Yoast SEO plugin v27.5 - https:\/\/yoast.com\/product\/yoast-seo-wordpress\/ -->\n<title>\u201cTenemos la inflaci\u00f3n m\u00e1s alta en 30 a\u00f1os\u201d - 11Onze<\/title>\n<meta name=\"description\" content=\"Sandra Molas, responsable de alianzas estrat\u00e9gicas de 11Onze, explica c\u00f3mo la gente corriente puede combatir una inflaci\u00f3n r\u00e9cord del 7,4%.\" \/>\n<meta name=\"robots\" content=\"index, follow, max-snippet:-1, max-image-preview:large, max-video-preview:-1\" \/>\n<link rel=\"canonical\" href=\"https:\/\/www.11onze.cat\/es\/magazine\/tenemos-inflacion-mas-alta-30-anos\/\" \/>\n<meta property=\"og:locale\" content=\"es_ES\" \/>\n<meta property=\"og:type\" content=\"article\" \/>\n<meta property=\"og:title\" content=\"\u201cTenemos la inflaci\u00f3n m\u00e1s alta en 30 a\u00f1os\u201d - 11Onze\" \/>\n<meta property=\"og:description\" content=\"Sandra Molas, responsable de alianzas estrat\u00e9gicas de 11Onze, explica c\u00f3mo la gente corriente puede combatir una inflaci\u00f3n r\u00e9cord del 7,4%.\" \/>\n<meta property=\"og:url\" content=\"https:\/\/www.11onze.cat\/es\/magazine\/tenemos-inflacion-mas-alta-30-anos\/\" \/>\n<meta property=\"og:site_name\" content=\"11Onze\" \/>\n<meta property=\"article:publisher\" content=\"https:\/\/www.facebook.com\/11OnzeComunitat\" \/>\n<meta property=\"article:published_time\" content=\"2022-03-06T20:00:00+00:00\" \/>\n<meta property=\"article:modified_time\" content=\"2022-03-07T15:36:30+00:00\" \/>\n<meta property=\"og:image\" content=\"https:\/\/www.11onze.cat\/wp-content\/uploads\/2022\/03\/11ONZE_ESTAT_DE_LA_NACIO_SANDRA_MOLAS-800x450.jpg\" \/>\n<meta name=\"author\" content=\"Equip Editorial\" \/>\n<meta name=\"twitter:card\" content=\"summary_large_image\" \/>\n<meta name=\"twitter:title\" content=\"\u201cTenemos la inflaci\u00f3n m\u00e1s alta en 30 a\u00f1os\u201d - 11Onze\" \/>\n<meta name=\"twitter:description\" content=\"Sandra Molas, responsable de alianzas estrat\u00e9gicas de 11Onze, explica c\u00f3mo la gente corriente puede combatir una inflaci\u00f3n r\u00e9cord del 7,4%.\" \/>\n<meta name=\"twitter:image\" content=\"https:\/\/www.11onze.cat\/wp-content\/uploads\/2022\/03\/11ONZE_ESTAT_DE_LA_NACIO_SANDRA_MOLAS-800x450.jpg\" \/>\n<meta name=\"twitter:creator\" content=\"@11OnzeFintech\" \/>\n<meta name=\"twitter:site\" content=\"@11OnzeFintech\" \/>\n<meta name=\"twitter:label1\" content=\"Escrito por\" \/>\n\t<meta name=\"twitter:data1\" content=\"Equip Editorial\" \/>\n<script type=\"application\/ld+json\" class=\"yoast-schema-graph\">{\"@context\":\"https:\\\/\\\/schema.org\",\"@graph\":[{\"@type\":\"Article\",\"@id\":\"https:\\\/\\\/www.11onze.cat\\\/es\\\/magazine\\\/tenemos-inflacion-mas-alta-30-anos\\\/#article\",\"isPartOf\":{\"@id\":\"https:\\\/\\\/www.11onze.cat\\\/es\\\/magazine\\\/tenemos-inflacion-mas-alta-30-anos\\\/\"},\"author\":{\"name\":\"Equip Editorial\",\"@id\":\"https:\\\/\\\/www.11onze.cat\\\/es\\\/#\\\/schema\\\/person\\\/636d99b4c82bb7178687ecd43c3a61bd\"},\"headline\":\"\u201cTenemos la inflaci\u00f3n m\u00e1s alta en 30 a\u00f1os\u201d\",\"datePublished\":\"2022-03-06T20:00:00+00:00\",\"dateModified\":\"2022-03-07T15:36:30+00:00\",\"mainEntityOfPage\":{\"@id\":\"https:\\\/\\\/www.11onze.cat\\\/es\\\/magazine\\\/tenemos-inflacion-mas-alta-30-anos\\\/\"},\"wordCount\":10,\"commentCount\":0,\"publisher\":{\"@id\":\"https:\\\/\\\/www.11onze.cat\\\/es\\\/#organization\"},\"image\":{\"@id\":\"https:\\\/\\\/www.11onze.cat\\\/es\\\/magazine\\\/tenemos-inflacion-mas-alta-30-anos\\\/#primaryimage\"},\"thumbnailUrl\":\"https:\\\/\\\/www.11onze.cat\\\/wp-content\\\/uploads\\\/2022\\\/03\\\/THUMBNAIL_ESTAT_NACIO_SANDRA_2.jpg\",\"keywords\":[\"11Onze\"],\"articleSection\":[\"Sin categorizar\"],\"inLanguage\":\"es\",\"potentialAction\":[{\"@type\":\"CommentAction\",\"name\":\"Comment\",\"target\":[\"https:\\\/\\\/www.11onze.cat\\\/es\\\/magazine\\\/tenemos-inflacion-mas-alta-30-anos\\\/#respond\"]}]},{\"@type\":\"WebPage\",\"@id\":\"https:\\\/\\\/www.11onze.cat\\\/es\\\/magazine\\\/tenemos-inflacion-mas-alta-30-anos\\\/\",\"url\":\"https:\\\/\\\/www.11onze.cat\\\/es\\\/magazine\\\/tenemos-inflacion-mas-alta-30-anos\\\/\",\"name\":\"\u201cTenemos la inflaci\u00f3n m\u00e1s alta en 30 a\u00f1os\u201d - 11Onze\",\"isPartOf\":{\"@id\":\"https:\\\/\\\/www.11onze.cat\\\/es\\\/#website\"},\"primaryImageOfPage\":{\"@id\":\"https:\\\/\\\/www.11onze.cat\\\/es\\\/magazine\\\/tenemos-inflacion-mas-alta-30-anos\\\/#primaryimage\"},\"image\":{\"@id\":\"https:\\\/\\\/www.11onze.cat\\\/es\\\/magazine\\\/tenemos-inflacion-mas-alta-30-anos\\\/#primaryimage\"},\"thumbnailUrl\":\"https:\\\/\\\/www.11onze.cat\\\/wp-content\\\/uploads\\\/2022\\\/03\\\/THUMBNAIL_ESTAT_NACIO_SANDRA_2.jpg\",\"datePublished\":\"2022-03-06T20:00:00+00:00\",\"dateModified\":\"2022-03-07T15:36:30+00:00\",\"description\":\"Sandra Molas, responsable de alianzas estrat\u00e9gicas de 11Onze, explica c\u00f3mo la gente corriente puede combatir una inflaci\u00f3n r\u00e9cord del 7,4%.\",\"breadcrumb\":{\"@id\":\"https:\\\/\\\/www.11onze.cat\\\/es\\\/magazine\\\/tenemos-inflacion-mas-alta-30-anos\\\/#breadcrumb\"},\"inLanguage\":\"es\",\"potentialAction\":[{\"@type\":\"ReadAction\",\"target\":[\"https:\\\/\\\/www.11onze.cat\\\/es\\\/magazine\\\/tenemos-inflacion-mas-alta-30-anos\\\/\"]}]},{\"@type\":\"ImageObject\",\"inLanguage\":\"es\",\"@id\":\"https:\\\/\\\/www.11onze.cat\\\/es\\\/magazine\\\/tenemos-inflacion-mas-alta-30-anos\\\/#primaryimage\",\"url\":\"https:\\\/\\\/www.11onze.cat\\\/wp-content\\\/uploads\\\/2022\\\/03\\\/THUMBNAIL_ESTAT_NACIO_SANDRA_2.jpg\",\"contentUrl\":\"https:\\\/\\\/www.11onze.cat\\\/wp-content\\\/uploads\\\/2022\\\/03\\\/THUMBNAIL_ESTAT_NACIO_SANDRA_2.jpg\",\"width\":1500,\"height\":807},{\"@type\":\"BreadcrumbList\",\"@id\":\"https:\\\/\\\/www.11onze.cat\\\/es\\\/magazine\\\/tenemos-inflacion-mas-alta-30-anos\\\/#breadcrumb\",\"itemListElement\":[{\"@type\":\"ListItem\",\"position\":1,\"name\":\"Home\",\"item\":\"https:\\\/\\\/www.11onze.cat\\\/es\\\/\"},{\"@type\":\"ListItem\",\"position\":2,\"name\":\"\u201cTenemos la inflaci\u00f3n m\u00e1s alta en 30 a\u00f1os\u201d\"}]},{\"@type\":\"WebSite\",\"@id\":\"https:\\\/\\\/www.11onze.cat\\\/es\\\/#website\",\"url\":\"https:\\\/\\\/www.11onze.cat\\\/es\\\/\",\"name\":\"11Onze\",\"description\":\"Primera comunidad fintech digital en Catalu\u00f1a\",\"publisher\":{\"@id\":\"https:\\\/\\\/www.11onze.cat\\\/es\\\/#organization\"},\"potentialAction\":[{\"@type\":\"SearchAction\",\"target\":{\"@type\":\"EntryPoint\",\"urlTemplate\":\"https:\\\/\\\/www.11onze.cat\\\/es\\\/?s={search_term_string}\"},\"query-input\":{\"@type\":\"PropertyValueSpecification\",\"valueRequired\":true,\"valueName\":\"search_term_string\"}}],\"inLanguage\":\"es\"},{\"@type\":\"Organization\",\"@id\":\"https:\\\/\\\/www.11onze.cat\\\/es\\\/#organization\",\"name\":\"11Onze\",\"url\":\"https:\\\/\\\/www.11onze.cat\\\/es\\\/\",\"logo\":{\"@type\":\"ImageObject\",\"inLanguage\":\"es\",\"@id\":\"https:\\\/\\\/www.11onze.cat\\\/es\\\/#\\\/schema\\\/logo\\\/image\\\/\",\"url\":\"https:\\\/\\\/www.11onze.cat\\\/wp-content\\\/uploads\\\/2021\\\/04\\\/512x512-11Onze.jpg\",\"contentUrl\":\"https:\\\/\\\/www.11onze.cat\\\/wp-content\\\/uploads\\\/2021\\\/04\\\/512x512-11Onze.jpg\",\"width\":512,\"height\":512,\"caption\":\"11Onze\"},\"image\":{\"@id\":\"https:\\\/\\\/www.11onze.cat\\\/es\\\/#\\\/schema\\\/logo\\\/image\\\/\"},\"sameAs\":[\"https:\\\/\\\/www.facebook.com\\\/11OnzeComunitat\",\"https:\\\/\\\/x.com\\\/11OnzeFintech\",\"https:\\\/\\\/www.instagram.com\\\/11onzecat\\\/\",\"https:\\\/\\\/www.linkedin.com\\\/company\\\/11onzebanc\",\"https:\\\/\\\/www.youtube.com\\\/channel\\\/UCz63R8Byd_kBKtK2M4Qf_7w\"]},{\"@type\":\"Person\",\"@id\":\"https:\\\/\\\/www.11onze.cat\\\/es\\\/#\\\/schema\\\/person\\\/636d99b4c82bb7178687ecd43c3a61bd\",\"name\":\"Equip Editorial\",\"image\":{\"@type\":\"ImageObject\",\"inLanguage\":\"es\",\"@id\":\"https:\\\/\\\/www.11onze.cat\\\/wp-content\\\/uploads\\\/2022\\\/05\\\/HEADER_AGENTS_DECK-300x300.jpg\",\"url\":\"https:\\\/\\\/www.11onze.cat\\\/wp-content\\\/uploads\\\/2022\\\/05\\\/HEADER_AGENTS_DECK-300x300.jpg\",\"contentUrl\":\"https:\\\/\\\/www.11onze.cat\\\/wp-content\\\/uploads\\\/2022\\\/05\\\/HEADER_AGENTS_DECK-300x300.jpg\",\"caption\":\"Equip Editorial\"},\"url\":\"https:\\\/\\\/www.11onze.cat\\\/es\\\/magazine\\\/author\\\/equip-editorial-11onze\\\/\"}]}<\/script>\n<!-- \/ Yoast SEO plugin. -->","yoast_head_json":{"title":"\u201cTenemos la inflaci\u00f3n m\u00e1s alta en 30 a\u00f1os\u201d - 11Onze","description":"Sandra Molas, responsable de alianzas estrat\u00e9gicas de 11Onze, explica c\u00f3mo la gente corriente puede combatir una inflaci\u00f3n r\u00e9cord del 7,4%.","robots":{"index":"index","follow":"follow","max-snippet":"max-snippet:-1","max-image-preview":"max-image-preview:large","max-video-preview":"max-video-preview:-1"},"canonical":"https:\/\/www.11onze.cat\/es\/magazine\/tenemos-inflacion-mas-alta-30-anos\/","og_locale":"es_ES","og_type":"article","og_title":"\u201cTenemos la inflaci\u00f3n m\u00e1s alta en 30 a\u00f1os\u201d - 11Onze","og_description":"Sandra Molas, responsable de alianzas estrat\u00e9gicas de 11Onze, explica c\u00f3mo la gente corriente puede combatir una inflaci\u00f3n r\u00e9cord del 7,4%.","og_url":"https:\/\/www.11onze.cat\/es\/magazine\/tenemos-inflacion-mas-alta-30-anos\/","og_site_name":"11Onze","article_publisher":"https:\/\/www.facebook.com\/11OnzeComunitat","article_published_time":"2022-03-06T20:00:00+00:00","article_modified_time":"2022-03-07T15:36:30+00:00","og_image":[{"url":"https:\/\/www.11onze.cat\/wp-content\/uploads\/2022\/03\/11ONZE_ESTAT_DE_LA_NACIO_SANDRA_MOLAS-800x450.jpg","type":"","width":"","height":""}],"author":"Equip Editorial","twitter_card":"summary_large_image","twitter_title":"\u201cTenemos la inflaci\u00f3n m\u00e1s alta en 30 a\u00f1os\u201d - 11Onze","twitter_description":"Sandra Molas, responsable de alianzas estrat\u00e9gicas de 11Onze, explica c\u00f3mo la gente corriente puede combatir una inflaci\u00f3n r\u00e9cord del 7,4%.","twitter_image":"https:\/\/www.11onze.cat\/wp-content\/uploads\/2022\/03\/11ONZE_ESTAT_DE_LA_NACIO_SANDRA_MOLAS-800x450.jpg","twitter_creator":"@11OnzeFintech","twitter_site":"@11OnzeFintech","twitter_misc":{"Escrito por":"Equip Editorial"},"schema":{"@context":"https:\/\/schema.org","@graph":[{"@type":"Article","@id":"https:\/\/www.11onze.cat\/es\/magazine\/tenemos-inflacion-mas-alta-30-anos\/#article","isPartOf":{"@id":"https:\/\/www.11onze.cat\/es\/magazine\/tenemos-inflacion-mas-alta-30-anos\/"},"author":{"name":"Equip Editorial","@id":"https:\/\/www.11onze.cat\/es\/#\/schema\/person\/636d99b4c82bb7178687ecd43c3a61bd"},"headline":"\u201cTenemos la inflaci\u00f3n m\u00e1s alta en 30 a\u00f1os\u201d","datePublished":"2022-03-06T20:00:00+00:00","dateModified":"2022-03-07T15:36:30+00:00","mainEntityOfPage":{"@id":"https:\/\/www.11onze.cat\/es\/magazine\/tenemos-inflacion-mas-alta-30-anos\/"},"wordCount":10,"commentCount":0,"publisher":{"@id":"https:\/\/www.11onze.cat\/es\/#organization"},"image":{"@id":"https:\/\/www.11onze.cat\/es\/magazine\/tenemos-inflacion-mas-alta-30-anos\/#primaryimage"},"thumbnailUrl":"https:\/\/www.11onze.cat\/wp-content\/uploads\/2022\/03\/THUMBNAIL_ESTAT_NACIO_SANDRA_2.jpg","keywords":["11Onze"],"articleSection":["Sin categorizar"],"inLanguage":"es","potentialAction":[{"@type":"CommentAction","name":"Comment","target":["https:\/\/www.11onze.cat\/es\/magazine\/tenemos-inflacion-mas-alta-30-anos\/#respond"]}]},{"@type":"WebPage","@id":"https:\/\/www.11onze.cat\/es\/magazine\/tenemos-inflacion-mas-alta-30-anos\/","url":"https:\/\/www.11onze.cat\/es\/magazine\/tenemos-inflacion-mas-alta-30-anos\/","name":"\u201cTenemos la inflaci\u00f3n m\u00e1s alta en 30 a\u00f1os\u201d - 11Onze","isPartOf":{"@id":"https:\/\/www.11onze.cat\/es\/#website"},"primaryImageOfPage":{"@id":"https:\/\/www.11onze.cat\/es\/magazine\/tenemos-inflacion-mas-alta-30-anos\/#primaryimage"},"image":{"@id":"https:\/\/www.11onze.cat\/es\/magazine\/tenemos-inflacion-mas-alta-30-anos\/#primaryimage"},"thumbnailUrl":"https:\/\/www.11onze.cat\/wp-content\/uploads\/2022\/03\/THUMBNAIL_ESTAT_NACIO_SANDRA_2.jpg","datePublished":"2022-03-06T20:00:00+00:00","dateModified":"2022-03-07T15:36:30+00:00","description":"Sandra Molas, responsable de alianzas estrat\u00e9gicas de 11Onze, explica c\u00f3mo la gente corriente puede combatir una inflaci\u00f3n r\u00e9cord del 7,4%.","breadcrumb":{"@id":"https:\/\/www.11onze.cat\/es\/magazine\/tenemos-inflacion-mas-alta-30-anos\/#breadcrumb"},"inLanguage":"es","potentialAction":[{"@type":"ReadAction","target":["https:\/\/www.11onze.cat\/es\/magazine\/tenemos-inflacion-mas-alta-30-anos\/"]}]},{"@type":"ImageObject","inLanguage":"es","@id":"https:\/\/www.11onze.cat\/es\/magazine\/tenemos-inflacion-mas-alta-30-anos\/#primaryimage","url":"https:\/\/www.11onze.cat\/wp-content\/uploads\/2022\/03\/THUMBNAIL_ESTAT_NACIO_SANDRA_2.jpg","contentUrl":"https:\/\/www.11onze.cat\/wp-content\/uploads\/2022\/03\/THUMBNAIL_ESTAT_NACIO_SANDRA_2.jpg","width":1500,"height":807},{"@type":"BreadcrumbList","@id":"https:\/\/www.11onze.cat\/es\/magazine\/tenemos-inflacion-mas-alta-30-anos\/#breadcrumb","itemListElement":[{"@type":"ListItem","position":1,"name":"Home","item":"https:\/\/www.11onze.cat\/es\/"},{"@type":"ListItem","position":2,"name":"\u201cTenemos la inflaci\u00f3n m\u00e1s alta en 30 a\u00f1os\u201d"}]},{"@type":"WebSite","@id":"https:\/\/www.11onze.cat\/es\/#website","url":"https:\/\/www.11onze.cat\/es\/","name":"11Onze","description":"Primera comunidad fintech digital en Catalu\u00f1a","publisher":{"@id":"https:\/\/www.11onze.cat\/es\/#organization"},"potentialAction":[{"@type":"SearchAction","target":{"@type":"EntryPoint","urlTemplate":"https:\/\/www.11onze.cat\/es\/?s={search_term_string}"},"query-input":{"@type":"PropertyValueSpecification","valueRequired":true,"valueName":"search_term_string"}}],"inLanguage":"es"},{"@type":"Organization","@id":"https:\/\/www.11onze.cat\/es\/#organization","name":"11Onze","url":"https:\/\/www.11onze.cat\/es\/","logo":{"@type":"ImageObject","inLanguage":"es","@id":"https:\/\/www.11onze.cat\/es\/#\/schema\/logo\/image\/","url":"https:\/\/www.11onze.cat\/wp-content\/uploads\/2021\/04\/512x512-11Onze.jpg","contentUrl":"https:\/\/www.11onze.cat\/wp-content\/uploads\/2021\/04\/512x512-11Onze.jpg","width":512,"height":512,"caption":"11Onze"},"image":{"@id":"https:\/\/www.11onze.cat\/es\/#\/schema\/logo\/image\/"},"sameAs":["https:\/\/www.facebook.com\/11OnzeComunitat","https:\/\/x.com\/11OnzeFintech","https:\/\/www.instagram.com\/11onzecat\/","https:\/\/www.linkedin.com\/company\/11onzebanc","https:\/\/www.youtube.com\/channel\/UCz63R8Byd_kBKtK2M4Qf_7w"]},{"@type":"Person","@id":"https:\/\/www.11onze.cat\/es\/#\/schema\/person\/636d99b4c82bb7178687ecd43c3a61bd","name":"Equip Editorial","image":{"@type":"ImageObject","inLanguage":"es","@id":"https:\/\/www.11onze.cat\/wp-content\/uploads\/2022\/05\/HEADER_AGENTS_DECK-300x300.jpg","url":"https:\/\/www.11onze.cat\/wp-content\/uploads\/2022\/05\/HEADER_AGENTS_DECK-300x300.jpg","contentUrl":"https:\/\/www.11onze.cat\/wp-content\/uploads\/2022\/05\/HEADER_AGENTS_DECK-300x300.jpg","caption":"Equip Editorial"},"url":"https:\/\/www.11onze.cat\/es\/magazine\/author\/equip-editorial-11onze\/"}]}},"_links":{"self":[{"href":"https:\/\/www.11onze.cat\/es\/wp-json\/wp\/v2\/posts\/27575","targetHints":{"allow":["GET"]}}],"collection":[{"href":"https:\/\/www.11onze.cat\/es\/wp-json\/wp\/v2\/posts"}],"about":[{"href":"https:\/\/www.11onze.cat\/es\/wp-json\/wp\/v2\/types\/post"}],"author":[{"embeddable":true,"href":"https:\/\/www.11onze.cat\/es\/wp-json\/wp\/v2\/users\/71"}],"replies":[{"embeddable":true,"href":"https:\/\/www.11onze.cat\/es\/wp-json\/wp\/v2\/comments?post=27575"}],"version-history":[{"count":0,"href":"https:\/\/www.11onze.cat\/es\/wp-json\/wp\/v2\/posts\/27575\/revisions"}],"wp:featuredmedia":[{"embeddable":true,"href":"https:\/\/www.11onze.cat\/es\/wp-json\/wp\/v2\/media\/27545"}],"wp:attachment":[{"href":"https:\/\/www.11onze.cat\/es\/wp-json\/wp\/v2\/media?parent=27575"}],"wp:term":[{"taxonomy":"category","embeddable":true,"href":"https:\/\/www.11onze.cat\/es\/wp-json\/wp\/v2\/categories?post=27575"},{"taxonomy":"post_tag","embeddable":true,"href":"https:\/\/www.11onze.cat\/es\/wp-json\/wp\/v2\/tags?post=27575"}],"curies":[{"name":"wp","href":"https:\/\/api.w.org\/{rel}","templated":true}]}}