{"id":24343,"date":"2022-01-12T21:00:00","date_gmt":"2022-01-12T20:00:00","guid":{"rendered":"https:\/\/www.11onze.cat\/?p=24343"},"modified":"2022-01-18T11:05:53","modified_gmt":"2022-01-18T10:05:53","slug":"2022-ano-gran-crisis","status":"publish","type":"post","link":"https:\/\/www.11onze.cat\/es\/magazine\/2022-ano-gran-crisis\/","title":{"rendered":"2022: el a\u00f1o de la gran crisis"},"content":{"rendered":"<div class=\"component text\">\n  <div class=\"container\">\n\n\n    <div class=\"row\">\n      <div class=\"col  col-lg-8  offset-lg-2\">\n        <h3><b>El escenario con el que nos encontraremos en 2022 puede dar miedo. Pero en la comunidad de 11Onze nos preparamos para afrontarlo. Hablamos con el presidente de 11Onze, James S\u00e8ne, del endeudamiento de los pa\u00edses, de la posible quiebra del sistema financiero internacional y de la superinflaci\u00f3n. \u00bfC\u00f3mo saldremos de esta? El 2022 ser\u00e1 nuestra piedra de toque.<\/b><\/h3>\n<p>&nbsp;<\/p>\n<p><span style=\"font-weight: 400;\">El escenario en Europa es desolador. El Banco Central Europeo (BCE) hace meses que avisa del <\/span><a href=\"https:\/\/www.11onze.cat\/es\/magazine\/burbuja-carbono-caer-bancos\/\" target=\"_blank\" rel=\"noopener\"><span style=\"font-weight: 400;\">exceso<\/span><\/a><span style=\"font-weight: 400;\"> de deuda que acumula la banca tradicional en empresas energ\u00e9ticas en declive. En un nuevo episodio del podcast <a href=\"https:\/\/www.11onze.cat\/es\/11onze-tv\/podcast\/ano-gran-crisis-james-sene-doceavo-episodio\/\" target=\"_blank\" rel=\"noopener\">Nos Interesa<\/a><\/span><span style=\"font-weight: 400;\">, el presidente de 11Onze, James S\u00e8ne, analiza el contexto econ\u00f3mico internacional, en conversaci\u00f3n con el director de contenidos Toni Mata. Y S\u00e8ne es tajante: \u201cSi el BCE es tan claro, es que las cosas son muy peores de lo que quieren hacer creer. <\/span><b>Hay una serie de circunstancias geopol\u00edticas y una crisis del sistema monetario y financiero internacional que provocan la tormenta perfecta<\/b><span style=\"font-weight: 400;\">\u201d.<\/span><\/p>\n<p><span style=\"font-weight: 400;\">Sin embargo, las consecuencias econ\u00f3micas de todo esto, avisa S\u00e8ne, no llegar\u00e1n de un d\u00eda para otro, sino que se acumular\u00e1n, si no le ponemos remedio, hasta llegar a una situaci\u00f3n de colapso. As\u00ed se explica que, a la pr\u00e1ctica,<\/span><b> la banca tradicional se encuentre ya en una situaci\u00f3n de quiebra, pero todav\u00eda se sostenga por la inercia que arrastra el BCE<\/b><span style=\"font-weight: 400;\">, que no ha dejado de imprimir dinero y de ofrecer ayudas pand\u00e9micas.\u00a0<\/span><\/p>\n<p><span style=\"font-weight: 400;\">\u201cSe ha querido tapar tanto el agujero, que<\/span><b> hemos imprimido demasiados billetes, y estamos entrando en una fase de superinflaci\u00f3n, con valores del 7% al 10%<\/b><span style=\"font-weight: 400;\">. Esto quiere decir que el dinero ahorrado vale un 10% menos\u201d, argumenta el presidente de 11Onze. <\/span><b>A todo ello hay que sumar unas estructuras financieras anquilosadas<\/b><span style=\"font-weight: 400;\">. \u201cY todos pagamos las consecuencias: intereses desbocados, comisiones por todo, reducciones de personal de atenci\u00f3n al cliente, un servicio cada vez peor. Es una muerte anunciada\u201d, afirma S\u00e8ne.<\/span><\/p>\n\n      <\/div>\n    <\/div>\n  <\/div>\n<\/div>\n\n\n<div class=\"component gallery\">\n  <div class=\"container\">\n    <div class=\"row\">\n      <div class=\"col col-lg-10 offset-lg-1\">\n        <div id=\"slider\" class=\"carousel slide\">\n          <div class=\"carousel-inner\">\n            <div class=\"carousel-item active video-player inline-player\" data-video-id=\"6291442001001\">\n              <img decoding=\"async\" class=\"d-block w-100\" src=\"https:\/\/www.11onze.cat\/wp-content\/uploads\/2022\/01\/VISUALS_PODCAST_IMAGE_VIDEO_BLOCK_PSN_JAMES.jpg\" alt=\"\">\n              <button type=\"button\" class=\"play\"><\/button>\n              <div class=\"carousel-caption\">\n                <p>Episodio 12 | El a\u00f1o de la gran crisis<\/p>\n              <\/div>\n            <\/div>\n          <\/div>\n        <\/div>\n      <\/div>\n    <\/div>\n  <\/div>\n<\/div>\n\n<div class=\"component text\">\n  <div class=\"container\">\n\n\n    <div class=\"row\">\n      <div class=\"col  col-lg-8  offset-lg-2\">\n        <h3><b>Estados Unidos, en la cuerda floja<\/b><\/h3>\n<p><span style=\"font-weight: 400;\">Al otro lado del Atl\u00e1ntico las cosas no van mejor. Estados Unidos est\u00e1, tal y como admite el presidente de 11Onze, en una situaci\u00f3n muy complicada. \u201cCon una deuda absolutamente fuera de l\u00edmite, una inflaci\u00f3n declarada del 7,8% el trimestre pasado, esto quiere decir que es probablemente peor. <\/span><b>La econom\u00eda americana representa, ahora, el 24% de la econom\u00eda mundial, el porcentaje m\u00e1s bajo de su historia<\/b><span style=\"font-weight: 400;\">\u201d, resume. Esto motiva que el d\u00f3lar pierda cada d\u00eda m\u00e1s valor y, de rebote, el poder adquisitivo de la ciudadan\u00eda.<\/span><\/p>\n<p><span style=\"font-weight: 400;\">\u201cLas consecuencias ser\u00e1n radicales y muy importantes para nosotros, sin lugar a dudas. Estados Unidos tendr\u00e1 que defender su econom\u00eda, y<\/span><b> las medidas que tome es probable que dejen a mucha gente en la estacada<\/b><span style=\"font-weight: 400;\">\u201d, argumenta S\u00e8ne. La deuda americana es, tambi\u00e9n, la deuda de Europa, del Jap\u00f3n y de otras econom\u00edas del Occidente capitalista.<\/span><\/p>\n<p><span style=\"font-weight: 400;\">\u201c<\/span><b>A menudo se culpa de la crisis a las empresas, pero la realidad es que qui\u00e9n est\u00e1 en quiebra son los Estados<\/b><span style=\"font-weight: 400;\">. No tienen dinero, y aumentan la presi\u00f3n fiscal sobre la ciudadan\u00eda. Esta deuda la ha provocado su incapacidad de gestionar los recursos de todos\u201d, dice S\u00e8ne. Y lo ejemplifica con el sistema de pensiones que actualmente est\u00e1 vigente en el Estado espa\u00f1ol, y que est\u00e1 cerca de la bancarrota. \u201cCada a\u00f1o, el <\/span><a href=\"https:\/\/www.mercer.es\/capital-intelectual\/global-pension-index-2021.html\" target=\"_blank\" rel=\"noopener\"><span style=\"font-weight: 400;\">Mercer<\/span><\/a><span style=\"font-weight: 400;\"> CFA Institute Global Pension Index califica las pensiones de 43 pa\u00edses y, en Europa, este 2021, Espa\u00f1a est\u00e1 el tercero por la cola. <\/span><b>Calculan que la posibilidad que las pensiones puedan perdurar es de un 28 sobre 100<\/b><span style=\"font-weight: 400;\">. Estamos pagando m\u00e1s del que podemos asumir\u201d, explica S\u00e8ne. <\/span><\/p>\n\n      <\/div>\n    <\/div>\n  <\/div>\n<\/div>\n\n\n<div class=\"component quote\">\n  <div class=\"container\">\n    <div class=\"row\">\n      <div class=\"quote__content col col-lg-8 offset-lg-2\">\n        <div class=\"quote__content__img\">\n          <img decoding=\"async\" src=\"https:\/\/www.11onze.cat\/wp-content\/uploads\/2021\/10\/IMAGE_QUOTE_JAMES_SENE.jpeg\" alt=\"\">\n        <\/div>\n        <div class=\"quote__wrapper\">\n          <div class=\"row\">\n            <div class=\"col col-lg-10 offset-lg-1\">\n              <blockquote>\n                <p><b>\u201cA menudo se culpa de la crisis a las empresas, pero quienes est\u00e1n en quiebra son los Estados. Esta deuda la ha provocado su incapacidad de gestionar los recursos de todos\u201d<\/b><\/p>\n\n                <span class=\"quote__content__author\">James S\u00e8ne, presidente de 11Onze<\/span>\n              <\/blockquote>\n            <\/div>\n          <\/div>\n        <\/div>\n      <\/div>\n    <\/div>\n  <\/div>\n<\/div>\n\n<div class=\"component text\">\n  <div class=\"container\">\n\n\n    <div class=\"row\">\n      <div class=\"col  col-lg-8  offset-lg-2\">\n        <h3><b>Opciones para capear la crisis<\/b><\/h3>\n<p><span style=\"font-weight: 400;\">Busquemos soluciones. La crisis parece inevitable porque hay demasiada deuda acumulada. \u00bfQu\u00e9 podemos hacer como ciudadanos para evitar al m\u00e1ximo posible el impacto de esta crisis? Hay que formarse financieramente y ser capaces de gestionar responsablemente nuestros recursos. \u201c<\/span><b>Tenemos que empezar a abrir los ojos y aprender a gestionar nuestro dinero.<\/b><span style=\"font-weight: 400;\"> No podemos corregir este error global, porque est\u00e1 en manos de los gobiernos, pero, individualmente, tenemos que intentar generar valor con el dinero que tenemos, que sea superior al decrecimiento producido por la inflaci\u00f3n o el IPC\u2026\u201d, defiende el presidente de 11Onze.<\/span><\/p>\n<p><span style=\"font-weight: 400;\">Y, esto, est\u00e1 claro, no se puede hacer con los ahorros en cuentas corrientes, sin hacer nada. \u201cEn el Estado, el 40% de la gente tiene el dinero ahorrado en cuentas corrientes. \u00a1No estamos entendiendo nada de lo que est\u00e1 pasando!\u201d, alerta S\u00e8ne. Por eso, y antes que nada, <\/span><b>el dinero se tienen que guardar en entidades financieras que protejan sus clientes<\/b><span style=\"font-weight: 400;\">: en 11Onze el dinero de las cuentas <\/span><a href=\"https:\/\/www.11onze.cat\/es\/magazine\/11onze-asegura-depositos\/\" target=\"_blank\" rel=\"noopener\"><span style=\"font-weight: 400;\">est\u00e1 fuera<\/span><\/a><span style=\"font-weight: 400;\"> del balance de la empresa. Aunque la entidad financiera depositaria quebrara, el dinero de los clientes no se resentir\u00eda. No se puede tocar, est\u00e1 garantizado al 100% sin l\u00edmite de cantidad. \u201cEs como una caja fuerte, no se pueden perder de ninguna forma\u201d, remacha S\u00e8ne.<\/span><\/p>\n<p><span style=\"font-weight: 400;\">En segundo lugar, los ahorros habr\u00eda que tenerlos en dep\u00f3sitos que den un m\u00ednimo rendimiento. Y tercero,<\/span><b> se tendr\u00eda que invertir una peque\u00f1a parte de estos ahorros, sin poner en riesgo nuestro patrimonio<\/b><span style=\"font-weight: 400;\">, ya sea en inmuebles, en metales preciosos, en criptomonedas o en paquetes ETF. \u201cQue al menos podamos generar lo que estamos perdiendo. Este a\u00f1o, por ejemplo, el oro ha dado un 25% de retorno, y la plata, un 70%\u201d, ejemplifica. La idea es, como m\u00ednimo, corregir la devaluaci\u00f3n de los sueldos que provoca la inflaci\u00f3n.<\/span><\/p>\n<p><span style=\"font-weight: 400;\">\u201cNo se trata de ser un \u2018broker\u2019, y leer a la vez veinte paneles de inversi\u00f3n. Eso es una pesadilla. Hay que buscar productos que entendamos\u201d, anima S\u00e8ne. De hecho, <\/span><b>11Onze se ha propuesto hacer pedagog\u00eda, en La Pla\u00e7a y con la suya super app, El Canut<\/b><span style=\"font-weight: 400;\">, para que cualquier persona, tenga la edad que tenga, pueda mover sus ahorros sin correr ning\u00fan riesgo.\u00a0<\/span><\/p>\n<p><span style=\"font-weight: 400;\">Por lo tanto: s\u00ed, todos los indicadores apuntan que 2022 ser\u00e1 el a\u00f1o que veremos una de las m\u00e1s grandes crisis econ\u00f3micas de la historia. Pero <\/span><b>tenemos la oportunidad de prepararnos como comunidad para encontrar la manera de esquivar los baches<\/b><span style=\"font-weight: 400;\">. En 11Onze trabajamos para que as\u00ed sea.<\/span><\/p>\n<p>&nbsp;<\/p>\n<p><b>11Onze se est\u00e1 convirtiendo en un fen\u00f3meno como primera comunidad fintech de Catalu\u00f1a. Ahora, lanza la primera versi\u00f3n de El Canut, la super app de 11Onze, para <\/b><a href=\"https:\/\/bit.ly\/2YlbZAf\" target=\"_blank\" rel=\"noopener\"><b>Android<\/b><\/a><b> y <\/b><a href=\"https:\/\/bit.ly\/Onze-IOS\" target=\"_blank\" rel=\"noopener\"><b>Apple<\/b><\/a><b>. Desde El Canut se puede abrir la primera cuenta universal en el territorio catal\u00e1n.<\/b><\/p>\n\n      <\/div>\n    <\/div>\n  <\/div>\n<\/div>\n\n\n<div class=\"component cards\">\n  <div class=\"container\">\n    <div class=\"row\">\n      <div class=\"col col-xl-8 offset-xl-2\">\n        <h1>Si te ha gustado este art\u00edculo, te recomendamos:<\/h1>\n        <div class=\"cards__wrapper\">\n          <div class=\"card\">\n            <a href=\"https:\/\/www.11onze.cat\/es\/magazine\/burbuja-carbono-caer-bancos\/\" class=\"card-link\" target=\"_self\"><\/a>\n            <div class=\"card-img\">\n              <img decoding=\"async\" src=\"https:\/\/www.11onze.cat\/wp-content\/uploads\/2022\/01\/THUMBNAIL_BOMBOLLA_CARBONI_FARA_CAURE_BANCS-800x450.jpg\" class=\"card-img-top\" alt=\"\">\n                <span class=\"card-category\">Finanzas<\/span>\n            <\/div>\n            <div class=\"card-body\">\n              <p class=\"card-title p2\"><strong>\u00bfLa burbuja del carbono har\u00e1 caer los bancos?<\/strong><\/p>\n              <span class=\"card-time\">4min lectura<\/span>\n              <p class=\"card-text small\">El cambio clim\u00e1tico viene acompa\u00f1ado de una subida de<\/p>\n            <\/div>\n          <\/div>\n\n\n          <div class=\"card\">\n            <a href=\"https:\/\/www.11onze.cat\/es\/magazine\/ante-crisis-viene-diversifica-ahorro\/\" class=\"card-link\" target=\"_self\"><\/a>\n            <div class=\"card-img\">\n              <img decoding=\"async\" src=\"https:\/\/www.11onze.cat\/wp-content\/uploads\/2021\/10\/THUMBNAIL_IMPORTANCIA_DIVERSIFICAR_ESTALVIS-800x534.jpg\" class=\"card-img-top\" alt=\"\">\n                <span class=\"card-category\">Ahorros<\/span>\n            <\/div>\n            <div class=\"card-body\">\n              <p class=\"card-title p2\"><strong>Ante la crisis que viene, diversifica el ahorro<\/strong><\/p>\n              <span class=\"card-time\">6min lectura<\/span>\n              <p class=\"card-text small\">El reconocido economista Robert Kiyosaki ha pronosticado<\/p>\n            <\/div>\n          <\/div>\n\n\n          <div class=\"card\">\n            <a href=\"https:\/\/www.11onze.cat\/es\/magazine\/factible-soberania-digital-europa\/\" class=\"card-link\" target=\"_self\"><\/a>\n            <div class=\"card-img\">\n              <img decoding=\"async\" src=\"https:\/\/www.11onze.cat\/wp-content\/uploads\/2022\/01\/THUMBNAIL_FACTIBLE_SOBIRANIA_DIGITAL_EUROPA-800x533.jpg\" class=\"card-img-top\" alt=\"\">\n                <span class=\"card-category\">Tecnolog\u00eda<\/span>\n            <\/div>\n            <div class=\"card-body\">\n              <p class=\"card-title p2\"><strong>\u00bfEs factible la soberan\u00eda digital de Europa?<\/strong><\/p>\n              <span class=\"card-time\">4min lectura<\/span>\n              <p class=\"card-text small\">En el \u00e1mbito de las tecnolog\u00edas y la revoluci\u00f3n digital, Europa<\/p>\n            <\/div>\n          <\/div>\n\n              <\/div>\n              <br>\n              <br>\n              <div class=\"cards__wrapper\">\n\n        <\/div>\n      <\/div>\n    <\/div>\n  <\/div>\n<\/div>","protected":false},"excerpt":{"rendered":"","protected":false},"author":71,"featured_media":24364,"comment_status":"open","ping_status":"closed","sticky":false,"template":"","format":"standard","meta":{"_acf_changed":false,"content-type":"","footnotes":""},"categories":[28],"tags":[174],"class_list":["post-24343","post","type-post","status-publish","format-standard","has-post-thumbnail","hentry","category-sin-categorizar","tag-economia-es"],"acf":[],"yoast_head":"<!-- This site is optimized with the Yoast SEO plugin v27.5 - https:\/\/yoast.com\/product\/yoast-seo-wordpress\/ -->\n<title>2022: el a\u00f1o de la gran crisis - 11Onze<\/title>\n<meta name=\"description\" content=\"\u00bf2022 ser\u00e1 el a\u00f1o de la gran crisis? As\u00ed lo alertan todos los indicadores. El presidente de 11Onze, James S\u00e8ne, nos explica c\u00f3mo afrontarla.\" \/>\n<meta name=\"robots\" content=\"index, follow, max-snippet:-1, max-image-preview:large, max-video-preview:-1\" \/>\n<link rel=\"canonical\" href=\"https:\/\/www.11onze.cat\/es\/magazine\/2022-ano-gran-crisis\/\" \/>\n<meta property=\"og:locale\" content=\"es_ES\" \/>\n<meta property=\"og:type\" content=\"article\" \/>\n<meta property=\"og:title\" content=\"2022: el a\u00f1o de la gran crisis - 11Onze\" \/>\n<meta property=\"og:description\" content=\"\u00bf2022 ser\u00e1 el a\u00f1o de la gran crisis? As\u00ed lo alertan todos los indicadores. El presidente de 11Onze, James S\u00e8ne, nos explica c\u00f3mo afrontarla.\" \/>\n<meta property=\"og:url\" content=\"https:\/\/www.11onze.cat\/es\/magazine\/2022-ano-gran-crisis\/\" \/>\n<meta property=\"og:site_name\" content=\"11Onze\" \/>\n<meta property=\"article:publisher\" content=\"https:\/\/www.facebook.com\/11OnzeComunitat\" \/>\n<meta property=\"article:published_time\" content=\"2022-01-12T20:00:00+00:00\" \/>\n<meta property=\"article:modified_time\" content=\"2022-01-18T10:05:53+00:00\" \/>\n<meta property=\"og:image\" content=\"https:\/\/www.11onze.cat\/wp-content\/uploads\/2022\/01\/VISUALS_PODCAST_SHARE_IMAGE_JAMES.jpg\" \/>\n\t<meta property=\"og:image:width\" content=\"1977\" \/>\n\t<meta property=\"og:image:height\" content=\"1113\" \/>\n\t<meta property=\"og:image:type\" content=\"image\/jpeg\" \/>\n<meta name=\"author\" content=\"Equip Editorial\" \/>\n<meta name=\"twitter:card\" content=\"summary_large_image\" \/>\n<meta name=\"twitter:title\" content=\"2022: el a\u00f1o de la gran crisis - 11Onze\" \/>\n<meta name=\"twitter:description\" content=\"\u00bf2022 ser\u00e1 el a\u00f1o de la gran crisis? As\u00ed lo alertan todos los indicadores. El presidente de 11Onze, James S\u00e8ne, nos explica c\u00f3mo afrontarla.\" \/>\n<meta name=\"twitter:image\" content=\"https:\/\/www.11onze.cat\/wp-content\/uploads\/2022\/01\/VISUALS_PODCAST_SHARE_IMAGE_JAMES.jpg\" \/>\n<meta name=\"twitter:creator\" content=\"@11OnzeFintech\" \/>\n<meta name=\"twitter:site\" content=\"@11OnzeFintech\" \/>\n<meta name=\"twitter:label1\" content=\"Escrito por\" \/>\n\t<meta name=\"twitter:data1\" content=\"Equip Editorial\" \/>\n<script type=\"application\/ld+json\" class=\"yoast-schema-graph\">{\"@context\":\"https:\\\/\\\/schema.org\",\"@graph\":[{\"@type\":\"Article\",\"@id\":\"https:\\\/\\\/www.11onze.cat\\\/es\\\/magazine\\\/2022-ano-gran-crisis\\\/#article\",\"isPartOf\":{\"@id\":\"https:\\\/\\\/www.11onze.cat\\\/es\\\/magazine\\\/2022-ano-gran-crisis\\\/\"},\"author\":{\"name\":\"Equip Editorial\",\"@id\":\"https:\\\/\\\/www.11onze.cat\\\/es\\\/#\\\/schema\\\/person\\\/636d99b4c82bb7178687ecd43c3a61bd\"},\"headline\":\"2022: el a\u00f1o de la gran crisis\",\"datePublished\":\"2022-01-12T20:00:00+00:00\",\"dateModified\":\"2022-01-18T10:05:53+00:00\",\"mainEntityOfPage\":{\"@id\":\"https:\\\/\\\/www.11onze.cat\\\/es\\\/magazine\\\/2022-ano-gran-crisis\\\/\"},\"wordCount\":7,\"commentCount\":0,\"publisher\":{\"@id\":\"https:\\\/\\\/www.11onze.cat\\\/es\\\/#organization\"},\"image\":{\"@id\":\"https:\\\/\\\/www.11onze.cat\\\/es\\\/magazine\\\/2022-ano-gran-crisis\\\/#primaryimage\"},\"thumbnailUrl\":\"https:\\\/\\\/www.11onze.cat\\\/wp-content\\\/uploads\\\/2022\\\/01\\\/VISUALS_PODCAST_THUMBNAIL_PSN_JAMES.jpg\",\"keywords\":[\"Econom\u00eda\"],\"articleSection\":[\"Sin categorizar\"],\"inLanguage\":\"es\",\"potentialAction\":[{\"@type\":\"CommentAction\",\"name\":\"Comment\",\"target\":[\"https:\\\/\\\/www.11onze.cat\\\/es\\\/magazine\\\/2022-ano-gran-crisis\\\/#respond\"]}]},{\"@type\":\"WebPage\",\"@id\":\"https:\\\/\\\/www.11onze.cat\\\/es\\\/magazine\\\/2022-ano-gran-crisis\\\/\",\"url\":\"https:\\\/\\\/www.11onze.cat\\\/es\\\/magazine\\\/2022-ano-gran-crisis\\\/\",\"name\":\"2022: el a\u00f1o de la gran crisis - 11Onze\",\"isPartOf\":{\"@id\":\"https:\\\/\\\/www.11onze.cat\\\/es\\\/#website\"},\"primaryImageOfPage\":{\"@id\":\"https:\\\/\\\/www.11onze.cat\\\/es\\\/magazine\\\/2022-ano-gran-crisis\\\/#primaryimage\"},\"image\":{\"@id\":\"https:\\\/\\\/www.11onze.cat\\\/es\\\/magazine\\\/2022-ano-gran-crisis\\\/#primaryimage\"},\"thumbnailUrl\":\"https:\\\/\\\/www.11onze.cat\\\/wp-content\\\/uploads\\\/2022\\\/01\\\/VISUALS_PODCAST_THUMBNAIL_PSN_JAMES.jpg\",\"datePublished\":\"2022-01-12T20:00:00+00:00\",\"dateModified\":\"2022-01-18T10:05:53+00:00\",\"description\":\"\u00bf2022 ser\u00e1 el a\u00f1o de la gran crisis? As\u00ed lo alertan todos los indicadores. El presidente de 11Onze, James S\u00e8ne, nos explica c\u00f3mo afrontarla.\",\"breadcrumb\":{\"@id\":\"https:\\\/\\\/www.11onze.cat\\\/es\\\/magazine\\\/2022-ano-gran-crisis\\\/#breadcrumb\"},\"inLanguage\":\"es\",\"potentialAction\":[{\"@type\":\"ReadAction\",\"target\":[\"https:\\\/\\\/www.11onze.cat\\\/es\\\/magazine\\\/2022-ano-gran-crisis\\\/\"]}]},{\"@type\":\"ImageObject\",\"inLanguage\":\"es\",\"@id\":\"https:\\\/\\\/www.11onze.cat\\\/es\\\/magazine\\\/2022-ano-gran-crisis\\\/#primaryimage\",\"url\":\"https:\\\/\\\/www.11onze.cat\\\/wp-content\\\/uploads\\\/2022\\\/01\\\/VISUALS_PODCAST_THUMBNAIL_PSN_JAMES.jpg\",\"contentUrl\":\"https:\\\/\\\/www.11onze.cat\\\/wp-content\\\/uploads\\\/2022\\\/01\\\/VISUALS_PODCAST_THUMBNAIL_PSN_JAMES.jpg\",\"width\":751,\"height\":505},{\"@type\":\"BreadcrumbList\",\"@id\":\"https:\\\/\\\/www.11onze.cat\\\/es\\\/magazine\\\/2022-ano-gran-crisis\\\/#breadcrumb\",\"itemListElement\":[{\"@type\":\"ListItem\",\"position\":1,\"name\":\"Home\",\"item\":\"https:\\\/\\\/www.11onze.cat\\\/es\\\/\"},{\"@type\":\"ListItem\",\"position\":2,\"name\":\"2022: el a\u00f1o de la gran crisis\"}]},{\"@type\":\"WebSite\",\"@id\":\"https:\\\/\\\/www.11onze.cat\\\/es\\\/#website\",\"url\":\"https:\\\/\\\/www.11onze.cat\\\/es\\\/\",\"name\":\"11Onze\",\"description\":\"Primera comunidad fintech digital en Catalu\u00f1a\",\"publisher\":{\"@id\":\"https:\\\/\\\/www.11onze.cat\\\/es\\\/#organization\"},\"potentialAction\":[{\"@type\":\"SearchAction\",\"target\":{\"@type\":\"EntryPoint\",\"urlTemplate\":\"https:\\\/\\\/www.11onze.cat\\\/es\\\/?s={search_term_string}\"},\"query-input\":{\"@type\":\"PropertyValueSpecification\",\"valueRequired\":true,\"valueName\":\"search_term_string\"}}],\"inLanguage\":\"es\"},{\"@type\":\"Organization\",\"@id\":\"https:\\\/\\\/www.11onze.cat\\\/es\\\/#organization\",\"name\":\"11Onze\",\"url\":\"https:\\\/\\\/www.11onze.cat\\\/es\\\/\",\"logo\":{\"@type\":\"ImageObject\",\"inLanguage\":\"es\",\"@id\":\"https:\\\/\\\/www.11onze.cat\\\/es\\\/#\\\/schema\\\/logo\\\/image\\\/\",\"url\":\"https:\\\/\\\/www.11onze.cat\\\/wp-content\\\/uploads\\\/2021\\\/04\\\/512x512-11Onze.jpg\",\"contentUrl\":\"https:\\\/\\\/www.11onze.cat\\\/wp-content\\\/uploads\\\/2021\\\/04\\\/512x512-11Onze.jpg\",\"width\":512,\"height\":512,\"caption\":\"11Onze\"},\"image\":{\"@id\":\"https:\\\/\\\/www.11onze.cat\\\/es\\\/#\\\/schema\\\/logo\\\/image\\\/\"},\"sameAs\":[\"https:\\\/\\\/www.facebook.com\\\/11OnzeComunitat\",\"https:\\\/\\\/x.com\\\/11OnzeFintech\",\"https:\\\/\\\/www.instagram.com\\\/11onzecat\\\/\",\"https:\\\/\\\/www.linkedin.com\\\/company\\\/11onzebanc\",\"https:\\\/\\\/www.youtube.com\\\/channel\\\/UCz63R8Byd_kBKtK2M4Qf_7w\"]},{\"@type\":\"Person\",\"@id\":\"https:\\\/\\\/www.11onze.cat\\\/es\\\/#\\\/schema\\\/person\\\/636d99b4c82bb7178687ecd43c3a61bd\",\"name\":\"Equip Editorial\",\"image\":{\"@type\":\"ImageObject\",\"inLanguage\":\"es\",\"@id\":\"https:\\\/\\\/www.11onze.cat\\\/wp-content\\\/uploads\\\/2022\\\/05\\\/HEADER_AGENTS_DECK-300x300.jpg\",\"url\":\"https:\\\/\\\/www.11onze.cat\\\/wp-content\\\/uploads\\\/2022\\\/05\\\/HEADER_AGENTS_DECK-300x300.jpg\",\"contentUrl\":\"https:\\\/\\\/www.11onze.cat\\\/wp-content\\\/uploads\\\/2022\\\/05\\\/HEADER_AGENTS_DECK-300x300.jpg\",\"caption\":\"Equip Editorial\"},\"url\":\"https:\\\/\\\/www.11onze.cat\\\/es\\\/magazine\\\/author\\\/equip-editorial-11onze\\\/\"}]}<\/script>\n<!-- \/ Yoast SEO plugin. -->","yoast_head_json":{"title":"2022: el a\u00f1o de la gran crisis - 11Onze","description":"\u00bf2022 ser\u00e1 el a\u00f1o de la gran crisis? As\u00ed lo alertan todos los indicadores. El presidente de 11Onze, James S\u00e8ne, nos explica c\u00f3mo afrontarla.","robots":{"index":"index","follow":"follow","max-snippet":"max-snippet:-1","max-image-preview":"max-image-preview:large","max-video-preview":"max-video-preview:-1"},"canonical":"https:\/\/www.11onze.cat\/es\/magazine\/2022-ano-gran-crisis\/","og_locale":"es_ES","og_type":"article","og_title":"2022: el a\u00f1o de la gran crisis - 11Onze","og_description":"\u00bf2022 ser\u00e1 el a\u00f1o de la gran crisis? As\u00ed lo alertan todos los indicadores. El presidente de 11Onze, James S\u00e8ne, nos explica c\u00f3mo afrontarla.","og_url":"https:\/\/www.11onze.cat\/es\/magazine\/2022-ano-gran-crisis\/","og_site_name":"11Onze","article_publisher":"https:\/\/www.facebook.com\/11OnzeComunitat","article_published_time":"2022-01-12T20:00:00+00:00","article_modified_time":"2022-01-18T10:05:53+00:00","og_image":[{"width":1977,"height":1113,"url":"https:\/\/www.11onze.cat\/wp-content\/uploads\/2022\/01\/VISUALS_PODCAST_SHARE_IMAGE_JAMES.jpg","type":"image\/jpeg"}],"author":"Equip Editorial","twitter_card":"summary_large_image","twitter_title":"2022: el a\u00f1o de la gran crisis - 11Onze","twitter_description":"\u00bf2022 ser\u00e1 el a\u00f1o de la gran crisis? As\u00ed lo alertan todos los indicadores. El presidente de 11Onze, James S\u00e8ne, nos explica c\u00f3mo afrontarla.","twitter_image":"https:\/\/www.11onze.cat\/wp-content\/uploads\/2022\/01\/VISUALS_PODCAST_SHARE_IMAGE_JAMES.jpg","twitter_creator":"@11OnzeFintech","twitter_site":"@11OnzeFintech","twitter_misc":{"Escrito por":"Equip Editorial"},"schema":{"@context":"https:\/\/schema.org","@graph":[{"@type":"Article","@id":"https:\/\/www.11onze.cat\/es\/magazine\/2022-ano-gran-crisis\/#article","isPartOf":{"@id":"https:\/\/www.11onze.cat\/es\/magazine\/2022-ano-gran-crisis\/"},"author":{"name":"Equip Editorial","@id":"https:\/\/www.11onze.cat\/es\/#\/schema\/person\/636d99b4c82bb7178687ecd43c3a61bd"},"headline":"2022: el a\u00f1o de la gran crisis","datePublished":"2022-01-12T20:00:00+00:00","dateModified":"2022-01-18T10:05:53+00:00","mainEntityOfPage":{"@id":"https:\/\/www.11onze.cat\/es\/magazine\/2022-ano-gran-crisis\/"},"wordCount":7,"commentCount":0,"publisher":{"@id":"https:\/\/www.11onze.cat\/es\/#organization"},"image":{"@id":"https:\/\/www.11onze.cat\/es\/magazine\/2022-ano-gran-crisis\/#primaryimage"},"thumbnailUrl":"https:\/\/www.11onze.cat\/wp-content\/uploads\/2022\/01\/VISUALS_PODCAST_THUMBNAIL_PSN_JAMES.jpg","keywords":["Econom\u00eda"],"articleSection":["Sin categorizar"],"inLanguage":"es","potentialAction":[{"@type":"CommentAction","name":"Comment","target":["https:\/\/www.11onze.cat\/es\/magazine\/2022-ano-gran-crisis\/#respond"]}]},{"@type":"WebPage","@id":"https:\/\/www.11onze.cat\/es\/magazine\/2022-ano-gran-crisis\/","url":"https:\/\/www.11onze.cat\/es\/magazine\/2022-ano-gran-crisis\/","name":"2022: el a\u00f1o de la gran crisis - 11Onze","isPartOf":{"@id":"https:\/\/www.11onze.cat\/es\/#website"},"primaryImageOfPage":{"@id":"https:\/\/www.11onze.cat\/es\/magazine\/2022-ano-gran-crisis\/#primaryimage"},"image":{"@id":"https:\/\/www.11onze.cat\/es\/magazine\/2022-ano-gran-crisis\/#primaryimage"},"thumbnailUrl":"https:\/\/www.11onze.cat\/wp-content\/uploads\/2022\/01\/VISUALS_PODCAST_THUMBNAIL_PSN_JAMES.jpg","datePublished":"2022-01-12T20:00:00+00:00","dateModified":"2022-01-18T10:05:53+00:00","description":"\u00bf2022 ser\u00e1 el a\u00f1o de la gran crisis? As\u00ed lo alertan todos los indicadores. El presidente de 11Onze, James S\u00e8ne, nos explica c\u00f3mo afrontarla.","breadcrumb":{"@id":"https:\/\/www.11onze.cat\/es\/magazine\/2022-ano-gran-crisis\/#breadcrumb"},"inLanguage":"es","potentialAction":[{"@type":"ReadAction","target":["https:\/\/www.11onze.cat\/es\/magazine\/2022-ano-gran-crisis\/"]}]},{"@type":"ImageObject","inLanguage":"es","@id":"https:\/\/www.11onze.cat\/es\/magazine\/2022-ano-gran-crisis\/#primaryimage","url":"https:\/\/www.11onze.cat\/wp-content\/uploads\/2022\/01\/VISUALS_PODCAST_THUMBNAIL_PSN_JAMES.jpg","contentUrl":"https:\/\/www.11onze.cat\/wp-content\/uploads\/2022\/01\/VISUALS_PODCAST_THUMBNAIL_PSN_JAMES.jpg","width":751,"height":505},{"@type":"BreadcrumbList","@id":"https:\/\/www.11onze.cat\/es\/magazine\/2022-ano-gran-crisis\/#breadcrumb","itemListElement":[{"@type":"ListItem","position":1,"name":"Home","item":"https:\/\/www.11onze.cat\/es\/"},{"@type":"ListItem","position":2,"name":"2022: el a\u00f1o de la gran crisis"}]},{"@type":"WebSite","@id":"https:\/\/www.11onze.cat\/es\/#website","url":"https:\/\/www.11onze.cat\/es\/","name":"11Onze","description":"Primera comunidad fintech digital en Catalu\u00f1a","publisher":{"@id":"https:\/\/www.11onze.cat\/es\/#organization"},"potentialAction":[{"@type":"SearchAction","target":{"@type":"EntryPoint","urlTemplate":"https:\/\/www.11onze.cat\/es\/?s={search_term_string}"},"query-input":{"@type":"PropertyValueSpecification","valueRequired":true,"valueName":"search_term_string"}}],"inLanguage":"es"},{"@type":"Organization","@id":"https:\/\/www.11onze.cat\/es\/#organization","name":"11Onze","url":"https:\/\/www.11onze.cat\/es\/","logo":{"@type":"ImageObject","inLanguage":"es","@id":"https:\/\/www.11onze.cat\/es\/#\/schema\/logo\/image\/","url":"https:\/\/www.11onze.cat\/wp-content\/uploads\/2021\/04\/512x512-11Onze.jpg","contentUrl":"https:\/\/www.11onze.cat\/wp-content\/uploads\/2021\/04\/512x512-11Onze.jpg","width":512,"height":512,"caption":"11Onze"},"image":{"@id":"https:\/\/www.11onze.cat\/es\/#\/schema\/logo\/image\/"},"sameAs":["https:\/\/www.facebook.com\/11OnzeComunitat","https:\/\/x.com\/11OnzeFintech","https:\/\/www.instagram.com\/11onzecat\/","https:\/\/www.linkedin.com\/company\/11onzebanc","https:\/\/www.youtube.com\/channel\/UCz63R8Byd_kBKtK2M4Qf_7w"]},{"@type":"Person","@id":"https:\/\/www.11onze.cat\/es\/#\/schema\/person\/636d99b4c82bb7178687ecd43c3a61bd","name":"Equip Editorial","image":{"@type":"ImageObject","inLanguage":"es","@id":"https:\/\/www.11onze.cat\/wp-content\/uploads\/2022\/05\/HEADER_AGENTS_DECK-300x300.jpg","url":"https:\/\/www.11onze.cat\/wp-content\/uploads\/2022\/05\/HEADER_AGENTS_DECK-300x300.jpg","contentUrl":"https:\/\/www.11onze.cat\/wp-content\/uploads\/2022\/05\/HEADER_AGENTS_DECK-300x300.jpg","caption":"Equip Editorial"},"url":"https:\/\/www.11onze.cat\/es\/magazine\/author\/equip-editorial-11onze\/"}]}},"_links":{"self":[{"href":"https:\/\/www.11onze.cat\/es\/wp-json\/wp\/v2\/posts\/24343","targetHints":{"allow":["GET"]}}],"collection":[{"href":"https:\/\/www.11onze.cat\/es\/wp-json\/wp\/v2\/posts"}],"about":[{"href":"https:\/\/www.11onze.cat\/es\/wp-json\/wp\/v2\/types\/post"}],"author":[{"embeddable":true,"href":"https:\/\/www.11onze.cat\/es\/wp-json\/wp\/v2\/users\/71"}],"replies":[{"embeddable":true,"href":"https:\/\/www.11onze.cat\/es\/wp-json\/wp\/v2\/comments?post=24343"}],"version-history":[{"count":0,"href":"https:\/\/www.11onze.cat\/es\/wp-json\/wp\/v2\/posts\/24343\/revisions"}],"wp:featuredmedia":[{"embeddable":true,"href":"https:\/\/www.11onze.cat\/es\/wp-json\/wp\/v2\/media\/24364"}],"wp:attachment":[{"href":"https:\/\/www.11onze.cat\/es\/wp-json\/wp\/v2\/media?parent=24343"}],"wp:term":[{"taxonomy":"category","embeddable":true,"href":"https:\/\/www.11onze.cat\/es\/wp-json\/wp\/v2\/categories?post=24343"},{"taxonomy":"post_tag","embeddable":true,"href":"https:\/\/www.11onze.cat\/es\/wp-json\/wp\/v2\/tags?post=24343"}],"curies":[{"name":"wp","href":"https:\/\/api.w.org\/{rel}","templated":true}]}}