{"id":24132,"date":"2022-01-09T21:00:00","date_gmt":"2022-01-09T20:00:00","guid":{"rendered":"https:\/\/www.11onze.cat\/?p=24132"},"modified":"2022-01-18T10:32:48","modified_gmt":"2022-01-18T09:32:48","slug":"trabajos-liderar-futuro-laboral","status":"publish","type":"post","link":"https:\/\/www.11onze.cat\/es\/magazine\/trabajos-liderar-futuro-laboral\/","title":{"rendered":"Los trabajos para liderar el futuro laboral"},"content":{"rendered":"<div class=\"component text\">\n  <div class=\"container\">\n\n\n    <div class=\"row\">\n      <div class=\"col  col-lg-8  offset-lg-2\">\n        <h3><b>Hace tan solo unas d\u00e9cadas los perfiles profesionales que las empresas piden hoy en d\u00eda ni exist\u00edan ni se imaginaban. Pero, y si miramos al futuro, \u00bfcu\u00e1les son los trabajos que despuntar\u00e1n al mercado laboral? La agente 11Onze Mireia Sitj\u00e0 hace un repaso a los cinco curr\u00edculums que marcar\u00e1n tendencia.<\/b><\/h3>\n<p>&nbsp;<\/p>\n<p><span style=\"font-weight: 400;\">Si no sabes c\u00f3mo enfocar tu carrera profesional o si quieres hacer un giro en tu curr\u00edculum, estas cinco profesiones te pueden dar algunas pistas. Por un lado, <\/span><b>destacar\u00e1n los trabajadores tecnol\u00f3gicos<\/b><span style=\"font-weight: 400;\"> y expertos en el mundo digital y, por la otra, en un mercado laboral cambiante, <\/span><b>har\u00e1n falta expertos y formadores que nos gu\u00eden<\/b><span style=\"font-weight: 400;\">.<\/span><\/p>\n<ol>\n<li style=\"font-weight: 400;\" aria-level=\"1\"><b>Programador, analista o dise\u00f1ador del internet de las cosas. <\/b><span style=\"font-weight: 400;\">Cuando hablamos de internet de las cosas nos referimos a todos aquellos aparatos tecnol\u00f3gicos que, por una raz\u00f3n u otra, funcionan gracias a la red: desde los tel\u00e9fonos m\u00f3viles o el ordenador, est\u00e1 claro, hasta las neveras o los microondas.\u00a0<\/span><\/li>\n<li style=\"font-weight: 400;\" aria-level=\"1\"><b>Nanot\u00e9cnico<\/b><span style=\"font-weight: 400;\">. La nanotecnolog\u00eda puede sonar a ciencia ficci\u00f3n, pero ya hace tiempo que est\u00e1 aqu\u00ed, y todav\u00eda estar\u00e1 m\u00e1s presente los pr\u00f3ximos a\u00f1os. Los expertos consideran que ser\u00e1 sobre todo el \u00e1mbito de la medicina el que necesitar\u00e1 m\u00e1s nanot\u00e9cnicos. En concreto, ser\u00e1 necesario el perfil del nanom\u00e9dico, una combinaci\u00f3n entre ingeniero y m\u00e9dico.\u00a0<\/span><\/li>\n<li style=\"font-weight: 400;\" aria-level=\"1\"><b>Impresor 3D. <\/b><span style=\"font-weight: 400;\">Parec\u00eda pura fantas\u00eda cuando naci\u00f3 hace poco m\u00e1s de una d\u00e9cada. Aun as\u00ed, los pr\u00f3ximos a\u00f1os la impresi\u00f3n 3D ser\u00e1 imprescindible para todo tipo de dise\u00f1os industriales, porque est\u00e1 en la base de un proceso de automatizaci\u00f3n y robotizaci\u00f3n imparable.<\/span><\/li>\n<li style=\"font-weight: 400;\" aria-level=\"1\"><b>Asesores y representantes laborales. <\/b><span style=\"font-weight: 400;\">Como los trabajos no ser\u00e1n nunca m\u00e1s tan estables como lo hab\u00edan sido hace veinte a\u00f1os o, incluso, antes de la pandemia, sino que seguramente las empresas apostar\u00e1n por la contrataci\u00f3n por proyectos, cada vez m\u00e1s necesitaremos el apoyo de expertos legales, para que nos aconsejen y nos ayuden a llevar las cuentas, y tambi\u00e9n para que promocionen nuestro curr\u00edculum all\u00ed donde m\u00e1s nos interese.<\/span><\/li>\n<li><b>Profesores y formadores independientes. <\/b><span style=\"font-weight: 400;\">Para construir una buena trayectoria profesional, la formaci\u00f3n es imprescindible. No obstante, algunos expertos apuntan que puede ser que, de aqu\u00ed a 20 a\u00f1os, los j\u00f3venes ya no busquen tener un grado universitario tal y como los conocemos actualmente, sino que cada cual se construir\u00e1 sus estudios de forma aut\u00f3noma y seg\u00fan sus intereses. Por eso, es probable que hagan falta cada vez m\u00e1s formadores en l\u00ednea, independientes y de prestigio en un \u00e1mbito concreto, no ligados a ning\u00fan centro o empresa, que adapten sus clases a la demanda de estudiantes.<\/span><\/li>\n<\/ol>\n\n      <\/div>\n    <\/div>\n  <\/div>\n<\/div>\n\n\n<div class=\"component gallery\">\n  <div class=\"container\">\n    <div class=\"row\">\n      <div class=\"col col-lg-10 offset-lg-1\">\n        <div id=\"slider\" class=\"carousel slide\">\n          <div class=\"carousel-inner\">\n            <div class=\"carousel-item active video-player inline-player\" data-video-id=\"6284678545001\">\n              <img decoding=\"async\" class=\"d-block w-100\" src=\"https:\/\/www.11onze.cat\/wp-content\/uploads\/2022\/01\/THUMBNAIL_MIREIA_SITJA_TOPIC_9.png\" alt=\"\">\n              <button type=\"button\" class=\"play\"><\/button>\n              <div class=\"carousel-caption\">\n                <p>Los trabajos del futuro<\/p>\n              <\/div>\n            <\/div>\n          <\/div>\n        <\/div>\n      <\/div>\n    <\/div>\n  <\/div>\n<\/div>\n\n<div class=\"component text\">\n  <div class=\"container\">\n\n\n    <div class=\"row\">\n      <div class=\"col  col-lg-8  offset-lg-2\">\n        <p><b>11Onze se est\u00e1 convirtiendo en un fen\u00f3meno como primera comunidad fintech de Catalu\u00f1a. Ahora, lanza la primera versi\u00f3n de El Canut, la super app de 11Onze, para <\/b><a href=\"https:\/\/bit.ly\/2YlbZAf\" target=\"_blank\" rel=\"noopener\"><b>Android<\/b><\/a><b> y <\/b><a href=\"https:\/\/bit.ly\/Onze-IOS\" target=\"_blank\" rel=\"noopener\"><b>Apple<\/b><\/a><b>. Desde El Canut se puede abrir la primera cuenta universal en el territorio catal\u00e1n.<\/b><\/p>\n\n      <\/div>\n    <\/div>\n  <\/div>\n<\/div>\n\n\n<div class=\"component cards\">\n  <div class=\"container\">\n    <div class=\"row\">\n      <div class=\"col col-xl-8 offset-xl-2\">\n        <h1>Si te ha gustado este art\u00edculo, te recomendamos:<\/h1>\n        <div class=\"cards__wrapper\">\n          <div class=\"card\">\n            <a href=\"https:\/\/www.11onze.cat\/es\/magazine\/automatizacion-trabajo-me-preocupo\/\" class=\"card-link\" target=\"_self\"><\/a>\n            <div class=\"card-img\">\n              <img decoding=\"async\" src=\"https:\/\/www.11onze.cat\/wp-content\/uploads\/2021\/12\/THUMBNAIL_AUTOMATITZACIO-800x574.jpg\" class=\"card-img-top\" alt=\"\">\n                <span class=\"card-category\">Tecnolog\u00eda<\/span>\n            <\/div>\n            <div class=\"card-body\">\n              <p class=\"card-title p2\"><strong>Automatizaci\u00f3n del trabajo<\/strong><\/p>\n              <span class=\"card-time\">4min lectura<\/span>\n              <p class=\"card-text small\">Los economistas hacen previsiones de hacia donde<\/p>\n            <\/div>\n          <\/div>\n\n\n          <div class=\"card\">\n            <a href=\"https:\/\/www.11onze.cat\/es\/magazine\/teletrabajo-llegado-quedarse\/\" class=\"card-link\" target=\"_self\"><\/a>\n            <div class=\"card-img\">\n              <img decoding=\"async\" src=\"https:\/\/www.11onze.cat\/wp-content\/uploads\/2021\/08\/THUMBNAIL_TELETREBALL_OFICINA_PRESENCIAL-800x534.jpg\" class=\"card-img-top\" alt=\"\">\n                <span class=\"card-category\">Management<\/span>\n            <\/div>\n            <div class=\"card-body\">\n              <p class=\"card-title p2\"><strong>Teletrabajo: \u00bfha llegado para quedarse?<\/strong><\/p>\n              <span class=\"card-time\">4min lectura<\/span>\n              <p class=\"card-text small\">El t\u00e9rmino teletrabajo se cre\u00f3 en 1973 por el f\u00edsico Jack Nilles y la<\/p>\n            <\/div>\n          <\/div>\n\n\n          <div class=\"card\">\n            <a href=\"https:\/\/www.11onze.cat\/es\/?p=23986\" class=\"card-link\" target=\"_self\"><\/a>\n            <div class=\"card-img\">\n              <img decoding=\"async\" src=\"https:\/\/www.11onze.cat\/wp-content\/uploads\/2022\/01\/THUMBNAIL_PERQUE_SAL_GUANYAR_DINERS-800x534.jpg\" class=\"card-img-top\" alt=\"\">\n                <span class=\"card-category\">Cultura<\/span>\n            <\/div>\n            <div class=\"card-body\">\n              <p class=\"card-title p2\"><strong>La sal que nos da el trabajo<\/strong><\/p>\n              <span class=\"card-time\">2min lectura<\/span>\n              <p class=\"card-text small\">Cada enero, despu\u00e9s de los festines navide\u00f1os, volvemos a<\/p>\n            <\/div>\n          <\/div>\n\n              <\/div>\n              <br>\n              <br>\n              <div class=\"cards__wrapper\">\n\n        <\/div>\n      <\/div>\n    <\/div>\n  <\/div>\n<\/div>","protected":false},"excerpt":{"rendered":"","protected":false},"author":71,"featured_media":24130,"comment_status":"open","ping_status":"closed","sticky":false,"template":"","format":"standard","meta":{"_acf_changed":false,"content-type":"","footnotes":""},"categories":[28],"tags":[169],"class_list":["post-24132","post","type-post","status-publish","format-standard","has-post-thumbnail","hentry","category-sin-categorizar","tag-manage-es"],"acf":[],"yoast_head":"<!-- This site is optimized with the Yoast SEO plugin v27.5 - https:\/\/yoast.com\/product\/yoast-seo-wordpress\/ -->\n<title>Los trabajos para liderar el futuro laboral - 11Onze<\/title>\n<meta name=\"description\" content=\"La agente d\u201911Onze Mireia Sitj\u00e0 repasa las cinco profesiones que marcar\u00e1n el mercado laboral del futuro. En 2022, ampl\u00eda tu curr\u00edculum.\" \/>\n<meta name=\"robots\" content=\"index, follow, max-snippet:-1, max-image-preview:large, max-video-preview:-1\" \/>\n<link rel=\"canonical\" href=\"https:\/\/www.11onze.cat\/es\/magazine\/trabajos-liderar-futuro-laboral\/\" \/>\n<meta property=\"og:locale\" content=\"es_ES\" \/>\n<meta property=\"og:type\" content=\"article\" \/>\n<meta property=\"og:title\" content=\"Los trabajos para liderar el futuro laboral - 11Onze\" \/>\n<meta property=\"og:description\" content=\"La agente d\u201911Onze Mireia Sitj\u00e0 repasa las cinco profesiones que marcar\u00e1n el mercado laboral del futuro. En 2022, ampl\u00eda tu curr\u00edculum.\" \/>\n<meta property=\"og:url\" content=\"https:\/\/www.11onze.cat\/es\/magazine\/trabajos-liderar-futuro-laboral\/\" \/>\n<meta property=\"og:site_name\" content=\"11Onze\" \/>\n<meta property=\"article:publisher\" content=\"https:\/\/www.facebook.com\/11OnzeComunitat\" \/>\n<meta property=\"article:published_time\" content=\"2022-01-09T20:00:00+00:00\" \/>\n<meta property=\"article:modified_time\" content=\"2022-01-18T09:32:48+00:00\" \/>\n<meta property=\"og:image\" content=\"https:\/\/www.11onze.cat\/wp-content\/uploads\/2022\/01\/11ONZE_FUTUR_LABORAL.jpg\" \/>\n<meta name=\"author\" content=\"Equip Editorial\" \/>\n<meta name=\"twitter:card\" content=\"summary_large_image\" \/>\n<meta name=\"twitter:title\" content=\"Los trabajos para liderar el futuro laboral - 11Onze\" \/>\n<meta name=\"twitter:description\" content=\"La agente d\u201911Onze Mireia Sitj\u00e0 repasa las cinco profesiones que marcar\u00e1n el mercado laboral del futuro. En 2022, ampl\u00eda tu curr\u00edculum.\" \/>\n<meta name=\"twitter:image\" content=\"https:\/\/www.11onze.cat\/wp-content\/uploads\/2022\/01\/11ONZE_FUTUR_LABORAL.jpg\" \/>\n<meta name=\"twitter:creator\" content=\"@11OnzeFintech\" \/>\n<meta name=\"twitter:site\" content=\"@11OnzeFintech\" \/>\n<meta name=\"twitter:label1\" content=\"Escrito por\" \/>\n\t<meta name=\"twitter:data1\" content=\"Equip Editorial\" \/>\n<script type=\"application\/ld+json\" class=\"yoast-schema-graph\">{\"@context\":\"https:\\\/\\\/schema.org\",\"@graph\":[{\"@type\":\"Article\",\"@id\":\"https:\\\/\\\/www.11onze.cat\\\/es\\\/magazine\\\/trabajos-liderar-futuro-laboral\\\/#article\",\"isPartOf\":{\"@id\":\"https:\\\/\\\/www.11onze.cat\\\/es\\\/magazine\\\/trabajos-liderar-futuro-laboral\\\/\"},\"author\":{\"name\":\"Equip Editorial\",\"@id\":\"https:\\\/\\\/www.11onze.cat\\\/es\\\/#\\\/schema\\\/person\\\/636d99b4c82bb7178687ecd43c3a61bd\"},\"headline\":\"Los trabajos para liderar el futuro laboral\",\"datePublished\":\"2022-01-09T20:00:00+00:00\",\"dateModified\":\"2022-01-18T09:32:48+00:00\",\"mainEntityOfPage\":{\"@id\":\"https:\\\/\\\/www.11onze.cat\\\/es\\\/magazine\\\/trabajos-liderar-futuro-laboral\\\/\"},\"wordCount\":7,\"commentCount\":0,\"publisher\":{\"@id\":\"https:\\\/\\\/www.11onze.cat\\\/es\\\/#organization\"},\"image\":{\"@id\":\"https:\\\/\\\/www.11onze.cat\\\/es\\\/magazine\\\/trabajos-liderar-futuro-laboral\\\/#primaryimage\"},\"thumbnailUrl\":\"https:\\\/\\\/www.11onze.cat\\\/wp-content\\\/uploads\\\/2022\\\/01\\\/THUMBNAIL_TREBALLS_DEL_FUTUR.jpg\",\"keywords\":[\"Management\"],\"articleSection\":[\"Sin categorizar\"],\"inLanguage\":\"es\",\"potentialAction\":[{\"@type\":\"CommentAction\",\"name\":\"Comment\",\"target\":[\"https:\\\/\\\/www.11onze.cat\\\/es\\\/magazine\\\/trabajos-liderar-futuro-laboral\\\/#respond\"]}]},{\"@type\":\"WebPage\",\"@id\":\"https:\\\/\\\/www.11onze.cat\\\/es\\\/magazine\\\/trabajos-liderar-futuro-laboral\\\/\",\"url\":\"https:\\\/\\\/www.11onze.cat\\\/es\\\/magazine\\\/trabajos-liderar-futuro-laboral\\\/\",\"name\":\"Los trabajos para liderar el futuro laboral - 11Onze\",\"isPartOf\":{\"@id\":\"https:\\\/\\\/www.11onze.cat\\\/es\\\/#website\"},\"primaryImageOfPage\":{\"@id\":\"https:\\\/\\\/www.11onze.cat\\\/es\\\/magazine\\\/trabajos-liderar-futuro-laboral\\\/#primaryimage\"},\"image\":{\"@id\":\"https:\\\/\\\/www.11onze.cat\\\/es\\\/magazine\\\/trabajos-liderar-futuro-laboral\\\/#primaryimage\"},\"thumbnailUrl\":\"https:\\\/\\\/www.11onze.cat\\\/wp-content\\\/uploads\\\/2022\\\/01\\\/THUMBNAIL_TREBALLS_DEL_FUTUR.jpg\",\"datePublished\":\"2022-01-09T20:00:00+00:00\",\"dateModified\":\"2022-01-18T09:32:48+00:00\",\"description\":\"La agente d\u201911Onze Mireia Sitj\u00e0 repasa las cinco profesiones que marcar\u00e1n el mercado laboral del futuro. En 2022, ampl\u00eda tu curr\u00edculum.\",\"breadcrumb\":{\"@id\":\"https:\\\/\\\/www.11onze.cat\\\/es\\\/magazine\\\/trabajos-liderar-futuro-laboral\\\/#breadcrumb\"},\"inLanguage\":\"es\",\"potentialAction\":[{\"@type\":\"ReadAction\",\"target\":[\"https:\\\/\\\/www.11onze.cat\\\/es\\\/magazine\\\/trabajos-liderar-futuro-laboral\\\/\"]}]},{\"@type\":\"ImageObject\",\"inLanguage\":\"es\",\"@id\":\"https:\\\/\\\/www.11onze.cat\\\/es\\\/magazine\\\/trabajos-liderar-futuro-laboral\\\/#primaryimage\",\"url\":\"https:\\\/\\\/www.11onze.cat\\\/wp-content\\\/uploads\\\/2022\\\/01\\\/THUMBNAIL_TREBALLS_DEL_FUTUR.jpg\",\"contentUrl\":\"https:\\\/\\\/www.11onze.cat\\\/wp-content\\\/uploads\\\/2022\\\/01\\\/THUMBNAIL_TREBALLS_DEL_FUTUR.jpg\",\"width\":1500,\"height\":1000,\"caption\":\"Back view of talented young engineers sitting at desk and carrying out quality inspection of prototype made with help of 3D printer, interior of modern lab on background\"},{\"@type\":\"BreadcrumbList\",\"@id\":\"https:\\\/\\\/www.11onze.cat\\\/es\\\/magazine\\\/trabajos-liderar-futuro-laboral\\\/#breadcrumb\",\"itemListElement\":[{\"@type\":\"ListItem\",\"position\":1,\"name\":\"Home\",\"item\":\"https:\\\/\\\/www.11onze.cat\\\/es\\\/\"},{\"@type\":\"ListItem\",\"position\":2,\"name\":\"Los trabajos para liderar el futuro laboral\"}]},{\"@type\":\"WebSite\",\"@id\":\"https:\\\/\\\/www.11onze.cat\\\/es\\\/#website\",\"url\":\"https:\\\/\\\/www.11onze.cat\\\/es\\\/\",\"name\":\"11Onze\",\"description\":\"Primera comunidad fintech digital en Catalu\u00f1a\",\"publisher\":{\"@id\":\"https:\\\/\\\/www.11onze.cat\\\/es\\\/#organization\"},\"potentialAction\":[{\"@type\":\"SearchAction\",\"target\":{\"@type\":\"EntryPoint\",\"urlTemplate\":\"https:\\\/\\\/www.11onze.cat\\\/es\\\/?s={search_term_string}\"},\"query-input\":{\"@type\":\"PropertyValueSpecification\",\"valueRequired\":true,\"valueName\":\"search_term_string\"}}],\"inLanguage\":\"es\"},{\"@type\":\"Organization\",\"@id\":\"https:\\\/\\\/www.11onze.cat\\\/es\\\/#organization\",\"name\":\"11Onze\",\"url\":\"https:\\\/\\\/www.11onze.cat\\\/es\\\/\",\"logo\":{\"@type\":\"ImageObject\",\"inLanguage\":\"es\",\"@id\":\"https:\\\/\\\/www.11onze.cat\\\/es\\\/#\\\/schema\\\/logo\\\/image\\\/\",\"url\":\"https:\\\/\\\/www.11onze.cat\\\/wp-content\\\/uploads\\\/2021\\\/04\\\/512x512-11Onze.jpg\",\"contentUrl\":\"https:\\\/\\\/www.11onze.cat\\\/wp-content\\\/uploads\\\/2021\\\/04\\\/512x512-11Onze.jpg\",\"width\":512,\"height\":512,\"caption\":\"11Onze\"},\"image\":{\"@id\":\"https:\\\/\\\/www.11onze.cat\\\/es\\\/#\\\/schema\\\/logo\\\/image\\\/\"},\"sameAs\":[\"https:\\\/\\\/www.facebook.com\\\/11OnzeComunitat\",\"https:\\\/\\\/x.com\\\/11OnzeFintech\",\"https:\\\/\\\/www.instagram.com\\\/11onzecat\\\/\",\"https:\\\/\\\/www.linkedin.com\\\/company\\\/11onzebanc\",\"https:\\\/\\\/www.youtube.com\\\/channel\\\/UCz63R8Byd_kBKtK2M4Qf_7w\"]},{\"@type\":\"Person\",\"@id\":\"https:\\\/\\\/www.11onze.cat\\\/es\\\/#\\\/schema\\\/person\\\/636d99b4c82bb7178687ecd43c3a61bd\",\"name\":\"Equip Editorial\",\"image\":{\"@type\":\"ImageObject\",\"inLanguage\":\"es\",\"@id\":\"https:\\\/\\\/www.11onze.cat\\\/wp-content\\\/uploads\\\/2022\\\/05\\\/HEADER_AGENTS_DECK-300x300.jpg\",\"url\":\"https:\\\/\\\/www.11onze.cat\\\/wp-content\\\/uploads\\\/2022\\\/05\\\/HEADER_AGENTS_DECK-300x300.jpg\",\"contentUrl\":\"https:\\\/\\\/www.11onze.cat\\\/wp-content\\\/uploads\\\/2022\\\/05\\\/HEADER_AGENTS_DECK-300x300.jpg\",\"caption\":\"Equip Editorial\"},\"url\":\"https:\\\/\\\/www.11onze.cat\\\/es\\\/magazine\\\/author\\\/equip-editorial-11onze\\\/\"}]}<\/script>\n<!-- \/ Yoast SEO plugin. -->","yoast_head_json":{"title":"Los trabajos para liderar el futuro laboral - 11Onze","description":"La agente d\u201911Onze Mireia Sitj\u00e0 repasa las cinco profesiones que marcar\u00e1n el mercado laboral del futuro. En 2022, ampl\u00eda tu curr\u00edculum.","robots":{"index":"index","follow":"follow","max-snippet":"max-snippet:-1","max-image-preview":"max-image-preview:large","max-video-preview":"max-video-preview:-1"},"canonical":"https:\/\/www.11onze.cat\/es\/magazine\/trabajos-liderar-futuro-laboral\/","og_locale":"es_ES","og_type":"article","og_title":"Los trabajos para liderar el futuro laboral - 11Onze","og_description":"La agente d\u201911Onze Mireia Sitj\u00e0 repasa las cinco profesiones que marcar\u00e1n el mercado laboral del futuro. En 2022, ampl\u00eda tu curr\u00edculum.","og_url":"https:\/\/www.11onze.cat\/es\/magazine\/trabajos-liderar-futuro-laboral\/","og_site_name":"11Onze","article_publisher":"https:\/\/www.facebook.com\/11OnzeComunitat","article_published_time":"2022-01-09T20:00:00+00:00","article_modified_time":"2022-01-18T09:32:48+00:00","og_image":[{"url":"https:\/\/www.11onze.cat\/wp-content\/uploads\/2022\/01\/11ONZE_FUTUR_LABORAL.jpg","type":"","width":"","height":""}],"author":"Equip Editorial","twitter_card":"summary_large_image","twitter_title":"Los trabajos para liderar el futuro laboral - 11Onze","twitter_description":"La agente d\u201911Onze Mireia Sitj\u00e0 repasa las cinco profesiones que marcar\u00e1n el mercado laboral del futuro. En 2022, ampl\u00eda tu curr\u00edculum.","twitter_image":"https:\/\/www.11onze.cat\/wp-content\/uploads\/2022\/01\/11ONZE_FUTUR_LABORAL.jpg","twitter_creator":"@11OnzeFintech","twitter_site":"@11OnzeFintech","twitter_misc":{"Escrito por":"Equip Editorial"},"schema":{"@context":"https:\/\/schema.org","@graph":[{"@type":"Article","@id":"https:\/\/www.11onze.cat\/es\/magazine\/trabajos-liderar-futuro-laboral\/#article","isPartOf":{"@id":"https:\/\/www.11onze.cat\/es\/magazine\/trabajos-liderar-futuro-laboral\/"},"author":{"name":"Equip Editorial","@id":"https:\/\/www.11onze.cat\/es\/#\/schema\/person\/636d99b4c82bb7178687ecd43c3a61bd"},"headline":"Los trabajos para liderar el futuro laboral","datePublished":"2022-01-09T20:00:00+00:00","dateModified":"2022-01-18T09:32:48+00:00","mainEntityOfPage":{"@id":"https:\/\/www.11onze.cat\/es\/magazine\/trabajos-liderar-futuro-laboral\/"},"wordCount":7,"commentCount":0,"publisher":{"@id":"https:\/\/www.11onze.cat\/es\/#organization"},"image":{"@id":"https:\/\/www.11onze.cat\/es\/magazine\/trabajos-liderar-futuro-laboral\/#primaryimage"},"thumbnailUrl":"https:\/\/www.11onze.cat\/wp-content\/uploads\/2022\/01\/THUMBNAIL_TREBALLS_DEL_FUTUR.jpg","keywords":["Management"],"articleSection":["Sin categorizar"],"inLanguage":"es","potentialAction":[{"@type":"CommentAction","name":"Comment","target":["https:\/\/www.11onze.cat\/es\/magazine\/trabajos-liderar-futuro-laboral\/#respond"]}]},{"@type":"WebPage","@id":"https:\/\/www.11onze.cat\/es\/magazine\/trabajos-liderar-futuro-laboral\/","url":"https:\/\/www.11onze.cat\/es\/magazine\/trabajos-liderar-futuro-laboral\/","name":"Los trabajos para liderar el futuro laboral - 11Onze","isPartOf":{"@id":"https:\/\/www.11onze.cat\/es\/#website"},"primaryImageOfPage":{"@id":"https:\/\/www.11onze.cat\/es\/magazine\/trabajos-liderar-futuro-laboral\/#primaryimage"},"image":{"@id":"https:\/\/www.11onze.cat\/es\/magazine\/trabajos-liderar-futuro-laboral\/#primaryimage"},"thumbnailUrl":"https:\/\/www.11onze.cat\/wp-content\/uploads\/2022\/01\/THUMBNAIL_TREBALLS_DEL_FUTUR.jpg","datePublished":"2022-01-09T20:00:00+00:00","dateModified":"2022-01-18T09:32:48+00:00","description":"La agente d\u201911Onze Mireia Sitj\u00e0 repasa las cinco profesiones que marcar\u00e1n el mercado laboral del futuro. En 2022, ampl\u00eda tu curr\u00edculum.","breadcrumb":{"@id":"https:\/\/www.11onze.cat\/es\/magazine\/trabajos-liderar-futuro-laboral\/#breadcrumb"},"inLanguage":"es","potentialAction":[{"@type":"ReadAction","target":["https:\/\/www.11onze.cat\/es\/magazine\/trabajos-liderar-futuro-laboral\/"]}]},{"@type":"ImageObject","inLanguage":"es","@id":"https:\/\/www.11onze.cat\/es\/magazine\/trabajos-liderar-futuro-laboral\/#primaryimage","url":"https:\/\/www.11onze.cat\/wp-content\/uploads\/2022\/01\/THUMBNAIL_TREBALLS_DEL_FUTUR.jpg","contentUrl":"https:\/\/www.11onze.cat\/wp-content\/uploads\/2022\/01\/THUMBNAIL_TREBALLS_DEL_FUTUR.jpg","width":1500,"height":1000,"caption":"Back view of talented young engineers sitting at desk and carrying out quality inspection of prototype made with help of 3D printer, interior of modern lab on background"},{"@type":"BreadcrumbList","@id":"https:\/\/www.11onze.cat\/es\/magazine\/trabajos-liderar-futuro-laboral\/#breadcrumb","itemListElement":[{"@type":"ListItem","position":1,"name":"Home","item":"https:\/\/www.11onze.cat\/es\/"},{"@type":"ListItem","position":2,"name":"Los trabajos para liderar el futuro laboral"}]},{"@type":"WebSite","@id":"https:\/\/www.11onze.cat\/es\/#website","url":"https:\/\/www.11onze.cat\/es\/","name":"11Onze","description":"Primera comunidad fintech digital en Catalu\u00f1a","publisher":{"@id":"https:\/\/www.11onze.cat\/es\/#organization"},"potentialAction":[{"@type":"SearchAction","target":{"@type":"EntryPoint","urlTemplate":"https:\/\/www.11onze.cat\/es\/?s={search_term_string}"},"query-input":{"@type":"PropertyValueSpecification","valueRequired":true,"valueName":"search_term_string"}}],"inLanguage":"es"},{"@type":"Organization","@id":"https:\/\/www.11onze.cat\/es\/#organization","name":"11Onze","url":"https:\/\/www.11onze.cat\/es\/","logo":{"@type":"ImageObject","inLanguage":"es","@id":"https:\/\/www.11onze.cat\/es\/#\/schema\/logo\/image\/","url":"https:\/\/www.11onze.cat\/wp-content\/uploads\/2021\/04\/512x512-11Onze.jpg","contentUrl":"https:\/\/www.11onze.cat\/wp-content\/uploads\/2021\/04\/512x512-11Onze.jpg","width":512,"height":512,"caption":"11Onze"},"image":{"@id":"https:\/\/www.11onze.cat\/es\/#\/schema\/logo\/image\/"},"sameAs":["https:\/\/www.facebook.com\/11OnzeComunitat","https:\/\/x.com\/11OnzeFintech","https:\/\/www.instagram.com\/11onzecat\/","https:\/\/www.linkedin.com\/company\/11onzebanc","https:\/\/www.youtube.com\/channel\/UCz63R8Byd_kBKtK2M4Qf_7w"]},{"@type":"Person","@id":"https:\/\/www.11onze.cat\/es\/#\/schema\/person\/636d99b4c82bb7178687ecd43c3a61bd","name":"Equip Editorial","image":{"@type":"ImageObject","inLanguage":"es","@id":"https:\/\/www.11onze.cat\/wp-content\/uploads\/2022\/05\/HEADER_AGENTS_DECK-300x300.jpg","url":"https:\/\/www.11onze.cat\/wp-content\/uploads\/2022\/05\/HEADER_AGENTS_DECK-300x300.jpg","contentUrl":"https:\/\/www.11onze.cat\/wp-content\/uploads\/2022\/05\/HEADER_AGENTS_DECK-300x300.jpg","caption":"Equip Editorial"},"url":"https:\/\/www.11onze.cat\/es\/magazine\/author\/equip-editorial-11onze\/"}]}},"_links":{"self":[{"href":"https:\/\/www.11onze.cat\/es\/wp-json\/wp\/v2\/posts\/24132","targetHints":{"allow":["GET"]}}],"collection":[{"href":"https:\/\/www.11onze.cat\/es\/wp-json\/wp\/v2\/posts"}],"about":[{"href":"https:\/\/www.11onze.cat\/es\/wp-json\/wp\/v2\/types\/post"}],"author":[{"embeddable":true,"href":"https:\/\/www.11onze.cat\/es\/wp-json\/wp\/v2\/users\/71"}],"replies":[{"embeddable":true,"href":"https:\/\/www.11onze.cat\/es\/wp-json\/wp\/v2\/comments?post=24132"}],"version-history":[{"count":0,"href":"https:\/\/www.11onze.cat\/es\/wp-json\/wp\/v2\/posts\/24132\/revisions"}],"wp:featuredmedia":[{"embeddable":true,"href":"https:\/\/www.11onze.cat\/es\/wp-json\/wp\/v2\/media\/24130"}],"wp:attachment":[{"href":"https:\/\/www.11onze.cat\/es\/wp-json\/wp\/v2\/media?parent=24132"}],"wp:term":[{"taxonomy":"category","embeddable":true,"href":"https:\/\/www.11onze.cat\/es\/wp-json\/wp\/v2\/categories?post=24132"},{"taxonomy":"post_tag","embeddable":true,"href":"https:\/\/www.11onze.cat\/es\/wp-json\/wp\/v2\/tags?post=24132"}],"curies":[{"name":"wp","href":"https:\/\/api.w.org\/{rel}","templated":true}]}}