{"id":23919,"date":"2025-01-07T09:00:00","date_gmt":"2025-01-07T08:00:00","guid":{"rendered":"https:\/\/www.11onze.cat\/?p=23919"},"modified":"2025-01-07T11:10:18","modified_gmt":"2025-01-07T10:10:18","slug":"enero-vacas-flacas","status":"publish","type":"post","link":"https:\/\/www.11onze.cat\/es\/magazine\/enero-vacas-flacas\/","title":{"rendered":"\u00bfEn enero vacas flacas?"},"content":{"rendered":"<div class=\"component text\">\n  <div class=\"container\">\n\n\n    <div class=\"row\">\n      <div class=\"col  col-lg-8  offset-lg-2\">\n        <h3><b>Poco despu\u00e9s de comernos las uvas hablamos de \u2018la cuesta de enero\u2019, una expresi\u00f3n muy conocida y propia del mes de enero, a pesar de que \u00faltimamente parece tener una tendencia inflacionaria que la alarga al resto del a\u00f1o. Pero \u00bfde d\u00f3nde viene esta idea?<\/b><\/h3>\n<p>&nbsp;<\/p>\n<p><span style=\"font-weight: 400;\">La carencia de recursos financieros asociada al primer mes del a\u00f1o es causada por una serie de variables que convierten este mes en especialmente problem\u00e1tico, <\/span><b>no solo en referencia a la econom\u00eda personal sino tambi\u00e9n en cuanto al estado emocional de muchas personas<\/b><span style=\"font-weight: 400;\">.<\/span><\/p>\n<p><span style=\"font-weight: 400;\">El concepto de \u2018la cuesta de enero\u2019 empieza a aparecer en los medios espa\u00f1oles en el siglo XIX, conectado en el mundo teatral. Y es que, despu\u00e9s de gastar m\u00e1s de la cuenta durante las fiestas de Navidad, en los teatros se notaba una <\/span><a href=\"https:\/\/www.puromarketing.com\/14\/33088\/cuesta-enero-marcando-vida-consumidores-desde-hace-mas-anos.html\"><span style=\"font-weight: 400;\">fuerte bajada de espectadores<\/span><\/a><span style=\"font-weight: 400;\">. As\u00ed es como se empieza a popularizar el concepto, que se ve reforzado por la subida de precios de servicios que se produce cada inicio de a\u00f1o. Los precios regulados por las administraciones, se actualizan el 1 de enero, y esto impacta directamente en el bolsillo (ya castigado) del ciudadano.<\/span><\/p>\n<p><span style=\"font-weight: 400;\">Es entonces cuando mucha gente se acuerda de los gastos hechos durante las fiestas de Navidad. Adem\u00e1s, para combatir la bajada de consumo, los vendedores aplican rebajas. Y se produce esta ambivalencia: el consumidor tiene menos dinero, pero tiene ganas de seguir gastando, por los tentadores descuentos.<\/span><\/p>\n<p><span style=\"font-weight: 400;\">En el \u00e1mbito internacional se habla del \u2018<\/span><a href=\"https:\/\/cadenaser.com\/ser\/2019\/01\/21\/sociedad\/1548061425_322194.html\"><span style=\"font-weight: 400;\">Blue Monday<\/span><\/a><span style=\"font-weight: 400;\">\u2019, o lunes triste, un concepto originario de una campa\u00f1a publicitar\u00eda de Sky Travel, y que hace referencia al tercer lunes de enero como el d\u00eda m\u00e1s triste del a\u00f1o. No tiene ninguna base cient\u00edfica, no obstante, ejemplifica la bajada a nivel emocional que acompa\u00f1a estas fechas. La vuelta a la rutina despu\u00e9s del periodo vacacional enmarca el final de ciclo de un a\u00f1o en que quiz\u00e1s no hemos conseguido los objetivos que nos hab\u00edamos propuesto, con la subsecuente decepci\u00f3n. Un estado an\u00edmico y emocional ahora tambi\u00e9n tocado por la <\/span><b>incertidumbre y angustia causadas por la pandemia<\/b><span style=\"font-weight: 400;\">.<\/span><\/p>\n<h3><b>Un fen\u00f3meno econ\u00f3mico del siglo XX<\/b><\/h3>\n<p><span style=\"font-weight: 400;\">El fen\u00f3meno econ\u00f3mico y social de gastar el que no se puede pagar no se origin\u00f3 con el consumismo, pero s\u00ed que es verdad que esta tendencia a<\/span><b> consumir productos en cantidades muy superiores a las necesarias<\/b><span style=\"font-weight: 400;\"> fue amplificada con la aparici\u00f3n del marketing contempor\u00e1neo, creando nuevas necesidades y deseo de compra en la poblaci\u00f3n con el fin de alimentar el crecimiento econ\u00f3mico ilimitado propio del capitalismo.<\/span><\/p>\n<p><span style=\"font-weight: 400;\">Es a partir de este escenario microecon\u00f3mico del siglo pasado donde se populariza el concepto de \u2018la cuesta de enero\u2019. Espoleada por una alianza de intereses del mundo financiero, empresarial y publicitario que trabajan juntos para perpetuar un consumo basado en un crecimiento continuo. La publicidad nos convence de la necesidad de comprar infinidad de productos que no necesitamos, mientras que los bancos nos dan todas las facilidades para gastar dinero que no tenemos.<\/span><\/p>\n<p><span style=\"font-weight: 400;\">En gran medida, el ant\u00eddoto a \u2018la cuesta de enero\u2019 es tan sencillo como <\/span><b>asegurar que la poblaci\u00f3n tiene una buena educaci\u00f3n financiera<\/b><span style=\"font-weight: 400;\">. Obviamente, hay gastos inevitables como los de suministros de agua, electricidad, o las hipotecas, pero el uso del cr\u00e9dito y conocimiento de otras herramientas financieras al alcance de una econom\u00eda familiar son esenciales no solo para prevenir penurias econ\u00f3micas a lo largo del a\u00f1o, sino para mantener cierta salud emocional.<\/span><\/p>\n<p><span style=\"font-weight: 400;\">Y es por eso que desde 11Onze damos tanta importancia a la formaci\u00f3n financiera de nuestra comunidad, y ponemos al alcance de todo el mundo <\/span><a href=\"https:\/\/www.11onze.cat\/aprendre\/\"><b>herramientas de aprendizaje<\/b><\/a><b> para empoderar a las personas a gestionar sus bienes de la mejor manera posible<\/b><span style=\"font-weight: 400;\">.<\/span><\/p>\n<p>&nbsp;<\/p>\n<p><b>11Onze es la fintech comunitaria de Catalu\u00f1a. Abre una cuenta descargando la app El Canut para <\/b><a href=\"https:\/\/play.google.com\/store\/apps\/details?id=com.e11onze.app&amp;utm_source=emailing&amp;utm_campaign=CANUT+launch\"><b>Android<\/b><\/a><b> o <\/b><a href=\"https:\/\/apps.apple.com\/us\/app\/11onze\/id1566129237?utm_campaign=El+Canut\"><b>iOS<\/b><\/a><b>. \u00a1\u00danete a la revoluci\u00f3n!<\/b><\/p>\n\n      <\/div>\n    <\/div>\n  <\/div>\n<\/div>\n\n\n<div class=\"component cards\">\n  <div class=\"container\">\n    <div class=\"row\">\n      <div class=\"col col-xl-8 offset-xl-2\">\n        <h1>Si te ha gustado este art\u00edculo, te recomendamos:<\/h1>\n        <div class=\"cards__wrapper\">\n          <div class=\"card\">\n            <a href=\"https:\/\/www.11onze.cat\/es\/magazine\/fincom-forja-soberania-financiera\/\" class=\"card-link\" target=\"_self\"><\/a>\n            <div class=\"card-img\">\n              <img decoding=\"async\" src=\"https:\/\/www.11onze.cat\/wp-content\/uploads\/2021\/09\/THUMBNAIL_FINCOM_HUB-800x534.jpg\" class=\"card-img-top\" alt=\"\">\n                <span class=\"card-category\">Finanzas<\/span>\n            <\/div>\n            <div class=\"card-body\">\n              <p class=\"card-title p2\"><strong>La fincom que forja la soberan\u00eda financiera<\/strong><\/p>\n              <span class=\"card-time\">5min lectura<\/span>\n              <p class=\"card-text small\">En 11Onze no solamente estamos creando  una fintech&#8230;<\/p>\n            <\/div>\n          <\/div>\n\n\n          <div class=\"card\">\n            <a href=\"https:\/\/www.11onze.cat\/es\/magazine\/11-consejos-mejorar-economia-familiar\/\" class=\"card-link\" target=\"_self\"><\/a>\n            <div class=\"card-img\">\n              <img decoding=\"async\" src=\"https:\/\/www.11onze.cat\/wp-content\/uploads\/2021\/04\/THUMBNAIL_11.jpg\" class=\"card-img-top\" alt=\"\">\n                <span class=\"card-category\">Econom\u00eda<\/span>\n            <\/div>\n            <div class=\"card-body\">\n              <p class=\"card-title p2\"><strong>11 consejos para mejorar la econom\u00eda familiar<\/strong><\/p>\n              <span class=\"card-time\">4min lectura<\/span>\n              <p class=\"card-text small\">La subida generalizada de precios est\u00e1 complicando&#8230;<\/p>\n            <\/div>\n          <\/div>\n\n\n          <div class=\"card\">\n            <a href=\"https:\/\/www.11onze.cat\/es\/magazine\/como-afectara-omicron-economia\/\" class=\"card-link\" target=\"_self\"><\/a>\n            <div class=\"card-img\">\n              <img decoding=\"async\" src=\"https:\/\/www.11onze.cat\/wp-content\/uploads\/2021\/12\/THUMBNAIL_OMNICRON-685x600.jpg\" class=\"card-img-top\" alt=\"\">\n                <span class=\"card-category\">Econom\u00eda<\/span>\n            <\/div>\n            <div class=\"card-body\">\n              <p class=\"card-title p2\"><strong>\u00bfC\u00f3mo afectar\u00e1 la \u00f3micron a la econom\u00eda?<\/strong><\/p>\n              <span class=\"card-time\">3min lectura<\/span>\n              <p class=\"card-text small\">La fuerte recuperaci\u00f3n econ\u00f3mica post-Covid sigue&#8230;<\/p>\n            <\/div>\n          <\/div>\n\n              <\/div>\n              <br>\n              <br>\n              <div class=\"cards__wrapper\">\n\n        <\/div>\n      <\/div>\n    <\/div>\n  <\/div>\n<\/div>","protected":false},"excerpt":{"rendered":"","protected":false},"author":71,"featured_media":23911,"comment_status":"open","ping_status":"closed","sticky":false,"template":"","format":"standard","meta":{"_acf_changed":false,"content-type":"","footnotes":""},"categories":[28],"tags":[174],"class_list":["post-23919","post","type-post","status-publish","format-standard","has-post-thumbnail","hentry","category-sin-categorizar","tag-economia-es"],"acf":[],"yoast_head":"<!-- This site is optimized with the Yoast SEO plugin v27.5 - https:\/\/yoast.com\/product\/yoast-seo-wordpress\/ -->\n<title>\u00bfEn enero vacas flacas? -11Onze<\/title>\n<meta name=\"description\" content=\"En enero se habla de vacas flacas o de \u201cla cuesta de enero\u201d. \u00bfCu\u00e1l es el origen de esta idea? L\u00e9elo en 11Onze Magazine.\" \/>\n<meta name=\"robots\" content=\"index, follow, max-snippet:-1, max-image-preview:large, max-video-preview:-1\" \/>\n<link rel=\"canonical\" href=\"https:\/\/www.11onze.cat\/es\/magazine\/enero-vacas-flacas\/\" \/>\n<meta property=\"og:locale\" content=\"es_ES\" \/>\n<meta property=\"og:type\" content=\"article\" \/>\n<meta property=\"og:title\" content=\"\u00bfEn enero vacas flacas? - 11Onze\" \/>\n<meta property=\"og:description\" content=\"En enero se habla de vacas flacas o de \u201cla cuesta de enero\u201d. \u00bfCu\u00e1l es el origen de esta idea? L\u00e9elo en 11Onze Magazine.\" \/>\n<meta property=\"og:url\" content=\"https:\/\/www.11onze.cat\/es\/magazine\/enero-vacas-flacas\/\" \/>\n<meta property=\"og:site_name\" content=\"11Onze\" \/>\n<meta property=\"article:publisher\" content=\"https:\/\/www.facebook.com\/11OnzeComunitat\" \/>\n<meta property=\"article:published_time\" content=\"2025-01-07T08:00:00+00:00\" \/>\n<meta property=\"article:modified_time\" content=\"2025-01-07T10:10:18+00:00\" \/>\n<meta property=\"og:image\" content=\"https:\/\/www.11onze.cat\/wp-content\/uploads\/2022\/01\/11ONZE_VAQUES_MAGRES.jpg\" \/>\n<meta name=\"author\" content=\"Equip Editorial\" \/>\n<meta name=\"twitter:card\" content=\"summary_large_image\" \/>\n<meta name=\"twitter:title\" content=\"\u00bfEn enero vacas flacas? - 11Onze\" \/>\n<meta name=\"twitter:description\" content=\"En enero se habla de vacas flacas o de \u201cla cuesta de enero\u201d. \u00bfCu\u00e1l es el origen de esta idea? L\u00e9elo en 11Onze Magazine.\" \/>\n<meta name=\"twitter:image\" content=\"https:\/\/www.11onze.cat\/wp-content\/uploads\/2022\/01\/11ONZE_VAQUES_MAGRES.jpg\" \/>\n<meta name=\"twitter:creator\" content=\"@11OnzeFintech\" \/>\n<meta name=\"twitter:site\" content=\"@11OnzeFintech\" \/>\n<meta name=\"twitter:label1\" content=\"Escrito por\" \/>\n\t<meta name=\"twitter:data1\" content=\"Equip Editorial\" \/>\n\t<meta name=\"twitter:label2\" content=\"Tiempo de lectura\" \/>\n\t<meta name=\"twitter:data2\" content=\"1 minuto\" \/>\n<script type=\"application\/ld+json\" class=\"yoast-schema-graph\">{\"@context\":\"https:\\\/\\\/schema.org\",\"@graph\":[{\"@type\":\"Article\",\"@id\":\"https:\\\/\\\/www.11onze.cat\\\/es\\\/magazine\\\/enero-vacas-flacas\\\/#article\",\"isPartOf\":{\"@id\":\"https:\\\/\\\/www.11onze.cat\\\/es\\\/magazine\\\/enero-vacas-flacas\\\/\"},\"author\":{\"name\":\"Equip Editorial\",\"@id\":\"https:\\\/\\\/www.11onze.cat\\\/es\\\/#\\\/schema\\\/person\\\/636d99b4c82bb7178687ecd43c3a61bd\"},\"headline\":\"\u00bfEn enero vacas flacas?\",\"datePublished\":\"2025-01-07T08:00:00+00:00\",\"dateModified\":\"2025-01-07T10:10:18+00:00\",\"mainEntityOfPage\":{\"@id\":\"https:\\\/\\\/www.11onze.cat\\\/es\\\/magazine\\\/enero-vacas-flacas\\\/\"},\"wordCount\":4,\"commentCount\":0,\"publisher\":{\"@id\":\"https:\\\/\\\/www.11onze.cat\\\/es\\\/#organization\"},\"image\":{\"@id\":\"https:\\\/\\\/www.11onze.cat\\\/es\\\/magazine\\\/enero-vacas-flacas\\\/#primaryimage\"},\"thumbnailUrl\":\"https:\\\/\\\/www.11onze.cat\\\/wp-content\\\/uploads\\\/2022\\\/01\\\/THUMBNAIL_COM_SORGEIX_CUESTA_ENERO.jpg\",\"keywords\":[\"Econom\u00eda\"],\"articleSection\":[\"Sin categorizar\"],\"inLanguage\":\"es\",\"potentialAction\":[{\"@type\":\"CommentAction\",\"name\":\"Comment\",\"target\":[\"https:\\\/\\\/www.11onze.cat\\\/es\\\/magazine\\\/enero-vacas-flacas\\\/#respond\"]}]},{\"@type\":\"WebPage\",\"@id\":\"https:\\\/\\\/www.11onze.cat\\\/es\\\/magazine\\\/enero-vacas-flacas\\\/\",\"url\":\"https:\\\/\\\/www.11onze.cat\\\/es\\\/magazine\\\/enero-vacas-flacas\\\/\",\"name\":\"\u00bfEn enero vacas flacas? -11Onze\",\"isPartOf\":{\"@id\":\"https:\\\/\\\/www.11onze.cat\\\/es\\\/#website\"},\"primaryImageOfPage\":{\"@id\":\"https:\\\/\\\/www.11onze.cat\\\/es\\\/magazine\\\/enero-vacas-flacas\\\/#primaryimage\"},\"image\":{\"@id\":\"https:\\\/\\\/www.11onze.cat\\\/es\\\/magazine\\\/enero-vacas-flacas\\\/#primaryimage\"},\"thumbnailUrl\":\"https:\\\/\\\/www.11onze.cat\\\/wp-content\\\/uploads\\\/2022\\\/01\\\/THUMBNAIL_COM_SORGEIX_CUESTA_ENERO.jpg\",\"datePublished\":\"2025-01-07T08:00:00+00:00\",\"dateModified\":\"2025-01-07T10:10:18+00:00\",\"description\":\"En enero se habla de vacas flacas o de \u201cla cuesta de enero\u201d. \u00bfCu\u00e1l es el origen de esta idea? L\u00e9elo en 11Onze Magazine.\",\"breadcrumb\":{\"@id\":\"https:\\\/\\\/www.11onze.cat\\\/es\\\/magazine\\\/enero-vacas-flacas\\\/#breadcrumb\"},\"inLanguage\":\"es\",\"potentialAction\":[{\"@type\":\"ReadAction\",\"target\":[\"https:\\\/\\\/www.11onze.cat\\\/es\\\/magazine\\\/enero-vacas-flacas\\\/\"]}]},{\"@type\":\"ImageObject\",\"inLanguage\":\"es\",\"@id\":\"https:\\\/\\\/www.11onze.cat\\\/es\\\/magazine\\\/enero-vacas-flacas\\\/#primaryimage\",\"url\":\"https:\\\/\\\/www.11onze.cat\\\/wp-content\\\/uploads\\\/2022\\\/01\\\/THUMBNAIL_COM_SORGEIX_CUESTA_ENERO.jpg\",\"contentUrl\":\"https:\\\/\\\/www.11onze.cat\\\/wp-content\\\/uploads\\\/2022\\\/01\\\/THUMBNAIL_COM_SORGEIX_CUESTA_ENERO.jpg\",\"width\":1500,\"height\":1000,\"caption\":\"Closeup of young man holding bill to check the price in supermarket\"},{\"@type\":\"BreadcrumbList\",\"@id\":\"https:\\\/\\\/www.11onze.cat\\\/es\\\/magazine\\\/enero-vacas-flacas\\\/#breadcrumb\",\"itemListElement\":[{\"@type\":\"ListItem\",\"position\":1,\"name\":\"Home\",\"item\":\"https:\\\/\\\/www.11onze.cat\\\/es\\\/\"},{\"@type\":\"ListItem\",\"position\":2,\"name\":\"\u00bfEn enero vacas flacas?\"}]},{\"@type\":\"WebSite\",\"@id\":\"https:\\\/\\\/www.11onze.cat\\\/es\\\/#website\",\"url\":\"https:\\\/\\\/www.11onze.cat\\\/es\\\/\",\"name\":\"11Onze\",\"description\":\"Primera comunidad fintech digital en Catalu\u00f1a\",\"publisher\":{\"@id\":\"https:\\\/\\\/www.11onze.cat\\\/es\\\/#organization\"},\"potentialAction\":[{\"@type\":\"SearchAction\",\"target\":{\"@type\":\"EntryPoint\",\"urlTemplate\":\"https:\\\/\\\/www.11onze.cat\\\/es\\\/?s={search_term_string}\"},\"query-input\":{\"@type\":\"PropertyValueSpecification\",\"valueRequired\":true,\"valueName\":\"search_term_string\"}}],\"inLanguage\":\"es\"},{\"@type\":\"Organization\",\"@id\":\"https:\\\/\\\/www.11onze.cat\\\/es\\\/#organization\",\"name\":\"11Onze\",\"url\":\"https:\\\/\\\/www.11onze.cat\\\/es\\\/\",\"logo\":{\"@type\":\"ImageObject\",\"inLanguage\":\"es\",\"@id\":\"https:\\\/\\\/www.11onze.cat\\\/es\\\/#\\\/schema\\\/logo\\\/image\\\/\",\"url\":\"https:\\\/\\\/www.11onze.cat\\\/wp-content\\\/uploads\\\/2021\\\/04\\\/512x512-11Onze.jpg\",\"contentUrl\":\"https:\\\/\\\/www.11onze.cat\\\/wp-content\\\/uploads\\\/2021\\\/04\\\/512x512-11Onze.jpg\",\"width\":512,\"height\":512,\"caption\":\"11Onze\"},\"image\":{\"@id\":\"https:\\\/\\\/www.11onze.cat\\\/es\\\/#\\\/schema\\\/logo\\\/image\\\/\"},\"sameAs\":[\"https:\\\/\\\/www.facebook.com\\\/11OnzeComunitat\",\"https:\\\/\\\/x.com\\\/11OnzeFintech\",\"https:\\\/\\\/www.instagram.com\\\/11onzecat\\\/\",\"https:\\\/\\\/www.linkedin.com\\\/company\\\/11onzebanc\",\"https:\\\/\\\/www.youtube.com\\\/channel\\\/UCz63R8Byd_kBKtK2M4Qf_7w\"]},{\"@type\":\"Person\",\"@id\":\"https:\\\/\\\/www.11onze.cat\\\/es\\\/#\\\/schema\\\/person\\\/636d99b4c82bb7178687ecd43c3a61bd\",\"name\":\"Equip Editorial\",\"image\":{\"@type\":\"ImageObject\",\"inLanguage\":\"es\",\"@id\":\"https:\\\/\\\/www.11onze.cat\\\/wp-content\\\/uploads\\\/2022\\\/05\\\/HEADER_AGENTS_DECK-300x300.jpg\",\"url\":\"https:\\\/\\\/www.11onze.cat\\\/wp-content\\\/uploads\\\/2022\\\/05\\\/HEADER_AGENTS_DECK-300x300.jpg\",\"contentUrl\":\"https:\\\/\\\/www.11onze.cat\\\/wp-content\\\/uploads\\\/2022\\\/05\\\/HEADER_AGENTS_DECK-300x300.jpg\",\"caption\":\"Equip Editorial\"},\"url\":\"https:\\\/\\\/www.11onze.cat\\\/es\\\/magazine\\\/author\\\/equip-editorial-11onze\\\/\"}]}<\/script>\n<!-- \/ Yoast SEO plugin. -->","yoast_head_json":{"title":"\u00bfEn enero vacas flacas? -11Onze","description":"En enero se habla de vacas flacas o de \u201cla cuesta de enero\u201d. \u00bfCu\u00e1l es el origen de esta idea? L\u00e9elo en 11Onze Magazine.","robots":{"index":"index","follow":"follow","max-snippet":"max-snippet:-1","max-image-preview":"max-image-preview:large","max-video-preview":"max-video-preview:-1"},"canonical":"https:\/\/www.11onze.cat\/es\/magazine\/enero-vacas-flacas\/","og_locale":"es_ES","og_type":"article","og_title":"\u00bfEn enero vacas flacas? - 11Onze","og_description":"En enero se habla de vacas flacas o de \u201cla cuesta de enero\u201d. \u00bfCu\u00e1l es el origen de esta idea? L\u00e9elo en 11Onze Magazine.","og_url":"https:\/\/www.11onze.cat\/es\/magazine\/enero-vacas-flacas\/","og_site_name":"11Onze","article_publisher":"https:\/\/www.facebook.com\/11OnzeComunitat","article_published_time":"2025-01-07T08:00:00+00:00","article_modified_time":"2025-01-07T10:10:18+00:00","og_image":[{"url":"https:\/\/www.11onze.cat\/wp-content\/uploads\/2022\/01\/11ONZE_VAQUES_MAGRES.jpg","type":"","width":"","height":""}],"author":"Equip Editorial","twitter_card":"summary_large_image","twitter_title":"\u00bfEn enero vacas flacas? - 11Onze","twitter_description":"En enero se habla de vacas flacas o de \u201cla cuesta de enero\u201d. \u00bfCu\u00e1l es el origen de esta idea? L\u00e9elo en 11Onze Magazine.","twitter_image":"https:\/\/www.11onze.cat\/wp-content\/uploads\/2022\/01\/11ONZE_VAQUES_MAGRES.jpg","twitter_creator":"@11OnzeFintech","twitter_site":"@11OnzeFintech","twitter_misc":{"Escrito por":"Equip Editorial","Tiempo de lectura":"1 minuto"},"schema":{"@context":"https:\/\/schema.org","@graph":[{"@type":"Article","@id":"https:\/\/www.11onze.cat\/es\/magazine\/enero-vacas-flacas\/#article","isPartOf":{"@id":"https:\/\/www.11onze.cat\/es\/magazine\/enero-vacas-flacas\/"},"author":{"name":"Equip Editorial","@id":"https:\/\/www.11onze.cat\/es\/#\/schema\/person\/636d99b4c82bb7178687ecd43c3a61bd"},"headline":"\u00bfEn enero vacas flacas?","datePublished":"2025-01-07T08:00:00+00:00","dateModified":"2025-01-07T10:10:18+00:00","mainEntityOfPage":{"@id":"https:\/\/www.11onze.cat\/es\/magazine\/enero-vacas-flacas\/"},"wordCount":4,"commentCount":0,"publisher":{"@id":"https:\/\/www.11onze.cat\/es\/#organization"},"image":{"@id":"https:\/\/www.11onze.cat\/es\/magazine\/enero-vacas-flacas\/#primaryimage"},"thumbnailUrl":"https:\/\/www.11onze.cat\/wp-content\/uploads\/2022\/01\/THUMBNAIL_COM_SORGEIX_CUESTA_ENERO.jpg","keywords":["Econom\u00eda"],"articleSection":["Sin categorizar"],"inLanguage":"es","potentialAction":[{"@type":"CommentAction","name":"Comment","target":["https:\/\/www.11onze.cat\/es\/magazine\/enero-vacas-flacas\/#respond"]}]},{"@type":"WebPage","@id":"https:\/\/www.11onze.cat\/es\/magazine\/enero-vacas-flacas\/","url":"https:\/\/www.11onze.cat\/es\/magazine\/enero-vacas-flacas\/","name":"\u00bfEn enero vacas flacas? -11Onze","isPartOf":{"@id":"https:\/\/www.11onze.cat\/es\/#website"},"primaryImageOfPage":{"@id":"https:\/\/www.11onze.cat\/es\/magazine\/enero-vacas-flacas\/#primaryimage"},"image":{"@id":"https:\/\/www.11onze.cat\/es\/magazine\/enero-vacas-flacas\/#primaryimage"},"thumbnailUrl":"https:\/\/www.11onze.cat\/wp-content\/uploads\/2022\/01\/THUMBNAIL_COM_SORGEIX_CUESTA_ENERO.jpg","datePublished":"2025-01-07T08:00:00+00:00","dateModified":"2025-01-07T10:10:18+00:00","description":"En enero se habla de vacas flacas o de \u201cla cuesta de enero\u201d. \u00bfCu\u00e1l es el origen de esta idea? L\u00e9elo en 11Onze Magazine.","breadcrumb":{"@id":"https:\/\/www.11onze.cat\/es\/magazine\/enero-vacas-flacas\/#breadcrumb"},"inLanguage":"es","potentialAction":[{"@type":"ReadAction","target":["https:\/\/www.11onze.cat\/es\/magazine\/enero-vacas-flacas\/"]}]},{"@type":"ImageObject","inLanguage":"es","@id":"https:\/\/www.11onze.cat\/es\/magazine\/enero-vacas-flacas\/#primaryimage","url":"https:\/\/www.11onze.cat\/wp-content\/uploads\/2022\/01\/THUMBNAIL_COM_SORGEIX_CUESTA_ENERO.jpg","contentUrl":"https:\/\/www.11onze.cat\/wp-content\/uploads\/2022\/01\/THUMBNAIL_COM_SORGEIX_CUESTA_ENERO.jpg","width":1500,"height":1000,"caption":"Closeup of young man holding bill to check the price in supermarket"},{"@type":"BreadcrumbList","@id":"https:\/\/www.11onze.cat\/es\/magazine\/enero-vacas-flacas\/#breadcrumb","itemListElement":[{"@type":"ListItem","position":1,"name":"Home","item":"https:\/\/www.11onze.cat\/es\/"},{"@type":"ListItem","position":2,"name":"\u00bfEn enero vacas flacas?"}]},{"@type":"WebSite","@id":"https:\/\/www.11onze.cat\/es\/#website","url":"https:\/\/www.11onze.cat\/es\/","name":"11Onze","description":"Primera comunidad fintech digital en Catalu\u00f1a","publisher":{"@id":"https:\/\/www.11onze.cat\/es\/#organization"},"potentialAction":[{"@type":"SearchAction","target":{"@type":"EntryPoint","urlTemplate":"https:\/\/www.11onze.cat\/es\/?s={search_term_string}"},"query-input":{"@type":"PropertyValueSpecification","valueRequired":true,"valueName":"search_term_string"}}],"inLanguage":"es"},{"@type":"Organization","@id":"https:\/\/www.11onze.cat\/es\/#organization","name":"11Onze","url":"https:\/\/www.11onze.cat\/es\/","logo":{"@type":"ImageObject","inLanguage":"es","@id":"https:\/\/www.11onze.cat\/es\/#\/schema\/logo\/image\/","url":"https:\/\/www.11onze.cat\/wp-content\/uploads\/2021\/04\/512x512-11Onze.jpg","contentUrl":"https:\/\/www.11onze.cat\/wp-content\/uploads\/2021\/04\/512x512-11Onze.jpg","width":512,"height":512,"caption":"11Onze"},"image":{"@id":"https:\/\/www.11onze.cat\/es\/#\/schema\/logo\/image\/"},"sameAs":["https:\/\/www.facebook.com\/11OnzeComunitat","https:\/\/x.com\/11OnzeFintech","https:\/\/www.instagram.com\/11onzecat\/","https:\/\/www.linkedin.com\/company\/11onzebanc","https:\/\/www.youtube.com\/channel\/UCz63R8Byd_kBKtK2M4Qf_7w"]},{"@type":"Person","@id":"https:\/\/www.11onze.cat\/es\/#\/schema\/person\/636d99b4c82bb7178687ecd43c3a61bd","name":"Equip Editorial","image":{"@type":"ImageObject","inLanguage":"es","@id":"https:\/\/www.11onze.cat\/wp-content\/uploads\/2022\/05\/HEADER_AGENTS_DECK-300x300.jpg","url":"https:\/\/www.11onze.cat\/wp-content\/uploads\/2022\/05\/HEADER_AGENTS_DECK-300x300.jpg","contentUrl":"https:\/\/www.11onze.cat\/wp-content\/uploads\/2022\/05\/HEADER_AGENTS_DECK-300x300.jpg","caption":"Equip Editorial"},"url":"https:\/\/www.11onze.cat\/es\/magazine\/author\/equip-editorial-11onze\/"}]}},"_links":{"self":[{"href":"https:\/\/www.11onze.cat\/es\/wp-json\/wp\/v2\/posts\/23919","targetHints":{"allow":["GET"]}}],"collection":[{"href":"https:\/\/www.11onze.cat\/es\/wp-json\/wp\/v2\/posts"}],"about":[{"href":"https:\/\/www.11onze.cat\/es\/wp-json\/wp\/v2\/types\/post"}],"author":[{"embeddable":true,"href":"https:\/\/www.11onze.cat\/es\/wp-json\/wp\/v2\/users\/71"}],"replies":[{"embeddable":true,"href":"https:\/\/www.11onze.cat\/es\/wp-json\/wp\/v2\/comments?post=23919"}],"version-history":[{"count":0,"href":"https:\/\/www.11onze.cat\/es\/wp-json\/wp\/v2\/posts\/23919\/revisions"}],"wp:featuredmedia":[{"embeddable":true,"href":"https:\/\/www.11onze.cat\/es\/wp-json\/wp\/v2\/media\/23911"}],"wp:attachment":[{"href":"https:\/\/www.11onze.cat\/es\/wp-json\/wp\/v2\/media?parent=23919"}],"wp:term":[{"taxonomy":"category","embeddable":true,"href":"https:\/\/www.11onze.cat\/es\/wp-json\/wp\/v2\/categories?post=23919"},{"taxonomy":"post_tag","embeddable":true,"href":"https:\/\/www.11onze.cat\/es\/wp-json\/wp\/v2\/tags?post=23919"}],"curies":[{"name":"wp","href":"https:\/\/api.w.org\/{rel}","templated":true}]}}