{"id":23690,"date":"2021-12-28T21:00:00","date_gmt":"2021-12-28T20:00:00","guid":{"rendered":"https:\/\/www.11onze.cat\/?p=23690"},"modified":"2021-12-23T16:29:46","modified_gmt":"2021-12-23T15:29:46","slug":"como-afectara-omicron-economia","status":"publish","type":"post","link":"https:\/\/www.11onze.cat\/es\/magazine\/como-afectara-omicron-economia\/","title":{"rendered":"\u00bfC\u00f3mo afectar\u00e1 la \u00f3micron a la econom\u00eda?"},"content":{"rendered":"<div class=\"component text\">\n  <div class=\"container\">\n\n\n    <div class=\"row\">\n      <div class=\"col  col-lg-8  offset-lg-2\">\n        <h3><strong>La fuerte recuperaci\u00f3n econ\u00f3mica post-Covid sigue avanzando, pero la presencia de la nueva variante \u00f3micron del coronavirus y su r\u00e1pida expansi\u00f3n podr\u00eda tener un impacto significativo en la desaceleraci\u00f3n del crecimiento econ\u00f3mico global. Hagamos un repaso a las previsiones de los expertos.<\/strong><\/h3>\n<p>&nbsp;<\/p>\n<p><span style=\"font-weight: 400;\">Si bien es cierto que las medidas impuestas por los Estados eran necesarias para contener la pandemia, <\/span><b>las restricciones paralizaron la econom\u00eda global con una ca\u00edda hist\u00f3rica del PIB mundial<\/b><span style=\"font-weight: 400;\">. El avance en las vacunaciones, especialmente en los pa\u00edses m\u00e1s desarrollados, y las pol\u00edticas fiscales expansivas aplicadas por gobiernos y bancos centrales han sentado las bases de una recuperaci\u00f3n econ\u00f3mica que empez\u00f3 a finales del 2020 y que parec\u00eda imparable hasta la entrada en juego de esta nueva variante del coronavirus.<\/span><\/p>\n<p><span style=\"font-weight: 400;\">Todav\u00eda es demasiado pronto para saber con certeza el impacto final del rebrote de una pandemia que parec\u00eda controlada, no obstante, <\/span><b>el <\/b><a href=\"https:\/\/www.bde.es\/bde\/es\/secciones\/informes\/analisis-economico-e-investigacion\/relacionados\/boletin-economico\/informes-trimestrales-de-la-economia-espanola\/\"><b>Banco de Espa\u00f1a <\/b><\/a><b>ha confirmado que la recuperaci\u00f3n se deshincha y se prev\u00e9, que este a\u00f1o, la econom\u00eda espa\u00f1ola crecer\u00e1 un 4,5% <\/b><span style=\"font-weight: 400;\">(un punto y medio menos del 6% que se preve\u00eda en septiembre). La incertidumbre tambi\u00e9n rebaja medio punto, hasta el 5,4%, la previsi\u00f3n de crecimiento para el a\u00f1o pr\u00f3ximo y pone en entredicho el optimismo para el 2023.<\/span><\/p>\n<p><span style=\"font-weight: 400;\">Los pron\u00f3sticos de los <\/span><a href=\"https:\/\/www.imf.org\/en\/Publications\/WEO\/Issues\/2021\/01\/26\/2021-world-economic-outlook-update\"><span style=\"font-weight: 400;\">informes <\/span><\/a><span style=\"font-weight: 400;\">del <\/span><b>Fondo Monetario Internacional (FMI) coinciden a la hora de prever una desaceleraci\u00f3n econ\u00f3mica<\/b><span style=\"font-weight: 400;\"> global causada por la \u00f3micron. Tambi\u00e9n ha revisado, a la baja, sus previsiones de crecimiento, atendidos los problemas continuados de log\u00edstica en la cadena de suministros y la vacunaci\u00f3n desigual entre pa\u00edses.<\/span><\/p>\n<h3><b>Optimismo moderado<\/b><\/h3>\n<p><span style=\"font-weight: 400;\">Aun as\u00ed, la Organizaci\u00f3n de Pa\u00edses Exportadores de Petr\u00f3leo (OPEP) <\/span><a href=\"https:\/\/www.marketwatch.com\/story\/omicron-impact-on-world-oil-demand-to-be-mild-and-short-lived-opec-2021-12-13\"><span style=\"font-weight: 400;\">afirma<\/span><\/a><span style=\"font-weight: 400;\"> en su informe mensual: \u201cSe espera que el impacto de la nueva variante \u00f3micron sea leve y de corta duraci\u00f3n, a medida que el mundo se equipa mejor para gestionar la Covid-19 y sus desaf\u00edos relacionados\u201d. Aun as\u00ed, prev\u00e9 un crecimiento continuado en la demanda de petr\u00f3leo para el 2022 con una producci\u00f3n de 4,2 millones de barriles por d\u00eda.<\/span><\/p>\n<p><span style=\"font-weight: 400;\">Las declaraciones alentadoras de la OPEP coinciden con los <\/span><a href=\"https:\/\/es.sharecast.com\/news\/international-economic\/first-studies-into-vaccine-efficacy-against-omicron-spark-cautious-optimism--8812942.html\"><span style=\"font-weight: 400;\">estudios <\/span><\/a><span style=\"font-weight: 400;\">que se han publicado en cuanto a la eficacia de las vacunas existentes para combatir esta nueva variante del coronavirus y que se han visto reflejadas en los \u00edndices burs\u00e1tiles de todo el mundo. <\/span><b>Grupos de banca de inversi\u00f3n como Goldman Sachs no han alterado significativamente las proyecciones de crecimiento<\/b><span style=\"font-weight: 400;\">, pero no descartan escenarios m\u00e1s negativos dependiendo de si la velocidad de transmisi\u00f3n y hospitalizaciones de la \u00f3micron empeora las cifras registradas con la variante delta.<\/span><\/p>\n<p><span style=\"font-weight: 400;\">Aunque la mayor\u00eda de la poblaci\u00f3n mundial ya est\u00e1 vacunada contra la Covid-19,<\/span><b> la oleada de la \u00f3micron est\u00e1 volviendo a agrietar las econom\u00edas de muchos pa\u00edses<\/b><span style=\"font-weight: 400;\"> que apenas se empezaban a recuperar. Los gobiernos se ven presionados, una vez m\u00e1s, para encontrar un equilibrio que permita proteger la econom\u00eda, los puestos de trabajo y las empresas, sin en al mismo tiempo poner en riesgo a las personas.<\/span><\/p>\n<p>&nbsp;<\/p>\n<p><b>11Onze s&#8217;est\u00e0 convertint en un fenomen com a primera comunitat fintech de Catalunya. Ara, llan\u00e7a la primera versi\u00f3 d&#8217;El Canut, la super app d&#8217;11Onze, per a <\/b><a href=\"https:\/\/bit.ly\/2YlbZAf\"><b>Android<\/b><\/a><b> i <\/b><a href=\"https:\/\/bit.ly\/Onze-IOS\"><b>Apple<\/b><\/a><b>. Des d&#8217;El Canut es pot obrir el primer compte universal al territori catal\u00e0.<\/b><\/p>\n\n      <\/div>\n    <\/div>\n  <\/div>\n<\/div>\n\n\n<div class=\"component cards\">\n  <div class=\"container\">\n    <div class=\"row\">\n      <div class=\"col col-xl-8 offset-xl-2\">\n        <h1>Si te ha gustado este art\u00edculo, te recomendamos:<\/h1>\n        <div class=\"cards__wrapper\">\n          <div class=\"card\">\n            <a href=\"https:\/\/www.11onze.cat\/es\/magazine\/algoritmos-economistas\/\" class=\"card-link\" target=\"_self\"><\/a>\n            <div class=\"card-img\">\n              <img decoding=\"async\" src=\"https:\/\/www.11onze.cat\/wp-content\/uploads\/2021\/12\/THUMBNAIL_ALGORITMES_PREDICCIO_ECONOMICA-800x533.jpg\" class=\"card-img-top\" alt=\"\">\n                <span class=\"card-category\">Econom\u00eda<\/span>\n            <\/div>\n            <div class=\"card-body\">\n              <p class=\"card-title p2\"><strong>Los algoritmos ahora tambi\u00e9n hacen de economistas<\/strong><\/p>\n              <span class=\"card-time\">3min lectura<\/span>\n              <p class=\"card-text small\">La automatizaci\u00f3n del trabajo est\u00e1 creando una metamorfosis&#8230;<\/p>\n            <\/div>\n          <\/div>\n\n\n          <div class=\"card\">\n            <a href=\"https:\/\/www.11onze.cat\/es\/magazine\/corazon-economia-mover-dinero\/\" class=\"card-link\" target=\"_self\"><\/a>\n            <div class=\"card-img\">\n              <img decoding=\"async\" src=\"https:\/\/www.11onze.cat\/wp-content\/uploads\/2021\/09\/THUMBNAIL_ELDINER-1-600x600.png\" class=\"card-img-top\" alt=\"\">\n                <span class=\"card-category\">Econom\u00eda<\/span>\n            <\/div>\n            <div class=\"card-body\">\n              <p class=\"card-title p2\"><strong>El coraz\u00f3n de la econom\u00eda: c\u00f3mo mover el dinero<\/strong><\/p>\n              <span class=\"card-time\">3min lectura<\/span>\n              <p class=\"card-text small\">En 11Onze queremos que la gente se forme para empoderarse&#8230;<\/p>\n            <\/div>\n          <\/div>\n\n\n          <div class=\"card\">\n            <a href=\"https:\/\/www.11onze.cat\/es\/magazine\/ante-crisis-viene-diversifica-ahorro\/\" class=\"card-link\" target=\"_self\"><\/a>\n            <div class=\"card-img\">\n              <img decoding=\"async\" src=\"https:\/\/www.11onze.cat\/wp-content\/uploads\/2021\/10\/THUMBNAIL_IMPORTANCIA_DIVERSIFICAR_ESTALVIS-800x534.jpg\" class=\"card-img-top\" alt=\"\">\n                <span class=\"card-category\">Ahorros<\/span>\n            <\/div>\n            <div class=\"card-body\">\n              <p class=\"card-title p2\"><strong>Ante la crisis que viene, diversifica el ahorro<\/strong><\/p>\n              <span class=\"card-time\">6min lectura<\/span>\n              <p class=\"card-text small\">El reconocido economista Robert Kiyosaki ha pronosticado&#8230;<\/p>\n            <\/div>\n          <\/div>\n\n              <\/div>\n              <br>\n              <br>\n              <div class=\"cards__wrapper\">\n\n        <\/div>\n      <\/div>\n    <\/div>\n  <\/div>\n<\/div>","protected":false},"excerpt":{"rendered":"","protected":false},"author":71,"featured_media":23682,"comment_status":"open","ping_status":"closed","sticky":false,"template":"","format":"standard","meta":{"_acf_changed":false,"content-type":"","footnotes":""},"categories":[28],"tags":[174],"class_list":["post-23690","post","type-post","status-publish","format-standard","has-post-thumbnail","hentry","category-sin-categorizar","tag-economia-es"],"acf":[],"yoast_head":"<!-- This site is optimized with the Yoast SEO plugin v27.5 - https:\/\/yoast.com\/product\/yoast-seo-wordpress\/ -->\n<title>\u00bfC\u00f3mo afectar\u00e1 la \u00f3micron a la econom\u00eda? - 11ONZE<\/title>\n<meta name=\"description\" content=\"El \u00f3micron podr\u00eda tener un impacto significativo en la desaceleraci\u00f3n de la econom\u00eda. Hagamos un repaso a las previsiones de los expertos.\" \/>\n<meta name=\"robots\" content=\"index, follow, max-snippet:-1, max-image-preview:large, max-video-preview:-1\" \/>\n<link rel=\"canonical\" href=\"https:\/\/www.11onze.cat\/es\/magazine\/como-afectara-omicron-economia\/\" \/>\n<meta property=\"og:locale\" content=\"es_ES\" \/>\n<meta property=\"og:type\" content=\"article\" \/>\n<meta property=\"og:title\" content=\"\u00bfC\u00f3mo afectar\u00e1 la \u00f3micron a la econom\u00eda? - 11ONZE\" \/>\n<meta property=\"og:description\" content=\"El \u00f3micron podr\u00eda tener un impacto significativo en la desaceleraci\u00f3n de la econom\u00eda. Hagamos un repaso a las previsiones de los expertos.\" \/>\n<meta property=\"og:url\" content=\"https:\/\/www.11onze.cat\/es\/magazine\/como-afectara-omicron-economia\/\" \/>\n<meta property=\"og:site_name\" content=\"11Onze\" \/>\n<meta property=\"article:publisher\" content=\"https:\/\/www.facebook.com\/11OnzeComunitat\" \/>\n<meta property=\"article:published_time\" content=\"2021-12-28T20:00:00+00:00\" \/>\n<meta property=\"og:image\" content=\"https:\/\/www.11onze.cat\/wp-content\/uploads\/2021\/12\/11ONZE_OMNICRON.jpg\" \/>\n<meta name=\"author\" content=\"Equip Editorial\" \/>\n<meta name=\"twitter:card\" content=\"summary_large_image\" \/>\n<meta name=\"twitter:title\" content=\"\u00bfC\u00f3mo afectar\u00e1 la \u00f3micron a la econom\u00eda? - 11ONZE\" \/>\n<meta name=\"twitter:description\" content=\"El \u00f3micron podr\u00eda tener un impacto significativo en la desaceleraci\u00f3n de la econom\u00eda. Hagamos un repaso a las previsiones de los expertos.\" \/>\n<meta name=\"twitter:image\" content=\"https:\/\/www.11onze.cat\/wp-content\/uploads\/2021\/12\/11ONZE_OMNICRON.jpg\" \/>\n<meta name=\"twitter:creator\" content=\"@11OnzeFintech\" \/>\n<meta name=\"twitter:site\" content=\"@11OnzeFintech\" \/>\n<meta name=\"twitter:label1\" content=\"Escrito por\" \/>\n\t<meta name=\"twitter:data1\" content=\"Equip Editorial\" \/>\n<script type=\"application\/ld+json\" class=\"yoast-schema-graph\">{\"@context\":\"https:\\\/\\\/schema.org\",\"@graph\":[{\"@type\":\"Article\",\"@id\":\"https:\\\/\\\/www.11onze.cat\\\/es\\\/magazine\\\/como-afectara-omicron-economia\\\/#article\",\"isPartOf\":{\"@id\":\"https:\\\/\\\/www.11onze.cat\\\/es\\\/magazine\\\/como-afectara-omicron-economia\\\/\"},\"author\":{\"name\":\"Equip Editorial\",\"@id\":\"https:\\\/\\\/www.11onze.cat\\\/es\\\/#\\\/schema\\\/person\\\/636d99b4c82bb7178687ecd43c3a61bd\"},\"headline\":\"\u00bfC\u00f3mo afectar\u00e1 la \u00f3micron a la econom\u00eda?\",\"datePublished\":\"2021-12-28T20:00:00+00:00\",\"mainEntityOfPage\":{\"@id\":\"https:\\\/\\\/www.11onze.cat\\\/es\\\/magazine\\\/como-afectara-omicron-economia\\\/\"},\"wordCount\":9,\"commentCount\":0,\"publisher\":{\"@id\":\"https:\\\/\\\/www.11onze.cat\\\/es\\\/#organization\"},\"image\":{\"@id\":\"https:\\\/\\\/www.11onze.cat\\\/es\\\/magazine\\\/como-afectara-omicron-economia\\\/#primaryimage\"},\"thumbnailUrl\":\"https:\\\/\\\/www.11onze.cat\\\/wp-content\\\/uploads\\\/2021\\\/12\\\/THUMBNAIL_OMNICRON.jpg\",\"keywords\":[\"Econom\u00eda\"],\"articleSection\":[\"Sin categorizar\"],\"inLanguage\":\"es\",\"potentialAction\":[{\"@type\":\"CommentAction\",\"name\":\"Comment\",\"target\":[\"https:\\\/\\\/www.11onze.cat\\\/es\\\/magazine\\\/como-afectara-omicron-economia\\\/#respond\"]}]},{\"@type\":\"WebPage\",\"@id\":\"https:\\\/\\\/www.11onze.cat\\\/es\\\/magazine\\\/como-afectara-omicron-economia\\\/\",\"url\":\"https:\\\/\\\/www.11onze.cat\\\/es\\\/magazine\\\/como-afectara-omicron-economia\\\/\",\"name\":\"\u00bfC\u00f3mo afectar\u00e1 la \u00f3micron a la econom\u00eda? - 11ONZE\",\"isPartOf\":{\"@id\":\"https:\\\/\\\/www.11onze.cat\\\/es\\\/#website\"},\"primaryImageOfPage\":{\"@id\":\"https:\\\/\\\/www.11onze.cat\\\/es\\\/magazine\\\/como-afectara-omicron-economia\\\/#primaryimage\"},\"image\":{\"@id\":\"https:\\\/\\\/www.11onze.cat\\\/es\\\/magazine\\\/como-afectara-omicron-economia\\\/#primaryimage\"},\"thumbnailUrl\":\"https:\\\/\\\/www.11onze.cat\\\/wp-content\\\/uploads\\\/2021\\\/12\\\/THUMBNAIL_OMNICRON.jpg\",\"datePublished\":\"2021-12-28T20:00:00+00:00\",\"description\":\"El \u00f3micron podr\u00eda tener un impacto significativo en la desaceleraci\u00f3n de la econom\u00eda. Hagamos un repaso a las previsiones de los expertos.\",\"breadcrumb\":{\"@id\":\"https:\\\/\\\/www.11onze.cat\\\/es\\\/magazine\\\/como-afectara-omicron-economia\\\/#breadcrumb\"},\"inLanguage\":\"es\",\"potentialAction\":[{\"@type\":\"ReadAction\",\"target\":[\"https:\\\/\\\/www.11onze.cat\\\/es\\\/magazine\\\/como-afectara-omicron-economia\\\/\"]}]},{\"@type\":\"ImageObject\",\"inLanguage\":\"es\",\"@id\":\"https:\\\/\\\/www.11onze.cat\\\/es\\\/magazine\\\/como-afectara-omicron-economia\\\/#primaryimage\",\"url\":\"https:\\\/\\\/www.11onze.cat\\\/wp-content\\\/uploads\\\/2021\\\/12\\\/THUMBNAIL_OMNICRON.jpg\",\"contentUrl\":\"https:\\\/\\\/www.11onze.cat\\\/wp-content\\\/uploads\\\/2021\\\/12\\\/THUMBNAIL_OMNICRON.jpg\",\"width\":1156,\"height\":1013},{\"@type\":\"BreadcrumbList\",\"@id\":\"https:\\\/\\\/www.11onze.cat\\\/es\\\/magazine\\\/como-afectara-omicron-economia\\\/#breadcrumb\",\"itemListElement\":[{\"@type\":\"ListItem\",\"position\":1,\"name\":\"Home\",\"item\":\"https:\\\/\\\/www.11onze.cat\\\/es\\\/\"},{\"@type\":\"ListItem\",\"position\":2,\"name\":\"\u00bfC\u00f3mo afectar\u00e1 la \u00f3micron a la econom\u00eda?\"}]},{\"@type\":\"WebSite\",\"@id\":\"https:\\\/\\\/www.11onze.cat\\\/es\\\/#website\",\"url\":\"https:\\\/\\\/www.11onze.cat\\\/es\\\/\",\"name\":\"11Onze\",\"description\":\"Primera comunidad fintech digital en Catalu\u00f1a\",\"publisher\":{\"@id\":\"https:\\\/\\\/www.11onze.cat\\\/es\\\/#organization\"},\"potentialAction\":[{\"@type\":\"SearchAction\",\"target\":{\"@type\":\"EntryPoint\",\"urlTemplate\":\"https:\\\/\\\/www.11onze.cat\\\/es\\\/?s={search_term_string}\"},\"query-input\":{\"@type\":\"PropertyValueSpecification\",\"valueRequired\":true,\"valueName\":\"search_term_string\"}}],\"inLanguage\":\"es\"},{\"@type\":\"Organization\",\"@id\":\"https:\\\/\\\/www.11onze.cat\\\/es\\\/#organization\",\"name\":\"11Onze\",\"url\":\"https:\\\/\\\/www.11onze.cat\\\/es\\\/\",\"logo\":{\"@type\":\"ImageObject\",\"inLanguage\":\"es\",\"@id\":\"https:\\\/\\\/www.11onze.cat\\\/es\\\/#\\\/schema\\\/logo\\\/image\\\/\",\"url\":\"https:\\\/\\\/www.11onze.cat\\\/wp-content\\\/uploads\\\/2021\\\/04\\\/512x512-11Onze.jpg\",\"contentUrl\":\"https:\\\/\\\/www.11onze.cat\\\/wp-content\\\/uploads\\\/2021\\\/04\\\/512x512-11Onze.jpg\",\"width\":512,\"height\":512,\"caption\":\"11Onze\"},\"image\":{\"@id\":\"https:\\\/\\\/www.11onze.cat\\\/es\\\/#\\\/schema\\\/logo\\\/image\\\/\"},\"sameAs\":[\"https:\\\/\\\/www.facebook.com\\\/11OnzeComunitat\",\"https:\\\/\\\/x.com\\\/11OnzeFintech\",\"https:\\\/\\\/www.instagram.com\\\/11onzecat\\\/\",\"https:\\\/\\\/www.linkedin.com\\\/company\\\/11onzebanc\",\"https:\\\/\\\/www.youtube.com\\\/channel\\\/UCz63R8Byd_kBKtK2M4Qf_7w\"]},{\"@type\":\"Person\",\"@id\":\"https:\\\/\\\/www.11onze.cat\\\/es\\\/#\\\/schema\\\/person\\\/636d99b4c82bb7178687ecd43c3a61bd\",\"name\":\"Equip Editorial\",\"image\":{\"@type\":\"ImageObject\",\"inLanguage\":\"es\",\"@id\":\"https:\\\/\\\/www.11onze.cat\\\/wp-content\\\/uploads\\\/2022\\\/05\\\/HEADER_AGENTS_DECK-300x300.jpg\",\"url\":\"https:\\\/\\\/www.11onze.cat\\\/wp-content\\\/uploads\\\/2022\\\/05\\\/HEADER_AGENTS_DECK-300x300.jpg\",\"contentUrl\":\"https:\\\/\\\/www.11onze.cat\\\/wp-content\\\/uploads\\\/2022\\\/05\\\/HEADER_AGENTS_DECK-300x300.jpg\",\"caption\":\"Equip Editorial\"},\"url\":\"https:\\\/\\\/www.11onze.cat\\\/es\\\/magazine\\\/author\\\/equip-editorial-11onze\\\/\"}]}<\/script>\n<!-- \/ Yoast SEO plugin. -->","yoast_head_json":{"title":"\u00bfC\u00f3mo afectar\u00e1 la \u00f3micron a la econom\u00eda? - 11ONZE","description":"El \u00f3micron podr\u00eda tener un impacto significativo en la desaceleraci\u00f3n de la econom\u00eda. Hagamos un repaso a las previsiones de los expertos.","robots":{"index":"index","follow":"follow","max-snippet":"max-snippet:-1","max-image-preview":"max-image-preview:large","max-video-preview":"max-video-preview:-1"},"canonical":"https:\/\/www.11onze.cat\/es\/magazine\/como-afectara-omicron-economia\/","og_locale":"es_ES","og_type":"article","og_title":"\u00bfC\u00f3mo afectar\u00e1 la \u00f3micron a la econom\u00eda? - 11ONZE","og_description":"El \u00f3micron podr\u00eda tener un impacto significativo en la desaceleraci\u00f3n de la econom\u00eda. Hagamos un repaso a las previsiones de los expertos.","og_url":"https:\/\/www.11onze.cat\/es\/magazine\/como-afectara-omicron-economia\/","og_site_name":"11Onze","article_publisher":"https:\/\/www.facebook.com\/11OnzeComunitat","article_published_time":"2021-12-28T20:00:00+00:00","og_image":[{"url":"https:\/\/www.11onze.cat\/wp-content\/uploads\/2021\/12\/11ONZE_OMNICRON.jpg","type":"","width":"","height":""}],"author":"Equip Editorial","twitter_card":"summary_large_image","twitter_title":"\u00bfC\u00f3mo afectar\u00e1 la \u00f3micron a la econom\u00eda? - 11ONZE","twitter_description":"El \u00f3micron podr\u00eda tener un impacto significativo en la desaceleraci\u00f3n de la econom\u00eda. Hagamos un repaso a las previsiones de los expertos.","twitter_image":"https:\/\/www.11onze.cat\/wp-content\/uploads\/2021\/12\/11ONZE_OMNICRON.jpg","twitter_creator":"@11OnzeFintech","twitter_site":"@11OnzeFintech","twitter_misc":{"Escrito por":"Equip Editorial"},"schema":{"@context":"https:\/\/schema.org","@graph":[{"@type":"Article","@id":"https:\/\/www.11onze.cat\/es\/magazine\/como-afectara-omicron-economia\/#article","isPartOf":{"@id":"https:\/\/www.11onze.cat\/es\/magazine\/como-afectara-omicron-economia\/"},"author":{"name":"Equip Editorial","@id":"https:\/\/www.11onze.cat\/es\/#\/schema\/person\/636d99b4c82bb7178687ecd43c3a61bd"},"headline":"\u00bfC\u00f3mo afectar\u00e1 la \u00f3micron a la econom\u00eda?","datePublished":"2021-12-28T20:00:00+00:00","mainEntityOfPage":{"@id":"https:\/\/www.11onze.cat\/es\/magazine\/como-afectara-omicron-economia\/"},"wordCount":9,"commentCount":0,"publisher":{"@id":"https:\/\/www.11onze.cat\/es\/#organization"},"image":{"@id":"https:\/\/www.11onze.cat\/es\/magazine\/como-afectara-omicron-economia\/#primaryimage"},"thumbnailUrl":"https:\/\/www.11onze.cat\/wp-content\/uploads\/2021\/12\/THUMBNAIL_OMNICRON.jpg","keywords":["Econom\u00eda"],"articleSection":["Sin categorizar"],"inLanguage":"es","potentialAction":[{"@type":"CommentAction","name":"Comment","target":["https:\/\/www.11onze.cat\/es\/magazine\/como-afectara-omicron-economia\/#respond"]}]},{"@type":"WebPage","@id":"https:\/\/www.11onze.cat\/es\/magazine\/como-afectara-omicron-economia\/","url":"https:\/\/www.11onze.cat\/es\/magazine\/como-afectara-omicron-economia\/","name":"\u00bfC\u00f3mo afectar\u00e1 la \u00f3micron a la econom\u00eda? - 11ONZE","isPartOf":{"@id":"https:\/\/www.11onze.cat\/es\/#website"},"primaryImageOfPage":{"@id":"https:\/\/www.11onze.cat\/es\/magazine\/como-afectara-omicron-economia\/#primaryimage"},"image":{"@id":"https:\/\/www.11onze.cat\/es\/magazine\/como-afectara-omicron-economia\/#primaryimage"},"thumbnailUrl":"https:\/\/www.11onze.cat\/wp-content\/uploads\/2021\/12\/THUMBNAIL_OMNICRON.jpg","datePublished":"2021-12-28T20:00:00+00:00","description":"El \u00f3micron podr\u00eda tener un impacto significativo en la desaceleraci\u00f3n de la econom\u00eda. Hagamos un repaso a las previsiones de los expertos.","breadcrumb":{"@id":"https:\/\/www.11onze.cat\/es\/magazine\/como-afectara-omicron-economia\/#breadcrumb"},"inLanguage":"es","potentialAction":[{"@type":"ReadAction","target":["https:\/\/www.11onze.cat\/es\/magazine\/como-afectara-omicron-economia\/"]}]},{"@type":"ImageObject","inLanguage":"es","@id":"https:\/\/www.11onze.cat\/es\/magazine\/como-afectara-omicron-economia\/#primaryimage","url":"https:\/\/www.11onze.cat\/wp-content\/uploads\/2021\/12\/THUMBNAIL_OMNICRON.jpg","contentUrl":"https:\/\/www.11onze.cat\/wp-content\/uploads\/2021\/12\/THUMBNAIL_OMNICRON.jpg","width":1156,"height":1013},{"@type":"BreadcrumbList","@id":"https:\/\/www.11onze.cat\/es\/magazine\/como-afectara-omicron-economia\/#breadcrumb","itemListElement":[{"@type":"ListItem","position":1,"name":"Home","item":"https:\/\/www.11onze.cat\/es\/"},{"@type":"ListItem","position":2,"name":"\u00bfC\u00f3mo afectar\u00e1 la \u00f3micron a la econom\u00eda?"}]},{"@type":"WebSite","@id":"https:\/\/www.11onze.cat\/es\/#website","url":"https:\/\/www.11onze.cat\/es\/","name":"11Onze","description":"Primera comunidad fintech digital en Catalu\u00f1a","publisher":{"@id":"https:\/\/www.11onze.cat\/es\/#organization"},"potentialAction":[{"@type":"SearchAction","target":{"@type":"EntryPoint","urlTemplate":"https:\/\/www.11onze.cat\/es\/?s={search_term_string}"},"query-input":{"@type":"PropertyValueSpecification","valueRequired":true,"valueName":"search_term_string"}}],"inLanguage":"es"},{"@type":"Organization","@id":"https:\/\/www.11onze.cat\/es\/#organization","name":"11Onze","url":"https:\/\/www.11onze.cat\/es\/","logo":{"@type":"ImageObject","inLanguage":"es","@id":"https:\/\/www.11onze.cat\/es\/#\/schema\/logo\/image\/","url":"https:\/\/www.11onze.cat\/wp-content\/uploads\/2021\/04\/512x512-11Onze.jpg","contentUrl":"https:\/\/www.11onze.cat\/wp-content\/uploads\/2021\/04\/512x512-11Onze.jpg","width":512,"height":512,"caption":"11Onze"},"image":{"@id":"https:\/\/www.11onze.cat\/es\/#\/schema\/logo\/image\/"},"sameAs":["https:\/\/www.facebook.com\/11OnzeComunitat","https:\/\/x.com\/11OnzeFintech","https:\/\/www.instagram.com\/11onzecat\/","https:\/\/www.linkedin.com\/company\/11onzebanc","https:\/\/www.youtube.com\/channel\/UCz63R8Byd_kBKtK2M4Qf_7w"]},{"@type":"Person","@id":"https:\/\/www.11onze.cat\/es\/#\/schema\/person\/636d99b4c82bb7178687ecd43c3a61bd","name":"Equip Editorial","image":{"@type":"ImageObject","inLanguage":"es","@id":"https:\/\/www.11onze.cat\/wp-content\/uploads\/2022\/05\/HEADER_AGENTS_DECK-300x300.jpg","url":"https:\/\/www.11onze.cat\/wp-content\/uploads\/2022\/05\/HEADER_AGENTS_DECK-300x300.jpg","contentUrl":"https:\/\/www.11onze.cat\/wp-content\/uploads\/2022\/05\/HEADER_AGENTS_DECK-300x300.jpg","caption":"Equip Editorial"},"url":"https:\/\/www.11onze.cat\/es\/magazine\/author\/equip-editorial-11onze\/"}]}},"_links":{"self":[{"href":"https:\/\/www.11onze.cat\/es\/wp-json\/wp\/v2\/posts\/23690","targetHints":{"allow":["GET"]}}],"collection":[{"href":"https:\/\/www.11onze.cat\/es\/wp-json\/wp\/v2\/posts"}],"about":[{"href":"https:\/\/www.11onze.cat\/es\/wp-json\/wp\/v2\/types\/post"}],"author":[{"embeddable":true,"href":"https:\/\/www.11onze.cat\/es\/wp-json\/wp\/v2\/users\/71"}],"replies":[{"embeddable":true,"href":"https:\/\/www.11onze.cat\/es\/wp-json\/wp\/v2\/comments?post=23690"}],"version-history":[{"count":0,"href":"https:\/\/www.11onze.cat\/es\/wp-json\/wp\/v2\/posts\/23690\/revisions"}],"wp:featuredmedia":[{"embeddable":true,"href":"https:\/\/www.11onze.cat\/es\/wp-json\/wp\/v2\/media\/23682"}],"wp:attachment":[{"href":"https:\/\/www.11onze.cat\/es\/wp-json\/wp\/v2\/media?parent=23690"}],"wp:term":[{"taxonomy":"category","embeddable":true,"href":"https:\/\/www.11onze.cat\/es\/wp-json\/wp\/v2\/categories?post=23690"},{"taxonomy":"post_tag","embeddable":true,"href":"https:\/\/www.11onze.cat\/es\/wp-json\/wp\/v2\/tags?post=23690"}],"curies":[{"name":"wp","href":"https:\/\/api.w.org\/{rel}","templated":true}]}}