{"id":22143,"date":"2025-03-27T09:00:00","date_gmt":"2025-03-27T08:00:00","guid":{"rendered":"https:\/\/www.11onze.cat\/?p=22143"},"modified":"2025-03-19T16:17:57","modified_gmt":"2025-03-19T15:17:57","slug":"cooperativas-agrarias-pilar-mundo-rural","status":"publish","type":"post","link":"https:\/\/www.11onze.cat\/es\/magazine\/cooperativas-agrarias-pilar-mundo-rural\/","title":{"rendered":"Cooperativas agrarias, el pilar del mundo rural"},"content":{"rendered":"<div class=\"component text\">\n  <div class=\"container\">\n\n\n    <div class=\"row\">\n      <div class=\"col  col-lg-8  offset-lg-2\">\n        <h3><b>El presidente de la Federaci\u00f3 de Cooperatives Agr\u00e0ries de Catalunya (<\/b><a href=\"https:\/\/www.cooperativesagraries.cat\/\" target=\"_blank\" rel=\"noopener\"><b>FCAC<\/b><\/a><b>), Ramon Sarroca, defiende el modelo cooperativo agrario del pa\u00eds como un pilar fundamental. Cien a\u00f1os despu\u00e9s de su aparici\u00f3n, ha encarado la globalizaci\u00f3n y la industrializaci\u00f3n con \u00e9xito, pero todav\u00eda no permite la soberan\u00eda alimentaria del territorio.<\/b><\/h3>\n<p>&nbsp;<\/p>\n<p><span style=\"font-weight: 400;\">En las \u00faltimas d\u00e9cadas, fen\u00f3menos como la globalizaci\u00f3n, la digitalizaci\u00f3n o la industrializaci\u00f3n han acelerado cambios sociales y econ\u00f3micos que, en la mayor\u00eda de casos, no se han trasladado a las zonas rurales. La paradoja recae en el hecho que<\/span><b> es precisamente del campo de donde depende nuestra supervivencia. A escala agraria, Catalu\u00f1a es un pa\u00eds peque\u00f1o y diverso.<\/b><\/p>\n<p><span style=\"font-weight: 400;\">As\u00ed nos lo explica Sarroca, que destaca que la producci\u00f3n minifundista en nuestro territorio no se puede comparar con las grandes hect\u00e1reas de terreno que encontramos en pa\u00edses latinoamericanos, por ejemplo. Esto, sumado a las condiciones del terreno, el clima o los tipos de cultivo, hace que<\/span><b> la producci\u00f3n agraria de Catalu\u00f1a no sea suficiente en relaci\u00f3n con la demanda del mercado<\/b><span style=\"font-weight: 400;\">.<\/span><\/p>\n<p>&nbsp;<\/p>\n<h3><b>Lejos de la soberan\u00eda alimentaria<\/b><\/h3>\n<p><span style=\"font-weight: 400;\">Sarroca calcula que, aunque toda la producci\u00f3n catalana se quedara en la zona, quiz\u00e1s se podr\u00eda abastecer a algo m\u00e1s de la mitad de la poblaci\u00f3n. As\u00ed pues, la soberan\u00eda alimentaria de Catalu\u00f1a queda muy lejana, por una cuesti\u00f3n de producci\u00f3n, pero tambi\u00e9n de consumo. A pesar de que <\/span><b>la pandemia ha alterado ligeramente los patrones de consumo y ha conseguido incidir m\u00e1s en los productos de proximidad<\/b><span style=\"font-weight: 400;\"> y la compra local, la realidad es que desde el sector agrario este cambio no es suficiente: \u201cTenemos poca memoria, intentamos volver a hacer las mismas cosas, con las mismas orientaciones, que antes de la pandemia\u201d, apunta Sarroca.\u00a0<\/span><\/p>\n<p><span style=\"font-weight: 400;\">Y a\u00f1ade que, m\u00e1s all\u00e1 de apostar por productos de proximidad, <\/span><b>el primer filtro que habr\u00eda que tener en cuenta como consumidores es el de comprar productos de temporada<\/b><span style=\"font-weight: 400;\">. \u201cDesde el mundo cooperativo hace muchos a\u00f1os que intentamos explicar que no es normal comer melocotones o cerezas en Catalu\u00f1a en diciembre\u201d, lamenta Sarroca. Hacerlo promueve el crecimiento de la importaci\u00f3n y resta fuerza a los productores locales, que ven a\u00f1o tras a\u00f1o como las cuatro grandes distribuidoras estatales controlan casi todo el que come el consumidor final.<\/span><\/p>\n\n      <\/div>\n    <\/div>\n  <\/div>\n<\/div>\n\n\n<div class=\"component gallery\">\n  <div class=\"container\">\n    <div class=\"row\">\n      <div class=\"col col-lg-10 offset-lg-1\">\n        <div id=\"slider\" class=\"carousel slide\">\n          <div class=\"carousel-inner\">\n            <div class=\"carousel-item active video-player inline-player\" data-video-id=\"6284354975001\">\n              <img decoding=\"async\" class=\"d-block w-100\" src=\"https:\/\/www.11onze.cat\/wp-content\/uploads\/2021\/11\/VISUALS_PODCAST_PERSONES_IMAGE_VIDEO_BLOCK_PSN-1-1-scaled.jpg\" alt=\"\">\n              <button type=\"button\" class=\"play\"><\/button>\n              <div class=\"carousel-caption\">\n                <p>Episodio 8 | Personas: Las cooperativas agrarias<\/p>\n              <\/div>\n            <\/div>\n          <\/div>\n        <\/div>\n      <\/div>\n    <\/div>\n  <\/div>\n<\/div>\n\n<div class=\"component text\">\n  <div class=\"container\">\n\n\n    <div class=\"row\">\n      <div class=\"col  col-lg-8  offset-lg-2\">\n        <h3><b>Contar con el campo<\/b><\/h3>\n<p><span style=\"font-weight: 400;\">Otro tema que preocupa al sector agrario es el nuevo modelo de transici\u00f3n energ\u00e9tica que se est\u00e1 planteando y, en algunos casos, ejecutando en Catalu\u00f1a. El debate gira en torno al hecho de que<\/span><b> hace falta una gran superficie para las energ\u00edas renovables, y la cuesti\u00f3n es si hay que hacerlo sacrificando terreno agrario<\/b><span style=\"font-weight: 400;\">, tal como denuncia Sarroca. Nos explica que en Catalu\u00f1a existen zonas donde las condiciones del terreno hacen imposible que se pueda cultivar. Del mismo modo, hay tejados de pol\u00edgonos, carreteras y otras infraestructuras que podr\u00edan hacer la misma funci\u00f3n y, a la vez, contribuir a preservar el terreno agr\u00edcola.<\/span><\/p>\n<p><span style=\"font-weight: 400;\">Sarroca advierte que <\/span><b>\u201cun mundo rural cohesionado es el que tiene que dar tranquilidad en el mundo urbano<\/b><span style=\"font-weight: 400;\">\u201d. Sanidad, Educaci\u00f3n, oportunidades laborales o acceso bancario\u2026 Las cooperativas abren el abanico de actuaciones que se pueden llevar a cabo para incidir, directa o indirectamente, en todos estos \u00e1mbitos, y conseguir que el mundo rural realmente sea el motor social y econ\u00f3mico para impulsar el pa\u00eds.<\/span><\/p>\n<p>&nbsp;<\/p>\n<p><b>11Onze se est\u00e1 convirtiendo en un fen\u00f3meno como primera comunidad fintech de Catalu\u00f1a. Ahora, lanza la primera versi\u00f3n de El Canut, la super app de 11Onze, para <\/b><a href=\"https:\/\/bit.ly\/2YlbZAf\" target=\"_blank\" rel=\"noopener\"><b>Android<\/b><\/a><b> y <\/b><a href=\"https:\/\/bit.ly\/Onze-IOS\" target=\"_blank\" rel=\"noopener\"><b>Apple<\/b><\/a><b>. Desde El Canut se puede abrir la primera cuenta universal en el territorio catal\u00e1n.<\/b><\/p>\n\n      <\/div>\n    <\/div>\n  <\/div>\n<\/div>\n\n\n<div class=\"component cards\">\n  <div class=\"container\">\n    <div class=\"row\">\n      <div class=\"col col-xl-8 offset-xl-2\">\n        <h1>Si te ha gustado este art\u00edculo, te recomendamos:<\/h1>\n        <div class=\"cards__wrapper\">\n          <div class=\"card\">\n            <a href=\"https:\/\/www.11onze.cat\/es\/magazine\/donde-vivir-voy-barcelona\/\" class=\"card-link\" target=\"_self\"><\/a>\n            <div class=\"card-img\">\n              <img decoding=\"async\" src=\"https:\/\/www.11onze.cat\/wp-content\/uploads\/2021\/08\/THUMBNAIL_LLOCS_VIURE_MARXAR_BARCELONA-800x510.jpg\" class=\"card-img-top\" alt=\"\">\n                <span class=\"card-category\">Cultura<\/span>\n            <\/div>\n            <div class=\"card-body\">\n              <p class=\"card-title p2\"><strong>\u00bfD\u00f3nde vivir si me voy de Barcelona?<\/strong><\/p>\n              <span class=\"card-time\">4min lectura<\/span>\n              <p class=\"card-text small\">Barcelona encabeza el listado de las poblaciones catalanas<\/p>\n            <\/div>\n          <\/div>\n\n\n          <div class=\"card\">\n            <a href=\"https:\/\/www.11onze.cat\/es\/magazine\/necesitamos-desastres-cambiar\/\" class=\"card-link\" target=\"_self\"><\/a>\n            <div class=\"card-img\">\n              <img decoding=\"async\" src=\"https:\/\/www.11onze.cat\/wp-content\/uploads\/2021\/09\/THUMBNAIL_CALEN_DESASTRES_CANVIAR-800x534.jpg\" class=\"card-img-top\" alt=\"\">\n                <span class=\"card-category\">Sostenibilidad<\/span>\n            <\/div>\n            <div class=\"card-body\">\n              <p class=\"card-title p2\"><strong>\u00bfNecesitamos desastres para cambiar?<\/strong><\/p>\n              <span class=\"card-time\">4min lectura<\/span>\n              <p class=\"card-text small\">Ante desastres naturales (o pand\u00e9micos) la sociedad se ve<\/p>\n            <\/div>\n          <\/div>\n\n\n          <div class=\"card\">\n            <a href=\"https:\/\/www.11onze.cat\/es\/magazine\/cambiar-mundo-gracias-tapon-corcho\/\" class=\"card-link\" target=\"_self\"><\/a>\n            <div class=\"card-img\">\n              <img decoding=\"async\" src=\"https:\/\/www.11onze.cat\/wp-content\/uploads\/2021\/10\/THUMBNAIL_ECONOMIA_CIRUCLAR_TAP_SURO-800x530.jpg\" class=\"card-img-top\" alt=\"\">\n                <span class=\"card-category\">Sostenibilidad<\/span>\n            <\/div>\n            <div class=\"card-body\">\n              <p class=\"card-title p2\"><strong>Cambiar gracias a un tap\u00f3n de corcho<\/strong><\/p>\n              <span class=\"card-time\">4min lectura<\/span>\n              <p class=\"card-text small\">Las propiedades del corcho, un producto 100% natural, lo<\/p>\n            <\/div>\n          <\/div>\n\n              <\/div>\n              <br>\n              <br>\n              <div class=\"cards__wrapper\">\n\n        <\/div>\n      <\/div>\n    <\/div>\n  <\/div>\n<\/div>","protected":false},"excerpt":{"rendered":"","protected":false},"author":71,"featured_media":22089,"comment_status":"open","ping_status":"closed","sticky":false,"template":"","format":"standard","meta":{"_acf_changed":false,"content-type":"","footnotes":""},"categories":[28],"tags":[171],"class_list":["post-22143","post","type-post","status-publish","format-standard","has-post-thumbnail","hentry","category-sin-categorizar","tag-sostenibilidad"],"acf":[],"yoast_head":"<!-- This site is optimized with the Yoast SEO plugin v27.4 - https:\/\/yoast.com\/product\/yoast-seo-wordpress\/ -->\n<title>Cooperativas agrarias, el pilar del mundo rural - 11ONZE<\/title>\n<meta name=\"description\" content=\"El presidente de la Federaci\u00f3 de Cooperatives Agr\u00e0ries de Catalunya, Ramon Sarroca, defiende el modelo cooperativo agrario del pa\u00eds.\" \/>\n<meta name=\"robots\" content=\"index, follow, max-snippet:-1, max-image-preview:large, max-video-preview:-1\" \/>\n<link rel=\"canonical\" href=\"https:\/\/www.11onze.cat\/es\/magazine\/cooperativas-agrarias-pilar-mundo-rural\/\" \/>\n<meta property=\"og:locale\" content=\"es_ES\" \/>\n<meta property=\"og:type\" content=\"article\" \/>\n<meta property=\"og:title\" content=\"Cooperativas agrarias, el pilar del mundo rural - 11ONZE\" \/>\n<meta property=\"og:description\" content=\"El presidente de la Federaci\u00f3 de Cooperatives Agr\u00e0ries de Catalunya, Ramon Sarroca, defiende el modelo cooperativo agrario del pa\u00eds.\" \/>\n<meta property=\"og:url\" content=\"https:\/\/www.11onze.cat\/es\/magazine\/cooperativas-agrarias-pilar-mundo-rural\/\" \/>\n<meta property=\"og:site_name\" content=\"11Onze\" \/>\n<meta property=\"article:publisher\" content=\"https:\/\/www.facebook.com\/11OnzeComunitat\" \/>\n<meta property=\"article:published_time\" content=\"2025-03-27T08:00:00+00:00\" \/>\n<meta property=\"og:image\" content=\"https:\/\/www.11onze.cat\/wp-content\/uploads\/2021\/11\/VISUALS_PODCAST_PERSONES_SHARE_IMAGE-2-scaled.jpg\" \/>\n<meta name=\"author\" content=\"Equip Editorial\" \/>\n<meta name=\"twitter:card\" content=\"summary_large_image\" \/>\n<meta name=\"twitter:title\" content=\"Cooperativas agrarias, el pilar del mundo rural - 11ONZE\" \/>\n<meta name=\"twitter:description\" content=\"El presidente de la Federaci\u00f3 de Cooperatives Agr\u00e0ries de Catalunya, Ramon Sarroca, defiende el modelo cooperativo agrario del pa\u00eds.\" \/>\n<meta name=\"twitter:image\" content=\"https:\/\/www.11onze.cat\/wp-content\/uploads\/2021\/11\/VISUALS_PODCAST_PERSONES_SHARE_IMAGE-2-scaled.jpg\" \/>\n<meta name=\"twitter:creator\" content=\"@11OnzeFintech\" \/>\n<meta name=\"twitter:site\" content=\"@11OnzeFintech\" \/>\n<meta name=\"twitter:label1\" content=\"Escrito por\" \/>\n\t<meta name=\"twitter:data1\" content=\"Equip Editorial\" \/>\n\t<meta name=\"twitter:label2\" content=\"Tiempo de lectura\" \/>\n\t<meta name=\"twitter:data2\" content=\"1 minuto\" \/>\n<script type=\"application\/ld+json\" class=\"yoast-schema-graph\">{\"@context\":\"https:\\\/\\\/schema.org\",\"@graph\":[{\"@type\":\"Article\",\"@id\":\"https:\\\/\\\/www.11onze.cat\\\/es\\\/magazine\\\/cooperativas-agrarias-pilar-mundo-rural\\\/#article\",\"isPartOf\":{\"@id\":\"https:\\\/\\\/www.11onze.cat\\\/es\\\/magazine\\\/cooperativas-agrarias-pilar-mundo-rural\\\/\"},\"author\":{\"name\":\"Equip Editorial\",\"@id\":\"https:\\\/\\\/www.11onze.cat\\\/es\\\/#\\\/schema\\\/person\\\/636d99b4c82bb7178687ecd43c3a61bd\"},\"headline\":\"Cooperativas agrarias, el pilar del mundo rural\",\"datePublished\":\"2025-03-27T08:00:00+00:00\",\"mainEntityOfPage\":{\"@id\":\"https:\\\/\\\/www.11onze.cat\\\/es\\\/magazine\\\/cooperativas-agrarias-pilar-mundo-rural\\\/\"},\"wordCount\":7,\"commentCount\":2,\"publisher\":{\"@id\":\"https:\\\/\\\/www.11onze.cat\\\/es\\\/#organization\"},\"image\":{\"@id\":\"https:\\\/\\\/www.11onze.cat\\\/es\\\/magazine\\\/cooperativas-agrarias-pilar-mundo-rural\\\/#primaryimage\"},\"thumbnailUrl\":\"https:\\\/\\\/www.11onze.cat\\\/wp-content\\\/uploads\\\/2021\\\/11\\\/VISUALS_PODCAST_PERSONES_THUMBNAIL_PSN-2.jpg\",\"keywords\":[\"Sostenibilidad\"],\"articleSection\":[\"Sin categorizar\"],\"inLanguage\":\"es\",\"potentialAction\":[{\"@type\":\"CommentAction\",\"name\":\"Comment\",\"target\":[\"https:\\\/\\\/www.11onze.cat\\\/es\\\/magazine\\\/cooperativas-agrarias-pilar-mundo-rural\\\/#respond\"]}]},{\"@type\":\"WebPage\",\"@id\":\"https:\\\/\\\/www.11onze.cat\\\/es\\\/magazine\\\/cooperativas-agrarias-pilar-mundo-rural\\\/\",\"url\":\"https:\\\/\\\/www.11onze.cat\\\/es\\\/magazine\\\/cooperativas-agrarias-pilar-mundo-rural\\\/\",\"name\":\"Cooperativas agrarias, el pilar del mundo rural - 11ONZE\",\"isPartOf\":{\"@id\":\"https:\\\/\\\/www.11onze.cat\\\/es\\\/#website\"},\"primaryImageOfPage\":{\"@id\":\"https:\\\/\\\/www.11onze.cat\\\/es\\\/magazine\\\/cooperativas-agrarias-pilar-mundo-rural\\\/#primaryimage\"},\"image\":{\"@id\":\"https:\\\/\\\/www.11onze.cat\\\/es\\\/magazine\\\/cooperativas-agrarias-pilar-mundo-rural\\\/#primaryimage\"},\"thumbnailUrl\":\"https:\\\/\\\/www.11onze.cat\\\/wp-content\\\/uploads\\\/2021\\\/11\\\/VISUALS_PODCAST_PERSONES_THUMBNAIL_PSN-2.jpg\",\"datePublished\":\"2025-03-27T08:00:00+00:00\",\"description\":\"El presidente de la Federaci\u00f3 de Cooperatives Agr\u00e0ries de Catalunya, Ramon Sarroca, defiende el modelo cooperativo agrario del pa\u00eds.\",\"breadcrumb\":{\"@id\":\"https:\\\/\\\/www.11onze.cat\\\/es\\\/magazine\\\/cooperativas-agrarias-pilar-mundo-rural\\\/#breadcrumb\"},\"inLanguage\":\"es\",\"potentialAction\":[{\"@type\":\"ReadAction\",\"target\":[\"https:\\\/\\\/www.11onze.cat\\\/es\\\/magazine\\\/cooperativas-agrarias-pilar-mundo-rural\\\/\"]}]},{\"@type\":\"ImageObject\",\"inLanguage\":\"es\",\"@id\":\"https:\\\/\\\/www.11onze.cat\\\/es\\\/magazine\\\/cooperativas-agrarias-pilar-mundo-rural\\\/#primaryimage\",\"url\":\"https:\\\/\\\/www.11onze.cat\\\/wp-content\\\/uploads\\\/2021\\\/11\\\/VISUALS_PODCAST_PERSONES_THUMBNAIL_PSN-2.jpg\",\"contentUrl\":\"https:\\\/\\\/www.11onze.cat\\\/wp-content\\\/uploads\\\/2021\\\/11\\\/VISUALS_PODCAST_PERSONES_THUMBNAIL_PSN-2.jpg\",\"width\":1564,\"height\":1051},{\"@type\":\"BreadcrumbList\",\"@id\":\"https:\\\/\\\/www.11onze.cat\\\/es\\\/magazine\\\/cooperativas-agrarias-pilar-mundo-rural\\\/#breadcrumb\",\"itemListElement\":[{\"@type\":\"ListItem\",\"position\":1,\"name\":\"Home\",\"item\":\"https:\\\/\\\/www.11onze.cat\\\/es\\\/\"},{\"@type\":\"ListItem\",\"position\":2,\"name\":\"Cooperativas agrarias, el pilar del mundo rural\"}]},{\"@type\":\"WebSite\",\"@id\":\"https:\\\/\\\/www.11onze.cat\\\/es\\\/#website\",\"url\":\"https:\\\/\\\/www.11onze.cat\\\/es\\\/\",\"name\":\"11Onze\",\"description\":\"Primera comunidad fintech digital en Catalu\u00f1a\",\"publisher\":{\"@id\":\"https:\\\/\\\/www.11onze.cat\\\/es\\\/#organization\"},\"potentialAction\":[{\"@type\":\"SearchAction\",\"target\":{\"@type\":\"EntryPoint\",\"urlTemplate\":\"https:\\\/\\\/www.11onze.cat\\\/es\\\/?s={search_term_string}\"},\"query-input\":{\"@type\":\"PropertyValueSpecification\",\"valueRequired\":true,\"valueName\":\"search_term_string\"}}],\"inLanguage\":\"es\"},{\"@type\":\"Organization\",\"@id\":\"https:\\\/\\\/www.11onze.cat\\\/es\\\/#organization\",\"name\":\"11Onze\",\"url\":\"https:\\\/\\\/www.11onze.cat\\\/es\\\/\",\"logo\":{\"@type\":\"ImageObject\",\"inLanguage\":\"es\",\"@id\":\"https:\\\/\\\/www.11onze.cat\\\/es\\\/#\\\/schema\\\/logo\\\/image\\\/\",\"url\":\"https:\\\/\\\/www.11onze.cat\\\/wp-content\\\/uploads\\\/2021\\\/04\\\/512x512-11Onze.jpg\",\"contentUrl\":\"https:\\\/\\\/www.11onze.cat\\\/wp-content\\\/uploads\\\/2021\\\/04\\\/512x512-11Onze.jpg\",\"width\":512,\"height\":512,\"caption\":\"11Onze\"},\"image\":{\"@id\":\"https:\\\/\\\/www.11onze.cat\\\/es\\\/#\\\/schema\\\/logo\\\/image\\\/\"},\"sameAs\":[\"https:\\\/\\\/www.facebook.com\\\/11OnzeComunitat\",\"https:\\\/\\\/x.com\\\/11OnzeFintech\",\"https:\\\/\\\/www.instagram.com\\\/11onzecat\\\/\",\"https:\\\/\\\/www.linkedin.com\\\/company\\\/11onzebanc\",\"https:\\\/\\\/www.youtube.com\\\/channel\\\/UCz63R8Byd_kBKtK2M4Qf_7w\"]},{\"@type\":\"Person\",\"@id\":\"https:\\\/\\\/www.11onze.cat\\\/es\\\/#\\\/schema\\\/person\\\/636d99b4c82bb7178687ecd43c3a61bd\",\"name\":\"Equip Editorial\",\"image\":{\"@type\":\"ImageObject\",\"inLanguage\":\"es\",\"@id\":\"https:\\\/\\\/www.11onze.cat\\\/wp-content\\\/uploads\\\/2022\\\/05\\\/HEADER_AGENTS_DECK-300x300.jpg\",\"url\":\"https:\\\/\\\/www.11onze.cat\\\/wp-content\\\/uploads\\\/2022\\\/05\\\/HEADER_AGENTS_DECK-300x300.jpg\",\"contentUrl\":\"https:\\\/\\\/www.11onze.cat\\\/wp-content\\\/uploads\\\/2022\\\/05\\\/HEADER_AGENTS_DECK-300x300.jpg\",\"caption\":\"Equip Editorial\"},\"url\":\"https:\\\/\\\/www.11onze.cat\\\/es\\\/magazine\\\/author\\\/equip-editorial-11onze\\\/\"}]}<\/script>\n<!-- \/ Yoast SEO plugin. -->","yoast_head_json":{"title":"Cooperativas agrarias, el pilar del mundo rural - 11ONZE","description":"El presidente de la Federaci\u00f3 de Cooperatives Agr\u00e0ries de Catalunya, Ramon Sarroca, defiende el modelo cooperativo agrario del pa\u00eds.","robots":{"index":"index","follow":"follow","max-snippet":"max-snippet:-1","max-image-preview":"max-image-preview:large","max-video-preview":"max-video-preview:-1"},"canonical":"https:\/\/www.11onze.cat\/es\/magazine\/cooperativas-agrarias-pilar-mundo-rural\/","og_locale":"es_ES","og_type":"article","og_title":"Cooperativas agrarias, el pilar del mundo rural - 11ONZE","og_description":"El presidente de la Federaci\u00f3 de Cooperatives Agr\u00e0ries de Catalunya, Ramon Sarroca, defiende el modelo cooperativo agrario del pa\u00eds.","og_url":"https:\/\/www.11onze.cat\/es\/magazine\/cooperativas-agrarias-pilar-mundo-rural\/","og_site_name":"11Onze","article_publisher":"https:\/\/www.facebook.com\/11OnzeComunitat","article_published_time":"2025-03-27T08:00:00+00:00","og_image":[{"url":"https:\/\/www.11onze.cat\/wp-content\/uploads\/2021\/11\/VISUALS_PODCAST_PERSONES_SHARE_IMAGE-2-scaled.jpg","type":"","width":"","height":""}],"author":"Equip Editorial","twitter_card":"summary_large_image","twitter_title":"Cooperativas agrarias, el pilar del mundo rural - 11ONZE","twitter_description":"El presidente de la Federaci\u00f3 de Cooperatives Agr\u00e0ries de Catalunya, Ramon Sarroca, defiende el modelo cooperativo agrario del pa\u00eds.","twitter_image":"https:\/\/www.11onze.cat\/wp-content\/uploads\/2021\/11\/VISUALS_PODCAST_PERSONES_SHARE_IMAGE-2-scaled.jpg","twitter_creator":"@11OnzeFintech","twitter_site":"@11OnzeFintech","twitter_misc":{"Escrito por":"Equip Editorial","Tiempo de lectura":"1 minuto"},"schema":{"@context":"https:\/\/schema.org","@graph":[{"@type":"Article","@id":"https:\/\/www.11onze.cat\/es\/magazine\/cooperativas-agrarias-pilar-mundo-rural\/#article","isPartOf":{"@id":"https:\/\/www.11onze.cat\/es\/magazine\/cooperativas-agrarias-pilar-mundo-rural\/"},"author":{"name":"Equip Editorial","@id":"https:\/\/www.11onze.cat\/es\/#\/schema\/person\/636d99b4c82bb7178687ecd43c3a61bd"},"headline":"Cooperativas agrarias, el pilar del mundo rural","datePublished":"2025-03-27T08:00:00+00:00","mainEntityOfPage":{"@id":"https:\/\/www.11onze.cat\/es\/magazine\/cooperativas-agrarias-pilar-mundo-rural\/"},"wordCount":7,"commentCount":2,"publisher":{"@id":"https:\/\/www.11onze.cat\/es\/#organization"},"image":{"@id":"https:\/\/www.11onze.cat\/es\/magazine\/cooperativas-agrarias-pilar-mundo-rural\/#primaryimage"},"thumbnailUrl":"https:\/\/www.11onze.cat\/wp-content\/uploads\/2021\/11\/VISUALS_PODCAST_PERSONES_THUMBNAIL_PSN-2.jpg","keywords":["Sostenibilidad"],"articleSection":["Sin categorizar"],"inLanguage":"es","potentialAction":[{"@type":"CommentAction","name":"Comment","target":["https:\/\/www.11onze.cat\/es\/magazine\/cooperativas-agrarias-pilar-mundo-rural\/#respond"]}]},{"@type":"WebPage","@id":"https:\/\/www.11onze.cat\/es\/magazine\/cooperativas-agrarias-pilar-mundo-rural\/","url":"https:\/\/www.11onze.cat\/es\/magazine\/cooperativas-agrarias-pilar-mundo-rural\/","name":"Cooperativas agrarias, el pilar del mundo rural - 11ONZE","isPartOf":{"@id":"https:\/\/www.11onze.cat\/es\/#website"},"primaryImageOfPage":{"@id":"https:\/\/www.11onze.cat\/es\/magazine\/cooperativas-agrarias-pilar-mundo-rural\/#primaryimage"},"image":{"@id":"https:\/\/www.11onze.cat\/es\/magazine\/cooperativas-agrarias-pilar-mundo-rural\/#primaryimage"},"thumbnailUrl":"https:\/\/www.11onze.cat\/wp-content\/uploads\/2021\/11\/VISUALS_PODCAST_PERSONES_THUMBNAIL_PSN-2.jpg","datePublished":"2025-03-27T08:00:00+00:00","description":"El presidente de la Federaci\u00f3 de Cooperatives Agr\u00e0ries de Catalunya, Ramon Sarroca, defiende el modelo cooperativo agrario del pa\u00eds.","breadcrumb":{"@id":"https:\/\/www.11onze.cat\/es\/magazine\/cooperativas-agrarias-pilar-mundo-rural\/#breadcrumb"},"inLanguage":"es","potentialAction":[{"@type":"ReadAction","target":["https:\/\/www.11onze.cat\/es\/magazine\/cooperativas-agrarias-pilar-mundo-rural\/"]}]},{"@type":"ImageObject","inLanguage":"es","@id":"https:\/\/www.11onze.cat\/es\/magazine\/cooperativas-agrarias-pilar-mundo-rural\/#primaryimage","url":"https:\/\/www.11onze.cat\/wp-content\/uploads\/2021\/11\/VISUALS_PODCAST_PERSONES_THUMBNAIL_PSN-2.jpg","contentUrl":"https:\/\/www.11onze.cat\/wp-content\/uploads\/2021\/11\/VISUALS_PODCAST_PERSONES_THUMBNAIL_PSN-2.jpg","width":1564,"height":1051},{"@type":"BreadcrumbList","@id":"https:\/\/www.11onze.cat\/es\/magazine\/cooperativas-agrarias-pilar-mundo-rural\/#breadcrumb","itemListElement":[{"@type":"ListItem","position":1,"name":"Home","item":"https:\/\/www.11onze.cat\/es\/"},{"@type":"ListItem","position":2,"name":"Cooperativas agrarias, el pilar del mundo rural"}]},{"@type":"WebSite","@id":"https:\/\/www.11onze.cat\/es\/#website","url":"https:\/\/www.11onze.cat\/es\/","name":"11Onze","description":"Primera comunidad fintech digital en Catalu\u00f1a","publisher":{"@id":"https:\/\/www.11onze.cat\/es\/#organization"},"potentialAction":[{"@type":"SearchAction","target":{"@type":"EntryPoint","urlTemplate":"https:\/\/www.11onze.cat\/es\/?s={search_term_string}"},"query-input":{"@type":"PropertyValueSpecification","valueRequired":true,"valueName":"search_term_string"}}],"inLanguage":"es"},{"@type":"Organization","@id":"https:\/\/www.11onze.cat\/es\/#organization","name":"11Onze","url":"https:\/\/www.11onze.cat\/es\/","logo":{"@type":"ImageObject","inLanguage":"es","@id":"https:\/\/www.11onze.cat\/es\/#\/schema\/logo\/image\/","url":"https:\/\/www.11onze.cat\/wp-content\/uploads\/2021\/04\/512x512-11Onze.jpg","contentUrl":"https:\/\/www.11onze.cat\/wp-content\/uploads\/2021\/04\/512x512-11Onze.jpg","width":512,"height":512,"caption":"11Onze"},"image":{"@id":"https:\/\/www.11onze.cat\/es\/#\/schema\/logo\/image\/"},"sameAs":["https:\/\/www.facebook.com\/11OnzeComunitat","https:\/\/x.com\/11OnzeFintech","https:\/\/www.instagram.com\/11onzecat\/","https:\/\/www.linkedin.com\/company\/11onzebanc","https:\/\/www.youtube.com\/channel\/UCz63R8Byd_kBKtK2M4Qf_7w"]},{"@type":"Person","@id":"https:\/\/www.11onze.cat\/es\/#\/schema\/person\/636d99b4c82bb7178687ecd43c3a61bd","name":"Equip Editorial","image":{"@type":"ImageObject","inLanguage":"es","@id":"https:\/\/www.11onze.cat\/wp-content\/uploads\/2022\/05\/HEADER_AGENTS_DECK-300x300.jpg","url":"https:\/\/www.11onze.cat\/wp-content\/uploads\/2022\/05\/HEADER_AGENTS_DECK-300x300.jpg","contentUrl":"https:\/\/www.11onze.cat\/wp-content\/uploads\/2022\/05\/HEADER_AGENTS_DECK-300x300.jpg","caption":"Equip Editorial"},"url":"https:\/\/www.11onze.cat\/es\/magazine\/author\/equip-editorial-11onze\/"}]}},"_links":{"self":[{"href":"https:\/\/www.11onze.cat\/es\/wp-json\/wp\/v2\/posts\/22143","targetHints":{"allow":["GET"]}}],"collection":[{"href":"https:\/\/www.11onze.cat\/es\/wp-json\/wp\/v2\/posts"}],"about":[{"href":"https:\/\/www.11onze.cat\/es\/wp-json\/wp\/v2\/types\/post"}],"author":[{"embeddable":true,"href":"https:\/\/www.11onze.cat\/es\/wp-json\/wp\/v2\/users\/71"}],"replies":[{"embeddable":true,"href":"https:\/\/www.11onze.cat\/es\/wp-json\/wp\/v2\/comments?post=22143"}],"version-history":[{"count":0,"href":"https:\/\/www.11onze.cat\/es\/wp-json\/wp\/v2\/posts\/22143\/revisions"}],"wp:featuredmedia":[{"embeddable":true,"href":"https:\/\/www.11onze.cat\/es\/wp-json\/wp\/v2\/media\/22089"}],"wp:attachment":[{"href":"https:\/\/www.11onze.cat\/es\/wp-json\/wp\/v2\/media?parent=22143"}],"wp:term":[{"taxonomy":"category","embeddable":true,"href":"https:\/\/www.11onze.cat\/es\/wp-json\/wp\/v2\/categories?post=22143"},{"taxonomy":"post_tag","embeddable":true,"href":"https:\/\/www.11onze.cat\/es\/wp-json\/wp\/v2\/tags?post=22143"}],"curies":[{"name":"wp","href":"https:\/\/api.w.org\/{rel}","templated":true}]}}