{"id":22031,"date":"2021-11-30T21:00:00","date_gmt":"2021-11-30T20:00:00","guid":{"rendered":"https:\/\/www.11onze.cat\/?p=22031"},"modified":"2021-11-30T11:51:41","modified_gmt":"2021-11-30T10:51:41","slug":"origen-protestante-calendario-adviento","status":"publish","type":"post","link":"https:\/\/www.11onze.cat\/es\/magazine\/origen-protestante-calendario-adviento\/","title":{"rendered":"El origen protestante del calendario de adviento"},"content":{"rendered":"<div class=\"component text\">\n  <div class=\"container\">\n\n\n    <div class=\"row\">\n      <div class=\"col  col-lg-8  offset-lg-2\">\n        <h3><b>Ya ha llegado el tiempo invernal, y con \u00e9l damos la bienvenida al calendario de adviento. Con el calendario de adviento hacemos la cuenta atr\u00e1s de los d\u00edas que quedan para llegar a Navidad, del 1 al 24 de diciembre. La agente Jennifer Roca nos explica el origen de este s\u00edmbolo imprescindible de las fiestas navide\u00f1as.<\/b><\/h3>\n<p>&nbsp;<\/p>\n<p><span style=\"font-weight: 400;\">A pesar de que antiguamente comenz\u00e1bamos el calendario el domingo siguiente al 26 de noviembre, hoy en d\u00eda los encontramos en grandes superficies, supermercados y tiendas de dulces mucho antes del 1 de diciembre. <\/span><b>En cada ventana por cada d\u00eda se esconden chocolatinas <\/b><span style=\"font-weight: 400;\">y, en los \u00faltimos a\u00f1os, otros caprichos y regalos.<\/span><\/p>\n<p><b>Los primeros calendarios con chocolatinas datan de 1920, pero el primer calendario de adviento fue pintado a mano en 1851<\/b><span style=\"font-weight: 400;\">. Los or\u00edgenes del calendario de adviento se remontan, pues, al siglo XIX, en concreto, a la Alemania protestante. Sin embargo, entonces los ni\u00f1os encend\u00edan una vela cada d\u00eda. \u00a1Descubre otras curiosidades en el video!<\/span><\/p>\n\n      <\/div>\n    <\/div>\n  <\/div>\n<\/div>\n\n\n<div class=\"component gallery\">\n  <div class=\"container\">\n    <div class=\"row\">\n      <div class=\"col col-lg-10 offset-lg-1\">\n        <div id=\"slider\" class=\"carousel slide\">\n          <div class=\"carousel-inner\">\n            <div class=\"carousel-item active video-player inline-player\" data-video-id=\"6283881280001\">\n              <img decoding=\"async\" class=\"d-block w-100\" src=\"https:\/\/www.11onze.cat\/wp-content\/uploads\/2021\/11\/THUMBNAIL_JENNIFER_ROCA_TOPIC_9.png\" alt=\"\">\n              <button type=\"button\" class=\"play\"><\/button>\n              <div class=\"carousel-caption\">\n                <p>Peque\u00f1a historia del calendario de adviento<\/p>\n              <\/div>\n            <\/div>\n          <\/div>\n        <\/div>\n      <\/div>\n    <\/div>\n  <\/div>\n<\/div>\n\n<div class=\"component text\">\n  <div class=\"container\">\n\n\n    <div class=\"row\">\n      <div class=\"col  col-lg-8  offset-lg-2\">\n        <p><b>11Onze se est\u00e1 convirtiendo en un fen\u00f3meno como primera comunidad fintech de Catalu\u00f1a. Ahora, lanza la primera versi\u00f3n de El Canut, la super app de 11Onze, para <\/b><a href=\"https:\/\/bit.ly\/2YlbZAf\"><b>Android<\/b><\/a><b> y <\/b><a href=\"https:\/\/bit.ly\/Onze-IOS\"><b>Apple<\/b><\/a><b>. Desde El Canut se puede abrir la primera cuenta universal en el territorio catal\u00e1n.<\/b><\/p>\n\n      <\/div>\n    <\/div>\n  <\/div>\n<\/div>\n\n\n<div class=\"component cards\">\n  <div class=\"container\">\n    <div class=\"row\">\n      <div class=\"col col-xl-8 offset-xl-2\">\n        <h1>Si te ha gustado este art\u00edculo, te recomendamos:<\/h1>\n        <div class=\"cards__wrapper\">\n          <div class=\"card\">\n            <a href=\"https:\/\/www.11onze.cat\/es\/magazine\/avanzar-compras-navidenas\/\" class=\"card-link\" target=\"_self\"><\/a>\n            <div class=\"card-img\">\n              <img decoding=\"async\" src=\"https:\/\/www.11onze.cat\/wp-content\/uploads\/2021\/11\/THUMBNAIL_AVANC\u0327AR_COMPRES_NADALENQUES-800x533.jpg\" class=\"card-img-top\" alt=\"\">\n                <span class=\"card-category\">Cultura<\/span>\n            <\/div>\n            <div class=\"card-body\">\n              <p class=\"card-title p2\"><strong>Avanzar las compras navide\u00f1as<\/strong><\/p>\n              <span class=\"card-time\">3min lectura<\/span>\n              <p class=\"card-text small\">Este 2021, el primer a\u00f1o comercial tras la pandemia<\/p>\n            <\/div>\n          <\/div>\n\n\n          <div class=\"card\">\n            <a href=\"https:\/\/www.11onze.cat\/es\/11onze-tv\/podcast\/compras-navidenas-territori-17-la-placa-sexto-episodio\/\" class=\"card-link\" target=\"_self\"><\/a>\n            <div class=\"card-img\">\n              <img decoding=\"async\" src=\"https:\/\/www.11onze.cat\/wp-content\/uploads\/2021\/11\/VISUALS_PODCAST_RADIO_THUMBNAIL_PSN_PRESS-1-800x538.jpg\" class=\"card-img-top\" alt=\"\">\n            <\/div>\n            <div class=\"card-body\">\n              <p class=\"card-title p2\"><strong>La Pla\u00e7a \u2013 Territori 17: Las compras navide\u00f1as<\/strong><\/p>\n              <span class=\"card-time\">1min lectura<\/span>\n              <p class=\"card-text small\">\u00bfEs posible una Navidad sostenible? \u00bfC\u00f3mo afectar\u00e1 a<\/p>\n            <\/div>\n          <\/div>\n\n\n          <div class=\"card\">\n            <a href=\"https:\/\/www.11onze.cat\/es\/magazine\/evitar-compras-impulsivas\/\" class=\"card-link\" target=\"_self\"><\/a>\n            <div class=\"card-img\">\n              <img decoding=\"async\" src=\"https:\/\/www.11onze.cat\/wp-content\/uploads\/2021\/11\/THUMBNAIL_EVITAR_COMPRES_COMPULSIVES-800x533.jpg\" class=\"card-img-top\" alt=\"\">\n                <span class=\"card-category\">Econom\u00eda<\/span>\n            <\/div>\n            <div class=\"card-body\">\n              <p class=\"card-title p2\"><strong>\u00bfC\u00f3mo evitar las compras impulsivas?<\/strong><\/p>\n              <span class=\"card-time\">3min lectura<\/span>\n              <p class=\"card-text small\">Ahora que llega el Black Friday y Navidad, m\u00e1s vale que nos<\/p>\n            <\/div>\n          <\/div>\n\n              <\/div>\n              <br>\n              <br>\n              <div class=\"cards__wrapper\">\n\n        <\/div>\n      <\/div>\n    <\/div>\n  <\/div>\n<\/div>","protected":false},"excerpt":{"rendered":"","protected":false},"author":71,"featured_media":22012,"comment_status":"open","ping_status":"closed","sticky":false,"template":"","format":"standard","meta":{"_acf_changed":false,"content-type":"","footnotes":""},"categories":[28],"tags":[180],"class_list":["post-22031","post","type-post","status-publish","format-standard","has-post-thumbnail","hentry","category-sin-categorizar","tag-cultura-es"],"acf":[],"yoast_head":"<!-- This site is optimized with the Yoast SEO plugin v27.5 - https:\/\/yoast.com\/product\/yoast-seo-wordpress\/ -->\n<title>El origen protestante del calendario de adviento - 11ONZE<\/title>\n<meta name=\"description\" content=\"Ya ha llegado el tiempo invernal, y con \u00e9l damos la bienvenida al calendario de adviento. La agente Jennifer Roca nos explica su origen.\" \/>\n<meta name=\"robots\" content=\"index, follow, max-snippet:-1, max-image-preview:large, max-video-preview:-1\" \/>\n<link rel=\"canonical\" href=\"https:\/\/www.11onze.cat\/es\/magazine\/origen-protestante-calendario-adviento\/\" \/>\n<meta property=\"og:locale\" content=\"es_ES\" \/>\n<meta property=\"og:type\" content=\"article\" \/>\n<meta property=\"og:title\" content=\"El origen protestante del calendario de adviento - 11ONZE\" \/>\n<meta property=\"og:description\" content=\"Ya ha llegado el tiempo invernal, y con \u00e9l damos la bienvenida al calendario de adviento. La agente Jennifer Roca nos explica su origen.\" \/>\n<meta property=\"og:url\" content=\"https:\/\/www.11onze.cat\/es\/magazine\/origen-protestante-calendario-adviento\/\" \/>\n<meta property=\"og:site_name\" content=\"11Onze\" \/>\n<meta property=\"article:publisher\" content=\"https:\/\/www.facebook.com\/11OnzeComunitat\" \/>\n<meta property=\"article:published_time\" content=\"2021-11-30T20:00:00+00:00\" \/>\n<meta property=\"og:image\" content=\"https:\/\/www.11onze.cat\/wp-content\/uploads\/2021\/11\/11ONZE_CALENDARI_ADVENT.jpg\" \/>\n\t<meta property=\"og:image:width\" content=\"1200\" \/>\n\t<meta property=\"og:image:height\" content=\"675\" \/>\n\t<meta property=\"og:image:type\" content=\"image\/jpeg\" \/>\n<meta name=\"author\" content=\"Equip Editorial\" \/>\n<meta name=\"twitter:card\" content=\"summary_large_image\" \/>\n<meta name=\"twitter:title\" content=\"El origen protestante del calendario de adviento - 11ONZE\" \/>\n<meta name=\"twitter:description\" content=\"Ya ha llegado el tiempo invernal, y con \u00e9l damos la bienvenida al calendario de adviento. La agente Jennifer Roca nos explica su origen.\" \/>\n<meta name=\"twitter:image\" content=\"https:\/\/www.11onze.cat\/wp-content\/uploads\/2021\/11\/11ONZE_CALENDARI_ADVENT.jpg\" \/>\n<meta name=\"twitter:creator\" content=\"@11OnzeFintech\" \/>\n<meta name=\"twitter:site\" content=\"@11OnzeFintech\" \/>\n<meta name=\"twitter:label1\" content=\"Escrito por\" \/>\n\t<meta name=\"twitter:data1\" content=\"Equip Editorial\" \/>\n<script type=\"application\/ld+json\" class=\"yoast-schema-graph\">{\"@context\":\"https:\\\/\\\/schema.org\",\"@graph\":[{\"@type\":\"Article\",\"@id\":\"https:\\\/\\\/www.11onze.cat\\\/es\\\/magazine\\\/origen-protestante-calendario-adviento\\\/#article\",\"isPartOf\":{\"@id\":\"https:\\\/\\\/www.11onze.cat\\\/es\\\/magazine\\\/origen-protestante-calendario-adviento\\\/\"},\"author\":{\"name\":\"Equip Editorial\",\"@id\":\"https:\\\/\\\/www.11onze.cat\\\/es\\\/#\\\/schema\\\/person\\\/636d99b4c82bb7178687ecd43c3a61bd\"},\"headline\":\"El origen protestante del calendario de adviento\",\"datePublished\":\"2021-11-30T20:00:00+00:00\",\"mainEntityOfPage\":{\"@id\":\"https:\\\/\\\/www.11onze.cat\\\/es\\\/magazine\\\/origen-protestante-calendario-adviento\\\/\"},\"wordCount\":7,\"commentCount\":0,\"publisher\":{\"@id\":\"https:\\\/\\\/www.11onze.cat\\\/es\\\/#organization\"},\"image\":{\"@id\":\"https:\\\/\\\/www.11onze.cat\\\/es\\\/magazine\\\/origen-protestante-calendario-adviento\\\/#primaryimage\"},\"thumbnailUrl\":\"https:\\\/\\\/www.11onze.cat\\\/wp-content\\\/uploads\\\/2021\\\/11\\\/THUMBNAIL_HISTORIA_CALENDARI_ADVENT.jpg\",\"keywords\":[\"Cultura\"],\"articleSection\":[\"Sin categorizar\"],\"inLanguage\":\"es\",\"potentialAction\":[{\"@type\":\"CommentAction\",\"name\":\"Comment\",\"target\":[\"https:\\\/\\\/www.11onze.cat\\\/es\\\/magazine\\\/origen-protestante-calendario-adviento\\\/#respond\"]}]},{\"@type\":\"WebPage\",\"@id\":\"https:\\\/\\\/www.11onze.cat\\\/es\\\/magazine\\\/origen-protestante-calendario-adviento\\\/\",\"url\":\"https:\\\/\\\/www.11onze.cat\\\/es\\\/magazine\\\/origen-protestante-calendario-adviento\\\/\",\"name\":\"El origen protestante del calendario de adviento - 11ONZE\",\"isPartOf\":{\"@id\":\"https:\\\/\\\/www.11onze.cat\\\/es\\\/#website\"},\"primaryImageOfPage\":{\"@id\":\"https:\\\/\\\/www.11onze.cat\\\/es\\\/magazine\\\/origen-protestante-calendario-adviento\\\/#primaryimage\"},\"image\":{\"@id\":\"https:\\\/\\\/www.11onze.cat\\\/es\\\/magazine\\\/origen-protestante-calendario-adviento\\\/#primaryimage\"},\"thumbnailUrl\":\"https:\\\/\\\/www.11onze.cat\\\/wp-content\\\/uploads\\\/2021\\\/11\\\/THUMBNAIL_HISTORIA_CALENDARI_ADVENT.jpg\",\"datePublished\":\"2021-11-30T20:00:00+00:00\",\"description\":\"Ya ha llegado el tiempo invernal, y con \u00e9l damos la bienvenida al calendario de adviento. La agente Jennifer Roca nos explica su origen.\",\"breadcrumb\":{\"@id\":\"https:\\\/\\\/www.11onze.cat\\\/es\\\/magazine\\\/origen-protestante-calendario-adviento\\\/#breadcrumb\"},\"inLanguage\":\"es\",\"potentialAction\":[{\"@type\":\"ReadAction\",\"target\":[\"https:\\\/\\\/www.11onze.cat\\\/es\\\/magazine\\\/origen-protestante-calendario-adviento\\\/\"]}]},{\"@type\":\"ImageObject\",\"inLanguage\":\"es\",\"@id\":\"https:\\\/\\\/www.11onze.cat\\\/es\\\/magazine\\\/origen-protestante-calendario-adviento\\\/#primaryimage\",\"url\":\"https:\\\/\\\/www.11onze.cat\\\/wp-content\\\/uploads\\\/2021\\\/11\\\/THUMBNAIL_HISTORIA_CALENDARI_ADVENT.jpg\",\"contentUrl\":\"https:\\\/\\\/www.11onze.cat\\\/wp-content\\\/uploads\\\/2021\\\/11\\\/THUMBNAIL_HISTORIA_CALENDARI_ADVENT.jpg\",\"width\":1500,\"height\":1000,\"caption\":\"Advent calendar with chocolate toy horizontal\"},{\"@type\":\"BreadcrumbList\",\"@id\":\"https:\\\/\\\/www.11onze.cat\\\/es\\\/magazine\\\/origen-protestante-calendario-adviento\\\/#breadcrumb\",\"itemListElement\":[{\"@type\":\"ListItem\",\"position\":1,\"name\":\"Home\",\"item\":\"https:\\\/\\\/www.11onze.cat\\\/es\\\/\"},{\"@type\":\"ListItem\",\"position\":2,\"name\":\"El origen protestante del calendario de adviento\"}]},{\"@type\":\"WebSite\",\"@id\":\"https:\\\/\\\/www.11onze.cat\\\/es\\\/#website\",\"url\":\"https:\\\/\\\/www.11onze.cat\\\/es\\\/\",\"name\":\"11Onze\",\"description\":\"Primera comunidad fintech digital en Catalu\u00f1a\",\"publisher\":{\"@id\":\"https:\\\/\\\/www.11onze.cat\\\/es\\\/#organization\"},\"potentialAction\":[{\"@type\":\"SearchAction\",\"target\":{\"@type\":\"EntryPoint\",\"urlTemplate\":\"https:\\\/\\\/www.11onze.cat\\\/es\\\/?s={search_term_string}\"},\"query-input\":{\"@type\":\"PropertyValueSpecification\",\"valueRequired\":true,\"valueName\":\"search_term_string\"}}],\"inLanguage\":\"es\"},{\"@type\":\"Organization\",\"@id\":\"https:\\\/\\\/www.11onze.cat\\\/es\\\/#organization\",\"name\":\"11Onze\",\"url\":\"https:\\\/\\\/www.11onze.cat\\\/es\\\/\",\"logo\":{\"@type\":\"ImageObject\",\"inLanguage\":\"es\",\"@id\":\"https:\\\/\\\/www.11onze.cat\\\/es\\\/#\\\/schema\\\/logo\\\/image\\\/\",\"url\":\"https:\\\/\\\/www.11onze.cat\\\/wp-content\\\/uploads\\\/2021\\\/04\\\/512x512-11Onze.jpg\",\"contentUrl\":\"https:\\\/\\\/www.11onze.cat\\\/wp-content\\\/uploads\\\/2021\\\/04\\\/512x512-11Onze.jpg\",\"width\":512,\"height\":512,\"caption\":\"11Onze\"},\"image\":{\"@id\":\"https:\\\/\\\/www.11onze.cat\\\/es\\\/#\\\/schema\\\/logo\\\/image\\\/\"},\"sameAs\":[\"https:\\\/\\\/www.facebook.com\\\/11OnzeComunitat\",\"https:\\\/\\\/x.com\\\/11OnzeFintech\",\"https:\\\/\\\/www.instagram.com\\\/11onzecat\\\/\",\"https:\\\/\\\/www.linkedin.com\\\/company\\\/11onzebanc\",\"https:\\\/\\\/www.youtube.com\\\/channel\\\/UCz63R8Byd_kBKtK2M4Qf_7w\"]},{\"@type\":\"Person\",\"@id\":\"https:\\\/\\\/www.11onze.cat\\\/es\\\/#\\\/schema\\\/person\\\/636d99b4c82bb7178687ecd43c3a61bd\",\"name\":\"Equip Editorial\",\"image\":{\"@type\":\"ImageObject\",\"inLanguage\":\"es\",\"@id\":\"https:\\\/\\\/www.11onze.cat\\\/wp-content\\\/uploads\\\/2022\\\/05\\\/HEADER_AGENTS_DECK-300x300.jpg\",\"url\":\"https:\\\/\\\/www.11onze.cat\\\/wp-content\\\/uploads\\\/2022\\\/05\\\/HEADER_AGENTS_DECK-300x300.jpg\",\"contentUrl\":\"https:\\\/\\\/www.11onze.cat\\\/wp-content\\\/uploads\\\/2022\\\/05\\\/HEADER_AGENTS_DECK-300x300.jpg\",\"caption\":\"Equip Editorial\"},\"url\":\"https:\\\/\\\/www.11onze.cat\\\/es\\\/magazine\\\/author\\\/equip-editorial-11onze\\\/\"}]}<\/script>\n<!-- \/ Yoast SEO plugin. -->","yoast_head_json":{"title":"El origen protestante del calendario de adviento - 11ONZE","description":"Ya ha llegado el tiempo invernal, y con \u00e9l damos la bienvenida al calendario de adviento. La agente Jennifer Roca nos explica su origen.","robots":{"index":"index","follow":"follow","max-snippet":"max-snippet:-1","max-image-preview":"max-image-preview:large","max-video-preview":"max-video-preview:-1"},"canonical":"https:\/\/www.11onze.cat\/es\/magazine\/origen-protestante-calendario-adviento\/","og_locale":"es_ES","og_type":"article","og_title":"El origen protestante del calendario de adviento - 11ONZE","og_description":"Ya ha llegado el tiempo invernal, y con \u00e9l damos la bienvenida al calendario de adviento. La agente Jennifer Roca nos explica su origen.","og_url":"https:\/\/www.11onze.cat\/es\/magazine\/origen-protestante-calendario-adviento\/","og_site_name":"11Onze","article_publisher":"https:\/\/www.facebook.com\/11OnzeComunitat","article_published_time":"2021-11-30T20:00:00+00:00","og_image":[{"width":1200,"height":675,"url":"https:\/\/www.11onze.cat\/wp-content\/uploads\/2021\/11\/11ONZE_CALENDARI_ADVENT.jpg","type":"image\/jpeg"}],"author":"Equip Editorial","twitter_card":"summary_large_image","twitter_title":"El origen protestante del calendario de adviento - 11ONZE","twitter_description":"Ya ha llegado el tiempo invernal, y con \u00e9l damos la bienvenida al calendario de adviento. La agente Jennifer Roca nos explica su origen.","twitter_image":"https:\/\/www.11onze.cat\/wp-content\/uploads\/2021\/11\/11ONZE_CALENDARI_ADVENT.jpg","twitter_creator":"@11OnzeFintech","twitter_site":"@11OnzeFintech","twitter_misc":{"Escrito por":"Equip Editorial"},"schema":{"@context":"https:\/\/schema.org","@graph":[{"@type":"Article","@id":"https:\/\/www.11onze.cat\/es\/magazine\/origen-protestante-calendario-adviento\/#article","isPartOf":{"@id":"https:\/\/www.11onze.cat\/es\/magazine\/origen-protestante-calendario-adviento\/"},"author":{"name":"Equip Editorial","@id":"https:\/\/www.11onze.cat\/es\/#\/schema\/person\/636d99b4c82bb7178687ecd43c3a61bd"},"headline":"El origen protestante del calendario de adviento","datePublished":"2021-11-30T20:00:00+00:00","mainEntityOfPage":{"@id":"https:\/\/www.11onze.cat\/es\/magazine\/origen-protestante-calendario-adviento\/"},"wordCount":7,"commentCount":0,"publisher":{"@id":"https:\/\/www.11onze.cat\/es\/#organization"},"image":{"@id":"https:\/\/www.11onze.cat\/es\/magazine\/origen-protestante-calendario-adviento\/#primaryimage"},"thumbnailUrl":"https:\/\/www.11onze.cat\/wp-content\/uploads\/2021\/11\/THUMBNAIL_HISTORIA_CALENDARI_ADVENT.jpg","keywords":["Cultura"],"articleSection":["Sin categorizar"],"inLanguage":"es","potentialAction":[{"@type":"CommentAction","name":"Comment","target":["https:\/\/www.11onze.cat\/es\/magazine\/origen-protestante-calendario-adviento\/#respond"]}]},{"@type":"WebPage","@id":"https:\/\/www.11onze.cat\/es\/magazine\/origen-protestante-calendario-adviento\/","url":"https:\/\/www.11onze.cat\/es\/magazine\/origen-protestante-calendario-adviento\/","name":"El origen protestante del calendario de adviento - 11ONZE","isPartOf":{"@id":"https:\/\/www.11onze.cat\/es\/#website"},"primaryImageOfPage":{"@id":"https:\/\/www.11onze.cat\/es\/magazine\/origen-protestante-calendario-adviento\/#primaryimage"},"image":{"@id":"https:\/\/www.11onze.cat\/es\/magazine\/origen-protestante-calendario-adviento\/#primaryimage"},"thumbnailUrl":"https:\/\/www.11onze.cat\/wp-content\/uploads\/2021\/11\/THUMBNAIL_HISTORIA_CALENDARI_ADVENT.jpg","datePublished":"2021-11-30T20:00:00+00:00","description":"Ya ha llegado el tiempo invernal, y con \u00e9l damos la bienvenida al calendario de adviento. La agente Jennifer Roca nos explica su origen.","breadcrumb":{"@id":"https:\/\/www.11onze.cat\/es\/magazine\/origen-protestante-calendario-adviento\/#breadcrumb"},"inLanguage":"es","potentialAction":[{"@type":"ReadAction","target":["https:\/\/www.11onze.cat\/es\/magazine\/origen-protestante-calendario-adviento\/"]}]},{"@type":"ImageObject","inLanguage":"es","@id":"https:\/\/www.11onze.cat\/es\/magazine\/origen-protestante-calendario-adviento\/#primaryimage","url":"https:\/\/www.11onze.cat\/wp-content\/uploads\/2021\/11\/THUMBNAIL_HISTORIA_CALENDARI_ADVENT.jpg","contentUrl":"https:\/\/www.11onze.cat\/wp-content\/uploads\/2021\/11\/THUMBNAIL_HISTORIA_CALENDARI_ADVENT.jpg","width":1500,"height":1000,"caption":"Advent calendar with chocolate toy horizontal"},{"@type":"BreadcrumbList","@id":"https:\/\/www.11onze.cat\/es\/magazine\/origen-protestante-calendario-adviento\/#breadcrumb","itemListElement":[{"@type":"ListItem","position":1,"name":"Home","item":"https:\/\/www.11onze.cat\/es\/"},{"@type":"ListItem","position":2,"name":"El origen protestante del calendario de adviento"}]},{"@type":"WebSite","@id":"https:\/\/www.11onze.cat\/es\/#website","url":"https:\/\/www.11onze.cat\/es\/","name":"11Onze","description":"Primera comunidad fintech digital en Catalu\u00f1a","publisher":{"@id":"https:\/\/www.11onze.cat\/es\/#organization"},"potentialAction":[{"@type":"SearchAction","target":{"@type":"EntryPoint","urlTemplate":"https:\/\/www.11onze.cat\/es\/?s={search_term_string}"},"query-input":{"@type":"PropertyValueSpecification","valueRequired":true,"valueName":"search_term_string"}}],"inLanguage":"es"},{"@type":"Organization","@id":"https:\/\/www.11onze.cat\/es\/#organization","name":"11Onze","url":"https:\/\/www.11onze.cat\/es\/","logo":{"@type":"ImageObject","inLanguage":"es","@id":"https:\/\/www.11onze.cat\/es\/#\/schema\/logo\/image\/","url":"https:\/\/www.11onze.cat\/wp-content\/uploads\/2021\/04\/512x512-11Onze.jpg","contentUrl":"https:\/\/www.11onze.cat\/wp-content\/uploads\/2021\/04\/512x512-11Onze.jpg","width":512,"height":512,"caption":"11Onze"},"image":{"@id":"https:\/\/www.11onze.cat\/es\/#\/schema\/logo\/image\/"},"sameAs":["https:\/\/www.facebook.com\/11OnzeComunitat","https:\/\/x.com\/11OnzeFintech","https:\/\/www.instagram.com\/11onzecat\/","https:\/\/www.linkedin.com\/company\/11onzebanc","https:\/\/www.youtube.com\/channel\/UCz63R8Byd_kBKtK2M4Qf_7w"]},{"@type":"Person","@id":"https:\/\/www.11onze.cat\/es\/#\/schema\/person\/636d99b4c82bb7178687ecd43c3a61bd","name":"Equip Editorial","image":{"@type":"ImageObject","inLanguage":"es","@id":"https:\/\/www.11onze.cat\/wp-content\/uploads\/2022\/05\/HEADER_AGENTS_DECK-300x300.jpg","url":"https:\/\/www.11onze.cat\/wp-content\/uploads\/2022\/05\/HEADER_AGENTS_DECK-300x300.jpg","contentUrl":"https:\/\/www.11onze.cat\/wp-content\/uploads\/2022\/05\/HEADER_AGENTS_DECK-300x300.jpg","caption":"Equip Editorial"},"url":"https:\/\/www.11onze.cat\/es\/magazine\/author\/equip-editorial-11onze\/"}]}},"_links":{"self":[{"href":"https:\/\/www.11onze.cat\/es\/wp-json\/wp\/v2\/posts\/22031","targetHints":{"allow":["GET"]}}],"collection":[{"href":"https:\/\/www.11onze.cat\/es\/wp-json\/wp\/v2\/posts"}],"about":[{"href":"https:\/\/www.11onze.cat\/es\/wp-json\/wp\/v2\/types\/post"}],"author":[{"embeddable":true,"href":"https:\/\/www.11onze.cat\/es\/wp-json\/wp\/v2\/users\/71"}],"replies":[{"embeddable":true,"href":"https:\/\/www.11onze.cat\/es\/wp-json\/wp\/v2\/comments?post=22031"}],"version-history":[{"count":0,"href":"https:\/\/www.11onze.cat\/es\/wp-json\/wp\/v2\/posts\/22031\/revisions"}],"wp:featuredmedia":[{"embeddable":true,"href":"https:\/\/www.11onze.cat\/es\/wp-json\/wp\/v2\/media\/22012"}],"wp:attachment":[{"href":"https:\/\/www.11onze.cat\/es\/wp-json\/wp\/v2\/media?parent=22031"}],"wp:term":[{"taxonomy":"category","embeddable":true,"href":"https:\/\/www.11onze.cat\/es\/wp-json\/wp\/v2\/categories?post=22031"},{"taxonomy":"post_tag","embeddable":true,"href":"https:\/\/www.11onze.cat\/es\/wp-json\/wp\/v2\/tags?post=22031"}],"curies":[{"name":"wp","href":"https:\/\/api.w.org\/{rel}","templated":true}]}}