{"id":21636,"date":"2021-11-22T21:00:00","date_gmt":"2021-11-22T20:00:00","guid":{"rendered":"https:\/\/www.11onze.cat\/?p=21636"},"modified":"2021-11-22T15:02:20","modified_gmt":"2021-11-22T14:02:20","slug":"literatura-gen-z-politizar-malestar","status":"publish","type":"post","link":"https:\/\/www.11onze.cat\/es\/magazine\/literatura-gen-z-politizar-malestar\/","title":{"rendered":"La literatura de la Gen Z: politizar el malestar"},"content":{"rendered":"<div class=\"component text\">\n  <div class=\"container\">\n\n\n    <div class=\"row\">\n      <div class=\"col  col-lg-8  offset-lg-2\">\n        <h3><b>La Carbonera es una librer\u00eda situada en el barrio de El Poble-sec de Barcelona. Naci\u00f3 como proyecto cooperativo hace cuatro a\u00f1os y, desde entonces, la respuesta del barrio ha superado todas las expectativas. En este nuevo cap\u00edtulo de \u2018Personas\u2019, nos explican que su objetivo era crear un proyecto que fuera m\u00e1s all\u00e1 de una librer\u00eda: crear una comunidad a trav\u00e9s de la cultura.\u00a0<\/b><\/h3>\n<p>&nbsp;<\/p>\n<p><span style=\"font-weight: 400;\">Cada generaci\u00f3n ve y vive el mundo de una manera diferente, y hoy ponemos el foco en la generaci\u00f3n Z, que engloba a todos aquellos nacidos entre 1995 y los 2000. Hablamos con <\/span><b>las impulsoras de <\/b><a href=\"https:\/\/culturacooperativa.cat\/project\/la-carbonera\/\"><b>La Carbonera<\/b><\/a><b>, Carlota Freixenet y Laia Salvador<\/b><span style=\"font-weight: 400;\">, para descubrir qu\u00e9 y c\u00f3mo lee esta generaci\u00f3n, a menudo estigmatizada por la tecnolog\u00eda, e incluso, infantilizada, tal como denuncia Freixenet. La realidad es que parte de estos j\u00f3venes ya tienen estudios universitarios finalizados, forman parte del mercado laboral y la concepci\u00f3n de lectura juvenil que se les atribuye se queda muy corta, en relaci\u00f3n con sus aspiraciones reales.<\/span><\/p>\n<p>&nbsp;<\/p>\n<h3><b>Leer menos, pero leer mejor<\/b><\/h3>\n<p><span style=\"font-weight: 400;\">Joseph Addison dec\u00eda que la lectura es a la mente lo que el ejercicio es al cuerpo. As\u00ed pues, si somos conscientes de la importancia de entrenar el cuerpo para ganar salud, \u00bfpor qu\u00e9 no hacerlo tambi\u00e9n con la mente? Sea como refugio, como anhelo de libertad o simplemente como pasatiempo, <\/span><b>la literatura tiene un papel claramente activo en las vidas de la generaci\u00f3n Z<\/b><span style=\"font-weight: 400;\">. Si una cosa les define, es la parte pr\u00e1ctica con que se toman la vida y, seguramente, el hecho de crecer con las facilidades que aporta la tecnolog\u00eda tiene algo que ver.\u00a0<\/span><\/p>\n<p><span style=\"font-weight: 400;\">Con la lectura pasa una cosa parecida, y tal y como explican desde La Carbonera, su experiencia les demuestra que los <\/span><b>j\u00f3venes leen y mucho, a pesar de que ha cambiado el formato respecto a otras generaciones<\/b><span style=\"font-weight: 400;\">. Por encima de todo buscan la parte pr\u00e1ctica, y esto se traduce en libros breves, de no m\u00e1s de 200 p\u00e1ginas. Tal y como nos relatan, \u201cpueden llegar a leer tres o cuatro libros al mes, por lo tanto, no est\u00e1n leyendo menos, est\u00e1n leyendo cosas m\u00e1s breves pero muy buenas\u201d. <\/span><\/p>\n\n      <\/div>\n    <\/div>\n  <\/div>\n<\/div>\n\n\n<div class=\"component gallery\">\n  <div class=\"container\">\n    <div class=\"row\">\n      <div class=\"col col-lg-10 offset-lg-1\">\n        <div id=\"slider\" class=\"carousel slide\">\n          <div class=\"carousel-inner\">\n            <div class=\"carousel-item active video-player inline-player\" data-video-id=\"6283185226001\">\n              <img decoding=\"async\" class=\"d-block w-100\" src=\"https:\/\/www.11onze.cat\/wp-content\/uploads\/2021\/11\/VISUALS_PODCAST_PERSONES_IMAGE_VIDEO_BLOCK_PSN-1-scaled-scaled.jpg\" alt=\"\">\n              <button type=\"button\" class=\"play\"><\/button>\n              <div class=\"carousel-caption\">\n                <p>Episodio 7 | Personas: Qu\u00e9 lee la Gen Z<\/p>\n              <\/div>\n            <\/div>\n          <\/div>\n        <\/div>\n      <\/div>\n    <\/div>\n  <\/div>\n<\/div>\n\n<div class=\"component text\">\n  <div class=\"container\">\n\n\n    <div class=\"row\">\n      <div class=\"col  col-lg-8  offset-lg-2\">\n        <h3><b>Aprender y crecer en comunidad<\/b><\/h3>\n<p><span style=\"font-weight: 400;\">Nos explican que uno de los proyectos que han impulsado en La Carbonera es <\/span><b>un club de lectura, que ha tenido un magn\u00edfico recibimiento entre el p\u00fablico Z<\/b><span style=\"font-weight: 400;\">, especialmente entre las mujeres de esta generaci\u00f3n. Si bien la lectura es una actividad \u00edntima, de introspecci\u00f3n e incluso de crecimiento, el hecho de compartirlo abre nuevos horizontes de conocimiento. Consiguen, as\u00ed, compartir opiniones, sensaciones y reflexiones que se convierten en semillas para hacer crecer en comunidad.<\/span><\/p>\n<p><span style=\"font-weight: 400;\">A lo largo del podcast, Freixenet i Salvador nos hablan de algunos de los autores j\u00f3venes m\u00e1s destacados del panorama actual, como por ejemplo <\/span><b>Andrea Abreu, Nuria Bendicho, Laia Vi\u00f1as o Pol Guasch<\/b><span style=\"font-weight: 400;\">. El rasgo com\u00fan para la mayor\u00eda de los escritores \u2018zoomers\u2019 es que \u201chablan de conflicto, y desde el conflicto. Cuestionan en alg\u00fan momento, ponen en entredicho cosas y problematizan\u201d, explica Freixenet. Y a\u00f1ade que hay una conciencia diferente, son una generaci\u00f3n que ha normalizado situaciones o contextos que en generaciones anteriores se estigmatizaban.<\/span><\/p>\n<p><span style=\"font-weight: 400;\">Si quer\u00e9is regalar cultura esta Navidad, <\/span><b>\u00a1apuntad los top ventas que nos recomiendan en La Carbonera!<\/b><\/p>\n<p>&nbsp;<\/p>\n<p><b>11Onze se est\u00e1 convirtiendo en un fen\u00f3meno como primera comunidad fintech de Catalu\u00f1a. Ahora, lanza la primera versi\u00f3n de El Canut, la super app de 11Onze, para <\/b><a href=\"https:\/\/bit.ly\/2YlbZAf\"><b>Android<\/b><\/a><b> y <\/b><a href=\"https:\/\/bit.ly\/Onze-IOS\"><b>Apple<\/b><\/a><b>. Desde El Canut se puede abrir la primera cuenta universal en el territorio catal\u00e1n.<\/b><\/p>\n\n      <\/div>\n    <\/div>\n  <\/div>\n<\/div>\n\n\n<div class=\"component cards\">\n  <div class=\"container\">\n    <div class=\"row\">\n      <div class=\"col col-xl-8 offset-xl-2\">\n        <h1>Si te ha gustado este art\u00edculo, te recomendamos:<\/h1>\n        <div class=\"cards__wrapper\">\n          <div class=\"card\">\n            <a href=\"https:\/\/www.11onze.cat\/es\/magazine\/libros-catalan-avaricia\/\" class=\"card-link\" target=\"_self\"><\/a>\n            <div class=\"card-img\">\n              <img decoding=\"async\" src=\"https:\/\/www.11onze.cat\/wp-content\/uploads\/2021\/11\/THUMBNAIL_LLIBRES_AVARICIA-800x500.jpg\" class=\"card-img-top\" alt=\"\">\n                <span class=\"card-category\">Cultura<\/span>\n            <\/div>\n            <div class=\"card-body\">\n              <p class=\"card-title p2\"><strong>Los libros en catal\u00e1n sobre la avaricia<\/strong><\/p>\n              <span class=\"card-time\">7min lectura<\/span>\n              <p class=\"card-text small\">Con motivo del D\u00eda Mundial de las Librer\u00edas, en 11Onze nos<\/p>\n            <\/div>\n          <\/div>\n\n\n          <div class=\"card\">\n            <a href=\"https:\/\/www.11onze.cat\/es\/magazine\/libros-catalanes-viajar-salir-casa\/\" class=\"card-link\" target=\"_self\"><\/a>\n            <div class=\"card-img\">\n              <img decoding=\"async\" src=\"https:\/\/www.11onze.cat\/wp-content\/uploads\/2021\/08\/THUMBNAIL_LLIBRES_CATALANS_VIATJAR_CASA-800x486.jpg\" class=\"card-img-top\" alt=\"\">\n                <span class=\"card-category\">Cultura<\/span>\n            <\/div>\n            <div class=\"card-body\">\n              <p class=\"card-title p2\"><strong>Libros catalanes para viajar sin salir de casa<\/strong><\/p>\n              <span class=\"card-time\">4min lectura<\/span>\n              <p class=\"card-text small\">La pandemia nos ha quitado la libertad de viajar f\u00edsicamente<\/p>\n            <\/div>\n          <\/div>\n\n\n          <div class=\"card\">\n            <a href=\"https:\/\/www.11onze.cat\/es\/magazine\/visita-museos-mundo-casa\/\" class=\"card-link\" target=\"_self\"><\/a>\n            <div class=\"card-img\">\n              <img decoding=\"async\" src=\"https:\/\/www.11onze.cat\/wp-content\/uploads\/2021\/08\/THUMBNAIL_VISITAR_MUSEUS_ONLINE-800x533.jpg\" class=\"card-img-top\" alt=\"\">\n                <span class=\"card-category\">Cultura<\/span>\n            <\/div>\n            <div class=\"card-body\">\n              <p class=\"card-title p2\"><strong>Museos de todo el mundo desde casa<\/strong><\/p>\n              <span class=\"card-time\">6min lectura<\/span>\n              <p class=\"card-text small\">El British Museum, el Louvre, el Hermitage\u2026 si este verano no<\/p>\n            <\/div>\n          <\/div>\n\n              <\/div>\n              <br>\n              <br>\n              <div class=\"cards__wrapper\">\n\n        <\/div>\n      <\/div>\n    <\/div>\n  <\/div>\n<\/div>","protected":false},"excerpt":{"rendered":"","protected":false},"author":71,"featured_media":21626,"comment_status":"open","ping_status":"closed","sticky":false,"template":"","format":"standard","meta":{"_acf_changed":false,"content-type":"","footnotes":""},"categories":[28],"tags":[180],"class_list":["post-21636","post","type-post","status-publish","format-standard","has-post-thumbnail","hentry","category-sin-categorizar","tag-cultura-es"],"acf":[],"yoast_head":"<!-- This site is optimized with the Yoast SEO plugin v27.4 - https:\/\/yoast.com\/product\/yoast-seo-wordpress\/ -->\n<title>La literatura de la Gen Z: politizar el malestar - 11ONZE<\/title>\n<meta name=\"description\" content=\"Anna Gas, N\u00faria Bendicho, Laia Vi\u00f1as, Pol Guasch\u2026 Hablamos con las libreras de La Carbonera sobre la literatura de la generaci\u00f3n Z.\" \/>\n<meta name=\"robots\" content=\"index, follow, max-snippet:-1, max-image-preview:large, max-video-preview:-1\" \/>\n<link rel=\"canonical\" href=\"https:\/\/www.11onze.cat\/es\/magazine\/literatura-gen-z-politizar-malestar\/\" \/>\n<meta property=\"og:locale\" content=\"es_ES\" \/>\n<meta property=\"og:type\" content=\"article\" \/>\n<meta property=\"og:title\" content=\"La literatura de la Gen Z: politizar el malestar - 11ONZE\" \/>\n<meta property=\"og:description\" content=\"Anna Gas, N\u00faria Bendicho, Laia Vi\u00f1as, Pol Guasch\u2026 Hablamos con las libreras de La Carbonera sobre la literatura de la generaci\u00f3n Z.\" \/>\n<meta property=\"og:url\" content=\"https:\/\/www.11onze.cat\/es\/magazine\/literatura-gen-z-politizar-malestar\/\" \/>\n<meta property=\"og:site_name\" content=\"11Onze\" \/>\n<meta property=\"article:publisher\" content=\"https:\/\/www.facebook.com\/11OnzeComunitat\" \/>\n<meta property=\"article:published_time\" content=\"2021-11-22T20:00:00+00:00\" \/>\n<meta property=\"og:image\" content=\"https:\/\/www.11onze.cat\/wp-content\/uploads\/2021\/11\/VISUALS_PODCAST_PERSONES_SHARE_IMAGE-1-1-scaled.jpg\" \/>\n<meta name=\"author\" content=\"Equip Editorial\" \/>\n<meta name=\"twitter:card\" content=\"summary_large_image\" \/>\n<meta name=\"twitter:title\" content=\"La literatura de la Gen Z: politizar el malestar - 11ONZE\" \/>\n<meta name=\"twitter:description\" content=\"Anna Gas, N\u00faria Bendicho, Laia Vi\u00f1as, Pol Guasch\u2026 Hablamos con las libreras de La Carbonera sobre la literatura de la generaci\u00f3n Z.\" \/>\n<meta name=\"twitter:image\" content=\"https:\/\/www.11onze.cat\/wp-content\/uploads\/2021\/11\/VISUALS_PODCAST_PERSONES_SHARE_IMAGE-1-1-scaled.jpg\" \/>\n<meta name=\"twitter:creator\" content=\"@11OnzeFintech\" \/>\n<meta name=\"twitter:site\" content=\"@11OnzeFintech\" \/>\n<meta name=\"twitter:label1\" content=\"Escrito por\" \/>\n\t<meta name=\"twitter:data1\" content=\"Equip Editorial\" \/>\n<script type=\"application\/ld+json\" class=\"yoast-schema-graph\">{\"@context\":\"https:\\\/\\\/schema.org\",\"@graph\":[{\"@type\":\"Article\",\"@id\":\"https:\\\/\\\/www.11onze.cat\\\/es\\\/magazine\\\/literatura-gen-z-politizar-malestar\\\/#article\",\"isPartOf\":{\"@id\":\"https:\\\/\\\/www.11onze.cat\\\/es\\\/magazine\\\/literatura-gen-z-politizar-malestar\\\/\"},\"author\":{\"name\":\"Equip Editorial\",\"@id\":\"https:\\\/\\\/www.11onze.cat\\\/es\\\/#\\\/schema\\\/person\\\/636d99b4c82bb7178687ecd43c3a61bd\"},\"headline\":\"La literatura de la Gen Z: politizar el malestar\",\"datePublished\":\"2021-11-22T20:00:00+00:00\",\"mainEntityOfPage\":{\"@id\":\"https:\\\/\\\/www.11onze.cat\\\/es\\\/magazine\\\/literatura-gen-z-politizar-malestar\\\/\"},\"wordCount\":9,\"commentCount\":0,\"publisher\":{\"@id\":\"https:\\\/\\\/www.11onze.cat\\\/es\\\/#organization\"},\"image\":{\"@id\":\"https:\\\/\\\/www.11onze.cat\\\/es\\\/magazine\\\/literatura-gen-z-politizar-malestar\\\/#primaryimage\"},\"thumbnailUrl\":\"https:\\\/\\\/www.11onze.cat\\\/wp-content\\\/uploads\\\/2021\\\/11\\\/VISUALS_PODCAST_PERSONES_THUMBNAIL_PSN-1.jpg\",\"keywords\":[\"Cultura\"],\"articleSection\":[\"Sin categorizar\"],\"inLanguage\":\"es\",\"potentialAction\":[{\"@type\":\"CommentAction\",\"name\":\"Comment\",\"target\":[\"https:\\\/\\\/www.11onze.cat\\\/es\\\/magazine\\\/literatura-gen-z-politizar-malestar\\\/#respond\"]}]},{\"@type\":\"WebPage\",\"@id\":\"https:\\\/\\\/www.11onze.cat\\\/es\\\/magazine\\\/literatura-gen-z-politizar-malestar\\\/\",\"url\":\"https:\\\/\\\/www.11onze.cat\\\/es\\\/magazine\\\/literatura-gen-z-politizar-malestar\\\/\",\"name\":\"La literatura de la Gen Z: politizar el malestar - 11ONZE\",\"isPartOf\":{\"@id\":\"https:\\\/\\\/www.11onze.cat\\\/es\\\/#website\"},\"primaryImageOfPage\":{\"@id\":\"https:\\\/\\\/www.11onze.cat\\\/es\\\/magazine\\\/literatura-gen-z-politizar-malestar\\\/#primaryimage\"},\"image\":{\"@id\":\"https:\\\/\\\/www.11onze.cat\\\/es\\\/magazine\\\/literatura-gen-z-politizar-malestar\\\/#primaryimage\"},\"thumbnailUrl\":\"https:\\\/\\\/www.11onze.cat\\\/wp-content\\\/uploads\\\/2021\\\/11\\\/VISUALS_PODCAST_PERSONES_THUMBNAIL_PSN-1.jpg\",\"datePublished\":\"2021-11-22T20:00:00+00:00\",\"description\":\"Anna Gas, N\u00faria Bendicho, Laia Vi\u00f1as, Pol Guasch\u2026 Hablamos con las libreras de La Carbonera sobre la literatura de la generaci\u00f3n Z.\",\"breadcrumb\":{\"@id\":\"https:\\\/\\\/www.11onze.cat\\\/es\\\/magazine\\\/literatura-gen-z-politizar-malestar\\\/#breadcrumb\"},\"inLanguage\":\"es\",\"potentialAction\":[{\"@type\":\"ReadAction\",\"target\":[\"https:\\\/\\\/www.11onze.cat\\\/es\\\/magazine\\\/literatura-gen-z-politizar-malestar\\\/\"]}]},{\"@type\":\"ImageObject\",\"inLanguage\":\"es\",\"@id\":\"https:\\\/\\\/www.11onze.cat\\\/es\\\/magazine\\\/literatura-gen-z-politizar-malestar\\\/#primaryimage\",\"url\":\"https:\\\/\\\/www.11onze.cat\\\/wp-content\\\/uploads\\\/2021\\\/11\\\/VISUALS_PODCAST_PERSONES_THUMBNAIL_PSN-1.jpg\",\"contentUrl\":\"https:\\\/\\\/www.11onze.cat\\\/wp-content\\\/uploads\\\/2021\\\/11\\\/VISUALS_PODCAST_PERSONES_THUMBNAIL_PSN-1.jpg\",\"width\":1564,\"height\":1051},{\"@type\":\"BreadcrumbList\",\"@id\":\"https:\\\/\\\/www.11onze.cat\\\/es\\\/magazine\\\/literatura-gen-z-politizar-malestar\\\/#breadcrumb\",\"itemListElement\":[{\"@type\":\"ListItem\",\"position\":1,\"name\":\"Home\",\"item\":\"https:\\\/\\\/www.11onze.cat\\\/es\\\/\"},{\"@type\":\"ListItem\",\"position\":2,\"name\":\"La literatura de la Gen Z: politizar el malestar\"}]},{\"@type\":\"WebSite\",\"@id\":\"https:\\\/\\\/www.11onze.cat\\\/es\\\/#website\",\"url\":\"https:\\\/\\\/www.11onze.cat\\\/es\\\/\",\"name\":\"11Onze\",\"description\":\"Primera comunidad fintech digital en Catalu\u00f1a\",\"publisher\":{\"@id\":\"https:\\\/\\\/www.11onze.cat\\\/es\\\/#organization\"},\"potentialAction\":[{\"@type\":\"SearchAction\",\"target\":{\"@type\":\"EntryPoint\",\"urlTemplate\":\"https:\\\/\\\/www.11onze.cat\\\/es\\\/?s={search_term_string}\"},\"query-input\":{\"@type\":\"PropertyValueSpecification\",\"valueRequired\":true,\"valueName\":\"search_term_string\"}}],\"inLanguage\":\"es\"},{\"@type\":\"Organization\",\"@id\":\"https:\\\/\\\/www.11onze.cat\\\/es\\\/#organization\",\"name\":\"11Onze\",\"url\":\"https:\\\/\\\/www.11onze.cat\\\/es\\\/\",\"logo\":{\"@type\":\"ImageObject\",\"inLanguage\":\"es\",\"@id\":\"https:\\\/\\\/www.11onze.cat\\\/es\\\/#\\\/schema\\\/logo\\\/image\\\/\",\"url\":\"https:\\\/\\\/www.11onze.cat\\\/wp-content\\\/uploads\\\/2021\\\/04\\\/512x512-11Onze.jpg\",\"contentUrl\":\"https:\\\/\\\/www.11onze.cat\\\/wp-content\\\/uploads\\\/2021\\\/04\\\/512x512-11Onze.jpg\",\"width\":512,\"height\":512,\"caption\":\"11Onze\"},\"image\":{\"@id\":\"https:\\\/\\\/www.11onze.cat\\\/es\\\/#\\\/schema\\\/logo\\\/image\\\/\"},\"sameAs\":[\"https:\\\/\\\/www.facebook.com\\\/11OnzeComunitat\",\"https:\\\/\\\/x.com\\\/11OnzeFintech\",\"https:\\\/\\\/www.instagram.com\\\/11onzecat\\\/\",\"https:\\\/\\\/www.linkedin.com\\\/company\\\/11onzebanc\",\"https:\\\/\\\/www.youtube.com\\\/channel\\\/UCz63R8Byd_kBKtK2M4Qf_7w\"]},{\"@type\":\"Person\",\"@id\":\"https:\\\/\\\/www.11onze.cat\\\/es\\\/#\\\/schema\\\/person\\\/636d99b4c82bb7178687ecd43c3a61bd\",\"name\":\"Equip Editorial\",\"image\":{\"@type\":\"ImageObject\",\"inLanguage\":\"es\",\"@id\":\"https:\\\/\\\/www.11onze.cat\\\/wp-content\\\/uploads\\\/2022\\\/05\\\/HEADER_AGENTS_DECK-300x300.jpg\",\"url\":\"https:\\\/\\\/www.11onze.cat\\\/wp-content\\\/uploads\\\/2022\\\/05\\\/HEADER_AGENTS_DECK-300x300.jpg\",\"contentUrl\":\"https:\\\/\\\/www.11onze.cat\\\/wp-content\\\/uploads\\\/2022\\\/05\\\/HEADER_AGENTS_DECK-300x300.jpg\",\"caption\":\"Equip Editorial\"},\"url\":\"https:\\\/\\\/www.11onze.cat\\\/es\\\/magazine\\\/author\\\/equip-editorial-11onze\\\/\"}]}<\/script>\n<!-- \/ Yoast SEO plugin. -->","yoast_head_json":{"title":"La literatura de la Gen Z: politizar el malestar - 11ONZE","description":"Anna Gas, N\u00faria Bendicho, Laia Vi\u00f1as, Pol Guasch\u2026 Hablamos con las libreras de La Carbonera sobre la literatura de la generaci\u00f3n Z.","robots":{"index":"index","follow":"follow","max-snippet":"max-snippet:-1","max-image-preview":"max-image-preview:large","max-video-preview":"max-video-preview:-1"},"canonical":"https:\/\/www.11onze.cat\/es\/magazine\/literatura-gen-z-politizar-malestar\/","og_locale":"es_ES","og_type":"article","og_title":"La literatura de la Gen Z: politizar el malestar - 11ONZE","og_description":"Anna Gas, N\u00faria Bendicho, Laia Vi\u00f1as, Pol Guasch\u2026 Hablamos con las libreras de La Carbonera sobre la literatura de la generaci\u00f3n Z.","og_url":"https:\/\/www.11onze.cat\/es\/magazine\/literatura-gen-z-politizar-malestar\/","og_site_name":"11Onze","article_publisher":"https:\/\/www.facebook.com\/11OnzeComunitat","article_published_time":"2021-11-22T20:00:00+00:00","og_image":[{"url":"https:\/\/www.11onze.cat\/wp-content\/uploads\/2021\/11\/VISUALS_PODCAST_PERSONES_SHARE_IMAGE-1-1-scaled.jpg","type":"","width":"","height":""}],"author":"Equip Editorial","twitter_card":"summary_large_image","twitter_title":"La literatura de la Gen Z: politizar el malestar - 11ONZE","twitter_description":"Anna Gas, N\u00faria Bendicho, Laia Vi\u00f1as, Pol Guasch\u2026 Hablamos con las libreras de La Carbonera sobre la literatura de la generaci\u00f3n Z.","twitter_image":"https:\/\/www.11onze.cat\/wp-content\/uploads\/2021\/11\/VISUALS_PODCAST_PERSONES_SHARE_IMAGE-1-1-scaled.jpg","twitter_creator":"@11OnzeFintech","twitter_site":"@11OnzeFintech","twitter_misc":{"Escrito por":"Equip Editorial"},"schema":{"@context":"https:\/\/schema.org","@graph":[{"@type":"Article","@id":"https:\/\/www.11onze.cat\/es\/magazine\/literatura-gen-z-politizar-malestar\/#article","isPartOf":{"@id":"https:\/\/www.11onze.cat\/es\/magazine\/literatura-gen-z-politizar-malestar\/"},"author":{"name":"Equip Editorial","@id":"https:\/\/www.11onze.cat\/es\/#\/schema\/person\/636d99b4c82bb7178687ecd43c3a61bd"},"headline":"La literatura de la Gen Z: politizar el malestar","datePublished":"2021-11-22T20:00:00+00:00","mainEntityOfPage":{"@id":"https:\/\/www.11onze.cat\/es\/magazine\/literatura-gen-z-politizar-malestar\/"},"wordCount":9,"commentCount":0,"publisher":{"@id":"https:\/\/www.11onze.cat\/es\/#organization"},"image":{"@id":"https:\/\/www.11onze.cat\/es\/magazine\/literatura-gen-z-politizar-malestar\/#primaryimage"},"thumbnailUrl":"https:\/\/www.11onze.cat\/wp-content\/uploads\/2021\/11\/VISUALS_PODCAST_PERSONES_THUMBNAIL_PSN-1.jpg","keywords":["Cultura"],"articleSection":["Sin categorizar"],"inLanguage":"es","potentialAction":[{"@type":"CommentAction","name":"Comment","target":["https:\/\/www.11onze.cat\/es\/magazine\/literatura-gen-z-politizar-malestar\/#respond"]}]},{"@type":"WebPage","@id":"https:\/\/www.11onze.cat\/es\/magazine\/literatura-gen-z-politizar-malestar\/","url":"https:\/\/www.11onze.cat\/es\/magazine\/literatura-gen-z-politizar-malestar\/","name":"La literatura de la Gen Z: politizar el malestar - 11ONZE","isPartOf":{"@id":"https:\/\/www.11onze.cat\/es\/#website"},"primaryImageOfPage":{"@id":"https:\/\/www.11onze.cat\/es\/magazine\/literatura-gen-z-politizar-malestar\/#primaryimage"},"image":{"@id":"https:\/\/www.11onze.cat\/es\/magazine\/literatura-gen-z-politizar-malestar\/#primaryimage"},"thumbnailUrl":"https:\/\/www.11onze.cat\/wp-content\/uploads\/2021\/11\/VISUALS_PODCAST_PERSONES_THUMBNAIL_PSN-1.jpg","datePublished":"2021-11-22T20:00:00+00:00","description":"Anna Gas, N\u00faria Bendicho, Laia Vi\u00f1as, Pol Guasch\u2026 Hablamos con las libreras de La Carbonera sobre la literatura de la generaci\u00f3n Z.","breadcrumb":{"@id":"https:\/\/www.11onze.cat\/es\/magazine\/literatura-gen-z-politizar-malestar\/#breadcrumb"},"inLanguage":"es","potentialAction":[{"@type":"ReadAction","target":["https:\/\/www.11onze.cat\/es\/magazine\/literatura-gen-z-politizar-malestar\/"]}]},{"@type":"ImageObject","inLanguage":"es","@id":"https:\/\/www.11onze.cat\/es\/magazine\/literatura-gen-z-politizar-malestar\/#primaryimage","url":"https:\/\/www.11onze.cat\/wp-content\/uploads\/2021\/11\/VISUALS_PODCAST_PERSONES_THUMBNAIL_PSN-1.jpg","contentUrl":"https:\/\/www.11onze.cat\/wp-content\/uploads\/2021\/11\/VISUALS_PODCAST_PERSONES_THUMBNAIL_PSN-1.jpg","width":1564,"height":1051},{"@type":"BreadcrumbList","@id":"https:\/\/www.11onze.cat\/es\/magazine\/literatura-gen-z-politizar-malestar\/#breadcrumb","itemListElement":[{"@type":"ListItem","position":1,"name":"Home","item":"https:\/\/www.11onze.cat\/es\/"},{"@type":"ListItem","position":2,"name":"La literatura de la Gen Z: politizar el malestar"}]},{"@type":"WebSite","@id":"https:\/\/www.11onze.cat\/es\/#website","url":"https:\/\/www.11onze.cat\/es\/","name":"11Onze","description":"Primera comunidad fintech digital en Catalu\u00f1a","publisher":{"@id":"https:\/\/www.11onze.cat\/es\/#organization"},"potentialAction":[{"@type":"SearchAction","target":{"@type":"EntryPoint","urlTemplate":"https:\/\/www.11onze.cat\/es\/?s={search_term_string}"},"query-input":{"@type":"PropertyValueSpecification","valueRequired":true,"valueName":"search_term_string"}}],"inLanguage":"es"},{"@type":"Organization","@id":"https:\/\/www.11onze.cat\/es\/#organization","name":"11Onze","url":"https:\/\/www.11onze.cat\/es\/","logo":{"@type":"ImageObject","inLanguage":"es","@id":"https:\/\/www.11onze.cat\/es\/#\/schema\/logo\/image\/","url":"https:\/\/www.11onze.cat\/wp-content\/uploads\/2021\/04\/512x512-11Onze.jpg","contentUrl":"https:\/\/www.11onze.cat\/wp-content\/uploads\/2021\/04\/512x512-11Onze.jpg","width":512,"height":512,"caption":"11Onze"},"image":{"@id":"https:\/\/www.11onze.cat\/es\/#\/schema\/logo\/image\/"},"sameAs":["https:\/\/www.facebook.com\/11OnzeComunitat","https:\/\/x.com\/11OnzeFintech","https:\/\/www.instagram.com\/11onzecat\/","https:\/\/www.linkedin.com\/company\/11onzebanc","https:\/\/www.youtube.com\/channel\/UCz63R8Byd_kBKtK2M4Qf_7w"]},{"@type":"Person","@id":"https:\/\/www.11onze.cat\/es\/#\/schema\/person\/636d99b4c82bb7178687ecd43c3a61bd","name":"Equip Editorial","image":{"@type":"ImageObject","inLanguage":"es","@id":"https:\/\/www.11onze.cat\/wp-content\/uploads\/2022\/05\/HEADER_AGENTS_DECK-300x300.jpg","url":"https:\/\/www.11onze.cat\/wp-content\/uploads\/2022\/05\/HEADER_AGENTS_DECK-300x300.jpg","contentUrl":"https:\/\/www.11onze.cat\/wp-content\/uploads\/2022\/05\/HEADER_AGENTS_DECK-300x300.jpg","caption":"Equip Editorial"},"url":"https:\/\/www.11onze.cat\/es\/magazine\/author\/equip-editorial-11onze\/"}]}},"_links":{"self":[{"href":"https:\/\/www.11onze.cat\/es\/wp-json\/wp\/v2\/posts\/21636","targetHints":{"allow":["GET"]}}],"collection":[{"href":"https:\/\/www.11onze.cat\/es\/wp-json\/wp\/v2\/posts"}],"about":[{"href":"https:\/\/www.11onze.cat\/es\/wp-json\/wp\/v2\/types\/post"}],"author":[{"embeddable":true,"href":"https:\/\/www.11onze.cat\/es\/wp-json\/wp\/v2\/users\/71"}],"replies":[{"embeddable":true,"href":"https:\/\/www.11onze.cat\/es\/wp-json\/wp\/v2\/comments?post=21636"}],"version-history":[{"count":0,"href":"https:\/\/www.11onze.cat\/es\/wp-json\/wp\/v2\/posts\/21636\/revisions"}],"wp:featuredmedia":[{"embeddable":true,"href":"https:\/\/www.11onze.cat\/es\/wp-json\/wp\/v2\/media\/21626"}],"wp:attachment":[{"href":"https:\/\/www.11onze.cat\/es\/wp-json\/wp\/v2\/media?parent=21636"}],"wp:term":[{"taxonomy":"category","embeddable":true,"href":"https:\/\/www.11onze.cat\/es\/wp-json\/wp\/v2\/categories?post=21636"},{"taxonomy":"post_tag","embeddable":true,"href":"https:\/\/www.11onze.cat\/es\/wp-json\/wp\/v2\/tags?post=21636"}],"curies":[{"name":"wp","href":"https:\/\/api.w.org\/{rel}","templated":true}]}}