{"id":20994,"date":"2025-01-18T20:00:00","date_gmt":"2025-01-18T19:00:00","guid":{"rendered":"https:\/\/www.11onze.cat\/?p=20994"},"modified":"2025-01-13T11:57:10","modified_gmt":"2025-01-13T10:57:10","slug":"recaredo-trabajar-conciencia","status":"publish","type":"post","link":"https:\/\/www.11onze.cat\/es\/magazine\/recaredo-trabajar-conciencia\/","title":{"rendered":"Recaredo, trabajar desde la conciencia"},"content":{"rendered":"<div class=\"component text\">\n  <div class=\"container\">\n\n\n    <div class=\"row\">\n      <div class=\"col  col-lg-8  offset-lg-2\">\n        <h3><b>La bodega Recaredo, Corpinnat, se encuentra en el n\u00facleo antiguo de Sant Sadurn\u00ed d\u2019Anoia. Es la \u00fanica cava que contin\u00faa haciendo todo el proceso de vinificaci\u00f3n en el centro de la villa y lo hace desde principios del siglo XX. Todo lo que se produce en Recaredo se hace desde la conciencia.<\/b><\/h3>\n<p>&nbsp;<\/p>\n<p><b>Ton Mata, tercera generaci\u00f3n de la bodega <\/b><a href=\"https:\/\/www.recaredo.com\/\"><b>Recaredo<\/b><\/a><b>, hace 25 a\u00f1os que decidi\u00f3 formar parte del negocio familiar<\/b><span style=\"font-weight: 400;\">. Despu\u00e9s de haber estudiado ingenier\u00eda aeron\u00e1utica, cuando volvi\u00f3 a casa tuvo una larga conversaci\u00f3n con su padre y decidi\u00f3 estudiar ingenier\u00eda t\u00e9cnica agr\u00edcola y entrar a formar parte de la empresa familiar. Ha sido director t\u00e9cnico, director general y, ahora, es consejero delegado. Junto con dos primos m\u00e1s gestionan la empresa bajo la direcci\u00f3n de una persona externa de la familia.<\/span><\/p>\n<h3><b>Hacer lo que te gusta<\/b><\/h3>\n<p><span style=\"font-weight: 400;\">La historia de la bodega es curiosa, dado que todo el Corpinnat que sale de la empresa es fruto de las cosechas propias. \u201cNosotros venimos de una familia que no ten\u00eda vi\u00f1as \u2014explica Ton Mata\u2014. <\/span><b>Mi abuelo, cuando empez\u00f3, no ten\u00eda ni una sola vi\u00f1a y en estos momentos tenemos 80 hect\u00e1reas en propiedad<\/b><span style=\"font-weight: 400;\">, de las cuales sale la producci\u00f3n de Recaredo 100%, Corpinnat\u201d. Para hacer la producci\u00f3n de vino tranquilo, necesitan comprar uva.<\/span><\/p>\n<p><span style=\"font-weight: 400;\">El abuelo de Ton Mata era hijo de una familia de artesanos de la cer\u00e1mica que hac\u00eda las t\u00edpicas piezas para la construcci\u00f3n.<\/span><b> \u201cMi bisabuela envi\u00f3 al abuelo, cuando era muy jovencito, a trabajar a unas cavas. Y aqu\u00ed es donde empez\u00f3 todo\u201d<\/b><span style=\"font-weight: 400;\">, explica. All\u00ed, el abuelo aprendi\u00f3 el oficio de la segunda fermentaci\u00f3n, de todo lo que pasa dentro de la botella (crianza, pupitre, segunda fermentaci\u00f3n, deg\u00fcelle) \u201cy se convirti\u00f3 en un experto en el arte del deg\u00fcello manual\u201d. \u201cEntonces se planta para \u00e9l solo y, poco a poco, transforma el tejar familiar en unas cavas\u201d, ampl\u00eda. De hecho, la bodega todav\u00eda conserva una parte del antiguo tejar.<\/span><\/p>\n<p><span style=\"font-weight: 400;\">\u201cMi abuelo \u2014explica Ton Mata\u2014 se da cuenta de que, si quiere hacer un buen vino, necesita una buena vi\u00f1a. Y es as\u00ed como empezamos la integraci\u00f3n vertical, pero en vez de hacerlo de la vi\u00f1a hacia delante, lo hacemos hacia atr\u00e1s\u201d. <\/span><b>La tercera generaci\u00f3n est\u00e1 recogiendo los frutos del trabajo hecho por el abuelo<\/b><span style=\"font-weight: 400;\">. Ton Mata dice que esta herencia les permite hacer \u201cun camino de ensue\u00f1o\u201d: \u201cHacer lo que realmente nos gusta y queremos hacer. Procuramos ser libres, no tener ning\u00fan v\u00ednculo, es decir, que no sea el mercado quien nos marque el camino. Afortunadamente, hasta ahora, hemos encontrado la complicidad de personas que les ha gustado lo que hacemos\u201d.<\/span><\/p>\n<h3><b>El \u2018terroir\u2019 que acoge a las vi\u00f1as<\/b><\/h3>\n<p><span style=\"font-weight: 400;\">Ton Mata explica que la bodega se ha ido transformando y ha pasado de la agricultura tradicional a la agricultura ecol\u00f3gica y, despu\u00e9s, a la agricultura biodin\u00e1mica. \u201c<\/span><b>Este proceso nos ha hecho m\u00e1s fuertes en nuestras convicciones<\/b><span style=\"font-weight: 400;\">, que son: hacer espumosos solo brut nature, hacer vinos que realmente sean capaces de representar un paisaje, un territorio, con todas las consecuencias y no solo de bla, bla, bla; hacer crianzas mucho m\u00e1s largas\u2026\u201d.<\/span><\/p>\n<p><span style=\"font-weight: 400;\">Recaredo tiene una producci\u00f3n de 280.000 botellas. Exporta fuera del Estado espa\u00f1ol un 15%, en el Estado otro 15% y su mercado principal es Catalu\u00f1a, con un 70%. Ton Mata considera que son una bodega peque\u00f1a. A pesar de que mira el sector con preocupaci\u00f3n, <\/span><b>considera positivo el nacimiento de nuevas empresas<\/b><span style=\"font-weight: 400;\"> que desde la vi\u00f1a sacan al mercado sus productos. Cree que el sector vitivin\u00edcola del Pened\u00e8s se debe atomizar, si se quiere mantener el prestigio de la zona. \u201cEs interesante que haya empresas peque\u00f1as, cada una con su estilo y su personalidad. Es bueno para mantener el equilibrio\u201d, argumenta.<\/span><\/p>\n<p><b>Sin embargo, se manifiesta preocupado por el territorio, el paisaje y el entorno<\/b><span style=\"font-weight: 400;\">. \u201cEst\u00e1 tan amenazado que me hace sufrir. Corpinnat vamos a contracorriente. Es muy dif\u00edcil hacer vinos que representen un paisaje si no tienes paisaje de calidad. Las amenazas de infraestructuras como la MAT, pol\u00edgonos como Can Vies y, sobre todo, los desechos que dejamos en la tierra como los herbicidas o los insecticidas\u2026 Est\u00e1 claro que no ayudan a mantener un paisaje de calidad. Este tipo de agricultura no tiene futuro y no es sostenible. Impide hacer vinos que representen un paisaje porque lo que hace es destrozar este paisaje y los vinos acaban ense\u00f1ando este paisaje destrozado\u201d, se lamenta.<\/span><\/p>\n<p><span style=\"font-weight: 400;\">Para Ton Mata practicar agricultura biodin\u00e1mica hace que sus vinos reflejen el suelo donde han sido cultivados, el \u2018terroir\u2019. \u201c<\/span><b>Ofrecemos un espumoso que representa la transparencia<\/b><span style=\"font-weight: 400;\">: de una cosecha, una a\u00f1ada, un \u2018terroir\u2019, unas personas y un equipo. Un brut nature es el que da la transparencia m\u00e1s grande, y con esta obsesi\u00f3n de representar el \u2018terroir\u2019 te das cuenta de que el paisaje sepultado est\u00e1 muy da\u00f1ado\u201d, explica.<\/span><\/p>\n<h3><b>Preservar el paisaje<\/b><\/h3>\n<p><span style=\"font-weight: 400;\">Para Mata, p<\/span><b>racticar la agricultura biodin\u00e1mica quiere decir trabajar para preservar el paisaje<\/b><span style=\"font-weight: 400;\">, trabajar con la naturaleza y no contra la naturaleza. \u201cNosotros implantamos la parte m\u00e1s racional de la biodin\u00e1mica en 2006. Nos hemos ido abriendo a la biodin\u00e1mica, no solo a la parte racional y biol\u00f3gica, sino tambi\u00e9n a la parte m\u00e1s filos\u00f3fica y m\u00e1s de conciencia, la de estar m\u00e1s atento a lo que haces y por qu\u00e9 lo haces. Esto es un reto, porque, cuando mandas hacer un trabajo, este no tiene que ser solo de ejecuci\u00f3n mec\u00e1nica, sino que tiene que implicar una conciencia de c\u00f3mo se est\u00e1 haciendo y por qu\u00e9 se est\u00e1 haciendo as\u00ed\u201d, detalla. Para Mata, trabajar desde la conciencia tiene una consecuencia sobre el resultado del vino.<\/span><\/p>\n<p><b>Recaredo forma parte del grupo <\/b><a href=\"https:\/\/www.corpinnat.com\/es\/\"><b>Corpinnat<\/b><\/a><b> (marca colectiva de la Uni\u00f3n Europea) junto con diez bodegas m\u00e1s<\/b><span style=\"font-weight: 400;\">. Su compromiso con el territorio queda reflejado en los principios de esta marca.<\/span><\/p>\n<p>&nbsp;<\/p>\n<p><b>11Onze es la fintech comunitaria de Catalu\u00f1a. Abre una cuenta descargando la app El Canut para <\/b><a href=\"https:\/\/play.google.com\/store\/apps\/details?id=com.e11onze.app&amp;utm_source=emailing&amp;utm_campaign=CANUT+launch\"><b>Android<\/b><\/a><b> o <\/b><a href=\"https:\/\/apps.apple.com\/us\/app\/11onze\/id1566129237?utm_campaign=El+Canut\"><b>iOS<\/b><\/a><b>. \u00a1\u00danete a la revoluci\u00f3n!<\/b><\/p>\n\n      <\/div>\n    <\/div>\n  <\/div>\n<\/div>\n\n\n<div class=\"component cards\">\n  <div class=\"container\">\n    <div class=\"row\">\n      <div class=\"col col-xl-8 offset-xl-2\">\n        <h1>Si te ha gustado este art\u00edculo, te recomendamos:<\/h1>\n        <div class=\"cards__wrapper\">\n          <div class=\"card\">\n            <a href=\"https:\/\/www.11onze.cat\/es\/magazine\/vins-el-cep-historia-vinedos-amistad\/\" class=\"card-link\" target=\"_self\"><\/a>\n            <div class=\"card-img\">\n              <img decoding=\"async\" src=\"https:\/\/www.11onze.cat\/wp-content\/uploads\/2021\/09\/THUMBNAIL_DO_CAVA_LANDSCAPE_2.original-768x427.jpg\" class=\"card-img-top\" alt=\"\">\n                <span class=\"card-category\">Cultura<\/span>\n            <\/div>\n            <div class=\"card-body\">\n              <p class=\"card-title p2\"><strong>Una historia de vi\u00f1edos y amistad<\/strong><\/p>\n              <span class=\"card-time\">6min lectura<\/span>\n              <p class=\"card-text small\">Hace cuarenta a\u00f1os, cuatro familias vitivin\u00edcolas se&#8230;<\/p>\n            <\/div>\n          <\/div>\n\n\n          <div class=\"card\">\n            <a href=\"https:\/\/www.11onze.cat\/es\/magazine\/bodega-montrubi-vinos-monovarietales\/\" class=\"card-link\" target=\"_self\"><\/a>\n            <div class=\"card-img\">\n              <img decoding=\"async\" src=\"https:\/\/www.11onze.cat\/wp-content\/uploads\/2021\/09\/THUMBNAIL_DO_PENEDES-768x505.jpg\" class=\"card-img-top\" alt=\"\">\n                <span class=\"card-category\">Cultura<\/span>\n            <\/div>\n            <div class=\"card-body\">\n              <p class=\"card-title p2\"><strong>Vinos 100% monovarietales<\/strong><\/p>\n              <span class=\"card-time\">6min lectura<\/span>\n              <p class=\"card-text small\">La bodega MontRub\u00ed se encuentra en l\u2019Avell\u00e0, un&#8230;<\/p>\n            <\/div>\n          <\/div>\n\n\n          <div class=\"card\">\n            <a href=\"https:\/\/www.11onze.cat\/es\/magazine\/espelt-viticultores-profundamente-ampurdaneses\/\" class=\"card-link\" target=\"_self\"><\/a>\n            <div class=\"card-img\">\n              <img decoding=\"async\" src=\"https:\/\/www.11onze.cat\/wp-content\/uploads\/2021\/08\/THUMBNAIL_CELLER_DO_EMPORDA-768x512.jpg\" class=\"card-img-top\" alt=\"\">\n                <span class=\"card-category\">Cultura<\/span>\n            <\/div>\n            <div class=\"card-body\">\n              <p class=\"card-title p2\"><strong>Vinos profundamente ampurdaneses<\/strong><\/p>\n              <span class=\"card-time\">6min lectura<\/span>\n              <p class=\"card-text small\">Anna Espelt, directora y en\u00f3loga de la bodega, se plantea la&#8230;<\/p>\n            <\/div>\n          <\/div>\n\n              <\/div>\n              <br>\n              <br>\n              <div class=\"cards__wrapper\">\n\n        <\/div>\n      <\/div>\n    <\/div>\n  <\/div>\n<\/div>","protected":false},"excerpt":{"rendered":"","protected":false},"author":71,"featured_media":20985,"comment_status":"open","ping_status":"closed","sticky":false,"template":"","format":"standard","meta":{"_acf_changed":true,"content-type":"","footnotes":""},"categories":[28],"tags":[180],"class_list":["post-20994","post","type-post","status-publish","format-standard","has-post-thumbnail","hentry","category-sin-categorizar","tag-cultura-es"],"acf":[],"yoast_head":"<!-- This site is optimized with the Yoast SEO plugin v27.5 - https:\/\/yoast.com\/product\/yoast-seo-wordpress\/ -->\n<title>Recaredo, trabajar desde la conciencia -11Onze<\/title>\n<meta name=\"description\" content=\"Practicar la agricultura biodin\u00e1mica quiere decir trabajar para preservar el paisaje. Hablamos con Ton Mata, de bodega Recaredo, Corpinnat.\" \/>\n<meta name=\"robots\" content=\"index, follow, max-snippet:-1, max-image-preview:large, max-video-preview:-1\" \/>\n<link rel=\"canonical\" href=\"https:\/\/www.11onze.cat\/es\/magazine\/recaredo-trabajar-conciencia\/\" \/>\n<meta property=\"og:locale\" content=\"es_ES\" \/>\n<meta property=\"og:type\" content=\"article\" \/>\n<meta property=\"og:title\" content=\"Recaredo, trabajar desde la conciencia - 11ONZE\" \/>\n<meta property=\"og:description\" content=\"Practicar la agricultura biodin\u00e1mica quiere decir trabajar para preservar el paisaje. Hablamos con Ton Mata, de bodega Recaredo, Corpinnat.\" \/>\n<meta property=\"og:url\" content=\"https:\/\/www.11onze.cat\/es\/magazine\/recaredo-trabajar-conciencia\/\" \/>\n<meta property=\"og:site_name\" content=\"11Onze\" \/>\n<meta property=\"article:publisher\" content=\"https:\/\/www.facebook.com\/11OnzeComunitat\" \/>\n<meta property=\"article:published_time\" content=\"2025-01-18T19:00:00+00:00\" \/>\n<meta property=\"og:image\" content=\"https:\/\/www.11onze.cat\/wp-content\/uploads\/2021\/11\/11ONZE_LR_RECAREDO_DESGORJAT_JM_03.jpg\" \/>\n<meta name=\"author\" content=\"Equip Editorial\" \/>\n<meta name=\"twitter:card\" content=\"summary_large_image\" \/>\n<meta name=\"twitter:title\" content=\"Recaredo, trabajar desde la conciencia - 11ONZE\" \/>\n<meta name=\"twitter:description\" content=\"Practicar la agricultura biodin\u00e1mica quiere decir trabajar para preservar el paisaje. Hablamos con Ton Mata, de bodega Recaredo, Corpinnat.\" \/>\n<meta name=\"twitter:image\" content=\"https:\/\/www.11onze.cat\/wp-content\/uploads\/2021\/11\/11ONZE_LR_RECAREDO_DESGORJAT_JM_03.jpg\" \/>\n<meta name=\"twitter:creator\" content=\"@11OnzeFintech\" \/>\n<meta name=\"twitter:site\" content=\"@11OnzeFintech\" \/>\n<meta name=\"twitter:label1\" content=\"Escrito por\" \/>\n\t<meta name=\"twitter:data1\" content=\"Equip Editorial\" \/>\n\t<meta name=\"twitter:label2\" content=\"Tiempo de lectura\" \/>\n\t<meta name=\"twitter:data2\" content=\"1 minuto\" \/>\n<script type=\"application\/ld+json\" class=\"yoast-schema-graph\">{\"@context\":\"https:\\\/\\\/schema.org\",\"@graph\":[{\"@type\":\"Article\",\"@id\":\"https:\\\/\\\/www.11onze.cat\\\/es\\\/magazine\\\/recaredo-trabajar-conciencia\\\/#article\",\"isPartOf\":{\"@id\":\"https:\\\/\\\/www.11onze.cat\\\/es\\\/magazine\\\/recaredo-trabajar-conciencia\\\/\"},\"author\":{\"name\":\"Equip Editorial\",\"@id\":\"https:\\\/\\\/www.11onze.cat\\\/es\\\/#\\\/schema\\\/person\\\/636d99b4c82bb7178687ecd43c3a61bd\"},\"headline\":\"Recaredo, trabajar desde la conciencia\",\"datePublished\":\"2025-01-18T19:00:00+00:00\",\"mainEntityOfPage\":{\"@id\":\"https:\\\/\\\/www.11onze.cat\\\/es\\\/magazine\\\/recaredo-trabajar-conciencia\\\/\"},\"wordCount\":5,\"commentCount\":2,\"publisher\":{\"@id\":\"https:\\\/\\\/www.11onze.cat\\\/es\\\/#organization\"},\"image\":{\"@id\":\"https:\\\/\\\/www.11onze.cat\\\/es\\\/magazine\\\/recaredo-trabajar-conciencia\\\/#primaryimage\"},\"thumbnailUrl\":\"https:\\\/\\\/www.11onze.cat\\\/wp-content\\\/uploads\\\/2021\\\/11\\\/THUMBNAIL_LR_RECAREDO_DESGORJAT_JM_03.jpg\",\"keywords\":[\"Cultura\"],\"articleSection\":[\"Sin categorizar\"],\"inLanguage\":\"es\",\"potentialAction\":[{\"@type\":\"CommentAction\",\"name\":\"Comment\",\"target\":[\"https:\\\/\\\/www.11onze.cat\\\/es\\\/magazine\\\/recaredo-trabajar-conciencia\\\/#respond\"]}]},{\"@type\":\"WebPage\",\"@id\":\"https:\\\/\\\/www.11onze.cat\\\/es\\\/magazine\\\/recaredo-trabajar-conciencia\\\/\",\"url\":\"https:\\\/\\\/www.11onze.cat\\\/es\\\/magazine\\\/recaredo-trabajar-conciencia\\\/\",\"name\":\"Recaredo, trabajar desde la conciencia -11Onze\",\"isPartOf\":{\"@id\":\"https:\\\/\\\/www.11onze.cat\\\/es\\\/#website\"},\"primaryImageOfPage\":{\"@id\":\"https:\\\/\\\/www.11onze.cat\\\/es\\\/magazine\\\/recaredo-trabajar-conciencia\\\/#primaryimage\"},\"image\":{\"@id\":\"https:\\\/\\\/www.11onze.cat\\\/es\\\/magazine\\\/recaredo-trabajar-conciencia\\\/#primaryimage\"},\"thumbnailUrl\":\"https:\\\/\\\/www.11onze.cat\\\/wp-content\\\/uploads\\\/2021\\\/11\\\/THUMBNAIL_LR_RECAREDO_DESGORJAT_JM_03.jpg\",\"datePublished\":\"2025-01-18T19:00:00+00:00\",\"description\":\"Practicar la agricultura biodin\u00e1mica quiere decir trabajar para preservar el paisaje. Hablamos con Ton Mata, de bodega Recaredo, Corpinnat.\",\"breadcrumb\":{\"@id\":\"https:\\\/\\\/www.11onze.cat\\\/es\\\/magazine\\\/recaredo-trabajar-conciencia\\\/#breadcrumb\"},\"inLanguage\":\"es\",\"potentialAction\":[{\"@type\":\"ReadAction\",\"target\":[\"https:\\\/\\\/www.11onze.cat\\\/es\\\/magazine\\\/recaredo-trabajar-conciencia\\\/\"]}]},{\"@type\":\"ImageObject\",\"inLanguage\":\"es\",\"@id\":\"https:\\\/\\\/www.11onze.cat\\\/es\\\/magazine\\\/recaredo-trabajar-conciencia\\\/#primaryimage\",\"url\":\"https:\\\/\\\/www.11onze.cat\\\/wp-content\\\/uploads\\\/2021\\\/11\\\/THUMBNAIL_LR_RECAREDO_DESGORJAT_JM_03.jpg\",\"contentUrl\":\"https:\\\/\\\/www.11onze.cat\\\/wp-content\\\/uploads\\\/2021\\\/11\\\/THUMBNAIL_LR_RECAREDO_DESGORJAT_JM_03.jpg\",\"width\":1500,\"height\":1000},{\"@type\":\"BreadcrumbList\",\"@id\":\"https:\\\/\\\/www.11onze.cat\\\/es\\\/magazine\\\/recaredo-trabajar-conciencia\\\/#breadcrumb\",\"itemListElement\":[{\"@type\":\"ListItem\",\"position\":1,\"name\":\"Home\",\"item\":\"https:\\\/\\\/www.11onze.cat\\\/es\\\/\"},{\"@type\":\"ListItem\",\"position\":2,\"name\":\"Recaredo, trabajar desde la conciencia\"}]},{\"@type\":\"WebSite\",\"@id\":\"https:\\\/\\\/www.11onze.cat\\\/es\\\/#website\",\"url\":\"https:\\\/\\\/www.11onze.cat\\\/es\\\/\",\"name\":\"11Onze\",\"description\":\"Primera comunidad fintech digital en Catalu\u00f1a\",\"publisher\":{\"@id\":\"https:\\\/\\\/www.11onze.cat\\\/es\\\/#organization\"},\"potentialAction\":[{\"@type\":\"SearchAction\",\"target\":{\"@type\":\"EntryPoint\",\"urlTemplate\":\"https:\\\/\\\/www.11onze.cat\\\/es\\\/?s={search_term_string}\"},\"query-input\":{\"@type\":\"PropertyValueSpecification\",\"valueRequired\":true,\"valueName\":\"search_term_string\"}}],\"inLanguage\":\"es\"},{\"@type\":\"Organization\",\"@id\":\"https:\\\/\\\/www.11onze.cat\\\/es\\\/#organization\",\"name\":\"11Onze\",\"url\":\"https:\\\/\\\/www.11onze.cat\\\/es\\\/\",\"logo\":{\"@type\":\"ImageObject\",\"inLanguage\":\"es\",\"@id\":\"https:\\\/\\\/www.11onze.cat\\\/es\\\/#\\\/schema\\\/logo\\\/image\\\/\",\"url\":\"https:\\\/\\\/www.11onze.cat\\\/wp-content\\\/uploads\\\/2021\\\/04\\\/512x512-11Onze.jpg\",\"contentUrl\":\"https:\\\/\\\/www.11onze.cat\\\/wp-content\\\/uploads\\\/2021\\\/04\\\/512x512-11Onze.jpg\",\"width\":512,\"height\":512,\"caption\":\"11Onze\"},\"image\":{\"@id\":\"https:\\\/\\\/www.11onze.cat\\\/es\\\/#\\\/schema\\\/logo\\\/image\\\/\"},\"sameAs\":[\"https:\\\/\\\/www.facebook.com\\\/11OnzeComunitat\",\"https:\\\/\\\/x.com\\\/11OnzeFintech\",\"https:\\\/\\\/www.instagram.com\\\/11onzecat\\\/\",\"https:\\\/\\\/www.linkedin.com\\\/company\\\/11onzebanc\",\"https:\\\/\\\/www.youtube.com\\\/channel\\\/UCz63R8Byd_kBKtK2M4Qf_7w\"]},{\"@type\":\"Person\",\"@id\":\"https:\\\/\\\/www.11onze.cat\\\/es\\\/#\\\/schema\\\/person\\\/636d99b4c82bb7178687ecd43c3a61bd\",\"name\":\"Equip Editorial\",\"image\":{\"@type\":\"ImageObject\",\"inLanguage\":\"es\",\"@id\":\"https:\\\/\\\/www.11onze.cat\\\/wp-content\\\/uploads\\\/2022\\\/05\\\/HEADER_AGENTS_DECK-300x300.jpg\",\"url\":\"https:\\\/\\\/www.11onze.cat\\\/wp-content\\\/uploads\\\/2022\\\/05\\\/HEADER_AGENTS_DECK-300x300.jpg\",\"contentUrl\":\"https:\\\/\\\/www.11onze.cat\\\/wp-content\\\/uploads\\\/2022\\\/05\\\/HEADER_AGENTS_DECK-300x300.jpg\",\"caption\":\"Equip Editorial\"},\"url\":\"https:\\\/\\\/www.11onze.cat\\\/es\\\/magazine\\\/author\\\/equip-editorial-11onze\\\/\"}]}<\/script>\n<!-- \/ Yoast SEO plugin. -->","yoast_head_json":{"title":"Recaredo, trabajar desde la conciencia -11Onze","description":"Practicar la agricultura biodin\u00e1mica quiere decir trabajar para preservar el paisaje. Hablamos con Ton Mata, de bodega Recaredo, Corpinnat.","robots":{"index":"index","follow":"follow","max-snippet":"max-snippet:-1","max-image-preview":"max-image-preview:large","max-video-preview":"max-video-preview:-1"},"canonical":"https:\/\/www.11onze.cat\/es\/magazine\/recaredo-trabajar-conciencia\/","og_locale":"es_ES","og_type":"article","og_title":"Recaredo, trabajar desde la conciencia - 11ONZE","og_description":"Practicar la agricultura biodin\u00e1mica quiere decir trabajar para preservar el paisaje. Hablamos con Ton Mata, de bodega Recaredo, Corpinnat.","og_url":"https:\/\/www.11onze.cat\/es\/magazine\/recaredo-trabajar-conciencia\/","og_site_name":"11Onze","article_publisher":"https:\/\/www.facebook.com\/11OnzeComunitat","article_published_time":"2025-01-18T19:00:00+00:00","og_image":[{"url":"https:\/\/www.11onze.cat\/wp-content\/uploads\/2021\/11\/11ONZE_LR_RECAREDO_DESGORJAT_JM_03.jpg","type":"","width":"","height":""}],"author":"Equip Editorial","twitter_card":"summary_large_image","twitter_title":"Recaredo, trabajar desde la conciencia - 11ONZE","twitter_description":"Practicar la agricultura biodin\u00e1mica quiere decir trabajar para preservar el paisaje. Hablamos con Ton Mata, de bodega Recaredo, Corpinnat.","twitter_image":"https:\/\/www.11onze.cat\/wp-content\/uploads\/2021\/11\/11ONZE_LR_RECAREDO_DESGORJAT_JM_03.jpg","twitter_creator":"@11OnzeFintech","twitter_site":"@11OnzeFintech","twitter_misc":{"Escrito por":"Equip Editorial","Tiempo de lectura":"1 minuto"},"schema":{"@context":"https:\/\/schema.org","@graph":[{"@type":"Article","@id":"https:\/\/www.11onze.cat\/es\/magazine\/recaredo-trabajar-conciencia\/#article","isPartOf":{"@id":"https:\/\/www.11onze.cat\/es\/magazine\/recaredo-trabajar-conciencia\/"},"author":{"name":"Equip Editorial","@id":"https:\/\/www.11onze.cat\/es\/#\/schema\/person\/636d99b4c82bb7178687ecd43c3a61bd"},"headline":"Recaredo, trabajar desde la conciencia","datePublished":"2025-01-18T19:00:00+00:00","mainEntityOfPage":{"@id":"https:\/\/www.11onze.cat\/es\/magazine\/recaredo-trabajar-conciencia\/"},"wordCount":5,"commentCount":2,"publisher":{"@id":"https:\/\/www.11onze.cat\/es\/#organization"},"image":{"@id":"https:\/\/www.11onze.cat\/es\/magazine\/recaredo-trabajar-conciencia\/#primaryimage"},"thumbnailUrl":"https:\/\/www.11onze.cat\/wp-content\/uploads\/2021\/11\/THUMBNAIL_LR_RECAREDO_DESGORJAT_JM_03.jpg","keywords":["Cultura"],"articleSection":["Sin categorizar"],"inLanguage":"es","potentialAction":[{"@type":"CommentAction","name":"Comment","target":["https:\/\/www.11onze.cat\/es\/magazine\/recaredo-trabajar-conciencia\/#respond"]}]},{"@type":"WebPage","@id":"https:\/\/www.11onze.cat\/es\/magazine\/recaredo-trabajar-conciencia\/","url":"https:\/\/www.11onze.cat\/es\/magazine\/recaredo-trabajar-conciencia\/","name":"Recaredo, trabajar desde la conciencia -11Onze","isPartOf":{"@id":"https:\/\/www.11onze.cat\/es\/#website"},"primaryImageOfPage":{"@id":"https:\/\/www.11onze.cat\/es\/magazine\/recaredo-trabajar-conciencia\/#primaryimage"},"image":{"@id":"https:\/\/www.11onze.cat\/es\/magazine\/recaredo-trabajar-conciencia\/#primaryimage"},"thumbnailUrl":"https:\/\/www.11onze.cat\/wp-content\/uploads\/2021\/11\/THUMBNAIL_LR_RECAREDO_DESGORJAT_JM_03.jpg","datePublished":"2025-01-18T19:00:00+00:00","description":"Practicar la agricultura biodin\u00e1mica quiere decir trabajar para preservar el paisaje. Hablamos con Ton Mata, de bodega Recaredo, Corpinnat.","breadcrumb":{"@id":"https:\/\/www.11onze.cat\/es\/magazine\/recaredo-trabajar-conciencia\/#breadcrumb"},"inLanguage":"es","potentialAction":[{"@type":"ReadAction","target":["https:\/\/www.11onze.cat\/es\/magazine\/recaredo-trabajar-conciencia\/"]}]},{"@type":"ImageObject","inLanguage":"es","@id":"https:\/\/www.11onze.cat\/es\/magazine\/recaredo-trabajar-conciencia\/#primaryimage","url":"https:\/\/www.11onze.cat\/wp-content\/uploads\/2021\/11\/THUMBNAIL_LR_RECAREDO_DESGORJAT_JM_03.jpg","contentUrl":"https:\/\/www.11onze.cat\/wp-content\/uploads\/2021\/11\/THUMBNAIL_LR_RECAREDO_DESGORJAT_JM_03.jpg","width":1500,"height":1000},{"@type":"BreadcrumbList","@id":"https:\/\/www.11onze.cat\/es\/magazine\/recaredo-trabajar-conciencia\/#breadcrumb","itemListElement":[{"@type":"ListItem","position":1,"name":"Home","item":"https:\/\/www.11onze.cat\/es\/"},{"@type":"ListItem","position":2,"name":"Recaredo, trabajar desde la conciencia"}]},{"@type":"WebSite","@id":"https:\/\/www.11onze.cat\/es\/#website","url":"https:\/\/www.11onze.cat\/es\/","name":"11Onze","description":"Primera comunidad fintech digital en Catalu\u00f1a","publisher":{"@id":"https:\/\/www.11onze.cat\/es\/#organization"},"potentialAction":[{"@type":"SearchAction","target":{"@type":"EntryPoint","urlTemplate":"https:\/\/www.11onze.cat\/es\/?s={search_term_string}"},"query-input":{"@type":"PropertyValueSpecification","valueRequired":true,"valueName":"search_term_string"}}],"inLanguage":"es"},{"@type":"Organization","@id":"https:\/\/www.11onze.cat\/es\/#organization","name":"11Onze","url":"https:\/\/www.11onze.cat\/es\/","logo":{"@type":"ImageObject","inLanguage":"es","@id":"https:\/\/www.11onze.cat\/es\/#\/schema\/logo\/image\/","url":"https:\/\/www.11onze.cat\/wp-content\/uploads\/2021\/04\/512x512-11Onze.jpg","contentUrl":"https:\/\/www.11onze.cat\/wp-content\/uploads\/2021\/04\/512x512-11Onze.jpg","width":512,"height":512,"caption":"11Onze"},"image":{"@id":"https:\/\/www.11onze.cat\/es\/#\/schema\/logo\/image\/"},"sameAs":["https:\/\/www.facebook.com\/11OnzeComunitat","https:\/\/x.com\/11OnzeFintech","https:\/\/www.instagram.com\/11onzecat\/","https:\/\/www.linkedin.com\/company\/11onzebanc","https:\/\/www.youtube.com\/channel\/UCz63R8Byd_kBKtK2M4Qf_7w"]},{"@type":"Person","@id":"https:\/\/www.11onze.cat\/es\/#\/schema\/person\/636d99b4c82bb7178687ecd43c3a61bd","name":"Equip Editorial","image":{"@type":"ImageObject","inLanguage":"es","@id":"https:\/\/www.11onze.cat\/wp-content\/uploads\/2022\/05\/HEADER_AGENTS_DECK-300x300.jpg","url":"https:\/\/www.11onze.cat\/wp-content\/uploads\/2022\/05\/HEADER_AGENTS_DECK-300x300.jpg","contentUrl":"https:\/\/www.11onze.cat\/wp-content\/uploads\/2022\/05\/HEADER_AGENTS_DECK-300x300.jpg","caption":"Equip Editorial"},"url":"https:\/\/www.11onze.cat\/es\/magazine\/author\/equip-editorial-11onze\/"}]}},"_links":{"self":[{"href":"https:\/\/www.11onze.cat\/es\/wp-json\/wp\/v2\/posts\/20994","targetHints":{"allow":["GET"]}}],"collection":[{"href":"https:\/\/www.11onze.cat\/es\/wp-json\/wp\/v2\/posts"}],"about":[{"href":"https:\/\/www.11onze.cat\/es\/wp-json\/wp\/v2\/types\/post"}],"author":[{"embeddable":true,"href":"https:\/\/www.11onze.cat\/es\/wp-json\/wp\/v2\/users\/71"}],"replies":[{"embeddable":true,"href":"https:\/\/www.11onze.cat\/es\/wp-json\/wp\/v2\/comments?post=20994"}],"version-history":[{"count":0,"href":"https:\/\/www.11onze.cat\/es\/wp-json\/wp\/v2\/posts\/20994\/revisions"}],"wp:featuredmedia":[{"embeddable":true,"href":"https:\/\/www.11onze.cat\/es\/wp-json\/wp\/v2\/media\/20985"}],"wp:attachment":[{"href":"https:\/\/www.11onze.cat\/es\/wp-json\/wp\/v2\/media?parent=20994"}],"wp:term":[{"taxonomy":"category","embeddable":true,"href":"https:\/\/www.11onze.cat\/es\/wp-json\/wp\/v2\/categories?post=20994"},{"taxonomy":"post_tag","embeddable":true,"href":"https:\/\/www.11onze.cat\/es\/wp-json\/wp\/v2\/tags?post=20994"}],"curies":[{"name":"wp","href":"https:\/\/api.w.org\/{rel}","templated":true}]}}