{"id":20568,"date":"2021-11-03T21:00:00","date_gmt":"2021-11-03T20:00:00","guid":{"rendered":"https:\/\/www.11onze.cat\/?p=20568"},"modified":"2021-11-03T14:29:02","modified_gmt":"2021-11-03T13:29:02","slug":"celler-mas-vicenc-mundo-vino-abraza","status":"publish","type":"post","link":"https:\/\/www.11onze.cat\/es\/magazine\/celler-mas-vicenc-mundo-vino-abraza\/","title":{"rendered":"Celler Mas Vicen\u00e7, el mundo del vino te abraza"},"content":{"rendered":"<div class=\"component text\">\n  <div class=\"container\">\n\n\n    <div class=\"row\">\n      <div class=\"col  col-lg-8  offset-lg-2\">\n        <h3><b>El Celler Mas Vicen\u00e7 est\u00e1 situado en la parte m\u00e1s alta de la DO Tarragona, en el norte de la comarca del Alt Camp. Es una bodega peque\u00f1a, familiar, que se va construyendo d\u00eda a d\u00eda, con paso seguro y aprovechando la oportunidad de ser la quinta generaci\u00f3n de agricultores.<\/b><\/h3>\n<p>&nbsp;<\/p>\n<p><span style=\"font-weight: 400;\">Hace unos a\u00f1os, explica Xavier Ferr\u00e9 Morat\u00f3, el hijo peque\u00f1o y copropietario del Celler Mas Vicen\u00e7, su hermano mayor, Vicen\u00e7, estudi\u00f3 enolog\u00eda en Falset (El Priorat) y en Francia. El mundo del vino le gust\u00f3 tanto que se fue a trabajar a una bodega de la comarca. <\/span><b>En su casa, mientras tanto, continuaban haciendo lo que era tradici\u00f3n familiar<\/b><span style=\"font-weight: 400;\">: trabajar las tierras donde tienen plantadas vi\u00f1as, olivos y frutos secos (avellana y almendra) y vender los frutos a la cooperativa de Vila-rodona.<\/span><\/p>\n<p><span style=\"font-weight: 400;\">\u201c<\/span><b>Somos la primera generaci\u00f3n que hemos elaborado vino en casa<\/b><span style=\"font-weight: 400;\">\u201d, dice orgulloso Xavier Ferr\u00e9, que se encarga de la parte comercial, de comunicaci\u00f3n y de enoturismo de la empresa. \u201cDe hecho, quien inicia el proyecto es mi hermano grande, que convierte en realidad el sue\u00f1o de hacer vinos de calidad fruto de las mejores fincas familiares. A ra\u00edz de su experiencia y con los padres, en 2004 decidimos dar el paso y entonces convertimos unas naves que ten\u00edamos en la mas\u00eda familiar, donde todav\u00eda vivimos, y las adaptamos como bodega\u201d.\u00a0<\/span><\/p>\n<p>&nbsp;<\/p>\n<h3><b>35 hect\u00e1reas de vi\u00f1a<\/b><\/h3>\n<p><b>El Celler Mas Vicen\u00e7 cultiva 35 hect\u00e1reas de vi\u00f1a<\/b><span style=\"font-weight: 400;\">. Ferr\u00e9 explica que no se hubieran atrevido nunca a hacer vino sin tener vi\u00f1as de la familia. \u201cCultivamos variedades diferentes, en un terreno formidable, muy bien situado por la ventilaci\u00f3n que recibe, y por los tipos de suelos diferentes que tenemos. Hoy en d\u00eda, continuamos vendiendo fruta a la cooperativa, puesto que solo usamos el 50% de la cosecha. Esto nos permite hacer nuestros vinos con la selecci\u00f3n de la mejor fruta de las mejores vi\u00f1as familiares\u201d, explica.\u00a0<\/span><\/p>\n<p><span style=\"font-weight: 400;\">La bodega ha ido creciendo despacio, \u201c<\/span><b>con los pies en el suelo y priorizando la calidad a la cantidad<\/b><span style=\"font-weight: 400;\">\u201d. \u201cPrimero era una dedicaci\u00f3n de fines de semana. Pero el mundo del vino es un mundo que te abraza, te apasiona, que te da nuevas oportunidades, que te permite conocer nueva gente, nuevos clientes, nuevas maneras de hacer. Todo esto hizo que en 2009 mi hermano decidiera dedicarse al 100% a la empresa familiar\u201d, sigue Ferr\u00e9. El a\u00f1o 2011 \u00e9l mismo se incorpora a la empresa, despu\u00e9s de haber estudiado Empresariales y Negocio Internacional. \u201cHemos ido creciendo de manera muy natural. Ahora estamos por sobre las 70.000 botellas de producci\u00f3n\u201d, asevera.<\/span><\/p>\n\n      <\/div>\n    <\/div>\n  <\/div>\n<\/div>\n\n\n<div class=\"component gallery\">\n  <div class=\"container\">\n    <div class=\"row\">\n      <div class=\"col col-lg-10 offset-lg-1\">\n        <div id=\"slider\" class=\"carousel slide\">\n          <div class=\"carousel-inner\">\n            <div class=\"carousel-item active video-player inline-player\" data-video-id=\"6280110034001\">\n              <img decoding=\"async\" class=\"d-block w-100\" src=\"https:\/\/www.11onze.cat\/wp-content\/uploads\/2021\/11\/THUMBNAIL_DO_TARRAGONA_SERGI_COLELL_VINARI.png\" alt=\"\">\n              <button type=\"button\" class=\"play\"><\/button>\n              <div class=\"carousel-caption\">\n                <p>DO Tarragona<\/p>\n              <\/div>\n            <\/div>\n          <\/div>\n        <\/div>\n      <\/div>\n    <\/div>\n  <\/div>\n<\/div>\n\n<div class=\"component text\">\n  <div class=\"container\">\n\n\n    <div class=\"row\">\n      <div class=\"col  col-lg-8  offset-lg-2\">\n        <p><span style=\"font-weight: 400;\">Xavier Ferr\u00e9 explica con entusiasmo que \u00faltimamente han sacado un nuevo vino que les hace \u201cmucha ilusi\u00f3n\u201d. \u201cHac\u00eda muchos a\u00f1os que persegu\u00edamos esa idea. Hemos hecho un vino de finca que proviene solo de un trozo de tierra. M\u00e1s all\u00e1 de esto, cultivamos la variedad que m\u00e1s identifica la DO Tarragona: es 100% macabeo\u201d, explica. La vi\u00f1a fue plantada por el bisabuelo de Xavier, en 1912. <\/span><b>\u201cEs una vi\u00f1a con mucha historia, es el tesoro de casa.<\/b><span style=\"font-weight: 400;\"> El Castell Tallat es un vino voluminoso, macabeo de vi\u00f1a centenaria, embellecido en \u00e1nfora\u201d, ensalza con orgullo. La familia Ferr\u00e9, con este vino, quiere rendir homenaje al pasado vin\u00edcola romano del campo de Tarragona.<\/span><\/p>\n<p><span style=\"font-weight: 400;\">El tipo de cultivo que practican en Mas Vicen\u00e7 es 100% ecol\u00f3gico, a pesar de que les falta el sello certificador. \u201cLa dificultad de conseguir este sello por la gesti\u00f3n de reconversi\u00f3n de convencional a ecol\u00f3gico, de 35 hect\u00e1reas en mercados diferentes, hace que de momento no lo hayamos pedido\u201d, argumenta Ferr\u00e9. Tambi\u00e9n explica que<\/span><b> la bodega Mas Vicen\u00e7 nunca ha estado partidario del uso de pesticidas y herbicidas<\/b><span style=\"font-weight: 400;\">. \u201cY menos cuando la vi\u00f1a no lo pide. La filosof\u00eda de Mas Vicen\u00e7 no es pedir el m\u00e1ximo rendimiento de las vi\u00f1as. Ahora se busca un sobreesfuerzo, un sufrimiento de la cepa, una competencia m\u00e1s elevada entre las cepas para obtener una mejor calidad. Se sabe que detr\u00e1s de una botella de vino hay un trabajo en la vi\u00f1a\u201d, explica con paciencia.\u00a0<\/span><\/p>\n<p>&nbsp;<\/p>\n<h3><b>Proximidad, un producto m\u00e1s sincero<\/b><\/h3>\n<p><span style=\"font-weight: 400;\">El mercado prioritario de la bodega es el local, de proximidad: \u201cSobre todo vendemos en las comarcas tarraconenses y, despu\u00e9s, al resto de Catalu\u00f1a\u201d, explica Ferr\u00e9, que a\u00f1ade que la exportaci\u00f3n representa entre un 5% y 10% del total de las ventas. \u201c<\/span><b>Es m\u00e1s fruto de una relaci\u00f3n de amistad que de una relaci\u00f3n comercial<\/b><span style=\"font-weight: 400;\">. Nuestro gran objetivo es vender en el mercado del pa\u00eds. Si el vino gusta al cliente pr\u00f3ximo, har\u00e1 que nosotros hagamos un producto m\u00e1s sincero\u201d, remarca.<\/span><\/p>\n<p><span style=\"font-weight: 400;\">Para Ferr\u00e9, <\/span><b>el \u00e9xito de este mercado local es, en gran parte, gracias al enoturismo<\/b><span style=\"font-weight: 400;\">. \u201cEl enoturismo es la gran apuesta de la bodega desde hace muchos a\u00f1os y nos aporta mucha venta directa e, incluso, fidelizaci\u00f3n. La gente viene a casa, pasa un buen rato, y lo explica. Este boca-oreja al final es magn\u00edfico, puesto que comporta un buen nivel de venta directa a la bodega, tanto en la tienda f\u00edsica, como en la tienda en l\u00ednea\u201d, dice.<\/span><\/p>\n<p><span style=\"font-weight: 400;\">Esta bodega joven, tal como dice Xavier Ferr\u00e9, avanza despacio y con los pies en el suelo. Se plantea el futuro con optimismo, a pesar de que les preocupan los efectos del cambio clim\u00e1tico, que quieren combatir con la plantaci\u00f3n de variedades aut\u00f3ctonas, como<\/span><b> la macabeo, insignia de la DO Tarragona.<\/b><\/p>\n<p>&nbsp;<\/p>\n<p><b>11Onze se est\u00e1 convirtiendo en un fen\u00f3meno como primera comunidad fintech de Catalu\u00f1a. Ahora, lanza la primera versi\u00f3n de El Canut, la super app de 11Onze, para <\/b><a href=\"https:\/\/bit.ly\/2YlbZAf\"><b>Android<\/b><\/a><b> y <\/b><a href=\"https:\/\/bit.ly\/Onze-IOS\"><b>Apple<\/b><\/a><b>. Desde El Canut se puede abrir la primera cuenta universal en el territorio catal\u00e1n.<\/b><\/p>\n\n      <\/div>\n    <\/div>\n  <\/div>\n<\/div>\n\n\n<div class=\"component cards\">\n  <div class=\"container\">\n    <div class=\"row\">\n      <div class=\"col col-xl-8 offset-xl-2\">\n        <h1>Si te ha gustado este art\u00edculo, te recomendamos:<\/h1>\n        <div class=\"cards__wrapper\">\n          <div class=\"card\">\n            <a href=\"https:\/\/www.11onze.cat\/es\/magazine\/builgine\/\" class=\"card-link\" target=\"_self\"><\/a>\n            <div class=\"card-img\">\n              <img decoding=\"async\" src=\"https:\/\/www.11onze.cat\/wp-content\/uploads\/2021\/09\/THUMBNAIL_DO_PRIORAT-800x439.jpg\" class=\"card-img-top\" alt=\"\">\n                <span class=\"card-category\">Cultura<\/span>\n            <\/div>\n            <div class=\"card-body\">\n              <p class=\"card-title p2\"><strong>Buil &amp; Gin\u00e9: dar a conocer lo que tenemos<\/strong><\/p>\n              <span class=\"card-time\">5min lectura<\/span>\n              <p class=\"card-text small\">Xavier Buil i Gin\u00e9, consejero delegado de Buil &#038; Gin\u00e9, DO<\/p>\n            <\/div>\n          <\/div>\n\n\n          <div class=\"card\">\n            <a href=\"https:\/\/www.11onze.cat\/es\/magazine\/bodega-bouquet-alella-tradicion-innovacion\/\" class=\"card-link\" target=\"_self\"><\/a>\n            <div class=\"card-img\">\n              <img decoding=\"async\" src=\"https:\/\/www.11onze.cat\/wp-content\/uploads\/2021\/08\/THUMBNAIL_DO_ALELLA-800x493.jpg\" class=\"card-img-top\" alt=\"\">\n                <span class=\"card-category\">Cultura<\/span>\n            <\/div>\n            <div class=\"card-body\">\n              <p class=\"card-title p2\"><strong>Bodega Bouquet de Alella<\/strong><\/p>\n              <span class=\"card-time\">5min lectura<\/span>\n              <p class=\"card-text small\">Bouquet de Alella, se encuentra en la DO Alella. Es una bodega<\/p>\n            <\/div>\n          <\/div>\n\n\n          <div class=\"card\">\n            <a href=\"https:\/\/www.11onze.cat\/es\/magazine\/espelt-viticultores-profundamente-ampurdaneses\/\" class=\"card-link\" target=\"_self\"><\/a>\n            <div class=\"card-img\">\n              <img decoding=\"async\" src=\"https:\/\/www.11onze.cat\/wp-content\/uploads\/2021\/08\/THUMBNAIL_CELLER_DO_EMPORDA-800x533.jpg\" class=\"card-img-top\" alt=\"\">\n                <span class=\"card-category\">Cultura<\/span>\n            <\/div>\n            <div class=\"card-body\">\n              <p class=\"card-title p2\"><strong>Profundamente ampurdaneses<\/strong><\/p>\n              <span class=\"card-time\">5min lectura<\/span>\n              <p class=\"card-text small\">Anna Espelt, directora y en\u00f3loga de la bodega, se<\/p>\n            <\/div>\n          <\/div>\n\n              <\/div>\n              <br>\n              <br>\n              <div class=\"cards__wrapper\">\n\n        <\/div>\n      <\/div>\n    <\/div>\n  <\/div>\n<\/div>","protected":false},"excerpt":{"rendered":"","protected":false},"author":71,"featured_media":20613,"comment_status":"open","ping_status":"closed","sticky":false,"template":"","format":"standard","meta":{"_acf_changed":false,"content-type":"","footnotes":""},"categories":[28],"tags":[180],"class_list":["post-20568","post","type-post","status-publish","format-standard","has-post-thumbnail","hentry","category-sin-categorizar","tag-cultura-es"],"acf":[],"yoast_head":"<!-- This site is optimized with the Yoast SEO plugin v27.5 - https:\/\/yoast.com\/product\/yoast-seo-wordpress\/ -->\n<title>Celler Mas Vicen\u00e7, el mundo del vino te abraza - 11ONZE<\/title>\n<meta name=\"description\" content=\"La bodega Mas Vicen\u00e7 situada en la parte m\u00e1s alta de la DO Tarragona. Una bodega peque\u00f1a, que se va construyendo con paso seguro.\" \/>\n<meta name=\"robots\" content=\"index, follow, max-snippet:-1, max-image-preview:large, max-video-preview:-1\" \/>\n<link rel=\"canonical\" href=\"https:\/\/www.11onze.cat\/es\/magazine\/celler-mas-vicenc-mundo-vino-abraza\/\" \/>\n<meta property=\"og:locale\" content=\"es_ES\" \/>\n<meta property=\"og:type\" content=\"article\" \/>\n<meta property=\"og:title\" content=\"Celler Mas Vicen\u00e7, el mundo del vino te abraza - 11ONZE\" \/>\n<meta property=\"og:description\" content=\"La bodega Mas Vicen\u00e7 situada en la parte m\u00e1s alta de la DO Tarragona. Una bodega peque\u00f1a, que se va construyendo con paso seguro.\" \/>\n<meta property=\"og:url\" content=\"https:\/\/www.11onze.cat\/es\/magazine\/celler-mas-vicenc-mundo-vino-abraza\/\" \/>\n<meta property=\"og:site_name\" content=\"11Onze\" \/>\n<meta property=\"article:publisher\" content=\"https:\/\/www.facebook.com\/11OnzeComunitat\" \/>\n<meta property=\"article:published_time\" content=\"2021-11-03T20:00:00+00:00\" \/>\n<meta property=\"og:image\" content=\"https:\/\/www.11onze.cat\/wp-content\/uploads\/2021\/11\/11ONZE_MAGAZINE_-DO_TARRAGONA.jpg\" \/>\n\t<meta property=\"og:image:width\" content=\"1200\" \/>\n\t<meta property=\"og:image:height\" content=\"675\" \/>\n\t<meta property=\"og:image:type\" content=\"image\/jpeg\" \/>\n<meta name=\"author\" content=\"Equip Editorial\" \/>\n<meta name=\"twitter:card\" content=\"summary_large_image\" \/>\n<meta name=\"twitter:title\" content=\"Celler Mas Vicen\u00e7, el mundo del vino te abraza - 11ONZE\" \/>\n<meta name=\"twitter:description\" content=\"La bodega Mas Vicen\u00e7 situada en la parte m\u00e1s alta de la DO Tarragona. Una bodega peque\u00f1a, que se va construyendo con paso seguro.\" \/>\n<meta name=\"twitter:image\" content=\"https:\/\/www.11onze.cat\/wp-content\/uploads\/2021\/11\/11ONZE_MAGAZINE_-DO_TARRAGONA.jpg\" \/>\n<meta name=\"twitter:creator\" content=\"@11OnzeFintech\" \/>\n<meta name=\"twitter:site\" content=\"@11OnzeFintech\" \/>\n<meta name=\"twitter:label1\" content=\"Escrito por\" \/>\n\t<meta name=\"twitter:data1\" content=\"Equip Editorial\" \/>\n<script type=\"application\/ld+json\" class=\"yoast-schema-graph\">{\"@context\":\"https:\\\/\\\/schema.org\",\"@graph\":[{\"@type\":\"Article\",\"@id\":\"https:\\\/\\\/www.11onze.cat\\\/es\\\/magazine\\\/celler-mas-vicenc-mundo-vino-abraza\\\/#article\",\"isPartOf\":{\"@id\":\"https:\\\/\\\/www.11onze.cat\\\/es\\\/magazine\\\/celler-mas-vicenc-mundo-vino-abraza\\\/\"},\"author\":{\"name\":\"Equip Editorial\",\"@id\":\"https:\\\/\\\/www.11onze.cat\\\/es\\\/#\\\/schema\\\/person\\\/636d99b4c82bb7178687ecd43c3a61bd\"},\"headline\":\"Celler Mas Vicen\u00e7, el mundo del vino te abraza\",\"datePublished\":\"2021-11-03T20:00:00+00:00\",\"mainEntityOfPage\":{\"@id\":\"https:\\\/\\\/www.11onze.cat\\\/es\\\/magazine\\\/celler-mas-vicenc-mundo-vino-abraza\\\/\"},\"wordCount\":9,\"commentCount\":0,\"publisher\":{\"@id\":\"https:\\\/\\\/www.11onze.cat\\\/es\\\/#organization\"},\"image\":{\"@id\":\"https:\\\/\\\/www.11onze.cat\\\/es\\\/magazine\\\/celler-mas-vicenc-mundo-vino-abraza\\\/#primaryimage\"},\"thumbnailUrl\":\"https:\\\/\\\/www.11onze.cat\\\/wp-content\\\/uploads\\\/2021\\\/11\\\/THUMBNAIL_DO_TARRAGONA.jpg\",\"keywords\":[\"Cultura\"],\"articleSection\":[\"Sin categorizar\"],\"inLanguage\":\"es\",\"potentialAction\":[{\"@type\":\"CommentAction\",\"name\":\"Comment\",\"target\":[\"https:\\\/\\\/www.11onze.cat\\\/es\\\/magazine\\\/celler-mas-vicenc-mundo-vino-abraza\\\/#respond\"]}]},{\"@type\":\"WebPage\",\"@id\":\"https:\\\/\\\/www.11onze.cat\\\/es\\\/magazine\\\/celler-mas-vicenc-mundo-vino-abraza\\\/\",\"url\":\"https:\\\/\\\/www.11onze.cat\\\/es\\\/magazine\\\/celler-mas-vicenc-mundo-vino-abraza\\\/\",\"name\":\"Celler Mas Vicen\u00e7, el mundo del vino te abraza - 11ONZE\",\"isPartOf\":{\"@id\":\"https:\\\/\\\/www.11onze.cat\\\/es\\\/#website\"},\"primaryImageOfPage\":{\"@id\":\"https:\\\/\\\/www.11onze.cat\\\/es\\\/magazine\\\/celler-mas-vicenc-mundo-vino-abraza\\\/#primaryimage\"},\"image\":{\"@id\":\"https:\\\/\\\/www.11onze.cat\\\/es\\\/magazine\\\/celler-mas-vicenc-mundo-vino-abraza\\\/#primaryimage\"},\"thumbnailUrl\":\"https:\\\/\\\/www.11onze.cat\\\/wp-content\\\/uploads\\\/2021\\\/11\\\/THUMBNAIL_DO_TARRAGONA.jpg\",\"datePublished\":\"2021-11-03T20:00:00+00:00\",\"description\":\"La bodega Mas Vicen\u00e7 situada en la parte m\u00e1s alta de la DO Tarragona. Una bodega peque\u00f1a, que se va construyendo con paso seguro.\",\"breadcrumb\":{\"@id\":\"https:\\\/\\\/www.11onze.cat\\\/es\\\/magazine\\\/celler-mas-vicenc-mundo-vino-abraza\\\/#breadcrumb\"},\"inLanguage\":\"es\",\"potentialAction\":[{\"@type\":\"ReadAction\",\"target\":[\"https:\\\/\\\/www.11onze.cat\\\/es\\\/magazine\\\/celler-mas-vicenc-mundo-vino-abraza\\\/\"]}]},{\"@type\":\"ImageObject\",\"inLanguage\":\"es\",\"@id\":\"https:\\\/\\\/www.11onze.cat\\\/es\\\/magazine\\\/celler-mas-vicenc-mundo-vino-abraza\\\/#primaryimage\",\"url\":\"https:\\\/\\\/www.11onze.cat\\\/wp-content\\\/uploads\\\/2021\\\/11\\\/THUMBNAIL_DO_TARRAGONA.jpg\",\"contentUrl\":\"https:\\\/\\\/www.11onze.cat\\\/wp-content\\\/uploads\\\/2021\\\/11\\\/THUMBNAIL_DO_TARRAGONA.jpg\",\"width\":1500,\"height\":1000},{\"@type\":\"BreadcrumbList\",\"@id\":\"https:\\\/\\\/www.11onze.cat\\\/es\\\/magazine\\\/celler-mas-vicenc-mundo-vino-abraza\\\/#breadcrumb\",\"itemListElement\":[{\"@type\":\"ListItem\",\"position\":1,\"name\":\"Home\",\"item\":\"https:\\\/\\\/www.11onze.cat\\\/es\\\/\"},{\"@type\":\"ListItem\",\"position\":2,\"name\":\"Celler Mas Vicen\u00e7, el mundo del vino te abraza\"}]},{\"@type\":\"WebSite\",\"@id\":\"https:\\\/\\\/www.11onze.cat\\\/es\\\/#website\",\"url\":\"https:\\\/\\\/www.11onze.cat\\\/es\\\/\",\"name\":\"11Onze\",\"description\":\"Primera comunidad fintech digital en Catalu\u00f1a\",\"publisher\":{\"@id\":\"https:\\\/\\\/www.11onze.cat\\\/es\\\/#organization\"},\"potentialAction\":[{\"@type\":\"SearchAction\",\"target\":{\"@type\":\"EntryPoint\",\"urlTemplate\":\"https:\\\/\\\/www.11onze.cat\\\/es\\\/?s={search_term_string}\"},\"query-input\":{\"@type\":\"PropertyValueSpecification\",\"valueRequired\":true,\"valueName\":\"search_term_string\"}}],\"inLanguage\":\"es\"},{\"@type\":\"Organization\",\"@id\":\"https:\\\/\\\/www.11onze.cat\\\/es\\\/#organization\",\"name\":\"11Onze\",\"url\":\"https:\\\/\\\/www.11onze.cat\\\/es\\\/\",\"logo\":{\"@type\":\"ImageObject\",\"inLanguage\":\"es\",\"@id\":\"https:\\\/\\\/www.11onze.cat\\\/es\\\/#\\\/schema\\\/logo\\\/image\\\/\",\"url\":\"https:\\\/\\\/www.11onze.cat\\\/wp-content\\\/uploads\\\/2021\\\/04\\\/512x512-11Onze.jpg\",\"contentUrl\":\"https:\\\/\\\/www.11onze.cat\\\/wp-content\\\/uploads\\\/2021\\\/04\\\/512x512-11Onze.jpg\",\"width\":512,\"height\":512,\"caption\":\"11Onze\"},\"image\":{\"@id\":\"https:\\\/\\\/www.11onze.cat\\\/es\\\/#\\\/schema\\\/logo\\\/image\\\/\"},\"sameAs\":[\"https:\\\/\\\/www.facebook.com\\\/11OnzeComunitat\",\"https:\\\/\\\/x.com\\\/11OnzeFintech\",\"https:\\\/\\\/www.instagram.com\\\/11onzecat\\\/\",\"https:\\\/\\\/www.linkedin.com\\\/company\\\/11onzebanc\",\"https:\\\/\\\/www.youtube.com\\\/channel\\\/UCz63R8Byd_kBKtK2M4Qf_7w\"]},{\"@type\":\"Person\",\"@id\":\"https:\\\/\\\/www.11onze.cat\\\/es\\\/#\\\/schema\\\/person\\\/636d99b4c82bb7178687ecd43c3a61bd\",\"name\":\"Equip Editorial\",\"image\":{\"@type\":\"ImageObject\",\"inLanguage\":\"es\",\"@id\":\"https:\\\/\\\/www.11onze.cat\\\/wp-content\\\/uploads\\\/2022\\\/05\\\/HEADER_AGENTS_DECK-300x300.jpg\",\"url\":\"https:\\\/\\\/www.11onze.cat\\\/wp-content\\\/uploads\\\/2022\\\/05\\\/HEADER_AGENTS_DECK-300x300.jpg\",\"contentUrl\":\"https:\\\/\\\/www.11onze.cat\\\/wp-content\\\/uploads\\\/2022\\\/05\\\/HEADER_AGENTS_DECK-300x300.jpg\",\"caption\":\"Equip Editorial\"},\"url\":\"https:\\\/\\\/www.11onze.cat\\\/es\\\/magazine\\\/author\\\/equip-editorial-11onze\\\/\"}]}<\/script>\n<!-- \/ Yoast SEO plugin. -->","yoast_head_json":{"title":"Celler Mas Vicen\u00e7, el mundo del vino te abraza - 11ONZE","description":"La bodega Mas Vicen\u00e7 situada en la parte m\u00e1s alta de la DO Tarragona. Una bodega peque\u00f1a, que se va construyendo con paso seguro.","robots":{"index":"index","follow":"follow","max-snippet":"max-snippet:-1","max-image-preview":"max-image-preview:large","max-video-preview":"max-video-preview:-1"},"canonical":"https:\/\/www.11onze.cat\/es\/magazine\/celler-mas-vicenc-mundo-vino-abraza\/","og_locale":"es_ES","og_type":"article","og_title":"Celler Mas Vicen\u00e7, el mundo del vino te abraza - 11ONZE","og_description":"La bodega Mas Vicen\u00e7 situada en la parte m\u00e1s alta de la DO Tarragona. Una bodega peque\u00f1a, que se va construyendo con paso seguro.","og_url":"https:\/\/www.11onze.cat\/es\/magazine\/celler-mas-vicenc-mundo-vino-abraza\/","og_site_name":"11Onze","article_publisher":"https:\/\/www.facebook.com\/11OnzeComunitat","article_published_time":"2021-11-03T20:00:00+00:00","og_image":[{"width":1200,"height":675,"url":"https:\/\/www.11onze.cat\/wp-content\/uploads\/2021\/11\/11ONZE_MAGAZINE_-DO_TARRAGONA.jpg","type":"image\/jpeg"}],"author":"Equip Editorial","twitter_card":"summary_large_image","twitter_title":"Celler Mas Vicen\u00e7, el mundo del vino te abraza - 11ONZE","twitter_description":"La bodega Mas Vicen\u00e7 situada en la parte m\u00e1s alta de la DO Tarragona. Una bodega peque\u00f1a, que se va construyendo con paso seguro.","twitter_image":"https:\/\/www.11onze.cat\/wp-content\/uploads\/2021\/11\/11ONZE_MAGAZINE_-DO_TARRAGONA.jpg","twitter_creator":"@11OnzeFintech","twitter_site":"@11OnzeFintech","twitter_misc":{"Escrito por":"Equip Editorial"},"schema":{"@context":"https:\/\/schema.org","@graph":[{"@type":"Article","@id":"https:\/\/www.11onze.cat\/es\/magazine\/celler-mas-vicenc-mundo-vino-abraza\/#article","isPartOf":{"@id":"https:\/\/www.11onze.cat\/es\/magazine\/celler-mas-vicenc-mundo-vino-abraza\/"},"author":{"name":"Equip Editorial","@id":"https:\/\/www.11onze.cat\/es\/#\/schema\/person\/636d99b4c82bb7178687ecd43c3a61bd"},"headline":"Celler Mas Vicen\u00e7, el mundo del vino te abraza","datePublished":"2021-11-03T20:00:00+00:00","mainEntityOfPage":{"@id":"https:\/\/www.11onze.cat\/es\/magazine\/celler-mas-vicenc-mundo-vino-abraza\/"},"wordCount":9,"commentCount":0,"publisher":{"@id":"https:\/\/www.11onze.cat\/es\/#organization"},"image":{"@id":"https:\/\/www.11onze.cat\/es\/magazine\/celler-mas-vicenc-mundo-vino-abraza\/#primaryimage"},"thumbnailUrl":"https:\/\/www.11onze.cat\/wp-content\/uploads\/2021\/11\/THUMBNAIL_DO_TARRAGONA.jpg","keywords":["Cultura"],"articleSection":["Sin categorizar"],"inLanguage":"es","potentialAction":[{"@type":"CommentAction","name":"Comment","target":["https:\/\/www.11onze.cat\/es\/magazine\/celler-mas-vicenc-mundo-vino-abraza\/#respond"]}]},{"@type":"WebPage","@id":"https:\/\/www.11onze.cat\/es\/magazine\/celler-mas-vicenc-mundo-vino-abraza\/","url":"https:\/\/www.11onze.cat\/es\/magazine\/celler-mas-vicenc-mundo-vino-abraza\/","name":"Celler Mas Vicen\u00e7, el mundo del vino te abraza - 11ONZE","isPartOf":{"@id":"https:\/\/www.11onze.cat\/es\/#website"},"primaryImageOfPage":{"@id":"https:\/\/www.11onze.cat\/es\/magazine\/celler-mas-vicenc-mundo-vino-abraza\/#primaryimage"},"image":{"@id":"https:\/\/www.11onze.cat\/es\/magazine\/celler-mas-vicenc-mundo-vino-abraza\/#primaryimage"},"thumbnailUrl":"https:\/\/www.11onze.cat\/wp-content\/uploads\/2021\/11\/THUMBNAIL_DO_TARRAGONA.jpg","datePublished":"2021-11-03T20:00:00+00:00","description":"La bodega Mas Vicen\u00e7 situada en la parte m\u00e1s alta de la DO Tarragona. Una bodega peque\u00f1a, que se va construyendo con paso seguro.","breadcrumb":{"@id":"https:\/\/www.11onze.cat\/es\/magazine\/celler-mas-vicenc-mundo-vino-abraza\/#breadcrumb"},"inLanguage":"es","potentialAction":[{"@type":"ReadAction","target":["https:\/\/www.11onze.cat\/es\/magazine\/celler-mas-vicenc-mundo-vino-abraza\/"]}]},{"@type":"ImageObject","inLanguage":"es","@id":"https:\/\/www.11onze.cat\/es\/magazine\/celler-mas-vicenc-mundo-vino-abraza\/#primaryimage","url":"https:\/\/www.11onze.cat\/wp-content\/uploads\/2021\/11\/THUMBNAIL_DO_TARRAGONA.jpg","contentUrl":"https:\/\/www.11onze.cat\/wp-content\/uploads\/2021\/11\/THUMBNAIL_DO_TARRAGONA.jpg","width":1500,"height":1000},{"@type":"BreadcrumbList","@id":"https:\/\/www.11onze.cat\/es\/magazine\/celler-mas-vicenc-mundo-vino-abraza\/#breadcrumb","itemListElement":[{"@type":"ListItem","position":1,"name":"Home","item":"https:\/\/www.11onze.cat\/es\/"},{"@type":"ListItem","position":2,"name":"Celler Mas Vicen\u00e7, el mundo del vino te abraza"}]},{"@type":"WebSite","@id":"https:\/\/www.11onze.cat\/es\/#website","url":"https:\/\/www.11onze.cat\/es\/","name":"11Onze","description":"Primera comunidad fintech digital en Catalu\u00f1a","publisher":{"@id":"https:\/\/www.11onze.cat\/es\/#organization"},"potentialAction":[{"@type":"SearchAction","target":{"@type":"EntryPoint","urlTemplate":"https:\/\/www.11onze.cat\/es\/?s={search_term_string}"},"query-input":{"@type":"PropertyValueSpecification","valueRequired":true,"valueName":"search_term_string"}}],"inLanguage":"es"},{"@type":"Organization","@id":"https:\/\/www.11onze.cat\/es\/#organization","name":"11Onze","url":"https:\/\/www.11onze.cat\/es\/","logo":{"@type":"ImageObject","inLanguage":"es","@id":"https:\/\/www.11onze.cat\/es\/#\/schema\/logo\/image\/","url":"https:\/\/www.11onze.cat\/wp-content\/uploads\/2021\/04\/512x512-11Onze.jpg","contentUrl":"https:\/\/www.11onze.cat\/wp-content\/uploads\/2021\/04\/512x512-11Onze.jpg","width":512,"height":512,"caption":"11Onze"},"image":{"@id":"https:\/\/www.11onze.cat\/es\/#\/schema\/logo\/image\/"},"sameAs":["https:\/\/www.facebook.com\/11OnzeComunitat","https:\/\/x.com\/11OnzeFintech","https:\/\/www.instagram.com\/11onzecat\/","https:\/\/www.linkedin.com\/company\/11onzebanc","https:\/\/www.youtube.com\/channel\/UCz63R8Byd_kBKtK2M4Qf_7w"]},{"@type":"Person","@id":"https:\/\/www.11onze.cat\/es\/#\/schema\/person\/636d99b4c82bb7178687ecd43c3a61bd","name":"Equip Editorial","image":{"@type":"ImageObject","inLanguage":"es","@id":"https:\/\/www.11onze.cat\/wp-content\/uploads\/2022\/05\/HEADER_AGENTS_DECK-300x300.jpg","url":"https:\/\/www.11onze.cat\/wp-content\/uploads\/2022\/05\/HEADER_AGENTS_DECK-300x300.jpg","contentUrl":"https:\/\/www.11onze.cat\/wp-content\/uploads\/2022\/05\/HEADER_AGENTS_DECK-300x300.jpg","caption":"Equip Editorial"},"url":"https:\/\/www.11onze.cat\/es\/magazine\/author\/equip-editorial-11onze\/"}]}},"_links":{"self":[{"href":"https:\/\/www.11onze.cat\/es\/wp-json\/wp\/v2\/posts\/20568","targetHints":{"allow":["GET"]}}],"collection":[{"href":"https:\/\/www.11onze.cat\/es\/wp-json\/wp\/v2\/posts"}],"about":[{"href":"https:\/\/www.11onze.cat\/es\/wp-json\/wp\/v2\/types\/post"}],"author":[{"embeddable":true,"href":"https:\/\/www.11onze.cat\/es\/wp-json\/wp\/v2\/users\/71"}],"replies":[{"embeddable":true,"href":"https:\/\/www.11onze.cat\/es\/wp-json\/wp\/v2\/comments?post=20568"}],"version-history":[{"count":0,"href":"https:\/\/www.11onze.cat\/es\/wp-json\/wp\/v2\/posts\/20568\/revisions"}],"wp:featuredmedia":[{"embeddable":true,"href":"https:\/\/www.11onze.cat\/es\/wp-json\/wp\/v2\/media\/20613"}],"wp:attachment":[{"href":"https:\/\/www.11onze.cat\/es\/wp-json\/wp\/v2\/media?parent=20568"}],"wp:term":[{"taxonomy":"category","embeddable":true,"href":"https:\/\/www.11onze.cat\/es\/wp-json\/wp\/v2\/categories?post=20568"},{"taxonomy":"post_tag","embeddable":true,"href":"https:\/\/www.11onze.cat\/es\/wp-json\/wp\/v2\/tags?post=20568"}],"curies":[{"name":"wp","href":"https:\/\/api.w.org\/{rel}","templated":true}]}}