{"id":20036,"date":"2025-10-31T09:00:00","date_gmt":"2025-10-31T08:00:00","guid":{"rendered":"https:\/\/www.11onze.cat\/?p=20036"},"modified":"2026-03-26T13:28:22","modified_gmt":"2026-03-26T12:28:22","slug":"castanyada-celebrar-llegado-agricola","status":"publish","type":"post","link":"https:\/\/www.11onze.cat\/es\/magazine\/castanyada-celebrar-llegado-agricola\/","title":{"rendered":"La Castanyada: celebrar el legado agr\u00edcola"},"content":{"rendered":"<div class=\"component text\">\n  <div class=\"container\">\n\n\n    <div class=\"row\">\n      <div class=\"col  col-lg-8  offset-lg-2\">\n        <h3><b>\u00bfHay algo m\u00e1gico en el D\u00eda de Todos los Santos? \u00bfCelebramos la Castanyada como quien celebra el Halloween en los pa\u00edses anglosajones? \u00bfVeneramos la muerte o la vida? Festejar el oto\u00f1o con panellets, casta\u00f1as y boniatos quiz\u00e1s tiene m\u00e1s que ver con nuestro pasado agr\u00edcola de lo que pensamos.<\/b><\/h3>\n<p><span style=\"font-weight: 400;\">\u00a0<\/span><\/p>\n<p><span style=\"font-weight: 400;\">El proceso gen\u00e9tico y cultural que los humanos experimentamos hace unos cinco millones de a\u00f1os nos capacit\u00f3 para transformar objetos en utensilios, hecho que nos permiti\u00f3 adaptarnos con m\u00e1s eficacia a los diferentes climas de la tierra. La movilidad fue clave para nuestra supervivencia. Pero, hace 10.000 a\u00f1os aproximadamente, <\/span><b>ese nomadismo se vio alterado por un descubrimiento a\u00fan m\u00e1s revolucionario: la agricultura<\/b><span style=\"font-weight: 400;\">.\u00a0<\/span><\/p>\n<p><span style=\"font-weight: 400;\">La posibilidad de producir el propio alimento comport\u00f3 que nos estableci\u00e9ramos en zonas aptas para el cultivo y, al mismo tiempo, nos permiti\u00f3 estabular las manadas salvajes para asegurarnos la prote\u00edna de todo el a\u00f1o. <\/span><b>Estas sociedades sedentarias primitivas quedaron condicionadas para siempre jam\u00e1s m\u00e1s por un calendario agr\u00edcola y ganadero<\/b><span style=\"font-weight: 400;\">. Ser\u00e1 entonces cuando aparecer\u00e1n las primeras evidencias del culto a los dioses, a las diosas y a los antepasados.\u00a0<\/span><\/p>\n<p><span style=\"font-weight: 400;\">\u00bfY qu\u00e9 tiene que ver todo esto con Todos los Santos? Pues que la antropolog\u00eda ha estudiado a fondo c\u00f3mo, en el origen de la festividad, <\/span><b>hay un patr\u00f3n, una creencia, que se da de manera similar en infinidad de culturas de todo el mundo<\/b><span style=\"font-weight: 400;\">. Su punto de partida siempre es el mismo: la celebraci\u00f3n del nacimiento de un periodo de oscuridad que se alarga hasta un periodo de luz. As\u00ed es como encontramos festividades como las de la Pomona romana, la del Samhain celta o el Udazkena vasco.\u00a0<\/span><\/p>\n<p><span style=\"font-weight: 400;\">De este modo, <\/span><b>el Samhain o el Udazkena marcaban el inicio en el calendario agr\u00edcola<\/b><span style=\"font-weight: 400;\"> del periodo en el que los campos y las tierras se volv\u00edan yermos \u2014similar al mundo de los difuntos\u2014 hasta que, con la llegada de la primavera, todo volv\u00eda a empezar. Se iniciaba as\u00ed un nuevo ciclo de la vida. Estas creencias paganas que practicaban los habitantes del \u2018pagus\u2019 \u2014los payeses\u2014 se mantuvieron muy arraigadas durante milenios hasta la irrupci\u00f3n del cristianismo en el siglo I. <\/span><\/p>\n\n      <\/div>\n    <\/div>\n  <\/div>\n<\/div>\n\n\n<div class=\"component gallery\">\n  <div class=\"container\">\n    <div class=\"row\">\n      <div class=\"col col-lg-10 offset-lg-1\">\n        <div id=\"slider_1\" class=\"carousel slide\" data-wrap=\"false\" data-interval=\"false\">\n          <div class=\"carousel-inner\">\n            <div class=\"carousel-item active\">\n              <img decoding=\"async\" class=\"d-block w-100\" src=\"https:\/\/www.11onze.cat\/wp-content\/uploads\/2021\/10\/IMAGE_BLOCK_CASTANYADA.jpg\" alt=\"\">\n              <div class=\"carousel-caption\">\n                \n              <\/div>\n            <\/div>\n          <\/div>\n        <\/div>\n      <\/div>\n    <\/div>\n  <\/div>\n<\/div>\n\n<div class=\"component text\">\n  <div class=\"container\">\n\n\n    <div class=\"row\">\n      <div class=\"col  col-lg-8  offset-lg-2\">\n        <h3><b>El mundo cat\u00f3lico se apropia de las tradiciones paganas<\/b><\/h3>\n<p><b>El inicio del fin del paganismo vino de la mano del Papa Bonifacio IV,<\/b><span style=\"font-weight: 400;\"> que en el 610 consagr\u00f3 el Pante\u00f3n romano de Agripa, que hasta entonces se hab\u00eda dedicado al culto pagano de J\u00fapiter. Aprovechando este hecho, instituy\u00f3 una fiesta que conmemoraba a todos los santos desconocidos y an\u00f3nimos de la cristiandad y que se celebraba el 13 de mayo.\u00a0<\/span><\/p>\n<p><span style=\"font-weight: 400;\">Pero no fue hasta mediados del siglo IX, a ra\u00edz del <\/span><a href=\"https:\/\/es.wikipedia.org\/wiki\/Renacimiento_carolingio\"><span style=\"font-weight: 400;\">Renacimiento carolingio<\/span><\/a><span style=\"font-weight: 400;\">, cuando se instaura, definitivamente y por todo el occidente medieval, lo que conocemos como la festividad de Todos los Santos. La enc\u00edclica papal de Gregorio IV del a\u00f1o 840 promulg\u00f3 la cristianizaci\u00f3n definitiva de todos los territorios del imperio y oblig\u00f3 a sustituir las fiestas paganas, como por ejemplo el Samhain o las de Pomona, por la de Todos los Santos, cambiando la fecha de celebraci\u00f3n al 1 de noviembre. Durante centurias, <strong>el mundo cat\u00f3lico continu\u00f3 su pol\u00edtica de suplantar tradiciones ancestrales paganas por eventos de iglesia<\/strong>, mientras que en el mundo anglosaj\u00f3n, donde el protestantismo era preeminente, relaj\u00f3 esta presi\u00f3n.<\/span><\/p>\n<p><span style=\"font-weight: 400;\">Hoy en d\u00eda, observamos que mientras <\/span><b>Todos los Santos es m\u00e1s bien un d\u00eda oscuro, triste, de recogimiento, en cambio, Halloween \u2014\u2018All Hallow\u2019s Eve\u2019\u2014 es festiva, dulce, divertida<\/b><span style=\"font-weight: 400;\"> y, eso s\u00ed, muy amplificada por el aparato propagand\u00edstico norteamericano. En el resto del mundo, como por ejemplo en Filipinas o M\u00e9xico \u2014y sobre todo a ra\u00edz de la pel\u00edcula \u2018Coco\u2019, de Pixar\u2014, la festividad tiene, todav\u00eda m\u00e1s, un cariz festivo: no solo se visita la tumba del difunto, sino que se celebra un p\u00edcnic familiar a su alrededor, donde se colocan m\u00e1scaras, cintas de colores e, incluso, se cocinan platos especiales.\u00a0<\/span><\/p>\n<p><span style=\"font-weight: 400;\">\u00a0<\/span><\/p>\n<h3><b>En Catalu\u00f1a, alegr\u00eda y severidad<\/b><\/h3>\n<p><span style=\"font-weight: 400;\">En cuanto a nuestra cultura, seg\u00fan narra el folclorista y etn\u00f3logo Joan Amades en su conocido \u2018<\/span><a href=\"https:\/\/www.amazon.es\/COSTUMARI-CATALA-curs-lany-vols\/dp\/8429720197\"><span style=\"font-weight: 400;\">Costumari catal\u00e0<\/span><\/a><span style=\"font-weight: 400;\">\u2019 (Salvat Editores, 1982), <\/span><b>el D\u00eda de Todos los Santos tiene dos caras muy diferentes<\/b><span style=\"font-weight: 400;\">: la alegre y festiva de la ma\u00f1ana y la rigurosa y severa de la tarde. Esto es as\u00ed porque, tal y como recuerda Amades, existe la creencia que, justo cuando se cumple el medio d\u00eda del 1 de noviembre, las personas que han muerto hace poco tiempo vuelven unas horas a vivir con su familia.\u00a0<\/span><\/p>\n<p><span style=\"font-weight: 400;\">Incluso hab\u00eda la tradici\u00f3n, en algunas casas de Barcelona, de poner los cubiertos sobre la mesa para el difunto, como si fuera un invitado m\u00e1s. As\u00ed mismo, era muy com\u00fan, el 1 de noviembre, convocar a los difuntos en casa, pero tambi\u00e9n ayudarlos a volver a la eternidad. Por eso, <\/span><b>en la fachada de las casas era habitual colgar unos farolillos<\/b><span style=\"font-weight: 400;\">, y tambi\u00e9n se pon\u00edan sobre las tumbas.\u00a0<\/span><\/p>\n<p><span style=\"font-weight: 400;\">En el \u2018Costumari catal\u00e0\u2019, Amades tambi\u00e9n rememora una costumbre t\u00edpica de <\/span><b>las poblaciones rurales, donde era popular hacer ofrendas de pan a los difuntos<\/b><span style=\"font-weight: 400;\"> dentro de los cementerios. Esta tradici\u00f3n evolucion\u00f3 hasta los populares panellets, que los panaderos convirtieron en un negocio.\u00a0<\/span><\/p>\n<p><span style=\"font-weight: 400;\">Siguiendo con la gastronom\u00eda, por estas fechas las casta\u00f1as, los boniatos y los panellets han sido y son los alimentos m\u00e1s usuales. Como an\u00e9cdota, por ejemplo, se explica que en algunas zonas de Catalu\u00f1a hab\u00eda la superstici\u00f3n de que, si com\u00edas casta\u00f1as, se te ca\u00eda el pelo y, por eso, las mujeres no quer\u00edan comerlas. Por este motivo, <\/span><b>las casta\u00f1as se sustitu\u00edan por pi\u00f1ones<\/b><span style=\"font-weight: 400;\">. Quiz\u00e1s por eso muchos panellets se envuelven con las semillas del pino.<\/span><\/p>\n<p><span style=\"font-weight: 400;\">En definitiva, el D\u00eda de Todos los Santos, de hoy, de antes y de mucho antes, siempre responde al mismo esp\u00edritu: <\/span><b>mantener viva la memoria de nuestros antepasados<\/b><span style=\"font-weight: 400;\"> y venerar el ciclo de la vida que tan bien se expresa en el mundo campesino.<\/span><\/p>\n<p><b>11Onze es la fintech comunitaria de Catalu\u00f1a. Abre una cuenta descargando la super app El Canut para <\/b><a href=\"https:\/\/play.google.com\/store\/apps\/details?id=com.e11onze.app&amp;utm_source=emailing&amp;utm_campaign=CANUT+launch\"><b>Android<\/b><\/a><b> o <\/b><a href=\"https:\/\/apps.apple.com\/us\/app\/11onze\/id1566129237?utm_campaign=El+Canut\"><b>iOS<\/b><\/a><b>. \u00a1\u00danete a la revoluci\u00f3n!<\/b><\/p>\n\n      <\/div>\n    <\/div>\n  <\/div>\n<\/div>\n\n\n<div class=\"component cards\">\n  <div class=\"container\">\n    <div class=\"row\">\n      <div class=\"col col-xl-8 offset-xl-2\">\n        <h1>Si quieres profundizar en este tema, te recomendamos:<\/h1>\n        <div class=\"cards__wrapper\">\n          <div class=\"card\">\n            <a href=\"https:\/\/www.11onze.cat\/es\/magazine\/origen-verbena-san-juan\/\" class=\"card-link\" target=\"_self\"><\/a>\n            <div class=\"card-img\">\n              <img decoding=\"async\" src=\"https:\/\/www.11onze.cat\/wp-content\/uploads\/2021\/06\/THUMBNAIL_SANTJOAN_ORIGEN-768x512.jpg\" class=\"card-img-top\" alt=\"\">\n                <span class=\"card-category\">Cultura<\/span>\n            <\/div>\n            <div class=\"card-body\">\n              <p class=\"card-title p2\"><strong>\u00bfConoces el origen de la verbena de San Juan?<\/strong><\/p>\n              <span class=\"card-time\">6min lectura<\/span>\n              <p class=\"card-text small\">El 23 de junio celebramos la verbena de San Juan. Una&#8230;<\/p>\n            <\/div>\n          <\/div>\n\n\n          <div class=\"card\">\n            <a href=\"https:\/\/www.11onze.cat\/es\/magazine\/pagarias-mas-turismo-sostenible\/\" class=\"card-link\" target=\"_self\"><\/a>\n            <div class=\"card-img\">\n              <img decoding=\"async\" src=\"https:\/\/www.11onze.cat\/wp-content\/uploads\/2021\/06\/THUMBNAIL_ECOTURISME-768x460.jpg\" class=\"card-img-top\" alt=\"\">\n                <span class=\"card-category\">Cultura<\/span>\n            <\/div>\n            <div class=\"card-body\">\n              <p class=\"card-title p2\"><strong>\u00bfPagar\u00edas m\u00e1s por un turismo sostenible?<\/strong><\/p>\n              <span class=\"card-time\">6min lectura<\/span>\n              <p class=\"card-text small\">El turismo sostenible o ecoturismo es el sector tur\u00edstico con&#8230;<\/p>\n            <\/div>\n          <\/div>\n\n\n          <div class=\"card\">\n            <a href=\"https:\/\/www.11onze.cat\/es\/magazine\/vivir-pueblo-privilegio-toda-vida\/\" class=\"card-link\" target=\"_self\"><\/a>\n            <div class=\"card-img\">\n              <img decoding=\"async\" src=\"https:\/\/www.11onze.cat\/wp-content\/uploads\/2021\/10\/THUMBNAIL_VIURE_POBLE_MASIA_QUAN_GRAN-768x330.jpg\" class=\"card-img-top\" alt=\"\">\n                <span class=\"card-category\">Cultura<\/span>\n            <\/div>\n            <div class=\"card-body\">\n              <p class=\"card-title p2\"><strong>Vivir en un pueblo, un privilegio de toda la vida<\/strong><\/p>\n              <span class=\"card-time\">6min lectura<\/span>\n              <p class=\"card-text small\">Durante la pandemia, muchas familias se han decidido a&#8230;<\/p>\n            <\/div>\n          <\/div>\n\n              <\/div>\n              <br>\n              <br>\n              <div class=\"cards__wrapper\">\n\n        <\/div>\n      <\/div>\n    <\/div>\n  <\/div>\n<\/div>","protected":false},"excerpt":{"rendered":"","protected":false},"author":57,"featured_media":20031,"comment_status":"open","ping_status":"closed","sticky":false,"template":"","format":"standard","meta":{"_acf_changed":true,"content-type":"","footnotes":""},"categories":[28],"tags":[180],"class_list":["post-20036","post","type-post","status-publish","format-standard","has-post-thumbnail","hentry","category-sin-categorizar","tag-cultura-es"],"acf":[],"yoast_head":"<!-- This site is optimized with the Yoast SEO plugin v27.4 - https:\/\/yoast.com\/product\/yoast-seo-wordpress\/ -->\n<title>La Castanyada: celebrar el legado agr\u00edcola - 11Onze<\/title>\n<meta name=\"description\" content=\"Celebrar el oto\u00f1o con panellets y casta\u00f1as tiene m\u00e1s a ver con nuestro pasado agr\u00edcola del que pensamos. Descubre La Castanyada.\" \/>\n<meta name=\"robots\" content=\"index, follow, max-snippet:-1, max-image-preview:large, max-video-preview:-1\" \/>\n<link rel=\"canonical\" href=\"https:\/\/www.11onze.cat\/es\/magazine\/castanyada-celebrar-llegado-agricola\/\" \/>\n<meta property=\"og:locale\" content=\"es_ES\" \/>\n<meta property=\"og:type\" content=\"article\" \/>\n<meta property=\"og:title\" content=\"La Castanyada: celebrar el legado agr\u00edcola - 11Onze\" \/>\n<meta property=\"og:description\" content=\"Celebrar el oto\u00f1o con panellets y casta\u00f1as tiene m\u00e1s a ver con nuestro pasado agr\u00edcola del que pensamos. Descubre La Castanyada.\" \/>\n<meta property=\"og:url\" content=\"https:\/\/www.11onze.cat\/es\/magazine\/castanyada-celebrar-llegado-agricola\/\" \/>\n<meta property=\"og:site_name\" content=\"11Onze\" \/>\n<meta property=\"article:publisher\" content=\"https:\/\/www.facebook.com\/11OnzeComunitat\" \/>\n<meta property=\"article:published_time\" content=\"2025-10-31T08:00:00+00:00\" \/>\n<meta property=\"article:modified_time\" content=\"2026-03-26T12:28:22+00:00\" \/>\n<meta property=\"og:image\" content=\"https:\/\/www.11onze.cat\/wp-content\/uploads\/2021\/10\/11ONZE_CASTANYADA.jpg\" \/>\n\t<meta property=\"og:image:width\" content=\"1200\" \/>\n\t<meta property=\"og:image:height\" content=\"675\" \/>\n\t<meta property=\"og:image:type\" content=\"image\/jpeg\" \/>\n<meta name=\"author\" content=\"Oriol Garcia Farr\u00e9\" \/>\n<meta name=\"twitter:card\" content=\"summary_large_image\" \/>\n<meta name=\"twitter:title\" content=\"La Castanyada: celebrar el legado agr\u00edcola - 11Onze\" \/>\n<meta name=\"twitter:description\" content=\"Celebrar el oto\u00f1o con panellets y casta\u00f1as tiene m\u00e1s a ver con nuestro pasado agr\u00edcola del que pensamos. Descubre La Castanyada.\" \/>\n<meta name=\"twitter:image\" content=\"https:\/\/www.11onze.cat\/wp-content\/uploads\/2021\/10\/11ONZE_CASTANYADA.jpg\" \/>\n<meta name=\"twitter:creator\" content=\"@11OnzeFintech\" \/>\n<meta name=\"twitter:site\" content=\"@11OnzeFintech\" \/>\n<meta name=\"twitter:label1\" content=\"Escrito por\" \/>\n\t<meta name=\"twitter:data1\" content=\"Oriol Garcia Farr\u00e9\" \/>\n\t<meta name=\"twitter:label2\" content=\"Tiempo de lectura\" \/>\n\t<meta name=\"twitter:data2\" content=\"1 minuto\" \/>\n<script type=\"application\/ld+json\" class=\"yoast-schema-graph\">{\"@context\":\"https:\\\/\\\/schema.org\",\"@graph\":[{\"@type\":\"Article\",\"@id\":\"https:\\\/\\\/www.11onze.cat\\\/es\\\/magazine\\\/castanyada-celebrar-llegado-agricola\\\/#article\",\"isPartOf\":{\"@id\":\"https:\\\/\\\/www.11onze.cat\\\/es\\\/magazine\\\/castanyada-celebrar-llegado-agricola\\\/\"},\"author\":{\"name\":\"Oriol Garcia Farr\u00e9\",\"@id\":\"https:\\\/\\\/www.11onze.cat\\\/es\\\/#\\\/schema\\\/person\\\/feeb305690af76e807b5432984ef10cc\"},\"headline\":\"La Castanyada: celebrar el legado agr\u00edcola\",\"datePublished\":\"2025-10-31T08:00:00+00:00\",\"dateModified\":\"2026-03-26T12:28:22+00:00\",\"mainEntityOfPage\":{\"@id\":\"https:\\\/\\\/www.11onze.cat\\\/es\\\/magazine\\\/castanyada-celebrar-llegado-agricola\\\/\"},\"wordCount\":7,\"commentCount\":0,\"publisher\":{\"@id\":\"https:\\\/\\\/www.11onze.cat\\\/es\\\/#organization\"},\"image\":{\"@id\":\"https:\\\/\\\/www.11onze.cat\\\/es\\\/magazine\\\/castanyada-celebrar-llegado-agricola\\\/#primaryimage\"},\"thumbnailUrl\":\"https:\\\/\\\/www.11onze.cat\\\/wp-content\\\/uploads\\\/2021\\\/10\\\/THUMBNAIL_CASTANYADA.jpg\",\"keywords\":[\"Cultura\"],\"articleSection\":[\"Sin categorizar\"],\"inLanguage\":\"es\",\"potentialAction\":[{\"@type\":\"CommentAction\",\"name\":\"Comment\",\"target\":[\"https:\\\/\\\/www.11onze.cat\\\/es\\\/magazine\\\/castanyada-celebrar-llegado-agricola\\\/#respond\"]}]},{\"@type\":\"WebPage\",\"@id\":\"https:\\\/\\\/www.11onze.cat\\\/es\\\/magazine\\\/castanyada-celebrar-llegado-agricola\\\/\",\"url\":\"https:\\\/\\\/www.11onze.cat\\\/es\\\/magazine\\\/castanyada-celebrar-llegado-agricola\\\/\",\"name\":\"La Castanyada: celebrar el legado agr\u00edcola - 11Onze\",\"isPartOf\":{\"@id\":\"https:\\\/\\\/www.11onze.cat\\\/es\\\/#website\"},\"primaryImageOfPage\":{\"@id\":\"https:\\\/\\\/www.11onze.cat\\\/es\\\/magazine\\\/castanyada-celebrar-llegado-agricola\\\/#primaryimage\"},\"image\":{\"@id\":\"https:\\\/\\\/www.11onze.cat\\\/es\\\/magazine\\\/castanyada-celebrar-llegado-agricola\\\/#primaryimage\"},\"thumbnailUrl\":\"https:\\\/\\\/www.11onze.cat\\\/wp-content\\\/uploads\\\/2021\\\/10\\\/THUMBNAIL_CASTANYADA.jpg\",\"datePublished\":\"2025-10-31T08:00:00+00:00\",\"dateModified\":\"2026-03-26T12:28:22+00:00\",\"description\":\"Celebrar el oto\u00f1o con panellets y casta\u00f1as tiene m\u00e1s a ver con nuestro pasado agr\u00edcola del que pensamos. Descubre La Castanyada.\",\"breadcrumb\":{\"@id\":\"https:\\\/\\\/www.11onze.cat\\\/es\\\/magazine\\\/castanyada-celebrar-llegado-agricola\\\/#breadcrumb\"},\"inLanguage\":\"es\",\"potentialAction\":[{\"@type\":\"ReadAction\",\"target\":[\"https:\\\/\\\/www.11onze.cat\\\/es\\\/magazine\\\/castanyada-celebrar-llegado-agricola\\\/\"]}]},{\"@type\":\"ImageObject\",\"inLanguage\":\"es\",\"@id\":\"https:\\\/\\\/www.11onze.cat\\\/es\\\/magazine\\\/castanyada-celebrar-llegado-agricola\\\/#primaryimage\",\"url\":\"https:\\\/\\\/www.11onze.cat\\\/wp-content\\\/uploads\\\/2021\\\/10\\\/THUMBNAIL_CASTANYADA.jpg\",\"contentUrl\":\"https:\\\/\\\/www.11onze.cat\\\/wp-content\\\/uploads\\\/2021\\\/10\\\/THUMBNAIL_CASTANYADA.jpg\",\"width\":1198,\"height\":819},{\"@type\":\"BreadcrumbList\",\"@id\":\"https:\\\/\\\/www.11onze.cat\\\/es\\\/magazine\\\/castanyada-celebrar-llegado-agricola\\\/#breadcrumb\",\"itemListElement\":[{\"@type\":\"ListItem\",\"position\":1,\"name\":\"Home\",\"item\":\"https:\\\/\\\/www.11onze.cat\\\/es\\\/\"},{\"@type\":\"ListItem\",\"position\":2,\"name\":\"La Castanyada: celebrar el legado agr\u00edcola\"}]},{\"@type\":\"WebSite\",\"@id\":\"https:\\\/\\\/www.11onze.cat\\\/es\\\/#website\",\"url\":\"https:\\\/\\\/www.11onze.cat\\\/es\\\/\",\"name\":\"11Onze\",\"description\":\"Primera comunidad fintech digital en Catalu\u00f1a\",\"publisher\":{\"@id\":\"https:\\\/\\\/www.11onze.cat\\\/es\\\/#organization\"},\"potentialAction\":[{\"@type\":\"SearchAction\",\"target\":{\"@type\":\"EntryPoint\",\"urlTemplate\":\"https:\\\/\\\/www.11onze.cat\\\/es\\\/?s={search_term_string}\"},\"query-input\":{\"@type\":\"PropertyValueSpecification\",\"valueRequired\":true,\"valueName\":\"search_term_string\"}}],\"inLanguage\":\"es\"},{\"@type\":\"Organization\",\"@id\":\"https:\\\/\\\/www.11onze.cat\\\/es\\\/#organization\",\"name\":\"11Onze\",\"url\":\"https:\\\/\\\/www.11onze.cat\\\/es\\\/\",\"logo\":{\"@type\":\"ImageObject\",\"inLanguage\":\"es\",\"@id\":\"https:\\\/\\\/www.11onze.cat\\\/es\\\/#\\\/schema\\\/logo\\\/image\\\/\",\"url\":\"https:\\\/\\\/www.11onze.cat\\\/wp-content\\\/uploads\\\/2021\\\/04\\\/512x512-11Onze.jpg\",\"contentUrl\":\"https:\\\/\\\/www.11onze.cat\\\/wp-content\\\/uploads\\\/2021\\\/04\\\/512x512-11Onze.jpg\",\"width\":512,\"height\":512,\"caption\":\"11Onze\"},\"image\":{\"@id\":\"https:\\\/\\\/www.11onze.cat\\\/es\\\/#\\\/schema\\\/logo\\\/image\\\/\"},\"sameAs\":[\"https:\\\/\\\/www.facebook.com\\\/11OnzeComunitat\",\"https:\\\/\\\/x.com\\\/11OnzeFintech\",\"https:\\\/\\\/www.instagram.com\\\/11onzecat\\\/\",\"https:\\\/\\\/www.linkedin.com\\\/company\\\/11onzebanc\",\"https:\\\/\\\/www.youtube.com\\\/channel\\\/UCz63R8Byd_kBKtK2M4Qf_7w\"]},{\"@type\":\"Person\",\"@id\":\"https:\\\/\\\/www.11onze.cat\\\/es\\\/#\\\/schema\\\/person\\\/feeb305690af76e807b5432984ef10cc\",\"name\":\"Oriol Garcia Farr\u00e9\",\"image\":{\"@type\":\"ImageObject\",\"inLanguage\":\"es\",\"@id\":\"https:\\\/\\\/secure.gravatar.com\\\/avatar\\\/738c3e19c6e12cfa4f74722807bb280f0d7ca2cf03b265e0524c345dd5917961?s=96&d=mm&r=g\",\"url\":\"https:\\\/\\\/secure.gravatar.com\\\/avatar\\\/738c3e19c6e12cfa4f74722807bb280f0d7ca2cf03b265e0524c345dd5917961?s=96&d=mm&r=g\",\"contentUrl\":\"https:\\\/\\\/secure.gravatar.com\\\/avatar\\\/738c3e19c6e12cfa4f74722807bb280f0d7ca2cf03b265e0524c345dd5917961?s=96&d=mm&r=g\",\"caption\":\"Oriol Garcia Farr\u00e9\"},\"url\":\"https:\\\/\\\/www.11onze.cat\\\/es\\\/magazine\\\/author\\\/oriol-gf11onze-cat\\\/\"}]}<\/script>\n<!-- \/ Yoast SEO plugin. -->","yoast_head_json":{"title":"La Castanyada: celebrar el legado agr\u00edcola - 11Onze","description":"Celebrar el oto\u00f1o con panellets y casta\u00f1as tiene m\u00e1s a ver con nuestro pasado agr\u00edcola del que pensamos. Descubre La Castanyada.","robots":{"index":"index","follow":"follow","max-snippet":"max-snippet:-1","max-image-preview":"max-image-preview:large","max-video-preview":"max-video-preview:-1"},"canonical":"https:\/\/www.11onze.cat\/es\/magazine\/castanyada-celebrar-llegado-agricola\/","og_locale":"es_ES","og_type":"article","og_title":"La Castanyada: celebrar el legado agr\u00edcola - 11Onze","og_description":"Celebrar el oto\u00f1o con panellets y casta\u00f1as tiene m\u00e1s a ver con nuestro pasado agr\u00edcola del que pensamos. Descubre La Castanyada.","og_url":"https:\/\/www.11onze.cat\/es\/magazine\/castanyada-celebrar-llegado-agricola\/","og_site_name":"11Onze","article_publisher":"https:\/\/www.facebook.com\/11OnzeComunitat","article_published_time":"2025-10-31T08:00:00+00:00","article_modified_time":"2026-03-26T12:28:22+00:00","og_image":[{"width":1200,"height":675,"url":"https:\/\/www.11onze.cat\/wp-content\/uploads\/2021\/10\/11ONZE_CASTANYADA.jpg","type":"image\/jpeg"}],"author":"Oriol Garcia Farr\u00e9","twitter_card":"summary_large_image","twitter_title":"La Castanyada: celebrar el legado agr\u00edcola - 11Onze","twitter_description":"Celebrar el oto\u00f1o con panellets y casta\u00f1as tiene m\u00e1s a ver con nuestro pasado agr\u00edcola del que pensamos. Descubre La Castanyada.","twitter_image":"https:\/\/www.11onze.cat\/wp-content\/uploads\/2021\/10\/11ONZE_CASTANYADA.jpg","twitter_creator":"@11OnzeFintech","twitter_site":"@11OnzeFintech","twitter_misc":{"Escrito por":"Oriol Garcia Farr\u00e9","Tiempo de lectura":"1 minuto"},"schema":{"@context":"https:\/\/schema.org","@graph":[{"@type":"Article","@id":"https:\/\/www.11onze.cat\/es\/magazine\/castanyada-celebrar-llegado-agricola\/#article","isPartOf":{"@id":"https:\/\/www.11onze.cat\/es\/magazine\/castanyada-celebrar-llegado-agricola\/"},"author":{"name":"Oriol Garcia Farr\u00e9","@id":"https:\/\/www.11onze.cat\/es\/#\/schema\/person\/feeb305690af76e807b5432984ef10cc"},"headline":"La Castanyada: celebrar el legado agr\u00edcola","datePublished":"2025-10-31T08:00:00+00:00","dateModified":"2026-03-26T12:28:22+00:00","mainEntityOfPage":{"@id":"https:\/\/www.11onze.cat\/es\/magazine\/castanyada-celebrar-llegado-agricola\/"},"wordCount":7,"commentCount":0,"publisher":{"@id":"https:\/\/www.11onze.cat\/es\/#organization"},"image":{"@id":"https:\/\/www.11onze.cat\/es\/magazine\/castanyada-celebrar-llegado-agricola\/#primaryimage"},"thumbnailUrl":"https:\/\/www.11onze.cat\/wp-content\/uploads\/2021\/10\/THUMBNAIL_CASTANYADA.jpg","keywords":["Cultura"],"articleSection":["Sin categorizar"],"inLanguage":"es","potentialAction":[{"@type":"CommentAction","name":"Comment","target":["https:\/\/www.11onze.cat\/es\/magazine\/castanyada-celebrar-llegado-agricola\/#respond"]}]},{"@type":"WebPage","@id":"https:\/\/www.11onze.cat\/es\/magazine\/castanyada-celebrar-llegado-agricola\/","url":"https:\/\/www.11onze.cat\/es\/magazine\/castanyada-celebrar-llegado-agricola\/","name":"La Castanyada: celebrar el legado agr\u00edcola - 11Onze","isPartOf":{"@id":"https:\/\/www.11onze.cat\/es\/#website"},"primaryImageOfPage":{"@id":"https:\/\/www.11onze.cat\/es\/magazine\/castanyada-celebrar-llegado-agricola\/#primaryimage"},"image":{"@id":"https:\/\/www.11onze.cat\/es\/magazine\/castanyada-celebrar-llegado-agricola\/#primaryimage"},"thumbnailUrl":"https:\/\/www.11onze.cat\/wp-content\/uploads\/2021\/10\/THUMBNAIL_CASTANYADA.jpg","datePublished":"2025-10-31T08:00:00+00:00","dateModified":"2026-03-26T12:28:22+00:00","description":"Celebrar el oto\u00f1o con panellets y casta\u00f1as tiene m\u00e1s a ver con nuestro pasado agr\u00edcola del que pensamos. Descubre La Castanyada.","breadcrumb":{"@id":"https:\/\/www.11onze.cat\/es\/magazine\/castanyada-celebrar-llegado-agricola\/#breadcrumb"},"inLanguage":"es","potentialAction":[{"@type":"ReadAction","target":["https:\/\/www.11onze.cat\/es\/magazine\/castanyada-celebrar-llegado-agricola\/"]}]},{"@type":"ImageObject","inLanguage":"es","@id":"https:\/\/www.11onze.cat\/es\/magazine\/castanyada-celebrar-llegado-agricola\/#primaryimage","url":"https:\/\/www.11onze.cat\/wp-content\/uploads\/2021\/10\/THUMBNAIL_CASTANYADA.jpg","contentUrl":"https:\/\/www.11onze.cat\/wp-content\/uploads\/2021\/10\/THUMBNAIL_CASTANYADA.jpg","width":1198,"height":819},{"@type":"BreadcrumbList","@id":"https:\/\/www.11onze.cat\/es\/magazine\/castanyada-celebrar-llegado-agricola\/#breadcrumb","itemListElement":[{"@type":"ListItem","position":1,"name":"Home","item":"https:\/\/www.11onze.cat\/es\/"},{"@type":"ListItem","position":2,"name":"La Castanyada: celebrar el legado agr\u00edcola"}]},{"@type":"WebSite","@id":"https:\/\/www.11onze.cat\/es\/#website","url":"https:\/\/www.11onze.cat\/es\/","name":"11Onze","description":"Primera comunidad fintech digital en Catalu\u00f1a","publisher":{"@id":"https:\/\/www.11onze.cat\/es\/#organization"},"potentialAction":[{"@type":"SearchAction","target":{"@type":"EntryPoint","urlTemplate":"https:\/\/www.11onze.cat\/es\/?s={search_term_string}"},"query-input":{"@type":"PropertyValueSpecification","valueRequired":true,"valueName":"search_term_string"}}],"inLanguage":"es"},{"@type":"Organization","@id":"https:\/\/www.11onze.cat\/es\/#organization","name":"11Onze","url":"https:\/\/www.11onze.cat\/es\/","logo":{"@type":"ImageObject","inLanguage":"es","@id":"https:\/\/www.11onze.cat\/es\/#\/schema\/logo\/image\/","url":"https:\/\/www.11onze.cat\/wp-content\/uploads\/2021\/04\/512x512-11Onze.jpg","contentUrl":"https:\/\/www.11onze.cat\/wp-content\/uploads\/2021\/04\/512x512-11Onze.jpg","width":512,"height":512,"caption":"11Onze"},"image":{"@id":"https:\/\/www.11onze.cat\/es\/#\/schema\/logo\/image\/"},"sameAs":["https:\/\/www.facebook.com\/11OnzeComunitat","https:\/\/x.com\/11OnzeFintech","https:\/\/www.instagram.com\/11onzecat\/","https:\/\/www.linkedin.com\/company\/11onzebanc","https:\/\/www.youtube.com\/channel\/UCz63R8Byd_kBKtK2M4Qf_7w"]},{"@type":"Person","@id":"https:\/\/www.11onze.cat\/es\/#\/schema\/person\/feeb305690af76e807b5432984ef10cc","name":"Oriol Garcia Farr\u00e9","image":{"@type":"ImageObject","inLanguage":"es","@id":"https:\/\/secure.gravatar.com\/avatar\/738c3e19c6e12cfa4f74722807bb280f0d7ca2cf03b265e0524c345dd5917961?s=96&d=mm&r=g","url":"https:\/\/secure.gravatar.com\/avatar\/738c3e19c6e12cfa4f74722807bb280f0d7ca2cf03b265e0524c345dd5917961?s=96&d=mm&r=g","contentUrl":"https:\/\/secure.gravatar.com\/avatar\/738c3e19c6e12cfa4f74722807bb280f0d7ca2cf03b265e0524c345dd5917961?s=96&d=mm&r=g","caption":"Oriol Garcia Farr\u00e9"},"url":"https:\/\/www.11onze.cat\/es\/magazine\/author\/oriol-gf11onze-cat\/"}]}},"_links":{"self":[{"href":"https:\/\/www.11onze.cat\/es\/wp-json\/wp\/v2\/posts\/20036","targetHints":{"allow":["GET"]}}],"collection":[{"href":"https:\/\/www.11onze.cat\/es\/wp-json\/wp\/v2\/posts"}],"about":[{"href":"https:\/\/www.11onze.cat\/es\/wp-json\/wp\/v2\/types\/post"}],"author":[{"embeddable":true,"href":"https:\/\/www.11onze.cat\/es\/wp-json\/wp\/v2\/users\/57"}],"replies":[{"embeddable":true,"href":"https:\/\/www.11onze.cat\/es\/wp-json\/wp\/v2\/comments?post=20036"}],"version-history":[{"count":0,"href":"https:\/\/www.11onze.cat\/es\/wp-json\/wp\/v2\/posts\/20036\/revisions"}],"wp:featuredmedia":[{"embeddable":true,"href":"https:\/\/www.11onze.cat\/es\/wp-json\/wp\/v2\/media\/20031"}],"wp:attachment":[{"href":"https:\/\/www.11onze.cat\/es\/wp-json\/wp\/v2\/media?parent=20036"}],"wp:term":[{"taxonomy":"category","embeddable":true,"href":"https:\/\/www.11onze.cat\/es\/wp-json\/wp\/v2\/categories?post=20036"},{"taxonomy":"post_tag","embeddable":true,"href":"https:\/\/www.11onze.cat\/es\/wp-json\/wp\/v2\/tags?post=20036"}],"curies":[{"name":"wp","href":"https:\/\/api.w.org\/{rel}","templated":true}]}}